{"id":51834,"date":"2014-06-05T00:00:00","date_gmt":"2014-06-04T22:00:00","guid":{"rendered":"https:\/\/www.sonnenseite.com\/tipps\/verdun-1916-urschlacht-des-jahrhunderts.html"},"modified":"2014-06-05T00:00:00","modified_gmt":"2014-06-04T22:00:00","slug":"verdun-1916-urschlacht-des-jahrhunderts","status":"publish","type":"post","link":"https:\/\/www.sonnenseite.com\/de\/tipps\/verdun-1916-urschlacht-des-jahrhunderts\/","title":{"rendered":"Verdun 1916: Urschlacht des Jahrhunderts"},"content":{"rendered":"<p>Verdun \u2013 und warum der Krieg danach kein Ende fand?\u00a0 Zu einem Buch \u00fcber die Urschlacht des 20. Jahrhunderts &#8211; Von Rupert Neudeck. <!--more--> <\/p>\n<p>Von heute aus ist das Geschehen um die Urschlacht nicht mehr zu verstehen. Da werden dauernd die Toten, zehntausende von Toten gez\u00e4hlt, auf Grund der Einschlagskraft der Kanonen und weiterer zur damaligen Zeit \u00fcblicher Hochrechnungen und Sch\u00e4tzungen. Am 4. M\u00e4rz 1916\u00a0 gibt der General Schmidt von Knobelsdorf preis: Der Aderlass beim Feind betrage 63.000 Mann, will sagen Tote, eine absichtliche \u00dcbertreibung. Bis zum 24. Februar 1916 haben die franz\u00f6sischen Truppen vor Verdun etwa 24.000 Mann verloren, die deutsche Zahl, wohl genauer, betrage bis zum 29. Februar 25.363 Mann. Das sind Zahlen, die wir von heute nicht mehr im Kopf aushalten. Heute z\u00e4hlt man f\u00fcr \u00fcber zehn Jahre \u201eFeindkontakt\u201c 53 Tote, wovon einige auch gar nicht im sog. Feindkontakt waren und das gilt als das H\u00f6chste der Gef\u00fchle, mehr w\u00fcrde die Welt nicht zulassen. Und dieser Schmidt von Knobelsdorff musste an den Erfolg glauben, wenn er einmal den Erfolg nicht mehr verk\u00fcnden konnte, w\u00e4re alles zu Ende gewesen.<\/p>\n<p>Deshalb erkl\u00e4rt er im Hauptquartier: \u201eDie Welt hat so etwas noch nicht gesehen, und ein Kampf von dieser Gr\u00f6\u00dfenordnung ist noch nie dagewesen. Und er tr\u00f6stet sich damit: Die Verluste des Feindes seien noch viel gr\u00f6\u00dfer \u201eund die k\u00f6nnen es weniger aushalten wie wir\u201c. Am Maas-Westufer kommen die Schlesier zum Einsatz, viele davon polnisch sprechend-. Es ist kalt im M\u00e4rz, einmal schneit es sogar. Auf dem H\u00fcgel mit dem Namen Toter Mann (frz. Le Mort Homme!)\u00a0 liegen sich die beiden Parteien dicht gegen\u00fcber. Ein Rekrut berichtet: \u201eIch bin zum Wild geworden, das der J\u00e4ger beobachtet. Ich bin au\u00dfer Atem\u2026 Ein schrecklicher Geruch dringt alsbald zu mir. Ich kauere auf einem St\u00fcck Menschen, der halb im Schlamm steckt. Der Stoff der Feldbluse hat die Farbe der Erde und ein paar Einzelheiten der Ausr\u00fcstung weisen darauf hin, dass es ein deutscher Soldat ist.\u00a0 Zwischendurch am 2. M\u00e4rz taucht ein Oberst Charles de Gaulle auf im Fort Douaumont. Er soll sogar in einem Sch\u00fctzengraben in deutsche Gefangenschaft geraten sein. Das wurde sp\u00e4ter absichtlich verunklart, denn in Gefangenschaft zu geraten war gegen die Ehre eines Offiziers. Petain, damals Oberbefehlshaber, h\u00e4lt den Hauptmann de Gaulle f\u00fcr tot.<\/p>\n<p>Das Buch ist auf seine berichtende, Chronistenpflicht ablegende Weise gl\u00e4nzend geschrieben. Nur ganz selten, meldet sich der Autor \u2013 Historiker zu Wort, wie am 16. M\u00e4rz 1916 aus der Pr\u00e4fektur Mezieres. Als der General Otto von Schjerning, Chef des Sanit\u00e4tswesens, vermutet, dass der Grund f\u00fcr das \u201eVerbluten\u201c des Gegners die betonierten Unterst\u00e4nde sind. \u201eUnsere artilleristische Wirkung\u201c sei viel durchgreifender, weil die \u201efranz\u00f6sischen Verschanzungen und Unterst\u00e4nde betoniert\u201c seien. Die Splitterwirkung f\u00fchre zu h\u00f6heren Verletzungen und Todesraten als bei den deutschen Truppen. Da kommt es an dieser Stelle einmal so zum Ausdruck: Diese Antwort zwingt auch den widerstrebenden Historiker auf das Feld des Psychologen. Im gro\u00dfen Hauptquartier sei auch der Wunsch der Vater des Gedankens.<\/p>\n<p>Als z.B. der Kaiser beim Spazierreiten einen Soldaten trifft und ihm erkl\u00e4rt: \u201eNa, bei Verdun haben wir die Franzosen ja zu Tausenden zusammengeschossen\u201c, der Soldat-Hauptmann darauf antwortet: \u201eEure Majest\u00e4t, auch unsere Verluste sind schwer\u201c, da verabschiedet der Kaiser den Herrn h\u00f6chst ungn\u00e4dig und l\u00e4sst ihn \u201efortan v\u00f6llig unbeachtet\u201c. Es ging eben verteufelt viel um Prestige. Es h\u00e4tte die M\u00f6glichkeit damals bestanden am 22. M\u00e4rz das Fort Douaumont aufzugeben und in die Ausgangsstellung zur\u00fcckzugehen. Das w\u00e4re das Eingest\u00e4ndnis einer Niederlage gewesen. Nur ein solcher R\u00fcckzug h\u00e4tte die Verluste schlagartig abmildern k\u00f6nnen. Der Autor schreibt sehr klar: Vor 150 Jahren im Zeitalter der Vernunft, als milit\u00e4rische Auseinandersetzungen noch Kabinettskriege waren und die Heerf\u00fchrer ohne die Wehrpflicht auskommen konnten, \u201eh\u00e4tte Friedrich der Gro\u00dfe oder Feldmarschall Daun diesen Ausweg sicher gew\u00e4hlt. Bezeichnenderweise redet kein einziger Offizier der Obersten Heeresleitung dieser M\u00f6glichkeit auch nur das Wort\u201c. Der Gedanke an ein Scheitern \u2013 im Massenheer des Nationalstaats \u2013 \u201eundenkbar\u201c. So wurde das alles zu einer Prestigefrage. Es k\u00e4mpfen im Hauptquartier nicht Klugheit gegen Unvernunft. Nach der R\u00fcckkehr vom Rathaus und Hauptquartier wirkte es eher so, \u201eals stritten zwei Blinde \u00fcber die bessere Aussicht: Weitermachen, das \u201eGesicht\u201c wahren oder zur\u00fcckgehen und es verlieren. Drei Kilometer vorank\u00e4mpfen, um nicht acht Kilometer zur\u00fcckzuweichen, das sei mittlerweile der Hauptgrund der Deutschen Strategen f\u00fcr die Schlacht bei Verdun. Dabei sind \u00fcberall intelligente, nicht selten humanistisch gebildete Menschen am Werk. Die nationale Idee und Verbl\u00f6dung \u00fcberlagert das n\u00fcchtern-operative Denken.<\/p>\n<p>Das Buch versucht einen Eindruck von einer unendlichen Schlacht durch Ausweichen in immer neue Details zu gewinnen. \u00dcber den Feldern vor Verdun, deren einzelne Parteien dem Leser schaurige Gewissheiten vermitteln, liegt Verwesungsgestank. Weht der Wind aus ung\u00fcnstiger Richtung, so schl\u00e4gt den Soldaten ein s\u00fc\u00dflich bei\u00dfender Geruch entgegen. Der Verdun-Soldat und Schriftsteller Paul Ettighofer behauptet: Dass man die Erinnerung an den Geruch nie los w\u00fcrde. Ich will das f\u00fcr den V\u00f6lkermord in Ruanda best\u00e4tigen. Ich kam etwa 14 Tage nach Beginn am 6. April 1994 in Ruanda \u00fcber die Grenze von Uganda dort an. Nie werde ich den Leichengeruch vergessen k\u00f6nnen, der \u00fcber der Landschaft lag.<\/p>\n<p>Es sind zwei neue-alte Vernichtungs-Techniken, die zum Einsatz kommen. Einmal das Giftgas, zum anderen der Beginn von so etwas wie Luftwaffe. Am 8. Mai 1916 geschieht das Unfassbare. Franz\u00f6sische Armee hat in das scheinbar uneinnehmbare Fort Douaumont einen Gasangriff gestartet, kurz nach 3 Uhr nachts. Die deutschen Soldaten greifen in Panik nach der ersten Schutzmaske. Doch weil diese Schutzmasken und ihre Tr\u00e4ger angepasst sind, herrscht gr\u00f6\u00dfte Verwirrung. Eine wei\u00dfliche Gaswolke dringt in die R\u00e4ume. Eine T\u00fcr wird geschlossen, man versucht die Ritzen mit Wolldecken und Zeltbahnen zu verstopfen, vergeblich. Immer noch str\u00f6mt Gas ein. \u201eEndlich \u00f6ffnen einige die T\u00fcr, sie wollen irgendwie ins Freie fl\u00fcchten. Sofort schl\u00e4gt ihnen eine \u201agl\u00fchendhei\u00dfe Welle\u2018 entgegen. Die M\u00e4nner prallen zur\u00fcck.\u201c Der diensthabende Milit\u00e4rarzt Dr. Hanauer hat kurz hintereinander drei Detonationen geh\u00f6rt. Er wird von einem gewaltigen Luftdruck gegen die Wand geworfen. Der Arzt h\u00f6rt schreckliches Wimmern und St\u00f6hnen, geht in den Lazarettraum, \u00f6ffnet s\u00e4mtliche Sauerstoffflaschen und l\u00e4sst den Ventilator in Gang setzen. \u00dcberall findet er Leichen mit v\u00f6llig zerschmetterten Gliedern gegeneinander gepresst und hoch aufget\u00fcrmt. Der Arzt sch\u00e4tzt die Zahl der Leichen im Fort Douaumont auf achthundert. Trotz dieser Angriffe und des Fehlens von Reservearmeen und Divisionen, die bei der Ost-Offensive und der \u00f6sterreichischen in Oberitalien gebunden sind, bleibt der Oberbefehlshaber Falkenhayn dabei, die Offensive fortzusetzen.<\/p>\n<p>Es gibt in der Luft w\u00e4hrend der Verdun Schlacht Fesselballons, die zur Wetter- und Feindbeobachtung aufgestellt sind, Doppeldecker auf deutscher Seite und franz\u00f6sische Jagdflugzeuge vom Typ Nieuport 11. Es handelt sich um die erste gro\u00dfe Luftoperation der Milit\u00e4rgeschichte. Falkenhayn hat ein F\u00fcnftel der sog. Luftstreitmacht f\u00fcr Verdun zusammenziehen lassen: 168 Flugzeuge, die sich im Laufe der Schlacht noch auf 244 erh\u00f6hen. Im Februar 1916 beherrschten die Fokker-Kampfeindecker noch den Luftraum. In diesem Einsitzer konnte der Pilot noch durch den Propellerkreis schie\u00dfen, den Gegner also noch im Auge behalten. Aber es kamen die franz\u00f6sischen Nieuport-Maschinen, die der Fokker an Wendigkeit und Schnelligkeit klar \u00fcberlegen waren. \u201eKein Zweifel: das Wettr\u00fcsten stie\u00df in neue Dimensionen vor\u201c. Oswald Boelcke wird der erste Pionier auf deutscher Seite, auf franz\u00f6sischer sind es Rene Dorme und Jean Navarro. Eine sch\u00f6ne Begebenheit hat Platz in diesem Buch: Boelcke ist als Pfarrsohn das T\u00f6ten zuwider. Wenn m\u00f6glich, zielt er auf den Motor seines Gegners, nicht auf den Flugzeugf\u00fchrer. F\u00fcr seinen Sch\u00fcler galt das nicht mehr, der am Himmel \u00fcber Verdun noch ein Lehrling ist: Manfred Freiherr von Richthofen. Der Heldenkult um die \u201eRitter der L\u00fcfte\u201c wirkt nach, auch, weil der Einzelne in der Materialschlacht keine Rolle mehr hat. Der Autor zitiert Stefan George: \u201eDer alte Gott der Schlachten ist nicht mehr!\u201c<\/p>\n<p>Die Schlacht wurde mit der Ausblutungs-Theorie gek\u00e4mpft. Die franz\u00f6sischen Verdun Verluste sollten sich nach der Sch\u00e4tzung des Generalstabs auf 525.000 Mann belaufen. Das Ausw\u00e4rtige Amt meldet sogar dem Kanzler: 800.000 Mann. \u201ePhantasiezahlen wie nie zuvor, ersonnen in einem Wettbewerb unsinniger \u00dcberbietung.\u201c<\/p>\n<p>Am Ende ist es eine schreckliche Gewissheit, das Anrennen von Verdun hat nichts gebracht. Schlimmer, die Schlacht erst ebnete dem Gespann Hindenburg \u2013 Ludendorff die freie Bahn f\u00fcr etwas, was f\u00fcr alles Folgende verantwortlich war, besonders f\u00fcr die Dolchsto\u00dflegende gegen\u00fcber allen zivilen Institutionen und Instanzen. Das m\u00fcndete dann sogar in eine Art mythischer Milit\u00e4rdiktatur, bei der die Heerf\u00fchrer einfach desertieren und verduften konnten und merkw\u00fcrdigerweise bei dem deutschen Volk den Mythos des Retters nicht verloren. \u201eIn Deutschland erstarkte Ober-Ost\u201c. Die verlorene Gr\u00f6\u00dftschlacht bereitete den Weg f\u00fcr den warnungslosen U-Boot-Krieg. Am 10. Januar 1917 gaben der Kaiser und sein Reichskanzler bei einer Besprechung auf dem Schloss Ple\u00df ihren Widerstand auf. Am 1. Februar 1917 erkl\u00e4rte Deutschland den \u201ewarnungslosen\u201c U-Boot-Krieg. Am 6. April erkl\u00e4rten die USDA den Mittelm\u00e4chten den Krieg.<\/p>\n<p>Fast prophetisch schreibt der Autor: Zwei Weltkriege haben das 20. Jahrhundert in ein amerikanisches verwandelt, am Anfang dieser Kette standen die Auswirkungen der Schlacht bei Verdun auf die F\u00fchrungs-Mechanik des Deutschen Reiches.\u201c Das dritte Ergebnis der Urschlacht der Neuzeit: Es ergab sich eine \u201eEnthegung des Krieges,\u201c eine fortschreitende, bis heute nicht beendete Brutalisierung: Der Einsatz von Gr\u00fcnkreuz, die Scheinverbindung zwischen Schlacht und U-Boot \u2013Waffe, das neue Wettr\u00fcsten am Himmel, die sich steigernde Menge und Gr\u00f6\u00dfe beider Artillerien. Noch furchtbarer die Gewissheit, dass selbst die Megatonnen von verscharrten Leichen von Soldaten aus beiden und mehr Nationen und die Totalisierung des Krieges nicht etwa zum Sieg der Pazifistischen Fraktionen, sondern zu immer mehr Krieg, R\u00fcstung, T\u00f6tungshekatomben gef\u00fchrt hat.<\/p>\n<p>Das Schlachtfeld war so verseucht nach dem Kriegsende, dass man eine Sperrzone einrichten musste. Neun D\u00f6rfer wurden nie wieder aufgebaut. Sie erhielten das Pr\u00e4dikat \u201eGefallen f\u00fcr Frankreich!\u201c Erst 1984 ergriff Francois Mitterand als Pr\u00e4sident aller Franzosen\u00a0 vor dem Beinhaus der mehr als 130.000 Gefallenen von Douaumont die Hand des deutschen Bundeskanzlers Helmut Kohl. Der Vater von Helmut Kohl hatte vor Verdun gek\u00e4mpft. Wie zum kleinen Trost wehen heute \u00fcber dem Douaumont drei Flaggen: die deutsche, die franz\u00f6sische und die Europafahne.<\/p>\n<h5 class=\"green\">Quelle<\/h5>\n<p>Rupert Neudeck 2014Gr\u00fcnhelme 2014<\/p>\n<div class=\"shariff shariff-align-flex-start shariff-widget-align-flex-start\"><div class=\"ShariffHeadline\">Diese Meldung teilen<\/div><ul class=\"shariff-buttons theme-round orientation-horizontal buttonsize-medium\"><li class=\"shariff-button facebook shariff-nocustomcolor\" style=\"background-color:#4273c8;border-radius:1%\"><a href=\"https:\/\/www.facebook.com\/sharer\/sharer.php?u=https%3A%2F%2Fwww.sonnenseite.com%2Fde%2Ftipps%2Fverdun-1916-urschlacht-des-jahrhunderts%2F\" title=\"Bei Facebook teilen\" aria-label=\"Bei Facebook teilen\" role=\"button\" rel=\"nofollow\" class=\"shariff-link\" style=\";border-radius:1%; background-color:#3b5998; color:#fff\" target=\"_blank\"><span class=\"shariff-icon\" style=\"\"><svg width=\"32px\" height=\"20px\" xmlns=\"http:\/\/www.w3.org\/2000\/svg\" viewBox=\"0 0 18 32\"><path fill=\"#3b5998\" d=\"M17.1 0.2v4.7h-2.8q-1.5 0-2.1 0.6t-0.5 1.9v3.4h5.2l-0.7 5.3h-4.5v13.6h-5.5v-13.6h-4.5v-5.3h4.5v-3.9q0-3.3 1.9-5.2t5-1.8q2.6 0 4.1 0.2z\"\/><\/svg><\/span><\/a><\/li><li class=\"shariff-button twitter shariff-nocustomcolor\" style=\"background-color:#595959;border-radius:1%\"><a href=\"https:\/\/twitter.com\/share?url=https%3A%2F%2Fwww.sonnenseite.com%2Fde%2Ftipps%2Fverdun-1916-urschlacht-des-jahrhunderts%2F&text=Verdun%201916%3A%20Urschlacht%20des%20Jahrhunderts\" title=\"Bei X teilen\" aria-label=\"Bei X teilen\" role=\"button\" rel=\"noopener nofollow\" class=\"shariff-link\" style=\";border-radius:1%; background-color:#000; color:#fff\" target=\"_blank\"><span class=\"shariff-icon\" style=\"\"><svg width=\"32px\" height=\"20px\" xmlns=\"http:\/\/www.w3.org\/2000\/svg\" viewBox=\"0 0 24 24\"><path fill=\"#000\" d=\"M14.258 10.152L23.176 0h-2.113l-7.747 8.813L7.133 0H0l9.352 13.328L0 23.973h2.113l8.176-9.309 6.531 9.309h7.133zm-2.895 3.293l-.949-1.328L2.875 1.56h3.246l6.086 8.523.945 1.328 7.91 11.078h-3.246zm0 0\"\/><\/svg><\/span><\/a><\/li><li class=\"shariff-button xing shariff-nocustomcolor\" style=\"background-color:#29888a;border-radius:1%\"><a href=\"https:\/\/www.xing.com\/spi\/shares\/new?url=https%3A%2F%2Fwww.sonnenseite.com%2Fde%2Ftipps%2Fverdun-1916-urschlacht-des-jahrhunderts%2F\" title=\"Bei XING teilen\" aria-label=\"Bei XING teilen\" role=\"button\" rel=\"noopener nofollow\" class=\"shariff-link\" style=\";border-radius:1%; background-color:#126567; color:#fff\" target=\"_blank\"><span class=\"shariff-icon\" style=\"\"><svg width=\"32px\" height=\"20px\" xmlns=\"http:\/\/www.w3.org\/2000\/svg\" viewBox=\"0 0 25 32\"><path fill=\"#126567\" d=\"M10.7 11.9q-0.2 0.3-4.6 8.2-0.5 0.8-1.2 0.8h-4.3q-0.4 0-0.5-0.3t0-0.6l4.5-8q0 0 0 0l-2.9-5q-0.2-0.4 0-0.7 0.2-0.3 0.5-0.3h4.3q0.7 0 1.2 0.8zM25.1 0.4q0.2 0.3 0 0.7l-9.4 16.7 6 11q0.2 0.4 0 0.6-0.2 0.3-0.6 0.3h-4.3q-0.7 0-1.2-0.8l-6-11.1q0.3-0.6 9.5-16.8 0.4-0.8 1.2-0.8h4.3q0.4 0 0.5 0.3z\"\/><\/svg><\/span><\/a><\/li><li class=\"shariff-button linkedin shariff-nocustomcolor\" style=\"background-color:#1488bf;border-radius:1%\"><a href=\"https:\/\/www.linkedin.com\/sharing\/share-offsite\/?url=https%3A%2F%2Fwww.sonnenseite.com%2Fde%2Ftipps%2Fverdun-1916-urschlacht-des-jahrhunderts%2F\" title=\"Bei LinkedIn teilen\" aria-label=\"Bei LinkedIn teilen\" role=\"button\" rel=\"noopener nofollow\" class=\"shariff-link\" style=\";border-radius:1%; background-color:#0077b5; color:#fff\" target=\"_blank\"><span class=\"shariff-icon\" style=\"\"><svg width=\"32px\" height=\"20px\" xmlns=\"http:\/\/www.w3.org\/2000\/svg\" viewBox=\"0 0 27 32\"><path fill=\"#0077b5\" d=\"M6.2 11.2v17.7h-5.9v-17.7h5.9zM6.6 5.7q0 1.3-0.9 2.2t-2.4 0.9h0q-1.5 0-2.4-0.9t-0.9-2.2 0.9-2.2 2.4-0.9 2.4 0.9 0.9 2.2zM27.4 18.7v10.1h-5.9v-9.5q0-1.9-0.7-2.9t-2.3-1.1q-1.1 0-1.9 0.6t-1.2 1.5q-0.2 0.5-0.2 1.4v9.9h-5.9q0-7.1 0-11.6t0-5.3l0-0.9h5.9v2.6h0q0.4-0.6 0.7-1t1-0.9 1.6-0.8 2-0.3q3 0 4.9 2t1.9 6z\"\/><\/svg><\/span><\/a><\/li><li class=\"shariff-button printer shariff-nocustomcolor\" style=\"background-color:#a8a8a8;border-radius:1%\"><a href=\"javascript:window.print()\" title=\"drucken\" aria-label=\"drucken\" role=\"button\" rel=\"noopener nofollow\" class=\"shariff-link\" style=\";border-radius:1%; background-color:#999; color:#fff\"><span class=\"shariff-icon\" style=\"\"><svg width=\"32px\" height=\"20px\" xmlns=\"http:\/\/www.w3.org\/2000\/svg\" viewBox=\"0 0 30 32\"><path fill=\"#999\" d=\"M6.8 27.4h16v-4.6h-16v4.6zM6.8 16h16v-6.8h-2.8q-0.7 0-1.2-0.5t-0.5-1.2v-2.8h-11.4v11.4zM27.4 17.2q0-0.5-0.3-0.8t-0.8-0.4-0.8 0.4-0.3 0.8 0.3 0.8 0.8 0.3 0.8-0.3 0.3-0.8zM29.7 17.2v7.4q0 0.2-0.2 0.4t-0.4 0.2h-4v2.8q0 0.7-0.5 1.2t-1.2 0.5h-17.2q-0.7 0-1.2-0.5t-0.5-1.2v-2.8h-4q-0.2 0-0.4-0.2t-0.2-0.4v-7.4q0-1.4 1-2.4t2.4-1h1.2v-9.7q0-0.7 0.5-1.2t1.2-0.5h12q0.7 0 1.6 0.4t1.3 0.8l2.7 2.7q0.5 0.5 0.9 1.4t0.4 1.6v4.6h1.1q1.4 0 2.4 1t1 2.4z\"\/><\/svg><\/span><\/a><\/li><li class=\"shariff-button mailto shariff-nocustomcolor\" style=\"background-color:#a8a8a8;border-radius:1%\"><a href=\"mailto:?body=https%3A%2F%2Fwww.sonnenseite.com%2Fde%2Ftipps%2Fverdun-1916-urschlacht-des-jahrhunderts%2F&subject=Verdun%201916%3A%20Urschlacht%20des%20Jahrhunderts\" title=\"Per E-Mail versenden\" aria-label=\"Per E-Mail versenden\" role=\"button\" rel=\"noopener nofollow\" class=\"shariff-link\" style=\";border-radius:1%; background-color:#999; color:#fff\"><span class=\"shariff-icon\" style=\"\"><svg width=\"32px\" height=\"20px\" xmlns=\"http:\/\/www.w3.org\/2000\/svg\" viewBox=\"0 0 32 32\"><path fill=\"#999\" d=\"M32 12.7v14.2q0 1.2-0.8 2t-2 0.9h-26.3q-1.2 0-2-0.9t-0.8-2v-14.2q0.8 0.9 1.8 1.6 6.5 4.4 8.9 6.1 1 0.8 1.6 1.2t1.7 0.9 2 0.4h0.1q0.9 0 2-0.4t1.7-0.9 1.6-1.2q3-2.2 8.9-6.1 1-0.7 1.8-1.6zM32 7.4q0 1.4-0.9 2.7t-2.2 2.2q-6.7 4.7-8.4 5.8-0.2 0.1-0.7 0.5t-1 0.7-0.9 0.6-1.1 0.5-0.9 0.2h-0.1q-0.4 0-0.9-0.2t-1.1-0.5-0.9-0.6-1-0.7-0.7-0.5q-1.6-1.1-4.7-3.2t-3.6-2.6q-1.1-0.7-2.1-2t-1-2.5q0-1.4 0.7-2.3t2.1-0.9h26.3q1.2 0 2 0.8t0.9 2z\"\/><\/svg><\/span><\/a><\/li><\/ul><\/div>","protected":false},"excerpt":{"rendered":"<p>Verdun \u2013 und warum der Krieg danach kein Ende fand?\u00a0 Zu einem Buch \u00fcber die Urschlacht [&hellip;]<\/p>\n","protected":false},"author":1,"featured_media":50987,"comment_status":"closed","ping_status":"closed","sticky":false,"template":"","format":"standard","meta":{"inline_featured_image":false,"footnotes":""},"categories":[28],"tags":[],"class_list":["post-51834","post","type-post","status-publish","format-standard","has-post-thumbnail","hentry","category-tipps"],"yoast_head":"<!-- This site is optimized with the Yoast SEO plugin v26.5 - https:\/\/yoast.com\/wordpress\/plugins\/seo\/ -->\n<title>Verdun 1916: Urschlacht des Jahrhunderts - Sonnenseite - \u00d6kologische Kommunikation mit Franz Alt<\/title>\n<meta name=\"description\" content=\"Verdun \u2013 und warum der Krieg danach kein Ende fand?\u00a0 Zu einem Buch \u00fcber die Urschlacht des 20. Jahrhunderts - Von Rupert Neudeck. Von heute aus ist das\" \/>\n<meta name=\"robots\" content=\"index, follow, max-snippet:-1, max-image-preview:large, max-video-preview:-1\" \/>\n<link rel=\"canonical\" href=\"https:\/\/www.sonnenseite.com\/de\/tipps\/verdun-1916-urschlacht-des-jahrhunderts\/\" \/>\n<meta property=\"og:locale\" content=\"de_DE\" \/>\n<meta property=\"og:type\" content=\"article\" \/>\n<meta property=\"og:title\" content=\"Verdun 1916: Urschlacht des Jahrhunderts - Sonnenseite - \u00d6kologische Kommunikation mit Franz Alt\" \/>\n<meta property=\"og:description\" content=\"Verdun \u2013 und warum der Krieg danach kein Ende fand?\u00a0 Zu einem Buch \u00fcber die Urschlacht des 20. Jahrhunderts - Von Rupert Neudeck. Von heute aus ist das\" \/>\n<meta property=\"og:url\" content=\"https:\/\/www.sonnenseite.com\/de\/tipps\/verdun-1916-urschlacht-des-jahrhunderts\/\" \/>\n<meta property=\"og:site_name\" content=\"Sonnenseite\" \/>\n<meta property=\"article:publisher\" content=\"https:\/\/www.facebook.com\/pages\/Franz-Alt-SONNENSEITECOM\/221072987903953?fref=ts\" \/>\n<meta property=\"article:published_time\" content=\"2014-06-04T22:00:00+00:00\" \/>\n<meta property=\"og:image\" content=\"https:\/\/www.sonnenseite.com\/wp-content\/uploads\/2020\/06\/archiv_artikel.jpg\" \/>\n\t<meta property=\"og:image:width\" content=\"770\" \/>\n\t<meta property=\"og:image:height\" content=\"420\" \/>\n\t<meta property=\"og:image:type\" content=\"image\/jpeg\" \/>\n<meta name=\"author\" content=\"sbade\" \/>\n<meta name=\"twitter:card\" content=\"summary_large_image\" \/>\n<meta name=\"twitter:creator\" content=\"@franzalt\" \/>\n<meta name=\"twitter:site\" content=\"@franzalt\" \/>\n<meta name=\"twitter:label1\" content=\"Verfasst von\" \/>\n\t<meta name=\"twitter:data1\" content=\"sbade\" \/>\n\t<meta name=\"twitter:label2\" content=\"Gesch\u00e4tzte Lesezeit\" \/>\n\t<meta name=\"twitter:data2\" content=\"9\u00a0Minuten\" \/>\n<script type=\"application\/ld+json\" class=\"yoast-schema-graph\">{\"@context\":\"https:\/\/schema.org\",\"@graph\":[{\"@type\":\"Article\",\"@id\":\"https:\/\/www.sonnenseite.com\/de\/tipps\/verdun-1916-urschlacht-des-jahrhunderts\/#article\",\"isPartOf\":{\"@id\":\"https:\/\/www.sonnenseite.com\/de\/tipps\/verdun-1916-urschlacht-des-jahrhunderts\/\"},\"author\":{\"name\":\"sbade\",\"@id\":\"https:\/\/www.sonnenseite.com\/de\/#\/schema\/person\/6df44691cd9a70d99e140e1116ee8771\"},\"headline\":\"Verdun 1916: Urschlacht des Jahrhunderts\",\"datePublished\":\"2014-06-04T22:00:00+00:00\",\"mainEntityOfPage\":{\"@id\":\"https:\/\/www.sonnenseite.com\/de\/tipps\/verdun-1916-urschlacht-des-jahrhunderts\/\"},\"wordCount\":1734,\"publisher\":{\"@id\":\"https:\/\/www.sonnenseite.com\/de\/#organization\"},\"image\":{\"@id\":\"https:\/\/www.sonnenseite.com\/de\/tipps\/verdun-1916-urschlacht-des-jahrhunderts\/#primaryimage\"},\"thumbnailUrl\":\"https:\/\/www.sonnenseite.com\/wp-content\/uploads\/2020\/06\/archiv_artikel.jpg\",\"articleSection\":[\"Tipps\"],\"inLanguage\":\"de\"},{\"@type\":\"WebPage\",\"@id\":\"https:\/\/www.sonnenseite.com\/de\/tipps\/verdun-1916-urschlacht-des-jahrhunderts\/\",\"url\":\"https:\/\/www.sonnenseite.com\/de\/tipps\/verdun-1916-urschlacht-des-jahrhunderts\/\",\"name\":\"Verdun 1916: Urschlacht des Jahrhunderts - Sonnenseite - \u00d6kologische Kommunikation mit Franz Alt\",\"isPartOf\":{\"@id\":\"https:\/\/www.sonnenseite.com\/de\/#website\"},\"primaryImageOfPage\":{\"@id\":\"https:\/\/www.sonnenseite.com\/de\/tipps\/verdun-1916-urschlacht-des-jahrhunderts\/#primaryimage\"},\"image\":{\"@id\":\"https:\/\/www.sonnenseite.com\/de\/tipps\/verdun-1916-urschlacht-des-jahrhunderts\/#primaryimage\"},\"thumbnailUrl\":\"https:\/\/www.sonnenseite.com\/wp-content\/uploads\/2020\/06\/archiv_artikel.jpg\",\"datePublished\":\"2014-06-04T22:00:00+00:00\",\"description\":\"Verdun \u2013 und warum der Krieg danach kein Ende fand?\u00a0 Zu einem Buch \u00fcber die Urschlacht des 20. Jahrhunderts - Von Rupert Neudeck. Von heute aus ist das\",\"breadcrumb\":{\"@id\":\"https:\/\/www.sonnenseite.com\/de\/tipps\/verdun-1916-urschlacht-des-jahrhunderts\/#breadcrumb\"},\"inLanguage\":\"de\",\"potentialAction\":[{\"@type\":\"ReadAction\",\"target\":[\"https:\/\/www.sonnenseite.com\/de\/tipps\/verdun-1916-urschlacht-des-jahrhunderts\/\"]}]},{\"@type\":\"ImageObject\",\"inLanguage\":\"de\",\"@id\":\"https:\/\/www.sonnenseite.com\/de\/tipps\/verdun-1916-urschlacht-des-jahrhunderts\/#primaryimage\",\"url\":\"https:\/\/www.sonnenseite.com\/wp-content\/uploads\/2020\/06\/archiv_artikel.jpg\",\"contentUrl\":\"https:\/\/www.sonnenseite.com\/wp-content\/uploads\/2020\/06\/archiv_artikel.jpg\",\"width\":770,\"height\":420,\"caption\":\"Sonnenseite\"},{\"@type\":\"BreadcrumbList\",\"@id\":\"https:\/\/www.sonnenseite.com\/de\/tipps\/verdun-1916-urschlacht-des-jahrhunderts\/#breadcrumb\",\"itemListElement\":[{\"@type\":\"ListItem\",\"position\":1,\"name\":\"Startseite\",\"item\":\"https:\/\/www.sonnenseite.com\/de\/\"},{\"@type\":\"ListItem\",\"position\":2,\"name\":\"Verdun 1916: Urschlacht des Jahrhunderts\"}]},{\"@type\":\"WebSite\",\"@id\":\"https:\/\/www.sonnenseite.com\/de\/#website\",\"url\":\"https:\/\/www.sonnenseite.com\/de\/\",\"name\":\"Sonnenseite\",\"description\":\"\u00d6kologische Kommunikation mit Franz Alt\",\"publisher\":{\"@id\":\"https:\/\/www.sonnenseite.com\/de\/#organization\"},\"potentialAction\":[{\"@type\":\"SearchAction\",\"target\":{\"@type\":\"EntryPoint\",\"urlTemplate\":\"https:\/\/www.sonnenseite.com\/de\/?s={search_term_string}\"},\"query-input\":{\"@type\":\"PropertyValueSpecification\",\"valueRequired\":true,\"valueName\":\"search_term_string\"}}],\"inLanguage\":\"de\"},{\"@type\":\"Organization\",\"@id\":\"https:\/\/www.sonnenseite.com\/de\/#organization\",\"name\":\"Sonnenseite\",\"url\":\"https:\/\/www.sonnenseite.com\/de\/\",\"logo\":{\"@type\":\"ImageObject\",\"inLanguage\":\"de\",\"@id\":\"https:\/\/www.sonnenseite.com\/de\/#\/schema\/logo\/image\/\",\"url\":\"https:\/\/www.sonnenseite.com\/wp-content\/uploads\/2020\/05\/Sonnenseite_Logo.png\",\"contentUrl\":\"https:\/\/www.sonnenseite.com\/wp-content\/uploads\/2020\/05\/Sonnenseite_Logo.png\",\"width\":377,\"height\":90,\"caption\":\"Sonnenseite\"},\"image\":{\"@id\":\"https:\/\/www.sonnenseite.com\/de\/#\/schema\/logo\/image\/\"},\"sameAs\":[\"https:\/\/www.facebook.com\/pages\/Franz-Alt-SONNENSEITECOM\/221072987903953?fref=ts\",\"https:\/\/x.com\/franzalt\",\"http:\/\/www.youtube.com\/results?search_query&amp;amp;quot;franz_alt&amp;amp;quot;&amp;amp;amp;amp;search_type&amp;amp;amp;amp;aq=f\"]},{\"@type\":\"Person\",\"@id\":\"https:\/\/www.sonnenseite.com\/de\/#\/schema\/person\/6df44691cd9a70d99e140e1116ee8771\",\"name\":\"sbade\",\"sameAs\":[\"https:\/\/www.sonnenseite.com\"]}]}<\/script>\n<!-- \/ Yoast SEO plugin. -->","yoast_head_json":{"title":"Verdun 1916: Urschlacht des Jahrhunderts - Sonnenseite - \u00d6kologische Kommunikation mit Franz Alt","description":"Verdun \u2013 und warum der Krieg danach kein Ende fand?\u00a0 Zu einem Buch \u00fcber die Urschlacht des 20. Jahrhunderts - Von Rupert Neudeck. Von heute aus ist das","robots":{"index":"index","follow":"follow","max-snippet":"max-snippet:-1","max-image-preview":"max-image-preview:large","max-video-preview":"max-video-preview:-1"},"canonical":"https:\/\/www.sonnenseite.com\/de\/tipps\/verdun-1916-urschlacht-des-jahrhunderts\/","og_locale":"de_DE","og_type":"article","og_title":"Verdun 1916: Urschlacht des Jahrhunderts - Sonnenseite - \u00d6kologische Kommunikation mit Franz Alt","og_description":"Verdun \u2013 und warum der Krieg danach kein Ende fand?\u00a0 Zu einem Buch \u00fcber die Urschlacht des 20. Jahrhunderts - Von Rupert Neudeck. Von heute aus ist das","og_url":"https:\/\/www.sonnenseite.com\/de\/tipps\/verdun-1916-urschlacht-des-jahrhunderts\/","og_site_name":"Sonnenseite","article_publisher":"https:\/\/www.facebook.com\/pages\/Franz-Alt-SONNENSEITECOM\/221072987903953?fref=ts","article_published_time":"2014-06-04T22:00:00+00:00","og_image":[{"width":770,"height":420,"url":"https:\/\/www.sonnenseite.com\/wp-content\/uploads\/2020\/06\/archiv_artikel.jpg","type":"image\/jpeg"}],"author":"sbade","twitter_card":"summary_large_image","twitter_creator":"@franzalt","twitter_site":"@franzalt","twitter_misc":{"Verfasst von":"sbade","Gesch\u00e4tzte Lesezeit":"9\u00a0Minuten"},"schema":{"@context":"https:\/\/schema.org","@graph":[{"@type":"Article","@id":"https:\/\/www.sonnenseite.com\/de\/tipps\/verdun-1916-urschlacht-des-jahrhunderts\/#article","isPartOf":{"@id":"https:\/\/www.sonnenseite.com\/de\/tipps\/verdun-1916-urschlacht-des-jahrhunderts\/"},"author":{"name":"sbade","@id":"https:\/\/www.sonnenseite.com\/de\/#\/schema\/person\/6df44691cd9a70d99e140e1116ee8771"},"headline":"Verdun 1916: Urschlacht des Jahrhunderts","datePublished":"2014-06-04T22:00:00+00:00","mainEntityOfPage":{"@id":"https:\/\/www.sonnenseite.com\/de\/tipps\/verdun-1916-urschlacht-des-jahrhunderts\/"},"wordCount":1734,"publisher":{"@id":"https:\/\/www.sonnenseite.com\/de\/#organization"},"image":{"@id":"https:\/\/www.sonnenseite.com\/de\/tipps\/verdun-1916-urschlacht-des-jahrhunderts\/#primaryimage"},"thumbnailUrl":"https:\/\/www.sonnenseite.com\/wp-content\/uploads\/2020\/06\/archiv_artikel.jpg","articleSection":["Tipps"],"inLanguage":"de"},{"@type":"WebPage","@id":"https:\/\/www.sonnenseite.com\/de\/tipps\/verdun-1916-urschlacht-des-jahrhunderts\/","url":"https:\/\/www.sonnenseite.com\/de\/tipps\/verdun-1916-urschlacht-des-jahrhunderts\/","name":"Verdun 1916: Urschlacht des Jahrhunderts - Sonnenseite - \u00d6kologische Kommunikation mit Franz Alt","isPartOf":{"@id":"https:\/\/www.sonnenseite.com\/de\/#website"},"primaryImageOfPage":{"@id":"https:\/\/www.sonnenseite.com\/de\/tipps\/verdun-1916-urschlacht-des-jahrhunderts\/#primaryimage"},"image":{"@id":"https:\/\/www.sonnenseite.com\/de\/tipps\/verdun-1916-urschlacht-des-jahrhunderts\/#primaryimage"},"thumbnailUrl":"https:\/\/www.sonnenseite.com\/wp-content\/uploads\/2020\/06\/archiv_artikel.jpg","datePublished":"2014-06-04T22:00:00+00:00","description":"Verdun \u2013 und warum der Krieg danach kein Ende fand?\u00a0 Zu einem Buch \u00fcber die Urschlacht des 20. Jahrhunderts - Von Rupert Neudeck. Von heute aus ist das","breadcrumb":{"@id":"https:\/\/www.sonnenseite.com\/de\/tipps\/verdun-1916-urschlacht-des-jahrhunderts\/#breadcrumb"},"inLanguage":"de","potentialAction":[{"@type":"ReadAction","target":["https:\/\/www.sonnenseite.com\/de\/tipps\/verdun-1916-urschlacht-des-jahrhunderts\/"]}]},{"@type":"ImageObject","inLanguage":"de","@id":"https:\/\/www.sonnenseite.com\/de\/tipps\/verdun-1916-urschlacht-des-jahrhunderts\/#primaryimage","url":"https:\/\/www.sonnenseite.com\/wp-content\/uploads\/2020\/06\/archiv_artikel.jpg","contentUrl":"https:\/\/www.sonnenseite.com\/wp-content\/uploads\/2020\/06\/archiv_artikel.jpg","width":770,"height":420,"caption":"Sonnenseite"},{"@type":"BreadcrumbList","@id":"https:\/\/www.sonnenseite.com\/de\/tipps\/verdun-1916-urschlacht-des-jahrhunderts\/#breadcrumb","itemListElement":[{"@type":"ListItem","position":1,"name":"Startseite","item":"https:\/\/www.sonnenseite.com\/de\/"},{"@type":"ListItem","position":2,"name":"Verdun 1916: Urschlacht des Jahrhunderts"}]},{"@type":"WebSite","@id":"https:\/\/www.sonnenseite.com\/de\/#website","url":"https:\/\/www.sonnenseite.com\/de\/","name":"Sonnenseite","description":"\u00d6kologische Kommunikation mit Franz Alt","publisher":{"@id":"https:\/\/www.sonnenseite.com\/de\/#organization"},"potentialAction":[{"@type":"SearchAction","target":{"@type":"EntryPoint","urlTemplate":"https:\/\/www.sonnenseite.com\/de\/?s={search_term_string}"},"query-input":{"@type":"PropertyValueSpecification","valueRequired":true,"valueName":"search_term_string"}}],"inLanguage":"de"},{"@type":"Organization","@id":"https:\/\/www.sonnenseite.com\/de\/#organization","name":"Sonnenseite","url":"https:\/\/www.sonnenseite.com\/de\/","logo":{"@type":"ImageObject","inLanguage":"de","@id":"https:\/\/www.sonnenseite.com\/de\/#\/schema\/logo\/image\/","url":"https:\/\/www.sonnenseite.com\/wp-content\/uploads\/2020\/05\/Sonnenseite_Logo.png","contentUrl":"https:\/\/www.sonnenseite.com\/wp-content\/uploads\/2020\/05\/Sonnenseite_Logo.png","width":377,"height":90,"caption":"Sonnenseite"},"image":{"@id":"https:\/\/www.sonnenseite.com\/de\/#\/schema\/logo\/image\/"},"sameAs":["https:\/\/www.facebook.com\/pages\/Franz-Alt-SONNENSEITECOM\/221072987903953?fref=ts","https:\/\/x.com\/franzalt","http:\/\/www.youtube.com\/results?search_query&amp;amp;quot;franz_alt&amp;amp;quot;&amp;amp;amp;amp;search_type&amp;amp;amp;amp;aq=f"]},{"@type":"Person","@id":"https:\/\/www.sonnenseite.com\/de\/#\/schema\/person\/6df44691cd9a70d99e140e1116ee8771","name":"sbade","sameAs":["https:\/\/www.sonnenseite.com"]}]}},"_links":{"self":[{"href":"https:\/\/www.sonnenseite.com\/de\/wp-json\/wp\/v2\/posts\/51834","targetHints":{"allow":["GET"]}}],"collection":[{"href":"https:\/\/www.sonnenseite.com\/de\/wp-json\/wp\/v2\/posts"}],"about":[{"href":"https:\/\/www.sonnenseite.com\/de\/wp-json\/wp\/v2\/types\/post"}],"author":[{"embeddable":true,"href":"https:\/\/www.sonnenseite.com\/de\/wp-json\/wp\/v2\/users\/1"}],"replies":[{"embeddable":true,"href":"https:\/\/www.sonnenseite.com\/de\/wp-json\/wp\/v2\/comments?post=51834"}],"version-history":[{"count":0,"href":"https:\/\/www.sonnenseite.com\/de\/wp-json\/wp\/v2\/posts\/51834\/revisions"}],"wp:featuredmedia":[{"embeddable":true,"href":"https:\/\/www.sonnenseite.com\/de\/wp-json\/wp\/v2\/media\/50987"}],"wp:attachment":[{"href":"https:\/\/www.sonnenseite.com\/de\/wp-json\/wp\/v2\/media?parent=51834"}],"wp:term":[{"taxonomy":"category","embeddable":true,"href":"https:\/\/www.sonnenseite.com\/de\/wp-json\/wp\/v2\/categories?post=51834"},{"taxonomy":"post_tag","embeddable":true,"href":"https:\/\/www.sonnenseite.com\/de\/wp-json\/wp\/v2\/tags?post=51834"}],"curies":[{"name":"wp","href":"https:\/\/api.w.org\/{rel}","templated":true}]}}