{"id":51979,"date":"2014-05-15T00:00:00","date_gmt":"2014-05-14T22:00:00","guid":{"rendered":"https:\/\/www.sonnenseite.com\/politik\/der-dalai-lama-und-die-toleranz.html"},"modified":"2014-05-15T00:00:00","modified_gmt":"2014-05-14T22:00:00","slug":"der-dalai-lama-und-die-toleranz","status":"publish","type":"post","link":"https:\/\/www.sonnenseite.com\/de\/politik\/der-dalai-lama-und-die-toleranz\/","title":{"rendered":"Der Dalai Lama und die Toleranz"},"content":{"rendered":"<p>Vor der FraPort-Arena in Frankfurt\/Main ruft ein Parkw\u00e4chter seinem Kollegen zu: \u201eDer Dalai Lama spricht. Hier ist der Teufel los\u201c. Teufel sind zwar nicht zu sehen, aber etwa 100 Anh\u00e4nger des Shugden-Kults rufen und singen, was auch auf ihren Plakaten und Schildern steht: \u201eStop\u00a0 Dalai Lama \u2013\u00a0 Stop Lying\u201c. <!--more--> <\/p>\n<p>Wo immer in den USA oder Europa der Papst des Ostens derzeit auftritt, die buddhistische Sekte ist schon da und traktiert ihn mit dem Vorwurf, ein L\u00fcgner zu sein. Gleich daneben, unter Gegendemonstranten und Dalai-Lama Freunden, verteilt der ehemalige Bundestagsabgeordnete der Gr\u00fcnen, Herbert Rusche, Flugbl\u00e4tter, in denen vor dem \u201efundamentalistischen, gef\u00e4hrlichen Kult\u201c gewarnt wird. Ganz sch\u00f6n was los, wenn der Friedensnobelpreistr\u00e4ger spricht.<\/p>\n<p>Sp\u00e4ter, in der Arena, versucht ein Shugden-Freund, den Dalai Lama mit dem Zwischenruf zu irritieren \u201eSie sind der falsche Dalai Lama\u201c.\u00a0 Doch der l\u00e4sst sich nicht aus der gewohnten Ruhe bringen und antwortet: \u201eVielleicht bin ich der falsche, das ist ok, aber glauben Sie mir, ein falscher Mensch bin ich nicht. Ich bem\u00fche mich, auch dem Shugden-Kult gerecht zu werden- Ich habe ja diesen Kult selbst lange Jahre praktiziert. Aber genaueres Studium hat mir gezeigt, dass er der tibetischen Gesellschaft schadet\u201c. Ganz sch\u00f6n heftig, diese friedlichen Buddhisten untereinander, beinahe so wie Katholiken und Evangelische \u00fcber viele Jahrhunderte. Als der Shugden-Zwischenrufer von Ordnern aus dem Saal gef\u00fchrt wird, klatschen die meisten der \u00fcber 3.000 Besucher. Sie wollen in aller Ruhe dem Dalai Lama zuh\u00f6ren.<\/p>\n<p>Der Dalai Lama zeigt selbstbewusst Mitgef\u00fchl mit dem Zwischenrufer. Sein Thema ist schlie\u00dflich \u201eMitgef\u00fchl und Selbstbewusstsein\u201c. Die Zuh\u00f6rer aplaudieren als er sagt: \u201eWer Mitgef\u00fchl in der Gesellschaft leben will, braucht Selbstbewusstsein\u201c. In 70 Minuten hat er gef\u00fchlte 100mal sein weltbekanntes gurgelndes Dalai Lama-Lachen gelacht. Die heutigen Menschen seien zu wenig gl\u00fccklich und zu aggressiv. An dieser Stelle meint meine Sitznachbarin, die extra aus D\u00fcsseldorf angereist war, um zum zweiten mal in ihrem Leben den Dalai Lama zu h\u00f6ren: \u201eJetzt sollten Putin und Obama zuh\u00f6ren. Sie k\u00f6nnten hier etwas lernen.\u201c<\/p>\n<p>Der Dalai Lama wird politisch, wenn er sagt, dass jede Ver\u00e4nderung vom Einzelnen ausgeht: \u201eSie und ich, jeder von uns ist ein Teil der jetzt lebenden sieben Milliarden Menschen. Und jeder von uns ist gleich wichtig.\u201c<\/p>\n<p>Wie gewohnt sitzt er in seinem gelb-orangenen M\u00f6nchsgewand im Schneidersitz mit einer orangenen Schildkappe auf dem Kopf, die ihn vor den grellen Scheinwerfern sch\u00fctzen soll,\u00a0 und mit entbl\u00f6\u00dften Armen auf der B\u00fchne in seinem \u00fcbergro\u00dfen Sessel. Er spricht leiser und noch bed\u00e4chtiger als noch vor f\u00fcnf oder zehn Jahren und doziert \u00fcber negative Emotionen wie Neid, Wut, Frustration, die uns schaden und \u00fcber positive Emotionen wie Dankbarkeit, Freude und Gl\u00fcck, die uns nutzen. Die positiven Emotionen, so h\u00e4tten Wissenschaftler erforscht, nutzen auch unserer Gesundheit. An dieser Stelle erinnere ich mich, dass ich ihn mal in einem Fernseh-Interview gefragt habe, ob ihn denn gar nichts aufrege. \u201eWarum soll ich mich aufregen \u2013 dann muss ich ja nur wieder abregen und das ist mir zu anstrengend\u201c, war seine Antwort. Er sieht mit seinen bald 79 Jahren tats\u00e4chlich gesund aus.<\/p>\n<p>Und wenn man \u2013 wie die Shugden-Leute \u2013 ihn der L\u00fcge bez\u00fcchtigt? Dann sagt er in Frankfurt: \u201eDas trifft mich \u00e4u\u00dferlich. Nicht innerlich. Innen sp\u00fcre ich, dass diese Leute falsch informiert sind. Aber ich zwinge niemand meine Meinung auf. Wichtig ist, dass wir alle Respekt voreinander haben. Weniger Distanz und mehr Respekt.\u201c<\/p>\n<p>Schlie\u00dflich sein Lieblingsthema: \u201eWas macht uns gl\u00fccklich?\u201c Geld und Macht seien fl\u00fcchtig. Angst verhindere Gl\u00fcck. Mitgef\u00fchl helfe der Gesundheit und dem Immunsystem.<\/p>\n<p>Er lobt schlie\u00dflich Indien als die \u201egr\u00f6\u00dfte Demokratie der Welt\u201c, weil dort alle Religionen relativ friedlich zusammen leben. Er ist Indien auch deshalb dankbar und verbunden, weil er dort seit 1959 in relativer N\u00e4he zu seiner Heimat Tibet im Exil leben darf.<\/p>\n<h5 class=\"green\">Quelle<\/h5>\n<p>Franz Alt aus Frankfurt\/Main 2014<\/p>\n<div class=\"shariff shariff-align-flex-start shariff-widget-align-flex-start\"><div class=\"ShariffHeadline\">Diese Meldung teilen<\/div><ul class=\"shariff-buttons theme-round orientation-horizontal buttonsize-medium\"><li class=\"shariff-button facebook shariff-nocustomcolor\" style=\"background-color:#4273c8;border-radius:1%\"><a href=\"https:\/\/www.facebook.com\/sharer\/sharer.php?u=https%3A%2F%2Fwww.sonnenseite.com%2Fde%2Fpolitik%2Fder-dalai-lama-und-die-toleranz%2F\" title=\"Bei Facebook teilen\" aria-label=\"Bei Facebook teilen\" role=\"button\" rel=\"nofollow\" class=\"shariff-link\" style=\";border-radius:1%; background-color:#3b5998; color:#fff\" target=\"_blank\"><span class=\"shariff-icon\" style=\"\"><svg width=\"32px\" height=\"20px\" xmlns=\"http:\/\/www.w3.org\/2000\/svg\" viewBox=\"0 0 18 32\"><path fill=\"#3b5998\" d=\"M17.1 0.2v4.7h-2.8q-1.5 0-2.1 0.6t-0.5 1.9v3.4h5.2l-0.7 5.3h-4.5v13.6h-5.5v-13.6h-4.5v-5.3h4.5v-3.9q0-3.3 1.9-5.2t5-1.8q2.6 0 4.1 0.2z\"\/><\/svg><\/span><\/a><\/li><li class=\"shariff-button twitter shariff-nocustomcolor\" style=\"background-color:#595959;border-radius:1%\"><a href=\"https:\/\/twitter.com\/share?url=https%3A%2F%2Fwww.sonnenseite.com%2Fde%2Fpolitik%2Fder-dalai-lama-und-die-toleranz%2F&text=Der%20Dalai%20Lama%20und%20die%20Toleranz\" title=\"Bei X teilen\" aria-label=\"Bei X teilen\" role=\"button\" rel=\"noopener nofollow\" class=\"shariff-link\" style=\";border-radius:1%; background-color:#000; color:#fff\" target=\"_blank\"><span class=\"shariff-icon\" style=\"\"><svg width=\"32px\" height=\"20px\" xmlns=\"http:\/\/www.w3.org\/2000\/svg\" viewBox=\"0 0 24 24\"><path fill=\"#000\" d=\"M14.258 10.152L23.176 0h-2.113l-7.747 8.813L7.133 0H0l9.352 13.328L0 23.973h2.113l8.176-9.309 6.531 9.309h7.133zm-2.895 3.293l-.949-1.328L2.875 1.56h3.246l6.086 8.523.945 1.328 7.91 11.078h-3.246zm0 0\"\/><\/svg><\/span><\/a><\/li><li class=\"shariff-button xing shariff-nocustomcolor\" style=\"background-color:#29888a;border-radius:1%\"><a href=\"https:\/\/www.xing.com\/spi\/shares\/new?url=https%3A%2F%2Fwww.sonnenseite.com%2Fde%2Fpolitik%2Fder-dalai-lama-und-die-toleranz%2F\" title=\"Bei XING teilen\" aria-label=\"Bei XING teilen\" role=\"button\" rel=\"noopener nofollow\" class=\"shariff-link\" style=\";border-radius:1%; background-color:#126567; color:#fff\" target=\"_blank\"><span class=\"shariff-icon\" style=\"\"><svg width=\"32px\" height=\"20px\" xmlns=\"http:\/\/www.w3.org\/2000\/svg\" viewBox=\"0 0 25 32\"><path fill=\"#126567\" d=\"M10.7 11.9q-0.2 0.3-4.6 8.2-0.5 0.8-1.2 0.8h-4.3q-0.4 0-0.5-0.3t0-0.6l4.5-8q0 0 0 0l-2.9-5q-0.2-0.4 0-0.7 0.2-0.3 0.5-0.3h4.3q0.7 0 1.2 0.8zM25.1 0.4q0.2 0.3 0 0.7l-9.4 16.7 6 11q0.2 0.4 0 0.6-0.2 0.3-0.6 0.3h-4.3q-0.7 0-1.2-0.8l-6-11.1q0.3-0.6 9.5-16.8 0.4-0.8 1.2-0.8h4.3q0.4 0 0.5 0.3z\"\/><\/svg><\/span><\/a><\/li><li class=\"shariff-button linkedin shariff-nocustomcolor\" style=\"background-color:#1488bf;border-radius:1%\"><a href=\"https:\/\/www.linkedin.com\/sharing\/share-offsite\/?url=https%3A%2F%2Fwww.sonnenseite.com%2Fde%2Fpolitik%2Fder-dalai-lama-und-die-toleranz%2F\" title=\"Bei LinkedIn teilen\" aria-label=\"Bei LinkedIn teilen\" role=\"button\" rel=\"noopener nofollow\" class=\"shariff-link\" style=\";border-radius:1%; background-color:#0077b5; color:#fff\" target=\"_blank\"><span class=\"shariff-icon\" style=\"\"><svg width=\"32px\" height=\"20px\" xmlns=\"http:\/\/www.w3.org\/2000\/svg\" viewBox=\"0 0 27 32\"><path fill=\"#0077b5\" d=\"M6.2 11.2v17.7h-5.9v-17.7h5.9zM6.6 5.7q0 1.3-0.9 2.2t-2.4 0.9h0q-1.5 0-2.4-0.9t-0.9-2.2 0.9-2.2 2.4-0.9 2.4 0.9 0.9 2.2zM27.4 18.7v10.1h-5.9v-9.5q0-1.9-0.7-2.9t-2.3-1.1q-1.1 0-1.9 0.6t-1.2 1.5q-0.2 0.5-0.2 1.4v9.9h-5.9q0-7.1 0-11.6t0-5.3l0-0.9h5.9v2.6h0q0.4-0.6 0.7-1t1-0.9 1.6-0.8 2-0.3q3 0 4.9 2t1.9 6z\"\/><\/svg><\/span><\/a><\/li><li class=\"shariff-button printer shariff-nocustomcolor\" style=\"background-color:#a8a8a8;border-radius:1%\"><a href=\"javascript:window.print()\" title=\"drucken\" aria-label=\"drucken\" role=\"button\" rel=\"noopener nofollow\" class=\"shariff-link\" style=\";border-radius:1%; background-color:#999; color:#fff\"><span class=\"shariff-icon\" style=\"\"><svg width=\"32px\" height=\"20px\" xmlns=\"http:\/\/www.w3.org\/2000\/svg\" viewBox=\"0 0 30 32\"><path fill=\"#999\" d=\"M6.8 27.4h16v-4.6h-16v4.6zM6.8 16h16v-6.8h-2.8q-0.7 0-1.2-0.5t-0.5-1.2v-2.8h-11.4v11.4zM27.4 17.2q0-0.5-0.3-0.8t-0.8-0.4-0.8 0.4-0.3 0.8 0.3 0.8 0.8 0.3 0.8-0.3 0.3-0.8zM29.7 17.2v7.4q0 0.2-0.2 0.4t-0.4 0.2h-4v2.8q0 0.7-0.5 1.2t-1.2 0.5h-17.2q-0.7 0-1.2-0.5t-0.5-1.2v-2.8h-4q-0.2 0-0.4-0.2t-0.2-0.4v-7.4q0-1.4 1-2.4t2.4-1h1.2v-9.7q0-0.7 0.5-1.2t1.2-0.5h12q0.7 0 1.6 0.4t1.3 0.8l2.7 2.7q0.5 0.5 0.9 1.4t0.4 1.6v4.6h1.1q1.4 0 2.4 1t1 2.4z\"\/><\/svg><\/span><\/a><\/li><li class=\"shariff-button mailto shariff-nocustomcolor\" style=\"background-color:#a8a8a8;border-radius:1%\"><a href=\"mailto:?body=https%3A%2F%2Fwww.sonnenseite.com%2Fde%2Fpolitik%2Fder-dalai-lama-und-die-toleranz%2F&subject=Der%20Dalai%20Lama%20und%20die%20Toleranz\" title=\"Per E-Mail versenden\" aria-label=\"Per E-Mail versenden\" role=\"button\" rel=\"noopener nofollow\" class=\"shariff-link\" style=\";border-radius:1%; background-color:#999; color:#fff\"><span class=\"shariff-icon\" style=\"\"><svg width=\"32px\" height=\"20px\" xmlns=\"http:\/\/www.w3.org\/2000\/svg\" viewBox=\"0 0 32 32\"><path fill=\"#999\" d=\"M32 12.7v14.2q0 1.2-0.8 2t-2 0.9h-26.3q-1.2 0-2-0.9t-0.8-2v-14.2q0.8 0.9 1.8 1.6 6.5 4.4 8.9 6.1 1 0.8 1.6 1.2t1.7 0.9 2 0.4h0.1q0.9 0 2-0.4t1.7-0.9 1.6-1.2q3-2.2 8.9-6.1 1-0.7 1.8-1.6zM32 7.4q0 1.4-0.9 2.7t-2.2 2.2q-6.7 4.7-8.4 5.8-0.2 0.1-0.7 0.5t-1 0.7-0.9 0.6-1.1 0.5-0.9 0.2h-0.1q-0.4 0-0.9-0.2t-1.1-0.5-0.9-0.6-1-0.7-0.7-0.5q-1.6-1.1-4.7-3.2t-3.6-2.6q-1.1-0.7-2.1-2t-1-2.5q0-1.4 0.7-2.3t2.1-0.9h26.3q1.2 0 2 0.8t0.9 2z\"\/><\/svg><\/span><\/a><\/li><\/ul><\/div>","protected":false},"excerpt":{"rendered":"<p>Vor der FraPort-Arena in Frankfurt\/Main ruft ein Parkw\u00e4chter seinem Kollegen zu: \u201eDer Dalai Lama spricht. Hier [&hellip;]<\/p>\n","protected":false},"author":1,"featured_media":50987,"comment_status":"closed","ping_status":"closed","sticky":false,"template":"","format":"standard","meta":{"inline_featured_image":false,"footnotes":""},"categories":[21],"tags":[],"class_list":["post-51979","post","type-post","status-publish","format-standard","has-post-thumbnail","hentry","category-politik"],"yoast_head":"<!-- This site is optimized with the Yoast SEO plugin v26.5 - https:\/\/yoast.com\/wordpress\/plugins\/seo\/ -->\n<title>Der Dalai Lama und die Toleranz - Sonnenseite - \u00d6kologische Kommunikation mit Franz Alt<\/title>\n<meta name=\"description\" content=\"Vor der FraPort-Arena in Frankfurt\/Main ruft ein Parkw\u00e4chter seinem Kollegen zu: \u201eDer Dalai Lama spricht. Hier ist der Teufel los\u201c. Teufel sind zwar nicht\" \/>\n<meta name=\"robots\" content=\"index, follow, max-snippet:-1, max-image-preview:large, max-video-preview:-1\" \/>\n<link rel=\"canonical\" href=\"https:\/\/www.sonnenseite.com\/de\/politik\/der-dalai-lama-und-die-toleranz\/\" \/>\n<meta property=\"og:locale\" content=\"de_DE\" \/>\n<meta property=\"og:type\" content=\"article\" \/>\n<meta property=\"og:title\" content=\"Der Dalai Lama und die Toleranz - Sonnenseite - \u00d6kologische Kommunikation mit Franz Alt\" \/>\n<meta property=\"og:description\" content=\"Vor der FraPort-Arena in Frankfurt\/Main ruft ein Parkw\u00e4chter seinem Kollegen zu: \u201eDer Dalai Lama spricht. Hier ist der Teufel los\u201c. Teufel sind zwar nicht\" \/>\n<meta property=\"og:url\" content=\"https:\/\/www.sonnenseite.com\/de\/politik\/der-dalai-lama-und-die-toleranz\/\" \/>\n<meta property=\"og:site_name\" content=\"Sonnenseite\" \/>\n<meta property=\"article:publisher\" content=\"https:\/\/www.facebook.com\/pages\/Franz-Alt-SONNENSEITECOM\/221072987903953?fref=ts\" \/>\n<meta property=\"article:published_time\" content=\"2014-05-14T22:00:00+00:00\" \/>\n<meta property=\"og:image\" content=\"https:\/\/www.sonnenseite.com\/wp-content\/uploads\/2020\/06\/archiv_artikel.jpg\" \/>\n\t<meta property=\"og:image:width\" content=\"770\" \/>\n\t<meta property=\"og:image:height\" content=\"420\" \/>\n\t<meta property=\"og:image:type\" content=\"image\/jpeg\" \/>\n<meta name=\"author\" content=\"sbade\" \/>\n<meta name=\"twitter:card\" content=\"summary_large_image\" \/>\n<meta name=\"twitter:creator\" content=\"@franzalt\" \/>\n<meta name=\"twitter:site\" content=\"@franzalt\" \/>\n<meta name=\"twitter:label1\" content=\"Verfasst von\" \/>\n\t<meta name=\"twitter:data1\" content=\"sbade\" \/>\n\t<meta name=\"twitter:label2\" content=\"Gesch\u00e4tzte Lesezeit\" \/>\n\t<meta name=\"twitter:data2\" content=\"3\u00a0Minuten\" \/>\n<script type=\"application\/ld+json\" class=\"yoast-schema-graph\">{\"@context\":\"https:\/\/schema.org\",\"@graph\":[{\"@type\":\"Article\",\"@id\":\"https:\/\/www.sonnenseite.com\/de\/politik\/der-dalai-lama-und-die-toleranz\/#article\",\"isPartOf\":{\"@id\":\"https:\/\/www.sonnenseite.com\/de\/politik\/der-dalai-lama-und-die-toleranz\/\"},\"author\":{\"name\":\"sbade\",\"@id\":\"https:\/\/www.sonnenseite.com\/de\/#\/schema\/person\/6df44691cd9a70d99e140e1116ee8771\"},\"headline\":\"Der Dalai Lama und die Toleranz\",\"datePublished\":\"2014-05-14T22:00:00+00:00\",\"mainEntityOfPage\":{\"@id\":\"https:\/\/www.sonnenseite.com\/de\/politik\/der-dalai-lama-und-die-toleranz\/\"},\"wordCount\":663,\"publisher\":{\"@id\":\"https:\/\/www.sonnenseite.com\/de\/#organization\"},\"image\":{\"@id\":\"https:\/\/www.sonnenseite.com\/de\/politik\/der-dalai-lama-und-die-toleranz\/#primaryimage\"},\"thumbnailUrl\":\"https:\/\/www.sonnenseite.com\/wp-content\/uploads\/2020\/06\/archiv_artikel.jpg\",\"articleSection\":[\"Politik\"],\"inLanguage\":\"de\"},{\"@type\":\"WebPage\",\"@id\":\"https:\/\/www.sonnenseite.com\/de\/politik\/der-dalai-lama-und-die-toleranz\/\",\"url\":\"https:\/\/www.sonnenseite.com\/de\/politik\/der-dalai-lama-und-die-toleranz\/\",\"name\":\"Der Dalai Lama und die Toleranz - Sonnenseite - \u00d6kologische Kommunikation mit Franz Alt\",\"isPartOf\":{\"@id\":\"https:\/\/www.sonnenseite.com\/de\/#website\"},\"primaryImageOfPage\":{\"@id\":\"https:\/\/www.sonnenseite.com\/de\/politik\/der-dalai-lama-und-die-toleranz\/#primaryimage\"},\"image\":{\"@id\":\"https:\/\/www.sonnenseite.com\/de\/politik\/der-dalai-lama-und-die-toleranz\/#primaryimage\"},\"thumbnailUrl\":\"https:\/\/www.sonnenseite.com\/wp-content\/uploads\/2020\/06\/archiv_artikel.jpg\",\"datePublished\":\"2014-05-14T22:00:00+00:00\",\"description\":\"Vor der FraPort-Arena in Frankfurt\/Main ruft ein Parkw\u00e4chter seinem Kollegen zu: \u201eDer Dalai Lama spricht. Hier ist der Teufel los\u201c. Teufel sind zwar nicht\",\"breadcrumb\":{\"@id\":\"https:\/\/www.sonnenseite.com\/de\/politik\/der-dalai-lama-und-die-toleranz\/#breadcrumb\"},\"inLanguage\":\"de\",\"potentialAction\":[{\"@type\":\"ReadAction\",\"target\":[\"https:\/\/www.sonnenseite.com\/de\/politik\/der-dalai-lama-und-die-toleranz\/\"]}]},{\"@type\":\"ImageObject\",\"inLanguage\":\"de\",\"@id\":\"https:\/\/www.sonnenseite.com\/de\/politik\/der-dalai-lama-und-die-toleranz\/#primaryimage\",\"url\":\"https:\/\/www.sonnenseite.com\/wp-content\/uploads\/2020\/06\/archiv_artikel.jpg\",\"contentUrl\":\"https:\/\/www.sonnenseite.com\/wp-content\/uploads\/2020\/06\/archiv_artikel.jpg\",\"width\":770,\"height\":420,\"caption\":\"Sonnenseite\"},{\"@type\":\"BreadcrumbList\",\"@id\":\"https:\/\/www.sonnenseite.com\/de\/politik\/der-dalai-lama-und-die-toleranz\/#breadcrumb\",\"itemListElement\":[{\"@type\":\"ListItem\",\"position\":1,\"name\":\"Startseite\",\"item\":\"https:\/\/www.sonnenseite.com\/de\/\"},{\"@type\":\"ListItem\",\"position\":2,\"name\":\"Der Dalai Lama und die Toleranz\"}]},{\"@type\":\"WebSite\",\"@id\":\"https:\/\/www.sonnenseite.com\/de\/#website\",\"url\":\"https:\/\/www.sonnenseite.com\/de\/\",\"name\":\"Sonnenseite\",\"description\":\"\u00d6kologische Kommunikation mit Franz Alt\",\"publisher\":{\"@id\":\"https:\/\/www.sonnenseite.com\/de\/#organization\"},\"potentialAction\":[{\"@type\":\"SearchAction\",\"target\":{\"@type\":\"EntryPoint\",\"urlTemplate\":\"https:\/\/www.sonnenseite.com\/de\/?s={search_term_string}\"},\"query-input\":{\"@type\":\"PropertyValueSpecification\",\"valueRequired\":true,\"valueName\":\"search_term_string\"}}],\"inLanguage\":\"de\"},{\"@type\":\"Organization\",\"@id\":\"https:\/\/www.sonnenseite.com\/de\/#organization\",\"name\":\"Sonnenseite\",\"url\":\"https:\/\/www.sonnenseite.com\/de\/\",\"logo\":{\"@type\":\"ImageObject\",\"inLanguage\":\"de\",\"@id\":\"https:\/\/www.sonnenseite.com\/de\/#\/schema\/logo\/image\/\",\"url\":\"https:\/\/www.sonnenseite.com\/wp-content\/uploads\/2020\/05\/Sonnenseite_Logo.png\",\"contentUrl\":\"https:\/\/www.sonnenseite.com\/wp-content\/uploads\/2020\/05\/Sonnenseite_Logo.png\",\"width\":377,\"height\":90,\"caption\":\"Sonnenseite\"},\"image\":{\"@id\":\"https:\/\/www.sonnenseite.com\/de\/#\/schema\/logo\/image\/\"},\"sameAs\":[\"https:\/\/www.facebook.com\/pages\/Franz-Alt-SONNENSEITECOM\/221072987903953?fref=ts\",\"https:\/\/x.com\/franzalt\",\"http:\/\/www.youtube.com\/results?search_query&amp;amp;quot;franz_alt&amp;amp;quot;&amp;amp;amp;amp;search_type&amp;amp;amp;amp;aq=f\"]},{\"@type\":\"Person\",\"@id\":\"https:\/\/www.sonnenseite.com\/de\/#\/schema\/person\/6df44691cd9a70d99e140e1116ee8771\",\"name\":\"sbade\",\"sameAs\":[\"https:\/\/www.sonnenseite.com\"]}]}<\/script>\n<!-- \/ Yoast SEO plugin. -->","yoast_head_json":{"title":"Der Dalai Lama und die Toleranz - Sonnenseite - \u00d6kologische Kommunikation mit Franz Alt","description":"Vor der FraPort-Arena in Frankfurt\/Main ruft ein Parkw\u00e4chter seinem Kollegen zu: \u201eDer Dalai Lama spricht. Hier ist der Teufel los\u201c. Teufel sind zwar nicht","robots":{"index":"index","follow":"follow","max-snippet":"max-snippet:-1","max-image-preview":"max-image-preview:large","max-video-preview":"max-video-preview:-1"},"canonical":"https:\/\/www.sonnenseite.com\/de\/politik\/der-dalai-lama-und-die-toleranz\/","og_locale":"de_DE","og_type":"article","og_title":"Der Dalai Lama und die Toleranz - Sonnenseite - \u00d6kologische Kommunikation mit Franz Alt","og_description":"Vor der FraPort-Arena in Frankfurt\/Main ruft ein Parkw\u00e4chter seinem Kollegen zu: \u201eDer Dalai Lama spricht. Hier ist der Teufel los\u201c. Teufel sind zwar nicht","og_url":"https:\/\/www.sonnenseite.com\/de\/politik\/der-dalai-lama-und-die-toleranz\/","og_site_name":"Sonnenseite","article_publisher":"https:\/\/www.facebook.com\/pages\/Franz-Alt-SONNENSEITECOM\/221072987903953?fref=ts","article_published_time":"2014-05-14T22:00:00+00:00","og_image":[{"width":770,"height":420,"url":"https:\/\/www.sonnenseite.com\/wp-content\/uploads\/2020\/06\/archiv_artikel.jpg","type":"image\/jpeg"}],"author":"sbade","twitter_card":"summary_large_image","twitter_creator":"@franzalt","twitter_site":"@franzalt","twitter_misc":{"Verfasst von":"sbade","Gesch\u00e4tzte Lesezeit":"3\u00a0Minuten"},"schema":{"@context":"https:\/\/schema.org","@graph":[{"@type":"Article","@id":"https:\/\/www.sonnenseite.com\/de\/politik\/der-dalai-lama-und-die-toleranz\/#article","isPartOf":{"@id":"https:\/\/www.sonnenseite.com\/de\/politik\/der-dalai-lama-und-die-toleranz\/"},"author":{"name":"sbade","@id":"https:\/\/www.sonnenseite.com\/de\/#\/schema\/person\/6df44691cd9a70d99e140e1116ee8771"},"headline":"Der Dalai Lama und die Toleranz","datePublished":"2014-05-14T22:00:00+00:00","mainEntityOfPage":{"@id":"https:\/\/www.sonnenseite.com\/de\/politik\/der-dalai-lama-und-die-toleranz\/"},"wordCount":663,"publisher":{"@id":"https:\/\/www.sonnenseite.com\/de\/#organization"},"image":{"@id":"https:\/\/www.sonnenseite.com\/de\/politik\/der-dalai-lama-und-die-toleranz\/#primaryimage"},"thumbnailUrl":"https:\/\/www.sonnenseite.com\/wp-content\/uploads\/2020\/06\/archiv_artikel.jpg","articleSection":["Politik"],"inLanguage":"de"},{"@type":"WebPage","@id":"https:\/\/www.sonnenseite.com\/de\/politik\/der-dalai-lama-und-die-toleranz\/","url":"https:\/\/www.sonnenseite.com\/de\/politik\/der-dalai-lama-und-die-toleranz\/","name":"Der Dalai Lama und die Toleranz - Sonnenseite - \u00d6kologische Kommunikation mit Franz Alt","isPartOf":{"@id":"https:\/\/www.sonnenseite.com\/de\/#website"},"primaryImageOfPage":{"@id":"https:\/\/www.sonnenseite.com\/de\/politik\/der-dalai-lama-und-die-toleranz\/#primaryimage"},"image":{"@id":"https:\/\/www.sonnenseite.com\/de\/politik\/der-dalai-lama-und-die-toleranz\/#primaryimage"},"thumbnailUrl":"https:\/\/www.sonnenseite.com\/wp-content\/uploads\/2020\/06\/archiv_artikel.jpg","datePublished":"2014-05-14T22:00:00+00:00","description":"Vor der FraPort-Arena in Frankfurt\/Main ruft ein Parkw\u00e4chter seinem Kollegen zu: \u201eDer Dalai Lama spricht. Hier ist der Teufel los\u201c. Teufel sind zwar nicht","breadcrumb":{"@id":"https:\/\/www.sonnenseite.com\/de\/politik\/der-dalai-lama-und-die-toleranz\/#breadcrumb"},"inLanguage":"de","potentialAction":[{"@type":"ReadAction","target":["https:\/\/www.sonnenseite.com\/de\/politik\/der-dalai-lama-und-die-toleranz\/"]}]},{"@type":"ImageObject","inLanguage":"de","@id":"https:\/\/www.sonnenseite.com\/de\/politik\/der-dalai-lama-und-die-toleranz\/#primaryimage","url":"https:\/\/www.sonnenseite.com\/wp-content\/uploads\/2020\/06\/archiv_artikel.jpg","contentUrl":"https:\/\/www.sonnenseite.com\/wp-content\/uploads\/2020\/06\/archiv_artikel.jpg","width":770,"height":420,"caption":"Sonnenseite"},{"@type":"BreadcrumbList","@id":"https:\/\/www.sonnenseite.com\/de\/politik\/der-dalai-lama-und-die-toleranz\/#breadcrumb","itemListElement":[{"@type":"ListItem","position":1,"name":"Startseite","item":"https:\/\/www.sonnenseite.com\/de\/"},{"@type":"ListItem","position":2,"name":"Der Dalai Lama und die Toleranz"}]},{"@type":"WebSite","@id":"https:\/\/www.sonnenseite.com\/de\/#website","url":"https:\/\/www.sonnenseite.com\/de\/","name":"Sonnenseite","description":"\u00d6kologische Kommunikation mit Franz Alt","publisher":{"@id":"https:\/\/www.sonnenseite.com\/de\/#organization"},"potentialAction":[{"@type":"SearchAction","target":{"@type":"EntryPoint","urlTemplate":"https:\/\/www.sonnenseite.com\/de\/?s={search_term_string}"},"query-input":{"@type":"PropertyValueSpecification","valueRequired":true,"valueName":"search_term_string"}}],"inLanguage":"de"},{"@type":"Organization","@id":"https:\/\/www.sonnenseite.com\/de\/#organization","name":"Sonnenseite","url":"https:\/\/www.sonnenseite.com\/de\/","logo":{"@type":"ImageObject","inLanguage":"de","@id":"https:\/\/www.sonnenseite.com\/de\/#\/schema\/logo\/image\/","url":"https:\/\/www.sonnenseite.com\/wp-content\/uploads\/2020\/05\/Sonnenseite_Logo.png","contentUrl":"https:\/\/www.sonnenseite.com\/wp-content\/uploads\/2020\/05\/Sonnenseite_Logo.png","width":377,"height":90,"caption":"Sonnenseite"},"image":{"@id":"https:\/\/www.sonnenseite.com\/de\/#\/schema\/logo\/image\/"},"sameAs":["https:\/\/www.facebook.com\/pages\/Franz-Alt-SONNENSEITECOM\/221072987903953?fref=ts","https:\/\/x.com\/franzalt","http:\/\/www.youtube.com\/results?search_query&amp;amp;quot;franz_alt&amp;amp;quot;&amp;amp;amp;amp;search_type&amp;amp;amp;amp;aq=f"]},{"@type":"Person","@id":"https:\/\/www.sonnenseite.com\/de\/#\/schema\/person\/6df44691cd9a70d99e140e1116ee8771","name":"sbade","sameAs":["https:\/\/www.sonnenseite.com"]}]}},"_links":{"self":[{"href":"https:\/\/www.sonnenseite.com\/de\/wp-json\/wp\/v2\/posts\/51979","targetHints":{"allow":["GET"]}}],"collection":[{"href":"https:\/\/www.sonnenseite.com\/de\/wp-json\/wp\/v2\/posts"}],"about":[{"href":"https:\/\/www.sonnenseite.com\/de\/wp-json\/wp\/v2\/types\/post"}],"author":[{"embeddable":true,"href":"https:\/\/www.sonnenseite.com\/de\/wp-json\/wp\/v2\/users\/1"}],"replies":[{"embeddable":true,"href":"https:\/\/www.sonnenseite.com\/de\/wp-json\/wp\/v2\/comments?post=51979"}],"version-history":[{"count":0,"href":"https:\/\/www.sonnenseite.com\/de\/wp-json\/wp\/v2\/posts\/51979\/revisions"}],"wp:featuredmedia":[{"embeddable":true,"href":"https:\/\/www.sonnenseite.com\/de\/wp-json\/wp\/v2\/media\/50987"}],"wp:attachment":[{"href":"https:\/\/www.sonnenseite.com\/de\/wp-json\/wp\/v2\/media?parent=51979"}],"wp:term":[{"taxonomy":"category","embeddable":true,"href":"https:\/\/www.sonnenseite.com\/de\/wp-json\/wp\/v2\/categories?post=51979"},{"taxonomy":"post_tag","embeddable":true,"href":"https:\/\/www.sonnenseite.com\/de\/wp-json\/wp\/v2\/tags?post=51979"}],"curies":[{"name":"wp","href":"https:\/\/api.w.org\/{rel}","templated":true}]}}