{"id":52517,"date":"2014-02-20T00:00:00","date_gmt":"2014-02-19T23:00:00","guid":{"rendered":"https:\/\/www.sonnenseite.com\/umwelt\/wechselhaftes-klima-wie-staub-das-gesicht-der-erde-veraendert-hat.html"},"modified":"2014-02-20T00:00:00","modified_gmt":"2014-02-19T23:00:00","slug":"wechselhaftes-klima-wie-staub-das-gesicht-der-erde-veraendert-hat","status":"publish","type":"post","link":"https:\/\/www.sonnenseite.com\/de\/umwelt\/wechselhaftes-klima-wie-staub-das-gesicht-der-erde-veraendert-hat\/","title":{"rendered":"Wechselhaftes Klima: Wie Staub das Gesicht der Erde ver\u00e4ndert hat"},"content":{"rendered":"<p>Im Fr\u00fchjahr 2010 kehrte der Forschungseisbrecher\u00a0Polarstern\u00a0mit einem wissenschaftlichen Schatz aus dem S\u00fcdpazifik zur\u00fcck: Meeressedimente aus einem bislang kaum erforschten Teil des S\u00fcdpolarmeeres. Was f\u00fcr Laien aussieht wie unscheinbarer Schlamm ist f\u00fcr Erdgeschichtsforscher ein wertvolles Archiv, aus dem sie in mehrj\u00e4hrigen Analysen die Klimageschichte der Polargebiete rekonstruieren. Die wiederum ist f\u00fcr das Verst\u00e4ndnis der globalen Klimaentwicklung von entscheidender Bedeutung. Mit Hilfe der einmaligen Sedimentkerne aus dem S\u00fcdozean gelang nun erstmals der l\u00fcckenlose Nachweis, dass Staub den nat\u00fcrlichen Wechsel zwischen Kalt- und Warmzeiten auf der S\u00fcdhalbkugel ma\u00dfgeblich mitbestimmt hat. Ein internationales Forscherteam unter Leitung des Bremerhavener Alfred-Wegener-Institutes konnte belegen, dass Staubeintr\u00e4ge dort w\u00e4hrend aller Eiszeiten der letzten eine Million Jahre um das zwei- bis dreifache h\u00f6her waren als in warmen Phasen der Klimageschichte. <!--more--> <\/p>\n<p>\u201eHohe gro\u00dffl\u00e4chige Staubeintr\u00e4ge k\u00f6nnen vor allem aus zwei Gr\u00fcnden klimawirksam sein\u201c, erl\u00e4utert Dr. Frank Lamy, Geowissenschaftler am Alfred-Wegener-Institut, Helmholtz-Zentrum f\u00fcr Polar- und Meeresforschung, den Befund. \u201eMit Staub k\u00f6nnen f\u00fcr das Leben essentielle Spurenstoffe wie das Eisen in den Ozean eingetragen werden. Dadurch kurbelt er die biologische Produktion an und erh\u00f6ht die F\u00e4higkeit des Meeres Kohlenstoff zu binden. Im Ergebnis wird der Atmosph\u00e4re das Treibhausgas Kohlendioxid entzogen. In der Atmosph\u00e4re selbst reflektiert Staub die Sonneneinstrahlung und reduziert schon allein dadurch den W\u00e4rmeeintrag in das System Erde. Beide Effekte f\u00fchren dazu, dass die Erde abk\u00fchlt.\u201c Lamy ist Hauptautor der Studie, die am 24. Januar 2014 in der renommierten Fachzeitschrift \u201eScience\u201c ver\u00f6ffentlicht wird. Beteiligt waren u.a. die Geochemikerin Gisela Winckler vom US-amerikanischen Lamont-Doherty Earth Observatory und das Bremer Zentrum f\u00fcr Marine Umweltwissenschaften MARUM.<\/p>\n<p>Vermutet wurde der Einfluss von Staubeintr\u00e4gen auf den Wechsel von Kalt- und Warmzeiten schon l\u00e4nger. Klimaforscher hatten sowohl in antarktischen Eiskernen als auch in Sedimentkernen aus dem atlantischen Teil des S\u00fcdozeans immer dann besonders hohe eisenhaltige Staubanteile gefunden, wenn die Erde in einer Eiszeit steckte. Aus dem mit 50 Prozent gr\u00f6\u00dften Teil des S\u00fcdozeans, dem pazifischen Sektor, lagen bisher aber keine Daten vor. \u201eDiese zentrale L\u00fccke konnten wir nun schlie\u00dfen\u201c, hebt Lamy die Bedeutung der neuen Studie hervor. \u201eMit dem Ergebnis, dass wir im S\u00fcdpazifik die gleichen Muster finden wie in Kernen aus dem S\u00fcdatlantik und dem Eis der Antarktis. Die erh\u00f6hten Staubeintr\u00e4ge waren in Kaltzeiten auf der S\u00fcdhalbkugel also ein erdumspannendes Ph\u00e4nomen. Sie m\u00fcssen nun bei der Bewertung der komplexen Mechanismen, die nat\u00fcrliche Klima\u00e4nderungen steuern, anders ber\u00fccksichtigt werden.\u201c<\/p>\n<p>Was in Lamys Worten schon fast beil\u00e4ufig klingt, hat f\u00fcr die Forschung erhebliche Relevanz. Denn bisher waren viele Wissenschaftler davon \u00fcberzeugt, dass Staubeintr\u00e4ge im pazifischen Raum auch w\u00e4hrend der Eiszeiten nicht h\u00f6her sein konnten als in w\u00e4rmeren Perioden des Erdklimas. Woher sollten gr\u00f6\u00dfere Staubmengen in diesem Bereich der Weltmeere kommen? Bisher wurde vor allem S\u00fcdpatagonien als erdgeschichtliche Staubquelle vermutet, das als einzige Landmasse wie ein riesiger Finger in den S\u00fcdlichen Ozean hineinragt. Wegen der in diesem Teil der Welt vorherrschenden Westwinde werden Staubpartikel in der Luft von S\u00fcdamerika aus aber vorwiegend Richtung Atlantik verdriftet. Daten aus dem S\u00fcdpazifik standen deshalb schon lange auf der Wunschliste der Wissenschaft.<\/p>\n<p>F\u00fcr die Forschung hat der pazifische Teil des S\u00fcdozeans aber trotz moderner Technik noch immer etwas von einer \u201eterra incognita\u201c. Er z\u00e4hlt zu den abgelegensten Bereichen der Weltmeere. \u201eDie Region ist gepr\u00e4gt von extremen St\u00fcrmen und einem Seegang, bei dem Wellenh\u00f6hen von \u00fcber zehn Metern nicht selten sind. Wegen der sehr weiten Entfernungen zwischen gr\u00f6\u00dferen H\u00e4fen ist das Gebiet auch logistisch kompliziert\u201c, beschreibt AWI-Wissenschaftler Dr. Rainer Gersonde, Co-Autor und damals Fahrtleiter der Polarstern-Expedition, die besondere Herausforderung der Forschungsfahrt.10.000 Seemeilen &#8211; also 18.500 Kilometer &#8211; war die Polarstern in diesem besonders unwirtlichen Teil des S\u00fcdpolarmeeres unterwegs, um qualitativ hochwertige und ausreichend lange Sedimentkerne ziehen zu k\u00f6nnen.<\/p>\n<p>Woher aber kamen die historischen Staubfrachten Richtung S\u00fcdpazifik, und warum gab es die phasenweise erh\u00f6hten Eintr\u00e4ge \u00fcberhaupt? Frank Lamy glaubt, dass eine Ursache \u00a0in der Verlagerung oder Ausdehnung der in dieser Region besonders kr\u00e4ftigen Windb\u00e4nder in Richtung \u00c4quator liegt. Unter Seeleuten ist der gesamte S\u00fcdozean mit seiner m\u00e4chtigen Westwinddrift &#8211; den \u201eRoaring Fourties\u201c und den \u00a0\u201eFurious Fifties\u201c &#8211; ber\u00fcchtigt. Er gilt als eine der windreichsten Regionen der Erde. Durch eine Verlagerung oder Ausdehnung dieses kr\u00e4ftigen Westwindg\u00fcrtels in Richtung Norden, so die These der Wissenschaftler, gerieten ausgedehnte Trockengebiete auf dem australischen Kontinent unter den Einfluss starker Winderosion. Hohe Staubeintr\u00e4ge in den Pazifik waren die Folge \u2013 mit den oben bereits geschilderten Konsequenzen. Dazu kam noch Neuseeland als zus\u00e4tzliche Staubquelle. Die ausgedehnte Vergletscherung der dortigen Gebirge w\u00e4hrend der Eiszeit hat viel feink\u00f6rniges Material bereitgestellt, das durch die Winde weit in den S\u00fcdpazifik geblasen wurde.<\/p>\n<p>\u201eDurch unsere Untersuchungen steht nun zweifelsfrei fest\u201c, so das Fazit von Frank Lamy, \u201edass Kaltzeiten auf der S\u00fcdhalbkugel \u00fcber einen Zeitraum von einer Million Jahren immer und praktisch \u00fcberall einhergingen mit niedrigeren Kohlendioxidgehalten in der Atmosph\u00e4re und h\u00f6heren Staubeintr\u00e4gen aus der Luft. Die Klimageschichte der Erde wurde also auch mit Staub geschrieben.\u201c<\/p>\n<p>Der Staubeintrag in den S\u00fcdozeans stammt aus Patagonien und Australien. Beide Quellen waren w\u00e4hrend vergangener Eiszeiten erheblich verst\u00e4rkt. (rot=Staub; blau=Meersalz; gr\u00fcn=organisches Material und Ru\u00df; wei\u00df=Sulfatpartikel). Video: Ausschnitt aus einem Video der NASA (<a href=\"http:\/\/gmao.gsfc.nasa.gov\/research\/aerosol\/\" target=\"_blank\" rel=\"noopener noreferrer\">hier gibt es das komplette Video<\/a>)<\/p>\n<p>Der Original-Titel lautet: &#8222;Increased Dust Deposition in the Pacific Southern Ocean During Glacial Periods\u201d F. Lamy et al., &#8222;Science&#8220;, 24 January 2014 (DOI:\u00a010.1126\/science.1245424) &#8211; <a href=\"http:\/\/www.sciencemag.org\/content\/343\/6169\/403.abstract?sid=b57f5bea-e9bd-4aae-9c20-637273515453\" target=\"_blank\" rel=\"noopener noreferrer\">mehr<\/a><\/p>\n<h5 class=\"green\">Quelle<\/h5>\n<p>Alfred-Wegener-Institut 2014<\/p>\n<div class=\"shariff shariff-align-flex-start shariff-widget-align-flex-start\"><div class=\"ShariffHeadline\">Diese Meldung teilen<\/div><ul class=\"shariff-buttons theme-round orientation-horizontal buttonsize-medium\"><li class=\"shariff-button facebook shariff-nocustomcolor\" style=\"background-color:#4273c8;border-radius:1%\"><a href=\"https:\/\/www.facebook.com\/sharer\/sharer.php?u=https%3A%2F%2Fwww.sonnenseite.com%2Fde%2Fumwelt%2Fwechselhaftes-klima-wie-staub-das-gesicht-der-erde-veraendert-hat%2F\" title=\"Bei Facebook teilen\" aria-label=\"Bei Facebook teilen\" role=\"button\" rel=\"nofollow\" class=\"shariff-link\" style=\";border-radius:1%; background-color:#3b5998; color:#fff\" target=\"_blank\"><span class=\"shariff-icon\" style=\"\"><svg width=\"32px\" height=\"20px\" xmlns=\"http:\/\/www.w3.org\/2000\/svg\" viewBox=\"0 0 18 32\"><path fill=\"#3b5998\" d=\"M17.1 0.2v4.7h-2.8q-1.5 0-2.1 0.6t-0.5 1.9v3.4h5.2l-0.7 5.3h-4.5v13.6h-5.5v-13.6h-4.5v-5.3h4.5v-3.9q0-3.3 1.9-5.2t5-1.8q2.6 0 4.1 0.2z\"\/><\/svg><\/span><\/a><\/li><li class=\"shariff-button twitter shariff-nocustomcolor\" style=\"background-color:#595959;border-radius:1%\"><a href=\"https:\/\/twitter.com\/share?url=https%3A%2F%2Fwww.sonnenseite.com%2Fde%2Fumwelt%2Fwechselhaftes-klima-wie-staub-das-gesicht-der-erde-veraendert-hat%2F&text=Wechselhaftes%20Klima%3A%20Wie%20Staub%20das%20Gesicht%20der%20Erde%20ver%C3%A4ndert%20hat\" title=\"Bei X teilen\" aria-label=\"Bei X teilen\" role=\"button\" rel=\"noopener nofollow\" class=\"shariff-link\" style=\";border-radius:1%; background-color:#000; color:#fff\" target=\"_blank\"><span class=\"shariff-icon\" style=\"\"><svg width=\"32px\" height=\"20px\" xmlns=\"http:\/\/www.w3.org\/2000\/svg\" viewBox=\"0 0 24 24\"><path fill=\"#000\" d=\"M14.258 10.152L23.176 0h-2.113l-7.747 8.813L7.133 0H0l9.352 13.328L0 23.973h2.113l8.176-9.309 6.531 9.309h7.133zm-2.895 3.293l-.949-1.328L2.875 1.56h3.246l6.086 8.523.945 1.328 7.91 11.078h-3.246zm0 0\"\/><\/svg><\/span><\/a><\/li><li class=\"shariff-button xing shariff-nocustomcolor\" style=\"background-color:#29888a;border-radius:1%\"><a href=\"https:\/\/www.xing.com\/spi\/shares\/new?url=https%3A%2F%2Fwww.sonnenseite.com%2Fde%2Fumwelt%2Fwechselhaftes-klima-wie-staub-das-gesicht-der-erde-veraendert-hat%2F\" title=\"Bei XING teilen\" aria-label=\"Bei XING teilen\" role=\"button\" rel=\"noopener nofollow\" class=\"shariff-link\" style=\";border-radius:1%; background-color:#126567; color:#fff\" target=\"_blank\"><span class=\"shariff-icon\" style=\"\"><svg width=\"32px\" height=\"20px\" xmlns=\"http:\/\/www.w3.org\/2000\/svg\" viewBox=\"0 0 25 32\"><path fill=\"#126567\" d=\"M10.7 11.9q-0.2 0.3-4.6 8.2-0.5 0.8-1.2 0.8h-4.3q-0.4 0-0.5-0.3t0-0.6l4.5-8q0 0 0 0l-2.9-5q-0.2-0.4 0-0.7 0.2-0.3 0.5-0.3h4.3q0.7 0 1.2 0.8zM25.1 0.4q0.2 0.3 0 0.7l-9.4 16.7 6 11q0.2 0.4 0 0.6-0.2 0.3-0.6 0.3h-4.3q-0.7 0-1.2-0.8l-6-11.1q0.3-0.6 9.5-16.8 0.4-0.8 1.2-0.8h4.3q0.4 0 0.5 0.3z\"\/><\/svg><\/span><\/a><\/li><li class=\"shariff-button linkedin shariff-nocustomcolor\" style=\"background-color:#1488bf;border-radius:1%\"><a href=\"https:\/\/www.linkedin.com\/sharing\/share-offsite\/?url=https%3A%2F%2Fwww.sonnenseite.com%2Fde%2Fumwelt%2Fwechselhaftes-klima-wie-staub-das-gesicht-der-erde-veraendert-hat%2F\" title=\"Bei LinkedIn teilen\" aria-label=\"Bei LinkedIn teilen\" role=\"button\" rel=\"noopener nofollow\" class=\"shariff-link\" style=\";border-radius:1%; background-color:#0077b5; color:#fff\" target=\"_blank\"><span class=\"shariff-icon\" style=\"\"><svg width=\"32px\" height=\"20px\" xmlns=\"http:\/\/www.w3.org\/2000\/svg\" viewBox=\"0 0 27 32\"><path fill=\"#0077b5\" d=\"M6.2 11.2v17.7h-5.9v-17.7h5.9zM6.6 5.7q0 1.3-0.9 2.2t-2.4 0.9h0q-1.5 0-2.4-0.9t-0.9-2.2 0.9-2.2 2.4-0.9 2.4 0.9 0.9 2.2zM27.4 18.7v10.1h-5.9v-9.5q0-1.9-0.7-2.9t-2.3-1.1q-1.1 0-1.9 0.6t-1.2 1.5q-0.2 0.5-0.2 1.4v9.9h-5.9q0-7.1 0-11.6t0-5.3l0-0.9h5.9v2.6h0q0.4-0.6 0.7-1t1-0.9 1.6-0.8 2-0.3q3 0 4.9 2t1.9 6z\"\/><\/svg><\/span><\/a><\/li><li class=\"shariff-button printer shariff-nocustomcolor\" style=\"background-color:#a8a8a8;border-radius:1%\"><a href=\"javascript:window.print()\" title=\"drucken\" aria-label=\"drucken\" role=\"button\" rel=\"noopener nofollow\" class=\"shariff-link\" style=\";border-radius:1%; background-color:#999; color:#fff\"><span class=\"shariff-icon\" style=\"\"><svg width=\"32px\" height=\"20px\" xmlns=\"http:\/\/www.w3.org\/2000\/svg\" viewBox=\"0 0 30 32\"><path fill=\"#999\" d=\"M6.8 27.4h16v-4.6h-16v4.6zM6.8 16h16v-6.8h-2.8q-0.7 0-1.2-0.5t-0.5-1.2v-2.8h-11.4v11.4zM27.4 17.2q0-0.5-0.3-0.8t-0.8-0.4-0.8 0.4-0.3 0.8 0.3 0.8 0.8 0.3 0.8-0.3 0.3-0.8zM29.7 17.2v7.4q0 0.2-0.2 0.4t-0.4 0.2h-4v2.8q0 0.7-0.5 1.2t-1.2 0.5h-17.2q-0.7 0-1.2-0.5t-0.5-1.2v-2.8h-4q-0.2 0-0.4-0.2t-0.2-0.4v-7.4q0-1.4 1-2.4t2.4-1h1.2v-9.7q0-0.7 0.5-1.2t1.2-0.5h12q0.7 0 1.6 0.4t1.3 0.8l2.7 2.7q0.5 0.5 0.9 1.4t0.4 1.6v4.6h1.1q1.4 0 2.4 1t1 2.4z\"\/><\/svg><\/span><\/a><\/li><li class=\"shariff-button mailto shariff-nocustomcolor\" style=\"background-color:#a8a8a8;border-radius:1%\"><a href=\"mailto:?body=https%3A%2F%2Fwww.sonnenseite.com%2Fde%2Fumwelt%2Fwechselhaftes-klima-wie-staub-das-gesicht-der-erde-veraendert-hat%2F&subject=Wechselhaftes%20Klima%3A%20Wie%20Staub%20das%20Gesicht%20der%20Erde%20ver%C3%A4ndert%20hat\" title=\"Per E-Mail versenden\" aria-label=\"Per E-Mail versenden\" role=\"button\" rel=\"noopener nofollow\" class=\"shariff-link\" style=\";border-radius:1%; background-color:#999; color:#fff\"><span class=\"shariff-icon\" style=\"\"><svg width=\"32px\" height=\"20px\" xmlns=\"http:\/\/www.w3.org\/2000\/svg\" viewBox=\"0 0 32 32\"><path fill=\"#999\" d=\"M32 12.7v14.2q0 1.2-0.8 2t-2 0.9h-26.3q-1.2 0-2-0.9t-0.8-2v-14.2q0.8 0.9 1.8 1.6 6.5 4.4 8.9 6.1 1 0.8 1.6 1.2t1.7 0.9 2 0.4h0.1q0.9 0 2-0.4t1.7-0.9 1.6-1.2q3-2.2 8.9-6.1 1-0.7 1.8-1.6zM32 7.4q0 1.4-0.9 2.7t-2.2 2.2q-6.7 4.7-8.4 5.8-0.2 0.1-0.7 0.5t-1 0.7-0.9 0.6-1.1 0.5-0.9 0.2h-0.1q-0.4 0-0.9-0.2t-1.1-0.5-0.9-0.6-1-0.7-0.7-0.5q-1.6-1.1-4.7-3.2t-3.6-2.6q-1.1-0.7-2.1-2t-1-2.5q0-1.4 0.7-2.3t2.1-0.9h26.3q1.2 0 2 0.8t0.9 2z\"\/><\/svg><\/span><\/a><\/li><\/ul><\/div>","protected":false},"excerpt":{"rendered":"<p>Im Fr\u00fchjahr 2010 kehrte der Forschungseisbrecher\u00a0Polarstern\u00a0mit einem wissenschaftlichen Schatz aus dem S\u00fcdpazifik zur\u00fcck: Meeressedimente aus einem [&hellip;]<\/p>\n","protected":false},"author":1,"featured_media":50987,"comment_status":"closed","ping_status":"closed","sticky":false,"template":"","format":"standard","meta":{"inline_featured_image":false,"footnotes":""},"categories":[23],"tags":[],"class_list":["post-52517","post","type-post","status-publish","format-standard","has-post-thumbnail","hentry","category-umwelt"],"yoast_head":"<!-- This site is optimized with the Yoast SEO plugin v26.5 - https:\/\/yoast.com\/wordpress\/plugins\/seo\/ -->\n<title>Wechselhaftes Klima: Wie Staub das Gesicht der Erde ver\u00e4ndert hat - Sonnenseite - \u00d6kologische Kommunikation mit Franz Alt<\/title>\n<meta name=\"description\" content=\"Im Fr\u00fchjahr 2010 kehrte der Forschungseisbrecher\u00a0Polarstern\u00a0mit einem wissenschaftlichen Schatz aus dem S\u00fcdpazifik zur\u00fcck: Meeressedimente aus einem\" \/>\n<meta name=\"robots\" content=\"index, follow, max-snippet:-1, max-image-preview:large, max-video-preview:-1\" \/>\n<link rel=\"canonical\" href=\"https:\/\/www.sonnenseite.com\/de\/umwelt\/wechselhaftes-klima-wie-staub-das-gesicht-der-erde-veraendert-hat\/\" \/>\n<meta property=\"og:locale\" content=\"de_DE\" \/>\n<meta property=\"og:type\" content=\"article\" \/>\n<meta property=\"og:title\" content=\"Wechselhaftes Klima: Wie Staub das Gesicht der Erde ver\u00e4ndert hat - Sonnenseite - \u00d6kologische Kommunikation mit Franz Alt\" \/>\n<meta property=\"og:description\" content=\"Im Fr\u00fchjahr 2010 kehrte der Forschungseisbrecher\u00a0Polarstern\u00a0mit einem wissenschaftlichen Schatz aus dem S\u00fcdpazifik zur\u00fcck: Meeressedimente aus einem\" \/>\n<meta property=\"og:url\" content=\"https:\/\/www.sonnenseite.com\/de\/umwelt\/wechselhaftes-klima-wie-staub-das-gesicht-der-erde-veraendert-hat\/\" \/>\n<meta property=\"og:site_name\" content=\"Sonnenseite\" \/>\n<meta property=\"article:publisher\" content=\"https:\/\/www.facebook.com\/pages\/Franz-Alt-SONNENSEITECOM\/221072987903953?fref=ts\" \/>\n<meta property=\"article:published_time\" content=\"2014-02-19T23:00:00+00:00\" \/>\n<meta property=\"og:image\" content=\"https:\/\/www.sonnenseite.com\/wp-content\/uploads\/2020\/06\/archiv_artikel.jpg\" \/>\n\t<meta property=\"og:image:width\" content=\"770\" \/>\n\t<meta property=\"og:image:height\" content=\"420\" \/>\n\t<meta property=\"og:image:type\" content=\"image\/jpeg\" \/>\n<meta name=\"author\" content=\"sbade\" \/>\n<meta name=\"twitter:card\" content=\"summary_large_image\" \/>\n<meta name=\"twitter:creator\" content=\"@franzalt\" \/>\n<meta name=\"twitter:site\" content=\"@franzalt\" \/>\n<meta name=\"twitter:label1\" content=\"Verfasst von\" \/>\n\t<meta name=\"twitter:data1\" content=\"sbade\" \/>\n\t<meta name=\"twitter:label2\" content=\"Gesch\u00e4tzte Lesezeit\" \/>\n\t<meta name=\"twitter:data2\" content=\"5\u00a0Minuten\" \/>\n<script type=\"application\/ld+json\" class=\"yoast-schema-graph\">{\"@context\":\"https:\/\/schema.org\",\"@graph\":[{\"@type\":\"Article\",\"@id\":\"https:\/\/www.sonnenseite.com\/de\/umwelt\/wechselhaftes-klima-wie-staub-das-gesicht-der-erde-veraendert-hat\/#article\",\"isPartOf\":{\"@id\":\"https:\/\/www.sonnenseite.com\/de\/umwelt\/wechselhaftes-klima-wie-staub-das-gesicht-der-erde-veraendert-hat\/\"},\"author\":{\"name\":\"sbade\",\"@id\":\"https:\/\/www.sonnenseite.com\/de\/#\/schema\/person\/6df44691cd9a70d99e140e1116ee8771\"},\"headline\":\"Wechselhaftes Klima: Wie Staub das Gesicht der Erde ver\u00e4ndert hat\",\"datePublished\":\"2014-02-19T23:00:00+00:00\",\"mainEntityOfPage\":{\"@id\":\"https:\/\/www.sonnenseite.com\/de\/umwelt\/wechselhaftes-klima-wie-staub-das-gesicht-der-erde-veraendert-hat\/\"},\"wordCount\":957,\"publisher\":{\"@id\":\"https:\/\/www.sonnenseite.com\/de\/#organization\"},\"image\":{\"@id\":\"https:\/\/www.sonnenseite.com\/de\/umwelt\/wechselhaftes-klima-wie-staub-das-gesicht-der-erde-veraendert-hat\/#primaryimage\"},\"thumbnailUrl\":\"https:\/\/www.sonnenseite.com\/wp-content\/uploads\/2020\/06\/archiv_artikel.jpg\",\"articleSection\":[\"Umwelt\"],\"inLanguage\":\"de\"},{\"@type\":\"WebPage\",\"@id\":\"https:\/\/www.sonnenseite.com\/de\/umwelt\/wechselhaftes-klima-wie-staub-das-gesicht-der-erde-veraendert-hat\/\",\"url\":\"https:\/\/www.sonnenseite.com\/de\/umwelt\/wechselhaftes-klima-wie-staub-das-gesicht-der-erde-veraendert-hat\/\",\"name\":\"Wechselhaftes Klima: Wie Staub das Gesicht der Erde ver\u00e4ndert hat - Sonnenseite - \u00d6kologische Kommunikation mit Franz Alt\",\"isPartOf\":{\"@id\":\"https:\/\/www.sonnenseite.com\/de\/#website\"},\"primaryImageOfPage\":{\"@id\":\"https:\/\/www.sonnenseite.com\/de\/umwelt\/wechselhaftes-klima-wie-staub-das-gesicht-der-erde-veraendert-hat\/#primaryimage\"},\"image\":{\"@id\":\"https:\/\/www.sonnenseite.com\/de\/umwelt\/wechselhaftes-klima-wie-staub-das-gesicht-der-erde-veraendert-hat\/#primaryimage\"},\"thumbnailUrl\":\"https:\/\/www.sonnenseite.com\/wp-content\/uploads\/2020\/06\/archiv_artikel.jpg\",\"datePublished\":\"2014-02-19T23:00:00+00:00\",\"description\":\"Im Fr\u00fchjahr 2010 kehrte der Forschungseisbrecher\u00a0Polarstern\u00a0mit einem wissenschaftlichen Schatz aus dem S\u00fcdpazifik zur\u00fcck: Meeressedimente aus einem\",\"breadcrumb\":{\"@id\":\"https:\/\/www.sonnenseite.com\/de\/umwelt\/wechselhaftes-klima-wie-staub-das-gesicht-der-erde-veraendert-hat\/#breadcrumb\"},\"inLanguage\":\"de\",\"potentialAction\":[{\"@type\":\"ReadAction\",\"target\":[\"https:\/\/www.sonnenseite.com\/de\/umwelt\/wechselhaftes-klima-wie-staub-das-gesicht-der-erde-veraendert-hat\/\"]}]},{\"@type\":\"ImageObject\",\"inLanguage\":\"de\",\"@id\":\"https:\/\/www.sonnenseite.com\/de\/umwelt\/wechselhaftes-klima-wie-staub-das-gesicht-der-erde-veraendert-hat\/#primaryimage\",\"url\":\"https:\/\/www.sonnenseite.com\/wp-content\/uploads\/2020\/06\/archiv_artikel.jpg\",\"contentUrl\":\"https:\/\/www.sonnenseite.com\/wp-content\/uploads\/2020\/06\/archiv_artikel.jpg\",\"width\":770,\"height\":420,\"caption\":\"Sonnenseite\"},{\"@type\":\"BreadcrumbList\",\"@id\":\"https:\/\/www.sonnenseite.com\/de\/umwelt\/wechselhaftes-klima-wie-staub-das-gesicht-der-erde-veraendert-hat\/#breadcrumb\",\"itemListElement\":[{\"@type\":\"ListItem\",\"position\":1,\"name\":\"Startseite\",\"item\":\"https:\/\/www.sonnenseite.com\/de\/\"},{\"@type\":\"ListItem\",\"position\":2,\"name\":\"Wechselhaftes Klima: Wie Staub das Gesicht der Erde ver\u00e4ndert hat\"}]},{\"@type\":\"WebSite\",\"@id\":\"https:\/\/www.sonnenseite.com\/de\/#website\",\"url\":\"https:\/\/www.sonnenseite.com\/de\/\",\"name\":\"Sonnenseite\",\"description\":\"\u00d6kologische Kommunikation mit Franz Alt\",\"publisher\":{\"@id\":\"https:\/\/www.sonnenseite.com\/de\/#organization\"},\"potentialAction\":[{\"@type\":\"SearchAction\",\"target\":{\"@type\":\"EntryPoint\",\"urlTemplate\":\"https:\/\/www.sonnenseite.com\/de\/?s={search_term_string}\"},\"query-input\":{\"@type\":\"PropertyValueSpecification\",\"valueRequired\":true,\"valueName\":\"search_term_string\"}}],\"inLanguage\":\"de\"},{\"@type\":\"Organization\",\"@id\":\"https:\/\/www.sonnenseite.com\/de\/#organization\",\"name\":\"Sonnenseite\",\"url\":\"https:\/\/www.sonnenseite.com\/de\/\",\"logo\":{\"@type\":\"ImageObject\",\"inLanguage\":\"de\",\"@id\":\"https:\/\/www.sonnenseite.com\/de\/#\/schema\/logo\/image\/\",\"url\":\"https:\/\/www.sonnenseite.com\/wp-content\/uploads\/2020\/05\/Sonnenseite_Logo.png\",\"contentUrl\":\"https:\/\/www.sonnenseite.com\/wp-content\/uploads\/2020\/05\/Sonnenseite_Logo.png\",\"width\":377,\"height\":90,\"caption\":\"Sonnenseite\"},\"image\":{\"@id\":\"https:\/\/www.sonnenseite.com\/de\/#\/schema\/logo\/image\/\"},\"sameAs\":[\"https:\/\/www.facebook.com\/pages\/Franz-Alt-SONNENSEITECOM\/221072987903953?fref=ts\",\"https:\/\/x.com\/franzalt\",\"http:\/\/www.youtube.com\/results?search_query&amp;amp;quot;franz_alt&amp;amp;quot;&amp;amp;amp;amp;search_type&amp;amp;amp;amp;aq=f\"]},{\"@type\":\"Person\",\"@id\":\"https:\/\/www.sonnenseite.com\/de\/#\/schema\/person\/6df44691cd9a70d99e140e1116ee8771\",\"name\":\"sbade\",\"sameAs\":[\"https:\/\/www.sonnenseite.com\"]}]}<\/script>\n<!-- \/ Yoast SEO plugin. -->","yoast_head_json":{"title":"Wechselhaftes Klima: Wie Staub das Gesicht der Erde ver\u00e4ndert hat - Sonnenseite - \u00d6kologische Kommunikation mit Franz Alt","description":"Im Fr\u00fchjahr 2010 kehrte der Forschungseisbrecher\u00a0Polarstern\u00a0mit einem wissenschaftlichen Schatz aus dem S\u00fcdpazifik zur\u00fcck: Meeressedimente aus einem","robots":{"index":"index","follow":"follow","max-snippet":"max-snippet:-1","max-image-preview":"max-image-preview:large","max-video-preview":"max-video-preview:-1"},"canonical":"https:\/\/www.sonnenseite.com\/de\/umwelt\/wechselhaftes-klima-wie-staub-das-gesicht-der-erde-veraendert-hat\/","og_locale":"de_DE","og_type":"article","og_title":"Wechselhaftes Klima: Wie Staub das Gesicht der Erde ver\u00e4ndert hat - Sonnenseite - \u00d6kologische Kommunikation mit Franz Alt","og_description":"Im Fr\u00fchjahr 2010 kehrte der Forschungseisbrecher\u00a0Polarstern\u00a0mit einem wissenschaftlichen Schatz aus dem S\u00fcdpazifik zur\u00fcck: Meeressedimente aus einem","og_url":"https:\/\/www.sonnenseite.com\/de\/umwelt\/wechselhaftes-klima-wie-staub-das-gesicht-der-erde-veraendert-hat\/","og_site_name":"Sonnenseite","article_publisher":"https:\/\/www.facebook.com\/pages\/Franz-Alt-SONNENSEITECOM\/221072987903953?fref=ts","article_published_time":"2014-02-19T23:00:00+00:00","og_image":[{"width":770,"height":420,"url":"https:\/\/www.sonnenseite.com\/wp-content\/uploads\/2020\/06\/archiv_artikel.jpg","type":"image\/jpeg"}],"author":"sbade","twitter_card":"summary_large_image","twitter_creator":"@franzalt","twitter_site":"@franzalt","twitter_misc":{"Verfasst von":"sbade","Gesch\u00e4tzte Lesezeit":"5\u00a0Minuten"},"schema":{"@context":"https:\/\/schema.org","@graph":[{"@type":"Article","@id":"https:\/\/www.sonnenseite.com\/de\/umwelt\/wechselhaftes-klima-wie-staub-das-gesicht-der-erde-veraendert-hat\/#article","isPartOf":{"@id":"https:\/\/www.sonnenseite.com\/de\/umwelt\/wechselhaftes-klima-wie-staub-das-gesicht-der-erde-veraendert-hat\/"},"author":{"name":"sbade","@id":"https:\/\/www.sonnenseite.com\/de\/#\/schema\/person\/6df44691cd9a70d99e140e1116ee8771"},"headline":"Wechselhaftes Klima: Wie Staub das Gesicht der Erde ver\u00e4ndert hat","datePublished":"2014-02-19T23:00:00+00:00","mainEntityOfPage":{"@id":"https:\/\/www.sonnenseite.com\/de\/umwelt\/wechselhaftes-klima-wie-staub-das-gesicht-der-erde-veraendert-hat\/"},"wordCount":957,"publisher":{"@id":"https:\/\/www.sonnenseite.com\/de\/#organization"},"image":{"@id":"https:\/\/www.sonnenseite.com\/de\/umwelt\/wechselhaftes-klima-wie-staub-das-gesicht-der-erde-veraendert-hat\/#primaryimage"},"thumbnailUrl":"https:\/\/www.sonnenseite.com\/wp-content\/uploads\/2020\/06\/archiv_artikel.jpg","articleSection":["Umwelt"],"inLanguage":"de"},{"@type":"WebPage","@id":"https:\/\/www.sonnenseite.com\/de\/umwelt\/wechselhaftes-klima-wie-staub-das-gesicht-der-erde-veraendert-hat\/","url":"https:\/\/www.sonnenseite.com\/de\/umwelt\/wechselhaftes-klima-wie-staub-das-gesicht-der-erde-veraendert-hat\/","name":"Wechselhaftes Klima: Wie Staub das Gesicht der Erde ver\u00e4ndert hat - Sonnenseite - \u00d6kologische Kommunikation mit Franz Alt","isPartOf":{"@id":"https:\/\/www.sonnenseite.com\/de\/#website"},"primaryImageOfPage":{"@id":"https:\/\/www.sonnenseite.com\/de\/umwelt\/wechselhaftes-klima-wie-staub-das-gesicht-der-erde-veraendert-hat\/#primaryimage"},"image":{"@id":"https:\/\/www.sonnenseite.com\/de\/umwelt\/wechselhaftes-klima-wie-staub-das-gesicht-der-erde-veraendert-hat\/#primaryimage"},"thumbnailUrl":"https:\/\/www.sonnenseite.com\/wp-content\/uploads\/2020\/06\/archiv_artikel.jpg","datePublished":"2014-02-19T23:00:00+00:00","description":"Im Fr\u00fchjahr 2010 kehrte der Forschungseisbrecher\u00a0Polarstern\u00a0mit einem wissenschaftlichen Schatz aus dem S\u00fcdpazifik zur\u00fcck: Meeressedimente aus einem","breadcrumb":{"@id":"https:\/\/www.sonnenseite.com\/de\/umwelt\/wechselhaftes-klima-wie-staub-das-gesicht-der-erde-veraendert-hat\/#breadcrumb"},"inLanguage":"de","potentialAction":[{"@type":"ReadAction","target":["https:\/\/www.sonnenseite.com\/de\/umwelt\/wechselhaftes-klima-wie-staub-das-gesicht-der-erde-veraendert-hat\/"]}]},{"@type":"ImageObject","inLanguage":"de","@id":"https:\/\/www.sonnenseite.com\/de\/umwelt\/wechselhaftes-klima-wie-staub-das-gesicht-der-erde-veraendert-hat\/#primaryimage","url":"https:\/\/www.sonnenseite.com\/wp-content\/uploads\/2020\/06\/archiv_artikel.jpg","contentUrl":"https:\/\/www.sonnenseite.com\/wp-content\/uploads\/2020\/06\/archiv_artikel.jpg","width":770,"height":420,"caption":"Sonnenseite"},{"@type":"BreadcrumbList","@id":"https:\/\/www.sonnenseite.com\/de\/umwelt\/wechselhaftes-klima-wie-staub-das-gesicht-der-erde-veraendert-hat\/#breadcrumb","itemListElement":[{"@type":"ListItem","position":1,"name":"Startseite","item":"https:\/\/www.sonnenseite.com\/de\/"},{"@type":"ListItem","position":2,"name":"Wechselhaftes Klima: Wie Staub das Gesicht der Erde ver\u00e4ndert hat"}]},{"@type":"WebSite","@id":"https:\/\/www.sonnenseite.com\/de\/#website","url":"https:\/\/www.sonnenseite.com\/de\/","name":"Sonnenseite","description":"\u00d6kologische Kommunikation mit Franz Alt","publisher":{"@id":"https:\/\/www.sonnenseite.com\/de\/#organization"},"potentialAction":[{"@type":"SearchAction","target":{"@type":"EntryPoint","urlTemplate":"https:\/\/www.sonnenseite.com\/de\/?s={search_term_string}"},"query-input":{"@type":"PropertyValueSpecification","valueRequired":true,"valueName":"search_term_string"}}],"inLanguage":"de"},{"@type":"Organization","@id":"https:\/\/www.sonnenseite.com\/de\/#organization","name":"Sonnenseite","url":"https:\/\/www.sonnenseite.com\/de\/","logo":{"@type":"ImageObject","inLanguage":"de","@id":"https:\/\/www.sonnenseite.com\/de\/#\/schema\/logo\/image\/","url":"https:\/\/www.sonnenseite.com\/wp-content\/uploads\/2020\/05\/Sonnenseite_Logo.png","contentUrl":"https:\/\/www.sonnenseite.com\/wp-content\/uploads\/2020\/05\/Sonnenseite_Logo.png","width":377,"height":90,"caption":"Sonnenseite"},"image":{"@id":"https:\/\/www.sonnenseite.com\/de\/#\/schema\/logo\/image\/"},"sameAs":["https:\/\/www.facebook.com\/pages\/Franz-Alt-SONNENSEITECOM\/221072987903953?fref=ts","https:\/\/x.com\/franzalt","http:\/\/www.youtube.com\/results?search_query&amp;amp;quot;franz_alt&amp;amp;quot;&amp;amp;amp;amp;search_type&amp;amp;amp;amp;aq=f"]},{"@type":"Person","@id":"https:\/\/www.sonnenseite.com\/de\/#\/schema\/person\/6df44691cd9a70d99e140e1116ee8771","name":"sbade","sameAs":["https:\/\/www.sonnenseite.com"]}]}},"_links":{"self":[{"href":"https:\/\/www.sonnenseite.com\/de\/wp-json\/wp\/v2\/posts\/52517","targetHints":{"allow":["GET"]}}],"collection":[{"href":"https:\/\/www.sonnenseite.com\/de\/wp-json\/wp\/v2\/posts"}],"about":[{"href":"https:\/\/www.sonnenseite.com\/de\/wp-json\/wp\/v2\/types\/post"}],"author":[{"embeddable":true,"href":"https:\/\/www.sonnenseite.com\/de\/wp-json\/wp\/v2\/users\/1"}],"replies":[{"embeddable":true,"href":"https:\/\/www.sonnenseite.com\/de\/wp-json\/wp\/v2\/comments?post=52517"}],"version-history":[{"count":0,"href":"https:\/\/www.sonnenseite.com\/de\/wp-json\/wp\/v2\/posts\/52517\/revisions"}],"wp:featuredmedia":[{"embeddable":true,"href":"https:\/\/www.sonnenseite.com\/de\/wp-json\/wp\/v2\/media\/50987"}],"wp:attachment":[{"href":"https:\/\/www.sonnenseite.com\/de\/wp-json\/wp\/v2\/media?parent=52517"}],"wp:term":[{"taxonomy":"category","embeddable":true,"href":"https:\/\/www.sonnenseite.com\/de\/wp-json\/wp\/v2\/categories?post=52517"},{"taxonomy":"post_tag","embeddable":true,"href":"https:\/\/www.sonnenseite.com\/de\/wp-json\/wp\/v2\/tags?post=52517"}],"curies":[{"name":"wp","href":"https:\/\/api.w.org\/{rel}","templated":true}]}}