{"id":52611,"date":"2014-02-05T00:00:00","date_gmt":"2014-02-04T23:00:00","guid":{"rendered":"https:\/\/www.sonnenseite.com\/politik\/die-zukunft-europas-energiewirtschaft.html"},"modified":"2014-02-05T00:00:00","modified_gmt":"2014-02-04T23:00:00","slug":"die-zukunft-europas-energiewirtschaft","status":"publish","type":"post","link":"https:\/\/www.sonnenseite.com\/de\/politik\/die-zukunft-europas-energiewirtschaft\/","title":{"rendered":"Die Zukunft Europas Energiewirtschaft"},"content":{"rendered":"<p>Entscheidung am 21. M\u00e4rz &#8211; Wind-und-Sonne-Pionier oder \u00d6l- und Kohleimporteur? Werden Windr\u00e4der und Solarpanels, oder Schornstein-Schlote k\u00fcnftig das Panorama Europas pr\u00e4gen? Am 21. M\u00e4rz wird der Europ\u00e4ische Rat \u00fcber das Schicksal der gesamten europ\u00e4ischen Energiewirtschaft bis zum Jahr 2030 entscheiden. Das h\u00f6chste Gremium der EU, bestehend aus den Staats- und Regierungschefs aller EU-Staaten, wird die Ziele zu Klimaschutz, erneuerbaren Energien und Energieeffizienz des neuen Energie- und Klimaprogramms der EU f\u00fcr die Dekade 2020 bis 2030 verabschieden. Von Katrin Heeren <!--more--> <\/p>\n<p>\u201eAlle Augen sind nun auf den Rat gerichtet, der eine ernsthafte europ\u00e4ische Klima- und Energiepolitik f\u00fcr 2030 formulieren sollte\u201c, so Rainer Hinrichs-Rahlwes, Pr\u00e4sident des Europ\u00e4ischen Dachverbandes f\u00fcr erneuerbare\u00a0Energien (EREC). Hier entscheidet sich, ob die EU ihre globale F\u00fchrungsrolle in Klimaschutz und erneuerbarer Energie ausbauen, oder sich von anderen Nationen wie den USA, S\u00fcdafrika, Indien und Brasilien abh\u00e4ngen lassen will, die seit kurzem m\u00e4chtig aufgeholt haben.<\/p>\n<p><strong>Es steht sogar mehr auf dem Spiel:<\/strong> Nichts Geringeres als die Zukunft der Menschheit in der Welt, wie wir sie kennen. Die von der Frage entschieden wird, ob wir es schaffen werden, die bereits begonnene globale Klimaerw\u00e4rmung auf ein \u201eertr\u00e4gliches\u201c Ma\u00df zu begrenzen. Der Pr\u00e4sident der Europ\u00e4ischen Kommission Jos\u00e9 Manuel Barroso verk\u00fcndete am 22. Januar bei der Ver\u00f6ffentlichung des Politikpapiers der Kommission: \u201eClimate action is central for the future of our planet\u201c.<\/p>\n<p>Klima-Kommissarin Hedegaard forderte bereits bei der Politikkonferenz von EREC im November 2013: \u201eF\u00fcr die Klimaverhandlungen in Paris 2015 muss Europa rechtzeitig konkrete Pl\u00e4ne und Ziele vorlegen. Die gro\u00dfe L\u00fccke zwischen Klimazielen und derzeitigem Emissionsanstieg muss geschlossen werden.\u201c<\/p>\n<p>Doch gehen wir einen Schritt zur\u00fcck. 2007 verabschiedete die EU das Energie- und Klimapaket f\u00fcr die Dekade bis 2020. Dieses enth\u00e4lt drei verbindliche Ziele:<\/p>\n<ol>\n<li>eine Emissionsminderung um 20%, <\/li>\n<li>einen Erneuerbaren-Energien-Anteil von 20% und <\/li>\n<li>eine Energieeffizienzsteigerung von 20% bis 2020. <\/li>\n<\/ol>\n<p>\u201eNoch sechs Monate vor Verabschiedung des Dokuments war dieses positive Ergebnis nicht vorhersehbar\u201c, kommentierte Hinrichs-Rahlwes. \u201eIch bin daher zuversichtlich, dass wir auch f\u00fcr das 2030-Paket verbindliche Ziele erwirken k\u00f6nnen.\u201c<\/p>\n<p>Im M\u00e4rz 2013 hatte die Kommission ihr Gr\u00fcnbuch f\u00fcr das 2030-Paket zur \u00f6ffentlichen Diskussion gestellt und Stellungnahmen hierzu entgegengenommen. Im November 2013 organisierte EREC eine Politikkonferenz zum Thema verbunden mit dem klaren und deutlichen Signal an die Kommission, \u201eein integriertes Rahmenprogramm mit drei verbindlichen, aufeinander abgestimmten und ausreichend ehrgeizigen Zielen f\u00fcr Klimaschutz, erneuerbare Energien und Energieeffizienz f\u00fcr 2030 zu verabschieden\u201c, so Hinrichs-Rahlwes.<\/p>\n<p>\u201eNur ein ehrgeiziges Ziel von 45% f\u00fcr erneuerbare Energien bis 2030 schafft ausreichend Investitionssicherheit und sichert der EU ihre Vorreiterrolle.\u201c Das Europ\u00e4ische Parlament unterst\u00fctzt die Forderung nach konkreten Zielen nachdr\u00fccklich in seiner Empfehlung an die Kommission vom 9. Januar 2014.<\/p>\n<p>Schon im November lie\u00df Anni Podimata, Vizepr\u00e4sidentin des Parlaments verlauten: \u201eWir brauchen eine integrierte, koh\u00e4rente Energie- und Klimapolitik mit drei verbindlichen Zielen. Es stimmt nicht, dass erneuerbare Energien zu teuer f\u00fcr die EU sind. Im Gegenteil sind dies die hochsubventionierten konventionellen Energien.\u201c<\/p>\n<p>Am 22. Januar 2014 legte die Kommission schlie\u00dflich ihr auf dem besagten Gr\u00fcnbuch und den Stellungnahmen hierzu basierendes Energie- und Klimapaket f\u00fcr den Zeitraum 2020-2030 vor, \u00fcber das der Rat entscheiden soll.<\/p>\n<p><strong>Der aktuelle Stand ist ein Kompromiss zwischen den divergierenden Interessen:<\/strong> F\u00fcr erneuerbare Energien wurde ein EU-weites Ziel von 27% festgelegt, das jedoch f\u00fcr die einzelnen Mitgliedstaaten keine Verpflichtungen vorsieht. F\u00fcr Energieeffizienz ist nur eine vage Formulierung enthalten, die besagt, dass Energieeffizienz weiter verbessert werden soll. Beide Regelungen sind somit ohne Durchsetzungskraft. Lediglich auf ein einziges Ziel, die Treibhausgasemissionen bis 2030 um 40% gegen\u00fcber dem Basisjahr 1990 zu vermindern, konnte sich verst\u00e4ndigt werden.<\/p>\n<p>Die Emp\u00f6rung seitens des Parlaments, der Umweltverb\u00e4nde und der gesamten Erneuerbaren-Energien-Branche ist gro\u00df. \u201cNoch vor f\u00fcnf Jahren hat die Kommission Investoren signalisiert, dass erneuerbare Energien Europas Zukunft w\u00e4ren. Jetzt begrenzt sie den Ausbau der Erneuerbaren, anstatt ein ambitioniertes Ziel f\u00fcr 2030 zu setzen,\u201c kommentiert Hinrichs-Rahlwes.<\/p>\n<p>Bei der Diskussion dreht es sich um handfeste Interessen. Die gro\u00dfen Energieversorger, die bis vor kurzem die Energiem\u00e4rkte fest im Griff hatten, profitieren bislang kaum von den Erneuerbaren, umso mehr von fossilen Energien und Atomkraft. Sachargumente und sogar Kostenargumente, die bisweilen gegen die Erneuerbaren ins Spiel gebracht werden, sprechen f\u00fcr erneuerbare Energien.<\/p>\n<p>In Deutschland wurden bis 2012 allein 50% der bisher erreichten Emissionsminderung durch den Ausbau erneuerbarer Energien erreicht. Auf den Emissionshandel zu setzen w\u00e4re fatal \u2013 der deutsche Wirtschaftsminister Sigmar Gabriel sagte hierzu w\u00f6rtlich, \u201edass die EU es nicht hingekriegt hat, den Emissionshandel am Leben zu lassen.\u201c\u00a0Das EU- Emissionshandelssystem hat bisher aufgrund von \u00dcberallokation kl\u00e4glich versagt.<\/p>\n<p>Sollte das Dokument in der von der Kommission vorgeschlagenen Form verabschiedet werden, h\u00e4tte das ernste Folgen. Die EU g\u00e4be damit ihre F\u00fchrungsrolle in Klimaschutz und Erneuerbaren an andere ab, und w\u00fcrde sich damit auf unbestimmte Zeit von Energieimporten aus Saudi-Arabien, Russland, Katar u.a. abh\u00e4ngig machen. 2012 wurden 545 Milliarden Euro hierf\u00fcr ausgegeben, ungleich mehr als in den Ausbau erneuerbarer Energien.<\/p>\n<h5 class=\"green\">Quelle<\/h5>\n<p>Katrin Heeren 2014<\/p>\n<div class=\"shariff shariff-align-flex-start shariff-widget-align-flex-start\"><div class=\"ShariffHeadline\">Diese Meldung teilen<\/div><ul class=\"shariff-buttons theme-round orientation-horizontal buttonsize-medium\"><li class=\"shariff-button facebook shariff-nocustomcolor\" style=\"background-color:#4273c8;border-radius:1%\"><a href=\"https:\/\/www.facebook.com\/sharer\/sharer.php?u=https%3A%2F%2Fwww.sonnenseite.com%2Fde%2Fpolitik%2Fdie-zukunft-europas-energiewirtschaft%2F\" title=\"Bei Facebook teilen\" aria-label=\"Bei Facebook teilen\" role=\"button\" rel=\"nofollow\" class=\"shariff-link\" style=\";border-radius:1%; background-color:#3b5998; color:#fff\" target=\"_blank\"><span class=\"shariff-icon\" style=\"\"><svg width=\"32px\" height=\"20px\" xmlns=\"http:\/\/www.w3.org\/2000\/svg\" viewBox=\"0 0 18 32\"><path fill=\"#3b5998\" d=\"M17.1 0.2v4.7h-2.8q-1.5 0-2.1 0.6t-0.5 1.9v3.4h5.2l-0.7 5.3h-4.5v13.6h-5.5v-13.6h-4.5v-5.3h4.5v-3.9q0-3.3 1.9-5.2t5-1.8q2.6 0 4.1 0.2z\"\/><\/svg><\/span><\/a><\/li><li class=\"shariff-button twitter shariff-nocustomcolor\" style=\"background-color:#595959;border-radius:1%\"><a href=\"https:\/\/twitter.com\/share?url=https%3A%2F%2Fwww.sonnenseite.com%2Fde%2Fpolitik%2Fdie-zukunft-europas-energiewirtschaft%2F&text=Die%20Zukunft%20Europas%20Energiewirtschaft\" title=\"Bei X teilen\" aria-label=\"Bei X teilen\" role=\"button\" rel=\"noopener nofollow\" class=\"shariff-link\" style=\";border-radius:1%; background-color:#000; color:#fff\" target=\"_blank\"><span class=\"shariff-icon\" style=\"\"><svg width=\"32px\" height=\"20px\" xmlns=\"http:\/\/www.w3.org\/2000\/svg\" viewBox=\"0 0 24 24\"><path fill=\"#000\" d=\"M14.258 10.152L23.176 0h-2.113l-7.747 8.813L7.133 0H0l9.352 13.328L0 23.973h2.113l8.176-9.309 6.531 9.309h7.133zm-2.895 3.293l-.949-1.328L2.875 1.56h3.246l6.086 8.523.945 1.328 7.91 11.078h-3.246zm0 0\"\/><\/svg><\/span><\/a><\/li><li class=\"shariff-button xing shariff-nocustomcolor\" style=\"background-color:#29888a;border-radius:1%\"><a href=\"https:\/\/www.xing.com\/spi\/shares\/new?url=https%3A%2F%2Fwww.sonnenseite.com%2Fde%2Fpolitik%2Fdie-zukunft-europas-energiewirtschaft%2F\" title=\"Bei XING teilen\" aria-label=\"Bei XING teilen\" role=\"button\" rel=\"noopener nofollow\" class=\"shariff-link\" style=\";border-radius:1%; background-color:#126567; color:#fff\" target=\"_blank\"><span class=\"shariff-icon\" style=\"\"><svg width=\"32px\" height=\"20px\" xmlns=\"http:\/\/www.w3.org\/2000\/svg\" viewBox=\"0 0 25 32\"><path fill=\"#126567\" d=\"M10.7 11.9q-0.2 0.3-4.6 8.2-0.5 0.8-1.2 0.8h-4.3q-0.4 0-0.5-0.3t0-0.6l4.5-8q0 0 0 0l-2.9-5q-0.2-0.4 0-0.7 0.2-0.3 0.5-0.3h4.3q0.7 0 1.2 0.8zM25.1 0.4q0.2 0.3 0 0.7l-9.4 16.7 6 11q0.2 0.4 0 0.6-0.2 0.3-0.6 0.3h-4.3q-0.7 0-1.2-0.8l-6-11.1q0.3-0.6 9.5-16.8 0.4-0.8 1.2-0.8h4.3q0.4 0 0.5 0.3z\"\/><\/svg><\/span><\/a><\/li><li class=\"shariff-button linkedin shariff-nocustomcolor\" style=\"background-color:#1488bf;border-radius:1%\"><a href=\"https:\/\/www.linkedin.com\/sharing\/share-offsite\/?url=https%3A%2F%2Fwww.sonnenseite.com%2Fde%2Fpolitik%2Fdie-zukunft-europas-energiewirtschaft%2F\" title=\"Bei LinkedIn teilen\" aria-label=\"Bei LinkedIn teilen\" role=\"button\" rel=\"noopener nofollow\" class=\"shariff-link\" style=\";border-radius:1%; background-color:#0077b5; color:#fff\" target=\"_blank\"><span class=\"shariff-icon\" style=\"\"><svg width=\"32px\" height=\"20px\" xmlns=\"http:\/\/www.w3.org\/2000\/svg\" viewBox=\"0 0 27 32\"><path fill=\"#0077b5\" d=\"M6.2 11.2v17.7h-5.9v-17.7h5.9zM6.6 5.7q0 1.3-0.9 2.2t-2.4 0.9h0q-1.5 0-2.4-0.9t-0.9-2.2 0.9-2.2 2.4-0.9 2.4 0.9 0.9 2.2zM27.4 18.7v10.1h-5.9v-9.5q0-1.9-0.7-2.9t-2.3-1.1q-1.1 0-1.9 0.6t-1.2 1.5q-0.2 0.5-0.2 1.4v9.9h-5.9q0-7.1 0-11.6t0-5.3l0-0.9h5.9v2.6h0q0.4-0.6 0.7-1t1-0.9 1.6-0.8 2-0.3q3 0 4.9 2t1.9 6z\"\/><\/svg><\/span><\/a><\/li><li class=\"shariff-button printer shariff-nocustomcolor\" style=\"background-color:#a8a8a8;border-radius:1%\"><a href=\"javascript:window.print()\" title=\"drucken\" aria-label=\"drucken\" role=\"button\" rel=\"noopener nofollow\" class=\"shariff-link\" style=\";border-radius:1%; background-color:#999; color:#fff\"><span class=\"shariff-icon\" style=\"\"><svg width=\"32px\" height=\"20px\" xmlns=\"http:\/\/www.w3.org\/2000\/svg\" viewBox=\"0 0 30 32\"><path fill=\"#999\" d=\"M6.8 27.4h16v-4.6h-16v4.6zM6.8 16h16v-6.8h-2.8q-0.7 0-1.2-0.5t-0.5-1.2v-2.8h-11.4v11.4zM27.4 17.2q0-0.5-0.3-0.8t-0.8-0.4-0.8 0.4-0.3 0.8 0.3 0.8 0.8 0.3 0.8-0.3 0.3-0.8zM29.7 17.2v7.4q0 0.2-0.2 0.4t-0.4 0.2h-4v2.8q0 0.7-0.5 1.2t-1.2 0.5h-17.2q-0.7 0-1.2-0.5t-0.5-1.2v-2.8h-4q-0.2 0-0.4-0.2t-0.2-0.4v-7.4q0-1.4 1-2.4t2.4-1h1.2v-9.7q0-0.7 0.5-1.2t1.2-0.5h12q0.7 0 1.6 0.4t1.3 0.8l2.7 2.7q0.5 0.5 0.9 1.4t0.4 1.6v4.6h1.1q1.4 0 2.4 1t1 2.4z\"\/><\/svg><\/span><\/a><\/li><li class=\"shariff-button mailto shariff-nocustomcolor\" style=\"background-color:#a8a8a8;border-radius:1%\"><a href=\"mailto:?body=https%3A%2F%2Fwww.sonnenseite.com%2Fde%2Fpolitik%2Fdie-zukunft-europas-energiewirtschaft%2F&subject=Die%20Zukunft%20Europas%20Energiewirtschaft\" title=\"Per E-Mail versenden\" aria-label=\"Per E-Mail versenden\" role=\"button\" rel=\"noopener nofollow\" class=\"shariff-link\" style=\";border-radius:1%; background-color:#999; color:#fff\"><span class=\"shariff-icon\" style=\"\"><svg width=\"32px\" height=\"20px\" xmlns=\"http:\/\/www.w3.org\/2000\/svg\" viewBox=\"0 0 32 32\"><path fill=\"#999\" d=\"M32 12.7v14.2q0 1.2-0.8 2t-2 0.9h-26.3q-1.2 0-2-0.9t-0.8-2v-14.2q0.8 0.9 1.8 1.6 6.5 4.4 8.9 6.1 1 0.8 1.6 1.2t1.7 0.9 2 0.4h0.1q0.9 0 2-0.4t1.7-0.9 1.6-1.2q3-2.2 8.9-6.1 1-0.7 1.8-1.6zM32 7.4q0 1.4-0.9 2.7t-2.2 2.2q-6.7 4.7-8.4 5.8-0.2 0.1-0.7 0.5t-1 0.7-0.9 0.6-1.1 0.5-0.9 0.2h-0.1q-0.4 0-0.9-0.2t-1.1-0.5-0.9-0.6-1-0.7-0.7-0.5q-1.6-1.1-4.7-3.2t-3.6-2.6q-1.1-0.7-2.1-2t-1-2.5q0-1.4 0.7-2.3t2.1-0.9h26.3q1.2 0 2 0.8t0.9 2z\"\/><\/svg><\/span><\/a><\/li><\/ul><\/div>","protected":false},"excerpt":{"rendered":"<p>Entscheidung am 21. M\u00e4rz &#8211; Wind-und-Sonne-Pionier oder \u00d6l- und Kohleimporteur? Werden Windr\u00e4der und Solarpanels, oder Schornstein-Schlote [&hellip;]<\/p>\n","protected":false},"author":1,"featured_media":50987,"comment_status":"closed","ping_status":"closed","sticky":false,"template":"","format":"standard","meta":{"inline_featured_image":false,"footnotes":""},"categories":[21],"tags":[],"class_list":["post-52611","post","type-post","status-publish","format-standard","has-post-thumbnail","hentry","category-politik"],"yoast_head":"<!-- This site is optimized with the Yoast SEO plugin v26.5 - https:\/\/yoast.com\/wordpress\/plugins\/seo\/ -->\n<title>Die Zukunft Europas Energiewirtschaft - Sonnenseite - \u00d6kologische Kommunikation mit Franz Alt<\/title>\n<meta name=\"description\" content=\"Entscheidung am 21. M\u00e4rz - Wind-und-Sonne-Pionier oder \u00d6l- und Kohleimporteur? Werden Windr\u00e4der und Solarpanels, oder Schornstein-Schlote k\u00fcnftig das\" \/>\n<meta name=\"robots\" content=\"index, follow, max-snippet:-1, max-image-preview:large, max-video-preview:-1\" \/>\n<link rel=\"canonical\" href=\"https:\/\/www.sonnenseite.com\/de\/politik\/die-zukunft-europas-energiewirtschaft\/\" \/>\n<meta property=\"og:locale\" content=\"de_DE\" \/>\n<meta property=\"og:type\" content=\"article\" \/>\n<meta property=\"og:title\" content=\"Die Zukunft Europas Energiewirtschaft - Sonnenseite - \u00d6kologische Kommunikation mit Franz Alt\" \/>\n<meta property=\"og:description\" content=\"Entscheidung am 21. M\u00e4rz - Wind-und-Sonne-Pionier oder \u00d6l- und Kohleimporteur? Werden Windr\u00e4der und Solarpanels, oder Schornstein-Schlote k\u00fcnftig das\" \/>\n<meta property=\"og:url\" content=\"https:\/\/www.sonnenseite.com\/de\/politik\/die-zukunft-europas-energiewirtschaft\/\" \/>\n<meta property=\"og:site_name\" content=\"Sonnenseite\" \/>\n<meta property=\"article:publisher\" content=\"https:\/\/www.facebook.com\/pages\/Franz-Alt-SONNENSEITECOM\/221072987903953?fref=ts\" \/>\n<meta property=\"article:published_time\" content=\"2014-02-04T23:00:00+00:00\" \/>\n<meta property=\"og:image\" content=\"https:\/\/www.sonnenseite.com\/wp-content\/uploads\/2020\/06\/archiv_artikel.jpg\" \/>\n\t<meta property=\"og:image:width\" content=\"770\" \/>\n\t<meta property=\"og:image:height\" content=\"420\" \/>\n\t<meta property=\"og:image:type\" content=\"image\/jpeg\" \/>\n<meta name=\"author\" content=\"sbade\" \/>\n<meta name=\"twitter:card\" content=\"summary_large_image\" \/>\n<meta name=\"twitter:creator\" content=\"@franzalt\" \/>\n<meta name=\"twitter:site\" content=\"@franzalt\" \/>\n<meta name=\"twitter:label1\" content=\"Verfasst von\" \/>\n\t<meta name=\"twitter:data1\" content=\"sbade\" \/>\n\t<meta name=\"twitter:label2\" content=\"Gesch\u00e4tzte Lesezeit\" \/>\n\t<meta name=\"twitter:data2\" content=\"4\u00a0Minuten\" \/>\n<script type=\"application\/ld+json\" class=\"yoast-schema-graph\">{\"@context\":\"https:\/\/schema.org\",\"@graph\":[{\"@type\":\"Article\",\"@id\":\"https:\/\/www.sonnenseite.com\/de\/politik\/die-zukunft-europas-energiewirtschaft\/#article\",\"isPartOf\":{\"@id\":\"https:\/\/www.sonnenseite.com\/de\/politik\/die-zukunft-europas-energiewirtschaft\/\"},\"author\":{\"name\":\"sbade\",\"@id\":\"https:\/\/www.sonnenseite.com\/de\/#\/schema\/person\/6df44691cd9a70d99e140e1116ee8771\"},\"headline\":\"Die Zukunft Europas Energiewirtschaft\",\"datePublished\":\"2014-02-04T23:00:00+00:00\",\"mainEntityOfPage\":{\"@id\":\"https:\/\/www.sonnenseite.com\/de\/politik\/die-zukunft-europas-energiewirtschaft\/\"},\"wordCount\":826,\"publisher\":{\"@id\":\"https:\/\/www.sonnenseite.com\/de\/#organization\"},\"image\":{\"@id\":\"https:\/\/www.sonnenseite.com\/de\/politik\/die-zukunft-europas-energiewirtschaft\/#primaryimage\"},\"thumbnailUrl\":\"https:\/\/www.sonnenseite.com\/wp-content\/uploads\/2020\/06\/archiv_artikel.jpg\",\"articleSection\":[\"Politik\"],\"inLanguage\":\"de\"},{\"@type\":\"WebPage\",\"@id\":\"https:\/\/www.sonnenseite.com\/de\/politik\/die-zukunft-europas-energiewirtschaft\/\",\"url\":\"https:\/\/www.sonnenseite.com\/de\/politik\/die-zukunft-europas-energiewirtschaft\/\",\"name\":\"Die Zukunft Europas Energiewirtschaft - Sonnenseite - \u00d6kologische Kommunikation mit Franz Alt\",\"isPartOf\":{\"@id\":\"https:\/\/www.sonnenseite.com\/de\/#website\"},\"primaryImageOfPage\":{\"@id\":\"https:\/\/www.sonnenseite.com\/de\/politik\/die-zukunft-europas-energiewirtschaft\/#primaryimage\"},\"image\":{\"@id\":\"https:\/\/www.sonnenseite.com\/de\/politik\/die-zukunft-europas-energiewirtschaft\/#primaryimage\"},\"thumbnailUrl\":\"https:\/\/www.sonnenseite.com\/wp-content\/uploads\/2020\/06\/archiv_artikel.jpg\",\"datePublished\":\"2014-02-04T23:00:00+00:00\",\"description\":\"Entscheidung am 21. M\u00e4rz - Wind-und-Sonne-Pionier oder \u00d6l- und Kohleimporteur? Werden Windr\u00e4der und Solarpanels, oder Schornstein-Schlote k\u00fcnftig das\",\"breadcrumb\":{\"@id\":\"https:\/\/www.sonnenseite.com\/de\/politik\/die-zukunft-europas-energiewirtschaft\/#breadcrumb\"},\"inLanguage\":\"de\",\"potentialAction\":[{\"@type\":\"ReadAction\",\"target\":[\"https:\/\/www.sonnenseite.com\/de\/politik\/die-zukunft-europas-energiewirtschaft\/\"]}]},{\"@type\":\"ImageObject\",\"inLanguage\":\"de\",\"@id\":\"https:\/\/www.sonnenseite.com\/de\/politik\/die-zukunft-europas-energiewirtschaft\/#primaryimage\",\"url\":\"https:\/\/www.sonnenseite.com\/wp-content\/uploads\/2020\/06\/archiv_artikel.jpg\",\"contentUrl\":\"https:\/\/www.sonnenseite.com\/wp-content\/uploads\/2020\/06\/archiv_artikel.jpg\",\"width\":770,\"height\":420,\"caption\":\"Sonnenseite\"},{\"@type\":\"BreadcrumbList\",\"@id\":\"https:\/\/www.sonnenseite.com\/de\/politik\/die-zukunft-europas-energiewirtschaft\/#breadcrumb\",\"itemListElement\":[{\"@type\":\"ListItem\",\"position\":1,\"name\":\"Startseite\",\"item\":\"https:\/\/www.sonnenseite.com\/de\/\"},{\"@type\":\"ListItem\",\"position\":2,\"name\":\"Die Zukunft Europas Energiewirtschaft\"}]},{\"@type\":\"WebSite\",\"@id\":\"https:\/\/www.sonnenseite.com\/de\/#website\",\"url\":\"https:\/\/www.sonnenseite.com\/de\/\",\"name\":\"Sonnenseite\",\"description\":\"\u00d6kologische Kommunikation mit Franz Alt\",\"publisher\":{\"@id\":\"https:\/\/www.sonnenseite.com\/de\/#organization\"},\"potentialAction\":[{\"@type\":\"SearchAction\",\"target\":{\"@type\":\"EntryPoint\",\"urlTemplate\":\"https:\/\/www.sonnenseite.com\/de\/?s={search_term_string}\"},\"query-input\":{\"@type\":\"PropertyValueSpecification\",\"valueRequired\":true,\"valueName\":\"search_term_string\"}}],\"inLanguage\":\"de\"},{\"@type\":\"Organization\",\"@id\":\"https:\/\/www.sonnenseite.com\/de\/#organization\",\"name\":\"Sonnenseite\",\"url\":\"https:\/\/www.sonnenseite.com\/de\/\",\"logo\":{\"@type\":\"ImageObject\",\"inLanguage\":\"de\",\"@id\":\"https:\/\/www.sonnenseite.com\/de\/#\/schema\/logo\/image\/\",\"url\":\"https:\/\/www.sonnenseite.com\/wp-content\/uploads\/2020\/05\/Sonnenseite_Logo.png\",\"contentUrl\":\"https:\/\/www.sonnenseite.com\/wp-content\/uploads\/2020\/05\/Sonnenseite_Logo.png\",\"width\":377,\"height\":90,\"caption\":\"Sonnenseite\"},\"image\":{\"@id\":\"https:\/\/www.sonnenseite.com\/de\/#\/schema\/logo\/image\/\"},\"sameAs\":[\"https:\/\/www.facebook.com\/pages\/Franz-Alt-SONNENSEITECOM\/221072987903953?fref=ts\",\"https:\/\/x.com\/franzalt\",\"http:\/\/www.youtube.com\/results?search_query&amp;amp;quot;franz_alt&amp;amp;quot;&amp;amp;amp;amp;search_type&amp;amp;amp;amp;aq=f\"]},{\"@type\":\"Person\",\"@id\":\"https:\/\/www.sonnenseite.com\/de\/#\/schema\/person\/6df44691cd9a70d99e140e1116ee8771\",\"name\":\"sbade\",\"sameAs\":[\"https:\/\/www.sonnenseite.com\"]}]}<\/script>\n<!-- \/ Yoast SEO plugin. -->","yoast_head_json":{"title":"Die Zukunft Europas Energiewirtschaft - Sonnenseite - \u00d6kologische Kommunikation mit Franz Alt","description":"Entscheidung am 21. M\u00e4rz - Wind-und-Sonne-Pionier oder \u00d6l- und Kohleimporteur? Werden Windr\u00e4der und Solarpanels, oder Schornstein-Schlote k\u00fcnftig das","robots":{"index":"index","follow":"follow","max-snippet":"max-snippet:-1","max-image-preview":"max-image-preview:large","max-video-preview":"max-video-preview:-1"},"canonical":"https:\/\/www.sonnenseite.com\/de\/politik\/die-zukunft-europas-energiewirtschaft\/","og_locale":"de_DE","og_type":"article","og_title":"Die Zukunft Europas Energiewirtschaft - Sonnenseite - \u00d6kologische Kommunikation mit Franz Alt","og_description":"Entscheidung am 21. M\u00e4rz - Wind-und-Sonne-Pionier oder \u00d6l- und Kohleimporteur? Werden Windr\u00e4der und Solarpanels, oder Schornstein-Schlote k\u00fcnftig das","og_url":"https:\/\/www.sonnenseite.com\/de\/politik\/die-zukunft-europas-energiewirtschaft\/","og_site_name":"Sonnenseite","article_publisher":"https:\/\/www.facebook.com\/pages\/Franz-Alt-SONNENSEITECOM\/221072987903953?fref=ts","article_published_time":"2014-02-04T23:00:00+00:00","og_image":[{"width":770,"height":420,"url":"https:\/\/www.sonnenseite.com\/wp-content\/uploads\/2020\/06\/archiv_artikel.jpg","type":"image\/jpeg"}],"author":"sbade","twitter_card":"summary_large_image","twitter_creator":"@franzalt","twitter_site":"@franzalt","twitter_misc":{"Verfasst von":"sbade","Gesch\u00e4tzte Lesezeit":"4\u00a0Minuten"},"schema":{"@context":"https:\/\/schema.org","@graph":[{"@type":"Article","@id":"https:\/\/www.sonnenseite.com\/de\/politik\/die-zukunft-europas-energiewirtschaft\/#article","isPartOf":{"@id":"https:\/\/www.sonnenseite.com\/de\/politik\/die-zukunft-europas-energiewirtschaft\/"},"author":{"name":"sbade","@id":"https:\/\/www.sonnenseite.com\/de\/#\/schema\/person\/6df44691cd9a70d99e140e1116ee8771"},"headline":"Die Zukunft Europas Energiewirtschaft","datePublished":"2014-02-04T23:00:00+00:00","mainEntityOfPage":{"@id":"https:\/\/www.sonnenseite.com\/de\/politik\/die-zukunft-europas-energiewirtschaft\/"},"wordCount":826,"publisher":{"@id":"https:\/\/www.sonnenseite.com\/de\/#organization"},"image":{"@id":"https:\/\/www.sonnenseite.com\/de\/politik\/die-zukunft-europas-energiewirtschaft\/#primaryimage"},"thumbnailUrl":"https:\/\/www.sonnenseite.com\/wp-content\/uploads\/2020\/06\/archiv_artikel.jpg","articleSection":["Politik"],"inLanguage":"de"},{"@type":"WebPage","@id":"https:\/\/www.sonnenseite.com\/de\/politik\/die-zukunft-europas-energiewirtschaft\/","url":"https:\/\/www.sonnenseite.com\/de\/politik\/die-zukunft-europas-energiewirtschaft\/","name":"Die Zukunft Europas Energiewirtschaft - Sonnenseite - \u00d6kologische Kommunikation mit Franz Alt","isPartOf":{"@id":"https:\/\/www.sonnenseite.com\/de\/#website"},"primaryImageOfPage":{"@id":"https:\/\/www.sonnenseite.com\/de\/politik\/die-zukunft-europas-energiewirtschaft\/#primaryimage"},"image":{"@id":"https:\/\/www.sonnenseite.com\/de\/politik\/die-zukunft-europas-energiewirtschaft\/#primaryimage"},"thumbnailUrl":"https:\/\/www.sonnenseite.com\/wp-content\/uploads\/2020\/06\/archiv_artikel.jpg","datePublished":"2014-02-04T23:00:00+00:00","description":"Entscheidung am 21. M\u00e4rz - Wind-und-Sonne-Pionier oder \u00d6l- und Kohleimporteur? Werden Windr\u00e4der und Solarpanels, oder Schornstein-Schlote k\u00fcnftig das","breadcrumb":{"@id":"https:\/\/www.sonnenseite.com\/de\/politik\/die-zukunft-europas-energiewirtschaft\/#breadcrumb"},"inLanguage":"de","potentialAction":[{"@type":"ReadAction","target":["https:\/\/www.sonnenseite.com\/de\/politik\/die-zukunft-europas-energiewirtschaft\/"]}]},{"@type":"ImageObject","inLanguage":"de","@id":"https:\/\/www.sonnenseite.com\/de\/politik\/die-zukunft-europas-energiewirtschaft\/#primaryimage","url":"https:\/\/www.sonnenseite.com\/wp-content\/uploads\/2020\/06\/archiv_artikel.jpg","contentUrl":"https:\/\/www.sonnenseite.com\/wp-content\/uploads\/2020\/06\/archiv_artikel.jpg","width":770,"height":420,"caption":"Sonnenseite"},{"@type":"BreadcrumbList","@id":"https:\/\/www.sonnenseite.com\/de\/politik\/die-zukunft-europas-energiewirtschaft\/#breadcrumb","itemListElement":[{"@type":"ListItem","position":1,"name":"Startseite","item":"https:\/\/www.sonnenseite.com\/de\/"},{"@type":"ListItem","position":2,"name":"Die Zukunft Europas Energiewirtschaft"}]},{"@type":"WebSite","@id":"https:\/\/www.sonnenseite.com\/de\/#website","url":"https:\/\/www.sonnenseite.com\/de\/","name":"Sonnenseite","description":"\u00d6kologische Kommunikation mit Franz Alt","publisher":{"@id":"https:\/\/www.sonnenseite.com\/de\/#organization"},"potentialAction":[{"@type":"SearchAction","target":{"@type":"EntryPoint","urlTemplate":"https:\/\/www.sonnenseite.com\/de\/?s={search_term_string}"},"query-input":{"@type":"PropertyValueSpecification","valueRequired":true,"valueName":"search_term_string"}}],"inLanguage":"de"},{"@type":"Organization","@id":"https:\/\/www.sonnenseite.com\/de\/#organization","name":"Sonnenseite","url":"https:\/\/www.sonnenseite.com\/de\/","logo":{"@type":"ImageObject","inLanguage":"de","@id":"https:\/\/www.sonnenseite.com\/de\/#\/schema\/logo\/image\/","url":"https:\/\/www.sonnenseite.com\/wp-content\/uploads\/2020\/05\/Sonnenseite_Logo.png","contentUrl":"https:\/\/www.sonnenseite.com\/wp-content\/uploads\/2020\/05\/Sonnenseite_Logo.png","width":377,"height":90,"caption":"Sonnenseite"},"image":{"@id":"https:\/\/www.sonnenseite.com\/de\/#\/schema\/logo\/image\/"},"sameAs":["https:\/\/www.facebook.com\/pages\/Franz-Alt-SONNENSEITECOM\/221072987903953?fref=ts","https:\/\/x.com\/franzalt","http:\/\/www.youtube.com\/results?search_query&amp;amp;quot;franz_alt&amp;amp;quot;&amp;amp;amp;amp;search_type&amp;amp;amp;amp;aq=f"]},{"@type":"Person","@id":"https:\/\/www.sonnenseite.com\/de\/#\/schema\/person\/6df44691cd9a70d99e140e1116ee8771","name":"sbade","sameAs":["https:\/\/www.sonnenseite.com"]}]}},"_links":{"self":[{"href":"https:\/\/www.sonnenseite.com\/de\/wp-json\/wp\/v2\/posts\/52611","targetHints":{"allow":["GET"]}}],"collection":[{"href":"https:\/\/www.sonnenseite.com\/de\/wp-json\/wp\/v2\/posts"}],"about":[{"href":"https:\/\/www.sonnenseite.com\/de\/wp-json\/wp\/v2\/types\/post"}],"author":[{"embeddable":true,"href":"https:\/\/www.sonnenseite.com\/de\/wp-json\/wp\/v2\/users\/1"}],"replies":[{"embeddable":true,"href":"https:\/\/www.sonnenseite.com\/de\/wp-json\/wp\/v2\/comments?post=52611"}],"version-history":[{"count":0,"href":"https:\/\/www.sonnenseite.com\/de\/wp-json\/wp\/v2\/posts\/52611\/revisions"}],"wp:featuredmedia":[{"embeddable":true,"href":"https:\/\/www.sonnenseite.com\/de\/wp-json\/wp\/v2\/media\/50987"}],"wp:attachment":[{"href":"https:\/\/www.sonnenseite.com\/de\/wp-json\/wp\/v2\/media?parent=52611"}],"wp:term":[{"taxonomy":"category","embeddable":true,"href":"https:\/\/www.sonnenseite.com\/de\/wp-json\/wp\/v2\/categories?post=52611"},{"taxonomy":"post_tag","embeddable":true,"href":"https:\/\/www.sonnenseite.com\/de\/wp-json\/wp\/v2\/tags?post=52611"}],"curies":[{"name":"wp","href":"https:\/\/api.w.org\/{rel}","templated":true}]}}