{"id":52756,"date":"2014-01-16T00:00:00","date_gmt":"2014-01-15T23:00:00","guid":{"rendered":"https:\/\/www.sonnenseite.com\/politik\/europa-koennte-emissionen-zu-moderaten-kosten-um-40-prozent-senken.html"},"modified":"2014-01-16T00:00:00","modified_gmt":"2014-01-15T23:00:00","slug":"europa-koennte-emissionen-zu-moderaten-kosten-um-40-prozent-senken","status":"publish","type":"post","link":"https:\/\/www.sonnenseite.com\/de\/politik\/europa-koennte-emissionen-zu-moderaten-kosten-um-40-prozent-senken\/","title":{"rendered":"Europa k\u00f6nnte Emissionen zu moderaten Kosten um 40 Prozent senken"},"content":{"rendered":"<p>Die EU k\u00f6nnte zu moderaten Kosten ein ehrgeizigeres Klimaziel erreichen. <!--more--> <\/p>\n<p>W\u00fcrden die gegenw\u00e4rtig bis 2020 geplanten 20 Prozent Minderung des Aussto\u00dfes von Treibhausgasen auf 40 Prozent bis 2030 hochgesetzt, so l\u00e4gen die zus\u00e4tzlichen Kosten wahrscheinlich bei weniger als 0.7 Prozent der Wirtschaftskraft. Dies ist ein Kernergebnis der internationalen, mehrere Modelle vergleichenden Untersuchung des Stanford Modeling Forum (EMF28).<\/p>\n<p><strong>Die Ver\u00f6ffentlichung kommt zu einem entscheidenden Zeitpunkt:<\/strong> N\u00e4chste Woche wird die Europ\u00e4ische Kommission verk\u00fcnden, in welchem Ma\u00df sie ihre Emissionen im n\u00e4chsten Jahrzehnt senken will. Allerdings sehen die Wissenschaftler f\u00fcr die Zeit nach 2040 ein Risiko stark steigender Kosten. Um dem entgegen zu wirken, sind technologische Innovationen n\u00f6tig.<\/p>\n<p>\u201eIn den n\u00e4chsten zwei Jahrzehnten ist auch mit den bereits vorhandenen Technologien eine Transformation m\u00f6glich\u201c, sagt Brigitte Knopf vom Potsdam-Institut f\u00fcr Klimafolgenforschung, Leiterin der von einem Dutzend Forschergruppen durchgef\u00fchrten Studie. F\u00fcr die dann folgende Zeit ergeben die verwendeten Modelle des Energie-Wirtschafts-Systems unterschiedliche Kostenprojektionen. Einige Simulationen zeigen einen steilen Anstieg der Kosten nach 2040, andere nur einen linearen. Ein bestimmender Faktor ist hier, in welchem Ma\u00dfe in den Modellen neue Technologien die alten ersetzen k\u00f6nnen. Dies weist darauf hin, dass technischer Fortschritt notwendig ist, um die Kosten im Griff zu behalten.<\/p>\n<p>\u201eDaher sollte heute ein klares Preis-Signal gegeben werden, etwa im Europ\u00e4ischen Emissionshandel\u201c, so Knopf. \u201eDas w\u00fcrde einen Anreiz setzen f\u00fcr Innovation \u2013 die dann verhindert, dass sich das Energiesystem mit Investitionen in CO2-intensive Technologien wie Kohlekraftwerke selbst festf\u00e4hrt.\u201c<\/p>\n<p><strong>Bisherige CO2-Reduktion reicht nicht, um langfristige Klimaziele zu erreichen<\/strong><\/p>\n<p>\u201eDas derzeitige Ziel von 20 Prozent weniger Aussto\u00df von Treibhausgasen in Europa bis 2020 k\u00f6nnte nicht ausreichen, um die langfristigen Klimaziele der EU zu erreichen\u201c, sagt Enrica De Cian von der italienischen\u00a0<em>Fondazione Eni Enrico Mattei<\/em> und dem\u00a0<em>Euro-Mediterranean Center on Climate Change<\/em>. \u201eKurzfristige Emissionsreduktionen von mindestens 40 Prozent bis 2030 w\u00e4ren n\u00f6tig, um am Ende das von der EU angestrebte Langfrist-Ziel von 80 Prozent bis 2050 gegen\u00fcber 1990 zu erreichen.\u201c Die Modelle in der Studie legen sogar ein h\u00f6heres Ziel als die gegenw\u00e4rtig diskutierten 40 Prozent nahe.<\/p>\n<p>Die Untersuchung best\u00e4tigt Ergebnisse der EU Energy Roadmap, in der die europ\u00e4ische Klima- und Energiestrategie analysiert wird. \u201eDurch das Setzen von Zielen f\u00fcr 2030 w\u00fcrde die EU signalisieren, dass sie ihren Beitrag leisten will zu den weltweiten Bem\u00fchungen um den Klimaschutz\u201c, erkl\u00e4rt De Cian. \u201eEine positive Reaktion anderer L\u00e4nder auf dieses Signal w\u00fcrde dann den technologischen Wandel auch in Europa f\u00f6rdern.\u201c<\/p>\n<p><strong>Viele Optionen zur Auswahl \u2013 Windkraft k\u00f6nnte siebenfach zunehmen<\/strong><\/p>\n<p>Die in der Studie untersuchten M\u00f6glichkeiten, das Klimaziel der EU zu erf\u00fcllen, reichen von den erneuerbaren Energien \u00fcber die Kernkraft bis zu einer Steigerung der Energie-Effizienz. \u201eEs gibt also eine breite Auswahl f\u00fcr Entscheidungstr\u00e4ger, abh\u00e4ngig von deren Pr\u00e4ferenzen, und das ist gut\u201c, sagt Detlef van Vuuren von der Niederl\u00e4ndischen Agentur f\u00fcr Umweltfragen PBL und der Universit\u00e4t Utrecht. \u201eDie Modelle optimieren aber in ihren Simulationen die Ver\u00e4nderungen des Stromsektors, und die meisten zeigen dabei eine m\u00f6gliche Zunahme der Energie aus Biomasse um das Dreifache, und bei Windkraft sogar um das Siebenfache.\u201c Dies m\u00fcsste sich in einem m\u00f6glichen k\u00fcnftigen EU-Ziel f\u00fcr den Ausbau der erneuerbaren Energien widerspiegeln.<\/p>\n<p>Ein bemerkenswertes Ergebnis ist, dass Europa seine Klimaziele auch ohne die umstrittene und bislang nicht in gro\u00dfem Ma\u00dfstab erprobte Technologie erreichen k\u00f6nnte, CO2\u00a0aus Kraftwerks-Abgasen abzutrennen und im Boden zu speichern. Das ist gegen\u00fcber der EU Roadmap eine neue Erkenntnis. Allerdings ist \u2018Carbon Capture and Storage\u2019 (CCS) jenseits von Europa nach Stand der Forschung eine wichtige Technologie, um auch weltweit in der Zukunft die Emissionen zu m\u00f6glichst geringen Kosten zu senken.<\/p>\n<p><strong>Modellvergleich erlaubt robuste Absch\u00e4tzung<\/strong><\/p>\n<p>Die neue Studie ist der bislang systematischste Vergleich von Computer-Simulationen des europ\u00e4ischen Energie-Wirschafts-Systems. Er umfasst auch das PRIMES-Modell, das in der Vergangenheit teils kritisiert worden war, weil es bisher das einzige war, das die Europ\u00e4ischen Kommission f\u00fcr Ihre Analysen des Energiesystems nutzte. \u201eDer breitere Ansatz erlaubt nun eine verl\u00e4sslichere Absch\u00e4tzung zu Technologien, Kosten, und zu den Anforderungen an die Infrastruktur\u201c, sagt John Weyant, Leiter des\u00a0<em>Stanford Energy Modeling Forum<\/em> EMF. Das dokumentieren die Studien der Sonderausgabe von\u00a0<em>Climate Change Economics<\/em>. \u201eUnd es zeigen sich eine ganze Bandbreite an vielversprechenden M\u00f6glichkeiten, die Risiken ungebremsten Klimawandels zu vermeiden.\u201c<\/p>\n<ul>\n<li><strong>Artikel: <\/strong>Knopf, B., Chen, Y-H. H., De Cian, E., F\u00f6rster, H., Kanudia, A., Karkatsouli, I., Keppo, I., Koljonen, T., Schuhmacher, K., Van Vuuren, D.P. (2013): Beyond 2020 \u2013 Strategies and costs for transforming the European energy system. In a Special Issue of<em>Climate Change Economics<\/em> Vol.04 [doi: 10.1142\/S2010007813400010] &#8211; <a href=\"http:\/\/www.worldscientific.com\/doi\/pdf\/10.1142\/S2010007813400010\" target=\"_blank\" rel=\"noopener noreferrer\">mehr<\/a><\/li>\n<li><a href=\"http:\/\/www.worldscientific.com\/toc\/cce\/04\/supp01\" target=\"_blank\" rel=\"noopener noreferrer\">Weblink zum Special Issue<\/a><\/li>\n<li><a href=\"http:\/\/emf.stanford.edu\/docs\/about_emf\/\" target=\"_blank\" rel=\"noopener noreferrer\">Weblink zu weiteren Informationen zum EMF<\/a><a href=\"http:\/\/emf.stanford.edu\/docs\/about_emf\/\" target=\"_blank\" rel=\"noopener noreferrer\"><\/li>\n<\/ul>\n<h5 class=\"green\">Quelle<\/h5>\n<p>Potsdam-Institut f\u00fcr Klimafolgenforschung 2014<\/p>\n<div class=\"shariff shariff-align-flex-start shariff-widget-align-flex-start\"><div class=\"ShariffHeadline\">Diese Meldung teilen<\/div><ul class=\"shariff-buttons theme-round orientation-horizontal buttonsize-medium\"><li class=\"shariff-button facebook shariff-nocustomcolor\" style=\"background-color:#4273c8;border-radius:1%\"><a href=\"https:\/\/www.facebook.com\/sharer\/sharer.php?u=https%3A%2F%2Fwww.sonnenseite.com%2Fde%2Fpolitik%2Feuropa-koennte-emissionen-zu-moderaten-kosten-um-40-prozent-senken%2F\" title=\"Bei Facebook teilen\" aria-label=\"Bei Facebook teilen\" role=\"button\" rel=\"nofollow\" class=\"shariff-link\" style=\";border-radius:1%; background-color:#3b5998; color:#fff\" target=\"_blank\"><span class=\"shariff-icon\" style=\"\"><svg width=\"32px\" height=\"20px\" xmlns=\"http:\/\/www.w3.org\/2000\/svg\" viewBox=\"0 0 18 32\"><path fill=\"#3b5998\" d=\"M17.1 0.2v4.7h-2.8q-1.5 0-2.1 0.6t-0.5 1.9v3.4h5.2l-0.7 5.3h-4.5v13.6h-5.5v-13.6h-4.5v-5.3h4.5v-3.9q0-3.3 1.9-5.2t5-1.8q2.6 0 4.1 0.2z\"\/><\/svg><\/span><\/a><\/li><li class=\"shariff-button twitter shariff-nocustomcolor\" style=\"background-color:#595959;border-radius:1%\"><a href=\"https:\/\/twitter.com\/share?url=https%3A%2F%2Fwww.sonnenseite.com%2Fde%2Fpolitik%2Feuropa-koennte-emissionen-zu-moderaten-kosten-um-40-prozent-senken%2F&text=Europa%20k%C3%B6nnte%20Emissionen%20zu%20moderaten%20Kosten%20um%2040%20Prozent%20senken\" title=\"Bei X teilen\" aria-label=\"Bei X teilen\" role=\"button\" rel=\"noopener nofollow\" class=\"shariff-link\" style=\";border-radius:1%; background-color:#000; color:#fff\" target=\"_blank\"><span class=\"shariff-icon\" style=\"\"><svg width=\"32px\" height=\"20px\" xmlns=\"http:\/\/www.w3.org\/2000\/svg\" viewBox=\"0 0 24 24\"><path fill=\"#000\" d=\"M14.258 10.152L23.176 0h-2.113l-7.747 8.813L7.133 0H0l9.352 13.328L0 23.973h2.113l8.176-9.309 6.531 9.309h7.133zm-2.895 3.293l-.949-1.328L2.875 1.56h3.246l6.086 8.523.945 1.328 7.91 11.078h-3.246zm0 0\"\/><\/svg><\/span><\/a><\/li><li class=\"shariff-button xing shariff-nocustomcolor\" style=\"background-color:#29888a;border-radius:1%\"><a href=\"https:\/\/www.xing.com\/spi\/shares\/new?url=https%3A%2F%2Fwww.sonnenseite.com%2Fde%2Fpolitik%2Feuropa-koennte-emissionen-zu-moderaten-kosten-um-40-prozent-senken%2F\" title=\"Bei XING teilen\" aria-label=\"Bei XING teilen\" role=\"button\" rel=\"noopener nofollow\" class=\"shariff-link\" style=\";border-radius:1%; background-color:#126567; color:#fff\" target=\"_blank\"><span class=\"shariff-icon\" style=\"\"><svg width=\"32px\" height=\"20px\" xmlns=\"http:\/\/www.w3.org\/2000\/svg\" viewBox=\"0 0 25 32\"><path fill=\"#126567\" d=\"M10.7 11.9q-0.2 0.3-4.6 8.2-0.5 0.8-1.2 0.8h-4.3q-0.4 0-0.5-0.3t0-0.6l4.5-8q0 0 0 0l-2.9-5q-0.2-0.4 0-0.7 0.2-0.3 0.5-0.3h4.3q0.7 0 1.2 0.8zM25.1 0.4q0.2 0.3 0 0.7l-9.4 16.7 6 11q0.2 0.4 0 0.6-0.2 0.3-0.6 0.3h-4.3q-0.7 0-1.2-0.8l-6-11.1q0.3-0.6 9.5-16.8 0.4-0.8 1.2-0.8h4.3q0.4 0 0.5 0.3z\"\/><\/svg><\/span><\/a><\/li><li class=\"shariff-button linkedin shariff-nocustomcolor\" style=\"background-color:#1488bf;border-radius:1%\"><a href=\"https:\/\/www.linkedin.com\/sharing\/share-offsite\/?url=https%3A%2F%2Fwww.sonnenseite.com%2Fde%2Fpolitik%2Feuropa-koennte-emissionen-zu-moderaten-kosten-um-40-prozent-senken%2F\" title=\"Bei LinkedIn teilen\" aria-label=\"Bei LinkedIn teilen\" role=\"button\" rel=\"noopener nofollow\" class=\"shariff-link\" style=\";border-radius:1%; background-color:#0077b5; color:#fff\" target=\"_blank\"><span class=\"shariff-icon\" style=\"\"><svg width=\"32px\" height=\"20px\" xmlns=\"http:\/\/www.w3.org\/2000\/svg\" viewBox=\"0 0 27 32\"><path fill=\"#0077b5\" d=\"M6.2 11.2v17.7h-5.9v-17.7h5.9zM6.6 5.7q0 1.3-0.9 2.2t-2.4 0.9h0q-1.5 0-2.4-0.9t-0.9-2.2 0.9-2.2 2.4-0.9 2.4 0.9 0.9 2.2zM27.4 18.7v10.1h-5.9v-9.5q0-1.9-0.7-2.9t-2.3-1.1q-1.1 0-1.9 0.6t-1.2 1.5q-0.2 0.5-0.2 1.4v9.9h-5.9q0-7.1 0-11.6t0-5.3l0-0.9h5.9v2.6h0q0.4-0.6 0.7-1t1-0.9 1.6-0.8 2-0.3q3 0 4.9 2t1.9 6z\"\/><\/svg><\/span><\/a><\/li><li class=\"shariff-button printer shariff-nocustomcolor\" style=\"background-color:#a8a8a8;border-radius:1%\"><a href=\"javascript:window.print()\" title=\"drucken\" aria-label=\"drucken\" role=\"button\" rel=\"noopener nofollow\" class=\"shariff-link\" style=\";border-radius:1%; background-color:#999; color:#fff\"><span class=\"shariff-icon\" style=\"\"><svg width=\"32px\" height=\"20px\" xmlns=\"http:\/\/www.w3.org\/2000\/svg\" viewBox=\"0 0 30 32\"><path fill=\"#999\" d=\"M6.8 27.4h16v-4.6h-16v4.6zM6.8 16h16v-6.8h-2.8q-0.7 0-1.2-0.5t-0.5-1.2v-2.8h-11.4v11.4zM27.4 17.2q0-0.5-0.3-0.8t-0.8-0.4-0.8 0.4-0.3 0.8 0.3 0.8 0.8 0.3 0.8-0.3 0.3-0.8zM29.7 17.2v7.4q0 0.2-0.2 0.4t-0.4 0.2h-4v2.8q0 0.7-0.5 1.2t-1.2 0.5h-17.2q-0.7 0-1.2-0.5t-0.5-1.2v-2.8h-4q-0.2 0-0.4-0.2t-0.2-0.4v-7.4q0-1.4 1-2.4t2.4-1h1.2v-9.7q0-0.7 0.5-1.2t1.2-0.5h12q0.7 0 1.6 0.4t1.3 0.8l2.7 2.7q0.5 0.5 0.9 1.4t0.4 1.6v4.6h1.1q1.4 0 2.4 1t1 2.4z\"\/><\/svg><\/span><\/a><\/li><li class=\"shariff-button mailto shariff-nocustomcolor\" style=\"background-color:#a8a8a8;border-radius:1%\"><a href=\"mailto:?body=https%3A%2F%2Fwww.sonnenseite.com%2Fde%2Fpolitik%2Feuropa-koennte-emissionen-zu-moderaten-kosten-um-40-prozent-senken%2F&subject=Europa%20k%C3%B6nnte%20Emissionen%20zu%20moderaten%20Kosten%20um%2040%20Prozent%20senken\" title=\"Per E-Mail versenden\" aria-label=\"Per E-Mail versenden\" role=\"button\" rel=\"noopener nofollow\" class=\"shariff-link\" style=\";border-radius:1%; background-color:#999; color:#fff\"><span class=\"shariff-icon\" style=\"\"><svg width=\"32px\" height=\"20px\" xmlns=\"http:\/\/www.w3.org\/2000\/svg\" viewBox=\"0 0 32 32\"><path fill=\"#999\" d=\"M32 12.7v14.2q0 1.2-0.8 2t-2 0.9h-26.3q-1.2 0-2-0.9t-0.8-2v-14.2q0.8 0.9 1.8 1.6 6.5 4.4 8.9 6.1 1 0.8 1.6 1.2t1.7 0.9 2 0.4h0.1q0.9 0 2-0.4t1.7-0.9 1.6-1.2q3-2.2 8.9-6.1 1-0.7 1.8-1.6zM32 7.4q0 1.4-0.9 2.7t-2.2 2.2q-6.7 4.7-8.4 5.8-0.2 0.1-0.7 0.5t-1 0.7-0.9 0.6-1.1 0.5-0.9 0.2h-0.1q-0.4 0-0.9-0.2t-1.1-0.5-0.9-0.6-1-0.7-0.7-0.5q-1.6-1.1-4.7-3.2t-3.6-2.6q-1.1-0.7-2.1-2t-1-2.5q0-1.4 0.7-2.3t2.1-0.9h26.3q1.2 0 2 0.8t0.9 2z\"\/><\/svg><\/span><\/a><\/li><\/ul><\/div>","protected":false},"excerpt":{"rendered":"<p>Die EU k\u00f6nnte zu moderaten Kosten ein ehrgeizigeres Klimaziel erreichen.<\/p>\n","protected":false},"author":1,"featured_media":50987,"comment_status":"closed","ping_status":"closed","sticky":false,"template":"","format":"standard","meta":{"inline_featured_image":false,"footnotes":""},"categories":[21],"tags":[],"class_list":["post-52756","post","type-post","status-publish","format-standard","has-post-thumbnail","hentry","category-politik"],"yoast_head":"<!-- This site is optimized with the Yoast SEO plugin v26.5 - https:\/\/yoast.com\/wordpress\/plugins\/seo\/ -->\n<title>Europa k\u00f6nnte Emissionen zu moderaten Kosten um 40 Prozent senken - Sonnenseite - \u00d6kologische Kommunikation mit Franz Alt<\/title>\n<meta name=\"description\" content=\"Die EU k\u00f6nnte zu moderaten Kosten ein ehrgeizigeres Klimaziel erreichen. W\u00fcrden die gegenw\u00e4rtig bis 2020 geplanten 20 Prozent Minderung des Aussto\u00dfes von\" \/>\n<meta name=\"robots\" content=\"index, follow, max-snippet:-1, max-image-preview:large, max-video-preview:-1\" \/>\n<link rel=\"canonical\" href=\"https:\/\/www.sonnenseite.com\/de\/politik\/europa-koennte-emissionen-zu-moderaten-kosten-um-40-prozent-senken\/\" \/>\n<meta property=\"og:locale\" content=\"de_DE\" \/>\n<meta property=\"og:type\" content=\"article\" \/>\n<meta property=\"og:title\" content=\"Europa k\u00f6nnte Emissionen zu moderaten Kosten um 40 Prozent senken - Sonnenseite - \u00d6kologische Kommunikation mit Franz Alt\" \/>\n<meta property=\"og:description\" content=\"Die EU k\u00f6nnte zu moderaten Kosten ein ehrgeizigeres Klimaziel erreichen. W\u00fcrden die gegenw\u00e4rtig bis 2020 geplanten 20 Prozent Minderung des Aussto\u00dfes von\" \/>\n<meta property=\"og:url\" content=\"https:\/\/www.sonnenseite.com\/de\/politik\/europa-koennte-emissionen-zu-moderaten-kosten-um-40-prozent-senken\/\" \/>\n<meta property=\"og:site_name\" content=\"Sonnenseite\" \/>\n<meta property=\"article:publisher\" content=\"https:\/\/www.facebook.com\/pages\/Franz-Alt-SONNENSEITECOM\/221072987903953?fref=ts\" \/>\n<meta property=\"article:published_time\" content=\"2014-01-15T23:00:00+00:00\" \/>\n<meta property=\"og:image\" content=\"https:\/\/www.sonnenseite.com\/wp-content\/uploads\/2020\/06\/archiv_artikel.jpg\" \/>\n\t<meta property=\"og:image:width\" content=\"770\" \/>\n\t<meta property=\"og:image:height\" content=\"420\" \/>\n\t<meta property=\"og:image:type\" content=\"image\/jpeg\" \/>\n<meta name=\"author\" content=\"sbade\" \/>\n<meta name=\"twitter:card\" content=\"summary_large_image\" \/>\n<meta name=\"twitter:creator\" content=\"@franzalt\" \/>\n<meta name=\"twitter:site\" content=\"@franzalt\" \/>\n<meta name=\"twitter:label1\" content=\"Verfasst von\" \/>\n\t<meta name=\"twitter:data1\" content=\"sbade\" \/>\n\t<meta name=\"twitter:label2\" content=\"Gesch\u00e4tzte Lesezeit\" \/>\n\t<meta name=\"twitter:data2\" content=\"4\u00a0Minuten\" \/>\n<script type=\"application\/ld+json\" class=\"yoast-schema-graph\">{\"@context\":\"https:\/\/schema.org\",\"@graph\":[{\"@type\":\"Article\",\"@id\":\"https:\/\/www.sonnenseite.com\/de\/politik\/europa-koennte-emissionen-zu-moderaten-kosten-um-40-prozent-senken\/#article\",\"isPartOf\":{\"@id\":\"https:\/\/www.sonnenseite.com\/de\/politik\/europa-koennte-emissionen-zu-moderaten-kosten-um-40-prozent-senken\/\"},\"author\":{\"name\":\"sbade\",\"@id\":\"https:\/\/www.sonnenseite.com\/de\/#\/schema\/person\/6df44691cd9a70d99e140e1116ee8771\"},\"headline\":\"Europa k\u00f6nnte Emissionen zu moderaten Kosten um 40 Prozent senken\",\"datePublished\":\"2014-01-15T23:00:00+00:00\",\"mainEntityOfPage\":{\"@id\":\"https:\/\/www.sonnenseite.com\/de\/politik\/europa-koennte-emissionen-zu-moderaten-kosten-um-40-prozent-senken\/\"},\"wordCount\":799,\"publisher\":{\"@id\":\"https:\/\/www.sonnenseite.com\/de\/#organization\"},\"image\":{\"@id\":\"https:\/\/www.sonnenseite.com\/de\/politik\/europa-koennte-emissionen-zu-moderaten-kosten-um-40-prozent-senken\/#primaryimage\"},\"thumbnailUrl\":\"https:\/\/www.sonnenseite.com\/wp-content\/uploads\/2020\/06\/archiv_artikel.jpg\",\"articleSection\":[\"Politik\"],\"inLanguage\":\"de\"},{\"@type\":\"WebPage\",\"@id\":\"https:\/\/www.sonnenseite.com\/de\/politik\/europa-koennte-emissionen-zu-moderaten-kosten-um-40-prozent-senken\/\",\"url\":\"https:\/\/www.sonnenseite.com\/de\/politik\/europa-koennte-emissionen-zu-moderaten-kosten-um-40-prozent-senken\/\",\"name\":\"Europa k\u00f6nnte Emissionen zu moderaten Kosten um 40 Prozent senken - Sonnenseite - \u00d6kologische Kommunikation mit Franz Alt\",\"isPartOf\":{\"@id\":\"https:\/\/www.sonnenseite.com\/de\/#website\"},\"primaryImageOfPage\":{\"@id\":\"https:\/\/www.sonnenseite.com\/de\/politik\/europa-koennte-emissionen-zu-moderaten-kosten-um-40-prozent-senken\/#primaryimage\"},\"image\":{\"@id\":\"https:\/\/www.sonnenseite.com\/de\/politik\/europa-koennte-emissionen-zu-moderaten-kosten-um-40-prozent-senken\/#primaryimage\"},\"thumbnailUrl\":\"https:\/\/www.sonnenseite.com\/wp-content\/uploads\/2020\/06\/archiv_artikel.jpg\",\"datePublished\":\"2014-01-15T23:00:00+00:00\",\"description\":\"Die EU k\u00f6nnte zu moderaten Kosten ein ehrgeizigeres Klimaziel erreichen. W\u00fcrden die gegenw\u00e4rtig bis 2020 geplanten 20 Prozent Minderung des Aussto\u00dfes von\",\"breadcrumb\":{\"@id\":\"https:\/\/www.sonnenseite.com\/de\/politik\/europa-koennte-emissionen-zu-moderaten-kosten-um-40-prozent-senken\/#breadcrumb\"},\"inLanguage\":\"de\",\"potentialAction\":[{\"@type\":\"ReadAction\",\"target\":[\"https:\/\/www.sonnenseite.com\/de\/politik\/europa-koennte-emissionen-zu-moderaten-kosten-um-40-prozent-senken\/\"]}]},{\"@type\":\"ImageObject\",\"inLanguage\":\"de\",\"@id\":\"https:\/\/www.sonnenseite.com\/de\/politik\/europa-koennte-emissionen-zu-moderaten-kosten-um-40-prozent-senken\/#primaryimage\",\"url\":\"https:\/\/www.sonnenseite.com\/wp-content\/uploads\/2020\/06\/archiv_artikel.jpg\",\"contentUrl\":\"https:\/\/www.sonnenseite.com\/wp-content\/uploads\/2020\/06\/archiv_artikel.jpg\",\"width\":770,\"height\":420,\"caption\":\"Sonnenseite\"},{\"@type\":\"BreadcrumbList\",\"@id\":\"https:\/\/www.sonnenseite.com\/de\/politik\/europa-koennte-emissionen-zu-moderaten-kosten-um-40-prozent-senken\/#breadcrumb\",\"itemListElement\":[{\"@type\":\"ListItem\",\"position\":1,\"name\":\"Startseite\",\"item\":\"https:\/\/www.sonnenseite.com\/de\/\"},{\"@type\":\"ListItem\",\"position\":2,\"name\":\"Europa k\u00f6nnte Emissionen zu moderaten Kosten um 40 Prozent senken\"}]},{\"@type\":\"WebSite\",\"@id\":\"https:\/\/www.sonnenseite.com\/de\/#website\",\"url\":\"https:\/\/www.sonnenseite.com\/de\/\",\"name\":\"Sonnenseite\",\"description\":\"\u00d6kologische Kommunikation mit Franz Alt\",\"publisher\":{\"@id\":\"https:\/\/www.sonnenseite.com\/de\/#organization\"},\"potentialAction\":[{\"@type\":\"SearchAction\",\"target\":{\"@type\":\"EntryPoint\",\"urlTemplate\":\"https:\/\/www.sonnenseite.com\/de\/?s={search_term_string}\"},\"query-input\":{\"@type\":\"PropertyValueSpecification\",\"valueRequired\":true,\"valueName\":\"search_term_string\"}}],\"inLanguage\":\"de\"},{\"@type\":\"Organization\",\"@id\":\"https:\/\/www.sonnenseite.com\/de\/#organization\",\"name\":\"Sonnenseite\",\"url\":\"https:\/\/www.sonnenseite.com\/de\/\",\"logo\":{\"@type\":\"ImageObject\",\"inLanguage\":\"de\",\"@id\":\"https:\/\/www.sonnenseite.com\/de\/#\/schema\/logo\/image\/\",\"url\":\"https:\/\/www.sonnenseite.com\/wp-content\/uploads\/2020\/05\/Sonnenseite_Logo.png\",\"contentUrl\":\"https:\/\/www.sonnenseite.com\/wp-content\/uploads\/2020\/05\/Sonnenseite_Logo.png\",\"width\":377,\"height\":90,\"caption\":\"Sonnenseite\"},\"image\":{\"@id\":\"https:\/\/www.sonnenseite.com\/de\/#\/schema\/logo\/image\/\"},\"sameAs\":[\"https:\/\/www.facebook.com\/pages\/Franz-Alt-SONNENSEITECOM\/221072987903953?fref=ts\",\"https:\/\/x.com\/franzalt\",\"http:\/\/www.youtube.com\/results?search_query&amp;amp;quot;franz_alt&amp;amp;quot;&amp;amp;amp;amp;search_type&amp;amp;amp;amp;aq=f\"]},{\"@type\":\"Person\",\"@id\":\"https:\/\/www.sonnenseite.com\/de\/#\/schema\/person\/6df44691cd9a70d99e140e1116ee8771\",\"name\":\"sbade\",\"sameAs\":[\"https:\/\/www.sonnenseite.com\"]}]}<\/script>\n<!-- \/ Yoast SEO plugin. -->","yoast_head_json":{"title":"Europa k\u00f6nnte Emissionen zu moderaten Kosten um 40 Prozent senken - Sonnenseite - \u00d6kologische Kommunikation mit Franz Alt","description":"Die EU k\u00f6nnte zu moderaten Kosten ein ehrgeizigeres Klimaziel erreichen. W\u00fcrden die gegenw\u00e4rtig bis 2020 geplanten 20 Prozent Minderung des Aussto\u00dfes von","robots":{"index":"index","follow":"follow","max-snippet":"max-snippet:-1","max-image-preview":"max-image-preview:large","max-video-preview":"max-video-preview:-1"},"canonical":"https:\/\/www.sonnenseite.com\/de\/politik\/europa-koennte-emissionen-zu-moderaten-kosten-um-40-prozent-senken\/","og_locale":"de_DE","og_type":"article","og_title":"Europa k\u00f6nnte Emissionen zu moderaten Kosten um 40 Prozent senken - Sonnenseite - \u00d6kologische Kommunikation mit Franz Alt","og_description":"Die EU k\u00f6nnte zu moderaten Kosten ein ehrgeizigeres Klimaziel erreichen. W\u00fcrden die gegenw\u00e4rtig bis 2020 geplanten 20 Prozent Minderung des Aussto\u00dfes von","og_url":"https:\/\/www.sonnenseite.com\/de\/politik\/europa-koennte-emissionen-zu-moderaten-kosten-um-40-prozent-senken\/","og_site_name":"Sonnenseite","article_publisher":"https:\/\/www.facebook.com\/pages\/Franz-Alt-SONNENSEITECOM\/221072987903953?fref=ts","article_published_time":"2014-01-15T23:00:00+00:00","og_image":[{"width":770,"height":420,"url":"https:\/\/www.sonnenseite.com\/wp-content\/uploads\/2020\/06\/archiv_artikel.jpg","type":"image\/jpeg"}],"author":"sbade","twitter_card":"summary_large_image","twitter_creator":"@franzalt","twitter_site":"@franzalt","twitter_misc":{"Verfasst von":"sbade","Gesch\u00e4tzte Lesezeit":"4\u00a0Minuten"},"schema":{"@context":"https:\/\/schema.org","@graph":[{"@type":"Article","@id":"https:\/\/www.sonnenseite.com\/de\/politik\/europa-koennte-emissionen-zu-moderaten-kosten-um-40-prozent-senken\/#article","isPartOf":{"@id":"https:\/\/www.sonnenseite.com\/de\/politik\/europa-koennte-emissionen-zu-moderaten-kosten-um-40-prozent-senken\/"},"author":{"name":"sbade","@id":"https:\/\/www.sonnenseite.com\/de\/#\/schema\/person\/6df44691cd9a70d99e140e1116ee8771"},"headline":"Europa k\u00f6nnte Emissionen zu moderaten Kosten um 40 Prozent senken","datePublished":"2014-01-15T23:00:00+00:00","mainEntityOfPage":{"@id":"https:\/\/www.sonnenseite.com\/de\/politik\/europa-koennte-emissionen-zu-moderaten-kosten-um-40-prozent-senken\/"},"wordCount":799,"publisher":{"@id":"https:\/\/www.sonnenseite.com\/de\/#organization"},"image":{"@id":"https:\/\/www.sonnenseite.com\/de\/politik\/europa-koennte-emissionen-zu-moderaten-kosten-um-40-prozent-senken\/#primaryimage"},"thumbnailUrl":"https:\/\/www.sonnenseite.com\/wp-content\/uploads\/2020\/06\/archiv_artikel.jpg","articleSection":["Politik"],"inLanguage":"de"},{"@type":"WebPage","@id":"https:\/\/www.sonnenseite.com\/de\/politik\/europa-koennte-emissionen-zu-moderaten-kosten-um-40-prozent-senken\/","url":"https:\/\/www.sonnenseite.com\/de\/politik\/europa-koennte-emissionen-zu-moderaten-kosten-um-40-prozent-senken\/","name":"Europa k\u00f6nnte Emissionen zu moderaten Kosten um 40 Prozent senken - Sonnenseite - \u00d6kologische Kommunikation mit Franz Alt","isPartOf":{"@id":"https:\/\/www.sonnenseite.com\/de\/#website"},"primaryImageOfPage":{"@id":"https:\/\/www.sonnenseite.com\/de\/politik\/europa-koennte-emissionen-zu-moderaten-kosten-um-40-prozent-senken\/#primaryimage"},"image":{"@id":"https:\/\/www.sonnenseite.com\/de\/politik\/europa-koennte-emissionen-zu-moderaten-kosten-um-40-prozent-senken\/#primaryimage"},"thumbnailUrl":"https:\/\/www.sonnenseite.com\/wp-content\/uploads\/2020\/06\/archiv_artikel.jpg","datePublished":"2014-01-15T23:00:00+00:00","description":"Die EU k\u00f6nnte zu moderaten Kosten ein ehrgeizigeres Klimaziel erreichen. W\u00fcrden die gegenw\u00e4rtig bis 2020 geplanten 20 Prozent Minderung des Aussto\u00dfes von","breadcrumb":{"@id":"https:\/\/www.sonnenseite.com\/de\/politik\/europa-koennte-emissionen-zu-moderaten-kosten-um-40-prozent-senken\/#breadcrumb"},"inLanguage":"de","potentialAction":[{"@type":"ReadAction","target":["https:\/\/www.sonnenseite.com\/de\/politik\/europa-koennte-emissionen-zu-moderaten-kosten-um-40-prozent-senken\/"]}]},{"@type":"ImageObject","inLanguage":"de","@id":"https:\/\/www.sonnenseite.com\/de\/politik\/europa-koennte-emissionen-zu-moderaten-kosten-um-40-prozent-senken\/#primaryimage","url":"https:\/\/www.sonnenseite.com\/wp-content\/uploads\/2020\/06\/archiv_artikel.jpg","contentUrl":"https:\/\/www.sonnenseite.com\/wp-content\/uploads\/2020\/06\/archiv_artikel.jpg","width":770,"height":420,"caption":"Sonnenseite"},{"@type":"BreadcrumbList","@id":"https:\/\/www.sonnenseite.com\/de\/politik\/europa-koennte-emissionen-zu-moderaten-kosten-um-40-prozent-senken\/#breadcrumb","itemListElement":[{"@type":"ListItem","position":1,"name":"Startseite","item":"https:\/\/www.sonnenseite.com\/de\/"},{"@type":"ListItem","position":2,"name":"Europa k\u00f6nnte Emissionen zu moderaten Kosten um 40 Prozent senken"}]},{"@type":"WebSite","@id":"https:\/\/www.sonnenseite.com\/de\/#website","url":"https:\/\/www.sonnenseite.com\/de\/","name":"Sonnenseite","description":"\u00d6kologische Kommunikation mit Franz Alt","publisher":{"@id":"https:\/\/www.sonnenseite.com\/de\/#organization"},"potentialAction":[{"@type":"SearchAction","target":{"@type":"EntryPoint","urlTemplate":"https:\/\/www.sonnenseite.com\/de\/?s={search_term_string}"},"query-input":{"@type":"PropertyValueSpecification","valueRequired":true,"valueName":"search_term_string"}}],"inLanguage":"de"},{"@type":"Organization","@id":"https:\/\/www.sonnenseite.com\/de\/#organization","name":"Sonnenseite","url":"https:\/\/www.sonnenseite.com\/de\/","logo":{"@type":"ImageObject","inLanguage":"de","@id":"https:\/\/www.sonnenseite.com\/de\/#\/schema\/logo\/image\/","url":"https:\/\/www.sonnenseite.com\/wp-content\/uploads\/2020\/05\/Sonnenseite_Logo.png","contentUrl":"https:\/\/www.sonnenseite.com\/wp-content\/uploads\/2020\/05\/Sonnenseite_Logo.png","width":377,"height":90,"caption":"Sonnenseite"},"image":{"@id":"https:\/\/www.sonnenseite.com\/de\/#\/schema\/logo\/image\/"},"sameAs":["https:\/\/www.facebook.com\/pages\/Franz-Alt-SONNENSEITECOM\/221072987903953?fref=ts","https:\/\/x.com\/franzalt","http:\/\/www.youtube.com\/results?search_query&amp;amp;quot;franz_alt&amp;amp;quot;&amp;amp;amp;amp;search_type&amp;amp;amp;amp;aq=f"]},{"@type":"Person","@id":"https:\/\/www.sonnenseite.com\/de\/#\/schema\/person\/6df44691cd9a70d99e140e1116ee8771","name":"sbade","sameAs":["https:\/\/www.sonnenseite.com"]}]}},"_links":{"self":[{"href":"https:\/\/www.sonnenseite.com\/de\/wp-json\/wp\/v2\/posts\/52756","targetHints":{"allow":["GET"]}}],"collection":[{"href":"https:\/\/www.sonnenseite.com\/de\/wp-json\/wp\/v2\/posts"}],"about":[{"href":"https:\/\/www.sonnenseite.com\/de\/wp-json\/wp\/v2\/types\/post"}],"author":[{"embeddable":true,"href":"https:\/\/www.sonnenseite.com\/de\/wp-json\/wp\/v2\/users\/1"}],"replies":[{"embeddable":true,"href":"https:\/\/www.sonnenseite.com\/de\/wp-json\/wp\/v2\/comments?post=52756"}],"version-history":[{"count":0,"href":"https:\/\/www.sonnenseite.com\/de\/wp-json\/wp\/v2\/posts\/52756\/revisions"}],"wp:featuredmedia":[{"embeddable":true,"href":"https:\/\/www.sonnenseite.com\/de\/wp-json\/wp\/v2\/media\/50987"}],"wp:attachment":[{"href":"https:\/\/www.sonnenseite.com\/de\/wp-json\/wp\/v2\/media?parent=52756"}],"wp:term":[{"taxonomy":"category","embeddable":true,"href":"https:\/\/www.sonnenseite.com\/de\/wp-json\/wp\/v2\/categories?post=52756"},{"taxonomy":"post_tag","embeddable":true,"href":"https:\/\/www.sonnenseite.com\/de\/wp-json\/wp\/v2\/tags?post=52756"}],"curies":[{"name":"wp","href":"https:\/\/api.w.org\/{rel}","templated":true}]}}