{"id":52871,"date":"2013-12-25T00:00:00","date_gmt":"2013-12-24T23:00:00","guid":{"rendered":"https:\/\/www.sonnenseite.com\/politik\/neuer-rekord-ein-viertel-des-stroms-stammt-2013-von-wind-sonne-und-co.html"},"modified":"2013-12-25T00:00:00","modified_gmt":"2013-12-24T23:00:00","slug":"neuer-rekord-ein-viertel-des-stroms-stammt-2013-von-wind-sonne-und-co","status":"publish","type":"post","link":"https:\/\/www.sonnenseite.com\/de\/politik\/neuer-rekord-ein-viertel-des-stroms-stammt-2013-von-wind-sonne-und-co\/","title":{"rendered":"Neuer Rekord: Ein Viertel des Stroms stammt 2013 von Wind, Sonne und Co."},"content":{"rendered":"<p>Steigende Kohlverstromung und starke Zuw\u00e4chse beim Export       f\u00fchren zum &#8222;Energiewende-Paradox&#8220; steigender CO2-Emissionen. <!--more--> <\/p>\n<p>Im Jahr 2013  ist der Anteil Erneuerbarer Energien an der Stromversorgung erneut auf einen Rekordwert angewachsen: 24,7 Prozent des Stroms und damit jede vierte verbrauchte Kilowattstunde stammten von Wind-, Solar-, Wasser-, Biogas- und Erdw\u00e4rmekraftwerken.Das ist ein Wachstum von 1,1 Prozentpunkten innerhalb eines Jahres. Haupttreiber waren Biogas- und Solarkraftwerke. Gestiegen sind auch der Export von Strom und die Stromproduktion in Kohlekraftwerken. Gas- und Kernkraftwerke haben hingegen weniger Strom geliefert als inden Vorjahren.<\/p>\n<p>Das ergab eine Auswertung von Daten der Arbeitsgemeinschaft Energiebilanzen durch Agora Energiewende. &#8222;Die Erneuerbaren Energien sind weiter auf gutem Weg&#8220;, sagt Patrick Graichen, designierter Direktor des von der Stiftung Mercator und derEuropean Climate Foundation getragenen Denk- und Politiklabors.<\/p>\n<p>&#8222;Sorge bereitet allerdings, dass die Stromzeugung durch den zunehmenden Einsatz von Kohle klimasch\u00e4dlicher geworden ist. Wir stehen derzeit vor einem ,Energiewende-Paradox&#8216;: Steigende Treibhausgasemissionen bei gleichzeitigem Ausbau der Erneuerbaren Energien. Diese Entwicklung war nur m\u00f6glich, weil der Aussto\u00df von Treibhausgasen kaum etwas kostet. Der europ\u00e4ische Markt f\u00fcr Emissionsrechtezertifikate muss dringend repariert werden, um das zu \u00e4ndern.&#8220;<\/p>\n<p>Den Daten zufolge geht der Zuwachs beim klimasch\u00e4dlichen Strom vor allem auf den Export zur\u00fcck. Kohlekraftwerke produzierten 8,9 Terawattstunden mehr als 2012, gleichzeitig wuchs der Export um 9,9 Terawattstunden auf 33 Terawattstunden.<\/p>\n<p>Gleichzeitig zeigen die Daten, dass der innerdeutsche Stromverbrauch leicht gesunken ist: Er verminderte sich um 10,7 Terawattstunden auf 596 Terawattstunden. Der R\u00fcckgang entspricht fast genau der verminderten Produktion von Gaskraftwerken, die aufgrund von \u00e4u\u00dferst geringen Preisen an der Stromb\u00f6rse kaum mehr wirtschaftlich arbeiten k\u00f6nnen. Infolge des gesunkenen Inlandverbrauchs bei gestiegenem Export blieb die Stromerzeugung mit 629 Terawattstunden (2012: 629,8 Kilowattstunden) konstant.<\/p>\n<p>Der Anteil der Kernenergie nimmt entsprechend dem Fahrplan zur Energiewende weiter ab. Die deutschen Kernkraftwerke speisten 2013 rund 43 Terawattstunden weniger Strom in die Netze ein als noch 2010.Rechnerisch wurde die wegfallende Strommenge aufgrund der Abschaltungder Kernkraftwerke nach dem GAU von Fukushima durch den Zuwachs bei den Erneuerbaren Energien ausgeglichen.<\/p>\n<p>Eine umfassende Aufbereitung der Daten kann auf <a href=\"http:\/\/www.agora-energiewende.de\" target=\"_blank\" rel=\"noopener noreferrer\">www.agora-energiewende.de<\/a> heruntergeladen werden.<\/p>\n<h5 class=\"green\">Quelle<\/h5>\n<p>Agora Energiewende 2013<\/p>\n<div class=\"shariff shariff-align-flex-start shariff-widget-align-flex-start\"><div class=\"ShariffHeadline\">Diese Meldung teilen<\/div><ul class=\"shariff-buttons theme-round orientation-horizontal buttonsize-medium\"><li class=\"shariff-button facebook shariff-nocustomcolor\" style=\"background-color:#4273c8;border-radius:1%\"><a href=\"https:\/\/www.facebook.com\/sharer\/sharer.php?u=https%3A%2F%2Fwww.sonnenseite.com%2Fde%2Fpolitik%2Fneuer-rekord-ein-viertel-des-stroms-stammt-2013-von-wind-sonne-und-co%2F\" title=\"Bei Facebook teilen\" aria-label=\"Bei Facebook teilen\" role=\"button\" rel=\"nofollow\" class=\"shariff-link\" style=\";border-radius:1%; background-color:#3b5998; color:#fff\" target=\"_blank\"><span class=\"shariff-icon\" style=\"\"><svg width=\"32px\" height=\"20px\" xmlns=\"http:\/\/www.w3.org\/2000\/svg\" viewBox=\"0 0 18 32\"><path fill=\"#3b5998\" d=\"M17.1 0.2v4.7h-2.8q-1.5 0-2.1 0.6t-0.5 1.9v3.4h5.2l-0.7 5.3h-4.5v13.6h-5.5v-13.6h-4.5v-5.3h4.5v-3.9q0-3.3 1.9-5.2t5-1.8q2.6 0 4.1 0.2z\"\/><\/svg><\/span><\/a><\/li><li class=\"shariff-button twitter shariff-nocustomcolor\" style=\"background-color:#595959;border-radius:1%\"><a href=\"https:\/\/twitter.com\/share?url=https%3A%2F%2Fwww.sonnenseite.com%2Fde%2Fpolitik%2Fneuer-rekord-ein-viertel-des-stroms-stammt-2013-von-wind-sonne-und-co%2F&text=Neuer%20Rekord%3A%20Ein%20Viertel%20des%20Stroms%20stammt%202013%20von%20Wind%2C%20Sonne%20und%20Co.\" title=\"Bei X teilen\" aria-label=\"Bei X teilen\" role=\"button\" rel=\"noopener nofollow\" class=\"shariff-link\" style=\";border-radius:1%; background-color:#000; color:#fff\" target=\"_blank\"><span class=\"shariff-icon\" style=\"\"><svg width=\"32px\" height=\"20px\" xmlns=\"http:\/\/www.w3.org\/2000\/svg\" viewBox=\"0 0 24 24\"><path fill=\"#000\" d=\"M14.258 10.152L23.176 0h-2.113l-7.747 8.813L7.133 0H0l9.352 13.328L0 23.973h2.113l8.176-9.309 6.531 9.309h7.133zm-2.895 3.293l-.949-1.328L2.875 1.56h3.246l6.086 8.523.945 1.328 7.91 11.078h-3.246zm0 0\"\/><\/svg><\/span><\/a><\/li><li class=\"shariff-button xing shariff-nocustomcolor\" style=\"background-color:#29888a;border-radius:1%\"><a href=\"https:\/\/www.xing.com\/spi\/shares\/new?url=https%3A%2F%2Fwww.sonnenseite.com%2Fde%2Fpolitik%2Fneuer-rekord-ein-viertel-des-stroms-stammt-2013-von-wind-sonne-und-co%2F\" title=\"Bei XING teilen\" aria-label=\"Bei XING teilen\" role=\"button\" rel=\"noopener nofollow\" class=\"shariff-link\" style=\";border-radius:1%; background-color:#126567; color:#fff\" target=\"_blank\"><span class=\"shariff-icon\" style=\"\"><svg width=\"32px\" height=\"20px\" xmlns=\"http:\/\/www.w3.org\/2000\/svg\" viewBox=\"0 0 25 32\"><path fill=\"#126567\" d=\"M10.7 11.9q-0.2 0.3-4.6 8.2-0.5 0.8-1.2 0.8h-4.3q-0.4 0-0.5-0.3t0-0.6l4.5-8q0 0 0 0l-2.9-5q-0.2-0.4 0-0.7 0.2-0.3 0.5-0.3h4.3q0.7 0 1.2 0.8zM25.1 0.4q0.2 0.3 0 0.7l-9.4 16.7 6 11q0.2 0.4 0 0.6-0.2 0.3-0.6 0.3h-4.3q-0.7 0-1.2-0.8l-6-11.1q0.3-0.6 9.5-16.8 0.4-0.8 1.2-0.8h4.3q0.4 0 0.5 0.3z\"\/><\/svg><\/span><\/a><\/li><li class=\"shariff-button linkedin shariff-nocustomcolor\" style=\"background-color:#1488bf;border-radius:1%\"><a href=\"https:\/\/www.linkedin.com\/sharing\/share-offsite\/?url=https%3A%2F%2Fwww.sonnenseite.com%2Fde%2Fpolitik%2Fneuer-rekord-ein-viertel-des-stroms-stammt-2013-von-wind-sonne-und-co%2F\" title=\"Bei LinkedIn teilen\" aria-label=\"Bei LinkedIn teilen\" role=\"button\" rel=\"noopener nofollow\" class=\"shariff-link\" style=\";border-radius:1%; background-color:#0077b5; color:#fff\" target=\"_blank\"><span class=\"shariff-icon\" style=\"\"><svg width=\"32px\" height=\"20px\" xmlns=\"http:\/\/www.w3.org\/2000\/svg\" viewBox=\"0 0 27 32\"><path fill=\"#0077b5\" d=\"M6.2 11.2v17.7h-5.9v-17.7h5.9zM6.6 5.7q0 1.3-0.9 2.2t-2.4 0.9h0q-1.5 0-2.4-0.9t-0.9-2.2 0.9-2.2 2.4-0.9 2.4 0.9 0.9 2.2zM27.4 18.7v10.1h-5.9v-9.5q0-1.9-0.7-2.9t-2.3-1.1q-1.1 0-1.9 0.6t-1.2 1.5q-0.2 0.5-0.2 1.4v9.9h-5.9q0-7.1 0-11.6t0-5.3l0-0.9h5.9v2.6h0q0.4-0.6 0.7-1t1-0.9 1.6-0.8 2-0.3q3 0 4.9 2t1.9 6z\"\/><\/svg><\/span><\/a><\/li><li class=\"shariff-button printer shariff-nocustomcolor\" style=\"background-color:#a8a8a8;border-radius:1%\"><a href=\"javascript:window.print()\" title=\"drucken\" aria-label=\"drucken\" role=\"button\" rel=\"noopener nofollow\" class=\"shariff-link\" style=\";border-radius:1%; background-color:#999; color:#fff\"><span class=\"shariff-icon\" style=\"\"><svg width=\"32px\" height=\"20px\" xmlns=\"http:\/\/www.w3.org\/2000\/svg\" viewBox=\"0 0 30 32\"><path fill=\"#999\" d=\"M6.8 27.4h16v-4.6h-16v4.6zM6.8 16h16v-6.8h-2.8q-0.7 0-1.2-0.5t-0.5-1.2v-2.8h-11.4v11.4zM27.4 17.2q0-0.5-0.3-0.8t-0.8-0.4-0.8 0.4-0.3 0.8 0.3 0.8 0.8 0.3 0.8-0.3 0.3-0.8zM29.7 17.2v7.4q0 0.2-0.2 0.4t-0.4 0.2h-4v2.8q0 0.7-0.5 1.2t-1.2 0.5h-17.2q-0.7 0-1.2-0.5t-0.5-1.2v-2.8h-4q-0.2 0-0.4-0.2t-0.2-0.4v-7.4q0-1.4 1-2.4t2.4-1h1.2v-9.7q0-0.7 0.5-1.2t1.2-0.5h12q0.7 0 1.6 0.4t1.3 0.8l2.7 2.7q0.5 0.5 0.9 1.4t0.4 1.6v4.6h1.1q1.4 0 2.4 1t1 2.4z\"\/><\/svg><\/span><\/a><\/li><li class=\"shariff-button mailto shariff-nocustomcolor\" style=\"background-color:#a8a8a8;border-radius:1%\"><a href=\"mailto:?body=https%3A%2F%2Fwww.sonnenseite.com%2Fde%2Fpolitik%2Fneuer-rekord-ein-viertel-des-stroms-stammt-2013-von-wind-sonne-und-co%2F&subject=Neuer%20Rekord%3A%20Ein%20Viertel%20des%20Stroms%20stammt%202013%20von%20Wind%2C%20Sonne%20und%20Co.\" title=\"Per E-Mail versenden\" aria-label=\"Per E-Mail versenden\" role=\"button\" rel=\"noopener nofollow\" class=\"shariff-link\" style=\";border-radius:1%; background-color:#999; color:#fff\"><span class=\"shariff-icon\" style=\"\"><svg width=\"32px\" height=\"20px\" xmlns=\"http:\/\/www.w3.org\/2000\/svg\" viewBox=\"0 0 32 32\"><path fill=\"#999\" d=\"M32 12.7v14.2q0 1.2-0.8 2t-2 0.9h-26.3q-1.2 0-2-0.9t-0.8-2v-14.2q0.8 0.9 1.8 1.6 6.5 4.4 8.9 6.1 1 0.8 1.6 1.2t1.7 0.9 2 0.4h0.1q0.9 0 2-0.4t1.7-0.9 1.6-1.2q3-2.2 8.9-6.1 1-0.7 1.8-1.6zM32 7.4q0 1.4-0.9 2.7t-2.2 2.2q-6.7 4.7-8.4 5.8-0.2 0.1-0.7 0.5t-1 0.7-0.9 0.6-1.1 0.5-0.9 0.2h-0.1q-0.4 0-0.9-0.2t-1.1-0.5-0.9-0.6-1-0.7-0.7-0.5q-1.6-1.1-4.7-3.2t-3.6-2.6q-1.1-0.7-2.1-2t-1-2.5q0-1.4 0.7-2.3t2.1-0.9h26.3q1.2 0 2 0.8t0.9 2z\"\/><\/svg><\/span><\/a><\/li><\/ul><\/div>","protected":false},"excerpt":{"rendered":"<p>Steigende Kohlverstromung und starke Zuw\u00e4chse beim Export f\u00fchren zum &#8222;Energiewende-Paradox&#8220; steigender CO2-Emissionen.<\/p>\n","protected":false},"author":1,"featured_media":50987,"comment_status":"closed","ping_status":"closed","sticky":false,"template":"","format":"standard","meta":{"inline_featured_image":false,"footnotes":""},"categories":[21],"tags":[],"class_list":["post-52871","post","type-post","status-publish","format-standard","has-post-thumbnail","hentry","category-politik"],"yoast_head":"<!-- This site is optimized with the Yoast SEO plugin v26.5 - https:\/\/yoast.com\/wordpress\/plugins\/seo\/ -->\n<title>Neuer Rekord: Ein Viertel des Stroms stammt 2013 von Wind, Sonne und Co. - Sonnenseite - \u00d6kologische Kommunikation mit Franz Alt<\/title>\n<meta name=\"description\" content=\"Steigende Kohlverstromung und starke Zuw\u00e4chse beim Export f\u00fchren zum &quot;Energiewende-Paradox&quot; steigender CO2-Emissionen. Im Jahr 2013 ist der Anteil\" \/>\n<meta name=\"robots\" content=\"index, follow, max-snippet:-1, max-image-preview:large, max-video-preview:-1\" \/>\n<link rel=\"canonical\" href=\"https:\/\/www.sonnenseite.com\/de\/politik\/neuer-rekord-ein-viertel-des-stroms-stammt-2013-von-wind-sonne-und-co\/\" \/>\n<meta property=\"og:locale\" content=\"de_DE\" \/>\n<meta property=\"og:type\" content=\"article\" \/>\n<meta property=\"og:title\" content=\"Neuer Rekord: Ein Viertel des Stroms stammt 2013 von Wind, Sonne und Co. - Sonnenseite - \u00d6kologische Kommunikation mit Franz Alt\" \/>\n<meta property=\"og:description\" content=\"Steigende Kohlverstromung und starke Zuw\u00e4chse beim Export f\u00fchren zum &quot;Energiewende-Paradox&quot; steigender CO2-Emissionen. Im Jahr 2013 ist der Anteil\" \/>\n<meta property=\"og:url\" content=\"https:\/\/www.sonnenseite.com\/de\/politik\/neuer-rekord-ein-viertel-des-stroms-stammt-2013-von-wind-sonne-und-co\/\" \/>\n<meta property=\"og:site_name\" content=\"Sonnenseite\" \/>\n<meta property=\"article:publisher\" content=\"https:\/\/www.facebook.com\/pages\/Franz-Alt-SONNENSEITECOM\/221072987903953?fref=ts\" \/>\n<meta property=\"article:published_time\" content=\"2013-12-24T23:00:00+00:00\" \/>\n<meta property=\"og:image\" content=\"https:\/\/www.sonnenseite.com\/wp-content\/uploads\/2020\/06\/archiv_artikel.jpg\" \/>\n\t<meta property=\"og:image:width\" content=\"770\" \/>\n\t<meta property=\"og:image:height\" content=\"420\" \/>\n\t<meta property=\"og:image:type\" content=\"image\/jpeg\" \/>\n<meta name=\"author\" content=\"sbade\" \/>\n<meta name=\"twitter:card\" content=\"summary_large_image\" \/>\n<meta name=\"twitter:creator\" content=\"@franzalt\" \/>\n<meta name=\"twitter:site\" content=\"@franzalt\" \/>\n<meta name=\"twitter:label1\" content=\"Verfasst von\" \/>\n\t<meta name=\"twitter:data1\" content=\"sbade\" \/>\n\t<meta name=\"twitter:label2\" content=\"Gesch\u00e4tzte Lesezeit\" \/>\n\t<meta name=\"twitter:data2\" content=\"2\u00a0Minuten\" \/>\n<script type=\"application\/ld+json\" class=\"yoast-schema-graph\">{\"@context\":\"https:\/\/schema.org\",\"@graph\":[{\"@type\":\"Article\",\"@id\":\"https:\/\/www.sonnenseite.com\/de\/politik\/neuer-rekord-ein-viertel-des-stroms-stammt-2013-von-wind-sonne-und-co\/#article\",\"isPartOf\":{\"@id\":\"https:\/\/www.sonnenseite.com\/de\/politik\/neuer-rekord-ein-viertel-des-stroms-stammt-2013-von-wind-sonne-und-co\/\"},\"author\":{\"name\":\"sbade\",\"@id\":\"https:\/\/www.sonnenseite.com\/de\/#\/schema\/person\/6df44691cd9a70d99e140e1116ee8771\"},\"headline\":\"Neuer Rekord: Ein Viertel des Stroms stammt 2013 von Wind, Sonne und Co.\",\"datePublished\":\"2013-12-24T23:00:00+00:00\",\"mainEntityOfPage\":{\"@id\":\"https:\/\/www.sonnenseite.com\/de\/politik\/neuer-rekord-ein-viertel-des-stroms-stammt-2013-von-wind-sonne-und-co\/\"},\"wordCount\":346,\"publisher\":{\"@id\":\"https:\/\/www.sonnenseite.com\/de\/#organization\"},\"image\":{\"@id\":\"https:\/\/www.sonnenseite.com\/de\/politik\/neuer-rekord-ein-viertel-des-stroms-stammt-2013-von-wind-sonne-und-co\/#primaryimage\"},\"thumbnailUrl\":\"https:\/\/www.sonnenseite.com\/wp-content\/uploads\/2020\/06\/archiv_artikel.jpg\",\"articleSection\":[\"Politik\"],\"inLanguage\":\"de\"},{\"@type\":\"WebPage\",\"@id\":\"https:\/\/www.sonnenseite.com\/de\/politik\/neuer-rekord-ein-viertel-des-stroms-stammt-2013-von-wind-sonne-und-co\/\",\"url\":\"https:\/\/www.sonnenseite.com\/de\/politik\/neuer-rekord-ein-viertel-des-stroms-stammt-2013-von-wind-sonne-und-co\/\",\"name\":\"Neuer Rekord: Ein Viertel des Stroms stammt 2013 von Wind, Sonne und Co. - Sonnenseite - \u00d6kologische Kommunikation mit Franz Alt\",\"isPartOf\":{\"@id\":\"https:\/\/www.sonnenseite.com\/de\/#website\"},\"primaryImageOfPage\":{\"@id\":\"https:\/\/www.sonnenseite.com\/de\/politik\/neuer-rekord-ein-viertel-des-stroms-stammt-2013-von-wind-sonne-und-co\/#primaryimage\"},\"image\":{\"@id\":\"https:\/\/www.sonnenseite.com\/de\/politik\/neuer-rekord-ein-viertel-des-stroms-stammt-2013-von-wind-sonne-und-co\/#primaryimage\"},\"thumbnailUrl\":\"https:\/\/www.sonnenseite.com\/wp-content\/uploads\/2020\/06\/archiv_artikel.jpg\",\"datePublished\":\"2013-12-24T23:00:00+00:00\",\"description\":\"Steigende Kohlverstromung und starke Zuw\u00e4chse beim Export f\u00fchren zum \\\"Energiewende-Paradox\\\" steigender CO2-Emissionen. Im Jahr 2013 ist der Anteil\",\"breadcrumb\":{\"@id\":\"https:\/\/www.sonnenseite.com\/de\/politik\/neuer-rekord-ein-viertel-des-stroms-stammt-2013-von-wind-sonne-und-co\/#breadcrumb\"},\"inLanguage\":\"de\",\"potentialAction\":[{\"@type\":\"ReadAction\",\"target\":[\"https:\/\/www.sonnenseite.com\/de\/politik\/neuer-rekord-ein-viertel-des-stroms-stammt-2013-von-wind-sonne-und-co\/\"]}]},{\"@type\":\"ImageObject\",\"inLanguage\":\"de\",\"@id\":\"https:\/\/www.sonnenseite.com\/de\/politik\/neuer-rekord-ein-viertel-des-stroms-stammt-2013-von-wind-sonne-und-co\/#primaryimage\",\"url\":\"https:\/\/www.sonnenseite.com\/wp-content\/uploads\/2020\/06\/archiv_artikel.jpg\",\"contentUrl\":\"https:\/\/www.sonnenseite.com\/wp-content\/uploads\/2020\/06\/archiv_artikel.jpg\",\"width\":770,\"height\":420,\"caption\":\"Sonnenseite\"},{\"@type\":\"BreadcrumbList\",\"@id\":\"https:\/\/www.sonnenseite.com\/de\/politik\/neuer-rekord-ein-viertel-des-stroms-stammt-2013-von-wind-sonne-und-co\/#breadcrumb\",\"itemListElement\":[{\"@type\":\"ListItem\",\"position\":1,\"name\":\"Startseite\",\"item\":\"https:\/\/www.sonnenseite.com\/de\/\"},{\"@type\":\"ListItem\",\"position\":2,\"name\":\"Neuer Rekord: Ein Viertel des Stroms stammt 2013 von Wind, Sonne und Co.\"}]},{\"@type\":\"WebSite\",\"@id\":\"https:\/\/www.sonnenseite.com\/de\/#website\",\"url\":\"https:\/\/www.sonnenseite.com\/de\/\",\"name\":\"Sonnenseite\",\"description\":\"\u00d6kologische Kommunikation mit Franz Alt\",\"publisher\":{\"@id\":\"https:\/\/www.sonnenseite.com\/de\/#organization\"},\"potentialAction\":[{\"@type\":\"SearchAction\",\"target\":{\"@type\":\"EntryPoint\",\"urlTemplate\":\"https:\/\/www.sonnenseite.com\/de\/?s={search_term_string}\"},\"query-input\":{\"@type\":\"PropertyValueSpecification\",\"valueRequired\":true,\"valueName\":\"search_term_string\"}}],\"inLanguage\":\"de\"},{\"@type\":\"Organization\",\"@id\":\"https:\/\/www.sonnenseite.com\/de\/#organization\",\"name\":\"Sonnenseite\",\"url\":\"https:\/\/www.sonnenseite.com\/de\/\",\"logo\":{\"@type\":\"ImageObject\",\"inLanguage\":\"de\",\"@id\":\"https:\/\/www.sonnenseite.com\/de\/#\/schema\/logo\/image\/\",\"url\":\"https:\/\/www.sonnenseite.com\/wp-content\/uploads\/2020\/05\/Sonnenseite_Logo.png\",\"contentUrl\":\"https:\/\/www.sonnenseite.com\/wp-content\/uploads\/2020\/05\/Sonnenseite_Logo.png\",\"width\":377,\"height\":90,\"caption\":\"Sonnenseite\"},\"image\":{\"@id\":\"https:\/\/www.sonnenseite.com\/de\/#\/schema\/logo\/image\/\"},\"sameAs\":[\"https:\/\/www.facebook.com\/pages\/Franz-Alt-SONNENSEITECOM\/221072987903953?fref=ts\",\"https:\/\/x.com\/franzalt\",\"http:\/\/www.youtube.com\/results?search_query&amp;amp;quot;franz_alt&amp;amp;quot;&amp;amp;amp;amp;search_type&amp;amp;amp;amp;aq=f\"]},{\"@type\":\"Person\",\"@id\":\"https:\/\/www.sonnenseite.com\/de\/#\/schema\/person\/6df44691cd9a70d99e140e1116ee8771\",\"name\":\"sbade\",\"sameAs\":[\"https:\/\/www.sonnenseite.com\"]}]}<\/script>\n<!-- \/ Yoast SEO plugin. -->","yoast_head_json":{"title":"Neuer Rekord: Ein Viertel des Stroms stammt 2013 von Wind, Sonne und Co. - Sonnenseite - \u00d6kologische Kommunikation mit Franz Alt","description":"Steigende Kohlverstromung und starke Zuw\u00e4chse beim Export f\u00fchren zum \"Energiewende-Paradox\" steigender CO2-Emissionen. Im Jahr 2013 ist der Anteil","robots":{"index":"index","follow":"follow","max-snippet":"max-snippet:-1","max-image-preview":"max-image-preview:large","max-video-preview":"max-video-preview:-1"},"canonical":"https:\/\/www.sonnenseite.com\/de\/politik\/neuer-rekord-ein-viertel-des-stroms-stammt-2013-von-wind-sonne-und-co\/","og_locale":"de_DE","og_type":"article","og_title":"Neuer Rekord: Ein Viertel des Stroms stammt 2013 von Wind, Sonne und Co. - Sonnenseite - \u00d6kologische Kommunikation mit Franz Alt","og_description":"Steigende Kohlverstromung und starke Zuw\u00e4chse beim Export f\u00fchren zum \"Energiewende-Paradox\" steigender CO2-Emissionen. Im Jahr 2013 ist der Anteil","og_url":"https:\/\/www.sonnenseite.com\/de\/politik\/neuer-rekord-ein-viertel-des-stroms-stammt-2013-von-wind-sonne-und-co\/","og_site_name":"Sonnenseite","article_publisher":"https:\/\/www.facebook.com\/pages\/Franz-Alt-SONNENSEITECOM\/221072987903953?fref=ts","article_published_time":"2013-12-24T23:00:00+00:00","og_image":[{"width":770,"height":420,"url":"https:\/\/www.sonnenseite.com\/wp-content\/uploads\/2020\/06\/archiv_artikel.jpg","type":"image\/jpeg"}],"author":"sbade","twitter_card":"summary_large_image","twitter_creator":"@franzalt","twitter_site":"@franzalt","twitter_misc":{"Verfasst von":"sbade","Gesch\u00e4tzte Lesezeit":"2\u00a0Minuten"},"schema":{"@context":"https:\/\/schema.org","@graph":[{"@type":"Article","@id":"https:\/\/www.sonnenseite.com\/de\/politik\/neuer-rekord-ein-viertel-des-stroms-stammt-2013-von-wind-sonne-und-co\/#article","isPartOf":{"@id":"https:\/\/www.sonnenseite.com\/de\/politik\/neuer-rekord-ein-viertel-des-stroms-stammt-2013-von-wind-sonne-und-co\/"},"author":{"name":"sbade","@id":"https:\/\/www.sonnenseite.com\/de\/#\/schema\/person\/6df44691cd9a70d99e140e1116ee8771"},"headline":"Neuer Rekord: Ein Viertel des Stroms stammt 2013 von Wind, Sonne und Co.","datePublished":"2013-12-24T23:00:00+00:00","mainEntityOfPage":{"@id":"https:\/\/www.sonnenseite.com\/de\/politik\/neuer-rekord-ein-viertel-des-stroms-stammt-2013-von-wind-sonne-und-co\/"},"wordCount":346,"publisher":{"@id":"https:\/\/www.sonnenseite.com\/de\/#organization"},"image":{"@id":"https:\/\/www.sonnenseite.com\/de\/politik\/neuer-rekord-ein-viertel-des-stroms-stammt-2013-von-wind-sonne-und-co\/#primaryimage"},"thumbnailUrl":"https:\/\/www.sonnenseite.com\/wp-content\/uploads\/2020\/06\/archiv_artikel.jpg","articleSection":["Politik"],"inLanguage":"de"},{"@type":"WebPage","@id":"https:\/\/www.sonnenseite.com\/de\/politik\/neuer-rekord-ein-viertel-des-stroms-stammt-2013-von-wind-sonne-und-co\/","url":"https:\/\/www.sonnenseite.com\/de\/politik\/neuer-rekord-ein-viertel-des-stroms-stammt-2013-von-wind-sonne-und-co\/","name":"Neuer Rekord: Ein Viertel des Stroms stammt 2013 von Wind, Sonne und Co. - Sonnenseite - \u00d6kologische Kommunikation mit Franz Alt","isPartOf":{"@id":"https:\/\/www.sonnenseite.com\/de\/#website"},"primaryImageOfPage":{"@id":"https:\/\/www.sonnenseite.com\/de\/politik\/neuer-rekord-ein-viertel-des-stroms-stammt-2013-von-wind-sonne-und-co\/#primaryimage"},"image":{"@id":"https:\/\/www.sonnenseite.com\/de\/politik\/neuer-rekord-ein-viertel-des-stroms-stammt-2013-von-wind-sonne-und-co\/#primaryimage"},"thumbnailUrl":"https:\/\/www.sonnenseite.com\/wp-content\/uploads\/2020\/06\/archiv_artikel.jpg","datePublished":"2013-12-24T23:00:00+00:00","description":"Steigende Kohlverstromung und starke Zuw\u00e4chse beim Export f\u00fchren zum \"Energiewende-Paradox\" steigender CO2-Emissionen. Im Jahr 2013 ist der Anteil","breadcrumb":{"@id":"https:\/\/www.sonnenseite.com\/de\/politik\/neuer-rekord-ein-viertel-des-stroms-stammt-2013-von-wind-sonne-und-co\/#breadcrumb"},"inLanguage":"de","potentialAction":[{"@type":"ReadAction","target":["https:\/\/www.sonnenseite.com\/de\/politik\/neuer-rekord-ein-viertel-des-stroms-stammt-2013-von-wind-sonne-und-co\/"]}]},{"@type":"ImageObject","inLanguage":"de","@id":"https:\/\/www.sonnenseite.com\/de\/politik\/neuer-rekord-ein-viertel-des-stroms-stammt-2013-von-wind-sonne-und-co\/#primaryimage","url":"https:\/\/www.sonnenseite.com\/wp-content\/uploads\/2020\/06\/archiv_artikel.jpg","contentUrl":"https:\/\/www.sonnenseite.com\/wp-content\/uploads\/2020\/06\/archiv_artikel.jpg","width":770,"height":420,"caption":"Sonnenseite"},{"@type":"BreadcrumbList","@id":"https:\/\/www.sonnenseite.com\/de\/politik\/neuer-rekord-ein-viertel-des-stroms-stammt-2013-von-wind-sonne-und-co\/#breadcrumb","itemListElement":[{"@type":"ListItem","position":1,"name":"Startseite","item":"https:\/\/www.sonnenseite.com\/de\/"},{"@type":"ListItem","position":2,"name":"Neuer Rekord: Ein Viertel des Stroms stammt 2013 von Wind, Sonne und Co."}]},{"@type":"WebSite","@id":"https:\/\/www.sonnenseite.com\/de\/#website","url":"https:\/\/www.sonnenseite.com\/de\/","name":"Sonnenseite","description":"\u00d6kologische Kommunikation mit Franz Alt","publisher":{"@id":"https:\/\/www.sonnenseite.com\/de\/#organization"},"potentialAction":[{"@type":"SearchAction","target":{"@type":"EntryPoint","urlTemplate":"https:\/\/www.sonnenseite.com\/de\/?s={search_term_string}"},"query-input":{"@type":"PropertyValueSpecification","valueRequired":true,"valueName":"search_term_string"}}],"inLanguage":"de"},{"@type":"Organization","@id":"https:\/\/www.sonnenseite.com\/de\/#organization","name":"Sonnenseite","url":"https:\/\/www.sonnenseite.com\/de\/","logo":{"@type":"ImageObject","inLanguage":"de","@id":"https:\/\/www.sonnenseite.com\/de\/#\/schema\/logo\/image\/","url":"https:\/\/www.sonnenseite.com\/wp-content\/uploads\/2020\/05\/Sonnenseite_Logo.png","contentUrl":"https:\/\/www.sonnenseite.com\/wp-content\/uploads\/2020\/05\/Sonnenseite_Logo.png","width":377,"height":90,"caption":"Sonnenseite"},"image":{"@id":"https:\/\/www.sonnenseite.com\/de\/#\/schema\/logo\/image\/"},"sameAs":["https:\/\/www.facebook.com\/pages\/Franz-Alt-SONNENSEITECOM\/221072987903953?fref=ts","https:\/\/x.com\/franzalt","http:\/\/www.youtube.com\/results?search_query&amp;amp;quot;franz_alt&amp;amp;quot;&amp;amp;amp;amp;search_type&amp;amp;amp;amp;aq=f"]},{"@type":"Person","@id":"https:\/\/www.sonnenseite.com\/de\/#\/schema\/person\/6df44691cd9a70d99e140e1116ee8771","name":"sbade","sameAs":["https:\/\/www.sonnenseite.com"]}]}},"_links":{"self":[{"href":"https:\/\/www.sonnenseite.com\/de\/wp-json\/wp\/v2\/posts\/52871","targetHints":{"allow":["GET"]}}],"collection":[{"href":"https:\/\/www.sonnenseite.com\/de\/wp-json\/wp\/v2\/posts"}],"about":[{"href":"https:\/\/www.sonnenseite.com\/de\/wp-json\/wp\/v2\/types\/post"}],"author":[{"embeddable":true,"href":"https:\/\/www.sonnenseite.com\/de\/wp-json\/wp\/v2\/users\/1"}],"replies":[{"embeddable":true,"href":"https:\/\/www.sonnenseite.com\/de\/wp-json\/wp\/v2\/comments?post=52871"}],"version-history":[{"count":0,"href":"https:\/\/www.sonnenseite.com\/de\/wp-json\/wp\/v2\/posts\/52871\/revisions"}],"wp:featuredmedia":[{"embeddable":true,"href":"https:\/\/www.sonnenseite.com\/de\/wp-json\/wp\/v2\/media\/50987"}],"wp:attachment":[{"href":"https:\/\/www.sonnenseite.com\/de\/wp-json\/wp\/v2\/media?parent=52871"}],"wp:term":[{"taxonomy":"category","embeddable":true,"href":"https:\/\/www.sonnenseite.com\/de\/wp-json\/wp\/v2\/categories?post=52871"},{"taxonomy":"post_tag","embeddable":true,"href":"https:\/\/www.sonnenseite.com\/de\/wp-json\/wp\/v2\/tags?post=52871"}],"curies":[{"name":"wp","href":"https:\/\/api.w.org\/{rel}","templated":true}]}}