{"id":52887,"date":"2013-12-21T00:00:00","date_gmt":"2013-12-20T23:00:00","guid":{"rendered":"https:\/\/www.sonnenseite.com\/zukunft\/die-weihnachtsbotschaft-sei-klueger-als-dein-feind.html"},"modified":"2013-12-21T00:00:00","modified_gmt":"2013-12-20T23:00:00","slug":"die-weihnachtsbotschaft-sei-klueger-als-dein-feind","status":"publish","type":"post","link":"https:\/\/www.sonnenseite.com\/de\/zukunft\/die-weihnachtsbotschaft-sei-klueger-als-dein-feind\/","title":{"rendered":"Die Weihnachtsbotschaft: &#8222;Sei kl\u00fcger als Dein Feind&#8220;"},"content":{"rendered":"<p>Sei kl\u00fcger als dein Feind \u2013 dies ist f\u00fcr Bestsellerautor Franz Alt die Kernbotschaft der Bergpredigt. Ein Gespr\u00e4ch \u00fcber schizophrenes Christentum, Heilige Kriege und deutsche Waffenexporte. <!--more--> <\/p>\n<p><strong>Christ &amp; Welt: <\/strong><em>Woher kommt die Friedenssehnsucht an Weihnachten? <\/em><\/p>\n<p><strong>Franz Alt: <\/strong>Weil Weihnachten eine Revolution ist. Weil das Kind, das Weihnachten geboren wurde, der bedeutendste Friedensheld der Weltgeschichte ist. Weil dieses Kind eine Botschaft f\u00fcr die ganze Menschheit hatte, die einfach umwerfend war, n\u00e4mlich: Nicht nur Frieden ist m\u00f6glich, sondern Feindesliebe m\u00fcsst ihr lernen. Feindesliebe, das ist f\u00fcr mich die Magna Charta f\u00fcr eine andere und eine bessere Welt. Feindesliebe hei\u00dft ja nicht: Du sollst dir von deinem Feind alles bieten lassen. Das ist ja st\u00e4ndig missverstanden worden. Diese Sentimentalos, die nie begriffen haben, was der Mann aus Nazaret wirklich meint. Feindesliebe hei\u00dft: Sei kl\u00fcger als dein Feind.<\/p>\n<p><strong>C &amp; W: <\/strong><em>Was hindert die Menschen denn daran, Feindesliebe zuzulassen? <\/em><\/p>\n<p><strong>Alt: <\/strong>Das ist eine Frage des Umdenkens. Einer muss anfangen. Europa ist ein Friedenskontinent geworden, und die atomare Abr\u00fcstung war eine Voraussetzung daf\u00fcr. Das Jahr 1989 war ganz im Sinne der Bergpredigt. Und nat\u00fcrlich das, was der Kommunist Michail Gorbatschow gemacht hat. Er hat gesagt: Egal, was der Westen macht, wir werden abr\u00fcsten. Das ist intelligent. Einer muss anfangen aufzuh\u00f6ren.<\/p>\n<p><strong>C &amp; W: <\/strong><em>Gilt das auch f\u00fcr Israel und Pal\u00e4stina? <\/em><\/p>\n<p><strong>Alt: <\/strong>Ja! In Pal\u00e4stina sieht man doch seit 60 Jahren, dass Frieden nach dem Motto \u201eAuge um Auge, Zahn um Zahn\u201c nicht m\u00f6glich ist. Doch Frieden ist nicht \u00fcberirdisch oder unm\u00f6glich. Die Beendigung des Kalten Krieges \u2013 da stand sich die ganze Welt so gegen\u00fcber wie jetzt Israel und Pal\u00e4stina. Bewaffnet bis an die Z\u00e4hne. Der Westen und Osten hatten 50-mal die M\u00f6glichkeit, sich gegenseitig umzubringen, und dann kam Gorbatschow. Wenn eine friedliche Revolution wie 1989 in der ganzen Welt m\u00f6glich war, dann gilt dies auch f\u00fcr den Nahen Osten. Die Israelis d\u00fcrfen nicht nur von Frieden reden, sie m\u00fcssen mehr politischen Willen zeigen. Nach jedem Krieg wird ein Friedensabkommen geschlossen.<\/p>\n<p><strong>C &amp; W: <\/strong><em>Gibt es hierzulande Politiker, die mit der Bergpredigt regieren? <\/em><\/p>\n<p><strong>Alt: <\/strong>In Deutschland kenne ich nur zwei. Das sind Richard von Weizs\u00e4cker und der ehemalige Ministerpr\u00e4sident von Sachsen-Anhalt, Reinhard H\u00f6ppner. Alle anderen, Otto von Bismarck, Helmut Schmidt, Helmut Kohl haben gesagt, die Bergpredigt gilt privat, aber nicht politisch. Welch eine Schizophrenie! Wenn die Bergpredigt nur sonntags gilt und dann von Montag bis Freitag wieder die Realpolitik, dann ist Christsein Schizophrenie.<\/p>\n<p><strong>C &amp; W: <\/strong><em>M\u00fcssten demnach Politiker bereit sein, f\u00fcr ihre Politik auch zu sterben? <\/em><\/p>\n<p><strong>Alt: <\/strong>Wenn ich unangreifbar sein will, darf ich nicht in die Politik gehen. Man sieht ja, wie oft Politiker Anschl\u00e4gen ausgesetzt sind. Mit dem Risiko muss ich immer leben. Gorbatschow hat sein Leben riskiert, er ist gest\u00fcrzt worden.<\/p>\n<p>Jeder Politiker geht dieses Risiko ein. Wie viele Politiker sind umgebracht worden? Kennedy, Gandhi, das sind ja nur zwei Beispiele.<\/p>\n<p><strong>C &amp; W: <\/strong><em>Ist diese Risikobereitschaft ein ausschlaggebendes Kriterium? <\/em><\/p>\n<p><strong>Alt: <\/strong>Politiker wissen, dass sie immer gef\u00e4hrdet sind, siehe Wolfgang Sch\u00e4uble. Und zwar nicht, weil sie Christen sind, sondern weil es immer Idioten, Extremisten und Radikale gibt. Ich will nicht so weit gehen zu sagen, du musst dein Leben opfern. Das w\u00e4re mir zu radikal. Man muss k\u00e4mpfen, konsequent sein, in der Spur Jesu bleiben.<\/p>\n<p><strong>C &amp; W: <\/strong><em>Was h\u00e4tte es gebracht, wenn George W. Bush oder Obama mit bin Laden geredet h\u00e4tten? Waren die Fronten nicht schon gekl\u00e4rt? <\/em><\/p>\n<p><strong>Alt: <\/strong>Bin Laden hat oft gesagt, er w\u00fcrde mit Bush reden. Ich habe mit dem Dalai Lama \u00fcber den Irakkrieg diskutiert. Seine Philosophie lautet: Ich kenne keine Feinde. Es gibt nur Menschen, die ich noch nicht kennengelernt habe. Der Dalai Lama hat dem damaligen Pr\u00e4sidenten Bush am 11. September 2001 einen Brief geschrieben: Lieber Herr Pr\u00e4sident: Auch bin Laden ist unser Bruder, selbst wenn er unser gr\u00f6\u00dfter Feind gewesen ist. Bush hat nie geantwortet. Machtmenschen wie er werden das nie begreifen.<\/p>\n<p><strong>C &amp; W: <\/strong><em>Das Streben nach Macht geh\u00f6rt genauso zum Menschen wie die Suche nach Frieden \u2026 Gibt es einen Ausweg aus dieser Ambivalenz? <\/em><\/p>\n<p><strong>Alt: <\/strong>Das ist ein Dilemma, aber ich glaube, dass die Welt friedlicher wird. Der Sinn unseres Daseins besteht nicht darin, dass wir uns gegenseitig umbringen, sondern lernen, in Frieden und Freiheit miteinander zu leben. Die Welt bewegt sich im Sinne der Bergpredigt auf den Frieden zu. Im 17. Jahrhundert war halb Europa zu Tode gekommen, und zwar \u00fcberwiegend durch Gewalt im Drei\u00dfigj\u00e4hrigen Krieg. Nat\u00fcrlich haben wir noch immer viel Gewalt, in diesem Jahr allein verzeichnen wir 20 Kriege. Aber das ist weit weniger als vor 100 Jahren. Es gibt gro\u00dfe Fortschritte. Der wunderbare Mann aus Nazaret hat nicht umsonst gelebt, genauso wie Buddha, Gorbatschow, Gandhi, Laotse und Albert Schweitzer.<\/p>\n<p><strong>C &amp; W: <\/strong><em>Das klingt ja sehr nach Weihnachten. Braucht Deutschland dann demn\u00e4chst keine Bundeswehr und Polizei mehr? <\/em><\/p>\n<p><strong>Alt: <\/strong>Ich glaube, eines Tages, und daran muss man arbeiten, ist auch eine Welt m\u00f6glich, in der Deutschland keine Bundeswehr mehr braucht. So wie wir keine Atomwaffen gebraucht haben, brauchen wir auch eines Tages keine Bundeswehr mehr. Eine Welt ohne Polizei, das wird noch l\u00e4nger dauern, ist aber auch eines Tages nicht unm\u00f6glich. Die Welt ist, wie sie ist, ich bin ein gro\u00dfer Realist. Gerade in der Schule der Bergpredigt lernt man politischen Realismus. Jesus war ein gro\u00dfer Menschenkenner.<\/p>\n<p><strong>C &amp; W: <\/strong><em>Macht der Glaube Menschen zu Friedensstiftern? <\/em><\/p>\n<p><strong>Alt: <\/strong>Das kann man so nicht sagen. Wir Christen und westlichen Kolonialisten haben Brutales auf der Welt angerichtet. Wir sind nicht die besseren Menschen, wie sind nicht grunds\u00e4tzlich Friedensstifter. Gorbatschow zum Beispiel w\u00fcrde sich nicht als Christ bezeichnen, er ist einfach ein gro\u00dfer Humanist. Mir hat es sehr geholfen, mich auf Jesus von Nazareth st\u00fctzen zu k\u00f6nnen.<\/p>\n<p><strong>C &amp; W: <\/strong><em>Ist Religion bei politischen Konflikten Friedensfaktor oder St\u00f6rfeuer? <\/em><\/p>\n<p><strong>Alt: <\/strong>Beides ist m\u00f6glich. Wenn Religion sich radikalisiert und Fundamentalisten nach oben sp\u00fclt, dann kann das furchtbar sein. Dann entstehen Heilige Kriege und Religionskriege. Deswegen hat Hans K\u00fcng recht, wenn er immer wieder betont, dass es keinen Frieden ohne Religionsfrieden gibt. Wo Religion missbraucht wird und in Gewalt umschl\u00e4gt, ist sie genauso furchtbar wie gereizte Tyrannei. Auf der anderen Seite k\u00f6nnen Religion und Spiritualit\u00e4t dazu bewegen, als Friedensstifter zu arbeiten. Ich kann Religion missbrauchen, ich kann sie aber auch im Sinne von Frieden und Freiheit einsetzen.<\/p>\n<p><strong>C &amp; W: <\/strong><em>Europa geh\u00f6rt zu den gr\u00f6\u00dften Waffenexporteuren der Welt, was hat das mit Frieden zu tun?<\/em><\/p>\n<p><em> <\/em><strong>Alt: <\/strong>Da sieht man, was noch an Aufgaben vor uns liegt. Ich sch\u00e4me mich als Deutscher, dass wir als Waffenexporteur an dritter Stelle weltweit liegen. Der Friedensnobelpreis von 2012 an die EU sollte ein Ansporn sein, diese Fragen intensiver zu diskutieren. Europa bleibt eine Friedensaufgabe. Wir haben zurzeit weltweit 388 Konflikte, 20 davon werden als Kriege eingestuft. Wir hatten \u00fcber 400 Kriege seit 1949. All das kann stattfinden, weil Europa, Russland, weil die USA, China und Deutschland Waffen in diese Krisengebiete liefern. Heilige sind wir noch lange nicht, aber Teilzeitheilige, das ist doch auch schon etwas.<\/p>\n<p><strong>C &amp; W: <\/strong><em>Ist das nicht ein wenig zu optimistisch? Schlie\u00dflich verteidigen wir unseren materiellen Wohlstand zuweilen mit Waffengewalt \u2026 <\/em><\/p>\n<p><strong>Alt: <\/strong>Ja wir f\u00fchren Kriege wegen der zu Ende gehenden Ressourcen zum Beispiel Kriege um \u00d6l. Wenn im Irak nur Bananen w\u00fcchsen, w\u00e4re da kein einziger amerikanischer Soldat. Um die Sonne kann kein Mensch Krieg f\u00fchren, sie scheint f\u00fcr alle. Deswegen ist die Energiefrage immer eine Friedensfrage. Wir Christen d\u00fcrfen nicht nur vom Frieden reden oder darum beten. Wir m\u00fcssen f\u00fcr den Frieden arbeiten. Frieden in uns ist die Voraussetzung f\u00fcr Frieden um uns.<\/p>\n<h5 class=\"green\">Quelle<\/h5>\n<p>Astrid Prange de Oliveira 2012DIE ZEIT | Christ &#038; Welt 2012<\/p>\n<div class=\"shariff shariff-align-flex-start shariff-widget-align-flex-start\"><div class=\"ShariffHeadline\">Diese Meldung teilen<\/div><ul class=\"shariff-buttons theme-round orientation-horizontal buttonsize-medium\"><li class=\"shariff-button facebook shariff-nocustomcolor\" style=\"background-color:#4273c8;border-radius:1%\"><a href=\"https:\/\/www.facebook.com\/sharer\/sharer.php?u=https%3A%2F%2Fwww.sonnenseite.com%2Fde%2Fzukunft%2Fdie-weihnachtsbotschaft-sei-klueger-als-dein-feind%2F\" title=\"Bei Facebook teilen\" aria-label=\"Bei Facebook teilen\" role=\"button\" rel=\"nofollow\" class=\"shariff-link\" style=\";border-radius:1%; background-color:#3b5998; color:#fff\" target=\"_blank\"><span class=\"shariff-icon\" style=\"\"><svg width=\"32px\" height=\"20px\" xmlns=\"http:\/\/www.w3.org\/2000\/svg\" viewBox=\"0 0 18 32\"><path fill=\"#3b5998\" d=\"M17.1 0.2v4.7h-2.8q-1.5 0-2.1 0.6t-0.5 1.9v3.4h5.2l-0.7 5.3h-4.5v13.6h-5.5v-13.6h-4.5v-5.3h4.5v-3.9q0-3.3 1.9-5.2t5-1.8q2.6 0 4.1 0.2z\"\/><\/svg><\/span><\/a><\/li><li class=\"shariff-button twitter shariff-nocustomcolor\" style=\"background-color:#595959;border-radius:1%\"><a href=\"https:\/\/twitter.com\/share?url=https%3A%2F%2Fwww.sonnenseite.com%2Fde%2Fzukunft%2Fdie-weihnachtsbotschaft-sei-klueger-als-dein-feind%2F&text=Die%20Weihnachtsbotschaft%3A%20%E2%80%9ESei%20kl%C3%BCger%20als%20Dein%20Feind%E2%80%9C\" title=\"Bei X teilen\" aria-label=\"Bei X teilen\" role=\"button\" rel=\"noopener nofollow\" class=\"shariff-link\" style=\";border-radius:1%; background-color:#000; color:#fff\" target=\"_blank\"><span class=\"shariff-icon\" style=\"\"><svg width=\"32px\" height=\"20px\" xmlns=\"http:\/\/www.w3.org\/2000\/svg\" viewBox=\"0 0 24 24\"><path fill=\"#000\" d=\"M14.258 10.152L23.176 0h-2.113l-7.747 8.813L7.133 0H0l9.352 13.328L0 23.973h2.113l8.176-9.309 6.531 9.309h7.133zm-2.895 3.293l-.949-1.328L2.875 1.56h3.246l6.086 8.523.945 1.328 7.91 11.078h-3.246zm0 0\"\/><\/svg><\/span><\/a><\/li><li class=\"shariff-button xing shariff-nocustomcolor\" style=\"background-color:#29888a;border-radius:1%\"><a href=\"https:\/\/www.xing.com\/spi\/shares\/new?url=https%3A%2F%2Fwww.sonnenseite.com%2Fde%2Fzukunft%2Fdie-weihnachtsbotschaft-sei-klueger-als-dein-feind%2F\" title=\"Bei XING teilen\" aria-label=\"Bei XING teilen\" role=\"button\" rel=\"noopener nofollow\" class=\"shariff-link\" style=\";border-radius:1%; background-color:#126567; color:#fff\" target=\"_blank\"><span class=\"shariff-icon\" style=\"\"><svg width=\"32px\" height=\"20px\" xmlns=\"http:\/\/www.w3.org\/2000\/svg\" viewBox=\"0 0 25 32\"><path fill=\"#126567\" d=\"M10.7 11.9q-0.2 0.3-4.6 8.2-0.5 0.8-1.2 0.8h-4.3q-0.4 0-0.5-0.3t0-0.6l4.5-8q0 0 0 0l-2.9-5q-0.2-0.4 0-0.7 0.2-0.3 0.5-0.3h4.3q0.7 0 1.2 0.8zM25.1 0.4q0.2 0.3 0 0.7l-9.4 16.7 6 11q0.2 0.4 0 0.6-0.2 0.3-0.6 0.3h-4.3q-0.7 0-1.2-0.8l-6-11.1q0.3-0.6 9.5-16.8 0.4-0.8 1.2-0.8h4.3q0.4 0 0.5 0.3z\"\/><\/svg><\/span><\/a><\/li><li class=\"shariff-button linkedin shariff-nocustomcolor\" style=\"background-color:#1488bf;border-radius:1%\"><a href=\"https:\/\/www.linkedin.com\/sharing\/share-offsite\/?url=https%3A%2F%2Fwww.sonnenseite.com%2Fde%2Fzukunft%2Fdie-weihnachtsbotschaft-sei-klueger-als-dein-feind%2F\" title=\"Bei LinkedIn teilen\" aria-label=\"Bei LinkedIn teilen\" role=\"button\" rel=\"noopener nofollow\" class=\"shariff-link\" style=\";border-radius:1%; background-color:#0077b5; color:#fff\" target=\"_blank\"><span class=\"shariff-icon\" style=\"\"><svg width=\"32px\" height=\"20px\" xmlns=\"http:\/\/www.w3.org\/2000\/svg\" viewBox=\"0 0 27 32\"><path fill=\"#0077b5\" d=\"M6.2 11.2v17.7h-5.9v-17.7h5.9zM6.6 5.7q0 1.3-0.9 2.2t-2.4 0.9h0q-1.5 0-2.4-0.9t-0.9-2.2 0.9-2.2 2.4-0.9 2.4 0.9 0.9 2.2zM27.4 18.7v10.1h-5.9v-9.5q0-1.9-0.7-2.9t-2.3-1.1q-1.1 0-1.9 0.6t-1.2 1.5q-0.2 0.5-0.2 1.4v9.9h-5.9q0-7.1 0-11.6t0-5.3l0-0.9h5.9v2.6h0q0.4-0.6 0.7-1t1-0.9 1.6-0.8 2-0.3q3 0 4.9 2t1.9 6z\"\/><\/svg><\/span><\/a><\/li><li class=\"shariff-button printer shariff-nocustomcolor\" style=\"background-color:#a8a8a8;border-radius:1%\"><a href=\"javascript:window.print()\" title=\"drucken\" aria-label=\"drucken\" role=\"button\" rel=\"noopener nofollow\" class=\"shariff-link\" style=\";border-radius:1%; background-color:#999; color:#fff\"><span class=\"shariff-icon\" style=\"\"><svg width=\"32px\" height=\"20px\" xmlns=\"http:\/\/www.w3.org\/2000\/svg\" viewBox=\"0 0 30 32\"><path fill=\"#999\" d=\"M6.8 27.4h16v-4.6h-16v4.6zM6.8 16h16v-6.8h-2.8q-0.7 0-1.2-0.5t-0.5-1.2v-2.8h-11.4v11.4zM27.4 17.2q0-0.5-0.3-0.8t-0.8-0.4-0.8 0.4-0.3 0.8 0.3 0.8 0.8 0.3 0.8-0.3 0.3-0.8zM29.7 17.2v7.4q0 0.2-0.2 0.4t-0.4 0.2h-4v2.8q0 0.7-0.5 1.2t-1.2 0.5h-17.2q-0.7 0-1.2-0.5t-0.5-1.2v-2.8h-4q-0.2 0-0.4-0.2t-0.2-0.4v-7.4q0-1.4 1-2.4t2.4-1h1.2v-9.7q0-0.7 0.5-1.2t1.2-0.5h12q0.7 0 1.6 0.4t1.3 0.8l2.7 2.7q0.5 0.5 0.9 1.4t0.4 1.6v4.6h1.1q1.4 0 2.4 1t1 2.4z\"\/><\/svg><\/span><\/a><\/li><li class=\"shariff-button mailto shariff-nocustomcolor\" style=\"background-color:#a8a8a8;border-radius:1%\"><a href=\"mailto:?body=https%3A%2F%2Fwww.sonnenseite.com%2Fde%2Fzukunft%2Fdie-weihnachtsbotschaft-sei-klueger-als-dein-feind%2F&subject=Die%20Weihnachtsbotschaft%3A%20%E2%80%9ESei%20kl%C3%BCger%20als%20Dein%20Feind%E2%80%9C\" title=\"Per E-Mail versenden\" aria-label=\"Per E-Mail versenden\" role=\"button\" rel=\"noopener nofollow\" class=\"shariff-link\" style=\";border-radius:1%; background-color:#999; color:#fff\"><span class=\"shariff-icon\" style=\"\"><svg width=\"32px\" height=\"20px\" xmlns=\"http:\/\/www.w3.org\/2000\/svg\" viewBox=\"0 0 32 32\"><path fill=\"#999\" d=\"M32 12.7v14.2q0 1.2-0.8 2t-2 0.9h-26.3q-1.2 0-2-0.9t-0.8-2v-14.2q0.8 0.9 1.8 1.6 6.5 4.4 8.9 6.1 1 0.8 1.6 1.2t1.7 0.9 2 0.4h0.1q0.9 0 2-0.4t1.7-0.9 1.6-1.2q3-2.2 8.9-6.1 1-0.7 1.8-1.6zM32 7.4q0 1.4-0.9 2.7t-2.2 2.2q-6.7 4.7-8.4 5.8-0.2 0.1-0.7 0.5t-1 0.7-0.9 0.6-1.1 0.5-0.9 0.2h-0.1q-0.4 0-0.9-0.2t-1.1-0.5-0.9-0.6-1-0.7-0.7-0.5q-1.6-1.1-4.7-3.2t-3.6-2.6q-1.1-0.7-2.1-2t-1-2.5q0-1.4 0.7-2.3t2.1-0.9h26.3q1.2 0 2 0.8t0.9 2z\"\/><\/svg><\/span><\/a><\/li><\/ul><\/div>","protected":false},"excerpt":{"rendered":"<p>Sei kl\u00fcger als dein Feind \u2013 dies ist f\u00fcr Bestsellerautor Franz Alt die Kernbotschaft der Bergpredigt. [&hellip;]<\/p>\n","protected":false},"author":1,"featured_media":50987,"comment_status":"closed","ping_status":"closed","sticky":false,"template":"","format":"standard","meta":{"inline_featured_image":false,"footnotes":""},"categories":[27],"tags":[],"class_list":["post-52887","post","type-post","status-publish","format-standard","has-post-thumbnail","hentry","category-zukunft"],"yoast_head":"<!-- This site is optimized with the Yoast SEO plugin v26.5 - https:\/\/yoast.com\/wordpress\/plugins\/seo\/ -->\n<title>Die Weihnachtsbotschaft: &quot;Sei kl\u00fcger als Dein Feind&quot; - Sonnenseite - \u00d6kologische Kommunikation mit Franz Alt<\/title>\n<meta name=\"description\" content=\"Sei kl\u00fcger als dein Feind \u2013 dies ist f\u00fcr Bestsellerautor Franz Alt die Kernbotschaft der Bergpredigt. Ein Gespr\u00e4ch \u00fcber schizophrenes Christentum, Heilige\" \/>\n<meta name=\"robots\" content=\"index, follow, max-snippet:-1, max-image-preview:large, max-video-preview:-1\" \/>\n<link rel=\"canonical\" href=\"https:\/\/www.sonnenseite.com\/de\/zukunft\/die-weihnachtsbotschaft-sei-klueger-als-dein-feind\/\" \/>\n<meta property=\"og:locale\" content=\"de_DE\" \/>\n<meta property=\"og:type\" content=\"article\" \/>\n<meta property=\"og:title\" content=\"Die Weihnachtsbotschaft: &quot;Sei kl\u00fcger als Dein Feind&quot; - Sonnenseite - \u00d6kologische Kommunikation mit Franz Alt\" \/>\n<meta property=\"og:description\" content=\"Sei kl\u00fcger als dein Feind \u2013 dies ist f\u00fcr Bestsellerautor Franz Alt die Kernbotschaft der Bergpredigt. Ein Gespr\u00e4ch \u00fcber schizophrenes Christentum, Heilige\" \/>\n<meta property=\"og:url\" content=\"https:\/\/www.sonnenseite.com\/de\/zukunft\/die-weihnachtsbotschaft-sei-klueger-als-dein-feind\/\" \/>\n<meta property=\"og:site_name\" content=\"Sonnenseite\" \/>\n<meta property=\"article:publisher\" content=\"https:\/\/www.facebook.com\/pages\/Franz-Alt-SONNENSEITECOM\/221072987903953?fref=ts\" \/>\n<meta property=\"article:published_time\" content=\"2013-12-20T23:00:00+00:00\" \/>\n<meta property=\"og:image\" content=\"https:\/\/www.sonnenseite.com\/wp-content\/uploads\/2020\/06\/archiv_artikel.jpg\" \/>\n\t<meta property=\"og:image:width\" content=\"770\" \/>\n\t<meta property=\"og:image:height\" content=\"420\" \/>\n\t<meta property=\"og:image:type\" content=\"image\/jpeg\" \/>\n<meta name=\"author\" content=\"sbade\" \/>\n<meta name=\"twitter:card\" content=\"summary_large_image\" \/>\n<meta name=\"twitter:creator\" content=\"@franzalt\" \/>\n<meta name=\"twitter:site\" content=\"@franzalt\" \/>\n<meta name=\"twitter:label1\" content=\"Verfasst von\" \/>\n\t<meta name=\"twitter:data1\" content=\"sbade\" \/>\n\t<meta name=\"twitter:label2\" content=\"Gesch\u00e4tzte Lesezeit\" \/>\n\t<meta name=\"twitter:data2\" content=\"7\u00a0Minuten\" \/>\n<script type=\"application\/ld+json\" class=\"yoast-schema-graph\">{\"@context\":\"https:\/\/schema.org\",\"@graph\":[{\"@type\":\"Article\",\"@id\":\"https:\/\/www.sonnenseite.com\/de\/zukunft\/die-weihnachtsbotschaft-sei-klueger-als-dein-feind\/#article\",\"isPartOf\":{\"@id\":\"https:\/\/www.sonnenseite.com\/de\/zukunft\/die-weihnachtsbotschaft-sei-klueger-als-dein-feind\/\"},\"author\":{\"name\":\"sbade\",\"@id\":\"https:\/\/www.sonnenseite.com\/de\/#\/schema\/person\/6df44691cd9a70d99e140e1116ee8771\"},\"headline\":\"Die Weihnachtsbotschaft: &#8222;Sei kl\u00fcger als Dein Feind&#8220;\",\"datePublished\":\"2013-12-20T23:00:00+00:00\",\"mainEntityOfPage\":{\"@id\":\"https:\/\/www.sonnenseite.com\/de\/zukunft\/die-weihnachtsbotschaft-sei-klueger-als-dein-feind\/\"},\"wordCount\":1324,\"publisher\":{\"@id\":\"https:\/\/www.sonnenseite.com\/de\/#organization\"},\"image\":{\"@id\":\"https:\/\/www.sonnenseite.com\/de\/zukunft\/die-weihnachtsbotschaft-sei-klueger-als-dein-feind\/#primaryimage\"},\"thumbnailUrl\":\"https:\/\/www.sonnenseite.com\/wp-content\/uploads\/2020\/06\/archiv_artikel.jpg\",\"articleSection\":[\"Zukunft\"],\"inLanguage\":\"de\"},{\"@type\":\"WebPage\",\"@id\":\"https:\/\/www.sonnenseite.com\/de\/zukunft\/die-weihnachtsbotschaft-sei-klueger-als-dein-feind\/\",\"url\":\"https:\/\/www.sonnenseite.com\/de\/zukunft\/die-weihnachtsbotschaft-sei-klueger-als-dein-feind\/\",\"name\":\"Die Weihnachtsbotschaft: \\\"Sei kl\u00fcger als Dein Feind\\\" - Sonnenseite - \u00d6kologische Kommunikation mit Franz Alt\",\"isPartOf\":{\"@id\":\"https:\/\/www.sonnenseite.com\/de\/#website\"},\"primaryImageOfPage\":{\"@id\":\"https:\/\/www.sonnenseite.com\/de\/zukunft\/die-weihnachtsbotschaft-sei-klueger-als-dein-feind\/#primaryimage\"},\"image\":{\"@id\":\"https:\/\/www.sonnenseite.com\/de\/zukunft\/die-weihnachtsbotschaft-sei-klueger-als-dein-feind\/#primaryimage\"},\"thumbnailUrl\":\"https:\/\/www.sonnenseite.com\/wp-content\/uploads\/2020\/06\/archiv_artikel.jpg\",\"datePublished\":\"2013-12-20T23:00:00+00:00\",\"description\":\"Sei kl\u00fcger als dein Feind \u2013 dies ist f\u00fcr Bestsellerautor Franz Alt die Kernbotschaft der Bergpredigt. Ein Gespr\u00e4ch \u00fcber schizophrenes Christentum, Heilige\",\"breadcrumb\":{\"@id\":\"https:\/\/www.sonnenseite.com\/de\/zukunft\/die-weihnachtsbotschaft-sei-klueger-als-dein-feind\/#breadcrumb\"},\"inLanguage\":\"de\",\"potentialAction\":[{\"@type\":\"ReadAction\",\"target\":[\"https:\/\/www.sonnenseite.com\/de\/zukunft\/die-weihnachtsbotschaft-sei-klueger-als-dein-feind\/\"]}]},{\"@type\":\"ImageObject\",\"inLanguage\":\"de\",\"@id\":\"https:\/\/www.sonnenseite.com\/de\/zukunft\/die-weihnachtsbotschaft-sei-klueger-als-dein-feind\/#primaryimage\",\"url\":\"https:\/\/www.sonnenseite.com\/wp-content\/uploads\/2020\/06\/archiv_artikel.jpg\",\"contentUrl\":\"https:\/\/www.sonnenseite.com\/wp-content\/uploads\/2020\/06\/archiv_artikel.jpg\",\"width\":770,\"height\":420,\"caption\":\"Sonnenseite\"},{\"@type\":\"BreadcrumbList\",\"@id\":\"https:\/\/www.sonnenseite.com\/de\/zukunft\/die-weihnachtsbotschaft-sei-klueger-als-dein-feind\/#breadcrumb\",\"itemListElement\":[{\"@type\":\"ListItem\",\"position\":1,\"name\":\"Startseite\",\"item\":\"https:\/\/www.sonnenseite.com\/de\/\"},{\"@type\":\"ListItem\",\"position\":2,\"name\":\"Die Weihnachtsbotschaft: &#8222;Sei kl\u00fcger als Dein Feind&#8220;\"}]},{\"@type\":\"WebSite\",\"@id\":\"https:\/\/www.sonnenseite.com\/de\/#website\",\"url\":\"https:\/\/www.sonnenseite.com\/de\/\",\"name\":\"Sonnenseite\",\"description\":\"\u00d6kologische Kommunikation mit Franz Alt\",\"publisher\":{\"@id\":\"https:\/\/www.sonnenseite.com\/de\/#organization\"},\"potentialAction\":[{\"@type\":\"SearchAction\",\"target\":{\"@type\":\"EntryPoint\",\"urlTemplate\":\"https:\/\/www.sonnenseite.com\/de\/?s={search_term_string}\"},\"query-input\":{\"@type\":\"PropertyValueSpecification\",\"valueRequired\":true,\"valueName\":\"search_term_string\"}}],\"inLanguage\":\"de\"},{\"@type\":\"Organization\",\"@id\":\"https:\/\/www.sonnenseite.com\/de\/#organization\",\"name\":\"Sonnenseite\",\"url\":\"https:\/\/www.sonnenseite.com\/de\/\",\"logo\":{\"@type\":\"ImageObject\",\"inLanguage\":\"de\",\"@id\":\"https:\/\/www.sonnenseite.com\/de\/#\/schema\/logo\/image\/\",\"url\":\"https:\/\/www.sonnenseite.com\/wp-content\/uploads\/2020\/05\/Sonnenseite_Logo.png\",\"contentUrl\":\"https:\/\/www.sonnenseite.com\/wp-content\/uploads\/2020\/05\/Sonnenseite_Logo.png\",\"width\":377,\"height\":90,\"caption\":\"Sonnenseite\"},\"image\":{\"@id\":\"https:\/\/www.sonnenseite.com\/de\/#\/schema\/logo\/image\/\"},\"sameAs\":[\"https:\/\/www.facebook.com\/pages\/Franz-Alt-SONNENSEITECOM\/221072987903953?fref=ts\",\"https:\/\/x.com\/franzalt\",\"http:\/\/www.youtube.com\/results?search_query&amp;amp;quot;franz_alt&amp;amp;quot;&amp;amp;amp;amp;search_type&amp;amp;amp;amp;aq=f\"]},{\"@type\":\"Person\",\"@id\":\"https:\/\/www.sonnenseite.com\/de\/#\/schema\/person\/6df44691cd9a70d99e140e1116ee8771\",\"name\":\"sbade\",\"sameAs\":[\"https:\/\/www.sonnenseite.com\"]}]}<\/script>\n<!-- \/ Yoast SEO plugin. -->","yoast_head_json":{"title":"Die Weihnachtsbotschaft: \"Sei kl\u00fcger als Dein Feind\" - Sonnenseite - \u00d6kologische Kommunikation mit Franz Alt","description":"Sei kl\u00fcger als dein Feind \u2013 dies ist f\u00fcr Bestsellerautor Franz Alt die Kernbotschaft der Bergpredigt. Ein Gespr\u00e4ch \u00fcber schizophrenes Christentum, Heilige","robots":{"index":"index","follow":"follow","max-snippet":"max-snippet:-1","max-image-preview":"max-image-preview:large","max-video-preview":"max-video-preview:-1"},"canonical":"https:\/\/www.sonnenseite.com\/de\/zukunft\/die-weihnachtsbotschaft-sei-klueger-als-dein-feind\/","og_locale":"de_DE","og_type":"article","og_title":"Die Weihnachtsbotschaft: \"Sei kl\u00fcger als Dein Feind\" - Sonnenseite - \u00d6kologische Kommunikation mit Franz Alt","og_description":"Sei kl\u00fcger als dein Feind \u2013 dies ist f\u00fcr Bestsellerautor Franz Alt die Kernbotschaft der Bergpredigt. Ein Gespr\u00e4ch \u00fcber schizophrenes Christentum, Heilige","og_url":"https:\/\/www.sonnenseite.com\/de\/zukunft\/die-weihnachtsbotschaft-sei-klueger-als-dein-feind\/","og_site_name":"Sonnenseite","article_publisher":"https:\/\/www.facebook.com\/pages\/Franz-Alt-SONNENSEITECOM\/221072987903953?fref=ts","article_published_time":"2013-12-20T23:00:00+00:00","og_image":[{"width":770,"height":420,"url":"https:\/\/www.sonnenseite.com\/wp-content\/uploads\/2020\/06\/archiv_artikel.jpg","type":"image\/jpeg"}],"author":"sbade","twitter_card":"summary_large_image","twitter_creator":"@franzalt","twitter_site":"@franzalt","twitter_misc":{"Verfasst von":"sbade","Gesch\u00e4tzte Lesezeit":"7\u00a0Minuten"},"schema":{"@context":"https:\/\/schema.org","@graph":[{"@type":"Article","@id":"https:\/\/www.sonnenseite.com\/de\/zukunft\/die-weihnachtsbotschaft-sei-klueger-als-dein-feind\/#article","isPartOf":{"@id":"https:\/\/www.sonnenseite.com\/de\/zukunft\/die-weihnachtsbotschaft-sei-klueger-als-dein-feind\/"},"author":{"name":"sbade","@id":"https:\/\/www.sonnenseite.com\/de\/#\/schema\/person\/6df44691cd9a70d99e140e1116ee8771"},"headline":"Die Weihnachtsbotschaft: &#8222;Sei kl\u00fcger als Dein Feind&#8220;","datePublished":"2013-12-20T23:00:00+00:00","mainEntityOfPage":{"@id":"https:\/\/www.sonnenseite.com\/de\/zukunft\/die-weihnachtsbotschaft-sei-klueger-als-dein-feind\/"},"wordCount":1324,"publisher":{"@id":"https:\/\/www.sonnenseite.com\/de\/#organization"},"image":{"@id":"https:\/\/www.sonnenseite.com\/de\/zukunft\/die-weihnachtsbotschaft-sei-klueger-als-dein-feind\/#primaryimage"},"thumbnailUrl":"https:\/\/www.sonnenseite.com\/wp-content\/uploads\/2020\/06\/archiv_artikel.jpg","articleSection":["Zukunft"],"inLanguage":"de"},{"@type":"WebPage","@id":"https:\/\/www.sonnenseite.com\/de\/zukunft\/die-weihnachtsbotschaft-sei-klueger-als-dein-feind\/","url":"https:\/\/www.sonnenseite.com\/de\/zukunft\/die-weihnachtsbotschaft-sei-klueger-als-dein-feind\/","name":"Die Weihnachtsbotschaft: \"Sei kl\u00fcger als Dein Feind\" - Sonnenseite - \u00d6kologische Kommunikation mit Franz Alt","isPartOf":{"@id":"https:\/\/www.sonnenseite.com\/de\/#website"},"primaryImageOfPage":{"@id":"https:\/\/www.sonnenseite.com\/de\/zukunft\/die-weihnachtsbotschaft-sei-klueger-als-dein-feind\/#primaryimage"},"image":{"@id":"https:\/\/www.sonnenseite.com\/de\/zukunft\/die-weihnachtsbotschaft-sei-klueger-als-dein-feind\/#primaryimage"},"thumbnailUrl":"https:\/\/www.sonnenseite.com\/wp-content\/uploads\/2020\/06\/archiv_artikel.jpg","datePublished":"2013-12-20T23:00:00+00:00","description":"Sei kl\u00fcger als dein Feind \u2013 dies ist f\u00fcr Bestsellerautor Franz Alt die Kernbotschaft der Bergpredigt. Ein Gespr\u00e4ch \u00fcber schizophrenes Christentum, Heilige","breadcrumb":{"@id":"https:\/\/www.sonnenseite.com\/de\/zukunft\/die-weihnachtsbotschaft-sei-klueger-als-dein-feind\/#breadcrumb"},"inLanguage":"de","potentialAction":[{"@type":"ReadAction","target":["https:\/\/www.sonnenseite.com\/de\/zukunft\/die-weihnachtsbotschaft-sei-klueger-als-dein-feind\/"]}]},{"@type":"ImageObject","inLanguage":"de","@id":"https:\/\/www.sonnenseite.com\/de\/zukunft\/die-weihnachtsbotschaft-sei-klueger-als-dein-feind\/#primaryimage","url":"https:\/\/www.sonnenseite.com\/wp-content\/uploads\/2020\/06\/archiv_artikel.jpg","contentUrl":"https:\/\/www.sonnenseite.com\/wp-content\/uploads\/2020\/06\/archiv_artikel.jpg","width":770,"height":420,"caption":"Sonnenseite"},{"@type":"BreadcrumbList","@id":"https:\/\/www.sonnenseite.com\/de\/zukunft\/die-weihnachtsbotschaft-sei-klueger-als-dein-feind\/#breadcrumb","itemListElement":[{"@type":"ListItem","position":1,"name":"Startseite","item":"https:\/\/www.sonnenseite.com\/de\/"},{"@type":"ListItem","position":2,"name":"Die Weihnachtsbotschaft: &#8222;Sei kl\u00fcger als Dein Feind&#8220;"}]},{"@type":"WebSite","@id":"https:\/\/www.sonnenseite.com\/de\/#website","url":"https:\/\/www.sonnenseite.com\/de\/","name":"Sonnenseite","description":"\u00d6kologische Kommunikation mit Franz Alt","publisher":{"@id":"https:\/\/www.sonnenseite.com\/de\/#organization"},"potentialAction":[{"@type":"SearchAction","target":{"@type":"EntryPoint","urlTemplate":"https:\/\/www.sonnenseite.com\/de\/?s={search_term_string}"},"query-input":{"@type":"PropertyValueSpecification","valueRequired":true,"valueName":"search_term_string"}}],"inLanguage":"de"},{"@type":"Organization","@id":"https:\/\/www.sonnenseite.com\/de\/#organization","name":"Sonnenseite","url":"https:\/\/www.sonnenseite.com\/de\/","logo":{"@type":"ImageObject","inLanguage":"de","@id":"https:\/\/www.sonnenseite.com\/de\/#\/schema\/logo\/image\/","url":"https:\/\/www.sonnenseite.com\/wp-content\/uploads\/2020\/05\/Sonnenseite_Logo.png","contentUrl":"https:\/\/www.sonnenseite.com\/wp-content\/uploads\/2020\/05\/Sonnenseite_Logo.png","width":377,"height":90,"caption":"Sonnenseite"},"image":{"@id":"https:\/\/www.sonnenseite.com\/de\/#\/schema\/logo\/image\/"},"sameAs":["https:\/\/www.facebook.com\/pages\/Franz-Alt-SONNENSEITECOM\/221072987903953?fref=ts","https:\/\/x.com\/franzalt","http:\/\/www.youtube.com\/results?search_query&amp;amp;quot;franz_alt&amp;amp;quot;&amp;amp;amp;amp;search_type&amp;amp;amp;amp;aq=f"]},{"@type":"Person","@id":"https:\/\/www.sonnenseite.com\/de\/#\/schema\/person\/6df44691cd9a70d99e140e1116ee8771","name":"sbade","sameAs":["https:\/\/www.sonnenseite.com"]}]}},"_links":{"self":[{"href":"https:\/\/www.sonnenseite.com\/de\/wp-json\/wp\/v2\/posts\/52887","targetHints":{"allow":["GET"]}}],"collection":[{"href":"https:\/\/www.sonnenseite.com\/de\/wp-json\/wp\/v2\/posts"}],"about":[{"href":"https:\/\/www.sonnenseite.com\/de\/wp-json\/wp\/v2\/types\/post"}],"author":[{"embeddable":true,"href":"https:\/\/www.sonnenseite.com\/de\/wp-json\/wp\/v2\/users\/1"}],"replies":[{"embeddable":true,"href":"https:\/\/www.sonnenseite.com\/de\/wp-json\/wp\/v2\/comments?post=52887"}],"version-history":[{"count":0,"href":"https:\/\/www.sonnenseite.com\/de\/wp-json\/wp\/v2\/posts\/52887\/revisions"}],"wp:featuredmedia":[{"embeddable":true,"href":"https:\/\/www.sonnenseite.com\/de\/wp-json\/wp\/v2\/media\/50987"}],"wp:attachment":[{"href":"https:\/\/www.sonnenseite.com\/de\/wp-json\/wp\/v2\/media?parent=52887"}],"wp:term":[{"taxonomy":"category","embeddable":true,"href":"https:\/\/www.sonnenseite.com\/de\/wp-json\/wp\/v2\/categories?post=52887"},{"taxonomy":"post_tag","embeddable":true,"href":"https:\/\/www.sonnenseite.com\/de\/wp-json\/wp\/v2\/tags?post=52887"}],"curies":[{"name":"wp","href":"https:\/\/api.w.org\/{rel}","templated":true}]}}