{"id":53031,"date":"2013-11-30T00:00:00","date_gmt":"2013-11-29T23:00:00","guid":{"rendered":"https:\/\/www.sonnenseite.com\/politik\/erneuerbare-energien-sind-nicht-schuld-an-hohen-energiepreisen.html"},"modified":"2013-11-30T00:00:00","modified_gmt":"2013-11-29T23:00:00","slug":"erneuerbare-energien-sind-nicht-schuld-an-hohen-energiepreisen","status":"publish","type":"post","link":"https:\/\/www.sonnenseite.com\/de\/politik\/erneuerbare-energien-sind-nicht-schuld-an-hohen-energiepreisen\/","title":{"rendered":"Erneuerbare Energien sind nicht Schuld an hohen Energiepreisen"},"content":{"rendered":"<p>Stellungnahme der Energy Watch Group zum World Energy Outlook 2013. <!--more--> <\/p>\n<p>Laut Energy Watch Group best\u00e4tigt der von der Internationalen Energie-Agentur (IEA) vorgestellte World Energy Outlook 2013, dass die Energieversorgung k\u00fcnftig wesentlich teurer wird und dass deshalb Investitionen in Erneuerbare Energien an Bedeutung zunehmen werden.<\/p>\n<p>Dazu Hans-Josef Fell, Pr\u00e4sident der Energy Watch Group: \u201eDie IEA r\u00e4umt auf mit der\u00a0weit verbreiteten irrigen Meinung der angeblich hochsubventionierten Erneuerbaren Energien. Die j\u00e4hrlich weltweit rasant steigenden Subventionen f\u00fcr fossile Energien entpuppen sich immer mehr als eine Hauptursache f\u00fcr Staatsverschuldungen und als gr\u00f6\u00dftes Hemmnis gegen wirksamen Klimaschutz. Weitere Wirtschaftskrisen wie die Euro-Krise in den Rohstoffimportl\u00e4ndern zeichnen sich damit ab. Die EU-27 kann schon heute die etwa\u00a0500 Mrd. Euro schwere Importrechnung f\u00fcr fossile Rohstoffimporte\u00a0nicht mehr bezahlen und hat deshalb ein Au\u00dfenhandelsdefizit von ca. 200 Mrd. Euro \u2013 die versteckte Ursache hinter der Euro-Krise.\u201c<\/p>\n<p>Die IEA prognostiziert bis 2035 eine Steigerung der Erd\u00f6lf\u00f6rderung, warnt aber gleichzeitig davor, dass es keine neue \u00c4ra des \u00d6l\u00fcberflusses geben werde. Au\u00dferdem wird die Prognose der IEA deutlich relativiert mit der starken Einschr\u00e4nkung, dass Brasilien die F\u00f6rderung nur dann ausweiten und zu einem wichtigen \u00d6lexporteur werden k\u00f6nne, wenn die notwendigen Investitionen, die weit jenseits bisher in Russland oder dem Mittleren Osten investierter Gelder l\u00e4gen, get\u00e4tigt w\u00fcrden. \u201eIn der Frage, wie sich die Verf\u00fcgbarkeit der fossilen Rohstoffe in den n\u00e4chsten Jahrzehnte entwickeln wird, beschwichtigt die IEA weiterhin. Dabei kann man bei entsprechender Analyse selbst an den von der IEA vorgelegten Zahlen erkennen, dass die globale F\u00f6rderung insbesondere beim Erd\u00f6l am Anschlag ist und in den kommenden Jahren die steigende Nachfragew\u00fcnsche nicht mehr erf\u00fcllen kann\u201c, so Fell.<\/p>\n<p>Ungeachtet der Verf\u00fcgbarkeit von Erd\u00f6l oder Erdgas werden laut Energy Watch Group die Kosten f\u00fcr die Kohlenwasserstofff\u00f6rderung stark ansteigen und h\u00f6here Preise f\u00fcr die Konsumenten verursachen. Andererseits w\u00fcrde jedoch eine Preisstagnation fallende Investitionen seitens der \u00d6l- und Gasfirmen verursachen, und somit zu einem schnellen R\u00fcckgang der F\u00f6rdermengen f\u00fchren. Die Dimension der Herausforderung wird daran deutlich, dass sich die Investitionen der gro\u00dfen westlichen \u00d6lfirmen in den letzten zehn Jahren verf\u00fcnffacht haben, dennoch deren F\u00f6rderung um etwa 20% gefallen ist.<\/p>\n<p>Die Energy Watch Group ist au\u00dferdem nicht \u00fcberzeugt von der Einsch\u00e4tzung der IEA, dass die USA durch g\u00fcnstige Energiepreise einen gr\u00f6\u00dferen \u00f6konomischen Vorteil hinsichtlich externer Investitionen und Exporterl\u00f6sen generieren k\u00f6nnten. \u201eDie von der IEA berechneten Zahlen \u00a0basieren einzig auf den unbelegten Annahmen, dass sich das Bruttoinlandsprodukt in den einzelnen Regionen entsprechend unterschiedlich entwickeln werde. Das sind reine Spekulationen, die einer seri\u00f6sen Berechnungsgrundlage entbehren\u201c, so Dr. Werner Zittel, Vorstand der Ludwig-B\u00f6lkow-Stiftung und Chairman der Energy Watch Group.<\/p>\n<p>\u201eEs ist \u00fcberraschend, dass die IEA die regionalen Unterschiede der Energiepreise in den Vordergrund r\u00fcckt.\u201c Bemerkenswerter sei, dass das zentrale Szenario der IEA, das die Auswirkungen verschiedener von den Regierungen bereits angek\u00fcndigten Klimaschutzma\u00dfnahmen bereits ber\u00fccksichtigt, noch immer eine durchschnittliche globale Temperaturerh\u00f6hung von 3,6 Grad Celsius impliziert.<\/p>\n<p>Die deutsche Zusammenfassung des World Energy Outlook 2013 finden Sie <a href=\"http:\/\/dwr-eco.dmanalytics2.com\/click?u=http%3A%2F%2Fwww.iea.org%2Fpublications%2Ffreepublications%2Fpublication%2FWEO2013_Executive_Summary_German.pdf&amp;i=1&amp;d=6ZX5ZZZ3-0977-40Y5-YU94-XWVY235Y5V29&amp;e=franzalt%40sonnenseite.com&amp;a=2ZWW5749-1356-4VUW-88U3-0X3W5XY215Z7\" target=\"_blank\" rel=\"noopener noreferrer\">hier<\/a><\/p>\n<h5 class=\"green\">Quelle<\/h5>\n<p>\u00a9 Franz Alt 2013<\/p>\n<div class=\"shariff shariff-align-flex-start shariff-widget-align-flex-start\"><div class=\"ShariffHeadline\">Diese Meldung teilen<\/div><ul class=\"shariff-buttons theme-round orientation-horizontal buttonsize-medium\"><li class=\"shariff-button facebook shariff-nocustomcolor\" style=\"background-color:#4273c8;border-radius:1%\"><a href=\"https:\/\/www.facebook.com\/sharer\/sharer.php?u=https%3A%2F%2Fwww.sonnenseite.com%2Fde%2Fpolitik%2Ferneuerbare-energien-sind-nicht-schuld-an-hohen-energiepreisen%2F\" title=\"Bei Facebook teilen\" aria-label=\"Bei Facebook teilen\" role=\"button\" rel=\"nofollow\" class=\"shariff-link\" style=\";border-radius:1%; background-color:#3b5998; color:#fff\" target=\"_blank\"><span class=\"shariff-icon\" style=\"\"><svg width=\"32px\" height=\"20px\" xmlns=\"http:\/\/www.w3.org\/2000\/svg\" viewBox=\"0 0 18 32\"><path fill=\"#3b5998\" d=\"M17.1 0.2v4.7h-2.8q-1.5 0-2.1 0.6t-0.5 1.9v3.4h5.2l-0.7 5.3h-4.5v13.6h-5.5v-13.6h-4.5v-5.3h4.5v-3.9q0-3.3 1.9-5.2t5-1.8q2.6 0 4.1 0.2z\"\/><\/svg><\/span><\/a><\/li><li class=\"shariff-button twitter shariff-nocustomcolor\" style=\"background-color:#595959;border-radius:1%\"><a href=\"https:\/\/twitter.com\/share?url=https%3A%2F%2Fwww.sonnenseite.com%2Fde%2Fpolitik%2Ferneuerbare-energien-sind-nicht-schuld-an-hohen-energiepreisen%2F&text=Erneuerbare%20Energien%20sind%20nicht%20Schuld%20an%20hohen%20Energiepreisen\" title=\"Bei X teilen\" aria-label=\"Bei X teilen\" role=\"button\" rel=\"noopener nofollow\" class=\"shariff-link\" style=\";border-radius:1%; background-color:#000; color:#fff\" target=\"_blank\"><span class=\"shariff-icon\" style=\"\"><svg width=\"32px\" height=\"20px\" xmlns=\"http:\/\/www.w3.org\/2000\/svg\" viewBox=\"0 0 24 24\"><path fill=\"#000\" d=\"M14.258 10.152L23.176 0h-2.113l-7.747 8.813L7.133 0H0l9.352 13.328L0 23.973h2.113l8.176-9.309 6.531 9.309h7.133zm-2.895 3.293l-.949-1.328L2.875 1.56h3.246l6.086 8.523.945 1.328 7.91 11.078h-3.246zm0 0\"\/><\/svg><\/span><\/a><\/li><li class=\"shariff-button xing shariff-nocustomcolor\" style=\"background-color:#29888a;border-radius:1%\"><a href=\"https:\/\/www.xing.com\/spi\/shares\/new?url=https%3A%2F%2Fwww.sonnenseite.com%2Fde%2Fpolitik%2Ferneuerbare-energien-sind-nicht-schuld-an-hohen-energiepreisen%2F\" title=\"Bei XING teilen\" aria-label=\"Bei XING teilen\" role=\"button\" rel=\"noopener nofollow\" class=\"shariff-link\" style=\";border-radius:1%; background-color:#126567; color:#fff\" target=\"_blank\"><span class=\"shariff-icon\" style=\"\"><svg width=\"32px\" height=\"20px\" xmlns=\"http:\/\/www.w3.org\/2000\/svg\" viewBox=\"0 0 25 32\"><path fill=\"#126567\" d=\"M10.7 11.9q-0.2 0.3-4.6 8.2-0.5 0.8-1.2 0.8h-4.3q-0.4 0-0.5-0.3t0-0.6l4.5-8q0 0 0 0l-2.9-5q-0.2-0.4 0-0.7 0.2-0.3 0.5-0.3h4.3q0.7 0 1.2 0.8zM25.1 0.4q0.2 0.3 0 0.7l-9.4 16.7 6 11q0.2 0.4 0 0.6-0.2 0.3-0.6 0.3h-4.3q-0.7 0-1.2-0.8l-6-11.1q0.3-0.6 9.5-16.8 0.4-0.8 1.2-0.8h4.3q0.4 0 0.5 0.3z\"\/><\/svg><\/span><\/a><\/li><li class=\"shariff-button linkedin shariff-nocustomcolor\" style=\"background-color:#1488bf;border-radius:1%\"><a href=\"https:\/\/www.linkedin.com\/sharing\/share-offsite\/?url=https%3A%2F%2Fwww.sonnenseite.com%2Fde%2Fpolitik%2Ferneuerbare-energien-sind-nicht-schuld-an-hohen-energiepreisen%2F\" title=\"Bei LinkedIn teilen\" aria-label=\"Bei LinkedIn teilen\" role=\"button\" rel=\"noopener nofollow\" class=\"shariff-link\" style=\";border-radius:1%; background-color:#0077b5; color:#fff\" target=\"_blank\"><span class=\"shariff-icon\" style=\"\"><svg width=\"32px\" height=\"20px\" xmlns=\"http:\/\/www.w3.org\/2000\/svg\" viewBox=\"0 0 27 32\"><path fill=\"#0077b5\" d=\"M6.2 11.2v17.7h-5.9v-17.7h5.9zM6.6 5.7q0 1.3-0.9 2.2t-2.4 0.9h0q-1.5 0-2.4-0.9t-0.9-2.2 0.9-2.2 2.4-0.9 2.4 0.9 0.9 2.2zM27.4 18.7v10.1h-5.9v-9.5q0-1.9-0.7-2.9t-2.3-1.1q-1.1 0-1.9 0.6t-1.2 1.5q-0.2 0.5-0.2 1.4v9.9h-5.9q0-7.1 0-11.6t0-5.3l0-0.9h5.9v2.6h0q0.4-0.6 0.7-1t1-0.9 1.6-0.8 2-0.3q3 0 4.9 2t1.9 6z\"\/><\/svg><\/span><\/a><\/li><li class=\"shariff-button printer shariff-nocustomcolor\" style=\"background-color:#a8a8a8;border-radius:1%\"><a href=\"javascript:window.print()\" title=\"drucken\" aria-label=\"drucken\" role=\"button\" rel=\"noopener nofollow\" class=\"shariff-link\" style=\";border-radius:1%; background-color:#999; color:#fff\"><span class=\"shariff-icon\" style=\"\"><svg width=\"32px\" height=\"20px\" xmlns=\"http:\/\/www.w3.org\/2000\/svg\" viewBox=\"0 0 30 32\"><path fill=\"#999\" d=\"M6.8 27.4h16v-4.6h-16v4.6zM6.8 16h16v-6.8h-2.8q-0.7 0-1.2-0.5t-0.5-1.2v-2.8h-11.4v11.4zM27.4 17.2q0-0.5-0.3-0.8t-0.8-0.4-0.8 0.4-0.3 0.8 0.3 0.8 0.8 0.3 0.8-0.3 0.3-0.8zM29.7 17.2v7.4q0 0.2-0.2 0.4t-0.4 0.2h-4v2.8q0 0.7-0.5 1.2t-1.2 0.5h-17.2q-0.7 0-1.2-0.5t-0.5-1.2v-2.8h-4q-0.2 0-0.4-0.2t-0.2-0.4v-7.4q0-1.4 1-2.4t2.4-1h1.2v-9.7q0-0.7 0.5-1.2t1.2-0.5h12q0.7 0 1.6 0.4t1.3 0.8l2.7 2.7q0.5 0.5 0.9 1.4t0.4 1.6v4.6h1.1q1.4 0 2.4 1t1 2.4z\"\/><\/svg><\/span><\/a><\/li><li class=\"shariff-button mailto shariff-nocustomcolor\" style=\"background-color:#a8a8a8;border-radius:1%\"><a href=\"mailto:?body=https%3A%2F%2Fwww.sonnenseite.com%2Fde%2Fpolitik%2Ferneuerbare-energien-sind-nicht-schuld-an-hohen-energiepreisen%2F&subject=Erneuerbare%20Energien%20sind%20nicht%20Schuld%20an%20hohen%20Energiepreisen\" title=\"Per E-Mail versenden\" aria-label=\"Per E-Mail versenden\" role=\"button\" rel=\"noopener nofollow\" class=\"shariff-link\" style=\";border-radius:1%; background-color:#999; color:#fff\"><span class=\"shariff-icon\" style=\"\"><svg width=\"32px\" height=\"20px\" xmlns=\"http:\/\/www.w3.org\/2000\/svg\" viewBox=\"0 0 32 32\"><path fill=\"#999\" d=\"M32 12.7v14.2q0 1.2-0.8 2t-2 0.9h-26.3q-1.2 0-2-0.9t-0.8-2v-14.2q0.8 0.9 1.8 1.6 6.5 4.4 8.9 6.1 1 0.8 1.6 1.2t1.7 0.9 2 0.4h0.1q0.9 0 2-0.4t1.7-0.9 1.6-1.2q3-2.2 8.9-6.1 1-0.7 1.8-1.6zM32 7.4q0 1.4-0.9 2.7t-2.2 2.2q-6.7 4.7-8.4 5.8-0.2 0.1-0.7 0.5t-1 0.7-0.9 0.6-1.1 0.5-0.9 0.2h-0.1q-0.4 0-0.9-0.2t-1.1-0.5-0.9-0.6-1-0.7-0.7-0.5q-1.6-1.1-4.7-3.2t-3.6-2.6q-1.1-0.7-2.1-2t-1-2.5q0-1.4 0.7-2.3t2.1-0.9h26.3q1.2 0 2 0.8t0.9 2z\"\/><\/svg><\/span><\/a><\/li><\/ul><\/div>","protected":false},"excerpt":{"rendered":"<p>Stellungnahme der Energy Watch Group zum World Energy Outlook 2013.<\/p>\n","protected":false},"author":1,"featured_media":50987,"comment_status":"closed","ping_status":"closed","sticky":false,"template":"","format":"standard","meta":{"inline_featured_image":false,"footnotes":""},"categories":[21],"tags":[],"class_list":["post-53031","post","type-post","status-publish","format-standard","has-post-thumbnail","hentry","category-politik"],"yoast_head":"<!-- This site is optimized with the Yoast SEO plugin v26.5 - https:\/\/yoast.com\/wordpress\/plugins\/seo\/ -->\n<title>Erneuerbare Energien sind nicht Schuld an hohen Energiepreisen - Sonnenseite - \u00d6kologische Kommunikation mit Franz Alt<\/title>\n<meta name=\"description\" content=\"Stellungnahme der Energy Watch Group zum World Energy Outlook 2013. Laut Energy Watch Group best\u00e4tigt der von der Internationalen Energie-Agentur (IEA)\" \/>\n<meta name=\"robots\" content=\"index, follow, max-snippet:-1, max-image-preview:large, max-video-preview:-1\" \/>\n<link rel=\"canonical\" href=\"https:\/\/www.sonnenseite.com\/de\/politik\/erneuerbare-energien-sind-nicht-schuld-an-hohen-energiepreisen\/\" \/>\n<meta property=\"og:locale\" content=\"de_DE\" \/>\n<meta property=\"og:type\" content=\"article\" \/>\n<meta property=\"og:title\" content=\"Erneuerbare Energien sind nicht Schuld an hohen Energiepreisen - Sonnenseite - \u00d6kologische Kommunikation mit Franz Alt\" \/>\n<meta property=\"og:description\" content=\"Stellungnahme der Energy Watch Group zum World Energy Outlook 2013. Laut Energy Watch Group best\u00e4tigt der von der Internationalen Energie-Agentur (IEA)\" \/>\n<meta property=\"og:url\" content=\"https:\/\/www.sonnenseite.com\/de\/politik\/erneuerbare-energien-sind-nicht-schuld-an-hohen-energiepreisen\/\" \/>\n<meta property=\"og:site_name\" content=\"Sonnenseite\" \/>\n<meta property=\"article:publisher\" content=\"https:\/\/www.facebook.com\/pages\/Franz-Alt-SONNENSEITECOM\/221072987903953?fref=ts\" \/>\n<meta property=\"article:published_time\" content=\"2013-11-29T23:00:00+00:00\" \/>\n<meta property=\"og:image\" content=\"https:\/\/www.sonnenseite.com\/wp-content\/uploads\/2020\/06\/archiv_artikel.jpg\" \/>\n\t<meta property=\"og:image:width\" content=\"770\" \/>\n\t<meta property=\"og:image:height\" content=\"420\" \/>\n\t<meta property=\"og:image:type\" content=\"image\/jpeg\" \/>\n<meta name=\"author\" content=\"sbade\" \/>\n<meta name=\"twitter:card\" content=\"summary_large_image\" \/>\n<meta name=\"twitter:creator\" content=\"@franzalt\" \/>\n<meta name=\"twitter:site\" content=\"@franzalt\" \/>\n<meta name=\"twitter:label1\" content=\"Verfasst von\" \/>\n\t<meta name=\"twitter:data1\" content=\"sbade\" \/>\n\t<meta name=\"twitter:label2\" content=\"Gesch\u00e4tzte Lesezeit\" \/>\n\t<meta name=\"twitter:data2\" content=\"3\u00a0Minuten\" \/>\n<script type=\"application\/ld+json\" class=\"yoast-schema-graph\">{\"@context\":\"https:\/\/schema.org\",\"@graph\":[{\"@type\":\"Article\",\"@id\":\"https:\/\/www.sonnenseite.com\/de\/politik\/erneuerbare-energien-sind-nicht-schuld-an-hohen-energiepreisen\/#article\",\"isPartOf\":{\"@id\":\"https:\/\/www.sonnenseite.com\/de\/politik\/erneuerbare-energien-sind-nicht-schuld-an-hohen-energiepreisen\/\"},\"author\":{\"name\":\"sbade\",\"@id\":\"https:\/\/www.sonnenseite.com\/de\/#\/schema\/person\/6df44691cd9a70d99e140e1116ee8771\"},\"headline\":\"Erneuerbare Energien sind nicht Schuld an hohen Energiepreisen\",\"datePublished\":\"2013-11-29T23:00:00+00:00\",\"mainEntityOfPage\":{\"@id\":\"https:\/\/www.sonnenseite.com\/de\/politik\/erneuerbare-energien-sind-nicht-schuld-an-hohen-energiepreisen\/\"},\"wordCount\":531,\"publisher\":{\"@id\":\"https:\/\/www.sonnenseite.com\/de\/#organization\"},\"image\":{\"@id\":\"https:\/\/www.sonnenseite.com\/de\/politik\/erneuerbare-energien-sind-nicht-schuld-an-hohen-energiepreisen\/#primaryimage\"},\"thumbnailUrl\":\"https:\/\/www.sonnenseite.com\/wp-content\/uploads\/2020\/06\/archiv_artikel.jpg\",\"articleSection\":[\"Politik\"],\"inLanguage\":\"de\"},{\"@type\":\"WebPage\",\"@id\":\"https:\/\/www.sonnenseite.com\/de\/politik\/erneuerbare-energien-sind-nicht-schuld-an-hohen-energiepreisen\/\",\"url\":\"https:\/\/www.sonnenseite.com\/de\/politik\/erneuerbare-energien-sind-nicht-schuld-an-hohen-energiepreisen\/\",\"name\":\"Erneuerbare Energien sind nicht Schuld an hohen Energiepreisen - Sonnenseite - \u00d6kologische Kommunikation mit Franz Alt\",\"isPartOf\":{\"@id\":\"https:\/\/www.sonnenseite.com\/de\/#website\"},\"primaryImageOfPage\":{\"@id\":\"https:\/\/www.sonnenseite.com\/de\/politik\/erneuerbare-energien-sind-nicht-schuld-an-hohen-energiepreisen\/#primaryimage\"},\"image\":{\"@id\":\"https:\/\/www.sonnenseite.com\/de\/politik\/erneuerbare-energien-sind-nicht-schuld-an-hohen-energiepreisen\/#primaryimage\"},\"thumbnailUrl\":\"https:\/\/www.sonnenseite.com\/wp-content\/uploads\/2020\/06\/archiv_artikel.jpg\",\"datePublished\":\"2013-11-29T23:00:00+00:00\",\"description\":\"Stellungnahme der Energy Watch Group zum World Energy Outlook 2013. Laut Energy Watch Group best\u00e4tigt der von der Internationalen Energie-Agentur (IEA)\",\"breadcrumb\":{\"@id\":\"https:\/\/www.sonnenseite.com\/de\/politik\/erneuerbare-energien-sind-nicht-schuld-an-hohen-energiepreisen\/#breadcrumb\"},\"inLanguage\":\"de\",\"potentialAction\":[{\"@type\":\"ReadAction\",\"target\":[\"https:\/\/www.sonnenseite.com\/de\/politik\/erneuerbare-energien-sind-nicht-schuld-an-hohen-energiepreisen\/\"]}]},{\"@type\":\"ImageObject\",\"inLanguage\":\"de\",\"@id\":\"https:\/\/www.sonnenseite.com\/de\/politik\/erneuerbare-energien-sind-nicht-schuld-an-hohen-energiepreisen\/#primaryimage\",\"url\":\"https:\/\/www.sonnenseite.com\/wp-content\/uploads\/2020\/06\/archiv_artikel.jpg\",\"contentUrl\":\"https:\/\/www.sonnenseite.com\/wp-content\/uploads\/2020\/06\/archiv_artikel.jpg\",\"width\":770,\"height\":420,\"caption\":\"Sonnenseite\"},{\"@type\":\"BreadcrumbList\",\"@id\":\"https:\/\/www.sonnenseite.com\/de\/politik\/erneuerbare-energien-sind-nicht-schuld-an-hohen-energiepreisen\/#breadcrumb\",\"itemListElement\":[{\"@type\":\"ListItem\",\"position\":1,\"name\":\"Startseite\",\"item\":\"https:\/\/www.sonnenseite.com\/de\/\"},{\"@type\":\"ListItem\",\"position\":2,\"name\":\"Erneuerbare Energien sind nicht Schuld an hohen Energiepreisen\"}]},{\"@type\":\"WebSite\",\"@id\":\"https:\/\/www.sonnenseite.com\/de\/#website\",\"url\":\"https:\/\/www.sonnenseite.com\/de\/\",\"name\":\"Sonnenseite\",\"description\":\"\u00d6kologische Kommunikation mit Franz Alt\",\"publisher\":{\"@id\":\"https:\/\/www.sonnenseite.com\/de\/#organization\"},\"potentialAction\":[{\"@type\":\"SearchAction\",\"target\":{\"@type\":\"EntryPoint\",\"urlTemplate\":\"https:\/\/www.sonnenseite.com\/de\/?s={search_term_string}\"},\"query-input\":{\"@type\":\"PropertyValueSpecification\",\"valueRequired\":true,\"valueName\":\"search_term_string\"}}],\"inLanguage\":\"de\"},{\"@type\":\"Organization\",\"@id\":\"https:\/\/www.sonnenseite.com\/de\/#organization\",\"name\":\"Sonnenseite\",\"url\":\"https:\/\/www.sonnenseite.com\/de\/\",\"logo\":{\"@type\":\"ImageObject\",\"inLanguage\":\"de\",\"@id\":\"https:\/\/www.sonnenseite.com\/de\/#\/schema\/logo\/image\/\",\"url\":\"https:\/\/www.sonnenseite.com\/wp-content\/uploads\/2020\/05\/Sonnenseite_Logo.png\",\"contentUrl\":\"https:\/\/www.sonnenseite.com\/wp-content\/uploads\/2020\/05\/Sonnenseite_Logo.png\",\"width\":377,\"height\":90,\"caption\":\"Sonnenseite\"},\"image\":{\"@id\":\"https:\/\/www.sonnenseite.com\/de\/#\/schema\/logo\/image\/\"},\"sameAs\":[\"https:\/\/www.facebook.com\/pages\/Franz-Alt-SONNENSEITECOM\/221072987903953?fref=ts\",\"https:\/\/x.com\/franzalt\",\"http:\/\/www.youtube.com\/results?search_query&amp;amp;quot;franz_alt&amp;amp;quot;&amp;amp;amp;amp;search_type&amp;amp;amp;amp;aq=f\"]},{\"@type\":\"Person\",\"@id\":\"https:\/\/www.sonnenseite.com\/de\/#\/schema\/person\/6df44691cd9a70d99e140e1116ee8771\",\"name\":\"sbade\",\"sameAs\":[\"https:\/\/www.sonnenseite.com\"]}]}<\/script>\n<!-- \/ Yoast SEO plugin. -->","yoast_head_json":{"title":"Erneuerbare Energien sind nicht Schuld an hohen Energiepreisen - Sonnenseite - \u00d6kologische Kommunikation mit Franz Alt","description":"Stellungnahme der Energy Watch Group zum World Energy Outlook 2013. Laut Energy Watch Group best\u00e4tigt der von der Internationalen Energie-Agentur (IEA)","robots":{"index":"index","follow":"follow","max-snippet":"max-snippet:-1","max-image-preview":"max-image-preview:large","max-video-preview":"max-video-preview:-1"},"canonical":"https:\/\/www.sonnenseite.com\/de\/politik\/erneuerbare-energien-sind-nicht-schuld-an-hohen-energiepreisen\/","og_locale":"de_DE","og_type":"article","og_title":"Erneuerbare Energien sind nicht Schuld an hohen Energiepreisen - Sonnenseite - \u00d6kologische Kommunikation mit Franz Alt","og_description":"Stellungnahme der Energy Watch Group zum World Energy Outlook 2013. Laut Energy Watch Group best\u00e4tigt der von der Internationalen Energie-Agentur (IEA)","og_url":"https:\/\/www.sonnenseite.com\/de\/politik\/erneuerbare-energien-sind-nicht-schuld-an-hohen-energiepreisen\/","og_site_name":"Sonnenseite","article_publisher":"https:\/\/www.facebook.com\/pages\/Franz-Alt-SONNENSEITECOM\/221072987903953?fref=ts","article_published_time":"2013-11-29T23:00:00+00:00","og_image":[{"width":770,"height":420,"url":"https:\/\/www.sonnenseite.com\/wp-content\/uploads\/2020\/06\/archiv_artikel.jpg","type":"image\/jpeg"}],"author":"sbade","twitter_card":"summary_large_image","twitter_creator":"@franzalt","twitter_site":"@franzalt","twitter_misc":{"Verfasst von":"sbade","Gesch\u00e4tzte Lesezeit":"3\u00a0Minuten"},"schema":{"@context":"https:\/\/schema.org","@graph":[{"@type":"Article","@id":"https:\/\/www.sonnenseite.com\/de\/politik\/erneuerbare-energien-sind-nicht-schuld-an-hohen-energiepreisen\/#article","isPartOf":{"@id":"https:\/\/www.sonnenseite.com\/de\/politik\/erneuerbare-energien-sind-nicht-schuld-an-hohen-energiepreisen\/"},"author":{"name":"sbade","@id":"https:\/\/www.sonnenseite.com\/de\/#\/schema\/person\/6df44691cd9a70d99e140e1116ee8771"},"headline":"Erneuerbare Energien sind nicht Schuld an hohen Energiepreisen","datePublished":"2013-11-29T23:00:00+00:00","mainEntityOfPage":{"@id":"https:\/\/www.sonnenseite.com\/de\/politik\/erneuerbare-energien-sind-nicht-schuld-an-hohen-energiepreisen\/"},"wordCount":531,"publisher":{"@id":"https:\/\/www.sonnenseite.com\/de\/#organization"},"image":{"@id":"https:\/\/www.sonnenseite.com\/de\/politik\/erneuerbare-energien-sind-nicht-schuld-an-hohen-energiepreisen\/#primaryimage"},"thumbnailUrl":"https:\/\/www.sonnenseite.com\/wp-content\/uploads\/2020\/06\/archiv_artikel.jpg","articleSection":["Politik"],"inLanguage":"de"},{"@type":"WebPage","@id":"https:\/\/www.sonnenseite.com\/de\/politik\/erneuerbare-energien-sind-nicht-schuld-an-hohen-energiepreisen\/","url":"https:\/\/www.sonnenseite.com\/de\/politik\/erneuerbare-energien-sind-nicht-schuld-an-hohen-energiepreisen\/","name":"Erneuerbare Energien sind nicht Schuld an hohen Energiepreisen - Sonnenseite - \u00d6kologische Kommunikation mit Franz Alt","isPartOf":{"@id":"https:\/\/www.sonnenseite.com\/de\/#website"},"primaryImageOfPage":{"@id":"https:\/\/www.sonnenseite.com\/de\/politik\/erneuerbare-energien-sind-nicht-schuld-an-hohen-energiepreisen\/#primaryimage"},"image":{"@id":"https:\/\/www.sonnenseite.com\/de\/politik\/erneuerbare-energien-sind-nicht-schuld-an-hohen-energiepreisen\/#primaryimage"},"thumbnailUrl":"https:\/\/www.sonnenseite.com\/wp-content\/uploads\/2020\/06\/archiv_artikel.jpg","datePublished":"2013-11-29T23:00:00+00:00","description":"Stellungnahme der Energy Watch Group zum World Energy Outlook 2013. Laut Energy Watch Group best\u00e4tigt der von der Internationalen Energie-Agentur (IEA)","breadcrumb":{"@id":"https:\/\/www.sonnenseite.com\/de\/politik\/erneuerbare-energien-sind-nicht-schuld-an-hohen-energiepreisen\/#breadcrumb"},"inLanguage":"de","potentialAction":[{"@type":"ReadAction","target":["https:\/\/www.sonnenseite.com\/de\/politik\/erneuerbare-energien-sind-nicht-schuld-an-hohen-energiepreisen\/"]}]},{"@type":"ImageObject","inLanguage":"de","@id":"https:\/\/www.sonnenseite.com\/de\/politik\/erneuerbare-energien-sind-nicht-schuld-an-hohen-energiepreisen\/#primaryimage","url":"https:\/\/www.sonnenseite.com\/wp-content\/uploads\/2020\/06\/archiv_artikel.jpg","contentUrl":"https:\/\/www.sonnenseite.com\/wp-content\/uploads\/2020\/06\/archiv_artikel.jpg","width":770,"height":420,"caption":"Sonnenseite"},{"@type":"BreadcrumbList","@id":"https:\/\/www.sonnenseite.com\/de\/politik\/erneuerbare-energien-sind-nicht-schuld-an-hohen-energiepreisen\/#breadcrumb","itemListElement":[{"@type":"ListItem","position":1,"name":"Startseite","item":"https:\/\/www.sonnenseite.com\/de\/"},{"@type":"ListItem","position":2,"name":"Erneuerbare Energien sind nicht Schuld an hohen Energiepreisen"}]},{"@type":"WebSite","@id":"https:\/\/www.sonnenseite.com\/de\/#website","url":"https:\/\/www.sonnenseite.com\/de\/","name":"Sonnenseite","description":"\u00d6kologische Kommunikation mit Franz Alt","publisher":{"@id":"https:\/\/www.sonnenseite.com\/de\/#organization"},"potentialAction":[{"@type":"SearchAction","target":{"@type":"EntryPoint","urlTemplate":"https:\/\/www.sonnenseite.com\/de\/?s={search_term_string}"},"query-input":{"@type":"PropertyValueSpecification","valueRequired":true,"valueName":"search_term_string"}}],"inLanguage":"de"},{"@type":"Organization","@id":"https:\/\/www.sonnenseite.com\/de\/#organization","name":"Sonnenseite","url":"https:\/\/www.sonnenseite.com\/de\/","logo":{"@type":"ImageObject","inLanguage":"de","@id":"https:\/\/www.sonnenseite.com\/de\/#\/schema\/logo\/image\/","url":"https:\/\/www.sonnenseite.com\/wp-content\/uploads\/2020\/05\/Sonnenseite_Logo.png","contentUrl":"https:\/\/www.sonnenseite.com\/wp-content\/uploads\/2020\/05\/Sonnenseite_Logo.png","width":377,"height":90,"caption":"Sonnenseite"},"image":{"@id":"https:\/\/www.sonnenseite.com\/de\/#\/schema\/logo\/image\/"},"sameAs":["https:\/\/www.facebook.com\/pages\/Franz-Alt-SONNENSEITECOM\/221072987903953?fref=ts","https:\/\/x.com\/franzalt","http:\/\/www.youtube.com\/results?search_query&amp;amp;quot;franz_alt&amp;amp;quot;&amp;amp;amp;amp;search_type&amp;amp;amp;amp;aq=f"]},{"@type":"Person","@id":"https:\/\/www.sonnenseite.com\/de\/#\/schema\/person\/6df44691cd9a70d99e140e1116ee8771","name":"sbade","sameAs":["https:\/\/www.sonnenseite.com"]}]}},"_links":{"self":[{"href":"https:\/\/www.sonnenseite.com\/de\/wp-json\/wp\/v2\/posts\/53031","targetHints":{"allow":["GET"]}}],"collection":[{"href":"https:\/\/www.sonnenseite.com\/de\/wp-json\/wp\/v2\/posts"}],"about":[{"href":"https:\/\/www.sonnenseite.com\/de\/wp-json\/wp\/v2\/types\/post"}],"author":[{"embeddable":true,"href":"https:\/\/www.sonnenseite.com\/de\/wp-json\/wp\/v2\/users\/1"}],"replies":[{"embeddable":true,"href":"https:\/\/www.sonnenseite.com\/de\/wp-json\/wp\/v2\/comments?post=53031"}],"version-history":[{"count":0,"href":"https:\/\/www.sonnenseite.com\/de\/wp-json\/wp\/v2\/posts\/53031\/revisions"}],"wp:featuredmedia":[{"embeddable":true,"href":"https:\/\/www.sonnenseite.com\/de\/wp-json\/wp\/v2\/media\/50987"}],"wp:attachment":[{"href":"https:\/\/www.sonnenseite.com\/de\/wp-json\/wp\/v2\/media?parent=53031"}],"wp:term":[{"taxonomy":"category","embeddable":true,"href":"https:\/\/www.sonnenseite.com\/de\/wp-json\/wp\/v2\/categories?post=53031"},{"taxonomy":"post_tag","embeddable":true,"href":"https:\/\/www.sonnenseite.com\/de\/wp-json\/wp\/v2\/tags?post=53031"}],"curies":[{"name":"wp","href":"https:\/\/api.w.org\/{rel}","templated":true}]}}