{"id":53049,"date":"2013-11-28T00:00:00","date_gmt":"2013-11-27T23:00:00","guid":{"rendered":"https:\/\/www.sonnenseite.com\/politik\/weiterlaufen-der-atomkraftwerke-war-das-geheime-ziel.html"},"modified":"2013-11-28T00:00:00","modified_gmt":"2013-11-27T23:00:00","slug":"weiterlaufen-der-atomkraftwerke-war-das-geheime-ziel","status":"publish","type":"post","link":"https:\/\/www.sonnenseite.com\/de\/politik\/weiterlaufen-der-atomkraftwerke-war-das-geheime-ziel\/","title":{"rendered":"&#8222;Weiterlaufen der Atomkraftwerke war das geheime Ziel&#8220;"},"content":{"rendered":"<p>CSU-Umweltpolitiker G\u00f6ppel zum Koalitionsvertrag. <!--more--> <\/p>\n<p>Ein &#8222;abruptes Abw\u00fcrgen der Windkraft in S\u00fcddeutschland&#8220; <strong>als Folge des Koalitionsvertrages bef\u00fcrchtet <\/strong>der <em>Obmann der CDU\/CSU-Fraktion im Umweltausschuss des Bundestages, <\/em><strong>Josef G\u00f6ppel. Er kritisiert die <\/strong>Vorgabe, Standorte von Windkraftanlagen m\u00fcssten mindestens 75 Prozent des besten deutschen Standorts erbringen. Damit w\u00fcrden die im Koalitionsvertrag festgelegten Ausbaukorridore f\u00fcr erneuerbare Energien nicht erreicht werden, sagte G\u00f6ppel im <a href=\"http:\/\/www.klimaretter.info\/politik\/hintergrund\/15168-qsieg-der-konzerneq\" target=\"_blank\" rel=\"noopener noreferrer\">Interview mit dem Onlinemagazin klimaretter.info <\/a><\/p>\n<p>Hinter der Eind\u00e4mmung der Windkraft im S\u00fcden und anderen Punkten sieht der CSU-Politiker den Versuch, sich die Option Atomkraft offen zu halten: &#8222;Zum Ende dieser Legislaturperiode wird sich die Frage stellen: Wie will Deutschland weitermachen? Meine Bef\u00fcrchtung ist, dass dann manche sagen: Jetzt m\u00fcssen die Atomkraftwerke weiterlaufen. Und das war wahrscheinlich auch das geheime Ziele mancher Verhandlungspartner&#8220;, vermutet<strong> <\/strong>G\u00f6ppel .<\/p>\n<p>Seine gr\u00f6\u00dfte Sorge sei nun, dass die Stromerzeugung wieder in die Hand von zentralen Gro\u00dfkonzernen ger\u00e4t und die B\u00fcrger mit normalem Einkommen sich nicht mehr daran beteiligen k\u00f6nnen. &#8222;Die Festlegung, dass ab 2018 Ausschreibungen ohne eine Bagatellgrenze gemacht werden sollen, wird zum Ausschluss der breiten Bev\u00f6lkerungsschichten f\u00fchren.&#8220;<\/p>\n<p>G\u00f6ppel war selbst Mitglied der Verhandlungsgruppe Energie. Aus dem Text der Energiegruppe seien in der Schlussrunde der Parteivorsitzenden aber die Punkte, die aus der Sicht einer breiten Bev\u00f6lkerungsbeteiligung notwendig seien, herausgestrichen worden. &#8222;Mit dieser Linie w\u00fcrde Deutschland seine technologische F\u00fchrungsrolle einb\u00fc\u00dfen&#8220;, warnt G\u00f6ppel.<\/p>\n<p>Eines der gr\u00f6\u00dften Defizite des Koalitionsvertrags sieht er im Fehlen einer neuen Strommarktordnung. Der gesamte Erneuerbaren-Strom laufe weiterhin \u00fcber den Spotmarkt der Stromb\u00f6rsen, also den tagesaktuellen Handel. &#8222;Das wird die B\u00f6rsenstrompreise weiter dr\u00fccken. Das Problem der steigenden EEG-Umlage aufgrund der sinkenden Preise wird damit nicht behoben. Ohne neue Strommarktordnung wird die Kostenspirale nicht zu brechen sein&#8220;, sagt der CSU-Politiker. Seinem Alternativmodell, das auf Dezentralit\u00e4t setzt, habe sich der Umweltminister nicht anschlie\u00dfen wollen.<\/p>\n<p><strong> <\/strong><strong> <\/strong><\/p>\n<p><strong>Das vollst\u00e4ndige Interview lesen Sie hier: &#8222;In der Hand von Gro\u00dfkonzernen&#8220; <\/strong><\/p>\n<p><em>Der Obmann der CDU\/CSU-Fraktion im Umweltausschuss des Bundestages <em><strong>Josef G\u00f6ppel<\/strong><\/em> kritisiert  im klimaretter.info-Interview den Koalitionsvertrag: Er beende die  Energiewende der B\u00fcrger, werfe Deutschland im Klimaschutz zur\u00fcck und  \u00f6ffne die T\u00fcr f\u00fcr eine R\u00fcckkehr der Atomkraft &#8211; <a href=\"http:\/\/www.klimaretter.info\/politik\/hintergrund\/15168-qsieg-der-konzerneq\" target=\"_blank\" rel=\"noopener noreferrer\">mehr<\/a><\/em><\/p>\n<h5 class=\"green\">Quelle<\/h5>\n<p>Klimaretter.info | Susanne Ehlerding 2013<\/p>\n<div class=\"shariff shariff-align-flex-start shariff-widget-align-flex-start\"><div class=\"ShariffHeadline\">Diese Meldung teilen<\/div><ul class=\"shariff-buttons theme-round orientation-horizontal buttonsize-medium\"><li class=\"shariff-button facebook shariff-nocustomcolor\" style=\"background-color:#4273c8;border-radius:1%\"><a href=\"https:\/\/www.facebook.com\/sharer\/sharer.php?u=https%3A%2F%2Fwww.sonnenseite.com%2Fde%2Fpolitik%2Fweiterlaufen-der-atomkraftwerke-war-das-geheime-ziel%2F\" title=\"Bei Facebook teilen\" aria-label=\"Bei Facebook teilen\" role=\"button\" rel=\"nofollow\" class=\"shariff-link\" style=\";border-radius:1%; background-color:#3b5998; color:#fff\" target=\"_blank\"><span class=\"shariff-icon\" style=\"\"><svg width=\"32px\" height=\"20px\" xmlns=\"http:\/\/www.w3.org\/2000\/svg\" viewBox=\"0 0 18 32\"><path fill=\"#3b5998\" d=\"M17.1 0.2v4.7h-2.8q-1.5 0-2.1 0.6t-0.5 1.9v3.4h5.2l-0.7 5.3h-4.5v13.6h-5.5v-13.6h-4.5v-5.3h4.5v-3.9q0-3.3 1.9-5.2t5-1.8q2.6 0 4.1 0.2z\"\/><\/svg><\/span><\/a><\/li><li class=\"shariff-button twitter shariff-nocustomcolor\" style=\"background-color:#595959;border-radius:1%\"><a href=\"https:\/\/twitter.com\/share?url=https%3A%2F%2Fwww.sonnenseite.com%2Fde%2Fpolitik%2Fweiterlaufen-der-atomkraftwerke-war-das-geheime-ziel%2F&text=%E2%80%9EWeiterlaufen%20der%20Atomkraftwerke%20war%20das%20geheime%20Ziel%E2%80%9C\" title=\"Bei X teilen\" aria-label=\"Bei X teilen\" role=\"button\" rel=\"noopener nofollow\" class=\"shariff-link\" style=\";border-radius:1%; background-color:#000; color:#fff\" target=\"_blank\"><span class=\"shariff-icon\" style=\"\"><svg width=\"32px\" height=\"20px\" xmlns=\"http:\/\/www.w3.org\/2000\/svg\" viewBox=\"0 0 24 24\"><path fill=\"#000\" d=\"M14.258 10.152L23.176 0h-2.113l-7.747 8.813L7.133 0H0l9.352 13.328L0 23.973h2.113l8.176-9.309 6.531 9.309h7.133zm-2.895 3.293l-.949-1.328L2.875 1.56h3.246l6.086 8.523.945 1.328 7.91 11.078h-3.246zm0 0\"\/><\/svg><\/span><\/a><\/li><li class=\"shariff-button xing shariff-nocustomcolor\" style=\"background-color:#29888a;border-radius:1%\"><a href=\"https:\/\/www.xing.com\/spi\/shares\/new?url=https%3A%2F%2Fwww.sonnenseite.com%2Fde%2Fpolitik%2Fweiterlaufen-der-atomkraftwerke-war-das-geheime-ziel%2F\" title=\"Bei XING teilen\" aria-label=\"Bei XING teilen\" role=\"button\" rel=\"noopener nofollow\" class=\"shariff-link\" style=\";border-radius:1%; background-color:#126567; color:#fff\" target=\"_blank\"><span class=\"shariff-icon\" style=\"\"><svg width=\"32px\" height=\"20px\" xmlns=\"http:\/\/www.w3.org\/2000\/svg\" viewBox=\"0 0 25 32\"><path fill=\"#126567\" d=\"M10.7 11.9q-0.2 0.3-4.6 8.2-0.5 0.8-1.2 0.8h-4.3q-0.4 0-0.5-0.3t0-0.6l4.5-8q0 0 0 0l-2.9-5q-0.2-0.4 0-0.7 0.2-0.3 0.5-0.3h4.3q0.7 0 1.2 0.8zM25.1 0.4q0.2 0.3 0 0.7l-9.4 16.7 6 11q0.2 0.4 0 0.6-0.2 0.3-0.6 0.3h-4.3q-0.7 0-1.2-0.8l-6-11.1q0.3-0.6 9.5-16.8 0.4-0.8 1.2-0.8h4.3q0.4 0 0.5 0.3z\"\/><\/svg><\/span><\/a><\/li><li class=\"shariff-button linkedin shariff-nocustomcolor\" style=\"background-color:#1488bf;border-radius:1%\"><a href=\"https:\/\/www.linkedin.com\/sharing\/share-offsite\/?url=https%3A%2F%2Fwww.sonnenseite.com%2Fde%2Fpolitik%2Fweiterlaufen-der-atomkraftwerke-war-das-geheime-ziel%2F\" title=\"Bei LinkedIn teilen\" aria-label=\"Bei LinkedIn teilen\" role=\"button\" rel=\"noopener nofollow\" class=\"shariff-link\" style=\";border-radius:1%; background-color:#0077b5; color:#fff\" target=\"_blank\"><span class=\"shariff-icon\" style=\"\"><svg width=\"32px\" height=\"20px\" xmlns=\"http:\/\/www.w3.org\/2000\/svg\" viewBox=\"0 0 27 32\"><path fill=\"#0077b5\" d=\"M6.2 11.2v17.7h-5.9v-17.7h5.9zM6.6 5.7q0 1.3-0.9 2.2t-2.4 0.9h0q-1.5 0-2.4-0.9t-0.9-2.2 0.9-2.2 2.4-0.9 2.4 0.9 0.9 2.2zM27.4 18.7v10.1h-5.9v-9.5q0-1.9-0.7-2.9t-2.3-1.1q-1.1 0-1.9 0.6t-1.2 1.5q-0.2 0.5-0.2 1.4v9.9h-5.9q0-7.1 0-11.6t0-5.3l0-0.9h5.9v2.6h0q0.4-0.6 0.7-1t1-0.9 1.6-0.8 2-0.3q3 0 4.9 2t1.9 6z\"\/><\/svg><\/span><\/a><\/li><li class=\"shariff-button printer shariff-nocustomcolor\" style=\"background-color:#a8a8a8;border-radius:1%\"><a href=\"javascript:window.print()\" title=\"drucken\" aria-label=\"drucken\" role=\"button\" rel=\"noopener nofollow\" class=\"shariff-link\" style=\";border-radius:1%; background-color:#999; color:#fff\"><span class=\"shariff-icon\" style=\"\"><svg width=\"32px\" height=\"20px\" xmlns=\"http:\/\/www.w3.org\/2000\/svg\" viewBox=\"0 0 30 32\"><path fill=\"#999\" d=\"M6.8 27.4h16v-4.6h-16v4.6zM6.8 16h16v-6.8h-2.8q-0.7 0-1.2-0.5t-0.5-1.2v-2.8h-11.4v11.4zM27.4 17.2q0-0.5-0.3-0.8t-0.8-0.4-0.8 0.4-0.3 0.8 0.3 0.8 0.8 0.3 0.8-0.3 0.3-0.8zM29.7 17.2v7.4q0 0.2-0.2 0.4t-0.4 0.2h-4v2.8q0 0.7-0.5 1.2t-1.2 0.5h-17.2q-0.7 0-1.2-0.5t-0.5-1.2v-2.8h-4q-0.2 0-0.4-0.2t-0.2-0.4v-7.4q0-1.4 1-2.4t2.4-1h1.2v-9.7q0-0.7 0.5-1.2t1.2-0.5h12q0.7 0 1.6 0.4t1.3 0.8l2.7 2.7q0.5 0.5 0.9 1.4t0.4 1.6v4.6h1.1q1.4 0 2.4 1t1 2.4z\"\/><\/svg><\/span><\/a><\/li><li class=\"shariff-button mailto shariff-nocustomcolor\" style=\"background-color:#a8a8a8;border-radius:1%\"><a href=\"mailto:?body=https%3A%2F%2Fwww.sonnenseite.com%2Fde%2Fpolitik%2Fweiterlaufen-der-atomkraftwerke-war-das-geheime-ziel%2F&subject=%E2%80%9EWeiterlaufen%20der%20Atomkraftwerke%20war%20das%20geheime%20Ziel%E2%80%9C\" title=\"Per E-Mail versenden\" aria-label=\"Per E-Mail versenden\" role=\"button\" rel=\"noopener nofollow\" class=\"shariff-link\" style=\";border-radius:1%; background-color:#999; color:#fff\"><span class=\"shariff-icon\" style=\"\"><svg width=\"32px\" height=\"20px\" xmlns=\"http:\/\/www.w3.org\/2000\/svg\" viewBox=\"0 0 32 32\"><path fill=\"#999\" d=\"M32 12.7v14.2q0 1.2-0.8 2t-2 0.9h-26.3q-1.2 0-2-0.9t-0.8-2v-14.2q0.8 0.9 1.8 1.6 6.5 4.4 8.9 6.1 1 0.8 1.6 1.2t1.7 0.9 2 0.4h0.1q0.9 0 2-0.4t1.7-0.9 1.6-1.2q3-2.2 8.9-6.1 1-0.7 1.8-1.6zM32 7.4q0 1.4-0.9 2.7t-2.2 2.2q-6.7 4.7-8.4 5.8-0.2 0.1-0.7 0.5t-1 0.7-0.9 0.6-1.1 0.5-0.9 0.2h-0.1q-0.4 0-0.9-0.2t-1.1-0.5-0.9-0.6-1-0.7-0.7-0.5q-1.6-1.1-4.7-3.2t-3.6-2.6q-1.1-0.7-2.1-2t-1-2.5q0-1.4 0.7-2.3t2.1-0.9h26.3q1.2 0 2 0.8t0.9 2z\"\/><\/svg><\/span><\/a><\/li><\/ul><\/div>","protected":false},"excerpt":{"rendered":"<p>CSU-Umweltpolitiker G\u00f6ppel zum Koalitionsvertrag.<\/p>\n","protected":false},"author":1,"featured_media":50987,"comment_status":"closed","ping_status":"closed","sticky":false,"template":"","format":"standard","meta":{"inline_featured_image":false,"footnotes":""},"categories":[21],"tags":[],"class_list":["post-53049","post","type-post","status-publish","format-standard","has-post-thumbnail","hentry","category-politik"],"yoast_head":"<!-- This site is optimized with the Yoast SEO plugin v26.5 - https:\/\/yoast.com\/wordpress\/plugins\/seo\/ -->\n<title>&quot;Weiterlaufen der Atomkraftwerke war das geheime Ziel&quot; - Sonnenseite - \u00d6kologische Kommunikation mit Franz Alt<\/title>\n<meta name=\"description\" content=\"CSU-Umweltpolitiker G\u00f6ppel zum Koalitionsvertrag. Ein &quot;abruptes Abw\u00fcrgen der Windkraft in S\u00fcddeutschland&quot; als Folge des Koalitionsvertrages bef\u00fcrchtet der\" \/>\n<meta name=\"robots\" content=\"index, follow, max-snippet:-1, max-image-preview:large, max-video-preview:-1\" \/>\n<link rel=\"canonical\" href=\"https:\/\/www.sonnenseite.com\/de\/politik\/weiterlaufen-der-atomkraftwerke-war-das-geheime-ziel\/\" \/>\n<meta property=\"og:locale\" content=\"de_DE\" \/>\n<meta property=\"og:type\" content=\"article\" \/>\n<meta property=\"og:title\" content=\"&quot;Weiterlaufen der Atomkraftwerke war das geheime Ziel&quot; - Sonnenseite - \u00d6kologische Kommunikation mit Franz Alt\" \/>\n<meta property=\"og:description\" content=\"CSU-Umweltpolitiker G\u00f6ppel zum Koalitionsvertrag. Ein &quot;abruptes Abw\u00fcrgen der Windkraft in S\u00fcddeutschland&quot; als Folge des Koalitionsvertrages bef\u00fcrchtet der\" \/>\n<meta property=\"og:url\" content=\"https:\/\/www.sonnenseite.com\/de\/politik\/weiterlaufen-der-atomkraftwerke-war-das-geheime-ziel\/\" \/>\n<meta property=\"og:site_name\" content=\"Sonnenseite\" \/>\n<meta property=\"article:publisher\" content=\"https:\/\/www.facebook.com\/pages\/Franz-Alt-SONNENSEITECOM\/221072987903953?fref=ts\" \/>\n<meta property=\"article:published_time\" content=\"2013-11-27T23:00:00+00:00\" \/>\n<meta property=\"og:image\" content=\"https:\/\/www.sonnenseite.com\/wp-content\/uploads\/2020\/06\/archiv_artikel.jpg\" \/>\n\t<meta property=\"og:image:width\" content=\"770\" \/>\n\t<meta property=\"og:image:height\" content=\"420\" \/>\n\t<meta property=\"og:image:type\" content=\"image\/jpeg\" \/>\n<meta name=\"author\" content=\"sbade\" \/>\n<meta name=\"twitter:card\" content=\"summary_large_image\" \/>\n<meta name=\"twitter:creator\" content=\"@franzalt\" \/>\n<meta name=\"twitter:site\" content=\"@franzalt\" \/>\n<meta name=\"twitter:label1\" content=\"Verfasst von\" \/>\n\t<meta name=\"twitter:data1\" content=\"sbade\" \/>\n\t<meta name=\"twitter:label2\" content=\"Gesch\u00e4tzte Lesezeit\" \/>\n\t<meta name=\"twitter:data2\" content=\"2\u00a0Minuten\" \/>\n<script type=\"application\/ld+json\" class=\"yoast-schema-graph\">{\"@context\":\"https:\/\/schema.org\",\"@graph\":[{\"@type\":\"Article\",\"@id\":\"https:\/\/www.sonnenseite.com\/de\/politik\/weiterlaufen-der-atomkraftwerke-war-das-geheime-ziel\/#article\",\"isPartOf\":{\"@id\":\"https:\/\/www.sonnenseite.com\/de\/politik\/weiterlaufen-der-atomkraftwerke-war-das-geheime-ziel\/\"},\"author\":{\"name\":\"sbade\",\"@id\":\"https:\/\/www.sonnenseite.com\/de\/#\/schema\/person\/6df44691cd9a70d99e140e1116ee8771\"},\"headline\":\"&#8222;Weiterlaufen der Atomkraftwerke war das geheime Ziel&#8220;\",\"datePublished\":\"2013-11-27T23:00:00+00:00\",\"mainEntityOfPage\":{\"@id\":\"https:\/\/www.sonnenseite.com\/de\/politik\/weiterlaufen-der-atomkraftwerke-war-das-geheime-ziel\/\"},\"wordCount\":386,\"publisher\":{\"@id\":\"https:\/\/www.sonnenseite.com\/de\/#organization\"},\"image\":{\"@id\":\"https:\/\/www.sonnenseite.com\/de\/politik\/weiterlaufen-der-atomkraftwerke-war-das-geheime-ziel\/#primaryimage\"},\"thumbnailUrl\":\"https:\/\/www.sonnenseite.com\/wp-content\/uploads\/2020\/06\/archiv_artikel.jpg\",\"articleSection\":[\"Politik\"],\"inLanguage\":\"de\"},{\"@type\":\"WebPage\",\"@id\":\"https:\/\/www.sonnenseite.com\/de\/politik\/weiterlaufen-der-atomkraftwerke-war-das-geheime-ziel\/\",\"url\":\"https:\/\/www.sonnenseite.com\/de\/politik\/weiterlaufen-der-atomkraftwerke-war-das-geheime-ziel\/\",\"name\":\"\\\"Weiterlaufen der Atomkraftwerke war das geheime Ziel\\\" - Sonnenseite - \u00d6kologische Kommunikation mit Franz Alt\",\"isPartOf\":{\"@id\":\"https:\/\/www.sonnenseite.com\/de\/#website\"},\"primaryImageOfPage\":{\"@id\":\"https:\/\/www.sonnenseite.com\/de\/politik\/weiterlaufen-der-atomkraftwerke-war-das-geheime-ziel\/#primaryimage\"},\"image\":{\"@id\":\"https:\/\/www.sonnenseite.com\/de\/politik\/weiterlaufen-der-atomkraftwerke-war-das-geheime-ziel\/#primaryimage\"},\"thumbnailUrl\":\"https:\/\/www.sonnenseite.com\/wp-content\/uploads\/2020\/06\/archiv_artikel.jpg\",\"datePublished\":\"2013-11-27T23:00:00+00:00\",\"description\":\"CSU-Umweltpolitiker G\u00f6ppel zum Koalitionsvertrag. Ein \\\"abruptes Abw\u00fcrgen der Windkraft in S\u00fcddeutschland\\\" als Folge des Koalitionsvertrages bef\u00fcrchtet der\",\"breadcrumb\":{\"@id\":\"https:\/\/www.sonnenseite.com\/de\/politik\/weiterlaufen-der-atomkraftwerke-war-das-geheime-ziel\/#breadcrumb\"},\"inLanguage\":\"de\",\"potentialAction\":[{\"@type\":\"ReadAction\",\"target\":[\"https:\/\/www.sonnenseite.com\/de\/politik\/weiterlaufen-der-atomkraftwerke-war-das-geheime-ziel\/\"]}]},{\"@type\":\"ImageObject\",\"inLanguage\":\"de\",\"@id\":\"https:\/\/www.sonnenseite.com\/de\/politik\/weiterlaufen-der-atomkraftwerke-war-das-geheime-ziel\/#primaryimage\",\"url\":\"https:\/\/www.sonnenseite.com\/wp-content\/uploads\/2020\/06\/archiv_artikel.jpg\",\"contentUrl\":\"https:\/\/www.sonnenseite.com\/wp-content\/uploads\/2020\/06\/archiv_artikel.jpg\",\"width\":770,\"height\":420,\"caption\":\"Sonnenseite\"},{\"@type\":\"BreadcrumbList\",\"@id\":\"https:\/\/www.sonnenseite.com\/de\/politik\/weiterlaufen-der-atomkraftwerke-war-das-geheime-ziel\/#breadcrumb\",\"itemListElement\":[{\"@type\":\"ListItem\",\"position\":1,\"name\":\"Startseite\",\"item\":\"https:\/\/www.sonnenseite.com\/de\/\"},{\"@type\":\"ListItem\",\"position\":2,\"name\":\"&#8222;Weiterlaufen der Atomkraftwerke war das geheime Ziel&#8220;\"}]},{\"@type\":\"WebSite\",\"@id\":\"https:\/\/www.sonnenseite.com\/de\/#website\",\"url\":\"https:\/\/www.sonnenseite.com\/de\/\",\"name\":\"Sonnenseite\",\"description\":\"\u00d6kologische Kommunikation mit Franz Alt\",\"publisher\":{\"@id\":\"https:\/\/www.sonnenseite.com\/de\/#organization\"},\"potentialAction\":[{\"@type\":\"SearchAction\",\"target\":{\"@type\":\"EntryPoint\",\"urlTemplate\":\"https:\/\/www.sonnenseite.com\/de\/?s={search_term_string}\"},\"query-input\":{\"@type\":\"PropertyValueSpecification\",\"valueRequired\":true,\"valueName\":\"search_term_string\"}}],\"inLanguage\":\"de\"},{\"@type\":\"Organization\",\"@id\":\"https:\/\/www.sonnenseite.com\/de\/#organization\",\"name\":\"Sonnenseite\",\"url\":\"https:\/\/www.sonnenseite.com\/de\/\",\"logo\":{\"@type\":\"ImageObject\",\"inLanguage\":\"de\",\"@id\":\"https:\/\/www.sonnenseite.com\/de\/#\/schema\/logo\/image\/\",\"url\":\"https:\/\/www.sonnenseite.com\/wp-content\/uploads\/2020\/05\/Sonnenseite_Logo.png\",\"contentUrl\":\"https:\/\/www.sonnenseite.com\/wp-content\/uploads\/2020\/05\/Sonnenseite_Logo.png\",\"width\":377,\"height\":90,\"caption\":\"Sonnenseite\"},\"image\":{\"@id\":\"https:\/\/www.sonnenseite.com\/de\/#\/schema\/logo\/image\/\"},\"sameAs\":[\"https:\/\/www.facebook.com\/pages\/Franz-Alt-SONNENSEITECOM\/221072987903953?fref=ts\",\"https:\/\/x.com\/franzalt\",\"http:\/\/www.youtube.com\/results?search_query&amp;amp;quot;franz_alt&amp;amp;quot;&amp;amp;amp;amp;search_type&amp;amp;amp;amp;aq=f\"]},{\"@type\":\"Person\",\"@id\":\"https:\/\/www.sonnenseite.com\/de\/#\/schema\/person\/6df44691cd9a70d99e140e1116ee8771\",\"name\":\"sbade\",\"sameAs\":[\"https:\/\/www.sonnenseite.com\"]}]}<\/script>\n<!-- \/ Yoast SEO plugin. -->","yoast_head_json":{"title":"\"Weiterlaufen der Atomkraftwerke war das geheime Ziel\" - Sonnenseite - \u00d6kologische Kommunikation mit Franz Alt","description":"CSU-Umweltpolitiker G\u00f6ppel zum Koalitionsvertrag. Ein \"abruptes Abw\u00fcrgen der Windkraft in S\u00fcddeutschland\" als Folge des Koalitionsvertrages bef\u00fcrchtet der","robots":{"index":"index","follow":"follow","max-snippet":"max-snippet:-1","max-image-preview":"max-image-preview:large","max-video-preview":"max-video-preview:-1"},"canonical":"https:\/\/www.sonnenseite.com\/de\/politik\/weiterlaufen-der-atomkraftwerke-war-das-geheime-ziel\/","og_locale":"de_DE","og_type":"article","og_title":"\"Weiterlaufen der Atomkraftwerke war das geheime Ziel\" - Sonnenseite - \u00d6kologische Kommunikation mit Franz Alt","og_description":"CSU-Umweltpolitiker G\u00f6ppel zum Koalitionsvertrag. Ein \"abruptes Abw\u00fcrgen der Windkraft in S\u00fcddeutschland\" als Folge des Koalitionsvertrages bef\u00fcrchtet der","og_url":"https:\/\/www.sonnenseite.com\/de\/politik\/weiterlaufen-der-atomkraftwerke-war-das-geheime-ziel\/","og_site_name":"Sonnenseite","article_publisher":"https:\/\/www.facebook.com\/pages\/Franz-Alt-SONNENSEITECOM\/221072987903953?fref=ts","article_published_time":"2013-11-27T23:00:00+00:00","og_image":[{"width":770,"height":420,"url":"https:\/\/www.sonnenseite.com\/wp-content\/uploads\/2020\/06\/archiv_artikel.jpg","type":"image\/jpeg"}],"author":"sbade","twitter_card":"summary_large_image","twitter_creator":"@franzalt","twitter_site":"@franzalt","twitter_misc":{"Verfasst von":"sbade","Gesch\u00e4tzte Lesezeit":"2\u00a0Minuten"},"schema":{"@context":"https:\/\/schema.org","@graph":[{"@type":"Article","@id":"https:\/\/www.sonnenseite.com\/de\/politik\/weiterlaufen-der-atomkraftwerke-war-das-geheime-ziel\/#article","isPartOf":{"@id":"https:\/\/www.sonnenseite.com\/de\/politik\/weiterlaufen-der-atomkraftwerke-war-das-geheime-ziel\/"},"author":{"name":"sbade","@id":"https:\/\/www.sonnenseite.com\/de\/#\/schema\/person\/6df44691cd9a70d99e140e1116ee8771"},"headline":"&#8222;Weiterlaufen der Atomkraftwerke war das geheime Ziel&#8220;","datePublished":"2013-11-27T23:00:00+00:00","mainEntityOfPage":{"@id":"https:\/\/www.sonnenseite.com\/de\/politik\/weiterlaufen-der-atomkraftwerke-war-das-geheime-ziel\/"},"wordCount":386,"publisher":{"@id":"https:\/\/www.sonnenseite.com\/de\/#organization"},"image":{"@id":"https:\/\/www.sonnenseite.com\/de\/politik\/weiterlaufen-der-atomkraftwerke-war-das-geheime-ziel\/#primaryimage"},"thumbnailUrl":"https:\/\/www.sonnenseite.com\/wp-content\/uploads\/2020\/06\/archiv_artikel.jpg","articleSection":["Politik"],"inLanguage":"de"},{"@type":"WebPage","@id":"https:\/\/www.sonnenseite.com\/de\/politik\/weiterlaufen-der-atomkraftwerke-war-das-geheime-ziel\/","url":"https:\/\/www.sonnenseite.com\/de\/politik\/weiterlaufen-der-atomkraftwerke-war-das-geheime-ziel\/","name":"\"Weiterlaufen der Atomkraftwerke war das geheime Ziel\" - Sonnenseite - \u00d6kologische Kommunikation mit Franz Alt","isPartOf":{"@id":"https:\/\/www.sonnenseite.com\/de\/#website"},"primaryImageOfPage":{"@id":"https:\/\/www.sonnenseite.com\/de\/politik\/weiterlaufen-der-atomkraftwerke-war-das-geheime-ziel\/#primaryimage"},"image":{"@id":"https:\/\/www.sonnenseite.com\/de\/politik\/weiterlaufen-der-atomkraftwerke-war-das-geheime-ziel\/#primaryimage"},"thumbnailUrl":"https:\/\/www.sonnenseite.com\/wp-content\/uploads\/2020\/06\/archiv_artikel.jpg","datePublished":"2013-11-27T23:00:00+00:00","description":"CSU-Umweltpolitiker G\u00f6ppel zum Koalitionsvertrag. Ein \"abruptes Abw\u00fcrgen der Windkraft in S\u00fcddeutschland\" als Folge des Koalitionsvertrages bef\u00fcrchtet der","breadcrumb":{"@id":"https:\/\/www.sonnenseite.com\/de\/politik\/weiterlaufen-der-atomkraftwerke-war-das-geheime-ziel\/#breadcrumb"},"inLanguage":"de","potentialAction":[{"@type":"ReadAction","target":["https:\/\/www.sonnenseite.com\/de\/politik\/weiterlaufen-der-atomkraftwerke-war-das-geheime-ziel\/"]}]},{"@type":"ImageObject","inLanguage":"de","@id":"https:\/\/www.sonnenseite.com\/de\/politik\/weiterlaufen-der-atomkraftwerke-war-das-geheime-ziel\/#primaryimage","url":"https:\/\/www.sonnenseite.com\/wp-content\/uploads\/2020\/06\/archiv_artikel.jpg","contentUrl":"https:\/\/www.sonnenseite.com\/wp-content\/uploads\/2020\/06\/archiv_artikel.jpg","width":770,"height":420,"caption":"Sonnenseite"},{"@type":"BreadcrumbList","@id":"https:\/\/www.sonnenseite.com\/de\/politik\/weiterlaufen-der-atomkraftwerke-war-das-geheime-ziel\/#breadcrumb","itemListElement":[{"@type":"ListItem","position":1,"name":"Startseite","item":"https:\/\/www.sonnenseite.com\/de\/"},{"@type":"ListItem","position":2,"name":"&#8222;Weiterlaufen der Atomkraftwerke war das geheime Ziel&#8220;"}]},{"@type":"WebSite","@id":"https:\/\/www.sonnenseite.com\/de\/#website","url":"https:\/\/www.sonnenseite.com\/de\/","name":"Sonnenseite","description":"\u00d6kologische Kommunikation mit Franz Alt","publisher":{"@id":"https:\/\/www.sonnenseite.com\/de\/#organization"},"potentialAction":[{"@type":"SearchAction","target":{"@type":"EntryPoint","urlTemplate":"https:\/\/www.sonnenseite.com\/de\/?s={search_term_string}"},"query-input":{"@type":"PropertyValueSpecification","valueRequired":true,"valueName":"search_term_string"}}],"inLanguage":"de"},{"@type":"Organization","@id":"https:\/\/www.sonnenseite.com\/de\/#organization","name":"Sonnenseite","url":"https:\/\/www.sonnenseite.com\/de\/","logo":{"@type":"ImageObject","inLanguage":"de","@id":"https:\/\/www.sonnenseite.com\/de\/#\/schema\/logo\/image\/","url":"https:\/\/www.sonnenseite.com\/wp-content\/uploads\/2020\/05\/Sonnenseite_Logo.png","contentUrl":"https:\/\/www.sonnenseite.com\/wp-content\/uploads\/2020\/05\/Sonnenseite_Logo.png","width":377,"height":90,"caption":"Sonnenseite"},"image":{"@id":"https:\/\/www.sonnenseite.com\/de\/#\/schema\/logo\/image\/"},"sameAs":["https:\/\/www.facebook.com\/pages\/Franz-Alt-SONNENSEITECOM\/221072987903953?fref=ts","https:\/\/x.com\/franzalt","http:\/\/www.youtube.com\/results?search_query&amp;amp;quot;franz_alt&amp;amp;quot;&amp;amp;amp;amp;search_type&amp;amp;amp;amp;aq=f"]},{"@type":"Person","@id":"https:\/\/www.sonnenseite.com\/de\/#\/schema\/person\/6df44691cd9a70d99e140e1116ee8771","name":"sbade","sameAs":["https:\/\/www.sonnenseite.com"]}]}},"_links":{"self":[{"href":"https:\/\/www.sonnenseite.com\/de\/wp-json\/wp\/v2\/posts\/53049","targetHints":{"allow":["GET"]}}],"collection":[{"href":"https:\/\/www.sonnenseite.com\/de\/wp-json\/wp\/v2\/posts"}],"about":[{"href":"https:\/\/www.sonnenseite.com\/de\/wp-json\/wp\/v2\/types\/post"}],"author":[{"embeddable":true,"href":"https:\/\/www.sonnenseite.com\/de\/wp-json\/wp\/v2\/users\/1"}],"replies":[{"embeddable":true,"href":"https:\/\/www.sonnenseite.com\/de\/wp-json\/wp\/v2\/comments?post=53049"}],"version-history":[{"count":0,"href":"https:\/\/www.sonnenseite.com\/de\/wp-json\/wp\/v2\/posts\/53049\/revisions"}],"wp:featuredmedia":[{"embeddable":true,"href":"https:\/\/www.sonnenseite.com\/de\/wp-json\/wp\/v2\/media\/50987"}],"wp:attachment":[{"href":"https:\/\/www.sonnenseite.com\/de\/wp-json\/wp\/v2\/media?parent=53049"}],"wp:term":[{"taxonomy":"category","embeddable":true,"href":"https:\/\/www.sonnenseite.com\/de\/wp-json\/wp\/v2\/categories?post=53049"},{"taxonomy":"post_tag","embeddable":true,"href":"https:\/\/www.sonnenseite.com\/de\/wp-json\/wp\/v2\/tags?post=53049"}],"curies":[{"name":"wp","href":"https:\/\/api.w.org\/{rel}","templated":true}]}}