{"id":53071,"date":"2013-11-23T00:00:00","date_gmt":"2013-11-22T23:00:00","guid":{"rendered":"https:\/\/www.sonnenseite.com\/politik\/ueberlebt-die-energiewende-die-grosse-koalition.html"},"modified":"2013-11-23T00:00:00","modified_gmt":"2013-11-22T23:00:00","slug":"ueberlebt-die-energiewende-die-grosse-koalition","status":"publish","type":"post","link":"https:\/\/www.sonnenseite.com\/de\/politik\/ueberlebt-die-energiewende-die-grosse-koalition\/","title":{"rendered":"\u00dcberlebt die Energiewende die gro\u00dfe Koalition?"},"content":{"rendered":"<p>Die Energiewende droht aktuell in Entscheidungslosigkeit zu versinken \u2013 z\u00f6gerliche \u00c4u\u00dferungen und Scheindiskussionen um vermeintliche Kostenexplosionen beherrschen die Debatte, w\u00e4hrend Konzepte zum Ausbau Erneuerbarer, Effizienz, Strommarktdesign und Klimaschutz von der sich gerade formierenden gro\u00dfen Koalition nicht vorgelegt werden. Gibt es sie \u00fcberhaupt noch, die deutsche Energiewende? Ist die Strompreisbremse eine Energiewendebremse, und was sagen die echten Expert\/innen aus Wirtschaft und Politik? Von Katrin Heeren <!--more--> <\/p>\n<p>Hierzu haben wir Matthias Willenbacher befragt, Firmenchef eines Unternehmens der Erneuerbaren-Energien-Branche namens JUWI. Mit Elan, Enthusiasmus und \u00dcberzeugungskraft hatte er sich schon vor der Wahl in die Schlagzeilen gebracht: Mit seinem unmoralischen Angebot an die Kanzlerin forderte er diese auf, sich f\u00fcr ein Gelingen der Energiewende einzusetzen, da diese durch die vergangene Regierung zu einer Farce zu werden drohte. Sein Einsatz: W\u00fcrde Frau Merkel das Angebot annehmen, so versprach Willenbacher, w\u00fcrde er seine gesamten Firmenanteile an Energiegenossenschaften verschenken. Ein gro\u00dfz\u00fcgiges Angebot!<\/p>\n<p><strong>Herr Willenbacher, mit Ihrem unmoralischen Angebot an die Kanzlerin, haben Sie kurz vor der Bundestagswahl f\u00fcr einiges Aufsehen gesorgt. Wie sah Ihr Angebot genau aus, und warum wurde es ausgeschlagen?<\/strong><\/p>\n<p><strong>WILLENBACHER<\/strong>: <em>Ich appelliere an Angela Merkel, ihre nach Fukushima\u00a0 versprochene\u00a0 Energiewende auch tats\u00e4chlich umzusetzen.\u00a0 Und zwar ohne Wenn und Aber.\u00a0 Zu 100 Prozent bis 2020. Tut sie das, verschenke ich meine Anteile an der juwi-Gruppe, einer Firma mit Milliardenumsatz, an die Energiegenossenschaften. So habe ich es in meinem Buch geschrieben und in meinem Masterplan zur Energiewende auch gleich nachgewiesen, dass es technisch m\u00f6glich und volkswirtschaftlich sinnvoll ist. Leider hat die Kanzlerin bisher noch nicht auf mein Angebot regiert. Aber was nicht ist, kann ja noch werden\u2026<\/em><\/p>\n<p><strong>Nach der Wahl ist vor der Wahl \u2013 gibt es mit der neuen Regierung \u00fcberhaupt eine Chance, die Energiewende \u00fcber die n\u00e4chsten vier Jahre zu retten? Oder sind die W\u00fcrfel gefallen \u2013 gegen die Energiewende der B\u00fcrger\/innen dieses Landes?<\/strong><\/p>\n<p><strong>WILLENBACHER:<\/strong> <em>Jetzt geht es darum, die erneuerbaren Energien z\u00fcgig auszubauen. Das ist es, was die gro\u00dfe Mehrheit der B\u00fcrger fordert. An dieser Realit\u00e4t muss sich die neue Bundesregierung messen lassen. Und die Energiewende gibt uns sogar die Chance viel Geld einzusparen. Wenn wir endlich ernst machen und Strom, W\u00e4rme und Mobilit\u00e4t sinnvoll miteinander verbinden, k\u00f6nnen wir bis zu 75% Energie einsparen! Dann zahlt ein Haushalt maximal noch die H\u00e4lfte der Energiekosten, die er heute zu tragen hat. Zudem muss endlich Schluss sein mit der Subventionierung von Kohlekraftwerken, die bekanntlich die gr\u00f6\u00dften Dreckschleudern im Energiesektor sind. CO2-Aussto\u00df muss Geld kosten. Eine CO2-Steuer h\u00e4tte neben den positiven Auswirkungen auf Klima und Umwelt auch den Vorteil, dass man mit den Einnahmen die Stromsteuer senken k\u00f6nnte. Auch die EEG-Umlage w\u00fcrde so deutlich reduziert. Alles in allem k\u00f6nnte der private\u00a0 Stromkunde in Deutschland\u00a0 dadurch schnell und sp\u00fcrbar\u00a0 um gut 4 Cent pro Kilowattstunde entlastet werden.<\/em><\/p>\n<p><strong>Was kann jetzt getan werden? Was k\u00f6nnen die \u00fcber 800 Energiegenossenschaften, die es in Deutschland mittlerweile gibt, tun, um nicht nur \u00fcber die Runden zu kommen, sondern zu einer Vollversorgung mit erneuerbaren Energien beizutragen?<\/strong><\/p>\n<p><strong>WILLENBACHER<\/strong>:\u00a0 <em>Die EE-Branche und juwi sind bereit, die erforderliche Weiterentwicklung des EEG in einem konstruktiven Dialog zu begleiten. Dabei sind uns die Energiegenossenschaften eine gro\u00dfe Hilfe. Gemeinsam mit ihnen\u00a0 werden wir darauf achten, dass die Energiewende nicht ausgebremst wird.\u00a0 Wir d\u00fcrfen nicht ruhen, dies den B\u00fcrgern\u00a0 unseres Landes, insbesondere aber den Politikern klarzumachen. Denn der gr\u00f6\u00dfte Feind der erneuerbaren Energien ist die Unwissenheit \u00fcber die fantastischen M\u00f6glichkeiten, die sie uns bieten.<\/em><\/p>\n<p><strong> <\/strong><\/p>\n<p><strong>W\u00fcrden Sie Frau Merkel ein zweites Angebot machen? Wenn ja, wie s\u00e4he das aus? <\/strong><\/p>\n<p><strong>WILLENBACHER: <\/strong><em>Na klar, ich wiederhole mein Angebot gerne. An meinem Ziel, m\u00f6glichst schnell 100 Prozent erneuerbare Energien in Deutschland umzusetzen, werde ich jedenfalls weiter mit Kreativit\u00e4t und Herzblut arbeiten. <\/em><\/p>\n<p><strong>Warum brauchen wir 100% erneuerbare Energien? Was spricht gegen Atomkraft und Kohlestrom? <\/strong><\/p>\n<p><strong>WILLENBACHER: <\/strong><em>F\u00fcr mich ist die \u00dcberlegenheit der Erneuerbaren gegen\u00fcber den fossilen Energietr\u00e4gern eindeutig. Kohle, \u00d6l und Gas gehen in absehbarer Zeit zur Neige und werden auch deshalb schon bald nicht mehr bezahlbar sein, da die Nachfrage rasant steigt \u2013 immer mehr Menschen wollen Handy, Laptop, Klimaanlage und Auto nutzen. Die Rohstoffe, die in Millionen von Jahren entstanden sind, innerhalb weniger Generationen zu verbrauchen und dabei auch noch die Atmosph\u00e4re zu verschmutzen und das Klima aus dem Gleichgewicht zu bringen \u2013 das ist nicht nachhaltig, sondern t\u00f6richt und lebensgef\u00e4hrlich. Dass Atomkraft keine Zukunft hat ist einfach zu begr\u00fcnden: Sie ist schon heute viel teurer als die Erneuerbaren, wie ein Vergleich mit Gro\u00dfbritannien zeigt. Der Energiegigant EDF will nur dann investieren, wenn dort f\u00fcr die Kilowattstunde Atomstrom 11 Cent plus Inflationsausgleich auf 35 Jahre gezahlt werden. Das aber w\u00e4re um einiges teurer als Strom aus Wind oder Sonne.<\/em><\/p>\n<p><strong>Warum tun Sie, was Sie tun? Sie k\u00f6nnten es sich doch ganz gem\u00fctlich machen mit Ihrem gut laufenden Gesch\u00e4ft. Was ist Ihr Antrieb, Ihre Motivation? Warum? <\/strong><\/p>\n<p><strong>WILLENBACHER:<\/strong> <em>Die Arbeit am Umbau unserer Energieversorgung hin zu sauberen Wind-, Solar- und Biokraftwerken ist f\u00fcr mich mehr als ein Beruf \u2013 es ist zugleich Leidenschaft und sinngebende Berufung. Und Spa\u00df macht es obendrein. Nicht zuletzt wegen der vielen engagierten Mitstreiter, die wie ich sagen: Die Energiewende darf nicht scheitern!<\/em><\/p>\n<p>Auch Ulrich Kelber, stellvertretender Fraktionsvorsitzender der SPD und 2008 mit dem Solarindustriepreis des Bundesverbands Solarwirtschaft ausgezeichnet, setzt sich seit vielen Jahren vehement f\u00fcr den Ausbau erneuerbarer Energien ein und z\u00e4hlt mit dem vor wenigen Jahren verstorbenen Solar-Vorreiter Hermann Scheer zu den Wegbereitern der Energiewende der SPD.<\/p>\n<p><strong>Herr Kelber, was passiert energiepolitisch augenblicklich in Ihrer Partei? Hannelore Kraft versetzt der Energiewende im Verbund mit Herrn Altmaier den Todessto\u00df, so sieht es aus. Wer ist mit Ihnen gemeinsam \u00fcberhaupt an dem weiteren dynamischen Verlauf einer B\u00fcrgerenergiewende interessiert?<\/strong><\/p>\n<p><strong>KELBER:<\/strong> <em>Nat\u00fcrlich gibt es in einer Volkspartei wie der SPD eine Bandbreite in einem Thema wie der Energiepolitik, auch zwischen den einzelnen Bundesl\u00e4ndern unter SPD-F\u00fchrung. Und ja, SPD-Mitglieder wie ich wollen schneller zu 100% Erneuerbare Energien kommen als z.B. Hannelore Kraft oder Olaf Scholz. Aber ich war auch beeindruckt davon, wie Hannelore Kraft in den Koalitionsverhandlungen gegen einen verbindlichen Maximalausbau Erneuerbarer, f\u00fcr das Ziel von 75% Erneuerbaren in 2030 und f\u00fcr ein verbindliches nationales Klimaschutzgesetz gek\u00e4mpft hat. Nicht \u00fcberall konnten wir uns jedoch gegen CDU\/CSU und Peter Altmaier durchsetzen.<\/em><\/p>\n<p><strong>Sollte das EEG Ihrer Ansicht nach reformiert werden? Kann die Einbeziehung von bestimmten Industriebranchen in die Umlage f\u00fcr erneuerbare Energien, die momentan die B\u00fcrger\/innen und KMUs alleine zahlen, die Energiepreise auf angemessenes Niveau bringen?<\/strong><\/p>\n<p><strong>KELBER: <\/strong><em>Ja, wir m\u00fcssen das EEG deutlich weiterentwickeln, wenn die Erneuerbaren aus dem 25%-Bereich schon in zehn Jahren zur dominierenden Stromquelle anwachsen sollen. Vor allem aber m\u00fcssen wir das gesamte Energierecht und das Strommarktsystem so umstellen, dass Erneuerbare im Mittelpunkt stehen und fossile Energien die Ersatz- und Erg\u00e4nzungsfunktion \u00fcbernehmen. Dann wird es auch billiger sein als heute, wo die Erneuerbaren am Spotmarkt verscherbelt werden. Eine Zur\u00fccknahme der EEG-Befreiungen auf ein erkl\u00e4rbares Ma\u00df tr\u00e4gt weniger als gedacht zur finanziellen Entlastung bei, ist aber f\u00fcr die Akzeptanz dennoch wichtig.<\/em><\/p>\n<p><strong>Frau Kraft spricht vom Erhalt von Arbeitspl\u00e4tzen in der Kohleindustrie. Diesen knapp 30.000 Arbeitspl\u00e4tzen stehen jedoch \u00fcber 400.000 Arbeitspl\u00e4tze in den erneuerbaren Energien gegen\u00fcber, bis 2020 sollen es mindestens 500.000 sein. Die Kohlef\u00f6rderung hingegen wird bis 2018 zur\u00fcckgefahren. Was sagt man dazu?<\/strong><\/p>\n<p><strong>KELBER:<\/strong> <em>NRW und Hannelore Kraft schauen auf den Strukturwandel, an den Kraftwerksstandorten und auch beim Braunkohleabbau. Das ist verst\u00e4ndlich, es muss aber bei einem sozial begleiteten und die Innovationskr\u00e4fte st\u00e4rkenden Strukturwandel bleiben, man darf nicht auf die Status-Quo-Lobbyisten h\u00f6ren. Zweitens muss man NRW garantieren k\u00f6nnen, dass es als Standort f\u00fcr energieintensive Industrien im internationalen Kostenvergleich bestehen kann. In diesen Industrien arbeiten weitaus mehr Menschen als in den RWE-Kraftwerken, daher ist das ist f\u00fcr seine wirtschaftliche Situation \u00fcberlebensnotwendig. Das m\u00fcssen auch wir Umweltbewegten verstehen.<\/em><\/p>\n<p><strong>Nun auch an Sie die Frage: Warum tun Sie, was Sie tun? Woher r\u00fchrt Ihr ungebremstes Engagement f\u00fcr eine nachhaltige Energieversorgung?<\/strong><\/p>\n<p><strong>KELBER:<\/strong> <em>Schon als Jugendlicher war mir klar, dass wir so nicht weitermachen k\u00f6nnen. Ich will eine saubere, sichere und sanfte Zukunft. Und ich bin ein Technikfan, daher verstehe ich nicht, warum man an Uralt-Technologien wie Atomkraft und Kondensationskraftwerken festhalten sollte. Mein wichtigster Beweggrund heute: Ich habe f\u00fcnf Kinder!<\/em><\/p>\n<p>In der CSU wiederum macht sich der Bundestagsabgeordnete und Leiter des Umweltarbeitskreises der CSU Josef G\u00f6ppel seit langem f\u00fcr erneuerbare Energien stark und hat gerade ein Konzept zur Reform des EEG in die Koalitionsverhandlungen eingebracht.<\/p>\n<p><strong>Herr G\u00f6ppel, die CSU hat das urspr\u00fcngliche Gesetz zur Stromeinspeisung 1990 mit ins Leben gerufen und damit die Weichen f\u00fcr das heutige EEG gestellt. Worin sehen Sie die St\u00e4rken des EEG, was gilt es zu erhalten, und wie sieht Ihr Reformvorschlag aus?<\/strong><\/p>\n<p><strong>G\u00d6PPEL:<\/strong> <em>Das EEG ist international das erfolgreichste Instrument zur F\u00f6rderung erneuerbarer Energien. Seine gr\u00f6\u00dfte St\u00e4rke sehe ich in der Beteiligung breiter Bev\u00f6lkerungsschichten und dem Aufbau einer dezentralen Stromerzeugung. Mein wichtigster Reformvorschlag ist die Einbeziehung der 900 deutschen Stromversorger in die Vermarktung, um das st\u00e4ndige \u00dcberlaufen des Spotmarkts an der B\u00f6rse zu beseitigen.<\/em><\/p>\n<p><strong>Auch Sie sind als hartn\u00e4ckiger Promoter der erneuerbaren Energien in Ihren eigenen Reihen bekannt. Sie haben sich vor der Energiewende schon als einziger CSU-Abgeordneter gegen die Verl\u00e4ngerung der Atomlaufzeiten in Deutschland ausgesprochen und damit f\u00fcr Aufsehen gesorgt. Welche Ziele verfolgen Sie weiterhin, von wem rechnen Sie mit Unterst\u00fctzung? Wie gedenken Sie, Ihre Ziele in der gro\u00dfen Koalition durchzusetzen?<\/strong><\/p>\n<p><strong>G\u00d6PPEL:<\/strong> <em>Die Stromerzeugung in der Hand der B\u00fcrger ist deswegen so wichtig, weil damit ein anderer Umgang mit Energie einhergeht. Aus passiven Konsumenten werden aktive Gestalter der Energiewende. Die Erfahrung zeigt, dass solche Menschen einen energiebewussteren Lebensstil annehmen. In der Koalition mit der SPD spielt die deutsche Braunkohle eine gro\u00dfe Rolle. Dar\u00fcber haben wir in der Arbeitsgruppe Energie geredet. Der Kompromiss liegt im Zeitablauf. Selbst bei entschlossenem Ausbau der erneuerbaren Stromquellen brauchen wir die Konventionellen noch eine ganze Generation lang. Deshalb erwarte ich von der SPD Unterst\u00fctzung f\u00fcr die Erneuerbaren. F\u00fcr sie als Antiatompartei kann es kein Zur\u00fcck geben!<\/em><\/p>\n<p><strong>Aus welchem Grund engagieren Sie sich entgegen aller Widerst\u00e4nde so stark hierf\u00fcr? Was treibt Sie ganz pers\u00f6nlich dazu an?<\/strong><\/p>\n<p><strong>G\u00d6PPEL:<\/strong> <em>Die Art der Energieversorgung war in der Geschichte immer entscheidend f\u00fcr das gesamte Wirtschaftsgeschehen. Die Hinwendung zu einem Leben und Wirtschaften im Einklang mit nat\u00fcrlichen Kreisl\u00e4ufen steht und f\u00e4llt deshalb mit einem kohlenstofffreien und dezentralen Energiesystem.<\/em><\/p>\n<p>Werden diese Energiewende-Politiker in den eigenen Reihen der neuen Bundesregierung angeh\u00f6rt, oder brauchen wir eine partei\u00fcbergreifende Initiative von Bundestagsabgeordneten, die dem Wunsch der Mehrheit der Bundesb\u00fcrger folgend die Energiewende zu neuem Leben erwecken?<\/p>\n<p>Hierbei d\u00fcrften auch F\u00fcrsprecher einer nachhaltigen Energieversorgung der Gr\u00fcnen eine bedeutende Rolle spielen, zu denen im Bundestag der Energiepolitiker Oliver Krischer mit seiner Detailkenntnis der NRW-Energiewirtschaft und die vom Umweltbundesamt kommende Julia Verlinden mit ihrem Pl\u00e4doyer f\u00fcr eine begleitende Energieeffizienzwende geh\u00f6ren.<\/p>\n<p><strong>Herr Krischer, die Gr\u00fcnen sind in der Opposition gelandet. Wie ist aus dieser doch schw\u00e4cheren politischen Position nun noch das Ruder herumzurei\u00dfen, um die Energiewende nicht zum Erliegen zu bringen? K\u00f6nnen Sie sich eine gemeinsame Initiative mit Verb\u00fcndeten der Koalitionsparteien und der<\/strong><strong> Linken vorstellen?<\/strong><\/p>\n<p><strong>KRISCHER:<\/strong> <em>Was uns da an Ergebnissen aus den Koalitionsverhandlungen in Energiebereich vorliegt, erf\u00fcllt mich mit gro\u00dfer Sorge. Das ist kein gro\u00dfer Wurf, nicht mal ein Schritt nach vorne. Das klingt eher nach &#8222;Energiewende-Ende&#8220; als nach Aufbruch. Der Ausbau der Erneuerbaren wird ausgebremst, Klimaschutz findet dank v\u00f6llig unambitionierter Ziele praktisch nicht mehr statt. Dabei sind wichtige Punkte immer noch nicht gekl\u00e4rt: Nach wie vor steht die Unionsforderung nach einer Planwirtschaft f\u00fcr Erneuerbare Energien (&#8222;verbindlicher Ausbaukorridor&#8220;) im Raum. Und die SPD fordert weiter Subventionen f\u00fcr Kohlekraftwerke, die Energiewende und Klimaschutz ad absurdum f\u00fchren w\u00fcrden. V\u00f6llig nebul\u00f6s bleibt auch, wie die ausufernden Ausnahmen bei der EEG-Umlage f\u00fcr die Industrie konkret begrenzt werden sollen. Beim CO2-Emissionshandel kann man sich nur auf den kleinsten gemeinsamen Nenner des Backloadings verst\u00e4ndigen, w\u00e4hrend eine echte Reform des Emissionshandels nicht angepackt werden soll. So schaffen die Vereinbarungen der Gro\u00dfen Koalition nicht die dringend notwenige Investitionssicherheit f\u00fcr Energiewende und Klimaschutz und schaden der Zukunft des Industriestandortes Deutschland. <\/em><\/p>\n<p><em>Wir werden alles daf\u00fcr tun, damit die unsinnigen und falschen Ma\u00dfnahmen der Gro\u00dfen Koalition am Ende so nicht im Gesetzblatt stehen. Dazu werden wir selbstverst\u00e4ndlich mit allen Kr\u00e4ften, die eine dezentrale, erneuerbare Energiewende wollen, innerhalb und au\u00dferhalb des Parlaments zusammenarbeiten. Wir brauchen ein breites gesellschaftliches B\u00fcndnis, das f\u00fcr die Energiewende weg von Kohle und Atom hin zu erneuerbaren Energien und Energieeffizienz eintritt. Nur so kann die Energiewende gerettet werden.<\/em><\/p>\n<p><em> <\/em> <strong>Frau Verlinden, Sie sind brandneu in den Bundestag eingezogen und bringen Fachkompetenz und Sachverstand aus Ihrer T\u00e4tigkeit am Umweltbundesamt in die Debatte ein. Sie sprechen sich f\u00fcr eine starke Energieeffizienzpolitik zum Gelingen der Energiewende aus. Warum? Wie sieht diese aus?<\/strong><\/p>\n<p><strong>VERLINDEN: <\/strong><em>Die Debatte der Energiewende konzentriert sich leider haupts\u00e4chlich auf Strompreise und die ben\u00f6tigte Anzahl von Windr\u00e4dern, Solarzellen und Biogasanlagen. So wichtig der Umbau auf Wind und Sonne ist: Energiewende ist weitaus mehr als eine Stromwende. Zwei Perspektiven will ich daher st\u00e4rker in die Debatte bringen: Den W\u00e4rmemarkt und die Energieeffizienz. <\/em><\/p>\n<p><em>Wie erneuerbar und effizient wir heizen, ist eine zentrale Frage f\u00fcr das Gelingen der Energiewende insgesamt \u2013 die Heizenergie macht in den meisten privaten Haushalten einen sehr viel gr\u00f6\u00dferen Anteil am Gesamtenergieverbrauch aus als der Strom. Es gibt zahlreiche ungenutzte Potentiale, um Energie effizienter einzusetzen, wie bessere Geb\u00e4uded\u00e4mmung, moderne Heizungen und sparsamere Elektroger\u00e4te. Wenn wir Energie effizienter produzieren und nutzen, erreichen wir schneller unser Ziel, die fossilen und atomaren Kraftwerke vom Netz zu nehmen. Die umweltfreundlichste und preiswerteste Kilowattstunde ist diejenige, die nicht gebraucht wird. <\/em><\/p>\n<p><em>Die Energieeffizienz ist folglich der Katalysator der Energiewende und hilft dabei, die Ziele \u201eh\u00f6herer Anteil Erneuerbare Energien\u201c und \u201eweniger Treibhausgase\u201c schneller und kosteng\u00fcnstiger zu erreichen.<\/em><\/p>\n<p><strong>Welche politischen Vorschl\u00e4ge k\u00f6nnen aus Ihrer Sicht der Energiewende noch zum Erfolg verhelfen?<\/strong><\/p>\n<p><strong>VERLINDEN: <\/strong><em>Die meisten Effizienzma\u00dfnahmen rechnen sich selber &#8211; \u00fcber die eingesparten Energiekosten. Trotzdem muss die H\u00fcrde der oftmals hohen Anfangsinvestitionen genommen werden. Drei Faktoren sind entscheidend: 1) verl\u00e4ssliche politische Rahmenbedingungen, die langfristige Investitionen erm\u00f6glichen, 2) zuverl\u00e4ssige Informationen und kompetente Beratung\u00a0 durch Energieberater, und 3) finanzielle Anreize, insbesondere im Mietwohnbereich.<\/em><\/p>\n<p><em>F\u00fcr die zunehmende Anzahl kleiner StromproduzentInnen\u00a0 und Energiedienstleister im sich ver\u00e4ndernden Energiemarkt braucht es unterst\u00fctzende politische Rahmenbedingungen. Es wird nicht mehr Energie verkauft, sondern Energie plus Beratung zur Energieeinsparung.\u00a0 Energiewendeprojekte werden heute von B\u00fcrgerinnen und B\u00fcrgern auf den Weg gebracht: Wer Teil der Energiewende ist, identifiziert sich damit, m\u00f6chte das gemeinsame Projekt voranbringen. Ein Festhalten an alten Strukturen ist absolut nicht mehr angebracht.<\/em><\/p>\n<p><strong>Herr Willenbacher hat sein Angebot an Frau Merkel erneuert. Wie sieht Ihr Angebot an Frau Merkel aus? Was fordern Sie von der Kanzlerin, von Frau Kraft und von Herrn Altmaier?<\/strong><\/p>\n<p><strong>Herr G\u00f6ppel:<\/strong> <em>Jetzt wird so viel \u00fcber Kosten geredet. Die wichtigsten erneuerbaren Energien Wind und Sonne haben nach der Amortisation ihrer Investitionssumme fast keine variablen Kosten. Sie werden deshalb gegen Ende des Jahrzehnts den Strom viel preiswerter anbieten k\u00f6nnen. Diese Energieformen belasten auch die Atmosph\u00e4re nicht und sind abw\u00e4rmefrei. Ich hoffe, das wird die Physikerin Angela Merkel \u00fcberzeugen.<\/em><\/p>\n<p><strong>Frau Verlinden: <\/strong><em>Ich erwarte, dass die Bundesregierung sich konsequent f\u00fcr Klimaschutz und f\u00fcr die Energiewende einsetzt. Das m\u00f6chte auch die Mehrheit der Menschen in Deutschland. Und wir sind es denjenigen schuldig, die bereits jetzt und in Zukunft unter dem Klimawandel zu leiden haben. Mitdenken f\u00fcr zuk\u00fcnftige Generationen und internationale Solidarit\u00e4t sehen anders aus als Besitzstandswahrung und Klientelpolitik, Frau Bundeskanzlerin!<\/em><\/p>\n<p><strong>Herr Krischer:<\/strong> <em>Unmoralische Angebote zu machen \u00fcberlasse ich anderen, erst recht wenn sie an Frau Merkel gerichtet sind. Es muss aufh\u00f6ren, dass Frau Merkel, Frau Kraft und Herr Altmaier von der Energiewende schwadronieren, im Alltag aber bei fast jeder Frage gegen die Ziele agieren. Es sollte doch langsam auch dem Letzten aufgegangen sein, dass die Energiewende DAS industriepolitische Projekte des 21. Jahrhunderts in Deutschland ist, das fast nebenbei auch noch eine Demokratisierung eines Wirtschaftssektors mit sich bringt, der bisher von Oligopolen gepr\u00e4gt war. Wenn es in Deutschland gelingt, den Weg zu 100% Erneuerbaren in den n\u00e4chsten Jahrzehnten zu gehen, ohne dass wir unsere Industrie und unseren Wohlstand verlieren, dann wird das ganz sicher Nachahmer in der Welt finden. Das ist dann vielleicht auch der entscheidende Beitrag, um weltweit zu einer nachhaltigen und klimafreundlichen Energieversorgung zu kommen. Und f\u00fcr Deutschland ist es die Chance, in einem wichtigen Wirtschaftssektor die Technologief\u00fchrerrolle zu behalten und auszubauen.<\/em><\/p>\n<p><strong>Nun noch eine abschlie\u00dfende Frage an Herrn Willenbacher: Was raten Sie den B\u00fcrgerinnen und B\u00fcrgern, den Unternehmen, den Politikern aller Parteien \u2013 wie sieht das Ziel aus, das wir in Deutschland bis 2020 nach dem Ausstieg aus der Atomenergie und dem Einstieg in die Energiewende erreichen k\u00f6nnen?<\/strong><\/p>\n<p><strong>WILLENBACHER: <\/strong><em>Das Ziel lautet klar und deutlich: 100 Prozent erneuerbare Energien. Das k\u00f6nnen wir bis 2020 erreichen. Wie genau es geht und was daf\u00fcr zu tun ist, habe ich in meinem Buch: \u201eMein unmoralisches Angebot an die Kanzlerin\u201c schl\u00fcssig dargelegt. Jetzt liegt der Ball bei den Politikern. Sie m\u00fcssen ihn nur ins richtige Tor schie\u00dfen.<\/em><\/p>\n<p>Energiewende-Interessierten sei noch folgende Rettungsaktion empfohlen: Am 30. November findet eine Energiewende-Demonstration in Berlin statt. Eine wachsende Anzahl von Nichtregierungsorganisationen und Privatpersonen unterst\u00fctzt diese Aktion \u2013 vom Hauptbahnhof geht es direkt zum Kanzleramt. Dort werden Antworten von Frau Merkel erwartet: Wie gedenken Sie die Energiewende zu gestalten? Wie werden Sie auch zuk\u00fcnftig Deutschlands Rolle als Exportweltmeister von erneuerbaren Energie- und Energieeffizienztechnologien sichern \u2013 nachdem Sie die Branche \u00a0in der letzten Regierungszeit doch erheblich ins Schleudern brachten? Oder soll nun auch die Windbranche untergehen?<\/p>\n<p>N\u00e4here Informationen f\u00fcr Aktionsinteressierte: <a href=\"http:\/\/www.energiewende-demo.de\" target=\"_blank\" rel=\"noopener noreferrer\">http:\/\/www.energiewende-demo.de<\/a><\/p>\n<p>Herzlichen Dank an alle Interviewpartner\/innen! Das Interview f\u00fchrte Kartin Heeren<a target=\"_blank\" rel=\"noopener noreferrer\"><\/p>\n<h5 class=\"green\">Quelle<\/h5>\n<p>Katrin Heeren 2013<\/p>\n<div class=\"shariff shariff-align-flex-start shariff-widget-align-flex-start\"><div class=\"ShariffHeadline\">Diese Meldung teilen<\/div><ul class=\"shariff-buttons theme-round orientation-horizontal buttonsize-medium\"><li class=\"shariff-button facebook shariff-nocustomcolor\" style=\"background-color:#4273c8;border-radius:1%\"><a href=\"https:\/\/www.facebook.com\/sharer\/sharer.php?u=https%3A%2F%2Fwww.sonnenseite.com%2Fde%2Fpolitik%2Fueberlebt-die-energiewende-die-grosse-koalition%2F\" title=\"Bei Facebook teilen\" aria-label=\"Bei Facebook teilen\" role=\"button\" rel=\"nofollow\" class=\"shariff-link\" style=\";border-radius:1%; background-color:#3b5998; color:#fff\" target=\"_blank\"><span class=\"shariff-icon\" style=\"\"><svg width=\"32px\" height=\"20px\" xmlns=\"http:\/\/www.w3.org\/2000\/svg\" viewBox=\"0 0 18 32\"><path fill=\"#3b5998\" d=\"M17.1 0.2v4.7h-2.8q-1.5 0-2.1 0.6t-0.5 1.9v3.4h5.2l-0.7 5.3h-4.5v13.6h-5.5v-13.6h-4.5v-5.3h4.5v-3.9q0-3.3 1.9-5.2t5-1.8q2.6 0 4.1 0.2z\"\/><\/svg><\/span><\/a><\/li><li class=\"shariff-button twitter shariff-nocustomcolor\" style=\"background-color:#595959;border-radius:1%\"><a href=\"https:\/\/twitter.com\/share?url=https%3A%2F%2Fwww.sonnenseite.com%2Fde%2Fpolitik%2Fueberlebt-die-energiewende-die-grosse-koalition%2F&text=%C3%9Cberlebt%20die%20Energiewende%20die%20gro%C3%9Fe%20Koalition%3F\" title=\"Bei X teilen\" aria-label=\"Bei X teilen\" role=\"button\" rel=\"noopener nofollow\" class=\"shariff-link\" style=\";border-radius:1%; background-color:#000; color:#fff\" target=\"_blank\"><span class=\"shariff-icon\" style=\"\"><svg width=\"32px\" height=\"20px\" xmlns=\"http:\/\/www.w3.org\/2000\/svg\" viewBox=\"0 0 24 24\"><path fill=\"#000\" d=\"M14.258 10.152L23.176 0h-2.113l-7.747 8.813L7.133 0H0l9.352 13.328L0 23.973h2.113l8.176-9.309 6.531 9.309h7.133zm-2.895 3.293l-.949-1.328L2.875 1.56h3.246l6.086 8.523.945 1.328 7.91 11.078h-3.246zm0 0\"\/><\/svg><\/span><\/a><\/li><li class=\"shariff-button xing shariff-nocustomcolor\" style=\"background-color:#29888a;border-radius:1%\"><a href=\"https:\/\/www.xing.com\/spi\/shares\/new?url=https%3A%2F%2Fwww.sonnenseite.com%2Fde%2Fpolitik%2Fueberlebt-die-energiewende-die-grosse-koalition%2F\" title=\"Bei XING teilen\" aria-label=\"Bei XING teilen\" role=\"button\" rel=\"noopener nofollow\" class=\"shariff-link\" style=\";border-radius:1%; background-color:#126567; color:#fff\" target=\"_blank\"><span class=\"shariff-icon\" style=\"\"><svg width=\"32px\" height=\"20px\" xmlns=\"http:\/\/www.w3.org\/2000\/svg\" viewBox=\"0 0 25 32\"><path fill=\"#126567\" d=\"M10.7 11.9q-0.2 0.3-4.6 8.2-0.5 0.8-1.2 0.8h-4.3q-0.4 0-0.5-0.3t0-0.6l4.5-8q0 0 0 0l-2.9-5q-0.2-0.4 0-0.7 0.2-0.3 0.5-0.3h4.3q0.7 0 1.2 0.8zM25.1 0.4q0.2 0.3 0 0.7l-9.4 16.7 6 11q0.2 0.4 0 0.6-0.2 0.3-0.6 0.3h-4.3q-0.7 0-1.2-0.8l-6-11.1q0.3-0.6 9.5-16.8 0.4-0.8 1.2-0.8h4.3q0.4 0 0.5 0.3z\"\/><\/svg><\/span><\/a><\/li><li class=\"shariff-button linkedin shariff-nocustomcolor\" style=\"background-color:#1488bf;border-radius:1%\"><a href=\"https:\/\/www.linkedin.com\/sharing\/share-offsite\/?url=https%3A%2F%2Fwww.sonnenseite.com%2Fde%2Fpolitik%2Fueberlebt-die-energiewende-die-grosse-koalition%2F\" title=\"Bei LinkedIn teilen\" aria-label=\"Bei LinkedIn teilen\" role=\"button\" rel=\"noopener nofollow\" class=\"shariff-link\" style=\";border-radius:1%; background-color:#0077b5; color:#fff\" target=\"_blank\"><span class=\"shariff-icon\" style=\"\"><svg width=\"32px\" height=\"20px\" xmlns=\"http:\/\/www.w3.org\/2000\/svg\" viewBox=\"0 0 27 32\"><path fill=\"#0077b5\" d=\"M6.2 11.2v17.7h-5.9v-17.7h5.9zM6.6 5.7q0 1.3-0.9 2.2t-2.4 0.9h0q-1.5 0-2.4-0.9t-0.9-2.2 0.9-2.2 2.4-0.9 2.4 0.9 0.9 2.2zM27.4 18.7v10.1h-5.9v-9.5q0-1.9-0.7-2.9t-2.3-1.1q-1.1 0-1.9 0.6t-1.2 1.5q-0.2 0.5-0.2 1.4v9.9h-5.9q0-7.1 0-11.6t0-5.3l0-0.9h5.9v2.6h0q0.4-0.6 0.7-1t1-0.9 1.6-0.8 2-0.3q3 0 4.9 2t1.9 6z\"\/><\/svg><\/span><\/a><\/li><li class=\"shariff-button printer shariff-nocustomcolor\" style=\"background-color:#a8a8a8;border-radius:1%\"><a href=\"javascript:window.print()\" title=\"drucken\" aria-label=\"drucken\" role=\"button\" rel=\"noopener nofollow\" class=\"shariff-link\" style=\";border-radius:1%; background-color:#999; color:#fff\"><span class=\"shariff-icon\" style=\"\"><svg width=\"32px\" height=\"20px\" xmlns=\"http:\/\/www.w3.org\/2000\/svg\" viewBox=\"0 0 30 32\"><path fill=\"#999\" d=\"M6.8 27.4h16v-4.6h-16v4.6zM6.8 16h16v-6.8h-2.8q-0.7 0-1.2-0.5t-0.5-1.2v-2.8h-11.4v11.4zM27.4 17.2q0-0.5-0.3-0.8t-0.8-0.4-0.8 0.4-0.3 0.8 0.3 0.8 0.8 0.3 0.8-0.3 0.3-0.8zM29.7 17.2v7.4q0 0.2-0.2 0.4t-0.4 0.2h-4v2.8q0 0.7-0.5 1.2t-1.2 0.5h-17.2q-0.7 0-1.2-0.5t-0.5-1.2v-2.8h-4q-0.2 0-0.4-0.2t-0.2-0.4v-7.4q0-1.4 1-2.4t2.4-1h1.2v-9.7q0-0.7 0.5-1.2t1.2-0.5h12q0.7 0 1.6 0.4t1.3 0.8l2.7 2.7q0.5 0.5 0.9 1.4t0.4 1.6v4.6h1.1q1.4 0 2.4 1t1 2.4z\"\/><\/svg><\/span><\/a><\/li><li class=\"shariff-button mailto shariff-nocustomcolor\" style=\"background-color:#a8a8a8;border-radius:1%\"><a href=\"mailto:?body=https%3A%2F%2Fwww.sonnenseite.com%2Fde%2Fpolitik%2Fueberlebt-die-energiewende-die-grosse-koalition%2F&subject=%C3%9Cberlebt%20die%20Energiewende%20die%20gro%C3%9Fe%20Koalition%3F\" title=\"Per E-Mail versenden\" aria-label=\"Per E-Mail versenden\" role=\"button\" rel=\"noopener nofollow\" class=\"shariff-link\" style=\";border-radius:1%; background-color:#999; color:#fff\"><span class=\"shariff-icon\" style=\"\"><svg width=\"32px\" height=\"20px\" xmlns=\"http:\/\/www.w3.org\/2000\/svg\" viewBox=\"0 0 32 32\"><path fill=\"#999\" d=\"M32 12.7v14.2q0 1.2-0.8 2t-2 0.9h-26.3q-1.2 0-2-0.9t-0.8-2v-14.2q0.8 0.9 1.8 1.6 6.5 4.4 8.9 6.1 1 0.8 1.6 1.2t1.7 0.9 2 0.4h0.1q0.9 0 2-0.4t1.7-0.9 1.6-1.2q3-2.2 8.9-6.1 1-0.7 1.8-1.6zM32 7.4q0 1.4-0.9 2.7t-2.2 2.2q-6.7 4.7-8.4 5.8-0.2 0.1-0.7 0.5t-1 0.7-0.9 0.6-1.1 0.5-0.9 0.2h-0.1q-0.4 0-0.9-0.2t-1.1-0.5-0.9-0.6-1-0.7-0.7-0.5q-1.6-1.1-4.7-3.2t-3.6-2.6q-1.1-0.7-2.1-2t-1-2.5q0-1.4 0.7-2.3t2.1-0.9h26.3q1.2 0 2 0.8t0.9 2z\"\/><\/svg><\/span><\/a><\/li><\/ul><\/div>","protected":false},"excerpt":{"rendered":"<p>Die Energiewende droht aktuell in Entscheidungslosigkeit zu versinken \u2013 z\u00f6gerliche \u00c4u\u00dferungen und Scheindiskussionen um vermeintliche Kostenexplosionen [&hellip;]<\/p>\n","protected":false},"author":1,"featured_media":50987,"comment_status":"closed","ping_status":"closed","sticky":false,"template":"","format":"standard","meta":{"inline_featured_image":false,"footnotes":""},"categories":[21],"tags":[],"class_list":["post-53071","post","type-post","status-publish","format-standard","has-post-thumbnail","hentry","category-politik"],"yoast_head":"<!-- This site is optimized with the Yoast SEO plugin v26.5 - https:\/\/yoast.com\/wordpress\/plugins\/seo\/ -->\n<title>\u00dcberlebt die Energiewende die gro\u00dfe Koalition? - Sonnenseite - \u00d6kologische Kommunikation mit Franz Alt<\/title>\n<meta name=\"description\" content=\"Die Energiewende droht aktuell in Entscheidungslosigkeit zu versinken \u2013 z\u00f6gerliche \u00c4u\u00dferungen und Scheindiskussionen um vermeintliche Kostenexplosionen\" \/>\n<meta name=\"robots\" content=\"index, follow, max-snippet:-1, max-image-preview:large, max-video-preview:-1\" \/>\n<link rel=\"canonical\" href=\"https:\/\/www.sonnenseite.com\/de\/politik\/ueberlebt-die-energiewende-die-grosse-koalition\/\" \/>\n<meta property=\"og:locale\" content=\"de_DE\" \/>\n<meta property=\"og:type\" content=\"article\" \/>\n<meta property=\"og:title\" content=\"\u00dcberlebt die Energiewende die gro\u00dfe Koalition? - Sonnenseite - \u00d6kologische Kommunikation mit Franz Alt\" \/>\n<meta property=\"og:description\" content=\"Die Energiewende droht aktuell in Entscheidungslosigkeit zu versinken \u2013 z\u00f6gerliche \u00c4u\u00dferungen und Scheindiskussionen um vermeintliche Kostenexplosionen\" \/>\n<meta property=\"og:url\" content=\"https:\/\/www.sonnenseite.com\/de\/politik\/ueberlebt-die-energiewende-die-grosse-koalition\/\" \/>\n<meta property=\"og:site_name\" content=\"Sonnenseite\" \/>\n<meta property=\"article:publisher\" content=\"https:\/\/www.facebook.com\/pages\/Franz-Alt-SONNENSEITECOM\/221072987903953?fref=ts\" \/>\n<meta property=\"article:published_time\" content=\"2013-11-22T23:00:00+00:00\" \/>\n<meta property=\"og:image\" content=\"https:\/\/www.sonnenseite.com\/wp-content\/uploads\/2020\/06\/archiv_artikel.jpg\" \/>\n\t<meta property=\"og:image:width\" content=\"770\" \/>\n\t<meta property=\"og:image:height\" content=\"420\" \/>\n\t<meta property=\"og:image:type\" content=\"image\/jpeg\" \/>\n<meta name=\"author\" content=\"sbade\" \/>\n<meta name=\"twitter:card\" content=\"summary_large_image\" \/>\n<meta name=\"twitter:creator\" content=\"@franzalt\" \/>\n<meta name=\"twitter:site\" content=\"@franzalt\" \/>\n<meta name=\"twitter:label1\" content=\"Verfasst von\" \/>\n\t<meta name=\"twitter:data1\" content=\"sbade\" \/>\n\t<meta name=\"twitter:label2\" content=\"Gesch\u00e4tzte Lesezeit\" \/>\n\t<meta name=\"twitter:data2\" content=\"15\u00a0Minuten\" \/>\n<script type=\"application\/ld+json\" class=\"yoast-schema-graph\">{\"@context\":\"https:\/\/schema.org\",\"@graph\":[{\"@type\":\"Article\",\"@id\":\"https:\/\/www.sonnenseite.com\/de\/politik\/ueberlebt-die-energiewende-die-grosse-koalition\/#article\",\"isPartOf\":{\"@id\":\"https:\/\/www.sonnenseite.com\/de\/politik\/ueberlebt-die-energiewende-die-grosse-koalition\/\"},\"author\":{\"name\":\"sbade\",\"@id\":\"https:\/\/www.sonnenseite.com\/de\/#\/schema\/person\/6df44691cd9a70d99e140e1116ee8771\"},\"headline\":\"\u00dcberlebt die Energiewende die gro\u00dfe Koalition?\",\"datePublished\":\"2013-11-22T23:00:00+00:00\",\"mainEntityOfPage\":{\"@id\":\"https:\/\/www.sonnenseite.com\/de\/politik\/ueberlebt-die-energiewende-die-grosse-koalition\/\"},\"wordCount\":3032,\"publisher\":{\"@id\":\"https:\/\/www.sonnenseite.com\/de\/#organization\"},\"image\":{\"@id\":\"https:\/\/www.sonnenseite.com\/de\/politik\/ueberlebt-die-energiewende-die-grosse-koalition\/#primaryimage\"},\"thumbnailUrl\":\"https:\/\/www.sonnenseite.com\/wp-content\/uploads\/2020\/06\/archiv_artikel.jpg\",\"articleSection\":[\"Politik\"],\"inLanguage\":\"de\"},{\"@type\":\"WebPage\",\"@id\":\"https:\/\/www.sonnenseite.com\/de\/politik\/ueberlebt-die-energiewende-die-grosse-koalition\/\",\"url\":\"https:\/\/www.sonnenseite.com\/de\/politik\/ueberlebt-die-energiewende-die-grosse-koalition\/\",\"name\":\"\u00dcberlebt die Energiewende die gro\u00dfe Koalition? - Sonnenseite - \u00d6kologische Kommunikation mit Franz Alt\",\"isPartOf\":{\"@id\":\"https:\/\/www.sonnenseite.com\/de\/#website\"},\"primaryImageOfPage\":{\"@id\":\"https:\/\/www.sonnenseite.com\/de\/politik\/ueberlebt-die-energiewende-die-grosse-koalition\/#primaryimage\"},\"image\":{\"@id\":\"https:\/\/www.sonnenseite.com\/de\/politik\/ueberlebt-die-energiewende-die-grosse-koalition\/#primaryimage\"},\"thumbnailUrl\":\"https:\/\/www.sonnenseite.com\/wp-content\/uploads\/2020\/06\/archiv_artikel.jpg\",\"datePublished\":\"2013-11-22T23:00:00+00:00\",\"description\":\"Die Energiewende droht aktuell in Entscheidungslosigkeit zu versinken \u2013 z\u00f6gerliche \u00c4u\u00dferungen und Scheindiskussionen um vermeintliche Kostenexplosionen\",\"breadcrumb\":{\"@id\":\"https:\/\/www.sonnenseite.com\/de\/politik\/ueberlebt-die-energiewende-die-grosse-koalition\/#breadcrumb\"},\"inLanguage\":\"de\",\"potentialAction\":[{\"@type\":\"ReadAction\",\"target\":[\"https:\/\/www.sonnenseite.com\/de\/politik\/ueberlebt-die-energiewende-die-grosse-koalition\/\"]}]},{\"@type\":\"ImageObject\",\"inLanguage\":\"de\",\"@id\":\"https:\/\/www.sonnenseite.com\/de\/politik\/ueberlebt-die-energiewende-die-grosse-koalition\/#primaryimage\",\"url\":\"https:\/\/www.sonnenseite.com\/wp-content\/uploads\/2020\/06\/archiv_artikel.jpg\",\"contentUrl\":\"https:\/\/www.sonnenseite.com\/wp-content\/uploads\/2020\/06\/archiv_artikel.jpg\",\"width\":770,\"height\":420,\"caption\":\"Sonnenseite\"},{\"@type\":\"BreadcrumbList\",\"@id\":\"https:\/\/www.sonnenseite.com\/de\/politik\/ueberlebt-die-energiewende-die-grosse-koalition\/#breadcrumb\",\"itemListElement\":[{\"@type\":\"ListItem\",\"position\":1,\"name\":\"Startseite\",\"item\":\"https:\/\/www.sonnenseite.com\/de\/\"},{\"@type\":\"ListItem\",\"position\":2,\"name\":\"\u00dcberlebt die Energiewende die gro\u00dfe Koalition?\"}]},{\"@type\":\"WebSite\",\"@id\":\"https:\/\/www.sonnenseite.com\/de\/#website\",\"url\":\"https:\/\/www.sonnenseite.com\/de\/\",\"name\":\"Sonnenseite\",\"description\":\"\u00d6kologische Kommunikation mit Franz Alt\",\"publisher\":{\"@id\":\"https:\/\/www.sonnenseite.com\/de\/#organization\"},\"potentialAction\":[{\"@type\":\"SearchAction\",\"target\":{\"@type\":\"EntryPoint\",\"urlTemplate\":\"https:\/\/www.sonnenseite.com\/de\/?s={search_term_string}\"},\"query-input\":{\"@type\":\"PropertyValueSpecification\",\"valueRequired\":true,\"valueName\":\"search_term_string\"}}],\"inLanguage\":\"de\"},{\"@type\":\"Organization\",\"@id\":\"https:\/\/www.sonnenseite.com\/de\/#organization\",\"name\":\"Sonnenseite\",\"url\":\"https:\/\/www.sonnenseite.com\/de\/\",\"logo\":{\"@type\":\"ImageObject\",\"inLanguage\":\"de\",\"@id\":\"https:\/\/www.sonnenseite.com\/de\/#\/schema\/logo\/image\/\",\"url\":\"https:\/\/www.sonnenseite.com\/wp-content\/uploads\/2020\/05\/Sonnenseite_Logo.png\",\"contentUrl\":\"https:\/\/www.sonnenseite.com\/wp-content\/uploads\/2020\/05\/Sonnenseite_Logo.png\",\"width\":377,\"height\":90,\"caption\":\"Sonnenseite\"},\"image\":{\"@id\":\"https:\/\/www.sonnenseite.com\/de\/#\/schema\/logo\/image\/\"},\"sameAs\":[\"https:\/\/www.facebook.com\/pages\/Franz-Alt-SONNENSEITECOM\/221072987903953?fref=ts\",\"https:\/\/x.com\/franzalt\",\"http:\/\/www.youtube.com\/results?search_query&amp;amp;quot;franz_alt&amp;amp;quot;&amp;amp;amp;amp;search_type&amp;amp;amp;amp;aq=f\"]},{\"@type\":\"Person\",\"@id\":\"https:\/\/www.sonnenseite.com\/de\/#\/schema\/person\/6df44691cd9a70d99e140e1116ee8771\",\"name\":\"sbade\",\"sameAs\":[\"https:\/\/www.sonnenseite.com\"]}]}<\/script>\n<!-- \/ Yoast SEO plugin. -->","yoast_head_json":{"title":"\u00dcberlebt die Energiewende die gro\u00dfe Koalition? - Sonnenseite - \u00d6kologische Kommunikation mit Franz Alt","description":"Die Energiewende droht aktuell in Entscheidungslosigkeit zu versinken \u2013 z\u00f6gerliche \u00c4u\u00dferungen und Scheindiskussionen um vermeintliche Kostenexplosionen","robots":{"index":"index","follow":"follow","max-snippet":"max-snippet:-1","max-image-preview":"max-image-preview:large","max-video-preview":"max-video-preview:-1"},"canonical":"https:\/\/www.sonnenseite.com\/de\/politik\/ueberlebt-die-energiewende-die-grosse-koalition\/","og_locale":"de_DE","og_type":"article","og_title":"\u00dcberlebt die Energiewende die gro\u00dfe Koalition? - Sonnenseite - \u00d6kologische Kommunikation mit Franz Alt","og_description":"Die Energiewende droht aktuell in Entscheidungslosigkeit zu versinken \u2013 z\u00f6gerliche \u00c4u\u00dferungen und Scheindiskussionen um vermeintliche Kostenexplosionen","og_url":"https:\/\/www.sonnenseite.com\/de\/politik\/ueberlebt-die-energiewende-die-grosse-koalition\/","og_site_name":"Sonnenseite","article_publisher":"https:\/\/www.facebook.com\/pages\/Franz-Alt-SONNENSEITECOM\/221072987903953?fref=ts","article_published_time":"2013-11-22T23:00:00+00:00","og_image":[{"width":770,"height":420,"url":"https:\/\/www.sonnenseite.com\/wp-content\/uploads\/2020\/06\/archiv_artikel.jpg","type":"image\/jpeg"}],"author":"sbade","twitter_card":"summary_large_image","twitter_creator":"@franzalt","twitter_site":"@franzalt","twitter_misc":{"Verfasst von":"sbade","Gesch\u00e4tzte Lesezeit":"15\u00a0Minuten"},"schema":{"@context":"https:\/\/schema.org","@graph":[{"@type":"Article","@id":"https:\/\/www.sonnenseite.com\/de\/politik\/ueberlebt-die-energiewende-die-grosse-koalition\/#article","isPartOf":{"@id":"https:\/\/www.sonnenseite.com\/de\/politik\/ueberlebt-die-energiewende-die-grosse-koalition\/"},"author":{"name":"sbade","@id":"https:\/\/www.sonnenseite.com\/de\/#\/schema\/person\/6df44691cd9a70d99e140e1116ee8771"},"headline":"\u00dcberlebt die Energiewende die gro\u00dfe Koalition?","datePublished":"2013-11-22T23:00:00+00:00","mainEntityOfPage":{"@id":"https:\/\/www.sonnenseite.com\/de\/politik\/ueberlebt-die-energiewende-die-grosse-koalition\/"},"wordCount":3032,"publisher":{"@id":"https:\/\/www.sonnenseite.com\/de\/#organization"},"image":{"@id":"https:\/\/www.sonnenseite.com\/de\/politik\/ueberlebt-die-energiewende-die-grosse-koalition\/#primaryimage"},"thumbnailUrl":"https:\/\/www.sonnenseite.com\/wp-content\/uploads\/2020\/06\/archiv_artikel.jpg","articleSection":["Politik"],"inLanguage":"de"},{"@type":"WebPage","@id":"https:\/\/www.sonnenseite.com\/de\/politik\/ueberlebt-die-energiewende-die-grosse-koalition\/","url":"https:\/\/www.sonnenseite.com\/de\/politik\/ueberlebt-die-energiewende-die-grosse-koalition\/","name":"\u00dcberlebt die Energiewende die gro\u00dfe Koalition? - Sonnenseite - \u00d6kologische Kommunikation mit Franz Alt","isPartOf":{"@id":"https:\/\/www.sonnenseite.com\/de\/#website"},"primaryImageOfPage":{"@id":"https:\/\/www.sonnenseite.com\/de\/politik\/ueberlebt-die-energiewende-die-grosse-koalition\/#primaryimage"},"image":{"@id":"https:\/\/www.sonnenseite.com\/de\/politik\/ueberlebt-die-energiewende-die-grosse-koalition\/#primaryimage"},"thumbnailUrl":"https:\/\/www.sonnenseite.com\/wp-content\/uploads\/2020\/06\/archiv_artikel.jpg","datePublished":"2013-11-22T23:00:00+00:00","description":"Die Energiewende droht aktuell in Entscheidungslosigkeit zu versinken \u2013 z\u00f6gerliche \u00c4u\u00dferungen und Scheindiskussionen um vermeintliche Kostenexplosionen","breadcrumb":{"@id":"https:\/\/www.sonnenseite.com\/de\/politik\/ueberlebt-die-energiewende-die-grosse-koalition\/#breadcrumb"},"inLanguage":"de","potentialAction":[{"@type":"ReadAction","target":["https:\/\/www.sonnenseite.com\/de\/politik\/ueberlebt-die-energiewende-die-grosse-koalition\/"]}]},{"@type":"ImageObject","inLanguage":"de","@id":"https:\/\/www.sonnenseite.com\/de\/politik\/ueberlebt-die-energiewende-die-grosse-koalition\/#primaryimage","url":"https:\/\/www.sonnenseite.com\/wp-content\/uploads\/2020\/06\/archiv_artikel.jpg","contentUrl":"https:\/\/www.sonnenseite.com\/wp-content\/uploads\/2020\/06\/archiv_artikel.jpg","width":770,"height":420,"caption":"Sonnenseite"},{"@type":"BreadcrumbList","@id":"https:\/\/www.sonnenseite.com\/de\/politik\/ueberlebt-die-energiewende-die-grosse-koalition\/#breadcrumb","itemListElement":[{"@type":"ListItem","position":1,"name":"Startseite","item":"https:\/\/www.sonnenseite.com\/de\/"},{"@type":"ListItem","position":2,"name":"\u00dcberlebt die Energiewende die gro\u00dfe Koalition?"}]},{"@type":"WebSite","@id":"https:\/\/www.sonnenseite.com\/de\/#website","url":"https:\/\/www.sonnenseite.com\/de\/","name":"Sonnenseite","description":"\u00d6kologische Kommunikation mit Franz Alt","publisher":{"@id":"https:\/\/www.sonnenseite.com\/de\/#organization"},"potentialAction":[{"@type":"SearchAction","target":{"@type":"EntryPoint","urlTemplate":"https:\/\/www.sonnenseite.com\/de\/?s={search_term_string}"},"query-input":{"@type":"PropertyValueSpecification","valueRequired":true,"valueName":"search_term_string"}}],"inLanguage":"de"},{"@type":"Organization","@id":"https:\/\/www.sonnenseite.com\/de\/#organization","name":"Sonnenseite","url":"https:\/\/www.sonnenseite.com\/de\/","logo":{"@type":"ImageObject","inLanguage":"de","@id":"https:\/\/www.sonnenseite.com\/de\/#\/schema\/logo\/image\/","url":"https:\/\/www.sonnenseite.com\/wp-content\/uploads\/2020\/05\/Sonnenseite_Logo.png","contentUrl":"https:\/\/www.sonnenseite.com\/wp-content\/uploads\/2020\/05\/Sonnenseite_Logo.png","width":377,"height":90,"caption":"Sonnenseite"},"image":{"@id":"https:\/\/www.sonnenseite.com\/de\/#\/schema\/logo\/image\/"},"sameAs":["https:\/\/www.facebook.com\/pages\/Franz-Alt-SONNENSEITECOM\/221072987903953?fref=ts","https:\/\/x.com\/franzalt","http:\/\/www.youtube.com\/results?search_query&amp;amp;quot;franz_alt&amp;amp;quot;&amp;amp;amp;amp;search_type&amp;amp;amp;amp;aq=f"]},{"@type":"Person","@id":"https:\/\/www.sonnenseite.com\/de\/#\/schema\/person\/6df44691cd9a70d99e140e1116ee8771","name":"sbade","sameAs":["https:\/\/www.sonnenseite.com"]}]}},"_links":{"self":[{"href":"https:\/\/www.sonnenseite.com\/de\/wp-json\/wp\/v2\/posts\/53071","targetHints":{"allow":["GET"]}}],"collection":[{"href":"https:\/\/www.sonnenseite.com\/de\/wp-json\/wp\/v2\/posts"}],"about":[{"href":"https:\/\/www.sonnenseite.com\/de\/wp-json\/wp\/v2\/types\/post"}],"author":[{"embeddable":true,"href":"https:\/\/www.sonnenseite.com\/de\/wp-json\/wp\/v2\/users\/1"}],"replies":[{"embeddable":true,"href":"https:\/\/www.sonnenseite.com\/de\/wp-json\/wp\/v2\/comments?post=53071"}],"version-history":[{"count":0,"href":"https:\/\/www.sonnenseite.com\/de\/wp-json\/wp\/v2\/posts\/53071\/revisions"}],"wp:featuredmedia":[{"embeddable":true,"href":"https:\/\/www.sonnenseite.com\/de\/wp-json\/wp\/v2\/media\/50987"}],"wp:attachment":[{"href":"https:\/\/www.sonnenseite.com\/de\/wp-json\/wp\/v2\/media?parent=53071"}],"wp:term":[{"taxonomy":"category","embeddable":true,"href":"https:\/\/www.sonnenseite.com\/de\/wp-json\/wp\/v2\/categories?post=53071"},{"taxonomy":"post_tag","embeddable":true,"href":"https:\/\/www.sonnenseite.com\/de\/wp-json\/wp\/v2\/tags?post=53071"}],"curies":[{"name":"wp","href":"https:\/\/api.w.org\/{rel}","templated":true}]}}