{"id":53188,"date":"2013-11-06T00:00:00","date_gmt":"2013-11-05T23:00:00","guid":{"rendered":"https:\/\/www.sonnenseite.com\/politik\/eeg-reform-darf-nicht-die-bahnreisenden-treffen.html"},"modified":"2013-11-06T00:00:00","modified_gmt":"2013-11-05T23:00:00","slug":"eeg-reform-darf-nicht-die-bahnreisenden-treffen","status":"publish","type":"post","link":"https:\/\/www.sonnenseite.com\/de\/politik\/eeg-reform-darf-nicht-die-bahnreisenden-treffen\/","title":{"rendered":"EEG-Reform darf nicht die Bahnreisenden treffen"},"content":{"rendered":"<p>Umlage: B\u00fcndnis gegen Belastung der Elektromobilit\u00e4t auf der Schiene. <!--more--> <\/p>\n<p>Ein B\u00fcndnis aus dem Verbraucherzentrale Bundesverband (vzbv), dem Naturschutzbund NABU, dem Bundesverband Erneuerbare Energie (BEE) und der Allianz pro Schiene hat die neue Bundesregierung davor gewarnt, bei der Reform des Erneuerbare-Energien-Gesetzes (EEG) die umweltfreundlichen Schienenbahnen weiter zu belasten. Nach Einsch\u00e4tzung der Verb\u00e4nde w\u00e4re es umwelt- und verkehrspolitisch widersinnig, die Schienenbahnen bei der EEG-Umlage st\u00e4rker heranzuziehen. Ein solcher \u201eKostenverschiebebahnhof\u201c entlaste die Privathaushalte wenig, w\u00e4hrend die Fahrg\u00e4ste des \u00f6ffentlichen Verkehrs mit deutlichen Preisaufschl\u00e4gen bei Tickets zu rechnen h\u00e4tten, teilten vzbv, NABU, BEE und Allianz pro Schiene in Berlin mit.<\/p>\n<p>Dietmar Oeliger, Leiter Verkehrspolitik beim NABU, pl\u00e4dierte daf\u00fcr, die Ausnahmetatbest\u00e4nde bei der EEG-Umlage streng unter die Lupe zu nehmen. Er erinnerte jedoch daran, dass der Gesetzgeber die Begrenzung f\u00fcr Schienenbahnen eingef\u00fchrt habe, um das umwelt- und klimaschonendste Verkehrsmittel Bahn nicht gegen\u00fcber Auto, Lkw und Flugzeug zu benachteiligen. \u201eDiese Zielsetzung darf jetzt nicht \u00fcber Bord geworfen werden\u201c, sagte Oeliger. \u201eAuch wenn die Bahnen noch energieeffizienter werden und st\u00e4rker auf Erneuerbare Energien setzen m\u00fcssen, tr\u00e4gt jeder Bahnreisende schon jetzt zur Energiewende bei.\u201c Es k\u00f6nne nicht sein, dass Nutzer des \u00f6ffentlichen Verkehrs daf\u00fcr bestraft w\u00fcrden, wenn sie sich umweltpolitisch korrekt verhielten.<\/p>\n<p>Nach Beispielrechnungen des vzbv w\u00fcrde der Strompreis f\u00fcr Haushalte 2014 gerade mal um 0,17 Cent Cent pro Kilowattstunde sinken, wenn die Bahnen die volle Umlage zahlen m\u00fcssten. Nach aktuellen Modellrechnungen der Branche w\u00fcrden die Bahnen dagegen mit einer Summe von 650 Millionen Euro zus\u00e4tzlich belastet, was h\u00f6heren Ticketpreisen von mindestens drei Prozent entspr\u00e4che. Danach w\u00fcrde ein Drei-Personen-Haushalt im Jahr 2014 etwa 5,10 Euro bei den Stromkosten sparen, w\u00e4hrend die Mehrkosten f\u00fcr den \u00f6ffentlichen Verkehr f\u00fcr den gleichen Haushalt in Berlin 34 Euro, in K\u00f6ln und M\u00fcnchen 38 Euro und in Frankfurt am Main 41 Euro betragen w\u00fcrden. Auf Basis dieser Zahlen des Wirtschaftsmagazins WISO lehnte der vzbv eine EEG-Reform zuungunsten der Bahnen ab.<\/p>\n<p>\u201eAus Verbrauchersicht w\u00e4re es ungerecht, die Bahnen eine h\u00f6here Umlage zahlen zu lassen\u201c, sagte vzbv-Verkehrsexperte Holger Krawinkel. \u201eAls Stromkunden sparen Privathaushalte wenig, als Fahrg\u00e4ste im \u00f6ffentlichen Verkehr werden sie doppelt und dreifach zur Kasse gebeten.\u201c<\/p>\n<p>Hermann Falk, Gesch\u00e4ftsf\u00fchrer des Bundesverbandes Erneuerbare Energie (BEE), erinnerte daran, dass die Eisenbahnen die Abh\u00e4ngigkeit der mobilen Gesellschaft von \u00d6l und fossilen Brennstoffen verringerten. \u201eDie Energiewende ist erst dann gelungen, wenn unsere Autos und Z\u00fcge ihren Strom und Kraftstoff zu 100 Prozent aus erneuerbaren Energiequellen beziehen. Der Verkehrssektor bietet zudem ein riesiges Potenzial zur klimaschonenden Stromspeicherung und -erzeugung.\u201c Die Politik handele konsequent und verbraucherfreundlich, wenn sie die Schienenbahnen entsprechend ihrem Umweltnutzen entlaste, sagte Falk.<\/p>\n<p>Dirk Flege, Gesch\u00e4ftsf\u00fchrer der Allianz pro Schiene, warnte vor den wettbewerbsverzerrenden Folgen einer Reform, die die Bahnen st\u00e4rker als bislang zur Umlage heranziehe. \u201eSchon heute f\u00f6rdert der elektrische Schienenverkehr die Energiewende \u00fcber die EEG-Umlage mit rund 150 Millionen Euro pro Jahr. Stra\u00dfen-, Luftverkehr und die Binnenschifffahrt beteiligen sich an dieser Finanzierung der Energiewende nicht.\u201c<\/p>\n<p>Dass Fahrg\u00e4ste oder Verlader bei der Anhebung der EEG-Umlage f\u00fcr den Schienenverkehr aus Preisgr\u00fcnden vielleicht wieder auf die Stra\u00dfe setzen m\u00fcssten, stelle den Sinn des EEG vollends auf den Kopf, sagte Flege und appellierte an die neue Bundesregierung, bei der Revision der zahlreichen fragw\u00fcrdigen Ausnahmen bei der EEG-Umlage nicht das Kind mit dem Bade auszusch\u00fctten.<\/p>\n<h5 class=\"green\">Quelle<\/h5>\n<p>Allianz pro Schiene 2013<\/p>\n<div class=\"shariff shariff-align-flex-start shariff-widget-align-flex-start\"><div class=\"ShariffHeadline\">Diese Meldung teilen<\/div><ul class=\"shariff-buttons theme-round orientation-horizontal buttonsize-medium\"><li class=\"shariff-button facebook shariff-nocustomcolor\" style=\"background-color:#4273c8;border-radius:1%\"><a href=\"https:\/\/www.facebook.com\/sharer\/sharer.php?u=https%3A%2F%2Fwww.sonnenseite.com%2Fde%2Fpolitik%2Feeg-reform-darf-nicht-die-bahnreisenden-treffen%2F\" title=\"Bei Facebook teilen\" aria-label=\"Bei Facebook teilen\" role=\"button\" rel=\"nofollow\" class=\"shariff-link\" style=\";border-radius:1%; background-color:#3b5998; color:#fff\" target=\"_blank\"><span class=\"shariff-icon\" style=\"\"><svg width=\"32px\" height=\"20px\" xmlns=\"http:\/\/www.w3.org\/2000\/svg\" viewBox=\"0 0 18 32\"><path fill=\"#3b5998\" d=\"M17.1 0.2v4.7h-2.8q-1.5 0-2.1 0.6t-0.5 1.9v3.4h5.2l-0.7 5.3h-4.5v13.6h-5.5v-13.6h-4.5v-5.3h4.5v-3.9q0-3.3 1.9-5.2t5-1.8q2.6 0 4.1 0.2z\"\/><\/svg><\/span><\/a><\/li><li class=\"shariff-button twitter shariff-nocustomcolor\" style=\"background-color:#595959;border-radius:1%\"><a href=\"https:\/\/twitter.com\/share?url=https%3A%2F%2Fwww.sonnenseite.com%2Fde%2Fpolitik%2Feeg-reform-darf-nicht-die-bahnreisenden-treffen%2F&text=EEG-Reform%20darf%20nicht%20die%20Bahnreisenden%20treffen\" title=\"Bei X teilen\" aria-label=\"Bei X teilen\" role=\"button\" rel=\"noopener nofollow\" class=\"shariff-link\" style=\";border-radius:1%; background-color:#000; color:#fff\" target=\"_blank\"><span class=\"shariff-icon\" style=\"\"><svg width=\"32px\" height=\"20px\" xmlns=\"http:\/\/www.w3.org\/2000\/svg\" viewBox=\"0 0 24 24\"><path fill=\"#000\" d=\"M14.258 10.152L23.176 0h-2.113l-7.747 8.813L7.133 0H0l9.352 13.328L0 23.973h2.113l8.176-9.309 6.531 9.309h7.133zm-2.895 3.293l-.949-1.328L2.875 1.56h3.246l6.086 8.523.945 1.328 7.91 11.078h-3.246zm0 0\"\/><\/svg><\/span><\/a><\/li><li class=\"shariff-button xing shariff-nocustomcolor\" style=\"background-color:#29888a;border-radius:1%\"><a href=\"https:\/\/www.xing.com\/spi\/shares\/new?url=https%3A%2F%2Fwww.sonnenseite.com%2Fde%2Fpolitik%2Feeg-reform-darf-nicht-die-bahnreisenden-treffen%2F\" title=\"Bei XING teilen\" aria-label=\"Bei XING teilen\" role=\"button\" rel=\"noopener nofollow\" class=\"shariff-link\" style=\";border-radius:1%; background-color:#126567; color:#fff\" target=\"_blank\"><span class=\"shariff-icon\" style=\"\"><svg width=\"32px\" height=\"20px\" xmlns=\"http:\/\/www.w3.org\/2000\/svg\" viewBox=\"0 0 25 32\"><path fill=\"#126567\" d=\"M10.7 11.9q-0.2 0.3-4.6 8.2-0.5 0.8-1.2 0.8h-4.3q-0.4 0-0.5-0.3t0-0.6l4.5-8q0 0 0 0l-2.9-5q-0.2-0.4 0-0.7 0.2-0.3 0.5-0.3h4.3q0.7 0 1.2 0.8zM25.1 0.4q0.2 0.3 0 0.7l-9.4 16.7 6 11q0.2 0.4 0 0.6-0.2 0.3-0.6 0.3h-4.3q-0.7 0-1.2-0.8l-6-11.1q0.3-0.6 9.5-16.8 0.4-0.8 1.2-0.8h4.3q0.4 0 0.5 0.3z\"\/><\/svg><\/span><\/a><\/li><li class=\"shariff-button linkedin shariff-nocustomcolor\" style=\"background-color:#1488bf;border-radius:1%\"><a href=\"https:\/\/www.linkedin.com\/sharing\/share-offsite\/?url=https%3A%2F%2Fwww.sonnenseite.com%2Fde%2Fpolitik%2Feeg-reform-darf-nicht-die-bahnreisenden-treffen%2F\" title=\"Bei LinkedIn teilen\" aria-label=\"Bei LinkedIn teilen\" role=\"button\" rel=\"noopener nofollow\" class=\"shariff-link\" style=\";border-radius:1%; background-color:#0077b5; color:#fff\" target=\"_blank\"><span class=\"shariff-icon\" style=\"\"><svg width=\"32px\" height=\"20px\" xmlns=\"http:\/\/www.w3.org\/2000\/svg\" viewBox=\"0 0 27 32\"><path fill=\"#0077b5\" d=\"M6.2 11.2v17.7h-5.9v-17.7h5.9zM6.6 5.7q0 1.3-0.9 2.2t-2.4 0.9h0q-1.5 0-2.4-0.9t-0.9-2.2 0.9-2.2 2.4-0.9 2.4 0.9 0.9 2.2zM27.4 18.7v10.1h-5.9v-9.5q0-1.9-0.7-2.9t-2.3-1.1q-1.1 0-1.9 0.6t-1.2 1.5q-0.2 0.5-0.2 1.4v9.9h-5.9q0-7.1 0-11.6t0-5.3l0-0.9h5.9v2.6h0q0.4-0.6 0.7-1t1-0.9 1.6-0.8 2-0.3q3 0 4.9 2t1.9 6z\"\/><\/svg><\/span><\/a><\/li><li class=\"shariff-button printer shariff-nocustomcolor\" style=\"background-color:#a8a8a8;border-radius:1%\"><a href=\"javascript:window.print()\" title=\"drucken\" aria-label=\"drucken\" role=\"button\" rel=\"noopener nofollow\" class=\"shariff-link\" style=\";border-radius:1%; background-color:#999; color:#fff\"><span class=\"shariff-icon\" style=\"\"><svg width=\"32px\" height=\"20px\" xmlns=\"http:\/\/www.w3.org\/2000\/svg\" viewBox=\"0 0 30 32\"><path fill=\"#999\" d=\"M6.8 27.4h16v-4.6h-16v4.6zM6.8 16h16v-6.8h-2.8q-0.7 0-1.2-0.5t-0.5-1.2v-2.8h-11.4v11.4zM27.4 17.2q0-0.5-0.3-0.8t-0.8-0.4-0.8 0.4-0.3 0.8 0.3 0.8 0.8 0.3 0.8-0.3 0.3-0.8zM29.7 17.2v7.4q0 0.2-0.2 0.4t-0.4 0.2h-4v2.8q0 0.7-0.5 1.2t-1.2 0.5h-17.2q-0.7 0-1.2-0.5t-0.5-1.2v-2.8h-4q-0.2 0-0.4-0.2t-0.2-0.4v-7.4q0-1.4 1-2.4t2.4-1h1.2v-9.7q0-0.7 0.5-1.2t1.2-0.5h12q0.7 0 1.6 0.4t1.3 0.8l2.7 2.7q0.5 0.5 0.9 1.4t0.4 1.6v4.6h1.1q1.4 0 2.4 1t1 2.4z\"\/><\/svg><\/span><\/a><\/li><li class=\"shariff-button mailto shariff-nocustomcolor\" style=\"background-color:#a8a8a8;border-radius:1%\"><a href=\"mailto:?body=https%3A%2F%2Fwww.sonnenseite.com%2Fde%2Fpolitik%2Feeg-reform-darf-nicht-die-bahnreisenden-treffen%2F&subject=EEG-Reform%20darf%20nicht%20die%20Bahnreisenden%20treffen\" title=\"Per E-Mail versenden\" aria-label=\"Per E-Mail versenden\" role=\"button\" rel=\"noopener nofollow\" class=\"shariff-link\" style=\";border-radius:1%; background-color:#999; color:#fff\"><span class=\"shariff-icon\" style=\"\"><svg width=\"32px\" height=\"20px\" xmlns=\"http:\/\/www.w3.org\/2000\/svg\" viewBox=\"0 0 32 32\"><path fill=\"#999\" d=\"M32 12.7v14.2q0 1.2-0.8 2t-2 0.9h-26.3q-1.2 0-2-0.9t-0.8-2v-14.2q0.8 0.9 1.8 1.6 6.5 4.4 8.9 6.1 1 0.8 1.6 1.2t1.7 0.9 2 0.4h0.1q0.9 0 2-0.4t1.7-0.9 1.6-1.2q3-2.2 8.9-6.1 1-0.7 1.8-1.6zM32 7.4q0 1.4-0.9 2.7t-2.2 2.2q-6.7 4.7-8.4 5.8-0.2 0.1-0.7 0.5t-1 0.7-0.9 0.6-1.1 0.5-0.9 0.2h-0.1q-0.4 0-0.9-0.2t-1.1-0.5-0.9-0.6-1-0.7-0.7-0.5q-1.6-1.1-4.7-3.2t-3.6-2.6q-1.1-0.7-2.1-2t-1-2.5q0-1.4 0.7-2.3t2.1-0.9h26.3q1.2 0 2 0.8t0.9 2z\"\/><\/svg><\/span><\/a><\/li><\/ul><\/div>","protected":false},"excerpt":{"rendered":"<p>Umlage: B\u00fcndnis gegen Belastung der Elektromobilit\u00e4t auf der Schiene.<\/p>\n","protected":false},"author":1,"featured_media":50987,"comment_status":"closed","ping_status":"closed","sticky":false,"template":"","format":"standard","meta":{"inline_featured_image":false,"footnotes":""},"categories":[21],"tags":[],"class_list":["post-53188","post","type-post","status-publish","format-standard","has-post-thumbnail","hentry","category-politik"],"yoast_head":"<!-- This site is optimized with the Yoast SEO plugin v26.5 - https:\/\/yoast.com\/wordpress\/plugins\/seo\/ -->\n<title>EEG-Reform darf nicht die Bahnreisenden treffen - Sonnenseite - \u00d6kologische Kommunikation mit Franz Alt<\/title>\n<meta name=\"description\" content=\"Umlage: B\u00fcndnis gegen Belastung der Elektromobilit\u00e4t auf der Schiene. Ein B\u00fcndnis aus dem Verbraucherzentrale Bundesverband (vzbv), dem Naturschutzbund\" \/>\n<meta name=\"robots\" content=\"index, follow, max-snippet:-1, max-image-preview:large, max-video-preview:-1\" \/>\n<link rel=\"canonical\" href=\"https:\/\/www.sonnenseite.com\/de\/politik\/eeg-reform-darf-nicht-die-bahnreisenden-treffen\/\" \/>\n<meta property=\"og:locale\" content=\"de_DE\" \/>\n<meta property=\"og:type\" content=\"article\" \/>\n<meta property=\"og:title\" content=\"EEG-Reform darf nicht die Bahnreisenden treffen - Sonnenseite - \u00d6kologische Kommunikation mit Franz Alt\" \/>\n<meta property=\"og:description\" content=\"Umlage: B\u00fcndnis gegen Belastung der Elektromobilit\u00e4t auf der Schiene. Ein B\u00fcndnis aus dem Verbraucherzentrale Bundesverband (vzbv), dem Naturschutzbund\" \/>\n<meta property=\"og:url\" content=\"https:\/\/www.sonnenseite.com\/de\/politik\/eeg-reform-darf-nicht-die-bahnreisenden-treffen\/\" \/>\n<meta property=\"og:site_name\" content=\"Sonnenseite\" \/>\n<meta property=\"article:publisher\" content=\"https:\/\/www.facebook.com\/pages\/Franz-Alt-SONNENSEITECOM\/221072987903953?fref=ts\" \/>\n<meta property=\"article:published_time\" content=\"2013-11-05T23:00:00+00:00\" \/>\n<meta property=\"og:image\" content=\"https:\/\/www.sonnenseite.com\/wp-content\/uploads\/2020\/06\/archiv_artikel.jpg\" \/>\n\t<meta property=\"og:image:width\" content=\"770\" \/>\n\t<meta property=\"og:image:height\" content=\"420\" \/>\n\t<meta property=\"og:image:type\" content=\"image\/jpeg\" \/>\n<meta name=\"author\" content=\"sbade\" \/>\n<meta name=\"twitter:card\" content=\"summary_large_image\" \/>\n<meta name=\"twitter:creator\" content=\"@franzalt\" \/>\n<meta name=\"twitter:site\" content=\"@franzalt\" \/>\n<meta name=\"twitter:label1\" content=\"Verfasst von\" \/>\n\t<meta name=\"twitter:data1\" content=\"sbade\" \/>\n\t<meta name=\"twitter:label2\" content=\"Gesch\u00e4tzte Lesezeit\" \/>\n\t<meta name=\"twitter:data2\" content=\"3\u00a0Minuten\" \/>\n<script type=\"application\/ld+json\" class=\"yoast-schema-graph\">{\"@context\":\"https:\/\/schema.org\",\"@graph\":[{\"@type\":\"Article\",\"@id\":\"https:\/\/www.sonnenseite.com\/de\/politik\/eeg-reform-darf-nicht-die-bahnreisenden-treffen\/#article\",\"isPartOf\":{\"@id\":\"https:\/\/www.sonnenseite.com\/de\/politik\/eeg-reform-darf-nicht-die-bahnreisenden-treffen\/\"},\"author\":{\"name\":\"sbade\",\"@id\":\"https:\/\/www.sonnenseite.com\/de\/#\/schema\/person\/6df44691cd9a70d99e140e1116ee8771\"},\"headline\":\"EEG-Reform darf nicht die Bahnreisenden treffen\",\"datePublished\":\"2013-11-05T23:00:00+00:00\",\"mainEntityOfPage\":{\"@id\":\"https:\/\/www.sonnenseite.com\/de\/politik\/eeg-reform-darf-nicht-die-bahnreisenden-treffen\/\"},\"wordCount\":580,\"publisher\":{\"@id\":\"https:\/\/www.sonnenseite.com\/de\/#organization\"},\"image\":{\"@id\":\"https:\/\/www.sonnenseite.com\/de\/politik\/eeg-reform-darf-nicht-die-bahnreisenden-treffen\/#primaryimage\"},\"thumbnailUrl\":\"https:\/\/www.sonnenseite.com\/wp-content\/uploads\/2020\/06\/archiv_artikel.jpg\",\"articleSection\":[\"Politik\"],\"inLanguage\":\"de\"},{\"@type\":\"WebPage\",\"@id\":\"https:\/\/www.sonnenseite.com\/de\/politik\/eeg-reform-darf-nicht-die-bahnreisenden-treffen\/\",\"url\":\"https:\/\/www.sonnenseite.com\/de\/politik\/eeg-reform-darf-nicht-die-bahnreisenden-treffen\/\",\"name\":\"EEG-Reform darf nicht die Bahnreisenden treffen - Sonnenseite - \u00d6kologische Kommunikation mit Franz Alt\",\"isPartOf\":{\"@id\":\"https:\/\/www.sonnenseite.com\/de\/#website\"},\"primaryImageOfPage\":{\"@id\":\"https:\/\/www.sonnenseite.com\/de\/politik\/eeg-reform-darf-nicht-die-bahnreisenden-treffen\/#primaryimage\"},\"image\":{\"@id\":\"https:\/\/www.sonnenseite.com\/de\/politik\/eeg-reform-darf-nicht-die-bahnreisenden-treffen\/#primaryimage\"},\"thumbnailUrl\":\"https:\/\/www.sonnenseite.com\/wp-content\/uploads\/2020\/06\/archiv_artikel.jpg\",\"datePublished\":\"2013-11-05T23:00:00+00:00\",\"description\":\"Umlage: B\u00fcndnis gegen Belastung der Elektromobilit\u00e4t auf der Schiene. Ein B\u00fcndnis aus dem Verbraucherzentrale Bundesverband (vzbv), dem Naturschutzbund\",\"breadcrumb\":{\"@id\":\"https:\/\/www.sonnenseite.com\/de\/politik\/eeg-reform-darf-nicht-die-bahnreisenden-treffen\/#breadcrumb\"},\"inLanguage\":\"de\",\"potentialAction\":[{\"@type\":\"ReadAction\",\"target\":[\"https:\/\/www.sonnenseite.com\/de\/politik\/eeg-reform-darf-nicht-die-bahnreisenden-treffen\/\"]}]},{\"@type\":\"ImageObject\",\"inLanguage\":\"de\",\"@id\":\"https:\/\/www.sonnenseite.com\/de\/politik\/eeg-reform-darf-nicht-die-bahnreisenden-treffen\/#primaryimage\",\"url\":\"https:\/\/www.sonnenseite.com\/wp-content\/uploads\/2020\/06\/archiv_artikel.jpg\",\"contentUrl\":\"https:\/\/www.sonnenseite.com\/wp-content\/uploads\/2020\/06\/archiv_artikel.jpg\",\"width\":770,\"height\":420,\"caption\":\"Sonnenseite\"},{\"@type\":\"BreadcrumbList\",\"@id\":\"https:\/\/www.sonnenseite.com\/de\/politik\/eeg-reform-darf-nicht-die-bahnreisenden-treffen\/#breadcrumb\",\"itemListElement\":[{\"@type\":\"ListItem\",\"position\":1,\"name\":\"Startseite\",\"item\":\"https:\/\/www.sonnenseite.com\/de\/\"},{\"@type\":\"ListItem\",\"position\":2,\"name\":\"EEG-Reform darf nicht die Bahnreisenden treffen\"}]},{\"@type\":\"WebSite\",\"@id\":\"https:\/\/www.sonnenseite.com\/de\/#website\",\"url\":\"https:\/\/www.sonnenseite.com\/de\/\",\"name\":\"Sonnenseite\",\"description\":\"\u00d6kologische Kommunikation mit Franz Alt\",\"publisher\":{\"@id\":\"https:\/\/www.sonnenseite.com\/de\/#organization\"},\"potentialAction\":[{\"@type\":\"SearchAction\",\"target\":{\"@type\":\"EntryPoint\",\"urlTemplate\":\"https:\/\/www.sonnenseite.com\/de\/?s={search_term_string}\"},\"query-input\":{\"@type\":\"PropertyValueSpecification\",\"valueRequired\":true,\"valueName\":\"search_term_string\"}}],\"inLanguage\":\"de\"},{\"@type\":\"Organization\",\"@id\":\"https:\/\/www.sonnenseite.com\/de\/#organization\",\"name\":\"Sonnenseite\",\"url\":\"https:\/\/www.sonnenseite.com\/de\/\",\"logo\":{\"@type\":\"ImageObject\",\"inLanguage\":\"de\",\"@id\":\"https:\/\/www.sonnenseite.com\/de\/#\/schema\/logo\/image\/\",\"url\":\"https:\/\/www.sonnenseite.com\/wp-content\/uploads\/2020\/05\/Sonnenseite_Logo.png\",\"contentUrl\":\"https:\/\/www.sonnenseite.com\/wp-content\/uploads\/2020\/05\/Sonnenseite_Logo.png\",\"width\":377,\"height\":90,\"caption\":\"Sonnenseite\"},\"image\":{\"@id\":\"https:\/\/www.sonnenseite.com\/de\/#\/schema\/logo\/image\/\"},\"sameAs\":[\"https:\/\/www.facebook.com\/pages\/Franz-Alt-SONNENSEITECOM\/221072987903953?fref=ts\",\"https:\/\/x.com\/franzalt\",\"http:\/\/www.youtube.com\/results?search_query&amp;amp;quot;franz_alt&amp;amp;quot;&amp;amp;amp;amp;search_type&amp;amp;amp;amp;aq=f\"]},{\"@type\":\"Person\",\"@id\":\"https:\/\/www.sonnenseite.com\/de\/#\/schema\/person\/6df44691cd9a70d99e140e1116ee8771\",\"name\":\"sbade\",\"sameAs\":[\"https:\/\/www.sonnenseite.com\"]}]}<\/script>\n<!-- \/ Yoast SEO plugin. -->","yoast_head_json":{"title":"EEG-Reform darf nicht die Bahnreisenden treffen - Sonnenseite - \u00d6kologische Kommunikation mit Franz Alt","description":"Umlage: B\u00fcndnis gegen Belastung der Elektromobilit\u00e4t auf der Schiene. Ein B\u00fcndnis aus dem Verbraucherzentrale Bundesverband (vzbv), dem Naturschutzbund","robots":{"index":"index","follow":"follow","max-snippet":"max-snippet:-1","max-image-preview":"max-image-preview:large","max-video-preview":"max-video-preview:-1"},"canonical":"https:\/\/www.sonnenseite.com\/de\/politik\/eeg-reform-darf-nicht-die-bahnreisenden-treffen\/","og_locale":"de_DE","og_type":"article","og_title":"EEG-Reform darf nicht die Bahnreisenden treffen - Sonnenseite - \u00d6kologische Kommunikation mit Franz Alt","og_description":"Umlage: B\u00fcndnis gegen Belastung der Elektromobilit\u00e4t auf der Schiene. Ein B\u00fcndnis aus dem Verbraucherzentrale Bundesverband (vzbv), dem Naturschutzbund","og_url":"https:\/\/www.sonnenseite.com\/de\/politik\/eeg-reform-darf-nicht-die-bahnreisenden-treffen\/","og_site_name":"Sonnenseite","article_publisher":"https:\/\/www.facebook.com\/pages\/Franz-Alt-SONNENSEITECOM\/221072987903953?fref=ts","article_published_time":"2013-11-05T23:00:00+00:00","og_image":[{"width":770,"height":420,"url":"https:\/\/www.sonnenseite.com\/wp-content\/uploads\/2020\/06\/archiv_artikel.jpg","type":"image\/jpeg"}],"author":"sbade","twitter_card":"summary_large_image","twitter_creator":"@franzalt","twitter_site":"@franzalt","twitter_misc":{"Verfasst von":"sbade","Gesch\u00e4tzte Lesezeit":"3\u00a0Minuten"},"schema":{"@context":"https:\/\/schema.org","@graph":[{"@type":"Article","@id":"https:\/\/www.sonnenseite.com\/de\/politik\/eeg-reform-darf-nicht-die-bahnreisenden-treffen\/#article","isPartOf":{"@id":"https:\/\/www.sonnenseite.com\/de\/politik\/eeg-reform-darf-nicht-die-bahnreisenden-treffen\/"},"author":{"name":"sbade","@id":"https:\/\/www.sonnenseite.com\/de\/#\/schema\/person\/6df44691cd9a70d99e140e1116ee8771"},"headline":"EEG-Reform darf nicht die Bahnreisenden treffen","datePublished":"2013-11-05T23:00:00+00:00","mainEntityOfPage":{"@id":"https:\/\/www.sonnenseite.com\/de\/politik\/eeg-reform-darf-nicht-die-bahnreisenden-treffen\/"},"wordCount":580,"publisher":{"@id":"https:\/\/www.sonnenseite.com\/de\/#organization"},"image":{"@id":"https:\/\/www.sonnenseite.com\/de\/politik\/eeg-reform-darf-nicht-die-bahnreisenden-treffen\/#primaryimage"},"thumbnailUrl":"https:\/\/www.sonnenseite.com\/wp-content\/uploads\/2020\/06\/archiv_artikel.jpg","articleSection":["Politik"],"inLanguage":"de"},{"@type":"WebPage","@id":"https:\/\/www.sonnenseite.com\/de\/politik\/eeg-reform-darf-nicht-die-bahnreisenden-treffen\/","url":"https:\/\/www.sonnenseite.com\/de\/politik\/eeg-reform-darf-nicht-die-bahnreisenden-treffen\/","name":"EEG-Reform darf nicht die Bahnreisenden treffen - Sonnenseite - \u00d6kologische Kommunikation mit Franz Alt","isPartOf":{"@id":"https:\/\/www.sonnenseite.com\/de\/#website"},"primaryImageOfPage":{"@id":"https:\/\/www.sonnenseite.com\/de\/politik\/eeg-reform-darf-nicht-die-bahnreisenden-treffen\/#primaryimage"},"image":{"@id":"https:\/\/www.sonnenseite.com\/de\/politik\/eeg-reform-darf-nicht-die-bahnreisenden-treffen\/#primaryimage"},"thumbnailUrl":"https:\/\/www.sonnenseite.com\/wp-content\/uploads\/2020\/06\/archiv_artikel.jpg","datePublished":"2013-11-05T23:00:00+00:00","description":"Umlage: B\u00fcndnis gegen Belastung der Elektromobilit\u00e4t auf der Schiene. Ein B\u00fcndnis aus dem Verbraucherzentrale Bundesverband (vzbv), dem Naturschutzbund","breadcrumb":{"@id":"https:\/\/www.sonnenseite.com\/de\/politik\/eeg-reform-darf-nicht-die-bahnreisenden-treffen\/#breadcrumb"},"inLanguage":"de","potentialAction":[{"@type":"ReadAction","target":["https:\/\/www.sonnenseite.com\/de\/politik\/eeg-reform-darf-nicht-die-bahnreisenden-treffen\/"]}]},{"@type":"ImageObject","inLanguage":"de","@id":"https:\/\/www.sonnenseite.com\/de\/politik\/eeg-reform-darf-nicht-die-bahnreisenden-treffen\/#primaryimage","url":"https:\/\/www.sonnenseite.com\/wp-content\/uploads\/2020\/06\/archiv_artikel.jpg","contentUrl":"https:\/\/www.sonnenseite.com\/wp-content\/uploads\/2020\/06\/archiv_artikel.jpg","width":770,"height":420,"caption":"Sonnenseite"},{"@type":"BreadcrumbList","@id":"https:\/\/www.sonnenseite.com\/de\/politik\/eeg-reform-darf-nicht-die-bahnreisenden-treffen\/#breadcrumb","itemListElement":[{"@type":"ListItem","position":1,"name":"Startseite","item":"https:\/\/www.sonnenseite.com\/de\/"},{"@type":"ListItem","position":2,"name":"EEG-Reform darf nicht die Bahnreisenden treffen"}]},{"@type":"WebSite","@id":"https:\/\/www.sonnenseite.com\/de\/#website","url":"https:\/\/www.sonnenseite.com\/de\/","name":"Sonnenseite","description":"\u00d6kologische Kommunikation mit Franz Alt","publisher":{"@id":"https:\/\/www.sonnenseite.com\/de\/#organization"},"potentialAction":[{"@type":"SearchAction","target":{"@type":"EntryPoint","urlTemplate":"https:\/\/www.sonnenseite.com\/de\/?s={search_term_string}"},"query-input":{"@type":"PropertyValueSpecification","valueRequired":true,"valueName":"search_term_string"}}],"inLanguage":"de"},{"@type":"Organization","@id":"https:\/\/www.sonnenseite.com\/de\/#organization","name":"Sonnenseite","url":"https:\/\/www.sonnenseite.com\/de\/","logo":{"@type":"ImageObject","inLanguage":"de","@id":"https:\/\/www.sonnenseite.com\/de\/#\/schema\/logo\/image\/","url":"https:\/\/www.sonnenseite.com\/wp-content\/uploads\/2020\/05\/Sonnenseite_Logo.png","contentUrl":"https:\/\/www.sonnenseite.com\/wp-content\/uploads\/2020\/05\/Sonnenseite_Logo.png","width":377,"height":90,"caption":"Sonnenseite"},"image":{"@id":"https:\/\/www.sonnenseite.com\/de\/#\/schema\/logo\/image\/"},"sameAs":["https:\/\/www.facebook.com\/pages\/Franz-Alt-SONNENSEITECOM\/221072987903953?fref=ts","https:\/\/x.com\/franzalt","http:\/\/www.youtube.com\/results?search_query&amp;amp;quot;franz_alt&amp;amp;quot;&amp;amp;amp;amp;search_type&amp;amp;amp;amp;aq=f"]},{"@type":"Person","@id":"https:\/\/www.sonnenseite.com\/de\/#\/schema\/person\/6df44691cd9a70d99e140e1116ee8771","name":"sbade","sameAs":["https:\/\/www.sonnenseite.com"]}]}},"_links":{"self":[{"href":"https:\/\/www.sonnenseite.com\/de\/wp-json\/wp\/v2\/posts\/53188","targetHints":{"allow":["GET"]}}],"collection":[{"href":"https:\/\/www.sonnenseite.com\/de\/wp-json\/wp\/v2\/posts"}],"about":[{"href":"https:\/\/www.sonnenseite.com\/de\/wp-json\/wp\/v2\/types\/post"}],"author":[{"embeddable":true,"href":"https:\/\/www.sonnenseite.com\/de\/wp-json\/wp\/v2\/users\/1"}],"replies":[{"embeddable":true,"href":"https:\/\/www.sonnenseite.com\/de\/wp-json\/wp\/v2\/comments?post=53188"}],"version-history":[{"count":0,"href":"https:\/\/www.sonnenseite.com\/de\/wp-json\/wp\/v2\/posts\/53188\/revisions"}],"wp:featuredmedia":[{"embeddable":true,"href":"https:\/\/www.sonnenseite.com\/de\/wp-json\/wp\/v2\/media\/50987"}],"wp:attachment":[{"href":"https:\/\/www.sonnenseite.com\/de\/wp-json\/wp\/v2\/media?parent=53188"}],"wp:term":[{"taxonomy":"category","embeddable":true,"href":"https:\/\/www.sonnenseite.com\/de\/wp-json\/wp\/v2\/categories?post=53188"},{"taxonomy":"post_tag","embeddable":true,"href":"https:\/\/www.sonnenseite.com\/de\/wp-json\/wp\/v2\/tags?post=53188"}],"curies":[{"name":"wp","href":"https:\/\/api.w.org\/{rel}","templated":true}]}}