{"id":53320,"date":"2013-10-16T00:00:00","date_gmt":"2013-10-15T22:00:00","guid":{"rendered":"https:\/\/www.sonnenseite.com\/politik\/welternaehrungstag-wir-haben-das-ziel-noch-lange-nicht-erreicht.html"},"modified":"2013-10-16T00:00:00","modified_gmt":"2013-10-15T22:00:00","slug":"welternaehrungstag-wir-haben-das-ziel-noch-lange-nicht-erreicht","status":"publish","type":"post","link":"https:\/\/www.sonnenseite.com\/de\/politik\/welternaehrungstag-wir-haben-das-ziel-noch-lange-nicht-erreicht\/","title":{"rendered":"Weltern\u00e4hrungstag: Wir haben das Ziel noch lange nicht erreicht"},"content":{"rendered":"<p>Die j\u00fcngsten Zahlen der Weltern\u00e4hrungsorganisation (FAO) der Vereinten Nationen klingen zun\u00e4chst erfolgsversprechend. <!--more--> <\/p>\n<p>Die Zahl der unterern\u00e4hrten Menschen weltweit ist auf 842 Millionen gesunken. Das sind 26 Millionen weniger als bei der letzten Z\u00e4hlung. Dennoch ist Vorsicht geboten, denn die Berechnungsmethode der FAO ist umstritten.<\/p>\n<p>Es ist nach wie vor einer der gr\u00f6\u00dften Skandale der Menschheit, dass jeder vierte Erdenb\u00fcrger nicht ausreichend zu essen hat, obwohl weltweit gen\u00fcgend Nahrungsmittel produziert werden. Es w\u00e4re genug f\u00fcr alle da, doch zu viel landet im Trog, im Tank und in der Tonne.<\/p>\n<p>Die internationale Gemeinschaft hat noch immer keine \u00fcberzeugende Antwort auf diese globale Herausforderung gefunden. Statt die Anstrengungen im Kampf gegen den Hunger zu forcieren, haben viele Industrienationen, auch Deutschland, in diesem und im letzten Jahr die Mittel f\u00fcr Entwicklungszusammenarbeit und humanit\u00e4re Hilfe sogar noch gek\u00fcrzt.<\/p>\n<p>Und statt innerhalb des Systems der Vereinten Nationen gemeinsam mit den Entwicklungs- und Schwellenl\u00e4ndern an einem Strang zu ziehen, beschreiten die G8-Staaten mit ihrer &#8222;Neuen Allianz f\u00fcr Ern\u00e4hrungssicherheit&#8220; einen Sonderweg und bauen Parallelstrukturen auf. Im Schulterschluss mit Gro\u00dfkonzerne der Agro-Industrie wie Monsanto, Syngenta und BASF setzen sie vor allem auf Produktionssteigerung. Doch eine Strategie, die noch mehr Gensaatgut, Stickstoffd\u00fcnger und chemische Spritzmittel propagiert, treibt Kleinb\u00e4uerinnen und -bauern in die Schuldenfalle und f\u00fchrt zu schweren Umweltsch\u00e4den.<\/p>\n<p>Der Hunger in der Welt kann nur mit einer koh\u00e4renten Politikstrategie bek\u00e4mpft werden, deren Herzst\u00fcck eine globale Agrarwende sein muss. Vor allem Kleinb\u00e4uerinnen und Kleinbauern m\u00fcssen darin unterst\u00fctzt werden, auf \u00f6kologisch nachhaltige Weise gesunde Nahrungsmittel zu produzieren. Der Auf- und Ausbau von Wertsch\u00f6pfungsketten und sozialen Sicherungssystemen in den vom Hunger betroffenen L\u00e4ndern sowie wirkungsvolle Ma\u00dfnahmen gegen den Klimawandel und die ausufernde Spekulation mit Nahrungsmitteln und B\u00f6den geh\u00f6ren auch dazu.<\/p>\n<p><strong>Hintergrund: <\/strong><\/p>\n<p>W\u00fcrde man zum Beispiel einen t\u00e4glichen Kalorienbedarf zugrunde legen, der den oft von harter k\u00f6rperlicher Arbeit gepr\u00e4gten Alltag armer Bev\u00f6lkerungsschichten in den Entwicklungsl\u00e4ndern eher entspricht, w\u00fcrde die Zahl laut Berechnungen der Menschenrechts- und Entwicklungsorganisationen FIAN und Oxfam auf 1,3 Milliarden hochschnellen. Auch der Hunger durch kurzfristige Preisschocks oder ausgefallene Ernten wird kaum abgebildet, da nur Menschen erfasst werden, die ein ganzes Jahr lang unterern\u00e4hrt sind.<\/p>\n<p>Schlie\u00dflich reicht satt sein allein nicht aus: Ein zunehmendes Problem ist der &#8222;verborgene Hunger&#8220;, also der Mangel an wichtigen Mikron\u00e4hrstoffen. Reis, Weizen und Mais, die f\u00fcr viele arme Menschen mehr als 80 Prozent der Ern\u00e4hrung ausmachen, f\u00fcllen zwar den Magen, aber f\u00fchren zu langfristigen Mangelerscheinungen, die oft \u00fcber Generationen weitergegeben werden.<\/p>\n<p>Laut FAO-Bericht sind in afrikanischen L\u00e4ndern 60 Prozent der Kinder in ihrer k\u00f6rperlichen und geistigen Entwicklung eingeschr\u00e4nkt. Auch der j\u00fcngst von der Welthungerhilfe vorgestellte Welthungerindex weist eindringlich auf diese Missst\u00e4nde hin. Global leiden mehr als zwei Milliarden Menschen an armutsbedingter Mangelern\u00e4hrung. Diese Zahlen sollten nicht unterschlagen werden.<\/p>\n<h5 class=\"green\">Quelle<\/h5>\n<p>B\u00fcndnis 90\/ Die Gr\u00fcnen | Thilo Hoppe 2013<\/p>\n<div class=\"shariff shariff-align-flex-start shariff-widget-align-flex-start\"><div class=\"ShariffHeadline\">Diese Meldung teilen<\/div><ul class=\"shariff-buttons theme-round orientation-horizontal buttonsize-medium\"><li class=\"shariff-button facebook shariff-nocustomcolor\" style=\"background-color:#4273c8;border-radius:1%\"><a href=\"https:\/\/www.facebook.com\/sharer\/sharer.php?u=https%3A%2F%2Fwww.sonnenseite.com%2Fde%2Fpolitik%2Fwelternaehrungstag-wir-haben-das-ziel-noch-lange-nicht-erreicht%2F\" title=\"Bei Facebook teilen\" aria-label=\"Bei Facebook teilen\" role=\"button\" rel=\"nofollow\" class=\"shariff-link\" style=\";border-radius:1%; background-color:#3b5998; color:#fff\" target=\"_blank\"><span class=\"shariff-icon\" style=\"\"><svg width=\"32px\" height=\"20px\" xmlns=\"http:\/\/www.w3.org\/2000\/svg\" viewBox=\"0 0 18 32\"><path fill=\"#3b5998\" d=\"M17.1 0.2v4.7h-2.8q-1.5 0-2.1 0.6t-0.5 1.9v3.4h5.2l-0.7 5.3h-4.5v13.6h-5.5v-13.6h-4.5v-5.3h4.5v-3.9q0-3.3 1.9-5.2t5-1.8q2.6 0 4.1 0.2z\"\/><\/svg><\/span><\/a><\/li><li class=\"shariff-button twitter shariff-nocustomcolor\" style=\"background-color:#595959;border-radius:1%\"><a href=\"https:\/\/twitter.com\/share?url=https%3A%2F%2Fwww.sonnenseite.com%2Fde%2Fpolitik%2Fwelternaehrungstag-wir-haben-das-ziel-noch-lange-nicht-erreicht%2F&text=Weltern%C3%A4hrungstag%3A%20Wir%20haben%20das%20Ziel%20noch%20lange%20nicht%20erreicht\" title=\"Bei X teilen\" aria-label=\"Bei X teilen\" role=\"button\" rel=\"noopener nofollow\" class=\"shariff-link\" style=\";border-radius:1%; background-color:#000; color:#fff\" target=\"_blank\"><span class=\"shariff-icon\" style=\"\"><svg width=\"32px\" height=\"20px\" xmlns=\"http:\/\/www.w3.org\/2000\/svg\" viewBox=\"0 0 24 24\"><path fill=\"#000\" d=\"M14.258 10.152L23.176 0h-2.113l-7.747 8.813L7.133 0H0l9.352 13.328L0 23.973h2.113l8.176-9.309 6.531 9.309h7.133zm-2.895 3.293l-.949-1.328L2.875 1.56h3.246l6.086 8.523.945 1.328 7.91 11.078h-3.246zm0 0\"\/><\/svg><\/span><\/a><\/li><li class=\"shariff-button xing shariff-nocustomcolor\" style=\"background-color:#29888a;border-radius:1%\"><a href=\"https:\/\/www.xing.com\/spi\/shares\/new?url=https%3A%2F%2Fwww.sonnenseite.com%2Fde%2Fpolitik%2Fwelternaehrungstag-wir-haben-das-ziel-noch-lange-nicht-erreicht%2F\" title=\"Bei XING teilen\" aria-label=\"Bei XING teilen\" role=\"button\" rel=\"noopener nofollow\" class=\"shariff-link\" style=\";border-radius:1%; background-color:#126567; color:#fff\" target=\"_blank\"><span class=\"shariff-icon\" style=\"\"><svg width=\"32px\" height=\"20px\" xmlns=\"http:\/\/www.w3.org\/2000\/svg\" viewBox=\"0 0 25 32\"><path fill=\"#126567\" d=\"M10.7 11.9q-0.2 0.3-4.6 8.2-0.5 0.8-1.2 0.8h-4.3q-0.4 0-0.5-0.3t0-0.6l4.5-8q0 0 0 0l-2.9-5q-0.2-0.4 0-0.7 0.2-0.3 0.5-0.3h4.3q0.7 0 1.2 0.8zM25.1 0.4q0.2 0.3 0 0.7l-9.4 16.7 6 11q0.2 0.4 0 0.6-0.2 0.3-0.6 0.3h-4.3q-0.7 0-1.2-0.8l-6-11.1q0.3-0.6 9.5-16.8 0.4-0.8 1.2-0.8h4.3q0.4 0 0.5 0.3z\"\/><\/svg><\/span><\/a><\/li><li class=\"shariff-button linkedin shariff-nocustomcolor\" style=\"background-color:#1488bf;border-radius:1%\"><a href=\"https:\/\/www.linkedin.com\/sharing\/share-offsite\/?url=https%3A%2F%2Fwww.sonnenseite.com%2Fde%2Fpolitik%2Fwelternaehrungstag-wir-haben-das-ziel-noch-lange-nicht-erreicht%2F\" title=\"Bei LinkedIn teilen\" aria-label=\"Bei LinkedIn teilen\" role=\"button\" rel=\"noopener nofollow\" class=\"shariff-link\" style=\";border-radius:1%; background-color:#0077b5; color:#fff\" target=\"_blank\"><span class=\"shariff-icon\" style=\"\"><svg width=\"32px\" height=\"20px\" xmlns=\"http:\/\/www.w3.org\/2000\/svg\" viewBox=\"0 0 27 32\"><path fill=\"#0077b5\" d=\"M6.2 11.2v17.7h-5.9v-17.7h5.9zM6.6 5.7q0 1.3-0.9 2.2t-2.4 0.9h0q-1.5 0-2.4-0.9t-0.9-2.2 0.9-2.2 2.4-0.9 2.4 0.9 0.9 2.2zM27.4 18.7v10.1h-5.9v-9.5q0-1.9-0.7-2.9t-2.3-1.1q-1.1 0-1.9 0.6t-1.2 1.5q-0.2 0.5-0.2 1.4v9.9h-5.9q0-7.1 0-11.6t0-5.3l0-0.9h5.9v2.6h0q0.4-0.6 0.7-1t1-0.9 1.6-0.8 2-0.3q3 0 4.9 2t1.9 6z\"\/><\/svg><\/span><\/a><\/li><li class=\"shariff-button printer shariff-nocustomcolor\" style=\"background-color:#a8a8a8;border-radius:1%\"><a href=\"javascript:window.print()\" title=\"drucken\" aria-label=\"drucken\" role=\"button\" rel=\"noopener nofollow\" class=\"shariff-link\" style=\";border-radius:1%; background-color:#999; color:#fff\"><span class=\"shariff-icon\" style=\"\"><svg width=\"32px\" height=\"20px\" xmlns=\"http:\/\/www.w3.org\/2000\/svg\" viewBox=\"0 0 30 32\"><path fill=\"#999\" d=\"M6.8 27.4h16v-4.6h-16v4.6zM6.8 16h16v-6.8h-2.8q-0.7 0-1.2-0.5t-0.5-1.2v-2.8h-11.4v11.4zM27.4 17.2q0-0.5-0.3-0.8t-0.8-0.4-0.8 0.4-0.3 0.8 0.3 0.8 0.8 0.3 0.8-0.3 0.3-0.8zM29.7 17.2v7.4q0 0.2-0.2 0.4t-0.4 0.2h-4v2.8q0 0.7-0.5 1.2t-1.2 0.5h-17.2q-0.7 0-1.2-0.5t-0.5-1.2v-2.8h-4q-0.2 0-0.4-0.2t-0.2-0.4v-7.4q0-1.4 1-2.4t2.4-1h1.2v-9.7q0-0.7 0.5-1.2t1.2-0.5h12q0.7 0 1.6 0.4t1.3 0.8l2.7 2.7q0.5 0.5 0.9 1.4t0.4 1.6v4.6h1.1q1.4 0 2.4 1t1 2.4z\"\/><\/svg><\/span><\/a><\/li><li class=\"shariff-button mailto shariff-nocustomcolor\" style=\"background-color:#a8a8a8;border-radius:1%\"><a href=\"mailto:?body=https%3A%2F%2Fwww.sonnenseite.com%2Fde%2Fpolitik%2Fwelternaehrungstag-wir-haben-das-ziel-noch-lange-nicht-erreicht%2F&subject=Weltern%C3%A4hrungstag%3A%20Wir%20haben%20das%20Ziel%20noch%20lange%20nicht%20erreicht\" title=\"Per E-Mail versenden\" aria-label=\"Per E-Mail versenden\" role=\"button\" rel=\"noopener nofollow\" class=\"shariff-link\" style=\";border-radius:1%; background-color:#999; color:#fff\"><span class=\"shariff-icon\" style=\"\"><svg width=\"32px\" height=\"20px\" xmlns=\"http:\/\/www.w3.org\/2000\/svg\" viewBox=\"0 0 32 32\"><path fill=\"#999\" d=\"M32 12.7v14.2q0 1.2-0.8 2t-2 0.9h-26.3q-1.2 0-2-0.9t-0.8-2v-14.2q0.8 0.9 1.8 1.6 6.5 4.4 8.9 6.1 1 0.8 1.6 1.2t1.7 0.9 2 0.4h0.1q0.9 0 2-0.4t1.7-0.9 1.6-1.2q3-2.2 8.9-6.1 1-0.7 1.8-1.6zM32 7.4q0 1.4-0.9 2.7t-2.2 2.2q-6.7 4.7-8.4 5.8-0.2 0.1-0.7 0.5t-1 0.7-0.9 0.6-1.1 0.5-0.9 0.2h-0.1q-0.4 0-0.9-0.2t-1.1-0.5-0.9-0.6-1-0.7-0.7-0.5q-1.6-1.1-4.7-3.2t-3.6-2.6q-1.1-0.7-2.1-2t-1-2.5q0-1.4 0.7-2.3t2.1-0.9h26.3q1.2 0 2 0.8t0.9 2z\"\/><\/svg><\/span><\/a><\/li><\/ul><\/div>","protected":false},"excerpt":{"rendered":"<p>Die j\u00fcngsten Zahlen der Weltern\u00e4hrungsorganisation (FAO) der Vereinten Nationen klingen zun\u00e4chst erfolgsversprechend.<\/p>\n","protected":false},"author":1,"featured_media":50987,"comment_status":"closed","ping_status":"closed","sticky":false,"template":"","format":"standard","meta":{"inline_featured_image":false,"footnotes":""},"categories":[21],"tags":[],"class_list":["post-53320","post","type-post","status-publish","format-standard","has-post-thumbnail","hentry","category-politik"],"yoast_head":"<!-- This site is optimized with the Yoast SEO plugin v26.5 - https:\/\/yoast.com\/wordpress\/plugins\/seo\/ -->\n<title>Weltern\u00e4hrungstag: Wir haben das Ziel noch lange nicht erreicht - Sonnenseite - \u00d6kologische Kommunikation mit Franz Alt<\/title>\n<meta name=\"description\" content=\"Die j\u00fcngsten Zahlen der Weltern\u00e4hrungsorganisation (FAO) der Vereinten Nationen klingen zun\u00e4chst erfolgsversprechend. Die Zahl der unterern\u00e4hrten Menschen\" \/>\n<meta name=\"robots\" content=\"index, follow, max-snippet:-1, max-image-preview:large, max-video-preview:-1\" \/>\n<link rel=\"canonical\" href=\"https:\/\/www.sonnenseite.com\/de\/politik\/welternaehrungstag-wir-haben-das-ziel-noch-lange-nicht-erreicht\/\" \/>\n<meta property=\"og:locale\" content=\"de_DE\" \/>\n<meta property=\"og:type\" content=\"article\" \/>\n<meta property=\"og:title\" content=\"Weltern\u00e4hrungstag: Wir haben das Ziel noch lange nicht erreicht - Sonnenseite - \u00d6kologische Kommunikation mit Franz Alt\" \/>\n<meta property=\"og:description\" content=\"Die j\u00fcngsten Zahlen der Weltern\u00e4hrungsorganisation (FAO) der Vereinten Nationen klingen zun\u00e4chst erfolgsversprechend. Die Zahl der unterern\u00e4hrten Menschen\" \/>\n<meta property=\"og:url\" content=\"https:\/\/www.sonnenseite.com\/de\/politik\/welternaehrungstag-wir-haben-das-ziel-noch-lange-nicht-erreicht\/\" \/>\n<meta property=\"og:site_name\" content=\"Sonnenseite\" \/>\n<meta property=\"article:publisher\" content=\"https:\/\/www.facebook.com\/pages\/Franz-Alt-SONNENSEITECOM\/221072987903953?fref=ts\" \/>\n<meta property=\"article:published_time\" content=\"2013-10-15T22:00:00+00:00\" \/>\n<meta property=\"og:image\" content=\"https:\/\/www.sonnenseite.com\/wp-content\/uploads\/2020\/06\/archiv_artikel.jpg\" \/>\n\t<meta property=\"og:image:width\" content=\"770\" \/>\n\t<meta property=\"og:image:height\" content=\"420\" \/>\n\t<meta property=\"og:image:type\" content=\"image\/jpeg\" \/>\n<meta name=\"author\" content=\"sbade\" \/>\n<meta name=\"twitter:card\" content=\"summary_large_image\" \/>\n<meta name=\"twitter:creator\" content=\"@franzalt\" \/>\n<meta name=\"twitter:site\" content=\"@franzalt\" \/>\n<meta name=\"twitter:label1\" content=\"Verfasst von\" \/>\n\t<meta name=\"twitter:data1\" content=\"sbade\" \/>\n\t<meta name=\"twitter:label2\" content=\"Gesch\u00e4tzte Lesezeit\" \/>\n\t<meta name=\"twitter:data2\" content=\"2\u00a0Minuten\" \/>\n<script type=\"application\/ld+json\" class=\"yoast-schema-graph\">{\"@context\":\"https:\/\/schema.org\",\"@graph\":[{\"@type\":\"Article\",\"@id\":\"https:\/\/www.sonnenseite.com\/de\/politik\/welternaehrungstag-wir-haben-das-ziel-noch-lange-nicht-erreicht\/#article\",\"isPartOf\":{\"@id\":\"https:\/\/www.sonnenseite.com\/de\/politik\/welternaehrungstag-wir-haben-das-ziel-noch-lange-nicht-erreicht\/\"},\"author\":{\"name\":\"sbade\",\"@id\":\"https:\/\/www.sonnenseite.com\/de\/#\/schema\/person\/6df44691cd9a70d99e140e1116ee8771\"},\"headline\":\"Weltern\u00e4hrungstag: Wir haben das Ziel noch lange nicht erreicht\",\"datePublished\":\"2013-10-15T22:00:00+00:00\",\"mainEntityOfPage\":{\"@id\":\"https:\/\/www.sonnenseite.com\/de\/politik\/welternaehrungstag-wir-haben-das-ziel-noch-lange-nicht-erreicht\/\"},\"wordCount\":506,\"publisher\":{\"@id\":\"https:\/\/www.sonnenseite.com\/de\/#organization\"},\"image\":{\"@id\":\"https:\/\/www.sonnenseite.com\/de\/politik\/welternaehrungstag-wir-haben-das-ziel-noch-lange-nicht-erreicht\/#primaryimage\"},\"thumbnailUrl\":\"https:\/\/www.sonnenseite.com\/wp-content\/uploads\/2020\/06\/archiv_artikel.jpg\",\"articleSection\":[\"Politik\"],\"inLanguage\":\"de\"},{\"@type\":\"WebPage\",\"@id\":\"https:\/\/www.sonnenseite.com\/de\/politik\/welternaehrungstag-wir-haben-das-ziel-noch-lange-nicht-erreicht\/\",\"url\":\"https:\/\/www.sonnenseite.com\/de\/politik\/welternaehrungstag-wir-haben-das-ziel-noch-lange-nicht-erreicht\/\",\"name\":\"Weltern\u00e4hrungstag: Wir haben das Ziel noch lange nicht erreicht - Sonnenseite - \u00d6kologische Kommunikation mit Franz Alt\",\"isPartOf\":{\"@id\":\"https:\/\/www.sonnenseite.com\/de\/#website\"},\"primaryImageOfPage\":{\"@id\":\"https:\/\/www.sonnenseite.com\/de\/politik\/welternaehrungstag-wir-haben-das-ziel-noch-lange-nicht-erreicht\/#primaryimage\"},\"image\":{\"@id\":\"https:\/\/www.sonnenseite.com\/de\/politik\/welternaehrungstag-wir-haben-das-ziel-noch-lange-nicht-erreicht\/#primaryimage\"},\"thumbnailUrl\":\"https:\/\/www.sonnenseite.com\/wp-content\/uploads\/2020\/06\/archiv_artikel.jpg\",\"datePublished\":\"2013-10-15T22:00:00+00:00\",\"description\":\"Die j\u00fcngsten Zahlen der Weltern\u00e4hrungsorganisation (FAO) der Vereinten Nationen klingen zun\u00e4chst erfolgsversprechend. Die Zahl der unterern\u00e4hrten Menschen\",\"breadcrumb\":{\"@id\":\"https:\/\/www.sonnenseite.com\/de\/politik\/welternaehrungstag-wir-haben-das-ziel-noch-lange-nicht-erreicht\/#breadcrumb\"},\"inLanguage\":\"de\",\"potentialAction\":[{\"@type\":\"ReadAction\",\"target\":[\"https:\/\/www.sonnenseite.com\/de\/politik\/welternaehrungstag-wir-haben-das-ziel-noch-lange-nicht-erreicht\/\"]}]},{\"@type\":\"ImageObject\",\"inLanguage\":\"de\",\"@id\":\"https:\/\/www.sonnenseite.com\/de\/politik\/welternaehrungstag-wir-haben-das-ziel-noch-lange-nicht-erreicht\/#primaryimage\",\"url\":\"https:\/\/www.sonnenseite.com\/wp-content\/uploads\/2020\/06\/archiv_artikel.jpg\",\"contentUrl\":\"https:\/\/www.sonnenseite.com\/wp-content\/uploads\/2020\/06\/archiv_artikel.jpg\",\"width\":770,\"height\":420,\"caption\":\"Sonnenseite\"},{\"@type\":\"BreadcrumbList\",\"@id\":\"https:\/\/www.sonnenseite.com\/de\/politik\/welternaehrungstag-wir-haben-das-ziel-noch-lange-nicht-erreicht\/#breadcrumb\",\"itemListElement\":[{\"@type\":\"ListItem\",\"position\":1,\"name\":\"Startseite\",\"item\":\"https:\/\/www.sonnenseite.com\/de\/\"},{\"@type\":\"ListItem\",\"position\":2,\"name\":\"Weltern\u00e4hrungstag: Wir haben das Ziel noch lange nicht erreicht\"}]},{\"@type\":\"WebSite\",\"@id\":\"https:\/\/www.sonnenseite.com\/de\/#website\",\"url\":\"https:\/\/www.sonnenseite.com\/de\/\",\"name\":\"Sonnenseite\",\"description\":\"\u00d6kologische Kommunikation mit Franz Alt\",\"publisher\":{\"@id\":\"https:\/\/www.sonnenseite.com\/de\/#organization\"},\"potentialAction\":[{\"@type\":\"SearchAction\",\"target\":{\"@type\":\"EntryPoint\",\"urlTemplate\":\"https:\/\/www.sonnenseite.com\/de\/?s={search_term_string}\"},\"query-input\":{\"@type\":\"PropertyValueSpecification\",\"valueRequired\":true,\"valueName\":\"search_term_string\"}}],\"inLanguage\":\"de\"},{\"@type\":\"Organization\",\"@id\":\"https:\/\/www.sonnenseite.com\/de\/#organization\",\"name\":\"Sonnenseite\",\"url\":\"https:\/\/www.sonnenseite.com\/de\/\",\"logo\":{\"@type\":\"ImageObject\",\"inLanguage\":\"de\",\"@id\":\"https:\/\/www.sonnenseite.com\/de\/#\/schema\/logo\/image\/\",\"url\":\"https:\/\/www.sonnenseite.com\/wp-content\/uploads\/2020\/05\/Sonnenseite_Logo.png\",\"contentUrl\":\"https:\/\/www.sonnenseite.com\/wp-content\/uploads\/2020\/05\/Sonnenseite_Logo.png\",\"width\":377,\"height\":90,\"caption\":\"Sonnenseite\"},\"image\":{\"@id\":\"https:\/\/www.sonnenseite.com\/de\/#\/schema\/logo\/image\/\"},\"sameAs\":[\"https:\/\/www.facebook.com\/pages\/Franz-Alt-SONNENSEITECOM\/221072987903953?fref=ts\",\"https:\/\/x.com\/franzalt\",\"http:\/\/www.youtube.com\/results?search_query&amp;amp;quot;franz_alt&amp;amp;quot;&amp;amp;amp;amp;search_type&amp;amp;amp;amp;aq=f\"]},{\"@type\":\"Person\",\"@id\":\"https:\/\/www.sonnenseite.com\/de\/#\/schema\/person\/6df44691cd9a70d99e140e1116ee8771\",\"name\":\"sbade\",\"sameAs\":[\"https:\/\/www.sonnenseite.com\"]}]}<\/script>\n<!-- \/ Yoast SEO plugin. -->","yoast_head_json":{"title":"Weltern\u00e4hrungstag: Wir haben das Ziel noch lange nicht erreicht - Sonnenseite - \u00d6kologische Kommunikation mit Franz Alt","description":"Die j\u00fcngsten Zahlen der Weltern\u00e4hrungsorganisation (FAO) der Vereinten Nationen klingen zun\u00e4chst erfolgsversprechend. Die Zahl der unterern\u00e4hrten Menschen","robots":{"index":"index","follow":"follow","max-snippet":"max-snippet:-1","max-image-preview":"max-image-preview:large","max-video-preview":"max-video-preview:-1"},"canonical":"https:\/\/www.sonnenseite.com\/de\/politik\/welternaehrungstag-wir-haben-das-ziel-noch-lange-nicht-erreicht\/","og_locale":"de_DE","og_type":"article","og_title":"Weltern\u00e4hrungstag: Wir haben das Ziel noch lange nicht erreicht - Sonnenseite - \u00d6kologische Kommunikation mit Franz Alt","og_description":"Die j\u00fcngsten Zahlen der Weltern\u00e4hrungsorganisation (FAO) der Vereinten Nationen klingen zun\u00e4chst erfolgsversprechend. Die Zahl der unterern\u00e4hrten Menschen","og_url":"https:\/\/www.sonnenseite.com\/de\/politik\/welternaehrungstag-wir-haben-das-ziel-noch-lange-nicht-erreicht\/","og_site_name":"Sonnenseite","article_publisher":"https:\/\/www.facebook.com\/pages\/Franz-Alt-SONNENSEITECOM\/221072987903953?fref=ts","article_published_time":"2013-10-15T22:00:00+00:00","og_image":[{"width":770,"height":420,"url":"https:\/\/www.sonnenseite.com\/wp-content\/uploads\/2020\/06\/archiv_artikel.jpg","type":"image\/jpeg"}],"author":"sbade","twitter_card":"summary_large_image","twitter_creator":"@franzalt","twitter_site":"@franzalt","twitter_misc":{"Verfasst von":"sbade","Gesch\u00e4tzte Lesezeit":"2\u00a0Minuten"},"schema":{"@context":"https:\/\/schema.org","@graph":[{"@type":"Article","@id":"https:\/\/www.sonnenseite.com\/de\/politik\/welternaehrungstag-wir-haben-das-ziel-noch-lange-nicht-erreicht\/#article","isPartOf":{"@id":"https:\/\/www.sonnenseite.com\/de\/politik\/welternaehrungstag-wir-haben-das-ziel-noch-lange-nicht-erreicht\/"},"author":{"name":"sbade","@id":"https:\/\/www.sonnenseite.com\/de\/#\/schema\/person\/6df44691cd9a70d99e140e1116ee8771"},"headline":"Weltern\u00e4hrungstag: Wir haben das Ziel noch lange nicht erreicht","datePublished":"2013-10-15T22:00:00+00:00","mainEntityOfPage":{"@id":"https:\/\/www.sonnenseite.com\/de\/politik\/welternaehrungstag-wir-haben-das-ziel-noch-lange-nicht-erreicht\/"},"wordCount":506,"publisher":{"@id":"https:\/\/www.sonnenseite.com\/de\/#organization"},"image":{"@id":"https:\/\/www.sonnenseite.com\/de\/politik\/welternaehrungstag-wir-haben-das-ziel-noch-lange-nicht-erreicht\/#primaryimage"},"thumbnailUrl":"https:\/\/www.sonnenseite.com\/wp-content\/uploads\/2020\/06\/archiv_artikel.jpg","articleSection":["Politik"],"inLanguage":"de"},{"@type":"WebPage","@id":"https:\/\/www.sonnenseite.com\/de\/politik\/welternaehrungstag-wir-haben-das-ziel-noch-lange-nicht-erreicht\/","url":"https:\/\/www.sonnenseite.com\/de\/politik\/welternaehrungstag-wir-haben-das-ziel-noch-lange-nicht-erreicht\/","name":"Weltern\u00e4hrungstag: Wir haben das Ziel noch lange nicht erreicht - Sonnenseite - \u00d6kologische Kommunikation mit Franz Alt","isPartOf":{"@id":"https:\/\/www.sonnenseite.com\/de\/#website"},"primaryImageOfPage":{"@id":"https:\/\/www.sonnenseite.com\/de\/politik\/welternaehrungstag-wir-haben-das-ziel-noch-lange-nicht-erreicht\/#primaryimage"},"image":{"@id":"https:\/\/www.sonnenseite.com\/de\/politik\/welternaehrungstag-wir-haben-das-ziel-noch-lange-nicht-erreicht\/#primaryimage"},"thumbnailUrl":"https:\/\/www.sonnenseite.com\/wp-content\/uploads\/2020\/06\/archiv_artikel.jpg","datePublished":"2013-10-15T22:00:00+00:00","description":"Die j\u00fcngsten Zahlen der Weltern\u00e4hrungsorganisation (FAO) der Vereinten Nationen klingen zun\u00e4chst erfolgsversprechend. Die Zahl der unterern\u00e4hrten Menschen","breadcrumb":{"@id":"https:\/\/www.sonnenseite.com\/de\/politik\/welternaehrungstag-wir-haben-das-ziel-noch-lange-nicht-erreicht\/#breadcrumb"},"inLanguage":"de","potentialAction":[{"@type":"ReadAction","target":["https:\/\/www.sonnenseite.com\/de\/politik\/welternaehrungstag-wir-haben-das-ziel-noch-lange-nicht-erreicht\/"]}]},{"@type":"ImageObject","inLanguage":"de","@id":"https:\/\/www.sonnenseite.com\/de\/politik\/welternaehrungstag-wir-haben-das-ziel-noch-lange-nicht-erreicht\/#primaryimage","url":"https:\/\/www.sonnenseite.com\/wp-content\/uploads\/2020\/06\/archiv_artikel.jpg","contentUrl":"https:\/\/www.sonnenseite.com\/wp-content\/uploads\/2020\/06\/archiv_artikel.jpg","width":770,"height":420,"caption":"Sonnenseite"},{"@type":"BreadcrumbList","@id":"https:\/\/www.sonnenseite.com\/de\/politik\/welternaehrungstag-wir-haben-das-ziel-noch-lange-nicht-erreicht\/#breadcrumb","itemListElement":[{"@type":"ListItem","position":1,"name":"Startseite","item":"https:\/\/www.sonnenseite.com\/de\/"},{"@type":"ListItem","position":2,"name":"Weltern\u00e4hrungstag: Wir haben das Ziel noch lange nicht erreicht"}]},{"@type":"WebSite","@id":"https:\/\/www.sonnenseite.com\/de\/#website","url":"https:\/\/www.sonnenseite.com\/de\/","name":"Sonnenseite","description":"\u00d6kologische Kommunikation mit Franz Alt","publisher":{"@id":"https:\/\/www.sonnenseite.com\/de\/#organization"},"potentialAction":[{"@type":"SearchAction","target":{"@type":"EntryPoint","urlTemplate":"https:\/\/www.sonnenseite.com\/de\/?s={search_term_string}"},"query-input":{"@type":"PropertyValueSpecification","valueRequired":true,"valueName":"search_term_string"}}],"inLanguage":"de"},{"@type":"Organization","@id":"https:\/\/www.sonnenseite.com\/de\/#organization","name":"Sonnenseite","url":"https:\/\/www.sonnenseite.com\/de\/","logo":{"@type":"ImageObject","inLanguage":"de","@id":"https:\/\/www.sonnenseite.com\/de\/#\/schema\/logo\/image\/","url":"https:\/\/www.sonnenseite.com\/wp-content\/uploads\/2020\/05\/Sonnenseite_Logo.png","contentUrl":"https:\/\/www.sonnenseite.com\/wp-content\/uploads\/2020\/05\/Sonnenseite_Logo.png","width":377,"height":90,"caption":"Sonnenseite"},"image":{"@id":"https:\/\/www.sonnenseite.com\/de\/#\/schema\/logo\/image\/"},"sameAs":["https:\/\/www.facebook.com\/pages\/Franz-Alt-SONNENSEITECOM\/221072987903953?fref=ts","https:\/\/x.com\/franzalt","http:\/\/www.youtube.com\/results?search_query&amp;amp;quot;franz_alt&amp;amp;quot;&amp;amp;amp;amp;search_type&amp;amp;amp;amp;aq=f"]},{"@type":"Person","@id":"https:\/\/www.sonnenseite.com\/de\/#\/schema\/person\/6df44691cd9a70d99e140e1116ee8771","name":"sbade","sameAs":["https:\/\/www.sonnenseite.com"]}]}},"_links":{"self":[{"href":"https:\/\/www.sonnenseite.com\/de\/wp-json\/wp\/v2\/posts\/53320","targetHints":{"allow":["GET"]}}],"collection":[{"href":"https:\/\/www.sonnenseite.com\/de\/wp-json\/wp\/v2\/posts"}],"about":[{"href":"https:\/\/www.sonnenseite.com\/de\/wp-json\/wp\/v2\/types\/post"}],"author":[{"embeddable":true,"href":"https:\/\/www.sonnenseite.com\/de\/wp-json\/wp\/v2\/users\/1"}],"replies":[{"embeddable":true,"href":"https:\/\/www.sonnenseite.com\/de\/wp-json\/wp\/v2\/comments?post=53320"}],"version-history":[{"count":0,"href":"https:\/\/www.sonnenseite.com\/de\/wp-json\/wp\/v2\/posts\/53320\/revisions"}],"wp:featuredmedia":[{"embeddable":true,"href":"https:\/\/www.sonnenseite.com\/de\/wp-json\/wp\/v2\/media\/50987"}],"wp:attachment":[{"href":"https:\/\/www.sonnenseite.com\/de\/wp-json\/wp\/v2\/media?parent=53320"}],"wp:term":[{"taxonomy":"category","embeddable":true,"href":"https:\/\/www.sonnenseite.com\/de\/wp-json\/wp\/v2\/categories?post=53320"},{"taxonomy":"post_tag","embeddable":true,"href":"https:\/\/www.sonnenseite.com\/de\/wp-json\/wp\/v2\/tags?post=53320"}],"curies":[{"name":"wp","href":"https:\/\/api.w.org\/{rel}","templated":true}]}}