{"id":53636,"date":"2013-08-27T00:00:00","date_gmt":"2013-08-26T22:00:00","guid":{"rendered":"https:\/\/www.sonnenseite.com\/zukunft\/martin-luther-king-ich-habe-einen-traum.html"},"modified":"2013-08-27T00:00:00","modified_gmt":"2013-08-26T22:00:00","slug":"martin-luther-king-ich-habe-einen-traum","status":"publish","type":"post","link":"https:\/\/www.sonnenseite.com\/de\/zukunft\/martin-luther-king-ich-habe-einen-traum\/","title":{"rendered":"Martin Luther King: &#8222;Ich habe einen Traum&#8220;"},"content":{"rendered":"<p>&#8222;I have a dream&#8220; wird seit 50 Jahren mit Martin Luther King verbunden. Seine ber\u00fchmte Rede hielt der Baptistenpfarrer vor 50 Jahren auf einer Anti-Rassismus-Demonstration vor ca. 250.000 US-B\u00fcrger &#8211; der bisher gr\u00f6\u00dften Demonstration in der Geschichte der USA. Seinen Traum beschwor Martin Luther King zu F\u00fc\u00dfen Abraham Lincolns, der 1862 in den USA die Sklaverei aufgehoben hat. <!--more--> <\/p>\n<p>&#8222;Ich freue mich, heute mit euch   zusammen an einem Ereignis teilzunehmen, das als die gr\u00f6\u00dfte Demonstration f\u00fcr   die Freiheit in die Geschichte unserer Nation eingehen wird.<\/p>\n<p>Vor hundert Jahren unterzeichnete   ein gro\u00dfer Amerikaner, in dessen symbolischen Schatten wir heute stehen, die   Emanzipationsproklamation. Er kam wie ein freudiger Tagesanbruch nach der   langen Nacht ihrer Gefangenschaft.<\/p>\n<p>Aber hundert Jahre sp\u00e4ter ist der   Neger immer noch nicht frei. Hundert Jahre sp\u00e4ter ist das Leben des Negers   immer noch verkr\u00fcppelt durch die Fesseln der Rassentrennung und die Ketten   der Diskriminierung. Hundert Jahre sp\u00e4ter schmachtet der Neger immer noch am   Rande der amerikanischen Gesellschaft und befindet sich im eigenen Land im   Exil.<\/p>\n<p>Deshalb sind wir heute hierher   gekommen, um eine sch\u00e4ndliche Situation zu dramatisieren. In gewissem Sinne   sind wir in die Hauptstadt unseres Landes gekommen, um einen Scheck   einzul\u00f6sen. Als die Architekten unserer Republik die gro\u00dfartigen Worte der   Verfassung und der Unabh\u00e4ngigkeitserkl\u00e4rung schrieben, unterzeichneten sie   einen Schuldschein, zu dessen Einl\u00f6sung alle Amerikaner berechtigt sein   sollten. Dieser Schein enthielt das Versprechen, dass allen Menschen &#8211; ja,   schwarzen Menschen ebenso wie wei\u00dfen &#8211; die unver\u00e4u\u00dferlichen Rechte auf Leben,   Freiheit und den Anspruch Gl\u00fcck garantiert w\u00fcrden.<\/p>\n<p>Es ist heute offenbar, dass   Amerika seinen Verbindlichkeiten nicht nachgekommen ist, soweit es die   schwarzen B\u00fcrger betrifft. Satt seine heiligen Verpflichtungen zu erf\u00fcllen,   hat Amerika den Negern einen Scheck gegeben, der mit dem Vermerk   zur\u00fcckgekommen ist: &#8222;Keine Deckung vorhanden&#8220;. Aber wir weigern uns   zu glauben, dass die Bank der Gerechtigkeit bankrott ist. Wir weigern uns zu   glauben, dass es nicht gen\u00fcgend Gelder in den gro\u00dfen Stahlkammern der   Gelegenheiten in diesem Land gibt.<\/p>\n<p>So sind wir gekommen, diesen   Scheck einzul\u00f6sen, einen Scheck, der uns auf Verlangen die Reicht\u00fcmer der   Freiheit und die Sicherheit der Gerechtigkeit geben wird. Wir sind auch zu   dieser merkw\u00fcrdigen St\u00e4tte gekommen, um Amerika an die grimmige Notwendigkeit   des Jetzt zu erinnern. Jetzt ist nicht die Zeit, wo man sich den Luxus einer   &#8222;Abk\u00fchlungsperiode&#8220; leisten oder die Beruhigungsmittel langsamen,   schrittweisen Fortschritts einnehmen kann. Jetzt ist es Zeit, die Versprechungen   der Demokratie Wirklichkeit werden zu lassen. Jetzt ist es Zeit, aus dem   dunklen und trostlosen Tal der Rassentrennung aufzubrechen und den hellen Weg   der Gerechtigkeit f\u00fcr alle Rassen zu beschreiten. Jetzt ist es Zeit, unsere   Nation aus dem Flugsand rassischer Ungerechtigkeit zu dem festen Felsen der   Br\u00fcderlichkeit emporzuheben.<\/p>\n<p>Jetzt ist es Zeit, Gerechtigkeit   f\u00fcr alle Kinder Gottes Wirklichkeit werden zu lassen. Es w\u00e4hre verh\u00e4ngnisvoll   f\u00fcr diese Nation, wenn sie nicht die Dringlichkeit der gegenw\u00e4rtigen Lage   wahrnehmen w\u00fcrde. Dieser hei\u00dfe Sommer berechtigter Unzufriedenheit des Negers   wird nicht zu Ende gehen, solange nicht ein belebender Herbst der Freiheit   und Gerechtigkeit begonnen hat.<\/p>\n<p>1963 ist kein Ende, sondern ein   Anfang. Wer hofft, der Neger werde jetzt zufrieden sein, nachdem er Dampf   abgelassen hat, wird ein b\u00f6ses Erwachen haben, wenn die Nation wieder   weitermacht wie vorher.<\/p>\n<p>Es wird weder Ruhe noch Rast in   Amerika geben, bis dem Neger die vollen B\u00fcrgerrechte zugebilligt werden. Die   St\u00fcrme des Aufruhrs werden weiterhin die Grundfesten unserer Nation   ersch\u00fcttern, bis der helle Tag der Gerechtigkeit anbricht.<\/p>\n<p>Und das muss ich meinem Volk   sagen, das an der abgenutzten Schwelle der T\u00fcr steht, die in den Palast der   Gerechtigkeit f\u00fchrt: W\u00e4hrend wir versuchen, unseren rechtsm\u00e4\u00dfigen Platz zu   gewinnen, d\u00fcrfen wir uns keiner unrechten Handlung schuldig machen.<\/p>\n<p>Lasst uns nicht aus dem Kelch der   Bitterkeit und des Hasses trinken, um unseren Durst nach Freiheit zu stillen.   Wir m\u00fcssen unseren Kampf stets auf der hohen Ebene der W\u00fcrde und Disziplin   f\u00fchren. Wir d\u00fcrfen unseren sch\u00f6pferischen Protest nicht zu physischer Gewalt   herabsinken lassen. Immer wieder m\u00fcssen wir uns zu jener majest\u00e4tischen H\u00f6he   erheben, auf der wir physischer Gewalt mit der Kraft der Seele   entgegentreten.<\/p>\n<p>Der wunderbare, neue k\u00e4mpferische   Geist, der die Gemeinschaft der Neger erfasst hat, darf uns nicht verleiten,   allen Wei\u00dfen zu misstrauen. Denn viele unserer wei\u00dfen Br\u00fcder &#8211; das beweist   ihre Anwesenheit heute &#8211; sind zu der Einsicht gekommen, dass ihre Zukunft mit   der unseren untrennbar verbunden ist. Sie sind zu der Einsicht gekommen, dass   ihre Freiheit von unserer Freiheit nicht zu l\u00f6sen ist. Wir k\u00f6nnen nicht   allein marschieren.<\/p>\n<p>Und wenn wir marschieren, m\u00fcssen   wir uns verpflichten, stets weiter zu marschieren. Wir k\u00f6nnen nicht umkehren.   Es gibt Leute, die fragen diejenigen, die sich selbst der B\u00fcrgerrechte   verpflichtet f\u00fchlen: &#8222;Wann werdet ihr endlich zufrieden gestellt   sein?&#8220; Wir k\u00f6nnen niemals zufrieden gestellt sein, solange der Neger das   Opfer der unaussprechlichen Schrecken polizeilicher Brutalit\u00e4t ist.<\/p>\n<p>Wir k\u00f6nnen nicht zufrieden   gestellt sein, solange unsere m\u00fcden Leiber nach langer Reise in den Motels an   den Landstra\u00dfen und den Hotels der gro\u00dfen St\u00e4dte keine Unterkunft finden. Wir   k\u00f6nnen nicht zufrieden gestellt sein, solange die Bewegungsfreiheit der Neger   in erster Linie darin besteht, von einem kleinen Getto in ein gr\u00f6\u00dferes zu   geraten.<\/p>\n<p>Wir k\u00f6nnen nicht zufrieden   gestellt sein, solange noch unsere Kinder ihrer Freiheit und W\u00fcrde beraubt   werden durch Zeichen, auf denen es hei\u00dft: &#8222;Nur f\u00fcr Wei\u00dfe&#8220;. Wir   k\u00f6nnen nicht zufrieden gestellt sein, solange der Neger in Mississippi nicht   das Stimmrecht hat und der Neger in New York niemand hat, den er wirklich   w\u00e4hlen m\u00f6chte. Nein, wir werden nicht zufrieden gestellt sein, bis das Recht   str\u00f6mt wie Wasser und die Gerechtigkeit wie ein m\u00e4chtiger Strom.<\/p>\n<p>Ich wei\u00df wohl, dass manche unter   euch hier hergekommen sind aus gro\u00dfer Bedr\u00e4ngnis und Tr\u00fcbsal. Einige von euch   sind direkt aus engen Gef\u00e4ngniszellen gekommen. Einige von euch sind aus   Gegenden gekommen, wo ihr aufgrund eures Verlangens nach Freiheit mitgenommen   und ersch\u00fcttert wurdet von den St\u00fcrmen der Verfolgung und polizeilicher   Brutalit\u00e4t. Ihr seid die Veteranen sch\u00f6pferischen Leidens. Macht weiter und   vertraut darauf, dass unverdientes Leiden erl\u00f6sende Qualit\u00e4t hat.<\/p>\n<p>Geht zur\u00fcck nach Mississippi, geht   zur\u00fcck nach Georgia, geht zur\u00fcck nach Lousiana, geht zur\u00fcck in die Slums und   Gettos der Gro\u00dfst\u00e4dte im Norden in dem Wissen, dass die jetzige Situation   ge\u00e4ndert werden kann und wird. Lasst uns nicht Gefallen finden am Tal der   Verzweiflung.<\/p>\n<p>Heute sage ich euch, meine   Freunde, trotz der Schwierigkeiten von heute und morgen habe ich einen Traum.   Es ist ein Traum, der tief verwurzelt ist in amerikanischen Traum. Ich habe   einen Traum, dass eines Tages diese Nation sich erheben wird und der wahren   Bedeutung ihres Credos gem\u00e4\u00df leben wird: &#8222;Wir halten diese Wahrheit f\u00fcr   selbstverst\u00e4ndlich: dass alle Menschen gleich erschaffen sind.&#8220;<\/p>\n<p><strong>Ich habe einen Traum<\/strong>, dass eines   Tages auf den roten H\u00fcgeln von Georgia die S\u00f6hne fr\u00fcherer Slaven und die   S\u00f6hne fr\u00fcherer Sklavenhalter miteinander am Tisch der Br\u00fcderlichkeit sitzen   k\u00f6nnen.<\/p>\n<p><strong>Ich habe einen Traum<\/strong>, dass sich   eines Tages selbst der Staat Mississippi, ein Staat , der in der Hitze der   Ungerechtigkeit und Unterdr\u00fcckung verschmachtet, in eine Oase und   Gerechtigkeit verwandelt.<\/p>\n<p><strong>Ich habe einen Traum<\/strong>, dass meine   vier kleinen Kinder eines Tages in einer Nation leben werden, in der man sie   nicht nach ihrer Hautfarbe, sondern nach ihrem Charakter beurteilen wird. Ich   habe einen Traum heute . . .<\/p>\n<p><strong>Ich habe einen Traum<\/strong>, dass eines   Tages in Alabama mit seinen b\u00f6sartigen Rassisten, mit seinem Gouverneur, von   dessen Lippen Worte wie &#8222;Intervention&#8220; und &#8222;Annullierung der   Rassenintegration&#8220; triefen . . ., dass eines Tages genau dort in Alabama   kleine schwarze Jungen und M\u00e4dchen die H\u00e4nde sch\u00fctteln mit kleinen wei\u00dfen   Jungen und M\u00e4dchen als Br\u00fcdern und Schwestern. Ich habe einen Traum, dass   eines Tages jedes Tal erh\u00f6ht und jeder H\u00fcgel und Berg erniedrigt wird. Die   rauen Orte werden gegl\u00e4ttet und die unebenen Orte begradigt werden. Und die   Herrlichkeit des Herrn wird offenbar werden, und alles Fleisch wird es sehen.<\/p>\n<p>Das ist unsere Hoffnung. Mit   diesem Glauben kehre ich in den S\u00fcden zur\u00fcck.<\/p>\n<p><strong>Mit diesen Glauben werde ich f\u00e4hig   sein, aus dem Berg der Verzweiflung einen Stein der Hoffnung zu hauen. Mit   diesem Glauben werden wir f\u00e4hig sein, die schrillen Misskl\u00e4nge in unserer   Nation in eine wunderbare Symphonie der Br\u00fcderlichkeit zu verwandeln.<\/strong><\/p>\n<p>Mit diesem Glauben werden wir   f\u00e4hig sein, zusammen zu arbeiten, zusammen zu beten, zusammen zu k\u00e4mpfen,   zusammen ins Gef\u00e4ngnis zu gehen, zusammen f\u00fcr die Freiheit aufzustehen, in   dem Wissen, dass wir eines Tages frei sein werden. Das wird der Tag sein, an   dem alle Kinder Gottes diesem Lied eine neue Bedeutung geben k\u00f6nnen:   &#8222;Mein Land von dir, du Land der Freiheit singe ich. Land, wo meine V\u00e4ter   starben, Stolz der Pilger, von allen Bergen lasst die Freiheit   erschallen.&#8220; Soll Amerika eine gro\u00dfe Nation werden, dann muss dies war   werden.<\/p>\n<p>So lasst die Freiheit erschallen   von den gewaltigen Gipfeln New Hampshires.    Lasst die Freiheit erschallen von den m\u00e4chtigen Bergen New Yorks,    lasst die Freiheit erschallen von den hohen Alleghenies in Pennsylvania.    Lasst die Freiheit erschallen von den schneebedeckten Rocky Mountains in   Colorado.    Lasst die Freiheit erschallen von den geschwungenen H\u00e4ngen Kaliforniens.    Aber nicht nur das,    lasst die Freiheit erschallen von Georgias Stone Montain.    Lasst die Freiheit erschallen von Tennesees Lookout Mountain.    Lasst die Freiheit erschallen von jedem H\u00fcgel und Maulwurfsh\u00fcgel in   Mississippi, von jeder Erhebung lasst die Freiheit erschallen.<\/p>\n<p>Wenn wir   die Freiheit erschallen lassen &#8211; wenn wir sie erschallen lassen von jeder   Stadt und jedem Weiler, von jedem Staat und jeder Gro\u00dfstadt, dann werden wir   den Tag beschleunigen k\u00f6nnen, an dem alle Kinder Gottes &#8211; schwarze und wei\u00dfe   Menschen, Juden und Heiden, Protestanten und Katholiken &#8211; sich die H\u00e4nde   reichen und die Worte des alten Negro Spiritual singen k\u00f6nnen: &#8222;Endlich   frei! Endlich frei! Gro\u00dfer allm\u00e4chtiger Gott, wir sind endlich frei!&#8220; \u00a9 Martin Luther King<\/p>\n<h5 class=\"green\">Quelle<\/h5>\n<p>Martin Luther King<\/p>\n<div class=\"shariff shariff-align-flex-start shariff-widget-align-flex-start\"><div class=\"ShariffHeadline\">Diese Meldung teilen<\/div><ul class=\"shariff-buttons theme-round orientation-horizontal buttonsize-medium\"><li class=\"shariff-button facebook shariff-nocustomcolor\" style=\"background-color:#4273c8;border-radius:1%\"><a href=\"https:\/\/www.facebook.com\/sharer\/sharer.php?u=https%3A%2F%2Fwww.sonnenseite.com%2Fde%2Fzukunft%2Fmartin-luther-king-ich-habe-einen-traum%2F\" title=\"Bei Facebook teilen\" aria-label=\"Bei Facebook teilen\" role=\"button\" rel=\"nofollow\" class=\"shariff-link\" style=\";border-radius:1%; background-color:#3b5998; color:#fff\" target=\"_blank\"><span class=\"shariff-icon\" style=\"\"><svg width=\"32px\" height=\"20px\" xmlns=\"http:\/\/www.w3.org\/2000\/svg\" viewBox=\"0 0 18 32\"><path fill=\"#3b5998\" d=\"M17.1 0.2v4.7h-2.8q-1.5 0-2.1 0.6t-0.5 1.9v3.4h5.2l-0.7 5.3h-4.5v13.6h-5.5v-13.6h-4.5v-5.3h4.5v-3.9q0-3.3 1.9-5.2t5-1.8q2.6 0 4.1 0.2z\"\/><\/svg><\/span><\/a><\/li><li class=\"shariff-button twitter shariff-nocustomcolor\" style=\"background-color:#595959;border-radius:1%\"><a href=\"https:\/\/twitter.com\/share?url=https%3A%2F%2Fwww.sonnenseite.com%2Fde%2Fzukunft%2Fmartin-luther-king-ich-habe-einen-traum%2F&text=Martin%20Luther%20King%3A%20%E2%80%9EIch%20habe%20einen%20Traum%E2%80%9C\" title=\"Bei X teilen\" aria-label=\"Bei X teilen\" role=\"button\" rel=\"noopener nofollow\" class=\"shariff-link\" style=\";border-radius:1%; background-color:#000; color:#fff\" target=\"_blank\"><span class=\"shariff-icon\" style=\"\"><svg width=\"32px\" height=\"20px\" xmlns=\"http:\/\/www.w3.org\/2000\/svg\" viewBox=\"0 0 24 24\"><path fill=\"#000\" d=\"M14.258 10.152L23.176 0h-2.113l-7.747 8.813L7.133 0H0l9.352 13.328L0 23.973h2.113l8.176-9.309 6.531 9.309h7.133zm-2.895 3.293l-.949-1.328L2.875 1.56h3.246l6.086 8.523.945 1.328 7.91 11.078h-3.246zm0 0\"\/><\/svg><\/span><\/a><\/li><li class=\"shariff-button xing shariff-nocustomcolor\" style=\"background-color:#29888a;border-radius:1%\"><a href=\"https:\/\/www.xing.com\/spi\/shares\/new?url=https%3A%2F%2Fwww.sonnenseite.com%2Fde%2Fzukunft%2Fmartin-luther-king-ich-habe-einen-traum%2F\" title=\"Bei XING teilen\" aria-label=\"Bei XING teilen\" role=\"button\" rel=\"noopener nofollow\" class=\"shariff-link\" style=\";border-radius:1%; background-color:#126567; color:#fff\" target=\"_blank\"><span class=\"shariff-icon\" style=\"\"><svg width=\"32px\" height=\"20px\" xmlns=\"http:\/\/www.w3.org\/2000\/svg\" viewBox=\"0 0 25 32\"><path fill=\"#126567\" d=\"M10.7 11.9q-0.2 0.3-4.6 8.2-0.5 0.8-1.2 0.8h-4.3q-0.4 0-0.5-0.3t0-0.6l4.5-8q0 0 0 0l-2.9-5q-0.2-0.4 0-0.7 0.2-0.3 0.5-0.3h4.3q0.7 0 1.2 0.8zM25.1 0.4q0.2 0.3 0 0.7l-9.4 16.7 6 11q0.2 0.4 0 0.6-0.2 0.3-0.6 0.3h-4.3q-0.7 0-1.2-0.8l-6-11.1q0.3-0.6 9.5-16.8 0.4-0.8 1.2-0.8h4.3q0.4 0 0.5 0.3z\"\/><\/svg><\/span><\/a><\/li><li class=\"shariff-button linkedin shariff-nocustomcolor\" style=\"background-color:#1488bf;border-radius:1%\"><a href=\"https:\/\/www.linkedin.com\/sharing\/share-offsite\/?url=https%3A%2F%2Fwww.sonnenseite.com%2Fde%2Fzukunft%2Fmartin-luther-king-ich-habe-einen-traum%2F\" title=\"Bei LinkedIn teilen\" aria-label=\"Bei LinkedIn teilen\" role=\"button\" rel=\"noopener nofollow\" class=\"shariff-link\" style=\";border-radius:1%; background-color:#0077b5; color:#fff\" target=\"_blank\"><span class=\"shariff-icon\" style=\"\"><svg width=\"32px\" height=\"20px\" xmlns=\"http:\/\/www.w3.org\/2000\/svg\" viewBox=\"0 0 27 32\"><path fill=\"#0077b5\" d=\"M6.2 11.2v17.7h-5.9v-17.7h5.9zM6.6 5.7q0 1.3-0.9 2.2t-2.4 0.9h0q-1.5 0-2.4-0.9t-0.9-2.2 0.9-2.2 2.4-0.9 2.4 0.9 0.9 2.2zM27.4 18.7v10.1h-5.9v-9.5q0-1.9-0.7-2.9t-2.3-1.1q-1.1 0-1.9 0.6t-1.2 1.5q-0.2 0.5-0.2 1.4v9.9h-5.9q0-7.1 0-11.6t0-5.3l0-0.9h5.9v2.6h0q0.4-0.6 0.7-1t1-0.9 1.6-0.8 2-0.3q3 0 4.9 2t1.9 6z\"\/><\/svg><\/span><\/a><\/li><li class=\"shariff-button printer shariff-nocustomcolor\" style=\"background-color:#a8a8a8;border-radius:1%\"><a href=\"javascript:window.print()\" title=\"drucken\" aria-label=\"drucken\" role=\"button\" rel=\"noopener nofollow\" class=\"shariff-link\" style=\";border-radius:1%; background-color:#999; color:#fff\"><span class=\"shariff-icon\" style=\"\"><svg width=\"32px\" height=\"20px\" xmlns=\"http:\/\/www.w3.org\/2000\/svg\" viewBox=\"0 0 30 32\"><path fill=\"#999\" d=\"M6.8 27.4h16v-4.6h-16v4.6zM6.8 16h16v-6.8h-2.8q-0.7 0-1.2-0.5t-0.5-1.2v-2.8h-11.4v11.4zM27.4 17.2q0-0.5-0.3-0.8t-0.8-0.4-0.8 0.4-0.3 0.8 0.3 0.8 0.8 0.3 0.8-0.3 0.3-0.8zM29.7 17.2v7.4q0 0.2-0.2 0.4t-0.4 0.2h-4v2.8q0 0.7-0.5 1.2t-1.2 0.5h-17.2q-0.7 0-1.2-0.5t-0.5-1.2v-2.8h-4q-0.2 0-0.4-0.2t-0.2-0.4v-7.4q0-1.4 1-2.4t2.4-1h1.2v-9.7q0-0.7 0.5-1.2t1.2-0.5h12q0.7 0 1.6 0.4t1.3 0.8l2.7 2.7q0.5 0.5 0.9 1.4t0.4 1.6v4.6h1.1q1.4 0 2.4 1t1 2.4z\"\/><\/svg><\/span><\/a><\/li><li class=\"shariff-button mailto shariff-nocustomcolor\" style=\"background-color:#a8a8a8;border-radius:1%\"><a href=\"mailto:?body=https%3A%2F%2Fwww.sonnenseite.com%2Fde%2Fzukunft%2Fmartin-luther-king-ich-habe-einen-traum%2F&subject=Martin%20Luther%20King%3A%20%E2%80%9EIch%20habe%20einen%20Traum%E2%80%9C\" title=\"Per E-Mail versenden\" aria-label=\"Per E-Mail versenden\" role=\"button\" rel=\"noopener nofollow\" class=\"shariff-link\" style=\";border-radius:1%; background-color:#999; color:#fff\"><span class=\"shariff-icon\" style=\"\"><svg width=\"32px\" height=\"20px\" xmlns=\"http:\/\/www.w3.org\/2000\/svg\" viewBox=\"0 0 32 32\"><path fill=\"#999\" d=\"M32 12.7v14.2q0 1.2-0.8 2t-2 0.9h-26.3q-1.2 0-2-0.9t-0.8-2v-14.2q0.8 0.9 1.8 1.6 6.5 4.4 8.9 6.1 1 0.8 1.6 1.2t1.7 0.9 2 0.4h0.1q0.9 0 2-0.4t1.7-0.9 1.6-1.2q3-2.2 8.9-6.1 1-0.7 1.8-1.6zM32 7.4q0 1.4-0.9 2.7t-2.2 2.2q-6.7 4.7-8.4 5.8-0.2 0.1-0.7 0.5t-1 0.7-0.9 0.6-1.1 0.5-0.9 0.2h-0.1q-0.4 0-0.9-0.2t-1.1-0.5-0.9-0.6-1-0.7-0.7-0.5q-1.6-1.1-4.7-3.2t-3.6-2.6q-1.1-0.7-2.1-2t-1-2.5q0-1.4 0.7-2.3t2.1-0.9h26.3q1.2 0 2 0.8t0.9 2z\"\/><\/svg><\/span><\/a><\/li><\/ul><\/div>","protected":false},"excerpt":{"rendered":"<p>&#8222;I have a dream&#8220; wird seit 50 Jahren mit Martin Luther King verbunden. Seine ber\u00fchmte Rede [&hellip;]<\/p>\n","protected":false},"author":1,"featured_media":50987,"comment_status":"closed","ping_status":"closed","sticky":false,"template":"","format":"standard","meta":{"inline_featured_image":false,"footnotes":""},"categories":[27],"tags":[],"class_list":["post-53636","post","type-post","status-publish","format-standard","has-post-thumbnail","hentry","category-zukunft"],"yoast_head":"<!-- This site is optimized with the Yoast SEO plugin v26.5 - https:\/\/yoast.com\/wordpress\/plugins\/seo\/ -->\n<title>Martin Luther King: &quot;Ich habe einen Traum&quot; - Sonnenseite - \u00d6kologische Kommunikation mit Franz Alt<\/title>\n<meta name=\"description\" content=\"&quot;I have a dream&quot; wird seit 50 Jahren mit Martin Luther King verbunden. Seine ber\u00fchmte Rede hielt der Baptistenpfarrer vor 50 Jahren auf einer\" \/>\n<meta name=\"robots\" content=\"index, follow, max-snippet:-1, max-image-preview:large, max-video-preview:-1\" \/>\n<link rel=\"canonical\" href=\"https:\/\/www.sonnenseite.com\/de\/zukunft\/martin-luther-king-ich-habe-einen-traum\/\" \/>\n<meta property=\"og:locale\" content=\"de_DE\" \/>\n<meta property=\"og:type\" content=\"article\" \/>\n<meta property=\"og:title\" content=\"Martin Luther King: &quot;Ich habe einen Traum&quot; - Sonnenseite - \u00d6kologische Kommunikation mit Franz Alt\" \/>\n<meta property=\"og:description\" content=\"&quot;I have a dream&quot; wird seit 50 Jahren mit Martin Luther King verbunden. Seine ber\u00fchmte Rede hielt der Baptistenpfarrer vor 50 Jahren auf einer\" \/>\n<meta property=\"og:url\" content=\"https:\/\/www.sonnenseite.com\/de\/zukunft\/martin-luther-king-ich-habe-einen-traum\/\" \/>\n<meta property=\"og:site_name\" content=\"Sonnenseite\" \/>\n<meta property=\"article:publisher\" content=\"https:\/\/www.facebook.com\/pages\/Franz-Alt-SONNENSEITECOM\/221072987903953?fref=ts\" \/>\n<meta property=\"article:published_time\" content=\"2013-08-26T22:00:00+00:00\" \/>\n<meta property=\"og:image\" content=\"https:\/\/www.sonnenseite.com\/wp-content\/uploads\/2020\/06\/archiv_artikel.jpg\" \/>\n\t<meta property=\"og:image:width\" content=\"770\" \/>\n\t<meta property=\"og:image:height\" content=\"420\" \/>\n\t<meta property=\"og:image:type\" content=\"image\/jpeg\" \/>\n<meta name=\"author\" content=\"sbade\" \/>\n<meta name=\"twitter:card\" content=\"summary_large_image\" \/>\n<meta name=\"twitter:creator\" content=\"@franzalt\" \/>\n<meta name=\"twitter:site\" content=\"@franzalt\" \/>\n<meta name=\"twitter:label1\" content=\"Verfasst von\" \/>\n\t<meta name=\"twitter:data1\" content=\"sbade\" \/>\n\t<meta name=\"twitter:label2\" content=\"Gesch\u00e4tzte Lesezeit\" \/>\n\t<meta name=\"twitter:data2\" content=\"9\u00a0Minuten\" \/>\n<script type=\"application\/ld+json\" class=\"yoast-schema-graph\">{\"@context\":\"https:\/\/schema.org\",\"@graph\":[{\"@type\":\"Article\",\"@id\":\"https:\/\/www.sonnenseite.com\/de\/zukunft\/martin-luther-king-ich-habe-einen-traum\/#article\",\"isPartOf\":{\"@id\":\"https:\/\/www.sonnenseite.com\/de\/zukunft\/martin-luther-king-ich-habe-einen-traum\/\"},\"author\":{\"name\":\"sbade\",\"@id\":\"https:\/\/www.sonnenseite.com\/de\/#\/schema\/person\/6df44691cd9a70d99e140e1116ee8771\"},\"headline\":\"Martin Luther King: &#8222;Ich habe einen Traum&#8220;\",\"datePublished\":\"2013-08-26T22:00:00+00:00\",\"mainEntityOfPage\":{\"@id\":\"https:\/\/www.sonnenseite.com\/de\/zukunft\/martin-luther-king-ich-habe-einen-traum\/\"},\"wordCount\":1720,\"publisher\":{\"@id\":\"https:\/\/www.sonnenseite.com\/de\/#organization\"},\"image\":{\"@id\":\"https:\/\/www.sonnenseite.com\/de\/zukunft\/martin-luther-king-ich-habe-einen-traum\/#primaryimage\"},\"thumbnailUrl\":\"https:\/\/www.sonnenseite.com\/wp-content\/uploads\/2020\/06\/archiv_artikel.jpg\",\"articleSection\":[\"Zukunft\"],\"inLanguage\":\"de\"},{\"@type\":\"WebPage\",\"@id\":\"https:\/\/www.sonnenseite.com\/de\/zukunft\/martin-luther-king-ich-habe-einen-traum\/\",\"url\":\"https:\/\/www.sonnenseite.com\/de\/zukunft\/martin-luther-king-ich-habe-einen-traum\/\",\"name\":\"Martin Luther King: \\\"Ich habe einen Traum\\\" - Sonnenseite - \u00d6kologische Kommunikation mit Franz Alt\",\"isPartOf\":{\"@id\":\"https:\/\/www.sonnenseite.com\/de\/#website\"},\"primaryImageOfPage\":{\"@id\":\"https:\/\/www.sonnenseite.com\/de\/zukunft\/martin-luther-king-ich-habe-einen-traum\/#primaryimage\"},\"image\":{\"@id\":\"https:\/\/www.sonnenseite.com\/de\/zukunft\/martin-luther-king-ich-habe-einen-traum\/#primaryimage\"},\"thumbnailUrl\":\"https:\/\/www.sonnenseite.com\/wp-content\/uploads\/2020\/06\/archiv_artikel.jpg\",\"datePublished\":\"2013-08-26T22:00:00+00:00\",\"description\":\"\\\"I have a dream\\\" wird seit 50 Jahren mit Martin Luther King verbunden. Seine ber\u00fchmte Rede hielt der Baptistenpfarrer vor 50 Jahren auf einer\",\"breadcrumb\":{\"@id\":\"https:\/\/www.sonnenseite.com\/de\/zukunft\/martin-luther-king-ich-habe-einen-traum\/#breadcrumb\"},\"inLanguage\":\"de\",\"potentialAction\":[{\"@type\":\"ReadAction\",\"target\":[\"https:\/\/www.sonnenseite.com\/de\/zukunft\/martin-luther-king-ich-habe-einen-traum\/\"]}]},{\"@type\":\"ImageObject\",\"inLanguage\":\"de\",\"@id\":\"https:\/\/www.sonnenseite.com\/de\/zukunft\/martin-luther-king-ich-habe-einen-traum\/#primaryimage\",\"url\":\"https:\/\/www.sonnenseite.com\/wp-content\/uploads\/2020\/06\/archiv_artikel.jpg\",\"contentUrl\":\"https:\/\/www.sonnenseite.com\/wp-content\/uploads\/2020\/06\/archiv_artikel.jpg\",\"width\":770,\"height\":420,\"caption\":\"Sonnenseite\"},{\"@type\":\"BreadcrumbList\",\"@id\":\"https:\/\/www.sonnenseite.com\/de\/zukunft\/martin-luther-king-ich-habe-einen-traum\/#breadcrumb\",\"itemListElement\":[{\"@type\":\"ListItem\",\"position\":1,\"name\":\"Startseite\",\"item\":\"https:\/\/www.sonnenseite.com\/de\/\"},{\"@type\":\"ListItem\",\"position\":2,\"name\":\"Martin Luther King: &#8222;Ich habe einen Traum&#8220;\"}]},{\"@type\":\"WebSite\",\"@id\":\"https:\/\/www.sonnenseite.com\/de\/#website\",\"url\":\"https:\/\/www.sonnenseite.com\/de\/\",\"name\":\"Sonnenseite\",\"description\":\"\u00d6kologische Kommunikation mit Franz Alt\",\"publisher\":{\"@id\":\"https:\/\/www.sonnenseite.com\/de\/#organization\"},\"potentialAction\":[{\"@type\":\"SearchAction\",\"target\":{\"@type\":\"EntryPoint\",\"urlTemplate\":\"https:\/\/www.sonnenseite.com\/de\/?s={search_term_string}\"},\"query-input\":{\"@type\":\"PropertyValueSpecification\",\"valueRequired\":true,\"valueName\":\"search_term_string\"}}],\"inLanguage\":\"de\"},{\"@type\":\"Organization\",\"@id\":\"https:\/\/www.sonnenseite.com\/de\/#organization\",\"name\":\"Sonnenseite\",\"url\":\"https:\/\/www.sonnenseite.com\/de\/\",\"logo\":{\"@type\":\"ImageObject\",\"inLanguage\":\"de\",\"@id\":\"https:\/\/www.sonnenseite.com\/de\/#\/schema\/logo\/image\/\",\"url\":\"https:\/\/www.sonnenseite.com\/wp-content\/uploads\/2020\/05\/Sonnenseite_Logo.png\",\"contentUrl\":\"https:\/\/www.sonnenseite.com\/wp-content\/uploads\/2020\/05\/Sonnenseite_Logo.png\",\"width\":377,\"height\":90,\"caption\":\"Sonnenseite\"},\"image\":{\"@id\":\"https:\/\/www.sonnenseite.com\/de\/#\/schema\/logo\/image\/\"},\"sameAs\":[\"https:\/\/www.facebook.com\/pages\/Franz-Alt-SONNENSEITECOM\/221072987903953?fref=ts\",\"https:\/\/x.com\/franzalt\",\"http:\/\/www.youtube.com\/results?search_query&amp;amp;quot;franz_alt&amp;amp;quot;&amp;amp;amp;amp;search_type&amp;amp;amp;amp;aq=f\"]},{\"@type\":\"Person\",\"@id\":\"https:\/\/www.sonnenseite.com\/de\/#\/schema\/person\/6df44691cd9a70d99e140e1116ee8771\",\"name\":\"sbade\",\"sameAs\":[\"https:\/\/www.sonnenseite.com\"]}]}<\/script>\n<!-- \/ Yoast SEO plugin. -->","yoast_head_json":{"title":"Martin Luther King: \"Ich habe einen Traum\" - Sonnenseite - \u00d6kologische Kommunikation mit Franz Alt","description":"\"I have a dream\" wird seit 50 Jahren mit Martin Luther King verbunden. Seine ber\u00fchmte Rede hielt der Baptistenpfarrer vor 50 Jahren auf einer","robots":{"index":"index","follow":"follow","max-snippet":"max-snippet:-1","max-image-preview":"max-image-preview:large","max-video-preview":"max-video-preview:-1"},"canonical":"https:\/\/www.sonnenseite.com\/de\/zukunft\/martin-luther-king-ich-habe-einen-traum\/","og_locale":"de_DE","og_type":"article","og_title":"Martin Luther King: \"Ich habe einen Traum\" - Sonnenseite - \u00d6kologische Kommunikation mit Franz Alt","og_description":"\"I have a dream\" wird seit 50 Jahren mit Martin Luther King verbunden. Seine ber\u00fchmte Rede hielt der Baptistenpfarrer vor 50 Jahren auf einer","og_url":"https:\/\/www.sonnenseite.com\/de\/zukunft\/martin-luther-king-ich-habe-einen-traum\/","og_site_name":"Sonnenseite","article_publisher":"https:\/\/www.facebook.com\/pages\/Franz-Alt-SONNENSEITECOM\/221072987903953?fref=ts","article_published_time":"2013-08-26T22:00:00+00:00","og_image":[{"width":770,"height":420,"url":"https:\/\/www.sonnenseite.com\/wp-content\/uploads\/2020\/06\/archiv_artikel.jpg","type":"image\/jpeg"}],"author":"sbade","twitter_card":"summary_large_image","twitter_creator":"@franzalt","twitter_site":"@franzalt","twitter_misc":{"Verfasst von":"sbade","Gesch\u00e4tzte Lesezeit":"9\u00a0Minuten"},"schema":{"@context":"https:\/\/schema.org","@graph":[{"@type":"Article","@id":"https:\/\/www.sonnenseite.com\/de\/zukunft\/martin-luther-king-ich-habe-einen-traum\/#article","isPartOf":{"@id":"https:\/\/www.sonnenseite.com\/de\/zukunft\/martin-luther-king-ich-habe-einen-traum\/"},"author":{"name":"sbade","@id":"https:\/\/www.sonnenseite.com\/de\/#\/schema\/person\/6df44691cd9a70d99e140e1116ee8771"},"headline":"Martin Luther King: &#8222;Ich habe einen Traum&#8220;","datePublished":"2013-08-26T22:00:00+00:00","mainEntityOfPage":{"@id":"https:\/\/www.sonnenseite.com\/de\/zukunft\/martin-luther-king-ich-habe-einen-traum\/"},"wordCount":1720,"publisher":{"@id":"https:\/\/www.sonnenseite.com\/de\/#organization"},"image":{"@id":"https:\/\/www.sonnenseite.com\/de\/zukunft\/martin-luther-king-ich-habe-einen-traum\/#primaryimage"},"thumbnailUrl":"https:\/\/www.sonnenseite.com\/wp-content\/uploads\/2020\/06\/archiv_artikel.jpg","articleSection":["Zukunft"],"inLanguage":"de"},{"@type":"WebPage","@id":"https:\/\/www.sonnenseite.com\/de\/zukunft\/martin-luther-king-ich-habe-einen-traum\/","url":"https:\/\/www.sonnenseite.com\/de\/zukunft\/martin-luther-king-ich-habe-einen-traum\/","name":"Martin Luther King: \"Ich habe einen Traum\" - Sonnenseite - \u00d6kologische Kommunikation mit Franz Alt","isPartOf":{"@id":"https:\/\/www.sonnenseite.com\/de\/#website"},"primaryImageOfPage":{"@id":"https:\/\/www.sonnenseite.com\/de\/zukunft\/martin-luther-king-ich-habe-einen-traum\/#primaryimage"},"image":{"@id":"https:\/\/www.sonnenseite.com\/de\/zukunft\/martin-luther-king-ich-habe-einen-traum\/#primaryimage"},"thumbnailUrl":"https:\/\/www.sonnenseite.com\/wp-content\/uploads\/2020\/06\/archiv_artikel.jpg","datePublished":"2013-08-26T22:00:00+00:00","description":"\"I have a dream\" wird seit 50 Jahren mit Martin Luther King verbunden. Seine ber\u00fchmte Rede hielt der Baptistenpfarrer vor 50 Jahren auf einer","breadcrumb":{"@id":"https:\/\/www.sonnenseite.com\/de\/zukunft\/martin-luther-king-ich-habe-einen-traum\/#breadcrumb"},"inLanguage":"de","potentialAction":[{"@type":"ReadAction","target":["https:\/\/www.sonnenseite.com\/de\/zukunft\/martin-luther-king-ich-habe-einen-traum\/"]}]},{"@type":"ImageObject","inLanguage":"de","@id":"https:\/\/www.sonnenseite.com\/de\/zukunft\/martin-luther-king-ich-habe-einen-traum\/#primaryimage","url":"https:\/\/www.sonnenseite.com\/wp-content\/uploads\/2020\/06\/archiv_artikel.jpg","contentUrl":"https:\/\/www.sonnenseite.com\/wp-content\/uploads\/2020\/06\/archiv_artikel.jpg","width":770,"height":420,"caption":"Sonnenseite"},{"@type":"BreadcrumbList","@id":"https:\/\/www.sonnenseite.com\/de\/zukunft\/martin-luther-king-ich-habe-einen-traum\/#breadcrumb","itemListElement":[{"@type":"ListItem","position":1,"name":"Startseite","item":"https:\/\/www.sonnenseite.com\/de\/"},{"@type":"ListItem","position":2,"name":"Martin Luther King: &#8222;Ich habe einen Traum&#8220;"}]},{"@type":"WebSite","@id":"https:\/\/www.sonnenseite.com\/de\/#website","url":"https:\/\/www.sonnenseite.com\/de\/","name":"Sonnenseite","description":"\u00d6kologische Kommunikation mit Franz Alt","publisher":{"@id":"https:\/\/www.sonnenseite.com\/de\/#organization"},"potentialAction":[{"@type":"SearchAction","target":{"@type":"EntryPoint","urlTemplate":"https:\/\/www.sonnenseite.com\/de\/?s={search_term_string}"},"query-input":{"@type":"PropertyValueSpecification","valueRequired":true,"valueName":"search_term_string"}}],"inLanguage":"de"},{"@type":"Organization","@id":"https:\/\/www.sonnenseite.com\/de\/#organization","name":"Sonnenseite","url":"https:\/\/www.sonnenseite.com\/de\/","logo":{"@type":"ImageObject","inLanguage":"de","@id":"https:\/\/www.sonnenseite.com\/de\/#\/schema\/logo\/image\/","url":"https:\/\/www.sonnenseite.com\/wp-content\/uploads\/2020\/05\/Sonnenseite_Logo.png","contentUrl":"https:\/\/www.sonnenseite.com\/wp-content\/uploads\/2020\/05\/Sonnenseite_Logo.png","width":377,"height":90,"caption":"Sonnenseite"},"image":{"@id":"https:\/\/www.sonnenseite.com\/de\/#\/schema\/logo\/image\/"},"sameAs":["https:\/\/www.facebook.com\/pages\/Franz-Alt-SONNENSEITECOM\/221072987903953?fref=ts","https:\/\/x.com\/franzalt","http:\/\/www.youtube.com\/results?search_query&amp;amp;quot;franz_alt&amp;amp;quot;&amp;amp;amp;amp;search_type&amp;amp;amp;amp;aq=f"]},{"@type":"Person","@id":"https:\/\/www.sonnenseite.com\/de\/#\/schema\/person\/6df44691cd9a70d99e140e1116ee8771","name":"sbade","sameAs":["https:\/\/www.sonnenseite.com"]}]}},"_links":{"self":[{"href":"https:\/\/www.sonnenseite.com\/de\/wp-json\/wp\/v2\/posts\/53636","targetHints":{"allow":["GET"]}}],"collection":[{"href":"https:\/\/www.sonnenseite.com\/de\/wp-json\/wp\/v2\/posts"}],"about":[{"href":"https:\/\/www.sonnenseite.com\/de\/wp-json\/wp\/v2\/types\/post"}],"author":[{"embeddable":true,"href":"https:\/\/www.sonnenseite.com\/de\/wp-json\/wp\/v2\/users\/1"}],"replies":[{"embeddable":true,"href":"https:\/\/www.sonnenseite.com\/de\/wp-json\/wp\/v2\/comments?post=53636"}],"version-history":[{"count":0,"href":"https:\/\/www.sonnenseite.com\/de\/wp-json\/wp\/v2\/posts\/53636\/revisions"}],"wp:featuredmedia":[{"embeddable":true,"href":"https:\/\/www.sonnenseite.com\/de\/wp-json\/wp\/v2\/media\/50987"}],"wp:attachment":[{"href":"https:\/\/www.sonnenseite.com\/de\/wp-json\/wp\/v2\/media?parent=53636"}],"wp:term":[{"taxonomy":"category","embeddable":true,"href":"https:\/\/www.sonnenseite.com\/de\/wp-json\/wp\/v2\/categories?post=53636"},{"taxonomy":"post_tag","embeddable":true,"href":"https:\/\/www.sonnenseite.com\/de\/wp-json\/wp\/v2\/tags?post=53636"}],"curies":[{"name":"wp","href":"https:\/\/api.w.org\/{rel}","templated":true}]}}