{"id":53943,"date":"2013-07-10T00:00:00","date_gmt":"2013-07-09T22:00:00","guid":{"rendered":"https:\/\/www.sonnenseite.com\/politik\/schweiz-energiewende-kostet-weniger-als-die-nicht-wende.html"},"modified":"2013-07-10T00:00:00","modified_gmt":"2013-07-09T22:00:00","slug":"schweiz-energiewende-kostet-weniger-als-die-nicht-wende","status":"publish","type":"post","link":"https:\/\/www.sonnenseite.com\/de\/politik\/schweiz-energiewende-kostet-weniger-als-die-nicht-wende\/","title":{"rendered":"Schweiz: Energiewende kostet weniger als die Nicht-Wende"},"content":{"rendered":"<p>Das Generationenprojekt Energiewende ist eingel\u00e4utet. Ein &#8222;Zur\u00fcck&#8220; gibt es nicht mehr. <!--more--> <\/p>\n<p>Die SES hat sich mit\u00a0einer\u00a0Fachtagung &#8222;Energiewende \u2013 Was kostet sie wirklich?&#8220; der Kostenfrage der k\u00fcnftigen Energieversorgung angenommen. Die Fachtagung leistete einen Beitrag zur Versachlichung der Kostendiskussion rund um die Energiewende. Einer der Schwerpunkte der Tagung war die neue SES-Studie &#8222;Kosten der (Nicht-) Energiewende&#8220;.<\/p>\n<p>Die Beitr\u00e4ge\u00a0\u00a0der Fachtagung zeigten eines klar: Die Kosten der Energiewende auf 40 Jahre hinaus zu berechnen, ist ein schwieriges Unterfangen. Die Spannbreite der errechneten Kosten liegt je nach Szenario sehr weit auseinander. Die SES-Fachtagung 2013 hilft den gut 200 TagungsteilnehmerInnen die unterschiedlichen Kostensch\u00e4tzungen besser einzuordnen.<strong> <\/strong><\/p>\n<p><strong>Im ersten Teil der Tagung <\/strong>ging\u00a0 es grunds\u00e4tzlich um die Kosten unserer heutigen Energieversorgung: Der Energiejournalist Hanspeter Guggenb\u00fchl stellt dar, wieviel Energie in der Schweiz pro Kopf verschwendet wird: &#8222;Eine Person in der Schweiz besch\u00e4ftigt durchschnittlich 35 Endenergie-Sklaven.&#8220;<\/p>\n<p>Die beiden Greenpeace-Fachexperten Florian Kasser und Georg Klingler rechnen vor: &#8222;Investitionen in Energieeffizienz und erneuerbare Energien weisen heute geringere Vollkosten auf als die konventionellen Energien.&#8220; Und Daniele Ganser, Historiker und Friedensforscher, sagt zur Notwendigkeit der Energiewende: &#8222;Erd\u00f6l ist knapp und global umk\u00e4mpft. Irakkrieg, Fracking, Erd\u00f6l vom Nordpol, \u00d6lsand und Tiefsee\u00f6l sind keine klugen Antworten auf die Knappheiten beim konventionellen Erd\u00f6l.&#8220;<\/p>\n<p>Zum Schluss bezeichnet Miranda A. Schreurs, Mitglied des Sachverst\u00e4ndigenrats f\u00fcr Umweltfragen der Bundesrepublik Deutschland, die Energiewende als ein Experiment gr\u00f6sseren Ausmasses. Bis 2050 will sich die BRD gr\u00f6sstenteils von ihrer Abh\u00e4ngigkeit von fossilen Energien l\u00f6sen und diese mit erneuerbaren Energien substituieren.<\/p>\n<p><strong>Im zweiten Teil der Tagung<\/strong> zeigten die \u00d6konomen Kurt Lanz, economiesuisse, Andr\u00e9 M\u00fcller, Ecoplan, Philippe Thalmann, ETH Lausanne, und Beat Meier, bemepro, die grosse Bandbreite der Kosten und Gewinne der Energiewende auf. \u00e9 M\u00fcller: &#8222;Die Energiewende wird etwas kosten und darf auch etwas kosten, da mit ihr der n\u00f6tige Beitrag zu einer international harmonisierten Klimapolitik geleistet wird.&#8220;<\/p>\n<p>Die economiesuisse hingegen kommt wenig \u00fcberraschend zu einem anderen Schluss: &#8222;Die Energiewende f\u00fchrt zu abnehmender Versorgungssicherheit, h\u00f6heren Energiekosten und einen Verlust an Wettbewerbsf\u00e4higkeit.&#8220; Philippe Thalmann hingegen relativiert: &#8222;Im Allgemeinen kann festgehalten werden, dass unterschiedliche Studien aus drei Hauptgr\u00fcnden zu unterschiedlichen Resultaten f\u00fchren k\u00f6nnen erstens aufgrund unterschiedlicher Modelle, zweitens wegen Unterschieden bei den simulierten Szenarien und drittens aufgrund unterschiedlicher Wahl der Indikatoren f\u00fcr die Auswirkungen der Szenarien.&#8220;<\/p>\n<p><strong>Der \u00d6konom Beat Meier, bemepro, beantwortete die wichtige Frage, was uns den eigentlich die Nicht-Wende kosten w\u00fcrde<\/strong>. Im Auftrag der SES erarbeitete er die Studie \u00abKosten der (Nicht-) Energiewende\u00bb, die eindeutig aufzeigt: Die Nicht-Wende ist teurer als die Energiewende, oder anders gesprochen: Die Energiewende lohnt sich auheben:<\/p>\n<ol>\n<li>Ab sp\u00e4testens 2040 kostet die Energiewende weniger als die Nicht-Wende.<\/li>\n<li>Bei h\u00f6heren \u00d6lpreisen rentiert die Energiewende sp\u00e4testens ab 2020.<\/li>\n<li>Mit mehr Suffizienz rentiert sich die Energiewende noch schneller.<\/li>\n<\/ol>\n<p>Es liegt auf der Hand, dass die Energiewende die Schweiz unabh\u00e4ngiger vom Ausland macht, denn sie f\u00fchrt zu Einsparungen im Importbereich: Heute fallen fast 40% der Energieversorgungskosten auf Importe. Die Energiewende reduziert die j\u00e4hrlichen Importkosten von zirka 10 Milliarden Franken massiv, n\u00e4mlich um mindestens 7 Mrd. CHF im Jahr 2050.<\/p>\n<p>Generell werden Nutzen und Gewinne der Energiewende bei den bisherigen Berechnungen kaum ber\u00fccksichtig. Cleantech Unternehmen und insbesondere das lokale Gewerbe k\u00f6nnen massiv von der Energiewende profitieren. Das zeigt unter anderem die SES-Studie &#8222;85&#8217;000 Arbeitspl\u00e4tze f\u00fcr die Schweiz&#8220;.<\/p>\n<p>Aus energiepolitischer, versorgungstechnischer und volkswirtschaftlicher Sicht gibt es somit nur noch eine Stossrichtung: Wenden und zwar heute!\u00bb<\/p>\n<ul>\n<li><a href=\"http:\/\/preszhb.bluewin.ch\/cp\/ps\/Mail\/ExternalURLProxy?t=97d70&amp;d=bluewin.ch&amp;u=1399107305&amp;url=821372420\" target=\"_BLANK\" rel=\"noopener noreferrer\">Referate<\/a><\/li>\n<li><a href=\"http:\/\/www.energiestiftung.ch\/files\/textdateien\/energiethemen\/energiepolitik\/ses-studie_kosten_kurzfassung_web.pdf\" target=\"_blank\" rel=\"noopener noreferrer\">Link zur Kurzfassung der Studie<\/a><\/li>\n<li><a href=\"http:\/\/www.energiestiftung.ch\/files\/textdateien\/energiethemen\/energiepolitik\/ses-studie_kosten_ganze-studie.pdf\" target=\"_blank\" rel=\"noopener noreferrer\">Link zur ganzen Studie<\/a><\/li>\n<\/ul>\n<h5 class=\"green\">Quelle<\/h5>\n<p>Schweizerische Energie-Stiftung (SES) 2013<\/p>\n<div class=\"shariff shariff-align-flex-start shariff-widget-align-flex-start\"><div class=\"ShariffHeadline\">Diese Meldung teilen<\/div><ul class=\"shariff-buttons theme-round orientation-horizontal buttonsize-medium\"><li class=\"shariff-button facebook shariff-nocustomcolor\" style=\"background-color:#4273c8;border-radius:1%\"><a href=\"https:\/\/www.facebook.com\/sharer\/sharer.php?u=https%3A%2F%2Fwww.sonnenseite.com%2Fde%2Fpolitik%2Fschweiz-energiewende-kostet-weniger-als-die-nicht-wende%2F\" title=\"Bei Facebook teilen\" aria-label=\"Bei Facebook teilen\" role=\"button\" rel=\"nofollow\" class=\"shariff-link\" style=\";border-radius:1%; background-color:#3b5998; color:#fff\" target=\"_blank\"><span class=\"shariff-icon\" style=\"\"><svg width=\"32px\" height=\"20px\" xmlns=\"http:\/\/www.w3.org\/2000\/svg\" viewBox=\"0 0 18 32\"><path fill=\"#3b5998\" d=\"M17.1 0.2v4.7h-2.8q-1.5 0-2.1 0.6t-0.5 1.9v3.4h5.2l-0.7 5.3h-4.5v13.6h-5.5v-13.6h-4.5v-5.3h4.5v-3.9q0-3.3 1.9-5.2t5-1.8q2.6 0 4.1 0.2z\"\/><\/svg><\/span><\/a><\/li><li class=\"shariff-button twitter shariff-nocustomcolor\" style=\"background-color:#595959;border-radius:1%\"><a href=\"https:\/\/twitter.com\/share?url=https%3A%2F%2Fwww.sonnenseite.com%2Fde%2Fpolitik%2Fschweiz-energiewende-kostet-weniger-als-die-nicht-wende%2F&text=Schweiz%3A%20Energiewende%20kostet%20weniger%20als%20die%20Nicht-Wende\" title=\"Bei X teilen\" aria-label=\"Bei X teilen\" role=\"button\" rel=\"noopener nofollow\" class=\"shariff-link\" style=\";border-radius:1%; background-color:#000; color:#fff\" target=\"_blank\"><span class=\"shariff-icon\" style=\"\"><svg width=\"32px\" height=\"20px\" xmlns=\"http:\/\/www.w3.org\/2000\/svg\" viewBox=\"0 0 24 24\"><path fill=\"#000\" d=\"M14.258 10.152L23.176 0h-2.113l-7.747 8.813L7.133 0H0l9.352 13.328L0 23.973h2.113l8.176-9.309 6.531 9.309h7.133zm-2.895 3.293l-.949-1.328L2.875 1.56h3.246l6.086 8.523.945 1.328 7.91 11.078h-3.246zm0 0\"\/><\/svg><\/span><\/a><\/li><li class=\"shariff-button xing shariff-nocustomcolor\" style=\"background-color:#29888a;border-radius:1%\"><a href=\"https:\/\/www.xing.com\/spi\/shares\/new?url=https%3A%2F%2Fwww.sonnenseite.com%2Fde%2Fpolitik%2Fschweiz-energiewende-kostet-weniger-als-die-nicht-wende%2F\" title=\"Bei XING teilen\" aria-label=\"Bei XING teilen\" role=\"button\" rel=\"noopener nofollow\" class=\"shariff-link\" style=\";border-radius:1%; background-color:#126567; color:#fff\" target=\"_blank\"><span class=\"shariff-icon\" style=\"\"><svg width=\"32px\" height=\"20px\" xmlns=\"http:\/\/www.w3.org\/2000\/svg\" viewBox=\"0 0 25 32\"><path fill=\"#126567\" d=\"M10.7 11.9q-0.2 0.3-4.6 8.2-0.5 0.8-1.2 0.8h-4.3q-0.4 0-0.5-0.3t0-0.6l4.5-8q0 0 0 0l-2.9-5q-0.2-0.4 0-0.7 0.2-0.3 0.5-0.3h4.3q0.7 0 1.2 0.8zM25.1 0.4q0.2 0.3 0 0.7l-9.4 16.7 6 11q0.2 0.4 0 0.6-0.2 0.3-0.6 0.3h-4.3q-0.7 0-1.2-0.8l-6-11.1q0.3-0.6 9.5-16.8 0.4-0.8 1.2-0.8h4.3q0.4 0 0.5 0.3z\"\/><\/svg><\/span><\/a><\/li><li class=\"shariff-button linkedin shariff-nocustomcolor\" style=\"background-color:#1488bf;border-radius:1%\"><a href=\"https:\/\/www.linkedin.com\/sharing\/share-offsite\/?url=https%3A%2F%2Fwww.sonnenseite.com%2Fde%2Fpolitik%2Fschweiz-energiewende-kostet-weniger-als-die-nicht-wende%2F\" title=\"Bei LinkedIn teilen\" aria-label=\"Bei LinkedIn teilen\" role=\"button\" rel=\"noopener nofollow\" class=\"shariff-link\" style=\";border-radius:1%; background-color:#0077b5; color:#fff\" target=\"_blank\"><span class=\"shariff-icon\" style=\"\"><svg width=\"32px\" height=\"20px\" xmlns=\"http:\/\/www.w3.org\/2000\/svg\" viewBox=\"0 0 27 32\"><path fill=\"#0077b5\" d=\"M6.2 11.2v17.7h-5.9v-17.7h5.9zM6.6 5.7q0 1.3-0.9 2.2t-2.4 0.9h0q-1.5 0-2.4-0.9t-0.9-2.2 0.9-2.2 2.4-0.9 2.4 0.9 0.9 2.2zM27.4 18.7v10.1h-5.9v-9.5q0-1.9-0.7-2.9t-2.3-1.1q-1.1 0-1.9 0.6t-1.2 1.5q-0.2 0.5-0.2 1.4v9.9h-5.9q0-7.1 0-11.6t0-5.3l0-0.9h5.9v2.6h0q0.4-0.6 0.7-1t1-0.9 1.6-0.8 2-0.3q3 0 4.9 2t1.9 6z\"\/><\/svg><\/span><\/a><\/li><li class=\"shariff-button printer shariff-nocustomcolor\" style=\"background-color:#a8a8a8;border-radius:1%\"><a href=\"javascript:window.print()\" title=\"drucken\" aria-label=\"drucken\" role=\"button\" rel=\"noopener nofollow\" class=\"shariff-link\" style=\";border-radius:1%; background-color:#999; color:#fff\"><span class=\"shariff-icon\" style=\"\"><svg width=\"32px\" height=\"20px\" xmlns=\"http:\/\/www.w3.org\/2000\/svg\" viewBox=\"0 0 30 32\"><path fill=\"#999\" d=\"M6.8 27.4h16v-4.6h-16v4.6zM6.8 16h16v-6.8h-2.8q-0.7 0-1.2-0.5t-0.5-1.2v-2.8h-11.4v11.4zM27.4 17.2q0-0.5-0.3-0.8t-0.8-0.4-0.8 0.4-0.3 0.8 0.3 0.8 0.8 0.3 0.8-0.3 0.3-0.8zM29.7 17.2v7.4q0 0.2-0.2 0.4t-0.4 0.2h-4v2.8q0 0.7-0.5 1.2t-1.2 0.5h-17.2q-0.7 0-1.2-0.5t-0.5-1.2v-2.8h-4q-0.2 0-0.4-0.2t-0.2-0.4v-7.4q0-1.4 1-2.4t2.4-1h1.2v-9.7q0-0.7 0.5-1.2t1.2-0.5h12q0.7 0 1.6 0.4t1.3 0.8l2.7 2.7q0.5 0.5 0.9 1.4t0.4 1.6v4.6h1.1q1.4 0 2.4 1t1 2.4z\"\/><\/svg><\/span><\/a><\/li><li class=\"shariff-button mailto shariff-nocustomcolor\" style=\"background-color:#a8a8a8;border-radius:1%\"><a href=\"mailto:?body=https%3A%2F%2Fwww.sonnenseite.com%2Fde%2Fpolitik%2Fschweiz-energiewende-kostet-weniger-als-die-nicht-wende%2F&subject=Schweiz%3A%20Energiewende%20kostet%20weniger%20als%20die%20Nicht-Wende\" title=\"Per E-Mail versenden\" aria-label=\"Per E-Mail versenden\" role=\"button\" rel=\"noopener nofollow\" class=\"shariff-link\" style=\";border-radius:1%; background-color:#999; color:#fff\"><span class=\"shariff-icon\" style=\"\"><svg width=\"32px\" height=\"20px\" xmlns=\"http:\/\/www.w3.org\/2000\/svg\" viewBox=\"0 0 32 32\"><path fill=\"#999\" d=\"M32 12.7v14.2q0 1.2-0.8 2t-2 0.9h-26.3q-1.2 0-2-0.9t-0.8-2v-14.2q0.8 0.9 1.8 1.6 6.5 4.4 8.9 6.1 1 0.8 1.6 1.2t1.7 0.9 2 0.4h0.1q0.9 0 2-0.4t1.7-0.9 1.6-1.2q3-2.2 8.9-6.1 1-0.7 1.8-1.6zM32 7.4q0 1.4-0.9 2.7t-2.2 2.2q-6.7 4.7-8.4 5.8-0.2 0.1-0.7 0.5t-1 0.7-0.9 0.6-1.1 0.5-0.9 0.2h-0.1q-0.4 0-0.9-0.2t-1.1-0.5-0.9-0.6-1-0.7-0.7-0.5q-1.6-1.1-4.7-3.2t-3.6-2.6q-1.1-0.7-2.1-2t-1-2.5q0-1.4 0.7-2.3t2.1-0.9h26.3q1.2 0 2 0.8t0.9 2z\"\/><\/svg><\/span><\/a><\/li><\/ul><\/div>","protected":false},"excerpt":{"rendered":"<p>Das Generationenprojekt Energiewende ist eingel\u00e4utet. Ein &#8222;Zur\u00fcck&#8220; gibt es nicht mehr.<\/p>\n","protected":false},"author":1,"featured_media":50987,"comment_status":"closed","ping_status":"closed","sticky":false,"template":"","format":"standard","meta":{"inline_featured_image":false,"footnotes":""},"categories":[21],"tags":[],"class_list":["post-53943","post","type-post","status-publish","format-standard","has-post-thumbnail","hentry","category-politik"],"yoast_head":"<!-- This site is optimized with the Yoast SEO plugin v26.5 - https:\/\/yoast.com\/wordpress\/plugins\/seo\/ -->\n<title>Schweiz: Energiewende kostet weniger als die Nicht-Wende - Sonnenseite - \u00d6kologische Kommunikation mit Franz Alt<\/title>\n<meta name=\"description\" content=\"Das Generationenprojekt Energiewende ist eingel\u00e4utet. Ein &quot;Zur\u00fcck&quot; gibt es nicht mehr. Die SES hat sich mit\u00a0einer\u00a0Fachtagung &quot;Energiewende \u2013 Was kostet\" \/>\n<meta name=\"robots\" content=\"index, follow, max-snippet:-1, max-image-preview:large, max-video-preview:-1\" \/>\n<link rel=\"canonical\" href=\"https:\/\/www.sonnenseite.com\/de\/politik\/schweiz-energiewende-kostet-weniger-als-die-nicht-wende\/\" \/>\n<meta property=\"og:locale\" content=\"de_DE\" \/>\n<meta property=\"og:type\" content=\"article\" \/>\n<meta property=\"og:title\" content=\"Schweiz: Energiewende kostet weniger als die Nicht-Wende - Sonnenseite - \u00d6kologische Kommunikation mit Franz Alt\" \/>\n<meta property=\"og:description\" content=\"Das Generationenprojekt Energiewende ist eingel\u00e4utet. Ein &quot;Zur\u00fcck&quot; gibt es nicht mehr. Die SES hat sich mit\u00a0einer\u00a0Fachtagung &quot;Energiewende \u2013 Was kostet\" \/>\n<meta property=\"og:url\" content=\"https:\/\/www.sonnenseite.com\/de\/politik\/schweiz-energiewende-kostet-weniger-als-die-nicht-wende\/\" \/>\n<meta property=\"og:site_name\" content=\"Sonnenseite\" \/>\n<meta property=\"article:publisher\" content=\"https:\/\/www.facebook.com\/pages\/Franz-Alt-SONNENSEITECOM\/221072987903953?fref=ts\" \/>\n<meta property=\"article:published_time\" content=\"2013-07-09T22:00:00+00:00\" \/>\n<meta property=\"og:image\" content=\"https:\/\/www.sonnenseite.com\/wp-content\/uploads\/2020\/06\/archiv_artikel.jpg\" \/>\n\t<meta property=\"og:image:width\" content=\"770\" \/>\n\t<meta property=\"og:image:height\" content=\"420\" \/>\n\t<meta property=\"og:image:type\" content=\"image\/jpeg\" \/>\n<meta name=\"author\" content=\"sbade\" \/>\n<meta name=\"twitter:card\" content=\"summary_large_image\" \/>\n<meta name=\"twitter:creator\" content=\"@franzalt\" \/>\n<meta name=\"twitter:site\" content=\"@franzalt\" \/>\n<meta name=\"twitter:label1\" content=\"Verfasst von\" \/>\n\t<meta name=\"twitter:data1\" content=\"sbade\" \/>\n\t<meta name=\"twitter:label2\" content=\"Gesch\u00e4tzte Lesezeit\" \/>\n\t<meta name=\"twitter:data2\" content=\"3\u00a0Minuten\" \/>\n<script type=\"application\/ld+json\" class=\"yoast-schema-graph\">{\"@context\":\"https:\/\/schema.org\",\"@graph\":[{\"@type\":\"Article\",\"@id\":\"https:\/\/www.sonnenseite.com\/de\/politik\/schweiz-energiewende-kostet-weniger-als-die-nicht-wende\/#article\",\"isPartOf\":{\"@id\":\"https:\/\/www.sonnenseite.com\/de\/politik\/schweiz-energiewende-kostet-weniger-als-die-nicht-wende\/\"},\"author\":{\"name\":\"sbade\",\"@id\":\"https:\/\/www.sonnenseite.com\/de\/#\/schema\/person\/6df44691cd9a70d99e140e1116ee8771\"},\"headline\":\"Schweiz: Energiewende kostet weniger als die Nicht-Wende\",\"datePublished\":\"2013-07-09T22:00:00+00:00\",\"mainEntityOfPage\":{\"@id\":\"https:\/\/www.sonnenseite.com\/de\/politik\/schweiz-energiewende-kostet-weniger-als-die-nicht-wende\/\"},\"wordCount\":590,\"publisher\":{\"@id\":\"https:\/\/www.sonnenseite.com\/de\/#organization\"},\"image\":{\"@id\":\"https:\/\/www.sonnenseite.com\/de\/politik\/schweiz-energiewende-kostet-weniger-als-die-nicht-wende\/#primaryimage\"},\"thumbnailUrl\":\"https:\/\/www.sonnenseite.com\/wp-content\/uploads\/2020\/06\/archiv_artikel.jpg\",\"articleSection\":[\"Politik\"],\"inLanguage\":\"de\"},{\"@type\":\"WebPage\",\"@id\":\"https:\/\/www.sonnenseite.com\/de\/politik\/schweiz-energiewende-kostet-weniger-als-die-nicht-wende\/\",\"url\":\"https:\/\/www.sonnenseite.com\/de\/politik\/schweiz-energiewende-kostet-weniger-als-die-nicht-wende\/\",\"name\":\"Schweiz: Energiewende kostet weniger als die Nicht-Wende - Sonnenseite - \u00d6kologische Kommunikation mit Franz Alt\",\"isPartOf\":{\"@id\":\"https:\/\/www.sonnenseite.com\/de\/#website\"},\"primaryImageOfPage\":{\"@id\":\"https:\/\/www.sonnenseite.com\/de\/politik\/schweiz-energiewende-kostet-weniger-als-die-nicht-wende\/#primaryimage\"},\"image\":{\"@id\":\"https:\/\/www.sonnenseite.com\/de\/politik\/schweiz-energiewende-kostet-weniger-als-die-nicht-wende\/#primaryimage\"},\"thumbnailUrl\":\"https:\/\/www.sonnenseite.com\/wp-content\/uploads\/2020\/06\/archiv_artikel.jpg\",\"datePublished\":\"2013-07-09T22:00:00+00:00\",\"description\":\"Das Generationenprojekt Energiewende ist eingel\u00e4utet. Ein \\\"Zur\u00fcck\\\" gibt es nicht mehr. Die SES hat sich mit\u00a0einer\u00a0Fachtagung \\\"Energiewende \u2013 Was kostet\",\"breadcrumb\":{\"@id\":\"https:\/\/www.sonnenseite.com\/de\/politik\/schweiz-energiewende-kostet-weniger-als-die-nicht-wende\/#breadcrumb\"},\"inLanguage\":\"de\",\"potentialAction\":[{\"@type\":\"ReadAction\",\"target\":[\"https:\/\/www.sonnenseite.com\/de\/politik\/schweiz-energiewende-kostet-weniger-als-die-nicht-wende\/\"]}]},{\"@type\":\"ImageObject\",\"inLanguage\":\"de\",\"@id\":\"https:\/\/www.sonnenseite.com\/de\/politik\/schweiz-energiewende-kostet-weniger-als-die-nicht-wende\/#primaryimage\",\"url\":\"https:\/\/www.sonnenseite.com\/wp-content\/uploads\/2020\/06\/archiv_artikel.jpg\",\"contentUrl\":\"https:\/\/www.sonnenseite.com\/wp-content\/uploads\/2020\/06\/archiv_artikel.jpg\",\"width\":770,\"height\":420,\"caption\":\"Sonnenseite\"},{\"@type\":\"BreadcrumbList\",\"@id\":\"https:\/\/www.sonnenseite.com\/de\/politik\/schweiz-energiewende-kostet-weniger-als-die-nicht-wende\/#breadcrumb\",\"itemListElement\":[{\"@type\":\"ListItem\",\"position\":1,\"name\":\"Startseite\",\"item\":\"https:\/\/www.sonnenseite.com\/de\/\"},{\"@type\":\"ListItem\",\"position\":2,\"name\":\"Schweiz: Energiewende kostet weniger als die Nicht-Wende\"}]},{\"@type\":\"WebSite\",\"@id\":\"https:\/\/www.sonnenseite.com\/de\/#website\",\"url\":\"https:\/\/www.sonnenseite.com\/de\/\",\"name\":\"Sonnenseite\",\"description\":\"\u00d6kologische Kommunikation mit Franz Alt\",\"publisher\":{\"@id\":\"https:\/\/www.sonnenseite.com\/de\/#organization\"},\"potentialAction\":[{\"@type\":\"SearchAction\",\"target\":{\"@type\":\"EntryPoint\",\"urlTemplate\":\"https:\/\/www.sonnenseite.com\/de\/?s={search_term_string}\"},\"query-input\":{\"@type\":\"PropertyValueSpecification\",\"valueRequired\":true,\"valueName\":\"search_term_string\"}}],\"inLanguage\":\"de\"},{\"@type\":\"Organization\",\"@id\":\"https:\/\/www.sonnenseite.com\/de\/#organization\",\"name\":\"Sonnenseite\",\"url\":\"https:\/\/www.sonnenseite.com\/de\/\",\"logo\":{\"@type\":\"ImageObject\",\"inLanguage\":\"de\",\"@id\":\"https:\/\/www.sonnenseite.com\/de\/#\/schema\/logo\/image\/\",\"url\":\"https:\/\/www.sonnenseite.com\/wp-content\/uploads\/2020\/05\/Sonnenseite_Logo.png\",\"contentUrl\":\"https:\/\/www.sonnenseite.com\/wp-content\/uploads\/2020\/05\/Sonnenseite_Logo.png\",\"width\":377,\"height\":90,\"caption\":\"Sonnenseite\"},\"image\":{\"@id\":\"https:\/\/www.sonnenseite.com\/de\/#\/schema\/logo\/image\/\"},\"sameAs\":[\"https:\/\/www.facebook.com\/pages\/Franz-Alt-SONNENSEITECOM\/221072987903953?fref=ts\",\"https:\/\/x.com\/franzalt\",\"http:\/\/www.youtube.com\/results?search_query&amp;amp;quot;franz_alt&amp;amp;quot;&amp;amp;amp;amp;search_type&amp;amp;amp;amp;aq=f\"]},{\"@type\":\"Person\",\"@id\":\"https:\/\/www.sonnenseite.com\/de\/#\/schema\/person\/6df44691cd9a70d99e140e1116ee8771\",\"name\":\"sbade\",\"sameAs\":[\"https:\/\/www.sonnenseite.com\"]}]}<\/script>\n<!-- \/ Yoast SEO plugin. -->","yoast_head_json":{"title":"Schweiz: Energiewende kostet weniger als die Nicht-Wende - Sonnenseite - \u00d6kologische Kommunikation mit Franz Alt","description":"Das Generationenprojekt Energiewende ist eingel\u00e4utet. Ein \"Zur\u00fcck\" gibt es nicht mehr. Die SES hat sich mit\u00a0einer\u00a0Fachtagung \"Energiewende \u2013 Was kostet","robots":{"index":"index","follow":"follow","max-snippet":"max-snippet:-1","max-image-preview":"max-image-preview:large","max-video-preview":"max-video-preview:-1"},"canonical":"https:\/\/www.sonnenseite.com\/de\/politik\/schweiz-energiewende-kostet-weniger-als-die-nicht-wende\/","og_locale":"de_DE","og_type":"article","og_title":"Schweiz: Energiewende kostet weniger als die Nicht-Wende - Sonnenseite - \u00d6kologische Kommunikation mit Franz Alt","og_description":"Das Generationenprojekt Energiewende ist eingel\u00e4utet. Ein \"Zur\u00fcck\" gibt es nicht mehr. Die SES hat sich mit\u00a0einer\u00a0Fachtagung \"Energiewende \u2013 Was kostet","og_url":"https:\/\/www.sonnenseite.com\/de\/politik\/schweiz-energiewende-kostet-weniger-als-die-nicht-wende\/","og_site_name":"Sonnenseite","article_publisher":"https:\/\/www.facebook.com\/pages\/Franz-Alt-SONNENSEITECOM\/221072987903953?fref=ts","article_published_time":"2013-07-09T22:00:00+00:00","og_image":[{"width":770,"height":420,"url":"https:\/\/www.sonnenseite.com\/wp-content\/uploads\/2020\/06\/archiv_artikel.jpg","type":"image\/jpeg"}],"author":"sbade","twitter_card":"summary_large_image","twitter_creator":"@franzalt","twitter_site":"@franzalt","twitter_misc":{"Verfasst von":"sbade","Gesch\u00e4tzte Lesezeit":"3\u00a0Minuten"},"schema":{"@context":"https:\/\/schema.org","@graph":[{"@type":"Article","@id":"https:\/\/www.sonnenseite.com\/de\/politik\/schweiz-energiewende-kostet-weniger-als-die-nicht-wende\/#article","isPartOf":{"@id":"https:\/\/www.sonnenseite.com\/de\/politik\/schweiz-energiewende-kostet-weniger-als-die-nicht-wende\/"},"author":{"name":"sbade","@id":"https:\/\/www.sonnenseite.com\/de\/#\/schema\/person\/6df44691cd9a70d99e140e1116ee8771"},"headline":"Schweiz: Energiewende kostet weniger als die Nicht-Wende","datePublished":"2013-07-09T22:00:00+00:00","mainEntityOfPage":{"@id":"https:\/\/www.sonnenseite.com\/de\/politik\/schweiz-energiewende-kostet-weniger-als-die-nicht-wende\/"},"wordCount":590,"publisher":{"@id":"https:\/\/www.sonnenseite.com\/de\/#organization"},"image":{"@id":"https:\/\/www.sonnenseite.com\/de\/politik\/schweiz-energiewende-kostet-weniger-als-die-nicht-wende\/#primaryimage"},"thumbnailUrl":"https:\/\/www.sonnenseite.com\/wp-content\/uploads\/2020\/06\/archiv_artikel.jpg","articleSection":["Politik"],"inLanguage":"de"},{"@type":"WebPage","@id":"https:\/\/www.sonnenseite.com\/de\/politik\/schweiz-energiewende-kostet-weniger-als-die-nicht-wende\/","url":"https:\/\/www.sonnenseite.com\/de\/politik\/schweiz-energiewende-kostet-weniger-als-die-nicht-wende\/","name":"Schweiz: Energiewende kostet weniger als die Nicht-Wende - Sonnenseite - \u00d6kologische Kommunikation mit Franz Alt","isPartOf":{"@id":"https:\/\/www.sonnenseite.com\/de\/#website"},"primaryImageOfPage":{"@id":"https:\/\/www.sonnenseite.com\/de\/politik\/schweiz-energiewende-kostet-weniger-als-die-nicht-wende\/#primaryimage"},"image":{"@id":"https:\/\/www.sonnenseite.com\/de\/politik\/schweiz-energiewende-kostet-weniger-als-die-nicht-wende\/#primaryimage"},"thumbnailUrl":"https:\/\/www.sonnenseite.com\/wp-content\/uploads\/2020\/06\/archiv_artikel.jpg","datePublished":"2013-07-09T22:00:00+00:00","description":"Das Generationenprojekt Energiewende ist eingel\u00e4utet. Ein \"Zur\u00fcck\" gibt es nicht mehr. Die SES hat sich mit\u00a0einer\u00a0Fachtagung \"Energiewende \u2013 Was kostet","breadcrumb":{"@id":"https:\/\/www.sonnenseite.com\/de\/politik\/schweiz-energiewende-kostet-weniger-als-die-nicht-wende\/#breadcrumb"},"inLanguage":"de","potentialAction":[{"@type":"ReadAction","target":["https:\/\/www.sonnenseite.com\/de\/politik\/schweiz-energiewende-kostet-weniger-als-die-nicht-wende\/"]}]},{"@type":"ImageObject","inLanguage":"de","@id":"https:\/\/www.sonnenseite.com\/de\/politik\/schweiz-energiewende-kostet-weniger-als-die-nicht-wende\/#primaryimage","url":"https:\/\/www.sonnenseite.com\/wp-content\/uploads\/2020\/06\/archiv_artikel.jpg","contentUrl":"https:\/\/www.sonnenseite.com\/wp-content\/uploads\/2020\/06\/archiv_artikel.jpg","width":770,"height":420,"caption":"Sonnenseite"},{"@type":"BreadcrumbList","@id":"https:\/\/www.sonnenseite.com\/de\/politik\/schweiz-energiewende-kostet-weniger-als-die-nicht-wende\/#breadcrumb","itemListElement":[{"@type":"ListItem","position":1,"name":"Startseite","item":"https:\/\/www.sonnenseite.com\/de\/"},{"@type":"ListItem","position":2,"name":"Schweiz: Energiewende kostet weniger als die Nicht-Wende"}]},{"@type":"WebSite","@id":"https:\/\/www.sonnenseite.com\/de\/#website","url":"https:\/\/www.sonnenseite.com\/de\/","name":"Sonnenseite","description":"\u00d6kologische Kommunikation mit Franz Alt","publisher":{"@id":"https:\/\/www.sonnenseite.com\/de\/#organization"},"potentialAction":[{"@type":"SearchAction","target":{"@type":"EntryPoint","urlTemplate":"https:\/\/www.sonnenseite.com\/de\/?s={search_term_string}"},"query-input":{"@type":"PropertyValueSpecification","valueRequired":true,"valueName":"search_term_string"}}],"inLanguage":"de"},{"@type":"Organization","@id":"https:\/\/www.sonnenseite.com\/de\/#organization","name":"Sonnenseite","url":"https:\/\/www.sonnenseite.com\/de\/","logo":{"@type":"ImageObject","inLanguage":"de","@id":"https:\/\/www.sonnenseite.com\/de\/#\/schema\/logo\/image\/","url":"https:\/\/www.sonnenseite.com\/wp-content\/uploads\/2020\/05\/Sonnenseite_Logo.png","contentUrl":"https:\/\/www.sonnenseite.com\/wp-content\/uploads\/2020\/05\/Sonnenseite_Logo.png","width":377,"height":90,"caption":"Sonnenseite"},"image":{"@id":"https:\/\/www.sonnenseite.com\/de\/#\/schema\/logo\/image\/"},"sameAs":["https:\/\/www.facebook.com\/pages\/Franz-Alt-SONNENSEITECOM\/221072987903953?fref=ts","https:\/\/x.com\/franzalt","http:\/\/www.youtube.com\/results?search_query&amp;amp;quot;franz_alt&amp;amp;quot;&amp;amp;amp;amp;search_type&amp;amp;amp;amp;aq=f"]},{"@type":"Person","@id":"https:\/\/www.sonnenseite.com\/de\/#\/schema\/person\/6df44691cd9a70d99e140e1116ee8771","name":"sbade","sameAs":["https:\/\/www.sonnenseite.com"]}]}},"_links":{"self":[{"href":"https:\/\/www.sonnenseite.com\/de\/wp-json\/wp\/v2\/posts\/53943","targetHints":{"allow":["GET"]}}],"collection":[{"href":"https:\/\/www.sonnenseite.com\/de\/wp-json\/wp\/v2\/posts"}],"about":[{"href":"https:\/\/www.sonnenseite.com\/de\/wp-json\/wp\/v2\/types\/post"}],"author":[{"embeddable":true,"href":"https:\/\/www.sonnenseite.com\/de\/wp-json\/wp\/v2\/users\/1"}],"replies":[{"embeddable":true,"href":"https:\/\/www.sonnenseite.com\/de\/wp-json\/wp\/v2\/comments?post=53943"}],"version-history":[{"count":0,"href":"https:\/\/www.sonnenseite.com\/de\/wp-json\/wp\/v2\/posts\/53943\/revisions"}],"wp:featuredmedia":[{"embeddable":true,"href":"https:\/\/www.sonnenseite.com\/de\/wp-json\/wp\/v2\/media\/50987"}],"wp:attachment":[{"href":"https:\/\/www.sonnenseite.com\/de\/wp-json\/wp\/v2\/media?parent=53943"}],"wp:term":[{"taxonomy":"category","embeddable":true,"href":"https:\/\/www.sonnenseite.com\/de\/wp-json\/wp\/v2\/categories?post=53943"},{"taxonomy":"post_tag","embeddable":true,"href":"https:\/\/www.sonnenseite.com\/de\/wp-json\/wp\/v2\/tags?post=53943"}],"curies":[{"name":"wp","href":"https:\/\/api.w.org\/{rel}","templated":true}]}}