{"id":54462,"date":"2013-04-18T00:00:00","date_gmt":"2013-04-17T22:00:00","guid":{"rendered":"https:\/\/www.sonnenseite.com\/tipps\/ein-tag-im-jahr-im-neuen-jahrhundert.html"},"modified":"2013-04-18T00:00:00","modified_gmt":"2013-04-17T22:00:00","slug":"ein-tag-im-jahr-im-neuen-jahrhundert","status":"publish","type":"post","link":"https:\/\/www.sonnenseite.com\/de\/tipps\/ein-tag-im-jahr-im-neuen-jahrhundert\/","title":{"rendered":"Ein Tag im Jahr im neuen Jahrhundert"},"content":{"rendered":"<p>Tage in den Jahren der Christa Wolf. Ein Trostbuch f\u00fcr all ihre Leser. Von Ulrich Gellermann <!--more--> <\/p>\n<p>Liebe Christa Wolf,<\/p>\n<p>erneut haben Sie ein ber\u00fchrendes, kluges Buch vorgelegt: &#8222;Ein Tag im Jahr 2001 &#8211; 2011&#8220; Es ist die Fortsetzung jenes &#8222;Ein Tag im Jahr&#8220;, das vor zehn Jahren erschien und letztlich auf eine Idee von Maxim Gorki zur\u00fcckging: An einem festgelegten Tag im Jahr das aufzuschreiben, was Schriftstellern des Aufschreibens wert ist. Seit dem 27. September 1960 sitzen sie nun in jedem September an Ihrem Schreibtisch, wieder und wieder, und zeichnen Ihren Tag auf.<\/p>\n<p>An dieser Stelle denke ich mir den emp\u00f6rten Einwand, Sie seien doch vor mehr als einem Jahr verstorben und an ein Jenseits religi\u00f6sen Formates w\u00fcrde ich doch wohl kaum glauben. Stimmt. Aber ich wei\u00df, dass Sie in den Gedanken und Erinnerungen vieler Menschen weiterleben. Das ist das wirkliche Weiterleben nach dem Tod. Und, bitte verzeihen Sie, aus dem vorliegenden Buch h\u00f6re ich Ihre Stimme: K\u00fchl, trocken, nachdenklich, manchmal mit einer leisen norddeutschen Klangf\u00e4rbung, als habe ihr kurzer Aufenthalt in Mecklenburg ein Andenken hinterlassen.<\/p>\n<p>Also, wenn ich an Sie schreibe, dann schreibe ich an Ihre Leser, an Ihre Freunde. In dieser Landschaft sind Sie lebendig, bleiben Sie gegenw\u00e4rtig. Zur\u00fcck zum Buch: Die russische Stadt Gorki hei\u00dft l\u00e4ngst wieder Nishni Nowgorod, und ob alle Besucher des Berliner Gorki-Theaters wissen, wer das war, der gro\u00dfe russische Schriftsteller und Revolution\u00e4r? Aber auch Sie erinnern an ihn und so bleibt er. Zumindest eine Zeit.<\/p>\n<p>Es ist ausgerechnet der Monat der Anschl\u00e4ge auf das New Yorker World Trade Center mit dem Ihr neues Buch beginnt. Obwohl am Tag Ihrer Aufzeichnung die Anschl\u00e4ge schon ein paar Tage her sind, bestimmen sie Ihren 27. September. Weil eine wie auch immer formierte \u00f6ffentliche Meinung vom &#8222;Anschlag auf unsere Zivilisation&#8220; redet, wollen Sie sich vergewissern was das ist: Zivilisation. Und auf dem Weg der Vergewisserung &#8211; die Verfeinerung der Sitten liegt an seinem Rand, wie auch die Gesittung &#8211; finden Sie die entscheidende Frage: &#8222;Und wenn sie alle&#8220; (die Inhalte der Zivilisation) &#8222;unter dem Terror der \u00d6konomie ihre Wirkungskraft im Abendland verloren h\u00e4tten und nur noch als Schim\u00e4ren in uns weiterlebten?&#8220;<\/p>\n<p>In diesen Tagen findet Ihr Zweifel die schrecklichsten Antworten. Eine Schreckensantwort auf die Anschl\u00e4ge fanden die USA-Regierung und Ihre Verb\u00fcndeten schon bald: Im &#8222;Kampf gegen den Terror&#8220; begannen sie den Afghanistankrieg. Sie, verehrte Frau Wolf, erschraken damals \u00fcber den Satz des amerikanischen Pr\u00e4sidenten &#8222;Wer nicht f\u00fcr uns ist, ist f\u00fcr unsere Feinde.&#8220; Und sie blieben erschrocken, als Sie eine Seite aus dem Berliner TAGESSPIEGEL lasen, auf der die Gegner des drohenden neuen Krieges des &#8222;feigen Denkens&#8220; bezichtigt und mit Namen und Fotos des &#8222;antiamerikanischen Ressentiments&#8220; denunziert wurden.<\/p>\n<p>Ich habe diesen Artikel im Netz-Archiv des TAGESSPIEGELS gesucht und nicht gefunden: Schamvoll, nach Jahren eines sinnlosen Krieges, hofft die Redaktion augenscheinlich, ihre damalige Schamlosigkeit bliebe verborgen. &#8211; Aus Ihrer Aufzeichnung ist vom Essen zu Hause zu erfahren, Ihr Mann machte an diesem Tag Pasta mit einer Sahne-K\u00e4se-Lachs-Sauce, vom Waschen, vom Lesen in einem Buch E. L. Doctorows: So wird die Mischung Ihres Buches bleiben.<\/p>\n<p>Gute zehn Jahre R\u00fcckblick, Jahre, die, mit Ihren Augen gesehen, voller spannender Fundst\u00fccke sind. Manche sind unschlagbar kurios: So Ihr Gespr\u00e4ch mit einem wichtigen Sozialdemokraten, der Ihnen 2002 versichert, seine Partei wolle ihre \u00f6konomische Politik in Richtung Lafontaine umsteuern. Was mag er heute sagen? Immer noch in der SPD, muss er sich neue Illusionen machen. Das ist auch nicht einfach. Einmal schreiben Sie \u00fcber einen Fernsehblick auf die Verleihung des Deutschen Fernsehpreises: &#8222;. . . bei dem all die Bildschirmgesichter in einem Saal versammelt sind und man stark das Gef\u00fchl von Inzucht hat.&#8220; K\u00f6nnen Sie mein Kichern h\u00f6ren?<\/p>\n<p>Eine meiner sch\u00f6nsten Funde erlese ich in einem Gespr\u00e4ch zwischen Ihnen und Ihrer Fu\u00dfpflegerin. Die erz\u00e4hlt davon, dass ihre Arbeit an der Maschine einer DDR Verpackungsfabrik die sch\u00f6nste Zeit in ihrem Leben gewesen sei. Da habe ich f\u00fcr einen Moment den Atem angehalten. Wie sollen wir denen, die die DDR mit jedem Jahr ihrer Nicht-Existenz f\u00fcr immer unsch\u00f6ner halten, das beibringen? Wie sollen wir selbst denen, die wohlmeinend f\u00fcr ein bedingungsloses Grundeinkommen pl\u00e4dieren, den besonderen Wert der Arbeit bei der Entwicklung der Menschen erkl\u00e4ren? Als Sie dann, in einem fiktiven Dialog mit einem Westmenschen, noch nachschieben, dass die &#8222;einfachen Menschen heute mehr Angst vor der Arbeitslosigkeit haben, als sie fr\u00fcher vor der Stasi hatten&#8220;, bin ich reif f\u00fcr die Reanimation, so wenig Atem ist geblieben.<\/p>\n<p>Mit jedem weiteren Jahr Ihrer Aufzeichnugen r\u00fcckt Ihre Frage &#8222;Wie lange noch?&#8220;, die Frage nach dem Sterben h\u00e4ufiger in die Zeilen. Krankheit und Krankenhaus fressen Ihre Zeit. Das hindert Sie nicht die &#8222;Finanzkrise&#8220; wahrzunehmen und zu bis heute g\u00fcltigen S\u00e4tzen zu kommen: &#8222;Diesmal ist es der Kapitalismus, der seinen Offenbarungseid leisten muss.&#8220; &#8211; &#8222;Und das gemeine Volk weigert sich, die Ver\u00e4nderung zur Kenntnis zu nehmen.&#8220;<\/p>\n<p>Es war mir ein klein wenig unangenehm, als Sie &#8211; in einer zarten, pastellen Szene &#8211; \u00fcber die Liebe zu Ihrem Mann schreiben. So, als ob ich einen heimlichen, unerlaubten Blick in Ihr Privatleben getan h\u00e4tte. Doch wei\u00df ich von Leuten, die Sie besser kennen als ich, wie wichtig Ihnen Gerd Wolf immer war. So bin ich, versehentlich, doch bei der Vergangenheitsform angelangt. Kann mich nicht l\u00e4nger vor der Wahrheit dr\u00fccken, auch nicht vor jenem Satz gegen Ende Ihrer Arbeit: &#8222;Ich w\u00e4re nicht untr\u00f6stlich, wenn ich nicht mehr schreiben w\u00fcrde.&#8220;<\/p>\n<p>Liebe Frau Wolf, Sie fehlen, doch immerhin, wir haben Ihr neues Buch. Ein Trost.<\/p>\n<h5 class=\"green\">Quelle<\/h5>\n<p>RATIONALGALERIE | Ulrich Gellermann 2013<\/p>\n<div class=\"shariff shariff-align-flex-start shariff-widget-align-flex-start\"><div class=\"ShariffHeadline\">Diese Meldung teilen<\/div><ul class=\"shariff-buttons theme-round orientation-horizontal buttonsize-medium\"><li class=\"shariff-button facebook shariff-nocustomcolor\" style=\"background-color:#4273c8;border-radius:1%\"><a href=\"https:\/\/www.facebook.com\/sharer\/sharer.php?u=https%3A%2F%2Fwww.sonnenseite.com%2Fde%2Ftipps%2Fein-tag-im-jahr-im-neuen-jahrhundert%2F\" title=\"Bei Facebook teilen\" aria-label=\"Bei Facebook teilen\" role=\"button\" rel=\"nofollow\" class=\"shariff-link\" style=\";border-radius:1%; background-color:#3b5998; color:#fff\" target=\"_blank\"><span class=\"shariff-icon\" style=\"\"><svg width=\"32px\" height=\"20px\" xmlns=\"http:\/\/www.w3.org\/2000\/svg\" viewBox=\"0 0 18 32\"><path fill=\"#3b5998\" d=\"M17.1 0.2v4.7h-2.8q-1.5 0-2.1 0.6t-0.5 1.9v3.4h5.2l-0.7 5.3h-4.5v13.6h-5.5v-13.6h-4.5v-5.3h4.5v-3.9q0-3.3 1.9-5.2t5-1.8q2.6 0 4.1 0.2z\"\/><\/svg><\/span><\/a><\/li><li class=\"shariff-button twitter shariff-nocustomcolor\" style=\"background-color:#595959;border-radius:1%\"><a href=\"https:\/\/twitter.com\/share?url=https%3A%2F%2Fwww.sonnenseite.com%2Fde%2Ftipps%2Fein-tag-im-jahr-im-neuen-jahrhundert%2F&text=Ein%20Tag%20im%20Jahr%20im%20neuen%20Jahrhundert\" title=\"Bei X teilen\" aria-label=\"Bei X teilen\" role=\"button\" rel=\"noopener nofollow\" class=\"shariff-link\" style=\";border-radius:1%; background-color:#000; color:#fff\" target=\"_blank\"><span class=\"shariff-icon\" style=\"\"><svg width=\"32px\" height=\"20px\" xmlns=\"http:\/\/www.w3.org\/2000\/svg\" viewBox=\"0 0 24 24\"><path fill=\"#000\" d=\"M14.258 10.152L23.176 0h-2.113l-7.747 8.813L7.133 0H0l9.352 13.328L0 23.973h2.113l8.176-9.309 6.531 9.309h7.133zm-2.895 3.293l-.949-1.328L2.875 1.56h3.246l6.086 8.523.945 1.328 7.91 11.078h-3.246zm0 0\"\/><\/svg><\/span><\/a><\/li><li class=\"shariff-button xing shariff-nocustomcolor\" style=\"background-color:#29888a;border-radius:1%\"><a href=\"https:\/\/www.xing.com\/spi\/shares\/new?url=https%3A%2F%2Fwww.sonnenseite.com%2Fde%2Ftipps%2Fein-tag-im-jahr-im-neuen-jahrhundert%2F\" title=\"Bei XING teilen\" aria-label=\"Bei XING teilen\" role=\"button\" rel=\"noopener nofollow\" class=\"shariff-link\" style=\";border-radius:1%; background-color:#126567; color:#fff\" target=\"_blank\"><span class=\"shariff-icon\" style=\"\"><svg width=\"32px\" height=\"20px\" xmlns=\"http:\/\/www.w3.org\/2000\/svg\" viewBox=\"0 0 25 32\"><path fill=\"#126567\" d=\"M10.7 11.9q-0.2 0.3-4.6 8.2-0.5 0.8-1.2 0.8h-4.3q-0.4 0-0.5-0.3t0-0.6l4.5-8q0 0 0 0l-2.9-5q-0.2-0.4 0-0.7 0.2-0.3 0.5-0.3h4.3q0.7 0 1.2 0.8zM25.1 0.4q0.2 0.3 0 0.7l-9.4 16.7 6 11q0.2 0.4 0 0.6-0.2 0.3-0.6 0.3h-4.3q-0.7 0-1.2-0.8l-6-11.1q0.3-0.6 9.5-16.8 0.4-0.8 1.2-0.8h4.3q0.4 0 0.5 0.3z\"\/><\/svg><\/span><\/a><\/li><li class=\"shariff-button linkedin shariff-nocustomcolor\" style=\"background-color:#1488bf;border-radius:1%\"><a href=\"https:\/\/www.linkedin.com\/sharing\/share-offsite\/?url=https%3A%2F%2Fwww.sonnenseite.com%2Fde%2Ftipps%2Fein-tag-im-jahr-im-neuen-jahrhundert%2F\" title=\"Bei LinkedIn teilen\" aria-label=\"Bei LinkedIn teilen\" role=\"button\" rel=\"noopener nofollow\" class=\"shariff-link\" style=\";border-radius:1%; background-color:#0077b5; color:#fff\" target=\"_blank\"><span class=\"shariff-icon\" style=\"\"><svg width=\"32px\" height=\"20px\" xmlns=\"http:\/\/www.w3.org\/2000\/svg\" viewBox=\"0 0 27 32\"><path fill=\"#0077b5\" d=\"M6.2 11.2v17.7h-5.9v-17.7h5.9zM6.6 5.7q0 1.3-0.9 2.2t-2.4 0.9h0q-1.5 0-2.4-0.9t-0.9-2.2 0.9-2.2 2.4-0.9 2.4 0.9 0.9 2.2zM27.4 18.7v10.1h-5.9v-9.5q0-1.9-0.7-2.9t-2.3-1.1q-1.1 0-1.9 0.6t-1.2 1.5q-0.2 0.5-0.2 1.4v9.9h-5.9q0-7.1 0-11.6t0-5.3l0-0.9h5.9v2.6h0q0.4-0.6 0.7-1t1-0.9 1.6-0.8 2-0.3q3 0 4.9 2t1.9 6z\"\/><\/svg><\/span><\/a><\/li><li class=\"shariff-button printer shariff-nocustomcolor\" style=\"background-color:#a8a8a8;border-radius:1%\"><a href=\"javascript:window.print()\" title=\"drucken\" aria-label=\"drucken\" role=\"button\" rel=\"noopener nofollow\" class=\"shariff-link\" style=\";border-radius:1%; background-color:#999; color:#fff\"><span class=\"shariff-icon\" style=\"\"><svg width=\"32px\" height=\"20px\" xmlns=\"http:\/\/www.w3.org\/2000\/svg\" viewBox=\"0 0 30 32\"><path fill=\"#999\" d=\"M6.8 27.4h16v-4.6h-16v4.6zM6.8 16h16v-6.8h-2.8q-0.7 0-1.2-0.5t-0.5-1.2v-2.8h-11.4v11.4zM27.4 17.2q0-0.5-0.3-0.8t-0.8-0.4-0.8 0.4-0.3 0.8 0.3 0.8 0.8 0.3 0.8-0.3 0.3-0.8zM29.7 17.2v7.4q0 0.2-0.2 0.4t-0.4 0.2h-4v2.8q0 0.7-0.5 1.2t-1.2 0.5h-17.2q-0.7 0-1.2-0.5t-0.5-1.2v-2.8h-4q-0.2 0-0.4-0.2t-0.2-0.4v-7.4q0-1.4 1-2.4t2.4-1h1.2v-9.7q0-0.7 0.5-1.2t1.2-0.5h12q0.7 0 1.6 0.4t1.3 0.8l2.7 2.7q0.5 0.5 0.9 1.4t0.4 1.6v4.6h1.1q1.4 0 2.4 1t1 2.4z\"\/><\/svg><\/span><\/a><\/li><li class=\"shariff-button mailto shariff-nocustomcolor\" style=\"background-color:#a8a8a8;border-radius:1%\"><a href=\"mailto:?body=https%3A%2F%2Fwww.sonnenseite.com%2Fde%2Ftipps%2Fein-tag-im-jahr-im-neuen-jahrhundert%2F&subject=Ein%20Tag%20im%20Jahr%20im%20neuen%20Jahrhundert\" title=\"Per E-Mail versenden\" aria-label=\"Per E-Mail versenden\" role=\"button\" rel=\"noopener nofollow\" class=\"shariff-link\" style=\";border-radius:1%; background-color:#999; color:#fff\"><span class=\"shariff-icon\" style=\"\"><svg width=\"32px\" height=\"20px\" xmlns=\"http:\/\/www.w3.org\/2000\/svg\" viewBox=\"0 0 32 32\"><path fill=\"#999\" d=\"M32 12.7v14.2q0 1.2-0.8 2t-2 0.9h-26.3q-1.2 0-2-0.9t-0.8-2v-14.2q0.8 0.9 1.8 1.6 6.5 4.4 8.9 6.1 1 0.8 1.6 1.2t1.7 0.9 2 0.4h0.1q0.9 0 2-0.4t1.7-0.9 1.6-1.2q3-2.2 8.9-6.1 1-0.7 1.8-1.6zM32 7.4q0 1.4-0.9 2.7t-2.2 2.2q-6.7 4.7-8.4 5.8-0.2 0.1-0.7 0.5t-1 0.7-0.9 0.6-1.1 0.5-0.9 0.2h-0.1q-0.4 0-0.9-0.2t-1.1-0.5-0.9-0.6-1-0.7-0.7-0.5q-1.6-1.1-4.7-3.2t-3.6-2.6q-1.1-0.7-2.1-2t-1-2.5q0-1.4 0.7-2.3t2.1-0.9h26.3q1.2 0 2 0.8t0.9 2z\"\/><\/svg><\/span><\/a><\/li><\/ul><\/div>","protected":false},"excerpt":{"rendered":"<p>Tage in den Jahren der Christa Wolf. Ein Trostbuch f\u00fcr all ihre Leser. Von Ulrich Gellermann<\/p>\n","protected":false},"author":1,"featured_media":50987,"comment_status":"closed","ping_status":"closed","sticky":false,"template":"","format":"standard","meta":{"inline_featured_image":false,"footnotes":""},"categories":[28],"tags":[],"class_list":["post-54462","post","type-post","status-publish","format-standard","has-post-thumbnail","hentry","category-tipps"],"yoast_head":"<!-- This site is optimized with the Yoast SEO plugin v26.5 - https:\/\/yoast.com\/wordpress\/plugins\/seo\/ -->\n<title>Ein Tag im Jahr im neuen Jahrhundert - Sonnenseite - \u00d6kologische Kommunikation mit Franz Alt<\/title>\n<meta name=\"description\" content=\"Tage in den Jahren der Christa Wolf. Ein Trostbuch f\u00fcr all ihre Leser. Von Ulrich Gellermann Liebe Christa Wolf,erneut haben Sie ein ber\u00fchrendes, kluges\" \/>\n<meta name=\"robots\" content=\"index, follow, max-snippet:-1, max-image-preview:large, max-video-preview:-1\" \/>\n<link rel=\"canonical\" href=\"https:\/\/www.sonnenseite.com\/de\/tipps\/ein-tag-im-jahr-im-neuen-jahrhundert\/\" \/>\n<meta property=\"og:locale\" content=\"de_DE\" \/>\n<meta property=\"og:type\" content=\"article\" \/>\n<meta property=\"og:title\" content=\"Ein Tag im Jahr im neuen Jahrhundert - Sonnenseite - \u00d6kologische Kommunikation mit Franz Alt\" \/>\n<meta property=\"og:description\" content=\"Tage in den Jahren der Christa Wolf. Ein Trostbuch f\u00fcr all ihre Leser. Von Ulrich Gellermann Liebe Christa Wolf,erneut haben Sie ein ber\u00fchrendes, kluges\" \/>\n<meta property=\"og:url\" content=\"https:\/\/www.sonnenseite.com\/de\/tipps\/ein-tag-im-jahr-im-neuen-jahrhundert\/\" \/>\n<meta property=\"og:site_name\" content=\"Sonnenseite\" \/>\n<meta property=\"article:publisher\" content=\"https:\/\/www.facebook.com\/pages\/Franz-Alt-SONNENSEITECOM\/221072987903953?fref=ts\" \/>\n<meta property=\"article:published_time\" content=\"2013-04-17T22:00:00+00:00\" \/>\n<meta property=\"og:image\" content=\"https:\/\/www.sonnenseite.com\/wp-content\/uploads\/2020\/06\/archiv_artikel.jpg\" \/>\n\t<meta property=\"og:image:width\" content=\"770\" \/>\n\t<meta property=\"og:image:height\" content=\"420\" \/>\n\t<meta property=\"og:image:type\" content=\"image\/jpeg\" \/>\n<meta name=\"author\" content=\"sbade\" \/>\n<meta name=\"twitter:card\" content=\"summary_large_image\" \/>\n<meta name=\"twitter:creator\" content=\"@franzalt\" \/>\n<meta name=\"twitter:site\" content=\"@franzalt\" \/>\n<meta name=\"twitter:label1\" content=\"Verfasst von\" \/>\n\t<meta name=\"twitter:data1\" content=\"sbade\" \/>\n\t<meta name=\"twitter:label2\" content=\"Gesch\u00e4tzte Lesezeit\" \/>\n\t<meta name=\"twitter:data2\" content=\"5\u00a0Minuten\" \/>\n<script type=\"application\/ld+json\" class=\"yoast-schema-graph\">{\"@context\":\"https:\/\/schema.org\",\"@graph\":[{\"@type\":\"Article\",\"@id\":\"https:\/\/www.sonnenseite.com\/de\/tipps\/ein-tag-im-jahr-im-neuen-jahrhundert\/#article\",\"isPartOf\":{\"@id\":\"https:\/\/www.sonnenseite.com\/de\/tipps\/ein-tag-im-jahr-im-neuen-jahrhundert\/\"},\"author\":{\"name\":\"sbade\",\"@id\":\"https:\/\/www.sonnenseite.com\/de\/#\/schema\/person\/6df44691cd9a70d99e140e1116ee8771\"},\"headline\":\"Ein Tag im Jahr im neuen Jahrhundert\",\"datePublished\":\"2013-04-17T22:00:00+00:00\",\"mainEntityOfPage\":{\"@id\":\"https:\/\/www.sonnenseite.com\/de\/tipps\/ein-tag-im-jahr-im-neuen-jahrhundert\/\"},\"wordCount\":954,\"publisher\":{\"@id\":\"https:\/\/www.sonnenseite.com\/de\/#organization\"},\"image\":{\"@id\":\"https:\/\/www.sonnenseite.com\/de\/tipps\/ein-tag-im-jahr-im-neuen-jahrhundert\/#primaryimage\"},\"thumbnailUrl\":\"https:\/\/www.sonnenseite.com\/wp-content\/uploads\/2020\/06\/archiv_artikel.jpg\",\"articleSection\":[\"Tipps\"],\"inLanguage\":\"de\"},{\"@type\":\"WebPage\",\"@id\":\"https:\/\/www.sonnenseite.com\/de\/tipps\/ein-tag-im-jahr-im-neuen-jahrhundert\/\",\"url\":\"https:\/\/www.sonnenseite.com\/de\/tipps\/ein-tag-im-jahr-im-neuen-jahrhundert\/\",\"name\":\"Ein Tag im Jahr im neuen Jahrhundert - Sonnenseite - \u00d6kologische Kommunikation mit Franz Alt\",\"isPartOf\":{\"@id\":\"https:\/\/www.sonnenseite.com\/de\/#website\"},\"primaryImageOfPage\":{\"@id\":\"https:\/\/www.sonnenseite.com\/de\/tipps\/ein-tag-im-jahr-im-neuen-jahrhundert\/#primaryimage\"},\"image\":{\"@id\":\"https:\/\/www.sonnenseite.com\/de\/tipps\/ein-tag-im-jahr-im-neuen-jahrhundert\/#primaryimage\"},\"thumbnailUrl\":\"https:\/\/www.sonnenseite.com\/wp-content\/uploads\/2020\/06\/archiv_artikel.jpg\",\"datePublished\":\"2013-04-17T22:00:00+00:00\",\"description\":\"Tage in den Jahren der Christa Wolf. Ein Trostbuch f\u00fcr all ihre Leser. Von Ulrich Gellermann Liebe Christa Wolf,erneut haben Sie ein ber\u00fchrendes, kluges\",\"breadcrumb\":{\"@id\":\"https:\/\/www.sonnenseite.com\/de\/tipps\/ein-tag-im-jahr-im-neuen-jahrhundert\/#breadcrumb\"},\"inLanguage\":\"de\",\"potentialAction\":[{\"@type\":\"ReadAction\",\"target\":[\"https:\/\/www.sonnenseite.com\/de\/tipps\/ein-tag-im-jahr-im-neuen-jahrhundert\/\"]}]},{\"@type\":\"ImageObject\",\"inLanguage\":\"de\",\"@id\":\"https:\/\/www.sonnenseite.com\/de\/tipps\/ein-tag-im-jahr-im-neuen-jahrhundert\/#primaryimage\",\"url\":\"https:\/\/www.sonnenseite.com\/wp-content\/uploads\/2020\/06\/archiv_artikel.jpg\",\"contentUrl\":\"https:\/\/www.sonnenseite.com\/wp-content\/uploads\/2020\/06\/archiv_artikel.jpg\",\"width\":770,\"height\":420,\"caption\":\"Sonnenseite\"},{\"@type\":\"BreadcrumbList\",\"@id\":\"https:\/\/www.sonnenseite.com\/de\/tipps\/ein-tag-im-jahr-im-neuen-jahrhundert\/#breadcrumb\",\"itemListElement\":[{\"@type\":\"ListItem\",\"position\":1,\"name\":\"Startseite\",\"item\":\"https:\/\/www.sonnenseite.com\/de\/\"},{\"@type\":\"ListItem\",\"position\":2,\"name\":\"Ein Tag im Jahr im neuen Jahrhundert\"}]},{\"@type\":\"WebSite\",\"@id\":\"https:\/\/www.sonnenseite.com\/de\/#website\",\"url\":\"https:\/\/www.sonnenseite.com\/de\/\",\"name\":\"Sonnenseite\",\"description\":\"\u00d6kologische Kommunikation mit Franz Alt\",\"publisher\":{\"@id\":\"https:\/\/www.sonnenseite.com\/de\/#organization\"},\"potentialAction\":[{\"@type\":\"SearchAction\",\"target\":{\"@type\":\"EntryPoint\",\"urlTemplate\":\"https:\/\/www.sonnenseite.com\/de\/?s={search_term_string}\"},\"query-input\":{\"@type\":\"PropertyValueSpecification\",\"valueRequired\":true,\"valueName\":\"search_term_string\"}}],\"inLanguage\":\"de\"},{\"@type\":\"Organization\",\"@id\":\"https:\/\/www.sonnenseite.com\/de\/#organization\",\"name\":\"Sonnenseite\",\"url\":\"https:\/\/www.sonnenseite.com\/de\/\",\"logo\":{\"@type\":\"ImageObject\",\"inLanguage\":\"de\",\"@id\":\"https:\/\/www.sonnenseite.com\/de\/#\/schema\/logo\/image\/\",\"url\":\"https:\/\/www.sonnenseite.com\/wp-content\/uploads\/2020\/05\/Sonnenseite_Logo.png\",\"contentUrl\":\"https:\/\/www.sonnenseite.com\/wp-content\/uploads\/2020\/05\/Sonnenseite_Logo.png\",\"width\":377,\"height\":90,\"caption\":\"Sonnenseite\"},\"image\":{\"@id\":\"https:\/\/www.sonnenseite.com\/de\/#\/schema\/logo\/image\/\"},\"sameAs\":[\"https:\/\/www.facebook.com\/pages\/Franz-Alt-SONNENSEITECOM\/221072987903953?fref=ts\",\"https:\/\/x.com\/franzalt\",\"http:\/\/www.youtube.com\/results?search_query&amp;amp;quot;franz_alt&amp;amp;quot;&amp;amp;amp;amp;search_type&amp;amp;amp;amp;aq=f\"]},{\"@type\":\"Person\",\"@id\":\"https:\/\/www.sonnenseite.com\/de\/#\/schema\/person\/6df44691cd9a70d99e140e1116ee8771\",\"name\":\"sbade\",\"sameAs\":[\"https:\/\/www.sonnenseite.com\"]}]}<\/script>\n<!-- \/ Yoast SEO plugin. -->","yoast_head_json":{"title":"Ein Tag im Jahr im neuen Jahrhundert - Sonnenseite - \u00d6kologische Kommunikation mit Franz Alt","description":"Tage in den Jahren der Christa Wolf. Ein Trostbuch f\u00fcr all ihre Leser. Von Ulrich Gellermann Liebe Christa Wolf,erneut haben Sie ein ber\u00fchrendes, kluges","robots":{"index":"index","follow":"follow","max-snippet":"max-snippet:-1","max-image-preview":"max-image-preview:large","max-video-preview":"max-video-preview:-1"},"canonical":"https:\/\/www.sonnenseite.com\/de\/tipps\/ein-tag-im-jahr-im-neuen-jahrhundert\/","og_locale":"de_DE","og_type":"article","og_title":"Ein Tag im Jahr im neuen Jahrhundert - Sonnenseite - \u00d6kologische Kommunikation mit Franz Alt","og_description":"Tage in den Jahren der Christa Wolf. Ein Trostbuch f\u00fcr all ihre Leser. Von Ulrich Gellermann Liebe Christa Wolf,erneut haben Sie ein ber\u00fchrendes, kluges","og_url":"https:\/\/www.sonnenseite.com\/de\/tipps\/ein-tag-im-jahr-im-neuen-jahrhundert\/","og_site_name":"Sonnenseite","article_publisher":"https:\/\/www.facebook.com\/pages\/Franz-Alt-SONNENSEITECOM\/221072987903953?fref=ts","article_published_time":"2013-04-17T22:00:00+00:00","og_image":[{"width":770,"height":420,"url":"https:\/\/www.sonnenseite.com\/wp-content\/uploads\/2020\/06\/archiv_artikel.jpg","type":"image\/jpeg"}],"author":"sbade","twitter_card":"summary_large_image","twitter_creator":"@franzalt","twitter_site":"@franzalt","twitter_misc":{"Verfasst von":"sbade","Gesch\u00e4tzte Lesezeit":"5\u00a0Minuten"},"schema":{"@context":"https:\/\/schema.org","@graph":[{"@type":"Article","@id":"https:\/\/www.sonnenseite.com\/de\/tipps\/ein-tag-im-jahr-im-neuen-jahrhundert\/#article","isPartOf":{"@id":"https:\/\/www.sonnenseite.com\/de\/tipps\/ein-tag-im-jahr-im-neuen-jahrhundert\/"},"author":{"name":"sbade","@id":"https:\/\/www.sonnenseite.com\/de\/#\/schema\/person\/6df44691cd9a70d99e140e1116ee8771"},"headline":"Ein Tag im Jahr im neuen Jahrhundert","datePublished":"2013-04-17T22:00:00+00:00","mainEntityOfPage":{"@id":"https:\/\/www.sonnenseite.com\/de\/tipps\/ein-tag-im-jahr-im-neuen-jahrhundert\/"},"wordCount":954,"publisher":{"@id":"https:\/\/www.sonnenseite.com\/de\/#organization"},"image":{"@id":"https:\/\/www.sonnenseite.com\/de\/tipps\/ein-tag-im-jahr-im-neuen-jahrhundert\/#primaryimage"},"thumbnailUrl":"https:\/\/www.sonnenseite.com\/wp-content\/uploads\/2020\/06\/archiv_artikel.jpg","articleSection":["Tipps"],"inLanguage":"de"},{"@type":"WebPage","@id":"https:\/\/www.sonnenseite.com\/de\/tipps\/ein-tag-im-jahr-im-neuen-jahrhundert\/","url":"https:\/\/www.sonnenseite.com\/de\/tipps\/ein-tag-im-jahr-im-neuen-jahrhundert\/","name":"Ein Tag im Jahr im neuen Jahrhundert - Sonnenseite - \u00d6kologische Kommunikation mit Franz Alt","isPartOf":{"@id":"https:\/\/www.sonnenseite.com\/de\/#website"},"primaryImageOfPage":{"@id":"https:\/\/www.sonnenseite.com\/de\/tipps\/ein-tag-im-jahr-im-neuen-jahrhundert\/#primaryimage"},"image":{"@id":"https:\/\/www.sonnenseite.com\/de\/tipps\/ein-tag-im-jahr-im-neuen-jahrhundert\/#primaryimage"},"thumbnailUrl":"https:\/\/www.sonnenseite.com\/wp-content\/uploads\/2020\/06\/archiv_artikel.jpg","datePublished":"2013-04-17T22:00:00+00:00","description":"Tage in den Jahren der Christa Wolf. Ein Trostbuch f\u00fcr all ihre Leser. Von Ulrich Gellermann Liebe Christa Wolf,erneut haben Sie ein ber\u00fchrendes, kluges","breadcrumb":{"@id":"https:\/\/www.sonnenseite.com\/de\/tipps\/ein-tag-im-jahr-im-neuen-jahrhundert\/#breadcrumb"},"inLanguage":"de","potentialAction":[{"@type":"ReadAction","target":["https:\/\/www.sonnenseite.com\/de\/tipps\/ein-tag-im-jahr-im-neuen-jahrhundert\/"]}]},{"@type":"ImageObject","inLanguage":"de","@id":"https:\/\/www.sonnenseite.com\/de\/tipps\/ein-tag-im-jahr-im-neuen-jahrhundert\/#primaryimage","url":"https:\/\/www.sonnenseite.com\/wp-content\/uploads\/2020\/06\/archiv_artikel.jpg","contentUrl":"https:\/\/www.sonnenseite.com\/wp-content\/uploads\/2020\/06\/archiv_artikel.jpg","width":770,"height":420,"caption":"Sonnenseite"},{"@type":"BreadcrumbList","@id":"https:\/\/www.sonnenseite.com\/de\/tipps\/ein-tag-im-jahr-im-neuen-jahrhundert\/#breadcrumb","itemListElement":[{"@type":"ListItem","position":1,"name":"Startseite","item":"https:\/\/www.sonnenseite.com\/de\/"},{"@type":"ListItem","position":2,"name":"Ein Tag im Jahr im neuen Jahrhundert"}]},{"@type":"WebSite","@id":"https:\/\/www.sonnenseite.com\/de\/#website","url":"https:\/\/www.sonnenseite.com\/de\/","name":"Sonnenseite","description":"\u00d6kologische Kommunikation mit Franz Alt","publisher":{"@id":"https:\/\/www.sonnenseite.com\/de\/#organization"},"potentialAction":[{"@type":"SearchAction","target":{"@type":"EntryPoint","urlTemplate":"https:\/\/www.sonnenseite.com\/de\/?s={search_term_string}"},"query-input":{"@type":"PropertyValueSpecification","valueRequired":true,"valueName":"search_term_string"}}],"inLanguage":"de"},{"@type":"Organization","@id":"https:\/\/www.sonnenseite.com\/de\/#organization","name":"Sonnenseite","url":"https:\/\/www.sonnenseite.com\/de\/","logo":{"@type":"ImageObject","inLanguage":"de","@id":"https:\/\/www.sonnenseite.com\/de\/#\/schema\/logo\/image\/","url":"https:\/\/www.sonnenseite.com\/wp-content\/uploads\/2020\/05\/Sonnenseite_Logo.png","contentUrl":"https:\/\/www.sonnenseite.com\/wp-content\/uploads\/2020\/05\/Sonnenseite_Logo.png","width":377,"height":90,"caption":"Sonnenseite"},"image":{"@id":"https:\/\/www.sonnenseite.com\/de\/#\/schema\/logo\/image\/"},"sameAs":["https:\/\/www.facebook.com\/pages\/Franz-Alt-SONNENSEITECOM\/221072987903953?fref=ts","https:\/\/x.com\/franzalt","http:\/\/www.youtube.com\/results?search_query&amp;amp;quot;franz_alt&amp;amp;quot;&amp;amp;amp;amp;search_type&amp;amp;amp;amp;aq=f"]},{"@type":"Person","@id":"https:\/\/www.sonnenseite.com\/de\/#\/schema\/person\/6df44691cd9a70d99e140e1116ee8771","name":"sbade","sameAs":["https:\/\/www.sonnenseite.com"]}]}},"_links":{"self":[{"href":"https:\/\/www.sonnenseite.com\/de\/wp-json\/wp\/v2\/posts\/54462","targetHints":{"allow":["GET"]}}],"collection":[{"href":"https:\/\/www.sonnenseite.com\/de\/wp-json\/wp\/v2\/posts"}],"about":[{"href":"https:\/\/www.sonnenseite.com\/de\/wp-json\/wp\/v2\/types\/post"}],"author":[{"embeddable":true,"href":"https:\/\/www.sonnenseite.com\/de\/wp-json\/wp\/v2\/users\/1"}],"replies":[{"embeddable":true,"href":"https:\/\/www.sonnenseite.com\/de\/wp-json\/wp\/v2\/comments?post=54462"}],"version-history":[{"count":0,"href":"https:\/\/www.sonnenseite.com\/de\/wp-json\/wp\/v2\/posts\/54462\/revisions"}],"wp:featuredmedia":[{"embeddable":true,"href":"https:\/\/www.sonnenseite.com\/de\/wp-json\/wp\/v2\/media\/50987"}],"wp:attachment":[{"href":"https:\/\/www.sonnenseite.com\/de\/wp-json\/wp\/v2\/media?parent=54462"}],"wp:term":[{"taxonomy":"category","embeddable":true,"href":"https:\/\/www.sonnenseite.com\/de\/wp-json\/wp\/v2\/categories?post=54462"},{"taxonomy":"post_tag","embeddable":true,"href":"https:\/\/www.sonnenseite.com\/de\/wp-json\/wp\/v2\/tags?post=54462"}],"curies":[{"name":"wp","href":"https:\/\/api.w.org\/{rel}","templated":true}]}}