{"id":54507,"date":"2013-04-11T00:00:00","date_gmt":"2013-04-10T22:00:00","guid":{"rendered":"https:\/\/www.sonnenseite.com\/politik\/automobilindustrie-arbeitsplatzboom-bis-2030-durch-elektromobilitaet-moeglich.html"},"modified":"2013-04-11T00:00:00","modified_gmt":"2013-04-10T22:00:00","slug":"automobilindustrie-arbeitsplatzboom-bis-2030-durch-elektromobilitaet-moeglich","status":"publish","type":"post","link":"https:\/\/www.sonnenseite.com\/de\/politik\/automobilindustrie-arbeitsplatzboom-bis-2030-durch-elektromobilitaet-moeglich\/","title":{"rendered":"Automobilindustrie: Arbeitsplatzboom bis 2030 durch Elektromobilit\u00e4t m\u00f6glich"},"content":{"rendered":"<p>Studie untersucht Entwicklung der Automobilindustrie \u2013 150.000 neue Jobs bis 2030 m\u00f6glich. <!--more--> <\/p>\n<p>Ausgehend von einer neuen\u00a0<a href=\"http:\/\/www.innovations-report.de\/html\/berichte\/studien\/studie_untersucht_entwicklung_automobilindustrie_150_212170.html\" target=\"_blank\" rel=\"noopener noreferrer\">Studie der Universit\u00e4t Duisburg-Essen<\/a>, die von der EU in Auftrag gegeben wurde, zeichnen sich die Prognosen f\u00fcr den Arbeitsmarkt in der Automobilbranche durchaus positiv. Die Koordinatoren der Studie, Prof. Dr. Heike Proff und Dominik Kilian vom Lehrstuhl f\u00fcr Allgemeine Betriebswirtschaftslehre und Internationales Automobilmanagement, kommen zu dem Schluss, dass in den n\u00e4chsten 20 Jahren bis zu 150.000 neue Arbeitspl\u00e4tze in der europ\u00e4ischen Automobilindustrie m\u00f6glich seien. Besonderer Fokus liegt dabei auf der Elektromobilit\u00e4t und den damit verbundenen Ver\u00e4nderungen auf dem Markt.<\/p>\n<p><strong>Die europ\u00e4ische Automobilindustrie 2030 <\/strong><\/p>\n<p>Dennoch ist zumindest anfangs mit einem leichten R\u00fcckgang in der europ\u00e4ischen Automobilindustrie zu rechnen, da in diesem Zusammenhang die Wachstumsm\u00e4rkte in aufstrebenden L\u00e4ndern wie Russland, S\u00fcdafrika, Brasilien aber auch Indien und China zunehmend in den Vordergrund treten. So d\u00fcrfte die Wertsch\u00f6pfung in der EU von heute etwa 150 Milliarden Euro auf 142 Milliarden Euro im Jahr 2030 zur\u00fcckgehen. Problematisch ist dabei in erster Linie die geringere Wertsch\u00f6pfung durch die geringere Anzahl an Teilen bei Elektrofahrzeugen.<\/p>\n<p><strong>Elektromobilit\u00e4t \u2013 Chance und Herausforderung <\/strong><\/p>\n<p>Die Europ\u00e4ische Union muss sich trotz anhaltendem Export daher verst\u00e4rkt auf die Investition in Produktionsanlagen und die Komponentenfertigung f\u00fcr die Elektromobilit\u00e4t in den EU-Staaten konzentrieren. Laut Prof. Dr. Heike Proff handelt es sich bei der Elektromobilit\u00e4t um eine gro\u00dfe Herausforderung f\u00fcr die Branche, die in Europa offensiv aufgenommen werden sollte, um hier die Wertsch\u00f6pfung halten und m\u00f6glichst noch ausbauen zu k\u00f6nnen. Um die Diskrepanz zwischen Angebot und Nachfrage m\u00f6glichst niedrig zu halten, muss unter anderem die Batterietechnik weiter ausgebaut werden um die Elektrofahrzeuge mit gr\u00f6\u00dferer Reichweite und k\u00fcrzerer Ladedauer auf lange Sicht attraktiver zu gestalten. Im Jahr 2030 wird der Anteil an Elektrofahrzeugen unter den Neuzulassungen in der EU voraussichtlich bereits mehr als 30 Prozent betragen.<\/p>\n<p>\u201eSteigt der Marktanteil an Elektrofahrzeugen und wird die Komponentenfertigung in den EU-Staaten verst\u00e4rkt, kann schlie\u00dflich 2020 eine bis zu 40 Milliarden und 2030 bis 30 Milliarden Euro h\u00f6here Wertsch\u00f6pfung erreicht werden. So k\u00f6nnten europaweit 100.000 bis 150.000 neue Arbeitspl\u00e4tze entstehen\u201c, sagt Proff.<\/p>\n<p>Vor diesem Hintergrund ist auch die Ank\u00fcndigung f\u00fchrender Automotive-Partner in Deutschland zusammen mit dem Fraunhofer IPA zu sehen,\u00a0<a href=\"http:\/\/www.agitano.com\/elektromobilitaet-gemeinsam-elektroantriebe-flexibel-in-grossserie-produzieren\/52264\" target=\"_blank\" rel=\"noopener noreferrer\">ein prozessmodulares Fertigungskonzept f\u00fcr E-Motoren<\/a> zu entwickeln. Eine wirtschaftliche Produktion von Elektromotoren in Gro\u00dfserien ist bislang noch nicht m\u00f6glich, da die automatisierte Herstellung von Antriebskomponenten f\u00fcr E-Fahrzeuge erst noch am Anfang steht.<\/p>\n<p><strong>R\u00fcckgang bei Kfz-Serviceleistungen <\/strong><\/p>\n<p>Das Service-Gesch\u00e4ft f\u00fcr Autos setzt\u00a0<a href=\"http:\/\/www.agitano.com\/werkstatt-portale-bieten-grosses-wachstumspotenzial-fuer-deutsche-kfz-serviceanbieter\/52244\" target=\"_blank\" rel=\"noopener noreferrer\">laut einer Roland Berger Studie<\/a> deutschlandweit rund 26 Milliarden Euro j\u00e4hrlich um, doch der Markt ist hart umk\u00e4mpft: Der Bedarf an Kfz-Serviceleistungen d\u00fcrfte in absehbarer Zeit bis 2025 um bis zu 25 Prozent zur\u00fcckgehen. Hier nimmt der Wettbewerbsdruck sp\u00fcrbar zu und die Anbieter m\u00fcssen sich vor allem in Richtung Werkstattportale hin neu orientieren, um ihren Kunden halten zu k\u00f6nnen.<\/p>\n<p><strong>Weiterf\u00fchrende Informationen: <\/strong><\/p>\n<ul>\n<li><a href=\"http:\/\/www.agitano.com\/dlr-forscher-stellen-neuartigen-range-extender-fur-elektroautos-vor\/50079\" target=\"_blank\" rel=\"noopener noreferrer\">DLR-Forscher stellen neuartigen Range-Extender f\u00fcr Elektroautos vor<\/a><\/li>\n<li>PricewaterhouseCoopers:\u00a0<a href=\"http:\/\/www.agitano.com\/pwc-autobranche-waechst-langsamer-nur-jeder-dritte-ceo-rechnet-fest-mit-umsatzplus\/52021\" target=\"_blank\" rel=\"noopener noreferrer\">Autobranche w\u00e4chst langsamer \u2013 Nur jeder dritte CEO rechnet fest mit Umsatzplus<\/a><\/li>\n<li><a href=\"http:\/\/www.agitano.com\/pwc-autobranche-waechst-langsamer-nur-jeder-dritte-ceo-rechnet-fest-mit-umsatzplus\/52021\" target=\"_blank\" rel=\"noopener noreferrer\">Frost &amp; Sullivan:\u00a0<a href=\"http:\/\/www.agitano.com\/frost-sullivan-die-zukunft-des-einzelhandels-in-der-autoindustrie\/49047\" target=\"_blank\" rel=\"noopener noreferrer\">Die Zukunft des Einzelhandels in der Autoindustrie<\/a><\/li>\n<li>KPMG:\u00a0<a href=\"http:\/\/www.agitano.com\/geschaeftsmodelle-der-automobilbranche-auf-dem-pruefstand\/45850\" target=\"_blank\" rel=\"noopener noreferrer\">Gesch\u00e4ftsmodelle der Automobilbranche auf dem Pr\u00fcfstand<\/a><\/li>\n<li>CRM-Studie:\u00a0<a href=\"http:\/\/www.agitano.com\/crm-studie-autokunden-wenig-begeistert\/44287\" target=\"_blank\" rel=\"noopener noreferrer\">Autokunden wenig begeistert<\/a><\/li>\n<\/ul>\n<h5 class=\"green\">Quelle<\/h5>\n<p>AGITANO | hk | mb 2013Universit\u00e4t Duisburg-Essen (UDE) 2013<\/p>\n<div class=\"shariff shariff-align-flex-start shariff-widget-align-flex-start\"><div class=\"ShariffHeadline\">Diese Meldung teilen<\/div><ul class=\"shariff-buttons theme-round orientation-horizontal buttonsize-medium\"><li class=\"shariff-button facebook shariff-nocustomcolor\" style=\"background-color:#4273c8;border-radius:1%\"><a href=\"https:\/\/www.facebook.com\/sharer\/sharer.php?u=https%3A%2F%2Fwww.sonnenseite.com%2Fde%2Fpolitik%2Fautomobilindustrie-arbeitsplatzboom-bis-2030-durch-elektromobilitaet-moeglich%2F\" title=\"Bei Facebook teilen\" aria-label=\"Bei Facebook teilen\" role=\"button\" rel=\"nofollow\" class=\"shariff-link\" style=\";border-radius:1%; background-color:#3b5998; color:#fff\" target=\"_blank\"><span class=\"shariff-icon\" style=\"\"><svg width=\"32px\" height=\"20px\" xmlns=\"http:\/\/www.w3.org\/2000\/svg\" viewBox=\"0 0 18 32\"><path fill=\"#3b5998\" d=\"M17.1 0.2v4.7h-2.8q-1.5 0-2.1 0.6t-0.5 1.9v3.4h5.2l-0.7 5.3h-4.5v13.6h-5.5v-13.6h-4.5v-5.3h4.5v-3.9q0-3.3 1.9-5.2t5-1.8q2.6 0 4.1 0.2z\"\/><\/svg><\/span><\/a><\/li><li class=\"shariff-button twitter shariff-nocustomcolor\" style=\"background-color:#595959;border-radius:1%\"><a href=\"https:\/\/twitter.com\/share?url=https%3A%2F%2Fwww.sonnenseite.com%2Fde%2Fpolitik%2Fautomobilindustrie-arbeitsplatzboom-bis-2030-durch-elektromobilitaet-moeglich%2F&text=Automobilindustrie%3A%20Arbeitsplatzboom%20bis%202030%20durch%20Elektromobilit%C3%A4t%20m%C3%B6glich\" title=\"Bei X teilen\" aria-label=\"Bei X teilen\" role=\"button\" rel=\"noopener nofollow\" class=\"shariff-link\" style=\";border-radius:1%; background-color:#000; color:#fff\" target=\"_blank\"><span class=\"shariff-icon\" style=\"\"><svg width=\"32px\" height=\"20px\" xmlns=\"http:\/\/www.w3.org\/2000\/svg\" viewBox=\"0 0 24 24\"><path fill=\"#000\" d=\"M14.258 10.152L23.176 0h-2.113l-7.747 8.813L7.133 0H0l9.352 13.328L0 23.973h2.113l8.176-9.309 6.531 9.309h7.133zm-2.895 3.293l-.949-1.328L2.875 1.56h3.246l6.086 8.523.945 1.328 7.91 11.078h-3.246zm0 0\"\/><\/svg><\/span><\/a><\/li><li class=\"shariff-button xing shariff-nocustomcolor\" style=\"background-color:#29888a;border-radius:1%\"><a href=\"https:\/\/www.xing.com\/spi\/shares\/new?url=https%3A%2F%2Fwww.sonnenseite.com%2Fde%2Fpolitik%2Fautomobilindustrie-arbeitsplatzboom-bis-2030-durch-elektromobilitaet-moeglich%2F\" title=\"Bei XING teilen\" aria-label=\"Bei XING teilen\" role=\"button\" rel=\"noopener nofollow\" class=\"shariff-link\" style=\";border-radius:1%; background-color:#126567; color:#fff\" target=\"_blank\"><span class=\"shariff-icon\" style=\"\"><svg width=\"32px\" height=\"20px\" xmlns=\"http:\/\/www.w3.org\/2000\/svg\" viewBox=\"0 0 25 32\"><path fill=\"#126567\" d=\"M10.7 11.9q-0.2 0.3-4.6 8.2-0.5 0.8-1.2 0.8h-4.3q-0.4 0-0.5-0.3t0-0.6l4.5-8q0 0 0 0l-2.9-5q-0.2-0.4 0-0.7 0.2-0.3 0.5-0.3h4.3q0.7 0 1.2 0.8zM25.1 0.4q0.2 0.3 0 0.7l-9.4 16.7 6 11q0.2 0.4 0 0.6-0.2 0.3-0.6 0.3h-4.3q-0.7 0-1.2-0.8l-6-11.1q0.3-0.6 9.5-16.8 0.4-0.8 1.2-0.8h4.3q0.4 0 0.5 0.3z\"\/><\/svg><\/span><\/a><\/li><li class=\"shariff-button linkedin shariff-nocustomcolor\" style=\"background-color:#1488bf;border-radius:1%\"><a href=\"https:\/\/www.linkedin.com\/sharing\/share-offsite\/?url=https%3A%2F%2Fwww.sonnenseite.com%2Fde%2Fpolitik%2Fautomobilindustrie-arbeitsplatzboom-bis-2030-durch-elektromobilitaet-moeglich%2F\" title=\"Bei LinkedIn teilen\" aria-label=\"Bei LinkedIn teilen\" role=\"button\" rel=\"noopener nofollow\" class=\"shariff-link\" style=\";border-radius:1%; background-color:#0077b5; color:#fff\" target=\"_blank\"><span class=\"shariff-icon\" style=\"\"><svg width=\"32px\" height=\"20px\" xmlns=\"http:\/\/www.w3.org\/2000\/svg\" viewBox=\"0 0 27 32\"><path fill=\"#0077b5\" d=\"M6.2 11.2v17.7h-5.9v-17.7h5.9zM6.6 5.7q0 1.3-0.9 2.2t-2.4 0.9h0q-1.5 0-2.4-0.9t-0.9-2.2 0.9-2.2 2.4-0.9 2.4 0.9 0.9 2.2zM27.4 18.7v10.1h-5.9v-9.5q0-1.9-0.7-2.9t-2.3-1.1q-1.1 0-1.9 0.6t-1.2 1.5q-0.2 0.5-0.2 1.4v9.9h-5.9q0-7.1 0-11.6t0-5.3l0-0.9h5.9v2.6h0q0.4-0.6 0.7-1t1-0.9 1.6-0.8 2-0.3q3 0 4.9 2t1.9 6z\"\/><\/svg><\/span><\/a><\/li><li class=\"shariff-button printer shariff-nocustomcolor\" style=\"background-color:#a8a8a8;border-radius:1%\"><a href=\"javascript:window.print()\" title=\"drucken\" aria-label=\"drucken\" role=\"button\" rel=\"noopener nofollow\" class=\"shariff-link\" style=\";border-radius:1%; background-color:#999; color:#fff\"><span class=\"shariff-icon\" style=\"\"><svg width=\"32px\" height=\"20px\" xmlns=\"http:\/\/www.w3.org\/2000\/svg\" viewBox=\"0 0 30 32\"><path fill=\"#999\" d=\"M6.8 27.4h16v-4.6h-16v4.6zM6.8 16h16v-6.8h-2.8q-0.7 0-1.2-0.5t-0.5-1.2v-2.8h-11.4v11.4zM27.4 17.2q0-0.5-0.3-0.8t-0.8-0.4-0.8 0.4-0.3 0.8 0.3 0.8 0.8 0.3 0.8-0.3 0.3-0.8zM29.7 17.2v7.4q0 0.2-0.2 0.4t-0.4 0.2h-4v2.8q0 0.7-0.5 1.2t-1.2 0.5h-17.2q-0.7 0-1.2-0.5t-0.5-1.2v-2.8h-4q-0.2 0-0.4-0.2t-0.2-0.4v-7.4q0-1.4 1-2.4t2.4-1h1.2v-9.7q0-0.7 0.5-1.2t1.2-0.5h12q0.7 0 1.6 0.4t1.3 0.8l2.7 2.7q0.5 0.5 0.9 1.4t0.4 1.6v4.6h1.1q1.4 0 2.4 1t1 2.4z\"\/><\/svg><\/span><\/a><\/li><li class=\"shariff-button mailto shariff-nocustomcolor\" style=\"background-color:#a8a8a8;border-radius:1%\"><a href=\"mailto:?body=https%3A%2F%2Fwww.sonnenseite.com%2Fde%2Fpolitik%2Fautomobilindustrie-arbeitsplatzboom-bis-2030-durch-elektromobilitaet-moeglich%2F&subject=Automobilindustrie%3A%20Arbeitsplatzboom%20bis%202030%20durch%20Elektromobilit%C3%A4t%20m%C3%B6glich\" title=\"Per E-Mail versenden\" aria-label=\"Per E-Mail versenden\" role=\"button\" rel=\"noopener nofollow\" class=\"shariff-link\" style=\";border-radius:1%; background-color:#999; color:#fff\"><span class=\"shariff-icon\" style=\"\"><svg width=\"32px\" height=\"20px\" xmlns=\"http:\/\/www.w3.org\/2000\/svg\" viewBox=\"0 0 32 32\"><path fill=\"#999\" d=\"M32 12.7v14.2q0 1.2-0.8 2t-2 0.9h-26.3q-1.2 0-2-0.9t-0.8-2v-14.2q0.8 0.9 1.8 1.6 6.5 4.4 8.9 6.1 1 0.8 1.6 1.2t1.7 0.9 2 0.4h0.1q0.9 0 2-0.4t1.7-0.9 1.6-1.2q3-2.2 8.9-6.1 1-0.7 1.8-1.6zM32 7.4q0 1.4-0.9 2.7t-2.2 2.2q-6.7 4.7-8.4 5.8-0.2 0.1-0.7 0.5t-1 0.7-0.9 0.6-1.1 0.5-0.9 0.2h-0.1q-0.4 0-0.9-0.2t-1.1-0.5-0.9-0.6-1-0.7-0.7-0.5q-1.6-1.1-4.7-3.2t-3.6-2.6q-1.1-0.7-2.1-2t-1-2.5q0-1.4 0.7-2.3t2.1-0.9h26.3q1.2 0 2 0.8t0.9 2z\"\/><\/svg><\/span><\/a><\/li><\/ul><\/div>","protected":false},"excerpt":{"rendered":"<p>Studie untersucht Entwicklung der Automobilindustrie \u2013 150.000 neue Jobs bis 2030 m\u00f6glich.<\/p>\n","protected":false},"author":1,"featured_media":50987,"comment_status":"closed","ping_status":"closed","sticky":false,"template":"","format":"standard","meta":{"inline_featured_image":false,"footnotes":""},"categories":[21],"tags":[],"class_list":["post-54507","post","type-post","status-publish","format-standard","has-post-thumbnail","hentry","category-politik"],"yoast_head":"<!-- This site is optimized with the Yoast SEO plugin v26.5 - https:\/\/yoast.com\/wordpress\/plugins\/seo\/ -->\n<title>Automobilindustrie: Arbeitsplatzboom bis 2030 durch Elektromobilit\u00e4t m\u00f6glich - Sonnenseite - \u00d6kologische Kommunikation mit Franz Alt<\/title>\n<meta name=\"description\" content=\"Studie untersucht Entwicklung der Automobilindustrie \u2013 150.000 neue Jobs bis 2030 m\u00f6glich. Ausgehend von einer neuen\u00a0Studie der Universit\u00e4t\" \/>\n<meta name=\"robots\" content=\"index, follow, max-snippet:-1, max-image-preview:large, max-video-preview:-1\" \/>\n<link rel=\"canonical\" href=\"https:\/\/www.sonnenseite.com\/de\/politik\/automobilindustrie-arbeitsplatzboom-bis-2030-durch-elektromobilitaet-moeglich\/\" \/>\n<meta property=\"og:locale\" content=\"de_DE\" \/>\n<meta property=\"og:type\" content=\"article\" \/>\n<meta property=\"og:title\" content=\"Automobilindustrie: Arbeitsplatzboom bis 2030 durch Elektromobilit\u00e4t m\u00f6glich - Sonnenseite - \u00d6kologische Kommunikation mit Franz Alt\" \/>\n<meta property=\"og:description\" content=\"Studie untersucht Entwicklung der Automobilindustrie \u2013 150.000 neue Jobs bis 2030 m\u00f6glich. Ausgehend von einer neuen\u00a0Studie der Universit\u00e4t\" \/>\n<meta property=\"og:url\" content=\"https:\/\/www.sonnenseite.com\/de\/politik\/automobilindustrie-arbeitsplatzboom-bis-2030-durch-elektromobilitaet-moeglich\/\" \/>\n<meta property=\"og:site_name\" content=\"Sonnenseite\" \/>\n<meta property=\"article:publisher\" content=\"https:\/\/www.facebook.com\/pages\/Franz-Alt-SONNENSEITECOM\/221072987903953?fref=ts\" \/>\n<meta property=\"article:published_time\" content=\"2013-04-10T22:00:00+00:00\" \/>\n<meta property=\"og:image\" content=\"https:\/\/www.sonnenseite.com\/wp-content\/uploads\/2020\/06\/archiv_artikel.jpg\" \/>\n\t<meta property=\"og:image:width\" content=\"770\" \/>\n\t<meta property=\"og:image:height\" content=\"420\" \/>\n\t<meta property=\"og:image:type\" content=\"image\/jpeg\" \/>\n<meta name=\"author\" content=\"sbade\" \/>\n<meta name=\"twitter:card\" content=\"summary_large_image\" \/>\n<meta name=\"twitter:creator\" content=\"@franzalt\" \/>\n<meta name=\"twitter:site\" content=\"@franzalt\" \/>\n<meta name=\"twitter:label1\" content=\"Verfasst von\" \/>\n\t<meta name=\"twitter:data1\" content=\"sbade\" \/>\n\t<meta name=\"twitter:label2\" content=\"Gesch\u00e4tzte Lesezeit\" \/>\n\t<meta name=\"twitter:data2\" content=\"3\u00a0Minuten\" \/>\n<script type=\"application\/ld+json\" class=\"yoast-schema-graph\">{\"@context\":\"https:\/\/schema.org\",\"@graph\":[{\"@type\":\"Article\",\"@id\":\"https:\/\/www.sonnenseite.com\/de\/politik\/automobilindustrie-arbeitsplatzboom-bis-2030-durch-elektromobilitaet-moeglich\/#article\",\"isPartOf\":{\"@id\":\"https:\/\/www.sonnenseite.com\/de\/politik\/automobilindustrie-arbeitsplatzboom-bis-2030-durch-elektromobilitaet-moeglich\/\"},\"author\":{\"name\":\"sbade\",\"@id\":\"https:\/\/www.sonnenseite.com\/de\/#\/schema\/person\/6df44691cd9a70d99e140e1116ee8771\"},\"headline\":\"Automobilindustrie: Arbeitsplatzboom bis 2030 durch Elektromobilit\u00e4t m\u00f6glich\",\"datePublished\":\"2013-04-10T22:00:00+00:00\",\"mainEntityOfPage\":{\"@id\":\"https:\/\/www.sonnenseite.com\/de\/politik\/automobilindustrie-arbeitsplatzboom-bis-2030-durch-elektromobilitaet-moeglich\/\"},\"wordCount\":551,\"publisher\":{\"@id\":\"https:\/\/www.sonnenseite.com\/de\/#organization\"},\"image\":{\"@id\":\"https:\/\/www.sonnenseite.com\/de\/politik\/automobilindustrie-arbeitsplatzboom-bis-2030-durch-elektromobilitaet-moeglich\/#primaryimage\"},\"thumbnailUrl\":\"https:\/\/www.sonnenseite.com\/wp-content\/uploads\/2020\/06\/archiv_artikel.jpg\",\"articleSection\":[\"Politik\"],\"inLanguage\":\"de\"},{\"@type\":\"WebPage\",\"@id\":\"https:\/\/www.sonnenseite.com\/de\/politik\/automobilindustrie-arbeitsplatzboom-bis-2030-durch-elektromobilitaet-moeglich\/\",\"url\":\"https:\/\/www.sonnenseite.com\/de\/politik\/automobilindustrie-arbeitsplatzboom-bis-2030-durch-elektromobilitaet-moeglich\/\",\"name\":\"Automobilindustrie: Arbeitsplatzboom bis 2030 durch Elektromobilit\u00e4t m\u00f6glich - Sonnenseite - \u00d6kologische Kommunikation mit Franz Alt\",\"isPartOf\":{\"@id\":\"https:\/\/www.sonnenseite.com\/de\/#website\"},\"primaryImageOfPage\":{\"@id\":\"https:\/\/www.sonnenseite.com\/de\/politik\/automobilindustrie-arbeitsplatzboom-bis-2030-durch-elektromobilitaet-moeglich\/#primaryimage\"},\"image\":{\"@id\":\"https:\/\/www.sonnenseite.com\/de\/politik\/automobilindustrie-arbeitsplatzboom-bis-2030-durch-elektromobilitaet-moeglich\/#primaryimage\"},\"thumbnailUrl\":\"https:\/\/www.sonnenseite.com\/wp-content\/uploads\/2020\/06\/archiv_artikel.jpg\",\"datePublished\":\"2013-04-10T22:00:00+00:00\",\"description\":\"Studie untersucht Entwicklung der Automobilindustrie \u2013 150.000 neue Jobs bis 2030 m\u00f6glich. Ausgehend von einer neuen\u00a0Studie der Universit\u00e4t\",\"breadcrumb\":{\"@id\":\"https:\/\/www.sonnenseite.com\/de\/politik\/automobilindustrie-arbeitsplatzboom-bis-2030-durch-elektromobilitaet-moeglich\/#breadcrumb\"},\"inLanguage\":\"de\",\"potentialAction\":[{\"@type\":\"ReadAction\",\"target\":[\"https:\/\/www.sonnenseite.com\/de\/politik\/automobilindustrie-arbeitsplatzboom-bis-2030-durch-elektromobilitaet-moeglich\/\"]}]},{\"@type\":\"ImageObject\",\"inLanguage\":\"de\",\"@id\":\"https:\/\/www.sonnenseite.com\/de\/politik\/automobilindustrie-arbeitsplatzboom-bis-2030-durch-elektromobilitaet-moeglich\/#primaryimage\",\"url\":\"https:\/\/www.sonnenseite.com\/wp-content\/uploads\/2020\/06\/archiv_artikel.jpg\",\"contentUrl\":\"https:\/\/www.sonnenseite.com\/wp-content\/uploads\/2020\/06\/archiv_artikel.jpg\",\"width\":770,\"height\":420,\"caption\":\"Sonnenseite\"},{\"@type\":\"BreadcrumbList\",\"@id\":\"https:\/\/www.sonnenseite.com\/de\/politik\/automobilindustrie-arbeitsplatzboom-bis-2030-durch-elektromobilitaet-moeglich\/#breadcrumb\",\"itemListElement\":[{\"@type\":\"ListItem\",\"position\":1,\"name\":\"Startseite\",\"item\":\"https:\/\/www.sonnenseite.com\/de\/\"},{\"@type\":\"ListItem\",\"position\":2,\"name\":\"Automobilindustrie: Arbeitsplatzboom bis 2030 durch Elektromobilit\u00e4t m\u00f6glich\"}]},{\"@type\":\"WebSite\",\"@id\":\"https:\/\/www.sonnenseite.com\/de\/#website\",\"url\":\"https:\/\/www.sonnenseite.com\/de\/\",\"name\":\"Sonnenseite\",\"description\":\"\u00d6kologische Kommunikation mit Franz Alt\",\"publisher\":{\"@id\":\"https:\/\/www.sonnenseite.com\/de\/#organization\"},\"potentialAction\":[{\"@type\":\"SearchAction\",\"target\":{\"@type\":\"EntryPoint\",\"urlTemplate\":\"https:\/\/www.sonnenseite.com\/de\/?s={search_term_string}\"},\"query-input\":{\"@type\":\"PropertyValueSpecification\",\"valueRequired\":true,\"valueName\":\"search_term_string\"}}],\"inLanguage\":\"de\"},{\"@type\":\"Organization\",\"@id\":\"https:\/\/www.sonnenseite.com\/de\/#organization\",\"name\":\"Sonnenseite\",\"url\":\"https:\/\/www.sonnenseite.com\/de\/\",\"logo\":{\"@type\":\"ImageObject\",\"inLanguage\":\"de\",\"@id\":\"https:\/\/www.sonnenseite.com\/de\/#\/schema\/logo\/image\/\",\"url\":\"https:\/\/www.sonnenseite.com\/wp-content\/uploads\/2020\/05\/Sonnenseite_Logo.png\",\"contentUrl\":\"https:\/\/www.sonnenseite.com\/wp-content\/uploads\/2020\/05\/Sonnenseite_Logo.png\",\"width\":377,\"height\":90,\"caption\":\"Sonnenseite\"},\"image\":{\"@id\":\"https:\/\/www.sonnenseite.com\/de\/#\/schema\/logo\/image\/\"},\"sameAs\":[\"https:\/\/www.facebook.com\/pages\/Franz-Alt-SONNENSEITECOM\/221072987903953?fref=ts\",\"https:\/\/x.com\/franzalt\",\"http:\/\/www.youtube.com\/results?search_query&amp;amp;quot;franz_alt&amp;amp;quot;&amp;amp;amp;amp;search_type&amp;amp;amp;amp;aq=f\"]},{\"@type\":\"Person\",\"@id\":\"https:\/\/www.sonnenseite.com\/de\/#\/schema\/person\/6df44691cd9a70d99e140e1116ee8771\",\"name\":\"sbade\",\"sameAs\":[\"https:\/\/www.sonnenseite.com\"]}]}<\/script>\n<!-- \/ Yoast SEO plugin. -->","yoast_head_json":{"title":"Automobilindustrie: Arbeitsplatzboom bis 2030 durch Elektromobilit\u00e4t m\u00f6glich - Sonnenseite - \u00d6kologische Kommunikation mit Franz Alt","description":"Studie untersucht Entwicklung der Automobilindustrie \u2013 150.000 neue Jobs bis 2030 m\u00f6glich. Ausgehend von einer neuen\u00a0Studie der Universit\u00e4t","robots":{"index":"index","follow":"follow","max-snippet":"max-snippet:-1","max-image-preview":"max-image-preview:large","max-video-preview":"max-video-preview:-1"},"canonical":"https:\/\/www.sonnenseite.com\/de\/politik\/automobilindustrie-arbeitsplatzboom-bis-2030-durch-elektromobilitaet-moeglich\/","og_locale":"de_DE","og_type":"article","og_title":"Automobilindustrie: Arbeitsplatzboom bis 2030 durch Elektromobilit\u00e4t m\u00f6glich - Sonnenseite - \u00d6kologische Kommunikation mit Franz Alt","og_description":"Studie untersucht Entwicklung der Automobilindustrie \u2013 150.000 neue Jobs bis 2030 m\u00f6glich. Ausgehend von einer neuen\u00a0Studie der Universit\u00e4t","og_url":"https:\/\/www.sonnenseite.com\/de\/politik\/automobilindustrie-arbeitsplatzboom-bis-2030-durch-elektromobilitaet-moeglich\/","og_site_name":"Sonnenseite","article_publisher":"https:\/\/www.facebook.com\/pages\/Franz-Alt-SONNENSEITECOM\/221072987903953?fref=ts","article_published_time":"2013-04-10T22:00:00+00:00","og_image":[{"width":770,"height":420,"url":"https:\/\/www.sonnenseite.com\/wp-content\/uploads\/2020\/06\/archiv_artikel.jpg","type":"image\/jpeg"}],"author":"sbade","twitter_card":"summary_large_image","twitter_creator":"@franzalt","twitter_site":"@franzalt","twitter_misc":{"Verfasst von":"sbade","Gesch\u00e4tzte Lesezeit":"3\u00a0Minuten"},"schema":{"@context":"https:\/\/schema.org","@graph":[{"@type":"Article","@id":"https:\/\/www.sonnenseite.com\/de\/politik\/automobilindustrie-arbeitsplatzboom-bis-2030-durch-elektromobilitaet-moeglich\/#article","isPartOf":{"@id":"https:\/\/www.sonnenseite.com\/de\/politik\/automobilindustrie-arbeitsplatzboom-bis-2030-durch-elektromobilitaet-moeglich\/"},"author":{"name":"sbade","@id":"https:\/\/www.sonnenseite.com\/de\/#\/schema\/person\/6df44691cd9a70d99e140e1116ee8771"},"headline":"Automobilindustrie: Arbeitsplatzboom bis 2030 durch Elektromobilit\u00e4t m\u00f6glich","datePublished":"2013-04-10T22:00:00+00:00","mainEntityOfPage":{"@id":"https:\/\/www.sonnenseite.com\/de\/politik\/automobilindustrie-arbeitsplatzboom-bis-2030-durch-elektromobilitaet-moeglich\/"},"wordCount":551,"publisher":{"@id":"https:\/\/www.sonnenseite.com\/de\/#organization"},"image":{"@id":"https:\/\/www.sonnenseite.com\/de\/politik\/automobilindustrie-arbeitsplatzboom-bis-2030-durch-elektromobilitaet-moeglich\/#primaryimage"},"thumbnailUrl":"https:\/\/www.sonnenseite.com\/wp-content\/uploads\/2020\/06\/archiv_artikel.jpg","articleSection":["Politik"],"inLanguage":"de"},{"@type":"WebPage","@id":"https:\/\/www.sonnenseite.com\/de\/politik\/automobilindustrie-arbeitsplatzboom-bis-2030-durch-elektromobilitaet-moeglich\/","url":"https:\/\/www.sonnenseite.com\/de\/politik\/automobilindustrie-arbeitsplatzboom-bis-2030-durch-elektromobilitaet-moeglich\/","name":"Automobilindustrie: Arbeitsplatzboom bis 2030 durch Elektromobilit\u00e4t m\u00f6glich - Sonnenseite - \u00d6kologische Kommunikation mit Franz Alt","isPartOf":{"@id":"https:\/\/www.sonnenseite.com\/de\/#website"},"primaryImageOfPage":{"@id":"https:\/\/www.sonnenseite.com\/de\/politik\/automobilindustrie-arbeitsplatzboom-bis-2030-durch-elektromobilitaet-moeglich\/#primaryimage"},"image":{"@id":"https:\/\/www.sonnenseite.com\/de\/politik\/automobilindustrie-arbeitsplatzboom-bis-2030-durch-elektromobilitaet-moeglich\/#primaryimage"},"thumbnailUrl":"https:\/\/www.sonnenseite.com\/wp-content\/uploads\/2020\/06\/archiv_artikel.jpg","datePublished":"2013-04-10T22:00:00+00:00","description":"Studie untersucht Entwicklung der Automobilindustrie \u2013 150.000 neue Jobs bis 2030 m\u00f6glich. Ausgehend von einer neuen\u00a0Studie der Universit\u00e4t","breadcrumb":{"@id":"https:\/\/www.sonnenseite.com\/de\/politik\/automobilindustrie-arbeitsplatzboom-bis-2030-durch-elektromobilitaet-moeglich\/#breadcrumb"},"inLanguage":"de","potentialAction":[{"@type":"ReadAction","target":["https:\/\/www.sonnenseite.com\/de\/politik\/automobilindustrie-arbeitsplatzboom-bis-2030-durch-elektromobilitaet-moeglich\/"]}]},{"@type":"ImageObject","inLanguage":"de","@id":"https:\/\/www.sonnenseite.com\/de\/politik\/automobilindustrie-arbeitsplatzboom-bis-2030-durch-elektromobilitaet-moeglich\/#primaryimage","url":"https:\/\/www.sonnenseite.com\/wp-content\/uploads\/2020\/06\/archiv_artikel.jpg","contentUrl":"https:\/\/www.sonnenseite.com\/wp-content\/uploads\/2020\/06\/archiv_artikel.jpg","width":770,"height":420,"caption":"Sonnenseite"},{"@type":"BreadcrumbList","@id":"https:\/\/www.sonnenseite.com\/de\/politik\/automobilindustrie-arbeitsplatzboom-bis-2030-durch-elektromobilitaet-moeglich\/#breadcrumb","itemListElement":[{"@type":"ListItem","position":1,"name":"Startseite","item":"https:\/\/www.sonnenseite.com\/de\/"},{"@type":"ListItem","position":2,"name":"Automobilindustrie: Arbeitsplatzboom bis 2030 durch Elektromobilit\u00e4t m\u00f6glich"}]},{"@type":"WebSite","@id":"https:\/\/www.sonnenseite.com\/de\/#website","url":"https:\/\/www.sonnenseite.com\/de\/","name":"Sonnenseite","description":"\u00d6kologische Kommunikation mit Franz Alt","publisher":{"@id":"https:\/\/www.sonnenseite.com\/de\/#organization"},"potentialAction":[{"@type":"SearchAction","target":{"@type":"EntryPoint","urlTemplate":"https:\/\/www.sonnenseite.com\/de\/?s={search_term_string}"},"query-input":{"@type":"PropertyValueSpecification","valueRequired":true,"valueName":"search_term_string"}}],"inLanguage":"de"},{"@type":"Organization","@id":"https:\/\/www.sonnenseite.com\/de\/#organization","name":"Sonnenseite","url":"https:\/\/www.sonnenseite.com\/de\/","logo":{"@type":"ImageObject","inLanguage":"de","@id":"https:\/\/www.sonnenseite.com\/de\/#\/schema\/logo\/image\/","url":"https:\/\/www.sonnenseite.com\/wp-content\/uploads\/2020\/05\/Sonnenseite_Logo.png","contentUrl":"https:\/\/www.sonnenseite.com\/wp-content\/uploads\/2020\/05\/Sonnenseite_Logo.png","width":377,"height":90,"caption":"Sonnenseite"},"image":{"@id":"https:\/\/www.sonnenseite.com\/de\/#\/schema\/logo\/image\/"},"sameAs":["https:\/\/www.facebook.com\/pages\/Franz-Alt-SONNENSEITECOM\/221072987903953?fref=ts","https:\/\/x.com\/franzalt","http:\/\/www.youtube.com\/results?search_query&amp;amp;quot;franz_alt&amp;amp;quot;&amp;amp;amp;amp;search_type&amp;amp;amp;amp;aq=f"]},{"@type":"Person","@id":"https:\/\/www.sonnenseite.com\/de\/#\/schema\/person\/6df44691cd9a70d99e140e1116ee8771","name":"sbade","sameAs":["https:\/\/www.sonnenseite.com"]}]}},"_links":{"self":[{"href":"https:\/\/www.sonnenseite.com\/de\/wp-json\/wp\/v2\/posts\/54507","targetHints":{"allow":["GET"]}}],"collection":[{"href":"https:\/\/www.sonnenseite.com\/de\/wp-json\/wp\/v2\/posts"}],"about":[{"href":"https:\/\/www.sonnenseite.com\/de\/wp-json\/wp\/v2\/types\/post"}],"author":[{"embeddable":true,"href":"https:\/\/www.sonnenseite.com\/de\/wp-json\/wp\/v2\/users\/1"}],"replies":[{"embeddable":true,"href":"https:\/\/www.sonnenseite.com\/de\/wp-json\/wp\/v2\/comments?post=54507"}],"version-history":[{"count":0,"href":"https:\/\/www.sonnenseite.com\/de\/wp-json\/wp\/v2\/posts\/54507\/revisions"}],"wp:featuredmedia":[{"embeddable":true,"href":"https:\/\/www.sonnenseite.com\/de\/wp-json\/wp\/v2\/media\/50987"}],"wp:attachment":[{"href":"https:\/\/www.sonnenseite.com\/de\/wp-json\/wp\/v2\/media?parent=54507"}],"wp:term":[{"taxonomy":"category","embeddable":true,"href":"https:\/\/www.sonnenseite.com\/de\/wp-json\/wp\/v2\/categories?post=54507"},{"taxonomy":"post_tag","embeddable":true,"href":"https:\/\/www.sonnenseite.com\/de\/wp-json\/wp\/v2\/tags?post=54507"}],"curies":[{"name":"wp","href":"https:\/\/api.w.org\/{rel}","templated":true}]}}