{"id":54846,"date":"2013-02-21T00:00:00","date_gmt":"2013-02-20T23:00:00","guid":{"rendered":"https:\/\/www.sonnenseite.com\/tipps\/die-klimafalle.html"},"modified":"2013-02-21T00:00:00","modified_gmt":"2013-02-20T23:00:00","slug":"die-klimafalle","status":"publish","type":"post","link":"https:\/\/www.sonnenseite.com\/de\/tipps\/die-klimafalle\/","title":{"rendered":"Die Klimafalle"},"content":{"rendered":"<p>Die gef\u00e4hrliche N\u00e4he von Politik und Klimaforschung. Ein Dialog-Buch \u00fcber den Klimawandel. Von Rupert Neudeck <!--more--> <\/p>\n<p>Ein glaubw\u00fcrdiges Buch von zwei Autoren, das nicht auf jeder Seite beanspruchen, die Weisheit und Wahrheit mit L\u00f6ffeln gefressen zu haben. Das Buch beschreibt, wie Menschen verf\u00fchrbar sind, sogar Wissenschaftler. Wissenschaftler verlieren auch ihr Ethos, wenn sie zu Helfern der Zeitgeschichte mutieren. Das Buch ist ein spannender Dialog zwischen dem Naturwissenschaftler Hans von Storch und dem Geisteswissenschaftler Werner Krau\u00df. Die Disputation allein verhindert unn\u00f6tige Einseitigkeiten und \u00dcbertreibungen. Die hat es allerdings seit der Erfindung der Klimakatastrophe in gro\u00dfer F\u00fclle gegeben.<\/p>\n<p>Die Autoren zitieren ihren Kollegen, den \u201eanerkannten Klimaforscher\u201c Mojib Latif, der sich 2000 im Spiegel zu der Aussage verstieg: \u201eWinter mit starkem Frost und viel Schnee wie noch vor zwanzig Jahren\u201c werde es \u201ein unseren Breiten\u201c nicht mehr geben. Er wurde alsbald vom Wetter widerlegt.<\/p>\n<p>Das Buch beschreibt die Erfahrung einer und dann noch Natur-Wissenschaft, die in die Schlagzeilen der Medien ger\u00e4t. Nun ist es so, dass \u201edie Welt f\u00fcr die Medien nicht oft genug untergehen\u201c kann. Die Medienagenten, also Journalisten verwandeln hypothetische Aussagen ohne zu z\u00f6gern in Gewissheiten. Aber auch das ger\u00e4t nicht zur exklusiven Medienschelte in dem Buch, denn Wissenschaftler k\u00f6nnen sehr wohl den Verlockungen von Talk Shows mit Millionen Beteiligung und \u00f6ffentlicher Anerkennung manchmal gar nicht widerstehen.<\/p>\n<p>So wird man in dem Dialog Buch, in dem die beiden Autoren auch in der dritten Person von sich schreiben, behutsam von einer Problematik zur n\u00e4chsten gef\u00fchrt, alles immer in dem Bem\u00fchen, der Wissenschaft das zu lassen, was sie kann und was ihr quid pro quo, ihr eigentliches Materialobjekt ist. Und der Politik die Entscheidungen zu lassen, die allein sie und nicht die Wissenschaft treffen kann.<\/p>\n<p><strong>Das erste Kapitel beschreibt die Klimafalle <\/strong><\/p>\n<p>Die Autoren halten daf\u00fcr, dass die Klimakatastrophe uns zupass kam, als uns die Atomkriegsgefahr mit dem Ende des Kalten Krieges als globale Gefahr abhanden kam. Die verschiedenen Schulen der Wissenschaft k\u00e4mpften um den Nachweis, ob die Klimakatastrophe eben nur menschengemacht sei.<\/p>\n<p>Die zeitaktuelle Aufgipfelung ergab sich 2007 bei der Gew\u00e4hrung des Nobelpreises an den IPCC und Al Gore, den ehemaligen US-Vizepr\u00e4sidenten. Das beschreiben die Autoren in dem Kapitel, wie das wissenschaftliche Thema in die Krallen von Hollywood gelangt und es ihm dort nicht gut tut. Denn nach Hollywood gibt es den Klimakater.<\/p>\n<p><strong> <\/strong><\/p>\n<p><strong>Das Kapitel \u00fcber die \u201eHockeyschl\u00e4gerdebatte\u201c<\/strong> versucht an einem wissenschaftlichen Beispiel aufzudr\u00f6seln, wie die beiden Parteien in den USA sich ihre Wissenschaftler f\u00fcr ihre den \u00d6lkonzernen dienliche Politik hielten. Das Kapitel \u00fcber die UN-Klimakonferenz von Kopenhagen beschreibt, wie schlecht Politik beraten ist, sich vom Alarmismus leiten zu lassen. Etwa den Alarmismus, mit dem die BILD im Februar 2007 behaupten konnte, es blieben uns noch 13 Jahre, um die Klimakatastrophe abzuwenden.<\/p>\n<p>In den USA ergab sich im Gegenteil zun\u00e4chst eine positive Stimmung. Der Nachfolger Clintons, George W. Bush hatte im Wahlkampf noch positiv von Kyoto gesprochen, nach seiner Wahl die Unterzeichnung aber abgelehnt. Es kam zu der Katastrophe im Golf von Mexiko zu dem Hurrikan Katrina, der gro\u00dfe Teile der Gro\u00dfstadt New Orleans verw\u00fcstete. Wer das f\u00fcr ein Zeichen des Klimawandels hielt, war gegen den Irakkrieg und lehnte Steuersenkungen f\u00fcr Reiche ab. Wer aber f\u00fcr den Irakkrieg und Steuersenkungen f\u00fcr Reiche war, sah den menschengemachten Klimawandel als kein ernstes Problem an.<\/p>\n<p>\u201eF\u00fcr die einen bot der Klimawandel den Anlass, die Ursache anzugehen und die Welt zu retten. F\u00fcr die anderen symbolisierte er die Bedrohung, eine sozialistische Weltregierung oder \u00d6kodiktatur aufzubauen\u201c.<\/p>\n<p>Der eine Autor des Buches Hans von Storch wurde einmal zum Held der Warner, das n\u00e4chste Mal zum Held der Skeptiker, ohne sich dagegen wehren zu k\u00f6nnen. Er machte schlicht nur das, was Klimaforscher machen sollen: N\u00e4mlich sich Zahlen und Konzepte kritisch anzusehen.<\/p>\n<p>So erleben wir Zyklen der Weltalarme und ihrer Reduzierung. Der H\u00f6hepunkt lag 2006 in dem Stern-Report, der mit gro\u00dfen Fanfaren erschien. Darin wurde plausibel behauptet, eine wirksame Klimaschutzpolitik mit massiver Reduktion von Treibhausgasen sei billiger zu haben als die Kosten f\u00fcr die andernfalls anfallenden Sch\u00e4den. Ein Jahr sp\u00e4ter kamen die \u2013 interessanterweise nicht Physik-, sondern die Friedens-Nobelpreise f\u00fcr das IPCC und Al Gore. 2009 wendete sich wieder alles. Es ging in Kopenhagen ja auch um Interessen und Klimadiplomatie. Es kam innerhalb der Kaste der Wissenschaftler dann zu einem Skandal, dem sog. \u201eClimategate\u201c.<\/p>\n<p>Ende November 2009 wurden von unbekannten Hackern eine ganze Menge privater e-Mails ver\u00f6ffentlicht, die von einem Server der Climate Research Unit (CRU) stammten. Es wurden auch Fehler im offiziellen IPCC Bericht entdeckt und an die gro\u00dfe Glocke geh\u00e4ngt. Kurz, die Kaste der Wissenschaftler war in ihrem Renommee besch\u00e4digt. Und hatte einiges zu tun, da wieder herauszukommen. Bis 2013 scheint sie noch nicht wieder zu ihrer alten Form und Facon zur\u00fcckgefunden zu haben.<\/p>\n<p>Die Autoren beschreiben mit wissenschaftlicher N\u00fcchternheit, dass auch die Szene der Wissenschaftler keine von Heroen ist, sondern von Menschen, die oft sehr menscheln. Sie bem\u00fchen sich die Skeptiker ins Boot zu holen, einmal mit dem Buch selbst, dann auch mit der Beschreibung einer sehr reich ausgefalteten Blogosph\u00e4re, der die Autoren mit der Website \u201eKlimazwiebel\u201c auch noch eine zus\u00e4tzliche Quelle gaben.<\/p>\n<p>Die Erw\u00e4rmung des Erdklimas ist gegenw\u00e4rtig langsamer als sie 1990 erwartet wurde. Das m\u00fcsse aber kein Alarmzeichen sein, denn 13 Jahre sind als Beobachtung zu kurz, um damit gleich das Klimaproblem abzusagen. Das unterscheidend Spezifische von Wissenschaft bestehe auch darin, \u201eeinen Dialog zwischen Warnern und Skeptikern zu etablieren\u201c.<\/p>\n<p><strong>Und, es gibt die klare wertvolle Erkenntnis:<\/strong> Die Klimawissenschaften k\u00f6nnen nicht Politik machen noch ersetzen. Sie k\u00f6nnen die \u201epolitischen Dimensionen und Konsequenzen in entscheidenden F\u00e4llen nicht beantworten\u201c.- Und: Wissenschaftliche Beweise kommen auch nicht \u201egegen Ideologien an, egal wie fundiert sie sein m\u00f6gen\u201c. Die Wissenschaft darf sich eben nicht in \u201eGeiselhaft der Politik\u201c begeben.<\/p>\n<p>Sie notieren die Bem\u00fchungen der Kollegen vom \u201eBreakthrough Institute aus Kalifornien, den Klimawandel als Chance zu begreifen, die Forschung nach neuen Technologien anzukurbeln. Oder das Hartwell Papier, in dem prominente Wissenschaftler die W\u00fcrde aller Menschen hochhalten: Erst sollten alle Menschen ein Recht auf den Zugang zu billiger Energie haben. Gerade in der 3. Welt sind Millionen Haushalte noch lange nicht an ein Energienetz angeschlossen. Grundvoraussetzung jeder Klimapolitik sei, dass die Menschen zumindest einen Level an Lebensqualit\u00e4t erreichen k\u00f6nnen m\u00fcssen, um \u00fcberhaupt zu weiteren Zielen voranzugehen.<\/p>\n<p>Ob die bisherige Klimadebatte zu maskulin gef\u00fchrt wurde, ist ein weiterer Aspekt, bei dem man aufhorcht: Aber die Autoren beschreiben einen heftigen Angriff auf die Autorin Naomi Klein und betonen, dass sich in ihrer Person mit dem Weiblichen und dem Politischen gleich zwei solcher Gefahren f\u00fcr die objektive Wissenschaft vereinten. M\u00e4nner liefen Gefahr, die Haltung zu verlieren angesichts der Politisierung der Klimafrage. Und dann noch durch eine Frau.<\/p>\n<p>Die Autoren gehen zum Schluss noch mal nach Nordfriesland, wo sie gelernt haben, dass man die Menschen, die Einwohner eines Natur- und Kulturraumes mitnehmen muss. Dort leben selbstbewusste Menschen, die sich zu wehren wissen, wenn ihnen die Wissenschaft Diktate aufoktroyieren will. Die K\u00fcstenbev\u00f6lkerung in Ostfriesland erinnert die Forschung w\u00fctend daran, dass auch der Mensch im \u00d6kosystem eine Rolle spielt.<\/p>\n<p>Auf einer Protestveranstaltung wurde ein Plakat hochgehalten, das die gelegentliche Weltabgewandtheit der Wissenschaft treffend aufspie\u00dfte: \u201eDas Watt ist die Lebensgrundlage der Fischer und keine Spielwiese f\u00fcr Forscher\u201c.<\/p>\n<h5 class=\"green\">Quelle<\/h5>\n<p>Rupert Neudeck 2013Gr\u00fcnhelme 2013<\/p>\n<div class=\"shariff shariff-align-flex-start shariff-widget-align-flex-start\"><div class=\"ShariffHeadline\">Diese Meldung teilen<\/div><ul class=\"shariff-buttons theme-round orientation-horizontal buttonsize-medium\"><li class=\"shariff-button facebook shariff-nocustomcolor\" style=\"background-color:#4273c8;border-radius:1%\"><a href=\"https:\/\/www.facebook.com\/sharer\/sharer.php?u=https%3A%2F%2Fwww.sonnenseite.com%2Fde%2Ftipps%2Fdie-klimafalle%2F\" title=\"Bei Facebook teilen\" aria-label=\"Bei Facebook teilen\" role=\"button\" rel=\"nofollow\" class=\"shariff-link\" style=\";border-radius:1%; background-color:#3b5998; color:#fff\" target=\"_blank\"><span class=\"shariff-icon\" style=\"\"><svg width=\"32px\" height=\"20px\" xmlns=\"http:\/\/www.w3.org\/2000\/svg\" viewBox=\"0 0 18 32\"><path fill=\"#3b5998\" d=\"M17.1 0.2v4.7h-2.8q-1.5 0-2.1 0.6t-0.5 1.9v3.4h5.2l-0.7 5.3h-4.5v13.6h-5.5v-13.6h-4.5v-5.3h4.5v-3.9q0-3.3 1.9-5.2t5-1.8q2.6 0 4.1 0.2z\"\/><\/svg><\/span><\/a><\/li><li class=\"shariff-button twitter shariff-nocustomcolor\" style=\"background-color:#595959;border-radius:1%\"><a href=\"https:\/\/twitter.com\/share?url=https%3A%2F%2Fwww.sonnenseite.com%2Fde%2Ftipps%2Fdie-klimafalle%2F&text=Die%20Klimafalle\" title=\"Bei X teilen\" aria-label=\"Bei X teilen\" role=\"button\" rel=\"noopener nofollow\" class=\"shariff-link\" style=\";border-radius:1%; background-color:#000; color:#fff\" target=\"_blank\"><span class=\"shariff-icon\" style=\"\"><svg width=\"32px\" height=\"20px\" xmlns=\"http:\/\/www.w3.org\/2000\/svg\" viewBox=\"0 0 24 24\"><path fill=\"#000\" d=\"M14.258 10.152L23.176 0h-2.113l-7.747 8.813L7.133 0H0l9.352 13.328L0 23.973h2.113l8.176-9.309 6.531 9.309h7.133zm-2.895 3.293l-.949-1.328L2.875 1.56h3.246l6.086 8.523.945 1.328 7.91 11.078h-3.246zm0 0\"\/><\/svg><\/span><\/a><\/li><li class=\"shariff-button xing shariff-nocustomcolor\" style=\"background-color:#29888a;border-radius:1%\"><a href=\"https:\/\/www.xing.com\/spi\/shares\/new?url=https%3A%2F%2Fwww.sonnenseite.com%2Fde%2Ftipps%2Fdie-klimafalle%2F\" title=\"Bei XING teilen\" aria-label=\"Bei XING teilen\" role=\"button\" rel=\"noopener nofollow\" class=\"shariff-link\" style=\";border-radius:1%; background-color:#126567; color:#fff\" target=\"_blank\"><span class=\"shariff-icon\" style=\"\"><svg width=\"32px\" height=\"20px\" xmlns=\"http:\/\/www.w3.org\/2000\/svg\" viewBox=\"0 0 25 32\"><path fill=\"#126567\" d=\"M10.7 11.9q-0.2 0.3-4.6 8.2-0.5 0.8-1.2 0.8h-4.3q-0.4 0-0.5-0.3t0-0.6l4.5-8q0 0 0 0l-2.9-5q-0.2-0.4 0-0.7 0.2-0.3 0.5-0.3h4.3q0.7 0 1.2 0.8zM25.1 0.4q0.2 0.3 0 0.7l-9.4 16.7 6 11q0.2 0.4 0 0.6-0.2 0.3-0.6 0.3h-4.3q-0.7 0-1.2-0.8l-6-11.1q0.3-0.6 9.5-16.8 0.4-0.8 1.2-0.8h4.3q0.4 0 0.5 0.3z\"\/><\/svg><\/span><\/a><\/li><li class=\"shariff-button linkedin shariff-nocustomcolor\" style=\"background-color:#1488bf;border-radius:1%\"><a href=\"https:\/\/www.linkedin.com\/sharing\/share-offsite\/?url=https%3A%2F%2Fwww.sonnenseite.com%2Fde%2Ftipps%2Fdie-klimafalle%2F\" title=\"Bei LinkedIn teilen\" aria-label=\"Bei LinkedIn teilen\" role=\"button\" rel=\"noopener nofollow\" class=\"shariff-link\" style=\";border-radius:1%; background-color:#0077b5; color:#fff\" target=\"_blank\"><span class=\"shariff-icon\" style=\"\"><svg width=\"32px\" height=\"20px\" xmlns=\"http:\/\/www.w3.org\/2000\/svg\" viewBox=\"0 0 27 32\"><path fill=\"#0077b5\" d=\"M6.2 11.2v17.7h-5.9v-17.7h5.9zM6.6 5.7q0 1.3-0.9 2.2t-2.4 0.9h0q-1.5 0-2.4-0.9t-0.9-2.2 0.9-2.2 2.4-0.9 2.4 0.9 0.9 2.2zM27.4 18.7v10.1h-5.9v-9.5q0-1.9-0.7-2.9t-2.3-1.1q-1.1 0-1.9 0.6t-1.2 1.5q-0.2 0.5-0.2 1.4v9.9h-5.9q0-7.1 0-11.6t0-5.3l0-0.9h5.9v2.6h0q0.4-0.6 0.7-1t1-0.9 1.6-0.8 2-0.3q3 0 4.9 2t1.9 6z\"\/><\/svg><\/span><\/a><\/li><li class=\"shariff-button printer shariff-nocustomcolor\" style=\"background-color:#a8a8a8;border-radius:1%\"><a href=\"javascript:window.print()\" title=\"drucken\" aria-label=\"drucken\" role=\"button\" rel=\"noopener nofollow\" class=\"shariff-link\" style=\";border-radius:1%; background-color:#999; color:#fff\"><span class=\"shariff-icon\" style=\"\"><svg width=\"32px\" height=\"20px\" xmlns=\"http:\/\/www.w3.org\/2000\/svg\" viewBox=\"0 0 30 32\"><path fill=\"#999\" d=\"M6.8 27.4h16v-4.6h-16v4.6zM6.8 16h16v-6.8h-2.8q-0.7 0-1.2-0.5t-0.5-1.2v-2.8h-11.4v11.4zM27.4 17.2q0-0.5-0.3-0.8t-0.8-0.4-0.8 0.4-0.3 0.8 0.3 0.8 0.8 0.3 0.8-0.3 0.3-0.8zM29.7 17.2v7.4q0 0.2-0.2 0.4t-0.4 0.2h-4v2.8q0 0.7-0.5 1.2t-1.2 0.5h-17.2q-0.7 0-1.2-0.5t-0.5-1.2v-2.8h-4q-0.2 0-0.4-0.2t-0.2-0.4v-7.4q0-1.4 1-2.4t2.4-1h1.2v-9.7q0-0.7 0.5-1.2t1.2-0.5h12q0.7 0 1.6 0.4t1.3 0.8l2.7 2.7q0.5 0.5 0.9 1.4t0.4 1.6v4.6h1.1q1.4 0 2.4 1t1 2.4z\"\/><\/svg><\/span><\/a><\/li><li class=\"shariff-button mailto shariff-nocustomcolor\" style=\"background-color:#a8a8a8;border-radius:1%\"><a href=\"mailto:?body=https%3A%2F%2Fwww.sonnenseite.com%2Fde%2Ftipps%2Fdie-klimafalle%2F&subject=Die%20Klimafalle\" title=\"Per E-Mail versenden\" aria-label=\"Per E-Mail versenden\" role=\"button\" rel=\"noopener nofollow\" class=\"shariff-link\" style=\";border-radius:1%; background-color:#999; color:#fff\"><span class=\"shariff-icon\" style=\"\"><svg width=\"32px\" height=\"20px\" xmlns=\"http:\/\/www.w3.org\/2000\/svg\" viewBox=\"0 0 32 32\"><path fill=\"#999\" d=\"M32 12.7v14.2q0 1.2-0.8 2t-2 0.9h-26.3q-1.2 0-2-0.9t-0.8-2v-14.2q0.8 0.9 1.8 1.6 6.5 4.4 8.9 6.1 1 0.8 1.6 1.2t1.7 0.9 2 0.4h0.1q0.9 0 2-0.4t1.7-0.9 1.6-1.2q3-2.2 8.9-6.1 1-0.7 1.8-1.6zM32 7.4q0 1.4-0.9 2.7t-2.2 2.2q-6.7 4.7-8.4 5.8-0.2 0.1-0.7 0.5t-1 0.7-0.9 0.6-1.1 0.5-0.9 0.2h-0.1q-0.4 0-0.9-0.2t-1.1-0.5-0.9-0.6-1-0.7-0.7-0.5q-1.6-1.1-4.7-3.2t-3.6-2.6q-1.1-0.7-2.1-2t-1-2.5q0-1.4 0.7-2.3t2.1-0.9h26.3q1.2 0 2 0.8t0.9 2z\"\/><\/svg><\/span><\/a><\/li><\/ul><\/div>","protected":false},"excerpt":{"rendered":"<p>Die gef\u00e4hrliche N\u00e4he von Politik und Klimaforschung. Ein Dialog-Buch \u00fcber den Klimawandel. Von Rupert Neudeck<\/p>\n","protected":false},"author":1,"featured_media":50987,"comment_status":"closed","ping_status":"closed","sticky":false,"template":"","format":"standard","meta":{"inline_featured_image":false,"footnotes":""},"categories":[28],"tags":[],"class_list":["post-54846","post","type-post","status-publish","format-standard","has-post-thumbnail","hentry","category-tipps"],"yoast_head":"<!-- This site is optimized with the Yoast SEO plugin v26.5 - https:\/\/yoast.com\/wordpress\/plugins\/seo\/ -->\n<title>Die Klimafalle - Sonnenseite - \u00d6kologische Kommunikation mit Franz Alt<\/title>\n<meta name=\"description\" content=\"Die gef\u00e4hrliche N\u00e4he von Politik und Klimaforschung. Ein Dialog-Buch \u00fcber den Klimawandel. Von Rupert Neudeck Ein glaubw\u00fcrdiges Buch von zwei Autoren, das\" \/>\n<meta name=\"robots\" content=\"index, follow, max-snippet:-1, max-image-preview:large, max-video-preview:-1\" \/>\n<link rel=\"canonical\" href=\"https:\/\/www.sonnenseite.com\/de\/tipps\/die-klimafalle\/\" \/>\n<meta property=\"og:locale\" content=\"de_DE\" \/>\n<meta property=\"og:type\" content=\"article\" \/>\n<meta property=\"og:title\" content=\"Die Klimafalle - Sonnenseite - \u00d6kologische Kommunikation mit Franz Alt\" \/>\n<meta property=\"og:description\" content=\"Die gef\u00e4hrliche N\u00e4he von Politik und Klimaforschung. Ein Dialog-Buch \u00fcber den Klimawandel. Von Rupert Neudeck Ein glaubw\u00fcrdiges Buch von zwei Autoren, das\" \/>\n<meta property=\"og:url\" content=\"https:\/\/www.sonnenseite.com\/de\/tipps\/die-klimafalle\/\" \/>\n<meta property=\"og:site_name\" content=\"Sonnenseite\" \/>\n<meta property=\"article:publisher\" content=\"https:\/\/www.facebook.com\/pages\/Franz-Alt-SONNENSEITECOM\/221072987903953?fref=ts\" \/>\n<meta property=\"article:published_time\" content=\"2013-02-20T23:00:00+00:00\" \/>\n<meta property=\"og:image\" content=\"https:\/\/www.sonnenseite.com\/wp-content\/uploads\/2020\/06\/archiv_artikel.jpg\" \/>\n\t<meta property=\"og:image:width\" content=\"770\" \/>\n\t<meta property=\"og:image:height\" content=\"420\" \/>\n\t<meta property=\"og:image:type\" content=\"image\/jpeg\" \/>\n<meta name=\"author\" content=\"sbade\" \/>\n<meta name=\"twitter:card\" content=\"summary_large_image\" \/>\n<meta name=\"twitter:creator\" content=\"@franzalt\" \/>\n<meta name=\"twitter:site\" content=\"@franzalt\" \/>\n<meta name=\"twitter:label1\" content=\"Verfasst von\" \/>\n\t<meta name=\"twitter:data1\" content=\"sbade\" \/>\n\t<meta name=\"twitter:label2\" content=\"Gesch\u00e4tzte Lesezeit\" \/>\n\t<meta name=\"twitter:data2\" content=\"6\u00a0Minuten\" \/>\n<script type=\"application\/ld+json\" class=\"yoast-schema-graph\">{\"@context\":\"https:\/\/schema.org\",\"@graph\":[{\"@type\":\"Article\",\"@id\":\"https:\/\/www.sonnenseite.com\/de\/tipps\/die-klimafalle\/#article\",\"isPartOf\":{\"@id\":\"https:\/\/www.sonnenseite.com\/de\/tipps\/die-klimafalle\/\"},\"author\":{\"name\":\"sbade\",\"@id\":\"https:\/\/www.sonnenseite.com\/de\/#\/schema\/person\/6df44691cd9a70d99e140e1116ee8771\"},\"headline\":\"Die Klimafalle\",\"datePublished\":\"2013-02-20T23:00:00+00:00\",\"mainEntityOfPage\":{\"@id\":\"https:\/\/www.sonnenseite.com\/de\/tipps\/die-klimafalle\/\"},\"wordCount\":1240,\"publisher\":{\"@id\":\"https:\/\/www.sonnenseite.com\/de\/#organization\"},\"image\":{\"@id\":\"https:\/\/www.sonnenseite.com\/de\/tipps\/die-klimafalle\/#primaryimage\"},\"thumbnailUrl\":\"https:\/\/www.sonnenseite.com\/wp-content\/uploads\/2020\/06\/archiv_artikel.jpg\",\"articleSection\":[\"Tipps\"],\"inLanguage\":\"de\"},{\"@type\":\"WebPage\",\"@id\":\"https:\/\/www.sonnenseite.com\/de\/tipps\/die-klimafalle\/\",\"url\":\"https:\/\/www.sonnenseite.com\/de\/tipps\/die-klimafalle\/\",\"name\":\"Die Klimafalle - Sonnenseite - \u00d6kologische Kommunikation mit Franz Alt\",\"isPartOf\":{\"@id\":\"https:\/\/www.sonnenseite.com\/de\/#website\"},\"primaryImageOfPage\":{\"@id\":\"https:\/\/www.sonnenseite.com\/de\/tipps\/die-klimafalle\/#primaryimage\"},\"image\":{\"@id\":\"https:\/\/www.sonnenseite.com\/de\/tipps\/die-klimafalle\/#primaryimage\"},\"thumbnailUrl\":\"https:\/\/www.sonnenseite.com\/wp-content\/uploads\/2020\/06\/archiv_artikel.jpg\",\"datePublished\":\"2013-02-20T23:00:00+00:00\",\"description\":\"Die gef\u00e4hrliche N\u00e4he von Politik und Klimaforschung. Ein Dialog-Buch \u00fcber den Klimawandel. Von Rupert Neudeck Ein glaubw\u00fcrdiges Buch von zwei Autoren, das\",\"breadcrumb\":{\"@id\":\"https:\/\/www.sonnenseite.com\/de\/tipps\/die-klimafalle\/#breadcrumb\"},\"inLanguage\":\"de\",\"potentialAction\":[{\"@type\":\"ReadAction\",\"target\":[\"https:\/\/www.sonnenseite.com\/de\/tipps\/die-klimafalle\/\"]}]},{\"@type\":\"ImageObject\",\"inLanguage\":\"de\",\"@id\":\"https:\/\/www.sonnenseite.com\/de\/tipps\/die-klimafalle\/#primaryimage\",\"url\":\"https:\/\/www.sonnenseite.com\/wp-content\/uploads\/2020\/06\/archiv_artikel.jpg\",\"contentUrl\":\"https:\/\/www.sonnenseite.com\/wp-content\/uploads\/2020\/06\/archiv_artikel.jpg\",\"width\":770,\"height\":420,\"caption\":\"Sonnenseite\"},{\"@type\":\"BreadcrumbList\",\"@id\":\"https:\/\/www.sonnenseite.com\/de\/tipps\/die-klimafalle\/#breadcrumb\",\"itemListElement\":[{\"@type\":\"ListItem\",\"position\":1,\"name\":\"Startseite\",\"item\":\"https:\/\/www.sonnenseite.com\/de\/\"},{\"@type\":\"ListItem\",\"position\":2,\"name\":\"Die Klimafalle\"}]},{\"@type\":\"WebSite\",\"@id\":\"https:\/\/www.sonnenseite.com\/de\/#website\",\"url\":\"https:\/\/www.sonnenseite.com\/de\/\",\"name\":\"Sonnenseite\",\"description\":\"\u00d6kologische Kommunikation mit Franz Alt\",\"publisher\":{\"@id\":\"https:\/\/www.sonnenseite.com\/de\/#organization\"},\"potentialAction\":[{\"@type\":\"SearchAction\",\"target\":{\"@type\":\"EntryPoint\",\"urlTemplate\":\"https:\/\/www.sonnenseite.com\/de\/?s={search_term_string}\"},\"query-input\":{\"@type\":\"PropertyValueSpecification\",\"valueRequired\":true,\"valueName\":\"search_term_string\"}}],\"inLanguage\":\"de\"},{\"@type\":\"Organization\",\"@id\":\"https:\/\/www.sonnenseite.com\/de\/#organization\",\"name\":\"Sonnenseite\",\"url\":\"https:\/\/www.sonnenseite.com\/de\/\",\"logo\":{\"@type\":\"ImageObject\",\"inLanguage\":\"de\",\"@id\":\"https:\/\/www.sonnenseite.com\/de\/#\/schema\/logo\/image\/\",\"url\":\"https:\/\/www.sonnenseite.com\/wp-content\/uploads\/2020\/05\/Sonnenseite_Logo.png\",\"contentUrl\":\"https:\/\/www.sonnenseite.com\/wp-content\/uploads\/2020\/05\/Sonnenseite_Logo.png\",\"width\":377,\"height\":90,\"caption\":\"Sonnenseite\"},\"image\":{\"@id\":\"https:\/\/www.sonnenseite.com\/de\/#\/schema\/logo\/image\/\"},\"sameAs\":[\"https:\/\/www.facebook.com\/pages\/Franz-Alt-SONNENSEITECOM\/221072987903953?fref=ts\",\"https:\/\/x.com\/franzalt\",\"http:\/\/www.youtube.com\/results?search_query&amp;amp;quot;franz_alt&amp;amp;quot;&amp;amp;amp;amp;search_type&amp;amp;amp;amp;aq=f\"]},{\"@type\":\"Person\",\"@id\":\"https:\/\/www.sonnenseite.com\/de\/#\/schema\/person\/6df44691cd9a70d99e140e1116ee8771\",\"name\":\"sbade\",\"sameAs\":[\"https:\/\/www.sonnenseite.com\"]}]}<\/script>\n<!-- \/ Yoast SEO plugin. -->","yoast_head_json":{"title":"Die Klimafalle - Sonnenseite - \u00d6kologische Kommunikation mit Franz Alt","description":"Die gef\u00e4hrliche N\u00e4he von Politik und Klimaforschung. Ein Dialog-Buch \u00fcber den Klimawandel. Von Rupert Neudeck Ein glaubw\u00fcrdiges Buch von zwei Autoren, das","robots":{"index":"index","follow":"follow","max-snippet":"max-snippet:-1","max-image-preview":"max-image-preview:large","max-video-preview":"max-video-preview:-1"},"canonical":"https:\/\/www.sonnenseite.com\/de\/tipps\/die-klimafalle\/","og_locale":"de_DE","og_type":"article","og_title":"Die Klimafalle - Sonnenseite - \u00d6kologische Kommunikation mit Franz Alt","og_description":"Die gef\u00e4hrliche N\u00e4he von Politik und Klimaforschung. Ein Dialog-Buch \u00fcber den Klimawandel. Von Rupert Neudeck Ein glaubw\u00fcrdiges Buch von zwei Autoren, das","og_url":"https:\/\/www.sonnenseite.com\/de\/tipps\/die-klimafalle\/","og_site_name":"Sonnenseite","article_publisher":"https:\/\/www.facebook.com\/pages\/Franz-Alt-SONNENSEITECOM\/221072987903953?fref=ts","article_published_time":"2013-02-20T23:00:00+00:00","og_image":[{"width":770,"height":420,"url":"https:\/\/www.sonnenseite.com\/wp-content\/uploads\/2020\/06\/archiv_artikel.jpg","type":"image\/jpeg"}],"author":"sbade","twitter_card":"summary_large_image","twitter_creator":"@franzalt","twitter_site":"@franzalt","twitter_misc":{"Verfasst von":"sbade","Gesch\u00e4tzte Lesezeit":"6\u00a0Minuten"},"schema":{"@context":"https:\/\/schema.org","@graph":[{"@type":"Article","@id":"https:\/\/www.sonnenseite.com\/de\/tipps\/die-klimafalle\/#article","isPartOf":{"@id":"https:\/\/www.sonnenseite.com\/de\/tipps\/die-klimafalle\/"},"author":{"name":"sbade","@id":"https:\/\/www.sonnenseite.com\/de\/#\/schema\/person\/6df44691cd9a70d99e140e1116ee8771"},"headline":"Die Klimafalle","datePublished":"2013-02-20T23:00:00+00:00","mainEntityOfPage":{"@id":"https:\/\/www.sonnenseite.com\/de\/tipps\/die-klimafalle\/"},"wordCount":1240,"publisher":{"@id":"https:\/\/www.sonnenseite.com\/de\/#organization"},"image":{"@id":"https:\/\/www.sonnenseite.com\/de\/tipps\/die-klimafalle\/#primaryimage"},"thumbnailUrl":"https:\/\/www.sonnenseite.com\/wp-content\/uploads\/2020\/06\/archiv_artikel.jpg","articleSection":["Tipps"],"inLanguage":"de"},{"@type":"WebPage","@id":"https:\/\/www.sonnenseite.com\/de\/tipps\/die-klimafalle\/","url":"https:\/\/www.sonnenseite.com\/de\/tipps\/die-klimafalle\/","name":"Die Klimafalle - Sonnenseite - \u00d6kologische Kommunikation mit Franz Alt","isPartOf":{"@id":"https:\/\/www.sonnenseite.com\/de\/#website"},"primaryImageOfPage":{"@id":"https:\/\/www.sonnenseite.com\/de\/tipps\/die-klimafalle\/#primaryimage"},"image":{"@id":"https:\/\/www.sonnenseite.com\/de\/tipps\/die-klimafalle\/#primaryimage"},"thumbnailUrl":"https:\/\/www.sonnenseite.com\/wp-content\/uploads\/2020\/06\/archiv_artikel.jpg","datePublished":"2013-02-20T23:00:00+00:00","description":"Die gef\u00e4hrliche N\u00e4he von Politik und Klimaforschung. Ein Dialog-Buch \u00fcber den Klimawandel. Von Rupert Neudeck Ein glaubw\u00fcrdiges Buch von zwei Autoren, das","breadcrumb":{"@id":"https:\/\/www.sonnenseite.com\/de\/tipps\/die-klimafalle\/#breadcrumb"},"inLanguage":"de","potentialAction":[{"@type":"ReadAction","target":["https:\/\/www.sonnenseite.com\/de\/tipps\/die-klimafalle\/"]}]},{"@type":"ImageObject","inLanguage":"de","@id":"https:\/\/www.sonnenseite.com\/de\/tipps\/die-klimafalle\/#primaryimage","url":"https:\/\/www.sonnenseite.com\/wp-content\/uploads\/2020\/06\/archiv_artikel.jpg","contentUrl":"https:\/\/www.sonnenseite.com\/wp-content\/uploads\/2020\/06\/archiv_artikel.jpg","width":770,"height":420,"caption":"Sonnenseite"},{"@type":"BreadcrumbList","@id":"https:\/\/www.sonnenseite.com\/de\/tipps\/die-klimafalle\/#breadcrumb","itemListElement":[{"@type":"ListItem","position":1,"name":"Startseite","item":"https:\/\/www.sonnenseite.com\/de\/"},{"@type":"ListItem","position":2,"name":"Die Klimafalle"}]},{"@type":"WebSite","@id":"https:\/\/www.sonnenseite.com\/de\/#website","url":"https:\/\/www.sonnenseite.com\/de\/","name":"Sonnenseite","description":"\u00d6kologische Kommunikation mit Franz Alt","publisher":{"@id":"https:\/\/www.sonnenseite.com\/de\/#organization"},"potentialAction":[{"@type":"SearchAction","target":{"@type":"EntryPoint","urlTemplate":"https:\/\/www.sonnenseite.com\/de\/?s={search_term_string}"},"query-input":{"@type":"PropertyValueSpecification","valueRequired":true,"valueName":"search_term_string"}}],"inLanguage":"de"},{"@type":"Organization","@id":"https:\/\/www.sonnenseite.com\/de\/#organization","name":"Sonnenseite","url":"https:\/\/www.sonnenseite.com\/de\/","logo":{"@type":"ImageObject","inLanguage":"de","@id":"https:\/\/www.sonnenseite.com\/de\/#\/schema\/logo\/image\/","url":"https:\/\/www.sonnenseite.com\/wp-content\/uploads\/2020\/05\/Sonnenseite_Logo.png","contentUrl":"https:\/\/www.sonnenseite.com\/wp-content\/uploads\/2020\/05\/Sonnenseite_Logo.png","width":377,"height":90,"caption":"Sonnenseite"},"image":{"@id":"https:\/\/www.sonnenseite.com\/de\/#\/schema\/logo\/image\/"},"sameAs":["https:\/\/www.facebook.com\/pages\/Franz-Alt-SONNENSEITECOM\/221072987903953?fref=ts","https:\/\/x.com\/franzalt","http:\/\/www.youtube.com\/results?search_query&amp;amp;quot;franz_alt&amp;amp;quot;&amp;amp;amp;amp;search_type&amp;amp;amp;amp;aq=f"]},{"@type":"Person","@id":"https:\/\/www.sonnenseite.com\/de\/#\/schema\/person\/6df44691cd9a70d99e140e1116ee8771","name":"sbade","sameAs":["https:\/\/www.sonnenseite.com"]}]}},"_links":{"self":[{"href":"https:\/\/www.sonnenseite.com\/de\/wp-json\/wp\/v2\/posts\/54846","targetHints":{"allow":["GET"]}}],"collection":[{"href":"https:\/\/www.sonnenseite.com\/de\/wp-json\/wp\/v2\/posts"}],"about":[{"href":"https:\/\/www.sonnenseite.com\/de\/wp-json\/wp\/v2\/types\/post"}],"author":[{"embeddable":true,"href":"https:\/\/www.sonnenseite.com\/de\/wp-json\/wp\/v2\/users\/1"}],"replies":[{"embeddable":true,"href":"https:\/\/www.sonnenseite.com\/de\/wp-json\/wp\/v2\/comments?post=54846"}],"version-history":[{"count":0,"href":"https:\/\/www.sonnenseite.com\/de\/wp-json\/wp\/v2\/posts\/54846\/revisions"}],"wp:featuredmedia":[{"embeddable":true,"href":"https:\/\/www.sonnenseite.com\/de\/wp-json\/wp\/v2\/media\/50987"}],"wp:attachment":[{"href":"https:\/\/www.sonnenseite.com\/de\/wp-json\/wp\/v2\/media?parent=54846"}],"wp:term":[{"taxonomy":"category","embeddable":true,"href":"https:\/\/www.sonnenseite.com\/de\/wp-json\/wp\/v2\/categories?post=54846"},{"taxonomy":"post_tag","embeddable":true,"href":"https:\/\/www.sonnenseite.com\/de\/wp-json\/wp\/v2\/tags?post=54846"}],"curies":[{"name":"wp","href":"https:\/\/api.w.org\/{rel}","templated":true}]}}