{"id":55235,"date":"2012-12-20T00:00:00","date_gmt":"2012-12-19T23:00:00","guid":{"rendered":"https:\/\/www.sonnenseite.com\/tipps\/die-klimakrise-wird-alles-aendern-und-zwar-zum-besseren.html"},"modified":"2012-12-20T00:00:00","modified_gmt":"2012-12-19T23:00:00","slug":"die-klimakrise-wird-alles-aendern-und-zwar-zum-besseren","status":"publish","type":"post","link":"https:\/\/www.sonnenseite.com\/de\/tipps\/die-klimakrise-wird-alles-aendern-und-zwar-zum-besseren\/","title":{"rendered":"Die Klimakrise wird alles \u00e4ndern. Und zwar zum Besseren"},"content":{"rendered":"<p>Dass der Klimawandel vieles \u00e4ndern wird, das wissen wir sp\u00e4testens seit den vier Statusberichten des Intergovernmental Panel on Climate Change (IPCC) \u2013 dem Weltklimarat. Doch dass sich alles bessern wird, das ist neu. Bringt die bevorstehende Klimakrise wirklich Chancen mit sich \u2013 und wenn ja, welche? Eine Rezension von Udo E. Simonis. <!--more--> <\/p>\n<p>Wer j\u00fcngst bei der nunmehr 18. Vertragsstaatenkonferenz der UN- Klimarahmenkonvention in Katar mit dabei war oder sie von weitem verfolgt hat, braucht Trost. Dieses Buch k\u00f6nnte dabei hilfreich sein. Es handelt von einem Gro\u00dfen Bruch (was im englischen Original &#8211; \u201eThe Great Disruption\u201c &#8211; besser zum Ausdruck kommt als im deutschen Titel); es handelt aber auch von einem (m\u00f6glichen) Evolutionssprung, der vom menschlichen Bewusstsein motiviert ist. Es ist ein Buch \u00fcber viele besorgniserregende \u00f6kologische Fakten und Trends \u2013 und zugleich ein Buch voller Optimismus \u00fcber das Wirksamwerden stabilisierender sozialpsychologischer Mechanismen.<\/p>\n<p>Der Autor ist kein Professor, aber er hat viel erlebt, viel studiert und wurde so um Umweltaktivisten. Er widmet sein Buch den Wegbereitern der fr\u00fchen Umweltbewegung der 1960er-\u00a0 und 1970er- Jahre: Rachel Carson, Donella und Dennis Meadows, Jorgen Randers, Paul Ehrlich, E.F. Schumacher und all den anderen, die in ihre Fu\u00dfstapfen getreten sind \u2013 und noch treten werden, wie er hofft, weil sie entschlossen sind, ihre Tr\u00e4ume und nicht ihre \u00c4ngste Wirklichkeit werden zu lassen.<\/p>\n<p>Er benennt die \u00c4ngste aber schon im ersten Satz: \u201eDie Erde ist voll\u2026 Weltbev\u00f6lkerung und Weltwirtschaft (haben) inzwischen die Versorgungsgrenzen der Erde \u00fcberschritten.\u00a0 \u2026Unser derzeitiges Modell des wirtschaftlichen Wachstums treibt das \u00f6kologische System, von dem unser momentaner und zuk\u00fcnftiger Wohlstand abh\u00e4ngen, in den Abgrund\u201c (S. 9).<\/p>\n<p>Dies allein stelle schon ein gro\u00dfes Problem dar. Doch die Herausforderung wird gr\u00f6\u00dfer, wenn man bedenkt, dass es Milliarden Menschen in dieser Welt gibt, die ein Leben in Armut f\u00fchren und nichts dringender ben\u00f6tigen als das rasche Wachstum ihrer eigenen Wirtschaft. Doch daf\u00fcr, sagt Gilding, gibt es keinen Platz mehr. Das bedeutet, dass sich die Dinge fundamental \u00e4ndern werden. Er sagt werden, doch er meint: m\u00fcssen.<\/p>\n<p>Die wissenschaftlichen Belege f\u00fcr den \u201eGro\u00dfen Bruch\u201c, die Grenzen des Wachstums und die akuten Grenz\u00fcberschreitungen, seien hinreichend klar und gut begr\u00fcndet . Doch st\u00e4rker noch sei das soziale und politische Verdr\u00e4ngen, die zeitliche Problemverschiebung oder auch die Anpassung der geltenden Problemdefinitionen. Die Weltbank lie\u00df vor kurzem schon mal das Potsdamer Institut f\u00fcr Klimafolgenforschung (PIK) beschreiben, wie es in einer \u201ePlus 4- Grad-Welt\u201c aussehen wird, weil die bisherige Vorgabe eines Limits von plus 2 Grad inzwischen unrealistisch geworden ist.<\/p>\n<p>Doch wenn wir schon mit dem R\u00fccken zur Wand stehen, worauf gr\u00fcndet Gilding dann seinen Optimismus?\u00a0 Zun\u00e4chst auf\u00a0 diese\u00a0 Grundannahme: \u201eOb wir Hoffnung oder Verzweiflung empfinden, wird unsere Zukunft st\u00e4rker beeinflussen als Technik, Politik oder M\u00e4rkte\u201c (S.129). Daneben aber finden sich viele, meist auf pers\u00f6nlichen Erlebnissen und Begegnungen beruhende Antworten in dem Buch.<\/p>\n<p>Dies hier steht ganz vorn: \u201eWenn uns die nahende Krise mit voller Wucht trifft, wird unsere Reaktion ebenso dramatisch ausfallen\u2026 Wir werden uns in einem Ausma\u00df und mit einer Geschwindigkeit ver\u00e4ndern, wie wir es uns heute kaum vorstellen k\u00f6nnen; innerhalb weniger Jahrzehnte werden wir unsere Wirtschaft \u2026 komplett ver\u00e4ndern\u201c (S. 10).<\/p>\n<p>Andere Autoren haben zur Frage der Transformation nicht die Hoffnung, sondern die historische Erfahrung herangezogen, insbesondere die der Kriegswirtschaft.\u00a0 Gilding aber ist ein friedliebender Mensch (auch wenn er oft markante Worte verwendet) \u2013 und so setzt er mehr auf Lernkurven: darauf, dass wir lernen werden, lernen, dass es mehr im Leben gibt als Shopping, dass wir uns auf die Dinge konzentrieren werden, die unser Leben wirklich bereichern.<\/p>\n<p>Es sei die Krise selbst, die die Menschheit auf die n\u00e4chste Entwicklungsstufe zwingen und es ihr m\u00f6glich machen werde, das in ihr steckende evolution\u00e4re Potential auch zu erkennen. Das ist die Geschichte, die er erz\u00e4hlen will \u2013 und wozu ihm unendlich viel eingefallen ist. Auch dass er selbst \u2013 und wir alle \u2013 in der Vergangenheit viele Fehler gemacht haben. Doch wir k\u00f6nnen nicht die Vergangenheit, wir k\u00f6nnen nur die Zukunft ver\u00e4ndern.<\/p>\n<p>Dies klingt in gewisser Weise wie eine Predigt. Was es zum Teil wohl auch ist. Doch das Buch ist auch eine Art Handbuch guter Ideen. Der Autor f\u00e4ngt den Leser bewusst emotional ein, beschw\u00f6rt ihn, realistisch zu sein aber stets auch die besten Seiten zu suchen. Und er f\u00fchrt uns in drei Stufen zu seiner Botschaft:<\/p>\n<p>Die erste Stufe nennt er den \u201eSchrei\u201c \u2013 der Aufruf , etwas zu tun, der seit den sp\u00e4ten 1950er Jahren in Gang kam; die zweite den \u201eCrash\u201c \u2013 den m\u00f6glichen Zusammenbruch des \u00d6kosystems und der Wirtschaft; die dritte nennt er das \u201eGro\u00dfe Erwachen\u201c \u2013 die individuelle und gesellschaftliche Reaktion, die seiner Erwartung nach au\u00dfergew\u00f6hnlich in Geschwindigkeit und Umfang sein wird.<\/p>\n<p>Die dem entsprechenden Kapitel des Buches sind gut geschrieben und spannend zu lesen, weil er sie mit konkreten eigenen Erlebnissen, aber auch mit gut platzierten Anekdoten verkn\u00fcpft. Es geht dabei aber nicht nur, wie der deutsche Buchtitel suggeriert, um das Klimaproblem; es geht um die globale \u00f6kologische Krise und die Frage, damit kritisch und strategisch im Sinne einer gro\u00dfen Transformation umzugehen.<\/p>\n<p>Diese Krise wird uns zwingen, unser Handeln zuk\u00fcnftig auf eine ganz neue Weise global zu koordinieren &#8211; wir werden zu einer echten Weltgemeinschaft zusammenwachsen (m\u00fcssen). So sagt es Paul Gilding &#8211; doch das setzt h\u00f6heres individuelles Engagement und bessere gesellschaftliche Kooperation voraus.<\/p>\n<p>Eines der zehn Ma\u00dfnahmenb\u00fcndel mit strategischer Hebelwirkung f\u00fcr eine Gro\u00dfe Transformation sieht der Wissenschaftliche Beirat der Bundesregierung Globale Umweltver\u00e4nderungen (WBGU) in seinem j\u00fcngsten Gutachten in einer \u201einternationalen Kooperationsrevolution\u201c. Wir m\u00fcssen die Kooperation nicht nur verbessern, wir m\u00fcssen sie revolutionieren! Das fordert zwar nicht die Bundesregierung selbst, aber der von ihr eingesetzte Oberste Rat f\u00fcr Globalen Wandel. Wenn auch die Analyse der globalen \u00f6kologischen Krise von Gilding und WBGU nicht dieselbe ist, die Therapie des gro\u00dfen Erwachens f\u00fchrt sie zusammen.<\/p>\n<h5 class=\"green\">Quelle<\/h5>\n<p>Udo E. Simonis 2012 ist Professor Emeritus f\u00fcr Umweltpolitik am Wissenschaftszentrum Berlin (WZB) und Kurator der Deutschen Umweltstiftung<\/p>\n<div class=\"shariff shariff-align-flex-start shariff-widget-align-flex-start\"><div class=\"ShariffHeadline\">Diese Meldung teilen<\/div><ul class=\"shariff-buttons theme-round orientation-horizontal buttonsize-medium\"><li class=\"shariff-button facebook shariff-nocustomcolor\" style=\"background-color:#4273c8;border-radius:1%\"><a href=\"https:\/\/www.facebook.com\/sharer\/sharer.php?u=https%3A%2F%2Fwww.sonnenseite.com%2Fde%2Ftipps%2Fdie-klimakrise-wird-alles-aendern-und-zwar-zum-besseren%2F\" title=\"Bei Facebook teilen\" aria-label=\"Bei Facebook teilen\" role=\"button\" rel=\"nofollow\" class=\"shariff-link\" style=\";border-radius:1%; background-color:#3b5998; color:#fff\" target=\"_blank\"><span class=\"shariff-icon\" style=\"\"><svg width=\"32px\" height=\"20px\" xmlns=\"http:\/\/www.w3.org\/2000\/svg\" viewBox=\"0 0 18 32\"><path fill=\"#3b5998\" d=\"M17.1 0.2v4.7h-2.8q-1.5 0-2.1 0.6t-0.5 1.9v3.4h5.2l-0.7 5.3h-4.5v13.6h-5.5v-13.6h-4.5v-5.3h4.5v-3.9q0-3.3 1.9-5.2t5-1.8q2.6 0 4.1 0.2z\"\/><\/svg><\/span><\/a><\/li><li class=\"shariff-button twitter shariff-nocustomcolor\" style=\"background-color:#595959;border-radius:1%\"><a href=\"https:\/\/twitter.com\/share?url=https%3A%2F%2Fwww.sonnenseite.com%2Fde%2Ftipps%2Fdie-klimakrise-wird-alles-aendern-und-zwar-zum-besseren%2F&text=Die%20Klimakrise%20wird%20alles%20%C3%A4ndern.%20Und%20zwar%20zum%20Besseren\" title=\"Bei X teilen\" aria-label=\"Bei X teilen\" role=\"button\" rel=\"noopener nofollow\" class=\"shariff-link\" style=\";border-radius:1%; background-color:#000; color:#fff\" target=\"_blank\"><span class=\"shariff-icon\" style=\"\"><svg width=\"32px\" height=\"20px\" xmlns=\"http:\/\/www.w3.org\/2000\/svg\" viewBox=\"0 0 24 24\"><path fill=\"#000\" d=\"M14.258 10.152L23.176 0h-2.113l-7.747 8.813L7.133 0H0l9.352 13.328L0 23.973h2.113l8.176-9.309 6.531 9.309h7.133zm-2.895 3.293l-.949-1.328L2.875 1.56h3.246l6.086 8.523.945 1.328 7.91 11.078h-3.246zm0 0\"\/><\/svg><\/span><\/a><\/li><li class=\"shariff-button xing shariff-nocustomcolor\" style=\"background-color:#29888a;border-radius:1%\"><a href=\"https:\/\/www.xing.com\/spi\/shares\/new?url=https%3A%2F%2Fwww.sonnenseite.com%2Fde%2Ftipps%2Fdie-klimakrise-wird-alles-aendern-und-zwar-zum-besseren%2F\" title=\"Bei XING teilen\" aria-label=\"Bei XING teilen\" role=\"button\" rel=\"noopener nofollow\" class=\"shariff-link\" style=\";border-radius:1%; background-color:#126567; color:#fff\" target=\"_blank\"><span class=\"shariff-icon\" style=\"\"><svg width=\"32px\" height=\"20px\" xmlns=\"http:\/\/www.w3.org\/2000\/svg\" viewBox=\"0 0 25 32\"><path fill=\"#126567\" d=\"M10.7 11.9q-0.2 0.3-4.6 8.2-0.5 0.8-1.2 0.8h-4.3q-0.4 0-0.5-0.3t0-0.6l4.5-8q0 0 0 0l-2.9-5q-0.2-0.4 0-0.7 0.2-0.3 0.5-0.3h4.3q0.7 0 1.2 0.8zM25.1 0.4q0.2 0.3 0 0.7l-9.4 16.7 6 11q0.2 0.4 0 0.6-0.2 0.3-0.6 0.3h-4.3q-0.7 0-1.2-0.8l-6-11.1q0.3-0.6 9.5-16.8 0.4-0.8 1.2-0.8h4.3q0.4 0 0.5 0.3z\"\/><\/svg><\/span><\/a><\/li><li class=\"shariff-button linkedin shariff-nocustomcolor\" style=\"background-color:#1488bf;border-radius:1%\"><a href=\"https:\/\/www.linkedin.com\/sharing\/share-offsite\/?url=https%3A%2F%2Fwww.sonnenseite.com%2Fde%2Ftipps%2Fdie-klimakrise-wird-alles-aendern-und-zwar-zum-besseren%2F\" title=\"Bei LinkedIn teilen\" aria-label=\"Bei LinkedIn teilen\" role=\"button\" rel=\"noopener nofollow\" class=\"shariff-link\" style=\";border-radius:1%; background-color:#0077b5; color:#fff\" target=\"_blank\"><span class=\"shariff-icon\" style=\"\"><svg width=\"32px\" height=\"20px\" xmlns=\"http:\/\/www.w3.org\/2000\/svg\" viewBox=\"0 0 27 32\"><path fill=\"#0077b5\" d=\"M6.2 11.2v17.7h-5.9v-17.7h5.9zM6.6 5.7q0 1.3-0.9 2.2t-2.4 0.9h0q-1.5 0-2.4-0.9t-0.9-2.2 0.9-2.2 2.4-0.9 2.4 0.9 0.9 2.2zM27.4 18.7v10.1h-5.9v-9.5q0-1.9-0.7-2.9t-2.3-1.1q-1.1 0-1.9 0.6t-1.2 1.5q-0.2 0.5-0.2 1.4v9.9h-5.9q0-7.1 0-11.6t0-5.3l0-0.9h5.9v2.6h0q0.4-0.6 0.7-1t1-0.9 1.6-0.8 2-0.3q3 0 4.9 2t1.9 6z\"\/><\/svg><\/span><\/a><\/li><li class=\"shariff-button printer shariff-nocustomcolor\" style=\"background-color:#a8a8a8;border-radius:1%\"><a href=\"javascript:window.print()\" title=\"drucken\" aria-label=\"drucken\" role=\"button\" rel=\"noopener nofollow\" class=\"shariff-link\" style=\";border-radius:1%; background-color:#999; color:#fff\"><span class=\"shariff-icon\" style=\"\"><svg width=\"32px\" height=\"20px\" xmlns=\"http:\/\/www.w3.org\/2000\/svg\" viewBox=\"0 0 30 32\"><path fill=\"#999\" d=\"M6.8 27.4h16v-4.6h-16v4.6zM6.8 16h16v-6.8h-2.8q-0.7 0-1.2-0.5t-0.5-1.2v-2.8h-11.4v11.4zM27.4 17.2q0-0.5-0.3-0.8t-0.8-0.4-0.8 0.4-0.3 0.8 0.3 0.8 0.8 0.3 0.8-0.3 0.3-0.8zM29.7 17.2v7.4q0 0.2-0.2 0.4t-0.4 0.2h-4v2.8q0 0.7-0.5 1.2t-1.2 0.5h-17.2q-0.7 0-1.2-0.5t-0.5-1.2v-2.8h-4q-0.2 0-0.4-0.2t-0.2-0.4v-7.4q0-1.4 1-2.4t2.4-1h1.2v-9.7q0-0.7 0.5-1.2t1.2-0.5h12q0.7 0 1.6 0.4t1.3 0.8l2.7 2.7q0.5 0.5 0.9 1.4t0.4 1.6v4.6h1.1q1.4 0 2.4 1t1 2.4z\"\/><\/svg><\/span><\/a><\/li><li class=\"shariff-button mailto shariff-nocustomcolor\" style=\"background-color:#a8a8a8;border-radius:1%\"><a href=\"mailto:?body=https%3A%2F%2Fwww.sonnenseite.com%2Fde%2Ftipps%2Fdie-klimakrise-wird-alles-aendern-und-zwar-zum-besseren%2F&subject=Die%20Klimakrise%20wird%20alles%20%C3%A4ndern.%20Und%20zwar%20zum%20Besseren\" title=\"Per E-Mail versenden\" aria-label=\"Per E-Mail versenden\" role=\"button\" rel=\"noopener nofollow\" class=\"shariff-link\" style=\";border-radius:1%; background-color:#999; color:#fff\"><span class=\"shariff-icon\" style=\"\"><svg width=\"32px\" height=\"20px\" xmlns=\"http:\/\/www.w3.org\/2000\/svg\" viewBox=\"0 0 32 32\"><path fill=\"#999\" d=\"M32 12.7v14.2q0 1.2-0.8 2t-2 0.9h-26.3q-1.2 0-2-0.9t-0.8-2v-14.2q0.8 0.9 1.8 1.6 6.5 4.4 8.9 6.1 1 0.8 1.6 1.2t1.7 0.9 2 0.4h0.1q0.9 0 2-0.4t1.7-0.9 1.6-1.2q3-2.2 8.9-6.1 1-0.7 1.8-1.6zM32 7.4q0 1.4-0.9 2.7t-2.2 2.2q-6.7 4.7-8.4 5.8-0.2 0.1-0.7 0.5t-1 0.7-0.9 0.6-1.1 0.5-0.9 0.2h-0.1q-0.4 0-0.9-0.2t-1.1-0.5-0.9-0.6-1-0.7-0.7-0.5q-1.6-1.1-4.7-3.2t-3.6-2.6q-1.1-0.7-2.1-2t-1-2.5q0-1.4 0.7-2.3t2.1-0.9h26.3q1.2 0 2 0.8t0.9 2z\"\/><\/svg><\/span><\/a><\/li><\/ul><\/div>","protected":false},"excerpt":{"rendered":"<p>Dass der Klimawandel vieles \u00e4ndern wird, das wissen wir sp\u00e4testens seit den vier Statusberichten des Intergovernmental [&hellip;]<\/p>\n","protected":false},"author":1,"featured_media":50987,"comment_status":"closed","ping_status":"closed","sticky":false,"template":"","format":"standard","meta":{"inline_featured_image":false,"footnotes":""},"categories":[28],"tags":[],"class_list":["post-55235","post","type-post","status-publish","format-standard","has-post-thumbnail","hentry","category-tipps"],"yoast_head":"<!-- This site is optimized with the Yoast SEO plugin v26.5 - https:\/\/yoast.com\/wordpress\/plugins\/seo\/ -->\n<title>Die Klimakrise wird alles \u00e4ndern. Und zwar zum Besseren - Sonnenseite - \u00d6kologische Kommunikation mit Franz Alt<\/title>\n<meta name=\"description\" content=\"Dass der Klimawandel vieles \u00e4ndern wird, das wissen wir sp\u00e4testens seit den vier Statusberichten des Intergovernmental Panel on Climate Change (IPCC) \u2013\" \/>\n<meta name=\"robots\" content=\"index, follow, max-snippet:-1, max-image-preview:large, max-video-preview:-1\" \/>\n<link rel=\"canonical\" href=\"https:\/\/www.sonnenseite.com\/de\/tipps\/die-klimakrise-wird-alles-aendern-und-zwar-zum-besseren\/\" \/>\n<meta property=\"og:locale\" content=\"de_DE\" \/>\n<meta property=\"og:type\" content=\"article\" \/>\n<meta property=\"og:title\" content=\"Die Klimakrise wird alles \u00e4ndern. Und zwar zum Besseren - Sonnenseite - \u00d6kologische Kommunikation mit Franz Alt\" \/>\n<meta property=\"og:description\" content=\"Dass der Klimawandel vieles \u00e4ndern wird, das wissen wir sp\u00e4testens seit den vier Statusberichten des Intergovernmental Panel on Climate Change (IPCC) \u2013\" \/>\n<meta property=\"og:url\" content=\"https:\/\/www.sonnenseite.com\/de\/tipps\/die-klimakrise-wird-alles-aendern-und-zwar-zum-besseren\/\" \/>\n<meta property=\"og:site_name\" content=\"Sonnenseite\" \/>\n<meta property=\"article:publisher\" content=\"https:\/\/www.facebook.com\/pages\/Franz-Alt-SONNENSEITECOM\/221072987903953?fref=ts\" \/>\n<meta property=\"article:published_time\" content=\"2012-12-19T23:00:00+00:00\" \/>\n<meta property=\"og:image\" content=\"https:\/\/www.sonnenseite.com\/wp-content\/uploads\/2020\/06\/archiv_artikel.jpg\" \/>\n\t<meta property=\"og:image:width\" content=\"770\" \/>\n\t<meta property=\"og:image:height\" content=\"420\" \/>\n\t<meta property=\"og:image:type\" content=\"image\/jpeg\" \/>\n<meta name=\"author\" content=\"sbade\" \/>\n<meta name=\"twitter:card\" content=\"summary_large_image\" \/>\n<meta name=\"twitter:creator\" content=\"@franzalt\" \/>\n<meta name=\"twitter:site\" content=\"@franzalt\" \/>\n<meta name=\"twitter:label1\" content=\"Verfasst von\" \/>\n\t<meta name=\"twitter:data1\" content=\"sbade\" \/>\n\t<meta name=\"twitter:label2\" content=\"Gesch\u00e4tzte Lesezeit\" \/>\n\t<meta name=\"twitter:data2\" content=\"5\u00a0Minuten\" \/>\n<script type=\"application\/ld+json\" class=\"yoast-schema-graph\">{\"@context\":\"https:\/\/schema.org\",\"@graph\":[{\"@type\":\"Article\",\"@id\":\"https:\/\/www.sonnenseite.com\/de\/tipps\/die-klimakrise-wird-alles-aendern-und-zwar-zum-besseren\/#article\",\"isPartOf\":{\"@id\":\"https:\/\/www.sonnenseite.com\/de\/tipps\/die-klimakrise-wird-alles-aendern-und-zwar-zum-besseren\/\"},\"author\":{\"name\":\"sbade\",\"@id\":\"https:\/\/www.sonnenseite.com\/de\/#\/schema\/person\/6df44691cd9a70d99e140e1116ee8771\"},\"headline\":\"Die Klimakrise wird alles \u00e4ndern. Und zwar zum Besseren\",\"datePublished\":\"2012-12-19T23:00:00+00:00\",\"mainEntityOfPage\":{\"@id\":\"https:\/\/www.sonnenseite.com\/de\/tipps\/die-klimakrise-wird-alles-aendern-und-zwar-zum-besseren\/\"},\"wordCount\":1022,\"publisher\":{\"@id\":\"https:\/\/www.sonnenseite.com\/de\/#organization\"},\"image\":{\"@id\":\"https:\/\/www.sonnenseite.com\/de\/tipps\/die-klimakrise-wird-alles-aendern-und-zwar-zum-besseren\/#primaryimage\"},\"thumbnailUrl\":\"https:\/\/www.sonnenseite.com\/wp-content\/uploads\/2020\/06\/archiv_artikel.jpg\",\"articleSection\":[\"Tipps\"],\"inLanguage\":\"de\"},{\"@type\":\"WebPage\",\"@id\":\"https:\/\/www.sonnenseite.com\/de\/tipps\/die-klimakrise-wird-alles-aendern-und-zwar-zum-besseren\/\",\"url\":\"https:\/\/www.sonnenseite.com\/de\/tipps\/die-klimakrise-wird-alles-aendern-und-zwar-zum-besseren\/\",\"name\":\"Die Klimakrise wird alles \u00e4ndern. Und zwar zum Besseren - Sonnenseite - \u00d6kologische Kommunikation mit Franz Alt\",\"isPartOf\":{\"@id\":\"https:\/\/www.sonnenseite.com\/de\/#website\"},\"primaryImageOfPage\":{\"@id\":\"https:\/\/www.sonnenseite.com\/de\/tipps\/die-klimakrise-wird-alles-aendern-und-zwar-zum-besseren\/#primaryimage\"},\"image\":{\"@id\":\"https:\/\/www.sonnenseite.com\/de\/tipps\/die-klimakrise-wird-alles-aendern-und-zwar-zum-besseren\/#primaryimage\"},\"thumbnailUrl\":\"https:\/\/www.sonnenseite.com\/wp-content\/uploads\/2020\/06\/archiv_artikel.jpg\",\"datePublished\":\"2012-12-19T23:00:00+00:00\",\"description\":\"Dass der Klimawandel vieles \u00e4ndern wird, das wissen wir sp\u00e4testens seit den vier Statusberichten des Intergovernmental Panel on Climate Change (IPCC) \u2013\",\"breadcrumb\":{\"@id\":\"https:\/\/www.sonnenseite.com\/de\/tipps\/die-klimakrise-wird-alles-aendern-und-zwar-zum-besseren\/#breadcrumb\"},\"inLanguage\":\"de\",\"potentialAction\":[{\"@type\":\"ReadAction\",\"target\":[\"https:\/\/www.sonnenseite.com\/de\/tipps\/die-klimakrise-wird-alles-aendern-und-zwar-zum-besseren\/\"]}]},{\"@type\":\"ImageObject\",\"inLanguage\":\"de\",\"@id\":\"https:\/\/www.sonnenseite.com\/de\/tipps\/die-klimakrise-wird-alles-aendern-und-zwar-zum-besseren\/#primaryimage\",\"url\":\"https:\/\/www.sonnenseite.com\/wp-content\/uploads\/2020\/06\/archiv_artikel.jpg\",\"contentUrl\":\"https:\/\/www.sonnenseite.com\/wp-content\/uploads\/2020\/06\/archiv_artikel.jpg\",\"width\":770,\"height\":420,\"caption\":\"Sonnenseite\"},{\"@type\":\"BreadcrumbList\",\"@id\":\"https:\/\/www.sonnenseite.com\/de\/tipps\/die-klimakrise-wird-alles-aendern-und-zwar-zum-besseren\/#breadcrumb\",\"itemListElement\":[{\"@type\":\"ListItem\",\"position\":1,\"name\":\"Startseite\",\"item\":\"https:\/\/www.sonnenseite.com\/de\/\"},{\"@type\":\"ListItem\",\"position\":2,\"name\":\"Die Klimakrise wird alles \u00e4ndern. Und zwar zum Besseren\"}]},{\"@type\":\"WebSite\",\"@id\":\"https:\/\/www.sonnenseite.com\/de\/#website\",\"url\":\"https:\/\/www.sonnenseite.com\/de\/\",\"name\":\"Sonnenseite\",\"description\":\"\u00d6kologische Kommunikation mit Franz Alt\",\"publisher\":{\"@id\":\"https:\/\/www.sonnenseite.com\/de\/#organization\"},\"potentialAction\":[{\"@type\":\"SearchAction\",\"target\":{\"@type\":\"EntryPoint\",\"urlTemplate\":\"https:\/\/www.sonnenseite.com\/de\/?s={search_term_string}\"},\"query-input\":{\"@type\":\"PropertyValueSpecification\",\"valueRequired\":true,\"valueName\":\"search_term_string\"}}],\"inLanguage\":\"de\"},{\"@type\":\"Organization\",\"@id\":\"https:\/\/www.sonnenseite.com\/de\/#organization\",\"name\":\"Sonnenseite\",\"url\":\"https:\/\/www.sonnenseite.com\/de\/\",\"logo\":{\"@type\":\"ImageObject\",\"inLanguage\":\"de\",\"@id\":\"https:\/\/www.sonnenseite.com\/de\/#\/schema\/logo\/image\/\",\"url\":\"https:\/\/www.sonnenseite.com\/wp-content\/uploads\/2020\/05\/Sonnenseite_Logo.png\",\"contentUrl\":\"https:\/\/www.sonnenseite.com\/wp-content\/uploads\/2020\/05\/Sonnenseite_Logo.png\",\"width\":377,\"height\":90,\"caption\":\"Sonnenseite\"},\"image\":{\"@id\":\"https:\/\/www.sonnenseite.com\/de\/#\/schema\/logo\/image\/\"},\"sameAs\":[\"https:\/\/www.facebook.com\/pages\/Franz-Alt-SONNENSEITECOM\/221072987903953?fref=ts\",\"https:\/\/x.com\/franzalt\",\"http:\/\/www.youtube.com\/results?search_query&amp;amp;quot;franz_alt&amp;amp;quot;&amp;amp;amp;amp;search_type&amp;amp;amp;amp;aq=f\"]},{\"@type\":\"Person\",\"@id\":\"https:\/\/www.sonnenseite.com\/de\/#\/schema\/person\/6df44691cd9a70d99e140e1116ee8771\",\"name\":\"sbade\",\"sameAs\":[\"https:\/\/www.sonnenseite.com\"]}]}<\/script>\n<!-- \/ Yoast SEO plugin. -->","yoast_head_json":{"title":"Die Klimakrise wird alles \u00e4ndern. Und zwar zum Besseren - Sonnenseite - \u00d6kologische Kommunikation mit Franz Alt","description":"Dass der Klimawandel vieles \u00e4ndern wird, das wissen wir sp\u00e4testens seit den vier Statusberichten des Intergovernmental Panel on Climate Change (IPCC) \u2013","robots":{"index":"index","follow":"follow","max-snippet":"max-snippet:-1","max-image-preview":"max-image-preview:large","max-video-preview":"max-video-preview:-1"},"canonical":"https:\/\/www.sonnenseite.com\/de\/tipps\/die-klimakrise-wird-alles-aendern-und-zwar-zum-besseren\/","og_locale":"de_DE","og_type":"article","og_title":"Die Klimakrise wird alles \u00e4ndern. Und zwar zum Besseren - Sonnenseite - \u00d6kologische Kommunikation mit Franz Alt","og_description":"Dass der Klimawandel vieles \u00e4ndern wird, das wissen wir sp\u00e4testens seit den vier Statusberichten des Intergovernmental Panel on Climate Change (IPCC) \u2013","og_url":"https:\/\/www.sonnenseite.com\/de\/tipps\/die-klimakrise-wird-alles-aendern-und-zwar-zum-besseren\/","og_site_name":"Sonnenseite","article_publisher":"https:\/\/www.facebook.com\/pages\/Franz-Alt-SONNENSEITECOM\/221072987903953?fref=ts","article_published_time":"2012-12-19T23:00:00+00:00","og_image":[{"width":770,"height":420,"url":"https:\/\/www.sonnenseite.com\/wp-content\/uploads\/2020\/06\/archiv_artikel.jpg","type":"image\/jpeg"}],"author":"sbade","twitter_card":"summary_large_image","twitter_creator":"@franzalt","twitter_site":"@franzalt","twitter_misc":{"Verfasst von":"sbade","Gesch\u00e4tzte Lesezeit":"5\u00a0Minuten"},"schema":{"@context":"https:\/\/schema.org","@graph":[{"@type":"Article","@id":"https:\/\/www.sonnenseite.com\/de\/tipps\/die-klimakrise-wird-alles-aendern-und-zwar-zum-besseren\/#article","isPartOf":{"@id":"https:\/\/www.sonnenseite.com\/de\/tipps\/die-klimakrise-wird-alles-aendern-und-zwar-zum-besseren\/"},"author":{"name":"sbade","@id":"https:\/\/www.sonnenseite.com\/de\/#\/schema\/person\/6df44691cd9a70d99e140e1116ee8771"},"headline":"Die Klimakrise wird alles \u00e4ndern. Und zwar zum Besseren","datePublished":"2012-12-19T23:00:00+00:00","mainEntityOfPage":{"@id":"https:\/\/www.sonnenseite.com\/de\/tipps\/die-klimakrise-wird-alles-aendern-und-zwar-zum-besseren\/"},"wordCount":1022,"publisher":{"@id":"https:\/\/www.sonnenseite.com\/de\/#organization"},"image":{"@id":"https:\/\/www.sonnenseite.com\/de\/tipps\/die-klimakrise-wird-alles-aendern-und-zwar-zum-besseren\/#primaryimage"},"thumbnailUrl":"https:\/\/www.sonnenseite.com\/wp-content\/uploads\/2020\/06\/archiv_artikel.jpg","articleSection":["Tipps"],"inLanguage":"de"},{"@type":"WebPage","@id":"https:\/\/www.sonnenseite.com\/de\/tipps\/die-klimakrise-wird-alles-aendern-und-zwar-zum-besseren\/","url":"https:\/\/www.sonnenseite.com\/de\/tipps\/die-klimakrise-wird-alles-aendern-und-zwar-zum-besseren\/","name":"Die Klimakrise wird alles \u00e4ndern. Und zwar zum Besseren - Sonnenseite - \u00d6kologische Kommunikation mit Franz Alt","isPartOf":{"@id":"https:\/\/www.sonnenseite.com\/de\/#website"},"primaryImageOfPage":{"@id":"https:\/\/www.sonnenseite.com\/de\/tipps\/die-klimakrise-wird-alles-aendern-und-zwar-zum-besseren\/#primaryimage"},"image":{"@id":"https:\/\/www.sonnenseite.com\/de\/tipps\/die-klimakrise-wird-alles-aendern-und-zwar-zum-besseren\/#primaryimage"},"thumbnailUrl":"https:\/\/www.sonnenseite.com\/wp-content\/uploads\/2020\/06\/archiv_artikel.jpg","datePublished":"2012-12-19T23:00:00+00:00","description":"Dass der Klimawandel vieles \u00e4ndern wird, das wissen wir sp\u00e4testens seit den vier Statusberichten des Intergovernmental Panel on Climate Change (IPCC) \u2013","breadcrumb":{"@id":"https:\/\/www.sonnenseite.com\/de\/tipps\/die-klimakrise-wird-alles-aendern-und-zwar-zum-besseren\/#breadcrumb"},"inLanguage":"de","potentialAction":[{"@type":"ReadAction","target":["https:\/\/www.sonnenseite.com\/de\/tipps\/die-klimakrise-wird-alles-aendern-und-zwar-zum-besseren\/"]}]},{"@type":"ImageObject","inLanguage":"de","@id":"https:\/\/www.sonnenseite.com\/de\/tipps\/die-klimakrise-wird-alles-aendern-und-zwar-zum-besseren\/#primaryimage","url":"https:\/\/www.sonnenseite.com\/wp-content\/uploads\/2020\/06\/archiv_artikel.jpg","contentUrl":"https:\/\/www.sonnenseite.com\/wp-content\/uploads\/2020\/06\/archiv_artikel.jpg","width":770,"height":420,"caption":"Sonnenseite"},{"@type":"BreadcrumbList","@id":"https:\/\/www.sonnenseite.com\/de\/tipps\/die-klimakrise-wird-alles-aendern-und-zwar-zum-besseren\/#breadcrumb","itemListElement":[{"@type":"ListItem","position":1,"name":"Startseite","item":"https:\/\/www.sonnenseite.com\/de\/"},{"@type":"ListItem","position":2,"name":"Die Klimakrise wird alles \u00e4ndern. Und zwar zum Besseren"}]},{"@type":"WebSite","@id":"https:\/\/www.sonnenseite.com\/de\/#website","url":"https:\/\/www.sonnenseite.com\/de\/","name":"Sonnenseite","description":"\u00d6kologische Kommunikation mit Franz Alt","publisher":{"@id":"https:\/\/www.sonnenseite.com\/de\/#organization"},"potentialAction":[{"@type":"SearchAction","target":{"@type":"EntryPoint","urlTemplate":"https:\/\/www.sonnenseite.com\/de\/?s={search_term_string}"},"query-input":{"@type":"PropertyValueSpecification","valueRequired":true,"valueName":"search_term_string"}}],"inLanguage":"de"},{"@type":"Organization","@id":"https:\/\/www.sonnenseite.com\/de\/#organization","name":"Sonnenseite","url":"https:\/\/www.sonnenseite.com\/de\/","logo":{"@type":"ImageObject","inLanguage":"de","@id":"https:\/\/www.sonnenseite.com\/de\/#\/schema\/logo\/image\/","url":"https:\/\/www.sonnenseite.com\/wp-content\/uploads\/2020\/05\/Sonnenseite_Logo.png","contentUrl":"https:\/\/www.sonnenseite.com\/wp-content\/uploads\/2020\/05\/Sonnenseite_Logo.png","width":377,"height":90,"caption":"Sonnenseite"},"image":{"@id":"https:\/\/www.sonnenseite.com\/de\/#\/schema\/logo\/image\/"},"sameAs":["https:\/\/www.facebook.com\/pages\/Franz-Alt-SONNENSEITECOM\/221072987903953?fref=ts","https:\/\/x.com\/franzalt","http:\/\/www.youtube.com\/results?search_query&amp;amp;quot;franz_alt&amp;amp;quot;&amp;amp;amp;amp;search_type&amp;amp;amp;amp;aq=f"]},{"@type":"Person","@id":"https:\/\/www.sonnenseite.com\/de\/#\/schema\/person\/6df44691cd9a70d99e140e1116ee8771","name":"sbade","sameAs":["https:\/\/www.sonnenseite.com"]}]}},"_links":{"self":[{"href":"https:\/\/www.sonnenseite.com\/de\/wp-json\/wp\/v2\/posts\/55235","targetHints":{"allow":["GET"]}}],"collection":[{"href":"https:\/\/www.sonnenseite.com\/de\/wp-json\/wp\/v2\/posts"}],"about":[{"href":"https:\/\/www.sonnenseite.com\/de\/wp-json\/wp\/v2\/types\/post"}],"author":[{"embeddable":true,"href":"https:\/\/www.sonnenseite.com\/de\/wp-json\/wp\/v2\/users\/1"}],"replies":[{"embeddable":true,"href":"https:\/\/www.sonnenseite.com\/de\/wp-json\/wp\/v2\/comments?post=55235"}],"version-history":[{"count":0,"href":"https:\/\/www.sonnenseite.com\/de\/wp-json\/wp\/v2\/posts\/55235\/revisions"}],"wp:featuredmedia":[{"embeddable":true,"href":"https:\/\/www.sonnenseite.com\/de\/wp-json\/wp\/v2\/media\/50987"}],"wp:attachment":[{"href":"https:\/\/www.sonnenseite.com\/de\/wp-json\/wp\/v2\/media?parent=55235"}],"wp:term":[{"taxonomy":"category","embeddable":true,"href":"https:\/\/www.sonnenseite.com\/de\/wp-json\/wp\/v2\/categories?post=55235"},{"taxonomy":"post_tag","embeddable":true,"href":"https:\/\/www.sonnenseite.com\/de\/wp-json\/wp\/v2\/tags?post=55235"}],"curies":[{"name":"wp","href":"https:\/\/api.w.org\/{rel}","templated":true}]}}