{"id":55298,"date":"2012-12-13T00:00:00","date_gmt":"2012-12-12T23:00:00","guid":{"rendered":"https:\/\/www.sonnenseite.com\/politik\/nabu-falsche-fuetterung-im-winter-schadet-voegeln.html"},"modified":"2012-12-13T00:00:00","modified_gmt":"2012-12-12T23:00:00","slug":"nabu-falsche-fuetterung-im-winter-schadet-voegeln","status":"publish","type":"post","link":"https:\/\/www.sonnenseite.com\/de\/politik\/nabu-falsche-fuetterung-im-winter-schadet-voegeln\/","title":{"rendered":"NABU: Falsche F\u00fctterung im Winter schadet V\u00f6geln"},"content":{"rendered":"<p>Vogelexperte Dr. Stefan Bosch empfiehlt Futtersilos. <!--more--> <\/p>\n<p>Sobald die Temperaturen dauerhaft unter Null Grad fallen oder eine Schneedecke am Boden liegt, gelingt es V\u00f6geln nur schwer, Nahrung zu finden. Viele Menschen haben auf ihrem Balkon oder in ihrem Garten Vogelfutterh\u00e4uschen aufgestellt, um diese schwierige Zeit f\u00fcr Amsel, Meise und Co zu erleichtern. Damit der Mensch den Tieren beim F\u00fcttern aber nicht schadet, sollten einige Punkte beachtet werden. \u201eEs ist sehr wichtig, die Futterstelle stets sauber zu halten\u201c, sagt NABU-Vogelexperte Dr. Stefan Bosch.<\/p>\n<p>Damit die Tiere nicht in den K\u00f6rnern herumlaufen und durch Kot verschmutzen k\u00f6nnen, empfiehlt Bosch Futtersilos. \u201eDiese halten das Futter trocken und es rutscht nur so viel nach, wie die V\u00f6gel in dem Moment ben\u00f6tigen\u201c, erl\u00e4utert Bosch. Der Vorteil sei, dass das Futter zum einen nicht verderbe, und sich zum anderen keine Nahrungsreste ansammeln k\u00f6nnten. Ansonsten bestehe die Gefahr der Ausbreitung von Krankheitserregern. \u201eDenn durch den Kot der Tiere kann sehr leicht eine Vogelkrankheit von einem Futterh\u00e4uschenbesucher zum n\u00e4chsten \u00fcbertragen werden\u201c, erkl\u00e4rt der NABU-Experte.<\/p>\n<p>In den vergangenen Jahren unterstreichen viele F\u00e4lle von Gr\u00fcnfinkensterben auch aus Baden-W\u00fcrttemberg die Notwendigkeit dieser Ma\u00dfnahmen. Bei Hygienem\u00e4ngeln verbreitet sich der Erreger (Trichomonade) leicht unter Gr\u00fcnlingen sowie anderen Finkenarten und f\u00fchrt zu eigentlich leicht vermeidbaren Todesf\u00e4llen.\u00a0 Wer ein herk\u00f6mmliches Futterh\u00e4uschen zu Hause hat, sollte dies deshalb regelm\u00e4\u00dfig mit hei\u00dfem Wasser auswaschen und t\u00e4glich nur wenig K\u00f6rner und Samen nachf\u00fcllen.<\/p>\n<p>Die V\u00f6gel, die ans Futterh\u00e4uschen kommen, haben unterschiedliche Vorlieben. Weichfutterfresser, also V\u00f6gel mit spitzem, schlanken Schnabel wie Sing- und Wacholderdrossel, Amsel, Star und Rotkehlchen m\u00f6gen Beeren, Obst, Weizenkleie oder Haferflocken. K\u00f6rnerfresser, so werden V\u00f6gel mit kurzem, kr\u00e4ftigen Schnabel genannt, hegen dagegen eine Vorliebe f\u00fcr Sonnenblumenkerne oder N\u00fcsse. Zu ihnen z\u00e4hlen Kohl- und Blaumeise, Buchfink, Haus- und Feldsperling, Goldammer, Buntspecht und Kleiber. \u201eWer Lust hat, kann auch auf einem einfachen Stock einen Apfel aufspie\u00dfen. Es wird nicht lange dauern, bis dieser von den V\u00f6geln entdeckt und verspeist wird\u201c, sagt Bosch.<\/p>\n<p>Dabei sowie beim Aufstellen und Aufh\u00e4ngen der Silos, Meisenkn\u00f6del und Futterh\u00e4uschen sollte darauf geachtet werden, dass keine Katze und andere Beutegreifer an die V\u00f6gel herankommen k\u00f6nnen. \u201eSpeisereste sollte man grunds\u00e4tzlich nicht verf\u00fcttern, da beispielsweise Brot im Magen der Tiere aufquillt. Auch salzige Nahrung wie Speck oder Salzkartoffeln schadet den V\u00f6geln\u201c, erkl\u00e4rt Bosch. Beim Kauf von Futter sei es wichtig, darauf zu achten, woher das Futter stamme, da billige Futtermischungen h\u00e4ufig Samen der Allergie ausl\u00f6senden Ambrosie enthielten.<\/p>\n<p>Um V\u00f6gel auf Dauer in den heimischen Garten zu locken, muss dieser naturnah gestaltet sein. Dies kann mit einigen einfachen Ma\u00dfnahmen umgesetzt werden. Stefan Bosch r\u00e4t: \u201eWer Nistk\u00e4sten aufh\u00e4ngt, bietet den Tieren zus\u00e4tzliche Brutm\u00f6glichkeiten. In den Hecken heimischer Pflanzenarten wie Kornelkirsche, Wei\u00dfdorn oder Roter Hartriegel finden die Tiere Schutz; au\u00dferdem bieten diese den V\u00f6geln im Herbst ein umfangreiches Nahrungsangebot an Beeren und Samenst\u00e4nden bis in den Winter hinein.\u201c In einer Ecke des Gartens sollte zudem Platz f\u00fcr eine artenreiche Blumenwiese geschaffen werden, die Insekten anlockt.<\/p>\n<p>\u201eWir empfehlen die Wintervogelf\u00fctterung als M\u00f6glichkeit, Natur zu erleben. Kinder erhalten so einen Zugang zur Vogelwelt und\u00a0 lernen auf diese Art und Weise die verschiedenen Arten kennen\u201c, sagt Bosch. Dabei sollte die F\u00fctterung allerdings nicht mit dem Schutz bedrohter Vogelarten verwechselt werden. Von der F\u00fctterung profitieren nur nicht bedrohte Arten, deren Best\u00e4nde auch selbst in kalten Wintern nicht ernsthaft reduziert werden.<\/p>\n<p>Das F\u00fcttern von V\u00f6geln ist ein Erlebnis f\u00fcr die gesamte Familie. Gemeinsam k\u00f6nnen Eltern, Kinder und Gro\u00dfeltern beobachten, welche Vogelarten sich am Futterh\u00e4uschen einfinden. Bei der bundesweiten Mitmachaktion der \u201eStunde der Winterv\u00f6gel vom 4. bis 6. Januar 2013 werden eine Stunde lang die Tiere gez\u00e4hlt und dem NABU gemeldet. Mit den Daten will der NABU herausfinden, wo die einzelnen Arten in welcher H\u00e4ufigkeit vorkommen. Je genauer der NABU \u00fcber solche Fragen Bescheid wei\u00df, desto besser kann sich der Verband f\u00fcr den Schutz der V\u00f6gel einsetzen.<\/p>\n<p>Weitere Informationen dazu <a href=\"http:\/\/www.nabu.de\/aktionenundprojekte\/stundederwintervoegel\/\" target=\"_blank\" rel=\"noopener noreferrer\">unter<\/a><\/p>\n<h5 class=\"green\">Quelle<\/h5>\n<p>NABU Baden-W\u00fcrttemberg 2012<\/p>\n<div class=\"shariff shariff-align-flex-start shariff-widget-align-flex-start\"><div class=\"ShariffHeadline\">Diese Meldung teilen<\/div><ul class=\"shariff-buttons theme-round orientation-horizontal buttonsize-medium\"><li class=\"shariff-button facebook shariff-nocustomcolor\" style=\"background-color:#4273c8;border-radius:1%\"><a href=\"https:\/\/www.facebook.com\/sharer\/sharer.php?u=https%3A%2F%2Fwww.sonnenseite.com%2Fde%2Fpolitik%2Fnabu-falsche-fuetterung-im-winter-schadet-voegeln%2F\" title=\"Bei Facebook teilen\" aria-label=\"Bei Facebook teilen\" role=\"button\" rel=\"nofollow\" class=\"shariff-link\" style=\";border-radius:1%; background-color:#3b5998; color:#fff\" target=\"_blank\"><span class=\"shariff-icon\" style=\"\"><svg width=\"32px\" height=\"20px\" xmlns=\"http:\/\/www.w3.org\/2000\/svg\" viewBox=\"0 0 18 32\"><path fill=\"#3b5998\" d=\"M17.1 0.2v4.7h-2.8q-1.5 0-2.1 0.6t-0.5 1.9v3.4h5.2l-0.7 5.3h-4.5v13.6h-5.5v-13.6h-4.5v-5.3h4.5v-3.9q0-3.3 1.9-5.2t5-1.8q2.6 0 4.1 0.2z\"\/><\/svg><\/span><\/a><\/li><li class=\"shariff-button twitter shariff-nocustomcolor\" style=\"background-color:#595959;border-radius:1%\"><a href=\"https:\/\/twitter.com\/share?url=https%3A%2F%2Fwww.sonnenseite.com%2Fde%2Fpolitik%2Fnabu-falsche-fuetterung-im-winter-schadet-voegeln%2F&text=NABU%3A%20Falsche%20F%C3%BCtterung%20im%20Winter%20schadet%20V%C3%B6geln\" title=\"Bei X teilen\" aria-label=\"Bei X teilen\" role=\"button\" rel=\"noopener nofollow\" class=\"shariff-link\" style=\";border-radius:1%; background-color:#000; color:#fff\" target=\"_blank\"><span class=\"shariff-icon\" style=\"\"><svg width=\"32px\" height=\"20px\" xmlns=\"http:\/\/www.w3.org\/2000\/svg\" viewBox=\"0 0 24 24\"><path fill=\"#000\" d=\"M14.258 10.152L23.176 0h-2.113l-7.747 8.813L7.133 0H0l9.352 13.328L0 23.973h2.113l8.176-9.309 6.531 9.309h7.133zm-2.895 3.293l-.949-1.328L2.875 1.56h3.246l6.086 8.523.945 1.328 7.91 11.078h-3.246zm0 0\"\/><\/svg><\/span><\/a><\/li><li class=\"shariff-button xing shariff-nocustomcolor\" style=\"background-color:#29888a;border-radius:1%\"><a href=\"https:\/\/www.xing.com\/spi\/shares\/new?url=https%3A%2F%2Fwww.sonnenseite.com%2Fde%2Fpolitik%2Fnabu-falsche-fuetterung-im-winter-schadet-voegeln%2F\" title=\"Bei XING teilen\" aria-label=\"Bei XING teilen\" role=\"button\" rel=\"noopener nofollow\" class=\"shariff-link\" style=\";border-radius:1%; background-color:#126567; color:#fff\" target=\"_blank\"><span class=\"shariff-icon\" style=\"\"><svg width=\"32px\" height=\"20px\" xmlns=\"http:\/\/www.w3.org\/2000\/svg\" viewBox=\"0 0 25 32\"><path fill=\"#126567\" d=\"M10.7 11.9q-0.2 0.3-4.6 8.2-0.5 0.8-1.2 0.8h-4.3q-0.4 0-0.5-0.3t0-0.6l4.5-8q0 0 0 0l-2.9-5q-0.2-0.4 0-0.7 0.2-0.3 0.5-0.3h4.3q0.7 0 1.2 0.8zM25.1 0.4q0.2 0.3 0 0.7l-9.4 16.7 6 11q0.2 0.4 0 0.6-0.2 0.3-0.6 0.3h-4.3q-0.7 0-1.2-0.8l-6-11.1q0.3-0.6 9.5-16.8 0.4-0.8 1.2-0.8h4.3q0.4 0 0.5 0.3z\"\/><\/svg><\/span><\/a><\/li><li class=\"shariff-button linkedin shariff-nocustomcolor\" style=\"background-color:#1488bf;border-radius:1%\"><a href=\"https:\/\/www.linkedin.com\/sharing\/share-offsite\/?url=https%3A%2F%2Fwww.sonnenseite.com%2Fde%2Fpolitik%2Fnabu-falsche-fuetterung-im-winter-schadet-voegeln%2F\" title=\"Bei LinkedIn teilen\" aria-label=\"Bei LinkedIn teilen\" role=\"button\" rel=\"noopener nofollow\" class=\"shariff-link\" style=\";border-radius:1%; background-color:#0077b5; color:#fff\" target=\"_blank\"><span class=\"shariff-icon\" style=\"\"><svg width=\"32px\" height=\"20px\" xmlns=\"http:\/\/www.w3.org\/2000\/svg\" viewBox=\"0 0 27 32\"><path fill=\"#0077b5\" d=\"M6.2 11.2v17.7h-5.9v-17.7h5.9zM6.6 5.7q0 1.3-0.9 2.2t-2.4 0.9h0q-1.5 0-2.4-0.9t-0.9-2.2 0.9-2.2 2.4-0.9 2.4 0.9 0.9 2.2zM27.4 18.7v10.1h-5.9v-9.5q0-1.9-0.7-2.9t-2.3-1.1q-1.1 0-1.9 0.6t-1.2 1.5q-0.2 0.5-0.2 1.4v9.9h-5.9q0-7.1 0-11.6t0-5.3l0-0.9h5.9v2.6h0q0.4-0.6 0.7-1t1-0.9 1.6-0.8 2-0.3q3 0 4.9 2t1.9 6z\"\/><\/svg><\/span><\/a><\/li><li class=\"shariff-button printer shariff-nocustomcolor\" style=\"background-color:#a8a8a8;border-radius:1%\"><a href=\"javascript:window.print()\" title=\"drucken\" aria-label=\"drucken\" role=\"button\" rel=\"noopener nofollow\" class=\"shariff-link\" style=\";border-radius:1%; background-color:#999; color:#fff\"><span class=\"shariff-icon\" style=\"\"><svg width=\"32px\" height=\"20px\" xmlns=\"http:\/\/www.w3.org\/2000\/svg\" viewBox=\"0 0 30 32\"><path fill=\"#999\" d=\"M6.8 27.4h16v-4.6h-16v4.6zM6.8 16h16v-6.8h-2.8q-0.7 0-1.2-0.5t-0.5-1.2v-2.8h-11.4v11.4zM27.4 17.2q0-0.5-0.3-0.8t-0.8-0.4-0.8 0.4-0.3 0.8 0.3 0.8 0.8 0.3 0.8-0.3 0.3-0.8zM29.7 17.2v7.4q0 0.2-0.2 0.4t-0.4 0.2h-4v2.8q0 0.7-0.5 1.2t-1.2 0.5h-17.2q-0.7 0-1.2-0.5t-0.5-1.2v-2.8h-4q-0.2 0-0.4-0.2t-0.2-0.4v-7.4q0-1.4 1-2.4t2.4-1h1.2v-9.7q0-0.7 0.5-1.2t1.2-0.5h12q0.7 0 1.6 0.4t1.3 0.8l2.7 2.7q0.5 0.5 0.9 1.4t0.4 1.6v4.6h1.1q1.4 0 2.4 1t1 2.4z\"\/><\/svg><\/span><\/a><\/li><li class=\"shariff-button mailto shariff-nocustomcolor\" style=\"background-color:#a8a8a8;border-radius:1%\"><a href=\"mailto:?body=https%3A%2F%2Fwww.sonnenseite.com%2Fde%2Fpolitik%2Fnabu-falsche-fuetterung-im-winter-schadet-voegeln%2F&subject=NABU%3A%20Falsche%20F%C3%BCtterung%20im%20Winter%20schadet%20V%C3%B6geln\" title=\"Per E-Mail versenden\" aria-label=\"Per E-Mail versenden\" role=\"button\" rel=\"noopener nofollow\" class=\"shariff-link\" style=\";border-radius:1%; background-color:#999; color:#fff\"><span class=\"shariff-icon\" style=\"\"><svg width=\"32px\" height=\"20px\" xmlns=\"http:\/\/www.w3.org\/2000\/svg\" viewBox=\"0 0 32 32\"><path fill=\"#999\" d=\"M32 12.7v14.2q0 1.2-0.8 2t-2 0.9h-26.3q-1.2 0-2-0.9t-0.8-2v-14.2q0.8 0.9 1.8 1.6 6.5 4.4 8.9 6.1 1 0.8 1.6 1.2t1.7 0.9 2 0.4h0.1q0.9 0 2-0.4t1.7-0.9 1.6-1.2q3-2.2 8.9-6.1 1-0.7 1.8-1.6zM32 7.4q0 1.4-0.9 2.7t-2.2 2.2q-6.7 4.7-8.4 5.8-0.2 0.1-0.7 0.5t-1 0.7-0.9 0.6-1.1 0.5-0.9 0.2h-0.1q-0.4 0-0.9-0.2t-1.1-0.5-0.9-0.6-1-0.7-0.7-0.5q-1.6-1.1-4.7-3.2t-3.6-2.6q-1.1-0.7-2.1-2t-1-2.5q0-1.4 0.7-2.3t2.1-0.9h26.3q1.2 0 2 0.8t0.9 2z\"\/><\/svg><\/span><\/a><\/li><\/ul><\/div>","protected":false},"excerpt":{"rendered":"<p>Vogelexperte Dr. Stefan Bosch empfiehlt Futtersilos.<\/p>\n","protected":false},"author":1,"featured_media":50987,"comment_status":"closed","ping_status":"closed","sticky":false,"template":"","format":"standard","meta":{"inline_featured_image":false,"footnotes":""},"categories":[21],"tags":[],"class_list":["post-55298","post","type-post","status-publish","format-standard","has-post-thumbnail","hentry","category-politik"],"yoast_head":"<!-- This site is optimized with the Yoast SEO plugin v26.5 - https:\/\/yoast.com\/wordpress\/plugins\/seo\/ -->\n<title>NABU: Falsche F\u00fctterung im Winter schadet V\u00f6geln - Sonnenseite - \u00d6kologische Kommunikation mit Franz Alt<\/title>\n<meta name=\"description\" content=\"Vogelexperte Dr. Stefan Bosch empfiehlt Futtersilos. Sobald die Temperaturen dauerhaft unter Null Grad fallen oder eine Schneedecke am Boden liegt,\" \/>\n<meta name=\"robots\" content=\"index, follow, max-snippet:-1, max-image-preview:large, max-video-preview:-1\" \/>\n<link rel=\"canonical\" href=\"https:\/\/www.sonnenseite.com\/de\/politik\/nabu-falsche-fuetterung-im-winter-schadet-voegeln\/\" \/>\n<meta property=\"og:locale\" content=\"de_DE\" \/>\n<meta property=\"og:type\" content=\"article\" \/>\n<meta property=\"og:title\" content=\"NABU: Falsche F\u00fctterung im Winter schadet V\u00f6geln - Sonnenseite - \u00d6kologische Kommunikation mit Franz Alt\" \/>\n<meta property=\"og:description\" content=\"Vogelexperte Dr. Stefan Bosch empfiehlt Futtersilos. Sobald die Temperaturen dauerhaft unter Null Grad fallen oder eine Schneedecke am Boden liegt,\" \/>\n<meta property=\"og:url\" content=\"https:\/\/www.sonnenseite.com\/de\/politik\/nabu-falsche-fuetterung-im-winter-schadet-voegeln\/\" \/>\n<meta property=\"og:site_name\" content=\"Sonnenseite\" \/>\n<meta property=\"article:publisher\" content=\"https:\/\/www.facebook.com\/pages\/Franz-Alt-SONNENSEITECOM\/221072987903953?fref=ts\" \/>\n<meta property=\"article:published_time\" content=\"2012-12-12T23:00:00+00:00\" \/>\n<meta property=\"og:image\" content=\"https:\/\/www.sonnenseite.com\/wp-content\/uploads\/2020\/06\/archiv_artikel.jpg\" \/>\n\t<meta property=\"og:image:width\" content=\"770\" \/>\n\t<meta property=\"og:image:height\" content=\"420\" \/>\n\t<meta property=\"og:image:type\" content=\"image\/jpeg\" \/>\n<meta name=\"author\" content=\"sbade\" \/>\n<meta name=\"twitter:card\" content=\"summary_large_image\" \/>\n<meta name=\"twitter:creator\" content=\"@franzalt\" \/>\n<meta name=\"twitter:site\" content=\"@franzalt\" \/>\n<meta name=\"twitter:label1\" content=\"Verfasst von\" \/>\n\t<meta name=\"twitter:data1\" content=\"sbade\" \/>\n\t<meta name=\"twitter:label2\" content=\"Gesch\u00e4tzte Lesezeit\" \/>\n\t<meta name=\"twitter:data2\" content=\"4\u00a0Minuten\" \/>\n<script type=\"application\/ld+json\" class=\"yoast-schema-graph\">{\"@context\":\"https:\/\/schema.org\",\"@graph\":[{\"@type\":\"Article\",\"@id\":\"https:\/\/www.sonnenseite.com\/de\/politik\/nabu-falsche-fuetterung-im-winter-schadet-voegeln\/#article\",\"isPartOf\":{\"@id\":\"https:\/\/www.sonnenseite.com\/de\/politik\/nabu-falsche-fuetterung-im-winter-schadet-voegeln\/\"},\"author\":{\"name\":\"sbade\",\"@id\":\"https:\/\/www.sonnenseite.com\/de\/#\/schema\/person\/6df44691cd9a70d99e140e1116ee8771\"},\"headline\":\"NABU: Falsche F\u00fctterung im Winter schadet V\u00f6geln\",\"datePublished\":\"2012-12-12T23:00:00+00:00\",\"mainEntityOfPage\":{\"@id\":\"https:\/\/www.sonnenseite.com\/de\/politik\/nabu-falsche-fuetterung-im-winter-schadet-voegeln\/\"},\"wordCount\":712,\"publisher\":{\"@id\":\"https:\/\/www.sonnenseite.com\/de\/#organization\"},\"image\":{\"@id\":\"https:\/\/www.sonnenseite.com\/de\/politik\/nabu-falsche-fuetterung-im-winter-schadet-voegeln\/#primaryimage\"},\"thumbnailUrl\":\"https:\/\/www.sonnenseite.com\/wp-content\/uploads\/2020\/06\/archiv_artikel.jpg\",\"articleSection\":[\"Politik\"],\"inLanguage\":\"de\"},{\"@type\":\"WebPage\",\"@id\":\"https:\/\/www.sonnenseite.com\/de\/politik\/nabu-falsche-fuetterung-im-winter-schadet-voegeln\/\",\"url\":\"https:\/\/www.sonnenseite.com\/de\/politik\/nabu-falsche-fuetterung-im-winter-schadet-voegeln\/\",\"name\":\"NABU: Falsche F\u00fctterung im Winter schadet V\u00f6geln - Sonnenseite - \u00d6kologische Kommunikation mit Franz Alt\",\"isPartOf\":{\"@id\":\"https:\/\/www.sonnenseite.com\/de\/#website\"},\"primaryImageOfPage\":{\"@id\":\"https:\/\/www.sonnenseite.com\/de\/politik\/nabu-falsche-fuetterung-im-winter-schadet-voegeln\/#primaryimage\"},\"image\":{\"@id\":\"https:\/\/www.sonnenseite.com\/de\/politik\/nabu-falsche-fuetterung-im-winter-schadet-voegeln\/#primaryimage\"},\"thumbnailUrl\":\"https:\/\/www.sonnenseite.com\/wp-content\/uploads\/2020\/06\/archiv_artikel.jpg\",\"datePublished\":\"2012-12-12T23:00:00+00:00\",\"description\":\"Vogelexperte Dr. Stefan Bosch empfiehlt Futtersilos. Sobald die Temperaturen dauerhaft unter Null Grad fallen oder eine Schneedecke am Boden liegt,\",\"breadcrumb\":{\"@id\":\"https:\/\/www.sonnenseite.com\/de\/politik\/nabu-falsche-fuetterung-im-winter-schadet-voegeln\/#breadcrumb\"},\"inLanguage\":\"de\",\"potentialAction\":[{\"@type\":\"ReadAction\",\"target\":[\"https:\/\/www.sonnenseite.com\/de\/politik\/nabu-falsche-fuetterung-im-winter-schadet-voegeln\/\"]}]},{\"@type\":\"ImageObject\",\"inLanguage\":\"de\",\"@id\":\"https:\/\/www.sonnenseite.com\/de\/politik\/nabu-falsche-fuetterung-im-winter-schadet-voegeln\/#primaryimage\",\"url\":\"https:\/\/www.sonnenseite.com\/wp-content\/uploads\/2020\/06\/archiv_artikel.jpg\",\"contentUrl\":\"https:\/\/www.sonnenseite.com\/wp-content\/uploads\/2020\/06\/archiv_artikel.jpg\",\"width\":770,\"height\":420,\"caption\":\"Sonnenseite\"},{\"@type\":\"BreadcrumbList\",\"@id\":\"https:\/\/www.sonnenseite.com\/de\/politik\/nabu-falsche-fuetterung-im-winter-schadet-voegeln\/#breadcrumb\",\"itemListElement\":[{\"@type\":\"ListItem\",\"position\":1,\"name\":\"Startseite\",\"item\":\"https:\/\/www.sonnenseite.com\/de\/\"},{\"@type\":\"ListItem\",\"position\":2,\"name\":\"NABU: Falsche F\u00fctterung im Winter schadet V\u00f6geln\"}]},{\"@type\":\"WebSite\",\"@id\":\"https:\/\/www.sonnenseite.com\/de\/#website\",\"url\":\"https:\/\/www.sonnenseite.com\/de\/\",\"name\":\"Sonnenseite\",\"description\":\"\u00d6kologische Kommunikation mit Franz Alt\",\"publisher\":{\"@id\":\"https:\/\/www.sonnenseite.com\/de\/#organization\"},\"potentialAction\":[{\"@type\":\"SearchAction\",\"target\":{\"@type\":\"EntryPoint\",\"urlTemplate\":\"https:\/\/www.sonnenseite.com\/de\/?s={search_term_string}\"},\"query-input\":{\"@type\":\"PropertyValueSpecification\",\"valueRequired\":true,\"valueName\":\"search_term_string\"}}],\"inLanguage\":\"de\"},{\"@type\":\"Organization\",\"@id\":\"https:\/\/www.sonnenseite.com\/de\/#organization\",\"name\":\"Sonnenseite\",\"url\":\"https:\/\/www.sonnenseite.com\/de\/\",\"logo\":{\"@type\":\"ImageObject\",\"inLanguage\":\"de\",\"@id\":\"https:\/\/www.sonnenseite.com\/de\/#\/schema\/logo\/image\/\",\"url\":\"https:\/\/www.sonnenseite.com\/wp-content\/uploads\/2020\/05\/Sonnenseite_Logo.png\",\"contentUrl\":\"https:\/\/www.sonnenseite.com\/wp-content\/uploads\/2020\/05\/Sonnenseite_Logo.png\",\"width\":377,\"height\":90,\"caption\":\"Sonnenseite\"},\"image\":{\"@id\":\"https:\/\/www.sonnenseite.com\/de\/#\/schema\/logo\/image\/\"},\"sameAs\":[\"https:\/\/www.facebook.com\/pages\/Franz-Alt-SONNENSEITECOM\/221072987903953?fref=ts\",\"https:\/\/x.com\/franzalt\",\"http:\/\/www.youtube.com\/results?search_query&amp;amp;quot;franz_alt&amp;amp;quot;&amp;amp;amp;amp;search_type&amp;amp;amp;amp;aq=f\"]},{\"@type\":\"Person\",\"@id\":\"https:\/\/www.sonnenseite.com\/de\/#\/schema\/person\/6df44691cd9a70d99e140e1116ee8771\",\"name\":\"sbade\",\"sameAs\":[\"https:\/\/www.sonnenseite.com\"]}]}<\/script>\n<!-- \/ Yoast SEO plugin. -->","yoast_head_json":{"title":"NABU: Falsche F\u00fctterung im Winter schadet V\u00f6geln - Sonnenseite - \u00d6kologische Kommunikation mit Franz Alt","description":"Vogelexperte Dr. Stefan Bosch empfiehlt Futtersilos. Sobald die Temperaturen dauerhaft unter Null Grad fallen oder eine Schneedecke am Boden liegt,","robots":{"index":"index","follow":"follow","max-snippet":"max-snippet:-1","max-image-preview":"max-image-preview:large","max-video-preview":"max-video-preview:-1"},"canonical":"https:\/\/www.sonnenseite.com\/de\/politik\/nabu-falsche-fuetterung-im-winter-schadet-voegeln\/","og_locale":"de_DE","og_type":"article","og_title":"NABU: Falsche F\u00fctterung im Winter schadet V\u00f6geln - Sonnenseite - \u00d6kologische Kommunikation mit Franz Alt","og_description":"Vogelexperte Dr. Stefan Bosch empfiehlt Futtersilos. Sobald die Temperaturen dauerhaft unter Null Grad fallen oder eine Schneedecke am Boden liegt,","og_url":"https:\/\/www.sonnenseite.com\/de\/politik\/nabu-falsche-fuetterung-im-winter-schadet-voegeln\/","og_site_name":"Sonnenseite","article_publisher":"https:\/\/www.facebook.com\/pages\/Franz-Alt-SONNENSEITECOM\/221072987903953?fref=ts","article_published_time":"2012-12-12T23:00:00+00:00","og_image":[{"width":770,"height":420,"url":"https:\/\/www.sonnenseite.com\/wp-content\/uploads\/2020\/06\/archiv_artikel.jpg","type":"image\/jpeg"}],"author":"sbade","twitter_card":"summary_large_image","twitter_creator":"@franzalt","twitter_site":"@franzalt","twitter_misc":{"Verfasst von":"sbade","Gesch\u00e4tzte Lesezeit":"4\u00a0Minuten"},"schema":{"@context":"https:\/\/schema.org","@graph":[{"@type":"Article","@id":"https:\/\/www.sonnenseite.com\/de\/politik\/nabu-falsche-fuetterung-im-winter-schadet-voegeln\/#article","isPartOf":{"@id":"https:\/\/www.sonnenseite.com\/de\/politik\/nabu-falsche-fuetterung-im-winter-schadet-voegeln\/"},"author":{"name":"sbade","@id":"https:\/\/www.sonnenseite.com\/de\/#\/schema\/person\/6df44691cd9a70d99e140e1116ee8771"},"headline":"NABU: Falsche F\u00fctterung im Winter schadet V\u00f6geln","datePublished":"2012-12-12T23:00:00+00:00","mainEntityOfPage":{"@id":"https:\/\/www.sonnenseite.com\/de\/politik\/nabu-falsche-fuetterung-im-winter-schadet-voegeln\/"},"wordCount":712,"publisher":{"@id":"https:\/\/www.sonnenseite.com\/de\/#organization"},"image":{"@id":"https:\/\/www.sonnenseite.com\/de\/politik\/nabu-falsche-fuetterung-im-winter-schadet-voegeln\/#primaryimage"},"thumbnailUrl":"https:\/\/www.sonnenseite.com\/wp-content\/uploads\/2020\/06\/archiv_artikel.jpg","articleSection":["Politik"],"inLanguage":"de"},{"@type":"WebPage","@id":"https:\/\/www.sonnenseite.com\/de\/politik\/nabu-falsche-fuetterung-im-winter-schadet-voegeln\/","url":"https:\/\/www.sonnenseite.com\/de\/politik\/nabu-falsche-fuetterung-im-winter-schadet-voegeln\/","name":"NABU: Falsche F\u00fctterung im Winter schadet V\u00f6geln - Sonnenseite - \u00d6kologische Kommunikation mit Franz Alt","isPartOf":{"@id":"https:\/\/www.sonnenseite.com\/de\/#website"},"primaryImageOfPage":{"@id":"https:\/\/www.sonnenseite.com\/de\/politik\/nabu-falsche-fuetterung-im-winter-schadet-voegeln\/#primaryimage"},"image":{"@id":"https:\/\/www.sonnenseite.com\/de\/politik\/nabu-falsche-fuetterung-im-winter-schadet-voegeln\/#primaryimage"},"thumbnailUrl":"https:\/\/www.sonnenseite.com\/wp-content\/uploads\/2020\/06\/archiv_artikel.jpg","datePublished":"2012-12-12T23:00:00+00:00","description":"Vogelexperte Dr. Stefan Bosch empfiehlt Futtersilos. Sobald die Temperaturen dauerhaft unter Null Grad fallen oder eine Schneedecke am Boden liegt,","breadcrumb":{"@id":"https:\/\/www.sonnenseite.com\/de\/politik\/nabu-falsche-fuetterung-im-winter-schadet-voegeln\/#breadcrumb"},"inLanguage":"de","potentialAction":[{"@type":"ReadAction","target":["https:\/\/www.sonnenseite.com\/de\/politik\/nabu-falsche-fuetterung-im-winter-schadet-voegeln\/"]}]},{"@type":"ImageObject","inLanguage":"de","@id":"https:\/\/www.sonnenseite.com\/de\/politik\/nabu-falsche-fuetterung-im-winter-schadet-voegeln\/#primaryimage","url":"https:\/\/www.sonnenseite.com\/wp-content\/uploads\/2020\/06\/archiv_artikel.jpg","contentUrl":"https:\/\/www.sonnenseite.com\/wp-content\/uploads\/2020\/06\/archiv_artikel.jpg","width":770,"height":420,"caption":"Sonnenseite"},{"@type":"BreadcrumbList","@id":"https:\/\/www.sonnenseite.com\/de\/politik\/nabu-falsche-fuetterung-im-winter-schadet-voegeln\/#breadcrumb","itemListElement":[{"@type":"ListItem","position":1,"name":"Startseite","item":"https:\/\/www.sonnenseite.com\/de\/"},{"@type":"ListItem","position":2,"name":"NABU: Falsche F\u00fctterung im Winter schadet V\u00f6geln"}]},{"@type":"WebSite","@id":"https:\/\/www.sonnenseite.com\/de\/#website","url":"https:\/\/www.sonnenseite.com\/de\/","name":"Sonnenseite","description":"\u00d6kologische Kommunikation mit Franz Alt","publisher":{"@id":"https:\/\/www.sonnenseite.com\/de\/#organization"},"potentialAction":[{"@type":"SearchAction","target":{"@type":"EntryPoint","urlTemplate":"https:\/\/www.sonnenseite.com\/de\/?s={search_term_string}"},"query-input":{"@type":"PropertyValueSpecification","valueRequired":true,"valueName":"search_term_string"}}],"inLanguage":"de"},{"@type":"Organization","@id":"https:\/\/www.sonnenseite.com\/de\/#organization","name":"Sonnenseite","url":"https:\/\/www.sonnenseite.com\/de\/","logo":{"@type":"ImageObject","inLanguage":"de","@id":"https:\/\/www.sonnenseite.com\/de\/#\/schema\/logo\/image\/","url":"https:\/\/www.sonnenseite.com\/wp-content\/uploads\/2020\/05\/Sonnenseite_Logo.png","contentUrl":"https:\/\/www.sonnenseite.com\/wp-content\/uploads\/2020\/05\/Sonnenseite_Logo.png","width":377,"height":90,"caption":"Sonnenseite"},"image":{"@id":"https:\/\/www.sonnenseite.com\/de\/#\/schema\/logo\/image\/"},"sameAs":["https:\/\/www.facebook.com\/pages\/Franz-Alt-SONNENSEITECOM\/221072987903953?fref=ts","https:\/\/x.com\/franzalt","http:\/\/www.youtube.com\/results?search_query&amp;amp;quot;franz_alt&amp;amp;quot;&amp;amp;amp;amp;search_type&amp;amp;amp;amp;aq=f"]},{"@type":"Person","@id":"https:\/\/www.sonnenseite.com\/de\/#\/schema\/person\/6df44691cd9a70d99e140e1116ee8771","name":"sbade","sameAs":["https:\/\/www.sonnenseite.com"]}]}},"_links":{"self":[{"href":"https:\/\/www.sonnenseite.com\/de\/wp-json\/wp\/v2\/posts\/55298","targetHints":{"allow":["GET"]}}],"collection":[{"href":"https:\/\/www.sonnenseite.com\/de\/wp-json\/wp\/v2\/posts"}],"about":[{"href":"https:\/\/www.sonnenseite.com\/de\/wp-json\/wp\/v2\/types\/post"}],"author":[{"embeddable":true,"href":"https:\/\/www.sonnenseite.com\/de\/wp-json\/wp\/v2\/users\/1"}],"replies":[{"embeddable":true,"href":"https:\/\/www.sonnenseite.com\/de\/wp-json\/wp\/v2\/comments?post=55298"}],"version-history":[{"count":0,"href":"https:\/\/www.sonnenseite.com\/de\/wp-json\/wp\/v2\/posts\/55298\/revisions"}],"wp:featuredmedia":[{"embeddable":true,"href":"https:\/\/www.sonnenseite.com\/de\/wp-json\/wp\/v2\/media\/50987"}],"wp:attachment":[{"href":"https:\/\/www.sonnenseite.com\/de\/wp-json\/wp\/v2\/media?parent=55298"}],"wp:term":[{"taxonomy":"category","embeddable":true,"href":"https:\/\/www.sonnenseite.com\/de\/wp-json\/wp\/v2\/categories?post=55298"},{"taxonomy":"post_tag","embeddable":true,"href":"https:\/\/www.sonnenseite.com\/de\/wp-json\/wp\/v2\/tags?post=55298"}],"curies":[{"name":"wp","href":"https:\/\/api.w.org\/{rel}","templated":true}]}}