{"id":55502,"date":"2012-11-10T00:00:00","date_gmt":"2012-11-09T23:00:00","guid":{"rendered":"https:\/\/www.sonnenseite.com\/energie\/die-luege-vom-teuren-oekostrom.html"},"modified":"2012-11-10T00:00:00","modified_gmt":"2012-11-09T23:00:00","slug":"die-luege-vom-teuren-oekostrom","status":"publish","type":"post","link":"https:\/\/www.sonnenseite.com\/de\/energie\/die-luege-vom-teuren-oekostrom\/","title":{"rendered":"Die L\u00fcge vom teuren \u00d6kostrom"},"content":{"rendered":"<p>Wirtschaftsminister Philipp R\u00f6sler sagt in diesen Tagen gebetsm\u00fchlenartig: \u201eDie Erneuerbaren Energien sind wesentlich schuld am steigenden Strompreis.\u201c Und viele Journalisten beten das M\u00e4rchen vom teuren \u00d6kostrom unreflektiert nach. Doch wissenschaftliche Studien belegen, dass Sonnen-, Wind- und Wasserkraftstrom schon heute billiger sind als Strom aus Atom- oder Kohlekraftwerken. <!--more--> <\/p>\n<p><strong>Der Unterschied:<\/strong> Die Milliarden-Subventionen f\u00fcr herk\u00f6mmlichen Strom zahlen wir \u00fcber unsere Steuern \u2013 sie tauchen in keiner Stromrechnung auf. Die 2,7 Cent, die wir ab 2013 zus\u00e4tzlich f\u00fcr jede Kilowattstunde Strom zugunsten der Energiewende berappen m\u00fcssen, stehen jedoch auf jeder Stromrechnung. Insgesamt kostet uns die Energiewende ab Januar 5,3 Cent pro Kilowattstunde.<\/p>\n<p><strong>Die wirklichen Kosten: <\/strong>Seit 1970 wurde Atomstrom in Deutschland mit knapp 200 Milliarden Euro Steuergelder gef\u00f6rdert, Strom aus Stein- und Braunkohle gar mit 250 Milliarden Euro \u2013 die <strong>Erneuerbaren mit knapp 60 Milliarden<\/strong>, aber nicht \u00fcber Steuern, sondern \u00fcber den allgemeinen Strompreis.<\/p>\n<p>Doch selbst diese Rechnung ist noch einseitig zu Lasten der erneuerbaren Energien. Denn sie erzeugen so gut wie keine Folgekosten, w\u00e4hrend beim Atomm\u00fcll f\u00fcr etwa eine Million Jahre Entsorgungskosten in unvorstellbaren Milliardenh\u00f6hen anfallen und Kohle, Gas und \u00d6l das Klima aufheizen.\u00a0 Was die Klimaerw\u00e4rmung bewirkt haben wir soeben wieder bei Sturm \u201eSandy\u201c in der Karibik und New York erlebt: \u00dcber 100 Tote und weit \u00fcber 50 Milliarden Dollar Sch\u00e4den.<\/p>\n<p><strong>Das M\u00e4rchen vom teuren \u00d6kostrom hat politische und publizistische Folgen:<\/strong> Manch konservativer Politiker tr\u00e4umt schon wieder von l\u00e4ngeren Laufzeiten der Atommeiler und in der Bildzeitung haben sich bei einer Umfrage zwei Drittel von 100.000 Lesern die Atomenergie zur\u00fcckgew\u00fcnscht. Atompropaganda statt journalistischer Aufkl\u00e4rung.<\/p>\n<p><strong>Die Preisrealit\u00e4t sieht so aus:<\/strong> Der fr\u00fchere Chefvolkswirt der Weltbank, Sir Niclas Stern, hat schon 2007 vorgerechnet, dass die Energiewende viel Geld kostet, aber keine Energiewende f\u00fcr die Weltwirtschaft durch die Klimasch\u00e4den der alten Energien und durch deren steigende Preise f\u00fcnfmal so teuer wird.<\/p>\n<p>Wenn also marktwirtschaftlich richtig gerechnet wird, das hei\u00dft die Folgekosten mit bedacht werden, dann ist Solar- und Windstrom schon heute kosteng\u00fcnstiger als der bisherige fossil-atomare Strom-Mix. Jeder Verbraucher kann beim Vergleich seiner heutigen Energierechnung mit \u2013 sagen wir \u2013 Energiepreisen vor zehn Jahren feststellen: <strong>Der Strom wurde in dieser Zeit etwa 70% teurer, aber das Heiz\u00f6l um etwa 200%.<\/strong> Auch die Benzinpreise stiegen und steigen schneller als die Strompreise \u2013 trotz der Energiewende.<\/p>\n<p>Wer den herk\u00f6mmlichen Strom mit \u00d6kostrom vergleicht, verwechselt \u00c4pfel\u00a0 mit Birnen, weil Solar- und Windstrom das gesellschaftlich wertvollere Produkt ist. Es entstehen f\u00fcr Kinder und Enkel n\u00e4mlich keine Gesundheitssch\u00e4den und keine Folgekosten. Einige Cent pro Kilowattstunde Strom sollte uns das gute Leben unserer Nachkommen freilich schon wert sein.<\/p>\n<p>Eine neue Studie des Forums f\u00fcr \u00d6kologisch-Soziale Marktwirtschaft (F\u00d6S) kommt in dieser Frage zum Schluss: \u201eKonventionelle Energien verursachen deutlich mehr Kosten als den Stromkunden direkt in Rechnung gestellt werden.\u201c<\/p>\n<p>Und das Bundesumweltamt best\u00e4tigt: \u201eF\u00fcr Atomkraft und Kohle mussten die Verbraucher deutlich mehr Subventionen aufbringen als f\u00fcr die jetzige Energiewende und f\u00fcr die Erneuerbaren Energien.\u201c<\/p>\n<p>Hinzu kommen bei den alten Energietr\u00e4gern: Hunderte Milliarden Gesundheitskosten, Kosten f\u00fcr Kriege um \u00d6l, Umweltsch\u00e4den, Klimasch\u00e4den, Sch\u00e4den durch nukleare Verstrahlung und Entsorgungskosten. Die Vertreter der M\u00fcnchner R\u00fcckversicherung machen auf diese Milliardensch\u00e4den seit Jahrzehnten aufmerksam.<\/p>\n<p><strong>Scherzhaft gefragt:<\/strong> Was kostet es zum Beispiel, einen Pf\u00f6rtner zu bezahlen, der f\u00fcr eine Million Jahre Atomm\u00fcll bewachen muss? Ich habe f\u00fcr eine meiner Sendungen in der ARD schon vor 20 Jahren das Fraunhofer-Institut in Karlsruhe ausrechnen lassen, was eine Kilowattstunde Atomstrom wirklich kosten m\u00fcsste, wenn die Endlagerkosten und\u00a0 realistische Versicherungskosten f\u00fcr AKW mit berechnet w\u00fcrden.<\/p>\n<p><strong>Ergebnis: 4 Mark je KWh, also zwei Euro. <\/strong><\/p>\n<p><strong>Sonne und Wind schicken uns keine Rechnung <\/strong><\/p>\n<p>Dies ist der unsch\u00e4tzbare \u00f6konomische Vorteil der k\u00fcnftigen \u00f6kologischen Energieversorgung. \u00d6koenergien sind umweltfreundlich und ihr Stoff geht uns nach menschlichem Ermessen niemals aus \u2013 w\u00e4hrend Kohle, Gas und \u00d6l schon deshalb immer teurer werden m\u00fcssen, weil sie in wenigen Jahrzehnten zu Ende gehen.<\/p>\n<p>Da es sich dabei schlicht um Naturgesetze handelt, die wir lernen und beachten m\u00fcssen, f\u00fchrt an der Energiewende kein Weg vorbei.<\/p>\n<p><strong>Wie soll eine Industrienation wie Deutschland ohne Energie k\u00fcnftig funktionieren?<\/strong> Die \u00f6kologische Energiewende ist mittel- und langfristig sogar preiswerter als ein Weiter-so wie bisher.<\/p>\n<p>Baden-W\u00fcrttembergs Ministerpr\u00e4sident Winfried Kretschmann hat soeben gesagt: \u201eDie Strompreise sind vor der Energiewende st\u00e4rker gestiegen als danach. Langfristig wird Energie durch die Energiewende billiger.\u201c Der Mann hat richtig gerechnet.<\/p>\n<p><strong>Sicher:<\/strong> Am Anfang ist jede neue Technologie teuer. Das war so beim Fernseher, bei der Waschmaschine und beim Auto. Aber durch Massenproduktion werden alle Technologien billiger.<\/p>\n<p>Dieselbe Entwicklung erleben wir jetzt beim Solarstrom und haben wir beim Windstrom schon vor zehn Jahren gesehen: Im Jahr 2000 kostete die Kilowattstunden Solarstrom noch 70 Cent, heute 16 Cent und in etwa 10 bis 15 Jahren werden wir bei f\u00fcnf Cent pro Kilowatt von der Sonne sein.<\/p>\n<p>Eine geradezu sensationelle Preisentwicklung in positiver Hinsicht. Ich bitte Sie dazu einen Blick auf die untenstehenden Kurven zu werfen &#8211; siehe Grafik 1.<\/p>\n<p>Die Erneuerbaren Energien sind schon heute, aber erst recht morgen unschlagbar preiswert, weil ihre Rohstoffe ein Geschenk der Natur und des Himmels sind. Wer dies begriffen hat, versteht die Vorteile der Energiewende und die Notwendigkeit einer solaren Energierevolution und einer solaren Weltwirtschaft.<\/p>\n<p>Auch Kernenergie war am Anfang teuer. Und ist es heute noch. Die F\u00d6S-Studie hat die aktuellen gesamtwirtschaftlichen Kosten aller Energietr\u00e4ger f\u00fcr das Jahr 2012 so errechnet: Windstrom 8,1 Cent, Wasserkraft 7,6 Cent, Steinkohle 14,8 Cent, Atomstrom zwischen 16.4 und 42.2 Cent.<\/p>\n<p>Es ist wissenschaftlich erwiesen, dass die Energiewende nicht nur \u00f6kologisch, sondern auch \u00f6konomisch geboten ist. Die \u00d6koenergien sind die preiswertere Variante und zudem eine riesige Chance f\u00fcr die gesamte deutsche Volkswirtschaft.<\/p>\n<p>\u00d6koenergien werden ein deutscher Exportschlager. Von den sechs erneuerbaren Energien \u2013 Sonne, Wind, Bioenergie, Wasserkraft, Geothermie und Wellenenergie \u2013 ist Deutschland technologisch bereits bei drei Weltmarktf\u00fchrer: bei Sonne, bei Wind und bei Biogas. Und soeben kommen noch die notwendigen Speichertechnologien dazu, bei denen die deutsche Technik ebenfalls vorne liegt.<\/p>\n<p>2012 wird in Deutschland bereits 25% \u00d6kostrom gewonnen. Im Jahr 2.000 waren wir noch bei f\u00fcnf Prozent. Wir k\u00f6nnen das 100-Prozentziel bis 2025 oder sp\u00e4testens 2030 erreichen. Diese erfreuliche Entwicklung wurde nicht dank der alten Energiekonzerne geschafft, sondern dank engagierter B\u00fcrger, Bauern, Hausbesitzer, Mittelst\u00e4ndler, Stadtwerken und Lokalpolitikern aller Parteien. Also von unten.<\/p>\n<p>Diese erfreuliche Entwicklung f\u00fchrt dazu, dass immer weniger Geld zu den arabischen \u00d6lscheichs und zu den russischen Gasbaronen schicken m\u00fcssen. Energiewende bedeutet mehr Unabh\u00e4ngigkeit und mehr Freiheit. Das Geld der Region bleibt in der Region.<\/p>\n<p><strong>Es entsteht regionale Wertsch\u00f6pfung und die Arbeitspl\u00e4tze entstehen in der Region. Durch den jetzt schon geringeren Import von \u00d6l und Gas hat die deutsche Volkswirtschaft 2011 acht Milliarden Euro eingespar<\/strong>t.<\/p>\n<p>Alle diese erfreulichen Zahlen werden von den hysterischen Kritikern der Energiewende nicht bedacht oder verdr\u00e4ngt. Die Energiewende hat bereits zu knapp 400.000 neuen und zukunftssicheren Arbeitspl\u00e4tzen gef\u00fchrt, sagt das Bundesumweltministerium. Jahr um Jahr werden jetzt durch die Energiewende mehr Arbeitspl\u00e4tze bei uns entstehen. Ein unsch\u00e4tzbarer sozialer Vorteil der \u00d6koenergien. Und unsere Export-Import-Bilanz wird von Jahr zu Jahr g\u00fcnstiger.<\/p>\n<p>Die Energiewende-Planer der schwarz-gelben Bundesregierung haben freilich eine soziale Schieflage in ihre Energiewende-Politik eingebaut. Private Verbraucher m\u00fcssen n\u00e4mlich die \u00d6kostromabgabe f\u00fcr die Gro\u00dfindustrie mitfinanzieren. Es gibt zu viele Befreiungen von der Umlage des Erneuerbaren-Energien-Gesetzes (EEG). Das ist ungerecht und sollte rasch ge\u00e4ndert werden.<\/p>\n<p>Dann erh\u00e4lt die notwendige Wende eine h\u00f6here gesellschaftliche Akzeptanz. Die Energiewende muss solidarischer gestaltet werden. Und sozial Schwache sollten und k\u00f6nnten von zus\u00e4tzlicher Belastung befreit werden.<\/p>\n<p>Die Internationale Energieagentur in Paris bef\u00fcrchtet, dass sich der \u00d6lpreis bis 2020 nochmals verdoppeln k\u00f6nnte. Dann werden wir \u00fcber die heutigen hitzigen Diskussionen wegen einigen Cent \u00d6kostrom pro KWh milde l\u00e4cheln.<\/p>\n<p><strong>Die einzig vern\u00fcnftige Erkenntnis aus den genannten Fakten und Zahlen lautet:<\/strong> Die Energiewende kostet, aber keine Energiewende kostet unser aller Zukunft. Noch haben wir die Wahl.<\/p>\n<p>Auch Wirtschaftsminister R\u00f6sler wird lernen m\u00fcssen, dass ohne rasche Energiewende der Energieversorgung ein Kollaps bevorsteht.<\/p>\n<h5 class=\"green\">Quelle<\/h5>\n<p>\u00a9 Franz Alt 2012<\/p>\n<div class=\"shariff shariff-align-flex-start shariff-widget-align-flex-start\"><div class=\"ShariffHeadline\">Diese Meldung teilen<\/div><ul class=\"shariff-buttons theme-round orientation-horizontal buttonsize-medium\"><li class=\"shariff-button facebook shariff-nocustomcolor\" style=\"background-color:#4273c8;border-radius:1%\"><a href=\"https:\/\/www.facebook.com\/sharer\/sharer.php?u=https%3A%2F%2Fwww.sonnenseite.com%2Fde%2Fenergie%2Fdie-luege-vom-teuren-oekostrom%2F\" title=\"Bei Facebook teilen\" aria-label=\"Bei Facebook teilen\" role=\"button\" rel=\"nofollow\" class=\"shariff-link\" style=\";border-radius:1%; background-color:#3b5998; color:#fff\" target=\"_blank\"><span class=\"shariff-icon\" style=\"\"><svg width=\"32px\" height=\"20px\" xmlns=\"http:\/\/www.w3.org\/2000\/svg\" viewBox=\"0 0 18 32\"><path fill=\"#3b5998\" d=\"M17.1 0.2v4.7h-2.8q-1.5 0-2.1 0.6t-0.5 1.9v3.4h5.2l-0.7 5.3h-4.5v13.6h-5.5v-13.6h-4.5v-5.3h4.5v-3.9q0-3.3 1.9-5.2t5-1.8q2.6 0 4.1 0.2z\"\/><\/svg><\/span><\/a><\/li><li class=\"shariff-button twitter shariff-nocustomcolor\" style=\"background-color:#595959;border-radius:1%\"><a href=\"https:\/\/twitter.com\/share?url=https%3A%2F%2Fwww.sonnenseite.com%2Fde%2Fenergie%2Fdie-luege-vom-teuren-oekostrom%2F&text=Die%20L%C3%BCge%20vom%20teuren%20%C3%96kostrom\" title=\"Bei X teilen\" aria-label=\"Bei X teilen\" role=\"button\" rel=\"noopener nofollow\" class=\"shariff-link\" style=\";border-radius:1%; background-color:#000; color:#fff\" target=\"_blank\"><span class=\"shariff-icon\" style=\"\"><svg width=\"32px\" height=\"20px\" xmlns=\"http:\/\/www.w3.org\/2000\/svg\" viewBox=\"0 0 24 24\"><path fill=\"#000\" d=\"M14.258 10.152L23.176 0h-2.113l-7.747 8.813L7.133 0H0l9.352 13.328L0 23.973h2.113l8.176-9.309 6.531 9.309h7.133zm-2.895 3.293l-.949-1.328L2.875 1.56h3.246l6.086 8.523.945 1.328 7.91 11.078h-3.246zm0 0\"\/><\/svg><\/span><\/a><\/li><li class=\"shariff-button xing shariff-nocustomcolor\" style=\"background-color:#29888a;border-radius:1%\"><a href=\"https:\/\/www.xing.com\/spi\/shares\/new?url=https%3A%2F%2Fwww.sonnenseite.com%2Fde%2Fenergie%2Fdie-luege-vom-teuren-oekostrom%2F\" title=\"Bei XING teilen\" aria-label=\"Bei XING teilen\" role=\"button\" rel=\"noopener nofollow\" class=\"shariff-link\" style=\";border-radius:1%; background-color:#126567; color:#fff\" target=\"_blank\"><span class=\"shariff-icon\" style=\"\"><svg width=\"32px\" height=\"20px\" xmlns=\"http:\/\/www.w3.org\/2000\/svg\" viewBox=\"0 0 25 32\"><path fill=\"#126567\" d=\"M10.7 11.9q-0.2 0.3-4.6 8.2-0.5 0.8-1.2 0.8h-4.3q-0.4 0-0.5-0.3t0-0.6l4.5-8q0 0 0 0l-2.9-5q-0.2-0.4 0-0.7 0.2-0.3 0.5-0.3h4.3q0.7 0 1.2 0.8zM25.1 0.4q0.2 0.3 0 0.7l-9.4 16.7 6 11q0.2 0.4 0 0.6-0.2 0.3-0.6 0.3h-4.3q-0.7 0-1.2-0.8l-6-11.1q0.3-0.6 9.5-16.8 0.4-0.8 1.2-0.8h4.3q0.4 0 0.5 0.3z\"\/><\/svg><\/span><\/a><\/li><li class=\"shariff-button linkedin shariff-nocustomcolor\" style=\"background-color:#1488bf;border-radius:1%\"><a href=\"https:\/\/www.linkedin.com\/sharing\/share-offsite\/?url=https%3A%2F%2Fwww.sonnenseite.com%2Fde%2Fenergie%2Fdie-luege-vom-teuren-oekostrom%2F\" title=\"Bei LinkedIn teilen\" aria-label=\"Bei LinkedIn teilen\" role=\"button\" rel=\"noopener nofollow\" class=\"shariff-link\" style=\";border-radius:1%; background-color:#0077b5; color:#fff\" target=\"_blank\"><span class=\"shariff-icon\" style=\"\"><svg width=\"32px\" height=\"20px\" xmlns=\"http:\/\/www.w3.org\/2000\/svg\" viewBox=\"0 0 27 32\"><path fill=\"#0077b5\" d=\"M6.2 11.2v17.7h-5.9v-17.7h5.9zM6.6 5.7q0 1.3-0.9 2.2t-2.4 0.9h0q-1.5 0-2.4-0.9t-0.9-2.2 0.9-2.2 2.4-0.9 2.4 0.9 0.9 2.2zM27.4 18.7v10.1h-5.9v-9.5q0-1.9-0.7-2.9t-2.3-1.1q-1.1 0-1.9 0.6t-1.2 1.5q-0.2 0.5-0.2 1.4v9.9h-5.9q0-7.1 0-11.6t0-5.3l0-0.9h5.9v2.6h0q0.4-0.6 0.7-1t1-0.9 1.6-0.8 2-0.3q3 0 4.9 2t1.9 6z\"\/><\/svg><\/span><\/a><\/li><li class=\"shariff-button printer shariff-nocustomcolor\" style=\"background-color:#a8a8a8;border-radius:1%\"><a href=\"javascript:window.print()\" title=\"drucken\" aria-label=\"drucken\" role=\"button\" rel=\"noopener nofollow\" class=\"shariff-link\" style=\";border-radius:1%; background-color:#999; color:#fff\"><span class=\"shariff-icon\" style=\"\"><svg width=\"32px\" height=\"20px\" xmlns=\"http:\/\/www.w3.org\/2000\/svg\" viewBox=\"0 0 30 32\"><path fill=\"#999\" d=\"M6.8 27.4h16v-4.6h-16v4.6zM6.8 16h16v-6.8h-2.8q-0.7 0-1.2-0.5t-0.5-1.2v-2.8h-11.4v11.4zM27.4 17.2q0-0.5-0.3-0.8t-0.8-0.4-0.8 0.4-0.3 0.8 0.3 0.8 0.8 0.3 0.8-0.3 0.3-0.8zM29.7 17.2v7.4q0 0.2-0.2 0.4t-0.4 0.2h-4v2.8q0 0.7-0.5 1.2t-1.2 0.5h-17.2q-0.7 0-1.2-0.5t-0.5-1.2v-2.8h-4q-0.2 0-0.4-0.2t-0.2-0.4v-7.4q0-1.4 1-2.4t2.4-1h1.2v-9.7q0-0.7 0.5-1.2t1.2-0.5h12q0.7 0 1.6 0.4t1.3 0.8l2.7 2.7q0.5 0.5 0.9 1.4t0.4 1.6v4.6h1.1q1.4 0 2.4 1t1 2.4z\"\/><\/svg><\/span><\/a><\/li><li class=\"shariff-button mailto shariff-nocustomcolor\" style=\"background-color:#a8a8a8;border-radius:1%\"><a href=\"mailto:?body=https%3A%2F%2Fwww.sonnenseite.com%2Fde%2Fenergie%2Fdie-luege-vom-teuren-oekostrom%2F&subject=Die%20L%C3%BCge%20vom%20teuren%20%C3%96kostrom\" title=\"Per E-Mail versenden\" aria-label=\"Per E-Mail versenden\" role=\"button\" rel=\"noopener nofollow\" class=\"shariff-link\" style=\";border-radius:1%; background-color:#999; color:#fff\"><span class=\"shariff-icon\" style=\"\"><svg width=\"32px\" height=\"20px\" xmlns=\"http:\/\/www.w3.org\/2000\/svg\" viewBox=\"0 0 32 32\"><path fill=\"#999\" d=\"M32 12.7v14.2q0 1.2-0.8 2t-2 0.9h-26.3q-1.2 0-2-0.9t-0.8-2v-14.2q0.8 0.9 1.8 1.6 6.5 4.4 8.9 6.1 1 0.8 1.6 1.2t1.7 0.9 2 0.4h0.1q0.9 0 2-0.4t1.7-0.9 1.6-1.2q3-2.2 8.9-6.1 1-0.7 1.8-1.6zM32 7.4q0 1.4-0.9 2.7t-2.2 2.2q-6.7 4.7-8.4 5.8-0.2 0.1-0.7 0.5t-1 0.7-0.9 0.6-1.1 0.5-0.9 0.2h-0.1q-0.4 0-0.9-0.2t-1.1-0.5-0.9-0.6-1-0.7-0.7-0.5q-1.6-1.1-4.7-3.2t-3.6-2.6q-1.1-0.7-2.1-2t-1-2.5q0-1.4 0.7-2.3t2.1-0.9h26.3q1.2 0 2 0.8t0.9 2z\"\/><\/svg><\/span><\/a><\/li><\/ul><\/div>","protected":false},"excerpt":{"rendered":"<p>Wirtschaftsminister Philipp R\u00f6sler sagt in diesen Tagen gebetsm\u00fchlenartig: \u201eDie Erneuerbaren Energien sind wesentlich schuld am steigenden [&hellip;]<\/p>\n","protected":false},"author":1,"featured_media":50987,"comment_status":"closed","ping_status":"closed","sticky":false,"template":"","format":"standard","meta":{"inline_featured_image":false,"footnotes":""},"categories":[22],"tags":[],"class_list":["post-55502","post","type-post","status-publish","format-standard","has-post-thumbnail","hentry","category-energie"],"yoast_head":"<!-- This site is optimized with the Yoast SEO plugin v26.5 - https:\/\/yoast.com\/wordpress\/plugins\/seo\/ -->\n<title>Die L\u00fcge vom teuren \u00d6kostrom - Sonnenseite - \u00d6kologische Kommunikation mit Franz Alt<\/title>\n<meta name=\"description\" content=\"Wirtschaftsminister Philipp R\u00f6sler sagt in diesen Tagen gebetsm\u00fchlenartig: \u201eDie Erneuerbaren Energien sind wesentlich schuld am steigenden Strompreis.\u201c\" \/>\n<meta name=\"robots\" content=\"index, follow, max-snippet:-1, max-image-preview:large, max-video-preview:-1\" \/>\n<link rel=\"canonical\" href=\"https:\/\/www.sonnenseite.com\/de\/energie\/die-luege-vom-teuren-oekostrom\/\" \/>\n<meta property=\"og:locale\" content=\"de_DE\" \/>\n<meta property=\"og:type\" content=\"article\" \/>\n<meta property=\"og:title\" content=\"Die L\u00fcge vom teuren \u00d6kostrom - Sonnenseite - \u00d6kologische Kommunikation mit Franz Alt\" \/>\n<meta property=\"og:description\" content=\"Wirtschaftsminister Philipp R\u00f6sler sagt in diesen Tagen gebetsm\u00fchlenartig: \u201eDie Erneuerbaren Energien sind wesentlich schuld am steigenden Strompreis.\u201c\" \/>\n<meta property=\"og:url\" content=\"https:\/\/www.sonnenseite.com\/de\/energie\/die-luege-vom-teuren-oekostrom\/\" \/>\n<meta property=\"og:site_name\" content=\"Sonnenseite\" \/>\n<meta property=\"article:publisher\" content=\"https:\/\/www.facebook.com\/pages\/Franz-Alt-SONNENSEITECOM\/221072987903953?fref=ts\" \/>\n<meta property=\"article:published_time\" content=\"2012-11-09T23:00:00+00:00\" \/>\n<meta property=\"og:image\" content=\"https:\/\/www.sonnenseite.com\/wp-content\/uploads\/2020\/06\/archiv_artikel.jpg\" \/>\n\t<meta property=\"og:image:width\" content=\"770\" \/>\n\t<meta property=\"og:image:height\" content=\"420\" \/>\n\t<meta property=\"og:image:type\" content=\"image\/jpeg\" \/>\n<meta name=\"author\" content=\"sbade\" \/>\n<meta name=\"twitter:card\" content=\"summary_large_image\" \/>\n<meta name=\"twitter:creator\" content=\"@franzalt\" \/>\n<meta name=\"twitter:site\" content=\"@franzalt\" \/>\n<meta name=\"twitter:label1\" content=\"Verfasst von\" \/>\n\t<meta name=\"twitter:data1\" content=\"sbade\" \/>\n\t<meta name=\"twitter:label2\" content=\"Gesch\u00e4tzte Lesezeit\" \/>\n\t<meta name=\"twitter:data2\" content=\"7\u00a0Minuten\" \/>\n<script type=\"application\/ld+json\" class=\"yoast-schema-graph\">{\"@context\":\"https:\/\/schema.org\",\"@graph\":[{\"@type\":\"Article\",\"@id\":\"https:\/\/www.sonnenseite.com\/de\/energie\/die-luege-vom-teuren-oekostrom\/#article\",\"isPartOf\":{\"@id\":\"https:\/\/www.sonnenseite.com\/de\/energie\/die-luege-vom-teuren-oekostrom\/\"},\"author\":{\"name\":\"sbade\",\"@id\":\"https:\/\/www.sonnenseite.com\/de\/#\/schema\/person\/6df44691cd9a70d99e140e1116ee8771\"},\"headline\":\"Die L\u00fcge vom teuren \u00d6kostrom\",\"datePublished\":\"2012-11-09T23:00:00+00:00\",\"mainEntityOfPage\":{\"@id\":\"https:\/\/www.sonnenseite.com\/de\/energie\/die-luege-vom-teuren-oekostrom\/\"},\"wordCount\":1336,\"publisher\":{\"@id\":\"https:\/\/www.sonnenseite.com\/de\/#organization\"},\"image\":{\"@id\":\"https:\/\/www.sonnenseite.com\/de\/energie\/die-luege-vom-teuren-oekostrom\/#primaryimage\"},\"thumbnailUrl\":\"https:\/\/www.sonnenseite.com\/wp-content\/uploads\/2020\/06\/archiv_artikel.jpg\",\"articleSection\":[\"Energie\"],\"inLanguage\":\"de\"},{\"@type\":\"WebPage\",\"@id\":\"https:\/\/www.sonnenseite.com\/de\/energie\/die-luege-vom-teuren-oekostrom\/\",\"url\":\"https:\/\/www.sonnenseite.com\/de\/energie\/die-luege-vom-teuren-oekostrom\/\",\"name\":\"Die L\u00fcge vom teuren \u00d6kostrom - Sonnenseite - \u00d6kologische Kommunikation mit Franz Alt\",\"isPartOf\":{\"@id\":\"https:\/\/www.sonnenseite.com\/de\/#website\"},\"primaryImageOfPage\":{\"@id\":\"https:\/\/www.sonnenseite.com\/de\/energie\/die-luege-vom-teuren-oekostrom\/#primaryimage\"},\"image\":{\"@id\":\"https:\/\/www.sonnenseite.com\/de\/energie\/die-luege-vom-teuren-oekostrom\/#primaryimage\"},\"thumbnailUrl\":\"https:\/\/www.sonnenseite.com\/wp-content\/uploads\/2020\/06\/archiv_artikel.jpg\",\"datePublished\":\"2012-11-09T23:00:00+00:00\",\"description\":\"Wirtschaftsminister Philipp R\u00f6sler sagt in diesen Tagen gebetsm\u00fchlenartig: \u201eDie Erneuerbaren Energien sind wesentlich schuld am steigenden Strompreis.\u201c\",\"breadcrumb\":{\"@id\":\"https:\/\/www.sonnenseite.com\/de\/energie\/die-luege-vom-teuren-oekostrom\/#breadcrumb\"},\"inLanguage\":\"de\",\"potentialAction\":[{\"@type\":\"ReadAction\",\"target\":[\"https:\/\/www.sonnenseite.com\/de\/energie\/die-luege-vom-teuren-oekostrom\/\"]}]},{\"@type\":\"ImageObject\",\"inLanguage\":\"de\",\"@id\":\"https:\/\/www.sonnenseite.com\/de\/energie\/die-luege-vom-teuren-oekostrom\/#primaryimage\",\"url\":\"https:\/\/www.sonnenseite.com\/wp-content\/uploads\/2020\/06\/archiv_artikel.jpg\",\"contentUrl\":\"https:\/\/www.sonnenseite.com\/wp-content\/uploads\/2020\/06\/archiv_artikel.jpg\",\"width\":770,\"height\":420,\"caption\":\"Sonnenseite\"},{\"@type\":\"BreadcrumbList\",\"@id\":\"https:\/\/www.sonnenseite.com\/de\/energie\/die-luege-vom-teuren-oekostrom\/#breadcrumb\",\"itemListElement\":[{\"@type\":\"ListItem\",\"position\":1,\"name\":\"Startseite\",\"item\":\"https:\/\/www.sonnenseite.com\/de\/\"},{\"@type\":\"ListItem\",\"position\":2,\"name\":\"Die L\u00fcge vom teuren \u00d6kostrom\"}]},{\"@type\":\"WebSite\",\"@id\":\"https:\/\/www.sonnenseite.com\/de\/#website\",\"url\":\"https:\/\/www.sonnenseite.com\/de\/\",\"name\":\"Sonnenseite\",\"description\":\"\u00d6kologische Kommunikation mit Franz Alt\",\"publisher\":{\"@id\":\"https:\/\/www.sonnenseite.com\/de\/#organization\"},\"potentialAction\":[{\"@type\":\"SearchAction\",\"target\":{\"@type\":\"EntryPoint\",\"urlTemplate\":\"https:\/\/www.sonnenseite.com\/de\/?s={search_term_string}\"},\"query-input\":{\"@type\":\"PropertyValueSpecification\",\"valueRequired\":true,\"valueName\":\"search_term_string\"}}],\"inLanguage\":\"de\"},{\"@type\":\"Organization\",\"@id\":\"https:\/\/www.sonnenseite.com\/de\/#organization\",\"name\":\"Sonnenseite\",\"url\":\"https:\/\/www.sonnenseite.com\/de\/\",\"logo\":{\"@type\":\"ImageObject\",\"inLanguage\":\"de\",\"@id\":\"https:\/\/www.sonnenseite.com\/de\/#\/schema\/logo\/image\/\",\"url\":\"https:\/\/www.sonnenseite.com\/wp-content\/uploads\/2020\/05\/Sonnenseite_Logo.png\",\"contentUrl\":\"https:\/\/www.sonnenseite.com\/wp-content\/uploads\/2020\/05\/Sonnenseite_Logo.png\",\"width\":377,\"height\":90,\"caption\":\"Sonnenseite\"},\"image\":{\"@id\":\"https:\/\/www.sonnenseite.com\/de\/#\/schema\/logo\/image\/\"},\"sameAs\":[\"https:\/\/www.facebook.com\/pages\/Franz-Alt-SONNENSEITECOM\/221072987903953?fref=ts\",\"https:\/\/x.com\/franzalt\",\"http:\/\/www.youtube.com\/results?search_query&amp;amp;quot;franz_alt&amp;amp;quot;&amp;amp;amp;amp;search_type&amp;amp;amp;amp;aq=f\"]},{\"@type\":\"Person\",\"@id\":\"https:\/\/www.sonnenseite.com\/de\/#\/schema\/person\/6df44691cd9a70d99e140e1116ee8771\",\"name\":\"sbade\",\"sameAs\":[\"https:\/\/www.sonnenseite.com\"]}]}<\/script>\n<!-- \/ Yoast SEO plugin. -->","yoast_head_json":{"title":"Die L\u00fcge vom teuren \u00d6kostrom - Sonnenseite - \u00d6kologische Kommunikation mit Franz Alt","description":"Wirtschaftsminister Philipp R\u00f6sler sagt in diesen Tagen gebetsm\u00fchlenartig: \u201eDie Erneuerbaren Energien sind wesentlich schuld am steigenden Strompreis.\u201c","robots":{"index":"index","follow":"follow","max-snippet":"max-snippet:-1","max-image-preview":"max-image-preview:large","max-video-preview":"max-video-preview:-1"},"canonical":"https:\/\/www.sonnenseite.com\/de\/energie\/die-luege-vom-teuren-oekostrom\/","og_locale":"de_DE","og_type":"article","og_title":"Die L\u00fcge vom teuren \u00d6kostrom - Sonnenseite - \u00d6kologische Kommunikation mit Franz Alt","og_description":"Wirtschaftsminister Philipp R\u00f6sler sagt in diesen Tagen gebetsm\u00fchlenartig: \u201eDie Erneuerbaren Energien sind wesentlich schuld am steigenden Strompreis.\u201c","og_url":"https:\/\/www.sonnenseite.com\/de\/energie\/die-luege-vom-teuren-oekostrom\/","og_site_name":"Sonnenseite","article_publisher":"https:\/\/www.facebook.com\/pages\/Franz-Alt-SONNENSEITECOM\/221072987903953?fref=ts","article_published_time":"2012-11-09T23:00:00+00:00","og_image":[{"width":770,"height":420,"url":"https:\/\/www.sonnenseite.com\/wp-content\/uploads\/2020\/06\/archiv_artikel.jpg","type":"image\/jpeg"}],"author":"sbade","twitter_card":"summary_large_image","twitter_creator":"@franzalt","twitter_site":"@franzalt","twitter_misc":{"Verfasst von":"sbade","Gesch\u00e4tzte Lesezeit":"7\u00a0Minuten"},"schema":{"@context":"https:\/\/schema.org","@graph":[{"@type":"Article","@id":"https:\/\/www.sonnenseite.com\/de\/energie\/die-luege-vom-teuren-oekostrom\/#article","isPartOf":{"@id":"https:\/\/www.sonnenseite.com\/de\/energie\/die-luege-vom-teuren-oekostrom\/"},"author":{"name":"sbade","@id":"https:\/\/www.sonnenseite.com\/de\/#\/schema\/person\/6df44691cd9a70d99e140e1116ee8771"},"headline":"Die L\u00fcge vom teuren \u00d6kostrom","datePublished":"2012-11-09T23:00:00+00:00","mainEntityOfPage":{"@id":"https:\/\/www.sonnenseite.com\/de\/energie\/die-luege-vom-teuren-oekostrom\/"},"wordCount":1336,"publisher":{"@id":"https:\/\/www.sonnenseite.com\/de\/#organization"},"image":{"@id":"https:\/\/www.sonnenseite.com\/de\/energie\/die-luege-vom-teuren-oekostrom\/#primaryimage"},"thumbnailUrl":"https:\/\/www.sonnenseite.com\/wp-content\/uploads\/2020\/06\/archiv_artikel.jpg","articleSection":["Energie"],"inLanguage":"de"},{"@type":"WebPage","@id":"https:\/\/www.sonnenseite.com\/de\/energie\/die-luege-vom-teuren-oekostrom\/","url":"https:\/\/www.sonnenseite.com\/de\/energie\/die-luege-vom-teuren-oekostrom\/","name":"Die L\u00fcge vom teuren \u00d6kostrom - Sonnenseite - \u00d6kologische Kommunikation mit Franz Alt","isPartOf":{"@id":"https:\/\/www.sonnenseite.com\/de\/#website"},"primaryImageOfPage":{"@id":"https:\/\/www.sonnenseite.com\/de\/energie\/die-luege-vom-teuren-oekostrom\/#primaryimage"},"image":{"@id":"https:\/\/www.sonnenseite.com\/de\/energie\/die-luege-vom-teuren-oekostrom\/#primaryimage"},"thumbnailUrl":"https:\/\/www.sonnenseite.com\/wp-content\/uploads\/2020\/06\/archiv_artikel.jpg","datePublished":"2012-11-09T23:00:00+00:00","description":"Wirtschaftsminister Philipp R\u00f6sler sagt in diesen Tagen gebetsm\u00fchlenartig: \u201eDie Erneuerbaren Energien sind wesentlich schuld am steigenden Strompreis.\u201c","breadcrumb":{"@id":"https:\/\/www.sonnenseite.com\/de\/energie\/die-luege-vom-teuren-oekostrom\/#breadcrumb"},"inLanguage":"de","potentialAction":[{"@type":"ReadAction","target":["https:\/\/www.sonnenseite.com\/de\/energie\/die-luege-vom-teuren-oekostrom\/"]}]},{"@type":"ImageObject","inLanguage":"de","@id":"https:\/\/www.sonnenseite.com\/de\/energie\/die-luege-vom-teuren-oekostrom\/#primaryimage","url":"https:\/\/www.sonnenseite.com\/wp-content\/uploads\/2020\/06\/archiv_artikel.jpg","contentUrl":"https:\/\/www.sonnenseite.com\/wp-content\/uploads\/2020\/06\/archiv_artikel.jpg","width":770,"height":420,"caption":"Sonnenseite"},{"@type":"BreadcrumbList","@id":"https:\/\/www.sonnenseite.com\/de\/energie\/die-luege-vom-teuren-oekostrom\/#breadcrumb","itemListElement":[{"@type":"ListItem","position":1,"name":"Startseite","item":"https:\/\/www.sonnenseite.com\/de\/"},{"@type":"ListItem","position":2,"name":"Die L\u00fcge vom teuren \u00d6kostrom"}]},{"@type":"WebSite","@id":"https:\/\/www.sonnenseite.com\/de\/#website","url":"https:\/\/www.sonnenseite.com\/de\/","name":"Sonnenseite","description":"\u00d6kologische Kommunikation mit Franz Alt","publisher":{"@id":"https:\/\/www.sonnenseite.com\/de\/#organization"},"potentialAction":[{"@type":"SearchAction","target":{"@type":"EntryPoint","urlTemplate":"https:\/\/www.sonnenseite.com\/de\/?s={search_term_string}"},"query-input":{"@type":"PropertyValueSpecification","valueRequired":true,"valueName":"search_term_string"}}],"inLanguage":"de"},{"@type":"Organization","@id":"https:\/\/www.sonnenseite.com\/de\/#organization","name":"Sonnenseite","url":"https:\/\/www.sonnenseite.com\/de\/","logo":{"@type":"ImageObject","inLanguage":"de","@id":"https:\/\/www.sonnenseite.com\/de\/#\/schema\/logo\/image\/","url":"https:\/\/www.sonnenseite.com\/wp-content\/uploads\/2020\/05\/Sonnenseite_Logo.png","contentUrl":"https:\/\/www.sonnenseite.com\/wp-content\/uploads\/2020\/05\/Sonnenseite_Logo.png","width":377,"height":90,"caption":"Sonnenseite"},"image":{"@id":"https:\/\/www.sonnenseite.com\/de\/#\/schema\/logo\/image\/"},"sameAs":["https:\/\/www.facebook.com\/pages\/Franz-Alt-SONNENSEITECOM\/221072987903953?fref=ts","https:\/\/x.com\/franzalt","http:\/\/www.youtube.com\/results?search_query&amp;amp;quot;franz_alt&amp;amp;quot;&amp;amp;amp;amp;search_type&amp;amp;amp;amp;aq=f"]},{"@type":"Person","@id":"https:\/\/www.sonnenseite.com\/de\/#\/schema\/person\/6df44691cd9a70d99e140e1116ee8771","name":"sbade","sameAs":["https:\/\/www.sonnenseite.com"]}]}},"_links":{"self":[{"href":"https:\/\/www.sonnenseite.com\/de\/wp-json\/wp\/v2\/posts\/55502","targetHints":{"allow":["GET"]}}],"collection":[{"href":"https:\/\/www.sonnenseite.com\/de\/wp-json\/wp\/v2\/posts"}],"about":[{"href":"https:\/\/www.sonnenseite.com\/de\/wp-json\/wp\/v2\/types\/post"}],"author":[{"embeddable":true,"href":"https:\/\/www.sonnenseite.com\/de\/wp-json\/wp\/v2\/users\/1"}],"replies":[{"embeddable":true,"href":"https:\/\/www.sonnenseite.com\/de\/wp-json\/wp\/v2\/comments?post=55502"}],"version-history":[{"count":0,"href":"https:\/\/www.sonnenseite.com\/de\/wp-json\/wp\/v2\/posts\/55502\/revisions"}],"wp:featuredmedia":[{"embeddable":true,"href":"https:\/\/www.sonnenseite.com\/de\/wp-json\/wp\/v2\/media\/50987"}],"wp:attachment":[{"href":"https:\/\/www.sonnenseite.com\/de\/wp-json\/wp\/v2\/media?parent=55502"}],"wp:term":[{"taxonomy":"category","embeddable":true,"href":"https:\/\/www.sonnenseite.com\/de\/wp-json\/wp\/v2\/categories?post=55502"},{"taxonomy":"post_tag","embeddable":true,"href":"https:\/\/www.sonnenseite.com\/de\/wp-json\/wp\/v2\/tags?post=55502"}],"curies":[{"name":"wp","href":"https:\/\/api.w.org\/{rel}","templated":true}]}}