{"id":55712,"date":"2012-10-10T00:00:00","date_gmt":"2012-10-09T22:00:00","guid":{"rendered":"https:\/\/www.sonnenseite.com\/energie\/die-harz-region-kombiniert-wind-solarstrom-und-wasserkraft.html"},"modified":"2012-10-10T00:00:00","modified_gmt":"2012-10-09T22:00:00","slug":"die-harz-region-kombiniert-wind-solarstrom-und-wasserkraft","status":"publish","type":"post","link":"https:\/\/www.sonnenseite.com\/de\/energie\/die-harz-region-kombiniert-wind-solarstrom-und-wasserkraft\/","title":{"rendered":"Die Harz-Region kombiniert Wind-, Solarstrom und Wasserkraft"},"content":{"rendered":"<p>Vor den Toren des St\u00e4dtchens Dardesheim in Sachsen-Anhalt drehen sich nicht nur 36 Windr\u00e4der. Biogasanlagen, Solarzellen auf den D\u00e4chern von Schulen, Kinderg\u00e4rten, Betrieben und Privath\u00e4usern, ein mit Pflanzen\u00f6l versorgtes Blockheizkraftwerk mit einer Gesamtleistung von f\u00fcnf Megawatt und eine regenerative Stromtankstelle geben einen Vorgeschmack auf die Energiestadt der Zukunft. <!--more--> <\/p>\n<p>Der Gesch\u00e4ftsf\u00fchrer des Windparks ist Heinrich Bartelt, ein Urgestein der deutschen Windenergieszene und Mitbegr\u00fcnder des Bundesverbandes Windenergie. Er besch\u00e4ftigt sich mit der Kraft des Windes seit 1973 ein Sturm das Geb\u00e4ude seines elterlichen Hofes besch\u00e4digte. Damals, 24-j\u00e4hrig, fragte er sich: \u201eOb man die destruktive Kraft des Windes nicht auch konstruktiv nutzen kann?\u201c<\/p>\n<p><strong>Seine neueste Vision:<\/strong> Ein gro\u00dfes Kombikraftwerk , das die\u00a0 230.000 Einwohner im Harz komplett mit erneuerbaren Energien versorgen kann. Mit vielen Partnern arbeitet er daran, seinen Windpark mit dem 30 Kilometer entfernten Pumpspeicherkraftwerk Wendefurth zu kombinieren. Er will den Pumpspeicher als \u201eRiesenbatterie\u201c benutzen.<\/p>\n<p><strong>Und das funktioniert so:<\/strong> Gerade nicht ben\u00f6tigter Windstrom pumpt Wasser in das Oberbecken des Wasserkraftwerks und bei Windflaute und um Spitzenlasten abzudecken wird dieser Strom \u00fcber zwei bestehende Wasserkraft-Turbinen von zwei zu Tale f\u00fchrenden Pipelines wieder zur\u00fcck gewonnen.<\/p>\n<p>Wie eine riesige wiederaufladbare Batterie (Akku) speichert das Talsperren-System \u00fcbersch\u00fcssigen regenerativen Strom. Wird wieder Strom gebraucht, weil zum Beispiel gerade Windstille herrscht, kann dieses Wasser zur\u00fcck ins Tal flie\u00dfen und treibt dort zwei 40 Megawatt-Turbinen an. Bei Bedarf kann auf diese Weise der gespeicherte Strom wieder genutzt werden.<\/p>\n<p>Hybridkraftwerke wie das von Heinrich Bartelt geplante im Harz werden die Energiewende entscheidend nach vorne bringen. Das Zusammenspiel von Wind- und Wasserkraft, Photovoltaik und Biomasse erm\u00f6glicht eine regenerative Stromversorgung rund um die Uhr.<\/p>\n<p><strong>Die Zukunft beginnt im Harz<\/strong><\/p>\n<p>Das Herzst\u00fcck dieser Regenerativen Modellregion ist das virtuelle Kombikraftwerk, das im Dardesheimer Rathaus zu besichtigen ist. Es verkn\u00fcpft verschiedene erneuerbare Energieerzeuger, steuerbare Verbrauchsger\u00e4te und Energiespeicher in der Region miteinander zu einem \u201eSmart Grid\u201c, zu einem \u201eintelligenten Netz\u201c.<\/p>\n<p>Durch die Kombination von Erzeugung, Speicherung und Verbrauch will die Harzregion zeigen, dass mit einem maximalen Anteil erneuerbarer Energietr\u00e4ger eine stabile, zuverl\u00e4ssige und verbrauchernahe Versorgung mit elektrischer Energie m\u00f6glich ist. K\u00fcnftig sollen alle 230.000 Einwohner im Landkreis Harz mit \u00d6kostrom versorgt werden.<\/p>\n<p>In dieser Modellregion soll es einmal variable Stromtarife geben. Durch steuerbare Lasten wird eine Anpassung des Verbrauchs an das Angebot m\u00f6glich sein. Bei st\u00fcrmischem Wind oder strahlendem Sonnenschein wird viel Energie erzeugt \u2013 und der Strompreis sinkt. \u00dcber einen \u201eintelligenten\u201c Stromz\u00e4hler erh\u00e4lt der Kunde Informationen \u00fcber den derzeit g\u00fcnstigsten Strompreis.<\/p>\n<p>K\u00fcnftig kann er also selbst entscheiden, ob er Haushaltsger\u00e4te mit hohem Verbrauch zu preiswerten Zeiten laufen l\u00e4sst \u2013 den automatischen Start der Ger\u00e4te \u00fcbernimmt das BEMI (Bidirektionales Energiemanagement Interface) \u2013 ein Minicomputer, so gro\u00df wie dieses Taschenbuch und hilft, die Schwankungen in der Stromproduktion der vielen kleinen \u00d6koanlagen teilweises auszugleichen.<\/p>\n<p>BEWI fungiert als Schnittstelle zwischen Kunde, Netzbetreiber und Stromlieferant und garantiert eine \u00f6kologisch wie \u00f6konomisch optimierte Energieversorgung. So k\u00f6nnen tausende kleiner \u00d6koanlagen in Zukunft die Funktion der\u00a0 alten Gro\u00dfkraftwerke \u00fcbernehmen und die Grundlast der Elektrizit\u00e4t liefern.<\/p>\n<p>Damit das alles funktioniert braucht man zum Teil andere Netze und diese Smart Grids m\u00fcssen \u00e4hnlich intelligent sein wie das heutige Internet. Sie k\u00f6nnen helfen Angebot und Verbrauch von Strom in Balance zu halten. Dann zeigt sich, dass Sonne, Wind und etwas Mist eine gute Zukunft ist.<\/p>\n<p>\u201eM\u00fcssen meine B\u00fcrger jetzt nachts um drei Uhr aufstehen, wenn sie g\u00fcnstigen Strom f\u00fcr ihre Waschmaschine angeboten bekommen?\u201c wollte der Oberb\u00fcrgermeister von Quedlinburg bei der Vorstellung des Projekts wissen. Ich konnte ihn als Moderator der Veranstaltung beruhigen. \u201eNein. Der Computer macht\u00b4s.\u201c<\/p>\n<p><strong>Die Frage bleibt:<\/strong> Machen die Verbraucher mit? Diese Frage hat die Professorin f\u00fcr Umweltpsychologie an der Universit\u00e4t des Saarlandes, Petra Schweizer-Ries, untersucht. Ziel der Untersuchung war es, herauszufinden, wie die Bev\u00f6lkerung zu erneuerbaren Energien, zur Elektromobilit\u00e4t und zu Fragen des Lastmanagements steht. Lastmanagement bedeutet, m\u00f6glichst dann Strom zu verbrauchen, wenn viel davon zur Verf\u00fcgung steht sowie den Stromverbrauch in Spitzenzeiten zu minimieren.<\/p>\n<p>Dazu geh\u00f6rt zum Beispiel die Verschiebung von Startzeiten der Ger\u00e4te, die nicht sofort genutzt werden m\u00fcssen. So k\u00f6nnen Stromverbrauchsspitzen ausgeglichen und der Verbrauch besser an das Angebot angepasst werden.<\/p>\n<p><strong>Die Ergebnisse:<\/strong> 72% der Verbraucher sind bereit, die Startzeit f\u00fcr ihre Waschmaschinen zu verschieben, 67% k\u00f6nnten sich das beim W\u00e4schetrockner vorstellen und 76% bei der Sp\u00fclmaschine.<\/p>\n<p><strong>Die Botschaft der Modellregion ist klar: <\/strong>Hier wurde vier Jahre lang getestet, ob und wie der komplette Umstieg auf erneuerbare Energie m\u00f6glich ist. Das Ergebnis, das die 19 Projektpartner an diesem Herbstabend im romantischen Wasserschloss Westerburg vorstellen, ist eindeutig: Ja, es geht! Die Modellregion kann sogar noch viel Elektrizit\u00e4t exportieren, wenn sie den gesamten W\u00e4rmedarf und die Treibstoffe \u00f6kologisch abdeckt.<\/p>\n<p><strong>Jetzt wissen wir: Die Harzregion kann \u00fcberall werden.<\/strong><\/p>\n<h5 class=\"green\">Quelle<\/h5>\n<p>\u00a9 Franz Alt 2012<\/p>\n<div class=\"shariff shariff-align-flex-start shariff-widget-align-flex-start\"><div class=\"ShariffHeadline\">Diese Meldung teilen<\/div><ul class=\"shariff-buttons theme-round orientation-horizontal buttonsize-medium\"><li class=\"shariff-button facebook shariff-nocustomcolor\" style=\"background-color:#4273c8;border-radius:1%\"><a href=\"https:\/\/www.facebook.com\/sharer\/sharer.php?u=https%3A%2F%2Fwww.sonnenseite.com%2Fde%2Fenergie%2Fdie-harz-region-kombiniert-wind-solarstrom-und-wasserkraft%2F\" title=\"Bei Facebook teilen\" aria-label=\"Bei Facebook teilen\" role=\"button\" rel=\"nofollow\" class=\"shariff-link\" style=\";border-radius:1%; background-color:#3b5998; color:#fff\" target=\"_blank\"><span class=\"shariff-icon\" style=\"\"><svg width=\"32px\" height=\"20px\" xmlns=\"http:\/\/www.w3.org\/2000\/svg\" viewBox=\"0 0 18 32\"><path fill=\"#3b5998\" d=\"M17.1 0.2v4.7h-2.8q-1.5 0-2.1 0.6t-0.5 1.9v3.4h5.2l-0.7 5.3h-4.5v13.6h-5.5v-13.6h-4.5v-5.3h4.5v-3.9q0-3.3 1.9-5.2t5-1.8q2.6 0 4.1 0.2z\"\/><\/svg><\/span><\/a><\/li><li class=\"shariff-button twitter shariff-nocustomcolor\" style=\"background-color:#595959;border-radius:1%\"><a href=\"https:\/\/twitter.com\/share?url=https%3A%2F%2Fwww.sonnenseite.com%2Fde%2Fenergie%2Fdie-harz-region-kombiniert-wind-solarstrom-und-wasserkraft%2F&text=Die%20Harz-Region%20kombiniert%20Wind-%2C%20Solarstrom%20und%20Wasserkraft\" title=\"Bei X teilen\" aria-label=\"Bei X teilen\" role=\"button\" rel=\"noopener nofollow\" class=\"shariff-link\" style=\";border-radius:1%; background-color:#000; color:#fff\" target=\"_blank\"><span class=\"shariff-icon\" style=\"\"><svg width=\"32px\" height=\"20px\" xmlns=\"http:\/\/www.w3.org\/2000\/svg\" viewBox=\"0 0 24 24\"><path fill=\"#000\" d=\"M14.258 10.152L23.176 0h-2.113l-7.747 8.813L7.133 0H0l9.352 13.328L0 23.973h2.113l8.176-9.309 6.531 9.309h7.133zm-2.895 3.293l-.949-1.328L2.875 1.56h3.246l6.086 8.523.945 1.328 7.91 11.078h-3.246zm0 0\"\/><\/svg><\/span><\/a><\/li><li class=\"shariff-button xing shariff-nocustomcolor\" style=\"background-color:#29888a;border-radius:1%\"><a href=\"https:\/\/www.xing.com\/spi\/shares\/new?url=https%3A%2F%2Fwww.sonnenseite.com%2Fde%2Fenergie%2Fdie-harz-region-kombiniert-wind-solarstrom-und-wasserkraft%2F\" title=\"Bei XING teilen\" aria-label=\"Bei XING teilen\" role=\"button\" rel=\"noopener nofollow\" class=\"shariff-link\" style=\";border-radius:1%; background-color:#126567; color:#fff\" target=\"_blank\"><span class=\"shariff-icon\" style=\"\"><svg width=\"32px\" height=\"20px\" xmlns=\"http:\/\/www.w3.org\/2000\/svg\" viewBox=\"0 0 25 32\"><path fill=\"#126567\" d=\"M10.7 11.9q-0.2 0.3-4.6 8.2-0.5 0.8-1.2 0.8h-4.3q-0.4 0-0.5-0.3t0-0.6l4.5-8q0 0 0 0l-2.9-5q-0.2-0.4 0-0.7 0.2-0.3 0.5-0.3h4.3q0.7 0 1.2 0.8zM25.1 0.4q0.2 0.3 0 0.7l-9.4 16.7 6 11q0.2 0.4 0 0.6-0.2 0.3-0.6 0.3h-4.3q-0.7 0-1.2-0.8l-6-11.1q0.3-0.6 9.5-16.8 0.4-0.8 1.2-0.8h4.3q0.4 0 0.5 0.3z\"\/><\/svg><\/span><\/a><\/li><li class=\"shariff-button linkedin shariff-nocustomcolor\" style=\"background-color:#1488bf;border-radius:1%\"><a href=\"https:\/\/www.linkedin.com\/sharing\/share-offsite\/?url=https%3A%2F%2Fwww.sonnenseite.com%2Fde%2Fenergie%2Fdie-harz-region-kombiniert-wind-solarstrom-und-wasserkraft%2F\" title=\"Bei LinkedIn teilen\" aria-label=\"Bei LinkedIn teilen\" role=\"button\" rel=\"noopener nofollow\" class=\"shariff-link\" style=\";border-radius:1%; background-color:#0077b5; color:#fff\" target=\"_blank\"><span class=\"shariff-icon\" style=\"\"><svg width=\"32px\" height=\"20px\" xmlns=\"http:\/\/www.w3.org\/2000\/svg\" viewBox=\"0 0 27 32\"><path fill=\"#0077b5\" d=\"M6.2 11.2v17.7h-5.9v-17.7h5.9zM6.6 5.7q0 1.3-0.9 2.2t-2.4 0.9h0q-1.5 0-2.4-0.9t-0.9-2.2 0.9-2.2 2.4-0.9 2.4 0.9 0.9 2.2zM27.4 18.7v10.1h-5.9v-9.5q0-1.9-0.7-2.9t-2.3-1.1q-1.1 0-1.9 0.6t-1.2 1.5q-0.2 0.5-0.2 1.4v9.9h-5.9q0-7.1 0-11.6t0-5.3l0-0.9h5.9v2.6h0q0.4-0.6 0.7-1t1-0.9 1.6-0.8 2-0.3q3 0 4.9 2t1.9 6z\"\/><\/svg><\/span><\/a><\/li><li class=\"shariff-button printer shariff-nocustomcolor\" style=\"background-color:#a8a8a8;border-radius:1%\"><a href=\"javascript:window.print()\" title=\"drucken\" aria-label=\"drucken\" role=\"button\" rel=\"noopener nofollow\" class=\"shariff-link\" style=\";border-radius:1%; background-color:#999; color:#fff\"><span class=\"shariff-icon\" style=\"\"><svg width=\"32px\" height=\"20px\" xmlns=\"http:\/\/www.w3.org\/2000\/svg\" viewBox=\"0 0 30 32\"><path fill=\"#999\" d=\"M6.8 27.4h16v-4.6h-16v4.6zM6.8 16h16v-6.8h-2.8q-0.7 0-1.2-0.5t-0.5-1.2v-2.8h-11.4v11.4zM27.4 17.2q0-0.5-0.3-0.8t-0.8-0.4-0.8 0.4-0.3 0.8 0.3 0.8 0.8 0.3 0.8-0.3 0.3-0.8zM29.7 17.2v7.4q0 0.2-0.2 0.4t-0.4 0.2h-4v2.8q0 0.7-0.5 1.2t-1.2 0.5h-17.2q-0.7 0-1.2-0.5t-0.5-1.2v-2.8h-4q-0.2 0-0.4-0.2t-0.2-0.4v-7.4q0-1.4 1-2.4t2.4-1h1.2v-9.7q0-0.7 0.5-1.2t1.2-0.5h12q0.7 0 1.6 0.4t1.3 0.8l2.7 2.7q0.5 0.5 0.9 1.4t0.4 1.6v4.6h1.1q1.4 0 2.4 1t1 2.4z\"\/><\/svg><\/span><\/a><\/li><li class=\"shariff-button mailto shariff-nocustomcolor\" style=\"background-color:#a8a8a8;border-radius:1%\"><a href=\"mailto:?body=https%3A%2F%2Fwww.sonnenseite.com%2Fde%2Fenergie%2Fdie-harz-region-kombiniert-wind-solarstrom-und-wasserkraft%2F&subject=Die%20Harz-Region%20kombiniert%20Wind-%2C%20Solarstrom%20und%20Wasserkraft\" title=\"Per E-Mail versenden\" aria-label=\"Per E-Mail versenden\" role=\"button\" rel=\"noopener nofollow\" class=\"shariff-link\" style=\";border-radius:1%; background-color:#999; color:#fff\"><span class=\"shariff-icon\" style=\"\"><svg width=\"32px\" height=\"20px\" xmlns=\"http:\/\/www.w3.org\/2000\/svg\" viewBox=\"0 0 32 32\"><path fill=\"#999\" d=\"M32 12.7v14.2q0 1.2-0.8 2t-2 0.9h-26.3q-1.2 0-2-0.9t-0.8-2v-14.2q0.8 0.9 1.8 1.6 6.5 4.4 8.9 6.1 1 0.8 1.6 1.2t1.7 0.9 2 0.4h0.1q0.9 0 2-0.4t1.7-0.9 1.6-1.2q3-2.2 8.9-6.1 1-0.7 1.8-1.6zM32 7.4q0 1.4-0.9 2.7t-2.2 2.2q-6.7 4.7-8.4 5.8-0.2 0.1-0.7 0.5t-1 0.7-0.9 0.6-1.1 0.5-0.9 0.2h-0.1q-0.4 0-0.9-0.2t-1.1-0.5-0.9-0.6-1-0.7-0.7-0.5q-1.6-1.1-4.7-3.2t-3.6-2.6q-1.1-0.7-2.1-2t-1-2.5q0-1.4 0.7-2.3t2.1-0.9h26.3q1.2 0 2 0.8t0.9 2z\"\/><\/svg><\/span><\/a><\/li><\/ul><\/div>","protected":false},"excerpt":{"rendered":"<p>Vor den Toren des St\u00e4dtchens Dardesheim in Sachsen-Anhalt drehen sich nicht nur 36 Windr\u00e4der. Biogasanlagen, Solarzellen [&hellip;]<\/p>\n","protected":false},"author":1,"featured_media":50987,"comment_status":"closed","ping_status":"closed","sticky":false,"template":"","format":"standard","meta":{"inline_featured_image":false,"footnotes":""},"categories":[22],"tags":[],"class_list":["post-55712","post","type-post","status-publish","format-standard","has-post-thumbnail","hentry","category-energie"],"yoast_head":"<!-- This site is optimized with the Yoast SEO plugin v26.5 - https:\/\/yoast.com\/wordpress\/plugins\/seo\/ -->\n<title>Die Harz-Region kombiniert Wind-, Solarstrom und Wasserkraft - Sonnenseite - \u00d6kologische Kommunikation mit Franz Alt<\/title>\n<meta name=\"description\" content=\"Vor den Toren des St\u00e4dtchens Dardesheim in Sachsen-Anhalt drehen sich nicht nur 36 Windr\u00e4der. Biogasanlagen, Solarzellen auf den D\u00e4chern von Schulen,\" \/>\n<meta name=\"robots\" content=\"index, follow, max-snippet:-1, max-image-preview:large, max-video-preview:-1\" \/>\n<link rel=\"canonical\" href=\"https:\/\/www.sonnenseite.com\/de\/energie\/die-harz-region-kombiniert-wind-solarstrom-und-wasserkraft\/\" \/>\n<meta property=\"og:locale\" content=\"de_DE\" \/>\n<meta property=\"og:type\" content=\"article\" \/>\n<meta property=\"og:title\" content=\"Die Harz-Region kombiniert Wind-, Solarstrom und Wasserkraft - Sonnenseite - \u00d6kologische Kommunikation mit Franz Alt\" \/>\n<meta property=\"og:description\" content=\"Vor den Toren des St\u00e4dtchens Dardesheim in Sachsen-Anhalt drehen sich nicht nur 36 Windr\u00e4der. Biogasanlagen, Solarzellen auf den D\u00e4chern von Schulen,\" \/>\n<meta property=\"og:url\" content=\"https:\/\/www.sonnenseite.com\/de\/energie\/die-harz-region-kombiniert-wind-solarstrom-und-wasserkraft\/\" \/>\n<meta property=\"og:site_name\" content=\"Sonnenseite\" \/>\n<meta property=\"article:publisher\" content=\"https:\/\/www.facebook.com\/pages\/Franz-Alt-SONNENSEITECOM\/221072987903953?fref=ts\" \/>\n<meta property=\"article:published_time\" content=\"2012-10-09T22:00:00+00:00\" \/>\n<meta property=\"og:image\" content=\"https:\/\/www.sonnenseite.com\/wp-content\/uploads\/2020\/06\/archiv_artikel.jpg\" \/>\n\t<meta property=\"og:image:width\" content=\"770\" \/>\n\t<meta property=\"og:image:height\" content=\"420\" \/>\n\t<meta property=\"og:image:type\" content=\"image\/jpeg\" \/>\n<meta name=\"author\" content=\"sbade\" \/>\n<meta name=\"twitter:card\" content=\"summary_large_image\" \/>\n<meta name=\"twitter:creator\" content=\"@franzalt\" \/>\n<meta name=\"twitter:site\" content=\"@franzalt\" \/>\n<meta name=\"twitter:label1\" content=\"Verfasst von\" \/>\n\t<meta name=\"twitter:data1\" content=\"sbade\" \/>\n\t<meta name=\"twitter:label2\" content=\"Gesch\u00e4tzte Lesezeit\" \/>\n\t<meta name=\"twitter:data2\" content=\"4\u00a0Minuten\" \/>\n<script type=\"application\/ld+json\" class=\"yoast-schema-graph\">{\"@context\":\"https:\/\/schema.org\",\"@graph\":[{\"@type\":\"Article\",\"@id\":\"https:\/\/www.sonnenseite.com\/de\/energie\/die-harz-region-kombiniert-wind-solarstrom-und-wasserkraft\/#article\",\"isPartOf\":{\"@id\":\"https:\/\/www.sonnenseite.com\/de\/energie\/die-harz-region-kombiniert-wind-solarstrom-und-wasserkraft\/\"},\"author\":{\"name\":\"sbade\",\"@id\":\"https:\/\/www.sonnenseite.com\/de\/#\/schema\/person\/6df44691cd9a70d99e140e1116ee8771\"},\"headline\":\"Die Harz-Region kombiniert Wind-, Solarstrom und Wasserkraft\",\"datePublished\":\"2012-10-09T22:00:00+00:00\",\"mainEntityOfPage\":{\"@id\":\"https:\/\/www.sonnenseite.com\/de\/energie\/die-harz-region-kombiniert-wind-solarstrom-und-wasserkraft\/\"},\"wordCount\":817,\"publisher\":{\"@id\":\"https:\/\/www.sonnenseite.com\/de\/#organization\"},\"image\":{\"@id\":\"https:\/\/www.sonnenseite.com\/de\/energie\/die-harz-region-kombiniert-wind-solarstrom-und-wasserkraft\/#primaryimage\"},\"thumbnailUrl\":\"https:\/\/www.sonnenseite.com\/wp-content\/uploads\/2020\/06\/archiv_artikel.jpg\",\"articleSection\":[\"Energie\"],\"inLanguage\":\"de\"},{\"@type\":\"WebPage\",\"@id\":\"https:\/\/www.sonnenseite.com\/de\/energie\/die-harz-region-kombiniert-wind-solarstrom-und-wasserkraft\/\",\"url\":\"https:\/\/www.sonnenseite.com\/de\/energie\/die-harz-region-kombiniert-wind-solarstrom-und-wasserkraft\/\",\"name\":\"Die Harz-Region kombiniert Wind-, Solarstrom und Wasserkraft - Sonnenseite - \u00d6kologische Kommunikation mit Franz Alt\",\"isPartOf\":{\"@id\":\"https:\/\/www.sonnenseite.com\/de\/#website\"},\"primaryImageOfPage\":{\"@id\":\"https:\/\/www.sonnenseite.com\/de\/energie\/die-harz-region-kombiniert-wind-solarstrom-und-wasserkraft\/#primaryimage\"},\"image\":{\"@id\":\"https:\/\/www.sonnenseite.com\/de\/energie\/die-harz-region-kombiniert-wind-solarstrom-und-wasserkraft\/#primaryimage\"},\"thumbnailUrl\":\"https:\/\/www.sonnenseite.com\/wp-content\/uploads\/2020\/06\/archiv_artikel.jpg\",\"datePublished\":\"2012-10-09T22:00:00+00:00\",\"description\":\"Vor den Toren des St\u00e4dtchens Dardesheim in Sachsen-Anhalt drehen sich nicht nur 36 Windr\u00e4der. Biogasanlagen, Solarzellen auf den D\u00e4chern von Schulen,\",\"breadcrumb\":{\"@id\":\"https:\/\/www.sonnenseite.com\/de\/energie\/die-harz-region-kombiniert-wind-solarstrom-und-wasserkraft\/#breadcrumb\"},\"inLanguage\":\"de\",\"potentialAction\":[{\"@type\":\"ReadAction\",\"target\":[\"https:\/\/www.sonnenseite.com\/de\/energie\/die-harz-region-kombiniert-wind-solarstrom-und-wasserkraft\/\"]}]},{\"@type\":\"ImageObject\",\"inLanguage\":\"de\",\"@id\":\"https:\/\/www.sonnenseite.com\/de\/energie\/die-harz-region-kombiniert-wind-solarstrom-und-wasserkraft\/#primaryimage\",\"url\":\"https:\/\/www.sonnenseite.com\/wp-content\/uploads\/2020\/06\/archiv_artikel.jpg\",\"contentUrl\":\"https:\/\/www.sonnenseite.com\/wp-content\/uploads\/2020\/06\/archiv_artikel.jpg\",\"width\":770,\"height\":420,\"caption\":\"Sonnenseite\"},{\"@type\":\"BreadcrumbList\",\"@id\":\"https:\/\/www.sonnenseite.com\/de\/energie\/die-harz-region-kombiniert-wind-solarstrom-und-wasserkraft\/#breadcrumb\",\"itemListElement\":[{\"@type\":\"ListItem\",\"position\":1,\"name\":\"Startseite\",\"item\":\"https:\/\/www.sonnenseite.com\/de\/\"},{\"@type\":\"ListItem\",\"position\":2,\"name\":\"Die Harz-Region kombiniert Wind-, Solarstrom und Wasserkraft\"}]},{\"@type\":\"WebSite\",\"@id\":\"https:\/\/www.sonnenseite.com\/de\/#website\",\"url\":\"https:\/\/www.sonnenseite.com\/de\/\",\"name\":\"Sonnenseite\",\"description\":\"\u00d6kologische Kommunikation mit Franz Alt\",\"publisher\":{\"@id\":\"https:\/\/www.sonnenseite.com\/de\/#organization\"},\"potentialAction\":[{\"@type\":\"SearchAction\",\"target\":{\"@type\":\"EntryPoint\",\"urlTemplate\":\"https:\/\/www.sonnenseite.com\/de\/?s={search_term_string}\"},\"query-input\":{\"@type\":\"PropertyValueSpecification\",\"valueRequired\":true,\"valueName\":\"search_term_string\"}}],\"inLanguage\":\"de\"},{\"@type\":\"Organization\",\"@id\":\"https:\/\/www.sonnenseite.com\/de\/#organization\",\"name\":\"Sonnenseite\",\"url\":\"https:\/\/www.sonnenseite.com\/de\/\",\"logo\":{\"@type\":\"ImageObject\",\"inLanguage\":\"de\",\"@id\":\"https:\/\/www.sonnenseite.com\/de\/#\/schema\/logo\/image\/\",\"url\":\"https:\/\/www.sonnenseite.com\/wp-content\/uploads\/2020\/05\/Sonnenseite_Logo.png\",\"contentUrl\":\"https:\/\/www.sonnenseite.com\/wp-content\/uploads\/2020\/05\/Sonnenseite_Logo.png\",\"width\":377,\"height\":90,\"caption\":\"Sonnenseite\"},\"image\":{\"@id\":\"https:\/\/www.sonnenseite.com\/de\/#\/schema\/logo\/image\/\"},\"sameAs\":[\"https:\/\/www.facebook.com\/pages\/Franz-Alt-SONNENSEITECOM\/221072987903953?fref=ts\",\"https:\/\/x.com\/franzalt\",\"http:\/\/www.youtube.com\/results?search_query&amp;amp;quot;franz_alt&amp;amp;quot;&amp;amp;amp;amp;search_type&amp;amp;amp;amp;aq=f\"]},{\"@type\":\"Person\",\"@id\":\"https:\/\/www.sonnenseite.com\/de\/#\/schema\/person\/6df44691cd9a70d99e140e1116ee8771\",\"name\":\"sbade\",\"sameAs\":[\"https:\/\/www.sonnenseite.com\"]}]}<\/script>\n<!-- \/ Yoast SEO plugin. -->","yoast_head_json":{"title":"Die Harz-Region kombiniert Wind-, Solarstrom und Wasserkraft - Sonnenseite - \u00d6kologische Kommunikation mit Franz Alt","description":"Vor den Toren des St\u00e4dtchens Dardesheim in Sachsen-Anhalt drehen sich nicht nur 36 Windr\u00e4der. Biogasanlagen, Solarzellen auf den D\u00e4chern von Schulen,","robots":{"index":"index","follow":"follow","max-snippet":"max-snippet:-1","max-image-preview":"max-image-preview:large","max-video-preview":"max-video-preview:-1"},"canonical":"https:\/\/www.sonnenseite.com\/de\/energie\/die-harz-region-kombiniert-wind-solarstrom-und-wasserkraft\/","og_locale":"de_DE","og_type":"article","og_title":"Die Harz-Region kombiniert Wind-, Solarstrom und Wasserkraft - Sonnenseite - \u00d6kologische Kommunikation mit Franz Alt","og_description":"Vor den Toren des St\u00e4dtchens Dardesheim in Sachsen-Anhalt drehen sich nicht nur 36 Windr\u00e4der. Biogasanlagen, Solarzellen auf den D\u00e4chern von Schulen,","og_url":"https:\/\/www.sonnenseite.com\/de\/energie\/die-harz-region-kombiniert-wind-solarstrom-und-wasserkraft\/","og_site_name":"Sonnenseite","article_publisher":"https:\/\/www.facebook.com\/pages\/Franz-Alt-SONNENSEITECOM\/221072987903953?fref=ts","article_published_time":"2012-10-09T22:00:00+00:00","og_image":[{"width":770,"height":420,"url":"https:\/\/www.sonnenseite.com\/wp-content\/uploads\/2020\/06\/archiv_artikel.jpg","type":"image\/jpeg"}],"author":"sbade","twitter_card":"summary_large_image","twitter_creator":"@franzalt","twitter_site":"@franzalt","twitter_misc":{"Verfasst von":"sbade","Gesch\u00e4tzte Lesezeit":"4\u00a0Minuten"},"schema":{"@context":"https:\/\/schema.org","@graph":[{"@type":"Article","@id":"https:\/\/www.sonnenseite.com\/de\/energie\/die-harz-region-kombiniert-wind-solarstrom-und-wasserkraft\/#article","isPartOf":{"@id":"https:\/\/www.sonnenseite.com\/de\/energie\/die-harz-region-kombiniert-wind-solarstrom-und-wasserkraft\/"},"author":{"name":"sbade","@id":"https:\/\/www.sonnenseite.com\/de\/#\/schema\/person\/6df44691cd9a70d99e140e1116ee8771"},"headline":"Die Harz-Region kombiniert Wind-, Solarstrom und Wasserkraft","datePublished":"2012-10-09T22:00:00+00:00","mainEntityOfPage":{"@id":"https:\/\/www.sonnenseite.com\/de\/energie\/die-harz-region-kombiniert-wind-solarstrom-und-wasserkraft\/"},"wordCount":817,"publisher":{"@id":"https:\/\/www.sonnenseite.com\/de\/#organization"},"image":{"@id":"https:\/\/www.sonnenseite.com\/de\/energie\/die-harz-region-kombiniert-wind-solarstrom-und-wasserkraft\/#primaryimage"},"thumbnailUrl":"https:\/\/www.sonnenseite.com\/wp-content\/uploads\/2020\/06\/archiv_artikel.jpg","articleSection":["Energie"],"inLanguage":"de"},{"@type":"WebPage","@id":"https:\/\/www.sonnenseite.com\/de\/energie\/die-harz-region-kombiniert-wind-solarstrom-und-wasserkraft\/","url":"https:\/\/www.sonnenseite.com\/de\/energie\/die-harz-region-kombiniert-wind-solarstrom-und-wasserkraft\/","name":"Die Harz-Region kombiniert Wind-, Solarstrom und Wasserkraft - Sonnenseite - \u00d6kologische Kommunikation mit Franz Alt","isPartOf":{"@id":"https:\/\/www.sonnenseite.com\/de\/#website"},"primaryImageOfPage":{"@id":"https:\/\/www.sonnenseite.com\/de\/energie\/die-harz-region-kombiniert-wind-solarstrom-und-wasserkraft\/#primaryimage"},"image":{"@id":"https:\/\/www.sonnenseite.com\/de\/energie\/die-harz-region-kombiniert-wind-solarstrom-und-wasserkraft\/#primaryimage"},"thumbnailUrl":"https:\/\/www.sonnenseite.com\/wp-content\/uploads\/2020\/06\/archiv_artikel.jpg","datePublished":"2012-10-09T22:00:00+00:00","description":"Vor den Toren des St\u00e4dtchens Dardesheim in Sachsen-Anhalt drehen sich nicht nur 36 Windr\u00e4der. Biogasanlagen, Solarzellen auf den D\u00e4chern von Schulen,","breadcrumb":{"@id":"https:\/\/www.sonnenseite.com\/de\/energie\/die-harz-region-kombiniert-wind-solarstrom-und-wasserkraft\/#breadcrumb"},"inLanguage":"de","potentialAction":[{"@type":"ReadAction","target":["https:\/\/www.sonnenseite.com\/de\/energie\/die-harz-region-kombiniert-wind-solarstrom-und-wasserkraft\/"]}]},{"@type":"ImageObject","inLanguage":"de","@id":"https:\/\/www.sonnenseite.com\/de\/energie\/die-harz-region-kombiniert-wind-solarstrom-und-wasserkraft\/#primaryimage","url":"https:\/\/www.sonnenseite.com\/wp-content\/uploads\/2020\/06\/archiv_artikel.jpg","contentUrl":"https:\/\/www.sonnenseite.com\/wp-content\/uploads\/2020\/06\/archiv_artikel.jpg","width":770,"height":420,"caption":"Sonnenseite"},{"@type":"BreadcrumbList","@id":"https:\/\/www.sonnenseite.com\/de\/energie\/die-harz-region-kombiniert-wind-solarstrom-und-wasserkraft\/#breadcrumb","itemListElement":[{"@type":"ListItem","position":1,"name":"Startseite","item":"https:\/\/www.sonnenseite.com\/de\/"},{"@type":"ListItem","position":2,"name":"Die Harz-Region kombiniert Wind-, Solarstrom und Wasserkraft"}]},{"@type":"WebSite","@id":"https:\/\/www.sonnenseite.com\/de\/#website","url":"https:\/\/www.sonnenseite.com\/de\/","name":"Sonnenseite","description":"\u00d6kologische Kommunikation mit Franz Alt","publisher":{"@id":"https:\/\/www.sonnenseite.com\/de\/#organization"},"potentialAction":[{"@type":"SearchAction","target":{"@type":"EntryPoint","urlTemplate":"https:\/\/www.sonnenseite.com\/de\/?s={search_term_string}"},"query-input":{"@type":"PropertyValueSpecification","valueRequired":true,"valueName":"search_term_string"}}],"inLanguage":"de"},{"@type":"Organization","@id":"https:\/\/www.sonnenseite.com\/de\/#organization","name":"Sonnenseite","url":"https:\/\/www.sonnenseite.com\/de\/","logo":{"@type":"ImageObject","inLanguage":"de","@id":"https:\/\/www.sonnenseite.com\/de\/#\/schema\/logo\/image\/","url":"https:\/\/www.sonnenseite.com\/wp-content\/uploads\/2020\/05\/Sonnenseite_Logo.png","contentUrl":"https:\/\/www.sonnenseite.com\/wp-content\/uploads\/2020\/05\/Sonnenseite_Logo.png","width":377,"height":90,"caption":"Sonnenseite"},"image":{"@id":"https:\/\/www.sonnenseite.com\/de\/#\/schema\/logo\/image\/"},"sameAs":["https:\/\/www.facebook.com\/pages\/Franz-Alt-SONNENSEITECOM\/221072987903953?fref=ts","https:\/\/x.com\/franzalt","http:\/\/www.youtube.com\/results?search_query&amp;amp;quot;franz_alt&amp;amp;quot;&amp;amp;amp;amp;search_type&amp;amp;amp;amp;aq=f"]},{"@type":"Person","@id":"https:\/\/www.sonnenseite.com\/de\/#\/schema\/person\/6df44691cd9a70d99e140e1116ee8771","name":"sbade","sameAs":["https:\/\/www.sonnenseite.com"]}]}},"_links":{"self":[{"href":"https:\/\/www.sonnenseite.com\/de\/wp-json\/wp\/v2\/posts\/55712","targetHints":{"allow":["GET"]}}],"collection":[{"href":"https:\/\/www.sonnenseite.com\/de\/wp-json\/wp\/v2\/posts"}],"about":[{"href":"https:\/\/www.sonnenseite.com\/de\/wp-json\/wp\/v2\/types\/post"}],"author":[{"embeddable":true,"href":"https:\/\/www.sonnenseite.com\/de\/wp-json\/wp\/v2\/users\/1"}],"replies":[{"embeddable":true,"href":"https:\/\/www.sonnenseite.com\/de\/wp-json\/wp\/v2\/comments?post=55712"}],"version-history":[{"count":0,"href":"https:\/\/www.sonnenseite.com\/de\/wp-json\/wp\/v2\/posts\/55712\/revisions"}],"wp:featuredmedia":[{"embeddable":true,"href":"https:\/\/www.sonnenseite.com\/de\/wp-json\/wp\/v2\/media\/50987"}],"wp:attachment":[{"href":"https:\/\/www.sonnenseite.com\/de\/wp-json\/wp\/v2\/media?parent=55712"}],"wp:term":[{"taxonomy":"category","embeddable":true,"href":"https:\/\/www.sonnenseite.com\/de\/wp-json\/wp\/v2\/categories?post=55712"},{"taxonomy":"post_tag","embeddable":true,"href":"https:\/\/www.sonnenseite.com\/de\/wp-json\/wp\/v2\/tags?post=55712"}],"curies":[{"name":"wp","href":"https:\/\/api.w.org\/{rel}","templated":true}]}}