{"id":55922,"date":"2012-09-06T00:00:00","date_gmt":"2012-09-05T22:00:00","guid":{"rendered":"https:\/\/www.sonnenseite.com\/politik\/einfluss-des-11-jahres-rhythmus-der-sonne-auf-das-klima-bestaetigt.html"},"modified":"2012-09-06T00:00:00","modified_gmt":"2012-09-05T22:00:00","slug":"einfluss-des-11-jahres-rhythmus-der-sonne-auf-das-klima-bestaetigt","status":"publish","type":"post","link":"https:\/\/www.sonnenseite.com\/de\/politik\/einfluss-des-11-jahres-rhythmus-der-sonne-auf-das-klima-bestaetigt\/","title":{"rendered":"Einfluss des 11-Jahres-Rhythmus der Sonne auf das Klima best\u00e4tigt"},"content":{"rendered":"<p>Rhein-Beobachtung liefert Erkenntnisse zur Verbindung zwischen Perioden geringer Sonnenaktivit\u00e4t und extremen K\u00e4lteereignissen in Mitteleuropa. Wissenschaftler haben lange vermutet, dass der 11-Jahres-Rhythmus der Sonne Einfluss auf das Klima bestimmter Regionen der Welt haben k\u00f6nnte. Allerdings reichen die Temperaturaufzeichnung h\u00e4ufig nicht weit genug zur\u00fcck, um eindeutige Muster aufzeigen zu k\u00f6nnen. Jetzt hat ein internationales Team von Forschern einen neuen Ansatz gefunden, der genau diese Vermutung best\u00e4tigt. Sie zeigten nicht nur, dass ungew\u00f6hnlich kalte Winter in Mitteleuropa w\u00e4hrend Phasen geringer Sonnenaktivit\u00e4t vorkamen, sondern auch dass die Anzahl der Sonnenflecken zu dieser Zeit auf ein Minimum reduziert war. Der Schl\u00fcssel zu dieser Forschung ist Deutschlands gr\u00f6\u00dfter Fluss: Der Rhein. <!--more--> <\/p>\n<p>Obwohl die Erdoberfl\u00e4che in ihrer Gesamtheit derzeit eine Erw\u00e4rmung aufweist, zeigen die neuen Daten eine Verbindung zwischen Perioden geringer Aktivit\u00e4t der Sonne und extremen K\u00e4lteereignissen in Mitteleuropa, insbesondere konzentriert auf die Regionen des Rheins. &#8222;Der Rhein ist als Forschungsobjekt ideal f\u00fcr unsere Arbeit&#8220;, schw\u00e4rmt Univ.-Prof. Dr. Frank Sirocko, Erstautor der Studie und Professor f\u00fcr Sedimentologie und Pal\u00e4okli-matologie am Forschungszentrum Geocycles der\u00a0Johannes Gutenberg-Universit\u00e4t\u00a0Mainz (JGU).<\/p>\n<p>&#8222;Wir nutzen die Eisbedeckung in der Vergangenheit als Proxy, also einen indirekten Hinweis auf die klimatischen Verh\u00e4ltnisse der jeweiligen Zeit. Es ist ein sehr simpler, aber zuverl\u00e4ssiger Hinweis: Entweder es gab Eis, oder es gab keins.&#8220;<\/p>\n<p>Doch wie bekommt man diese Information? Die Antwort ist einfach: Seit dem 18. Jahrhundert nutzen Flussschiffer den Rhein als Transportweg. Die Verlade- und Anlegestellen entlang des Flusses f\u00fchrten j\u00e4hrlich Buch dar\u00fcber, wann Eisbedeckung die Rheinschifffahrt behinderte oder sogar unm\u00f6glich machte. Die Wissenschaftler bestimmten anhand dieser und weiterer historischer Unterlagen die Anzahl der Jahre, in denen der Rhein vollst\u00e4ndig zugefroren war und fanden heraus, dass zwischen 1780 und 1963 der Rhein 14 Mal an verschiedenen Stellen zufror. &#8222;Allein die schiere Gr\u00f6\u00dfe des Rheins bedeutet, dass es f\u00fcr ein solches Ereignis extreme K\u00e4lte braucht, was die Eisbedeckung zu einem sehr guten Proxy macht&#8220;, so Sirocko.<\/p>\n<p>Das Team trug nun den Zeitpunkt dieser K\u00e4lteereignisse gegen den regelm\u00e4\u00dfigen 11-Jahres-Zyklus der Sonnenfleckenaktivit\u00e4t auf. Sie fanden heraus, dass\u00a010 der 14 K\u00e4lteereignisse gleichzeitig mit einem geringen Vorkommen der Sonnenflecken auftraten. &#8222;Damit zeigen wir erstmals anhand robuster Daten, dass auffallend kalte Winter in Mitteleuropa w\u00e4hrend der letzten 230 Jahre auf eine gemeinsame Ursache zur\u00fcckgef\u00fchrt werden k\u00f6nnen&#8220;, so Sirocko.<\/p>\n<p>Prof. Thomas Crowley, einer der internationalen bekanntesten US-Forscher zur Klimageschichte der letzten 1000 Jahre und Direktor der Scottish Alliance for Geoscience, Environment &amp; Society, pflichtet seinem deutschen Kollegen bei: &#8222;Der Einfluss von Sonnenflecken auf die verschiedenen Ebenen des Klimasystems ist bei Weitem noch nicht verstanden und gibt immer wieder Anlass zu erhitzten Debatten. Die Studie wird helfen, diese Debatten nun statistisch fundierter zu f\u00fchren.&#8220;<\/p>\n<p>Wenn die Anzahl an Sonnenflecken gering ist, gibt die Sonne weniger Strahlung im Ultraviolett-Bereich ab. Weniger UV-Strahlung bedeutet eine geringere Aufw\u00e4rmung der Erdatmosph\u00e4re und f\u00fchrt damit zu Ver\u00e4nderungen in den Zirkulationsmustern der untersten atmosph\u00e4rischen Schichten, der Troposph\u00e4re und der Stratosph\u00e4re. Diese Ver\u00e4nderungen beeinflussen wiederum die sog. Nordatlantische Oszillation (NAO), ein Luftdruck-Ph\u00e4nomen \u00fcber dem Nord-Atlantik, das das Wettergeschehen in Europa stark bestimmt. So kann eine Ver\u00e4nderung dieser atmosph\u00e4rischen Str\u00f6mungen gleichzeitig zu einer Abk\u00fchlung in Mitteleuropa, aber einer Erw\u00e4rmung in anderen Teilen des Kontinents wie z.B. in Island f\u00fchren.<\/p>\n<p>&#8222;Dieses Beispiel zeigt&#8220;, so Stephan Pfahl von der ETH Z\u00fcrich und einer der Co-Autoren der Studie, &#8222;dass die Aktivit\u00e4t von Sonnenflecken nicht zwingend den gesamten Globus gleich betrifft, sondern Auswirkungen wie extreme K\u00e4lte vielmehr sehr regional beschr\u00e4nkt sein k\u00f6nnen.&#8220;<\/p>\n<p>In der Tat erkl\u00e4rten vorherige Studien die sehr kalten Winter 2010 und 2011 mit Ver\u00e4nderungen der NAO, die durch die jetzt vorgelegte Studie mit der geringen Aktivit\u00e4t der Sonnenflecken in Zusammenhang gebracht werden kann. Die Temperaturen in diesen Jahren waren derart gering, das in manchen L\u00e4ndern neue K\u00e4lterekorde f\u00fcr den Monat November aufgestellt wurden. Skeptiker f\u00fchren Beispiele wie dieses gern an, um gegen die Theorie des vom Menschen verursachten Klimawandels und eine Erw\u00e4rmung des Planeten zu argumentieren.<\/p>\n<p>Das Klimasystem ist allerdings sehr komplex, die Zusammenh\u00e4nge vielschichtig. Ein kurzzeitiges, regionales Abfallen der Temperaturen maskiert nur den Effekt einer Erw\u00e4rmung. &#8222;Das Klima-System wird nicht nur durch einen einzigen Faktor gesteuert&#8220;, erl\u00e4utert Sirocko. &#8222;In der Tat sind es mindestens f\u00fcnf oder sechs verschiedene Faktoren. Der durch\u00a0Kohlendioxid verursachte Treibhauseffekt ist sicherlich einer davon, mit Sicherheit die Sonnenaktivit\u00e4t aber ein weiterer.&#8220;<\/p>\n<p>Die Autoren der Studie betonen weiterhin, dass trotz der Aussicht auf extreme Winter in einem 11-Jahres-Rhythmus die Durchschnittstemperaturen in den Wintern der letzten drei Jahrzehnte kontinuierlich angestiegen sind. Dass der Rhein im Winter 1962\/1963 das letzte Mal zufror, sei zumindest in Teilen dem Klimawandel geschuldet. Es war allerdings nicht der Rhein, der Univ.-Prof. Dr. Frank Sirocko auf die Idee brachte, den Zusammenhang zwischen K\u00e4lteextremen und Sonnenflecken zu suchen.<\/p>\n<p>Es war vielmehr ein Schlittschuhrennen \u00fcber 125 Kilometer\u00a0gefrorener Flussl\u00e4ufe in den Niederlanden, an dem er vor 20 Jahren teilnahm. &#8222;Die Eisl\u00e4ufer konnten nur alle 10-11 Jahre zu diesem Rennen antreten, da nur dann die Fl\u00fcsse ausreichend zugefroren waren&#8220;, erinnert er sich.<\/p>\n<p>&#8222;Ich dachte, hierf\u00fcr m\u00fcsste es doch einen Grund geben und gab das Thema als Semesterarbeit an meinen Diplomanden Heiko Brunck. Und tats\u00e4chlich: Es gibt diesen Grund.&#8220; Daraufhin wurde\u00a0der\u00a0verantwortliche Zusammenhang gemeinsam von Wissenschaftlern der\u00a0Johannes Gutenberg-Universit\u00e4t Mainz\u00a0sowie dem Institut f\u00fcr Atmosph\u00e4ren- und Klimaforschung an der ETH Z\u00fcrich weiter untersucht.<\/p>\n<p><strong>Ver\u00f6ffentlichung <\/strong><\/p>\n<p>Sirocko, F., H. Brunck, and S. Pfahl (2012), Solar influence on winter severity in central Europe,<em>Geophysical Research Letters<\/em>, 39, L16704\u00a0<a href=\"http:\/\/www.agu.org\/pubs\/crossref\/2012\/2012GL052412.shtml\" target=\"_blank\" rel=\"noopener noreferrer\">DOI:10.1029\/2012GL052412<\/a><\/p>\n<h5 class=\"green\">Quelle<\/h5>\n<p>Univ.-Prof. Dr. Frank Sirocko 2012Institut f\u00fcr Geowissenschaften\u00a0Johannes Gutenberg-Universit\u00e4t 2012<\/p>\n<div class=\"shariff shariff-align-flex-start shariff-widget-align-flex-start\"><div class=\"ShariffHeadline\">Diese Meldung teilen<\/div><ul class=\"shariff-buttons theme-round orientation-horizontal buttonsize-medium\"><li class=\"shariff-button facebook shariff-nocustomcolor\" style=\"background-color:#4273c8;border-radius:1%\"><a href=\"https:\/\/www.facebook.com\/sharer\/sharer.php?u=https%3A%2F%2Fwww.sonnenseite.com%2Fde%2Fpolitik%2Feinfluss-des-11-jahres-rhythmus-der-sonne-auf-das-klima-bestaetigt%2F\" title=\"Bei Facebook teilen\" aria-label=\"Bei Facebook teilen\" role=\"button\" rel=\"nofollow\" class=\"shariff-link\" style=\";border-radius:1%; background-color:#3b5998; color:#fff\" target=\"_blank\"><span class=\"shariff-icon\" style=\"\"><svg width=\"32px\" height=\"20px\" xmlns=\"http:\/\/www.w3.org\/2000\/svg\" viewBox=\"0 0 18 32\"><path fill=\"#3b5998\" d=\"M17.1 0.2v4.7h-2.8q-1.5 0-2.1 0.6t-0.5 1.9v3.4h5.2l-0.7 5.3h-4.5v13.6h-5.5v-13.6h-4.5v-5.3h4.5v-3.9q0-3.3 1.9-5.2t5-1.8q2.6 0 4.1 0.2z\"\/><\/svg><\/span><\/a><\/li><li class=\"shariff-button twitter shariff-nocustomcolor\" style=\"background-color:#595959;border-radius:1%\"><a href=\"https:\/\/twitter.com\/share?url=https%3A%2F%2Fwww.sonnenseite.com%2Fde%2Fpolitik%2Feinfluss-des-11-jahres-rhythmus-der-sonne-auf-das-klima-bestaetigt%2F&text=Einfluss%20des%2011-Jahres-Rhythmus%20der%20Sonne%20auf%20das%20Klima%20best%C3%A4tigt\" title=\"Bei X teilen\" aria-label=\"Bei X teilen\" role=\"button\" rel=\"noopener nofollow\" class=\"shariff-link\" style=\";border-radius:1%; background-color:#000; color:#fff\" target=\"_blank\"><span class=\"shariff-icon\" style=\"\"><svg width=\"32px\" height=\"20px\" xmlns=\"http:\/\/www.w3.org\/2000\/svg\" viewBox=\"0 0 24 24\"><path fill=\"#000\" d=\"M14.258 10.152L23.176 0h-2.113l-7.747 8.813L7.133 0H0l9.352 13.328L0 23.973h2.113l8.176-9.309 6.531 9.309h7.133zm-2.895 3.293l-.949-1.328L2.875 1.56h3.246l6.086 8.523.945 1.328 7.91 11.078h-3.246zm0 0\"\/><\/svg><\/span><\/a><\/li><li class=\"shariff-button xing shariff-nocustomcolor\" style=\"background-color:#29888a;border-radius:1%\"><a href=\"https:\/\/www.xing.com\/spi\/shares\/new?url=https%3A%2F%2Fwww.sonnenseite.com%2Fde%2Fpolitik%2Feinfluss-des-11-jahres-rhythmus-der-sonne-auf-das-klima-bestaetigt%2F\" title=\"Bei XING teilen\" aria-label=\"Bei XING teilen\" role=\"button\" rel=\"noopener nofollow\" class=\"shariff-link\" style=\";border-radius:1%; background-color:#126567; color:#fff\" target=\"_blank\"><span class=\"shariff-icon\" style=\"\"><svg width=\"32px\" height=\"20px\" xmlns=\"http:\/\/www.w3.org\/2000\/svg\" viewBox=\"0 0 25 32\"><path fill=\"#126567\" d=\"M10.7 11.9q-0.2 0.3-4.6 8.2-0.5 0.8-1.2 0.8h-4.3q-0.4 0-0.5-0.3t0-0.6l4.5-8q0 0 0 0l-2.9-5q-0.2-0.4 0-0.7 0.2-0.3 0.5-0.3h4.3q0.7 0 1.2 0.8zM25.1 0.4q0.2 0.3 0 0.7l-9.4 16.7 6 11q0.2 0.4 0 0.6-0.2 0.3-0.6 0.3h-4.3q-0.7 0-1.2-0.8l-6-11.1q0.3-0.6 9.5-16.8 0.4-0.8 1.2-0.8h4.3q0.4 0 0.5 0.3z\"\/><\/svg><\/span><\/a><\/li><li class=\"shariff-button linkedin shariff-nocustomcolor\" style=\"background-color:#1488bf;border-radius:1%\"><a href=\"https:\/\/www.linkedin.com\/sharing\/share-offsite\/?url=https%3A%2F%2Fwww.sonnenseite.com%2Fde%2Fpolitik%2Feinfluss-des-11-jahres-rhythmus-der-sonne-auf-das-klima-bestaetigt%2F\" title=\"Bei LinkedIn teilen\" aria-label=\"Bei LinkedIn teilen\" role=\"button\" rel=\"noopener nofollow\" class=\"shariff-link\" style=\";border-radius:1%; background-color:#0077b5; color:#fff\" target=\"_blank\"><span class=\"shariff-icon\" style=\"\"><svg width=\"32px\" height=\"20px\" xmlns=\"http:\/\/www.w3.org\/2000\/svg\" viewBox=\"0 0 27 32\"><path fill=\"#0077b5\" d=\"M6.2 11.2v17.7h-5.9v-17.7h5.9zM6.6 5.7q0 1.3-0.9 2.2t-2.4 0.9h0q-1.5 0-2.4-0.9t-0.9-2.2 0.9-2.2 2.4-0.9 2.4 0.9 0.9 2.2zM27.4 18.7v10.1h-5.9v-9.5q0-1.9-0.7-2.9t-2.3-1.1q-1.1 0-1.9 0.6t-1.2 1.5q-0.2 0.5-0.2 1.4v9.9h-5.9q0-7.1 0-11.6t0-5.3l0-0.9h5.9v2.6h0q0.4-0.6 0.7-1t1-0.9 1.6-0.8 2-0.3q3 0 4.9 2t1.9 6z\"\/><\/svg><\/span><\/a><\/li><li class=\"shariff-button printer shariff-nocustomcolor\" style=\"background-color:#a8a8a8;border-radius:1%\"><a href=\"javascript:window.print()\" title=\"drucken\" aria-label=\"drucken\" role=\"button\" rel=\"noopener nofollow\" class=\"shariff-link\" style=\";border-radius:1%; background-color:#999; color:#fff\"><span class=\"shariff-icon\" style=\"\"><svg width=\"32px\" height=\"20px\" xmlns=\"http:\/\/www.w3.org\/2000\/svg\" viewBox=\"0 0 30 32\"><path fill=\"#999\" d=\"M6.8 27.4h16v-4.6h-16v4.6zM6.8 16h16v-6.8h-2.8q-0.7 0-1.2-0.5t-0.5-1.2v-2.8h-11.4v11.4zM27.4 17.2q0-0.5-0.3-0.8t-0.8-0.4-0.8 0.4-0.3 0.8 0.3 0.8 0.8 0.3 0.8-0.3 0.3-0.8zM29.7 17.2v7.4q0 0.2-0.2 0.4t-0.4 0.2h-4v2.8q0 0.7-0.5 1.2t-1.2 0.5h-17.2q-0.7 0-1.2-0.5t-0.5-1.2v-2.8h-4q-0.2 0-0.4-0.2t-0.2-0.4v-7.4q0-1.4 1-2.4t2.4-1h1.2v-9.7q0-0.7 0.5-1.2t1.2-0.5h12q0.7 0 1.6 0.4t1.3 0.8l2.7 2.7q0.5 0.5 0.9 1.4t0.4 1.6v4.6h1.1q1.4 0 2.4 1t1 2.4z\"\/><\/svg><\/span><\/a><\/li><li class=\"shariff-button mailto shariff-nocustomcolor\" style=\"background-color:#a8a8a8;border-radius:1%\"><a href=\"mailto:?body=https%3A%2F%2Fwww.sonnenseite.com%2Fde%2Fpolitik%2Feinfluss-des-11-jahres-rhythmus-der-sonne-auf-das-klima-bestaetigt%2F&subject=Einfluss%20des%2011-Jahres-Rhythmus%20der%20Sonne%20auf%20das%20Klima%20best%C3%A4tigt\" title=\"Per E-Mail versenden\" aria-label=\"Per E-Mail versenden\" role=\"button\" rel=\"noopener nofollow\" class=\"shariff-link\" style=\";border-radius:1%; background-color:#999; color:#fff\"><span class=\"shariff-icon\" style=\"\"><svg width=\"32px\" height=\"20px\" xmlns=\"http:\/\/www.w3.org\/2000\/svg\" viewBox=\"0 0 32 32\"><path fill=\"#999\" d=\"M32 12.7v14.2q0 1.2-0.8 2t-2 0.9h-26.3q-1.2 0-2-0.9t-0.8-2v-14.2q0.8 0.9 1.8 1.6 6.5 4.4 8.9 6.1 1 0.8 1.6 1.2t1.7 0.9 2 0.4h0.1q0.9 0 2-0.4t1.7-0.9 1.6-1.2q3-2.2 8.9-6.1 1-0.7 1.8-1.6zM32 7.4q0 1.4-0.9 2.7t-2.2 2.2q-6.7 4.7-8.4 5.8-0.2 0.1-0.7 0.5t-1 0.7-0.9 0.6-1.1 0.5-0.9 0.2h-0.1q-0.4 0-0.9-0.2t-1.1-0.5-0.9-0.6-1-0.7-0.7-0.5q-1.6-1.1-4.7-3.2t-3.6-2.6q-1.1-0.7-2.1-2t-1-2.5q0-1.4 0.7-2.3t2.1-0.9h26.3q1.2 0 2 0.8t0.9 2z\"\/><\/svg><\/span><\/a><\/li><\/ul><\/div>","protected":false},"excerpt":{"rendered":"<p>Rhein-Beobachtung liefert Erkenntnisse zur Verbindung zwischen Perioden geringer Sonnenaktivit\u00e4t und extremen K\u00e4lteereignissen in Mitteleuropa. Wissenschaftler haben [&hellip;]<\/p>\n","protected":false},"author":1,"featured_media":50987,"comment_status":"closed","ping_status":"closed","sticky":false,"template":"","format":"standard","meta":{"inline_featured_image":false,"footnotes":""},"categories":[21],"tags":[],"class_list":["post-55922","post","type-post","status-publish","format-standard","has-post-thumbnail","hentry","category-politik"],"yoast_head":"<!-- This site is optimized with the Yoast SEO plugin v26.5 - https:\/\/yoast.com\/wordpress\/plugins\/seo\/ -->\n<title>Einfluss des 11-Jahres-Rhythmus der Sonne auf das Klima best\u00e4tigt - Sonnenseite - \u00d6kologische Kommunikation mit Franz Alt<\/title>\n<meta name=\"description\" content=\"Rhein-Beobachtung liefert Erkenntnisse zur Verbindung zwischen Perioden geringer Sonnenaktivit\u00e4t und extremen K\u00e4lteereignissen in Mitteleuropa.\" \/>\n<meta name=\"robots\" content=\"index, follow, max-snippet:-1, max-image-preview:large, max-video-preview:-1\" \/>\n<link rel=\"canonical\" href=\"https:\/\/www.sonnenseite.com\/de\/politik\/einfluss-des-11-jahres-rhythmus-der-sonne-auf-das-klima-bestaetigt\/\" \/>\n<meta property=\"og:locale\" content=\"de_DE\" \/>\n<meta property=\"og:type\" content=\"article\" \/>\n<meta property=\"og:title\" content=\"Einfluss des 11-Jahres-Rhythmus der Sonne auf das Klima best\u00e4tigt - Sonnenseite - \u00d6kologische Kommunikation mit Franz Alt\" \/>\n<meta property=\"og:description\" content=\"Rhein-Beobachtung liefert Erkenntnisse zur Verbindung zwischen Perioden geringer Sonnenaktivit\u00e4t und extremen K\u00e4lteereignissen in Mitteleuropa.\" \/>\n<meta property=\"og:url\" content=\"https:\/\/www.sonnenseite.com\/de\/politik\/einfluss-des-11-jahres-rhythmus-der-sonne-auf-das-klima-bestaetigt\/\" \/>\n<meta property=\"og:site_name\" content=\"Sonnenseite\" \/>\n<meta property=\"article:publisher\" content=\"https:\/\/www.facebook.com\/pages\/Franz-Alt-SONNENSEITECOM\/221072987903953?fref=ts\" \/>\n<meta property=\"article:published_time\" content=\"2012-09-05T22:00:00+00:00\" \/>\n<meta property=\"og:image\" content=\"https:\/\/www.sonnenseite.com\/wp-content\/uploads\/2020\/06\/archiv_artikel.jpg\" \/>\n\t<meta property=\"og:image:width\" content=\"770\" \/>\n\t<meta property=\"og:image:height\" content=\"420\" \/>\n\t<meta property=\"og:image:type\" content=\"image\/jpeg\" \/>\n<meta name=\"author\" content=\"sbade\" \/>\n<meta name=\"twitter:card\" content=\"summary_large_image\" \/>\n<meta name=\"twitter:creator\" content=\"@franzalt\" \/>\n<meta name=\"twitter:site\" content=\"@franzalt\" \/>\n<meta name=\"twitter:label1\" content=\"Verfasst von\" \/>\n\t<meta name=\"twitter:data1\" content=\"sbade\" \/>\n\t<meta name=\"twitter:label2\" content=\"Gesch\u00e4tzte Lesezeit\" \/>\n\t<meta name=\"twitter:data2\" content=\"5\u00a0Minuten\" \/>\n<script type=\"application\/ld+json\" class=\"yoast-schema-graph\">{\"@context\":\"https:\/\/schema.org\",\"@graph\":[{\"@type\":\"Article\",\"@id\":\"https:\/\/www.sonnenseite.com\/de\/politik\/einfluss-des-11-jahres-rhythmus-der-sonne-auf-das-klima-bestaetigt\/#article\",\"isPartOf\":{\"@id\":\"https:\/\/www.sonnenseite.com\/de\/politik\/einfluss-des-11-jahres-rhythmus-der-sonne-auf-das-klima-bestaetigt\/\"},\"author\":{\"name\":\"sbade\",\"@id\":\"https:\/\/www.sonnenseite.com\/de\/#\/schema\/person\/6df44691cd9a70d99e140e1116ee8771\"},\"headline\":\"Einfluss des 11-Jahres-Rhythmus der Sonne auf das Klima best\u00e4tigt\",\"datePublished\":\"2012-09-05T22:00:00+00:00\",\"mainEntityOfPage\":{\"@id\":\"https:\/\/www.sonnenseite.com\/de\/politik\/einfluss-des-11-jahres-rhythmus-der-sonne-auf-das-klima-bestaetigt\/\"},\"wordCount\":974,\"publisher\":{\"@id\":\"https:\/\/www.sonnenseite.com\/de\/#organization\"},\"image\":{\"@id\":\"https:\/\/www.sonnenseite.com\/de\/politik\/einfluss-des-11-jahres-rhythmus-der-sonne-auf-das-klima-bestaetigt\/#primaryimage\"},\"thumbnailUrl\":\"https:\/\/www.sonnenseite.com\/wp-content\/uploads\/2020\/06\/archiv_artikel.jpg\",\"articleSection\":[\"Politik\"],\"inLanguage\":\"de\"},{\"@type\":\"WebPage\",\"@id\":\"https:\/\/www.sonnenseite.com\/de\/politik\/einfluss-des-11-jahres-rhythmus-der-sonne-auf-das-klima-bestaetigt\/\",\"url\":\"https:\/\/www.sonnenseite.com\/de\/politik\/einfluss-des-11-jahres-rhythmus-der-sonne-auf-das-klima-bestaetigt\/\",\"name\":\"Einfluss des 11-Jahres-Rhythmus der Sonne auf das Klima best\u00e4tigt - Sonnenseite - \u00d6kologische Kommunikation mit Franz Alt\",\"isPartOf\":{\"@id\":\"https:\/\/www.sonnenseite.com\/de\/#website\"},\"primaryImageOfPage\":{\"@id\":\"https:\/\/www.sonnenseite.com\/de\/politik\/einfluss-des-11-jahres-rhythmus-der-sonne-auf-das-klima-bestaetigt\/#primaryimage\"},\"image\":{\"@id\":\"https:\/\/www.sonnenseite.com\/de\/politik\/einfluss-des-11-jahres-rhythmus-der-sonne-auf-das-klima-bestaetigt\/#primaryimage\"},\"thumbnailUrl\":\"https:\/\/www.sonnenseite.com\/wp-content\/uploads\/2020\/06\/archiv_artikel.jpg\",\"datePublished\":\"2012-09-05T22:00:00+00:00\",\"description\":\"Rhein-Beobachtung liefert Erkenntnisse zur Verbindung zwischen Perioden geringer Sonnenaktivit\u00e4t und extremen K\u00e4lteereignissen in Mitteleuropa.\",\"breadcrumb\":{\"@id\":\"https:\/\/www.sonnenseite.com\/de\/politik\/einfluss-des-11-jahres-rhythmus-der-sonne-auf-das-klima-bestaetigt\/#breadcrumb\"},\"inLanguage\":\"de\",\"potentialAction\":[{\"@type\":\"ReadAction\",\"target\":[\"https:\/\/www.sonnenseite.com\/de\/politik\/einfluss-des-11-jahres-rhythmus-der-sonne-auf-das-klima-bestaetigt\/\"]}]},{\"@type\":\"ImageObject\",\"inLanguage\":\"de\",\"@id\":\"https:\/\/www.sonnenseite.com\/de\/politik\/einfluss-des-11-jahres-rhythmus-der-sonne-auf-das-klima-bestaetigt\/#primaryimage\",\"url\":\"https:\/\/www.sonnenseite.com\/wp-content\/uploads\/2020\/06\/archiv_artikel.jpg\",\"contentUrl\":\"https:\/\/www.sonnenseite.com\/wp-content\/uploads\/2020\/06\/archiv_artikel.jpg\",\"width\":770,\"height\":420,\"caption\":\"Sonnenseite\"},{\"@type\":\"BreadcrumbList\",\"@id\":\"https:\/\/www.sonnenseite.com\/de\/politik\/einfluss-des-11-jahres-rhythmus-der-sonne-auf-das-klima-bestaetigt\/#breadcrumb\",\"itemListElement\":[{\"@type\":\"ListItem\",\"position\":1,\"name\":\"Startseite\",\"item\":\"https:\/\/www.sonnenseite.com\/de\/\"},{\"@type\":\"ListItem\",\"position\":2,\"name\":\"Einfluss des 11-Jahres-Rhythmus der Sonne auf das Klima best\u00e4tigt\"}]},{\"@type\":\"WebSite\",\"@id\":\"https:\/\/www.sonnenseite.com\/de\/#website\",\"url\":\"https:\/\/www.sonnenseite.com\/de\/\",\"name\":\"Sonnenseite\",\"description\":\"\u00d6kologische Kommunikation mit Franz Alt\",\"publisher\":{\"@id\":\"https:\/\/www.sonnenseite.com\/de\/#organization\"},\"potentialAction\":[{\"@type\":\"SearchAction\",\"target\":{\"@type\":\"EntryPoint\",\"urlTemplate\":\"https:\/\/www.sonnenseite.com\/de\/?s={search_term_string}\"},\"query-input\":{\"@type\":\"PropertyValueSpecification\",\"valueRequired\":true,\"valueName\":\"search_term_string\"}}],\"inLanguage\":\"de\"},{\"@type\":\"Organization\",\"@id\":\"https:\/\/www.sonnenseite.com\/de\/#organization\",\"name\":\"Sonnenseite\",\"url\":\"https:\/\/www.sonnenseite.com\/de\/\",\"logo\":{\"@type\":\"ImageObject\",\"inLanguage\":\"de\",\"@id\":\"https:\/\/www.sonnenseite.com\/de\/#\/schema\/logo\/image\/\",\"url\":\"https:\/\/www.sonnenseite.com\/wp-content\/uploads\/2020\/05\/Sonnenseite_Logo.png\",\"contentUrl\":\"https:\/\/www.sonnenseite.com\/wp-content\/uploads\/2020\/05\/Sonnenseite_Logo.png\",\"width\":377,\"height\":90,\"caption\":\"Sonnenseite\"},\"image\":{\"@id\":\"https:\/\/www.sonnenseite.com\/de\/#\/schema\/logo\/image\/\"},\"sameAs\":[\"https:\/\/www.facebook.com\/pages\/Franz-Alt-SONNENSEITECOM\/221072987903953?fref=ts\",\"https:\/\/x.com\/franzalt\",\"http:\/\/www.youtube.com\/results?search_query&amp;amp;quot;franz_alt&amp;amp;quot;&amp;amp;amp;amp;search_type&amp;amp;amp;amp;aq=f\"]},{\"@type\":\"Person\",\"@id\":\"https:\/\/www.sonnenseite.com\/de\/#\/schema\/person\/6df44691cd9a70d99e140e1116ee8771\",\"name\":\"sbade\",\"sameAs\":[\"https:\/\/www.sonnenseite.com\"]}]}<\/script>\n<!-- \/ Yoast SEO plugin. -->","yoast_head_json":{"title":"Einfluss des 11-Jahres-Rhythmus der Sonne auf das Klima best\u00e4tigt - Sonnenseite - \u00d6kologische Kommunikation mit Franz Alt","description":"Rhein-Beobachtung liefert Erkenntnisse zur Verbindung zwischen Perioden geringer Sonnenaktivit\u00e4t und extremen K\u00e4lteereignissen in Mitteleuropa.","robots":{"index":"index","follow":"follow","max-snippet":"max-snippet:-1","max-image-preview":"max-image-preview:large","max-video-preview":"max-video-preview:-1"},"canonical":"https:\/\/www.sonnenseite.com\/de\/politik\/einfluss-des-11-jahres-rhythmus-der-sonne-auf-das-klima-bestaetigt\/","og_locale":"de_DE","og_type":"article","og_title":"Einfluss des 11-Jahres-Rhythmus der Sonne auf das Klima best\u00e4tigt - Sonnenseite - \u00d6kologische Kommunikation mit Franz Alt","og_description":"Rhein-Beobachtung liefert Erkenntnisse zur Verbindung zwischen Perioden geringer Sonnenaktivit\u00e4t und extremen K\u00e4lteereignissen in Mitteleuropa.","og_url":"https:\/\/www.sonnenseite.com\/de\/politik\/einfluss-des-11-jahres-rhythmus-der-sonne-auf-das-klima-bestaetigt\/","og_site_name":"Sonnenseite","article_publisher":"https:\/\/www.facebook.com\/pages\/Franz-Alt-SONNENSEITECOM\/221072987903953?fref=ts","article_published_time":"2012-09-05T22:00:00+00:00","og_image":[{"width":770,"height":420,"url":"https:\/\/www.sonnenseite.com\/wp-content\/uploads\/2020\/06\/archiv_artikel.jpg","type":"image\/jpeg"}],"author":"sbade","twitter_card":"summary_large_image","twitter_creator":"@franzalt","twitter_site":"@franzalt","twitter_misc":{"Verfasst von":"sbade","Gesch\u00e4tzte Lesezeit":"5\u00a0Minuten"},"schema":{"@context":"https:\/\/schema.org","@graph":[{"@type":"Article","@id":"https:\/\/www.sonnenseite.com\/de\/politik\/einfluss-des-11-jahres-rhythmus-der-sonne-auf-das-klima-bestaetigt\/#article","isPartOf":{"@id":"https:\/\/www.sonnenseite.com\/de\/politik\/einfluss-des-11-jahres-rhythmus-der-sonne-auf-das-klima-bestaetigt\/"},"author":{"name":"sbade","@id":"https:\/\/www.sonnenseite.com\/de\/#\/schema\/person\/6df44691cd9a70d99e140e1116ee8771"},"headline":"Einfluss des 11-Jahres-Rhythmus der Sonne auf das Klima best\u00e4tigt","datePublished":"2012-09-05T22:00:00+00:00","mainEntityOfPage":{"@id":"https:\/\/www.sonnenseite.com\/de\/politik\/einfluss-des-11-jahres-rhythmus-der-sonne-auf-das-klima-bestaetigt\/"},"wordCount":974,"publisher":{"@id":"https:\/\/www.sonnenseite.com\/de\/#organization"},"image":{"@id":"https:\/\/www.sonnenseite.com\/de\/politik\/einfluss-des-11-jahres-rhythmus-der-sonne-auf-das-klima-bestaetigt\/#primaryimage"},"thumbnailUrl":"https:\/\/www.sonnenseite.com\/wp-content\/uploads\/2020\/06\/archiv_artikel.jpg","articleSection":["Politik"],"inLanguage":"de"},{"@type":"WebPage","@id":"https:\/\/www.sonnenseite.com\/de\/politik\/einfluss-des-11-jahres-rhythmus-der-sonne-auf-das-klima-bestaetigt\/","url":"https:\/\/www.sonnenseite.com\/de\/politik\/einfluss-des-11-jahres-rhythmus-der-sonne-auf-das-klima-bestaetigt\/","name":"Einfluss des 11-Jahres-Rhythmus der Sonne auf das Klima best\u00e4tigt - Sonnenseite - \u00d6kologische Kommunikation mit Franz Alt","isPartOf":{"@id":"https:\/\/www.sonnenseite.com\/de\/#website"},"primaryImageOfPage":{"@id":"https:\/\/www.sonnenseite.com\/de\/politik\/einfluss-des-11-jahres-rhythmus-der-sonne-auf-das-klima-bestaetigt\/#primaryimage"},"image":{"@id":"https:\/\/www.sonnenseite.com\/de\/politik\/einfluss-des-11-jahres-rhythmus-der-sonne-auf-das-klima-bestaetigt\/#primaryimage"},"thumbnailUrl":"https:\/\/www.sonnenseite.com\/wp-content\/uploads\/2020\/06\/archiv_artikel.jpg","datePublished":"2012-09-05T22:00:00+00:00","description":"Rhein-Beobachtung liefert Erkenntnisse zur Verbindung zwischen Perioden geringer Sonnenaktivit\u00e4t und extremen K\u00e4lteereignissen in Mitteleuropa.","breadcrumb":{"@id":"https:\/\/www.sonnenseite.com\/de\/politik\/einfluss-des-11-jahres-rhythmus-der-sonne-auf-das-klima-bestaetigt\/#breadcrumb"},"inLanguage":"de","potentialAction":[{"@type":"ReadAction","target":["https:\/\/www.sonnenseite.com\/de\/politik\/einfluss-des-11-jahres-rhythmus-der-sonne-auf-das-klima-bestaetigt\/"]}]},{"@type":"ImageObject","inLanguage":"de","@id":"https:\/\/www.sonnenseite.com\/de\/politik\/einfluss-des-11-jahres-rhythmus-der-sonne-auf-das-klima-bestaetigt\/#primaryimage","url":"https:\/\/www.sonnenseite.com\/wp-content\/uploads\/2020\/06\/archiv_artikel.jpg","contentUrl":"https:\/\/www.sonnenseite.com\/wp-content\/uploads\/2020\/06\/archiv_artikel.jpg","width":770,"height":420,"caption":"Sonnenseite"},{"@type":"BreadcrumbList","@id":"https:\/\/www.sonnenseite.com\/de\/politik\/einfluss-des-11-jahres-rhythmus-der-sonne-auf-das-klima-bestaetigt\/#breadcrumb","itemListElement":[{"@type":"ListItem","position":1,"name":"Startseite","item":"https:\/\/www.sonnenseite.com\/de\/"},{"@type":"ListItem","position":2,"name":"Einfluss des 11-Jahres-Rhythmus der Sonne auf das Klima best\u00e4tigt"}]},{"@type":"WebSite","@id":"https:\/\/www.sonnenseite.com\/de\/#website","url":"https:\/\/www.sonnenseite.com\/de\/","name":"Sonnenseite","description":"\u00d6kologische Kommunikation mit Franz Alt","publisher":{"@id":"https:\/\/www.sonnenseite.com\/de\/#organization"},"potentialAction":[{"@type":"SearchAction","target":{"@type":"EntryPoint","urlTemplate":"https:\/\/www.sonnenseite.com\/de\/?s={search_term_string}"},"query-input":{"@type":"PropertyValueSpecification","valueRequired":true,"valueName":"search_term_string"}}],"inLanguage":"de"},{"@type":"Organization","@id":"https:\/\/www.sonnenseite.com\/de\/#organization","name":"Sonnenseite","url":"https:\/\/www.sonnenseite.com\/de\/","logo":{"@type":"ImageObject","inLanguage":"de","@id":"https:\/\/www.sonnenseite.com\/de\/#\/schema\/logo\/image\/","url":"https:\/\/www.sonnenseite.com\/wp-content\/uploads\/2020\/05\/Sonnenseite_Logo.png","contentUrl":"https:\/\/www.sonnenseite.com\/wp-content\/uploads\/2020\/05\/Sonnenseite_Logo.png","width":377,"height":90,"caption":"Sonnenseite"},"image":{"@id":"https:\/\/www.sonnenseite.com\/de\/#\/schema\/logo\/image\/"},"sameAs":["https:\/\/www.facebook.com\/pages\/Franz-Alt-SONNENSEITECOM\/221072987903953?fref=ts","https:\/\/x.com\/franzalt","http:\/\/www.youtube.com\/results?search_query&amp;amp;quot;franz_alt&amp;amp;quot;&amp;amp;amp;amp;search_type&amp;amp;amp;amp;aq=f"]},{"@type":"Person","@id":"https:\/\/www.sonnenseite.com\/de\/#\/schema\/person\/6df44691cd9a70d99e140e1116ee8771","name":"sbade","sameAs":["https:\/\/www.sonnenseite.com"]}]}},"_links":{"self":[{"href":"https:\/\/www.sonnenseite.com\/de\/wp-json\/wp\/v2\/posts\/55922","targetHints":{"allow":["GET"]}}],"collection":[{"href":"https:\/\/www.sonnenseite.com\/de\/wp-json\/wp\/v2\/posts"}],"about":[{"href":"https:\/\/www.sonnenseite.com\/de\/wp-json\/wp\/v2\/types\/post"}],"author":[{"embeddable":true,"href":"https:\/\/www.sonnenseite.com\/de\/wp-json\/wp\/v2\/users\/1"}],"replies":[{"embeddable":true,"href":"https:\/\/www.sonnenseite.com\/de\/wp-json\/wp\/v2\/comments?post=55922"}],"version-history":[{"count":0,"href":"https:\/\/www.sonnenseite.com\/de\/wp-json\/wp\/v2\/posts\/55922\/revisions"}],"wp:featuredmedia":[{"embeddable":true,"href":"https:\/\/www.sonnenseite.com\/de\/wp-json\/wp\/v2\/media\/50987"}],"wp:attachment":[{"href":"https:\/\/www.sonnenseite.com\/de\/wp-json\/wp\/v2\/media?parent=55922"}],"wp:term":[{"taxonomy":"category","embeddable":true,"href":"https:\/\/www.sonnenseite.com\/de\/wp-json\/wp\/v2\/categories?post=55922"},{"taxonomy":"post_tag","embeddable":true,"href":"https:\/\/www.sonnenseite.com\/de\/wp-json\/wp\/v2\/tags?post=55922"}],"curies":[{"name":"wp","href":"https:\/\/api.w.org\/{rel}","templated":true}]}}