{"id":56026,"date":"2012-08-21T00:00:00","date_gmt":"2012-08-20T22:00:00","guid":{"rendered":"https:\/\/www.sonnenseite.com\/umwelt\/interrail-billigflieger-und-die-oekologische-bredouille.html"},"modified":"2012-08-21T00:00:00","modified_gmt":"2012-08-20T22:00:00","slug":"interrail-billigflieger-und-die-oekologische-bredouille","status":"publish","type":"post","link":"https:\/\/www.sonnenseite.com\/de\/umwelt\/interrail-billigflieger-und-die-oekologische-bredouille\/","title":{"rendered":"Interrail, Billigflieger und die \u00f6kologische Bredouille"},"content":{"rendered":"<p>Eine Reise durch Europa mit allen Transportmitteln und einem \u00f6kologischen Sch\u00f6nheitsfleck. Kolumne von Martin Unfried <!--more--> <\/p>\n<p>Es ist bekanntlich bei Gruppenreisen gar nicht so einfach, sich auf gemeinsame Reiseziele zu einigen. Ich wollte n\u00e4mlich wie immer Radfahren. Am besten m\u00f6glichst weit und lang. \u201cG\u00e4hn\u201d, sagte da die Gruppe. Insbesondere ein gewisser Teenager wollte das gar nicht. Eher aus prinzipiellen Gr\u00fcnden, weil er es eben nicht wollte. Er wollte nach Griechenland wegen der originellen Schriftzeichen.<\/p>\n<p>Eine Managerin aus der Leitungsebene der Familie w\u00e4re gerne nach Kroatien ans istrische Meer gefahren mit dem 3-Liter Lupo. Einfach so zum Chillen und energetisch sehr sparsam. Fand ich auch gut. Aber das war wiederum einer besonders abenteuerlustigen Teenagerin zu langweilig, die etwas ganz Neues, Spannendes erleben und ganz Europa sehen wollte. Am besten auch Metropolen wie Wien, wo \u201cskurrile\u201d Gesch\u00e4fte sind. Das sind nat\u00fcrlich Interessenskonflikte.<\/p>\n<p>Leicht eingeschr\u00e4nkt wurde die europ\u00e4ische Reiseplanung durch den Umstand, dass wir nie in Urlaub fliegen wegen des ganzen \u00f6kologischen \u00dcberbaus. F\u00fcr Teenager auch nicht gerade cool. Die waren n\u00e4mlich noch nie geflogen, was ein bisschen ungerecht ist, da fliegen an sich ja auch eine aufregende Sache ist. Als wir gar nicht mehr weiter wussten, sagte jemand <a href=\"http:\/\/de.wikipedia.org\/wiki\/InterRail\" target=\"_blank\" rel=\"noopener noreferrer\">&#8222;Interrail&#8220;<\/a><\/p>\n<p><strong>Interrail:<\/strong> Ich hatte ab und zu erz\u00e4hlt, wie wir in den Achtziger Jahren mit der Bahn durch Europa gefahren waren und am Strand, am Bahnhof und auf der Gep\u00e4ckablage geschlafen hatten. Das wollten die Teenager pl\u00f6tzlich unbedingt.<\/p>\n<p>Also radelten wir (mir zuliebe) kurz am Rhein, und stiegen dann in den Zug nach Europa. Nat\u00fcrlich dachte ich auch an \u00d6kosex, wie elegant \u00f6kologisch ich den Kindern mit der Bahn den Kontinent zeigen konnte. Und wie ich nebenbei auch noch in meinen Kolumnen mit dieser \u00d6koreise angeben konnte. Daraus wurde leider nix und ich erz\u00e4hl gleich warum.<\/p>\n<p><strong>Interrail war gro\u00dfartig:<\/strong> wir schliefen im Nachtzug nach Budapest, im Nachtzug nach Venedig, guckten am Tag auf die Adria von Rimini nach Bari. Wir staunten den Lago Maggiore an auf der Panoramastrecke zwischen Mailand und Lausanne und freuten uns in der Wiener Ringbahn im Angesicht der Hofburg.<\/p>\n<p><strong>Dufte:<\/strong> weil es nicht immer Liegewagen f\u00fcr alle gab, konnte ich auch mal wieder im Sitzen schlafen. Da war es am n\u00e4chsten Morgen, das echte Interrailgef\u00fchl. Morgens in Budapest und die Frisur sitzt irgendwie falsch.<\/p>\n<p>Interrail feiert \u00fcbrigens seinen vierzigsten Geburtstag und wurde etwas renoviert. Wir Alten \u00fcber 26 d\u00fcrfen jetzt auch eine Karte kaufen und man w\u00e4hlt aus einem Men\u00fc die Anzahl der L\u00e4nder und g\u00fcltigen Tage. Wir hatten 22 Tage G\u00fcltigkeit f\u00fcr ganz Europa mit dabei 10 Reisetagen. Das macht das Ganze ein bisschen sperrig, da wir nat\u00fcrlich auch rechnen mussten. Und das hatten wir bis Griechenland nicht getan.<\/p>\n<p>Und so guckte ich auf die albanische K\u00fcste und steckte in der \u00f6kologischen Bredouille. Auf Korfu entdeckten wir n\u00e4mlich, dass wegen der Krise die F\u00e4hren nach Bari stark reduziert waren und nicht mit unserer Ferienwohnung \u2013 Interrail f\u00fcr Senioren \u2013 korrespondierten. \u00dcberhaupt haben sich die Preise heftig verteuert mit lustigen Hafengeb\u00fchren und Spritzuschl\u00e4gen. Viele Urlauber haben sogar wegen der hohen Preise der F\u00e4hren ganz abgesagt. Doch anders als in den achtziger Jahren der langsamen Post, er\u00f6ffnet heute das Internet ganz andere Planungsm\u00f6glichkeiten in der Krise.<\/p>\n<p>Da fand n\u00e4mlich die Teenagerin einen Flug von Korfu nach Mailand, der zu unserem Schema passte und billiger war als die F\u00e4hre zur\u00fcck nach Italien. So hatte mich im Urlaub die Problematik der nicht internalisierten \u00f6kologischen externen Kosten voll eingeholt.<\/p>\n<p>Also genossen wir den ersten Familienflug in vollen Z\u00fcgen und wir verbrieten 330 kg CO2 pro Person, was wiederum bei <a href=\"http:\/\/de.wikipedia.org\/wiki\/Atmosfair\" target=\"_blank\" rel=\"noopener noreferrer\">&#8222;atmosfair.de&#8220;<\/a> 9 Euro Kompensation kosten w\u00fcrde. Wir werden wohl in neue Photovoltaik investieren. Bleibt die Frage, um wie viel besser es tats\u00e4chlich gewesen w\u00e4re wieder mit F\u00e4hre und Intercity nach Mailand zu kommen. Kennt jemand die CO2-Bilanz von F\u00e4hren?<\/p>\n<p><strong>Links zur Kolumne:<\/strong><\/p>\n<ul>\n<li><a href=\"http:\/\/de.wikipedia.org\/wiki\/InterRail\" target=\"_blank\" rel=\"noopener noreferrer\">de.wikipedia.org\/wiki\/InterRail<\/a><\/li>\n<li><a href=\"http:\/\/de.wikipedia.org\/wiki\/Atmosfair\" target=\"_blank\" rel=\"noopener noreferrer\">de.wikipedia.org\/wiki\/Atmosfair<\/a> <\/li>\n<li><a href=\"http:\/\/de.wikipedia.org\/wiki\/Myclimate\" target=\"_blank\" rel=\"noopener noreferrer\">de.wikipedia.org\/wiki\/Myclimate<\/a><\/li>\n<li><a href=\"http:\/\/www.atmosfair.de\/\" target=\"_blank\" rel=\"noopener noreferrer\">www.atmosfair.de<\/a> <\/li>\n<li><a href=\"http:\/\/www.myclimate.org\/\" target=\"_blank\" rel=\"noopener noreferrer\">www.myclimate.org<\/a><\/li>\n<\/ul>\n<h5 class=\"green\">Quelle<\/h5>\n<p>Martin Unfried 2012 | \u00d6kosex 2012<\/p>\n<div class=\"shariff shariff-align-flex-start shariff-widget-align-flex-start\"><div class=\"ShariffHeadline\">Diese Meldung teilen<\/div><ul class=\"shariff-buttons theme-round orientation-horizontal buttonsize-medium\"><li class=\"shariff-button facebook shariff-nocustomcolor\" style=\"background-color:#4273c8;border-radius:1%\"><a href=\"https:\/\/www.facebook.com\/sharer\/sharer.php?u=https%3A%2F%2Fwww.sonnenseite.com%2Fde%2Fumwelt%2Finterrail-billigflieger-und-die-oekologische-bredouille%2F\" title=\"Bei Facebook teilen\" aria-label=\"Bei Facebook teilen\" role=\"button\" rel=\"nofollow\" class=\"shariff-link\" style=\";border-radius:1%; background-color:#3b5998; color:#fff\" target=\"_blank\"><span class=\"shariff-icon\" style=\"\"><svg width=\"32px\" height=\"20px\" xmlns=\"http:\/\/www.w3.org\/2000\/svg\" viewBox=\"0 0 18 32\"><path fill=\"#3b5998\" d=\"M17.1 0.2v4.7h-2.8q-1.5 0-2.1 0.6t-0.5 1.9v3.4h5.2l-0.7 5.3h-4.5v13.6h-5.5v-13.6h-4.5v-5.3h4.5v-3.9q0-3.3 1.9-5.2t5-1.8q2.6 0 4.1 0.2z\"\/><\/svg><\/span><\/a><\/li><li class=\"shariff-button twitter shariff-nocustomcolor\" style=\"background-color:#595959;border-radius:1%\"><a href=\"https:\/\/twitter.com\/share?url=https%3A%2F%2Fwww.sonnenseite.com%2Fde%2Fumwelt%2Finterrail-billigflieger-und-die-oekologische-bredouille%2F&text=Interrail%2C%20Billigflieger%20und%20die%20%C3%B6kologische%20Bredouille\" title=\"Bei X teilen\" aria-label=\"Bei X teilen\" role=\"button\" rel=\"noopener nofollow\" class=\"shariff-link\" style=\";border-radius:1%; background-color:#000; color:#fff\" target=\"_blank\"><span class=\"shariff-icon\" style=\"\"><svg width=\"32px\" height=\"20px\" xmlns=\"http:\/\/www.w3.org\/2000\/svg\" viewBox=\"0 0 24 24\"><path fill=\"#000\" d=\"M14.258 10.152L23.176 0h-2.113l-7.747 8.813L7.133 0H0l9.352 13.328L0 23.973h2.113l8.176-9.309 6.531 9.309h7.133zm-2.895 3.293l-.949-1.328L2.875 1.56h3.246l6.086 8.523.945 1.328 7.91 11.078h-3.246zm0 0\"\/><\/svg><\/span><\/a><\/li><li class=\"shariff-button xing shariff-nocustomcolor\" style=\"background-color:#29888a;border-radius:1%\"><a href=\"https:\/\/www.xing.com\/spi\/shares\/new?url=https%3A%2F%2Fwww.sonnenseite.com%2Fde%2Fumwelt%2Finterrail-billigflieger-und-die-oekologische-bredouille%2F\" title=\"Bei XING teilen\" aria-label=\"Bei XING teilen\" role=\"button\" rel=\"noopener nofollow\" class=\"shariff-link\" style=\";border-radius:1%; background-color:#126567; color:#fff\" target=\"_blank\"><span class=\"shariff-icon\" style=\"\"><svg width=\"32px\" height=\"20px\" xmlns=\"http:\/\/www.w3.org\/2000\/svg\" viewBox=\"0 0 25 32\"><path fill=\"#126567\" d=\"M10.7 11.9q-0.2 0.3-4.6 8.2-0.5 0.8-1.2 0.8h-4.3q-0.4 0-0.5-0.3t0-0.6l4.5-8q0 0 0 0l-2.9-5q-0.2-0.4 0-0.7 0.2-0.3 0.5-0.3h4.3q0.7 0 1.2 0.8zM25.1 0.4q0.2 0.3 0 0.7l-9.4 16.7 6 11q0.2 0.4 0 0.6-0.2 0.3-0.6 0.3h-4.3q-0.7 0-1.2-0.8l-6-11.1q0.3-0.6 9.5-16.8 0.4-0.8 1.2-0.8h4.3q0.4 0 0.5 0.3z\"\/><\/svg><\/span><\/a><\/li><li class=\"shariff-button linkedin shariff-nocustomcolor\" style=\"background-color:#1488bf;border-radius:1%\"><a href=\"https:\/\/www.linkedin.com\/sharing\/share-offsite\/?url=https%3A%2F%2Fwww.sonnenseite.com%2Fde%2Fumwelt%2Finterrail-billigflieger-und-die-oekologische-bredouille%2F\" title=\"Bei LinkedIn teilen\" aria-label=\"Bei LinkedIn teilen\" role=\"button\" rel=\"noopener nofollow\" class=\"shariff-link\" style=\";border-radius:1%; background-color:#0077b5; color:#fff\" target=\"_blank\"><span class=\"shariff-icon\" style=\"\"><svg width=\"32px\" height=\"20px\" xmlns=\"http:\/\/www.w3.org\/2000\/svg\" viewBox=\"0 0 27 32\"><path fill=\"#0077b5\" d=\"M6.2 11.2v17.7h-5.9v-17.7h5.9zM6.6 5.7q0 1.3-0.9 2.2t-2.4 0.9h0q-1.5 0-2.4-0.9t-0.9-2.2 0.9-2.2 2.4-0.9 2.4 0.9 0.9 2.2zM27.4 18.7v10.1h-5.9v-9.5q0-1.9-0.7-2.9t-2.3-1.1q-1.1 0-1.9 0.6t-1.2 1.5q-0.2 0.5-0.2 1.4v9.9h-5.9q0-7.1 0-11.6t0-5.3l0-0.9h5.9v2.6h0q0.4-0.6 0.7-1t1-0.9 1.6-0.8 2-0.3q3 0 4.9 2t1.9 6z\"\/><\/svg><\/span><\/a><\/li><li class=\"shariff-button printer shariff-nocustomcolor\" style=\"background-color:#a8a8a8;border-radius:1%\"><a href=\"javascript:window.print()\" title=\"drucken\" aria-label=\"drucken\" role=\"button\" rel=\"noopener nofollow\" class=\"shariff-link\" style=\";border-radius:1%; background-color:#999; color:#fff\"><span class=\"shariff-icon\" style=\"\"><svg width=\"32px\" height=\"20px\" xmlns=\"http:\/\/www.w3.org\/2000\/svg\" viewBox=\"0 0 30 32\"><path fill=\"#999\" d=\"M6.8 27.4h16v-4.6h-16v4.6zM6.8 16h16v-6.8h-2.8q-0.7 0-1.2-0.5t-0.5-1.2v-2.8h-11.4v11.4zM27.4 17.2q0-0.5-0.3-0.8t-0.8-0.4-0.8 0.4-0.3 0.8 0.3 0.8 0.8 0.3 0.8-0.3 0.3-0.8zM29.7 17.2v7.4q0 0.2-0.2 0.4t-0.4 0.2h-4v2.8q0 0.7-0.5 1.2t-1.2 0.5h-17.2q-0.7 0-1.2-0.5t-0.5-1.2v-2.8h-4q-0.2 0-0.4-0.2t-0.2-0.4v-7.4q0-1.4 1-2.4t2.4-1h1.2v-9.7q0-0.7 0.5-1.2t1.2-0.5h12q0.7 0 1.6 0.4t1.3 0.8l2.7 2.7q0.5 0.5 0.9 1.4t0.4 1.6v4.6h1.1q1.4 0 2.4 1t1 2.4z\"\/><\/svg><\/span><\/a><\/li><li class=\"shariff-button mailto shariff-nocustomcolor\" style=\"background-color:#a8a8a8;border-radius:1%\"><a href=\"mailto:?body=https%3A%2F%2Fwww.sonnenseite.com%2Fde%2Fumwelt%2Finterrail-billigflieger-und-die-oekologische-bredouille%2F&subject=Interrail%2C%20Billigflieger%20und%20die%20%C3%B6kologische%20Bredouille\" title=\"Per E-Mail versenden\" aria-label=\"Per E-Mail versenden\" role=\"button\" rel=\"noopener nofollow\" class=\"shariff-link\" style=\";border-radius:1%; background-color:#999; color:#fff\"><span class=\"shariff-icon\" style=\"\"><svg width=\"32px\" height=\"20px\" xmlns=\"http:\/\/www.w3.org\/2000\/svg\" viewBox=\"0 0 32 32\"><path fill=\"#999\" d=\"M32 12.7v14.2q0 1.2-0.8 2t-2 0.9h-26.3q-1.2 0-2-0.9t-0.8-2v-14.2q0.8 0.9 1.8 1.6 6.5 4.4 8.9 6.1 1 0.8 1.6 1.2t1.7 0.9 2 0.4h0.1q0.9 0 2-0.4t1.7-0.9 1.6-1.2q3-2.2 8.9-6.1 1-0.7 1.8-1.6zM32 7.4q0 1.4-0.9 2.7t-2.2 2.2q-6.7 4.7-8.4 5.8-0.2 0.1-0.7 0.5t-1 0.7-0.9 0.6-1.1 0.5-0.9 0.2h-0.1q-0.4 0-0.9-0.2t-1.1-0.5-0.9-0.6-1-0.7-0.7-0.5q-1.6-1.1-4.7-3.2t-3.6-2.6q-1.1-0.7-2.1-2t-1-2.5q0-1.4 0.7-2.3t2.1-0.9h26.3q1.2 0 2 0.8t0.9 2z\"\/><\/svg><\/span><\/a><\/li><\/ul><\/div>","protected":false},"excerpt":{"rendered":"<p>Eine Reise durch Europa mit allen Transportmitteln und einem \u00f6kologischen Sch\u00f6nheitsfleck. Kolumne von Martin Unfried<\/p>\n","protected":false},"author":1,"featured_media":50987,"comment_status":"closed","ping_status":"closed","sticky":false,"template":"","format":"standard","meta":{"inline_featured_image":false,"footnotes":""},"categories":[23],"tags":[],"class_list":["post-56026","post","type-post","status-publish","format-standard","has-post-thumbnail","hentry","category-umwelt"],"yoast_head":"<!-- This site is optimized with the Yoast SEO plugin v26.5 - https:\/\/yoast.com\/wordpress\/plugins\/seo\/ -->\n<title>Interrail, Billigflieger und die \u00f6kologische Bredouille - Sonnenseite - \u00d6kologische Kommunikation mit Franz Alt<\/title>\n<meta name=\"description\" content=\"Eine Reise durch Europa mit allen Transportmitteln und einem \u00f6kologischen Sch\u00f6nheitsfleck. Kolumne von Martin Unfried Es ist bekanntlich bei Gruppenreisen\" \/>\n<meta name=\"robots\" content=\"index, follow, max-snippet:-1, max-image-preview:large, max-video-preview:-1\" \/>\n<link rel=\"canonical\" href=\"https:\/\/www.sonnenseite.com\/de\/umwelt\/interrail-billigflieger-und-die-oekologische-bredouille\/\" \/>\n<meta property=\"og:locale\" content=\"de_DE\" \/>\n<meta property=\"og:type\" content=\"article\" \/>\n<meta property=\"og:title\" content=\"Interrail, Billigflieger und die \u00f6kologische Bredouille - Sonnenseite - \u00d6kologische Kommunikation mit Franz Alt\" \/>\n<meta property=\"og:description\" content=\"Eine Reise durch Europa mit allen Transportmitteln und einem \u00f6kologischen Sch\u00f6nheitsfleck. Kolumne von Martin Unfried Es ist bekanntlich bei Gruppenreisen\" \/>\n<meta property=\"og:url\" content=\"https:\/\/www.sonnenseite.com\/de\/umwelt\/interrail-billigflieger-und-die-oekologische-bredouille\/\" \/>\n<meta property=\"og:site_name\" content=\"Sonnenseite\" \/>\n<meta property=\"article:publisher\" content=\"https:\/\/www.facebook.com\/pages\/Franz-Alt-SONNENSEITECOM\/221072987903953?fref=ts\" \/>\n<meta property=\"article:published_time\" content=\"2012-08-20T22:00:00+00:00\" \/>\n<meta property=\"og:image\" content=\"https:\/\/www.sonnenseite.com\/wp-content\/uploads\/2020\/06\/archiv_artikel.jpg\" \/>\n\t<meta property=\"og:image:width\" content=\"770\" \/>\n\t<meta property=\"og:image:height\" content=\"420\" \/>\n\t<meta property=\"og:image:type\" content=\"image\/jpeg\" \/>\n<meta name=\"author\" content=\"sbade\" \/>\n<meta name=\"twitter:card\" content=\"summary_large_image\" \/>\n<meta name=\"twitter:creator\" content=\"@franzalt\" \/>\n<meta name=\"twitter:site\" content=\"@franzalt\" \/>\n<meta name=\"twitter:label1\" content=\"Verfasst von\" \/>\n\t<meta name=\"twitter:data1\" content=\"sbade\" \/>\n\t<meta name=\"twitter:label2\" content=\"Gesch\u00e4tzte Lesezeit\" \/>\n\t<meta name=\"twitter:data2\" content=\"3\u00a0Minuten\" \/>\n<script type=\"application\/ld+json\" class=\"yoast-schema-graph\">{\"@context\":\"https:\/\/schema.org\",\"@graph\":[{\"@type\":\"Article\",\"@id\":\"https:\/\/www.sonnenseite.com\/de\/umwelt\/interrail-billigflieger-und-die-oekologische-bredouille\/#article\",\"isPartOf\":{\"@id\":\"https:\/\/www.sonnenseite.com\/de\/umwelt\/interrail-billigflieger-und-die-oekologische-bredouille\/\"},\"author\":{\"name\":\"sbade\",\"@id\":\"https:\/\/www.sonnenseite.com\/de\/#\/schema\/person\/6df44691cd9a70d99e140e1116ee8771\"},\"headline\":\"Interrail, Billigflieger und die \u00f6kologische Bredouille\",\"datePublished\":\"2012-08-20T22:00:00+00:00\",\"mainEntityOfPage\":{\"@id\":\"https:\/\/www.sonnenseite.com\/de\/umwelt\/interrail-billigflieger-und-die-oekologische-bredouille\/\"},\"wordCount\":697,\"publisher\":{\"@id\":\"https:\/\/www.sonnenseite.com\/de\/#organization\"},\"image\":{\"@id\":\"https:\/\/www.sonnenseite.com\/de\/umwelt\/interrail-billigflieger-und-die-oekologische-bredouille\/#primaryimage\"},\"thumbnailUrl\":\"https:\/\/www.sonnenseite.com\/wp-content\/uploads\/2020\/06\/archiv_artikel.jpg\",\"articleSection\":[\"Umwelt\"],\"inLanguage\":\"de\"},{\"@type\":\"WebPage\",\"@id\":\"https:\/\/www.sonnenseite.com\/de\/umwelt\/interrail-billigflieger-und-die-oekologische-bredouille\/\",\"url\":\"https:\/\/www.sonnenseite.com\/de\/umwelt\/interrail-billigflieger-und-die-oekologische-bredouille\/\",\"name\":\"Interrail, Billigflieger und die \u00f6kologische Bredouille - Sonnenseite - \u00d6kologische Kommunikation mit Franz Alt\",\"isPartOf\":{\"@id\":\"https:\/\/www.sonnenseite.com\/de\/#website\"},\"primaryImageOfPage\":{\"@id\":\"https:\/\/www.sonnenseite.com\/de\/umwelt\/interrail-billigflieger-und-die-oekologische-bredouille\/#primaryimage\"},\"image\":{\"@id\":\"https:\/\/www.sonnenseite.com\/de\/umwelt\/interrail-billigflieger-und-die-oekologische-bredouille\/#primaryimage\"},\"thumbnailUrl\":\"https:\/\/www.sonnenseite.com\/wp-content\/uploads\/2020\/06\/archiv_artikel.jpg\",\"datePublished\":\"2012-08-20T22:00:00+00:00\",\"description\":\"Eine Reise durch Europa mit allen Transportmitteln und einem \u00f6kologischen Sch\u00f6nheitsfleck. Kolumne von Martin Unfried Es ist bekanntlich bei Gruppenreisen\",\"breadcrumb\":{\"@id\":\"https:\/\/www.sonnenseite.com\/de\/umwelt\/interrail-billigflieger-und-die-oekologische-bredouille\/#breadcrumb\"},\"inLanguage\":\"de\",\"potentialAction\":[{\"@type\":\"ReadAction\",\"target\":[\"https:\/\/www.sonnenseite.com\/de\/umwelt\/interrail-billigflieger-und-die-oekologische-bredouille\/\"]}]},{\"@type\":\"ImageObject\",\"inLanguage\":\"de\",\"@id\":\"https:\/\/www.sonnenseite.com\/de\/umwelt\/interrail-billigflieger-und-die-oekologische-bredouille\/#primaryimage\",\"url\":\"https:\/\/www.sonnenseite.com\/wp-content\/uploads\/2020\/06\/archiv_artikel.jpg\",\"contentUrl\":\"https:\/\/www.sonnenseite.com\/wp-content\/uploads\/2020\/06\/archiv_artikel.jpg\",\"width\":770,\"height\":420,\"caption\":\"Sonnenseite\"},{\"@type\":\"BreadcrumbList\",\"@id\":\"https:\/\/www.sonnenseite.com\/de\/umwelt\/interrail-billigflieger-und-die-oekologische-bredouille\/#breadcrumb\",\"itemListElement\":[{\"@type\":\"ListItem\",\"position\":1,\"name\":\"Startseite\",\"item\":\"https:\/\/www.sonnenseite.com\/de\/\"},{\"@type\":\"ListItem\",\"position\":2,\"name\":\"Interrail, Billigflieger und die \u00f6kologische Bredouille\"}]},{\"@type\":\"WebSite\",\"@id\":\"https:\/\/www.sonnenseite.com\/de\/#website\",\"url\":\"https:\/\/www.sonnenseite.com\/de\/\",\"name\":\"Sonnenseite\",\"description\":\"\u00d6kologische Kommunikation mit Franz Alt\",\"publisher\":{\"@id\":\"https:\/\/www.sonnenseite.com\/de\/#organization\"},\"potentialAction\":[{\"@type\":\"SearchAction\",\"target\":{\"@type\":\"EntryPoint\",\"urlTemplate\":\"https:\/\/www.sonnenseite.com\/de\/?s={search_term_string}\"},\"query-input\":{\"@type\":\"PropertyValueSpecification\",\"valueRequired\":true,\"valueName\":\"search_term_string\"}}],\"inLanguage\":\"de\"},{\"@type\":\"Organization\",\"@id\":\"https:\/\/www.sonnenseite.com\/de\/#organization\",\"name\":\"Sonnenseite\",\"url\":\"https:\/\/www.sonnenseite.com\/de\/\",\"logo\":{\"@type\":\"ImageObject\",\"inLanguage\":\"de\",\"@id\":\"https:\/\/www.sonnenseite.com\/de\/#\/schema\/logo\/image\/\",\"url\":\"https:\/\/www.sonnenseite.com\/wp-content\/uploads\/2020\/05\/Sonnenseite_Logo.png\",\"contentUrl\":\"https:\/\/www.sonnenseite.com\/wp-content\/uploads\/2020\/05\/Sonnenseite_Logo.png\",\"width\":377,\"height\":90,\"caption\":\"Sonnenseite\"},\"image\":{\"@id\":\"https:\/\/www.sonnenseite.com\/de\/#\/schema\/logo\/image\/\"},\"sameAs\":[\"https:\/\/www.facebook.com\/pages\/Franz-Alt-SONNENSEITECOM\/221072987903953?fref=ts\",\"https:\/\/x.com\/franzalt\",\"http:\/\/www.youtube.com\/results?search_query&amp;amp;quot;franz_alt&amp;amp;quot;&amp;amp;amp;amp;search_type&amp;amp;amp;amp;aq=f\"]},{\"@type\":\"Person\",\"@id\":\"https:\/\/www.sonnenseite.com\/de\/#\/schema\/person\/6df44691cd9a70d99e140e1116ee8771\",\"name\":\"sbade\",\"sameAs\":[\"https:\/\/www.sonnenseite.com\"]}]}<\/script>\n<!-- \/ Yoast SEO plugin. -->","yoast_head_json":{"title":"Interrail, Billigflieger und die \u00f6kologische Bredouille - Sonnenseite - \u00d6kologische Kommunikation mit Franz Alt","description":"Eine Reise durch Europa mit allen Transportmitteln und einem \u00f6kologischen Sch\u00f6nheitsfleck. Kolumne von Martin Unfried Es ist bekanntlich bei Gruppenreisen","robots":{"index":"index","follow":"follow","max-snippet":"max-snippet:-1","max-image-preview":"max-image-preview:large","max-video-preview":"max-video-preview:-1"},"canonical":"https:\/\/www.sonnenseite.com\/de\/umwelt\/interrail-billigflieger-und-die-oekologische-bredouille\/","og_locale":"de_DE","og_type":"article","og_title":"Interrail, Billigflieger und die \u00f6kologische Bredouille - Sonnenseite - \u00d6kologische Kommunikation mit Franz Alt","og_description":"Eine Reise durch Europa mit allen Transportmitteln und einem \u00f6kologischen Sch\u00f6nheitsfleck. Kolumne von Martin Unfried Es ist bekanntlich bei Gruppenreisen","og_url":"https:\/\/www.sonnenseite.com\/de\/umwelt\/interrail-billigflieger-und-die-oekologische-bredouille\/","og_site_name":"Sonnenseite","article_publisher":"https:\/\/www.facebook.com\/pages\/Franz-Alt-SONNENSEITECOM\/221072987903953?fref=ts","article_published_time":"2012-08-20T22:00:00+00:00","og_image":[{"width":770,"height":420,"url":"https:\/\/www.sonnenseite.com\/wp-content\/uploads\/2020\/06\/archiv_artikel.jpg","type":"image\/jpeg"}],"author":"sbade","twitter_card":"summary_large_image","twitter_creator":"@franzalt","twitter_site":"@franzalt","twitter_misc":{"Verfasst von":"sbade","Gesch\u00e4tzte Lesezeit":"3\u00a0Minuten"},"schema":{"@context":"https:\/\/schema.org","@graph":[{"@type":"Article","@id":"https:\/\/www.sonnenseite.com\/de\/umwelt\/interrail-billigflieger-und-die-oekologische-bredouille\/#article","isPartOf":{"@id":"https:\/\/www.sonnenseite.com\/de\/umwelt\/interrail-billigflieger-und-die-oekologische-bredouille\/"},"author":{"name":"sbade","@id":"https:\/\/www.sonnenseite.com\/de\/#\/schema\/person\/6df44691cd9a70d99e140e1116ee8771"},"headline":"Interrail, Billigflieger und die \u00f6kologische Bredouille","datePublished":"2012-08-20T22:00:00+00:00","mainEntityOfPage":{"@id":"https:\/\/www.sonnenseite.com\/de\/umwelt\/interrail-billigflieger-und-die-oekologische-bredouille\/"},"wordCount":697,"publisher":{"@id":"https:\/\/www.sonnenseite.com\/de\/#organization"},"image":{"@id":"https:\/\/www.sonnenseite.com\/de\/umwelt\/interrail-billigflieger-und-die-oekologische-bredouille\/#primaryimage"},"thumbnailUrl":"https:\/\/www.sonnenseite.com\/wp-content\/uploads\/2020\/06\/archiv_artikel.jpg","articleSection":["Umwelt"],"inLanguage":"de"},{"@type":"WebPage","@id":"https:\/\/www.sonnenseite.com\/de\/umwelt\/interrail-billigflieger-und-die-oekologische-bredouille\/","url":"https:\/\/www.sonnenseite.com\/de\/umwelt\/interrail-billigflieger-und-die-oekologische-bredouille\/","name":"Interrail, Billigflieger und die \u00f6kologische Bredouille - Sonnenseite - \u00d6kologische Kommunikation mit Franz Alt","isPartOf":{"@id":"https:\/\/www.sonnenseite.com\/de\/#website"},"primaryImageOfPage":{"@id":"https:\/\/www.sonnenseite.com\/de\/umwelt\/interrail-billigflieger-und-die-oekologische-bredouille\/#primaryimage"},"image":{"@id":"https:\/\/www.sonnenseite.com\/de\/umwelt\/interrail-billigflieger-und-die-oekologische-bredouille\/#primaryimage"},"thumbnailUrl":"https:\/\/www.sonnenseite.com\/wp-content\/uploads\/2020\/06\/archiv_artikel.jpg","datePublished":"2012-08-20T22:00:00+00:00","description":"Eine Reise durch Europa mit allen Transportmitteln und einem \u00f6kologischen Sch\u00f6nheitsfleck. Kolumne von Martin Unfried Es ist bekanntlich bei Gruppenreisen","breadcrumb":{"@id":"https:\/\/www.sonnenseite.com\/de\/umwelt\/interrail-billigflieger-und-die-oekologische-bredouille\/#breadcrumb"},"inLanguage":"de","potentialAction":[{"@type":"ReadAction","target":["https:\/\/www.sonnenseite.com\/de\/umwelt\/interrail-billigflieger-und-die-oekologische-bredouille\/"]}]},{"@type":"ImageObject","inLanguage":"de","@id":"https:\/\/www.sonnenseite.com\/de\/umwelt\/interrail-billigflieger-und-die-oekologische-bredouille\/#primaryimage","url":"https:\/\/www.sonnenseite.com\/wp-content\/uploads\/2020\/06\/archiv_artikel.jpg","contentUrl":"https:\/\/www.sonnenseite.com\/wp-content\/uploads\/2020\/06\/archiv_artikel.jpg","width":770,"height":420,"caption":"Sonnenseite"},{"@type":"BreadcrumbList","@id":"https:\/\/www.sonnenseite.com\/de\/umwelt\/interrail-billigflieger-und-die-oekologische-bredouille\/#breadcrumb","itemListElement":[{"@type":"ListItem","position":1,"name":"Startseite","item":"https:\/\/www.sonnenseite.com\/de\/"},{"@type":"ListItem","position":2,"name":"Interrail, Billigflieger und die \u00f6kologische Bredouille"}]},{"@type":"WebSite","@id":"https:\/\/www.sonnenseite.com\/de\/#website","url":"https:\/\/www.sonnenseite.com\/de\/","name":"Sonnenseite","description":"\u00d6kologische Kommunikation mit Franz Alt","publisher":{"@id":"https:\/\/www.sonnenseite.com\/de\/#organization"},"potentialAction":[{"@type":"SearchAction","target":{"@type":"EntryPoint","urlTemplate":"https:\/\/www.sonnenseite.com\/de\/?s={search_term_string}"},"query-input":{"@type":"PropertyValueSpecification","valueRequired":true,"valueName":"search_term_string"}}],"inLanguage":"de"},{"@type":"Organization","@id":"https:\/\/www.sonnenseite.com\/de\/#organization","name":"Sonnenseite","url":"https:\/\/www.sonnenseite.com\/de\/","logo":{"@type":"ImageObject","inLanguage":"de","@id":"https:\/\/www.sonnenseite.com\/de\/#\/schema\/logo\/image\/","url":"https:\/\/www.sonnenseite.com\/wp-content\/uploads\/2020\/05\/Sonnenseite_Logo.png","contentUrl":"https:\/\/www.sonnenseite.com\/wp-content\/uploads\/2020\/05\/Sonnenseite_Logo.png","width":377,"height":90,"caption":"Sonnenseite"},"image":{"@id":"https:\/\/www.sonnenseite.com\/de\/#\/schema\/logo\/image\/"},"sameAs":["https:\/\/www.facebook.com\/pages\/Franz-Alt-SONNENSEITECOM\/221072987903953?fref=ts","https:\/\/x.com\/franzalt","http:\/\/www.youtube.com\/results?search_query&amp;amp;quot;franz_alt&amp;amp;quot;&amp;amp;amp;amp;search_type&amp;amp;amp;amp;aq=f"]},{"@type":"Person","@id":"https:\/\/www.sonnenseite.com\/de\/#\/schema\/person\/6df44691cd9a70d99e140e1116ee8771","name":"sbade","sameAs":["https:\/\/www.sonnenseite.com"]}]}},"_links":{"self":[{"href":"https:\/\/www.sonnenseite.com\/de\/wp-json\/wp\/v2\/posts\/56026","targetHints":{"allow":["GET"]}}],"collection":[{"href":"https:\/\/www.sonnenseite.com\/de\/wp-json\/wp\/v2\/posts"}],"about":[{"href":"https:\/\/www.sonnenseite.com\/de\/wp-json\/wp\/v2\/types\/post"}],"author":[{"embeddable":true,"href":"https:\/\/www.sonnenseite.com\/de\/wp-json\/wp\/v2\/users\/1"}],"replies":[{"embeddable":true,"href":"https:\/\/www.sonnenseite.com\/de\/wp-json\/wp\/v2\/comments?post=56026"}],"version-history":[{"count":0,"href":"https:\/\/www.sonnenseite.com\/de\/wp-json\/wp\/v2\/posts\/56026\/revisions"}],"wp:featuredmedia":[{"embeddable":true,"href":"https:\/\/www.sonnenseite.com\/de\/wp-json\/wp\/v2\/media\/50987"}],"wp:attachment":[{"href":"https:\/\/www.sonnenseite.com\/de\/wp-json\/wp\/v2\/media?parent=56026"}],"wp:term":[{"taxonomy":"category","embeddable":true,"href":"https:\/\/www.sonnenseite.com\/de\/wp-json\/wp\/v2\/categories?post=56026"},{"taxonomy":"post_tag","embeddable":true,"href":"https:\/\/www.sonnenseite.com\/de\/wp-json\/wp\/v2\/tags?post=56026"}],"curies":[{"name":"wp","href":"https:\/\/api.w.org\/{rel}","templated":true}]}}