{"id":56187,"date":"2012-07-26T00:00:00","date_gmt":"2012-07-25T22:00:00","guid":{"rendered":"https:\/\/www.sonnenseite.com\/energie\/elektrofahrzeuge-koennen-umwelt-und-stromversorgung-entlasten.html"},"modified":"2012-07-26T00:00:00","modified_gmt":"2012-07-25T22:00:00","slug":"elektrofahrzeuge-koennen-umwelt-und-stromversorgung-entlasten","status":"publish","type":"post","link":"https:\/\/www.sonnenseite.com\/de\/energie\/elektrofahrzeuge-koennen-umwelt-und-stromversorgung-entlasten\/","title":{"rendered":"Elektrofahrzeuge k\u00f6nnen Umwelt und Stromversorgung entlasten"},"content":{"rendered":"<p>Neue Studie zu Elektromobilit\u00e4t zeigt Chancen und\u00a0Risiken auf. Durch die erwartete Zunahme von Elektrofahrzeugen steht die  Autoindustrie vor einem Umbruch. Eine Entwicklung, die sich auch auf die  Stromversorgung auswirken wird. Das Deutsche Zentrum f\u00fcr Luft- und  Raumfahrt (DLR) hat gemeinsam mit Partnern untersucht, welche Chancen  und Herausforderungen dieser Wandel f\u00fcr das Energiesystem und die  Stromversorgung mit sich bringt. <!--more--> <\/p>\n<p><strong>Fazit: <\/strong>Elektrofahrzeuge k\u00f6nnen \u2013 gerade bei einem hohen Anteil an Erneuerbarer Energie \u2013 die Effizienz der Stromerzeugung erh\u00f6hen, das Stromnetz entlasten und zu deutlichen CO2-Einsparungen f\u00fchren. Die Studie liefert hierzu nun verbesserte Simulationsmodelle und neue Ergebnisse.<\/p>\n<p><strong>27 Millionen Elektrofahrzeuge verbrauchen zehn Prozent des Gesamtstroms in Deutschland<\/strong><\/p>\n<p>Wie schnell sich Elektrofahrzeuge auf dem Markt durchsetzen, k\u00f6nnen die Forscher derzeit schwer vorhersagen. Dazu m\u00fcssen neue Fahrzeuge zur Marktreife entwickelt werden und Kunden m\u00fcssen den Einstieg in die Elektromobilit\u00e4t wagen. Dieser Prozess ist auch abh\u00e4ngig von den Fortschritten bei der technologischen Entwicklung der Elektrofahrzeuge und deren Kosten. Eine Rolle spielen zudem der zuk\u00fcnftige \u00d6lpreis und verbindliche CO2-Grenzwerte f\u00fcr Fahrzeuge. In einem Szenario mit einer erfolgreichen Marktentwicklung von Elektrofahrzeugen bis zum Jahr 2050 gehen die Wissenschaftler des\u00a0<a href=\"http:\/\/www.dlr.de\/fk\" target=\"_blank\" rel=\"noopener noreferrer\">DLR-Instituts f\u00fcr Fahrzeugkonzepte<\/a> von einem Anteil von 28 Prozent rein batteriebetriebener Fahrzeuge und 34 Prozent Hybridfahrzeugen aus. Der Stromverbrauch von diesen insgesamt 27 Millionen Elektrofahrzeugen in Deutschland l\u00e4ge bei 53,5 Terrawattstunden (TWh) pro Jahr, das entspricht etwa zehn Prozent des derzeitigen Gesamtverbrauchs an Strom in Deutschland.<\/p>\n<p><strong>80 Prozent CO2-Einsparungspotential auf dem Mobilit\u00e4tssektor<\/strong><\/p>\n<p>Trotz des h\u00f6heren Stromverbrauchs k\u00e4me es bei einer erfolgreichen Einf\u00fchrung von Elektrofahrzeugen zu einer Entlastung der Umwelt: Fahrzeuge mit elektrischem Antrieb sind effizienter als Fahrzeuge mit Verbrennungsmotor. Verglichen mit dem Jahr 2010 w\u00fcrde der gesamte Energieverbrauch durch den Individualverkehr um zwei Drittel sinken. Vorausgesetzt die Elektrofahrzeuge fahren mit Strom aus Erneuerbaren Energien, sinkt in diesem Fall\u00a0der CO2-Aussto\u00df der PKW-Flotte um 80 Prozent.<\/p>\n<p><strong>Die Stromversorgung profitiert, wenn Elektrofahrzeuge zeitlich gesteuert aufgeladen werden<\/strong><\/p>\n<p>Nicht nur die Umwelt profitiert laut der Studie von einer erfolgreichen Einf\u00fchrung von Elektrofahrzeugen, auch das Stromversorgungssystem. Denn trotz der zus\u00e4tzlichen Nachfrage nach Strom k\u00f6nnen Elektrofahrzeuge \u2013 vorausgesetzt der Ladevorgang der Batterie wird gesteuert \u2013 durch die bevorzugte Aufnahme von Wind- und Photovoltaik-Strom \u00fcbersch\u00fcssige Strommengen reduzieren und aufgrund geringerer Lastspitzen die Stromerzeugung aus fossilen Kraftwerken vermindern. &#8222;Durch eine Ladesteuerung wird es m\u00f6glich, die Autobatterie dann aufzuladen, wenn das Stromangebot aus Erneuerbaren Energien hoch ist. Das ist wichtig f\u00fcr die Integration der Elektrofahrzeuge in das Energiesystem&#8220;, sagt Thomas Pregger, Projektleiter der Studie beim<a href=\"http:\/\/www.dlr.de\/tt\" target=\"_blank\" rel=\"noopener noreferrer\">DLR-Institut f\u00fcr Technische Thermodynamik<\/a>. Die Simulationen zeigten, dass \u00fcbersch\u00fcssiger Strom in einer H\u00f6he von etwa 4 TWh pro Jahr genutzt werden kann, Insgesamt k\u00f6nnten die Elektrofahrzeuge unter diesen Voraussetzungen die \u00dcberschussleistungen um bis zu 20 GW mindern (Szenario f\u00fcr 2050).<\/p>\n<p>Die Forscher haben f\u00fcr ihre Studien auch die Nutzerprofile von Autofahrern in Deutschland untersucht. Diese zeigen, dass das Potential zum Lademanagement im Verlauf des Tages sehr stark variiert und die Speicherkapazit\u00e4ten der Batterien generell nur teilweise genutzt werden k\u00f6nnen. Vor allem in den Morgenstunden, wenn die meisten Halter mit ihrem Fahrzeug zur Arbeit pendeln, ist das Potential am geringsten, in den Abendstunden und \u00fcber Nacht erwartungsgem\u00e4\u00df am h\u00f6chsten.\u00a0Neben der zeitlichen Verschiebung des\u00a0Ladevorgangs\u00a0k\u00f6nnen die Batterien einer ans Stromnetz angeschlossenen Fahrzeugflotte bei hoher Nachfrage auch Strom ins Netz einspeisen. Allerdings sind bei den derzeitigen Batterien die Alterungsprozesse durch Auf- und Entladen so gro\u00df, dass die Kosten f\u00fcr einen solchen Speicher sehr hoch w\u00e4ren. &#8222;Es l\u00e4sst sich schwer vorhersagen, wie sich das &#8218;Vehicle-to-Grid-Potential&#8217;entwickelt. Sobald Elektrofahrzeuge \u00fcber Batterien verf\u00fcgen, die weniger Abnutzungserscheinungen aufweisen, wird dieses Potential durchaus interessant&#8220;, sch\u00e4tzt Thomas Pregger die Entwicklung ein.\u00a0Insgesamt schr\u00e4nken die Forscher ein, dass ein gut ausgebautes europ\u00e4isches Stromverbundnetz und Erzeugungsmanagement bei Kraft-W\u00e4rme-Kopplungsanlagen einen wesentlich gr\u00f6\u00dferen Beitrag zum Ausgleich von Stromerzeugung und Last leisten k\u00f6nnen.<\/p>\n<p>Das DLR-Institut f\u00fcr Fahrzeugkonzepte hat f\u00fcr die Studie untersucht, wie sich die Elektrofahrzeuge und die PKW-Flotten in Zukunft entwickeln und welche zeitlichen Profile sich f\u00fcr den Stromverbrauch sowie die Batteriespeicherkapazit\u00e4t am Netz ergeben. Das Institut f\u00fcr Technische Thermodynamik ging der Fragestellung nach, wie Elektrofahrzeuge am besten in einen europ\u00e4ischen Stromverbund zu integrieren w\u00e4ren und welche Rolle sie f\u00fcr den Stromausgleich spielen k\u00f6nnen. Das Fraunhofer Institut f\u00fcr Solare Energiesysteme (ISE) hat die Auswirkungen auf Hausenergiesysteme und lokale Netze untersucht, das Institut f\u00fcr Hochspannungstechnik der RWTH Aachen die Verteilnetzebene und die Forschungsgemeinschaft f\u00fcr Elektrische Anlagen und Stromwirtschaft e.V., Aachen (FGH) die Auswirkungen auf die \u00dcbertragungsnetze. Die Arbeiten des DLR zu dieser Studie wurden vom Bundesministerium f\u00fcr Wirtschaft und Technologie (BMWi) mit etwa 318.000 Euro gef\u00f6rdert.<\/p>\n<p>Die vollst\u00e4ndige Studie &#8222;Perspektiven von Elektro-\/Hybridfahrzeugen in einem Versorgungssystem mit hohem Anteil dezentraler und erneuerbarer Energiequellen&#8220;\u00a0finden Sie\u00a0<a href=\"http:\/\/www.dlr.de\/tt\/de\/Portaldata\/41\/Resources\/dokumente\/institut\/system\/projects\/BMWi0328005A-C.pdf\" target=\"_blank\" rel=\"noopener noreferrer\">hier<\/a><\/p>\n<h5 class=\"green\">Quelle<\/h5>\n<p>DLR 2012<\/p>\n<div class=\"shariff shariff-align-flex-start shariff-widget-align-flex-start\"><div class=\"ShariffHeadline\">Diese Meldung teilen<\/div><ul class=\"shariff-buttons theme-round orientation-horizontal buttonsize-medium\"><li class=\"shariff-button facebook shariff-nocustomcolor\" style=\"background-color:#4273c8;border-radius:1%\"><a href=\"https:\/\/www.facebook.com\/sharer\/sharer.php?u=https%3A%2F%2Fwww.sonnenseite.com%2Fde%2Fenergie%2Felektrofahrzeuge-koennen-umwelt-und-stromversorgung-entlasten%2F\" title=\"Bei Facebook teilen\" aria-label=\"Bei Facebook teilen\" role=\"button\" rel=\"nofollow\" class=\"shariff-link\" style=\";border-radius:1%; background-color:#3b5998; color:#fff\" target=\"_blank\"><span class=\"shariff-icon\" style=\"\"><svg width=\"32px\" height=\"20px\" xmlns=\"http:\/\/www.w3.org\/2000\/svg\" viewBox=\"0 0 18 32\"><path fill=\"#3b5998\" d=\"M17.1 0.2v4.7h-2.8q-1.5 0-2.1 0.6t-0.5 1.9v3.4h5.2l-0.7 5.3h-4.5v13.6h-5.5v-13.6h-4.5v-5.3h4.5v-3.9q0-3.3 1.9-5.2t5-1.8q2.6 0 4.1 0.2z\"\/><\/svg><\/span><\/a><\/li><li class=\"shariff-button twitter shariff-nocustomcolor\" style=\"background-color:#595959;border-radius:1%\"><a href=\"https:\/\/twitter.com\/share?url=https%3A%2F%2Fwww.sonnenseite.com%2Fde%2Fenergie%2Felektrofahrzeuge-koennen-umwelt-und-stromversorgung-entlasten%2F&text=Elektrofahrzeuge%20k%C3%B6nnen%20Umwelt%20und%20Stromversorgung%20entlasten\" title=\"Bei X teilen\" aria-label=\"Bei X teilen\" role=\"button\" rel=\"noopener nofollow\" class=\"shariff-link\" style=\";border-radius:1%; background-color:#000; color:#fff\" target=\"_blank\"><span class=\"shariff-icon\" style=\"\"><svg width=\"32px\" height=\"20px\" xmlns=\"http:\/\/www.w3.org\/2000\/svg\" viewBox=\"0 0 24 24\"><path fill=\"#000\" d=\"M14.258 10.152L23.176 0h-2.113l-7.747 8.813L7.133 0H0l9.352 13.328L0 23.973h2.113l8.176-9.309 6.531 9.309h7.133zm-2.895 3.293l-.949-1.328L2.875 1.56h3.246l6.086 8.523.945 1.328 7.91 11.078h-3.246zm0 0\"\/><\/svg><\/span><\/a><\/li><li class=\"shariff-button xing shariff-nocustomcolor\" style=\"background-color:#29888a;border-radius:1%\"><a href=\"https:\/\/www.xing.com\/spi\/shares\/new?url=https%3A%2F%2Fwww.sonnenseite.com%2Fde%2Fenergie%2Felektrofahrzeuge-koennen-umwelt-und-stromversorgung-entlasten%2F\" title=\"Bei XING teilen\" aria-label=\"Bei XING teilen\" role=\"button\" rel=\"noopener nofollow\" class=\"shariff-link\" style=\";border-radius:1%; background-color:#126567; color:#fff\" target=\"_blank\"><span class=\"shariff-icon\" style=\"\"><svg width=\"32px\" height=\"20px\" xmlns=\"http:\/\/www.w3.org\/2000\/svg\" viewBox=\"0 0 25 32\"><path fill=\"#126567\" d=\"M10.7 11.9q-0.2 0.3-4.6 8.2-0.5 0.8-1.2 0.8h-4.3q-0.4 0-0.5-0.3t0-0.6l4.5-8q0 0 0 0l-2.9-5q-0.2-0.4 0-0.7 0.2-0.3 0.5-0.3h4.3q0.7 0 1.2 0.8zM25.1 0.4q0.2 0.3 0 0.7l-9.4 16.7 6 11q0.2 0.4 0 0.6-0.2 0.3-0.6 0.3h-4.3q-0.7 0-1.2-0.8l-6-11.1q0.3-0.6 9.5-16.8 0.4-0.8 1.2-0.8h4.3q0.4 0 0.5 0.3z\"\/><\/svg><\/span><\/a><\/li><li class=\"shariff-button linkedin shariff-nocustomcolor\" style=\"background-color:#1488bf;border-radius:1%\"><a href=\"https:\/\/www.linkedin.com\/sharing\/share-offsite\/?url=https%3A%2F%2Fwww.sonnenseite.com%2Fde%2Fenergie%2Felektrofahrzeuge-koennen-umwelt-und-stromversorgung-entlasten%2F\" title=\"Bei LinkedIn teilen\" aria-label=\"Bei LinkedIn teilen\" role=\"button\" rel=\"noopener nofollow\" class=\"shariff-link\" style=\";border-radius:1%; background-color:#0077b5; color:#fff\" target=\"_blank\"><span class=\"shariff-icon\" style=\"\"><svg width=\"32px\" height=\"20px\" xmlns=\"http:\/\/www.w3.org\/2000\/svg\" viewBox=\"0 0 27 32\"><path fill=\"#0077b5\" d=\"M6.2 11.2v17.7h-5.9v-17.7h5.9zM6.6 5.7q0 1.3-0.9 2.2t-2.4 0.9h0q-1.5 0-2.4-0.9t-0.9-2.2 0.9-2.2 2.4-0.9 2.4 0.9 0.9 2.2zM27.4 18.7v10.1h-5.9v-9.5q0-1.9-0.7-2.9t-2.3-1.1q-1.1 0-1.9 0.6t-1.2 1.5q-0.2 0.5-0.2 1.4v9.9h-5.9q0-7.1 0-11.6t0-5.3l0-0.9h5.9v2.6h0q0.4-0.6 0.7-1t1-0.9 1.6-0.8 2-0.3q3 0 4.9 2t1.9 6z\"\/><\/svg><\/span><\/a><\/li><li class=\"shariff-button printer shariff-nocustomcolor\" style=\"background-color:#a8a8a8;border-radius:1%\"><a href=\"javascript:window.print()\" title=\"drucken\" aria-label=\"drucken\" role=\"button\" rel=\"noopener nofollow\" class=\"shariff-link\" style=\";border-radius:1%; background-color:#999; color:#fff\"><span class=\"shariff-icon\" style=\"\"><svg width=\"32px\" height=\"20px\" xmlns=\"http:\/\/www.w3.org\/2000\/svg\" viewBox=\"0 0 30 32\"><path fill=\"#999\" d=\"M6.8 27.4h16v-4.6h-16v4.6zM6.8 16h16v-6.8h-2.8q-0.7 0-1.2-0.5t-0.5-1.2v-2.8h-11.4v11.4zM27.4 17.2q0-0.5-0.3-0.8t-0.8-0.4-0.8 0.4-0.3 0.8 0.3 0.8 0.8 0.3 0.8-0.3 0.3-0.8zM29.7 17.2v7.4q0 0.2-0.2 0.4t-0.4 0.2h-4v2.8q0 0.7-0.5 1.2t-1.2 0.5h-17.2q-0.7 0-1.2-0.5t-0.5-1.2v-2.8h-4q-0.2 0-0.4-0.2t-0.2-0.4v-7.4q0-1.4 1-2.4t2.4-1h1.2v-9.7q0-0.7 0.5-1.2t1.2-0.5h12q0.7 0 1.6 0.4t1.3 0.8l2.7 2.7q0.5 0.5 0.9 1.4t0.4 1.6v4.6h1.1q1.4 0 2.4 1t1 2.4z\"\/><\/svg><\/span><\/a><\/li><li class=\"shariff-button mailto shariff-nocustomcolor\" style=\"background-color:#a8a8a8;border-radius:1%\"><a href=\"mailto:?body=https%3A%2F%2Fwww.sonnenseite.com%2Fde%2Fenergie%2Felektrofahrzeuge-koennen-umwelt-und-stromversorgung-entlasten%2F&subject=Elektrofahrzeuge%20k%C3%B6nnen%20Umwelt%20und%20Stromversorgung%20entlasten\" title=\"Per E-Mail versenden\" aria-label=\"Per E-Mail versenden\" role=\"button\" rel=\"noopener nofollow\" class=\"shariff-link\" style=\";border-radius:1%; background-color:#999; color:#fff\"><span class=\"shariff-icon\" style=\"\"><svg width=\"32px\" height=\"20px\" xmlns=\"http:\/\/www.w3.org\/2000\/svg\" viewBox=\"0 0 32 32\"><path fill=\"#999\" d=\"M32 12.7v14.2q0 1.2-0.8 2t-2 0.9h-26.3q-1.2 0-2-0.9t-0.8-2v-14.2q0.8 0.9 1.8 1.6 6.5 4.4 8.9 6.1 1 0.8 1.6 1.2t1.7 0.9 2 0.4h0.1q0.9 0 2-0.4t1.7-0.9 1.6-1.2q3-2.2 8.9-6.1 1-0.7 1.8-1.6zM32 7.4q0 1.4-0.9 2.7t-2.2 2.2q-6.7 4.7-8.4 5.8-0.2 0.1-0.7 0.5t-1 0.7-0.9 0.6-1.1 0.5-0.9 0.2h-0.1q-0.4 0-0.9-0.2t-1.1-0.5-0.9-0.6-1-0.7-0.7-0.5q-1.6-1.1-4.7-3.2t-3.6-2.6q-1.1-0.7-2.1-2t-1-2.5q0-1.4 0.7-2.3t2.1-0.9h26.3q1.2 0 2 0.8t0.9 2z\"\/><\/svg><\/span><\/a><\/li><\/ul><\/div>","protected":false},"excerpt":{"rendered":"<p>Neue Studie zu Elektromobilit\u00e4t zeigt Chancen und\u00a0Risiken auf. Durch die erwartete Zunahme von Elektrofahrzeugen steht die [&hellip;]<\/p>\n","protected":false},"author":1,"featured_media":50987,"comment_status":"closed","ping_status":"closed","sticky":false,"template":"","format":"standard","meta":{"inline_featured_image":false,"footnotes":""},"categories":[22],"tags":[],"class_list":["post-56187","post","type-post","status-publish","format-standard","has-post-thumbnail","hentry","category-energie"],"yoast_head":"<!-- This site is optimized with the Yoast SEO plugin v26.5 - https:\/\/yoast.com\/wordpress\/plugins\/seo\/ -->\n<title>Elektrofahrzeuge k\u00f6nnen Umwelt und Stromversorgung entlasten - Sonnenseite - \u00d6kologische Kommunikation mit Franz Alt<\/title>\n<meta name=\"description\" content=\"Neue Studie zu Elektromobilit\u00e4t zeigt Chancen und\u00a0Risiken auf. Durch die erwartete Zunahme von Elektrofahrzeugen steht die Autoindustrie vor einem\" \/>\n<meta name=\"robots\" content=\"index, follow, max-snippet:-1, max-image-preview:large, max-video-preview:-1\" \/>\n<link rel=\"canonical\" href=\"https:\/\/www.sonnenseite.com\/de\/energie\/elektrofahrzeuge-koennen-umwelt-und-stromversorgung-entlasten\/\" \/>\n<meta property=\"og:locale\" content=\"de_DE\" \/>\n<meta property=\"og:type\" content=\"article\" \/>\n<meta property=\"og:title\" content=\"Elektrofahrzeuge k\u00f6nnen Umwelt und Stromversorgung entlasten - Sonnenseite - \u00d6kologische Kommunikation mit Franz Alt\" \/>\n<meta property=\"og:description\" content=\"Neue Studie zu Elektromobilit\u00e4t zeigt Chancen und\u00a0Risiken auf. Durch die erwartete Zunahme von Elektrofahrzeugen steht die Autoindustrie vor einem\" \/>\n<meta property=\"og:url\" content=\"https:\/\/www.sonnenseite.com\/de\/energie\/elektrofahrzeuge-koennen-umwelt-und-stromversorgung-entlasten\/\" \/>\n<meta property=\"og:site_name\" content=\"Sonnenseite\" \/>\n<meta property=\"article:publisher\" content=\"https:\/\/www.facebook.com\/pages\/Franz-Alt-SONNENSEITECOM\/221072987903953?fref=ts\" \/>\n<meta property=\"article:published_time\" content=\"2012-07-25T22:00:00+00:00\" \/>\n<meta property=\"og:image\" content=\"https:\/\/www.sonnenseite.com\/wp-content\/uploads\/2020\/06\/archiv_artikel.jpg\" \/>\n\t<meta property=\"og:image:width\" content=\"770\" \/>\n\t<meta property=\"og:image:height\" content=\"420\" \/>\n\t<meta property=\"og:image:type\" content=\"image\/jpeg\" \/>\n<meta name=\"author\" content=\"sbade\" \/>\n<meta name=\"twitter:card\" content=\"summary_large_image\" \/>\n<meta name=\"twitter:creator\" content=\"@franzalt\" \/>\n<meta name=\"twitter:site\" content=\"@franzalt\" \/>\n<meta name=\"twitter:label1\" content=\"Verfasst von\" \/>\n\t<meta name=\"twitter:data1\" content=\"sbade\" \/>\n\t<meta name=\"twitter:label2\" content=\"Gesch\u00e4tzte Lesezeit\" \/>\n\t<meta name=\"twitter:data2\" content=\"4\u00a0Minuten\" \/>\n<script type=\"application\/ld+json\" class=\"yoast-schema-graph\">{\"@context\":\"https:\/\/schema.org\",\"@graph\":[{\"@type\":\"Article\",\"@id\":\"https:\/\/www.sonnenseite.com\/de\/energie\/elektrofahrzeuge-koennen-umwelt-und-stromversorgung-entlasten\/#article\",\"isPartOf\":{\"@id\":\"https:\/\/www.sonnenseite.com\/de\/energie\/elektrofahrzeuge-koennen-umwelt-und-stromversorgung-entlasten\/\"},\"author\":{\"name\":\"sbade\",\"@id\":\"https:\/\/www.sonnenseite.com\/de\/#\/schema\/person\/6df44691cd9a70d99e140e1116ee8771\"},\"headline\":\"Elektrofahrzeuge k\u00f6nnen Umwelt und Stromversorgung entlasten\",\"datePublished\":\"2012-07-25T22:00:00+00:00\",\"mainEntityOfPage\":{\"@id\":\"https:\/\/www.sonnenseite.com\/de\/energie\/elektrofahrzeuge-koennen-umwelt-und-stromversorgung-entlasten\/\"},\"wordCount\":808,\"publisher\":{\"@id\":\"https:\/\/www.sonnenseite.com\/de\/#organization\"},\"image\":{\"@id\":\"https:\/\/www.sonnenseite.com\/de\/energie\/elektrofahrzeuge-koennen-umwelt-und-stromversorgung-entlasten\/#primaryimage\"},\"thumbnailUrl\":\"https:\/\/www.sonnenseite.com\/wp-content\/uploads\/2020\/06\/archiv_artikel.jpg\",\"articleSection\":[\"Energie\"],\"inLanguage\":\"de\"},{\"@type\":\"WebPage\",\"@id\":\"https:\/\/www.sonnenseite.com\/de\/energie\/elektrofahrzeuge-koennen-umwelt-und-stromversorgung-entlasten\/\",\"url\":\"https:\/\/www.sonnenseite.com\/de\/energie\/elektrofahrzeuge-koennen-umwelt-und-stromversorgung-entlasten\/\",\"name\":\"Elektrofahrzeuge k\u00f6nnen Umwelt und Stromversorgung entlasten - Sonnenseite - \u00d6kologische Kommunikation mit Franz Alt\",\"isPartOf\":{\"@id\":\"https:\/\/www.sonnenseite.com\/de\/#website\"},\"primaryImageOfPage\":{\"@id\":\"https:\/\/www.sonnenseite.com\/de\/energie\/elektrofahrzeuge-koennen-umwelt-und-stromversorgung-entlasten\/#primaryimage\"},\"image\":{\"@id\":\"https:\/\/www.sonnenseite.com\/de\/energie\/elektrofahrzeuge-koennen-umwelt-und-stromversorgung-entlasten\/#primaryimage\"},\"thumbnailUrl\":\"https:\/\/www.sonnenseite.com\/wp-content\/uploads\/2020\/06\/archiv_artikel.jpg\",\"datePublished\":\"2012-07-25T22:00:00+00:00\",\"description\":\"Neue Studie zu Elektromobilit\u00e4t zeigt Chancen und\u00a0Risiken auf. Durch die erwartete Zunahme von Elektrofahrzeugen steht die Autoindustrie vor einem\",\"breadcrumb\":{\"@id\":\"https:\/\/www.sonnenseite.com\/de\/energie\/elektrofahrzeuge-koennen-umwelt-und-stromversorgung-entlasten\/#breadcrumb\"},\"inLanguage\":\"de\",\"potentialAction\":[{\"@type\":\"ReadAction\",\"target\":[\"https:\/\/www.sonnenseite.com\/de\/energie\/elektrofahrzeuge-koennen-umwelt-und-stromversorgung-entlasten\/\"]}]},{\"@type\":\"ImageObject\",\"inLanguage\":\"de\",\"@id\":\"https:\/\/www.sonnenseite.com\/de\/energie\/elektrofahrzeuge-koennen-umwelt-und-stromversorgung-entlasten\/#primaryimage\",\"url\":\"https:\/\/www.sonnenseite.com\/wp-content\/uploads\/2020\/06\/archiv_artikel.jpg\",\"contentUrl\":\"https:\/\/www.sonnenseite.com\/wp-content\/uploads\/2020\/06\/archiv_artikel.jpg\",\"width\":770,\"height\":420,\"caption\":\"Sonnenseite\"},{\"@type\":\"BreadcrumbList\",\"@id\":\"https:\/\/www.sonnenseite.com\/de\/energie\/elektrofahrzeuge-koennen-umwelt-und-stromversorgung-entlasten\/#breadcrumb\",\"itemListElement\":[{\"@type\":\"ListItem\",\"position\":1,\"name\":\"Startseite\",\"item\":\"https:\/\/www.sonnenseite.com\/de\/\"},{\"@type\":\"ListItem\",\"position\":2,\"name\":\"Elektrofahrzeuge k\u00f6nnen Umwelt und Stromversorgung entlasten\"}]},{\"@type\":\"WebSite\",\"@id\":\"https:\/\/www.sonnenseite.com\/de\/#website\",\"url\":\"https:\/\/www.sonnenseite.com\/de\/\",\"name\":\"Sonnenseite\",\"description\":\"\u00d6kologische Kommunikation mit Franz Alt\",\"publisher\":{\"@id\":\"https:\/\/www.sonnenseite.com\/de\/#organization\"},\"potentialAction\":[{\"@type\":\"SearchAction\",\"target\":{\"@type\":\"EntryPoint\",\"urlTemplate\":\"https:\/\/www.sonnenseite.com\/de\/?s={search_term_string}\"},\"query-input\":{\"@type\":\"PropertyValueSpecification\",\"valueRequired\":true,\"valueName\":\"search_term_string\"}}],\"inLanguage\":\"de\"},{\"@type\":\"Organization\",\"@id\":\"https:\/\/www.sonnenseite.com\/de\/#organization\",\"name\":\"Sonnenseite\",\"url\":\"https:\/\/www.sonnenseite.com\/de\/\",\"logo\":{\"@type\":\"ImageObject\",\"inLanguage\":\"de\",\"@id\":\"https:\/\/www.sonnenseite.com\/de\/#\/schema\/logo\/image\/\",\"url\":\"https:\/\/www.sonnenseite.com\/wp-content\/uploads\/2020\/05\/Sonnenseite_Logo.png\",\"contentUrl\":\"https:\/\/www.sonnenseite.com\/wp-content\/uploads\/2020\/05\/Sonnenseite_Logo.png\",\"width\":377,\"height\":90,\"caption\":\"Sonnenseite\"},\"image\":{\"@id\":\"https:\/\/www.sonnenseite.com\/de\/#\/schema\/logo\/image\/\"},\"sameAs\":[\"https:\/\/www.facebook.com\/pages\/Franz-Alt-SONNENSEITECOM\/221072987903953?fref=ts\",\"https:\/\/x.com\/franzalt\",\"http:\/\/www.youtube.com\/results?search_query&amp;amp;quot;franz_alt&amp;amp;quot;&amp;amp;amp;amp;search_type&amp;amp;amp;amp;aq=f\"]},{\"@type\":\"Person\",\"@id\":\"https:\/\/www.sonnenseite.com\/de\/#\/schema\/person\/6df44691cd9a70d99e140e1116ee8771\",\"name\":\"sbade\",\"sameAs\":[\"https:\/\/www.sonnenseite.com\"]}]}<\/script>\n<!-- \/ Yoast SEO plugin. -->","yoast_head_json":{"title":"Elektrofahrzeuge k\u00f6nnen Umwelt und Stromversorgung entlasten - Sonnenseite - \u00d6kologische Kommunikation mit Franz Alt","description":"Neue Studie zu Elektromobilit\u00e4t zeigt Chancen und\u00a0Risiken auf. Durch die erwartete Zunahme von Elektrofahrzeugen steht die Autoindustrie vor einem","robots":{"index":"index","follow":"follow","max-snippet":"max-snippet:-1","max-image-preview":"max-image-preview:large","max-video-preview":"max-video-preview:-1"},"canonical":"https:\/\/www.sonnenseite.com\/de\/energie\/elektrofahrzeuge-koennen-umwelt-und-stromversorgung-entlasten\/","og_locale":"de_DE","og_type":"article","og_title":"Elektrofahrzeuge k\u00f6nnen Umwelt und Stromversorgung entlasten - Sonnenseite - \u00d6kologische Kommunikation mit Franz Alt","og_description":"Neue Studie zu Elektromobilit\u00e4t zeigt Chancen und\u00a0Risiken auf. Durch die erwartete Zunahme von Elektrofahrzeugen steht die Autoindustrie vor einem","og_url":"https:\/\/www.sonnenseite.com\/de\/energie\/elektrofahrzeuge-koennen-umwelt-und-stromversorgung-entlasten\/","og_site_name":"Sonnenseite","article_publisher":"https:\/\/www.facebook.com\/pages\/Franz-Alt-SONNENSEITECOM\/221072987903953?fref=ts","article_published_time":"2012-07-25T22:00:00+00:00","og_image":[{"width":770,"height":420,"url":"https:\/\/www.sonnenseite.com\/wp-content\/uploads\/2020\/06\/archiv_artikel.jpg","type":"image\/jpeg"}],"author":"sbade","twitter_card":"summary_large_image","twitter_creator":"@franzalt","twitter_site":"@franzalt","twitter_misc":{"Verfasst von":"sbade","Gesch\u00e4tzte Lesezeit":"4\u00a0Minuten"},"schema":{"@context":"https:\/\/schema.org","@graph":[{"@type":"Article","@id":"https:\/\/www.sonnenseite.com\/de\/energie\/elektrofahrzeuge-koennen-umwelt-und-stromversorgung-entlasten\/#article","isPartOf":{"@id":"https:\/\/www.sonnenseite.com\/de\/energie\/elektrofahrzeuge-koennen-umwelt-und-stromversorgung-entlasten\/"},"author":{"name":"sbade","@id":"https:\/\/www.sonnenseite.com\/de\/#\/schema\/person\/6df44691cd9a70d99e140e1116ee8771"},"headline":"Elektrofahrzeuge k\u00f6nnen Umwelt und Stromversorgung entlasten","datePublished":"2012-07-25T22:00:00+00:00","mainEntityOfPage":{"@id":"https:\/\/www.sonnenseite.com\/de\/energie\/elektrofahrzeuge-koennen-umwelt-und-stromversorgung-entlasten\/"},"wordCount":808,"publisher":{"@id":"https:\/\/www.sonnenseite.com\/de\/#organization"},"image":{"@id":"https:\/\/www.sonnenseite.com\/de\/energie\/elektrofahrzeuge-koennen-umwelt-und-stromversorgung-entlasten\/#primaryimage"},"thumbnailUrl":"https:\/\/www.sonnenseite.com\/wp-content\/uploads\/2020\/06\/archiv_artikel.jpg","articleSection":["Energie"],"inLanguage":"de"},{"@type":"WebPage","@id":"https:\/\/www.sonnenseite.com\/de\/energie\/elektrofahrzeuge-koennen-umwelt-und-stromversorgung-entlasten\/","url":"https:\/\/www.sonnenseite.com\/de\/energie\/elektrofahrzeuge-koennen-umwelt-und-stromversorgung-entlasten\/","name":"Elektrofahrzeuge k\u00f6nnen Umwelt und Stromversorgung entlasten - Sonnenseite - \u00d6kologische Kommunikation mit Franz Alt","isPartOf":{"@id":"https:\/\/www.sonnenseite.com\/de\/#website"},"primaryImageOfPage":{"@id":"https:\/\/www.sonnenseite.com\/de\/energie\/elektrofahrzeuge-koennen-umwelt-und-stromversorgung-entlasten\/#primaryimage"},"image":{"@id":"https:\/\/www.sonnenseite.com\/de\/energie\/elektrofahrzeuge-koennen-umwelt-und-stromversorgung-entlasten\/#primaryimage"},"thumbnailUrl":"https:\/\/www.sonnenseite.com\/wp-content\/uploads\/2020\/06\/archiv_artikel.jpg","datePublished":"2012-07-25T22:00:00+00:00","description":"Neue Studie zu Elektromobilit\u00e4t zeigt Chancen und\u00a0Risiken auf. Durch die erwartete Zunahme von Elektrofahrzeugen steht die Autoindustrie vor einem","breadcrumb":{"@id":"https:\/\/www.sonnenseite.com\/de\/energie\/elektrofahrzeuge-koennen-umwelt-und-stromversorgung-entlasten\/#breadcrumb"},"inLanguage":"de","potentialAction":[{"@type":"ReadAction","target":["https:\/\/www.sonnenseite.com\/de\/energie\/elektrofahrzeuge-koennen-umwelt-und-stromversorgung-entlasten\/"]}]},{"@type":"ImageObject","inLanguage":"de","@id":"https:\/\/www.sonnenseite.com\/de\/energie\/elektrofahrzeuge-koennen-umwelt-und-stromversorgung-entlasten\/#primaryimage","url":"https:\/\/www.sonnenseite.com\/wp-content\/uploads\/2020\/06\/archiv_artikel.jpg","contentUrl":"https:\/\/www.sonnenseite.com\/wp-content\/uploads\/2020\/06\/archiv_artikel.jpg","width":770,"height":420,"caption":"Sonnenseite"},{"@type":"BreadcrumbList","@id":"https:\/\/www.sonnenseite.com\/de\/energie\/elektrofahrzeuge-koennen-umwelt-und-stromversorgung-entlasten\/#breadcrumb","itemListElement":[{"@type":"ListItem","position":1,"name":"Startseite","item":"https:\/\/www.sonnenseite.com\/de\/"},{"@type":"ListItem","position":2,"name":"Elektrofahrzeuge k\u00f6nnen Umwelt und Stromversorgung entlasten"}]},{"@type":"WebSite","@id":"https:\/\/www.sonnenseite.com\/de\/#website","url":"https:\/\/www.sonnenseite.com\/de\/","name":"Sonnenseite","description":"\u00d6kologische Kommunikation mit Franz Alt","publisher":{"@id":"https:\/\/www.sonnenseite.com\/de\/#organization"},"potentialAction":[{"@type":"SearchAction","target":{"@type":"EntryPoint","urlTemplate":"https:\/\/www.sonnenseite.com\/de\/?s={search_term_string}"},"query-input":{"@type":"PropertyValueSpecification","valueRequired":true,"valueName":"search_term_string"}}],"inLanguage":"de"},{"@type":"Organization","@id":"https:\/\/www.sonnenseite.com\/de\/#organization","name":"Sonnenseite","url":"https:\/\/www.sonnenseite.com\/de\/","logo":{"@type":"ImageObject","inLanguage":"de","@id":"https:\/\/www.sonnenseite.com\/de\/#\/schema\/logo\/image\/","url":"https:\/\/www.sonnenseite.com\/wp-content\/uploads\/2020\/05\/Sonnenseite_Logo.png","contentUrl":"https:\/\/www.sonnenseite.com\/wp-content\/uploads\/2020\/05\/Sonnenseite_Logo.png","width":377,"height":90,"caption":"Sonnenseite"},"image":{"@id":"https:\/\/www.sonnenseite.com\/de\/#\/schema\/logo\/image\/"},"sameAs":["https:\/\/www.facebook.com\/pages\/Franz-Alt-SONNENSEITECOM\/221072987903953?fref=ts","https:\/\/x.com\/franzalt","http:\/\/www.youtube.com\/results?search_query&amp;amp;quot;franz_alt&amp;amp;quot;&amp;amp;amp;amp;search_type&amp;amp;amp;amp;aq=f"]},{"@type":"Person","@id":"https:\/\/www.sonnenseite.com\/de\/#\/schema\/person\/6df44691cd9a70d99e140e1116ee8771","name":"sbade","sameAs":["https:\/\/www.sonnenseite.com"]}]}},"_links":{"self":[{"href":"https:\/\/www.sonnenseite.com\/de\/wp-json\/wp\/v2\/posts\/56187","targetHints":{"allow":["GET"]}}],"collection":[{"href":"https:\/\/www.sonnenseite.com\/de\/wp-json\/wp\/v2\/posts"}],"about":[{"href":"https:\/\/www.sonnenseite.com\/de\/wp-json\/wp\/v2\/types\/post"}],"author":[{"embeddable":true,"href":"https:\/\/www.sonnenseite.com\/de\/wp-json\/wp\/v2\/users\/1"}],"replies":[{"embeddable":true,"href":"https:\/\/www.sonnenseite.com\/de\/wp-json\/wp\/v2\/comments?post=56187"}],"version-history":[{"count":0,"href":"https:\/\/www.sonnenseite.com\/de\/wp-json\/wp\/v2\/posts\/56187\/revisions"}],"wp:featuredmedia":[{"embeddable":true,"href":"https:\/\/www.sonnenseite.com\/de\/wp-json\/wp\/v2\/media\/50987"}],"wp:attachment":[{"href":"https:\/\/www.sonnenseite.com\/de\/wp-json\/wp\/v2\/media?parent=56187"}],"wp:term":[{"taxonomy":"category","embeddable":true,"href":"https:\/\/www.sonnenseite.com\/de\/wp-json\/wp\/v2\/categories?post=56187"},{"taxonomy":"post_tag","embeddable":true,"href":"https:\/\/www.sonnenseite.com\/de\/wp-json\/wp\/v2\/tags?post=56187"}],"curies":[{"name":"wp","href":"https:\/\/api.w.org\/{rel}","templated":true}]}}