{"id":56243,"date":"2012-07-17T00:00:00","date_gmt":"2012-07-16T22:00:00","guid":{"rendered":"https:\/\/www.sonnenseite.com\/politik\/nach-dem-umweltgipfel-rio20-wer-mitmacht-gewinnt.html"},"modified":"2012-07-17T00:00:00","modified_gmt":"2012-07-16T22:00:00","slug":"nach-dem-umweltgipfel-rio20-wer-mitmacht-gewinnt","status":"publish","type":"post","link":"https:\/\/www.sonnenseite.com\/de\/politik\/nach-dem-umweltgipfel-rio20-wer-mitmacht-gewinnt\/","title":{"rendered":"Nach dem Umweltgipfel Rio+20 &#8211; Wer mitmacht, gewinnt"},"content":{"rendered":"<p>Mit zwei Wochen Abstand zum Nachhaltigkeitsgipfel in Rio muss man klar sagen: die USA und die Entwicklungsl\u00e4nder haben ihn scheitern lassen. Jetzt ist Zeit f\u00fcr Allianzen der Willigen, die die \u00f6kologischen Pioniere zu Gewinnern machen. Eine Au\u00dfenansicht von Ernst Ulrich von Weizs\u00e4cker <!--more--> <\/p>\n<p><!--[if gte mso 10]> <mce:style><!   \/* Style Definitions *\/  table.MsoNormalTable \t{mso-style-name:\"Normale Tabelle\"; \tmso-tstyle-rowband-size:0; \tmso-tstyle-colband-size:0; \tmso-style-noshow:yes; \tmso-style-priority:99; \tmso-style-qformat:yes; \tmso-style-parent:\"\"; \tmso-padding-alt:0cm 5.4pt 0cm 5.4pt; \tmso-para-margin:0cm; \tmso-para-margin-bottom:.0001pt; \tmso-pagination:widow-orphan; \tfont-size:11.0pt; \tfont-family:\"Calibri\",\"sans-serif\"; \tmso-ascii-font-family:Calibri; \tmso-ascii-theme-font:minor-latin; \tmso-fareast-font-family:\"Times New Roman\"; \tmso-fareast-theme-font:minor-fareast; \tmso-hansi-font-family:Calibri; \tmso-hansi-theme-font:minor-latin; \tmso-bidi-font-family:\"Times New Roman\"; \tmso-bidi-theme-font:minor-bidi;} --> Zwei Wochen sind nach dem <a href=\"http:\/\/www.sueddeutsche.de\/wissen\/reaktionen-auf-un-klimagipfel-in-rio-kein-rueckschritt-ist-schon-ein-erfolg-1.1391539\" target=\"_blank\" rel=\"noopener noreferrer\">UN-Gipfel Rio+20<\/a> vergangen. Der Staub hat sich gelegt, so wie auch die diplomatische Lobhudelei f\u00fcr das Gastland <a href=\"http:\/\/www.sueddeutsche.de\/thema\/Brasilien\" target=\"_blank\" rel=\"noopener noreferrer\">Brasilien<\/a>. Reflexion ist angesagt <a href=\"http:\/\/www.sueddeutsche.de\/thema\/UN\" target=\"_blank\" rel=\"noopener noreferrer\">und<\/a> ein Blick auf die Zukunft von Gro\u00dfkonferenzen.<\/p>\n<p><!--[if gte mso 10]> <mce:style><!   \/* Style Definitions *\/  table.MsoNormalTable \t{mso-style-name:\"Normale Tabelle\"; \tmso-tstyle-rowband-size:0; \tmso-tstyle-colband-size:0; \tmso-style-noshow:yes; \tmso-style-priority:99; \tmso-style-qformat:yes; \tmso-style-parent:\"\"; \tmso-padding-alt:0cm 5.4pt 0cm 5.4pt; \tmso-para-margin:0cm; \tmso-para-margin-bottom:.0001pt; \tmso-pagination:widow-orphan; \tfont-size:11.0pt; \tfont-family:\"Calibri\",\"sans-serif\"; \tmso-ascii-font-family:Calibri; \tmso-ascii-theme-font:minor-latin; \tmso-fareast-font-family:\"Times New Roman\"; \tmso-fareast-theme-font:minor-fareast; \tmso-hansi-font-family:Calibri; \tmso-hansi-theme-font:minor-latin; \tmso-bidi-font-family:\"Times New Roman\"; \tmso-bidi-theme-font:minor-bidi;} --> Das <a href=\"http:\/\/www.sueddeutsche.de\/wissen\/merkel-und-der-rio-umweltgipfel-die-weltrettung-kommt-spaeter-1.1393420\" target=\"_blank\" rel=\"noopener noreferrer\">konkrete Ergebnis war null<\/a>. Mit M\u00fche konnte verhindert werden, dass die Ergebnisse des \u00f6kologisch ehrgeizigen <a href=\"http:\/\/de.wikipedia.org\/wiki\/Konferenz_der_Vereinten_Nationen_%C3%BCber_Umwelt_und_Entwicklung\" target=\"_blank\" rel=\"noopener noreferrer\">Erdgipfels von <\/a><a href=\"http:\/\/www.sueddeutsche.de\/thema\/Rio_de_Janeiro\" target=\"_blank\" rel=\"noopener noreferrer\">Rio de Janeiro<\/a> 1992 zerfleddert wurden. Das w\u00e4re dann Rio minus 20 gewesen. Und genau das h\u00e4tte Brasilien, den <a href=\"http:\/\/www.sueddeutsche.de\/thema\/USA\" target=\"_blank\" rel=\"noopener noreferrer\">USA<\/a> und fast allen Entwicklungsl\u00e4ndern gut gefallen. Wirtschaft, Wachstum, Freihandel waren deren Agenda, Nachhaltigkeit nur noch ein Tarnwort. Die Umwelt galt den meisten Verhandlern nur noch als St\u00f6renfried im Wachstumsrausch.<\/p>\n<p>Das ist nun karikaturhaft \u00fcberzogen. Die Entwicklungsl\u00e4nder wollen halt Entwicklung. Das wollten sie schon immer. Und der Norden will Arbeitspl\u00e4tze, das wollte er schon immer. Wenn Menschen verhandeln, geht es immer um Menschen. Wir leben im Anthropoz\u00e4n, so nennt es Nobelpreistr\u00e4ger <a href=\"http:\/\/de.wikipedia.org\/wiki\/Paul_J._Crutzen\" target=\"_blank\" rel=\"noopener noreferrer\">Paul Crutzen<\/a><\/p>\n<p>Der <a href=\"http:\/\/www.worldsummit2002.de\/web\/joburg\/167.html\" target=\"_blank\" rel=\"noopener noreferrer\">Erdgipfel von Rio 1992<\/a> war die Ausnahme von dieser Regel. Das Aufatmen nach dem Ende des Kalten Krieges f\u00fchrte 1992 zu einer Aufbruchsstimmung. Eine Welt des Friedens und der gesunden Umwelt wurde beschworen.<\/p>\n<p>Da wurde die <a href=\"http:\/\/de.wikipedia.org\/wiki\/Klimarahmenkonvention_der_Vereinten_Nationen\" target=\"_blank\" rel=\"noopener noreferrer\">Klima-Rahmenkonvention<\/a> beschlossen. Da wurde die <a href=\"http:\/\/de.wikipedia.org\/wiki\/Biodiversit%C3%A4ts-Konvention\" target=\"_blank\" rel=\"noopener noreferrer\">Biodiversit\u00e4tskonvention<\/a> beschlossen, um die Ausrottung von Tier- und Pflanzenarten endlich zu stoppen und den Norden zu verpflichten, dem S\u00fcden einen fairen Ausgleich f\u00fcr die Entnahme von biologischen Sch\u00e4tzen zu geben.<\/p>\n<p>Da wurde die <a href=\"http:\/\/de.wikipedia.org\/wiki\/Agenda_21\" target=\"_blank\" rel=\"noopener noreferrer\">Agenda 21<\/a> beschlossen, das \u00f6kologisch-\u00f6konomische Pflichtenheft f\u00fcr das 21. Jahrhundert. Und die Rio-Prinzipien gaben allem einen grunds\u00e4tzlichen Rahmen, unter Einschluss des von den <a href=\"http:\/\/www.sueddeutsche.de\/thema\/USA\" target=\"_blank\" rel=\"noopener noreferrer\">USA<\/a> sonst immer abgelehnten Vorsorgeprinzips. \u00d6kologisch gesehen war Rio 1992 gar nicht zu toppen. Aber man h\u00e4tte sich 20 Jahre sp\u00e4ter konkrete Schritte zur Umsetzung gew\u00fcnscht. Genau das scheiterte aber am \u00f6konomistischen Zeitgeist.<\/p>\n<p>Es gab einzelne positive Aspekte. Technikfolgenabsch\u00e4tzung wurde endlich auf UN-Ebene als w\u00fcnschenswert verankert, auch eine Wohlstandserfassung jenseits des Umsatzma\u00dfstabs BIP wurde gutgehei\u00dfen. <a href=\"http:\/\/www.sueddeutsche.de\/thema\/UN\" target=\"_blank\" rel=\"noopener noreferrer\">Und<\/a> im Lager der neun &#8222;Major Groups&#8220; (Frauen, Arbeitnehmer, Umweltgruppen, Indigene, Wissenschaft u. a.) gab es unter acht von ihnen einen vielversprechenden Vorschlag; blo\u00df die neunte Major Group, Business, war dagegen.<\/p>\n<p><a href=\"http:\/\/de.wikipedia.org\/wiki\/Achim_Steiner\" target=\"_blank\" rel=\"noopener noreferrer\">Achim Steiner<\/a>, der Exekutivdirektor des UN-Umweltprogramms <a href=\"http:\/\/www.unep.org\/\" target=\"_blank\" rel=\"noopener noreferrer\">UNEP<\/a>, hatte an sich gute Vorarbeit f\u00fcr Rio geleistet: Die <a href=\"http:\/\/de.wikipedia.org\/wiki\/Green_Economy\" target=\"_blank\" rel=\"noopener noreferrer\">Green Economy<\/a> sollte es richten. Wachstum ja, aber naturvertr\u00e4glich. Sofort jedoch kam Misstrauen der Entwicklungsl\u00e4nder auf: Gr\u00fcne Wirtschaft dient doch blo\u00df dem reichen Norden, der sich den teuren Umweltschutz bereits leisten kann. Und die Europ\u00e4er haben doch nichts anderes im Sinn als Protektionismus, und diesmal malen sie diesen eben gr\u00fcn an.<\/p>\n<p><a href=\"http:\/\/www.sueddeutsche.de\/thema\/Achim_Steiner\" target=\"_blank\" rel=\"noopener noreferrer\">Achim Steiner<\/a>, die europ\u00e4ischen und afrikanischen Staaten w\u00fcnschten sich auch die l\u00e4ngst \u00fcberf\u00e4llige Aufwertung des UNEP von einem Programm zu einer eigenst\u00e4ndigen UN-Organisation. Doch aus Washington schallte es: nicht mit uns. Neue Organisationen sind nicht im Interesse Amerikas. Dieser Standardsatz gen\u00fcgt f\u00fcr das US-amerikanische Veto. Seit Ronald Reagan in den fr\u00fchen 1980er Jahren haben die USA aufgeh\u00f6rt, internationale Vereinbarungen zu wollen.<\/p>\n<p>Also sabotieren sie den Prozess. Wenn Obama es gewagt h\u00e4tte, in Rio aufzutauchen und sich kooperativ zu zeigen (ich unterstelle ihm, dass er das gern getan h\u00e4tte), h\u00e4tte das seine Wahlchancen im Herbst schwer belastet: Die Mitte der <a href=\"http:\/\/www.sueddeutsche.de\/thema\/USA\" target=\"_blank\" rel=\"noopener noreferrer\">USA<\/a>, das Heartland America, tickt anders.<\/p>\n<p>Da herrscht die &#8222;mir san mir&#8220;-Mentalit\u00e4t. F\u00fcr einen gewissen Senator aus Oklahoma gibt es kein Klimaproblem, kein Biodiversit\u00e4tsproblem <a href=\"http:\/\/www.sueddeutsche.de\/thema\/UN\" target=\"_blank\" rel=\"noopener noreferrer\">und<\/a> keine &#8222;green economy&#8220;. Drau\u00dfen gibt es f\u00fcr ihn nur die sozialistischen Europ\u00e4er, die gef\u00e4hrlichen Chinesen, terroristische Muslime, die nimmersatten Entwicklungsl\u00e4nder, <a href=\"http:\/\/www.sueddeutsche.de\/thema\/UN\" target=\"_blank\" rel=\"noopener noreferrer\">und<\/a> obendrauf die UNO, die der amerikanische Steuerzahler schrecklicherweise auch noch mitfinanzieren muss. Wenn sich hundert Millionen Wahlberechtigte mit diesem einfachen Weltbild begn\u00fcgen, ist es schwierig, das Land zu regieren.<\/p>\n<p>Nach dem Null-Ergebnis von Rio+20 macht sich die Stimmung breit, solche Gro\u00dfkonferenzen machten heute keinen Sinn mehr. Diese Resignation ist exakt das, was konservative Amerikaner wollen. Global Governance halten sie f\u00fcr anma\u00dfend und Amerika-feindlich. Lasst doch die M\u00e4rkte entscheiden, wohin die Welt steuert, das ist die Ausrede der Verhandlungssaboteure. Wenn sich diese Stimmung weltweit durchsetzt, war es ein wirklicher Katastrophengipfel, nicht nur ein Null-Gipfel.<\/p>\n<p>Doch wo ist dann die Perspektive? Nun, ich sehe sie in Allianzen der Willigen. F\u00fcr die weltweite Durchsetzung der H\u00fchnerzucht oder des Laptops bedurfte es keiner weltweiten vetofreien Konferenzen. Die Pioniere waren die Gewinner, nicht die Verlierer. Es kommt also darauf an, \u00f6kologische Pioniere zu Gewinnern zu machen.<\/p>\n<p>Bei der lokalen Schadstoffbek\u00e4mpfung haben wir das geschafft. Im Schmutz und Gift will keiner mehr leben. Die n\u00e4chste Phase ist die \u00dcberwindung der Verschwendung. Wer so leben will wie die Leute in Oklahoma, ist auf Dauer auf billiges \u00d6l angewiesen. Das geht mit Peak Oil zu Ende. Europa und Asien haben hier einen Vorteil, und den k\u00f6nnen sie noch weiter ausbauen. Ich pl\u00e4diere f\u00fcr eine Verf\u00fcnffachung der Energie- und Ressourcenproduktivit\u00e4t. Wer da die Nase vorn hat, braucht den Welthandel nicht zu f\u00fcrchten.<\/p>\n<p>Ich pl\u00e4diere weiter daf\u00fcr, Energie und Rohstoffe in dem Umfang teurer zu machen, wie die Effizienz zunimmt. Dann steigen die monatlichen Energiekosten im Durchschnitt nicht an. Mit Sonderregeln f\u00fcr \u00e4rmere Haushalte und die Industrie kann man Br\u00fcche vermeiden. Die verl\u00e4ssliche Erwartung eines Preispfads dieser Art beschleunigt die Effizienzverbesserung enorm.<\/p>\n<p>Man wird unabh\u00e4ngiger von \u00d6limporten und feiert Exporterfolge mit Effizienz. Wenn wir Europ\u00e4er uns mit Asiaten auf so eine Politik einigen, w\u00e4chst der Markt f\u00fcr gr\u00fcne Technik sprunghaft an. Das Nachsehen haben die, die uns in Rio+20 st\u00e4ndig ge\u00e4rgert haben, und es bleibt ihnen auf Dauer keine andere Wahl als mitzumachen.<\/p>\n<p>Dann kann man weiter zu Gro\u00dfkonferenzen zusammenkommen. Die sind durchaus n\u00fctzlich f\u00fcr die Bewusstseinsbildung, den Druck in Richtung von Anstandsregeln und technischen Standards. Sie m\u00fcssen nur unterf\u00fcttert werden mit halbwegs konkreten Ergebnissen, umgesetzt durch die Allianzen der Willigen. Dann k\u00f6nnte sich zeigen: Wer mitmacht, gewinnt.<\/p>\n<h5 class=\"green\">Quelle<\/h5>\n<p>Mit freundlicher Genehmigung von Ernst Ulrich von Weizs\u00e4cker 2012Erstver\u00f6ffentlichung in S\u00fcddeutsche.de | 10.07.2012<\/p>\n<div class=\"shariff shariff-align-flex-start shariff-widget-align-flex-start\"><div class=\"ShariffHeadline\">Diese Meldung teilen<\/div><ul class=\"shariff-buttons theme-round orientation-horizontal buttonsize-medium\"><li class=\"shariff-button facebook shariff-nocustomcolor\" style=\"background-color:#4273c8;border-radius:1%\"><a href=\"https:\/\/www.facebook.com\/sharer\/sharer.php?u=https%3A%2F%2Fwww.sonnenseite.com%2Fde%2Fpolitik%2Fnach-dem-umweltgipfel-rio20-wer-mitmacht-gewinnt%2F\" title=\"Bei Facebook teilen\" aria-label=\"Bei Facebook teilen\" role=\"button\" rel=\"nofollow\" class=\"shariff-link\" style=\";border-radius:1%; background-color:#3b5998; color:#fff\" target=\"_blank\"><span class=\"shariff-icon\" style=\"\"><svg width=\"32px\" height=\"20px\" xmlns=\"http:\/\/www.w3.org\/2000\/svg\" viewBox=\"0 0 18 32\"><path fill=\"#3b5998\" d=\"M17.1 0.2v4.7h-2.8q-1.5 0-2.1 0.6t-0.5 1.9v3.4h5.2l-0.7 5.3h-4.5v13.6h-5.5v-13.6h-4.5v-5.3h4.5v-3.9q0-3.3 1.9-5.2t5-1.8q2.6 0 4.1 0.2z\"\/><\/svg><\/span><\/a><\/li><li class=\"shariff-button twitter shariff-nocustomcolor\" style=\"background-color:#595959;border-radius:1%\"><a href=\"https:\/\/twitter.com\/share?url=https%3A%2F%2Fwww.sonnenseite.com%2Fde%2Fpolitik%2Fnach-dem-umweltgipfel-rio20-wer-mitmacht-gewinnt%2F&text=Nach%20dem%20Umweltgipfel%20Rio%2B20%20%E2%80%93%20Wer%20mitmacht%2C%20gewinnt\" title=\"Bei X teilen\" aria-label=\"Bei X teilen\" role=\"button\" rel=\"noopener nofollow\" class=\"shariff-link\" style=\";border-radius:1%; background-color:#000; color:#fff\" target=\"_blank\"><span class=\"shariff-icon\" style=\"\"><svg width=\"32px\" height=\"20px\" xmlns=\"http:\/\/www.w3.org\/2000\/svg\" viewBox=\"0 0 24 24\"><path fill=\"#000\" d=\"M14.258 10.152L23.176 0h-2.113l-7.747 8.813L7.133 0H0l9.352 13.328L0 23.973h2.113l8.176-9.309 6.531 9.309h7.133zm-2.895 3.293l-.949-1.328L2.875 1.56h3.246l6.086 8.523.945 1.328 7.91 11.078h-3.246zm0 0\"\/><\/svg><\/span><\/a><\/li><li class=\"shariff-button xing shariff-nocustomcolor\" style=\"background-color:#29888a;border-radius:1%\"><a href=\"https:\/\/www.xing.com\/spi\/shares\/new?url=https%3A%2F%2Fwww.sonnenseite.com%2Fde%2Fpolitik%2Fnach-dem-umweltgipfel-rio20-wer-mitmacht-gewinnt%2F\" title=\"Bei XING teilen\" aria-label=\"Bei XING teilen\" role=\"button\" rel=\"noopener nofollow\" class=\"shariff-link\" style=\";border-radius:1%; background-color:#126567; color:#fff\" target=\"_blank\"><span class=\"shariff-icon\" style=\"\"><svg width=\"32px\" height=\"20px\" xmlns=\"http:\/\/www.w3.org\/2000\/svg\" viewBox=\"0 0 25 32\"><path fill=\"#126567\" d=\"M10.7 11.9q-0.2 0.3-4.6 8.2-0.5 0.8-1.2 0.8h-4.3q-0.4 0-0.5-0.3t0-0.6l4.5-8q0 0 0 0l-2.9-5q-0.2-0.4 0-0.7 0.2-0.3 0.5-0.3h4.3q0.7 0 1.2 0.8zM25.1 0.4q0.2 0.3 0 0.7l-9.4 16.7 6 11q0.2 0.4 0 0.6-0.2 0.3-0.6 0.3h-4.3q-0.7 0-1.2-0.8l-6-11.1q0.3-0.6 9.5-16.8 0.4-0.8 1.2-0.8h4.3q0.4 0 0.5 0.3z\"\/><\/svg><\/span><\/a><\/li><li class=\"shariff-button linkedin shariff-nocustomcolor\" style=\"background-color:#1488bf;border-radius:1%\"><a href=\"https:\/\/www.linkedin.com\/sharing\/share-offsite\/?url=https%3A%2F%2Fwww.sonnenseite.com%2Fde%2Fpolitik%2Fnach-dem-umweltgipfel-rio20-wer-mitmacht-gewinnt%2F\" title=\"Bei LinkedIn teilen\" aria-label=\"Bei LinkedIn teilen\" role=\"button\" rel=\"noopener nofollow\" class=\"shariff-link\" style=\";border-radius:1%; background-color:#0077b5; color:#fff\" target=\"_blank\"><span class=\"shariff-icon\" style=\"\"><svg width=\"32px\" height=\"20px\" xmlns=\"http:\/\/www.w3.org\/2000\/svg\" viewBox=\"0 0 27 32\"><path fill=\"#0077b5\" d=\"M6.2 11.2v17.7h-5.9v-17.7h5.9zM6.6 5.7q0 1.3-0.9 2.2t-2.4 0.9h0q-1.5 0-2.4-0.9t-0.9-2.2 0.9-2.2 2.4-0.9 2.4 0.9 0.9 2.2zM27.4 18.7v10.1h-5.9v-9.5q0-1.9-0.7-2.9t-2.3-1.1q-1.1 0-1.9 0.6t-1.2 1.5q-0.2 0.5-0.2 1.4v9.9h-5.9q0-7.1 0-11.6t0-5.3l0-0.9h5.9v2.6h0q0.4-0.6 0.7-1t1-0.9 1.6-0.8 2-0.3q3 0 4.9 2t1.9 6z\"\/><\/svg><\/span><\/a><\/li><li class=\"shariff-button printer shariff-nocustomcolor\" style=\"background-color:#a8a8a8;border-radius:1%\"><a href=\"javascript:window.print()\" title=\"drucken\" aria-label=\"drucken\" role=\"button\" rel=\"noopener nofollow\" class=\"shariff-link\" style=\";border-radius:1%; background-color:#999; color:#fff\"><span class=\"shariff-icon\" style=\"\"><svg width=\"32px\" height=\"20px\" xmlns=\"http:\/\/www.w3.org\/2000\/svg\" viewBox=\"0 0 30 32\"><path fill=\"#999\" d=\"M6.8 27.4h16v-4.6h-16v4.6zM6.8 16h16v-6.8h-2.8q-0.7 0-1.2-0.5t-0.5-1.2v-2.8h-11.4v11.4zM27.4 17.2q0-0.5-0.3-0.8t-0.8-0.4-0.8 0.4-0.3 0.8 0.3 0.8 0.8 0.3 0.8-0.3 0.3-0.8zM29.7 17.2v7.4q0 0.2-0.2 0.4t-0.4 0.2h-4v2.8q0 0.7-0.5 1.2t-1.2 0.5h-17.2q-0.7 0-1.2-0.5t-0.5-1.2v-2.8h-4q-0.2 0-0.4-0.2t-0.2-0.4v-7.4q0-1.4 1-2.4t2.4-1h1.2v-9.7q0-0.7 0.5-1.2t1.2-0.5h12q0.7 0 1.6 0.4t1.3 0.8l2.7 2.7q0.5 0.5 0.9 1.4t0.4 1.6v4.6h1.1q1.4 0 2.4 1t1 2.4z\"\/><\/svg><\/span><\/a><\/li><li class=\"shariff-button mailto shariff-nocustomcolor\" style=\"background-color:#a8a8a8;border-radius:1%\"><a href=\"mailto:?body=https%3A%2F%2Fwww.sonnenseite.com%2Fde%2Fpolitik%2Fnach-dem-umweltgipfel-rio20-wer-mitmacht-gewinnt%2F&subject=Nach%20dem%20Umweltgipfel%20Rio%2B20%20%E2%80%93%20Wer%20mitmacht%2C%20gewinnt\" title=\"Per E-Mail versenden\" aria-label=\"Per E-Mail versenden\" role=\"button\" rel=\"noopener nofollow\" class=\"shariff-link\" style=\";border-radius:1%; background-color:#999; color:#fff\"><span class=\"shariff-icon\" style=\"\"><svg width=\"32px\" height=\"20px\" xmlns=\"http:\/\/www.w3.org\/2000\/svg\" viewBox=\"0 0 32 32\"><path fill=\"#999\" d=\"M32 12.7v14.2q0 1.2-0.8 2t-2 0.9h-26.3q-1.2 0-2-0.9t-0.8-2v-14.2q0.8 0.9 1.8 1.6 6.5 4.4 8.9 6.1 1 0.8 1.6 1.2t1.7 0.9 2 0.4h0.1q0.9 0 2-0.4t1.7-0.9 1.6-1.2q3-2.2 8.9-6.1 1-0.7 1.8-1.6zM32 7.4q0 1.4-0.9 2.7t-2.2 2.2q-6.7 4.7-8.4 5.8-0.2 0.1-0.7 0.5t-1 0.7-0.9 0.6-1.1 0.5-0.9 0.2h-0.1q-0.4 0-0.9-0.2t-1.1-0.5-0.9-0.6-1-0.7-0.7-0.5q-1.6-1.1-4.7-3.2t-3.6-2.6q-1.1-0.7-2.1-2t-1-2.5q0-1.4 0.7-2.3t2.1-0.9h26.3q1.2 0 2 0.8t0.9 2z\"\/><\/svg><\/span><\/a><\/li><\/ul><\/div>","protected":false},"excerpt":{"rendered":"<p>Mit zwei Wochen Abstand zum Nachhaltigkeitsgipfel in Rio muss man klar sagen: die USA und die [&hellip;]<\/p>\n","protected":false},"author":1,"featured_media":50987,"comment_status":"closed","ping_status":"closed","sticky":false,"template":"","format":"standard","meta":{"inline_featured_image":false,"footnotes":""},"categories":[21],"tags":[],"class_list":["post-56243","post","type-post","status-publish","format-standard","has-post-thumbnail","hentry","category-politik"],"yoast_head":"<!-- This site is optimized with the Yoast SEO plugin v26.5 - https:\/\/yoast.com\/wordpress\/plugins\/seo\/ -->\n<title>Nach dem Umweltgipfel Rio+20 - Wer mitmacht, gewinnt - Sonnenseite - \u00d6kologische Kommunikation mit Franz Alt<\/title>\n<meta name=\"description\" content=\"Mit zwei Wochen Abstand zum Nachhaltigkeitsgipfel in Rio muss man klar sagen: die USA und die Entwicklungsl\u00e4nder haben ihn scheitern lassen. Jetzt ist\" \/>\n<meta name=\"robots\" content=\"index, follow, max-snippet:-1, max-image-preview:large, max-video-preview:-1\" \/>\n<link rel=\"canonical\" href=\"https:\/\/www.sonnenseite.com\/de\/politik\/nach-dem-umweltgipfel-rio20-wer-mitmacht-gewinnt\/\" \/>\n<meta property=\"og:locale\" content=\"de_DE\" \/>\n<meta property=\"og:type\" content=\"article\" \/>\n<meta property=\"og:title\" content=\"Nach dem Umweltgipfel Rio+20 - Wer mitmacht, gewinnt - Sonnenseite - \u00d6kologische Kommunikation mit Franz Alt\" \/>\n<meta property=\"og:description\" content=\"Mit zwei Wochen Abstand zum Nachhaltigkeitsgipfel in Rio muss man klar sagen: die USA und die Entwicklungsl\u00e4nder haben ihn scheitern lassen. Jetzt ist\" \/>\n<meta property=\"og:url\" content=\"https:\/\/www.sonnenseite.com\/de\/politik\/nach-dem-umweltgipfel-rio20-wer-mitmacht-gewinnt\/\" \/>\n<meta property=\"og:site_name\" content=\"Sonnenseite\" \/>\n<meta property=\"article:publisher\" content=\"https:\/\/www.facebook.com\/pages\/Franz-Alt-SONNENSEITECOM\/221072987903953?fref=ts\" \/>\n<meta property=\"article:published_time\" content=\"2012-07-16T22:00:00+00:00\" \/>\n<meta property=\"og:image\" content=\"https:\/\/www.sonnenseite.com\/wp-content\/uploads\/2020\/06\/archiv_artikel.jpg\" \/>\n\t<meta property=\"og:image:width\" content=\"770\" \/>\n\t<meta property=\"og:image:height\" content=\"420\" \/>\n\t<meta property=\"og:image:type\" content=\"image\/jpeg\" \/>\n<meta name=\"author\" content=\"sbade\" \/>\n<meta name=\"twitter:card\" content=\"summary_large_image\" \/>\n<meta name=\"twitter:creator\" content=\"@franzalt\" \/>\n<meta name=\"twitter:site\" content=\"@franzalt\" \/>\n<meta name=\"twitter:label1\" content=\"Verfasst von\" \/>\n\t<meta name=\"twitter:data1\" content=\"sbade\" \/>\n\t<meta name=\"twitter:label2\" content=\"Gesch\u00e4tzte Lesezeit\" \/>\n\t<meta name=\"twitter:data2\" content=\"5\u00a0Minuten\" \/>\n<script type=\"application\/ld+json\" class=\"yoast-schema-graph\">{\"@context\":\"https:\/\/schema.org\",\"@graph\":[{\"@type\":\"Article\",\"@id\":\"https:\/\/www.sonnenseite.com\/de\/politik\/nach-dem-umweltgipfel-rio20-wer-mitmacht-gewinnt\/#article\",\"isPartOf\":{\"@id\":\"https:\/\/www.sonnenseite.com\/de\/politik\/nach-dem-umweltgipfel-rio20-wer-mitmacht-gewinnt\/\"},\"author\":{\"name\":\"sbade\",\"@id\":\"https:\/\/www.sonnenseite.com\/de\/#\/schema\/person\/6df44691cd9a70d99e140e1116ee8771\"},\"headline\":\"Nach dem Umweltgipfel Rio+20 &#8211; Wer mitmacht, gewinnt\",\"datePublished\":\"2012-07-16T22:00:00+00:00\",\"mainEntityOfPage\":{\"@id\":\"https:\/\/www.sonnenseite.com\/de\/politik\/nach-dem-umweltgipfel-rio20-wer-mitmacht-gewinnt\/\"},\"wordCount\":1055,\"publisher\":{\"@id\":\"https:\/\/www.sonnenseite.com\/de\/#organization\"},\"image\":{\"@id\":\"https:\/\/www.sonnenseite.com\/de\/politik\/nach-dem-umweltgipfel-rio20-wer-mitmacht-gewinnt\/#primaryimage\"},\"thumbnailUrl\":\"https:\/\/www.sonnenseite.com\/wp-content\/uploads\/2020\/06\/archiv_artikel.jpg\",\"articleSection\":[\"Politik\"],\"inLanguage\":\"de\"},{\"@type\":\"WebPage\",\"@id\":\"https:\/\/www.sonnenseite.com\/de\/politik\/nach-dem-umweltgipfel-rio20-wer-mitmacht-gewinnt\/\",\"url\":\"https:\/\/www.sonnenseite.com\/de\/politik\/nach-dem-umweltgipfel-rio20-wer-mitmacht-gewinnt\/\",\"name\":\"Nach dem Umweltgipfel Rio+20 - Wer mitmacht, gewinnt - Sonnenseite - \u00d6kologische Kommunikation mit Franz Alt\",\"isPartOf\":{\"@id\":\"https:\/\/www.sonnenseite.com\/de\/#website\"},\"primaryImageOfPage\":{\"@id\":\"https:\/\/www.sonnenseite.com\/de\/politik\/nach-dem-umweltgipfel-rio20-wer-mitmacht-gewinnt\/#primaryimage\"},\"image\":{\"@id\":\"https:\/\/www.sonnenseite.com\/de\/politik\/nach-dem-umweltgipfel-rio20-wer-mitmacht-gewinnt\/#primaryimage\"},\"thumbnailUrl\":\"https:\/\/www.sonnenseite.com\/wp-content\/uploads\/2020\/06\/archiv_artikel.jpg\",\"datePublished\":\"2012-07-16T22:00:00+00:00\",\"description\":\"Mit zwei Wochen Abstand zum Nachhaltigkeitsgipfel in Rio muss man klar sagen: die USA und die Entwicklungsl\u00e4nder haben ihn scheitern lassen. Jetzt ist\",\"breadcrumb\":{\"@id\":\"https:\/\/www.sonnenseite.com\/de\/politik\/nach-dem-umweltgipfel-rio20-wer-mitmacht-gewinnt\/#breadcrumb\"},\"inLanguage\":\"de\",\"potentialAction\":[{\"@type\":\"ReadAction\",\"target\":[\"https:\/\/www.sonnenseite.com\/de\/politik\/nach-dem-umweltgipfel-rio20-wer-mitmacht-gewinnt\/\"]}]},{\"@type\":\"ImageObject\",\"inLanguage\":\"de\",\"@id\":\"https:\/\/www.sonnenseite.com\/de\/politik\/nach-dem-umweltgipfel-rio20-wer-mitmacht-gewinnt\/#primaryimage\",\"url\":\"https:\/\/www.sonnenseite.com\/wp-content\/uploads\/2020\/06\/archiv_artikel.jpg\",\"contentUrl\":\"https:\/\/www.sonnenseite.com\/wp-content\/uploads\/2020\/06\/archiv_artikel.jpg\",\"width\":770,\"height\":420,\"caption\":\"Sonnenseite\"},{\"@type\":\"BreadcrumbList\",\"@id\":\"https:\/\/www.sonnenseite.com\/de\/politik\/nach-dem-umweltgipfel-rio20-wer-mitmacht-gewinnt\/#breadcrumb\",\"itemListElement\":[{\"@type\":\"ListItem\",\"position\":1,\"name\":\"Startseite\",\"item\":\"https:\/\/www.sonnenseite.com\/de\/\"},{\"@type\":\"ListItem\",\"position\":2,\"name\":\"Nach dem Umweltgipfel Rio+20 &#8211; Wer mitmacht, gewinnt\"}]},{\"@type\":\"WebSite\",\"@id\":\"https:\/\/www.sonnenseite.com\/de\/#website\",\"url\":\"https:\/\/www.sonnenseite.com\/de\/\",\"name\":\"Sonnenseite\",\"description\":\"\u00d6kologische Kommunikation mit Franz Alt\",\"publisher\":{\"@id\":\"https:\/\/www.sonnenseite.com\/de\/#organization\"},\"potentialAction\":[{\"@type\":\"SearchAction\",\"target\":{\"@type\":\"EntryPoint\",\"urlTemplate\":\"https:\/\/www.sonnenseite.com\/de\/?s={search_term_string}\"},\"query-input\":{\"@type\":\"PropertyValueSpecification\",\"valueRequired\":true,\"valueName\":\"search_term_string\"}}],\"inLanguage\":\"de\"},{\"@type\":\"Organization\",\"@id\":\"https:\/\/www.sonnenseite.com\/de\/#organization\",\"name\":\"Sonnenseite\",\"url\":\"https:\/\/www.sonnenseite.com\/de\/\",\"logo\":{\"@type\":\"ImageObject\",\"inLanguage\":\"de\",\"@id\":\"https:\/\/www.sonnenseite.com\/de\/#\/schema\/logo\/image\/\",\"url\":\"https:\/\/www.sonnenseite.com\/wp-content\/uploads\/2020\/05\/Sonnenseite_Logo.png\",\"contentUrl\":\"https:\/\/www.sonnenseite.com\/wp-content\/uploads\/2020\/05\/Sonnenseite_Logo.png\",\"width\":377,\"height\":90,\"caption\":\"Sonnenseite\"},\"image\":{\"@id\":\"https:\/\/www.sonnenseite.com\/de\/#\/schema\/logo\/image\/\"},\"sameAs\":[\"https:\/\/www.facebook.com\/pages\/Franz-Alt-SONNENSEITECOM\/221072987903953?fref=ts\",\"https:\/\/x.com\/franzalt\",\"http:\/\/www.youtube.com\/results?search_query&amp;amp;quot;franz_alt&amp;amp;quot;&amp;amp;amp;amp;search_type&amp;amp;amp;amp;aq=f\"]},{\"@type\":\"Person\",\"@id\":\"https:\/\/www.sonnenseite.com\/de\/#\/schema\/person\/6df44691cd9a70d99e140e1116ee8771\",\"name\":\"sbade\",\"sameAs\":[\"https:\/\/www.sonnenseite.com\"]}]}<\/script>\n<!-- \/ Yoast SEO plugin. -->","yoast_head_json":{"title":"Nach dem Umweltgipfel Rio+20 - Wer mitmacht, gewinnt - Sonnenseite - \u00d6kologische Kommunikation mit Franz Alt","description":"Mit zwei Wochen Abstand zum Nachhaltigkeitsgipfel in Rio muss man klar sagen: die USA und die Entwicklungsl\u00e4nder haben ihn scheitern lassen. Jetzt ist","robots":{"index":"index","follow":"follow","max-snippet":"max-snippet:-1","max-image-preview":"max-image-preview:large","max-video-preview":"max-video-preview:-1"},"canonical":"https:\/\/www.sonnenseite.com\/de\/politik\/nach-dem-umweltgipfel-rio20-wer-mitmacht-gewinnt\/","og_locale":"de_DE","og_type":"article","og_title":"Nach dem Umweltgipfel Rio+20 - Wer mitmacht, gewinnt - Sonnenseite - \u00d6kologische Kommunikation mit Franz Alt","og_description":"Mit zwei Wochen Abstand zum Nachhaltigkeitsgipfel in Rio muss man klar sagen: die USA und die Entwicklungsl\u00e4nder haben ihn scheitern lassen. Jetzt ist","og_url":"https:\/\/www.sonnenseite.com\/de\/politik\/nach-dem-umweltgipfel-rio20-wer-mitmacht-gewinnt\/","og_site_name":"Sonnenseite","article_publisher":"https:\/\/www.facebook.com\/pages\/Franz-Alt-SONNENSEITECOM\/221072987903953?fref=ts","article_published_time":"2012-07-16T22:00:00+00:00","og_image":[{"width":770,"height":420,"url":"https:\/\/www.sonnenseite.com\/wp-content\/uploads\/2020\/06\/archiv_artikel.jpg","type":"image\/jpeg"}],"author":"sbade","twitter_card":"summary_large_image","twitter_creator":"@franzalt","twitter_site":"@franzalt","twitter_misc":{"Verfasst von":"sbade","Gesch\u00e4tzte Lesezeit":"5\u00a0Minuten"},"schema":{"@context":"https:\/\/schema.org","@graph":[{"@type":"Article","@id":"https:\/\/www.sonnenseite.com\/de\/politik\/nach-dem-umweltgipfel-rio20-wer-mitmacht-gewinnt\/#article","isPartOf":{"@id":"https:\/\/www.sonnenseite.com\/de\/politik\/nach-dem-umweltgipfel-rio20-wer-mitmacht-gewinnt\/"},"author":{"name":"sbade","@id":"https:\/\/www.sonnenseite.com\/de\/#\/schema\/person\/6df44691cd9a70d99e140e1116ee8771"},"headline":"Nach dem Umweltgipfel Rio+20 &#8211; Wer mitmacht, gewinnt","datePublished":"2012-07-16T22:00:00+00:00","mainEntityOfPage":{"@id":"https:\/\/www.sonnenseite.com\/de\/politik\/nach-dem-umweltgipfel-rio20-wer-mitmacht-gewinnt\/"},"wordCount":1055,"publisher":{"@id":"https:\/\/www.sonnenseite.com\/de\/#organization"},"image":{"@id":"https:\/\/www.sonnenseite.com\/de\/politik\/nach-dem-umweltgipfel-rio20-wer-mitmacht-gewinnt\/#primaryimage"},"thumbnailUrl":"https:\/\/www.sonnenseite.com\/wp-content\/uploads\/2020\/06\/archiv_artikel.jpg","articleSection":["Politik"],"inLanguage":"de"},{"@type":"WebPage","@id":"https:\/\/www.sonnenseite.com\/de\/politik\/nach-dem-umweltgipfel-rio20-wer-mitmacht-gewinnt\/","url":"https:\/\/www.sonnenseite.com\/de\/politik\/nach-dem-umweltgipfel-rio20-wer-mitmacht-gewinnt\/","name":"Nach dem Umweltgipfel Rio+20 - Wer mitmacht, gewinnt - Sonnenseite - \u00d6kologische Kommunikation mit Franz Alt","isPartOf":{"@id":"https:\/\/www.sonnenseite.com\/de\/#website"},"primaryImageOfPage":{"@id":"https:\/\/www.sonnenseite.com\/de\/politik\/nach-dem-umweltgipfel-rio20-wer-mitmacht-gewinnt\/#primaryimage"},"image":{"@id":"https:\/\/www.sonnenseite.com\/de\/politik\/nach-dem-umweltgipfel-rio20-wer-mitmacht-gewinnt\/#primaryimage"},"thumbnailUrl":"https:\/\/www.sonnenseite.com\/wp-content\/uploads\/2020\/06\/archiv_artikel.jpg","datePublished":"2012-07-16T22:00:00+00:00","description":"Mit zwei Wochen Abstand zum Nachhaltigkeitsgipfel in Rio muss man klar sagen: die USA und die Entwicklungsl\u00e4nder haben ihn scheitern lassen. Jetzt ist","breadcrumb":{"@id":"https:\/\/www.sonnenseite.com\/de\/politik\/nach-dem-umweltgipfel-rio20-wer-mitmacht-gewinnt\/#breadcrumb"},"inLanguage":"de","potentialAction":[{"@type":"ReadAction","target":["https:\/\/www.sonnenseite.com\/de\/politik\/nach-dem-umweltgipfel-rio20-wer-mitmacht-gewinnt\/"]}]},{"@type":"ImageObject","inLanguage":"de","@id":"https:\/\/www.sonnenseite.com\/de\/politik\/nach-dem-umweltgipfel-rio20-wer-mitmacht-gewinnt\/#primaryimage","url":"https:\/\/www.sonnenseite.com\/wp-content\/uploads\/2020\/06\/archiv_artikel.jpg","contentUrl":"https:\/\/www.sonnenseite.com\/wp-content\/uploads\/2020\/06\/archiv_artikel.jpg","width":770,"height":420,"caption":"Sonnenseite"},{"@type":"BreadcrumbList","@id":"https:\/\/www.sonnenseite.com\/de\/politik\/nach-dem-umweltgipfel-rio20-wer-mitmacht-gewinnt\/#breadcrumb","itemListElement":[{"@type":"ListItem","position":1,"name":"Startseite","item":"https:\/\/www.sonnenseite.com\/de\/"},{"@type":"ListItem","position":2,"name":"Nach dem Umweltgipfel Rio+20 &#8211; Wer mitmacht, gewinnt"}]},{"@type":"WebSite","@id":"https:\/\/www.sonnenseite.com\/de\/#website","url":"https:\/\/www.sonnenseite.com\/de\/","name":"Sonnenseite","description":"\u00d6kologische Kommunikation mit Franz Alt","publisher":{"@id":"https:\/\/www.sonnenseite.com\/de\/#organization"},"potentialAction":[{"@type":"SearchAction","target":{"@type":"EntryPoint","urlTemplate":"https:\/\/www.sonnenseite.com\/de\/?s={search_term_string}"},"query-input":{"@type":"PropertyValueSpecification","valueRequired":true,"valueName":"search_term_string"}}],"inLanguage":"de"},{"@type":"Organization","@id":"https:\/\/www.sonnenseite.com\/de\/#organization","name":"Sonnenseite","url":"https:\/\/www.sonnenseite.com\/de\/","logo":{"@type":"ImageObject","inLanguage":"de","@id":"https:\/\/www.sonnenseite.com\/de\/#\/schema\/logo\/image\/","url":"https:\/\/www.sonnenseite.com\/wp-content\/uploads\/2020\/05\/Sonnenseite_Logo.png","contentUrl":"https:\/\/www.sonnenseite.com\/wp-content\/uploads\/2020\/05\/Sonnenseite_Logo.png","width":377,"height":90,"caption":"Sonnenseite"},"image":{"@id":"https:\/\/www.sonnenseite.com\/de\/#\/schema\/logo\/image\/"},"sameAs":["https:\/\/www.facebook.com\/pages\/Franz-Alt-SONNENSEITECOM\/221072987903953?fref=ts","https:\/\/x.com\/franzalt","http:\/\/www.youtube.com\/results?search_query&amp;amp;quot;franz_alt&amp;amp;quot;&amp;amp;amp;amp;search_type&amp;amp;amp;amp;aq=f"]},{"@type":"Person","@id":"https:\/\/www.sonnenseite.com\/de\/#\/schema\/person\/6df44691cd9a70d99e140e1116ee8771","name":"sbade","sameAs":["https:\/\/www.sonnenseite.com"]}]}},"_links":{"self":[{"href":"https:\/\/www.sonnenseite.com\/de\/wp-json\/wp\/v2\/posts\/56243","targetHints":{"allow":["GET"]}}],"collection":[{"href":"https:\/\/www.sonnenseite.com\/de\/wp-json\/wp\/v2\/posts"}],"about":[{"href":"https:\/\/www.sonnenseite.com\/de\/wp-json\/wp\/v2\/types\/post"}],"author":[{"embeddable":true,"href":"https:\/\/www.sonnenseite.com\/de\/wp-json\/wp\/v2\/users\/1"}],"replies":[{"embeddable":true,"href":"https:\/\/www.sonnenseite.com\/de\/wp-json\/wp\/v2\/comments?post=56243"}],"version-history":[{"count":0,"href":"https:\/\/www.sonnenseite.com\/de\/wp-json\/wp\/v2\/posts\/56243\/revisions"}],"wp:featuredmedia":[{"embeddable":true,"href":"https:\/\/www.sonnenseite.com\/de\/wp-json\/wp\/v2\/media\/50987"}],"wp:attachment":[{"href":"https:\/\/www.sonnenseite.com\/de\/wp-json\/wp\/v2\/media?parent=56243"}],"wp:term":[{"taxonomy":"category","embeddable":true,"href":"https:\/\/www.sonnenseite.com\/de\/wp-json\/wp\/v2\/categories?post=56243"},{"taxonomy":"post_tag","embeddable":true,"href":"https:\/\/www.sonnenseite.com\/de\/wp-json\/wp\/v2\/tags?post=56243"}],"curies":[{"name":"wp","href":"https:\/\/api.w.org\/{rel}","templated":true}]}}