{"id":57163,"date":"2012-02-24T00:00:00","date_gmt":"2012-02-23T23:00:00","guid":{"rendered":"https:\/\/www.sonnenseite.com\/politik\/ig-metall-umfrage-in-solarfirmen.html"},"modified":"2012-02-24T00:00:00","modified_gmt":"2012-02-23T23:00:00","slug":"ig-metall-umfrage-in-solarfirmen","status":"publish","type":"post","link":"https:\/\/www.sonnenseite.com\/de\/politik\/ig-metall-umfrage-in-solarfirmen\/","title":{"rendered":"IG Metall-Umfrage in Solarfirmen"},"content":{"rendered":"<p>Sie freuen sich, eine sinnvolle Arbeit zu machen, aber sind mit ihren Arbeitsbedingungen oft sehr unzufrieden. <!--more--> <\/p>\n<p>Das zeigt eine Umfrage der IG Metall bei Besch\u00e4ftigten in Solarfirmen. Jetzt plant die Bundesregierung, die F\u00f6rdermittel zu k\u00fcrzen. Vielen Solarfirmen droht die Pleite, Besch\u00e4ftgte bangen um ihre Jobs.<\/p>\n<p>Eigentlich gilt die Solarindustrie als Zukunftsbranche. Der &#8222;Rohstoff&#8220; Sonne geht nie aus und Energie, die aus Sonne gewonnen wird, schont die Umwelt. Trotzdem kriselt es in der Branche zurzeit heftig. Viele der rund 100\u00a0000 Besch\u00e4ftigten bangen um ihre Arbeitspl\u00e4tze. Ein Grund ist die starke internationale Konkurrenz, vor allem aus Asien. Ein weiterer: Die Bundesregierung hat die Energiewende zwar vollmundig verk\u00fcndet, aber dann keine Taten folgen lassen. Dabei gibt es viel zu tun, zum Beispiel, die Stromkosten f\u00fcr Verbraucher und Industrie in ertr\u00e4glichen Grenzen und berechenbar halten und Stromnetze und Speicherkapazit\u00e4ten ausbauen.<\/p>\n<p>Doch stattdessen will die Bundesregierung die F\u00f6rdermittel k\u00fcrzen. Die Folgen w\u00e4ren dramatisch, wenn umgesetzt wird, was die Minister R\u00f6ttgen und R\u00f6sler planen: &#8222;Quasi \u00fcber Nacht wird der deutsche Markt zusammenbrechen und Unternehmen und Arbeitspl\u00e4tze gef\u00e4hrden&#8220;, warnt Detlef Wetzel, der Zweite Vorsitzende der IG Metall. Schon jetzt gibt es in vielen Betrieben Kurzarbeit, stehen einige Firmen vor der Insolvenz.<\/p>\n<p><strong>Politik muss Energiewende f\u00f6rdern <\/strong><\/p>\n<p>Kein Wunder, dass in einer aktuellen Umfrage der IG Metall unter Solar-Besch\u00e4ftigten 77,6 Prozent sagen: Die derzeitige Energiepolitik tr\u00e4gt &#8222;wenig&#8220; bis &#8222;gar nichts&#8220; zum Erhalt ihrer Arbeitspl\u00e4tze bei. Das muss sich schnellstens \u00e4ndern. Investitionen in die Solarindustrie sind Investitionen in die Zukunft des Industriestandorts Deutschland. &#8222;Die darf die Politik nicht aufs Spiel setzen&#8220;, sagt Wetzel. Die Politik m\u00fcsse die Energiewende nutzen, um die Photovoltaik zu erhalten und zu st\u00e4rken. Zum Beispiel mit einem Nothilfe-Programm aus B\u00fcrgschaften und zinsg\u00fcnstigen Darlehen. Au\u00dferdem fordert die IG Metall eine Nationale Plattform zur Energiewende, in der alle, die sie zu stemmen haben &#8211; wie Regierung, Gewerkschaften, Arbeitgeber und Wissenschaftler &#8211; zusammen L\u00f6sungen erarbeiten.<\/p>\n<p><strong>\u00d6kologisch, aber unsozial\u00a0&#8211; geht nicht <\/strong><\/p>\n<p>Die Arbeit in der Solarbranche ist nicht nur unsicher geworden, sie ist meist auch schlecht bezahlt. Nur 5,8 Prozent der Solar-Besch\u00e4ftigten in der Produktion geben in der Umfrage der IG Metall an, sie k\u00f6nnen von ihrem Verdienst gut leben.<\/p>\n<p>Bei den Leiharbeitnehmern sagen das sogar nur 3,7 Prozent. Nur etwa jeder Zehnte (11,3 Prozent) hat bei der Einstellung einen festen Vertrag erhalten. Befristete Vertr\u00e4ge und Leiharbeit sind offenbar der Normalfall.<\/p>\n<p>Statt in Forschung und Entwicklung zu investieren und den Weltmarkt durch gute, innovative Produkte zu erobern, versucht die Solarbranche es mit der Billignummer, obwohl sie mit dieser Strategie im Wettbewerb zum Beispiel mit asiatischen L\u00e4ndern von vornherein chancenlos ist.<\/p>\n<p><strong>&#8222;Nachhaltig&#8220; hei\u00dft auch sozial <\/strong><\/p>\n<p>W\u00e4hrend die befragten Solar-Arbeiter und -Angestellten mit dem Arbeitsschutz in ihren Betrieben sehr zufrieden sind (79,3 Prozent geben das an), sieht das bei den Arbeitszeiten ganz anders aus. Mehr als ein Viertel (27,6 Prozent) leistet regelm\u00e4\u00dfig bis zu f\u00fcnf \u00dcberstunden pro Woche. Das ist \u00fcberdurchschnittlich viel. 13,3 Prozent sogar bis zu zehn Stunden. Auch mit den Schichtpl\u00e4nen sind fast drei Viertel (72,5 Prozent) unzufrieden.<\/p>\n<p>&#8222;Nachhaltig&#8220; sein darf sich nicht nur auf \u00f6kologisch sein beschr\u00e4nken. Sondern dazu geh\u00f6rt auch sozial verantwortliches Handeln.<\/p>\n<p><strong>Gute Arbeitsbedingungen und Mitsprache\u00a0&#8211; ein Muss <\/strong><\/p>\n<p>Anders als in den &#8222;alten&#8220; gro\u00dfen Industriezweigen, wie Stahl und Autohersteller, sind die Gewerkschaften in den jungen, oft kleinen Betrieben im Bereich der erneuerbaren Energie noch schwach vertreten. Wer einen Betriebsrat, also eine gew\u00e4hlte Interessenvertreter der Besch\u00e4ftigten, gr\u00fcnden will, hat es meist schwer. Oft behindern die Gesch\u00e4ftsleitungen solche Initiativen.Das ist der Grund daf\u00fcr, dass die Arbeitsbedingungen in der Solarbranche zu w\u00fcnschen \u00fcbrig lassen.<\/p>\n<p>Die IG Metall appelliert an die Solarbranche, sich am Erfolgsmodell der Metall- und Elekroindustrie zu orientieren. Die Metallbranchen stehen im Gro\u00dfen und Ganzen wirtschaftlich gl\u00e4nzend da. Und das liegt auch an den Tarifvertr\u00e4gen mit der IG Metall und der Mitsprache der Betriebsr\u00e4te.<\/p>\n<p>Gute Arbeitsbedingungen in Tarifvertr\u00e4gen festschreiben und den Besch\u00e4ftigten mehr Mitspracherechte geben\u00a0&#8211; das funktioniert auch in der Solarbranche. Und vor allem: Es sorgt f\u00fcr motivierte Belegschaften\u00a0&#8211; auch ein wichtiger Erfolgsfaktor. Die Umfrage der IG Metall hat gezeigt, dass 54 Prozent der Solar-Besch\u00e4ftigten meinen, mit ihrer Arbeit einen wichtigen Beitrag zur Energiewende zu leisten. Sie arbeiten eigentlich gern in ihrer Branche.<\/p>\n<h5 class=\"green\">Quelle<\/h5>\n<p>IG Metall 2012<\/p>\n<div class=\"shariff shariff-align-flex-start shariff-widget-align-flex-start\"><div class=\"ShariffHeadline\">Diese Meldung teilen<\/div><ul class=\"shariff-buttons theme-round orientation-horizontal buttonsize-medium\"><li class=\"shariff-button facebook shariff-nocustomcolor\" style=\"background-color:#4273c8;border-radius:1%\"><a href=\"https:\/\/www.facebook.com\/sharer\/sharer.php?u=https%3A%2F%2Fwww.sonnenseite.com%2Fde%2Fpolitik%2Fig-metall-umfrage-in-solarfirmen%2F\" title=\"Bei Facebook teilen\" aria-label=\"Bei Facebook teilen\" role=\"button\" rel=\"nofollow\" class=\"shariff-link\" style=\";border-radius:1%; background-color:#3b5998; color:#fff\" target=\"_blank\"><span class=\"shariff-icon\" style=\"\"><svg width=\"32px\" height=\"20px\" xmlns=\"http:\/\/www.w3.org\/2000\/svg\" viewBox=\"0 0 18 32\"><path fill=\"#3b5998\" d=\"M17.1 0.2v4.7h-2.8q-1.5 0-2.1 0.6t-0.5 1.9v3.4h5.2l-0.7 5.3h-4.5v13.6h-5.5v-13.6h-4.5v-5.3h4.5v-3.9q0-3.3 1.9-5.2t5-1.8q2.6 0 4.1 0.2z\"\/><\/svg><\/span><\/a><\/li><li class=\"shariff-button twitter shariff-nocustomcolor\" style=\"background-color:#595959;border-radius:1%\"><a href=\"https:\/\/twitter.com\/share?url=https%3A%2F%2Fwww.sonnenseite.com%2Fde%2Fpolitik%2Fig-metall-umfrage-in-solarfirmen%2F&text=IG%20Metall-Umfrage%20in%20Solarfirmen\" title=\"Bei X teilen\" aria-label=\"Bei X teilen\" role=\"button\" rel=\"noopener nofollow\" class=\"shariff-link\" style=\";border-radius:1%; background-color:#000; color:#fff\" target=\"_blank\"><span class=\"shariff-icon\" style=\"\"><svg width=\"32px\" height=\"20px\" xmlns=\"http:\/\/www.w3.org\/2000\/svg\" viewBox=\"0 0 24 24\"><path fill=\"#000\" d=\"M14.258 10.152L23.176 0h-2.113l-7.747 8.813L7.133 0H0l9.352 13.328L0 23.973h2.113l8.176-9.309 6.531 9.309h7.133zm-2.895 3.293l-.949-1.328L2.875 1.56h3.246l6.086 8.523.945 1.328 7.91 11.078h-3.246zm0 0\"\/><\/svg><\/span><\/a><\/li><li class=\"shariff-button xing shariff-nocustomcolor\" style=\"background-color:#29888a;border-radius:1%\"><a href=\"https:\/\/www.xing.com\/spi\/shares\/new?url=https%3A%2F%2Fwww.sonnenseite.com%2Fde%2Fpolitik%2Fig-metall-umfrage-in-solarfirmen%2F\" title=\"Bei XING teilen\" aria-label=\"Bei XING teilen\" role=\"button\" rel=\"noopener nofollow\" class=\"shariff-link\" style=\";border-radius:1%; background-color:#126567; color:#fff\" target=\"_blank\"><span class=\"shariff-icon\" style=\"\"><svg width=\"32px\" height=\"20px\" xmlns=\"http:\/\/www.w3.org\/2000\/svg\" viewBox=\"0 0 25 32\"><path fill=\"#126567\" d=\"M10.7 11.9q-0.2 0.3-4.6 8.2-0.5 0.8-1.2 0.8h-4.3q-0.4 0-0.5-0.3t0-0.6l4.5-8q0 0 0 0l-2.9-5q-0.2-0.4 0-0.7 0.2-0.3 0.5-0.3h4.3q0.7 0 1.2 0.8zM25.1 0.4q0.2 0.3 0 0.7l-9.4 16.7 6 11q0.2 0.4 0 0.6-0.2 0.3-0.6 0.3h-4.3q-0.7 0-1.2-0.8l-6-11.1q0.3-0.6 9.5-16.8 0.4-0.8 1.2-0.8h4.3q0.4 0 0.5 0.3z\"\/><\/svg><\/span><\/a><\/li><li class=\"shariff-button linkedin shariff-nocustomcolor\" style=\"background-color:#1488bf;border-radius:1%\"><a href=\"https:\/\/www.linkedin.com\/sharing\/share-offsite\/?url=https%3A%2F%2Fwww.sonnenseite.com%2Fde%2Fpolitik%2Fig-metall-umfrage-in-solarfirmen%2F\" title=\"Bei LinkedIn teilen\" aria-label=\"Bei LinkedIn teilen\" role=\"button\" rel=\"noopener nofollow\" class=\"shariff-link\" style=\";border-radius:1%; background-color:#0077b5; color:#fff\" target=\"_blank\"><span class=\"shariff-icon\" style=\"\"><svg width=\"32px\" height=\"20px\" xmlns=\"http:\/\/www.w3.org\/2000\/svg\" viewBox=\"0 0 27 32\"><path fill=\"#0077b5\" d=\"M6.2 11.2v17.7h-5.9v-17.7h5.9zM6.6 5.7q0 1.3-0.9 2.2t-2.4 0.9h0q-1.5 0-2.4-0.9t-0.9-2.2 0.9-2.2 2.4-0.9 2.4 0.9 0.9 2.2zM27.4 18.7v10.1h-5.9v-9.5q0-1.9-0.7-2.9t-2.3-1.1q-1.1 0-1.9 0.6t-1.2 1.5q-0.2 0.5-0.2 1.4v9.9h-5.9q0-7.1 0-11.6t0-5.3l0-0.9h5.9v2.6h0q0.4-0.6 0.7-1t1-0.9 1.6-0.8 2-0.3q3 0 4.9 2t1.9 6z\"\/><\/svg><\/span><\/a><\/li><li class=\"shariff-button printer shariff-nocustomcolor\" style=\"background-color:#a8a8a8;border-radius:1%\"><a href=\"javascript:window.print()\" title=\"drucken\" aria-label=\"drucken\" role=\"button\" rel=\"noopener nofollow\" class=\"shariff-link\" style=\";border-radius:1%; background-color:#999; color:#fff\"><span class=\"shariff-icon\" style=\"\"><svg width=\"32px\" height=\"20px\" xmlns=\"http:\/\/www.w3.org\/2000\/svg\" viewBox=\"0 0 30 32\"><path fill=\"#999\" d=\"M6.8 27.4h16v-4.6h-16v4.6zM6.8 16h16v-6.8h-2.8q-0.7 0-1.2-0.5t-0.5-1.2v-2.8h-11.4v11.4zM27.4 17.2q0-0.5-0.3-0.8t-0.8-0.4-0.8 0.4-0.3 0.8 0.3 0.8 0.8 0.3 0.8-0.3 0.3-0.8zM29.7 17.2v7.4q0 0.2-0.2 0.4t-0.4 0.2h-4v2.8q0 0.7-0.5 1.2t-1.2 0.5h-17.2q-0.7 0-1.2-0.5t-0.5-1.2v-2.8h-4q-0.2 0-0.4-0.2t-0.2-0.4v-7.4q0-1.4 1-2.4t2.4-1h1.2v-9.7q0-0.7 0.5-1.2t1.2-0.5h12q0.7 0 1.6 0.4t1.3 0.8l2.7 2.7q0.5 0.5 0.9 1.4t0.4 1.6v4.6h1.1q1.4 0 2.4 1t1 2.4z\"\/><\/svg><\/span><\/a><\/li><li class=\"shariff-button mailto shariff-nocustomcolor\" style=\"background-color:#a8a8a8;border-radius:1%\"><a href=\"mailto:?body=https%3A%2F%2Fwww.sonnenseite.com%2Fde%2Fpolitik%2Fig-metall-umfrage-in-solarfirmen%2F&subject=IG%20Metall-Umfrage%20in%20Solarfirmen\" title=\"Per E-Mail versenden\" aria-label=\"Per E-Mail versenden\" role=\"button\" rel=\"noopener nofollow\" class=\"shariff-link\" style=\";border-radius:1%; background-color:#999; color:#fff\"><span class=\"shariff-icon\" style=\"\"><svg width=\"32px\" height=\"20px\" xmlns=\"http:\/\/www.w3.org\/2000\/svg\" viewBox=\"0 0 32 32\"><path fill=\"#999\" d=\"M32 12.7v14.2q0 1.2-0.8 2t-2 0.9h-26.3q-1.2 0-2-0.9t-0.8-2v-14.2q0.8 0.9 1.8 1.6 6.5 4.4 8.9 6.1 1 0.8 1.6 1.2t1.7 0.9 2 0.4h0.1q0.9 0 2-0.4t1.7-0.9 1.6-1.2q3-2.2 8.9-6.1 1-0.7 1.8-1.6zM32 7.4q0 1.4-0.9 2.7t-2.2 2.2q-6.7 4.7-8.4 5.8-0.2 0.1-0.7 0.5t-1 0.7-0.9 0.6-1.1 0.5-0.9 0.2h-0.1q-0.4 0-0.9-0.2t-1.1-0.5-0.9-0.6-1-0.7-0.7-0.5q-1.6-1.1-4.7-3.2t-3.6-2.6q-1.1-0.7-2.1-2t-1-2.5q0-1.4 0.7-2.3t2.1-0.9h26.3q1.2 0 2 0.8t0.9 2z\"\/><\/svg><\/span><\/a><\/li><\/ul><\/div>","protected":false},"excerpt":{"rendered":"<p>Sie freuen sich, eine sinnvolle Arbeit zu machen, aber sind mit ihren Arbeitsbedingungen oft sehr unzufrieden.<\/p>\n","protected":false},"author":1,"featured_media":50987,"comment_status":"closed","ping_status":"closed","sticky":false,"template":"","format":"standard","meta":{"inline_featured_image":false,"footnotes":""},"categories":[21],"tags":[],"class_list":["post-57163","post","type-post","status-publish","format-standard","has-post-thumbnail","hentry","category-politik"],"yoast_head":"<!-- This site is optimized with the Yoast SEO plugin v26.5 - https:\/\/yoast.com\/wordpress\/plugins\/seo\/ -->\n<title>IG Metall-Umfrage in Solarfirmen - Sonnenseite - \u00d6kologische Kommunikation mit Franz Alt<\/title>\n<meta name=\"description\" content=\"Sie freuen sich, eine sinnvolle Arbeit zu machen, aber sind mit ihren Arbeitsbedingungen oft sehr unzufrieden. Das zeigt eine Umfrage der IG Metall bei\" \/>\n<meta name=\"robots\" content=\"index, follow, max-snippet:-1, max-image-preview:large, max-video-preview:-1\" \/>\n<link rel=\"canonical\" href=\"https:\/\/www.sonnenseite.com\/de\/politik\/ig-metall-umfrage-in-solarfirmen\/\" \/>\n<meta property=\"og:locale\" content=\"de_DE\" \/>\n<meta property=\"og:type\" content=\"article\" \/>\n<meta property=\"og:title\" content=\"IG Metall-Umfrage in Solarfirmen - Sonnenseite - \u00d6kologische Kommunikation mit Franz Alt\" \/>\n<meta property=\"og:description\" content=\"Sie freuen sich, eine sinnvolle Arbeit zu machen, aber sind mit ihren Arbeitsbedingungen oft sehr unzufrieden. Das zeigt eine Umfrage der IG Metall bei\" \/>\n<meta property=\"og:url\" content=\"https:\/\/www.sonnenseite.com\/de\/politik\/ig-metall-umfrage-in-solarfirmen\/\" \/>\n<meta property=\"og:site_name\" content=\"Sonnenseite\" \/>\n<meta property=\"article:publisher\" content=\"https:\/\/www.facebook.com\/pages\/Franz-Alt-SONNENSEITECOM\/221072987903953?fref=ts\" \/>\n<meta property=\"article:published_time\" content=\"2012-02-23T23:00:00+00:00\" \/>\n<meta property=\"og:image\" content=\"https:\/\/www.sonnenseite.com\/wp-content\/uploads\/2020\/06\/archiv_artikel.jpg\" \/>\n\t<meta property=\"og:image:width\" content=\"770\" \/>\n\t<meta property=\"og:image:height\" content=\"420\" \/>\n\t<meta property=\"og:image:type\" content=\"image\/jpeg\" \/>\n<meta name=\"author\" content=\"sbade\" \/>\n<meta name=\"twitter:card\" content=\"summary_large_image\" \/>\n<meta name=\"twitter:creator\" content=\"@franzalt\" \/>\n<meta name=\"twitter:site\" content=\"@franzalt\" \/>\n<meta name=\"twitter:label1\" content=\"Verfasst von\" \/>\n\t<meta name=\"twitter:data1\" content=\"sbade\" \/>\n\t<meta name=\"twitter:label2\" content=\"Gesch\u00e4tzte Lesezeit\" \/>\n\t<meta name=\"twitter:data2\" content=\"4\u00a0Minuten\" \/>\n<script type=\"application\/ld+json\" class=\"yoast-schema-graph\">{\"@context\":\"https:\/\/schema.org\",\"@graph\":[{\"@type\":\"Article\",\"@id\":\"https:\/\/www.sonnenseite.com\/de\/politik\/ig-metall-umfrage-in-solarfirmen\/#article\",\"isPartOf\":{\"@id\":\"https:\/\/www.sonnenseite.com\/de\/politik\/ig-metall-umfrage-in-solarfirmen\/\"},\"author\":{\"name\":\"sbade\",\"@id\":\"https:\/\/www.sonnenseite.com\/de\/#\/schema\/person\/6df44691cd9a70d99e140e1116ee8771\"},\"headline\":\"IG Metall-Umfrage in Solarfirmen\",\"datePublished\":\"2012-02-23T23:00:00+00:00\",\"mainEntityOfPage\":{\"@id\":\"https:\/\/www.sonnenseite.com\/de\/politik\/ig-metall-umfrage-in-solarfirmen\/\"},\"wordCount\":729,\"publisher\":{\"@id\":\"https:\/\/www.sonnenseite.com\/de\/#organization\"},\"image\":{\"@id\":\"https:\/\/www.sonnenseite.com\/de\/politik\/ig-metall-umfrage-in-solarfirmen\/#primaryimage\"},\"thumbnailUrl\":\"https:\/\/www.sonnenseite.com\/wp-content\/uploads\/2020\/06\/archiv_artikel.jpg\",\"articleSection\":[\"Politik\"],\"inLanguage\":\"de\"},{\"@type\":\"WebPage\",\"@id\":\"https:\/\/www.sonnenseite.com\/de\/politik\/ig-metall-umfrage-in-solarfirmen\/\",\"url\":\"https:\/\/www.sonnenseite.com\/de\/politik\/ig-metall-umfrage-in-solarfirmen\/\",\"name\":\"IG Metall-Umfrage in Solarfirmen - Sonnenseite - \u00d6kologische Kommunikation mit Franz Alt\",\"isPartOf\":{\"@id\":\"https:\/\/www.sonnenseite.com\/de\/#website\"},\"primaryImageOfPage\":{\"@id\":\"https:\/\/www.sonnenseite.com\/de\/politik\/ig-metall-umfrage-in-solarfirmen\/#primaryimage\"},\"image\":{\"@id\":\"https:\/\/www.sonnenseite.com\/de\/politik\/ig-metall-umfrage-in-solarfirmen\/#primaryimage\"},\"thumbnailUrl\":\"https:\/\/www.sonnenseite.com\/wp-content\/uploads\/2020\/06\/archiv_artikel.jpg\",\"datePublished\":\"2012-02-23T23:00:00+00:00\",\"description\":\"Sie freuen sich, eine sinnvolle Arbeit zu machen, aber sind mit ihren Arbeitsbedingungen oft sehr unzufrieden. Das zeigt eine Umfrage der IG Metall bei\",\"breadcrumb\":{\"@id\":\"https:\/\/www.sonnenseite.com\/de\/politik\/ig-metall-umfrage-in-solarfirmen\/#breadcrumb\"},\"inLanguage\":\"de\",\"potentialAction\":[{\"@type\":\"ReadAction\",\"target\":[\"https:\/\/www.sonnenseite.com\/de\/politik\/ig-metall-umfrage-in-solarfirmen\/\"]}]},{\"@type\":\"ImageObject\",\"inLanguage\":\"de\",\"@id\":\"https:\/\/www.sonnenseite.com\/de\/politik\/ig-metall-umfrage-in-solarfirmen\/#primaryimage\",\"url\":\"https:\/\/www.sonnenseite.com\/wp-content\/uploads\/2020\/06\/archiv_artikel.jpg\",\"contentUrl\":\"https:\/\/www.sonnenseite.com\/wp-content\/uploads\/2020\/06\/archiv_artikel.jpg\",\"width\":770,\"height\":420,\"caption\":\"Sonnenseite\"},{\"@type\":\"BreadcrumbList\",\"@id\":\"https:\/\/www.sonnenseite.com\/de\/politik\/ig-metall-umfrage-in-solarfirmen\/#breadcrumb\",\"itemListElement\":[{\"@type\":\"ListItem\",\"position\":1,\"name\":\"Startseite\",\"item\":\"https:\/\/www.sonnenseite.com\/de\/\"},{\"@type\":\"ListItem\",\"position\":2,\"name\":\"IG Metall-Umfrage in Solarfirmen\"}]},{\"@type\":\"WebSite\",\"@id\":\"https:\/\/www.sonnenseite.com\/de\/#website\",\"url\":\"https:\/\/www.sonnenseite.com\/de\/\",\"name\":\"Sonnenseite\",\"description\":\"\u00d6kologische Kommunikation mit Franz Alt\",\"publisher\":{\"@id\":\"https:\/\/www.sonnenseite.com\/de\/#organization\"},\"potentialAction\":[{\"@type\":\"SearchAction\",\"target\":{\"@type\":\"EntryPoint\",\"urlTemplate\":\"https:\/\/www.sonnenseite.com\/de\/?s={search_term_string}\"},\"query-input\":{\"@type\":\"PropertyValueSpecification\",\"valueRequired\":true,\"valueName\":\"search_term_string\"}}],\"inLanguage\":\"de\"},{\"@type\":\"Organization\",\"@id\":\"https:\/\/www.sonnenseite.com\/de\/#organization\",\"name\":\"Sonnenseite\",\"url\":\"https:\/\/www.sonnenseite.com\/de\/\",\"logo\":{\"@type\":\"ImageObject\",\"inLanguage\":\"de\",\"@id\":\"https:\/\/www.sonnenseite.com\/de\/#\/schema\/logo\/image\/\",\"url\":\"https:\/\/www.sonnenseite.com\/wp-content\/uploads\/2020\/05\/Sonnenseite_Logo.png\",\"contentUrl\":\"https:\/\/www.sonnenseite.com\/wp-content\/uploads\/2020\/05\/Sonnenseite_Logo.png\",\"width\":377,\"height\":90,\"caption\":\"Sonnenseite\"},\"image\":{\"@id\":\"https:\/\/www.sonnenseite.com\/de\/#\/schema\/logo\/image\/\"},\"sameAs\":[\"https:\/\/www.facebook.com\/pages\/Franz-Alt-SONNENSEITECOM\/221072987903953?fref=ts\",\"https:\/\/x.com\/franzalt\",\"http:\/\/www.youtube.com\/results?search_query&amp;amp;quot;franz_alt&amp;amp;quot;&amp;amp;amp;amp;search_type&amp;amp;amp;amp;aq=f\"]},{\"@type\":\"Person\",\"@id\":\"https:\/\/www.sonnenseite.com\/de\/#\/schema\/person\/6df44691cd9a70d99e140e1116ee8771\",\"name\":\"sbade\",\"sameAs\":[\"https:\/\/www.sonnenseite.com\"]}]}<\/script>\n<!-- \/ Yoast SEO plugin. -->","yoast_head_json":{"title":"IG Metall-Umfrage in Solarfirmen - Sonnenseite - \u00d6kologische Kommunikation mit Franz Alt","description":"Sie freuen sich, eine sinnvolle Arbeit zu machen, aber sind mit ihren Arbeitsbedingungen oft sehr unzufrieden. Das zeigt eine Umfrage der IG Metall bei","robots":{"index":"index","follow":"follow","max-snippet":"max-snippet:-1","max-image-preview":"max-image-preview:large","max-video-preview":"max-video-preview:-1"},"canonical":"https:\/\/www.sonnenseite.com\/de\/politik\/ig-metall-umfrage-in-solarfirmen\/","og_locale":"de_DE","og_type":"article","og_title":"IG Metall-Umfrage in Solarfirmen - Sonnenseite - \u00d6kologische Kommunikation mit Franz Alt","og_description":"Sie freuen sich, eine sinnvolle Arbeit zu machen, aber sind mit ihren Arbeitsbedingungen oft sehr unzufrieden. Das zeigt eine Umfrage der IG Metall bei","og_url":"https:\/\/www.sonnenseite.com\/de\/politik\/ig-metall-umfrage-in-solarfirmen\/","og_site_name":"Sonnenseite","article_publisher":"https:\/\/www.facebook.com\/pages\/Franz-Alt-SONNENSEITECOM\/221072987903953?fref=ts","article_published_time":"2012-02-23T23:00:00+00:00","og_image":[{"width":770,"height":420,"url":"https:\/\/www.sonnenseite.com\/wp-content\/uploads\/2020\/06\/archiv_artikel.jpg","type":"image\/jpeg"}],"author":"sbade","twitter_card":"summary_large_image","twitter_creator":"@franzalt","twitter_site":"@franzalt","twitter_misc":{"Verfasst von":"sbade","Gesch\u00e4tzte Lesezeit":"4\u00a0Minuten"},"schema":{"@context":"https:\/\/schema.org","@graph":[{"@type":"Article","@id":"https:\/\/www.sonnenseite.com\/de\/politik\/ig-metall-umfrage-in-solarfirmen\/#article","isPartOf":{"@id":"https:\/\/www.sonnenseite.com\/de\/politik\/ig-metall-umfrage-in-solarfirmen\/"},"author":{"name":"sbade","@id":"https:\/\/www.sonnenseite.com\/de\/#\/schema\/person\/6df44691cd9a70d99e140e1116ee8771"},"headline":"IG Metall-Umfrage in Solarfirmen","datePublished":"2012-02-23T23:00:00+00:00","mainEntityOfPage":{"@id":"https:\/\/www.sonnenseite.com\/de\/politik\/ig-metall-umfrage-in-solarfirmen\/"},"wordCount":729,"publisher":{"@id":"https:\/\/www.sonnenseite.com\/de\/#organization"},"image":{"@id":"https:\/\/www.sonnenseite.com\/de\/politik\/ig-metall-umfrage-in-solarfirmen\/#primaryimage"},"thumbnailUrl":"https:\/\/www.sonnenseite.com\/wp-content\/uploads\/2020\/06\/archiv_artikel.jpg","articleSection":["Politik"],"inLanguage":"de"},{"@type":"WebPage","@id":"https:\/\/www.sonnenseite.com\/de\/politik\/ig-metall-umfrage-in-solarfirmen\/","url":"https:\/\/www.sonnenseite.com\/de\/politik\/ig-metall-umfrage-in-solarfirmen\/","name":"IG Metall-Umfrage in Solarfirmen - Sonnenseite - \u00d6kologische Kommunikation mit Franz Alt","isPartOf":{"@id":"https:\/\/www.sonnenseite.com\/de\/#website"},"primaryImageOfPage":{"@id":"https:\/\/www.sonnenseite.com\/de\/politik\/ig-metall-umfrage-in-solarfirmen\/#primaryimage"},"image":{"@id":"https:\/\/www.sonnenseite.com\/de\/politik\/ig-metall-umfrage-in-solarfirmen\/#primaryimage"},"thumbnailUrl":"https:\/\/www.sonnenseite.com\/wp-content\/uploads\/2020\/06\/archiv_artikel.jpg","datePublished":"2012-02-23T23:00:00+00:00","description":"Sie freuen sich, eine sinnvolle Arbeit zu machen, aber sind mit ihren Arbeitsbedingungen oft sehr unzufrieden. Das zeigt eine Umfrage der IG Metall bei","breadcrumb":{"@id":"https:\/\/www.sonnenseite.com\/de\/politik\/ig-metall-umfrage-in-solarfirmen\/#breadcrumb"},"inLanguage":"de","potentialAction":[{"@type":"ReadAction","target":["https:\/\/www.sonnenseite.com\/de\/politik\/ig-metall-umfrage-in-solarfirmen\/"]}]},{"@type":"ImageObject","inLanguage":"de","@id":"https:\/\/www.sonnenseite.com\/de\/politik\/ig-metall-umfrage-in-solarfirmen\/#primaryimage","url":"https:\/\/www.sonnenseite.com\/wp-content\/uploads\/2020\/06\/archiv_artikel.jpg","contentUrl":"https:\/\/www.sonnenseite.com\/wp-content\/uploads\/2020\/06\/archiv_artikel.jpg","width":770,"height":420,"caption":"Sonnenseite"},{"@type":"BreadcrumbList","@id":"https:\/\/www.sonnenseite.com\/de\/politik\/ig-metall-umfrage-in-solarfirmen\/#breadcrumb","itemListElement":[{"@type":"ListItem","position":1,"name":"Startseite","item":"https:\/\/www.sonnenseite.com\/de\/"},{"@type":"ListItem","position":2,"name":"IG Metall-Umfrage in Solarfirmen"}]},{"@type":"WebSite","@id":"https:\/\/www.sonnenseite.com\/de\/#website","url":"https:\/\/www.sonnenseite.com\/de\/","name":"Sonnenseite","description":"\u00d6kologische Kommunikation mit Franz Alt","publisher":{"@id":"https:\/\/www.sonnenseite.com\/de\/#organization"},"potentialAction":[{"@type":"SearchAction","target":{"@type":"EntryPoint","urlTemplate":"https:\/\/www.sonnenseite.com\/de\/?s={search_term_string}"},"query-input":{"@type":"PropertyValueSpecification","valueRequired":true,"valueName":"search_term_string"}}],"inLanguage":"de"},{"@type":"Organization","@id":"https:\/\/www.sonnenseite.com\/de\/#organization","name":"Sonnenseite","url":"https:\/\/www.sonnenseite.com\/de\/","logo":{"@type":"ImageObject","inLanguage":"de","@id":"https:\/\/www.sonnenseite.com\/de\/#\/schema\/logo\/image\/","url":"https:\/\/www.sonnenseite.com\/wp-content\/uploads\/2020\/05\/Sonnenseite_Logo.png","contentUrl":"https:\/\/www.sonnenseite.com\/wp-content\/uploads\/2020\/05\/Sonnenseite_Logo.png","width":377,"height":90,"caption":"Sonnenseite"},"image":{"@id":"https:\/\/www.sonnenseite.com\/de\/#\/schema\/logo\/image\/"},"sameAs":["https:\/\/www.facebook.com\/pages\/Franz-Alt-SONNENSEITECOM\/221072987903953?fref=ts","https:\/\/x.com\/franzalt","http:\/\/www.youtube.com\/results?search_query&amp;amp;quot;franz_alt&amp;amp;quot;&amp;amp;amp;amp;search_type&amp;amp;amp;amp;aq=f"]},{"@type":"Person","@id":"https:\/\/www.sonnenseite.com\/de\/#\/schema\/person\/6df44691cd9a70d99e140e1116ee8771","name":"sbade","sameAs":["https:\/\/www.sonnenseite.com"]}]}},"_links":{"self":[{"href":"https:\/\/www.sonnenseite.com\/de\/wp-json\/wp\/v2\/posts\/57163","targetHints":{"allow":["GET"]}}],"collection":[{"href":"https:\/\/www.sonnenseite.com\/de\/wp-json\/wp\/v2\/posts"}],"about":[{"href":"https:\/\/www.sonnenseite.com\/de\/wp-json\/wp\/v2\/types\/post"}],"author":[{"embeddable":true,"href":"https:\/\/www.sonnenseite.com\/de\/wp-json\/wp\/v2\/users\/1"}],"replies":[{"embeddable":true,"href":"https:\/\/www.sonnenseite.com\/de\/wp-json\/wp\/v2\/comments?post=57163"}],"version-history":[{"count":0,"href":"https:\/\/www.sonnenseite.com\/de\/wp-json\/wp\/v2\/posts\/57163\/revisions"}],"wp:featuredmedia":[{"embeddable":true,"href":"https:\/\/www.sonnenseite.com\/de\/wp-json\/wp\/v2\/media\/50987"}],"wp:attachment":[{"href":"https:\/\/www.sonnenseite.com\/de\/wp-json\/wp\/v2\/media?parent=57163"}],"wp:term":[{"taxonomy":"category","embeddable":true,"href":"https:\/\/www.sonnenseite.com\/de\/wp-json\/wp\/v2\/categories?post=57163"},{"taxonomy":"post_tag","embeddable":true,"href":"https:\/\/www.sonnenseite.com\/de\/wp-json\/wp\/v2\/tags?post=57163"}],"curies":[{"name":"wp","href":"https:\/\/api.w.org\/{rel}","templated":true}]}}