{"id":57277,"date":"2012-02-08T00:00:00","date_gmt":"2012-02-07T23:00:00","guid":{"rendered":"https:\/\/www.sonnenseite.com\/politik\/dnr-zur-angeblichen-co2-luege-von-fritz-vahrenholt.html"},"modified":"2012-02-08T00:00:00","modified_gmt":"2012-02-07T23:00:00","slug":"dnr-zur-angeblichen-co2-luege-von-fritz-vahrenholt","status":"publish","type":"post","link":"https:\/\/www.sonnenseite.com\/de\/politik\/dnr-zur-angeblichen-co2-luege-von-fritz-vahrenholt\/","title":{"rendered":"DNR zur angeblichen CO2-L\u00fcge von Fritz Vahrenholt"},"content":{"rendered":"<p>Wendehals Vahrenholt \u2013 vom Umweltsch\u00fctzer zum RWE-Manager, vom mutigen Warner zum Klima\u00adleugner. <!--more--> <\/p>\n<p>Der DNR hat heute in Berlin die Behauptung des ehemaligen Hamburger Umweltsenators Fritz Vahrenholt, die Klima\u00adkatastrophe sei Panikmache der Politik, scharf zur\u00fcck\u00adgewiesen. Der DNR kritisierte, dass diesem Wichtigtuer so viel Platz in den Medien f\u00fcr die Verbreitung seiner kruden Behauptungen einger\u00e4umt wird.<\/p>\n<p>DNR-Pr\u00e4sident Hubert Weinzierl: \u201eNat\u00fcrlich m\u00fcssen alle berechtigten Hinweise gepr\u00fcft werden, denn der Klimawandel ist eine gro\u00dfe Menschheitsherausforderung mit gewaltigen Konsequenzen. Aber Herr Vahrenholt verbreitet verantwor\u00adtungs\u00adloses Geschw\u00e4tz, denn er selektiert die Fakten, nimmt Tatsachen nicht zur Kenntnis und biegt die IPCC-Arbeiten f\u00fcr seine Argumentation zurecht. Mit seiner pseudo\u00adwissenschaftlichen Argumentation gibt er nur denen Auftrieb, die aus durchsichtigen wirtschaftlichen Interessen nicht handeln wollen. Er vers\u00fcndigt sich an der Zukunft.\u201c<\/p>\n<p>Tats\u00e4chlich holt Herr Vahrenholt seine angeblichen Beweise aus dem \u201eSummary for Policymakers\u201c, die aber im Gegensatz zu den umfangreichen wissenschaftlichen Grundlagen und der Zusammenfassung der Fakten nicht von den IPCC-Wissenschaftlern verantwortet werden, sondern politisch beraten und beschlossen werden. Vahrenholt muss zugeben, dass die nicht vom Menschen verursachten Faktoren des Klimawandels in den Papieren der IPCC-Wissenschaftler behandelt werden, aber er argumentiert, dass dies nicht im Summary steht.<\/p>\n<p>Vahrenholt behauptet, dass es in den letzten Jahren keinen Temperaturanstieg gegeben h\u00e4tte. Abgesehen davon, dass mehr als die H\u00e4lfte der w\u00e4rmsten Jahre seit Beginn der direkten Temperaturmessung in den letzten 10 Jahren lagen, haben die Klimaforscher ausf\u00fchrlich dargelegt, dass es immer wieder \u2013 auch bedingt durch die lange Anpassungsfrist des Klimasystems von mehreren Jahrzehnten &#8211; zu \u201eStagnationsphasen\u201c kommt, zum Beispiel ausf\u00fchrlich beschrieben von Mojib Latif. In der Klimaforschung ist unbestritten, dass es keine simple Linearit\u00e4t der Erderw\u00e4rmung gibt.<\/p>\n<p>Vahrenholt behauptet, dass die Orientierung an das Treibhausgas Kohlendioxid falsch sei. Wie die Klimaleugner spricht er von der \u201eCO2-L\u00fcge\u201c. Abgesehen davon, dass die IPCC-Berichte sich auch ausf\u00fchrlich mit dem Einfluss der Meeressysteme und der Sonne wie auch weiterer Faktoren wie z. B. der Vulkanismus auf das Klimasystem besch\u00e4ftigen, was Vahrenholt nicht zur Kenntnis nimmt, so ist die Darstellung auch deshalb falsch, weil die Klimaberechnungen sowohl den trockenen wie den feuchten Treibhauseffekt behandeln.<\/p>\n<p>Die Behauptung, die Wirkungen des Wasserdampfs w\u00fcrden ignoriert, ist also falsch. Auch gehen die IPCC-Szenarien nicht allein vom Anstieg des Treibhausgases CO2 aus. Einbezogen werden auch die Auswertung der Datenbl\u00e4tter aus der Wetterforschung, die Pal\u00e4oklimatologie und die mit unterschiedlichen Annahmen gerechneten Klimasimulationsmodelle.<\/p>\n<p>Es gibt keinen Bereich, in dem so intensiv gearbeitet wird wie bei der Klimaforschung, nirgendwo gibt es so viel \u00d6ffentlichkeit und einen so intensiven weltweiten Austausch der Fakten. Wenn Herr Vahrenholt nur halb so seri\u00f6s arbeiten w\u00fcrde wie der IPCC, h\u00e4tte er sein Buch nie zu Papier gebracht.<\/p>\n<p>DNR-Pr\u00e4sidiumsmitglied und Bundesvorsitzender der NaturFreunde Michael M\u00fcller, der pers\u00f6nlich 2007 an den vier Beratungsrunden des Weltklimarates f\u00fcr den Vierten Sachstandsbericht teilgenommen hatte: \u201eF\u00fcr die Leugner gibt es entweder keine Erw\u00e4rmung der Erde oder sie ist nicht vom Menschen verursacht oder unsch\u00e4dlich.<\/p>\n<p>Die Behauptungen werden seit \u00fcber 20 Jahren immer wieder aufgestellt, obwohl sie schon h\u00e4ufig widerlegt wurden und die wissenschaftlichen Fakten \u00fcber den anthropogenen Klimawandel sich immer mehr erh\u00e4rtet haben. Die Klimaleugner tragen mit dazu bei, dass der Klimaschutz so langsam vorankommt. Die Medien sollten aufh\u00f6ren, zu Mitverantwortlichen einer Verunsicherung zu werden, f\u00fcr die k\u00fcnftige Generationen einen hohen Preis zahlen m\u00fcssen\u201c. <em>\u00a9 <\/em> <em>Dr. Helmut R\u00f6scheisen<\/em><\/p>\n<h5 class=\"green\">Quelle<\/h5>\n<p>Deutscher Naturschutzring (DNR) | Dr. Helmut R\u00f6scheisen 2012<\/p>\n<div class=\"shariff shariff-align-flex-start shariff-widget-align-flex-start\"><div class=\"ShariffHeadline\">Diese Meldung teilen<\/div><ul class=\"shariff-buttons theme-round orientation-horizontal buttonsize-medium\"><li class=\"shariff-button facebook shariff-nocustomcolor\" style=\"background-color:#4273c8;border-radius:1%\"><a href=\"https:\/\/www.facebook.com\/sharer\/sharer.php?u=https%3A%2F%2Fwww.sonnenseite.com%2Fde%2Fpolitik%2Fdnr-zur-angeblichen-co2-luege-von-fritz-vahrenholt%2F\" title=\"Bei Facebook teilen\" aria-label=\"Bei Facebook teilen\" role=\"button\" rel=\"nofollow\" class=\"shariff-link\" style=\";border-radius:1%; background-color:#3b5998; color:#fff\" target=\"_blank\"><span class=\"shariff-icon\" style=\"\"><svg width=\"32px\" height=\"20px\" xmlns=\"http:\/\/www.w3.org\/2000\/svg\" viewBox=\"0 0 18 32\"><path fill=\"#3b5998\" d=\"M17.1 0.2v4.7h-2.8q-1.5 0-2.1 0.6t-0.5 1.9v3.4h5.2l-0.7 5.3h-4.5v13.6h-5.5v-13.6h-4.5v-5.3h4.5v-3.9q0-3.3 1.9-5.2t5-1.8q2.6 0 4.1 0.2z\"\/><\/svg><\/span><\/a><\/li><li class=\"shariff-button twitter shariff-nocustomcolor\" style=\"background-color:#595959;border-radius:1%\"><a href=\"https:\/\/twitter.com\/share?url=https%3A%2F%2Fwww.sonnenseite.com%2Fde%2Fpolitik%2Fdnr-zur-angeblichen-co2-luege-von-fritz-vahrenholt%2F&text=DNR%20zur%20angeblichen%20CO2-L%C3%BCge%20von%20Fritz%20Vahrenholt\" title=\"Bei X teilen\" aria-label=\"Bei X teilen\" role=\"button\" rel=\"noopener nofollow\" class=\"shariff-link\" style=\";border-radius:1%; background-color:#000; color:#fff\" target=\"_blank\"><span class=\"shariff-icon\" style=\"\"><svg width=\"32px\" height=\"20px\" xmlns=\"http:\/\/www.w3.org\/2000\/svg\" viewBox=\"0 0 24 24\"><path fill=\"#000\" d=\"M14.258 10.152L23.176 0h-2.113l-7.747 8.813L7.133 0H0l9.352 13.328L0 23.973h2.113l8.176-9.309 6.531 9.309h7.133zm-2.895 3.293l-.949-1.328L2.875 1.56h3.246l6.086 8.523.945 1.328 7.91 11.078h-3.246zm0 0\"\/><\/svg><\/span><\/a><\/li><li class=\"shariff-button xing shariff-nocustomcolor\" style=\"background-color:#29888a;border-radius:1%\"><a href=\"https:\/\/www.xing.com\/spi\/shares\/new?url=https%3A%2F%2Fwww.sonnenseite.com%2Fde%2Fpolitik%2Fdnr-zur-angeblichen-co2-luege-von-fritz-vahrenholt%2F\" title=\"Bei XING teilen\" aria-label=\"Bei XING teilen\" role=\"button\" rel=\"noopener nofollow\" class=\"shariff-link\" style=\";border-radius:1%; background-color:#126567; color:#fff\" target=\"_blank\"><span class=\"shariff-icon\" style=\"\"><svg width=\"32px\" height=\"20px\" xmlns=\"http:\/\/www.w3.org\/2000\/svg\" viewBox=\"0 0 25 32\"><path fill=\"#126567\" d=\"M10.7 11.9q-0.2 0.3-4.6 8.2-0.5 0.8-1.2 0.8h-4.3q-0.4 0-0.5-0.3t0-0.6l4.5-8q0 0 0 0l-2.9-5q-0.2-0.4 0-0.7 0.2-0.3 0.5-0.3h4.3q0.7 0 1.2 0.8zM25.1 0.4q0.2 0.3 0 0.7l-9.4 16.7 6 11q0.2 0.4 0 0.6-0.2 0.3-0.6 0.3h-4.3q-0.7 0-1.2-0.8l-6-11.1q0.3-0.6 9.5-16.8 0.4-0.8 1.2-0.8h4.3q0.4 0 0.5 0.3z\"\/><\/svg><\/span><\/a><\/li><li class=\"shariff-button linkedin shariff-nocustomcolor\" style=\"background-color:#1488bf;border-radius:1%\"><a href=\"https:\/\/www.linkedin.com\/sharing\/share-offsite\/?url=https%3A%2F%2Fwww.sonnenseite.com%2Fde%2Fpolitik%2Fdnr-zur-angeblichen-co2-luege-von-fritz-vahrenholt%2F\" title=\"Bei LinkedIn teilen\" aria-label=\"Bei LinkedIn teilen\" role=\"button\" rel=\"noopener nofollow\" class=\"shariff-link\" style=\";border-radius:1%; background-color:#0077b5; color:#fff\" target=\"_blank\"><span class=\"shariff-icon\" style=\"\"><svg width=\"32px\" height=\"20px\" xmlns=\"http:\/\/www.w3.org\/2000\/svg\" viewBox=\"0 0 27 32\"><path fill=\"#0077b5\" d=\"M6.2 11.2v17.7h-5.9v-17.7h5.9zM6.6 5.7q0 1.3-0.9 2.2t-2.4 0.9h0q-1.5 0-2.4-0.9t-0.9-2.2 0.9-2.2 2.4-0.9 2.4 0.9 0.9 2.2zM27.4 18.7v10.1h-5.9v-9.5q0-1.9-0.7-2.9t-2.3-1.1q-1.1 0-1.9 0.6t-1.2 1.5q-0.2 0.5-0.2 1.4v9.9h-5.9q0-7.1 0-11.6t0-5.3l0-0.9h5.9v2.6h0q0.4-0.6 0.7-1t1-0.9 1.6-0.8 2-0.3q3 0 4.9 2t1.9 6z\"\/><\/svg><\/span><\/a><\/li><li class=\"shariff-button printer shariff-nocustomcolor\" style=\"background-color:#a8a8a8;border-radius:1%\"><a href=\"javascript:window.print()\" title=\"drucken\" aria-label=\"drucken\" role=\"button\" rel=\"noopener nofollow\" class=\"shariff-link\" style=\";border-radius:1%; background-color:#999; color:#fff\"><span class=\"shariff-icon\" style=\"\"><svg width=\"32px\" height=\"20px\" xmlns=\"http:\/\/www.w3.org\/2000\/svg\" viewBox=\"0 0 30 32\"><path fill=\"#999\" d=\"M6.8 27.4h16v-4.6h-16v4.6zM6.8 16h16v-6.8h-2.8q-0.7 0-1.2-0.5t-0.5-1.2v-2.8h-11.4v11.4zM27.4 17.2q0-0.5-0.3-0.8t-0.8-0.4-0.8 0.4-0.3 0.8 0.3 0.8 0.8 0.3 0.8-0.3 0.3-0.8zM29.7 17.2v7.4q0 0.2-0.2 0.4t-0.4 0.2h-4v2.8q0 0.7-0.5 1.2t-1.2 0.5h-17.2q-0.7 0-1.2-0.5t-0.5-1.2v-2.8h-4q-0.2 0-0.4-0.2t-0.2-0.4v-7.4q0-1.4 1-2.4t2.4-1h1.2v-9.7q0-0.7 0.5-1.2t1.2-0.5h12q0.7 0 1.6 0.4t1.3 0.8l2.7 2.7q0.5 0.5 0.9 1.4t0.4 1.6v4.6h1.1q1.4 0 2.4 1t1 2.4z\"\/><\/svg><\/span><\/a><\/li><li class=\"shariff-button mailto shariff-nocustomcolor\" style=\"background-color:#a8a8a8;border-radius:1%\"><a href=\"mailto:?body=https%3A%2F%2Fwww.sonnenseite.com%2Fde%2Fpolitik%2Fdnr-zur-angeblichen-co2-luege-von-fritz-vahrenholt%2F&subject=DNR%20zur%20angeblichen%20CO2-L%C3%BCge%20von%20Fritz%20Vahrenholt\" title=\"Per E-Mail versenden\" aria-label=\"Per E-Mail versenden\" role=\"button\" rel=\"noopener nofollow\" class=\"shariff-link\" style=\";border-radius:1%; background-color:#999; color:#fff\"><span class=\"shariff-icon\" style=\"\"><svg width=\"32px\" height=\"20px\" xmlns=\"http:\/\/www.w3.org\/2000\/svg\" viewBox=\"0 0 32 32\"><path fill=\"#999\" d=\"M32 12.7v14.2q0 1.2-0.8 2t-2 0.9h-26.3q-1.2 0-2-0.9t-0.8-2v-14.2q0.8 0.9 1.8 1.6 6.5 4.4 8.9 6.1 1 0.8 1.6 1.2t1.7 0.9 2 0.4h0.1q0.9 0 2-0.4t1.7-0.9 1.6-1.2q3-2.2 8.9-6.1 1-0.7 1.8-1.6zM32 7.4q0 1.4-0.9 2.7t-2.2 2.2q-6.7 4.7-8.4 5.8-0.2 0.1-0.7 0.5t-1 0.7-0.9 0.6-1.1 0.5-0.9 0.2h-0.1q-0.4 0-0.9-0.2t-1.1-0.5-0.9-0.6-1-0.7-0.7-0.5q-1.6-1.1-4.7-3.2t-3.6-2.6q-1.1-0.7-2.1-2t-1-2.5q0-1.4 0.7-2.3t2.1-0.9h26.3q1.2 0 2 0.8t0.9 2z\"\/><\/svg><\/span><\/a><\/li><\/ul><\/div>","protected":false},"excerpt":{"rendered":"<p>Wendehals Vahrenholt \u2013 vom Umweltsch\u00fctzer zum RWE-Manager, vom mutigen Warner zum Klima\u00adleugner.<\/p>\n","protected":false},"author":1,"featured_media":50987,"comment_status":"closed","ping_status":"closed","sticky":false,"template":"","format":"standard","meta":{"inline_featured_image":false,"footnotes":""},"categories":[21],"tags":[],"class_list":["post-57277","post","type-post","status-publish","format-standard","has-post-thumbnail","hentry","category-politik"],"yoast_head":"<!-- This site is optimized with the Yoast SEO plugin v26.5 - https:\/\/yoast.com\/wordpress\/plugins\/seo\/ -->\n<title>DNR zur angeblichen CO2-L\u00fcge von Fritz Vahrenholt - Sonnenseite - \u00d6kologische Kommunikation mit Franz Alt<\/title>\n<meta name=\"description\" content=\"Wendehals Vahrenholt \u2013 vom Umweltsch\u00fctzer zum RWE-Manager, vom mutigen Warner zum Klima\u00adleugner. Der DNR hat heute in Berlin die Behauptung des ehemaligen\" \/>\n<meta name=\"robots\" content=\"index, follow, max-snippet:-1, max-image-preview:large, max-video-preview:-1\" \/>\n<link rel=\"canonical\" href=\"https:\/\/www.sonnenseite.com\/de\/politik\/dnr-zur-angeblichen-co2-luege-von-fritz-vahrenholt\/\" \/>\n<meta property=\"og:locale\" content=\"de_DE\" \/>\n<meta property=\"og:type\" content=\"article\" \/>\n<meta property=\"og:title\" content=\"DNR zur angeblichen CO2-L\u00fcge von Fritz Vahrenholt - Sonnenseite - \u00d6kologische Kommunikation mit Franz Alt\" \/>\n<meta property=\"og:description\" content=\"Wendehals Vahrenholt \u2013 vom Umweltsch\u00fctzer zum RWE-Manager, vom mutigen Warner zum Klima\u00adleugner. Der DNR hat heute in Berlin die Behauptung des ehemaligen\" \/>\n<meta property=\"og:url\" content=\"https:\/\/www.sonnenseite.com\/de\/politik\/dnr-zur-angeblichen-co2-luege-von-fritz-vahrenholt\/\" \/>\n<meta property=\"og:site_name\" content=\"Sonnenseite\" \/>\n<meta property=\"article:publisher\" content=\"https:\/\/www.facebook.com\/pages\/Franz-Alt-SONNENSEITECOM\/221072987903953?fref=ts\" \/>\n<meta property=\"article:published_time\" content=\"2012-02-07T23:00:00+00:00\" \/>\n<meta property=\"og:image\" content=\"https:\/\/www.sonnenseite.com\/wp-content\/uploads\/2020\/06\/archiv_artikel.jpg\" \/>\n\t<meta property=\"og:image:width\" content=\"770\" \/>\n\t<meta property=\"og:image:height\" content=\"420\" \/>\n\t<meta property=\"og:image:type\" content=\"image\/jpeg\" \/>\n<meta name=\"author\" content=\"sbade\" \/>\n<meta name=\"twitter:card\" content=\"summary_large_image\" \/>\n<meta name=\"twitter:creator\" content=\"@franzalt\" \/>\n<meta name=\"twitter:site\" content=\"@franzalt\" \/>\n<meta name=\"twitter:label1\" content=\"Verfasst von\" \/>\n\t<meta name=\"twitter:data1\" content=\"sbade\" \/>\n\t<meta name=\"twitter:label2\" content=\"Gesch\u00e4tzte Lesezeit\" \/>\n\t<meta name=\"twitter:data2\" content=\"3\u00a0Minuten\" \/>\n<script type=\"application\/ld+json\" class=\"yoast-schema-graph\">{\"@context\":\"https:\/\/schema.org\",\"@graph\":[{\"@type\":\"Article\",\"@id\":\"https:\/\/www.sonnenseite.com\/de\/politik\/dnr-zur-angeblichen-co2-luege-von-fritz-vahrenholt\/#article\",\"isPartOf\":{\"@id\":\"https:\/\/www.sonnenseite.com\/de\/politik\/dnr-zur-angeblichen-co2-luege-von-fritz-vahrenholt\/\"},\"author\":{\"name\":\"sbade\",\"@id\":\"https:\/\/www.sonnenseite.com\/de\/#\/schema\/person\/6df44691cd9a70d99e140e1116ee8771\"},\"headline\":\"DNR zur angeblichen CO2-L\u00fcge von Fritz Vahrenholt\",\"datePublished\":\"2012-02-07T23:00:00+00:00\",\"mainEntityOfPage\":{\"@id\":\"https:\/\/www.sonnenseite.com\/de\/politik\/dnr-zur-angeblichen-co2-luege-von-fritz-vahrenholt\/\"},\"wordCount\":592,\"publisher\":{\"@id\":\"https:\/\/www.sonnenseite.com\/de\/#organization\"},\"image\":{\"@id\":\"https:\/\/www.sonnenseite.com\/de\/politik\/dnr-zur-angeblichen-co2-luege-von-fritz-vahrenholt\/#primaryimage\"},\"thumbnailUrl\":\"https:\/\/www.sonnenseite.com\/wp-content\/uploads\/2020\/06\/archiv_artikel.jpg\",\"articleSection\":[\"Politik\"],\"inLanguage\":\"de\"},{\"@type\":\"WebPage\",\"@id\":\"https:\/\/www.sonnenseite.com\/de\/politik\/dnr-zur-angeblichen-co2-luege-von-fritz-vahrenholt\/\",\"url\":\"https:\/\/www.sonnenseite.com\/de\/politik\/dnr-zur-angeblichen-co2-luege-von-fritz-vahrenholt\/\",\"name\":\"DNR zur angeblichen CO2-L\u00fcge von Fritz Vahrenholt - Sonnenseite - \u00d6kologische Kommunikation mit Franz Alt\",\"isPartOf\":{\"@id\":\"https:\/\/www.sonnenseite.com\/de\/#website\"},\"primaryImageOfPage\":{\"@id\":\"https:\/\/www.sonnenseite.com\/de\/politik\/dnr-zur-angeblichen-co2-luege-von-fritz-vahrenholt\/#primaryimage\"},\"image\":{\"@id\":\"https:\/\/www.sonnenseite.com\/de\/politik\/dnr-zur-angeblichen-co2-luege-von-fritz-vahrenholt\/#primaryimage\"},\"thumbnailUrl\":\"https:\/\/www.sonnenseite.com\/wp-content\/uploads\/2020\/06\/archiv_artikel.jpg\",\"datePublished\":\"2012-02-07T23:00:00+00:00\",\"description\":\"Wendehals Vahrenholt \u2013 vom Umweltsch\u00fctzer zum RWE-Manager, vom mutigen Warner zum Klima\u00adleugner. Der DNR hat heute in Berlin die Behauptung des ehemaligen\",\"breadcrumb\":{\"@id\":\"https:\/\/www.sonnenseite.com\/de\/politik\/dnr-zur-angeblichen-co2-luege-von-fritz-vahrenholt\/#breadcrumb\"},\"inLanguage\":\"de\",\"potentialAction\":[{\"@type\":\"ReadAction\",\"target\":[\"https:\/\/www.sonnenseite.com\/de\/politik\/dnr-zur-angeblichen-co2-luege-von-fritz-vahrenholt\/\"]}]},{\"@type\":\"ImageObject\",\"inLanguage\":\"de\",\"@id\":\"https:\/\/www.sonnenseite.com\/de\/politik\/dnr-zur-angeblichen-co2-luege-von-fritz-vahrenholt\/#primaryimage\",\"url\":\"https:\/\/www.sonnenseite.com\/wp-content\/uploads\/2020\/06\/archiv_artikel.jpg\",\"contentUrl\":\"https:\/\/www.sonnenseite.com\/wp-content\/uploads\/2020\/06\/archiv_artikel.jpg\",\"width\":770,\"height\":420,\"caption\":\"Sonnenseite\"},{\"@type\":\"BreadcrumbList\",\"@id\":\"https:\/\/www.sonnenseite.com\/de\/politik\/dnr-zur-angeblichen-co2-luege-von-fritz-vahrenholt\/#breadcrumb\",\"itemListElement\":[{\"@type\":\"ListItem\",\"position\":1,\"name\":\"Startseite\",\"item\":\"https:\/\/www.sonnenseite.com\/de\/\"},{\"@type\":\"ListItem\",\"position\":2,\"name\":\"DNR zur angeblichen CO2-L\u00fcge von Fritz Vahrenholt\"}]},{\"@type\":\"WebSite\",\"@id\":\"https:\/\/www.sonnenseite.com\/de\/#website\",\"url\":\"https:\/\/www.sonnenseite.com\/de\/\",\"name\":\"Sonnenseite\",\"description\":\"\u00d6kologische Kommunikation mit Franz Alt\",\"publisher\":{\"@id\":\"https:\/\/www.sonnenseite.com\/de\/#organization\"},\"potentialAction\":[{\"@type\":\"SearchAction\",\"target\":{\"@type\":\"EntryPoint\",\"urlTemplate\":\"https:\/\/www.sonnenseite.com\/de\/?s={search_term_string}\"},\"query-input\":{\"@type\":\"PropertyValueSpecification\",\"valueRequired\":true,\"valueName\":\"search_term_string\"}}],\"inLanguage\":\"de\"},{\"@type\":\"Organization\",\"@id\":\"https:\/\/www.sonnenseite.com\/de\/#organization\",\"name\":\"Sonnenseite\",\"url\":\"https:\/\/www.sonnenseite.com\/de\/\",\"logo\":{\"@type\":\"ImageObject\",\"inLanguage\":\"de\",\"@id\":\"https:\/\/www.sonnenseite.com\/de\/#\/schema\/logo\/image\/\",\"url\":\"https:\/\/www.sonnenseite.com\/wp-content\/uploads\/2020\/05\/Sonnenseite_Logo.png\",\"contentUrl\":\"https:\/\/www.sonnenseite.com\/wp-content\/uploads\/2020\/05\/Sonnenseite_Logo.png\",\"width\":377,\"height\":90,\"caption\":\"Sonnenseite\"},\"image\":{\"@id\":\"https:\/\/www.sonnenseite.com\/de\/#\/schema\/logo\/image\/\"},\"sameAs\":[\"https:\/\/www.facebook.com\/pages\/Franz-Alt-SONNENSEITECOM\/221072987903953?fref=ts\",\"https:\/\/x.com\/franzalt\",\"http:\/\/www.youtube.com\/results?search_query&amp;amp;quot;franz_alt&amp;amp;quot;&amp;amp;amp;amp;search_type&amp;amp;amp;amp;aq=f\"]},{\"@type\":\"Person\",\"@id\":\"https:\/\/www.sonnenseite.com\/de\/#\/schema\/person\/6df44691cd9a70d99e140e1116ee8771\",\"name\":\"sbade\",\"sameAs\":[\"https:\/\/www.sonnenseite.com\"]}]}<\/script>\n<!-- \/ Yoast SEO plugin. -->","yoast_head_json":{"title":"DNR zur angeblichen CO2-L\u00fcge von Fritz Vahrenholt - Sonnenseite - \u00d6kologische Kommunikation mit Franz Alt","description":"Wendehals Vahrenholt \u2013 vom Umweltsch\u00fctzer zum RWE-Manager, vom mutigen Warner zum Klima\u00adleugner. Der DNR hat heute in Berlin die Behauptung des ehemaligen","robots":{"index":"index","follow":"follow","max-snippet":"max-snippet:-1","max-image-preview":"max-image-preview:large","max-video-preview":"max-video-preview:-1"},"canonical":"https:\/\/www.sonnenseite.com\/de\/politik\/dnr-zur-angeblichen-co2-luege-von-fritz-vahrenholt\/","og_locale":"de_DE","og_type":"article","og_title":"DNR zur angeblichen CO2-L\u00fcge von Fritz Vahrenholt - Sonnenseite - \u00d6kologische Kommunikation mit Franz Alt","og_description":"Wendehals Vahrenholt \u2013 vom Umweltsch\u00fctzer zum RWE-Manager, vom mutigen Warner zum Klima\u00adleugner. Der DNR hat heute in Berlin die Behauptung des ehemaligen","og_url":"https:\/\/www.sonnenseite.com\/de\/politik\/dnr-zur-angeblichen-co2-luege-von-fritz-vahrenholt\/","og_site_name":"Sonnenseite","article_publisher":"https:\/\/www.facebook.com\/pages\/Franz-Alt-SONNENSEITECOM\/221072987903953?fref=ts","article_published_time":"2012-02-07T23:00:00+00:00","og_image":[{"width":770,"height":420,"url":"https:\/\/www.sonnenseite.com\/wp-content\/uploads\/2020\/06\/archiv_artikel.jpg","type":"image\/jpeg"}],"author":"sbade","twitter_card":"summary_large_image","twitter_creator":"@franzalt","twitter_site":"@franzalt","twitter_misc":{"Verfasst von":"sbade","Gesch\u00e4tzte Lesezeit":"3\u00a0Minuten"},"schema":{"@context":"https:\/\/schema.org","@graph":[{"@type":"Article","@id":"https:\/\/www.sonnenseite.com\/de\/politik\/dnr-zur-angeblichen-co2-luege-von-fritz-vahrenholt\/#article","isPartOf":{"@id":"https:\/\/www.sonnenseite.com\/de\/politik\/dnr-zur-angeblichen-co2-luege-von-fritz-vahrenholt\/"},"author":{"name":"sbade","@id":"https:\/\/www.sonnenseite.com\/de\/#\/schema\/person\/6df44691cd9a70d99e140e1116ee8771"},"headline":"DNR zur angeblichen CO2-L\u00fcge von Fritz Vahrenholt","datePublished":"2012-02-07T23:00:00+00:00","mainEntityOfPage":{"@id":"https:\/\/www.sonnenseite.com\/de\/politik\/dnr-zur-angeblichen-co2-luege-von-fritz-vahrenholt\/"},"wordCount":592,"publisher":{"@id":"https:\/\/www.sonnenseite.com\/de\/#organization"},"image":{"@id":"https:\/\/www.sonnenseite.com\/de\/politik\/dnr-zur-angeblichen-co2-luege-von-fritz-vahrenholt\/#primaryimage"},"thumbnailUrl":"https:\/\/www.sonnenseite.com\/wp-content\/uploads\/2020\/06\/archiv_artikel.jpg","articleSection":["Politik"],"inLanguage":"de"},{"@type":"WebPage","@id":"https:\/\/www.sonnenseite.com\/de\/politik\/dnr-zur-angeblichen-co2-luege-von-fritz-vahrenholt\/","url":"https:\/\/www.sonnenseite.com\/de\/politik\/dnr-zur-angeblichen-co2-luege-von-fritz-vahrenholt\/","name":"DNR zur angeblichen CO2-L\u00fcge von Fritz Vahrenholt - Sonnenseite - \u00d6kologische Kommunikation mit Franz Alt","isPartOf":{"@id":"https:\/\/www.sonnenseite.com\/de\/#website"},"primaryImageOfPage":{"@id":"https:\/\/www.sonnenseite.com\/de\/politik\/dnr-zur-angeblichen-co2-luege-von-fritz-vahrenholt\/#primaryimage"},"image":{"@id":"https:\/\/www.sonnenseite.com\/de\/politik\/dnr-zur-angeblichen-co2-luege-von-fritz-vahrenholt\/#primaryimage"},"thumbnailUrl":"https:\/\/www.sonnenseite.com\/wp-content\/uploads\/2020\/06\/archiv_artikel.jpg","datePublished":"2012-02-07T23:00:00+00:00","description":"Wendehals Vahrenholt \u2013 vom Umweltsch\u00fctzer zum RWE-Manager, vom mutigen Warner zum Klima\u00adleugner. Der DNR hat heute in Berlin die Behauptung des ehemaligen","breadcrumb":{"@id":"https:\/\/www.sonnenseite.com\/de\/politik\/dnr-zur-angeblichen-co2-luege-von-fritz-vahrenholt\/#breadcrumb"},"inLanguage":"de","potentialAction":[{"@type":"ReadAction","target":["https:\/\/www.sonnenseite.com\/de\/politik\/dnr-zur-angeblichen-co2-luege-von-fritz-vahrenholt\/"]}]},{"@type":"ImageObject","inLanguage":"de","@id":"https:\/\/www.sonnenseite.com\/de\/politik\/dnr-zur-angeblichen-co2-luege-von-fritz-vahrenholt\/#primaryimage","url":"https:\/\/www.sonnenseite.com\/wp-content\/uploads\/2020\/06\/archiv_artikel.jpg","contentUrl":"https:\/\/www.sonnenseite.com\/wp-content\/uploads\/2020\/06\/archiv_artikel.jpg","width":770,"height":420,"caption":"Sonnenseite"},{"@type":"BreadcrumbList","@id":"https:\/\/www.sonnenseite.com\/de\/politik\/dnr-zur-angeblichen-co2-luege-von-fritz-vahrenholt\/#breadcrumb","itemListElement":[{"@type":"ListItem","position":1,"name":"Startseite","item":"https:\/\/www.sonnenseite.com\/de\/"},{"@type":"ListItem","position":2,"name":"DNR zur angeblichen CO2-L\u00fcge von Fritz Vahrenholt"}]},{"@type":"WebSite","@id":"https:\/\/www.sonnenseite.com\/de\/#website","url":"https:\/\/www.sonnenseite.com\/de\/","name":"Sonnenseite","description":"\u00d6kologische Kommunikation mit Franz Alt","publisher":{"@id":"https:\/\/www.sonnenseite.com\/de\/#organization"},"potentialAction":[{"@type":"SearchAction","target":{"@type":"EntryPoint","urlTemplate":"https:\/\/www.sonnenseite.com\/de\/?s={search_term_string}"},"query-input":{"@type":"PropertyValueSpecification","valueRequired":true,"valueName":"search_term_string"}}],"inLanguage":"de"},{"@type":"Organization","@id":"https:\/\/www.sonnenseite.com\/de\/#organization","name":"Sonnenseite","url":"https:\/\/www.sonnenseite.com\/de\/","logo":{"@type":"ImageObject","inLanguage":"de","@id":"https:\/\/www.sonnenseite.com\/de\/#\/schema\/logo\/image\/","url":"https:\/\/www.sonnenseite.com\/wp-content\/uploads\/2020\/05\/Sonnenseite_Logo.png","contentUrl":"https:\/\/www.sonnenseite.com\/wp-content\/uploads\/2020\/05\/Sonnenseite_Logo.png","width":377,"height":90,"caption":"Sonnenseite"},"image":{"@id":"https:\/\/www.sonnenseite.com\/de\/#\/schema\/logo\/image\/"},"sameAs":["https:\/\/www.facebook.com\/pages\/Franz-Alt-SONNENSEITECOM\/221072987903953?fref=ts","https:\/\/x.com\/franzalt","http:\/\/www.youtube.com\/results?search_query&amp;amp;quot;franz_alt&amp;amp;quot;&amp;amp;amp;amp;search_type&amp;amp;amp;amp;aq=f"]},{"@type":"Person","@id":"https:\/\/www.sonnenseite.com\/de\/#\/schema\/person\/6df44691cd9a70d99e140e1116ee8771","name":"sbade","sameAs":["https:\/\/www.sonnenseite.com"]}]}},"_links":{"self":[{"href":"https:\/\/www.sonnenseite.com\/de\/wp-json\/wp\/v2\/posts\/57277","targetHints":{"allow":["GET"]}}],"collection":[{"href":"https:\/\/www.sonnenseite.com\/de\/wp-json\/wp\/v2\/posts"}],"about":[{"href":"https:\/\/www.sonnenseite.com\/de\/wp-json\/wp\/v2\/types\/post"}],"author":[{"embeddable":true,"href":"https:\/\/www.sonnenseite.com\/de\/wp-json\/wp\/v2\/users\/1"}],"replies":[{"embeddable":true,"href":"https:\/\/www.sonnenseite.com\/de\/wp-json\/wp\/v2\/comments?post=57277"}],"version-history":[{"count":0,"href":"https:\/\/www.sonnenseite.com\/de\/wp-json\/wp\/v2\/posts\/57277\/revisions"}],"wp:featuredmedia":[{"embeddable":true,"href":"https:\/\/www.sonnenseite.com\/de\/wp-json\/wp\/v2\/media\/50987"}],"wp:attachment":[{"href":"https:\/\/www.sonnenseite.com\/de\/wp-json\/wp\/v2\/media?parent=57277"}],"wp:term":[{"taxonomy":"category","embeddable":true,"href":"https:\/\/www.sonnenseite.com\/de\/wp-json\/wp\/v2\/categories?post=57277"},{"taxonomy":"post_tag","embeddable":true,"href":"https:\/\/www.sonnenseite.com\/de\/wp-json\/wp\/v2\/tags?post=57277"}],"curies":[{"name":"wp","href":"https:\/\/api.w.org\/{rel}","templated":true}]}}