{"id":57288,"date":"2012-02-06T00:00:00","date_gmt":"2012-02-05T23:00:00","guid":{"rendered":"https:\/\/www.sonnenseite.com\/politik\/greenpeace-chef-kumi-naidoo-klimawandel-gefahr-fuer-frieden-und-sicherheit.html"},"modified":"2012-02-06T00:00:00","modified_gmt":"2012-02-05T23:00:00","slug":"greenpeace-chef-kumi-naidoo-klimawandel-gefahr-fuer-frieden-und-sicherheit","status":"publish","type":"post","link":"https:\/\/www.sonnenseite.com\/de\/politik\/greenpeace-chef-kumi-naidoo-klimawandel-gefahr-fuer-frieden-und-sicherheit\/","title":{"rendered":"Greenpeace-Chef Kumi Naidoo: Klimawandel Gefahr f\u00fcr Frieden und Sicherheit"},"content":{"rendered":"<p>Rede von Kumi auf der Sicherheitskonferenz in M\u00fcnchen. <!--more--> <\/p>\n<p>Der Autor Kumi Naidoo ist  Gesch\u00e4ftsf\u00fchrer von Greenpeace International. Die Rede zu dem  nachfolgenden Manuskript hat Kumi am Freitag auf <a href=\"http:\/\/www.securityconference.de\/Muenchner-Sicherheitskonferenz-2012.muenchnersicherheit.0.html\" target=\"_blank\" rel=\"noopener noreferrer\">der Sicherheitskonferenz in M\u00fcnchen<\/a> gehalten. Das Foto zeigt ihn auf der parallel stattfindenden <a href=\"http:\/\/www.friedenskonferenz.info\/\" target=\"_blank\" rel=\"noopener noreferrer\">Friedenskonferenz<\/a>, auf der Kumi am Abend ein Gru\u00dfwort sprechen durfte.<\/p>\n<p>Guten Abend, meine Damen und Herren, ich muss zugeben: trotz all  meiner \u00f6ffentlichen Redetermine ist es merkw\u00fcrdig f\u00fcr mich, hier zu sein  \u2013 noch merkw\u00fcrdiger als in <a href=\"http:\/\/blog.greenpeace.de\/blog\/2012\/01\/27\/kumi-auf-dem-weltwirtschaftsforum-in-davos\/\" target=\"_blank\" rel=\"noopener noreferrer\">Davos<\/a>,  von woher ich gerade komme. Ich wei\u00df, dass das, was ich zu sagen habe,  hier nicht so gut ankommen wird. Aber meine Mutter, m\u00f6ge sie in Frieden  ruhen, sagte mir, als ich f\u00fcnfzehn Jahre alt war, dass \u201ces besser ist,  ehrlich und unbeliebt zu sein als unehrlich und beliebt\u201d. (\u2026)<\/p>\n<p>Was kann ich ihnen \u00fcber Sicherheit erz\u00e4hlen, das sie nicht schon  w\u00fcssten? Was kann ich Ihnen sagen, dass nicht schon daf\u00fcr benutzt worden  w\u00e4re, die weltweit 1,6 Billionen R\u00fcstungsausgaben j\u00e4hrlich zu  rechtfertigen. Was kann ich ihnen \u00fcber die Ursache von Konflikten  erz\u00e4hlen, die K\u00e4mpfe um nat\u00fcrlich Resourcen wie Wasser, \u00d6l und Nahrung.  (\u2026) Diese Konflikte k\u00f6nnten teilweise dadurch vermieden werden, indem  wir die Definition von Sicherheit \u00fcberdenken. (\u2026)<\/p>\n<p><strong>Was heute in der Welt passiert, all die Kriege und Konflikte,  resultiert aus einer starken Fokussierung auf nationale Sicherheit und  einer Vernachl\u00e4ssigung humanit\u00e4rer Sicherheit (\u201cHuman Security\u201d).<\/strong><\/p>\n<p>Selbst  die CIA hat in einem Report f\u00fcr Pr\u00e4sident George Bush im Jahre 2003  festgestellt, dass der Klimawandel die Welt mehr bedroht als Terrorismus  und sie an den Rand der Anarchie bringen k\u00f6nnte, weil L\u00e4nder dazu  bereit sind, ihre schwindenden Nahrungs-, Wasser- und Energievorr\u00e4te mit  atomaren Drohgeb\u00e4rden verteidigen.<\/p>\n<p>Meinen Freunde aus den USA m\u00f6chte ich daher einen einfachen Vorschlag  machen, den ich auch neulich bei der Klimakonferenz in meiner  Heimatstadt Durban unterbreitet habe: Wie w\u00e4re es die Differenz zwischen  dem us-amerikanischen und dem chinesischen Milit\u00e4rbudget um 100  Milliarden Dollar j\u00e4hrlich zu verringern? Es bliebe immer noch ein  Unterschied von einer halben Billion Dollar.<\/p>\n<p>Mit diesen 100 Milliarden  k\u00f6nnten wir das Versprechen der Weltgemeinschaft einl\u00f6sen, eine solche  Summe in Entwicklungsl\u00e4nder zu stecken, um damit Ma\u00dfnahmen gegen den  Klimawandel und seine Folgen zu ergreifen. Dadurch w\u00fcrde die Sicherheit  f\u00fcr L\u00e4nder erh\u00f6ht werden, die am wenigsten zum Klimawandel beigetragen,  aber am st\u00e4rksten von ihm betroffen sind. Sie alle wissen, dass sich  Klima-Konflikte in Afrika allm\u00e4hlich ausbreiten, sie kennen auch den  Hintergrund zur <a href=\"http:\/\/www.tagesspiegel.de\/meinung\/kommentare\/klima-darfur-aus-darfur-lernen\/874912.html\" target=\"_blank\" rel=\"noopener noreferrer\">Gewalt in Darfur<\/a>. (\u2026)<\/p>\n<p>Seit langem h\u00e4ngen Kriege eng mit nat\u00fcrlichen Ressourcen zusammen.  Historisch betrachtet hat die Nachfrage aus Europa vorgegeben, welche  G\u00fcter produziert und welche nat\u00fcrlichen Ressourcen der Erde entrissen  werden. Heute hat der Konsum der Menschen \u2013 der direkte Auswirkungen auf  die F\u00e4higkeit unseres Planeten hat, sich selbst instandzuhalten und zu  regenerieren \u2013 einen beispiellosen H\u00f6hepunkt erreicht \u2013 ohne jedes  Anzeichen von Abschw\u00e4chung.<\/p>\n<p><strong>Die weltweite Nachfrage nach Energie,  Wasser, Nahrung und Wohnraum \u00fcbersteigt die F\u00e4higkeiten des Planeten,  sie zu befriedigen.<\/strong> Beinahe 1,3 Milliarden Menschen bekommen die Folgen  von landwirtschaftlichem Raubbau, Abholzung und \u00dcberfischung direkt zu  sp\u00fcren. Noch viele Millionen Menschen mehr werden betroffen sein, wenn  der Meereswasserspiegel aufgrund der globalen Erw\u00e4rmung ansteigt, f\u00fcr  weitere Millionen wird Wasser wertvoller als Gold, weil ihre Fl\u00fcsse und  Seen vertrocken \u2013 und damit ihre Lebensgrundlagen verschwinden. (\u2026)<\/p>\n<p><strong>Den Repr\u00e4sentanten des Milit\u00e4rs auf dieser Konferenz m\u00f6chte ich mit  auf den Weg geben, dass der Milit\u00e4rsektor vielleicht einer der gr\u00f6\u00dften  Mitverursacher des Klimawandels ist.<\/strong><\/p>\n<p>Es handelt sich um eine riesige  Industrie, die sich vor allen anderen Erw\u00e4gungen ganz der sogenannten  \u201cSicherheit\u201d verschrieben hat. Diese Industrie ist demokratischer und  \u00f6ffentlicher Einflussnahme weit weniger stark ausgesetzt als  beispielsweise die Wirtschaft. Sie bleibt oft sowohl von  umweltpolitischen als auch menschenrechtlichen Standards verschont.<\/p>\n<p>Sofern der Milit\u00e4rsektor bei nationalen, transnationalen und  internationalen Ma\u00dfnahmen zur Bek\u00e4mpfung des Klimawandels nicht  ber\u00fccksichtigt wird, k\u00f6nnten all diese Ma\u00dfnahmen auf einer globalen  Ebene nur marginale Effekte zeitigen. (\u2026)<\/p>\n<p><strong>Um meine Rede mit einer positiven Botschaft zu beenden:<\/strong> Wir k\u00f6nnen  die Krise des Klimawandels in eine Chance umwandeln. Der Klimawandel  sollte die Menschheit zur Vernunft bringen. (\u2026)<\/p>\n<p><strong>Am wichtigsten ist es,  dass wir in Zukunft auf eine Energieversorgung durch erneuerbare  Energiequellen setzen:<\/strong> Auf diese Weise gew\u00e4hrleisten wir eine  Unabh\u00e4ngigkeit in der Energieversorgung (\u201cenergy independence\u201d),  schaffen Millionen neuer Jobs, verringern Armut und verhindern  letztendlich Katastrophen durch den Klimawandel.<\/p>\n<p>Nichts weniger ist es,  was unsere Kinder von uns erwarten. Sie haben eine Anrecht auf eine  friedlich und nachhaltige Zukunft. Die Zeit, diese legitimen Anspr\u00fcche  zu erf\u00fcllen, l\u00e4uft uns davon.<\/p>\n<h5 class=\"green\">Quelle<\/h5>\n<p>Greenpeace | Gastautor\/in 2012Greenpeace-Chef Kumi Naidoo 2012<\/p>\n<div class=\"shariff shariff-align-flex-start shariff-widget-align-flex-start\"><div class=\"ShariffHeadline\">Diese Meldung teilen<\/div><ul class=\"shariff-buttons theme-round orientation-horizontal buttonsize-medium\"><li class=\"shariff-button facebook shariff-nocustomcolor\" style=\"background-color:#4273c8;border-radius:1%\"><a href=\"https:\/\/www.facebook.com\/sharer\/sharer.php?u=https%3A%2F%2Fwww.sonnenseite.com%2Fde%2Fpolitik%2Fgreenpeace-chef-kumi-naidoo-klimawandel-gefahr-fuer-frieden-und-sicherheit%2F\" title=\"Bei Facebook teilen\" aria-label=\"Bei Facebook teilen\" role=\"button\" rel=\"nofollow\" class=\"shariff-link\" style=\";border-radius:1%; background-color:#3b5998; color:#fff\" target=\"_blank\"><span class=\"shariff-icon\" style=\"\"><svg width=\"32px\" height=\"20px\" xmlns=\"http:\/\/www.w3.org\/2000\/svg\" viewBox=\"0 0 18 32\"><path fill=\"#3b5998\" d=\"M17.1 0.2v4.7h-2.8q-1.5 0-2.1 0.6t-0.5 1.9v3.4h5.2l-0.7 5.3h-4.5v13.6h-5.5v-13.6h-4.5v-5.3h4.5v-3.9q0-3.3 1.9-5.2t5-1.8q2.6 0 4.1 0.2z\"\/><\/svg><\/span><\/a><\/li><li class=\"shariff-button twitter shariff-nocustomcolor\" style=\"background-color:#595959;border-radius:1%\"><a href=\"https:\/\/twitter.com\/share?url=https%3A%2F%2Fwww.sonnenseite.com%2Fde%2Fpolitik%2Fgreenpeace-chef-kumi-naidoo-klimawandel-gefahr-fuer-frieden-und-sicherheit%2F&text=Greenpeace-Chef%20Kumi%20Naidoo%3A%20Klimawandel%20Gefahr%20f%C3%BCr%20Frieden%20und%20Sicherheit\" title=\"Bei X teilen\" aria-label=\"Bei X teilen\" role=\"button\" rel=\"noopener nofollow\" class=\"shariff-link\" style=\";border-radius:1%; background-color:#000; color:#fff\" target=\"_blank\"><span class=\"shariff-icon\" style=\"\"><svg width=\"32px\" height=\"20px\" xmlns=\"http:\/\/www.w3.org\/2000\/svg\" viewBox=\"0 0 24 24\"><path fill=\"#000\" d=\"M14.258 10.152L23.176 0h-2.113l-7.747 8.813L7.133 0H0l9.352 13.328L0 23.973h2.113l8.176-9.309 6.531 9.309h7.133zm-2.895 3.293l-.949-1.328L2.875 1.56h3.246l6.086 8.523.945 1.328 7.91 11.078h-3.246zm0 0\"\/><\/svg><\/span><\/a><\/li><li class=\"shariff-button xing shariff-nocustomcolor\" style=\"background-color:#29888a;border-radius:1%\"><a href=\"https:\/\/www.xing.com\/spi\/shares\/new?url=https%3A%2F%2Fwww.sonnenseite.com%2Fde%2Fpolitik%2Fgreenpeace-chef-kumi-naidoo-klimawandel-gefahr-fuer-frieden-und-sicherheit%2F\" title=\"Bei XING teilen\" aria-label=\"Bei XING teilen\" role=\"button\" rel=\"noopener nofollow\" class=\"shariff-link\" style=\";border-radius:1%; background-color:#126567; color:#fff\" target=\"_blank\"><span class=\"shariff-icon\" style=\"\"><svg width=\"32px\" height=\"20px\" xmlns=\"http:\/\/www.w3.org\/2000\/svg\" viewBox=\"0 0 25 32\"><path fill=\"#126567\" d=\"M10.7 11.9q-0.2 0.3-4.6 8.2-0.5 0.8-1.2 0.8h-4.3q-0.4 0-0.5-0.3t0-0.6l4.5-8q0 0 0 0l-2.9-5q-0.2-0.4 0-0.7 0.2-0.3 0.5-0.3h4.3q0.7 0 1.2 0.8zM25.1 0.4q0.2 0.3 0 0.7l-9.4 16.7 6 11q0.2 0.4 0 0.6-0.2 0.3-0.6 0.3h-4.3q-0.7 0-1.2-0.8l-6-11.1q0.3-0.6 9.5-16.8 0.4-0.8 1.2-0.8h4.3q0.4 0 0.5 0.3z\"\/><\/svg><\/span><\/a><\/li><li class=\"shariff-button linkedin shariff-nocustomcolor\" style=\"background-color:#1488bf;border-radius:1%\"><a href=\"https:\/\/www.linkedin.com\/sharing\/share-offsite\/?url=https%3A%2F%2Fwww.sonnenseite.com%2Fde%2Fpolitik%2Fgreenpeace-chef-kumi-naidoo-klimawandel-gefahr-fuer-frieden-und-sicherheit%2F\" title=\"Bei LinkedIn teilen\" aria-label=\"Bei LinkedIn teilen\" role=\"button\" rel=\"noopener nofollow\" class=\"shariff-link\" style=\";border-radius:1%; background-color:#0077b5; color:#fff\" target=\"_blank\"><span class=\"shariff-icon\" style=\"\"><svg width=\"32px\" height=\"20px\" xmlns=\"http:\/\/www.w3.org\/2000\/svg\" viewBox=\"0 0 27 32\"><path fill=\"#0077b5\" d=\"M6.2 11.2v17.7h-5.9v-17.7h5.9zM6.6 5.7q0 1.3-0.9 2.2t-2.4 0.9h0q-1.5 0-2.4-0.9t-0.9-2.2 0.9-2.2 2.4-0.9 2.4 0.9 0.9 2.2zM27.4 18.7v10.1h-5.9v-9.5q0-1.9-0.7-2.9t-2.3-1.1q-1.1 0-1.9 0.6t-1.2 1.5q-0.2 0.5-0.2 1.4v9.9h-5.9q0-7.1 0-11.6t0-5.3l0-0.9h5.9v2.6h0q0.4-0.6 0.7-1t1-0.9 1.6-0.8 2-0.3q3 0 4.9 2t1.9 6z\"\/><\/svg><\/span><\/a><\/li><li class=\"shariff-button printer shariff-nocustomcolor\" style=\"background-color:#a8a8a8;border-radius:1%\"><a href=\"javascript:window.print()\" title=\"drucken\" aria-label=\"drucken\" role=\"button\" rel=\"noopener nofollow\" class=\"shariff-link\" style=\";border-radius:1%; background-color:#999; color:#fff\"><span class=\"shariff-icon\" style=\"\"><svg width=\"32px\" height=\"20px\" xmlns=\"http:\/\/www.w3.org\/2000\/svg\" viewBox=\"0 0 30 32\"><path fill=\"#999\" d=\"M6.8 27.4h16v-4.6h-16v4.6zM6.8 16h16v-6.8h-2.8q-0.7 0-1.2-0.5t-0.5-1.2v-2.8h-11.4v11.4zM27.4 17.2q0-0.5-0.3-0.8t-0.8-0.4-0.8 0.4-0.3 0.8 0.3 0.8 0.8 0.3 0.8-0.3 0.3-0.8zM29.7 17.2v7.4q0 0.2-0.2 0.4t-0.4 0.2h-4v2.8q0 0.7-0.5 1.2t-1.2 0.5h-17.2q-0.7 0-1.2-0.5t-0.5-1.2v-2.8h-4q-0.2 0-0.4-0.2t-0.2-0.4v-7.4q0-1.4 1-2.4t2.4-1h1.2v-9.7q0-0.7 0.5-1.2t1.2-0.5h12q0.7 0 1.6 0.4t1.3 0.8l2.7 2.7q0.5 0.5 0.9 1.4t0.4 1.6v4.6h1.1q1.4 0 2.4 1t1 2.4z\"\/><\/svg><\/span><\/a><\/li><li class=\"shariff-button mailto shariff-nocustomcolor\" style=\"background-color:#a8a8a8;border-radius:1%\"><a href=\"mailto:?body=https%3A%2F%2Fwww.sonnenseite.com%2Fde%2Fpolitik%2Fgreenpeace-chef-kumi-naidoo-klimawandel-gefahr-fuer-frieden-und-sicherheit%2F&subject=Greenpeace-Chef%20Kumi%20Naidoo%3A%20Klimawandel%20Gefahr%20f%C3%BCr%20Frieden%20und%20Sicherheit\" title=\"Per E-Mail versenden\" aria-label=\"Per E-Mail versenden\" role=\"button\" rel=\"noopener nofollow\" class=\"shariff-link\" style=\";border-radius:1%; background-color:#999; color:#fff\"><span class=\"shariff-icon\" style=\"\"><svg width=\"32px\" height=\"20px\" xmlns=\"http:\/\/www.w3.org\/2000\/svg\" viewBox=\"0 0 32 32\"><path fill=\"#999\" d=\"M32 12.7v14.2q0 1.2-0.8 2t-2 0.9h-26.3q-1.2 0-2-0.9t-0.8-2v-14.2q0.8 0.9 1.8 1.6 6.5 4.4 8.9 6.1 1 0.8 1.6 1.2t1.7 0.9 2 0.4h0.1q0.9 0 2-0.4t1.7-0.9 1.6-1.2q3-2.2 8.9-6.1 1-0.7 1.8-1.6zM32 7.4q0 1.4-0.9 2.7t-2.2 2.2q-6.7 4.7-8.4 5.8-0.2 0.1-0.7 0.5t-1 0.7-0.9 0.6-1.1 0.5-0.9 0.2h-0.1q-0.4 0-0.9-0.2t-1.1-0.5-0.9-0.6-1-0.7-0.7-0.5q-1.6-1.1-4.7-3.2t-3.6-2.6q-1.1-0.7-2.1-2t-1-2.5q0-1.4 0.7-2.3t2.1-0.9h26.3q1.2 0 2 0.8t0.9 2z\"\/><\/svg><\/span><\/a><\/li><\/ul><\/div>","protected":false},"excerpt":{"rendered":"<p>Rede von Kumi auf der Sicherheitskonferenz in M\u00fcnchen.<\/p>\n","protected":false},"author":1,"featured_media":50987,"comment_status":"closed","ping_status":"closed","sticky":false,"template":"","format":"standard","meta":{"inline_featured_image":false,"footnotes":""},"categories":[21],"tags":[],"class_list":["post-57288","post","type-post","status-publish","format-standard","has-post-thumbnail","hentry","category-politik"],"yoast_head":"<!-- This site is optimized with the Yoast SEO plugin v26.5 - https:\/\/yoast.com\/wordpress\/plugins\/seo\/ -->\n<title>Greenpeace-Chef Kumi Naidoo: Klimawandel Gefahr f\u00fcr Frieden und Sicherheit - Sonnenseite - \u00d6kologische Kommunikation mit Franz Alt<\/title>\n<meta name=\"description\" content=\"Rede von Kumi auf der Sicherheitskonferenz in M\u00fcnchen. Der Autor Kumi Naidoo ist Gesch\u00e4ftsf\u00fchrer von Greenpeace International. Die Rede zu dem\" \/>\n<meta name=\"robots\" content=\"index, follow, max-snippet:-1, max-image-preview:large, max-video-preview:-1\" \/>\n<link rel=\"canonical\" href=\"https:\/\/www.sonnenseite.com\/de\/politik\/greenpeace-chef-kumi-naidoo-klimawandel-gefahr-fuer-frieden-und-sicherheit\/\" \/>\n<meta property=\"og:locale\" content=\"de_DE\" \/>\n<meta property=\"og:type\" content=\"article\" \/>\n<meta property=\"og:title\" content=\"Greenpeace-Chef Kumi Naidoo: Klimawandel Gefahr f\u00fcr Frieden und Sicherheit - Sonnenseite - \u00d6kologische Kommunikation mit Franz Alt\" \/>\n<meta property=\"og:description\" content=\"Rede von Kumi auf der Sicherheitskonferenz in M\u00fcnchen. Der Autor Kumi Naidoo ist Gesch\u00e4ftsf\u00fchrer von Greenpeace International. Die Rede zu dem\" \/>\n<meta property=\"og:url\" content=\"https:\/\/www.sonnenseite.com\/de\/politik\/greenpeace-chef-kumi-naidoo-klimawandel-gefahr-fuer-frieden-und-sicherheit\/\" \/>\n<meta property=\"og:site_name\" content=\"Sonnenseite\" \/>\n<meta property=\"article:publisher\" content=\"https:\/\/www.facebook.com\/pages\/Franz-Alt-SONNENSEITECOM\/221072987903953?fref=ts\" \/>\n<meta property=\"article:published_time\" content=\"2012-02-05T23:00:00+00:00\" \/>\n<meta property=\"og:image\" content=\"https:\/\/www.sonnenseite.com\/wp-content\/uploads\/2020\/06\/archiv_artikel.jpg\" \/>\n\t<meta property=\"og:image:width\" content=\"770\" \/>\n\t<meta property=\"og:image:height\" content=\"420\" \/>\n\t<meta property=\"og:image:type\" content=\"image\/jpeg\" \/>\n<meta name=\"author\" content=\"sbade\" \/>\n<meta name=\"twitter:card\" content=\"summary_large_image\" \/>\n<meta name=\"twitter:creator\" content=\"@franzalt\" \/>\n<meta name=\"twitter:site\" content=\"@franzalt\" \/>\n<meta name=\"twitter:label1\" content=\"Verfasst von\" \/>\n\t<meta name=\"twitter:data1\" content=\"sbade\" \/>\n\t<meta name=\"twitter:label2\" content=\"Gesch\u00e4tzte Lesezeit\" \/>\n\t<meta name=\"twitter:data2\" content=\"4\u00a0Minuten\" \/>\n<script type=\"application\/ld+json\" class=\"yoast-schema-graph\">{\"@context\":\"https:\/\/schema.org\",\"@graph\":[{\"@type\":\"Article\",\"@id\":\"https:\/\/www.sonnenseite.com\/de\/politik\/greenpeace-chef-kumi-naidoo-klimawandel-gefahr-fuer-frieden-und-sicherheit\/#article\",\"isPartOf\":{\"@id\":\"https:\/\/www.sonnenseite.com\/de\/politik\/greenpeace-chef-kumi-naidoo-klimawandel-gefahr-fuer-frieden-und-sicherheit\/\"},\"author\":{\"name\":\"sbade\",\"@id\":\"https:\/\/www.sonnenseite.com\/de\/#\/schema\/person\/6df44691cd9a70d99e140e1116ee8771\"},\"headline\":\"Greenpeace-Chef Kumi Naidoo: Klimawandel Gefahr f\u00fcr Frieden und Sicherheit\",\"datePublished\":\"2012-02-05T23:00:00+00:00\",\"mainEntityOfPage\":{\"@id\":\"https:\/\/www.sonnenseite.com\/de\/politik\/greenpeace-chef-kumi-naidoo-klimawandel-gefahr-fuer-frieden-und-sicherheit\/\"},\"wordCount\":795,\"publisher\":{\"@id\":\"https:\/\/www.sonnenseite.com\/de\/#organization\"},\"image\":{\"@id\":\"https:\/\/www.sonnenseite.com\/de\/politik\/greenpeace-chef-kumi-naidoo-klimawandel-gefahr-fuer-frieden-und-sicherheit\/#primaryimage\"},\"thumbnailUrl\":\"https:\/\/www.sonnenseite.com\/wp-content\/uploads\/2020\/06\/archiv_artikel.jpg\",\"articleSection\":[\"Politik\"],\"inLanguage\":\"de\"},{\"@type\":\"WebPage\",\"@id\":\"https:\/\/www.sonnenseite.com\/de\/politik\/greenpeace-chef-kumi-naidoo-klimawandel-gefahr-fuer-frieden-und-sicherheit\/\",\"url\":\"https:\/\/www.sonnenseite.com\/de\/politik\/greenpeace-chef-kumi-naidoo-klimawandel-gefahr-fuer-frieden-und-sicherheit\/\",\"name\":\"Greenpeace-Chef Kumi Naidoo: Klimawandel Gefahr f\u00fcr Frieden und Sicherheit - Sonnenseite - \u00d6kologische Kommunikation mit Franz Alt\",\"isPartOf\":{\"@id\":\"https:\/\/www.sonnenseite.com\/de\/#website\"},\"primaryImageOfPage\":{\"@id\":\"https:\/\/www.sonnenseite.com\/de\/politik\/greenpeace-chef-kumi-naidoo-klimawandel-gefahr-fuer-frieden-und-sicherheit\/#primaryimage\"},\"image\":{\"@id\":\"https:\/\/www.sonnenseite.com\/de\/politik\/greenpeace-chef-kumi-naidoo-klimawandel-gefahr-fuer-frieden-und-sicherheit\/#primaryimage\"},\"thumbnailUrl\":\"https:\/\/www.sonnenseite.com\/wp-content\/uploads\/2020\/06\/archiv_artikel.jpg\",\"datePublished\":\"2012-02-05T23:00:00+00:00\",\"description\":\"Rede von Kumi auf der Sicherheitskonferenz in M\u00fcnchen. Der Autor Kumi Naidoo ist Gesch\u00e4ftsf\u00fchrer von Greenpeace International. Die Rede zu dem\",\"breadcrumb\":{\"@id\":\"https:\/\/www.sonnenseite.com\/de\/politik\/greenpeace-chef-kumi-naidoo-klimawandel-gefahr-fuer-frieden-und-sicherheit\/#breadcrumb\"},\"inLanguage\":\"de\",\"potentialAction\":[{\"@type\":\"ReadAction\",\"target\":[\"https:\/\/www.sonnenseite.com\/de\/politik\/greenpeace-chef-kumi-naidoo-klimawandel-gefahr-fuer-frieden-und-sicherheit\/\"]}]},{\"@type\":\"ImageObject\",\"inLanguage\":\"de\",\"@id\":\"https:\/\/www.sonnenseite.com\/de\/politik\/greenpeace-chef-kumi-naidoo-klimawandel-gefahr-fuer-frieden-und-sicherheit\/#primaryimage\",\"url\":\"https:\/\/www.sonnenseite.com\/wp-content\/uploads\/2020\/06\/archiv_artikel.jpg\",\"contentUrl\":\"https:\/\/www.sonnenseite.com\/wp-content\/uploads\/2020\/06\/archiv_artikel.jpg\",\"width\":770,\"height\":420,\"caption\":\"Sonnenseite\"},{\"@type\":\"BreadcrumbList\",\"@id\":\"https:\/\/www.sonnenseite.com\/de\/politik\/greenpeace-chef-kumi-naidoo-klimawandel-gefahr-fuer-frieden-und-sicherheit\/#breadcrumb\",\"itemListElement\":[{\"@type\":\"ListItem\",\"position\":1,\"name\":\"Startseite\",\"item\":\"https:\/\/www.sonnenseite.com\/de\/\"},{\"@type\":\"ListItem\",\"position\":2,\"name\":\"Greenpeace-Chef Kumi Naidoo: Klimawandel Gefahr f\u00fcr Frieden und Sicherheit\"}]},{\"@type\":\"WebSite\",\"@id\":\"https:\/\/www.sonnenseite.com\/de\/#website\",\"url\":\"https:\/\/www.sonnenseite.com\/de\/\",\"name\":\"Sonnenseite\",\"description\":\"\u00d6kologische Kommunikation mit Franz Alt\",\"publisher\":{\"@id\":\"https:\/\/www.sonnenseite.com\/de\/#organization\"},\"potentialAction\":[{\"@type\":\"SearchAction\",\"target\":{\"@type\":\"EntryPoint\",\"urlTemplate\":\"https:\/\/www.sonnenseite.com\/de\/?s={search_term_string}\"},\"query-input\":{\"@type\":\"PropertyValueSpecification\",\"valueRequired\":true,\"valueName\":\"search_term_string\"}}],\"inLanguage\":\"de\"},{\"@type\":\"Organization\",\"@id\":\"https:\/\/www.sonnenseite.com\/de\/#organization\",\"name\":\"Sonnenseite\",\"url\":\"https:\/\/www.sonnenseite.com\/de\/\",\"logo\":{\"@type\":\"ImageObject\",\"inLanguage\":\"de\",\"@id\":\"https:\/\/www.sonnenseite.com\/de\/#\/schema\/logo\/image\/\",\"url\":\"https:\/\/www.sonnenseite.com\/wp-content\/uploads\/2020\/05\/Sonnenseite_Logo.png\",\"contentUrl\":\"https:\/\/www.sonnenseite.com\/wp-content\/uploads\/2020\/05\/Sonnenseite_Logo.png\",\"width\":377,\"height\":90,\"caption\":\"Sonnenseite\"},\"image\":{\"@id\":\"https:\/\/www.sonnenseite.com\/de\/#\/schema\/logo\/image\/\"},\"sameAs\":[\"https:\/\/www.facebook.com\/pages\/Franz-Alt-SONNENSEITECOM\/221072987903953?fref=ts\",\"https:\/\/x.com\/franzalt\",\"http:\/\/www.youtube.com\/results?search_query&amp;amp;quot;franz_alt&amp;amp;quot;&amp;amp;amp;amp;search_type&amp;amp;amp;amp;aq=f\"]},{\"@type\":\"Person\",\"@id\":\"https:\/\/www.sonnenseite.com\/de\/#\/schema\/person\/6df44691cd9a70d99e140e1116ee8771\",\"name\":\"sbade\",\"sameAs\":[\"https:\/\/www.sonnenseite.com\"]}]}<\/script>\n<!-- \/ Yoast SEO plugin. -->","yoast_head_json":{"title":"Greenpeace-Chef Kumi Naidoo: Klimawandel Gefahr f\u00fcr Frieden und Sicherheit - Sonnenseite - \u00d6kologische Kommunikation mit Franz Alt","description":"Rede von Kumi auf der Sicherheitskonferenz in M\u00fcnchen. Der Autor Kumi Naidoo ist Gesch\u00e4ftsf\u00fchrer von Greenpeace International. Die Rede zu dem","robots":{"index":"index","follow":"follow","max-snippet":"max-snippet:-1","max-image-preview":"max-image-preview:large","max-video-preview":"max-video-preview:-1"},"canonical":"https:\/\/www.sonnenseite.com\/de\/politik\/greenpeace-chef-kumi-naidoo-klimawandel-gefahr-fuer-frieden-und-sicherheit\/","og_locale":"de_DE","og_type":"article","og_title":"Greenpeace-Chef Kumi Naidoo: Klimawandel Gefahr f\u00fcr Frieden und Sicherheit - Sonnenseite - \u00d6kologische Kommunikation mit Franz Alt","og_description":"Rede von Kumi auf der Sicherheitskonferenz in M\u00fcnchen. Der Autor Kumi Naidoo ist Gesch\u00e4ftsf\u00fchrer von Greenpeace International. Die Rede zu dem","og_url":"https:\/\/www.sonnenseite.com\/de\/politik\/greenpeace-chef-kumi-naidoo-klimawandel-gefahr-fuer-frieden-und-sicherheit\/","og_site_name":"Sonnenseite","article_publisher":"https:\/\/www.facebook.com\/pages\/Franz-Alt-SONNENSEITECOM\/221072987903953?fref=ts","article_published_time":"2012-02-05T23:00:00+00:00","og_image":[{"width":770,"height":420,"url":"https:\/\/www.sonnenseite.com\/wp-content\/uploads\/2020\/06\/archiv_artikel.jpg","type":"image\/jpeg"}],"author":"sbade","twitter_card":"summary_large_image","twitter_creator":"@franzalt","twitter_site":"@franzalt","twitter_misc":{"Verfasst von":"sbade","Gesch\u00e4tzte Lesezeit":"4\u00a0Minuten"},"schema":{"@context":"https:\/\/schema.org","@graph":[{"@type":"Article","@id":"https:\/\/www.sonnenseite.com\/de\/politik\/greenpeace-chef-kumi-naidoo-klimawandel-gefahr-fuer-frieden-und-sicherheit\/#article","isPartOf":{"@id":"https:\/\/www.sonnenseite.com\/de\/politik\/greenpeace-chef-kumi-naidoo-klimawandel-gefahr-fuer-frieden-und-sicherheit\/"},"author":{"name":"sbade","@id":"https:\/\/www.sonnenseite.com\/de\/#\/schema\/person\/6df44691cd9a70d99e140e1116ee8771"},"headline":"Greenpeace-Chef Kumi Naidoo: Klimawandel Gefahr f\u00fcr Frieden und Sicherheit","datePublished":"2012-02-05T23:00:00+00:00","mainEntityOfPage":{"@id":"https:\/\/www.sonnenseite.com\/de\/politik\/greenpeace-chef-kumi-naidoo-klimawandel-gefahr-fuer-frieden-und-sicherheit\/"},"wordCount":795,"publisher":{"@id":"https:\/\/www.sonnenseite.com\/de\/#organization"},"image":{"@id":"https:\/\/www.sonnenseite.com\/de\/politik\/greenpeace-chef-kumi-naidoo-klimawandel-gefahr-fuer-frieden-und-sicherheit\/#primaryimage"},"thumbnailUrl":"https:\/\/www.sonnenseite.com\/wp-content\/uploads\/2020\/06\/archiv_artikel.jpg","articleSection":["Politik"],"inLanguage":"de"},{"@type":"WebPage","@id":"https:\/\/www.sonnenseite.com\/de\/politik\/greenpeace-chef-kumi-naidoo-klimawandel-gefahr-fuer-frieden-und-sicherheit\/","url":"https:\/\/www.sonnenseite.com\/de\/politik\/greenpeace-chef-kumi-naidoo-klimawandel-gefahr-fuer-frieden-und-sicherheit\/","name":"Greenpeace-Chef Kumi Naidoo: Klimawandel Gefahr f\u00fcr Frieden und Sicherheit - Sonnenseite - \u00d6kologische Kommunikation mit Franz Alt","isPartOf":{"@id":"https:\/\/www.sonnenseite.com\/de\/#website"},"primaryImageOfPage":{"@id":"https:\/\/www.sonnenseite.com\/de\/politik\/greenpeace-chef-kumi-naidoo-klimawandel-gefahr-fuer-frieden-und-sicherheit\/#primaryimage"},"image":{"@id":"https:\/\/www.sonnenseite.com\/de\/politik\/greenpeace-chef-kumi-naidoo-klimawandel-gefahr-fuer-frieden-und-sicherheit\/#primaryimage"},"thumbnailUrl":"https:\/\/www.sonnenseite.com\/wp-content\/uploads\/2020\/06\/archiv_artikel.jpg","datePublished":"2012-02-05T23:00:00+00:00","description":"Rede von Kumi auf der Sicherheitskonferenz in M\u00fcnchen. Der Autor Kumi Naidoo ist Gesch\u00e4ftsf\u00fchrer von Greenpeace International. Die Rede zu dem","breadcrumb":{"@id":"https:\/\/www.sonnenseite.com\/de\/politik\/greenpeace-chef-kumi-naidoo-klimawandel-gefahr-fuer-frieden-und-sicherheit\/#breadcrumb"},"inLanguage":"de","potentialAction":[{"@type":"ReadAction","target":["https:\/\/www.sonnenseite.com\/de\/politik\/greenpeace-chef-kumi-naidoo-klimawandel-gefahr-fuer-frieden-und-sicherheit\/"]}]},{"@type":"ImageObject","inLanguage":"de","@id":"https:\/\/www.sonnenseite.com\/de\/politik\/greenpeace-chef-kumi-naidoo-klimawandel-gefahr-fuer-frieden-und-sicherheit\/#primaryimage","url":"https:\/\/www.sonnenseite.com\/wp-content\/uploads\/2020\/06\/archiv_artikel.jpg","contentUrl":"https:\/\/www.sonnenseite.com\/wp-content\/uploads\/2020\/06\/archiv_artikel.jpg","width":770,"height":420,"caption":"Sonnenseite"},{"@type":"BreadcrumbList","@id":"https:\/\/www.sonnenseite.com\/de\/politik\/greenpeace-chef-kumi-naidoo-klimawandel-gefahr-fuer-frieden-und-sicherheit\/#breadcrumb","itemListElement":[{"@type":"ListItem","position":1,"name":"Startseite","item":"https:\/\/www.sonnenseite.com\/de\/"},{"@type":"ListItem","position":2,"name":"Greenpeace-Chef Kumi Naidoo: Klimawandel Gefahr f\u00fcr Frieden und Sicherheit"}]},{"@type":"WebSite","@id":"https:\/\/www.sonnenseite.com\/de\/#website","url":"https:\/\/www.sonnenseite.com\/de\/","name":"Sonnenseite","description":"\u00d6kologische Kommunikation mit Franz Alt","publisher":{"@id":"https:\/\/www.sonnenseite.com\/de\/#organization"},"potentialAction":[{"@type":"SearchAction","target":{"@type":"EntryPoint","urlTemplate":"https:\/\/www.sonnenseite.com\/de\/?s={search_term_string}"},"query-input":{"@type":"PropertyValueSpecification","valueRequired":true,"valueName":"search_term_string"}}],"inLanguage":"de"},{"@type":"Organization","@id":"https:\/\/www.sonnenseite.com\/de\/#organization","name":"Sonnenseite","url":"https:\/\/www.sonnenseite.com\/de\/","logo":{"@type":"ImageObject","inLanguage":"de","@id":"https:\/\/www.sonnenseite.com\/de\/#\/schema\/logo\/image\/","url":"https:\/\/www.sonnenseite.com\/wp-content\/uploads\/2020\/05\/Sonnenseite_Logo.png","contentUrl":"https:\/\/www.sonnenseite.com\/wp-content\/uploads\/2020\/05\/Sonnenseite_Logo.png","width":377,"height":90,"caption":"Sonnenseite"},"image":{"@id":"https:\/\/www.sonnenseite.com\/de\/#\/schema\/logo\/image\/"},"sameAs":["https:\/\/www.facebook.com\/pages\/Franz-Alt-SONNENSEITECOM\/221072987903953?fref=ts","https:\/\/x.com\/franzalt","http:\/\/www.youtube.com\/results?search_query&amp;amp;quot;franz_alt&amp;amp;quot;&amp;amp;amp;amp;search_type&amp;amp;amp;amp;aq=f"]},{"@type":"Person","@id":"https:\/\/www.sonnenseite.com\/de\/#\/schema\/person\/6df44691cd9a70d99e140e1116ee8771","name":"sbade","sameAs":["https:\/\/www.sonnenseite.com"]}]}},"_links":{"self":[{"href":"https:\/\/www.sonnenseite.com\/de\/wp-json\/wp\/v2\/posts\/57288","targetHints":{"allow":["GET"]}}],"collection":[{"href":"https:\/\/www.sonnenseite.com\/de\/wp-json\/wp\/v2\/posts"}],"about":[{"href":"https:\/\/www.sonnenseite.com\/de\/wp-json\/wp\/v2\/types\/post"}],"author":[{"embeddable":true,"href":"https:\/\/www.sonnenseite.com\/de\/wp-json\/wp\/v2\/users\/1"}],"replies":[{"embeddable":true,"href":"https:\/\/www.sonnenseite.com\/de\/wp-json\/wp\/v2\/comments?post=57288"}],"version-history":[{"count":0,"href":"https:\/\/www.sonnenseite.com\/de\/wp-json\/wp\/v2\/posts\/57288\/revisions"}],"wp:featuredmedia":[{"embeddable":true,"href":"https:\/\/www.sonnenseite.com\/de\/wp-json\/wp\/v2\/media\/50987"}],"wp:attachment":[{"href":"https:\/\/www.sonnenseite.com\/de\/wp-json\/wp\/v2\/media?parent=57288"}],"wp:term":[{"taxonomy":"category","embeddable":true,"href":"https:\/\/www.sonnenseite.com\/de\/wp-json\/wp\/v2\/categories?post=57288"},{"taxonomy":"post_tag","embeddable":true,"href":"https:\/\/www.sonnenseite.com\/de\/wp-json\/wp\/v2\/tags?post=57288"}],"curies":[{"name":"wp","href":"https:\/\/api.w.org\/{rel}","templated":true}]}}