{"id":57448,"date":"2012-01-12T00:00:00","date_gmt":"2012-01-11T23:00:00","guid":{"rendered":"https:\/\/www.sonnenseite.com\/politik\/forschungsprojekt-zum-brandschutz-an-photovoltaik-anlagen.html"},"modified":"2012-01-12T00:00:00","modified_gmt":"2012-01-11T23:00:00","slug":"forschungsprojekt-zum-brandschutz-an-photovoltaik-anlagen","status":"publish","type":"post","link":"https:\/\/www.sonnenseite.com\/de\/politik\/forschungsprojekt-zum-brandschutz-an-photovoltaik-anlagen\/","title":{"rendered":"Forschungsprojekt zum Brandschutz an Photovoltaik-Anlagen"},"content":{"rendered":"<p>Wissenschaftliche Analyse von Schadenf\u00e4llen angelaufen. &#8222;Es gibt vereinzelt F\u00e4lle, in denen Solaranlagen in Brand geraten sind&#8230;&#8220; <!--more--> <\/p>\n<p>&#8222;&#8230; Allerdings ist eine pr\u00e4ventive Analyse jetzt sinnvoll\u201c, so Wilhelm  Vaa\u00dfen, Gesch\u00e4ftsfeldleiter Solarenergie bei T\u00dcV Rheinland und  Projektkoordinator des Forschungsvorhabens.<\/p>\n<p>\u00dcber eine Million Photovoltaik-Anlagen sind in Deutschland bereits installiert. Seit Beginn der Nutzung von Photovoltaik spielen die Themen Sicherheit und Brandschutz eine wesentliche Rolle.<\/p>\n<p><strong>Mit Erfolg:<\/strong> <strong>Bislang wurden durch Photovoltaik-Anlagen nur wenige Br\u00e4nde verursacht.<\/strong> Trotzdem ist das Thema f\u00fcr die breite \u00d6ffentlichkeit und Branche bedeutend, denn die Erzeugung von Strom durch Photovoltaik wird weiter eine wachsende Rolle im Energiemix spielen. Ein Forschungsprojekt zum vorbeugenden Brandschutz bei Photovoltaikanlagen unter Federf\u00fchrung von T\u00dcV Rheinland und Fraunhofer ISE, das Ende 2010 gestartet ist, wird deshalb bis 2014 Brandrisiken nochmals anhand von Labortests wissenschaftlich analysieren.<\/p>\n<p>Um eine genauere Datenbasis zu erhalten, werden in dem Forschungsprojekt, das teilweise vom Bundesumweltministerium gef\u00f6rdert wird, bundesweit Br\u00e4nde von Geb\u00e4uden mit Photovoltaik-Anlagen \u2013 auch r\u00fcckwirkend \u2013 erfasst und analysiert.<\/p>\n<p>Hierbei werden nicht nur die wenigen, bislang bekannten F\u00e4lle untersucht, die eindeutig und urs\u00e4chlich durch die Photovoltaik-Anlage ausgel\u00f6st wurden. Vielmehr f\u00fchren die Forscher derzeit eine Umfrage mit der gezielten Ansprache von Versicherern, H\u00e4ndlern, Herstellern, Installateuren, Sachverst\u00e4ndigen, Feuerwehren sowie weiteren Unternehmen der Solarbranche durch, um Informationen \u00fcber Br\u00e4nde zu sammeln und anschlie\u00dfend auswerten zu k\u00f6nnen.<\/p>\n<p>Hierzu wurden bislang rund 2.000 Adressaten aus der Branche befragt. Zudem werden F\u00e4lle wie der Brand eines Stalles im s\u00fcddeutschen G\u00e4dheim oder eines Privathauses im westf\u00e4lischen Werther untersucht, deren Ursache offiziell nicht gekl\u00e4rt werden konnte. Solche und verschiedene andere F\u00e4lle werden zwar in den Medien gelegentlich diskutiert und darstellt, als w\u00e4ren bei ihnen defekte Photovoltaik-Anlagen die Ursache f\u00fcr den Brand, aber sie sind bislang niemals abschlie\u00dfend wissenschaftlich analysiert worden.<\/p>\n<p>\u201eZiel des Forschungsprojekts sei auch die sachliche und fundierte Information innerhalb der Branche \u2013 von Herstellern bis zu Installateuren \u2013 sowie der breiteren \u00d6ffentlichkeit und der Besitzer von Solaranlagen. Die Forschungsergebnisse werden deshalb nicht nur dazu dienen, Photovoltaik noch sicherer zu machen, sondern auch m\u00f6gliche Verunsicherungen bei der Nutzung der Photovoltaik zu verringern.<\/p>\n<p>Deshalb informieren die Projektpartner regelm\u00e4\u00dfig \u00fcber Teilergebnisse in Veranstaltungen, \u00fcber Ver\u00f6ffentlichungen in Fachmedien und f\u00fcr die Allgemeinheit zudem auf der Seite <a href=\"http:\/\/www.pv-brandsicherheit.de\" target=\"_blank\" rel=\"noopener noreferrer\">www.pv-brandsicherheit.de<\/a> im Internet \u00fcber Stand und Ergebnisse des Projektes.<\/p>\n<p><strong>ARD Mediathek: Plusminus &#8222;Brandgefahr bei Photovoltaikanlagen&#8220;<\/strong><\/p>\n<p><a href=\"http:\/\/www.daserste.de\/plusminus\/beitrag_dyn~uid,4wx9rs54sya89hzf~cm.asp\" target=\"_blank\" rel=\"noopener noreferrer\">Text<\/a> | <a href=\"http:\/\/www.ardmediathek.de\/ard\/servlet\/content\/3517136?documentId=9234706\" target=\"_blank\" rel=\"noopener noreferrer\">Video<\/a><\/p>\n<h5 class=\"green\">Quelle<\/h5>\n<p>T\u00dcV Rheinland AG 2012<\/p>\n<div class=\"shariff shariff-align-flex-start shariff-widget-align-flex-start\"><div class=\"ShariffHeadline\">Diese Meldung teilen<\/div><ul class=\"shariff-buttons theme-round orientation-horizontal buttonsize-medium\"><li class=\"shariff-button facebook shariff-nocustomcolor\" style=\"background-color:#4273c8;border-radius:1%\"><a href=\"https:\/\/www.facebook.com\/sharer\/sharer.php?u=https%3A%2F%2Fwww.sonnenseite.com%2Fde%2Fpolitik%2Fforschungsprojekt-zum-brandschutz-an-photovoltaik-anlagen%2F\" title=\"Bei Facebook teilen\" aria-label=\"Bei Facebook teilen\" role=\"button\" rel=\"nofollow\" class=\"shariff-link\" style=\";border-radius:1%; background-color:#3b5998; color:#fff\" target=\"_blank\"><span class=\"shariff-icon\" style=\"\"><svg width=\"32px\" height=\"20px\" xmlns=\"http:\/\/www.w3.org\/2000\/svg\" viewBox=\"0 0 18 32\"><path fill=\"#3b5998\" d=\"M17.1 0.2v4.7h-2.8q-1.5 0-2.1 0.6t-0.5 1.9v3.4h5.2l-0.7 5.3h-4.5v13.6h-5.5v-13.6h-4.5v-5.3h4.5v-3.9q0-3.3 1.9-5.2t5-1.8q2.6 0 4.1 0.2z\"\/><\/svg><\/span><\/a><\/li><li class=\"shariff-button twitter shariff-nocustomcolor\" style=\"background-color:#595959;border-radius:1%\"><a href=\"https:\/\/twitter.com\/share?url=https%3A%2F%2Fwww.sonnenseite.com%2Fde%2Fpolitik%2Fforschungsprojekt-zum-brandschutz-an-photovoltaik-anlagen%2F&text=Forschungsprojekt%20zum%20Brandschutz%20an%20Photovoltaik-Anlagen\" title=\"Bei X teilen\" aria-label=\"Bei X teilen\" role=\"button\" rel=\"noopener nofollow\" class=\"shariff-link\" style=\";border-radius:1%; background-color:#000; color:#fff\" target=\"_blank\"><span class=\"shariff-icon\" style=\"\"><svg width=\"32px\" height=\"20px\" xmlns=\"http:\/\/www.w3.org\/2000\/svg\" viewBox=\"0 0 24 24\"><path fill=\"#000\" d=\"M14.258 10.152L23.176 0h-2.113l-7.747 8.813L7.133 0H0l9.352 13.328L0 23.973h2.113l8.176-9.309 6.531 9.309h7.133zm-2.895 3.293l-.949-1.328L2.875 1.56h3.246l6.086 8.523.945 1.328 7.91 11.078h-3.246zm0 0\"\/><\/svg><\/span><\/a><\/li><li class=\"shariff-button xing shariff-nocustomcolor\" style=\"background-color:#29888a;border-radius:1%\"><a href=\"https:\/\/www.xing.com\/spi\/shares\/new?url=https%3A%2F%2Fwww.sonnenseite.com%2Fde%2Fpolitik%2Fforschungsprojekt-zum-brandschutz-an-photovoltaik-anlagen%2F\" title=\"Bei XING teilen\" aria-label=\"Bei XING teilen\" role=\"button\" rel=\"noopener nofollow\" class=\"shariff-link\" style=\";border-radius:1%; background-color:#126567; color:#fff\" target=\"_blank\"><span class=\"shariff-icon\" style=\"\"><svg width=\"32px\" height=\"20px\" xmlns=\"http:\/\/www.w3.org\/2000\/svg\" viewBox=\"0 0 25 32\"><path fill=\"#126567\" d=\"M10.7 11.9q-0.2 0.3-4.6 8.2-0.5 0.8-1.2 0.8h-4.3q-0.4 0-0.5-0.3t0-0.6l4.5-8q0 0 0 0l-2.9-5q-0.2-0.4 0-0.7 0.2-0.3 0.5-0.3h4.3q0.7 0 1.2 0.8zM25.1 0.4q0.2 0.3 0 0.7l-9.4 16.7 6 11q0.2 0.4 0 0.6-0.2 0.3-0.6 0.3h-4.3q-0.7 0-1.2-0.8l-6-11.1q0.3-0.6 9.5-16.8 0.4-0.8 1.2-0.8h4.3q0.4 0 0.5 0.3z\"\/><\/svg><\/span><\/a><\/li><li class=\"shariff-button linkedin shariff-nocustomcolor\" style=\"background-color:#1488bf;border-radius:1%\"><a href=\"https:\/\/www.linkedin.com\/sharing\/share-offsite\/?url=https%3A%2F%2Fwww.sonnenseite.com%2Fde%2Fpolitik%2Fforschungsprojekt-zum-brandschutz-an-photovoltaik-anlagen%2F\" title=\"Bei LinkedIn teilen\" aria-label=\"Bei LinkedIn teilen\" role=\"button\" rel=\"noopener nofollow\" class=\"shariff-link\" style=\";border-radius:1%; background-color:#0077b5; color:#fff\" target=\"_blank\"><span class=\"shariff-icon\" style=\"\"><svg width=\"32px\" height=\"20px\" xmlns=\"http:\/\/www.w3.org\/2000\/svg\" viewBox=\"0 0 27 32\"><path fill=\"#0077b5\" d=\"M6.2 11.2v17.7h-5.9v-17.7h5.9zM6.6 5.7q0 1.3-0.9 2.2t-2.4 0.9h0q-1.5 0-2.4-0.9t-0.9-2.2 0.9-2.2 2.4-0.9 2.4 0.9 0.9 2.2zM27.4 18.7v10.1h-5.9v-9.5q0-1.9-0.7-2.9t-2.3-1.1q-1.1 0-1.9 0.6t-1.2 1.5q-0.2 0.5-0.2 1.4v9.9h-5.9q0-7.1 0-11.6t0-5.3l0-0.9h5.9v2.6h0q0.4-0.6 0.7-1t1-0.9 1.6-0.8 2-0.3q3 0 4.9 2t1.9 6z\"\/><\/svg><\/span><\/a><\/li><li class=\"shariff-button printer shariff-nocustomcolor\" style=\"background-color:#a8a8a8;border-radius:1%\"><a href=\"javascript:window.print()\" title=\"drucken\" aria-label=\"drucken\" role=\"button\" rel=\"noopener nofollow\" class=\"shariff-link\" style=\";border-radius:1%; background-color:#999; color:#fff\"><span class=\"shariff-icon\" style=\"\"><svg width=\"32px\" height=\"20px\" xmlns=\"http:\/\/www.w3.org\/2000\/svg\" viewBox=\"0 0 30 32\"><path fill=\"#999\" d=\"M6.8 27.4h16v-4.6h-16v4.6zM6.8 16h16v-6.8h-2.8q-0.7 0-1.2-0.5t-0.5-1.2v-2.8h-11.4v11.4zM27.4 17.2q0-0.5-0.3-0.8t-0.8-0.4-0.8 0.4-0.3 0.8 0.3 0.8 0.8 0.3 0.8-0.3 0.3-0.8zM29.7 17.2v7.4q0 0.2-0.2 0.4t-0.4 0.2h-4v2.8q0 0.7-0.5 1.2t-1.2 0.5h-17.2q-0.7 0-1.2-0.5t-0.5-1.2v-2.8h-4q-0.2 0-0.4-0.2t-0.2-0.4v-7.4q0-1.4 1-2.4t2.4-1h1.2v-9.7q0-0.7 0.5-1.2t1.2-0.5h12q0.7 0 1.6 0.4t1.3 0.8l2.7 2.7q0.5 0.5 0.9 1.4t0.4 1.6v4.6h1.1q1.4 0 2.4 1t1 2.4z\"\/><\/svg><\/span><\/a><\/li><li class=\"shariff-button mailto shariff-nocustomcolor\" style=\"background-color:#a8a8a8;border-radius:1%\"><a href=\"mailto:?body=https%3A%2F%2Fwww.sonnenseite.com%2Fde%2Fpolitik%2Fforschungsprojekt-zum-brandschutz-an-photovoltaik-anlagen%2F&subject=Forschungsprojekt%20zum%20Brandschutz%20an%20Photovoltaik-Anlagen\" title=\"Per E-Mail versenden\" aria-label=\"Per E-Mail versenden\" role=\"button\" rel=\"noopener nofollow\" class=\"shariff-link\" style=\";border-radius:1%; background-color:#999; color:#fff\"><span class=\"shariff-icon\" style=\"\"><svg width=\"32px\" height=\"20px\" xmlns=\"http:\/\/www.w3.org\/2000\/svg\" viewBox=\"0 0 32 32\"><path fill=\"#999\" d=\"M32 12.7v14.2q0 1.2-0.8 2t-2 0.9h-26.3q-1.2 0-2-0.9t-0.8-2v-14.2q0.8 0.9 1.8 1.6 6.5 4.4 8.9 6.1 1 0.8 1.6 1.2t1.7 0.9 2 0.4h0.1q0.9 0 2-0.4t1.7-0.9 1.6-1.2q3-2.2 8.9-6.1 1-0.7 1.8-1.6zM32 7.4q0 1.4-0.9 2.7t-2.2 2.2q-6.7 4.7-8.4 5.8-0.2 0.1-0.7 0.5t-1 0.7-0.9 0.6-1.1 0.5-0.9 0.2h-0.1q-0.4 0-0.9-0.2t-1.1-0.5-0.9-0.6-1-0.7-0.7-0.5q-1.6-1.1-4.7-3.2t-3.6-2.6q-1.1-0.7-2.1-2t-1-2.5q0-1.4 0.7-2.3t2.1-0.9h26.3q1.2 0 2 0.8t0.9 2z\"\/><\/svg><\/span><\/a><\/li><\/ul><\/div>","protected":false},"excerpt":{"rendered":"<p>Wissenschaftliche Analyse von Schadenf\u00e4llen angelaufen. &#8222;Es gibt vereinzelt F\u00e4lle, in denen Solaranlagen in Brand geraten sind&#8230;&#8220;<\/p>\n","protected":false},"author":1,"featured_media":50987,"comment_status":"closed","ping_status":"closed","sticky":false,"template":"","format":"standard","meta":{"inline_featured_image":false,"footnotes":""},"categories":[21],"tags":[],"class_list":["post-57448","post","type-post","status-publish","format-standard","has-post-thumbnail","hentry","category-politik"],"yoast_head":"<!-- This site is optimized with the Yoast SEO plugin v26.5 - https:\/\/yoast.com\/wordpress\/plugins\/seo\/ -->\n<title>Forschungsprojekt zum Brandschutz an Photovoltaik-Anlagen - Sonnenseite - \u00d6kologische Kommunikation mit Franz Alt<\/title>\n<meta name=\"description\" content=\"Wissenschaftliche Analyse von Schadenf\u00e4llen angelaufen. &quot;Es gibt vereinzelt F\u00e4lle, in denen Solaranlagen in Brand geraten sind...&quot; &quot;... Allerdings ist\" \/>\n<meta name=\"robots\" content=\"index, follow, max-snippet:-1, max-image-preview:large, max-video-preview:-1\" \/>\n<link rel=\"canonical\" href=\"https:\/\/www.sonnenseite.com\/de\/politik\/forschungsprojekt-zum-brandschutz-an-photovoltaik-anlagen\/\" \/>\n<meta property=\"og:locale\" content=\"de_DE\" \/>\n<meta property=\"og:type\" content=\"article\" \/>\n<meta property=\"og:title\" content=\"Forschungsprojekt zum Brandschutz an Photovoltaik-Anlagen - Sonnenseite - \u00d6kologische Kommunikation mit Franz Alt\" \/>\n<meta property=\"og:description\" content=\"Wissenschaftliche Analyse von Schadenf\u00e4llen angelaufen. &quot;Es gibt vereinzelt F\u00e4lle, in denen Solaranlagen in Brand geraten sind...&quot; &quot;... Allerdings ist\" \/>\n<meta property=\"og:url\" content=\"https:\/\/www.sonnenseite.com\/de\/politik\/forschungsprojekt-zum-brandschutz-an-photovoltaik-anlagen\/\" \/>\n<meta property=\"og:site_name\" content=\"Sonnenseite\" \/>\n<meta property=\"article:publisher\" content=\"https:\/\/www.facebook.com\/pages\/Franz-Alt-SONNENSEITECOM\/221072987903953?fref=ts\" \/>\n<meta property=\"article:published_time\" content=\"2012-01-11T23:00:00+00:00\" \/>\n<meta property=\"og:image\" content=\"https:\/\/www.sonnenseite.com\/wp-content\/uploads\/2020\/06\/archiv_artikel.jpg\" \/>\n\t<meta property=\"og:image:width\" content=\"770\" \/>\n\t<meta property=\"og:image:height\" content=\"420\" \/>\n\t<meta property=\"og:image:type\" content=\"image\/jpeg\" \/>\n<meta name=\"author\" content=\"sbade\" \/>\n<meta name=\"twitter:card\" content=\"summary_large_image\" \/>\n<meta name=\"twitter:creator\" content=\"@franzalt\" \/>\n<meta name=\"twitter:site\" content=\"@franzalt\" \/>\n<meta name=\"twitter:label1\" content=\"Verfasst von\" \/>\n\t<meta name=\"twitter:data1\" content=\"sbade\" \/>\n\t<meta name=\"twitter:label2\" content=\"Gesch\u00e4tzte Lesezeit\" \/>\n\t<meta name=\"twitter:data2\" content=\"2\u00a0Minuten\" \/>\n<script type=\"application\/ld+json\" class=\"yoast-schema-graph\">{\"@context\":\"https:\/\/schema.org\",\"@graph\":[{\"@type\":\"Article\",\"@id\":\"https:\/\/www.sonnenseite.com\/de\/politik\/forschungsprojekt-zum-brandschutz-an-photovoltaik-anlagen\/#article\",\"isPartOf\":{\"@id\":\"https:\/\/www.sonnenseite.com\/de\/politik\/forschungsprojekt-zum-brandschutz-an-photovoltaik-anlagen\/\"},\"author\":{\"name\":\"sbade\",\"@id\":\"https:\/\/www.sonnenseite.com\/de\/#\/schema\/person\/6df44691cd9a70d99e140e1116ee8771\"},\"headline\":\"Forschungsprojekt zum Brandschutz an Photovoltaik-Anlagen\",\"datePublished\":\"2012-01-11T23:00:00+00:00\",\"mainEntityOfPage\":{\"@id\":\"https:\/\/www.sonnenseite.com\/de\/politik\/forschungsprojekt-zum-brandschutz-an-photovoltaik-anlagen\/\"},\"wordCount\":409,\"publisher\":{\"@id\":\"https:\/\/www.sonnenseite.com\/de\/#organization\"},\"image\":{\"@id\":\"https:\/\/www.sonnenseite.com\/de\/politik\/forschungsprojekt-zum-brandschutz-an-photovoltaik-anlagen\/#primaryimage\"},\"thumbnailUrl\":\"https:\/\/www.sonnenseite.com\/wp-content\/uploads\/2020\/06\/archiv_artikel.jpg\",\"articleSection\":[\"Politik\"],\"inLanguage\":\"de\"},{\"@type\":\"WebPage\",\"@id\":\"https:\/\/www.sonnenseite.com\/de\/politik\/forschungsprojekt-zum-brandschutz-an-photovoltaik-anlagen\/\",\"url\":\"https:\/\/www.sonnenseite.com\/de\/politik\/forschungsprojekt-zum-brandschutz-an-photovoltaik-anlagen\/\",\"name\":\"Forschungsprojekt zum Brandschutz an Photovoltaik-Anlagen - Sonnenseite - \u00d6kologische Kommunikation mit Franz Alt\",\"isPartOf\":{\"@id\":\"https:\/\/www.sonnenseite.com\/de\/#website\"},\"primaryImageOfPage\":{\"@id\":\"https:\/\/www.sonnenseite.com\/de\/politik\/forschungsprojekt-zum-brandschutz-an-photovoltaik-anlagen\/#primaryimage\"},\"image\":{\"@id\":\"https:\/\/www.sonnenseite.com\/de\/politik\/forschungsprojekt-zum-brandschutz-an-photovoltaik-anlagen\/#primaryimage\"},\"thumbnailUrl\":\"https:\/\/www.sonnenseite.com\/wp-content\/uploads\/2020\/06\/archiv_artikel.jpg\",\"datePublished\":\"2012-01-11T23:00:00+00:00\",\"description\":\"Wissenschaftliche Analyse von Schadenf\u00e4llen angelaufen. \\\"Es gibt vereinzelt F\u00e4lle, in denen Solaranlagen in Brand geraten sind...\\\" \\\"... Allerdings ist\",\"breadcrumb\":{\"@id\":\"https:\/\/www.sonnenseite.com\/de\/politik\/forschungsprojekt-zum-brandschutz-an-photovoltaik-anlagen\/#breadcrumb\"},\"inLanguage\":\"de\",\"potentialAction\":[{\"@type\":\"ReadAction\",\"target\":[\"https:\/\/www.sonnenseite.com\/de\/politik\/forschungsprojekt-zum-brandschutz-an-photovoltaik-anlagen\/\"]}]},{\"@type\":\"ImageObject\",\"inLanguage\":\"de\",\"@id\":\"https:\/\/www.sonnenseite.com\/de\/politik\/forschungsprojekt-zum-brandschutz-an-photovoltaik-anlagen\/#primaryimage\",\"url\":\"https:\/\/www.sonnenseite.com\/wp-content\/uploads\/2020\/06\/archiv_artikel.jpg\",\"contentUrl\":\"https:\/\/www.sonnenseite.com\/wp-content\/uploads\/2020\/06\/archiv_artikel.jpg\",\"width\":770,\"height\":420,\"caption\":\"Sonnenseite\"},{\"@type\":\"BreadcrumbList\",\"@id\":\"https:\/\/www.sonnenseite.com\/de\/politik\/forschungsprojekt-zum-brandschutz-an-photovoltaik-anlagen\/#breadcrumb\",\"itemListElement\":[{\"@type\":\"ListItem\",\"position\":1,\"name\":\"Startseite\",\"item\":\"https:\/\/www.sonnenseite.com\/de\/\"},{\"@type\":\"ListItem\",\"position\":2,\"name\":\"Forschungsprojekt zum Brandschutz an Photovoltaik-Anlagen\"}]},{\"@type\":\"WebSite\",\"@id\":\"https:\/\/www.sonnenseite.com\/de\/#website\",\"url\":\"https:\/\/www.sonnenseite.com\/de\/\",\"name\":\"Sonnenseite\",\"description\":\"\u00d6kologische Kommunikation mit Franz Alt\",\"publisher\":{\"@id\":\"https:\/\/www.sonnenseite.com\/de\/#organization\"},\"potentialAction\":[{\"@type\":\"SearchAction\",\"target\":{\"@type\":\"EntryPoint\",\"urlTemplate\":\"https:\/\/www.sonnenseite.com\/de\/?s={search_term_string}\"},\"query-input\":{\"@type\":\"PropertyValueSpecification\",\"valueRequired\":true,\"valueName\":\"search_term_string\"}}],\"inLanguage\":\"de\"},{\"@type\":\"Organization\",\"@id\":\"https:\/\/www.sonnenseite.com\/de\/#organization\",\"name\":\"Sonnenseite\",\"url\":\"https:\/\/www.sonnenseite.com\/de\/\",\"logo\":{\"@type\":\"ImageObject\",\"inLanguage\":\"de\",\"@id\":\"https:\/\/www.sonnenseite.com\/de\/#\/schema\/logo\/image\/\",\"url\":\"https:\/\/www.sonnenseite.com\/wp-content\/uploads\/2020\/05\/Sonnenseite_Logo.png\",\"contentUrl\":\"https:\/\/www.sonnenseite.com\/wp-content\/uploads\/2020\/05\/Sonnenseite_Logo.png\",\"width\":377,\"height\":90,\"caption\":\"Sonnenseite\"},\"image\":{\"@id\":\"https:\/\/www.sonnenseite.com\/de\/#\/schema\/logo\/image\/\"},\"sameAs\":[\"https:\/\/www.facebook.com\/pages\/Franz-Alt-SONNENSEITECOM\/221072987903953?fref=ts\",\"https:\/\/x.com\/franzalt\",\"http:\/\/www.youtube.com\/results?search_query&amp;amp;quot;franz_alt&amp;amp;quot;&amp;amp;amp;amp;search_type&amp;amp;amp;amp;aq=f\"]},{\"@type\":\"Person\",\"@id\":\"https:\/\/www.sonnenseite.com\/de\/#\/schema\/person\/6df44691cd9a70d99e140e1116ee8771\",\"name\":\"sbade\",\"sameAs\":[\"https:\/\/www.sonnenseite.com\"]}]}<\/script>\n<!-- \/ Yoast SEO plugin. -->","yoast_head_json":{"title":"Forschungsprojekt zum Brandschutz an Photovoltaik-Anlagen - Sonnenseite - \u00d6kologische Kommunikation mit Franz Alt","description":"Wissenschaftliche Analyse von Schadenf\u00e4llen angelaufen. \"Es gibt vereinzelt F\u00e4lle, in denen Solaranlagen in Brand geraten sind...\" \"... Allerdings ist","robots":{"index":"index","follow":"follow","max-snippet":"max-snippet:-1","max-image-preview":"max-image-preview:large","max-video-preview":"max-video-preview:-1"},"canonical":"https:\/\/www.sonnenseite.com\/de\/politik\/forschungsprojekt-zum-brandschutz-an-photovoltaik-anlagen\/","og_locale":"de_DE","og_type":"article","og_title":"Forschungsprojekt zum Brandschutz an Photovoltaik-Anlagen - Sonnenseite - \u00d6kologische Kommunikation mit Franz Alt","og_description":"Wissenschaftliche Analyse von Schadenf\u00e4llen angelaufen. \"Es gibt vereinzelt F\u00e4lle, in denen Solaranlagen in Brand geraten sind...\" \"... Allerdings ist","og_url":"https:\/\/www.sonnenseite.com\/de\/politik\/forschungsprojekt-zum-brandschutz-an-photovoltaik-anlagen\/","og_site_name":"Sonnenseite","article_publisher":"https:\/\/www.facebook.com\/pages\/Franz-Alt-SONNENSEITECOM\/221072987903953?fref=ts","article_published_time":"2012-01-11T23:00:00+00:00","og_image":[{"width":770,"height":420,"url":"https:\/\/www.sonnenseite.com\/wp-content\/uploads\/2020\/06\/archiv_artikel.jpg","type":"image\/jpeg"}],"author":"sbade","twitter_card":"summary_large_image","twitter_creator":"@franzalt","twitter_site":"@franzalt","twitter_misc":{"Verfasst von":"sbade","Gesch\u00e4tzte Lesezeit":"2\u00a0Minuten"},"schema":{"@context":"https:\/\/schema.org","@graph":[{"@type":"Article","@id":"https:\/\/www.sonnenseite.com\/de\/politik\/forschungsprojekt-zum-brandschutz-an-photovoltaik-anlagen\/#article","isPartOf":{"@id":"https:\/\/www.sonnenseite.com\/de\/politik\/forschungsprojekt-zum-brandschutz-an-photovoltaik-anlagen\/"},"author":{"name":"sbade","@id":"https:\/\/www.sonnenseite.com\/de\/#\/schema\/person\/6df44691cd9a70d99e140e1116ee8771"},"headline":"Forschungsprojekt zum Brandschutz an Photovoltaik-Anlagen","datePublished":"2012-01-11T23:00:00+00:00","mainEntityOfPage":{"@id":"https:\/\/www.sonnenseite.com\/de\/politik\/forschungsprojekt-zum-brandschutz-an-photovoltaik-anlagen\/"},"wordCount":409,"publisher":{"@id":"https:\/\/www.sonnenseite.com\/de\/#organization"},"image":{"@id":"https:\/\/www.sonnenseite.com\/de\/politik\/forschungsprojekt-zum-brandschutz-an-photovoltaik-anlagen\/#primaryimage"},"thumbnailUrl":"https:\/\/www.sonnenseite.com\/wp-content\/uploads\/2020\/06\/archiv_artikel.jpg","articleSection":["Politik"],"inLanguage":"de"},{"@type":"WebPage","@id":"https:\/\/www.sonnenseite.com\/de\/politik\/forschungsprojekt-zum-brandschutz-an-photovoltaik-anlagen\/","url":"https:\/\/www.sonnenseite.com\/de\/politik\/forschungsprojekt-zum-brandschutz-an-photovoltaik-anlagen\/","name":"Forschungsprojekt zum Brandschutz an Photovoltaik-Anlagen - Sonnenseite - \u00d6kologische Kommunikation mit Franz Alt","isPartOf":{"@id":"https:\/\/www.sonnenseite.com\/de\/#website"},"primaryImageOfPage":{"@id":"https:\/\/www.sonnenseite.com\/de\/politik\/forschungsprojekt-zum-brandschutz-an-photovoltaik-anlagen\/#primaryimage"},"image":{"@id":"https:\/\/www.sonnenseite.com\/de\/politik\/forschungsprojekt-zum-brandschutz-an-photovoltaik-anlagen\/#primaryimage"},"thumbnailUrl":"https:\/\/www.sonnenseite.com\/wp-content\/uploads\/2020\/06\/archiv_artikel.jpg","datePublished":"2012-01-11T23:00:00+00:00","description":"Wissenschaftliche Analyse von Schadenf\u00e4llen angelaufen. \"Es gibt vereinzelt F\u00e4lle, in denen Solaranlagen in Brand geraten sind...\" \"... Allerdings ist","breadcrumb":{"@id":"https:\/\/www.sonnenseite.com\/de\/politik\/forschungsprojekt-zum-brandschutz-an-photovoltaik-anlagen\/#breadcrumb"},"inLanguage":"de","potentialAction":[{"@type":"ReadAction","target":["https:\/\/www.sonnenseite.com\/de\/politik\/forschungsprojekt-zum-brandschutz-an-photovoltaik-anlagen\/"]}]},{"@type":"ImageObject","inLanguage":"de","@id":"https:\/\/www.sonnenseite.com\/de\/politik\/forschungsprojekt-zum-brandschutz-an-photovoltaik-anlagen\/#primaryimage","url":"https:\/\/www.sonnenseite.com\/wp-content\/uploads\/2020\/06\/archiv_artikel.jpg","contentUrl":"https:\/\/www.sonnenseite.com\/wp-content\/uploads\/2020\/06\/archiv_artikel.jpg","width":770,"height":420,"caption":"Sonnenseite"},{"@type":"BreadcrumbList","@id":"https:\/\/www.sonnenseite.com\/de\/politik\/forschungsprojekt-zum-brandschutz-an-photovoltaik-anlagen\/#breadcrumb","itemListElement":[{"@type":"ListItem","position":1,"name":"Startseite","item":"https:\/\/www.sonnenseite.com\/de\/"},{"@type":"ListItem","position":2,"name":"Forschungsprojekt zum Brandschutz an Photovoltaik-Anlagen"}]},{"@type":"WebSite","@id":"https:\/\/www.sonnenseite.com\/de\/#website","url":"https:\/\/www.sonnenseite.com\/de\/","name":"Sonnenseite","description":"\u00d6kologische Kommunikation mit Franz Alt","publisher":{"@id":"https:\/\/www.sonnenseite.com\/de\/#organization"},"potentialAction":[{"@type":"SearchAction","target":{"@type":"EntryPoint","urlTemplate":"https:\/\/www.sonnenseite.com\/de\/?s={search_term_string}"},"query-input":{"@type":"PropertyValueSpecification","valueRequired":true,"valueName":"search_term_string"}}],"inLanguage":"de"},{"@type":"Organization","@id":"https:\/\/www.sonnenseite.com\/de\/#organization","name":"Sonnenseite","url":"https:\/\/www.sonnenseite.com\/de\/","logo":{"@type":"ImageObject","inLanguage":"de","@id":"https:\/\/www.sonnenseite.com\/de\/#\/schema\/logo\/image\/","url":"https:\/\/www.sonnenseite.com\/wp-content\/uploads\/2020\/05\/Sonnenseite_Logo.png","contentUrl":"https:\/\/www.sonnenseite.com\/wp-content\/uploads\/2020\/05\/Sonnenseite_Logo.png","width":377,"height":90,"caption":"Sonnenseite"},"image":{"@id":"https:\/\/www.sonnenseite.com\/de\/#\/schema\/logo\/image\/"},"sameAs":["https:\/\/www.facebook.com\/pages\/Franz-Alt-SONNENSEITECOM\/221072987903953?fref=ts","https:\/\/x.com\/franzalt","http:\/\/www.youtube.com\/results?search_query&amp;amp;quot;franz_alt&amp;amp;quot;&amp;amp;amp;amp;search_type&amp;amp;amp;amp;aq=f"]},{"@type":"Person","@id":"https:\/\/www.sonnenseite.com\/de\/#\/schema\/person\/6df44691cd9a70d99e140e1116ee8771","name":"sbade","sameAs":["https:\/\/www.sonnenseite.com"]}]}},"_links":{"self":[{"href":"https:\/\/www.sonnenseite.com\/de\/wp-json\/wp\/v2\/posts\/57448","targetHints":{"allow":["GET"]}}],"collection":[{"href":"https:\/\/www.sonnenseite.com\/de\/wp-json\/wp\/v2\/posts"}],"about":[{"href":"https:\/\/www.sonnenseite.com\/de\/wp-json\/wp\/v2\/types\/post"}],"author":[{"embeddable":true,"href":"https:\/\/www.sonnenseite.com\/de\/wp-json\/wp\/v2\/users\/1"}],"replies":[{"embeddable":true,"href":"https:\/\/www.sonnenseite.com\/de\/wp-json\/wp\/v2\/comments?post=57448"}],"version-history":[{"count":0,"href":"https:\/\/www.sonnenseite.com\/de\/wp-json\/wp\/v2\/posts\/57448\/revisions"}],"wp:featuredmedia":[{"embeddable":true,"href":"https:\/\/www.sonnenseite.com\/de\/wp-json\/wp\/v2\/media\/50987"}],"wp:attachment":[{"href":"https:\/\/www.sonnenseite.com\/de\/wp-json\/wp\/v2\/media?parent=57448"}],"wp:term":[{"taxonomy":"category","embeddable":true,"href":"https:\/\/www.sonnenseite.com\/de\/wp-json\/wp\/v2\/categories?post=57448"},{"taxonomy":"post_tag","embeddable":true,"href":"https:\/\/www.sonnenseite.com\/de\/wp-json\/wp\/v2\/tags?post=57448"}],"curies":[{"name":"wp","href":"https:\/\/api.w.org\/{rel}","templated":true}]}}