{"id":57603,"date":"2011-12-14T00:00:00","date_gmt":"2011-12-13T23:00:00","guid":{"rendered":"https:\/\/www.sonnenseite.com\/politik\/weltweite-energiewende-theorie-in-durban-praxis-bei-polarstern.html"},"modified":"2011-12-14T00:00:00","modified_gmt":"2011-12-13T23:00:00","slug":"weltweite-energiewende-theorie-in-durban-praxis-bei-polarstern","status":"publish","type":"post","link":"https:\/\/www.sonnenseite.com\/de\/politik\/weltweite-energiewende-theorie-in-durban-praxis-bei-polarstern\/","title":{"rendered":"Weltweite Energiewende: Theorie in Durban, Praxis bei Polarstern"},"content":{"rendered":"<p>Neuer \u00d6koenergieversorger f\u00f6rdert als erster den Ausbau der erneuerbaren Energien in Europa und in Entwicklungsl\u00e4ndern. <!--more--> <\/p>\n<p>Durban ist vorbei. Die Herausforderung, einen effektiven und sichtbaren  Beitrag zum Klimaschutz zu leisten, bleibt. Nach wie vor begehen wir die  gr\u00f6\u00dften Klimas\u00fcnden weltweit beim Energieverbrauch und bei der  Energiegewinnung. Das will der neue \u00d6koenergieversorger Polarstern  \u00e4ndern. Er packt als erster in der Branche die weltweite Energiewende  an.<\/p>\n<p>\u201eWir m\u00fcssen unseren eigenen Energiebezug und -verbrauch \u00e4ndern. Aber  wir m\u00fcssen gleichzeitig auch den Entwicklungsl\u00e4ndern helfen, nicht  dieselben Fehler zu machen wie wir, sondern direkt auf die erneuerbare  Energien zu setzen. Schlie\u00dflich kennen Umwelt und Klima keine  Landesgrenzen\u201c, sagt Florian Henle, Mitgr\u00fcnder von Polarstern. Das  Unternehmen verbindet den Bezug von 100 Prozent \u00d6kostrom und 100 Prozent  \u00d6kogas mit Entwicklungszusammenarbeit im Bereich Energie.<\/p>\n<p><strong>Aktuelle  Zahlen unterstreichen den Ansatz von Polarstern <\/strong><\/p>\n<p>2010 war wieder ein  Jahr mit einem CO2-Rekordausto\u00df, angetrieben vom steigenden  Energiehunger der Entwicklungs- und Schwellenl\u00e4nder. Die Internationale  Energieagentur warnt in ihrem Energiereport 2011, dass die weltweite  Energieversorgung ohne einen schnellen Kurswechsel in den n\u00e4chsten  Jahren immer \u201eunsicherer, ineffizienter und klimasch\u00e4dlicher wird\u201c.<\/p>\n<p><strong>Weltweit von der schwarzen in die gr\u00fcne Zukunft <\/strong><\/p>\n<p>Polarstern bietet seit diesem Sommer Haushalten deutschlandweit  ausschlie\u00dflich 100 Prozent \u00d6kostrom und 100 Prozent \u00d6kogas aus  Reststoffen. Das Unternehmen verkn\u00fcpft dabei sein Energieprodukt mit  einem Fair Trade-Gedanken: F\u00fcr jeden Kunden f\u00f6rdert Polarstern den  Ausbau der erneuerbaren Energien nicht nur in Europa, sondern auch in  Entwicklungsl\u00e4ndern. Familien, aktuell in Kambodscha, erhalten Hilfe  beim Bau einer eigenen Mikro-Biogasanlage.<\/p>\n<p>Betrieben wird sie mit  menschlichen und tierischen F\u00e4kalien. Das reduziert den CO2-Aussto\u00df  sowie Schmutz, Gestank und Krankheiten. \u201eWir wollen mit Energie die Welt  erhalten. Und dazu wollen wir jedem einen sinnvollen und  zukunftsweisenden Energiebezug erm\u00f6glichen\u201c, beschreibt Florian Henle,  die Motivation der Polarstern-Gr\u00fcndung.<\/p>\n<p>F\u00fcr den Ausbau der erneuerbaren Energien in Deutschland investiert  Polarstern je verkaufter Kilowattstunde beim Stromprodukt 1,25 Cent und  beim Gasprodukt 0,25 Cent in den Bau neuer \u00d6kokraftwerke. Zertifiziert  ist das Energieangebot vom T\u00dcV Nord und dem Gr\u00fcner Strom Label in der  h\u00f6chsten Kategorie Gold.<\/p>\n<p>Mit seinem 100 Prozent \u00d6kogasangebot geht Polarstern dem gro\u00dfen  Klimakiller Heizen an den Kragen. \u201eDie Entwicklung eines \u00fcberzeugenden  und effektiven 100 Prozent \u00d6kogasproduktes war uns enorm wichtig.  Solange es beim Gas kein attraktives \u00d6koprodukt gibt, bleibt die  Energiewende ein hehres Ziel\u201c, sagt Florian Henle.<\/p>\n<p>In den privaten  Haushalten entfallen Angaben der dena zufolge 87 Prozent des  Energieverbrauchs auf das Heizen und auf Warmwasser. Ein hoher Anteil  mit schweren Folgen f\u00fcr das Klima. Schlie\u00dflich werden drei Viertel aller  Heizungen nach wie vor mit fossilen Rohstoffen wie Erd\u00f6l und Erdgas  betrieben. Bisher schreckten vor allem die hohen Kosten die Verbraucher  ab, beim Heizen auf erneuerbare Energien umzustellen.<\/p>\n<p>Jetzt hat der  \u00d6koenergieversorger Polarstern ein neues 100 Prozent \u00d6kogasprodukt aus  Reststoffen  entwickelt. Es liegt bis zu 44 Prozent unter dem Preis  vergleichbarer Angebote liegt. Polarstern \u00fcbertr\u00e4gt dazu das im  \u00d6kostrommarkt erfolgreich etablierte Zertifikatmodell auf den  \u00d6kogasmarkt.<\/p>\n<p>Bei der Erarbeitung des Produktes wurde Polarstern  unterst\u00fctzt vom Bundesministerium f\u00fcr Wirtschaft und Technologie und dem  Europ\u00e4ischen Sozialfonds. Zertifiziert ist das \u00d6kogasangebot vom T\u00dcV  Nord mit dem Label \u201egepr\u00fcftes Bioerdgas.<\/p>\n<h5 class=\"green\">Quelle<\/h5>\n<p>Polarstern GmbH 2011<\/p>\n<div class=\"shariff shariff-align-flex-start shariff-widget-align-flex-start\"><div class=\"ShariffHeadline\">Diese Meldung teilen<\/div><ul class=\"shariff-buttons theme-round orientation-horizontal buttonsize-medium\"><li class=\"shariff-button facebook shariff-nocustomcolor\" style=\"background-color:#4273c8;border-radius:1%\"><a href=\"https:\/\/www.facebook.com\/sharer\/sharer.php?u=https%3A%2F%2Fwww.sonnenseite.com%2Fde%2Fpolitik%2Fweltweite-energiewende-theorie-in-durban-praxis-bei-polarstern%2F\" title=\"Bei Facebook teilen\" aria-label=\"Bei Facebook teilen\" role=\"button\" rel=\"nofollow\" class=\"shariff-link\" style=\";border-radius:1%; background-color:#3b5998; color:#fff\" target=\"_blank\"><span class=\"shariff-icon\" style=\"\"><svg width=\"32px\" height=\"20px\" xmlns=\"http:\/\/www.w3.org\/2000\/svg\" viewBox=\"0 0 18 32\"><path fill=\"#3b5998\" d=\"M17.1 0.2v4.7h-2.8q-1.5 0-2.1 0.6t-0.5 1.9v3.4h5.2l-0.7 5.3h-4.5v13.6h-5.5v-13.6h-4.5v-5.3h4.5v-3.9q0-3.3 1.9-5.2t5-1.8q2.6 0 4.1 0.2z\"\/><\/svg><\/span><\/a><\/li><li class=\"shariff-button twitter shariff-nocustomcolor\" style=\"background-color:#595959;border-radius:1%\"><a href=\"https:\/\/twitter.com\/share?url=https%3A%2F%2Fwww.sonnenseite.com%2Fde%2Fpolitik%2Fweltweite-energiewende-theorie-in-durban-praxis-bei-polarstern%2F&text=Weltweite%20Energiewende%3A%20Theorie%20in%20Durban%2C%20Praxis%20bei%20Polarstern\" title=\"Bei X teilen\" aria-label=\"Bei X teilen\" role=\"button\" rel=\"noopener nofollow\" class=\"shariff-link\" style=\";border-radius:1%; background-color:#000; color:#fff\" target=\"_blank\"><span class=\"shariff-icon\" style=\"\"><svg width=\"32px\" height=\"20px\" xmlns=\"http:\/\/www.w3.org\/2000\/svg\" viewBox=\"0 0 24 24\"><path fill=\"#000\" d=\"M14.258 10.152L23.176 0h-2.113l-7.747 8.813L7.133 0H0l9.352 13.328L0 23.973h2.113l8.176-9.309 6.531 9.309h7.133zm-2.895 3.293l-.949-1.328L2.875 1.56h3.246l6.086 8.523.945 1.328 7.91 11.078h-3.246zm0 0\"\/><\/svg><\/span><\/a><\/li><li class=\"shariff-button xing shariff-nocustomcolor\" style=\"background-color:#29888a;border-radius:1%\"><a href=\"https:\/\/www.xing.com\/spi\/shares\/new?url=https%3A%2F%2Fwww.sonnenseite.com%2Fde%2Fpolitik%2Fweltweite-energiewende-theorie-in-durban-praxis-bei-polarstern%2F\" title=\"Bei XING teilen\" aria-label=\"Bei XING teilen\" role=\"button\" rel=\"noopener nofollow\" class=\"shariff-link\" style=\";border-radius:1%; background-color:#126567; color:#fff\" target=\"_blank\"><span class=\"shariff-icon\" style=\"\"><svg width=\"32px\" height=\"20px\" xmlns=\"http:\/\/www.w3.org\/2000\/svg\" viewBox=\"0 0 25 32\"><path fill=\"#126567\" d=\"M10.7 11.9q-0.2 0.3-4.6 8.2-0.5 0.8-1.2 0.8h-4.3q-0.4 0-0.5-0.3t0-0.6l4.5-8q0 0 0 0l-2.9-5q-0.2-0.4 0-0.7 0.2-0.3 0.5-0.3h4.3q0.7 0 1.2 0.8zM25.1 0.4q0.2 0.3 0 0.7l-9.4 16.7 6 11q0.2 0.4 0 0.6-0.2 0.3-0.6 0.3h-4.3q-0.7 0-1.2-0.8l-6-11.1q0.3-0.6 9.5-16.8 0.4-0.8 1.2-0.8h4.3q0.4 0 0.5 0.3z\"\/><\/svg><\/span><\/a><\/li><li class=\"shariff-button linkedin shariff-nocustomcolor\" style=\"background-color:#1488bf;border-radius:1%\"><a href=\"https:\/\/www.linkedin.com\/sharing\/share-offsite\/?url=https%3A%2F%2Fwww.sonnenseite.com%2Fde%2Fpolitik%2Fweltweite-energiewende-theorie-in-durban-praxis-bei-polarstern%2F\" title=\"Bei LinkedIn teilen\" aria-label=\"Bei LinkedIn teilen\" role=\"button\" rel=\"noopener nofollow\" class=\"shariff-link\" style=\";border-radius:1%; background-color:#0077b5; color:#fff\" target=\"_blank\"><span class=\"shariff-icon\" style=\"\"><svg width=\"32px\" height=\"20px\" xmlns=\"http:\/\/www.w3.org\/2000\/svg\" viewBox=\"0 0 27 32\"><path fill=\"#0077b5\" d=\"M6.2 11.2v17.7h-5.9v-17.7h5.9zM6.6 5.7q0 1.3-0.9 2.2t-2.4 0.9h0q-1.5 0-2.4-0.9t-0.9-2.2 0.9-2.2 2.4-0.9 2.4 0.9 0.9 2.2zM27.4 18.7v10.1h-5.9v-9.5q0-1.9-0.7-2.9t-2.3-1.1q-1.1 0-1.9 0.6t-1.2 1.5q-0.2 0.5-0.2 1.4v9.9h-5.9q0-7.1 0-11.6t0-5.3l0-0.9h5.9v2.6h0q0.4-0.6 0.7-1t1-0.9 1.6-0.8 2-0.3q3 0 4.9 2t1.9 6z\"\/><\/svg><\/span><\/a><\/li><li class=\"shariff-button printer shariff-nocustomcolor\" style=\"background-color:#a8a8a8;border-radius:1%\"><a href=\"javascript:window.print()\" title=\"drucken\" aria-label=\"drucken\" role=\"button\" rel=\"noopener nofollow\" class=\"shariff-link\" style=\";border-radius:1%; background-color:#999; color:#fff\"><span class=\"shariff-icon\" style=\"\"><svg width=\"32px\" height=\"20px\" xmlns=\"http:\/\/www.w3.org\/2000\/svg\" viewBox=\"0 0 30 32\"><path fill=\"#999\" d=\"M6.8 27.4h16v-4.6h-16v4.6zM6.8 16h16v-6.8h-2.8q-0.7 0-1.2-0.5t-0.5-1.2v-2.8h-11.4v11.4zM27.4 17.2q0-0.5-0.3-0.8t-0.8-0.4-0.8 0.4-0.3 0.8 0.3 0.8 0.8 0.3 0.8-0.3 0.3-0.8zM29.7 17.2v7.4q0 0.2-0.2 0.4t-0.4 0.2h-4v2.8q0 0.7-0.5 1.2t-1.2 0.5h-17.2q-0.7 0-1.2-0.5t-0.5-1.2v-2.8h-4q-0.2 0-0.4-0.2t-0.2-0.4v-7.4q0-1.4 1-2.4t2.4-1h1.2v-9.7q0-0.7 0.5-1.2t1.2-0.5h12q0.7 0 1.6 0.4t1.3 0.8l2.7 2.7q0.5 0.5 0.9 1.4t0.4 1.6v4.6h1.1q1.4 0 2.4 1t1 2.4z\"\/><\/svg><\/span><\/a><\/li><li class=\"shariff-button mailto shariff-nocustomcolor\" style=\"background-color:#a8a8a8;border-radius:1%\"><a href=\"mailto:?body=https%3A%2F%2Fwww.sonnenseite.com%2Fde%2Fpolitik%2Fweltweite-energiewende-theorie-in-durban-praxis-bei-polarstern%2F&subject=Weltweite%20Energiewende%3A%20Theorie%20in%20Durban%2C%20Praxis%20bei%20Polarstern\" title=\"Per E-Mail versenden\" aria-label=\"Per E-Mail versenden\" role=\"button\" rel=\"noopener nofollow\" class=\"shariff-link\" style=\";border-radius:1%; background-color:#999; color:#fff\"><span class=\"shariff-icon\" style=\"\"><svg width=\"32px\" height=\"20px\" xmlns=\"http:\/\/www.w3.org\/2000\/svg\" viewBox=\"0 0 32 32\"><path fill=\"#999\" d=\"M32 12.7v14.2q0 1.2-0.8 2t-2 0.9h-26.3q-1.2 0-2-0.9t-0.8-2v-14.2q0.8 0.9 1.8 1.6 6.5 4.4 8.9 6.1 1 0.8 1.6 1.2t1.7 0.9 2 0.4h0.1q0.9 0 2-0.4t1.7-0.9 1.6-1.2q3-2.2 8.9-6.1 1-0.7 1.8-1.6zM32 7.4q0 1.4-0.9 2.7t-2.2 2.2q-6.7 4.7-8.4 5.8-0.2 0.1-0.7 0.5t-1 0.7-0.9 0.6-1.1 0.5-0.9 0.2h-0.1q-0.4 0-0.9-0.2t-1.1-0.5-0.9-0.6-1-0.7-0.7-0.5q-1.6-1.1-4.7-3.2t-3.6-2.6q-1.1-0.7-2.1-2t-1-2.5q0-1.4 0.7-2.3t2.1-0.9h26.3q1.2 0 2 0.8t0.9 2z\"\/><\/svg><\/span><\/a><\/li><\/ul><\/div>","protected":false},"excerpt":{"rendered":"<p>Neuer \u00d6koenergieversorger f\u00f6rdert als erster den Ausbau der erneuerbaren Energien in Europa und in Entwicklungsl\u00e4ndern.<\/p>\n","protected":false},"author":1,"featured_media":50987,"comment_status":"closed","ping_status":"closed","sticky":false,"template":"","format":"standard","meta":{"inline_featured_image":false,"footnotes":""},"categories":[21],"tags":[],"class_list":["post-57603","post","type-post","status-publish","format-standard","has-post-thumbnail","hentry","category-politik"],"yoast_head":"<!-- This site is optimized with the Yoast SEO plugin v26.5 - https:\/\/yoast.com\/wordpress\/plugins\/seo\/ -->\n<title>Weltweite Energiewende: Theorie in Durban, Praxis bei Polarstern - Sonnenseite - \u00d6kologische Kommunikation mit Franz Alt<\/title>\n<meta name=\"description\" content=\"Neuer \u00d6koenergieversorger f\u00f6rdert als erster den Ausbau der erneuerbaren Energien in Europa und in Entwicklungsl\u00e4ndern. Durban ist vorbei. Die\" \/>\n<meta name=\"robots\" content=\"index, follow, max-snippet:-1, max-image-preview:large, max-video-preview:-1\" \/>\n<link rel=\"canonical\" href=\"https:\/\/www.sonnenseite.com\/de\/politik\/weltweite-energiewende-theorie-in-durban-praxis-bei-polarstern\/\" \/>\n<meta property=\"og:locale\" content=\"de_DE\" \/>\n<meta property=\"og:type\" content=\"article\" \/>\n<meta property=\"og:title\" content=\"Weltweite Energiewende: Theorie in Durban, Praxis bei Polarstern - Sonnenseite - \u00d6kologische Kommunikation mit Franz Alt\" \/>\n<meta property=\"og:description\" content=\"Neuer \u00d6koenergieversorger f\u00f6rdert als erster den Ausbau der erneuerbaren Energien in Europa und in Entwicklungsl\u00e4ndern. Durban ist vorbei. Die\" \/>\n<meta property=\"og:url\" content=\"https:\/\/www.sonnenseite.com\/de\/politik\/weltweite-energiewende-theorie-in-durban-praxis-bei-polarstern\/\" \/>\n<meta property=\"og:site_name\" content=\"Sonnenseite\" \/>\n<meta property=\"article:publisher\" content=\"https:\/\/www.facebook.com\/pages\/Franz-Alt-SONNENSEITECOM\/221072987903953?fref=ts\" \/>\n<meta property=\"article:published_time\" content=\"2011-12-13T23:00:00+00:00\" \/>\n<meta property=\"og:image\" content=\"https:\/\/www.sonnenseite.com\/wp-content\/uploads\/2020\/06\/archiv_artikel.jpg\" \/>\n\t<meta property=\"og:image:width\" content=\"770\" \/>\n\t<meta property=\"og:image:height\" content=\"420\" \/>\n\t<meta property=\"og:image:type\" content=\"image\/jpeg\" \/>\n<meta name=\"author\" content=\"sbade\" \/>\n<meta name=\"twitter:card\" content=\"summary_large_image\" \/>\n<meta name=\"twitter:creator\" content=\"@franzalt\" \/>\n<meta name=\"twitter:site\" content=\"@franzalt\" \/>\n<meta name=\"twitter:label1\" content=\"Verfasst von\" \/>\n\t<meta name=\"twitter:data1\" content=\"sbade\" \/>\n\t<meta name=\"twitter:label2\" content=\"Gesch\u00e4tzte Lesezeit\" \/>\n\t<meta name=\"twitter:data2\" content=\"3\u00a0Minuten\" \/>\n<script type=\"application\/ld+json\" class=\"yoast-schema-graph\">{\"@context\":\"https:\/\/schema.org\",\"@graph\":[{\"@type\":\"Article\",\"@id\":\"https:\/\/www.sonnenseite.com\/de\/politik\/weltweite-energiewende-theorie-in-durban-praxis-bei-polarstern\/#article\",\"isPartOf\":{\"@id\":\"https:\/\/www.sonnenseite.com\/de\/politik\/weltweite-energiewende-theorie-in-durban-praxis-bei-polarstern\/\"},\"author\":{\"name\":\"sbade\",\"@id\":\"https:\/\/www.sonnenseite.com\/de\/#\/schema\/person\/6df44691cd9a70d99e140e1116ee8771\"},\"headline\":\"Weltweite Energiewende: Theorie in Durban, Praxis bei Polarstern\",\"datePublished\":\"2011-12-13T23:00:00+00:00\",\"mainEntityOfPage\":{\"@id\":\"https:\/\/www.sonnenseite.com\/de\/politik\/weltweite-energiewende-theorie-in-durban-praxis-bei-polarstern\/\"},\"wordCount\":530,\"publisher\":{\"@id\":\"https:\/\/www.sonnenseite.com\/de\/#organization\"},\"image\":{\"@id\":\"https:\/\/www.sonnenseite.com\/de\/politik\/weltweite-energiewende-theorie-in-durban-praxis-bei-polarstern\/#primaryimage\"},\"thumbnailUrl\":\"https:\/\/www.sonnenseite.com\/wp-content\/uploads\/2020\/06\/archiv_artikel.jpg\",\"articleSection\":[\"Politik\"],\"inLanguage\":\"de\"},{\"@type\":\"WebPage\",\"@id\":\"https:\/\/www.sonnenseite.com\/de\/politik\/weltweite-energiewende-theorie-in-durban-praxis-bei-polarstern\/\",\"url\":\"https:\/\/www.sonnenseite.com\/de\/politik\/weltweite-energiewende-theorie-in-durban-praxis-bei-polarstern\/\",\"name\":\"Weltweite Energiewende: Theorie in Durban, Praxis bei Polarstern - Sonnenseite - \u00d6kologische Kommunikation mit Franz Alt\",\"isPartOf\":{\"@id\":\"https:\/\/www.sonnenseite.com\/de\/#website\"},\"primaryImageOfPage\":{\"@id\":\"https:\/\/www.sonnenseite.com\/de\/politik\/weltweite-energiewende-theorie-in-durban-praxis-bei-polarstern\/#primaryimage\"},\"image\":{\"@id\":\"https:\/\/www.sonnenseite.com\/de\/politik\/weltweite-energiewende-theorie-in-durban-praxis-bei-polarstern\/#primaryimage\"},\"thumbnailUrl\":\"https:\/\/www.sonnenseite.com\/wp-content\/uploads\/2020\/06\/archiv_artikel.jpg\",\"datePublished\":\"2011-12-13T23:00:00+00:00\",\"description\":\"Neuer \u00d6koenergieversorger f\u00f6rdert als erster den Ausbau der erneuerbaren Energien in Europa und in Entwicklungsl\u00e4ndern. Durban ist vorbei. Die\",\"breadcrumb\":{\"@id\":\"https:\/\/www.sonnenseite.com\/de\/politik\/weltweite-energiewende-theorie-in-durban-praxis-bei-polarstern\/#breadcrumb\"},\"inLanguage\":\"de\",\"potentialAction\":[{\"@type\":\"ReadAction\",\"target\":[\"https:\/\/www.sonnenseite.com\/de\/politik\/weltweite-energiewende-theorie-in-durban-praxis-bei-polarstern\/\"]}]},{\"@type\":\"ImageObject\",\"inLanguage\":\"de\",\"@id\":\"https:\/\/www.sonnenseite.com\/de\/politik\/weltweite-energiewende-theorie-in-durban-praxis-bei-polarstern\/#primaryimage\",\"url\":\"https:\/\/www.sonnenseite.com\/wp-content\/uploads\/2020\/06\/archiv_artikel.jpg\",\"contentUrl\":\"https:\/\/www.sonnenseite.com\/wp-content\/uploads\/2020\/06\/archiv_artikel.jpg\",\"width\":770,\"height\":420,\"caption\":\"Sonnenseite\"},{\"@type\":\"BreadcrumbList\",\"@id\":\"https:\/\/www.sonnenseite.com\/de\/politik\/weltweite-energiewende-theorie-in-durban-praxis-bei-polarstern\/#breadcrumb\",\"itemListElement\":[{\"@type\":\"ListItem\",\"position\":1,\"name\":\"Startseite\",\"item\":\"https:\/\/www.sonnenseite.com\/de\/\"},{\"@type\":\"ListItem\",\"position\":2,\"name\":\"Weltweite Energiewende: Theorie in Durban, Praxis bei Polarstern\"}]},{\"@type\":\"WebSite\",\"@id\":\"https:\/\/www.sonnenseite.com\/de\/#website\",\"url\":\"https:\/\/www.sonnenseite.com\/de\/\",\"name\":\"Sonnenseite\",\"description\":\"\u00d6kologische Kommunikation mit Franz Alt\",\"publisher\":{\"@id\":\"https:\/\/www.sonnenseite.com\/de\/#organization\"},\"potentialAction\":[{\"@type\":\"SearchAction\",\"target\":{\"@type\":\"EntryPoint\",\"urlTemplate\":\"https:\/\/www.sonnenseite.com\/de\/?s={search_term_string}\"},\"query-input\":{\"@type\":\"PropertyValueSpecification\",\"valueRequired\":true,\"valueName\":\"search_term_string\"}}],\"inLanguage\":\"de\"},{\"@type\":\"Organization\",\"@id\":\"https:\/\/www.sonnenseite.com\/de\/#organization\",\"name\":\"Sonnenseite\",\"url\":\"https:\/\/www.sonnenseite.com\/de\/\",\"logo\":{\"@type\":\"ImageObject\",\"inLanguage\":\"de\",\"@id\":\"https:\/\/www.sonnenseite.com\/de\/#\/schema\/logo\/image\/\",\"url\":\"https:\/\/www.sonnenseite.com\/wp-content\/uploads\/2020\/05\/Sonnenseite_Logo.png\",\"contentUrl\":\"https:\/\/www.sonnenseite.com\/wp-content\/uploads\/2020\/05\/Sonnenseite_Logo.png\",\"width\":377,\"height\":90,\"caption\":\"Sonnenseite\"},\"image\":{\"@id\":\"https:\/\/www.sonnenseite.com\/de\/#\/schema\/logo\/image\/\"},\"sameAs\":[\"https:\/\/www.facebook.com\/pages\/Franz-Alt-SONNENSEITECOM\/221072987903953?fref=ts\",\"https:\/\/x.com\/franzalt\",\"http:\/\/www.youtube.com\/results?search_query&amp;amp;quot;franz_alt&amp;amp;quot;&amp;amp;amp;amp;search_type&amp;amp;amp;amp;aq=f\"]},{\"@type\":\"Person\",\"@id\":\"https:\/\/www.sonnenseite.com\/de\/#\/schema\/person\/6df44691cd9a70d99e140e1116ee8771\",\"name\":\"sbade\",\"sameAs\":[\"https:\/\/www.sonnenseite.com\"]}]}<\/script>\n<!-- \/ Yoast SEO plugin. -->","yoast_head_json":{"title":"Weltweite Energiewende: Theorie in Durban, Praxis bei Polarstern - Sonnenseite - \u00d6kologische Kommunikation mit Franz Alt","description":"Neuer \u00d6koenergieversorger f\u00f6rdert als erster den Ausbau der erneuerbaren Energien in Europa und in Entwicklungsl\u00e4ndern. Durban ist vorbei. Die","robots":{"index":"index","follow":"follow","max-snippet":"max-snippet:-1","max-image-preview":"max-image-preview:large","max-video-preview":"max-video-preview:-1"},"canonical":"https:\/\/www.sonnenseite.com\/de\/politik\/weltweite-energiewende-theorie-in-durban-praxis-bei-polarstern\/","og_locale":"de_DE","og_type":"article","og_title":"Weltweite Energiewende: Theorie in Durban, Praxis bei Polarstern - Sonnenseite - \u00d6kologische Kommunikation mit Franz Alt","og_description":"Neuer \u00d6koenergieversorger f\u00f6rdert als erster den Ausbau der erneuerbaren Energien in Europa und in Entwicklungsl\u00e4ndern. Durban ist vorbei. Die","og_url":"https:\/\/www.sonnenseite.com\/de\/politik\/weltweite-energiewende-theorie-in-durban-praxis-bei-polarstern\/","og_site_name":"Sonnenseite","article_publisher":"https:\/\/www.facebook.com\/pages\/Franz-Alt-SONNENSEITECOM\/221072987903953?fref=ts","article_published_time":"2011-12-13T23:00:00+00:00","og_image":[{"width":770,"height":420,"url":"https:\/\/www.sonnenseite.com\/wp-content\/uploads\/2020\/06\/archiv_artikel.jpg","type":"image\/jpeg"}],"author":"sbade","twitter_card":"summary_large_image","twitter_creator":"@franzalt","twitter_site":"@franzalt","twitter_misc":{"Verfasst von":"sbade","Gesch\u00e4tzte Lesezeit":"3\u00a0Minuten"},"schema":{"@context":"https:\/\/schema.org","@graph":[{"@type":"Article","@id":"https:\/\/www.sonnenseite.com\/de\/politik\/weltweite-energiewende-theorie-in-durban-praxis-bei-polarstern\/#article","isPartOf":{"@id":"https:\/\/www.sonnenseite.com\/de\/politik\/weltweite-energiewende-theorie-in-durban-praxis-bei-polarstern\/"},"author":{"name":"sbade","@id":"https:\/\/www.sonnenseite.com\/de\/#\/schema\/person\/6df44691cd9a70d99e140e1116ee8771"},"headline":"Weltweite Energiewende: Theorie in Durban, Praxis bei Polarstern","datePublished":"2011-12-13T23:00:00+00:00","mainEntityOfPage":{"@id":"https:\/\/www.sonnenseite.com\/de\/politik\/weltweite-energiewende-theorie-in-durban-praxis-bei-polarstern\/"},"wordCount":530,"publisher":{"@id":"https:\/\/www.sonnenseite.com\/de\/#organization"},"image":{"@id":"https:\/\/www.sonnenseite.com\/de\/politik\/weltweite-energiewende-theorie-in-durban-praxis-bei-polarstern\/#primaryimage"},"thumbnailUrl":"https:\/\/www.sonnenseite.com\/wp-content\/uploads\/2020\/06\/archiv_artikel.jpg","articleSection":["Politik"],"inLanguage":"de"},{"@type":"WebPage","@id":"https:\/\/www.sonnenseite.com\/de\/politik\/weltweite-energiewende-theorie-in-durban-praxis-bei-polarstern\/","url":"https:\/\/www.sonnenseite.com\/de\/politik\/weltweite-energiewende-theorie-in-durban-praxis-bei-polarstern\/","name":"Weltweite Energiewende: Theorie in Durban, Praxis bei Polarstern - Sonnenseite - \u00d6kologische Kommunikation mit Franz Alt","isPartOf":{"@id":"https:\/\/www.sonnenseite.com\/de\/#website"},"primaryImageOfPage":{"@id":"https:\/\/www.sonnenseite.com\/de\/politik\/weltweite-energiewende-theorie-in-durban-praxis-bei-polarstern\/#primaryimage"},"image":{"@id":"https:\/\/www.sonnenseite.com\/de\/politik\/weltweite-energiewende-theorie-in-durban-praxis-bei-polarstern\/#primaryimage"},"thumbnailUrl":"https:\/\/www.sonnenseite.com\/wp-content\/uploads\/2020\/06\/archiv_artikel.jpg","datePublished":"2011-12-13T23:00:00+00:00","description":"Neuer \u00d6koenergieversorger f\u00f6rdert als erster den Ausbau der erneuerbaren Energien in Europa und in Entwicklungsl\u00e4ndern. Durban ist vorbei. Die","breadcrumb":{"@id":"https:\/\/www.sonnenseite.com\/de\/politik\/weltweite-energiewende-theorie-in-durban-praxis-bei-polarstern\/#breadcrumb"},"inLanguage":"de","potentialAction":[{"@type":"ReadAction","target":["https:\/\/www.sonnenseite.com\/de\/politik\/weltweite-energiewende-theorie-in-durban-praxis-bei-polarstern\/"]}]},{"@type":"ImageObject","inLanguage":"de","@id":"https:\/\/www.sonnenseite.com\/de\/politik\/weltweite-energiewende-theorie-in-durban-praxis-bei-polarstern\/#primaryimage","url":"https:\/\/www.sonnenseite.com\/wp-content\/uploads\/2020\/06\/archiv_artikel.jpg","contentUrl":"https:\/\/www.sonnenseite.com\/wp-content\/uploads\/2020\/06\/archiv_artikel.jpg","width":770,"height":420,"caption":"Sonnenseite"},{"@type":"BreadcrumbList","@id":"https:\/\/www.sonnenseite.com\/de\/politik\/weltweite-energiewende-theorie-in-durban-praxis-bei-polarstern\/#breadcrumb","itemListElement":[{"@type":"ListItem","position":1,"name":"Startseite","item":"https:\/\/www.sonnenseite.com\/de\/"},{"@type":"ListItem","position":2,"name":"Weltweite Energiewende: Theorie in Durban, Praxis bei Polarstern"}]},{"@type":"WebSite","@id":"https:\/\/www.sonnenseite.com\/de\/#website","url":"https:\/\/www.sonnenseite.com\/de\/","name":"Sonnenseite","description":"\u00d6kologische Kommunikation mit Franz Alt","publisher":{"@id":"https:\/\/www.sonnenseite.com\/de\/#organization"},"potentialAction":[{"@type":"SearchAction","target":{"@type":"EntryPoint","urlTemplate":"https:\/\/www.sonnenseite.com\/de\/?s={search_term_string}"},"query-input":{"@type":"PropertyValueSpecification","valueRequired":true,"valueName":"search_term_string"}}],"inLanguage":"de"},{"@type":"Organization","@id":"https:\/\/www.sonnenseite.com\/de\/#organization","name":"Sonnenseite","url":"https:\/\/www.sonnenseite.com\/de\/","logo":{"@type":"ImageObject","inLanguage":"de","@id":"https:\/\/www.sonnenseite.com\/de\/#\/schema\/logo\/image\/","url":"https:\/\/www.sonnenseite.com\/wp-content\/uploads\/2020\/05\/Sonnenseite_Logo.png","contentUrl":"https:\/\/www.sonnenseite.com\/wp-content\/uploads\/2020\/05\/Sonnenseite_Logo.png","width":377,"height":90,"caption":"Sonnenseite"},"image":{"@id":"https:\/\/www.sonnenseite.com\/de\/#\/schema\/logo\/image\/"},"sameAs":["https:\/\/www.facebook.com\/pages\/Franz-Alt-SONNENSEITECOM\/221072987903953?fref=ts","https:\/\/x.com\/franzalt","http:\/\/www.youtube.com\/results?search_query&amp;amp;quot;franz_alt&amp;amp;quot;&amp;amp;amp;amp;search_type&amp;amp;amp;amp;aq=f"]},{"@type":"Person","@id":"https:\/\/www.sonnenseite.com\/de\/#\/schema\/person\/6df44691cd9a70d99e140e1116ee8771","name":"sbade","sameAs":["https:\/\/www.sonnenseite.com"]}]}},"_links":{"self":[{"href":"https:\/\/www.sonnenseite.com\/de\/wp-json\/wp\/v2\/posts\/57603","targetHints":{"allow":["GET"]}}],"collection":[{"href":"https:\/\/www.sonnenseite.com\/de\/wp-json\/wp\/v2\/posts"}],"about":[{"href":"https:\/\/www.sonnenseite.com\/de\/wp-json\/wp\/v2\/types\/post"}],"author":[{"embeddable":true,"href":"https:\/\/www.sonnenseite.com\/de\/wp-json\/wp\/v2\/users\/1"}],"replies":[{"embeddable":true,"href":"https:\/\/www.sonnenseite.com\/de\/wp-json\/wp\/v2\/comments?post=57603"}],"version-history":[{"count":0,"href":"https:\/\/www.sonnenseite.com\/de\/wp-json\/wp\/v2\/posts\/57603\/revisions"}],"wp:featuredmedia":[{"embeddable":true,"href":"https:\/\/www.sonnenseite.com\/de\/wp-json\/wp\/v2\/media\/50987"}],"wp:attachment":[{"href":"https:\/\/www.sonnenseite.com\/de\/wp-json\/wp\/v2\/media?parent=57603"}],"wp:term":[{"taxonomy":"category","embeddable":true,"href":"https:\/\/www.sonnenseite.com\/de\/wp-json\/wp\/v2\/categories?post=57603"},{"taxonomy":"post_tag","embeddable":true,"href":"https:\/\/www.sonnenseite.com\/de\/wp-json\/wp\/v2\/tags?post=57603"}],"curies":[{"name":"wp","href":"https:\/\/api.w.org\/{rel}","templated":true}]}}