{"id":57637,"date":"2011-12-08T00:00:00","date_gmt":"2011-12-07T23:00:00","guid":{"rendered":"https:\/\/www.sonnenseite.com\/tipps\/gewaltlos-gegen-den-krieg.html"},"modified":"2011-12-08T00:00:00","modified_gmt":"2011-12-07T23:00:00","slug":"gewaltlos-gegen-den-krieg","status":"publish","type":"post","link":"https:\/\/www.sonnenseite.com\/de\/tipps\/gewaltlos-gegen-den-krieg\/","title":{"rendered":"Gewaltlos gegen den Krieg"},"content":{"rendered":"<p>Flucht vor den Bomben, als Jugendlicher im Krieg, vom ersten Ostermarsch  an dabei, in vielen Teilen der Welt f\u00fcr Frieden t\u00e4tig,  Politikwissenschaftler und Friedensforscher Andreas Buro erz\u00e4hlt, wie er  zu seiner Lebensaufgabe fand, Frieden zu f\u00f6rdern und Krieg zu  \u00fcberwinden. Ein spannungsreiches, oft riskantes und doch erf\u00fclltes Leben  zwischen den d\u00fcsteren Wolken der herrschenden Machtpolitik und dem  Einsatz f\u00fcr eine friedlichere Welt. <!--more--> <\/p>\n<p>\u00a0Das liest man mit Verwunderung und Behagen. Denn man kann sich nicht vorstellen, dass dieser lebhaft aktive und nie im Ruhestand verweilende Mann schon 1928 in Berlin geboren wurde. Aber das Buch ist nicht f\u00fcr Quoten geschrieben. Quoten und Bestsellerauflagen machen heute nur noch ein Promistatus, den man sich beim Fu\u00dfball, Autorennsport, Fernsehen oder bei Dieter Bohlens Castingshow erwirbt. Das alles kann Andreas B\u00fcro nicht vorweisen. Bekannt wurde er mit seinen immerw\u00e4hrenden Versuchen, beginnend mit dem Ostermarsch 1960, f\u00fcr Gewaltlosigkeit und Pazifismus einzutreten. Die sechziger und siebziger Jahre beschreibt er voller Dramatik, wobei er den Einklang zwischen seinem privaten und dem \u00f6ffentlichen Leben immer wieder genauestens beschreibt.<\/p>\n<p>Buro, wenn man das platt so sagen darf, hatte sich politische Glaubw\u00fcrdigkeit zeit seines Lebens errungen, weil er sich nicht in der Politik, Wirtschaft und \u00d6ffentlichkeit prostituieren lie\u00df. Er hat den Grabenkampf in den Parteien nicht begonnen, war gar nicht in Gefahr, bei seinen Friedenspolitischen Aktionen jemals vom Staat abh\u00e4ngig zu sein. Voller gro\u00dfer Toleranz war er mit der eigenen Familie wie mit seinen Bewegungen, es hatten dort immer alle Platz. Es gab (und gibt) die Ostermarsch Kampagne, die Kampagne f\u00fcr Demokratie und Abr\u00fcstung, das SB, das \u201eSozialistische B\u00fcro\u201c, das Komitee f\u00fcr Grundrechte und Demokratie\u201c uva. Es gibt nie ein beherrschendes Zentralkomitee.<\/p>\n<p>Buro ist auch Familienmensch und k\u00fcmmert sich um die Kinder. Bewegend wie er beschreibt, dass sich bei seinem Sohn Julian durch das auf einen Hochspannungsmast klettern und einen Sturz \u00fcber eine Gehirnersch\u00fctterung hinaus eine Pers\u00f6nlichkeitsspaltung entwickelte, die ganz offenbar nicht zu heilen \u2013 sondern nur in Geduld und elterlicher Liebe zu ertragen war. Der Sohn wurde zum Fahnenfl\u00fcchtling, haute ab nach Kreta, der Vater nahm ihn zur\u00fcck, erreichte, dass er einen sehr menschlichen Haftrichter hatte und konnte Julian erst nach Hause mitnehmen.<\/p>\n<p>In den 70 Jahren gibt es gro\u00dfe Demonstrationen gegen den Vietnamkrieg gegen den Radikalen-Erlass, es gibt die gro\u00dfe Entt\u00e4uschung, dass dieser Radikalen-Erlass ausgerechnet in der Regierungszeit von Willy Brandt erlassen wird. \u201eWer ist unser Guru? Das ist Andreas Buru\u201c! Auch der Humor kommt in dem Buch nicht zu kurz.<\/p>\n<p>Das SB, das Sozialistische B\u00fcro, war das Kind von Andreas Buro. Nie war das gro\u00df, immer klein, aber es hatte \u00fcberzeugte Mitt\u00e4ter. Es wurde 1976 die Pfingstkonferenz in Frankfurt abgehalten. \u201eWas an Emp\u00f6rung sich so lange angestaut hatte, explodierte geradezu in Diskussionen und Vorschl\u00e4gen\u201c. Das war die Szene im Zelt auf dem Platz wo sonst die Frankfurter Dippemess abgehalten wird: als der Ruf kam, dass der Guru der Andreas Buru ist.<\/p>\n<p>Auf seine Art war dieser Andreas Buro und viele der tausende von ganz ernsthaften und glaubw\u00fcrdigen Mitk\u00e4mpfern der Grundstock f\u00fcr einen Widerstand, der sich wieder neu bilden muss. Der sich umso gebieterischer wieder formieren muss, weil die Waffengewalt und der Waffenexport und die Aus\u00fcbung von Politik mit milit\u00e4rischen Mitteln eine Normalit\u00e4t erreicht haben, die geradezu sprachlos macht.<\/p>\n<p>Aber die Sprachlosigkeit soll es nun gerade nicht geben. Es w\u00e4re gut, das Verm\u00e4chtnis von Andreas Buro w\u00fcrde weit beachtet.<\/p>\n<p>In einer Zeit, in der der Verfassungsschutz und Geheimdienste v\u00f6llig unangefochten gro\u00dfe Superagenten geworden sind, ist es wichtig, das nachzulesen, was Helmut Gollwitzer, der unvergessene protestantische Theologe bei dem Tribunal gegen den Radikalen erlass am 29. M\u00e4rz 1978 im B\u00fcrgerhaus Frankfurt-Harheim sagte: \u201eKein Verfassungsschutz kann unsere freiheitlich demokratische Grundordnung besser garantieren als der Verfassungsschutz, der wir selber sind\u201c.<\/p>\n<p>Sozialistische Politik, wie er sie verstand, sei keine Politik der Gewalt gegen die Tr\u00e4ger von Gewalt, gegen das Milit\u00e4r. \u201eSie ist eine Politik der Ver\u00e4nderung von Bewusstsein und der Durchsetzung friedenssichernder Alternativen in R\u00fcstung, \u00d6konomie und Gesellschaft auf der Basis massenhaften Interesses\u201c.<\/p>\n<p>So jemand war erst ein Manager bei einem gro\u00dfen Holzunternehmen, die Konzernspitze bot bei einem Besuch der FAO-Tagung (Landwirtschaftsorganisation der UNO) in Rom an, Buro k\u00f6nne als Gesch\u00e4ftsf\u00fchrer die gr\u00f6\u00dfte Firma \u00fcbernehmen. Das h\u00e4tte \u2013 schreibt er n\u00fcchtern \u2013 st\u00e4ndige Reisen durch die ganze Welt bedeutet. Die Zweifel, ob er eine Industrie-Karriere anstreben sollte, l\u00f6ste er im Sinne einer anderen Berufung. Er begann noch mal 1966 mit dem Studium der politischen Wissenschaft, erst in M\u00fcnchen mit vorwiegend konservativen, dann in Frankfurt bei eher modernen Professoren wie bei Prof. Iring Fetscher. Das, was Buro Doppelleben nennt, ging immer weiter. Im Dezember 1968 kommt auch noch das vierte Kind, Marie Anna, da war Buro von M\u00fcnchen l\u00e4ngst wieder nach Hessen, in ein Dorf namens Hundstadt gezogen, einen Ortsteil von Gr\u00e4venwiesbach. \u201eAlle waren gl\u00fccklich \u00fcber diesen hessischen Familienzuwachs\u201c.<\/p>\n<p>Buro und seine Mitk\u00e4mpfer waren gefeit gegen die Versuchungen der Gewaltt\u00e4ter und bewaffneten Terroristen vom Schlage der RAF. Dagegen impr\u00e4gnierte ihn gewiss seine Herkunft, aber auch die Satyagraha Normen zum gewaltlosen Widerstand von Mahatma Gandhi. Sein Konzept war fast religi\u00f6s, aber eben doch nicht an eine Konfession gebunden. BoA, so wie es Heinrich B\u00f6ll immer wollte, der zu fr\u00fch gestorben war: \u201eBundesrepublik ohne Armee\u201c. Er setzte sich \u00fcberzeugend mit allen auseinander, auch mit der F\u00fchrungsakademie der Bundeswehr, den Gener\u00e4len Reinhardt und Klaus Naumann.<\/p>\n<p>Das Buch bietet \u00fcberzeugende Bruchst\u00fccke dieser Arbeit um die Gewaltfreiheit, die nie aufh\u00f6rt. In diesem Buch kommt einer der \u00fcberzeugendsten Vertreter zu Wort. Er war immer auch ganz realistisch, und setzte sich f\u00fcr die Aufnahme von bosnischen Kriegsfl\u00fcchtlingen in Deutschland ein. Immer konkret, nie nur grunds\u00e4tzlich und hypothetisch. Es war ja schwer geworden in den Jahren, 1992ff., als der Balkan explodierte und alle nur spornstreichs in Richtung Gewalt und Milit\u00e4r zogen. Auch da h\u00f6rte diese Bewegung nie auf, konkret f\u00fcr Menschen in Not t\u00e4tig zu sein, Sommerurlaube f\u00fcr Kinder auf der Adria Insel Hvar zu organisieren. Zur Kosovo Entwicklung w\u00fcrde ich mich mit Buro noch mal an einen Tisch setzen, denn da war ich damals am Rande der Verzweifelung und konnte die Unterdr\u00fcckung und Diskriminierung der Albaner nicht mehr mit ansehen.<\/p>\n<p>So berichtet er von einer Debatte, zu der die Gewerkschaftsf\u00fchrung nach N\u00fcrnberg einlud, wo ganz viele serbische Kollegen anwesend waren. Ein Serbischer Arbeiter sagte zu Buro: \u201eProfessor, Sie m\u00fcssen doch verstehen, dass die Serben in ihrem Land untereinander und nicht mit Menschen aus allen m\u00f6glichen V\u00f6lkern zusammenleben wollen\u201c. Darauf holte Buro seine sanfteste Stimme hervor und sagte, das sei interessant. Die Serben w\u00fcrden diesen Wunsch auch sicher f\u00fcr andere V\u00f6lker gelten lassen. \u201eAllgemeines Wohlwollen\u201c breitete sich auf den Gesichtern aus. \u201eIch fragte dann lautstark, wann die Serben ihre Koffer packen und nach Serbien zur\u00fcckkehren, damit die Deutschen endlich unter sich leben k\u00f6nnten\u201c. Danach hat man sich gut verstanden, denn man vereinbarte ein Hilfsprojekt f\u00fcr kriegsgesch\u00e4digte Kinder gleich welcher Herkunft.<\/p>\n<h5 class=\"green\">Quelle<\/h5>\n<p>Rupert Neudeck 2011Gr\u00fcnhelme 2011<\/p>\n<div class=\"shariff shariff-align-flex-start shariff-widget-align-flex-start\"><div class=\"ShariffHeadline\">Diese Meldung teilen<\/div><ul class=\"shariff-buttons theme-round orientation-horizontal buttonsize-medium\"><li class=\"shariff-button facebook shariff-nocustomcolor\" style=\"background-color:#4273c8;border-radius:1%\"><a href=\"https:\/\/www.facebook.com\/sharer\/sharer.php?u=https%3A%2F%2Fwww.sonnenseite.com%2Fde%2Ftipps%2Fgewaltlos-gegen-den-krieg%2F\" title=\"Bei Facebook teilen\" aria-label=\"Bei Facebook teilen\" role=\"button\" rel=\"nofollow\" class=\"shariff-link\" style=\";border-radius:1%; background-color:#3b5998; color:#fff\" target=\"_blank\"><span class=\"shariff-icon\" style=\"\"><svg width=\"32px\" height=\"20px\" xmlns=\"http:\/\/www.w3.org\/2000\/svg\" viewBox=\"0 0 18 32\"><path fill=\"#3b5998\" d=\"M17.1 0.2v4.7h-2.8q-1.5 0-2.1 0.6t-0.5 1.9v3.4h5.2l-0.7 5.3h-4.5v13.6h-5.5v-13.6h-4.5v-5.3h4.5v-3.9q0-3.3 1.9-5.2t5-1.8q2.6 0 4.1 0.2z\"\/><\/svg><\/span><\/a><\/li><li class=\"shariff-button twitter shariff-nocustomcolor\" style=\"background-color:#595959;border-radius:1%\"><a href=\"https:\/\/twitter.com\/share?url=https%3A%2F%2Fwww.sonnenseite.com%2Fde%2Ftipps%2Fgewaltlos-gegen-den-krieg%2F&text=Gewaltlos%20gegen%20den%20Krieg\" title=\"Bei X teilen\" aria-label=\"Bei X teilen\" role=\"button\" rel=\"noopener nofollow\" class=\"shariff-link\" style=\";border-radius:1%; background-color:#000; color:#fff\" target=\"_blank\"><span class=\"shariff-icon\" style=\"\"><svg width=\"32px\" height=\"20px\" xmlns=\"http:\/\/www.w3.org\/2000\/svg\" viewBox=\"0 0 24 24\"><path fill=\"#000\" d=\"M14.258 10.152L23.176 0h-2.113l-7.747 8.813L7.133 0H0l9.352 13.328L0 23.973h2.113l8.176-9.309 6.531 9.309h7.133zm-2.895 3.293l-.949-1.328L2.875 1.56h3.246l6.086 8.523.945 1.328 7.91 11.078h-3.246zm0 0\"\/><\/svg><\/span><\/a><\/li><li class=\"shariff-button xing shariff-nocustomcolor\" style=\"background-color:#29888a;border-radius:1%\"><a href=\"https:\/\/www.xing.com\/spi\/shares\/new?url=https%3A%2F%2Fwww.sonnenseite.com%2Fde%2Ftipps%2Fgewaltlos-gegen-den-krieg%2F\" title=\"Bei XING teilen\" aria-label=\"Bei XING teilen\" role=\"button\" rel=\"noopener nofollow\" class=\"shariff-link\" style=\";border-radius:1%; background-color:#126567; color:#fff\" target=\"_blank\"><span class=\"shariff-icon\" style=\"\"><svg width=\"32px\" height=\"20px\" xmlns=\"http:\/\/www.w3.org\/2000\/svg\" viewBox=\"0 0 25 32\"><path fill=\"#126567\" d=\"M10.7 11.9q-0.2 0.3-4.6 8.2-0.5 0.8-1.2 0.8h-4.3q-0.4 0-0.5-0.3t0-0.6l4.5-8q0 0 0 0l-2.9-5q-0.2-0.4 0-0.7 0.2-0.3 0.5-0.3h4.3q0.7 0 1.2 0.8zM25.1 0.4q0.2 0.3 0 0.7l-9.4 16.7 6 11q0.2 0.4 0 0.6-0.2 0.3-0.6 0.3h-4.3q-0.7 0-1.2-0.8l-6-11.1q0.3-0.6 9.5-16.8 0.4-0.8 1.2-0.8h4.3q0.4 0 0.5 0.3z\"\/><\/svg><\/span><\/a><\/li><li class=\"shariff-button linkedin shariff-nocustomcolor\" style=\"background-color:#1488bf;border-radius:1%\"><a href=\"https:\/\/www.linkedin.com\/sharing\/share-offsite\/?url=https%3A%2F%2Fwww.sonnenseite.com%2Fde%2Ftipps%2Fgewaltlos-gegen-den-krieg%2F\" title=\"Bei LinkedIn teilen\" aria-label=\"Bei LinkedIn teilen\" role=\"button\" rel=\"noopener nofollow\" class=\"shariff-link\" style=\";border-radius:1%; background-color:#0077b5; color:#fff\" target=\"_blank\"><span class=\"shariff-icon\" style=\"\"><svg width=\"32px\" height=\"20px\" xmlns=\"http:\/\/www.w3.org\/2000\/svg\" viewBox=\"0 0 27 32\"><path fill=\"#0077b5\" d=\"M6.2 11.2v17.7h-5.9v-17.7h5.9zM6.6 5.7q0 1.3-0.9 2.2t-2.4 0.9h0q-1.5 0-2.4-0.9t-0.9-2.2 0.9-2.2 2.4-0.9 2.4 0.9 0.9 2.2zM27.4 18.7v10.1h-5.9v-9.5q0-1.9-0.7-2.9t-2.3-1.1q-1.1 0-1.9 0.6t-1.2 1.5q-0.2 0.5-0.2 1.4v9.9h-5.9q0-7.1 0-11.6t0-5.3l0-0.9h5.9v2.6h0q0.4-0.6 0.7-1t1-0.9 1.6-0.8 2-0.3q3 0 4.9 2t1.9 6z\"\/><\/svg><\/span><\/a><\/li><li class=\"shariff-button printer shariff-nocustomcolor\" style=\"background-color:#a8a8a8;border-radius:1%\"><a href=\"javascript:window.print()\" title=\"drucken\" aria-label=\"drucken\" role=\"button\" rel=\"noopener nofollow\" class=\"shariff-link\" style=\";border-radius:1%; background-color:#999; color:#fff\"><span class=\"shariff-icon\" style=\"\"><svg width=\"32px\" height=\"20px\" xmlns=\"http:\/\/www.w3.org\/2000\/svg\" viewBox=\"0 0 30 32\"><path fill=\"#999\" d=\"M6.8 27.4h16v-4.6h-16v4.6zM6.8 16h16v-6.8h-2.8q-0.7 0-1.2-0.5t-0.5-1.2v-2.8h-11.4v11.4zM27.4 17.2q0-0.5-0.3-0.8t-0.8-0.4-0.8 0.4-0.3 0.8 0.3 0.8 0.8 0.3 0.8-0.3 0.3-0.8zM29.7 17.2v7.4q0 0.2-0.2 0.4t-0.4 0.2h-4v2.8q0 0.7-0.5 1.2t-1.2 0.5h-17.2q-0.7 0-1.2-0.5t-0.5-1.2v-2.8h-4q-0.2 0-0.4-0.2t-0.2-0.4v-7.4q0-1.4 1-2.4t2.4-1h1.2v-9.7q0-0.7 0.5-1.2t1.2-0.5h12q0.7 0 1.6 0.4t1.3 0.8l2.7 2.7q0.5 0.5 0.9 1.4t0.4 1.6v4.6h1.1q1.4 0 2.4 1t1 2.4z\"\/><\/svg><\/span><\/a><\/li><li class=\"shariff-button mailto shariff-nocustomcolor\" style=\"background-color:#a8a8a8;border-radius:1%\"><a href=\"mailto:?body=https%3A%2F%2Fwww.sonnenseite.com%2Fde%2Ftipps%2Fgewaltlos-gegen-den-krieg%2F&subject=Gewaltlos%20gegen%20den%20Krieg\" title=\"Per E-Mail versenden\" aria-label=\"Per E-Mail versenden\" role=\"button\" rel=\"noopener nofollow\" class=\"shariff-link\" style=\";border-radius:1%; background-color:#999; color:#fff\"><span class=\"shariff-icon\" style=\"\"><svg width=\"32px\" height=\"20px\" xmlns=\"http:\/\/www.w3.org\/2000\/svg\" viewBox=\"0 0 32 32\"><path fill=\"#999\" d=\"M32 12.7v14.2q0 1.2-0.8 2t-2 0.9h-26.3q-1.2 0-2-0.9t-0.8-2v-14.2q0.8 0.9 1.8 1.6 6.5 4.4 8.9 6.1 1 0.8 1.6 1.2t1.7 0.9 2 0.4h0.1q0.9 0 2-0.4t1.7-0.9 1.6-1.2q3-2.2 8.9-6.1 1-0.7 1.8-1.6zM32 7.4q0 1.4-0.9 2.7t-2.2 2.2q-6.7 4.7-8.4 5.8-0.2 0.1-0.7 0.5t-1 0.7-0.9 0.6-1.1 0.5-0.9 0.2h-0.1q-0.4 0-0.9-0.2t-1.1-0.5-0.9-0.6-1-0.7-0.7-0.5q-1.6-1.1-4.7-3.2t-3.6-2.6q-1.1-0.7-2.1-2t-1-2.5q0-1.4 0.7-2.3t2.1-0.9h26.3q1.2 0 2 0.8t0.9 2z\"\/><\/svg><\/span><\/a><\/li><\/ul><\/div>","protected":false},"excerpt":{"rendered":"<p>Flucht vor den Bomben, als Jugendlicher im Krieg, vom ersten Ostermarsch an dabei, in vielen Teilen [&hellip;]<\/p>\n","protected":false},"author":1,"featured_media":50987,"comment_status":"closed","ping_status":"closed","sticky":false,"template":"","format":"standard","meta":{"inline_featured_image":false,"footnotes":""},"categories":[28],"tags":[],"class_list":["post-57637","post","type-post","status-publish","format-standard","has-post-thumbnail","hentry","category-tipps"],"yoast_head":"<!-- This site is optimized with the Yoast SEO plugin v26.5 - https:\/\/yoast.com\/wordpress\/plugins\/seo\/ -->\n<title>Gewaltlos gegen den Krieg - Sonnenseite - \u00d6kologische Kommunikation mit Franz Alt<\/title>\n<meta name=\"description\" content=\"Flucht vor den Bomben, als Jugendlicher im Krieg, vom ersten Ostermarsch an dabei, in vielen Teilen der Welt f\u00fcr Frieden t\u00e4tig, Politikwissenschaftler und\" \/>\n<meta name=\"robots\" content=\"index, follow, max-snippet:-1, max-image-preview:large, max-video-preview:-1\" \/>\n<link rel=\"canonical\" href=\"https:\/\/www.sonnenseite.com\/de\/tipps\/gewaltlos-gegen-den-krieg\/\" \/>\n<meta property=\"og:locale\" content=\"de_DE\" \/>\n<meta property=\"og:type\" content=\"article\" \/>\n<meta property=\"og:title\" content=\"Gewaltlos gegen den Krieg - Sonnenseite - \u00d6kologische Kommunikation mit Franz Alt\" \/>\n<meta property=\"og:description\" content=\"Flucht vor den Bomben, als Jugendlicher im Krieg, vom ersten Ostermarsch an dabei, in vielen Teilen der Welt f\u00fcr Frieden t\u00e4tig, Politikwissenschaftler und\" \/>\n<meta property=\"og:url\" content=\"https:\/\/www.sonnenseite.com\/de\/tipps\/gewaltlos-gegen-den-krieg\/\" \/>\n<meta property=\"og:site_name\" content=\"Sonnenseite\" \/>\n<meta property=\"article:publisher\" content=\"https:\/\/www.facebook.com\/pages\/Franz-Alt-SONNENSEITECOM\/221072987903953?fref=ts\" \/>\n<meta property=\"article:published_time\" content=\"2011-12-07T23:00:00+00:00\" \/>\n<meta property=\"og:image\" content=\"https:\/\/www.sonnenseite.com\/wp-content\/uploads\/2020\/06\/archiv_artikel.jpg\" \/>\n\t<meta property=\"og:image:width\" content=\"770\" \/>\n\t<meta property=\"og:image:height\" content=\"420\" \/>\n\t<meta property=\"og:image:type\" content=\"image\/jpeg\" \/>\n<meta name=\"author\" content=\"sbade\" \/>\n<meta name=\"twitter:card\" content=\"summary_large_image\" \/>\n<meta name=\"twitter:creator\" content=\"@franzalt\" \/>\n<meta name=\"twitter:site\" content=\"@franzalt\" \/>\n<meta name=\"twitter:label1\" content=\"Verfasst von\" \/>\n\t<meta name=\"twitter:data1\" content=\"sbade\" \/>\n\t<meta name=\"twitter:label2\" content=\"Gesch\u00e4tzte Lesezeit\" \/>\n\t<meta name=\"twitter:data2\" content=\"6\u00a0Minuten\" \/>\n<script type=\"application\/ld+json\" class=\"yoast-schema-graph\">{\"@context\":\"https:\/\/schema.org\",\"@graph\":[{\"@type\":\"Article\",\"@id\":\"https:\/\/www.sonnenseite.com\/de\/tipps\/gewaltlos-gegen-den-krieg\/#article\",\"isPartOf\":{\"@id\":\"https:\/\/www.sonnenseite.com\/de\/tipps\/gewaltlos-gegen-den-krieg\/\"},\"author\":{\"name\":\"sbade\",\"@id\":\"https:\/\/www.sonnenseite.com\/de\/#\/schema\/person\/6df44691cd9a70d99e140e1116ee8771\"},\"headline\":\"Gewaltlos gegen den Krieg\",\"datePublished\":\"2011-12-07T23:00:00+00:00\",\"mainEntityOfPage\":{\"@id\":\"https:\/\/www.sonnenseite.com\/de\/tipps\/gewaltlos-gegen-den-krieg\/\"},\"wordCount\":1209,\"publisher\":{\"@id\":\"https:\/\/www.sonnenseite.com\/de\/#organization\"},\"image\":{\"@id\":\"https:\/\/www.sonnenseite.com\/de\/tipps\/gewaltlos-gegen-den-krieg\/#primaryimage\"},\"thumbnailUrl\":\"https:\/\/www.sonnenseite.com\/wp-content\/uploads\/2020\/06\/archiv_artikel.jpg\",\"articleSection\":[\"Tipps\"],\"inLanguage\":\"de\"},{\"@type\":\"WebPage\",\"@id\":\"https:\/\/www.sonnenseite.com\/de\/tipps\/gewaltlos-gegen-den-krieg\/\",\"url\":\"https:\/\/www.sonnenseite.com\/de\/tipps\/gewaltlos-gegen-den-krieg\/\",\"name\":\"Gewaltlos gegen den Krieg - Sonnenseite - \u00d6kologische Kommunikation mit Franz Alt\",\"isPartOf\":{\"@id\":\"https:\/\/www.sonnenseite.com\/de\/#website\"},\"primaryImageOfPage\":{\"@id\":\"https:\/\/www.sonnenseite.com\/de\/tipps\/gewaltlos-gegen-den-krieg\/#primaryimage\"},\"image\":{\"@id\":\"https:\/\/www.sonnenseite.com\/de\/tipps\/gewaltlos-gegen-den-krieg\/#primaryimage\"},\"thumbnailUrl\":\"https:\/\/www.sonnenseite.com\/wp-content\/uploads\/2020\/06\/archiv_artikel.jpg\",\"datePublished\":\"2011-12-07T23:00:00+00:00\",\"description\":\"Flucht vor den Bomben, als Jugendlicher im Krieg, vom ersten Ostermarsch an dabei, in vielen Teilen der Welt f\u00fcr Frieden t\u00e4tig, Politikwissenschaftler und\",\"breadcrumb\":{\"@id\":\"https:\/\/www.sonnenseite.com\/de\/tipps\/gewaltlos-gegen-den-krieg\/#breadcrumb\"},\"inLanguage\":\"de\",\"potentialAction\":[{\"@type\":\"ReadAction\",\"target\":[\"https:\/\/www.sonnenseite.com\/de\/tipps\/gewaltlos-gegen-den-krieg\/\"]}]},{\"@type\":\"ImageObject\",\"inLanguage\":\"de\",\"@id\":\"https:\/\/www.sonnenseite.com\/de\/tipps\/gewaltlos-gegen-den-krieg\/#primaryimage\",\"url\":\"https:\/\/www.sonnenseite.com\/wp-content\/uploads\/2020\/06\/archiv_artikel.jpg\",\"contentUrl\":\"https:\/\/www.sonnenseite.com\/wp-content\/uploads\/2020\/06\/archiv_artikel.jpg\",\"width\":770,\"height\":420,\"caption\":\"Sonnenseite\"},{\"@type\":\"BreadcrumbList\",\"@id\":\"https:\/\/www.sonnenseite.com\/de\/tipps\/gewaltlos-gegen-den-krieg\/#breadcrumb\",\"itemListElement\":[{\"@type\":\"ListItem\",\"position\":1,\"name\":\"Startseite\",\"item\":\"https:\/\/www.sonnenseite.com\/de\/\"},{\"@type\":\"ListItem\",\"position\":2,\"name\":\"Gewaltlos gegen den Krieg\"}]},{\"@type\":\"WebSite\",\"@id\":\"https:\/\/www.sonnenseite.com\/de\/#website\",\"url\":\"https:\/\/www.sonnenseite.com\/de\/\",\"name\":\"Sonnenseite\",\"description\":\"\u00d6kologische Kommunikation mit Franz Alt\",\"publisher\":{\"@id\":\"https:\/\/www.sonnenseite.com\/de\/#organization\"},\"potentialAction\":[{\"@type\":\"SearchAction\",\"target\":{\"@type\":\"EntryPoint\",\"urlTemplate\":\"https:\/\/www.sonnenseite.com\/de\/?s={search_term_string}\"},\"query-input\":{\"@type\":\"PropertyValueSpecification\",\"valueRequired\":true,\"valueName\":\"search_term_string\"}}],\"inLanguage\":\"de\"},{\"@type\":\"Organization\",\"@id\":\"https:\/\/www.sonnenseite.com\/de\/#organization\",\"name\":\"Sonnenseite\",\"url\":\"https:\/\/www.sonnenseite.com\/de\/\",\"logo\":{\"@type\":\"ImageObject\",\"inLanguage\":\"de\",\"@id\":\"https:\/\/www.sonnenseite.com\/de\/#\/schema\/logo\/image\/\",\"url\":\"https:\/\/www.sonnenseite.com\/wp-content\/uploads\/2020\/05\/Sonnenseite_Logo.png\",\"contentUrl\":\"https:\/\/www.sonnenseite.com\/wp-content\/uploads\/2020\/05\/Sonnenseite_Logo.png\",\"width\":377,\"height\":90,\"caption\":\"Sonnenseite\"},\"image\":{\"@id\":\"https:\/\/www.sonnenseite.com\/de\/#\/schema\/logo\/image\/\"},\"sameAs\":[\"https:\/\/www.facebook.com\/pages\/Franz-Alt-SONNENSEITECOM\/221072987903953?fref=ts\",\"https:\/\/x.com\/franzalt\",\"http:\/\/www.youtube.com\/results?search_query&amp;amp;quot;franz_alt&amp;amp;quot;&amp;amp;amp;amp;search_type&amp;amp;amp;amp;aq=f\"]},{\"@type\":\"Person\",\"@id\":\"https:\/\/www.sonnenseite.com\/de\/#\/schema\/person\/6df44691cd9a70d99e140e1116ee8771\",\"name\":\"sbade\",\"sameAs\":[\"https:\/\/www.sonnenseite.com\"]}]}<\/script>\n<!-- \/ Yoast SEO plugin. -->","yoast_head_json":{"title":"Gewaltlos gegen den Krieg - Sonnenseite - \u00d6kologische Kommunikation mit Franz Alt","description":"Flucht vor den Bomben, als Jugendlicher im Krieg, vom ersten Ostermarsch an dabei, in vielen Teilen der Welt f\u00fcr Frieden t\u00e4tig, Politikwissenschaftler und","robots":{"index":"index","follow":"follow","max-snippet":"max-snippet:-1","max-image-preview":"max-image-preview:large","max-video-preview":"max-video-preview:-1"},"canonical":"https:\/\/www.sonnenseite.com\/de\/tipps\/gewaltlos-gegen-den-krieg\/","og_locale":"de_DE","og_type":"article","og_title":"Gewaltlos gegen den Krieg - Sonnenseite - \u00d6kologische Kommunikation mit Franz Alt","og_description":"Flucht vor den Bomben, als Jugendlicher im Krieg, vom ersten Ostermarsch an dabei, in vielen Teilen der Welt f\u00fcr Frieden t\u00e4tig, Politikwissenschaftler und","og_url":"https:\/\/www.sonnenseite.com\/de\/tipps\/gewaltlos-gegen-den-krieg\/","og_site_name":"Sonnenseite","article_publisher":"https:\/\/www.facebook.com\/pages\/Franz-Alt-SONNENSEITECOM\/221072987903953?fref=ts","article_published_time":"2011-12-07T23:00:00+00:00","og_image":[{"width":770,"height":420,"url":"https:\/\/www.sonnenseite.com\/wp-content\/uploads\/2020\/06\/archiv_artikel.jpg","type":"image\/jpeg"}],"author":"sbade","twitter_card":"summary_large_image","twitter_creator":"@franzalt","twitter_site":"@franzalt","twitter_misc":{"Verfasst von":"sbade","Gesch\u00e4tzte Lesezeit":"6\u00a0Minuten"},"schema":{"@context":"https:\/\/schema.org","@graph":[{"@type":"Article","@id":"https:\/\/www.sonnenseite.com\/de\/tipps\/gewaltlos-gegen-den-krieg\/#article","isPartOf":{"@id":"https:\/\/www.sonnenseite.com\/de\/tipps\/gewaltlos-gegen-den-krieg\/"},"author":{"name":"sbade","@id":"https:\/\/www.sonnenseite.com\/de\/#\/schema\/person\/6df44691cd9a70d99e140e1116ee8771"},"headline":"Gewaltlos gegen den Krieg","datePublished":"2011-12-07T23:00:00+00:00","mainEntityOfPage":{"@id":"https:\/\/www.sonnenseite.com\/de\/tipps\/gewaltlos-gegen-den-krieg\/"},"wordCount":1209,"publisher":{"@id":"https:\/\/www.sonnenseite.com\/de\/#organization"},"image":{"@id":"https:\/\/www.sonnenseite.com\/de\/tipps\/gewaltlos-gegen-den-krieg\/#primaryimage"},"thumbnailUrl":"https:\/\/www.sonnenseite.com\/wp-content\/uploads\/2020\/06\/archiv_artikel.jpg","articleSection":["Tipps"],"inLanguage":"de"},{"@type":"WebPage","@id":"https:\/\/www.sonnenseite.com\/de\/tipps\/gewaltlos-gegen-den-krieg\/","url":"https:\/\/www.sonnenseite.com\/de\/tipps\/gewaltlos-gegen-den-krieg\/","name":"Gewaltlos gegen den Krieg - Sonnenseite - \u00d6kologische Kommunikation mit Franz Alt","isPartOf":{"@id":"https:\/\/www.sonnenseite.com\/de\/#website"},"primaryImageOfPage":{"@id":"https:\/\/www.sonnenseite.com\/de\/tipps\/gewaltlos-gegen-den-krieg\/#primaryimage"},"image":{"@id":"https:\/\/www.sonnenseite.com\/de\/tipps\/gewaltlos-gegen-den-krieg\/#primaryimage"},"thumbnailUrl":"https:\/\/www.sonnenseite.com\/wp-content\/uploads\/2020\/06\/archiv_artikel.jpg","datePublished":"2011-12-07T23:00:00+00:00","description":"Flucht vor den Bomben, als Jugendlicher im Krieg, vom ersten Ostermarsch an dabei, in vielen Teilen der Welt f\u00fcr Frieden t\u00e4tig, Politikwissenschaftler und","breadcrumb":{"@id":"https:\/\/www.sonnenseite.com\/de\/tipps\/gewaltlos-gegen-den-krieg\/#breadcrumb"},"inLanguage":"de","potentialAction":[{"@type":"ReadAction","target":["https:\/\/www.sonnenseite.com\/de\/tipps\/gewaltlos-gegen-den-krieg\/"]}]},{"@type":"ImageObject","inLanguage":"de","@id":"https:\/\/www.sonnenseite.com\/de\/tipps\/gewaltlos-gegen-den-krieg\/#primaryimage","url":"https:\/\/www.sonnenseite.com\/wp-content\/uploads\/2020\/06\/archiv_artikel.jpg","contentUrl":"https:\/\/www.sonnenseite.com\/wp-content\/uploads\/2020\/06\/archiv_artikel.jpg","width":770,"height":420,"caption":"Sonnenseite"},{"@type":"BreadcrumbList","@id":"https:\/\/www.sonnenseite.com\/de\/tipps\/gewaltlos-gegen-den-krieg\/#breadcrumb","itemListElement":[{"@type":"ListItem","position":1,"name":"Startseite","item":"https:\/\/www.sonnenseite.com\/de\/"},{"@type":"ListItem","position":2,"name":"Gewaltlos gegen den Krieg"}]},{"@type":"WebSite","@id":"https:\/\/www.sonnenseite.com\/de\/#website","url":"https:\/\/www.sonnenseite.com\/de\/","name":"Sonnenseite","description":"\u00d6kologische Kommunikation mit Franz Alt","publisher":{"@id":"https:\/\/www.sonnenseite.com\/de\/#organization"},"potentialAction":[{"@type":"SearchAction","target":{"@type":"EntryPoint","urlTemplate":"https:\/\/www.sonnenseite.com\/de\/?s={search_term_string}"},"query-input":{"@type":"PropertyValueSpecification","valueRequired":true,"valueName":"search_term_string"}}],"inLanguage":"de"},{"@type":"Organization","@id":"https:\/\/www.sonnenseite.com\/de\/#organization","name":"Sonnenseite","url":"https:\/\/www.sonnenseite.com\/de\/","logo":{"@type":"ImageObject","inLanguage":"de","@id":"https:\/\/www.sonnenseite.com\/de\/#\/schema\/logo\/image\/","url":"https:\/\/www.sonnenseite.com\/wp-content\/uploads\/2020\/05\/Sonnenseite_Logo.png","contentUrl":"https:\/\/www.sonnenseite.com\/wp-content\/uploads\/2020\/05\/Sonnenseite_Logo.png","width":377,"height":90,"caption":"Sonnenseite"},"image":{"@id":"https:\/\/www.sonnenseite.com\/de\/#\/schema\/logo\/image\/"},"sameAs":["https:\/\/www.facebook.com\/pages\/Franz-Alt-SONNENSEITECOM\/221072987903953?fref=ts","https:\/\/x.com\/franzalt","http:\/\/www.youtube.com\/results?search_query&amp;amp;quot;franz_alt&amp;amp;quot;&amp;amp;amp;amp;search_type&amp;amp;amp;amp;aq=f"]},{"@type":"Person","@id":"https:\/\/www.sonnenseite.com\/de\/#\/schema\/person\/6df44691cd9a70d99e140e1116ee8771","name":"sbade","sameAs":["https:\/\/www.sonnenseite.com"]}]}},"_links":{"self":[{"href":"https:\/\/www.sonnenseite.com\/de\/wp-json\/wp\/v2\/posts\/57637","targetHints":{"allow":["GET"]}}],"collection":[{"href":"https:\/\/www.sonnenseite.com\/de\/wp-json\/wp\/v2\/posts"}],"about":[{"href":"https:\/\/www.sonnenseite.com\/de\/wp-json\/wp\/v2\/types\/post"}],"author":[{"embeddable":true,"href":"https:\/\/www.sonnenseite.com\/de\/wp-json\/wp\/v2\/users\/1"}],"replies":[{"embeddable":true,"href":"https:\/\/www.sonnenseite.com\/de\/wp-json\/wp\/v2\/comments?post=57637"}],"version-history":[{"count":0,"href":"https:\/\/www.sonnenseite.com\/de\/wp-json\/wp\/v2\/posts\/57637\/revisions"}],"wp:featuredmedia":[{"embeddable":true,"href":"https:\/\/www.sonnenseite.com\/de\/wp-json\/wp\/v2\/media\/50987"}],"wp:attachment":[{"href":"https:\/\/www.sonnenseite.com\/de\/wp-json\/wp\/v2\/media?parent=57637"}],"wp:term":[{"taxonomy":"category","embeddable":true,"href":"https:\/\/www.sonnenseite.com\/de\/wp-json\/wp\/v2\/categories?post=57637"},{"taxonomy":"post_tag","embeddable":true,"href":"https:\/\/www.sonnenseite.com\/de\/wp-json\/wp\/v2\/tags?post=57637"}],"curies":[{"name":"wp","href":"https:\/\/api.w.org\/{rel}","templated":true}]}}