{"id":57722,"date":"2011-11-25T00:00:00","date_gmt":"2011-11-24T23:00:00","guid":{"rendered":"https:\/\/www.sonnenseite.com\/politik\/im-steinbruch-soll-das-groesste-photovoltaik-kraftwerk-der-schweiz-entstehen.html"},"modified":"2011-11-25T00:00:00","modified_gmt":"2011-11-24T23:00:00","slug":"im-steinbruch-soll-das-groesste-photovoltaik-kraftwerk-der-schweiz-entstehen","status":"publish","type":"post","link":"https:\/\/www.sonnenseite.com\/de\/politik\/im-steinbruch-soll-das-groesste-photovoltaik-kraftwerk-der-schweiz-entstehen\/","title":{"rendered":"Im Steinbruch soll das gr\u00f6sste Photovoltaik-Kraftwerk der Schweiz entstehen"},"content":{"rendered":"<p>Die  Elektrizit\u00e4tswerke des Kantons Z\u00fcrich (EKZ) pr\u00fcfen den Bau der gr\u00f6ssten  Photovoltaik-Anlage der Schweiz. <!--more--> <\/p>\n<p><strong> <\/strong>In einem  Vorprojekt wird abgekl\u00e4rt, ob  im Steinbruch Schn\u00fcr in der N\u00e4he von  Quinten am Walensee eine  Photovoltaik-Anlage mit einer Leistung von  neun Megawatt gebaut werden  kann. Dazu sollen die Anliegen der  Umweltverb\u00e4nde aufgenommen sowie die  technische Machbarkeit gekl\u00e4rt  werden.<\/p>\n<p>Der  Kiesabbau im  Steinbruch Schn\u00fcr in Quinten wird Ende 2012 eingestellt.  Die  Ortsgemeinde Quinten hat sich deshalb Gedanken \u00fcber die Zukunft  ihres  Dorfes gemacht und nach einer L\u00f6sung f\u00fcr den Steinbruch gesucht.  &#8222;Quinten ist  ein naturverbundenes, autofreies Dorf, das langfristig  erhalten werden  soll. So sind wir zum Schluss gekommen, dass die  S\u00fcdausrichtung der  Felswand ideal f\u00fcr die Produktion von Solarstrom  w\u00e4re&#8220;, erkl\u00e4rt Alois  Janser, Pr\u00e4sident der Ortsgemeinde Quinten. &#8222;Mit  dieser Idee haben wir  das Gespr\u00e4ch mit den EKZ gesucht, die sich in den  vergangenen Jahren  stark f\u00fcr erneuerbare Energien engagiert und ihr  Know-how mit  verschiedenen Pilotanlagen ausgebaut haben.&#8220;<\/p>\n<p>Der Steinbruch  befindet sich im BLN-Gebiet  (Bundesinventar der Landschaften und  Naturdenkm\u00e4ler von nationaler  Bedeutung), weshalb w\u00e4hrend den kommenden  Monaten in einem Vorprojekt  weitere Abkl\u00e4rungen betreffend  Bewilligungsverfahren und  Landschaftsschutz mit Umweltverb\u00e4nden und  Beh\u00f6rden im Kanton St. Gallen  erfolgen. Die  EKZ haben f\u00fcr das Projekt  in Quinten die Umweltverb\u00e4nde zu Gespr\u00e4chen  eingeladen, bei denen sie Gelegenheit haben, ihre Anliegen einzubringen.  Freistehende Photovoltaik-Anlagen, sogenannte Freifl\u00e4chenanlagen, sind  hierzulande umstritten. &#8222;Das  ist beim knappen Siedlungsraum  verst\u00e4ndlich. Doch verlangt der  Ausstieg aus der Kernkraft nach  innovativen Konzepten f\u00fcr die  Stromversorgung der Zukunft&#8220;, erkl\u00e4rt  Peter Franken, Leiter  Gesch\u00e4ftsbereich Energieverteilung bei den EKZ.<\/p>\n<p>\u201eAlleine mit  Photovoltaik-D\u00e4chern und Windenergie kann die langfristige   Stromversorgung in der Schweiz nicht sichergestellt werden. Tragf\u00e4hige   L\u00f6sungen f\u00fcr den Ausbau der erneuerbaren Energien k\u00f6nnen deshalb nur   gemeinsam mit den Umweltverb\u00e4nden entstehen. Hier in Quinten haben wir  hervorragende Voraussetzungen f\u00fcr eine Freifl\u00e4chenanlage, die keinen  Siedlungsraum kostet und langfristig Chancen f\u00fcr eine Renaturierung  bietet.&#8220;<\/p>\n<p>Bis  sich im Steinbruch wieder Wald entwickeln kann, vergehen noch  Jahrzehnte. Die  Photovoltaik-Anlage ist als Zwischennutzung der kahlen  Felswand  w\u00e4hrend etwa 25 bis 30 Jahren geplant. Das h\u00e4tte nach Ansicht  der EKZ  sogar Vorteile f\u00fcr die Renaturierung des  Felsens. Denn die im  Gestaltungsplan urspr\u00fcnglich vorgesehene  Renaturierung ist aufgrund der  hohen Felstemperaturen im Sommer nicht  realisierbar.<\/p>\n<p>Bisherige  Bepflanzungsversuche an der heissen Felswand  waren wenig  erfolgversprechend. Den gr\u00f6ssten Erfolg f\u00fcr die  Renaturierung erwartet  man durch die nat\u00fcrliche Besiedlung mit  Pionierpflanzen, die nach und  nach eine Humusschicht bilden. Dieser Vorgang wird aufgrund der  Beschattung durch die Solaranlage sogar beg\u00fcnstigt: Das Wasser  verdunstet weniger schnell und die Temperaturen sind viel niedriger.<\/p>\n<p>Quinten  verf\u00fcgt \u00fcber ein mediterranes Klima und verzeichnet eine  \u00fcberdurchschnittliche Sonneneinstrahlung.  Durch eine nahezu senkrechte  Befestigung der Panels erwarten die EKZ  besonders im Fr\u00fchjahr und Herbst  hohe Ertr\u00e4ge, zu Zeiten also, bei  denen andere Photovoltaik-Anlagen  wenig Strom produzieren. Gemeinsam  mit der Z\u00fcrcher Hochschule f\u00fcr  angewandte Wissenschaften (ZHAW) wollen  die EKZ mit einer kleinen  Testanlage untersuchen, wie sich die Wasserspiegelung auf die  Solarstromproduktion auswirkt.<\/p>\n<p>Eine weitere Untersuchung soll aufzeigen,  wie die Solarpanels auf der  andern Seeseite wahrgenommen werden.  Allerdings haben die EKZ aufgrund  der steilen Anordnung der Module keine  Bedenken, dass die Solarpanels  die Anwohner der andern Seeseite blenden  k\u00f6nnten. Der Lichtreflex tritt  praktisch immer auf den Walensee.<\/p>\n<p>Mit  der Befestigung von grossen Solaranlagen am Felsen betreten die EKZ  Neuland, da  sind Kreativit\u00e4t und Pioniergeist gefragt. Um eine technisch  gute und  finanzierbare L\u00f6sung zu finden, vergeben die EKZ mehrere   Studienauftr\u00e4ge. Interessenten, die im Rahmen dieses Studienauftrages   eine m\u00f6gliche Befestigungsl\u00f6sung erarbeiten m\u00f6chten, finden ab dem 2.   Dezember 2011 auf der Plattform SIMAP zus\u00e4tzliche Informationen zur   Bewerbung und Teilnahme. Nach der Vergabe der Studienauftr\u00e4ge erarbeiten   die ausgew\u00e4hlten Ingenieure m\u00f6gliche Befestigungsl\u00f6sungen, aus denen   die EKZ dann die erfolgversprechendste ausw\u00e4hlen wird.<\/p>\n<p>Das  Vorprojekt f\u00fcr den Bau dieser Photovoltaik-Anlage dauert etwa sechs bis  acht Monate. Nachdem  die technischen Details, die Anliegen der  Umweltverb\u00e4nde aber auch die  Ertragsaussichten der Anlage gekl\u00e4rt sind,  entscheiden die EKZ, ob sie  das Baubewilligungsgesuch bei der Gemeinde  Amden einreichen werden,  die f\u00fcr das Gebiet des Steinbruchs Schn\u00fcr  zust\u00e4ndig ist.<\/p>\n<h5 class=\"green\">Quelle<\/h5>\n<p>Elektrizit\u00e4tswerke des Kantons Z\u00fcrich\u00a0 2011<\/p>\n<div class=\"shariff shariff-align-flex-start shariff-widget-align-flex-start\"><div class=\"ShariffHeadline\">Diese Meldung teilen<\/div><ul class=\"shariff-buttons theme-round orientation-horizontal buttonsize-medium\"><li class=\"shariff-button facebook shariff-nocustomcolor\" style=\"background-color:#4273c8;border-radius:1%\"><a href=\"https:\/\/www.facebook.com\/sharer\/sharer.php?u=https%3A%2F%2Fwww.sonnenseite.com%2Fde%2Fpolitik%2Fim-steinbruch-soll-das-groesste-photovoltaik-kraftwerk-der-schweiz-entstehen%2F\" title=\"Bei Facebook teilen\" aria-label=\"Bei Facebook teilen\" role=\"button\" rel=\"nofollow\" class=\"shariff-link\" style=\";border-radius:1%; background-color:#3b5998; color:#fff\" target=\"_blank\"><span class=\"shariff-icon\" style=\"\"><svg width=\"32px\" height=\"20px\" xmlns=\"http:\/\/www.w3.org\/2000\/svg\" viewBox=\"0 0 18 32\"><path fill=\"#3b5998\" d=\"M17.1 0.2v4.7h-2.8q-1.5 0-2.1 0.6t-0.5 1.9v3.4h5.2l-0.7 5.3h-4.5v13.6h-5.5v-13.6h-4.5v-5.3h4.5v-3.9q0-3.3 1.9-5.2t5-1.8q2.6 0 4.1 0.2z\"\/><\/svg><\/span><\/a><\/li><li class=\"shariff-button twitter shariff-nocustomcolor\" style=\"background-color:#595959;border-radius:1%\"><a href=\"https:\/\/twitter.com\/share?url=https%3A%2F%2Fwww.sonnenseite.com%2Fde%2Fpolitik%2Fim-steinbruch-soll-das-groesste-photovoltaik-kraftwerk-der-schweiz-entstehen%2F&text=Im%20Steinbruch%20soll%20das%20gr%C3%B6sste%20Photovoltaik-Kraftwerk%20der%20Schweiz%20entstehen\" title=\"Bei X teilen\" aria-label=\"Bei X teilen\" role=\"button\" rel=\"noopener nofollow\" class=\"shariff-link\" style=\";border-radius:1%; background-color:#000; color:#fff\" target=\"_blank\"><span class=\"shariff-icon\" style=\"\"><svg width=\"32px\" height=\"20px\" xmlns=\"http:\/\/www.w3.org\/2000\/svg\" viewBox=\"0 0 24 24\"><path fill=\"#000\" d=\"M14.258 10.152L23.176 0h-2.113l-7.747 8.813L7.133 0H0l9.352 13.328L0 23.973h2.113l8.176-9.309 6.531 9.309h7.133zm-2.895 3.293l-.949-1.328L2.875 1.56h3.246l6.086 8.523.945 1.328 7.91 11.078h-3.246zm0 0\"\/><\/svg><\/span><\/a><\/li><li class=\"shariff-button xing shariff-nocustomcolor\" style=\"background-color:#29888a;border-radius:1%\"><a href=\"https:\/\/www.xing.com\/spi\/shares\/new?url=https%3A%2F%2Fwww.sonnenseite.com%2Fde%2Fpolitik%2Fim-steinbruch-soll-das-groesste-photovoltaik-kraftwerk-der-schweiz-entstehen%2F\" title=\"Bei XING teilen\" aria-label=\"Bei XING teilen\" role=\"button\" rel=\"noopener nofollow\" class=\"shariff-link\" style=\";border-radius:1%; background-color:#126567; color:#fff\" target=\"_blank\"><span class=\"shariff-icon\" style=\"\"><svg width=\"32px\" height=\"20px\" xmlns=\"http:\/\/www.w3.org\/2000\/svg\" viewBox=\"0 0 25 32\"><path fill=\"#126567\" d=\"M10.7 11.9q-0.2 0.3-4.6 8.2-0.5 0.8-1.2 0.8h-4.3q-0.4 0-0.5-0.3t0-0.6l4.5-8q0 0 0 0l-2.9-5q-0.2-0.4 0-0.7 0.2-0.3 0.5-0.3h4.3q0.7 0 1.2 0.8zM25.1 0.4q0.2 0.3 0 0.7l-9.4 16.7 6 11q0.2 0.4 0 0.6-0.2 0.3-0.6 0.3h-4.3q-0.7 0-1.2-0.8l-6-11.1q0.3-0.6 9.5-16.8 0.4-0.8 1.2-0.8h4.3q0.4 0 0.5 0.3z\"\/><\/svg><\/span><\/a><\/li><li class=\"shariff-button linkedin shariff-nocustomcolor\" style=\"background-color:#1488bf;border-radius:1%\"><a href=\"https:\/\/www.linkedin.com\/sharing\/share-offsite\/?url=https%3A%2F%2Fwww.sonnenseite.com%2Fde%2Fpolitik%2Fim-steinbruch-soll-das-groesste-photovoltaik-kraftwerk-der-schweiz-entstehen%2F\" title=\"Bei LinkedIn teilen\" aria-label=\"Bei LinkedIn teilen\" role=\"button\" rel=\"noopener nofollow\" class=\"shariff-link\" style=\";border-radius:1%; background-color:#0077b5; color:#fff\" target=\"_blank\"><span class=\"shariff-icon\" style=\"\"><svg width=\"32px\" height=\"20px\" xmlns=\"http:\/\/www.w3.org\/2000\/svg\" viewBox=\"0 0 27 32\"><path fill=\"#0077b5\" d=\"M6.2 11.2v17.7h-5.9v-17.7h5.9zM6.6 5.7q0 1.3-0.9 2.2t-2.4 0.9h0q-1.5 0-2.4-0.9t-0.9-2.2 0.9-2.2 2.4-0.9 2.4 0.9 0.9 2.2zM27.4 18.7v10.1h-5.9v-9.5q0-1.9-0.7-2.9t-2.3-1.1q-1.1 0-1.9 0.6t-1.2 1.5q-0.2 0.5-0.2 1.4v9.9h-5.9q0-7.1 0-11.6t0-5.3l0-0.9h5.9v2.6h0q0.4-0.6 0.7-1t1-0.9 1.6-0.8 2-0.3q3 0 4.9 2t1.9 6z\"\/><\/svg><\/span><\/a><\/li><li class=\"shariff-button printer shariff-nocustomcolor\" style=\"background-color:#a8a8a8;border-radius:1%\"><a href=\"javascript:window.print()\" title=\"drucken\" aria-label=\"drucken\" role=\"button\" rel=\"noopener nofollow\" class=\"shariff-link\" style=\";border-radius:1%; background-color:#999; color:#fff\"><span class=\"shariff-icon\" style=\"\"><svg width=\"32px\" height=\"20px\" xmlns=\"http:\/\/www.w3.org\/2000\/svg\" viewBox=\"0 0 30 32\"><path fill=\"#999\" d=\"M6.8 27.4h16v-4.6h-16v4.6zM6.8 16h16v-6.8h-2.8q-0.7 0-1.2-0.5t-0.5-1.2v-2.8h-11.4v11.4zM27.4 17.2q0-0.5-0.3-0.8t-0.8-0.4-0.8 0.4-0.3 0.8 0.3 0.8 0.8 0.3 0.8-0.3 0.3-0.8zM29.7 17.2v7.4q0 0.2-0.2 0.4t-0.4 0.2h-4v2.8q0 0.7-0.5 1.2t-1.2 0.5h-17.2q-0.7 0-1.2-0.5t-0.5-1.2v-2.8h-4q-0.2 0-0.4-0.2t-0.2-0.4v-7.4q0-1.4 1-2.4t2.4-1h1.2v-9.7q0-0.7 0.5-1.2t1.2-0.5h12q0.7 0 1.6 0.4t1.3 0.8l2.7 2.7q0.5 0.5 0.9 1.4t0.4 1.6v4.6h1.1q1.4 0 2.4 1t1 2.4z\"\/><\/svg><\/span><\/a><\/li><li class=\"shariff-button mailto shariff-nocustomcolor\" style=\"background-color:#a8a8a8;border-radius:1%\"><a href=\"mailto:?body=https%3A%2F%2Fwww.sonnenseite.com%2Fde%2Fpolitik%2Fim-steinbruch-soll-das-groesste-photovoltaik-kraftwerk-der-schweiz-entstehen%2F&subject=Im%20Steinbruch%20soll%20das%20gr%C3%B6sste%20Photovoltaik-Kraftwerk%20der%20Schweiz%20entstehen\" title=\"Per E-Mail versenden\" aria-label=\"Per E-Mail versenden\" role=\"button\" rel=\"noopener nofollow\" class=\"shariff-link\" style=\";border-radius:1%; background-color:#999; color:#fff\"><span class=\"shariff-icon\" style=\"\"><svg width=\"32px\" height=\"20px\" xmlns=\"http:\/\/www.w3.org\/2000\/svg\" viewBox=\"0 0 32 32\"><path fill=\"#999\" d=\"M32 12.7v14.2q0 1.2-0.8 2t-2 0.9h-26.3q-1.2 0-2-0.9t-0.8-2v-14.2q0.8 0.9 1.8 1.6 6.5 4.4 8.9 6.1 1 0.8 1.6 1.2t1.7 0.9 2 0.4h0.1q0.9 0 2-0.4t1.7-0.9 1.6-1.2q3-2.2 8.9-6.1 1-0.7 1.8-1.6zM32 7.4q0 1.4-0.9 2.7t-2.2 2.2q-6.7 4.7-8.4 5.8-0.2 0.1-0.7 0.5t-1 0.7-0.9 0.6-1.1 0.5-0.9 0.2h-0.1q-0.4 0-0.9-0.2t-1.1-0.5-0.9-0.6-1-0.7-0.7-0.5q-1.6-1.1-4.7-3.2t-3.6-2.6q-1.1-0.7-2.1-2t-1-2.5q0-1.4 0.7-2.3t2.1-0.9h26.3q1.2 0 2 0.8t0.9 2z\"\/><\/svg><\/span><\/a><\/li><\/ul><\/div>","protected":false},"excerpt":{"rendered":"<p>Die Elektrizit\u00e4tswerke des Kantons Z\u00fcrich (EKZ) pr\u00fcfen den Bau der gr\u00f6ssten Photovoltaik-Anlage der Schweiz.<\/p>\n","protected":false},"author":1,"featured_media":50987,"comment_status":"closed","ping_status":"closed","sticky":false,"template":"","format":"standard","meta":{"inline_featured_image":false,"footnotes":""},"categories":[21],"tags":[],"class_list":["post-57722","post","type-post","status-publish","format-standard","has-post-thumbnail","hentry","category-politik"],"yoast_head":"<!-- This site is optimized with the Yoast SEO plugin v26.5 - https:\/\/yoast.com\/wordpress\/plugins\/seo\/ -->\n<title>Im Steinbruch soll das gr\u00f6sste Photovoltaik-Kraftwerk der Schweiz entstehen - Sonnenseite - \u00d6kologische Kommunikation mit Franz Alt<\/title>\n<meta name=\"description\" content=\"Die Elektrizit\u00e4tswerke des Kantons Z\u00fcrich (EKZ) pr\u00fcfen den Bau der gr\u00f6ssten Photovoltaik-Anlage der Schweiz. In einem Vorprojekt wird abgekl\u00e4rt, ob im\" \/>\n<meta name=\"robots\" content=\"index, follow, max-snippet:-1, max-image-preview:large, max-video-preview:-1\" \/>\n<link rel=\"canonical\" href=\"https:\/\/www.sonnenseite.com\/de\/politik\/im-steinbruch-soll-das-groesste-photovoltaik-kraftwerk-der-schweiz-entstehen\/\" \/>\n<meta property=\"og:locale\" content=\"de_DE\" \/>\n<meta property=\"og:type\" content=\"article\" \/>\n<meta property=\"og:title\" content=\"Im Steinbruch soll das gr\u00f6sste Photovoltaik-Kraftwerk der Schweiz entstehen - Sonnenseite - \u00d6kologische Kommunikation mit Franz Alt\" \/>\n<meta property=\"og:description\" content=\"Die Elektrizit\u00e4tswerke des Kantons Z\u00fcrich (EKZ) pr\u00fcfen den Bau der gr\u00f6ssten Photovoltaik-Anlage der Schweiz. In einem Vorprojekt wird abgekl\u00e4rt, ob im\" \/>\n<meta property=\"og:url\" content=\"https:\/\/www.sonnenseite.com\/de\/politik\/im-steinbruch-soll-das-groesste-photovoltaik-kraftwerk-der-schweiz-entstehen\/\" \/>\n<meta property=\"og:site_name\" content=\"Sonnenseite\" \/>\n<meta property=\"article:publisher\" content=\"https:\/\/www.facebook.com\/pages\/Franz-Alt-SONNENSEITECOM\/221072987903953?fref=ts\" \/>\n<meta property=\"article:published_time\" content=\"2011-11-24T23:00:00+00:00\" \/>\n<meta property=\"og:image\" content=\"https:\/\/www.sonnenseite.com\/wp-content\/uploads\/2020\/06\/archiv_artikel.jpg\" \/>\n\t<meta property=\"og:image:width\" content=\"770\" \/>\n\t<meta property=\"og:image:height\" content=\"420\" \/>\n\t<meta property=\"og:image:type\" content=\"image\/jpeg\" \/>\n<meta name=\"author\" content=\"sbade\" \/>\n<meta name=\"twitter:card\" content=\"summary_large_image\" \/>\n<meta name=\"twitter:creator\" content=\"@franzalt\" \/>\n<meta name=\"twitter:site\" content=\"@franzalt\" \/>\n<meta name=\"twitter:label1\" content=\"Verfasst von\" \/>\n\t<meta name=\"twitter:data1\" content=\"sbade\" \/>\n\t<meta name=\"twitter:label2\" content=\"Gesch\u00e4tzte Lesezeit\" \/>\n\t<meta name=\"twitter:data2\" content=\"4\u00a0Minuten\" \/>\n<script type=\"application\/ld+json\" class=\"yoast-schema-graph\">{\"@context\":\"https:\/\/schema.org\",\"@graph\":[{\"@type\":\"Article\",\"@id\":\"https:\/\/www.sonnenseite.com\/de\/politik\/im-steinbruch-soll-das-groesste-photovoltaik-kraftwerk-der-schweiz-entstehen\/#article\",\"isPartOf\":{\"@id\":\"https:\/\/www.sonnenseite.com\/de\/politik\/im-steinbruch-soll-das-groesste-photovoltaik-kraftwerk-der-schweiz-entstehen\/\"},\"author\":{\"name\":\"sbade\",\"@id\":\"https:\/\/www.sonnenseite.com\/de\/#\/schema\/person\/6df44691cd9a70d99e140e1116ee8771\"},\"headline\":\"Im Steinbruch soll das gr\u00f6sste Photovoltaik-Kraftwerk der Schweiz entstehen\",\"datePublished\":\"2011-11-24T23:00:00+00:00\",\"mainEntityOfPage\":{\"@id\":\"https:\/\/www.sonnenseite.com\/de\/politik\/im-steinbruch-soll-das-groesste-photovoltaik-kraftwerk-der-schweiz-entstehen\/\"},\"wordCount\":727,\"publisher\":{\"@id\":\"https:\/\/www.sonnenseite.com\/de\/#organization\"},\"image\":{\"@id\":\"https:\/\/www.sonnenseite.com\/de\/politik\/im-steinbruch-soll-das-groesste-photovoltaik-kraftwerk-der-schweiz-entstehen\/#primaryimage\"},\"thumbnailUrl\":\"https:\/\/www.sonnenseite.com\/wp-content\/uploads\/2020\/06\/archiv_artikel.jpg\",\"articleSection\":[\"Politik\"],\"inLanguage\":\"de\"},{\"@type\":\"WebPage\",\"@id\":\"https:\/\/www.sonnenseite.com\/de\/politik\/im-steinbruch-soll-das-groesste-photovoltaik-kraftwerk-der-schweiz-entstehen\/\",\"url\":\"https:\/\/www.sonnenseite.com\/de\/politik\/im-steinbruch-soll-das-groesste-photovoltaik-kraftwerk-der-schweiz-entstehen\/\",\"name\":\"Im Steinbruch soll das gr\u00f6sste Photovoltaik-Kraftwerk der Schweiz entstehen - Sonnenseite - \u00d6kologische Kommunikation mit Franz Alt\",\"isPartOf\":{\"@id\":\"https:\/\/www.sonnenseite.com\/de\/#website\"},\"primaryImageOfPage\":{\"@id\":\"https:\/\/www.sonnenseite.com\/de\/politik\/im-steinbruch-soll-das-groesste-photovoltaik-kraftwerk-der-schweiz-entstehen\/#primaryimage\"},\"image\":{\"@id\":\"https:\/\/www.sonnenseite.com\/de\/politik\/im-steinbruch-soll-das-groesste-photovoltaik-kraftwerk-der-schweiz-entstehen\/#primaryimage\"},\"thumbnailUrl\":\"https:\/\/www.sonnenseite.com\/wp-content\/uploads\/2020\/06\/archiv_artikel.jpg\",\"datePublished\":\"2011-11-24T23:00:00+00:00\",\"description\":\"Die Elektrizit\u00e4tswerke des Kantons Z\u00fcrich (EKZ) pr\u00fcfen den Bau der gr\u00f6ssten Photovoltaik-Anlage der Schweiz. In einem Vorprojekt wird abgekl\u00e4rt, ob im\",\"breadcrumb\":{\"@id\":\"https:\/\/www.sonnenseite.com\/de\/politik\/im-steinbruch-soll-das-groesste-photovoltaik-kraftwerk-der-schweiz-entstehen\/#breadcrumb\"},\"inLanguage\":\"de\",\"potentialAction\":[{\"@type\":\"ReadAction\",\"target\":[\"https:\/\/www.sonnenseite.com\/de\/politik\/im-steinbruch-soll-das-groesste-photovoltaik-kraftwerk-der-schweiz-entstehen\/\"]}]},{\"@type\":\"ImageObject\",\"inLanguage\":\"de\",\"@id\":\"https:\/\/www.sonnenseite.com\/de\/politik\/im-steinbruch-soll-das-groesste-photovoltaik-kraftwerk-der-schweiz-entstehen\/#primaryimage\",\"url\":\"https:\/\/www.sonnenseite.com\/wp-content\/uploads\/2020\/06\/archiv_artikel.jpg\",\"contentUrl\":\"https:\/\/www.sonnenseite.com\/wp-content\/uploads\/2020\/06\/archiv_artikel.jpg\",\"width\":770,\"height\":420,\"caption\":\"Sonnenseite\"},{\"@type\":\"BreadcrumbList\",\"@id\":\"https:\/\/www.sonnenseite.com\/de\/politik\/im-steinbruch-soll-das-groesste-photovoltaik-kraftwerk-der-schweiz-entstehen\/#breadcrumb\",\"itemListElement\":[{\"@type\":\"ListItem\",\"position\":1,\"name\":\"Startseite\",\"item\":\"https:\/\/www.sonnenseite.com\/de\/\"},{\"@type\":\"ListItem\",\"position\":2,\"name\":\"Im Steinbruch soll das gr\u00f6sste Photovoltaik-Kraftwerk der Schweiz entstehen\"}]},{\"@type\":\"WebSite\",\"@id\":\"https:\/\/www.sonnenseite.com\/de\/#website\",\"url\":\"https:\/\/www.sonnenseite.com\/de\/\",\"name\":\"Sonnenseite\",\"description\":\"\u00d6kologische Kommunikation mit Franz Alt\",\"publisher\":{\"@id\":\"https:\/\/www.sonnenseite.com\/de\/#organization\"},\"potentialAction\":[{\"@type\":\"SearchAction\",\"target\":{\"@type\":\"EntryPoint\",\"urlTemplate\":\"https:\/\/www.sonnenseite.com\/de\/?s={search_term_string}\"},\"query-input\":{\"@type\":\"PropertyValueSpecification\",\"valueRequired\":true,\"valueName\":\"search_term_string\"}}],\"inLanguage\":\"de\"},{\"@type\":\"Organization\",\"@id\":\"https:\/\/www.sonnenseite.com\/de\/#organization\",\"name\":\"Sonnenseite\",\"url\":\"https:\/\/www.sonnenseite.com\/de\/\",\"logo\":{\"@type\":\"ImageObject\",\"inLanguage\":\"de\",\"@id\":\"https:\/\/www.sonnenseite.com\/de\/#\/schema\/logo\/image\/\",\"url\":\"https:\/\/www.sonnenseite.com\/wp-content\/uploads\/2020\/05\/Sonnenseite_Logo.png\",\"contentUrl\":\"https:\/\/www.sonnenseite.com\/wp-content\/uploads\/2020\/05\/Sonnenseite_Logo.png\",\"width\":377,\"height\":90,\"caption\":\"Sonnenseite\"},\"image\":{\"@id\":\"https:\/\/www.sonnenseite.com\/de\/#\/schema\/logo\/image\/\"},\"sameAs\":[\"https:\/\/www.facebook.com\/pages\/Franz-Alt-SONNENSEITECOM\/221072987903953?fref=ts\",\"https:\/\/x.com\/franzalt\",\"http:\/\/www.youtube.com\/results?search_query&amp;amp;quot;franz_alt&amp;amp;quot;&amp;amp;amp;amp;search_type&amp;amp;amp;amp;aq=f\"]},{\"@type\":\"Person\",\"@id\":\"https:\/\/www.sonnenseite.com\/de\/#\/schema\/person\/6df44691cd9a70d99e140e1116ee8771\",\"name\":\"sbade\",\"sameAs\":[\"https:\/\/www.sonnenseite.com\"]}]}<\/script>\n<!-- \/ Yoast SEO plugin. -->","yoast_head_json":{"title":"Im Steinbruch soll das gr\u00f6sste Photovoltaik-Kraftwerk der Schweiz entstehen - Sonnenseite - \u00d6kologische Kommunikation mit Franz Alt","description":"Die Elektrizit\u00e4tswerke des Kantons Z\u00fcrich (EKZ) pr\u00fcfen den Bau der gr\u00f6ssten Photovoltaik-Anlage der Schweiz. In einem Vorprojekt wird abgekl\u00e4rt, ob im","robots":{"index":"index","follow":"follow","max-snippet":"max-snippet:-1","max-image-preview":"max-image-preview:large","max-video-preview":"max-video-preview:-1"},"canonical":"https:\/\/www.sonnenseite.com\/de\/politik\/im-steinbruch-soll-das-groesste-photovoltaik-kraftwerk-der-schweiz-entstehen\/","og_locale":"de_DE","og_type":"article","og_title":"Im Steinbruch soll das gr\u00f6sste Photovoltaik-Kraftwerk der Schweiz entstehen - Sonnenseite - \u00d6kologische Kommunikation mit Franz Alt","og_description":"Die Elektrizit\u00e4tswerke des Kantons Z\u00fcrich (EKZ) pr\u00fcfen den Bau der gr\u00f6ssten Photovoltaik-Anlage der Schweiz. In einem Vorprojekt wird abgekl\u00e4rt, ob im","og_url":"https:\/\/www.sonnenseite.com\/de\/politik\/im-steinbruch-soll-das-groesste-photovoltaik-kraftwerk-der-schweiz-entstehen\/","og_site_name":"Sonnenseite","article_publisher":"https:\/\/www.facebook.com\/pages\/Franz-Alt-SONNENSEITECOM\/221072987903953?fref=ts","article_published_time":"2011-11-24T23:00:00+00:00","og_image":[{"width":770,"height":420,"url":"https:\/\/www.sonnenseite.com\/wp-content\/uploads\/2020\/06\/archiv_artikel.jpg","type":"image\/jpeg"}],"author":"sbade","twitter_card":"summary_large_image","twitter_creator":"@franzalt","twitter_site":"@franzalt","twitter_misc":{"Verfasst von":"sbade","Gesch\u00e4tzte Lesezeit":"4\u00a0Minuten"},"schema":{"@context":"https:\/\/schema.org","@graph":[{"@type":"Article","@id":"https:\/\/www.sonnenseite.com\/de\/politik\/im-steinbruch-soll-das-groesste-photovoltaik-kraftwerk-der-schweiz-entstehen\/#article","isPartOf":{"@id":"https:\/\/www.sonnenseite.com\/de\/politik\/im-steinbruch-soll-das-groesste-photovoltaik-kraftwerk-der-schweiz-entstehen\/"},"author":{"name":"sbade","@id":"https:\/\/www.sonnenseite.com\/de\/#\/schema\/person\/6df44691cd9a70d99e140e1116ee8771"},"headline":"Im Steinbruch soll das gr\u00f6sste Photovoltaik-Kraftwerk der Schweiz entstehen","datePublished":"2011-11-24T23:00:00+00:00","mainEntityOfPage":{"@id":"https:\/\/www.sonnenseite.com\/de\/politik\/im-steinbruch-soll-das-groesste-photovoltaik-kraftwerk-der-schweiz-entstehen\/"},"wordCount":727,"publisher":{"@id":"https:\/\/www.sonnenseite.com\/de\/#organization"},"image":{"@id":"https:\/\/www.sonnenseite.com\/de\/politik\/im-steinbruch-soll-das-groesste-photovoltaik-kraftwerk-der-schweiz-entstehen\/#primaryimage"},"thumbnailUrl":"https:\/\/www.sonnenseite.com\/wp-content\/uploads\/2020\/06\/archiv_artikel.jpg","articleSection":["Politik"],"inLanguage":"de"},{"@type":"WebPage","@id":"https:\/\/www.sonnenseite.com\/de\/politik\/im-steinbruch-soll-das-groesste-photovoltaik-kraftwerk-der-schweiz-entstehen\/","url":"https:\/\/www.sonnenseite.com\/de\/politik\/im-steinbruch-soll-das-groesste-photovoltaik-kraftwerk-der-schweiz-entstehen\/","name":"Im Steinbruch soll das gr\u00f6sste Photovoltaik-Kraftwerk der Schweiz entstehen - Sonnenseite - \u00d6kologische Kommunikation mit Franz Alt","isPartOf":{"@id":"https:\/\/www.sonnenseite.com\/de\/#website"},"primaryImageOfPage":{"@id":"https:\/\/www.sonnenseite.com\/de\/politik\/im-steinbruch-soll-das-groesste-photovoltaik-kraftwerk-der-schweiz-entstehen\/#primaryimage"},"image":{"@id":"https:\/\/www.sonnenseite.com\/de\/politik\/im-steinbruch-soll-das-groesste-photovoltaik-kraftwerk-der-schweiz-entstehen\/#primaryimage"},"thumbnailUrl":"https:\/\/www.sonnenseite.com\/wp-content\/uploads\/2020\/06\/archiv_artikel.jpg","datePublished":"2011-11-24T23:00:00+00:00","description":"Die Elektrizit\u00e4tswerke des Kantons Z\u00fcrich (EKZ) pr\u00fcfen den Bau der gr\u00f6ssten Photovoltaik-Anlage der Schweiz. In einem Vorprojekt wird abgekl\u00e4rt, ob im","breadcrumb":{"@id":"https:\/\/www.sonnenseite.com\/de\/politik\/im-steinbruch-soll-das-groesste-photovoltaik-kraftwerk-der-schweiz-entstehen\/#breadcrumb"},"inLanguage":"de","potentialAction":[{"@type":"ReadAction","target":["https:\/\/www.sonnenseite.com\/de\/politik\/im-steinbruch-soll-das-groesste-photovoltaik-kraftwerk-der-schweiz-entstehen\/"]}]},{"@type":"ImageObject","inLanguage":"de","@id":"https:\/\/www.sonnenseite.com\/de\/politik\/im-steinbruch-soll-das-groesste-photovoltaik-kraftwerk-der-schweiz-entstehen\/#primaryimage","url":"https:\/\/www.sonnenseite.com\/wp-content\/uploads\/2020\/06\/archiv_artikel.jpg","contentUrl":"https:\/\/www.sonnenseite.com\/wp-content\/uploads\/2020\/06\/archiv_artikel.jpg","width":770,"height":420,"caption":"Sonnenseite"},{"@type":"BreadcrumbList","@id":"https:\/\/www.sonnenseite.com\/de\/politik\/im-steinbruch-soll-das-groesste-photovoltaik-kraftwerk-der-schweiz-entstehen\/#breadcrumb","itemListElement":[{"@type":"ListItem","position":1,"name":"Startseite","item":"https:\/\/www.sonnenseite.com\/de\/"},{"@type":"ListItem","position":2,"name":"Im Steinbruch soll das gr\u00f6sste Photovoltaik-Kraftwerk der Schweiz entstehen"}]},{"@type":"WebSite","@id":"https:\/\/www.sonnenseite.com\/de\/#website","url":"https:\/\/www.sonnenseite.com\/de\/","name":"Sonnenseite","description":"\u00d6kologische Kommunikation mit Franz Alt","publisher":{"@id":"https:\/\/www.sonnenseite.com\/de\/#organization"},"potentialAction":[{"@type":"SearchAction","target":{"@type":"EntryPoint","urlTemplate":"https:\/\/www.sonnenseite.com\/de\/?s={search_term_string}"},"query-input":{"@type":"PropertyValueSpecification","valueRequired":true,"valueName":"search_term_string"}}],"inLanguage":"de"},{"@type":"Organization","@id":"https:\/\/www.sonnenseite.com\/de\/#organization","name":"Sonnenseite","url":"https:\/\/www.sonnenseite.com\/de\/","logo":{"@type":"ImageObject","inLanguage":"de","@id":"https:\/\/www.sonnenseite.com\/de\/#\/schema\/logo\/image\/","url":"https:\/\/www.sonnenseite.com\/wp-content\/uploads\/2020\/05\/Sonnenseite_Logo.png","contentUrl":"https:\/\/www.sonnenseite.com\/wp-content\/uploads\/2020\/05\/Sonnenseite_Logo.png","width":377,"height":90,"caption":"Sonnenseite"},"image":{"@id":"https:\/\/www.sonnenseite.com\/de\/#\/schema\/logo\/image\/"},"sameAs":["https:\/\/www.facebook.com\/pages\/Franz-Alt-SONNENSEITECOM\/221072987903953?fref=ts","https:\/\/x.com\/franzalt","http:\/\/www.youtube.com\/results?search_query&amp;amp;quot;franz_alt&amp;amp;quot;&amp;amp;amp;amp;search_type&amp;amp;amp;amp;aq=f"]},{"@type":"Person","@id":"https:\/\/www.sonnenseite.com\/de\/#\/schema\/person\/6df44691cd9a70d99e140e1116ee8771","name":"sbade","sameAs":["https:\/\/www.sonnenseite.com"]}]}},"_links":{"self":[{"href":"https:\/\/www.sonnenseite.com\/de\/wp-json\/wp\/v2\/posts\/57722","targetHints":{"allow":["GET"]}}],"collection":[{"href":"https:\/\/www.sonnenseite.com\/de\/wp-json\/wp\/v2\/posts"}],"about":[{"href":"https:\/\/www.sonnenseite.com\/de\/wp-json\/wp\/v2\/types\/post"}],"author":[{"embeddable":true,"href":"https:\/\/www.sonnenseite.com\/de\/wp-json\/wp\/v2\/users\/1"}],"replies":[{"embeddable":true,"href":"https:\/\/www.sonnenseite.com\/de\/wp-json\/wp\/v2\/comments?post=57722"}],"version-history":[{"count":0,"href":"https:\/\/www.sonnenseite.com\/de\/wp-json\/wp\/v2\/posts\/57722\/revisions"}],"wp:featuredmedia":[{"embeddable":true,"href":"https:\/\/www.sonnenseite.com\/de\/wp-json\/wp\/v2\/media\/50987"}],"wp:attachment":[{"href":"https:\/\/www.sonnenseite.com\/de\/wp-json\/wp\/v2\/media?parent=57722"}],"wp:term":[{"taxonomy":"category","embeddable":true,"href":"https:\/\/www.sonnenseite.com\/de\/wp-json\/wp\/v2\/categories?post=57722"},{"taxonomy":"post_tag","embeddable":true,"href":"https:\/\/www.sonnenseite.com\/de\/wp-json\/wp\/v2\/tags?post=57722"}],"curies":[{"name":"wp","href":"https:\/\/api.w.org\/{rel}","templated":true}]}}