{"id":57727,"date":"2011-11-24T00:00:00","date_gmt":"2011-11-23T23:00:00","guid":{"rendered":"https:\/\/www.sonnenseite.com\/tipps\/kein-schoenes-land-in-dieser-zeit.html"},"modified":"2011-11-24T00:00:00","modified_gmt":"2011-11-23T23:00:00","slug":"kein-schoenes-land-in-dieser-zeit","status":"publish","type":"post","link":"https:\/\/www.sonnenseite.com\/de\/tipps\/kein-schoenes-land-in-dieser-zeit\/","title":{"rendered":"Kein sch\u00f6nes Land in dieser Zeit"},"content":{"rendered":"<p>Das M\u00e4rchen von der gescheiterten Integration. Gerne in Deutschland leben und als Deutscher. Zu dem Anti-Sarrazin Buch des Mehmet G\u00fcrcan Daimag\u00fcler. Von Rupert Neudeck <!--more--> <\/p>\n<p\/>\n<p>Ja, haben Sie das schon erlebt, einen Deutschen mit urt\u00fcrkischem Namen, der alles erlebt hat, was einen Menschen zeit seines Lebens traumatisiert sein l\u00e4sst? Und der aber gar nicht daran denkt, sondern einfach jemand ist, mit dem man gern mal zusammen sein m\u00f6chte? Den T\u00fcrken w\u00fcrde er nicht mal verbergen k\u00f6nnen, wenn er es wollte: Denn sein Name ist in seinen drei Bestandteilen so t\u00fcrkisch, wie Sabine Leutheusser-usw. deutsch ist:<\/p>\n<p>Mehmet G\u00fcrcan Daimag\u00fcler.<\/p>\n<p>Mitten im Buch, auf dem H\u00f6hepunkt seines eigenen Lebenslaufes enth\u00fcllt er, was sein Nachname heisst: \u201eDer immer L\u00e4chelnde\u201c. Darauf der Autor: \u201eWas soll ich sagen? Nomen ist nicht immer omen\u201c. Denn er er\u00f6ffnet diese Bedeutung auf dem H\u00f6hepunkt der Depression.<\/p>\n<p>Vor f\u00fcnfzig Jahren kamen seine Eltern nach Deutschland, ins Siegener Land und dann noch in ein kleines Dorf, nach Niederschelden. Das Buch w\u00e4re ja nicht so aufreizend und bewegend, wenn in der Familie und bei ihm selbst alles bilderbuchm\u00e4\u00dfig abgelaufen w\u00e4re. Es ging aber bei dem Autor in dessen Kindheit nichts nach dem Bilderbuch. Das Leben unter deutschen Klassenkameraden war in der Grundschule und der Aufbaurealschule manchmal die H\u00f6lle.<\/p>\n<p>\u201eBoah, der stinkt\u201c, sagte der Klassenkamerad zu ihm, der neben ihm sitzen sollte.<\/p>\n<p>Der Autor sagt fast hilflos: Er wusste nicht, ob er wirklich stank. Aber es habe sich eine seltsame Klassendynamik entwickelt. Er wurde von allen nur \u201eStinker\u201c gerufen. Keiner der Mitsch\u00fcler hatte damals das Wort \u201eMobbing\u201c geh\u00f6rt, \u201eaber sie waren Naturtalente darin\u201c. Das war auf der Aufbaurealschule auf dem Giersberg in Siegen, wohin der kleine Mehmed mit dem Bus jeden Morgen 60 Minuten von Niederschelden fahren musste. Die Lehrer waren auch nicht besser.<\/p>\n<p>Aber er beschreibt auch, dass die Lebenssituation f\u00fcr ihn nie ganz grau in grau war. Die Eltern hatten\u00a0 vor, 1984\/85 in die T\u00fcrkei zur\u00fcckzugehen, wollten aber den Kindern eine gute Schulausbildung mitgeben. Der \u00e4lteste Sohn Murat machte eine kriminelle Karriere durch, unter der die Familie sehr leiden musste.<\/p>\n<p>Im Alter von 14 \/15 Jahren wurde Mehmet hochgradig depressiv. Er konnte sich niemandem anvertrauen. Er kam morgens aus dem Bett und fragte sich, \u201eob er aufstehen oder lieber in den Wald gehen sollte, um sich aufzuh\u00e4ngen?\u201c<\/p>\n<p>Das ganz Tolle an dem Buch: Es ist an keiner Stelle wehleidig und in allen Kapiteln k\u00e4mpferisch ehrlich. Zwischendurch bricht es aus ihm aus, der ja dann wirklich Karriere macht, bis hin zur Assistenz bei Gerhart Rudolf Baum und Burkhard Hirsch im Bundestag, der gebildet ist, der Jura studiert, weil Medizin f\u00fcr ihn zu schwer ist,\u00a0 weil er nicht zu den Naturwissenschaften neigt. Die Realit\u00e4t sei besser als die Stimmung.<\/p>\n<p>\u201eWeil wir den ganzen Tag \u00fcber die Probleme der Einwanderung sprechen, \u00fcbersehen wir die vielen Erfolge im Alltag\u201c. Nicht nur sind der ehemalige Dortmunder Nuri Sahin\u00a0 und der ehemalige Bremer Fu\u00dfballspieler Mesut \u00d6zil jetzt beim besten Verein Europas unter Vertrag: Real Madrid. Die Quote derjenigen, die den Sprung in die Selbst\u00e4ndigkeit wagen, sei unter den Deutsch-T\u00fcrken gr\u00f6\u00dfer als unter den Deutsch-Deutschen. Es g\u00e4be 80.000 t\u00fcrkischst\u00e4mmige Unternehmerinnen und Unternehmer hier und bis 2015 werden es 120.000 sein. Er singt das Lied auch der kleinen Ladenbesitzer, die morgens um 3 Uhr zum Gro\u00dfmarkt fahren und bis abends im Gesch\u00e4ft stehen. \u201eWenn jemand wie Sarrazin sich \u00fcber diese Menschen despektierlich \u00e4u\u00dfert, hat das etwas Tragisch-Komisches\u201c. Es sei Sarrazin, der ein Leben lang als Beamter am warmen Herd der \u00f6ffentlichen Hand gesessen habe und der weder beruflich etwas riskiert noch einen Job geschaffen habe.<\/p>\n<p>Es gef\u00e4llt mir der selbstbewusste Ton, die Art, wie dieser Daimag\u00fcler dem PM der T\u00fcrkei entgegentritt, z.B. 2007 auf dem Weltwirtschaftsforum in Istanbul. Er sollte nach dem Wunsch des Pr\u00e4sidenten des Forums, Klaus Schwab, etwas zu den 600 G\u00e4sten zu der Entwicklung in der T\u00fcrkei sagen aus deutsch-t\u00fcrkischer Sicht. Vor ihm sprach Tayyip Erdogan auf t\u00fcrkisch. \u201eWeil mein T\u00fcrkisch erb\u00e4rmlich ist und die meisten G\u00e4ste kein Deutsch verstanden\u201c, sprach Daimag\u00fcler englisch. Danach kam Erdogan auf ihn zu und sie sprachen \u2013 t\u00fcrkisch. Dem PM entging nicht die holprige t\u00fcrkische Aussprache und er sagte: \u201eMehmet, dein Englisch mag super sein, aber an deinem T\u00fcrkisch musst du noch arbeiten\u201c.<\/p>\n<p>Nach einer Schrecksekunde dann Daimag\u00fcler: \u201eHerr Ministerpr\u00e4sident, ich finde, f\u00fcr einen Deutschen ist mein T\u00fcrkisch ganz gut.\u201c Daraufhin musste der Premier laut lachen.<\/p>\n<p>Damirg\u00fcler meint, Erdogan k\u00f6nne noch mehr steigen in der Weltachtung. \u201eSollte er es wirklich schaffen, die T\u00fcrkei zu reformieren und auch den kurdischen und christlichen B\u00fcrgern des Landes jene demokratischen Rechte zu geben, die ihnen zustehen, dann wird er in die Geschichte eingehen!\u201c<\/p>\n<p>Das Buch erfrischt, weil dieser 1968 in Siegen geborene Deutsche einen guten Schu\u00df an Freimut und Chuzpe hat. Weder \u00fcber seine Loyalit\u00e4t zu Deutschland braucht sich jemand Sorgen zu machen wie zu der Loyalit\u00e4t der \u00fcberwiegenden Mehrheit aller t\u00fcrkischst\u00e4mmigen Deutschen. Wenn man aber unbedingt jemandem Illoyalit\u00e4t vorwerfen will, dann k\u00f6nnte man eine andere Gruppe meinen. Es g\u00e4be viele reiche Leute, die alle Vorteile des deutschen Rechts- und Sozialstaates ausnutzen, und trotzdem ihr Geld auf irgendwelchen Schwarzkonten im Ausland bunkern. \u201eSolche Illoyalit\u00e4t ist real und sie existiert in jeder Stadt und sie schadet uns allen\u201c.<\/p>\n<p>Der Sozialkundelehrer \u00fcberreicht ihm in Siegen beim Abschluss der Leistungskurse ein Soziologiebuch mit einer Widmung. Das ist auch erstaunlich, wie stark dieser Autor in unserer Welt lebt, ohne viel Aufhebens zu machen. In dem Buch stehen Worte aus dem traurig-sch\u00f6nsten Buch der Welt, aus dem \u201eKleinen Prinzen\u201c von Antoine de Saint Exupery: Es ist die Szene, in der der Fuchs Abschied nimmt von dem Kleinen Prinzen. \u201eAdieu\u201c, sagte der Fuchs. \u201eHier ist mein Geheimnis. Es ist ganz einfach. Man sieht nur mit dem Herzen gut. Das Wesentliche ist f\u00fcr die Augen unsichtbar\u201c.<\/p>\n<p>Der Autor teilt aus nach beiden Seiten. Wie es geschehen k\u00f6nne, dass seine von Herkunft her n\u00e4heren Mitb\u00fcrger mit t\u00fcrkischer Herkunft noch nicht einmal den K\u00f6lner Dom besucht haben? Und wie es sein k\u00f6nne, dass so viele Deutsche zwar ganz viele Vorurteile \u00fcber Moscheen gesammelt h\u00e4tten, aber noch in keiner gewesen sind?<\/p>\n<p>Das Buch ist eine einzige Ermutigung, in unserem Europa im 21. Jahrhundert zufrieden und dankbar zu sein, dass uns das Elend des Krieges erspart geblieben sei. Er berichtet von einer Klassenfahrt nach Verdun. 170.000 franz\u00f6sische und 150.000 deutsche Soldaten seien dort damals in zehn Monaten gefallen. Die Soldaten, die er da im \u201eBeinhaus\u201c sah, waren kaum \u00e4lter als er jetzt. Als 17j\u00e4hriger Schuler wurde ihm bewusst, was f\u00fcr eine Gnade das ist, vom Elend des Krieges verschont geblieben zu sein. \u201eAllen, die in Europa nur B\u00fcrokratie und Subvention sehen, empfehle ich einen Besuch der Soldatengr\u00e4ber in Verdun.\u201c<\/p>\n<h5 class=\"green\">Quelle<\/h5>\n<p>Rupert Neudeck 2011Gr\u00fcnhelme 2011<\/p>\n<div class=\"shariff shariff-align-flex-start shariff-widget-align-flex-start\"><div class=\"ShariffHeadline\">Diese Meldung teilen<\/div><ul class=\"shariff-buttons theme-round orientation-horizontal buttonsize-medium\"><li class=\"shariff-button facebook shariff-nocustomcolor\" style=\"background-color:#4273c8;border-radius:1%\"><a href=\"https:\/\/www.facebook.com\/sharer\/sharer.php?u=https%3A%2F%2Fwww.sonnenseite.com%2Fde%2Ftipps%2Fkein-schoenes-land-in-dieser-zeit%2F\" title=\"Bei Facebook teilen\" aria-label=\"Bei Facebook teilen\" role=\"button\" rel=\"nofollow\" class=\"shariff-link\" style=\";border-radius:1%; background-color:#3b5998; color:#fff\" target=\"_blank\"><span class=\"shariff-icon\" style=\"\"><svg width=\"32px\" height=\"20px\" xmlns=\"http:\/\/www.w3.org\/2000\/svg\" viewBox=\"0 0 18 32\"><path fill=\"#3b5998\" d=\"M17.1 0.2v4.7h-2.8q-1.5 0-2.1 0.6t-0.5 1.9v3.4h5.2l-0.7 5.3h-4.5v13.6h-5.5v-13.6h-4.5v-5.3h4.5v-3.9q0-3.3 1.9-5.2t5-1.8q2.6 0 4.1 0.2z\"\/><\/svg><\/span><\/a><\/li><li class=\"shariff-button twitter shariff-nocustomcolor\" style=\"background-color:#595959;border-radius:1%\"><a href=\"https:\/\/twitter.com\/share?url=https%3A%2F%2Fwww.sonnenseite.com%2Fde%2Ftipps%2Fkein-schoenes-land-in-dieser-zeit%2F&text=Kein%20sch%C3%B6nes%20Land%20in%20dieser%20Zeit\" title=\"Bei X teilen\" aria-label=\"Bei X teilen\" role=\"button\" rel=\"noopener nofollow\" class=\"shariff-link\" style=\";border-radius:1%; background-color:#000; color:#fff\" target=\"_blank\"><span class=\"shariff-icon\" style=\"\"><svg width=\"32px\" height=\"20px\" xmlns=\"http:\/\/www.w3.org\/2000\/svg\" viewBox=\"0 0 24 24\"><path fill=\"#000\" d=\"M14.258 10.152L23.176 0h-2.113l-7.747 8.813L7.133 0H0l9.352 13.328L0 23.973h2.113l8.176-9.309 6.531 9.309h7.133zm-2.895 3.293l-.949-1.328L2.875 1.56h3.246l6.086 8.523.945 1.328 7.91 11.078h-3.246zm0 0\"\/><\/svg><\/span><\/a><\/li><li class=\"shariff-button xing shariff-nocustomcolor\" style=\"background-color:#29888a;border-radius:1%\"><a href=\"https:\/\/www.xing.com\/spi\/shares\/new?url=https%3A%2F%2Fwww.sonnenseite.com%2Fde%2Ftipps%2Fkein-schoenes-land-in-dieser-zeit%2F\" title=\"Bei XING teilen\" aria-label=\"Bei XING teilen\" role=\"button\" rel=\"noopener nofollow\" class=\"shariff-link\" style=\";border-radius:1%; background-color:#126567; color:#fff\" target=\"_blank\"><span class=\"shariff-icon\" style=\"\"><svg width=\"32px\" height=\"20px\" xmlns=\"http:\/\/www.w3.org\/2000\/svg\" viewBox=\"0 0 25 32\"><path fill=\"#126567\" d=\"M10.7 11.9q-0.2 0.3-4.6 8.2-0.5 0.8-1.2 0.8h-4.3q-0.4 0-0.5-0.3t0-0.6l4.5-8q0 0 0 0l-2.9-5q-0.2-0.4 0-0.7 0.2-0.3 0.5-0.3h4.3q0.7 0 1.2 0.8zM25.1 0.4q0.2 0.3 0 0.7l-9.4 16.7 6 11q0.2 0.4 0 0.6-0.2 0.3-0.6 0.3h-4.3q-0.7 0-1.2-0.8l-6-11.1q0.3-0.6 9.5-16.8 0.4-0.8 1.2-0.8h4.3q0.4 0 0.5 0.3z\"\/><\/svg><\/span><\/a><\/li><li class=\"shariff-button linkedin shariff-nocustomcolor\" style=\"background-color:#1488bf;border-radius:1%\"><a href=\"https:\/\/www.linkedin.com\/sharing\/share-offsite\/?url=https%3A%2F%2Fwww.sonnenseite.com%2Fde%2Ftipps%2Fkein-schoenes-land-in-dieser-zeit%2F\" title=\"Bei LinkedIn teilen\" aria-label=\"Bei LinkedIn teilen\" role=\"button\" rel=\"noopener nofollow\" class=\"shariff-link\" style=\";border-radius:1%; background-color:#0077b5; color:#fff\" target=\"_blank\"><span class=\"shariff-icon\" style=\"\"><svg width=\"32px\" height=\"20px\" xmlns=\"http:\/\/www.w3.org\/2000\/svg\" viewBox=\"0 0 27 32\"><path fill=\"#0077b5\" d=\"M6.2 11.2v17.7h-5.9v-17.7h5.9zM6.6 5.7q0 1.3-0.9 2.2t-2.4 0.9h0q-1.5 0-2.4-0.9t-0.9-2.2 0.9-2.2 2.4-0.9 2.4 0.9 0.9 2.2zM27.4 18.7v10.1h-5.9v-9.5q0-1.9-0.7-2.9t-2.3-1.1q-1.1 0-1.9 0.6t-1.2 1.5q-0.2 0.5-0.2 1.4v9.9h-5.9q0-7.1 0-11.6t0-5.3l0-0.9h5.9v2.6h0q0.4-0.6 0.7-1t1-0.9 1.6-0.8 2-0.3q3 0 4.9 2t1.9 6z\"\/><\/svg><\/span><\/a><\/li><li class=\"shariff-button printer shariff-nocustomcolor\" style=\"background-color:#a8a8a8;border-radius:1%\"><a href=\"javascript:window.print()\" title=\"drucken\" aria-label=\"drucken\" role=\"button\" rel=\"noopener nofollow\" class=\"shariff-link\" style=\";border-radius:1%; background-color:#999; color:#fff\"><span class=\"shariff-icon\" style=\"\"><svg width=\"32px\" height=\"20px\" xmlns=\"http:\/\/www.w3.org\/2000\/svg\" viewBox=\"0 0 30 32\"><path fill=\"#999\" d=\"M6.8 27.4h16v-4.6h-16v4.6zM6.8 16h16v-6.8h-2.8q-0.7 0-1.2-0.5t-0.5-1.2v-2.8h-11.4v11.4zM27.4 17.2q0-0.5-0.3-0.8t-0.8-0.4-0.8 0.4-0.3 0.8 0.3 0.8 0.8 0.3 0.8-0.3 0.3-0.8zM29.7 17.2v7.4q0 0.2-0.2 0.4t-0.4 0.2h-4v2.8q0 0.7-0.5 1.2t-1.2 0.5h-17.2q-0.7 0-1.2-0.5t-0.5-1.2v-2.8h-4q-0.2 0-0.4-0.2t-0.2-0.4v-7.4q0-1.4 1-2.4t2.4-1h1.2v-9.7q0-0.7 0.5-1.2t1.2-0.5h12q0.7 0 1.6 0.4t1.3 0.8l2.7 2.7q0.5 0.5 0.9 1.4t0.4 1.6v4.6h1.1q1.4 0 2.4 1t1 2.4z\"\/><\/svg><\/span><\/a><\/li><li class=\"shariff-button mailto shariff-nocustomcolor\" style=\"background-color:#a8a8a8;border-radius:1%\"><a href=\"mailto:?body=https%3A%2F%2Fwww.sonnenseite.com%2Fde%2Ftipps%2Fkein-schoenes-land-in-dieser-zeit%2F&subject=Kein%20sch%C3%B6nes%20Land%20in%20dieser%20Zeit\" title=\"Per E-Mail versenden\" aria-label=\"Per E-Mail versenden\" role=\"button\" rel=\"noopener nofollow\" class=\"shariff-link\" style=\";border-radius:1%; background-color:#999; color:#fff\"><span class=\"shariff-icon\" style=\"\"><svg width=\"32px\" height=\"20px\" xmlns=\"http:\/\/www.w3.org\/2000\/svg\" viewBox=\"0 0 32 32\"><path fill=\"#999\" d=\"M32 12.7v14.2q0 1.2-0.8 2t-2 0.9h-26.3q-1.2 0-2-0.9t-0.8-2v-14.2q0.8 0.9 1.8 1.6 6.5 4.4 8.9 6.1 1 0.8 1.6 1.2t1.7 0.9 2 0.4h0.1q0.9 0 2-0.4t1.7-0.9 1.6-1.2q3-2.2 8.9-6.1 1-0.7 1.8-1.6zM32 7.4q0 1.4-0.9 2.7t-2.2 2.2q-6.7 4.7-8.4 5.8-0.2 0.1-0.7 0.5t-1 0.7-0.9 0.6-1.1 0.5-0.9 0.2h-0.1q-0.4 0-0.9-0.2t-1.1-0.5-0.9-0.6-1-0.7-0.7-0.5q-1.6-1.1-4.7-3.2t-3.6-2.6q-1.1-0.7-2.1-2t-1-2.5q0-1.4 0.7-2.3t2.1-0.9h26.3q1.2 0 2 0.8t0.9 2z\"\/><\/svg><\/span><\/a><\/li><\/ul><\/div>","protected":false},"excerpt":{"rendered":"<p>Das M\u00e4rchen von der gescheiterten Integration. Gerne in Deutschland leben und als Deutscher. Zu dem Anti-Sarrazin [&hellip;]<\/p>\n","protected":false},"author":1,"featured_media":50987,"comment_status":"closed","ping_status":"closed","sticky":false,"template":"","format":"standard","meta":{"inline_featured_image":false,"footnotes":""},"categories":[28],"tags":[],"class_list":["post-57727","post","type-post","status-publish","format-standard","has-post-thumbnail","hentry","category-tipps"],"yoast_head":"<!-- This site is optimized with the Yoast SEO plugin v26.5 - https:\/\/yoast.com\/wordpress\/plugins\/seo\/ -->\n<title>Kein sch\u00f6nes Land in dieser Zeit - Sonnenseite - \u00d6kologische Kommunikation mit Franz Alt<\/title>\n<meta name=\"description\" content=\"Das M\u00e4rchen von der gescheiterten Integration. Gerne in Deutschland leben und als Deutscher. Zu dem Anti-Sarrazin Buch des Mehmet G\u00fcrcan Daimag\u00fcler. Von\" \/>\n<meta name=\"robots\" content=\"index, follow, max-snippet:-1, max-image-preview:large, max-video-preview:-1\" \/>\n<link rel=\"canonical\" href=\"https:\/\/www.sonnenseite.com\/de\/tipps\/kein-schoenes-land-in-dieser-zeit\/\" \/>\n<meta property=\"og:locale\" content=\"de_DE\" \/>\n<meta property=\"og:type\" content=\"article\" \/>\n<meta property=\"og:title\" content=\"Kein sch\u00f6nes Land in dieser Zeit - Sonnenseite - \u00d6kologische Kommunikation mit Franz Alt\" \/>\n<meta property=\"og:description\" content=\"Das M\u00e4rchen von der gescheiterten Integration. Gerne in Deutschland leben und als Deutscher. Zu dem Anti-Sarrazin Buch des Mehmet G\u00fcrcan Daimag\u00fcler. Von\" \/>\n<meta property=\"og:url\" content=\"https:\/\/www.sonnenseite.com\/de\/tipps\/kein-schoenes-land-in-dieser-zeit\/\" \/>\n<meta property=\"og:site_name\" content=\"Sonnenseite\" \/>\n<meta property=\"article:publisher\" content=\"https:\/\/www.facebook.com\/pages\/Franz-Alt-SONNENSEITECOM\/221072987903953?fref=ts\" \/>\n<meta property=\"article:published_time\" content=\"2011-11-23T23:00:00+00:00\" \/>\n<meta property=\"og:image\" content=\"https:\/\/www.sonnenseite.com\/wp-content\/uploads\/2020\/06\/archiv_artikel.jpg\" \/>\n\t<meta property=\"og:image:width\" content=\"770\" \/>\n\t<meta property=\"og:image:height\" content=\"420\" \/>\n\t<meta property=\"og:image:type\" content=\"image\/jpeg\" \/>\n<meta name=\"author\" content=\"sbade\" \/>\n<meta name=\"twitter:card\" content=\"summary_large_image\" \/>\n<meta name=\"twitter:creator\" content=\"@franzalt\" \/>\n<meta name=\"twitter:site\" content=\"@franzalt\" \/>\n<meta name=\"twitter:label1\" content=\"Verfasst von\" \/>\n\t<meta name=\"twitter:data1\" content=\"sbade\" \/>\n\t<meta name=\"twitter:label2\" content=\"Gesch\u00e4tzte Lesezeit\" \/>\n\t<meta name=\"twitter:data2\" content=\"6\u00a0Minuten\" \/>\n<script type=\"application\/ld+json\" class=\"yoast-schema-graph\">{\"@context\":\"https:\/\/schema.org\",\"@graph\":[{\"@type\":\"Article\",\"@id\":\"https:\/\/www.sonnenseite.com\/de\/tipps\/kein-schoenes-land-in-dieser-zeit\/#article\",\"isPartOf\":{\"@id\":\"https:\/\/www.sonnenseite.com\/de\/tipps\/kein-schoenes-land-in-dieser-zeit\/\"},\"author\":{\"name\":\"sbade\",\"@id\":\"https:\/\/www.sonnenseite.com\/de\/#\/schema\/person\/6df44691cd9a70d99e140e1116ee8771\"},\"headline\":\"Kein sch\u00f6nes Land in dieser Zeit\",\"datePublished\":\"2011-11-23T23:00:00+00:00\",\"mainEntityOfPage\":{\"@id\":\"https:\/\/www.sonnenseite.com\/de\/tipps\/kein-schoenes-land-in-dieser-zeit\/\"},\"wordCount\":1177,\"publisher\":{\"@id\":\"https:\/\/www.sonnenseite.com\/de\/#organization\"},\"image\":{\"@id\":\"https:\/\/www.sonnenseite.com\/de\/tipps\/kein-schoenes-land-in-dieser-zeit\/#primaryimage\"},\"thumbnailUrl\":\"https:\/\/www.sonnenseite.com\/wp-content\/uploads\/2020\/06\/archiv_artikel.jpg\",\"articleSection\":[\"Tipps\"],\"inLanguage\":\"de\"},{\"@type\":\"WebPage\",\"@id\":\"https:\/\/www.sonnenseite.com\/de\/tipps\/kein-schoenes-land-in-dieser-zeit\/\",\"url\":\"https:\/\/www.sonnenseite.com\/de\/tipps\/kein-schoenes-land-in-dieser-zeit\/\",\"name\":\"Kein sch\u00f6nes Land in dieser Zeit - Sonnenseite - \u00d6kologische Kommunikation mit Franz Alt\",\"isPartOf\":{\"@id\":\"https:\/\/www.sonnenseite.com\/de\/#website\"},\"primaryImageOfPage\":{\"@id\":\"https:\/\/www.sonnenseite.com\/de\/tipps\/kein-schoenes-land-in-dieser-zeit\/#primaryimage\"},\"image\":{\"@id\":\"https:\/\/www.sonnenseite.com\/de\/tipps\/kein-schoenes-land-in-dieser-zeit\/#primaryimage\"},\"thumbnailUrl\":\"https:\/\/www.sonnenseite.com\/wp-content\/uploads\/2020\/06\/archiv_artikel.jpg\",\"datePublished\":\"2011-11-23T23:00:00+00:00\",\"description\":\"Das M\u00e4rchen von der gescheiterten Integration. Gerne in Deutschland leben und als Deutscher. Zu dem Anti-Sarrazin Buch des Mehmet G\u00fcrcan Daimag\u00fcler. Von\",\"breadcrumb\":{\"@id\":\"https:\/\/www.sonnenseite.com\/de\/tipps\/kein-schoenes-land-in-dieser-zeit\/#breadcrumb\"},\"inLanguage\":\"de\",\"potentialAction\":[{\"@type\":\"ReadAction\",\"target\":[\"https:\/\/www.sonnenseite.com\/de\/tipps\/kein-schoenes-land-in-dieser-zeit\/\"]}]},{\"@type\":\"ImageObject\",\"inLanguage\":\"de\",\"@id\":\"https:\/\/www.sonnenseite.com\/de\/tipps\/kein-schoenes-land-in-dieser-zeit\/#primaryimage\",\"url\":\"https:\/\/www.sonnenseite.com\/wp-content\/uploads\/2020\/06\/archiv_artikel.jpg\",\"contentUrl\":\"https:\/\/www.sonnenseite.com\/wp-content\/uploads\/2020\/06\/archiv_artikel.jpg\",\"width\":770,\"height\":420,\"caption\":\"Sonnenseite\"},{\"@type\":\"BreadcrumbList\",\"@id\":\"https:\/\/www.sonnenseite.com\/de\/tipps\/kein-schoenes-land-in-dieser-zeit\/#breadcrumb\",\"itemListElement\":[{\"@type\":\"ListItem\",\"position\":1,\"name\":\"Startseite\",\"item\":\"https:\/\/www.sonnenseite.com\/de\/\"},{\"@type\":\"ListItem\",\"position\":2,\"name\":\"Kein sch\u00f6nes Land in dieser Zeit\"}]},{\"@type\":\"WebSite\",\"@id\":\"https:\/\/www.sonnenseite.com\/de\/#website\",\"url\":\"https:\/\/www.sonnenseite.com\/de\/\",\"name\":\"Sonnenseite\",\"description\":\"\u00d6kologische Kommunikation mit Franz Alt\",\"publisher\":{\"@id\":\"https:\/\/www.sonnenseite.com\/de\/#organization\"},\"potentialAction\":[{\"@type\":\"SearchAction\",\"target\":{\"@type\":\"EntryPoint\",\"urlTemplate\":\"https:\/\/www.sonnenseite.com\/de\/?s={search_term_string}\"},\"query-input\":{\"@type\":\"PropertyValueSpecification\",\"valueRequired\":true,\"valueName\":\"search_term_string\"}}],\"inLanguage\":\"de\"},{\"@type\":\"Organization\",\"@id\":\"https:\/\/www.sonnenseite.com\/de\/#organization\",\"name\":\"Sonnenseite\",\"url\":\"https:\/\/www.sonnenseite.com\/de\/\",\"logo\":{\"@type\":\"ImageObject\",\"inLanguage\":\"de\",\"@id\":\"https:\/\/www.sonnenseite.com\/de\/#\/schema\/logo\/image\/\",\"url\":\"https:\/\/www.sonnenseite.com\/wp-content\/uploads\/2020\/05\/Sonnenseite_Logo.png\",\"contentUrl\":\"https:\/\/www.sonnenseite.com\/wp-content\/uploads\/2020\/05\/Sonnenseite_Logo.png\",\"width\":377,\"height\":90,\"caption\":\"Sonnenseite\"},\"image\":{\"@id\":\"https:\/\/www.sonnenseite.com\/de\/#\/schema\/logo\/image\/\"},\"sameAs\":[\"https:\/\/www.facebook.com\/pages\/Franz-Alt-SONNENSEITECOM\/221072987903953?fref=ts\",\"https:\/\/x.com\/franzalt\",\"http:\/\/www.youtube.com\/results?search_query&amp;amp;quot;franz_alt&amp;amp;quot;&amp;amp;amp;amp;search_type&amp;amp;amp;amp;aq=f\"]},{\"@type\":\"Person\",\"@id\":\"https:\/\/www.sonnenseite.com\/de\/#\/schema\/person\/6df44691cd9a70d99e140e1116ee8771\",\"name\":\"sbade\",\"sameAs\":[\"https:\/\/www.sonnenseite.com\"]}]}<\/script>\n<!-- \/ Yoast SEO plugin. -->","yoast_head_json":{"title":"Kein sch\u00f6nes Land in dieser Zeit - Sonnenseite - \u00d6kologische Kommunikation mit Franz Alt","description":"Das M\u00e4rchen von der gescheiterten Integration. Gerne in Deutschland leben und als Deutscher. Zu dem Anti-Sarrazin Buch des Mehmet G\u00fcrcan Daimag\u00fcler. Von","robots":{"index":"index","follow":"follow","max-snippet":"max-snippet:-1","max-image-preview":"max-image-preview:large","max-video-preview":"max-video-preview:-1"},"canonical":"https:\/\/www.sonnenseite.com\/de\/tipps\/kein-schoenes-land-in-dieser-zeit\/","og_locale":"de_DE","og_type":"article","og_title":"Kein sch\u00f6nes Land in dieser Zeit - Sonnenseite - \u00d6kologische Kommunikation mit Franz Alt","og_description":"Das M\u00e4rchen von der gescheiterten Integration. Gerne in Deutschland leben und als Deutscher. Zu dem Anti-Sarrazin Buch des Mehmet G\u00fcrcan Daimag\u00fcler. Von","og_url":"https:\/\/www.sonnenseite.com\/de\/tipps\/kein-schoenes-land-in-dieser-zeit\/","og_site_name":"Sonnenseite","article_publisher":"https:\/\/www.facebook.com\/pages\/Franz-Alt-SONNENSEITECOM\/221072987903953?fref=ts","article_published_time":"2011-11-23T23:00:00+00:00","og_image":[{"width":770,"height":420,"url":"https:\/\/www.sonnenseite.com\/wp-content\/uploads\/2020\/06\/archiv_artikel.jpg","type":"image\/jpeg"}],"author":"sbade","twitter_card":"summary_large_image","twitter_creator":"@franzalt","twitter_site":"@franzalt","twitter_misc":{"Verfasst von":"sbade","Gesch\u00e4tzte Lesezeit":"6\u00a0Minuten"},"schema":{"@context":"https:\/\/schema.org","@graph":[{"@type":"Article","@id":"https:\/\/www.sonnenseite.com\/de\/tipps\/kein-schoenes-land-in-dieser-zeit\/#article","isPartOf":{"@id":"https:\/\/www.sonnenseite.com\/de\/tipps\/kein-schoenes-land-in-dieser-zeit\/"},"author":{"name":"sbade","@id":"https:\/\/www.sonnenseite.com\/de\/#\/schema\/person\/6df44691cd9a70d99e140e1116ee8771"},"headline":"Kein sch\u00f6nes Land in dieser Zeit","datePublished":"2011-11-23T23:00:00+00:00","mainEntityOfPage":{"@id":"https:\/\/www.sonnenseite.com\/de\/tipps\/kein-schoenes-land-in-dieser-zeit\/"},"wordCount":1177,"publisher":{"@id":"https:\/\/www.sonnenseite.com\/de\/#organization"},"image":{"@id":"https:\/\/www.sonnenseite.com\/de\/tipps\/kein-schoenes-land-in-dieser-zeit\/#primaryimage"},"thumbnailUrl":"https:\/\/www.sonnenseite.com\/wp-content\/uploads\/2020\/06\/archiv_artikel.jpg","articleSection":["Tipps"],"inLanguage":"de"},{"@type":"WebPage","@id":"https:\/\/www.sonnenseite.com\/de\/tipps\/kein-schoenes-land-in-dieser-zeit\/","url":"https:\/\/www.sonnenseite.com\/de\/tipps\/kein-schoenes-land-in-dieser-zeit\/","name":"Kein sch\u00f6nes Land in dieser Zeit - Sonnenseite - \u00d6kologische Kommunikation mit Franz Alt","isPartOf":{"@id":"https:\/\/www.sonnenseite.com\/de\/#website"},"primaryImageOfPage":{"@id":"https:\/\/www.sonnenseite.com\/de\/tipps\/kein-schoenes-land-in-dieser-zeit\/#primaryimage"},"image":{"@id":"https:\/\/www.sonnenseite.com\/de\/tipps\/kein-schoenes-land-in-dieser-zeit\/#primaryimage"},"thumbnailUrl":"https:\/\/www.sonnenseite.com\/wp-content\/uploads\/2020\/06\/archiv_artikel.jpg","datePublished":"2011-11-23T23:00:00+00:00","description":"Das M\u00e4rchen von der gescheiterten Integration. Gerne in Deutschland leben und als Deutscher. Zu dem Anti-Sarrazin Buch des Mehmet G\u00fcrcan Daimag\u00fcler. Von","breadcrumb":{"@id":"https:\/\/www.sonnenseite.com\/de\/tipps\/kein-schoenes-land-in-dieser-zeit\/#breadcrumb"},"inLanguage":"de","potentialAction":[{"@type":"ReadAction","target":["https:\/\/www.sonnenseite.com\/de\/tipps\/kein-schoenes-land-in-dieser-zeit\/"]}]},{"@type":"ImageObject","inLanguage":"de","@id":"https:\/\/www.sonnenseite.com\/de\/tipps\/kein-schoenes-land-in-dieser-zeit\/#primaryimage","url":"https:\/\/www.sonnenseite.com\/wp-content\/uploads\/2020\/06\/archiv_artikel.jpg","contentUrl":"https:\/\/www.sonnenseite.com\/wp-content\/uploads\/2020\/06\/archiv_artikel.jpg","width":770,"height":420,"caption":"Sonnenseite"},{"@type":"BreadcrumbList","@id":"https:\/\/www.sonnenseite.com\/de\/tipps\/kein-schoenes-land-in-dieser-zeit\/#breadcrumb","itemListElement":[{"@type":"ListItem","position":1,"name":"Startseite","item":"https:\/\/www.sonnenseite.com\/de\/"},{"@type":"ListItem","position":2,"name":"Kein sch\u00f6nes Land in dieser Zeit"}]},{"@type":"WebSite","@id":"https:\/\/www.sonnenseite.com\/de\/#website","url":"https:\/\/www.sonnenseite.com\/de\/","name":"Sonnenseite","description":"\u00d6kologische Kommunikation mit Franz Alt","publisher":{"@id":"https:\/\/www.sonnenseite.com\/de\/#organization"},"potentialAction":[{"@type":"SearchAction","target":{"@type":"EntryPoint","urlTemplate":"https:\/\/www.sonnenseite.com\/de\/?s={search_term_string}"},"query-input":{"@type":"PropertyValueSpecification","valueRequired":true,"valueName":"search_term_string"}}],"inLanguage":"de"},{"@type":"Organization","@id":"https:\/\/www.sonnenseite.com\/de\/#organization","name":"Sonnenseite","url":"https:\/\/www.sonnenseite.com\/de\/","logo":{"@type":"ImageObject","inLanguage":"de","@id":"https:\/\/www.sonnenseite.com\/de\/#\/schema\/logo\/image\/","url":"https:\/\/www.sonnenseite.com\/wp-content\/uploads\/2020\/05\/Sonnenseite_Logo.png","contentUrl":"https:\/\/www.sonnenseite.com\/wp-content\/uploads\/2020\/05\/Sonnenseite_Logo.png","width":377,"height":90,"caption":"Sonnenseite"},"image":{"@id":"https:\/\/www.sonnenseite.com\/de\/#\/schema\/logo\/image\/"},"sameAs":["https:\/\/www.facebook.com\/pages\/Franz-Alt-SONNENSEITECOM\/221072987903953?fref=ts","https:\/\/x.com\/franzalt","http:\/\/www.youtube.com\/results?search_query&amp;amp;quot;franz_alt&amp;amp;quot;&amp;amp;amp;amp;search_type&amp;amp;amp;amp;aq=f"]},{"@type":"Person","@id":"https:\/\/www.sonnenseite.com\/de\/#\/schema\/person\/6df44691cd9a70d99e140e1116ee8771","name":"sbade","sameAs":["https:\/\/www.sonnenseite.com"]}]}},"_links":{"self":[{"href":"https:\/\/www.sonnenseite.com\/de\/wp-json\/wp\/v2\/posts\/57727","targetHints":{"allow":["GET"]}}],"collection":[{"href":"https:\/\/www.sonnenseite.com\/de\/wp-json\/wp\/v2\/posts"}],"about":[{"href":"https:\/\/www.sonnenseite.com\/de\/wp-json\/wp\/v2\/types\/post"}],"author":[{"embeddable":true,"href":"https:\/\/www.sonnenseite.com\/de\/wp-json\/wp\/v2\/users\/1"}],"replies":[{"embeddable":true,"href":"https:\/\/www.sonnenseite.com\/de\/wp-json\/wp\/v2\/comments?post=57727"}],"version-history":[{"count":0,"href":"https:\/\/www.sonnenseite.com\/de\/wp-json\/wp\/v2\/posts\/57727\/revisions"}],"wp:featuredmedia":[{"embeddable":true,"href":"https:\/\/www.sonnenseite.com\/de\/wp-json\/wp\/v2\/media\/50987"}],"wp:attachment":[{"href":"https:\/\/www.sonnenseite.com\/de\/wp-json\/wp\/v2\/media?parent=57727"}],"wp:term":[{"taxonomy":"category","embeddable":true,"href":"https:\/\/www.sonnenseite.com\/de\/wp-json\/wp\/v2\/categories?post=57727"},{"taxonomy":"post_tag","embeddable":true,"href":"https:\/\/www.sonnenseite.com\/de\/wp-json\/wp\/v2\/tags?post=57727"}],"curies":[{"name":"wp","href":"https:\/\/api.w.org\/{rel}","templated":true}]}}