{"id":57812,"date":"2011-11-10T00:00:00","date_gmt":"2011-11-09T23:00:00","guid":{"rendered":"https:\/\/www.sonnenseite.com\/zukunft\/gruene-informationstechnik-anwender-mehr-in-den-blick-nehmen.html"},"modified":"2011-11-10T00:00:00","modified_gmt":"2011-11-09T23:00:00","slug":"gruene-informationstechnik-anwender-mehr-in-den-blick-nehmen","status":"publish","type":"post","link":"https:\/\/www.sonnenseite.com\/de\/zukunft\/gruene-informationstechnik-anwender-mehr-in-den-blick-nehmen\/","title":{"rendered":"Gr\u00fcne Informationstechnik: &#8222;Anwender mehr in den Blick nehmen&#8220;"},"content":{"rendered":"<p>Das &#8222;Wissenschaftsforum Green IT&#8220; diskutierte die Chancen der IT-Branche, dem Endkunden klimaschonende Anwendungen zu verkaufen.  Berliner Start-up erfolgreich mit Verbraucher-App und \u00d6ko-Informationen.  Green-IT-Patent senkt Heizkosten um 30 Prozent.  &#8222;Intelligente Stromz\u00e4hler&#8220;: Senkt Eigenverbrauch ganz erheblich. Elektroautos: Batteriewechselstelle genauso flott wie Tankstelle. <!--more--> <\/p>\n<p>Wie k\u00f6nnte das enorme Potenzial der Informations- und Kommunikationstechnik st\u00e4rker genutzt werden, um CO2-Emissionen einzusparen? Warum hat diese dynamische Branche nicht mehr &#8222;gr\u00fcne&#8220; Gesch\u00e4ftsmodelle vorzuweisen? Und wie k\u00f6nnten Kundenanforderungen und Anwenderinteressen hier k\u00fcnftig besser ber\u00fccksichtigt werden? Dieser Thematik widmete sich das &#8222;Wissenschaftsforum Green IT&#8220; vergangene Woche auf seiner <strong>Jahrestagung &#8222;Smart Customer \/ Smart User&#8220;<\/strong> im Museum f\u00fcr Kommunikation Berlin.<\/p>\n<p>Mit seinem erfolgreichem <strong>Start-up &#8222;checkitmobile&#8220; <\/strong>konnte Benjamin Thym, Gesch\u00e4ftsf\u00fchrer des Berliner Unternehmens, das\u00a0 Auditorium erfreuen: 4 Millionen User haben sich bereits das App &#8222;barcoo&#8220; der Firma heruntergeladen, um beim Einkaufen <strong>kostenlos mit Informationen \u00fcber Produkte<\/strong> und Hersteller versorgt zu werden. Sie m\u00fcssen nur zuvor den Barcode eines bestimmten Produktes per Handy einscannen.<\/p>\n<p>&#8222;barcoo&#8220; hat zahlreiche Informationen zum nachhaltigen Konsum integriert, <strong>ohne jedoch nach au\u00dfen als &#8222;\u00d6ko&#8220;-Firma<\/strong> aufzutreten. Die Verbraucher k\u00f6nnen folglich bei &#8222;barcoo&#8220; nicht nur online Preisvergleiche anstellen, sondern sich z.B. auch \u00fcber die Energieeffizienz-Rankings bei Elektroger\u00e4ten oder \u00fcber den Zuckergehalt eines Nahrungsmittels informieren. Das Unternehmen lebt &#8211; ebenso wie Google und Facebook &#8211; von seinen Werbeeinnahmen.<\/p>\n<p>Ein weiteres Berliner Green-IT-Unternehmen konnte mit einem erfolgreichen Gesch\u00e4ftsmodell aufwarten. Die Firma Riedel Automationstechnik GmbH stattet bereits seit\u00a0 zwanzig Jahren vornehmlich \u00e4ltere Geb\u00e4ude mit Hard- und Software aus, mittels derer sich Heizkosten deutlich senken lassen. Die Riedel-Technologie erlaubt es, den individuellen Heizbedarf pro Raum genau einzustellen, anschlie\u00dfend aggregiert ein Geb\u00e4udemanager die einzelnen Bedarfe und passt die Heizleistung energiesparend an.<\/p>\n<p>Dr. Severin Beucker vom Berliner Borderstep Institut f\u00fcr Innovation und Nachhaltigkeit betonte auf dem Wissenschaftsforum: &#8222;Bei<strong> unged\u00e4mmten Geb\u00e4uden<\/strong> k\u00f6nnen durch solche adaptiven Heizungssysteme <strong>bis zu 30 Prozent der Heizkosten gespart<\/strong> werden.&#8220; Das Gesch\u00e4ftsmodell rechnet sich f\u00fcr Wohnungsbauunternehmen folgenderma\u00dfen: 1.500 EUR kostet diese Technik pro Mietwohnung. Der Vermieter legt diese Summe binnen zehn Jahren auf die Nebenkosten um, die Mieter wiederum zahlen zwar erh\u00f6hte Nebenkosten, erfreuen sich aber gleichzeitig am Einspareffekt bei der Heizkostenrechnung .<\/p>\n<p>Sobald es aber um die Stromkosten der Haushalte geht, fehlen noch immer attraktive klimasch\u00fctzende Gesch\u00e4ftsmodelle von IT-Firmen. Entsprechend zur\u00fcckhaltend reagiert die Kundschaft. Erst 100.000 Haushalte verf\u00fcgen in Deutschland \u00fcber eine intelligente Verbrauchsmessung, die Daten zum gezielten Stromsparen auf den h\u00e4uslichen PC \u00fcbertragen kann. Allerdings sorgt der Gesetzgeber hier f\u00fcr Dynamik, denn seit Juni 2011 schreibt das novellierte Energiewirtschafts-Gesetz strenger vor, <strong>&#8222;Smart Meter&#8220;<\/strong> in Neubauten zu installieren.<\/p>\n<p>Dr. Siegfried\u00a0 Behrendt vom IZT &#8211; Institut f\u00fcr Zukunftsstudien und Technologiebewertung in Berlin wies auf dem Wissenschaftsforum auf den bisher <strong>untersch\u00e4tzten Eigenbedarf<\/strong> etlicher Strommessvorrichtungen hin: &#8222;Ein Hochleistungs-Smart Meter, der pausenlos die Verbrauchsdaten eines Haushaltes \u00fcbertr\u00e4gt, verbraucht rund 3 Prozent der Energie eines 2-Personenhaushaltes, so dass <strong>teilweise kein nennenswerter Einspareffekt<\/strong> <strong>\u00fcbrig<\/strong> bleibt.&#8220;\u00a0 Behrendt pl\u00e4diert daher f\u00fcr eine &#8222;modulare Z\u00e4hlerarchitektur&#8220;, Verbraucher sollten eine energie- und ressourceneffiziente Basisausstattung erhalten und anschlie\u00dfend entsprechend ihren W\u00fcnschen durch Module erg\u00e4nzen k\u00f6nnen.<\/p>\n<p>Ganz in den Anf\u00e4ngen steckt hingegen noch die Infrastruktur f\u00fcr <strong>Elektroautos <\/strong>und ihre Akkus. Das Oldenburger OFFIS &#8211; Institut f\u00fcr Informatik hat Effekte der Ladevorg\u00e4nge auf das Stromnetz untersucht. Referentin Astrid Nie\u00dfe: &#8222;Insbesondere der Ansatz, bei dem nicht nur der Fahrzeug-Akku mit Strom aufgeladen wird, sondern bei dem auch Strom aus dem privaten Elektro-Fahrzeug zur\u00fcck ins Netz gespeist wird, bietet ein gro\u00dfes Potential f\u00fcr eine sehr starke und gleichzeitig netzvertr\u00e4gliche Photovoltaik-Einspeisung. Dieser Ansatz verspricht auch zuk\u00fcnftige Gesch\u00e4ftsmodelle f\u00fcr Netzbetreiber.&#8220;<\/p>\n<p>Gr\u00fcne Informationstechnik wird hier ben\u00f6tigt, damit der vernetzte E-Autofahrer Ladevorg\u00e4nge mitsteuern kann. Wo und wie aber soll ein St\u00e4dter sein Elektroauto aufladen? Eine h\u00e4usliche Garage steht ihm selten zur Verf\u00fcgung.\u00a0 Hier konnte Astrid Nie\u00dfe vom OFFIS-Institut einen interessanten L\u00f6sungsvorschlag pr\u00e4sentieren. &#8222;Eine st\u00e4dtische <strong>Batteriewechselstation ben\u00f6tigt f\u00fcr das Auswechseln eines Akkus nur wenige Minuten<\/strong> &#8211; das ist vergleichbar mit dem Vorgang des Tankens und bedeutet keinen Komfortverzicht.&#8220;<\/p>\n<p>Wer mehr dar\u00fcber wissen m\u00f6chte, wie sich Nachhaltigkeitsinnovationen am Markt durchsetzen, kann am <strong>24. November 2011<\/strong> die n\u00e4chste einschl\u00e4gige Veranstaltung in Berlin besuchen. Prof. Dr. Klaus Fichter, Direktor des Borderstep Instituts f\u00fcr Innovation und Nachhaltigkeit, pr\u00e4sentiert dann u.a. Forschungsergebnisse zu 30 von ihm analysierten Green-IT-Innovationen.\u00a0 Klaus Fichter stellte schon auf dem Wissenschaftsforum Green IT fest: &#8222;Bei komplexen bzw. mit Verhaltens\u00e4nderungen verbundenen Anwendungsbereichen wie dem &#8218;Smart Home&#8216; oder der Elektromobilit\u00e4t kann die<strong> Industrie nur erfolgreich agieren, wenn sie die Nutzer einbindet<\/strong> und zum Mitgestalten einl\u00e4dt&#8220;.<\/p>\n<p>Dr. Ulf Jaeckel, Regierungsdirektor im <strong>Bundesumweltministerium<\/strong>, betonte beim Wissenschaftsforum: &#8222;Unser Ministerium sieht Green IT als sehr wichtiges Handlungsfeld an, in den letzten Jahren sind daher zahlreiche Aktivit\u00e4ten entstanden, wie z.B. das IT-Beratungsb\u00fcro beim BITKOM. Derartige Aktivit\u00e4ten sollen in Zukunft verst\u00e4rkt und weiter entwickelt werden.&#8220;<\/p>\n<h5 class=\"green\">Quelle<\/h5>\n<p>IZT &#8211; Institut f\u00fcr Zukunftsstudien und Technologiebewertung gGmbH 2011<\/p>\n<div class=\"shariff shariff-align-flex-start shariff-widget-align-flex-start\"><div class=\"ShariffHeadline\">Diese Meldung teilen<\/div><ul class=\"shariff-buttons theme-round orientation-horizontal buttonsize-medium\"><li class=\"shariff-button facebook shariff-nocustomcolor\" style=\"background-color:#4273c8;border-radius:1%\"><a href=\"https:\/\/www.facebook.com\/sharer\/sharer.php?u=https%3A%2F%2Fwww.sonnenseite.com%2Fde%2Fzukunft%2Fgruene-informationstechnik-anwender-mehr-in-den-blick-nehmen%2F\" title=\"Bei Facebook teilen\" aria-label=\"Bei Facebook teilen\" role=\"button\" rel=\"nofollow\" class=\"shariff-link\" style=\";border-radius:1%; background-color:#3b5998; color:#fff\" target=\"_blank\"><span class=\"shariff-icon\" style=\"\"><svg width=\"32px\" height=\"20px\" xmlns=\"http:\/\/www.w3.org\/2000\/svg\" viewBox=\"0 0 18 32\"><path fill=\"#3b5998\" d=\"M17.1 0.2v4.7h-2.8q-1.5 0-2.1 0.6t-0.5 1.9v3.4h5.2l-0.7 5.3h-4.5v13.6h-5.5v-13.6h-4.5v-5.3h4.5v-3.9q0-3.3 1.9-5.2t5-1.8q2.6 0 4.1 0.2z\"\/><\/svg><\/span><\/a><\/li><li class=\"shariff-button twitter shariff-nocustomcolor\" style=\"background-color:#595959;border-radius:1%\"><a href=\"https:\/\/twitter.com\/share?url=https%3A%2F%2Fwww.sonnenseite.com%2Fde%2Fzukunft%2Fgruene-informationstechnik-anwender-mehr-in-den-blick-nehmen%2F&text=Gr%C3%BCne%20Informationstechnik%3A%20%E2%80%9EAnwender%20mehr%20in%20den%20Blick%20nehmen%E2%80%9C\" title=\"Bei X teilen\" aria-label=\"Bei X teilen\" role=\"button\" rel=\"noopener nofollow\" class=\"shariff-link\" style=\";border-radius:1%; background-color:#000; color:#fff\" target=\"_blank\"><span class=\"shariff-icon\" style=\"\"><svg width=\"32px\" height=\"20px\" xmlns=\"http:\/\/www.w3.org\/2000\/svg\" viewBox=\"0 0 24 24\"><path fill=\"#000\" d=\"M14.258 10.152L23.176 0h-2.113l-7.747 8.813L7.133 0H0l9.352 13.328L0 23.973h2.113l8.176-9.309 6.531 9.309h7.133zm-2.895 3.293l-.949-1.328L2.875 1.56h3.246l6.086 8.523.945 1.328 7.91 11.078h-3.246zm0 0\"\/><\/svg><\/span><\/a><\/li><li class=\"shariff-button xing shariff-nocustomcolor\" style=\"background-color:#29888a;border-radius:1%\"><a href=\"https:\/\/www.xing.com\/spi\/shares\/new?url=https%3A%2F%2Fwww.sonnenseite.com%2Fde%2Fzukunft%2Fgruene-informationstechnik-anwender-mehr-in-den-blick-nehmen%2F\" title=\"Bei XING teilen\" aria-label=\"Bei XING teilen\" role=\"button\" rel=\"noopener nofollow\" class=\"shariff-link\" style=\";border-radius:1%; background-color:#126567; color:#fff\" target=\"_blank\"><span class=\"shariff-icon\" style=\"\"><svg width=\"32px\" height=\"20px\" xmlns=\"http:\/\/www.w3.org\/2000\/svg\" viewBox=\"0 0 25 32\"><path fill=\"#126567\" d=\"M10.7 11.9q-0.2 0.3-4.6 8.2-0.5 0.8-1.2 0.8h-4.3q-0.4 0-0.5-0.3t0-0.6l4.5-8q0 0 0 0l-2.9-5q-0.2-0.4 0-0.7 0.2-0.3 0.5-0.3h4.3q0.7 0 1.2 0.8zM25.1 0.4q0.2 0.3 0 0.7l-9.4 16.7 6 11q0.2 0.4 0 0.6-0.2 0.3-0.6 0.3h-4.3q-0.7 0-1.2-0.8l-6-11.1q0.3-0.6 9.5-16.8 0.4-0.8 1.2-0.8h4.3q0.4 0 0.5 0.3z\"\/><\/svg><\/span><\/a><\/li><li class=\"shariff-button linkedin shariff-nocustomcolor\" style=\"background-color:#1488bf;border-radius:1%\"><a href=\"https:\/\/www.linkedin.com\/sharing\/share-offsite\/?url=https%3A%2F%2Fwww.sonnenseite.com%2Fde%2Fzukunft%2Fgruene-informationstechnik-anwender-mehr-in-den-blick-nehmen%2F\" title=\"Bei LinkedIn teilen\" aria-label=\"Bei LinkedIn teilen\" role=\"button\" rel=\"noopener nofollow\" class=\"shariff-link\" style=\";border-radius:1%; background-color:#0077b5; color:#fff\" target=\"_blank\"><span class=\"shariff-icon\" style=\"\"><svg width=\"32px\" height=\"20px\" xmlns=\"http:\/\/www.w3.org\/2000\/svg\" viewBox=\"0 0 27 32\"><path fill=\"#0077b5\" d=\"M6.2 11.2v17.7h-5.9v-17.7h5.9zM6.6 5.7q0 1.3-0.9 2.2t-2.4 0.9h0q-1.5 0-2.4-0.9t-0.9-2.2 0.9-2.2 2.4-0.9 2.4 0.9 0.9 2.2zM27.4 18.7v10.1h-5.9v-9.5q0-1.9-0.7-2.9t-2.3-1.1q-1.1 0-1.9 0.6t-1.2 1.5q-0.2 0.5-0.2 1.4v9.9h-5.9q0-7.1 0-11.6t0-5.3l0-0.9h5.9v2.6h0q0.4-0.6 0.7-1t1-0.9 1.6-0.8 2-0.3q3 0 4.9 2t1.9 6z\"\/><\/svg><\/span><\/a><\/li><li class=\"shariff-button printer shariff-nocustomcolor\" style=\"background-color:#a8a8a8;border-radius:1%\"><a href=\"javascript:window.print()\" title=\"drucken\" aria-label=\"drucken\" role=\"button\" rel=\"noopener nofollow\" class=\"shariff-link\" style=\";border-radius:1%; background-color:#999; color:#fff\"><span class=\"shariff-icon\" style=\"\"><svg width=\"32px\" height=\"20px\" xmlns=\"http:\/\/www.w3.org\/2000\/svg\" viewBox=\"0 0 30 32\"><path fill=\"#999\" d=\"M6.8 27.4h16v-4.6h-16v4.6zM6.8 16h16v-6.8h-2.8q-0.7 0-1.2-0.5t-0.5-1.2v-2.8h-11.4v11.4zM27.4 17.2q0-0.5-0.3-0.8t-0.8-0.4-0.8 0.4-0.3 0.8 0.3 0.8 0.8 0.3 0.8-0.3 0.3-0.8zM29.7 17.2v7.4q0 0.2-0.2 0.4t-0.4 0.2h-4v2.8q0 0.7-0.5 1.2t-1.2 0.5h-17.2q-0.7 0-1.2-0.5t-0.5-1.2v-2.8h-4q-0.2 0-0.4-0.2t-0.2-0.4v-7.4q0-1.4 1-2.4t2.4-1h1.2v-9.7q0-0.7 0.5-1.2t1.2-0.5h12q0.7 0 1.6 0.4t1.3 0.8l2.7 2.7q0.5 0.5 0.9 1.4t0.4 1.6v4.6h1.1q1.4 0 2.4 1t1 2.4z\"\/><\/svg><\/span><\/a><\/li><li class=\"shariff-button mailto shariff-nocustomcolor\" style=\"background-color:#a8a8a8;border-radius:1%\"><a href=\"mailto:?body=https%3A%2F%2Fwww.sonnenseite.com%2Fde%2Fzukunft%2Fgruene-informationstechnik-anwender-mehr-in-den-blick-nehmen%2F&subject=Gr%C3%BCne%20Informationstechnik%3A%20%E2%80%9EAnwender%20mehr%20in%20den%20Blick%20nehmen%E2%80%9C\" title=\"Per E-Mail versenden\" aria-label=\"Per E-Mail versenden\" role=\"button\" rel=\"noopener nofollow\" class=\"shariff-link\" style=\";border-radius:1%; background-color:#999; color:#fff\"><span class=\"shariff-icon\" style=\"\"><svg width=\"32px\" height=\"20px\" xmlns=\"http:\/\/www.w3.org\/2000\/svg\" viewBox=\"0 0 32 32\"><path fill=\"#999\" d=\"M32 12.7v14.2q0 1.2-0.8 2t-2 0.9h-26.3q-1.2 0-2-0.9t-0.8-2v-14.2q0.8 0.9 1.8 1.6 6.5 4.4 8.9 6.1 1 0.8 1.6 1.2t1.7 0.9 2 0.4h0.1q0.9 0 2-0.4t1.7-0.9 1.6-1.2q3-2.2 8.9-6.1 1-0.7 1.8-1.6zM32 7.4q0 1.4-0.9 2.7t-2.2 2.2q-6.7 4.7-8.4 5.8-0.2 0.1-0.7 0.5t-1 0.7-0.9 0.6-1.1 0.5-0.9 0.2h-0.1q-0.4 0-0.9-0.2t-1.1-0.5-0.9-0.6-1-0.7-0.7-0.5q-1.6-1.1-4.7-3.2t-3.6-2.6q-1.1-0.7-2.1-2t-1-2.5q0-1.4 0.7-2.3t2.1-0.9h26.3q1.2 0 2 0.8t0.9 2z\"\/><\/svg><\/span><\/a><\/li><\/ul><\/div>","protected":false},"excerpt":{"rendered":"<p>Das &#8222;Wissenschaftsforum Green IT&#8220; diskutierte die Chancen der IT-Branche, dem Endkunden klimaschonende Anwendungen zu verkaufen. Berliner [&hellip;]<\/p>\n","protected":false},"author":1,"featured_media":50987,"comment_status":"closed","ping_status":"closed","sticky":false,"template":"","format":"standard","meta":{"inline_featured_image":false,"footnotes":""},"categories":[27],"tags":[],"class_list":["post-57812","post","type-post","status-publish","format-standard","has-post-thumbnail","hentry","category-zukunft"],"yoast_head":"<!-- This site is optimized with the Yoast SEO plugin v26.5 - https:\/\/yoast.com\/wordpress\/plugins\/seo\/ -->\n<title>Gr\u00fcne Informationstechnik: &quot;Anwender mehr in den Blick nehmen&quot; - Sonnenseite - \u00d6kologische Kommunikation mit Franz Alt<\/title>\n<meta name=\"description\" content=\"Das &quot;Wissenschaftsforum Green IT&quot; diskutierte die Chancen der IT-Branche, dem Endkunden klimaschonende Anwendungen zu verkaufen. Berliner Start-up\" \/>\n<meta name=\"robots\" content=\"index, follow, max-snippet:-1, max-image-preview:large, max-video-preview:-1\" \/>\n<link rel=\"canonical\" href=\"https:\/\/www.sonnenseite.com\/de\/zukunft\/gruene-informationstechnik-anwender-mehr-in-den-blick-nehmen\/\" \/>\n<meta property=\"og:locale\" content=\"de_DE\" \/>\n<meta property=\"og:type\" content=\"article\" \/>\n<meta property=\"og:title\" content=\"Gr\u00fcne Informationstechnik: &quot;Anwender mehr in den Blick nehmen&quot; - Sonnenseite - \u00d6kologische Kommunikation mit Franz Alt\" \/>\n<meta property=\"og:description\" content=\"Das &quot;Wissenschaftsforum Green IT&quot; diskutierte die Chancen der IT-Branche, dem Endkunden klimaschonende Anwendungen zu verkaufen. Berliner Start-up\" \/>\n<meta property=\"og:url\" content=\"https:\/\/www.sonnenseite.com\/de\/zukunft\/gruene-informationstechnik-anwender-mehr-in-den-blick-nehmen\/\" \/>\n<meta property=\"og:site_name\" content=\"Sonnenseite\" \/>\n<meta property=\"article:publisher\" content=\"https:\/\/www.facebook.com\/pages\/Franz-Alt-SONNENSEITECOM\/221072987903953?fref=ts\" \/>\n<meta property=\"article:published_time\" content=\"2011-11-09T23:00:00+00:00\" \/>\n<meta property=\"og:image\" content=\"https:\/\/www.sonnenseite.com\/wp-content\/uploads\/2020\/06\/archiv_artikel.jpg\" \/>\n\t<meta property=\"og:image:width\" content=\"770\" \/>\n\t<meta property=\"og:image:height\" content=\"420\" \/>\n\t<meta property=\"og:image:type\" content=\"image\/jpeg\" \/>\n<meta name=\"author\" content=\"sbade\" \/>\n<meta name=\"twitter:card\" content=\"summary_large_image\" \/>\n<meta name=\"twitter:creator\" content=\"@franzalt\" \/>\n<meta name=\"twitter:site\" content=\"@franzalt\" \/>\n<meta name=\"twitter:label1\" content=\"Verfasst von\" \/>\n\t<meta name=\"twitter:data1\" content=\"sbade\" \/>\n\t<meta name=\"twitter:label2\" content=\"Gesch\u00e4tzte Lesezeit\" \/>\n\t<meta name=\"twitter:data2\" content=\"4\u00a0Minuten\" \/>\n<script type=\"application\/ld+json\" class=\"yoast-schema-graph\">{\"@context\":\"https:\/\/schema.org\",\"@graph\":[{\"@type\":\"Article\",\"@id\":\"https:\/\/www.sonnenseite.com\/de\/zukunft\/gruene-informationstechnik-anwender-mehr-in-den-blick-nehmen\/#article\",\"isPartOf\":{\"@id\":\"https:\/\/www.sonnenseite.com\/de\/zukunft\/gruene-informationstechnik-anwender-mehr-in-den-blick-nehmen\/\"},\"author\":{\"name\":\"sbade\",\"@id\":\"https:\/\/www.sonnenseite.com\/de\/#\/schema\/person\/6df44691cd9a70d99e140e1116ee8771\"},\"headline\":\"Gr\u00fcne Informationstechnik: &#8222;Anwender mehr in den Blick nehmen&#8220;\",\"datePublished\":\"2011-11-09T23:00:00+00:00\",\"mainEntityOfPage\":{\"@id\":\"https:\/\/www.sonnenseite.com\/de\/zukunft\/gruene-informationstechnik-anwender-mehr-in-den-blick-nehmen\/\"},\"wordCount\":843,\"publisher\":{\"@id\":\"https:\/\/www.sonnenseite.com\/de\/#organization\"},\"image\":{\"@id\":\"https:\/\/www.sonnenseite.com\/de\/zukunft\/gruene-informationstechnik-anwender-mehr-in-den-blick-nehmen\/#primaryimage\"},\"thumbnailUrl\":\"https:\/\/www.sonnenseite.com\/wp-content\/uploads\/2020\/06\/archiv_artikel.jpg\",\"articleSection\":[\"Zukunft\"],\"inLanguage\":\"de\"},{\"@type\":\"WebPage\",\"@id\":\"https:\/\/www.sonnenseite.com\/de\/zukunft\/gruene-informationstechnik-anwender-mehr-in-den-blick-nehmen\/\",\"url\":\"https:\/\/www.sonnenseite.com\/de\/zukunft\/gruene-informationstechnik-anwender-mehr-in-den-blick-nehmen\/\",\"name\":\"Gr\u00fcne Informationstechnik: \\\"Anwender mehr in den Blick nehmen\\\" - Sonnenseite - \u00d6kologische Kommunikation mit Franz Alt\",\"isPartOf\":{\"@id\":\"https:\/\/www.sonnenseite.com\/de\/#website\"},\"primaryImageOfPage\":{\"@id\":\"https:\/\/www.sonnenseite.com\/de\/zukunft\/gruene-informationstechnik-anwender-mehr-in-den-blick-nehmen\/#primaryimage\"},\"image\":{\"@id\":\"https:\/\/www.sonnenseite.com\/de\/zukunft\/gruene-informationstechnik-anwender-mehr-in-den-blick-nehmen\/#primaryimage\"},\"thumbnailUrl\":\"https:\/\/www.sonnenseite.com\/wp-content\/uploads\/2020\/06\/archiv_artikel.jpg\",\"datePublished\":\"2011-11-09T23:00:00+00:00\",\"description\":\"Das \\\"Wissenschaftsforum Green IT\\\" diskutierte die Chancen der IT-Branche, dem Endkunden klimaschonende Anwendungen zu verkaufen. Berliner Start-up\",\"breadcrumb\":{\"@id\":\"https:\/\/www.sonnenseite.com\/de\/zukunft\/gruene-informationstechnik-anwender-mehr-in-den-blick-nehmen\/#breadcrumb\"},\"inLanguage\":\"de\",\"potentialAction\":[{\"@type\":\"ReadAction\",\"target\":[\"https:\/\/www.sonnenseite.com\/de\/zukunft\/gruene-informationstechnik-anwender-mehr-in-den-blick-nehmen\/\"]}]},{\"@type\":\"ImageObject\",\"inLanguage\":\"de\",\"@id\":\"https:\/\/www.sonnenseite.com\/de\/zukunft\/gruene-informationstechnik-anwender-mehr-in-den-blick-nehmen\/#primaryimage\",\"url\":\"https:\/\/www.sonnenseite.com\/wp-content\/uploads\/2020\/06\/archiv_artikel.jpg\",\"contentUrl\":\"https:\/\/www.sonnenseite.com\/wp-content\/uploads\/2020\/06\/archiv_artikel.jpg\",\"width\":770,\"height\":420,\"caption\":\"Sonnenseite\"},{\"@type\":\"BreadcrumbList\",\"@id\":\"https:\/\/www.sonnenseite.com\/de\/zukunft\/gruene-informationstechnik-anwender-mehr-in-den-blick-nehmen\/#breadcrumb\",\"itemListElement\":[{\"@type\":\"ListItem\",\"position\":1,\"name\":\"Startseite\",\"item\":\"https:\/\/www.sonnenseite.com\/de\/\"},{\"@type\":\"ListItem\",\"position\":2,\"name\":\"Gr\u00fcne Informationstechnik: &#8222;Anwender mehr in den Blick nehmen&#8220;\"}]},{\"@type\":\"WebSite\",\"@id\":\"https:\/\/www.sonnenseite.com\/de\/#website\",\"url\":\"https:\/\/www.sonnenseite.com\/de\/\",\"name\":\"Sonnenseite\",\"description\":\"\u00d6kologische Kommunikation mit Franz Alt\",\"publisher\":{\"@id\":\"https:\/\/www.sonnenseite.com\/de\/#organization\"},\"potentialAction\":[{\"@type\":\"SearchAction\",\"target\":{\"@type\":\"EntryPoint\",\"urlTemplate\":\"https:\/\/www.sonnenseite.com\/de\/?s={search_term_string}\"},\"query-input\":{\"@type\":\"PropertyValueSpecification\",\"valueRequired\":true,\"valueName\":\"search_term_string\"}}],\"inLanguage\":\"de\"},{\"@type\":\"Organization\",\"@id\":\"https:\/\/www.sonnenseite.com\/de\/#organization\",\"name\":\"Sonnenseite\",\"url\":\"https:\/\/www.sonnenseite.com\/de\/\",\"logo\":{\"@type\":\"ImageObject\",\"inLanguage\":\"de\",\"@id\":\"https:\/\/www.sonnenseite.com\/de\/#\/schema\/logo\/image\/\",\"url\":\"https:\/\/www.sonnenseite.com\/wp-content\/uploads\/2020\/05\/Sonnenseite_Logo.png\",\"contentUrl\":\"https:\/\/www.sonnenseite.com\/wp-content\/uploads\/2020\/05\/Sonnenseite_Logo.png\",\"width\":377,\"height\":90,\"caption\":\"Sonnenseite\"},\"image\":{\"@id\":\"https:\/\/www.sonnenseite.com\/de\/#\/schema\/logo\/image\/\"},\"sameAs\":[\"https:\/\/www.facebook.com\/pages\/Franz-Alt-SONNENSEITECOM\/221072987903953?fref=ts\",\"https:\/\/x.com\/franzalt\",\"http:\/\/www.youtube.com\/results?search_query&amp;amp;quot;franz_alt&amp;amp;quot;&amp;amp;amp;amp;search_type&amp;amp;amp;amp;aq=f\"]},{\"@type\":\"Person\",\"@id\":\"https:\/\/www.sonnenseite.com\/de\/#\/schema\/person\/6df44691cd9a70d99e140e1116ee8771\",\"name\":\"sbade\",\"sameAs\":[\"https:\/\/www.sonnenseite.com\"]}]}<\/script>\n<!-- \/ Yoast SEO plugin. -->","yoast_head_json":{"title":"Gr\u00fcne Informationstechnik: \"Anwender mehr in den Blick nehmen\" - Sonnenseite - \u00d6kologische Kommunikation mit Franz Alt","description":"Das \"Wissenschaftsforum Green IT\" diskutierte die Chancen der IT-Branche, dem Endkunden klimaschonende Anwendungen zu verkaufen. Berliner Start-up","robots":{"index":"index","follow":"follow","max-snippet":"max-snippet:-1","max-image-preview":"max-image-preview:large","max-video-preview":"max-video-preview:-1"},"canonical":"https:\/\/www.sonnenseite.com\/de\/zukunft\/gruene-informationstechnik-anwender-mehr-in-den-blick-nehmen\/","og_locale":"de_DE","og_type":"article","og_title":"Gr\u00fcne Informationstechnik: \"Anwender mehr in den Blick nehmen\" - Sonnenseite - \u00d6kologische Kommunikation mit Franz Alt","og_description":"Das \"Wissenschaftsforum Green IT\" diskutierte die Chancen der IT-Branche, dem Endkunden klimaschonende Anwendungen zu verkaufen. Berliner Start-up","og_url":"https:\/\/www.sonnenseite.com\/de\/zukunft\/gruene-informationstechnik-anwender-mehr-in-den-blick-nehmen\/","og_site_name":"Sonnenseite","article_publisher":"https:\/\/www.facebook.com\/pages\/Franz-Alt-SONNENSEITECOM\/221072987903953?fref=ts","article_published_time":"2011-11-09T23:00:00+00:00","og_image":[{"width":770,"height":420,"url":"https:\/\/www.sonnenseite.com\/wp-content\/uploads\/2020\/06\/archiv_artikel.jpg","type":"image\/jpeg"}],"author":"sbade","twitter_card":"summary_large_image","twitter_creator":"@franzalt","twitter_site":"@franzalt","twitter_misc":{"Verfasst von":"sbade","Gesch\u00e4tzte Lesezeit":"4\u00a0Minuten"},"schema":{"@context":"https:\/\/schema.org","@graph":[{"@type":"Article","@id":"https:\/\/www.sonnenseite.com\/de\/zukunft\/gruene-informationstechnik-anwender-mehr-in-den-blick-nehmen\/#article","isPartOf":{"@id":"https:\/\/www.sonnenseite.com\/de\/zukunft\/gruene-informationstechnik-anwender-mehr-in-den-blick-nehmen\/"},"author":{"name":"sbade","@id":"https:\/\/www.sonnenseite.com\/de\/#\/schema\/person\/6df44691cd9a70d99e140e1116ee8771"},"headline":"Gr\u00fcne Informationstechnik: &#8222;Anwender mehr in den Blick nehmen&#8220;","datePublished":"2011-11-09T23:00:00+00:00","mainEntityOfPage":{"@id":"https:\/\/www.sonnenseite.com\/de\/zukunft\/gruene-informationstechnik-anwender-mehr-in-den-blick-nehmen\/"},"wordCount":843,"publisher":{"@id":"https:\/\/www.sonnenseite.com\/de\/#organization"},"image":{"@id":"https:\/\/www.sonnenseite.com\/de\/zukunft\/gruene-informationstechnik-anwender-mehr-in-den-blick-nehmen\/#primaryimage"},"thumbnailUrl":"https:\/\/www.sonnenseite.com\/wp-content\/uploads\/2020\/06\/archiv_artikel.jpg","articleSection":["Zukunft"],"inLanguage":"de"},{"@type":"WebPage","@id":"https:\/\/www.sonnenseite.com\/de\/zukunft\/gruene-informationstechnik-anwender-mehr-in-den-blick-nehmen\/","url":"https:\/\/www.sonnenseite.com\/de\/zukunft\/gruene-informationstechnik-anwender-mehr-in-den-blick-nehmen\/","name":"Gr\u00fcne Informationstechnik: \"Anwender mehr in den Blick nehmen\" - Sonnenseite - \u00d6kologische Kommunikation mit Franz Alt","isPartOf":{"@id":"https:\/\/www.sonnenseite.com\/de\/#website"},"primaryImageOfPage":{"@id":"https:\/\/www.sonnenseite.com\/de\/zukunft\/gruene-informationstechnik-anwender-mehr-in-den-blick-nehmen\/#primaryimage"},"image":{"@id":"https:\/\/www.sonnenseite.com\/de\/zukunft\/gruene-informationstechnik-anwender-mehr-in-den-blick-nehmen\/#primaryimage"},"thumbnailUrl":"https:\/\/www.sonnenseite.com\/wp-content\/uploads\/2020\/06\/archiv_artikel.jpg","datePublished":"2011-11-09T23:00:00+00:00","description":"Das \"Wissenschaftsforum Green IT\" diskutierte die Chancen der IT-Branche, dem Endkunden klimaschonende Anwendungen zu verkaufen. Berliner Start-up","breadcrumb":{"@id":"https:\/\/www.sonnenseite.com\/de\/zukunft\/gruene-informationstechnik-anwender-mehr-in-den-blick-nehmen\/#breadcrumb"},"inLanguage":"de","potentialAction":[{"@type":"ReadAction","target":["https:\/\/www.sonnenseite.com\/de\/zukunft\/gruene-informationstechnik-anwender-mehr-in-den-blick-nehmen\/"]}]},{"@type":"ImageObject","inLanguage":"de","@id":"https:\/\/www.sonnenseite.com\/de\/zukunft\/gruene-informationstechnik-anwender-mehr-in-den-blick-nehmen\/#primaryimage","url":"https:\/\/www.sonnenseite.com\/wp-content\/uploads\/2020\/06\/archiv_artikel.jpg","contentUrl":"https:\/\/www.sonnenseite.com\/wp-content\/uploads\/2020\/06\/archiv_artikel.jpg","width":770,"height":420,"caption":"Sonnenseite"},{"@type":"BreadcrumbList","@id":"https:\/\/www.sonnenseite.com\/de\/zukunft\/gruene-informationstechnik-anwender-mehr-in-den-blick-nehmen\/#breadcrumb","itemListElement":[{"@type":"ListItem","position":1,"name":"Startseite","item":"https:\/\/www.sonnenseite.com\/de\/"},{"@type":"ListItem","position":2,"name":"Gr\u00fcne Informationstechnik: &#8222;Anwender mehr in den Blick nehmen&#8220;"}]},{"@type":"WebSite","@id":"https:\/\/www.sonnenseite.com\/de\/#website","url":"https:\/\/www.sonnenseite.com\/de\/","name":"Sonnenseite","description":"\u00d6kologische Kommunikation mit Franz Alt","publisher":{"@id":"https:\/\/www.sonnenseite.com\/de\/#organization"},"potentialAction":[{"@type":"SearchAction","target":{"@type":"EntryPoint","urlTemplate":"https:\/\/www.sonnenseite.com\/de\/?s={search_term_string}"},"query-input":{"@type":"PropertyValueSpecification","valueRequired":true,"valueName":"search_term_string"}}],"inLanguage":"de"},{"@type":"Organization","@id":"https:\/\/www.sonnenseite.com\/de\/#organization","name":"Sonnenseite","url":"https:\/\/www.sonnenseite.com\/de\/","logo":{"@type":"ImageObject","inLanguage":"de","@id":"https:\/\/www.sonnenseite.com\/de\/#\/schema\/logo\/image\/","url":"https:\/\/www.sonnenseite.com\/wp-content\/uploads\/2020\/05\/Sonnenseite_Logo.png","contentUrl":"https:\/\/www.sonnenseite.com\/wp-content\/uploads\/2020\/05\/Sonnenseite_Logo.png","width":377,"height":90,"caption":"Sonnenseite"},"image":{"@id":"https:\/\/www.sonnenseite.com\/de\/#\/schema\/logo\/image\/"},"sameAs":["https:\/\/www.facebook.com\/pages\/Franz-Alt-SONNENSEITECOM\/221072987903953?fref=ts","https:\/\/x.com\/franzalt","http:\/\/www.youtube.com\/results?search_query&amp;amp;quot;franz_alt&amp;amp;quot;&amp;amp;amp;amp;search_type&amp;amp;amp;amp;aq=f"]},{"@type":"Person","@id":"https:\/\/www.sonnenseite.com\/de\/#\/schema\/person\/6df44691cd9a70d99e140e1116ee8771","name":"sbade","sameAs":["https:\/\/www.sonnenseite.com"]}]}},"_links":{"self":[{"href":"https:\/\/www.sonnenseite.com\/de\/wp-json\/wp\/v2\/posts\/57812","targetHints":{"allow":["GET"]}}],"collection":[{"href":"https:\/\/www.sonnenseite.com\/de\/wp-json\/wp\/v2\/posts"}],"about":[{"href":"https:\/\/www.sonnenseite.com\/de\/wp-json\/wp\/v2\/types\/post"}],"author":[{"embeddable":true,"href":"https:\/\/www.sonnenseite.com\/de\/wp-json\/wp\/v2\/users\/1"}],"replies":[{"embeddable":true,"href":"https:\/\/www.sonnenseite.com\/de\/wp-json\/wp\/v2\/comments?post=57812"}],"version-history":[{"count":0,"href":"https:\/\/www.sonnenseite.com\/de\/wp-json\/wp\/v2\/posts\/57812\/revisions"}],"wp:featuredmedia":[{"embeddable":true,"href":"https:\/\/www.sonnenseite.com\/de\/wp-json\/wp\/v2\/media\/50987"}],"wp:attachment":[{"href":"https:\/\/www.sonnenseite.com\/de\/wp-json\/wp\/v2\/media?parent=57812"}],"wp:term":[{"taxonomy":"category","embeddable":true,"href":"https:\/\/www.sonnenseite.com\/de\/wp-json\/wp\/v2\/categories?post=57812"},{"taxonomy":"post_tag","embeddable":true,"href":"https:\/\/www.sonnenseite.com\/de\/wp-json\/wp\/v2\/tags?post=57812"}],"curies":[{"name":"wp","href":"https:\/\/api.w.org\/{rel}","templated":true}]}}