{"id":57892,"date":"2011-10-28T00:00:00","date_gmt":"2011-10-27T22:00:00","guid":{"rendered":"https:\/\/www.sonnenseite.com\/politik\/gruenhelme-solaranlage-in-palaestina-vor-dem-abriss.html"},"modified":"2011-10-28T00:00:00","modified_gmt":"2011-10-27T22:00:00","slug":"gruenhelme-solaranlage-in-palaestina-vor-dem-abriss","status":"publish","type":"post","link":"https:\/\/www.sonnenseite.com\/de\/politik\/gruenhelme-solaranlage-in-palaestina-vor-dem-abriss\/","title":{"rendered":"GR\u00dcNHELME-SOLARANLAGE in Pal\u00e4stina vor dem ABRISS?"},"content":{"rendered":"<p>Israel bleibt die milit\u00e4rische Besatzungsmacht, die den Pal\u00e4stinensern alles, den illegal lebenden Siedlern in der Westbank nichts verbietet. <!--more--> <\/p>\n<p>Israel bleibt die milit\u00e4rische Besatzungsmacht, die Pal\u00e4stinensern alles, den illegal lebenden Siedlern in der Westbank nichts verbietet. Da man f\u00fcr nichts, f\u00fcr keinen Bau, f\u00fcr kein Zelt, f\u00fcr keine Solaranlage eine Genehmigung bekommt, sind alle diese Investitionen gef\u00e4hrdet. Wir hatten 2010 Daoud Nassar f\u00fcr seine Begegnungsst\u00e4tte auf dem <a href=\"http:\/\/www.tentofnations.org\/\" target=\"_blank\" rel=\"noopener noreferrer\">Weinberg Daher \u201eTENT OF NATIONS\u201c<\/a> eine Solaranlage (4,5 KW) eingerichtet.<\/p>\n<p>Jetzt m\u00fcssen die Gr\u00fcnhelme wieder zittern, dass die abgerissen und zerst\u00f6rt wird, weil es keine Genehmigung daf\u00fcr gab. Um den Weinberg herum sind jetzt sechs Siedlungen, die alle Strom satt haben, die aber nichts davon an die wenigen verbliebenen Pal\u00e4stinenser weitergeben.<\/p>\n<p>Wir h\u00f6ren nun, dass die Photovoltaik-Anlage in dem Westbank Dorf Emnaizel, s\u00fcdlich von Hebron, abgerissen werden soll \u2013 wenn nicht noch ein Wunder passiert oder, was einem solchen Wunder besonders nahe kommt:\u00a0 ein Sanktionskr\u00e4ftiger Einspruch von Seiten einer EU-Regierung kommt, das den Abriss verhindert oder aufhebt.<\/p>\n<p>Es w\u00e4re dem spanischen Ministerpr\u00e4sidenten Zapatero anzuempfehlen, \u00e4hnlich etwas zu \u201e\u00fcberdenken\u201c wie die deutsche Bundeskanzlerin. Von Angela Merkel wurde am 27.10. bekannt ist, dass sie die Absicht \u201e\u00fcberdenkt\u201c: Israel ein sechstes U-Bott der Dolphin Klasse zu zahlen.<\/p>\n<p>\u00dcberdenken deshalb, weil sich die Regierung in Jerusalem dazu entschlossen habe, gegen den Widerstand aller EU Regierungen die Genehmigung zum Bau von 1100 illegalen neuen Wohnungen im Jerusalem Viertel Gilo im arabischen Ostteil zu geben. Daf\u00fcr fehle der Bundeskanzlerin \u201ejegliches Verst\u00e4ndnis\u201c, hie\u00df es. Gilo liegt jenseits der Gr\u00fcnen Linie.<\/p>\n<p><strong>Die spanische Photovoltaikanlage wurde 2009 mit einem Kostenaufwand von 292.000 Euro installiert<\/strong><\/p>\n<p>Die Gelder waren von der spanischen Agentur f\u00fcr internationale Zusammenarbeit zur Verf\u00fcgung gestellt worden. Die Anlage der spanischen Firma Seba liefert Strom f\u00fcr 40 Familien von Emnaizel, f\u00fcr eine Schule und ein medizinisches Zentrum. Die israelische Armee hat vor vier Tagen angek\u00fcndigt, dass die Anlage innerhalb einer Woche abgerissen werde, mitsamt zwei H\u00e4usern, wegen des Mangels einer Baugenehmigung.<\/p>\n<p>Die Gr\u00fcnhelme sind nun besorgt, weil Emnaizel liegt wie der Berg Daher in der Zone C der besetzten Gebiete, das ist der Teil der Westbank, in dem die sog. Pal\u00e4stinensische Autonomiebeh\u00f6rde \u00fcberhaupt keinen Zugriff hat und keine Autorit\u00e4t. Baugenehmigungen m\u00fcssen von der Besatzungsbeh\u00f6rde ausgestellt werden, und diese Genehmigungen werden auch nach Auskunft der deutschen Diplomaten im Verbindungsb\u00fcro in Ramallah sogut wie nie gegeben.<\/p>\n<p><strong>Israels Strategie in den s\u00fcdlichen Hebron H\u00fcgeln sei es, alle Optionen zu verweigern, um pal\u00e4stinensisches Leben \u00a0zu verbannen und den j\u00fcdischen Siedlern die Kontrolle des Ackerlandes zuzuwenden.<\/strong><\/p>\n<p>In der Zone C gibt es f\u00fcr Pal\u00e4stinenser keinen Anschluss an die Stromnetze. Deshalb ist die Anlage der spanischen Firma Basic Energy Systems (SEBA) so notwendig f\u00fcr die Bev\u00f6lkerung in Emnaizel. Die Anlage besteht aus einem Solarfeld von 30 mal 40 Metern und einem Geb\u00e4ude f\u00fcr die Batterien. Ein spanischer Entwicklungshelfer erkl\u00e4rte: \u201eDie Soldaten kamen in die Ortschaft am 18. Oktober und gaben die Mitteilung, dass der Abriss am n\u00e4chsten tag stattfinden w\u00fcrde\u201c, falls die Spanische Firma oder die Pal\u00e4stinenser sie nicht selbst zerst\u00f6ren w\u00fcrden.<\/p>\n<p>Die Gr\u00fcnhelme sind sehr besorgt, dass sich \u00c4hnliches in der Nachbarschaft auf dem Weinberg Daher ereignet. 2010 haben wir noch einen Abriss durch massive Intervention des MdB Ruprecht Polenz, des deutschen Au\u00dfenministers Guido Westerwelle und des Deutschen Botschafters in Israel erreichen k\u00f6nnen. Aber jetzt ist wieder alles m\u00f6glich.<\/p>\n<p>Deshalb unsere Bitte an die Bundesregierung, alles zu tun, damit f\u00fcr die Pal\u00e4stinenser normale menschenrechtliche Bedingungen f\u00fcr ihr Leben, ihre Arbeit und ihre Bewegung entstehen.<\/p>\n<h5 class=\"green\">Quelle<\/h5>\n<p>Rupert Neudeck 2011Gr\u00fcnhelme 2011<\/p>\n<div class=\"shariff shariff-align-flex-start shariff-widget-align-flex-start\"><div class=\"ShariffHeadline\">Diese Meldung teilen<\/div><ul class=\"shariff-buttons theme-round orientation-horizontal buttonsize-medium\"><li class=\"shariff-button facebook shariff-nocustomcolor\" style=\"background-color:#4273c8;border-radius:1%\"><a href=\"https:\/\/www.facebook.com\/sharer\/sharer.php?u=https%3A%2F%2Fwww.sonnenseite.com%2Fde%2Fpolitik%2Fgruenhelme-solaranlage-in-palaestina-vor-dem-abriss%2F\" title=\"Bei Facebook teilen\" aria-label=\"Bei Facebook teilen\" role=\"button\" rel=\"nofollow\" class=\"shariff-link\" style=\";border-radius:1%; background-color:#3b5998; color:#fff\" target=\"_blank\"><span class=\"shariff-icon\" style=\"\"><svg width=\"32px\" height=\"20px\" xmlns=\"http:\/\/www.w3.org\/2000\/svg\" viewBox=\"0 0 18 32\"><path fill=\"#3b5998\" d=\"M17.1 0.2v4.7h-2.8q-1.5 0-2.1 0.6t-0.5 1.9v3.4h5.2l-0.7 5.3h-4.5v13.6h-5.5v-13.6h-4.5v-5.3h4.5v-3.9q0-3.3 1.9-5.2t5-1.8q2.6 0 4.1 0.2z\"\/><\/svg><\/span><\/a><\/li><li class=\"shariff-button twitter shariff-nocustomcolor\" style=\"background-color:#595959;border-radius:1%\"><a href=\"https:\/\/twitter.com\/share?url=https%3A%2F%2Fwww.sonnenseite.com%2Fde%2Fpolitik%2Fgruenhelme-solaranlage-in-palaestina-vor-dem-abriss%2F&text=GR%C3%9CNHELME-SOLARANLAGE%20in%20Pal%C3%A4stina%20vor%20dem%20ABRISS%3F\" title=\"Bei X teilen\" aria-label=\"Bei X teilen\" role=\"button\" rel=\"noopener nofollow\" class=\"shariff-link\" style=\";border-radius:1%; background-color:#000; color:#fff\" target=\"_blank\"><span class=\"shariff-icon\" style=\"\"><svg width=\"32px\" height=\"20px\" xmlns=\"http:\/\/www.w3.org\/2000\/svg\" viewBox=\"0 0 24 24\"><path fill=\"#000\" d=\"M14.258 10.152L23.176 0h-2.113l-7.747 8.813L7.133 0H0l9.352 13.328L0 23.973h2.113l8.176-9.309 6.531 9.309h7.133zm-2.895 3.293l-.949-1.328L2.875 1.56h3.246l6.086 8.523.945 1.328 7.91 11.078h-3.246zm0 0\"\/><\/svg><\/span><\/a><\/li><li class=\"shariff-button xing shariff-nocustomcolor\" style=\"background-color:#29888a;border-radius:1%\"><a href=\"https:\/\/www.xing.com\/spi\/shares\/new?url=https%3A%2F%2Fwww.sonnenseite.com%2Fde%2Fpolitik%2Fgruenhelme-solaranlage-in-palaestina-vor-dem-abriss%2F\" title=\"Bei XING teilen\" aria-label=\"Bei XING teilen\" role=\"button\" rel=\"noopener nofollow\" class=\"shariff-link\" style=\";border-radius:1%; background-color:#126567; color:#fff\" target=\"_blank\"><span class=\"shariff-icon\" style=\"\"><svg width=\"32px\" height=\"20px\" xmlns=\"http:\/\/www.w3.org\/2000\/svg\" viewBox=\"0 0 25 32\"><path fill=\"#126567\" d=\"M10.7 11.9q-0.2 0.3-4.6 8.2-0.5 0.8-1.2 0.8h-4.3q-0.4 0-0.5-0.3t0-0.6l4.5-8q0 0 0 0l-2.9-5q-0.2-0.4 0-0.7 0.2-0.3 0.5-0.3h4.3q0.7 0 1.2 0.8zM25.1 0.4q0.2 0.3 0 0.7l-9.4 16.7 6 11q0.2 0.4 0 0.6-0.2 0.3-0.6 0.3h-4.3q-0.7 0-1.2-0.8l-6-11.1q0.3-0.6 9.5-16.8 0.4-0.8 1.2-0.8h4.3q0.4 0 0.5 0.3z\"\/><\/svg><\/span><\/a><\/li><li class=\"shariff-button linkedin shariff-nocustomcolor\" style=\"background-color:#1488bf;border-radius:1%\"><a href=\"https:\/\/www.linkedin.com\/sharing\/share-offsite\/?url=https%3A%2F%2Fwww.sonnenseite.com%2Fde%2Fpolitik%2Fgruenhelme-solaranlage-in-palaestina-vor-dem-abriss%2F\" title=\"Bei LinkedIn teilen\" aria-label=\"Bei LinkedIn teilen\" role=\"button\" rel=\"noopener nofollow\" class=\"shariff-link\" style=\";border-radius:1%; background-color:#0077b5; color:#fff\" target=\"_blank\"><span class=\"shariff-icon\" style=\"\"><svg width=\"32px\" height=\"20px\" xmlns=\"http:\/\/www.w3.org\/2000\/svg\" viewBox=\"0 0 27 32\"><path fill=\"#0077b5\" d=\"M6.2 11.2v17.7h-5.9v-17.7h5.9zM6.6 5.7q0 1.3-0.9 2.2t-2.4 0.9h0q-1.5 0-2.4-0.9t-0.9-2.2 0.9-2.2 2.4-0.9 2.4 0.9 0.9 2.2zM27.4 18.7v10.1h-5.9v-9.5q0-1.9-0.7-2.9t-2.3-1.1q-1.1 0-1.9 0.6t-1.2 1.5q-0.2 0.5-0.2 1.4v9.9h-5.9q0-7.1 0-11.6t0-5.3l0-0.9h5.9v2.6h0q0.4-0.6 0.7-1t1-0.9 1.6-0.8 2-0.3q3 0 4.9 2t1.9 6z\"\/><\/svg><\/span><\/a><\/li><li class=\"shariff-button printer shariff-nocustomcolor\" style=\"background-color:#a8a8a8;border-radius:1%\"><a href=\"javascript:window.print()\" title=\"drucken\" aria-label=\"drucken\" role=\"button\" rel=\"noopener nofollow\" class=\"shariff-link\" style=\";border-radius:1%; background-color:#999; color:#fff\"><span class=\"shariff-icon\" style=\"\"><svg width=\"32px\" height=\"20px\" xmlns=\"http:\/\/www.w3.org\/2000\/svg\" viewBox=\"0 0 30 32\"><path fill=\"#999\" d=\"M6.8 27.4h16v-4.6h-16v4.6zM6.8 16h16v-6.8h-2.8q-0.7 0-1.2-0.5t-0.5-1.2v-2.8h-11.4v11.4zM27.4 17.2q0-0.5-0.3-0.8t-0.8-0.4-0.8 0.4-0.3 0.8 0.3 0.8 0.8 0.3 0.8-0.3 0.3-0.8zM29.7 17.2v7.4q0 0.2-0.2 0.4t-0.4 0.2h-4v2.8q0 0.7-0.5 1.2t-1.2 0.5h-17.2q-0.7 0-1.2-0.5t-0.5-1.2v-2.8h-4q-0.2 0-0.4-0.2t-0.2-0.4v-7.4q0-1.4 1-2.4t2.4-1h1.2v-9.7q0-0.7 0.5-1.2t1.2-0.5h12q0.7 0 1.6 0.4t1.3 0.8l2.7 2.7q0.5 0.5 0.9 1.4t0.4 1.6v4.6h1.1q1.4 0 2.4 1t1 2.4z\"\/><\/svg><\/span><\/a><\/li><li class=\"shariff-button mailto shariff-nocustomcolor\" style=\"background-color:#a8a8a8;border-radius:1%\"><a href=\"mailto:?body=https%3A%2F%2Fwww.sonnenseite.com%2Fde%2Fpolitik%2Fgruenhelme-solaranlage-in-palaestina-vor-dem-abriss%2F&subject=GR%C3%9CNHELME-SOLARANLAGE%20in%20Pal%C3%A4stina%20vor%20dem%20ABRISS%3F\" title=\"Per E-Mail versenden\" aria-label=\"Per E-Mail versenden\" role=\"button\" rel=\"noopener nofollow\" class=\"shariff-link\" style=\";border-radius:1%; background-color:#999; color:#fff\"><span class=\"shariff-icon\" style=\"\"><svg width=\"32px\" height=\"20px\" xmlns=\"http:\/\/www.w3.org\/2000\/svg\" viewBox=\"0 0 32 32\"><path fill=\"#999\" d=\"M32 12.7v14.2q0 1.2-0.8 2t-2 0.9h-26.3q-1.2 0-2-0.9t-0.8-2v-14.2q0.8 0.9 1.8 1.6 6.5 4.4 8.9 6.1 1 0.8 1.6 1.2t1.7 0.9 2 0.4h0.1q0.9 0 2-0.4t1.7-0.9 1.6-1.2q3-2.2 8.9-6.1 1-0.7 1.8-1.6zM32 7.4q0 1.4-0.9 2.7t-2.2 2.2q-6.7 4.7-8.4 5.8-0.2 0.1-0.7 0.5t-1 0.7-0.9 0.6-1.1 0.5-0.9 0.2h-0.1q-0.4 0-0.9-0.2t-1.1-0.5-0.9-0.6-1-0.7-0.7-0.5q-1.6-1.1-4.7-3.2t-3.6-2.6q-1.1-0.7-2.1-2t-1-2.5q0-1.4 0.7-2.3t2.1-0.9h26.3q1.2 0 2 0.8t0.9 2z\"\/><\/svg><\/span><\/a><\/li><\/ul><\/div>","protected":false},"excerpt":{"rendered":"<p>Israel bleibt die milit\u00e4rische Besatzungsmacht, die den Pal\u00e4stinensern alles, den illegal lebenden Siedlern in der Westbank [&hellip;]<\/p>\n","protected":false},"author":1,"featured_media":50987,"comment_status":"closed","ping_status":"closed","sticky":false,"template":"","format":"standard","meta":{"inline_featured_image":false,"footnotes":""},"categories":[21],"tags":[],"class_list":["post-57892","post","type-post","status-publish","format-standard","has-post-thumbnail","hentry","category-politik"],"yoast_head":"<!-- This site is optimized with the Yoast SEO plugin v26.5 - https:\/\/yoast.com\/wordpress\/plugins\/seo\/ -->\n<title>GR\u00dcNHELME-SOLARANLAGE in Pal\u00e4stina vor dem ABRISS? - Sonnenseite - \u00d6kologische Kommunikation mit Franz Alt<\/title>\n<meta name=\"description\" content=\"Israel bleibt die milit\u00e4rische Besatzungsmacht, die den Pal\u00e4stinensern alles, den illegal lebenden Siedlern in der Westbank nichts verbietet. Israel\" \/>\n<meta name=\"robots\" content=\"index, follow, max-snippet:-1, max-image-preview:large, max-video-preview:-1\" \/>\n<link rel=\"canonical\" href=\"https:\/\/www.sonnenseite.com\/de\/politik\/gruenhelme-solaranlage-in-palaestina-vor-dem-abriss\/\" \/>\n<meta property=\"og:locale\" content=\"de_DE\" \/>\n<meta property=\"og:type\" content=\"article\" \/>\n<meta property=\"og:title\" content=\"GR\u00dcNHELME-SOLARANLAGE in Pal\u00e4stina vor dem ABRISS? - Sonnenseite - \u00d6kologische Kommunikation mit Franz Alt\" \/>\n<meta property=\"og:description\" content=\"Israel bleibt die milit\u00e4rische Besatzungsmacht, die den Pal\u00e4stinensern alles, den illegal lebenden Siedlern in der Westbank nichts verbietet. Israel\" \/>\n<meta property=\"og:url\" content=\"https:\/\/www.sonnenseite.com\/de\/politik\/gruenhelme-solaranlage-in-palaestina-vor-dem-abriss\/\" \/>\n<meta property=\"og:site_name\" content=\"Sonnenseite\" \/>\n<meta property=\"article:publisher\" content=\"https:\/\/www.facebook.com\/pages\/Franz-Alt-SONNENSEITECOM\/221072987903953?fref=ts\" \/>\n<meta property=\"article:published_time\" content=\"2011-10-27T22:00:00+00:00\" \/>\n<meta property=\"og:image\" content=\"https:\/\/www.sonnenseite.com\/wp-content\/uploads\/2020\/06\/archiv_artikel.jpg\" \/>\n\t<meta property=\"og:image:width\" content=\"770\" \/>\n\t<meta property=\"og:image:height\" content=\"420\" \/>\n\t<meta property=\"og:image:type\" content=\"image\/jpeg\" \/>\n<meta name=\"author\" content=\"sbade\" \/>\n<meta name=\"twitter:card\" content=\"summary_large_image\" \/>\n<meta name=\"twitter:creator\" content=\"@franzalt\" \/>\n<meta name=\"twitter:site\" content=\"@franzalt\" \/>\n<meta name=\"twitter:label1\" content=\"Verfasst von\" \/>\n\t<meta name=\"twitter:data1\" content=\"sbade\" \/>\n\t<meta name=\"twitter:label2\" content=\"Gesch\u00e4tzte Lesezeit\" \/>\n\t<meta name=\"twitter:data2\" content=\"3\u00a0Minuten\" \/>\n<script type=\"application\/ld+json\" class=\"yoast-schema-graph\">{\"@context\":\"https:\/\/schema.org\",\"@graph\":[{\"@type\":\"Article\",\"@id\":\"https:\/\/www.sonnenseite.com\/de\/politik\/gruenhelme-solaranlage-in-palaestina-vor-dem-abriss\/#article\",\"isPartOf\":{\"@id\":\"https:\/\/www.sonnenseite.com\/de\/politik\/gruenhelme-solaranlage-in-palaestina-vor-dem-abriss\/\"},\"author\":{\"name\":\"sbade\",\"@id\":\"https:\/\/www.sonnenseite.com\/de\/#\/schema\/person\/6df44691cd9a70d99e140e1116ee8771\"},\"headline\":\"GR\u00dcNHELME-SOLARANLAGE in Pal\u00e4stina vor dem ABRISS?\",\"datePublished\":\"2011-10-27T22:00:00+00:00\",\"mainEntityOfPage\":{\"@id\":\"https:\/\/www.sonnenseite.com\/de\/politik\/gruenhelme-solaranlage-in-palaestina-vor-dem-abriss\/\"},\"wordCount\":627,\"publisher\":{\"@id\":\"https:\/\/www.sonnenseite.com\/de\/#organization\"},\"image\":{\"@id\":\"https:\/\/www.sonnenseite.com\/de\/politik\/gruenhelme-solaranlage-in-palaestina-vor-dem-abriss\/#primaryimage\"},\"thumbnailUrl\":\"https:\/\/www.sonnenseite.com\/wp-content\/uploads\/2020\/06\/archiv_artikel.jpg\",\"articleSection\":[\"Politik\"],\"inLanguage\":\"de\"},{\"@type\":\"WebPage\",\"@id\":\"https:\/\/www.sonnenseite.com\/de\/politik\/gruenhelme-solaranlage-in-palaestina-vor-dem-abriss\/\",\"url\":\"https:\/\/www.sonnenseite.com\/de\/politik\/gruenhelme-solaranlage-in-palaestina-vor-dem-abriss\/\",\"name\":\"GR\u00dcNHELME-SOLARANLAGE in Pal\u00e4stina vor dem ABRISS? - Sonnenseite - \u00d6kologische Kommunikation mit Franz Alt\",\"isPartOf\":{\"@id\":\"https:\/\/www.sonnenseite.com\/de\/#website\"},\"primaryImageOfPage\":{\"@id\":\"https:\/\/www.sonnenseite.com\/de\/politik\/gruenhelme-solaranlage-in-palaestina-vor-dem-abriss\/#primaryimage\"},\"image\":{\"@id\":\"https:\/\/www.sonnenseite.com\/de\/politik\/gruenhelme-solaranlage-in-palaestina-vor-dem-abriss\/#primaryimage\"},\"thumbnailUrl\":\"https:\/\/www.sonnenseite.com\/wp-content\/uploads\/2020\/06\/archiv_artikel.jpg\",\"datePublished\":\"2011-10-27T22:00:00+00:00\",\"description\":\"Israel bleibt die milit\u00e4rische Besatzungsmacht, die den Pal\u00e4stinensern alles, den illegal lebenden Siedlern in der Westbank nichts verbietet. Israel\",\"breadcrumb\":{\"@id\":\"https:\/\/www.sonnenseite.com\/de\/politik\/gruenhelme-solaranlage-in-palaestina-vor-dem-abriss\/#breadcrumb\"},\"inLanguage\":\"de\",\"potentialAction\":[{\"@type\":\"ReadAction\",\"target\":[\"https:\/\/www.sonnenseite.com\/de\/politik\/gruenhelme-solaranlage-in-palaestina-vor-dem-abriss\/\"]}]},{\"@type\":\"ImageObject\",\"inLanguage\":\"de\",\"@id\":\"https:\/\/www.sonnenseite.com\/de\/politik\/gruenhelme-solaranlage-in-palaestina-vor-dem-abriss\/#primaryimage\",\"url\":\"https:\/\/www.sonnenseite.com\/wp-content\/uploads\/2020\/06\/archiv_artikel.jpg\",\"contentUrl\":\"https:\/\/www.sonnenseite.com\/wp-content\/uploads\/2020\/06\/archiv_artikel.jpg\",\"width\":770,\"height\":420,\"caption\":\"Sonnenseite\"},{\"@type\":\"BreadcrumbList\",\"@id\":\"https:\/\/www.sonnenseite.com\/de\/politik\/gruenhelme-solaranlage-in-palaestina-vor-dem-abriss\/#breadcrumb\",\"itemListElement\":[{\"@type\":\"ListItem\",\"position\":1,\"name\":\"Startseite\",\"item\":\"https:\/\/www.sonnenseite.com\/de\/\"},{\"@type\":\"ListItem\",\"position\":2,\"name\":\"GR\u00dcNHELME-SOLARANLAGE in Pal\u00e4stina vor dem ABRISS?\"}]},{\"@type\":\"WebSite\",\"@id\":\"https:\/\/www.sonnenseite.com\/de\/#website\",\"url\":\"https:\/\/www.sonnenseite.com\/de\/\",\"name\":\"Sonnenseite\",\"description\":\"\u00d6kologische Kommunikation mit Franz Alt\",\"publisher\":{\"@id\":\"https:\/\/www.sonnenseite.com\/de\/#organization\"},\"potentialAction\":[{\"@type\":\"SearchAction\",\"target\":{\"@type\":\"EntryPoint\",\"urlTemplate\":\"https:\/\/www.sonnenseite.com\/de\/?s={search_term_string}\"},\"query-input\":{\"@type\":\"PropertyValueSpecification\",\"valueRequired\":true,\"valueName\":\"search_term_string\"}}],\"inLanguage\":\"de\"},{\"@type\":\"Organization\",\"@id\":\"https:\/\/www.sonnenseite.com\/de\/#organization\",\"name\":\"Sonnenseite\",\"url\":\"https:\/\/www.sonnenseite.com\/de\/\",\"logo\":{\"@type\":\"ImageObject\",\"inLanguage\":\"de\",\"@id\":\"https:\/\/www.sonnenseite.com\/de\/#\/schema\/logo\/image\/\",\"url\":\"https:\/\/www.sonnenseite.com\/wp-content\/uploads\/2020\/05\/Sonnenseite_Logo.png\",\"contentUrl\":\"https:\/\/www.sonnenseite.com\/wp-content\/uploads\/2020\/05\/Sonnenseite_Logo.png\",\"width\":377,\"height\":90,\"caption\":\"Sonnenseite\"},\"image\":{\"@id\":\"https:\/\/www.sonnenseite.com\/de\/#\/schema\/logo\/image\/\"},\"sameAs\":[\"https:\/\/www.facebook.com\/pages\/Franz-Alt-SONNENSEITECOM\/221072987903953?fref=ts\",\"https:\/\/x.com\/franzalt\",\"http:\/\/www.youtube.com\/results?search_query&amp;amp;quot;franz_alt&amp;amp;quot;&amp;amp;amp;amp;search_type&amp;amp;amp;amp;aq=f\"]},{\"@type\":\"Person\",\"@id\":\"https:\/\/www.sonnenseite.com\/de\/#\/schema\/person\/6df44691cd9a70d99e140e1116ee8771\",\"name\":\"sbade\",\"sameAs\":[\"https:\/\/www.sonnenseite.com\"]}]}<\/script>\n<!-- \/ Yoast SEO plugin. -->","yoast_head_json":{"title":"GR\u00dcNHELME-SOLARANLAGE in Pal\u00e4stina vor dem ABRISS? - Sonnenseite - \u00d6kologische Kommunikation mit Franz Alt","description":"Israel bleibt die milit\u00e4rische Besatzungsmacht, die den Pal\u00e4stinensern alles, den illegal lebenden Siedlern in der Westbank nichts verbietet. Israel","robots":{"index":"index","follow":"follow","max-snippet":"max-snippet:-1","max-image-preview":"max-image-preview:large","max-video-preview":"max-video-preview:-1"},"canonical":"https:\/\/www.sonnenseite.com\/de\/politik\/gruenhelme-solaranlage-in-palaestina-vor-dem-abriss\/","og_locale":"de_DE","og_type":"article","og_title":"GR\u00dcNHELME-SOLARANLAGE in Pal\u00e4stina vor dem ABRISS? - Sonnenseite - \u00d6kologische Kommunikation mit Franz Alt","og_description":"Israel bleibt die milit\u00e4rische Besatzungsmacht, die den Pal\u00e4stinensern alles, den illegal lebenden Siedlern in der Westbank nichts verbietet. Israel","og_url":"https:\/\/www.sonnenseite.com\/de\/politik\/gruenhelme-solaranlage-in-palaestina-vor-dem-abriss\/","og_site_name":"Sonnenseite","article_publisher":"https:\/\/www.facebook.com\/pages\/Franz-Alt-SONNENSEITECOM\/221072987903953?fref=ts","article_published_time":"2011-10-27T22:00:00+00:00","og_image":[{"width":770,"height":420,"url":"https:\/\/www.sonnenseite.com\/wp-content\/uploads\/2020\/06\/archiv_artikel.jpg","type":"image\/jpeg"}],"author":"sbade","twitter_card":"summary_large_image","twitter_creator":"@franzalt","twitter_site":"@franzalt","twitter_misc":{"Verfasst von":"sbade","Gesch\u00e4tzte Lesezeit":"3\u00a0Minuten"},"schema":{"@context":"https:\/\/schema.org","@graph":[{"@type":"Article","@id":"https:\/\/www.sonnenseite.com\/de\/politik\/gruenhelme-solaranlage-in-palaestina-vor-dem-abriss\/#article","isPartOf":{"@id":"https:\/\/www.sonnenseite.com\/de\/politik\/gruenhelme-solaranlage-in-palaestina-vor-dem-abriss\/"},"author":{"name":"sbade","@id":"https:\/\/www.sonnenseite.com\/de\/#\/schema\/person\/6df44691cd9a70d99e140e1116ee8771"},"headline":"GR\u00dcNHELME-SOLARANLAGE in Pal\u00e4stina vor dem ABRISS?","datePublished":"2011-10-27T22:00:00+00:00","mainEntityOfPage":{"@id":"https:\/\/www.sonnenseite.com\/de\/politik\/gruenhelme-solaranlage-in-palaestina-vor-dem-abriss\/"},"wordCount":627,"publisher":{"@id":"https:\/\/www.sonnenseite.com\/de\/#organization"},"image":{"@id":"https:\/\/www.sonnenseite.com\/de\/politik\/gruenhelme-solaranlage-in-palaestina-vor-dem-abriss\/#primaryimage"},"thumbnailUrl":"https:\/\/www.sonnenseite.com\/wp-content\/uploads\/2020\/06\/archiv_artikel.jpg","articleSection":["Politik"],"inLanguage":"de"},{"@type":"WebPage","@id":"https:\/\/www.sonnenseite.com\/de\/politik\/gruenhelme-solaranlage-in-palaestina-vor-dem-abriss\/","url":"https:\/\/www.sonnenseite.com\/de\/politik\/gruenhelme-solaranlage-in-palaestina-vor-dem-abriss\/","name":"GR\u00dcNHELME-SOLARANLAGE in Pal\u00e4stina vor dem ABRISS? - Sonnenseite - \u00d6kologische Kommunikation mit Franz Alt","isPartOf":{"@id":"https:\/\/www.sonnenseite.com\/de\/#website"},"primaryImageOfPage":{"@id":"https:\/\/www.sonnenseite.com\/de\/politik\/gruenhelme-solaranlage-in-palaestina-vor-dem-abriss\/#primaryimage"},"image":{"@id":"https:\/\/www.sonnenseite.com\/de\/politik\/gruenhelme-solaranlage-in-palaestina-vor-dem-abriss\/#primaryimage"},"thumbnailUrl":"https:\/\/www.sonnenseite.com\/wp-content\/uploads\/2020\/06\/archiv_artikel.jpg","datePublished":"2011-10-27T22:00:00+00:00","description":"Israel bleibt die milit\u00e4rische Besatzungsmacht, die den Pal\u00e4stinensern alles, den illegal lebenden Siedlern in der Westbank nichts verbietet. Israel","breadcrumb":{"@id":"https:\/\/www.sonnenseite.com\/de\/politik\/gruenhelme-solaranlage-in-palaestina-vor-dem-abriss\/#breadcrumb"},"inLanguage":"de","potentialAction":[{"@type":"ReadAction","target":["https:\/\/www.sonnenseite.com\/de\/politik\/gruenhelme-solaranlage-in-palaestina-vor-dem-abriss\/"]}]},{"@type":"ImageObject","inLanguage":"de","@id":"https:\/\/www.sonnenseite.com\/de\/politik\/gruenhelme-solaranlage-in-palaestina-vor-dem-abriss\/#primaryimage","url":"https:\/\/www.sonnenseite.com\/wp-content\/uploads\/2020\/06\/archiv_artikel.jpg","contentUrl":"https:\/\/www.sonnenseite.com\/wp-content\/uploads\/2020\/06\/archiv_artikel.jpg","width":770,"height":420,"caption":"Sonnenseite"},{"@type":"BreadcrumbList","@id":"https:\/\/www.sonnenseite.com\/de\/politik\/gruenhelme-solaranlage-in-palaestina-vor-dem-abriss\/#breadcrumb","itemListElement":[{"@type":"ListItem","position":1,"name":"Startseite","item":"https:\/\/www.sonnenseite.com\/de\/"},{"@type":"ListItem","position":2,"name":"GR\u00dcNHELME-SOLARANLAGE in Pal\u00e4stina vor dem ABRISS?"}]},{"@type":"WebSite","@id":"https:\/\/www.sonnenseite.com\/de\/#website","url":"https:\/\/www.sonnenseite.com\/de\/","name":"Sonnenseite","description":"\u00d6kologische Kommunikation mit Franz Alt","publisher":{"@id":"https:\/\/www.sonnenseite.com\/de\/#organization"},"potentialAction":[{"@type":"SearchAction","target":{"@type":"EntryPoint","urlTemplate":"https:\/\/www.sonnenseite.com\/de\/?s={search_term_string}"},"query-input":{"@type":"PropertyValueSpecification","valueRequired":true,"valueName":"search_term_string"}}],"inLanguage":"de"},{"@type":"Organization","@id":"https:\/\/www.sonnenseite.com\/de\/#organization","name":"Sonnenseite","url":"https:\/\/www.sonnenseite.com\/de\/","logo":{"@type":"ImageObject","inLanguage":"de","@id":"https:\/\/www.sonnenseite.com\/de\/#\/schema\/logo\/image\/","url":"https:\/\/www.sonnenseite.com\/wp-content\/uploads\/2020\/05\/Sonnenseite_Logo.png","contentUrl":"https:\/\/www.sonnenseite.com\/wp-content\/uploads\/2020\/05\/Sonnenseite_Logo.png","width":377,"height":90,"caption":"Sonnenseite"},"image":{"@id":"https:\/\/www.sonnenseite.com\/de\/#\/schema\/logo\/image\/"},"sameAs":["https:\/\/www.facebook.com\/pages\/Franz-Alt-SONNENSEITECOM\/221072987903953?fref=ts","https:\/\/x.com\/franzalt","http:\/\/www.youtube.com\/results?search_query&amp;amp;quot;franz_alt&amp;amp;quot;&amp;amp;amp;amp;search_type&amp;amp;amp;amp;aq=f"]},{"@type":"Person","@id":"https:\/\/www.sonnenseite.com\/de\/#\/schema\/person\/6df44691cd9a70d99e140e1116ee8771","name":"sbade","sameAs":["https:\/\/www.sonnenseite.com"]}]}},"_links":{"self":[{"href":"https:\/\/www.sonnenseite.com\/de\/wp-json\/wp\/v2\/posts\/57892","targetHints":{"allow":["GET"]}}],"collection":[{"href":"https:\/\/www.sonnenseite.com\/de\/wp-json\/wp\/v2\/posts"}],"about":[{"href":"https:\/\/www.sonnenseite.com\/de\/wp-json\/wp\/v2\/types\/post"}],"author":[{"embeddable":true,"href":"https:\/\/www.sonnenseite.com\/de\/wp-json\/wp\/v2\/users\/1"}],"replies":[{"embeddable":true,"href":"https:\/\/www.sonnenseite.com\/de\/wp-json\/wp\/v2\/comments?post=57892"}],"version-history":[{"count":0,"href":"https:\/\/www.sonnenseite.com\/de\/wp-json\/wp\/v2\/posts\/57892\/revisions"}],"wp:featuredmedia":[{"embeddable":true,"href":"https:\/\/www.sonnenseite.com\/de\/wp-json\/wp\/v2\/media\/50987"}],"wp:attachment":[{"href":"https:\/\/www.sonnenseite.com\/de\/wp-json\/wp\/v2\/media?parent=57892"}],"wp:term":[{"taxonomy":"category","embeddable":true,"href":"https:\/\/www.sonnenseite.com\/de\/wp-json\/wp\/v2\/categories?post=57892"},{"taxonomy":"post_tag","embeddable":true,"href":"https:\/\/www.sonnenseite.com\/de\/wp-json\/wp\/v2\/tags?post=57892"}],"curies":[{"name":"wp","href":"https:\/\/api.w.org\/{rel}","templated":true}]}}