{"id":58091,"date":"2011-09-24T00:00:00","date_gmt":"2011-09-23T22:00:00","guid":{"rendered":"https:\/\/www.sonnenseite.com\/politik\/geothermie-licht-ins-dunkel-bringen.html"},"modified":"2011-09-24T00:00:00","modified_gmt":"2011-09-23T22:00:00","slug":"geothermie-licht-ins-dunkel-bringen","status":"publish","type":"post","link":"https:\/\/www.sonnenseite.com\/de\/politik\/geothermie-licht-ins-dunkel-bringen\/","title":{"rendered":"Geothermie \u2013 Licht ins Dunkel bringen"},"content":{"rendered":"<p>DCTI Publikation zur Geothermie: \u00d6ffentliche Wahrnehmung und tats\u00e4chliche Potentiale. <!--more--> <\/p>\n<p>Im Rahmen der wissenschaftlichen Sondierung der CleanTech M\u00e4rkte  besch\u00e4ftigt sich das Deutsche CleanTech Institut aktuell mit der vierten  S\u00e4ule der Erneuerbaren Energien, dem Thema Geothermie. Die <a href=\"http:\/\/www.dcti.de\/fileadmin\/pdfs_dcti\/DCTI_GZB_Geothermie.pdf\" target=\"_blank\" rel=\"noopener noreferrer\">Publikation  \u201eGeothermie \u2013 Licht ins Dunkel bringen\u201c<\/a> unterst\u00fctzt die  Kommunikationsaktivit\u00e4ten der Branche und erh\u00f6ht so langfristig die  Akzeptanz f\u00fcr geothermische Projekte in der Bev\u00f6lkerung. Unternehmen der  Geothermie-Branche wird die M\u00f6glichkeit gegeben, die b\u00fcrgernahe  Kommunikation aktiv mitzugestalten.<\/p>\n<p>Zusammen mit dem <a href=\"http:\/\/www.geothermie-zentrum.de\" target=\"_blank\" rel=\"noopener noreferrer\">Geothermiezentrum Bochum (GZB)<\/a> und mit  Unterst\u00fctzung des <a href=\"http:\/\/www.geothermie.de\" target=\"_blank\" rel=\"noopener noreferrer\">GtV-Bundesverbandes Geothermie (GtV-BV)<\/a>, der  <a href=\"http:\/\/www.tga-fachplaner.de\/\" target=\"_blank\" rel=\"noopener noreferrer\">Fachzeitschrift TGA Fachplaner <\/a>sowie dem Internetportal <a href=\"http:\/\/www.cleanthinking.de\/\" target=\"_blank\" rel=\"noopener noreferrer\">Cleanthinking.de<\/a> ver\u00f6ffentlicht das <a href=\"http:\/\/www.dcti.de\" target=\"_blank\" rel=\"noopener noreferrer\">DCTI<\/a> zur <a href=\"http:\/\/www.e-world-2012.com\/\" target=\"_blank\" rel=\"noopener noreferrer\">E-world<\/a> im Februar 2012 die Publikation  \u201eGeothermie \u2013 Licht ins Dunkel bringen\u201c. Zielgruppen sind die privaten  Haushalte, Unternehmen sowie Stadtwerke und Kommunen f\u00fcr deren jeweilige  Anforderungen die Geothermie beschrieben wird. So werden jeweils die  Technologien, Anwendungen, F\u00f6rderm\u00f6glichkeiten, Finanzierung etc.  aufgearbeitet. Zudem werden zu jedem Kapitel praxisnah Best  Practice-Beispiele dargestellt, die anschaulich die potentiellen  M\u00f6glichkeiten der Erw\u00e4rme aufzeigen.<\/p>\n<p><strong>Geothermie: Nischentechnologie mit enormem Marktpotential <\/strong><\/p>\n<p>Derzeit nimmt die Geothermie noch einen sehr geringen Anteil an den  Erneuerbaren Energien ein. Ihr Anteil betrug im Jahr 2010 lediglich 0,03  Prozent bei der Stromerzeugung und 4,1 Prozent bei der  W\u00e4rmebereitstellung an allen Erneuerbaren Energien. Zudem ist die  ben\u00f6tigte \u00f6ffentliche Akzeptanz f\u00fcr einen umfassenden Ausbau der  Geothermie noch nicht gegeben. Allerdings besitzt die Geothermie enorme  Potentiale aufgrund der Tatsache, dass sie dauerhaft verf\u00fcgbar ist.  Diese Entwicklung unterst\u00fctzt das DCTI mit seiner Studienreihe.<\/p>\n<p><strong>Aufgrund des Ungl\u00fccks in Fukushima gewinnt die Energiewende weiter  an Relevanz <\/strong><\/p>\n<p>Dabei besitzt insbesondere die Geothermie neben den anderen  Erneuerbaren Energien enorme Potentiale. Diese resultieren zum einen  aus den Eigenschaften der Erdw\u00e4rme, da sie unabh\u00e4ngig von der Tageszeit,  vom Wetter, von Rohstoffen etc. genutzt werden kann und unendlich zur  Verf\u00fcgung steht. Des Weiteren kann Geothermie vielseitig, d.h. zur  Strom- sowie W\u00e4rmeerzeugung, eingesetzt werden.   Aufgrund dieser Potentiale verfolgt die Regierung auch eine  verst\u00e4rkte F\u00f6rderung der Geothermie.<\/p>\n<p>So sieht das novellierte EEG u.a.  vor, dass ein KWK- und Fr\u00fchstarter-Bonus in die Grundverg\u00fctung  integriert wird (Steigung von 16 auf 23 ct\/kWh). Au\u00dferdem ist aufgrund  der geringen Anzahl bisheriger Projekte eine zus\u00e4tzliche Erh\u00f6hung um  weitere 2 ct\/kWh vorgesehen. Ferner schreibt das EEW\u00e4rmeG die Pflicht  zur Nutzung von erneuerbaren W\u00e4rmequellen bei Neubauten vor. Zudem  bestehen differenziert nach Oberfl\u00e4chennaher und Tiefer Geothermie  weitere F\u00f6rderprogramme von Seiten der KfW.<\/p>\n<h5 class=\"green\">Quelle<\/h5>\n<p>DCTI Deutsches CleanTech Institut GmbH 2011CleanThinking.de 2011<\/p>\n<div class=\"shariff shariff-align-flex-start shariff-widget-align-flex-start\"><div class=\"ShariffHeadline\">Diese Meldung teilen<\/div><ul class=\"shariff-buttons theme-round orientation-horizontal buttonsize-medium\"><li class=\"shariff-button facebook shariff-nocustomcolor\" style=\"background-color:#4273c8;border-radius:1%\"><a href=\"https:\/\/www.facebook.com\/sharer\/sharer.php?u=https%3A%2F%2Fwww.sonnenseite.com%2Fde%2Fpolitik%2Fgeothermie-licht-ins-dunkel-bringen%2F\" title=\"Bei Facebook teilen\" aria-label=\"Bei Facebook teilen\" role=\"button\" rel=\"nofollow\" class=\"shariff-link\" style=\";border-radius:1%; background-color:#3b5998; color:#fff\" target=\"_blank\"><span class=\"shariff-icon\" style=\"\"><svg width=\"32px\" height=\"20px\" xmlns=\"http:\/\/www.w3.org\/2000\/svg\" viewBox=\"0 0 18 32\"><path fill=\"#3b5998\" d=\"M17.1 0.2v4.7h-2.8q-1.5 0-2.1 0.6t-0.5 1.9v3.4h5.2l-0.7 5.3h-4.5v13.6h-5.5v-13.6h-4.5v-5.3h4.5v-3.9q0-3.3 1.9-5.2t5-1.8q2.6 0 4.1 0.2z\"\/><\/svg><\/span><\/a><\/li><li class=\"shariff-button twitter shariff-nocustomcolor\" style=\"background-color:#595959;border-radius:1%\"><a href=\"https:\/\/twitter.com\/share?url=https%3A%2F%2Fwww.sonnenseite.com%2Fde%2Fpolitik%2Fgeothermie-licht-ins-dunkel-bringen%2F&text=Geothermie%20%E2%80%93%20Licht%20ins%20Dunkel%20bringen\" title=\"Bei X teilen\" aria-label=\"Bei X teilen\" role=\"button\" rel=\"noopener nofollow\" class=\"shariff-link\" style=\";border-radius:1%; background-color:#000; color:#fff\" target=\"_blank\"><span class=\"shariff-icon\" style=\"\"><svg width=\"32px\" height=\"20px\" xmlns=\"http:\/\/www.w3.org\/2000\/svg\" viewBox=\"0 0 24 24\"><path fill=\"#000\" d=\"M14.258 10.152L23.176 0h-2.113l-7.747 8.813L7.133 0H0l9.352 13.328L0 23.973h2.113l8.176-9.309 6.531 9.309h7.133zm-2.895 3.293l-.949-1.328L2.875 1.56h3.246l6.086 8.523.945 1.328 7.91 11.078h-3.246zm0 0\"\/><\/svg><\/span><\/a><\/li><li class=\"shariff-button xing shariff-nocustomcolor\" style=\"background-color:#29888a;border-radius:1%\"><a href=\"https:\/\/www.xing.com\/spi\/shares\/new?url=https%3A%2F%2Fwww.sonnenseite.com%2Fde%2Fpolitik%2Fgeothermie-licht-ins-dunkel-bringen%2F\" title=\"Bei XING teilen\" aria-label=\"Bei XING teilen\" role=\"button\" rel=\"noopener nofollow\" class=\"shariff-link\" style=\";border-radius:1%; background-color:#126567; color:#fff\" target=\"_blank\"><span class=\"shariff-icon\" style=\"\"><svg width=\"32px\" height=\"20px\" xmlns=\"http:\/\/www.w3.org\/2000\/svg\" viewBox=\"0 0 25 32\"><path fill=\"#126567\" d=\"M10.7 11.9q-0.2 0.3-4.6 8.2-0.5 0.8-1.2 0.8h-4.3q-0.4 0-0.5-0.3t0-0.6l4.5-8q0 0 0 0l-2.9-5q-0.2-0.4 0-0.7 0.2-0.3 0.5-0.3h4.3q0.7 0 1.2 0.8zM25.1 0.4q0.2 0.3 0 0.7l-9.4 16.7 6 11q0.2 0.4 0 0.6-0.2 0.3-0.6 0.3h-4.3q-0.7 0-1.2-0.8l-6-11.1q0.3-0.6 9.5-16.8 0.4-0.8 1.2-0.8h4.3q0.4 0 0.5 0.3z\"\/><\/svg><\/span><\/a><\/li><li class=\"shariff-button linkedin shariff-nocustomcolor\" style=\"background-color:#1488bf;border-radius:1%\"><a href=\"https:\/\/www.linkedin.com\/sharing\/share-offsite\/?url=https%3A%2F%2Fwww.sonnenseite.com%2Fde%2Fpolitik%2Fgeothermie-licht-ins-dunkel-bringen%2F\" title=\"Bei LinkedIn teilen\" aria-label=\"Bei LinkedIn teilen\" role=\"button\" rel=\"noopener nofollow\" class=\"shariff-link\" style=\";border-radius:1%; background-color:#0077b5; color:#fff\" target=\"_blank\"><span class=\"shariff-icon\" style=\"\"><svg width=\"32px\" height=\"20px\" xmlns=\"http:\/\/www.w3.org\/2000\/svg\" viewBox=\"0 0 27 32\"><path fill=\"#0077b5\" d=\"M6.2 11.2v17.7h-5.9v-17.7h5.9zM6.6 5.7q0 1.3-0.9 2.2t-2.4 0.9h0q-1.5 0-2.4-0.9t-0.9-2.2 0.9-2.2 2.4-0.9 2.4 0.9 0.9 2.2zM27.4 18.7v10.1h-5.9v-9.5q0-1.9-0.7-2.9t-2.3-1.1q-1.1 0-1.9 0.6t-1.2 1.5q-0.2 0.5-0.2 1.4v9.9h-5.9q0-7.1 0-11.6t0-5.3l0-0.9h5.9v2.6h0q0.4-0.6 0.7-1t1-0.9 1.6-0.8 2-0.3q3 0 4.9 2t1.9 6z\"\/><\/svg><\/span><\/a><\/li><li class=\"shariff-button printer shariff-nocustomcolor\" style=\"background-color:#a8a8a8;border-radius:1%\"><a href=\"javascript:window.print()\" title=\"drucken\" aria-label=\"drucken\" role=\"button\" rel=\"noopener nofollow\" class=\"shariff-link\" style=\";border-radius:1%; background-color:#999; color:#fff\"><span class=\"shariff-icon\" style=\"\"><svg width=\"32px\" height=\"20px\" xmlns=\"http:\/\/www.w3.org\/2000\/svg\" viewBox=\"0 0 30 32\"><path fill=\"#999\" d=\"M6.8 27.4h16v-4.6h-16v4.6zM6.8 16h16v-6.8h-2.8q-0.7 0-1.2-0.5t-0.5-1.2v-2.8h-11.4v11.4zM27.4 17.2q0-0.5-0.3-0.8t-0.8-0.4-0.8 0.4-0.3 0.8 0.3 0.8 0.8 0.3 0.8-0.3 0.3-0.8zM29.7 17.2v7.4q0 0.2-0.2 0.4t-0.4 0.2h-4v2.8q0 0.7-0.5 1.2t-1.2 0.5h-17.2q-0.7 0-1.2-0.5t-0.5-1.2v-2.8h-4q-0.2 0-0.4-0.2t-0.2-0.4v-7.4q0-1.4 1-2.4t2.4-1h1.2v-9.7q0-0.7 0.5-1.2t1.2-0.5h12q0.7 0 1.6 0.4t1.3 0.8l2.7 2.7q0.5 0.5 0.9 1.4t0.4 1.6v4.6h1.1q1.4 0 2.4 1t1 2.4z\"\/><\/svg><\/span><\/a><\/li><li class=\"shariff-button mailto shariff-nocustomcolor\" style=\"background-color:#a8a8a8;border-radius:1%\"><a href=\"mailto:?body=https%3A%2F%2Fwww.sonnenseite.com%2Fde%2Fpolitik%2Fgeothermie-licht-ins-dunkel-bringen%2F&subject=Geothermie%20%E2%80%93%20Licht%20ins%20Dunkel%20bringen\" title=\"Per E-Mail versenden\" aria-label=\"Per E-Mail versenden\" role=\"button\" rel=\"noopener nofollow\" class=\"shariff-link\" style=\";border-radius:1%; background-color:#999; color:#fff\"><span class=\"shariff-icon\" style=\"\"><svg width=\"32px\" height=\"20px\" xmlns=\"http:\/\/www.w3.org\/2000\/svg\" viewBox=\"0 0 32 32\"><path fill=\"#999\" d=\"M32 12.7v14.2q0 1.2-0.8 2t-2 0.9h-26.3q-1.2 0-2-0.9t-0.8-2v-14.2q0.8 0.9 1.8 1.6 6.5 4.4 8.9 6.1 1 0.8 1.6 1.2t1.7 0.9 2 0.4h0.1q0.9 0 2-0.4t1.7-0.9 1.6-1.2q3-2.2 8.9-6.1 1-0.7 1.8-1.6zM32 7.4q0 1.4-0.9 2.7t-2.2 2.2q-6.7 4.7-8.4 5.8-0.2 0.1-0.7 0.5t-1 0.7-0.9 0.6-1.1 0.5-0.9 0.2h-0.1q-0.4 0-0.9-0.2t-1.1-0.5-0.9-0.6-1-0.7-0.7-0.5q-1.6-1.1-4.7-3.2t-3.6-2.6q-1.1-0.7-2.1-2t-1-2.5q0-1.4 0.7-2.3t2.1-0.9h26.3q1.2 0 2 0.8t0.9 2z\"\/><\/svg><\/span><\/a><\/li><\/ul><\/div>","protected":false},"excerpt":{"rendered":"<p>DCTI Publikation zur Geothermie: \u00d6ffentliche Wahrnehmung und tats\u00e4chliche Potentiale.<\/p>\n","protected":false},"author":1,"featured_media":50987,"comment_status":"closed","ping_status":"closed","sticky":false,"template":"","format":"standard","meta":{"inline_featured_image":false,"footnotes":""},"categories":[21],"tags":[],"class_list":["post-58091","post","type-post","status-publish","format-standard","has-post-thumbnail","hentry","category-politik"],"yoast_head":"<!-- This site is optimized with the Yoast SEO plugin v26.5 - https:\/\/yoast.com\/wordpress\/plugins\/seo\/ -->\n<title>Geothermie \u2013 Licht ins Dunkel bringen - Sonnenseite - \u00d6kologische Kommunikation mit Franz Alt<\/title>\n<meta name=\"description\" content=\"DCTI Publikation zur Geothermie: \u00d6ffentliche Wahrnehmung und tats\u00e4chliche Potentiale. Im Rahmen der wissenschaftlichen Sondierung der CleanTech M\u00e4rkte\" \/>\n<meta name=\"robots\" content=\"index, follow, max-snippet:-1, max-image-preview:large, max-video-preview:-1\" \/>\n<link rel=\"canonical\" href=\"https:\/\/www.sonnenseite.com\/de\/politik\/geothermie-licht-ins-dunkel-bringen\/\" \/>\n<meta property=\"og:locale\" content=\"de_DE\" \/>\n<meta property=\"og:type\" content=\"article\" \/>\n<meta property=\"og:title\" content=\"Geothermie \u2013 Licht ins Dunkel bringen - Sonnenseite - \u00d6kologische Kommunikation mit Franz Alt\" \/>\n<meta property=\"og:description\" content=\"DCTI Publikation zur Geothermie: \u00d6ffentliche Wahrnehmung und tats\u00e4chliche Potentiale. Im Rahmen der wissenschaftlichen Sondierung der CleanTech M\u00e4rkte\" \/>\n<meta property=\"og:url\" content=\"https:\/\/www.sonnenseite.com\/de\/politik\/geothermie-licht-ins-dunkel-bringen\/\" \/>\n<meta property=\"og:site_name\" content=\"Sonnenseite\" \/>\n<meta property=\"article:publisher\" content=\"https:\/\/www.facebook.com\/pages\/Franz-Alt-SONNENSEITECOM\/221072987903953?fref=ts\" \/>\n<meta property=\"article:published_time\" content=\"2011-09-23T22:00:00+00:00\" \/>\n<meta property=\"og:image\" content=\"https:\/\/www.sonnenseite.com\/wp-content\/uploads\/2020\/06\/archiv_artikel.jpg\" \/>\n\t<meta property=\"og:image:width\" content=\"770\" \/>\n\t<meta property=\"og:image:height\" content=\"420\" \/>\n\t<meta property=\"og:image:type\" content=\"image\/jpeg\" \/>\n<meta name=\"author\" content=\"sbade\" \/>\n<meta name=\"twitter:card\" content=\"summary_large_image\" \/>\n<meta name=\"twitter:creator\" content=\"@franzalt\" \/>\n<meta name=\"twitter:site\" content=\"@franzalt\" \/>\n<meta name=\"twitter:label1\" content=\"Verfasst von\" \/>\n\t<meta name=\"twitter:data1\" content=\"sbade\" \/>\n\t<meta name=\"twitter:label2\" content=\"Gesch\u00e4tzte Lesezeit\" \/>\n\t<meta name=\"twitter:data2\" content=\"2\u00a0Minuten\" \/>\n<script type=\"application\/ld+json\" class=\"yoast-schema-graph\">{\"@context\":\"https:\/\/schema.org\",\"@graph\":[{\"@type\":\"Article\",\"@id\":\"https:\/\/www.sonnenseite.com\/de\/politik\/geothermie-licht-ins-dunkel-bringen\/#article\",\"isPartOf\":{\"@id\":\"https:\/\/www.sonnenseite.com\/de\/politik\/geothermie-licht-ins-dunkel-bringen\/\"},\"author\":{\"name\":\"sbade\",\"@id\":\"https:\/\/www.sonnenseite.com\/de\/#\/schema\/person\/6df44691cd9a70d99e140e1116ee8771\"},\"headline\":\"Geothermie \u2013 Licht ins Dunkel bringen\",\"datePublished\":\"2011-09-23T22:00:00+00:00\",\"mainEntityOfPage\":{\"@id\":\"https:\/\/www.sonnenseite.com\/de\/politik\/geothermie-licht-ins-dunkel-bringen\/\"},\"wordCount\":420,\"publisher\":{\"@id\":\"https:\/\/www.sonnenseite.com\/de\/#organization\"},\"image\":{\"@id\":\"https:\/\/www.sonnenseite.com\/de\/politik\/geothermie-licht-ins-dunkel-bringen\/#primaryimage\"},\"thumbnailUrl\":\"https:\/\/www.sonnenseite.com\/wp-content\/uploads\/2020\/06\/archiv_artikel.jpg\",\"articleSection\":[\"Politik\"],\"inLanguage\":\"de\"},{\"@type\":\"WebPage\",\"@id\":\"https:\/\/www.sonnenseite.com\/de\/politik\/geothermie-licht-ins-dunkel-bringen\/\",\"url\":\"https:\/\/www.sonnenseite.com\/de\/politik\/geothermie-licht-ins-dunkel-bringen\/\",\"name\":\"Geothermie \u2013 Licht ins Dunkel bringen - Sonnenseite - \u00d6kologische Kommunikation mit Franz Alt\",\"isPartOf\":{\"@id\":\"https:\/\/www.sonnenseite.com\/de\/#website\"},\"primaryImageOfPage\":{\"@id\":\"https:\/\/www.sonnenseite.com\/de\/politik\/geothermie-licht-ins-dunkel-bringen\/#primaryimage\"},\"image\":{\"@id\":\"https:\/\/www.sonnenseite.com\/de\/politik\/geothermie-licht-ins-dunkel-bringen\/#primaryimage\"},\"thumbnailUrl\":\"https:\/\/www.sonnenseite.com\/wp-content\/uploads\/2020\/06\/archiv_artikel.jpg\",\"datePublished\":\"2011-09-23T22:00:00+00:00\",\"description\":\"DCTI Publikation zur Geothermie: \u00d6ffentliche Wahrnehmung und tats\u00e4chliche Potentiale. Im Rahmen der wissenschaftlichen Sondierung der CleanTech M\u00e4rkte\",\"breadcrumb\":{\"@id\":\"https:\/\/www.sonnenseite.com\/de\/politik\/geothermie-licht-ins-dunkel-bringen\/#breadcrumb\"},\"inLanguage\":\"de\",\"potentialAction\":[{\"@type\":\"ReadAction\",\"target\":[\"https:\/\/www.sonnenseite.com\/de\/politik\/geothermie-licht-ins-dunkel-bringen\/\"]}]},{\"@type\":\"ImageObject\",\"inLanguage\":\"de\",\"@id\":\"https:\/\/www.sonnenseite.com\/de\/politik\/geothermie-licht-ins-dunkel-bringen\/#primaryimage\",\"url\":\"https:\/\/www.sonnenseite.com\/wp-content\/uploads\/2020\/06\/archiv_artikel.jpg\",\"contentUrl\":\"https:\/\/www.sonnenseite.com\/wp-content\/uploads\/2020\/06\/archiv_artikel.jpg\",\"width\":770,\"height\":420,\"caption\":\"Sonnenseite\"},{\"@type\":\"BreadcrumbList\",\"@id\":\"https:\/\/www.sonnenseite.com\/de\/politik\/geothermie-licht-ins-dunkel-bringen\/#breadcrumb\",\"itemListElement\":[{\"@type\":\"ListItem\",\"position\":1,\"name\":\"Startseite\",\"item\":\"https:\/\/www.sonnenseite.com\/de\/\"},{\"@type\":\"ListItem\",\"position\":2,\"name\":\"Geothermie \u2013 Licht ins Dunkel bringen\"}]},{\"@type\":\"WebSite\",\"@id\":\"https:\/\/www.sonnenseite.com\/de\/#website\",\"url\":\"https:\/\/www.sonnenseite.com\/de\/\",\"name\":\"Sonnenseite\",\"description\":\"\u00d6kologische Kommunikation mit Franz Alt\",\"publisher\":{\"@id\":\"https:\/\/www.sonnenseite.com\/de\/#organization\"},\"potentialAction\":[{\"@type\":\"SearchAction\",\"target\":{\"@type\":\"EntryPoint\",\"urlTemplate\":\"https:\/\/www.sonnenseite.com\/de\/?s={search_term_string}\"},\"query-input\":{\"@type\":\"PropertyValueSpecification\",\"valueRequired\":true,\"valueName\":\"search_term_string\"}}],\"inLanguage\":\"de\"},{\"@type\":\"Organization\",\"@id\":\"https:\/\/www.sonnenseite.com\/de\/#organization\",\"name\":\"Sonnenseite\",\"url\":\"https:\/\/www.sonnenseite.com\/de\/\",\"logo\":{\"@type\":\"ImageObject\",\"inLanguage\":\"de\",\"@id\":\"https:\/\/www.sonnenseite.com\/de\/#\/schema\/logo\/image\/\",\"url\":\"https:\/\/www.sonnenseite.com\/wp-content\/uploads\/2020\/05\/Sonnenseite_Logo.png\",\"contentUrl\":\"https:\/\/www.sonnenseite.com\/wp-content\/uploads\/2020\/05\/Sonnenseite_Logo.png\",\"width\":377,\"height\":90,\"caption\":\"Sonnenseite\"},\"image\":{\"@id\":\"https:\/\/www.sonnenseite.com\/de\/#\/schema\/logo\/image\/\"},\"sameAs\":[\"https:\/\/www.facebook.com\/pages\/Franz-Alt-SONNENSEITECOM\/221072987903953?fref=ts\",\"https:\/\/x.com\/franzalt\",\"http:\/\/www.youtube.com\/results?search_query&amp;amp;quot;franz_alt&amp;amp;quot;&amp;amp;amp;amp;search_type&amp;amp;amp;amp;aq=f\"]},{\"@type\":\"Person\",\"@id\":\"https:\/\/www.sonnenseite.com\/de\/#\/schema\/person\/6df44691cd9a70d99e140e1116ee8771\",\"name\":\"sbade\",\"sameAs\":[\"https:\/\/www.sonnenseite.com\"]}]}<\/script>\n<!-- \/ Yoast SEO plugin. -->","yoast_head_json":{"title":"Geothermie \u2013 Licht ins Dunkel bringen - Sonnenseite - \u00d6kologische Kommunikation mit Franz Alt","description":"DCTI Publikation zur Geothermie: \u00d6ffentliche Wahrnehmung und tats\u00e4chliche Potentiale. Im Rahmen der wissenschaftlichen Sondierung der CleanTech M\u00e4rkte","robots":{"index":"index","follow":"follow","max-snippet":"max-snippet:-1","max-image-preview":"max-image-preview:large","max-video-preview":"max-video-preview:-1"},"canonical":"https:\/\/www.sonnenseite.com\/de\/politik\/geothermie-licht-ins-dunkel-bringen\/","og_locale":"de_DE","og_type":"article","og_title":"Geothermie \u2013 Licht ins Dunkel bringen - Sonnenseite - \u00d6kologische Kommunikation mit Franz Alt","og_description":"DCTI Publikation zur Geothermie: \u00d6ffentliche Wahrnehmung und tats\u00e4chliche Potentiale. Im Rahmen der wissenschaftlichen Sondierung der CleanTech M\u00e4rkte","og_url":"https:\/\/www.sonnenseite.com\/de\/politik\/geothermie-licht-ins-dunkel-bringen\/","og_site_name":"Sonnenseite","article_publisher":"https:\/\/www.facebook.com\/pages\/Franz-Alt-SONNENSEITECOM\/221072987903953?fref=ts","article_published_time":"2011-09-23T22:00:00+00:00","og_image":[{"width":770,"height":420,"url":"https:\/\/www.sonnenseite.com\/wp-content\/uploads\/2020\/06\/archiv_artikel.jpg","type":"image\/jpeg"}],"author":"sbade","twitter_card":"summary_large_image","twitter_creator":"@franzalt","twitter_site":"@franzalt","twitter_misc":{"Verfasst von":"sbade","Gesch\u00e4tzte Lesezeit":"2\u00a0Minuten"},"schema":{"@context":"https:\/\/schema.org","@graph":[{"@type":"Article","@id":"https:\/\/www.sonnenseite.com\/de\/politik\/geothermie-licht-ins-dunkel-bringen\/#article","isPartOf":{"@id":"https:\/\/www.sonnenseite.com\/de\/politik\/geothermie-licht-ins-dunkel-bringen\/"},"author":{"name":"sbade","@id":"https:\/\/www.sonnenseite.com\/de\/#\/schema\/person\/6df44691cd9a70d99e140e1116ee8771"},"headline":"Geothermie \u2013 Licht ins Dunkel bringen","datePublished":"2011-09-23T22:00:00+00:00","mainEntityOfPage":{"@id":"https:\/\/www.sonnenseite.com\/de\/politik\/geothermie-licht-ins-dunkel-bringen\/"},"wordCount":420,"publisher":{"@id":"https:\/\/www.sonnenseite.com\/de\/#organization"},"image":{"@id":"https:\/\/www.sonnenseite.com\/de\/politik\/geothermie-licht-ins-dunkel-bringen\/#primaryimage"},"thumbnailUrl":"https:\/\/www.sonnenseite.com\/wp-content\/uploads\/2020\/06\/archiv_artikel.jpg","articleSection":["Politik"],"inLanguage":"de"},{"@type":"WebPage","@id":"https:\/\/www.sonnenseite.com\/de\/politik\/geothermie-licht-ins-dunkel-bringen\/","url":"https:\/\/www.sonnenseite.com\/de\/politik\/geothermie-licht-ins-dunkel-bringen\/","name":"Geothermie \u2013 Licht ins Dunkel bringen - Sonnenseite - \u00d6kologische Kommunikation mit Franz Alt","isPartOf":{"@id":"https:\/\/www.sonnenseite.com\/de\/#website"},"primaryImageOfPage":{"@id":"https:\/\/www.sonnenseite.com\/de\/politik\/geothermie-licht-ins-dunkel-bringen\/#primaryimage"},"image":{"@id":"https:\/\/www.sonnenseite.com\/de\/politik\/geothermie-licht-ins-dunkel-bringen\/#primaryimage"},"thumbnailUrl":"https:\/\/www.sonnenseite.com\/wp-content\/uploads\/2020\/06\/archiv_artikel.jpg","datePublished":"2011-09-23T22:00:00+00:00","description":"DCTI Publikation zur Geothermie: \u00d6ffentliche Wahrnehmung und tats\u00e4chliche Potentiale. Im Rahmen der wissenschaftlichen Sondierung der CleanTech M\u00e4rkte","breadcrumb":{"@id":"https:\/\/www.sonnenseite.com\/de\/politik\/geothermie-licht-ins-dunkel-bringen\/#breadcrumb"},"inLanguage":"de","potentialAction":[{"@type":"ReadAction","target":["https:\/\/www.sonnenseite.com\/de\/politik\/geothermie-licht-ins-dunkel-bringen\/"]}]},{"@type":"ImageObject","inLanguage":"de","@id":"https:\/\/www.sonnenseite.com\/de\/politik\/geothermie-licht-ins-dunkel-bringen\/#primaryimage","url":"https:\/\/www.sonnenseite.com\/wp-content\/uploads\/2020\/06\/archiv_artikel.jpg","contentUrl":"https:\/\/www.sonnenseite.com\/wp-content\/uploads\/2020\/06\/archiv_artikel.jpg","width":770,"height":420,"caption":"Sonnenseite"},{"@type":"BreadcrumbList","@id":"https:\/\/www.sonnenseite.com\/de\/politik\/geothermie-licht-ins-dunkel-bringen\/#breadcrumb","itemListElement":[{"@type":"ListItem","position":1,"name":"Startseite","item":"https:\/\/www.sonnenseite.com\/de\/"},{"@type":"ListItem","position":2,"name":"Geothermie \u2013 Licht ins Dunkel bringen"}]},{"@type":"WebSite","@id":"https:\/\/www.sonnenseite.com\/de\/#website","url":"https:\/\/www.sonnenseite.com\/de\/","name":"Sonnenseite","description":"\u00d6kologische Kommunikation mit Franz Alt","publisher":{"@id":"https:\/\/www.sonnenseite.com\/de\/#organization"},"potentialAction":[{"@type":"SearchAction","target":{"@type":"EntryPoint","urlTemplate":"https:\/\/www.sonnenseite.com\/de\/?s={search_term_string}"},"query-input":{"@type":"PropertyValueSpecification","valueRequired":true,"valueName":"search_term_string"}}],"inLanguage":"de"},{"@type":"Organization","@id":"https:\/\/www.sonnenseite.com\/de\/#organization","name":"Sonnenseite","url":"https:\/\/www.sonnenseite.com\/de\/","logo":{"@type":"ImageObject","inLanguage":"de","@id":"https:\/\/www.sonnenseite.com\/de\/#\/schema\/logo\/image\/","url":"https:\/\/www.sonnenseite.com\/wp-content\/uploads\/2020\/05\/Sonnenseite_Logo.png","contentUrl":"https:\/\/www.sonnenseite.com\/wp-content\/uploads\/2020\/05\/Sonnenseite_Logo.png","width":377,"height":90,"caption":"Sonnenseite"},"image":{"@id":"https:\/\/www.sonnenseite.com\/de\/#\/schema\/logo\/image\/"},"sameAs":["https:\/\/www.facebook.com\/pages\/Franz-Alt-SONNENSEITECOM\/221072987903953?fref=ts","https:\/\/x.com\/franzalt","http:\/\/www.youtube.com\/results?search_query&amp;amp;quot;franz_alt&amp;amp;quot;&amp;amp;amp;amp;search_type&amp;amp;amp;amp;aq=f"]},{"@type":"Person","@id":"https:\/\/www.sonnenseite.com\/de\/#\/schema\/person\/6df44691cd9a70d99e140e1116ee8771","name":"sbade","sameAs":["https:\/\/www.sonnenseite.com"]}]}},"_links":{"self":[{"href":"https:\/\/www.sonnenseite.com\/de\/wp-json\/wp\/v2\/posts\/58091","targetHints":{"allow":["GET"]}}],"collection":[{"href":"https:\/\/www.sonnenseite.com\/de\/wp-json\/wp\/v2\/posts"}],"about":[{"href":"https:\/\/www.sonnenseite.com\/de\/wp-json\/wp\/v2\/types\/post"}],"author":[{"embeddable":true,"href":"https:\/\/www.sonnenseite.com\/de\/wp-json\/wp\/v2\/users\/1"}],"replies":[{"embeddable":true,"href":"https:\/\/www.sonnenseite.com\/de\/wp-json\/wp\/v2\/comments?post=58091"}],"version-history":[{"count":0,"href":"https:\/\/www.sonnenseite.com\/de\/wp-json\/wp\/v2\/posts\/58091\/revisions"}],"wp:featuredmedia":[{"embeddable":true,"href":"https:\/\/www.sonnenseite.com\/de\/wp-json\/wp\/v2\/media\/50987"}],"wp:attachment":[{"href":"https:\/\/www.sonnenseite.com\/de\/wp-json\/wp\/v2\/media?parent=58091"}],"wp:term":[{"taxonomy":"category","embeddable":true,"href":"https:\/\/www.sonnenseite.com\/de\/wp-json\/wp\/v2\/categories?post=58091"},{"taxonomy":"post_tag","embeddable":true,"href":"https:\/\/www.sonnenseite.com\/de\/wp-json\/wp\/v2\/tags?post=58091"}],"curies":[{"name":"wp","href":"https:\/\/api.w.org\/{rel}","templated":true}]}}