{"id":58103,"date":"2011-09-22T00:00:00","date_gmt":"2011-09-21T22:00:00","guid":{"rendered":"https:\/\/www.sonnenseite.com\/politik\/dalai-lama-nur-die-wahrheit-macht-frei.html"},"modified":"2011-09-22T00:00:00","modified_gmt":"2011-09-21T22:00:00","slug":"dalai-lama-nur-die-wahrheit-macht-frei","status":"publish","type":"post","link":"https:\/\/www.sonnenseite.com\/de\/politik\/dalai-lama-nur-die-wahrheit-macht-frei\/","title":{"rendered":"Dalai Lama: Nur die Wahrheit macht frei!"},"content":{"rendered":"<p>Am liebsten w\u00fcrde der Dalai Lama in Zukunft \u201eals einfacher M\u00f6nch in einem Kloster leben\u201c. Aber daf\u00fcr sind dann die Erwartungen und die Projektionen von Millionen an \u201eSeine Heiligkeit\u201c auf der ganzen Welt denn doch zu gro\u00df. Viele sehen in ihm einen Erl\u00f6ser. Das bedr\u00fcckt ihn. Ein Gott kann sich nicht einfach selbst abschaffen. Selbst bei diesem f\u00fcr Buddhisten ganz ernsthaften Thema tut er, was er am liebsten tut: lachen. Offenbar eine g\u00f6ttliche Tugend. Der Friedensnobelpreistr\u00e4ger im Gespr\u00e4ch mit Franz Alt <!--more--> <\/p>\n<p><strong>Franz Alt: Heiligkeit, lieber Freund! Ich soll Ihnen die Gr\u00fc\u00dfe der Bundeskanzlerin \u00fcberbringen.<\/strong><\/p>\n<p><strong>Dalai Lama:<\/strong> Dankesch\u00f6n, dar\u00fcber freue ich mich. Wir sind ja alte Freunde. Es war mutig von ihr, dass sie mich trotz heftiger Proteste der chinesischen Regierung vor einiger Zeit im Bundeskanzleramt empfangen hat.<\/p>\n<p><strong>Franz Alt: Was wissen Sie \u00fcber die aktuelle Menschenrechtssituation in China und in Tibet?<\/strong><\/p>\n<p><strong>Dalai Lama:<\/strong> Es sieht ganz schlecht aus. Dar\u00fcber kann man nur traurig sein. Viele Menschen werden gequ\u00e4lt, nur weil sie anderer Meinung sind als die Herrschenden in der Regierung. Menschen mit Visionen f\u00fcr eine bessere Zukunft, Schriftsteller, Gl\u00e4ubige, Intellektuelle und Minderheiten wie die Tibeter oder die Uiguren sind besonders hart betroffen. Kurz vor unserem Gespr\u00e4ch habe ich einen chinesischen Schriftsteller empfangen, der viele Jahre im Gef\u00e4ngnis war und gefoltert wurde.<\/p>\n<p><strong>Franz Alt: Warum traten Sie vor kurzem vom Amt des politischen F\u00fchrers der Tibeter zur\u00fcck?<\/strong><\/p>\n<p><strong>Dalai Lama:<\/strong> Die Tradition, dass der Dalai Lama sowohl politischer wie spiritueller F\u00fchrer Tibets ist, ist\u00a0 400 Jahre alt. Aber irgendwann geht jede Tradition zu Ende, weil sie veraltet ist. Eine Theokratie passt nicht mehr in unsere Zeit. Dann kam eine sehr egoistische \u00dcberlegung dazu: Ich bin doch in der ganzen Welt sehr popul\u00e4r \u2013 in China, in Indien, in den USA, in Europa. Popul\u00e4rer konnte ich doch gar nicht mehr werden (lacht lange) Also war das der richtige Zeitpunkt zum R\u00fccktritt (lacht noch mehr).<\/p>\n<p>Ich freue mich, dass mir die Menschen auf der ganzen Welt vertraut haben, dass sie mich respektieren. Das tun sie auch ohne dass ich ein politisches Amt habe. Ehrlich gesagt: Die Tradition der \u00c4mterh\u00e4ufung ist nicht nur alt, sondern auch altmodisch.\u00a0 Vor 20 Jahren habe ich zum erstenmal an meinen politischen R\u00fccktritt gedacht. Aber jetzt war die Zeit einfach reif daf\u00fcr. Vielleicht habe ich damit auch anderen Politiker ein Zeichen gegeben \u2013 auch den kommunistischen F\u00fchrern in Peking (lacht wieder). Es ist besser f\u00fcr eine Demokratie, wenn politische und spirituelle F\u00fchrerschaft getrennt sind. Jetzt bin ich mit 76 Jahren wenigstens halb im Ruhestand. So kann ich meine Energie und Zeit besser einteilen.<\/p>\n<p><strong>Franz Alt: Denken Sie, Ihr politischer Nachfolger, Ministerpr\u00e4sident Lobsang Sangay, wird gegen\u00fcber China Ihrem \u201eKurs des mittleren Weges\u201c beibehalten.<\/strong><\/p>\n<p><strong>Dalai Lama:<\/strong> Das hat er gleich nach seiner Wahl \u00f6ffentlich bekr\u00e4ftigt. Mittlerer Weg hei\u00dft: Tibet bleibt au\u00dfenpolitisch bei China, bekommt aber mehr kulturelle und religi\u00f6se Autonomie und mehr Rechte f\u00fcr eine effektive Umweltpolitik. Ich stelle mir f\u00fcr Tibet eine L\u00f6sung vor wie sie Italien gegen\u00fcber S\u00fcdtirol hat: Autonomie, aber keine Unabh\u00e4ngigkeit. Diese Politik des mittleren Weges fordere ich schon seit \u00fcber 20 Jahren. 99% der Tibeter unterst\u00fctzen mich dabei \u2013 und meinen Nachfolger.<\/p>\n<p><strong>Franz Alt: Was denken Sie \u00fcber die Revolutionen in arabischen L\u00e4ndern und \u00fcber die Jugend-Aufst\u00e4nde auch in westlichen L\u00e4ndern: Ist das auch eine Chance f\u00fcr die Demokratiebewegung in China?<\/strong><\/p>\n<p><strong>Dalai Lama:<\/strong> Das ist schwer zu sagen. Eine gewisse Mitsprache des Volkes gibt es ja schon in China und auch Protestbewegungen. Aber vieles muss sich noch \u00e4ndern auf dem Weg zur Demokratie. Die Machthaber in Peking sind sehr nerv\u00f6s \u00fcber die Aufst\u00e4nde in der ganzen Welt. Sie sind ja wirtschaftlich sehr erfolgreich, aber haben trotzdem Angst vor Ver\u00e4nderung. Es mangelt ihnen einfach an Selbstbewusstsein. Sie wissen genau, dass alle autorit\u00e4ren Systeme an ihr Ende kommen. Die fr\u00fchere UdSSR war nach 60 Jahren am Ende. Die Volksrepublik China ist inzwischen genauso alt. Ein Blick auf den chinesischen Staatshaushalt zeigt die Gef\u00e4hrlichkeit der Lage. Die kommunistische Regierung muss inzwischen mehr Geld f\u00fcr die Innere Sicherheit als f\u00fcr die Verteidigung ausgeben. Das sagt eigentlich alles. Ich sage meinen chinesischen Freunden immer, dass ihre Regierung\u00a0 dem Volk die Wahrheit sagen muss. Ehrlicher Wandel basiert auf Wahrheit.<\/p>\n<p><strong>Franz Alt: Auf einem Kongress \u00fcber Achtsamkeit haben Sie in diesen Tagen an der Universit\u00e4t Hamburg gesagt, dass Achtsamkeit in der tibetisch-buddhistischen Tradition ganz wichtig ist. Warum?<\/strong><\/p>\n<p><strong>Dalai Lama:<\/strong> Ohne Achtsamkeit (englisch:mindfullness) zerst\u00f6ren wir unsere Familien, unsere Wirtschaft, aber auch den Planeten. Wir m\u00fcssen lernen, mehr auf die Folgen unseres Tuns zu achten.\u00a0 Die buddhistische Philosophie will die Transformation unseres Denkens. Zum Denken geh\u00f6rt immer auch F\u00fchlen. Mit dem Verstand allein kommen wir nicht zur Vernunft. Wir m\u00fcssen lernen, ganzheitlich zu denken, zu empfinden und zu f\u00fchlen.<\/p>\n<p><strong>Franz Alt: Ist Achtsamkeit auch wichtig f\u00fcr Politik und Politiker?<\/strong><\/p>\n<p><strong>Dalai Lama:<\/strong> Nehmen Sie zum Beispiel George W. Bush, den ich pers\u00f6nlich mag und sch\u00e4tze. Aber seine Politik, vor allem seine Milit\u00e4r- und Kriegspolitik, war ein einziges Desaster. Hunderttausende Tote im Irak sind die Folge. Die Ursache ist ein Mangel an holistischem, an ganzheitlichem Denken. Wir brauchen mehr Politiker wie Gandhi einer war.<\/p>\n<p><strong>Franz Alt: Gilt diese Urteil auch f\u00fcr Afghanistan?<\/strong><\/p>\n<p><strong>Dalai Lama:<\/strong> Ja, ganz klar! Mit Gewalt kann man keine politischen Probleme l\u00f6sen. Gewalt ist immer ein Mangel an Einsicht und entsteht durch falsches Denken.<\/p>\n<p><strong>Franz Alt: Was ist der Kern aller Religionen?<\/strong><\/p>\n<p><strong>Dalai Lama<\/strong>: Die Praxis von Liebe, Mitgef\u00fchl und Respekt. Theorien dar\u00fcber sind nicht wichtig \u2013 allein die Praxis entscheidet.<\/p>\n<p><strong>Franz Alt: Im letzten Jahrhundert sind durch Kriege \u00fcber 200 Millionen Menschen umgebracht worden. Sehen Sie eine Chance, dass das 21. Jahrhundert ein Jahrhundert des Friedens wird?<\/strong><\/p>\n<p><strong>Dalai Lama:<\/strong> Die M\u00f6glichkeiten daf\u00fcr sind viel gr\u00f6\u00dfer als in der Vergangenheit. Weil wir heute mehr voneinander wissen. Deshalb ist journalistische Aufkl\u00e4rung so wichtig. Im Ersten und Zweiten Weltkrieg waren die Menschen sogar kriegsbegeistert. Und deshalb machten auch alle mit. Das ist heute unm\u00f6glich. In Europa zumindest will fast niemand mehr einen Krieg. Und die Menschen w\u00e4ren daf\u00fcr auch nicht mehr zu begeistern. Gott sei Dank \u2013 wir haben gelernt. Wir sind achtsamer geworden. Europa ist pazifistisch geworden. Die deutsch-franz\u00f6sische Freundschaft ist vorbildlich.<\/p>\n<p><strong>Franz Alt: Was sind die Voraussetzungen f\u00fcr ein Jahrhundert des Friedens?<\/strong><\/p>\n<p><strong>Dalai Lama:<\/strong> Nur die Wahrheit wird uns frei machen f\u00fcr eine neue Zeit. Also wir m\u00fcssen ehrlich sein, wahrhaftig, offen f\u00fcr die sogenannten Fremden. Wir m\u00fcssen verzeihen und lieben k\u00f6nnen.<\/p>\n<p><strong>Franz Alt: Was ist f\u00fcr die Zukunft das Wichtigste f\u00fcr die junge Generation?<\/strong><\/p>\n<p><strong>Dalai Lama:<\/strong> Wiederum Achtsamkeit. Die jungen Menschen aller L\u00e4nder und Kontinente m\u00fcssen miteinander ins Gespr\u00e4ch kommen. Ohne Dialog gibt es keinen Frieden. Das gilt pers\u00f6nlich, aber auch politisch. Deshalb hoffe ich auch in Zukunft auf einen Dialog zwischen uns Tibetern und China.\u00a0 Je mehr\u00a0 junge Menschen sich gegenseitig kennen lernen, desto besser f\u00fcr die Friedenschancen in der Zukunft. Viele junge Chinesen wollen ein gutes Verh\u00e4ltnis zu Tibet. Chinas Jugend ist meine Hoffnung f\u00fcr die Zukunft. Die Jugend sollte au\u00dferdem nicht nur materielle Interessen verfolgen, sondern auch geistige und spirituelle. Leider \u00fcberwiegen heute bei den erwachsenen Generationen die materiellen Interessen. Der Jugend fehlt es an Vorbildern. Die weltweiten Jugendaufst\u00e4nde zeigen aber, dass die junge Generation auf de Suche nach neuen Werten ist. Sie scheint mir grunds\u00e4tzlich systemkritisch zu sein. Auch das l\u00e4sst mich hoffen. Die junge Generation sucht ein Konzept f\u00fcr gemeinsame Anstrengungen in einer besseren Welt.<\/p>\n<p><strong>Franz Alt: Sie waren mal der j\u00fcngste politische Fl\u00fcchtling der Welt. Sehen Sie eine Chance, eines Tages wieder nach Tibet zur\u00fcck zu k\u00f6nnen?<\/strong><\/p>\n<p><strong>Dalai Lama:<\/strong> Wenn ich n\u00e4chste Woche sterbe, sehe ich Tibet nicht mehr. Wenn ich in 10 Jahren sterbe, vielleicht. Und wenn ich in 20 Jahren sterbe, sehr wahrscheinlich.<\/p>\n<p><strong>Franz Alt: Ich w\u00fcnsche Ihnen ein langes Leben. Sie haben mal gesagt, Journalisten sollten eine lange Nase haben. Warum denn das? <\/strong><\/p>\n<p><strong>Dalai Lama:<\/strong> Damit Sie, lieber Freund, \u00a0Ihren R\u00fcssel \u00fcberall hineinstecken k\u00f6nnen. Journalisten sind die Augen und die Ohren und die Nasen der \u00d6ffentlichkeit in einer guten Demokratie. Politiker und Manager reden oft anders als sie handeln. Und um diesen Widerspruch aufzudecken, braucht es gute, neugierige\u00a0 Journalisten. Nur dann kann eine Demokratie funktionieren. Nur dann lassen sich Gr\u00f6\u00dfenwahn und L\u00fcgen stoppen. Sie m\u00fcssen alles aufkl\u00e4ren. Auch die \u00dcbelst\u00e4nde.<\/p>\n<p><strong>Franz Alt: Vor einigen Monaten haben Sie in einer indischen Zeitung gesagt: \u201eDie Tibet-Frage ist wichtig. Aber die Umwelt- und Klimafrage sind wichtiger\u201c. K\u00f6nnen Sie diese Aussage pr\u00e4zisieren?<\/strong><\/p>\n<p><strong>Dalai Lama:<\/strong> Politisch kann man immer noch etwas warten. Tibeter sind geduldig und k\u00f6nnen noch zehn Jahre warten. Aber die Umweltkrise und die Klimakrise sind so dramatisch, dass sie nicht l\u00e4nger auf konkretes Handeln warten k\u00f6nnen. Gerade in Tibet, auf dem Dach der Welt, sp\u00fcren wir die \u00f6kologische Krise sehr deutlich. Der Klimawandel f\u00fchrt zu einer raschen Gletscherschmelze und damit zu einem dramatischen Wasserproblem f\u00fcr weit \u00a0mehr als eine Milliarde Menschen in Asien. Die Natur kann nicht l\u00e4nger warten. Die \u00f6kologische Frage ist die \u00dcberlebensfrage der Menschheit.<\/p>\n<p><strong>Franz Alt: Beten Sie auch f\u00fcr die kommunistischen F\u00fchrer in Peking oder sind das ihre Feinde?<\/strong><\/p>\n<p><strong>Dalai Lama:<\/strong> Als Buddhist tue ich mein Bestes, um meine Region in die Tat umzusetzen. Alle Menschen sind Br\u00fcder und Schwestern. Ich bete nat\u00fcrlich auch f\u00fcr meine kommunistischen Br\u00fcder und Schwestern und f\u00fcr die F\u00fchrer in Peking. Wie bei Jesus in der Bergpredigt: Feindesliebe ist wichtig. Eigentlich habe ich gar keine Feinde. Es gibt lediglich Menschen, die ich noch nicht kennengelernt habe.<\/p>\n<h5 class=\"green\">Quelle<\/h5>\n<p>\u00a9 Franz Alt 2011Erstver\u00f6ffentlichung in der &#8222;H\u00d6RZU&#8220; Nr. 39<\/p>\n<div class=\"shariff shariff-align-flex-start shariff-widget-align-flex-start\"><div class=\"ShariffHeadline\">Diese Meldung teilen<\/div><ul class=\"shariff-buttons theme-round orientation-horizontal buttonsize-medium\"><li class=\"shariff-button facebook shariff-nocustomcolor\" style=\"background-color:#4273c8;border-radius:1%\"><a href=\"https:\/\/www.facebook.com\/sharer\/sharer.php?u=https%3A%2F%2Fwww.sonnenseite.com%2Fde%2Fpolitik%2Fdalai-lama-nur-die-wahrheit-macht-frei%2F\" title=\"Bei Facebook teilen\" aria-label=\"Bei Facebook teilen\" role=\"button\" rel=\"nofollow\" class=\"shariff-link\" style=\";border-radius:1%; background-color:#3b5998; color:#fff\" target=\"_blank\"><span class=\"shariff-icon\" style=\"\"><svg width=\"32px\" height=\"20px\" xmlns=\"http:\/\/www.w3.org\/2000\/svg\" viewBox=\"0 0 18 32\"><path fill=\"#3b5998\" d=\"M17.1 0.2v4.7h-2.8q-1.5 0-2.1 0.6t-0.5 1.9v3.4h5.2l-0.7 5.3h-4.5v13.6h-5.5v-13.6h-4.5v-5.3h4.5v-3.9q0-3.3 1.9-5.2t5-1.8q2.6 0 4.1 0.2z\"\/><\/svg><\/span><\/a><\/li><li class=\"shariff-button twitter shariff-nocustomcolor\" style=\"background-color:#595959;border-radius:1%\"><a href=\"https:\/\/twitter.com\/share?url=https%3A%2F%2Fwww.sonnenseite.com%2Fde%2Fpolitik%2Fdalai-lama-nur-die-wahrheit-macht-frei%2F&text=Dalai%20Lama%3A%20Nur%20die%20Wahrheit%20macht%20frei%21\" title=\"Bei X teilen\" aria-label=\"Bei X teilen\" role=\"button\" rel=\"noopener nofollow\" class=\"shariff-link\" style=\";border-radius:1%; background-color:#000; color:#fff\" target=\"_blank\"><span class=\"shariff-icon\" style=\"\"><svg width=\"32px\" height=\"20px\" xmlns=\"http:\/\/www.w3.org\/2000\/svg\" viewBox=\"0 0 24 24\"><path fill=\"#000\" d=\"M14.258 10.152L23.176 0h-2.113l-7.747 8.813L7.133 0H0l9.352 13.328L0 23.973h2.113l8.176-9.309 6.531 9.309h7.133zm-2.895 3.293l-.949-1.328L2.875 1.56h3.246l6.086 8.523.945 1.328 7.91 11.078h-3.246zm0 0\"\/><\/svg><\/span><\/a><\/li><li class=\"shariff-button xing shariff-nocustomcolor\" style=\"background-color:#29888a;border-radius:1%\"><a href=\"https:\/\/www.xing.com\/spi\/shares\/new?url=https%3A%2F%2Fwww.sonnenseite.com%2Fde%2Fpolitik%2Fdalai-lama-nur-die-wahrheit-macht-frei%2F\" title=\"Bei XING teilen\" aria-label=\"Bei XING teilen\" role=\"button\" rel=\"noopener nofollow\" class=\"shariff-link\" style=\";border-radius:1%; background-color:#126567; color:#fff\" target=\"_blank\"><span class=\"shariff-icon\" style=\"\"><svg width=\"32px\" height=\"20px\" xmlns=\"http:\/\/www.w3.org\/2000\/svg\" viewBox=\"0 0 25 32\"><path fill=\"#126567\" d=\"M10.7 11.9q-0.2 0.3-4.6 8.2-0.5 0.8-1.2 0.8h-4.3q-0.4 0-0.5-0.3t0-0.6l4.5-8q0 0 0 0l-2.9-5q-0.2-0.4 0-0.7 0.2-0.3 0.5-0.3h4.3q0.7 0 1.2 0.8zM25.1 0.4q0.2 0.3 0 0.7l-9.4 16.7 6 11q0.2 0.4 0 0.6-0.2 0.3-0.6 0.3h-4.3q-0.7 0-1.2-0.8l-6-11.1q0.3-0.6 9.5-16.8 0.4-0.8 1.2-0.8h4.3q0.4 0 0.5 0.3z\"\/><\/svg><\/span><\/a><\/li><li class=\"shariff-button linkedin shariff-nocustomcolor\" style=\"background-color:#1488bf;border-radius:1%\"><a href=\"https:\/\/www.linkedin.com\/sharing\/share-offsite\/?url=https%3A%2F%2Fwww.sonnenseite.com%2Fde%2Fpolitik%2Fdalai-lama-nur-die-wahrheit-macht-frei%2F\" title=\"Bei LinkedIn teilen\" aria-label=\"Bei LinkedIn teilen\" role=\"button\" rel=\"noopener nofollow\" class=\"shariff-link\" style=\";border-radius:1%; background-color:#0077b5; color:#fff\" target=\"_blank\"><span class=\"shariff-icon\" style=\"\"><svg width=\"32px\" height=\"20px\" xmlns=\"http:\/\/www.w3.org\/2000\/svg\" viewBox=\"0 0 27 32\"><path fill=\"#0077b5\" d=\"M6.2 11.2v17.7h-5.9v-17.7h5.9zM6.6 5.7q0 1.3-0.9 2.2t-2.4 0.9h0q-1.5 0-2.4-0.9t-0.9-2.2 0.9-2.2 2.4-0.9 2.4 0.9 0.9 2.2zM27.4 18.7v10.1h-5.9v-9.5q0-1.9-0.7-2.9t-2.3-1.1q-1.1 0-1.9 0.6t-1.2 1.5q-0.2 0.5-0.2 1.4v9.9h-5.9q0-7.1 0-11.6t0-5.3l0-0.9h5.9v2.6h0q0.4-0.6 0.7-1t1-0.9 1.6-0.8 2-0.3q3 0 4.9 2t1.9 6z\"\/><\/svg><\/span><\/a><\/li><li class=\"shariff-button printer shariff-nocustomcolor\" style=\"background-color:#a8a8a8;border-radius:1%\"><a href=\"javascript:window.print()\" title=\"drucken\" aria-label=\"drucken\" role=\"button\" rel=\"noopener nofollow\" class=\"shariff-link\" style=\";border-radius:1%; background-color:#999; color:#fff\"><span class=\"shariff-icon\" style=\"\"><svg width=\"32px\" height=\"20px\" xmlns=\"http:\/\/www.w3.org\/2000\/svg\" viewBox=\"0 0 30 32\"><path fill=\"#999\" d=\"M6.8 27.4h16v-4.6h-16v4.6zM6.8 16h16v-6.8h-2.8q-0.7 0-1.2-0.5t-0.5-1.2v-2.8h-11.4v11.4zM27.4 17.2q0-0.5-0.3-0.8t-0.8-0.4-0.8 0.4-0.3 0.8 0.3 0.8 0.8 0.3 0.8-0.3 0.3-0.8zM29.7 17.2v7.4q0 0.2-0.2 0.4t-0.4 0.2h-4v2.8q0 0.7-0.5 1.2t-1.2 0.5h-17.2q-0.7 0-1.2-0.5t-0.5-1.2v-2.8h-4q-0.2 0-0.4-0.2t-0.2-0.4v-7.4q0-1.4 1-2.4t2.4-1h1.2v-9.7q0-0.7 0.5-1.2t1.2-0.5h12q0.7 0 1.6 0.4t1.3 0.8l2.7 2.7q0.5 0.5 0.9 1.4t0.4 1.6v4.6h1.1q1.4 0 2.4 1t1 2.4z\"\/><\/svg><\/span><\/a><\/li><li class=\"shariff-button mailto shariff-nocustomcolor\" style=\"background-color:#a8a8a8;border-radius:1%\"><a href=\"mailto:?body=https%3A%2F%2Fwww.sonnenseite.com%2Fde%2Fpolitik%2Fdalai-lama-nur-die-wahrheit-macht-frei%2F&subject=Dalai%20Lama%3A%20Nur%20die%20Wahrheit%20macht%20frei%21\" title=\"Per E-Mail versenden\" aria-label=\"Per E-Mail versenden\" role=\"button\" rel=\"noopener nofollow\" class=\"shariff-link\" style=\";border-radius:1%; background-color:#999; color:#fff\"><span class=\"shariff-icon\" style=\"\"><svg width=\"32px\" height=\"20px\" xmlns=\"http:\/\/www.w3.org\/2000\/svg\" viewBox=\"0 0 32 32\"><path fill=\"#999\" d=\"M32 12.7v14.2q0 1.2-0.8 2t-2 0.9h-26.3q-1.2 0-2-0.9t-0.8-2v-14.2q0.8 0.9 1.8 1.6 6.5 4.4 8.9 6.1 1 0.8 1.6 1.2t1.7 0.9 2 0.4h0.1q0.9 0 2-0.4t1.7-0.9 1.6-1.2q3-2.2 8.9-6.1 1-0.7 1.8-1.6zM32 7.4q0 1.4-0.9 2.7t-2.2 2.2q-6.7 4.7-8.4 5.8-0.2 0.1-0.7 0.5t-1 0.7-0.9 0.6-1.1 0.5-0.9 0.2h-0.1q-0.4 0-0.9-0.2t-1.1-0.5-0.9-0.6-1-0.7-0.7-0.5q-1.6-1.1-4.7-3.2t-3.6-2.6q-1.1-0.7-2.1-2t-1-2.5q0-1.4 0.7-2.3t2.1-0.9h26.3q1.2 0 2 0.8t0.9 2z\"\/><\/svg><\/span><\/a><\/li><\/ul><\/div>","protected":false},"excerpt":{"rendered":"<p>Am liebsten w\u00fcrde der Dalai Lama in Zukunft \u201eals einfacher M\u00f6nch in einem Kloster leben\u201c. Aber [&hellip;]<\/p>\n","protected":false},"author":1,"featured_media":50987,"comment_status":"closed","ping_status":"closed","sticky":false,"template":"","format":"standard","meta":{"inline_featured_image":false,"footnotes":""},"categories":[21],"tags":[],"class_list":["post-58103","post","type-post","status-publish","format-standard","has-post-thumbnail","hentry","category-politik"],"yoast_head":"<!-- This site is optimized with the Yoast SEO plugin v26.5 - https:\/\/yoast.com\/wordpress\/plugins\/seo\/ -->\n<title>Dalai Lama: Nur die Wahrheit macht frei! - Sonnenseite - \u00d6kologische Kommunikation mit Franz Alt<\/title>\n<meta name=\"description\" content=\"Am liebsten w\u00fcrde der Dalai Lama in Zukunft \u201eals einfacher M\u00f6nch in einem Kloster leben\u201c. Aber daf\u00fcr sind dann die Erwartungen und die Projektionen von\" \/>\n<meta name=\"robots\" content=\"index, follow, max-snippet:-1, max-image-preview:large, max-video-preview:-1\" \/>\n<link rel=\"canonical\" href=\"https:\/\/www.sonnenseite.com\/de\/politik\/dalai-lama-nur-die-wahrheit-macht-frei\/\" \/>\n<meta property=\"og:locale\" content=\"de_DE\" \/>\n<meta property=\"og:type\" content=\"article\" \/>\n<meta property=\"og:title\" content=\"Dalai Lama: Nur die Wahrheit macht frei! - Sonnenseite - \u00d6kologische Kommunikation mit Franz Alt\" \/>\n<meta property=\"og:description\" content=\"Am liebsten w\u00fcrde der Dalai Lama in Zukunft \u201eals einfacher M\u00f6nch in einem Kloster leben\u201c. Aber daf\u00fcr sind dann die Erwartungen und die Projektionen von\" \/>\n<meta property=\"og:url\" content=\"https:\/\/www.sonnenseite.com\/de\/politik\/dalai-lama-nur-die-wahrheit-macht-frei\/\" \/>\n<meta property=\"og:site_name\" content=\"Sonnenseite\" \/>\n<meta property=\"article:publisher\" content=\"https:\/\/www.facebook.com\/pages\/Franz-Alt-SONNENSEITECOM\/221072987903953?fref=ts\" \/>\n<meta property=\"article:published_time\" content=\"2011-09-21T22:00:00+00:00\" \/>\n<meta property=\"og:image\" content=\"https:\/\/www.sonnenseite.com\/wp-content\/uploads\/2020\/06\/archiv_artikel.jpg\" \/>\n\t<meta property=\"og:image:width\" content=\"770\" \/>\n\t<meta property=\"og:image:height\" content=\"420\" \/>\n\t<meta property=\"og:image:type\" content=\"image\/jpeg\" \/>\n<meta name=\"author\" content=\"sbade\" \/>\n<meta name=\"twitter:card\" content=\"summary_large_image\" \/>\n<meta name=\"twitter:creator\" content=\"@franzalt\" \/>\n<meta name=\"twitter:site\" content=\"@franzalt\" \/>\n<meta name=\"twitter:label1\" content=\"Verfasst von\" \/>\n\t<meta name=\"twitter:data1\" content=\"sbade\" \/>\n\t<meta name=\"twitter:label2\" content=\"Gesch\u00e4tzte Lesezeit\" \/>\n\t<meta name=\"twitter:data2\" content=\"8\u00a0Minuten\" \/>\n<script type=\"application\/ld+json\" class=\"yoast-schema-graph\">{\"@context\":\"https:\/\/schema.org\",\"@graph\":[{\"@type\":\"Article\",\"@id\":\"https:\/\/www.sonnenseite.com\/de\/politik\/dalai-lama-nur-die-wahrheit-macht-frei\/#article\",\"isPartOf\":{\"@id\":\"https:\/\/www.sonnenseite.com\/de\/politik\/dalai-lama-nur-die-wahrheit-macht-frei\/\"},\"author\":{\"name\":\"sbade\",\"@id\":\"https:\/\/www.sonnenseite.com\/de\/#\/schema\/person\/6df44691cd9a70d99e140e1116ee8771\"},\"headline\":\"Dalai Lama: Nur die Wahrheit macht frei!\",\"datePublished\":\"2011-09-21T22:00:00+00:00\",\"mainEntityOfPage\":{\"@id\":\"https:\/\/www.sonnenseite.com\/de\/politik\/dalai-lama-nur-die-wahrheit-macht-frei\/\"},\"wordCount\":1669,\"publisher\":{\"@id\":\"https:\/\/www.sonnenseite.com\/de\/#organization\"},\"image\":{\"@id\":\"https:\/\/www.sonnenseite.com\/de\/politik\/dalai-lama-nur-die-wahrheit-macht-frei\/#primaryimage\"},\"thumbnailUrl\":\"https:\/\/www.sonnenseite.com\/wp-content\/uploads\/2020\/06\/archiv_artikel.jpg\",\"articleSection\":[\"Politik\"],\"inLanguage\":\"de\"},{\"@type\":\"WebPage\",\"@id\":\"https:\/\/www.sonnenseite.com\/de\/politik\/dalai-lama-nur-die-wahrheit-macht-frei\/\",\"url\":\"https:\/\/www.sonnenseite.com\/de\/politik\/dalai-lama-nur-die-wahrheit-macht-frei\/\",\"name\":\"Dalai Lama: Nur die Wahrheit macht frei! - Sonnenseite - \u00d6kologische Kommunikation mit Franz Alt\",\"isPartOf\":{\"@id\":\"https:\/\/www.sonnenseite.com\/de\/#website\"},\"primaryImageOfPage\":{\"@id\":\"https:\/\/www.sonnenseite.com\/de\/politik\/dalai-lama-nur-die-wahrheit-macht-frei\/#primaryimage\"},\"image\":{\"@id\":\"https:\/\/www.sonnenseite.com\/de\/politik\/dalai-lama-nur-die-wahrheit-macht-frei\/#primaryimage\"},\"thumbnailUrl\":\"https:\/\/www.sonnenseite.com\/wp-content\/uploads\/2020\/06\/archiv_artikel.jpg\",\"datePublished\":\"2011-09-21T22:00:00+00:00\",\"description\":\"Am liebsten w\u00fcrde der Dalai Lama in Zukunft \u201eals einfacher M\u00f6nch in einem Kloster leben\u201c. Aber daf\u00fcr sind dann die Erwartungen und die Projektionen von\",\"breadcrumb\":{\"@id\":\"https:\/\/www.sonnenseite.com\/de\/politik\/dalai-lama-nur-die-wahrheit-macht-frei\/#breadcrumb\"},\"inLanguage\":\"de\",\"potentialAction\":[{\"@type\":\"ReadAction\",\"target\":[\"https:\/\/www.sonnenseite.com\/de\/politik\/dalai-lama-nur-die-wahrheit-macht-frei\/\"]}]},{\"@type\":\"ImageObject\",\"inLanguage\":\"de\",\"@id\":\"https:\/\/www.sonnenseite.com\/de\/politik\/dalai-lama-nur-die-wahrheit-macht-frei\/#primaryimage\",\"url\":\"https:\/\/www.sonnenseite.com\/wp-content\/uploads\/2020\/06\/archiv_artikel.jpg\",\"contentUrl\":\"https:\/\/www.sonnenseite.com\/wp-content\/uploads\/2020\/06\/archiv_artikel.jpg\",\"width\":770,\"height\":420,\"caption\":\"Sonnenseite\"},{\"@type\":\"BreadcrumbList\",\"@id\":\"https:\/\/www.sonnenseite.com\/de\/politik\/dalai-lama-nur-die-wahrheit-macht-frei\/#breadcrumb\",\"itemListElement\":[{\"@type\":\"ListItem\",\"position\":1,\"name\":\"Startseite\",\"item\":\"https:\/\/www.sonnenseite.com\/de\/\"},{\"@type\":\"ListItem\",\"position\":2,\"name\":\"Dalai Lama: Nur die Wahrheit macht frei!\"}]},{\"@type\":\"WebSite\",\"@id\":\"https:\/\/www.sonnenseite.com\/de\/#website\",\"url\":\"https:\/\/www.sonnenseite.com\/de\/\",\"name\":\"Sonnenseite\",\"description\":\"\u00d6kologische Kommunikation mit Franz Alt\",\"publisher\":{\"@id\":\"https:\/\/www.sonnenseite.com\/de\/#organization\"},\"potentialAction\":[{\"@type\":\"SearchAction\",\"target\":{\"@type\":\"EntryPoint\",\"urlTemplate\":\"https:\/\/www.sonnenseite.com\/de\/?s={search_term_string}\"},\"query-input\":{\"@type\":\"PropertyValueSpecification\",\"valueRequired\":true,\"valueName\":\"search_term_string\"}}],\"inLanguage\":\"de\"},{\"@type\":\"Organization\",\"@id\":\"https:\/\/www.sonnenseite.com\/de\/#organization\",\"name\":\"Sonnenseite\",\"url\":\"https:\/\/www.sonnenseite.com\/de\/\",\"logo\":{\"@type\":\"ImageObject\",\"inLanguage\":\"de\",\"@id\":\"https:\/\/www.sonnenseite.com\/de\/#\/schema\/logo\/image\/\",\"url\":\"https:\/\/www.sonnenseite.com\/wp-content\/uploads\/2020\/05\/Sonnenseite_Logo.png\",\"contentUrl\":\"https:\/\/www.sonnenseite.com\/wp-content\/uploads\/2020\/05\/Sonnenseite_Logo.png\",\"width\":377,\"height\":90,\"caption\":\"Sonnenseite\"},\"image\":{\"@id\":\"https:\/\/www.sonnenseite.com\/de\/#\/schema\/logo\/image\/\"},\"sameAs\":[\"https:\/\/www.facebook.com\/pages\/Franz-Alt-SONNENSEITECOM\/221072987903953?fref=ts\",\"https:\/\/x.com\/franzalt\",\"http:\/\/www.youtube.com\/results?search_query&amp;amp;quot;franz_alt&amp;amp;quot;&amp;amp;amp;amp;search_type&amp;amp;amp;amp;aq=f\"]},{\"@type\":\"Person\",\"@id\":\"https:\/\/www.sonnenseite.com\/de\/#\/schema\/person\/6df44691cd9a70d99e140e1116ee8771\",\"name\":\"sbade\",\"sameAs\":[\"https:\/\/www.sonnenseite.com\"]}]}<\/script>\n<!-- \/ Yoast SEO plugin. -->","yoast_head_json":{"title":"Dalai Lama: Nur die Wahrheit macht frei! - Sonnenseite - \u00d6kologische Kommunikation mit Franz Alt","description":"Am liebsten w\u00fcrde der Dalai Lama in Zukunft \u201eals einfacher M\u00f6nch in einem Kloster leben\u201c. Aber daf\u00fcr sind dann die Erwartungen und die Projektionen von","robots":{"index":"index","follow":"follow","max-snippet":"max-snippet:-1","max-image-preview":"max-image-preview:large","max-video-preview":"max-video-preview:-1"},"canonical":"https:\/\/www.sonnenseite.com\/de\/politik\/dalai-lama-nur-die-wahrheit-macht-frei\/","og_locale":"de_DE","og_type":"article","og_title":"Dalai Lama: Nur die Wahrheit macht frei! - Sonnenseite - \u00d6kologische Kommunikation mit Franz Alt","og_description":"Am liebsten w\u00fcrde der Dalai Lama in Zukunft \u201eals einfacher M\u00f6nch in einem Kloster leben\u201c. Aber daf\u00fcr sind dann die Erwartungen und die Projektionen von","og_url":"https:\/\/www.sonnenseite.com\/de\/politik\/dalai-lama-nur-die-wahrheit-macht-frei\/","og_site_name":"Sonnenseite","article_publisher":"https:\/\/www.facebook.com\/pages\/Franz-Alt-SONNENSEITECOM\/221072987903953?fref=ts","article_published_time":"2011-09-21T22:00:00+00:00","og_image":[{"width":770,"height":420,"url":"https:\/\/www.sonnenseite.com\/wp-content\/uploads\/2020\/06\/archiv_artikel.jpg","type":"image\/jpeg"}],"author":"sbade","twitter_card":"summary_large_image","twitter_creator":"@franzalt","twitter_site":"@franzalt","twitter_misc":{"Verfasst von":"sbade","Gesch\u00e4tzte Lesezeit":"8\u00a0Minuten"},"schema":{"@context":"https:\/\/schema.org","@graph":[{"@type":"Article","@id":"https:\/\/www.sonnenseite.com\/de\/politik\/dalai-lama-nur-die-wahrheit-macht-frei\/#article","isPartOf":{"@id":"https:\/\/www.sonnenseite.com\/de\/politik\/dalai-lama-nur-die-wahrheit-macht-frei\/"},"author":{"name":"sbade","@id":"https:\/\/www.sonnenseite.com\/de\/#\/schema\/person\/6df44691cd9a70d99e140e1116ee8771"},"headline":"Dalai Lama: Nur die Wahrheit macht frei!","datePublished":"2011-09-21T22:00:00+00:00","mainEntityOfPage":{"@id":"https:\/\/www.sonnenseite.com\/de\/politik\/dalai-lama-nur-die-wahrheit-macht-frei\/"},"wordCount":1669,"publisher":{"@id":"https:\/\/www.sonnenseite.com\/de\/#organization"},"image":{"@id":"https:\/\/www.sonnenseite.com\/de\/politik\/dalai-lama-nur-die-wahrheit-macht-frei\/#primaryimage"},"thumbnailUrl":"https:\/\/www.sonnenseite.com\/wp-content\/uploads\/2020\/06\/archiv_artikel.jpg","articleSection":["Politik"],"inLanguage":"de"},{"@type":"WebPage","@id":"https:\/\/www.sonnenseite.com\/de\/politik\/dalai-lama-nur-die-wahrheit-macht-frei\/","url":"https:\/\/www.sonnenseite.com\/de\/politik\/dalai-lama-nur-die-wahrheit-macht-frei\/","name":"Dalai Lama: Nur die Wahrheit macht frei! - Sonnenseite - \u00d6kologische Kommunikation mit Franz Alt","isPartOf":{"@id":"https:\/\/www.sonnenseite.com\/de\/#website"},"primaryImageOfPage":{"@id":"https:\/\/www.sonnenseite.com\/de\/politik\/dalai-lama-nur-die-wahrheit-macht-frei\/#primaryimage"},"image":{"@id":"https:\/\/www.sonnenseite.com\/de\/politik\/dalai-lama-nur-die-wahrheit-macht-frei\/#primaryimage"},"thumbnailUrl":"https:\/\/www.sonnenseite.com\/wp-content\/uploads\/2020\/06\/archiv_artikel.jpg","datePublished":"2011-09-21T22:00:00+00:00","description":"Am liebsten w\u00fcrde der Dalai Lama in Zukunft \u201eals einfacher M\u00f6nch in einem Kloster leben\u201c. Aber daf\u00fcr sind dann die Erwartungen und die Projektionen von","breadcrumb":{"@id":"https:\/\/www.sonnenseite.com\/de\/politik\/dalai-lama-nur-die-wahrheit-macht-frei\/#breadcrumb"},"inLanguage":"de","potentialAction":[{"@type":"ReadAction","target":["https:\/\/www.sonnenseite.com\/de\/politik\/dalai-lama-nur-die-wahrheit-macht-frei\/"]}]},{"@type":"ImageObject","inLanguage":"de","@id":"https:\/\/www.sonnenseite.com\/de\/politik\/dalai-lama-nur-die-wahrheit-macht-frei\/#primaryimage","url":"https:\/\/www.sonnenseite.com\/wp-content\/uploads\/2020\/06\/archiv_artikel.jpg","contentUrl":"https:\/\/www.sonnenseite.com\/wp-content\/uploads\/2020\/06\/archiv_artikel.jpg","width":770,"height":420,"caption":"Sonnenseite"},{"@type":"BreadcrumbList","@id":"https:\/\/www.sonnenseite.com\/de\/politik\/dalai-lama-nur-die-wahrheit-macht-frei\/#breadcrumb","itemListElement":[{"@type":"ListItem","position":1,"name":"Startseite","item":"https:\/\/www.sonnenseite.com\/de\/"},{"@type":"ListItem","position":2,"name":"Dalai Lama: Nur die Wahrheit macht frei!"}]},{"@type":"WebSite","@id":"https:\/\/www.sonnenseite.com\/de\/#website","url":"https:\/\/www.sonnenseite.com\/de\/","name":"Sonnenseite","description":"\u00d6kologische Kommunikation mit Franz Alt","publisher":{"@id":"https:\/\/www.sonnenseite.com\/de\/#organization"},"potentialAction":[{"@type":"SearchAction","target":{"@type":"EntryPoint","urlTemplate":"https:\/\/www.sonnenseite.com\/de\/?s={search_term_string}"},"query-input":{"@type":"PropertyValueSpecification","valueRequired":true,"valueName":"search_term_string"}}],"inLanguage":"de"},{"@type":"Organization","@id":"https:\/\/www.sonnenseite.com\/de\/#organization","name":"Sonnenseite","url":"https:\/\/www.sonnenseite.com\/de\/","logo":{"@type":"ImageObject","inLanguage":"de","@id":"https:\/\/www.sonnenseite.com\/de\/#\/schema\/logo\/image\/","url":"https:\/\/www.sonnenseite.com\/wp-content\/uploads\/2020\/05\/Sonnenseite_Logo.png","contentUrl":"https:\/\/www.sonnenseite.com\/wp-content\/uploads\/2020\/05\/Sonnenseite_Logo.png","width":377,"height":90,"caption":"Sonnenseite"},"image":{"@id":"https:\/\/www.sonnenseite.com\/de\/#\/schema\/logo\/image\/"},"sameAs":["https:\/\/www.facebook.com\/pages\/Franz-Alt-SONNENSEITECOM\/221072987903953?fref=ts","https:\/\/x.com\/franzalt","http:\/\/www.youtube.com\/results?search_query&amp;amp;quot;franz_alt&amp;amp;quot;&amp;amp;amp;amp;search_type&amp;amp;amp;amp;aq=f"]},{"@type":"Person","@id":"https:\/\/www.sonnenseite.com\/de\/#\/schema\/person\/6df44691cd9a70d99e140e1116ee8771","name":"sbade","sameAs":["https:\/\/www.sonnenseite.com"]}]}},"_links":{"self":[{"href":"https:\/\/www.sonnenseite.com\/de\/wp-json\/wp\/v2\/posts\/58103","targetHints":{"allow":["GET"]}}],"collection":[{"href":"https:\/\/www.sonnenseite.com\/de\/wp-json\/wp\/v2\/posts"}],"about":[{"href":"https:\/\/www.sonnenseite.com\/de\/wp-json\/wp\/v2\/types\/post"}],"author":[{"embeddable":true,"href":"https:\/\/www.sonnenseite.com\/de\/wp-json\/wp\/v2\/users\/1"}],"replies":[{"embeddable":true,"href":"https:\/\/www.sonnenseite.com\/de\/wp-json\/wp\/v2\/comments?post=58103"}],"version-history":[{"count":0,"href":"https:\/\/www.sonnenseite.com\/de\/wp-json\/wp\/v2\/posts\/58103\/revisions"}],"wp:featuredmedia":[{"embeddable":true,"href":"https:\/\/www.sonnenseite.com\/de\/wp-json\/wp\/v2\/media\/50987"}],"wp:attachment":[{"href":"https:\/\/www.sonnenseite.com\/de\/wp-json\/wp\/v2\/media?parent=58103"}],"wp:term":[{"taxonomy":"category","embeddable":true,"href":"https:\/\/www.sonnenseite.com\/de\/wp-json\/wp\/v2\/categories?post=58103"},{"taxonomy":"post_tag","embeddable":true,"href":"https:\/\/www.sonnenseite.com\/de\/wp-json\/wp\/v2\/tags?post=58103"}],"curies":[{"name":"wp","href":"https:\/\/api.w.org\/{rel}","templated":true}]}}