{"id":58368,"date":"2011-08-07T00:00:00","date_gmt":"2011-08-06T22:00:00","guid":{"rendered":"https:\/\/www.sonnenseite.com\/politik\/evakuierungszone-30-km-um-fukushima-soll-aufgehoben-werden.html"},"modified":"2011-08-07T00:00:00","modified_gmt":"2011-08-06T22:00:00","slug":"evakuierungszone-30-km-um-fukushima-soll-aufgehoben-werden","status":"publish","type":"post","link":"https:\/\/www.sonnenseite.com\/de\/politik\/evakuierungszone-30-km-um-fukushima-soll-aufgehoben-werden\/","title":{"rendered":"Evakuierungszone 30 km um Fukushima soll aufgehoben werden"},"content":{"rendered":"<p>GLOBAL 2000 warnt: Aus wirtschaftlichen \u00dcberlegungen werden Strahlungsrisiken verharmlost und Kinder zu Versuchskaninchen. <!--more--> <\/p>\n<p>Vor fast genau f\u00fcnf Monaten kam es im japanischen Atomkraftwerk  Fukushima nach einem zerst\u00f6rerischen Tsunami zu drei Kernschmelzen, es  traten massive Mengen an radioaktiven Stoffen in die Umgebung aus. Letzte Woche ver\u00f6ffentlichte der Betreiber TEPCO Dosiswerte von 10 000 mSv  pro Stunde zwischen Reaktor 1 und 2, was der Jahresdosis f\u00fcr einen  Menschen in Westeuropa pro Sekunde entspricht.<\/p>\n<p>Die Bev\u00f6lkerung im  Umkreis von 20 km um die Atom-Wracks wurde evakuiert, die Bev\u00f6lkerung im  30-km-Radius gewarnt, sich auf eine Evakuierung vorzubereiten,  insbesondere Schwangere und Kleinkinder sollten sich in geschlossenen  R\u00e4umen aufhalten &#8211; seit f\u00fcnf Monaten.<\/p>\n<p><strong>Nun will die japanische Regierung  die Evakuierungsvorgabe per Ende August aufheben:<\/strong> &#8222;Die betroffene Zone  soll als bewohnbar erkl\u00e4rt werden. Diese Ank\u00fcndigung kommt nur drei Tage  nach Ver\u00f6ffentlichung der gemessenen Rekordwerte. Hier stehen eindeutig  wirtschaftliche Interessen \u00fcber dem \u00f6ffentlichen Auftrag des Schutzes  von Menschenleben&#8220;, zeigt sich Dr. Reinhard Uhrig, Atomexperte von  GLOBAL 2000, entsetzt: &#8222;Besonders die Kinder der Gegend macht dies zu  Versuchskaninchen &#8211; und alles nur, weil TEPCO schlicht kein Geld f\u00fcr  Entsch\u00e4digungszahlungen hat.&#8220;<\/p>\n<p>In der Ortschaft Namie 24 km entfernt von den Atom-Wracks liegen die  Strahlenwerte bei 30 Mikrosievert pro Stunde &#8211; nach 3,5 Stunden  entspricht dies in etwa einem Lungenr\u00f6ntgen f\u00fcr alle Personen, die sich  in der Stadt aufhalten, oder 7 Lungenr\u00f6ntgen pro Tag. Dennoch wurde die  Stadt erst versp\u00e4tet evakuiert.<\/p>\n<p>&#8222;Bei medizinischen R\u00f6ntgen werden alle  Schutzma\u00dfnahmen getroffen, um die Strahlenbelastung f\u00fcr den K\u00f6rper  m\u00f6glichst gering zu halten . Bei Verstrahlung ganzer Landstriche geht es  pl\u00f6tzlich viel pragmatischer zu&#8220;, betont Uhrig. Obendrein kam es nicht  nur innerhalb von 30 km rund um das Atomkraftwerk zu massiven  Verstrahlungen: In Iitate 34 km entfernt von den Fukushima-Reaktoren  liegt der Wert z. B. noch bei 12 Mikrosievert &#8211; alle acht Stunden ein  Lungenr\u00f6ntgen oder drei pro Tag.<\/p>\n<p><strong>45 Prozent der Kinder mit radioaktivem Jod belastet <\/strong><\/p>\n<p>Es gibt erschreckende Parallelen zu Tschernobyl, auch dort wurde die  Bev\u00f6lkerung unn\u00f6tig kontaminiert. Die Grenzwerte f\u00fcr die Gabe von  Jodtabletten in Japan wurden auf 100 mSv Strahlendosis angesetzt <strong>(die  WHO empfiehlt 50 mSv f\u00fcr Erwachsene, 10 mSv f\u00fcr Kinder)<\/strong> &#8211; nur die  Evakuierten in der 20 km-Zone haben Jodtabletten erhalten, eine Jod-Gabe  in einem viel gr\u00f6\u00dferen Radius von mindestens 150 km w\u00e4re jedoch n\u00f6tig  gewesen: 45 Prozent von \u00fcber 1000 untersuchten Kindern au\u00dferhalb des  Fukushima-Sperrgebiets haben laut einer im Juli ver\u00f6ffentlichten Studie  radioaktives Jod in der Schilddr\u00fcse eingelagert, ein einj\u00e4hriges Kind  eine so hohe Dosis, dass es allein von dieser Jod-Dosis auf eine  Jahresdosis von 50 mSv kommt &#8211; mehr als die doppelte Dosis eines  deutschen AKW-Arbeiters.<\/p>\n<p>Die japanische Regierung hat &#8211;  auch aufgrund des massiven Drucks von  NGOs wie der GLOBAL 2000-Partnerorganisation Friends of the Earth Japan  &#8211; angek\u00fcndigt, den Grenzwert f\u00fcr Kinder durch Strahlenbelastung aus dem  Boden von j\u00e4hrlich 20 mSv per Ende August senken zu wollen.<\/p>\n<p>&#8222;Die nun  geplante Aufhebung der Evakuierungszone bewirkt jedoch das Gegenteil&#8220;,  zeigt sich Uhrig alarmiert.  Im Laufe der Explosionen wurden nicht nur  kurzlebige Radionuklide wie Jod in die Umgebung ausgeworfen, sondern  neben Plutonium und Strontium auch gro\u00dfe Mengen C\u00e4sium mit einer  Halbwertszeit von 30 Jahren &#8211; die betroffenen Landstriche w\u00e4ren erst  nach 300 Jahren wieder bewohnbar.<\/p>\n<p>&#8222;Das ist vergleichbar mit dem  historischen Zeitraum seit der Geburt von Maria Theresia &#8211; wenn bei  ihrer Geburt am 13. Mai 1717 ein AKW explodiert w\u00e4re, w\u00e4re die Gegend  erst heute wieder bewohnbar. Wieder zeigt sich, wie unverantwortlich der  Weiterbetrieb von AKWs ist. Fukushima zeigt: Hochrisikoreaktoren jetzt  abschalten, alle anderen so schnell wie m\u00f6glich.&#8220;<\/p>\n<h5 class=\"green\">Quelle<\/h5>\n<p>GLOBAL 2000 2011<\/p>\n<div class=\"shariff shariff-align-flex-start shariff-widget-align-flex-start\"><div class=\"ShariffHeadline\">Diese Meldung teilen<\/div><ul class=\"shariff-buttons theme-round orientation-horizontal buttonsize-medium\"><li class=\"shariff-button facebook shariff-nocustomcolor\" style=\"background-color:#4273c8;border-radius:1%\"><a href=\"https:\/\/www.facebook.com\/sharer\/sharer.php?u=https%3A%2F%2Fwww.sonnenseite.com%2Fde%2Fpolitik%2Fevakuierungszone-30-km-um-fukushima-soll-aufgehoben-werden%2F\" title=\"Bei Facebook teilen\" aria-label=\"Bei Facebook teilen\" role=\"button\" rel=\"nofollow\" class=\"shariff-link\" style=\";border-radius:1%; background-color:#3b5998; color:#fff\" target=\"_blank\"><span class=\"shariff-icon\" style=\"\"><svg width=\"32px\" height=\"20px\" xmlns=\"http:\/\/www.w3.org\/2000\/svg\" viewBox=\"0 0 18 32\"><path fill=\"#3b5998\" d=\"M17.1 0.2v4.7h-2.8q-1.5 0-2.1 0.6t-0.5 1.9v3.4h5.2l-0.7 5.3h-4.5v13.6h-5.5v-13.6h-4.5v-5.3h4.5v-3.9q0-3.3 1.9-5.2t5-1.8q2.6 0 4.1 0.2z\"\/><\/svg><\/span><\/a><\/li><li class=\"shariff-button twitter shariff-nocustomcolor\" style=\"background-color:#595959;border-radius:1%\"><a href=\"https:\/\/twitter.com\/share?url=https%3A%2F%2Fwww.sonnenseite.com%2Fde%2Fpolitik%2Fevakuierungszone-30-km-um-fukushima-soll-aufgehoben-werden%2F&text=Evakuierungszone%2030%20km%20um%20Fukushima%20soll%20aufgehoben%20werden\" title=\"Bei X teilen\" aria-label=\"Bei X teilen\" role=\"button\" rel=\"noopener nofollow\" class=\"shariff-link\" style=\";border-radius:1%; background-color:#000; color:#fff\" target=\"_blank\"><span class=\"shariff-icon\" style=\"\"><svg width=\"32px\" height=\"20px\" xmlns=\"http:\/\/www.w3.org\/2000\/svg\" viewBox=\"0 0 24 24\"><path fill=\"#000\" d=\"M14.258 10.152L23.176 0h-2.113l-7.747 8.813L7.133 0H0l9.352 13.328L0 23.973h2.113l8.176-9.309 6.531 9.309h7.133zm-2.895 3.293l-.949-1.328L2.875 1.56h3.246l6.086 8.523.945 1.328 7.91 11.078h-3.246zm0 0\"\/><\/svg><\/span><\/a><\/li><li class=\"shariff-button xing shariff-nocustomcolor\" style=\"background-color:#29888a;border-radius:1%\"><a href=\"https:\/\/www.xing.com\/spi\/shares\/new?url=https%3A%2F%2Fwww.sonnenseite.com%2Fde%2Fpolitik%2Fevakuierungszone-30-km-um-fukushima-soll-aufgehoben-werden%2F\" title=\"Bei XING teilen\" aria-label=\"Bei XING teilen\" role=\"button\" rel=\"noopener nofollow\" class=\"shariff-link\" style=\";border-radius:1%; background-color:#126567; color:#fff\" target=\"_blank\"><span class=\"shariff-icon\" style=\"\"><svg width=\"32px\" height=\"20px\" xmlns=\"http:\/\/www.w3.org\/2000\/svg\" viewBox=\"0 0 25 32\"><path fill=\"#126567\" d=\"M10.7 11.9q-0.2 0.3-4.6 8.2-0.5 0.8-1.2 0.8h-4.3q-0.4 0-0.5-0.3t0-0.6l4.5-8q0 0 0 0l-2.9-5q-0.2-0.4 0-0.7 0.2-0.3 0.5-0.3h4.3q0.7 0 1.2 0.8zM25.1 0.4q0.2 0.3 0 0.7l-9.4 16.7 6 11q0.2 0.4 0 0.6-0.2 0.3-0.6 0.3h-4.3q-0.7 0-1.2-0.8l-6-11.1q0.3-0.6 9.5-16.8 0.4-0.8 1.2-0.8h4.3q0.4 0 0.5 0.3z\"\/><\/svg><\/span><\/a><\/li><li class=\"shariff-button linkedin shariff-nocustomcolor\" style=\"background-color:#1488bf;border-radius:1%\"><a href=\"https:\/\/www.linkedin.com\/sharing\/share-offsite\/?url=https%3A%2F%2Fwww.sonnenseite.com%2Fde%2Fpolitik%2Fevakuierungszone-30-km-um-fukushima-soll-aufgehoben-werden%2F\" title=\"Bei LinkedIn teilen\" aria-label=\"Bei LinkedIn teilen\" role=\"button\" rel=\"noopener nofollow\" class=\"shariff-link\" style=\";border-radius:1%; background-color:#0077b5; color:#fff\" target=\"_blank\"><span class=\"shariff-icon\" style=\"\"><svg width=\"32px\" height=\"20px\" xmlns=\"http:\/\/www.w3.org\/2000\/svg\" viewBox=\"0 0 27 32\"><path fill=\"#0077b5\" d=\"M6.2 11.2v17.7h-5.9v-17.7h5.9zM6.6 5.7q0 1.3-0.9 2.2t-2.4 0.9h0q-1.5 0-2.4-0.9t-0.9-2.2 0.9-2.2 2.4-0.9 2.4 0.9 0.9 2.2zM27.4 18.7v10.1h-5.9v-9.5q0-1.9-0.7-2.9t-2.3-1.1q-1.1 0-1.9 0.6t-1.2 1.5q-0.2 0.5-0.2 1.4v9.9h-5.9q0-7.1 0-11.6t0-5.3l0-0.9h5.9v2.6h0q0.4-0.6 0.7-1t1-0.9 1.6-0.8 2-0.3q3 0 4.9 2t1.9 6z\"\/><\/svg><\/span><\/a><\/li><li class=\"shariff-button printer shariff-nocustomcolor\" style=\"background-color:#a8a8a8;border-radius:1%\"><a href=\"javascript:window.print()\" title=\"drucken\" aria-label=\"drucken\" role=\"button\" rel=\"noopener nofollow\" class=\"shariff-link\" style=\";border-radius:1%; background-color:#999; color:#fff\"><span class=\"shariff-icon\" style=\"\"><svg width=\"32px\" height=\"20px\" xmlns=\"http:\/\/www.w3.org\/2000\/svg\" viewBox=\"0 0 30 32\"><path fill=\"#999\" d=\"M6.8 27.4h16v-4.6h-16v4.6zM6.8 16h16v-6.8h-2.8q-0.7 0-1.2-0.5t-0.5-1.2v-2.8h-11.4v11.4zM27.4 17.2q0-0.5-0.3-0.8t-0.8-0.4-0.8 0.4-0.3 0.8 0.3 0.8 0.8 0.3 0.8-0.3 0.3-0.8zM29.7 17.2v7.4q0 0.2-0.2 0.4t-0.4 0.2h-4v2.8q0 0.7-0.5 1.2t-1.2 0.5h-17.2q-0.7 0-1.2-0.5t-0.5-1.2v-2.8h-4q-0.2 0-0.4-0.2t-0.2-0.4v-7.4q0-1.4 1-2.4t2.4-1h1.2v-9.7q0-0.7 0.5-1.2t1.2-0.5h12q0.7 0 1.6 0.4t1.3 0.8l2.7 2.7q0.5 0.5 0.9 1.4t0.4 1.6v4.6h1.1q1.4 0 2.4 1t1 2.4z\"\/><\/svg><\/span><\/a><\/li><li class=\"shariff-button mailto shariff-nocustomcolor\" style=\"background-color:#a8a8a8;border-radius:1%\"><a href=\"mailto:?body=https%3A%2F%2Fwww.sonnenseite.com%2Fde%2Fpolitik%2Fevakuierungszone-30-km-um-fukushima-soll-aufgehoben-werden%2F&subject=Evakuierungszone%2030%20km%20um%20Fukushima%20soll%20aufgehoben%20werden\" title=\"Per E-Mail versenden\" aria-label=\"Per E-Mail versenden\" role=\"button\" rel=\"noopener nofollow\" class=\"shariff-link\" style=\";border-radius:1%; background-color:#999; color:#fff\"><span class=\"shariff-icon\" style=\"\"><svg width=\"32px\" height=\"20px\" xmlns=\"http:\/\/www.w3.org\/2000\/svg\" viewBox=\"0 0 32 32\"><path fill=\"#999\" d=\"M32 12.7v14.2q0 1.2-0.8 2t-2 0.9h-26.3q-1.2 0-2-0.9t-0.8-2v-14.2q0.8 0.9 1.8 1.6 6.5 4.4 8.9 6.1 1 0.8 1.6 1.2t1.7 0.9 2 0.4h0.1q0.9 0 2-0.4t1.7-0.9 1.6-1.2q3-2.2 8.9-6.1 1-0.7 1.8-1.6zM32 7.4q0 1.4-0.9 2.7t-2.2 2.2q-6.7 4.7-8.4 5.8-0.2 0.1-0.7 0.5t-1 0.7-0.9 0.6-1.1 0.5-0.9 0.2h-0.1q-0.4 0-0.9-0.2t-1.1-0.5-0.9-0.6-1-0.7-0.7-0.5q-1.6-1.1-4.7-3.2t-3.6-2.6q-1.1-0.7-2.1-2t-1-2.5q0-1.4 0.7-2.3t2.1-0.9h26.3q1.2 0 2 0.8t0.9 2z\"\/><\/svg><\/span><\/a><\/li><\/ul><\/div>","protected":false},"excerpt":{"rendered":"<p>GLOBAL 2000 warnt: Aus wirtschaftlichen \u00dcberlegungen werden Strahlungsrisiken verharmlost und Kinder zu Versuchskaninchen.<\/p>\n","protected":false},"author":1,"featured_media":50987,"comment_status":"closed","ping_status":"closed","sticky":false,"template":"","format":"standard","meta":{"inline_featured_image":false,"footnotes":""},"categories":[21],"tags":[],"class_list":["post-58368","post","type-post","status-publish","format-standard","has-post-thumbnail","hentry","category-politik"],"yoast_head":"<!-- This site is optimized with the Yoast SEO plugin v26.5 - https:\/\/yoast.com\/wordpress\/plugins\/seo\/ -->\n<title>Evakuierungszone 30 km um Fukushima soll aufgehoben werden - Sonnenseite - \u00d6kologische Kommunikation mit Franz Alt<\/title>\n<meta name=\"description\" content=\"GLOBAL 2000 warnt: Aus wirtschaftlichen \u00dcberlegungen werden Strahlungsrisiken verharmlost und Kinder zu Versuchskaninchen. Vor fast genau f\u00fcnf Monaten kam\" \/>\n<meta name=\"robots\" content=\"index, follow, max-snippet:-1, max-image-preview:large, max-video-preview:-1\" \/>\n<link rel=\"canonical\" href=\"https:\/\/www.sonnenseite.com\/de\/politik\/evakuierungszone-30-km-um-fukushima-soll-aufgehoben-werden\/\" \/>\n<meta property=\"og:locale\" content=\"de_DE\" \/>\n<meta property=\"og:type\" content=\"article\" \/>\n<meta property=\"og:title\" content=\"Evakuierungszone 30 km um Fukushima soll aufgehoben werden - Sonnenseite - \u00d6kologische Kommunikation mit Franz Alt\" \/>\n<meta property=\"og:description\" content=\"GLOBAL 2000 warnt: Aus wirtschaftlichen \u00dcberlegungen werden Strahlungsrisiken verharmlost und Kinder zu Versuchskaninchen. Vor fast genau f\u00fcnf Monaten kam\" \/>\n<meta property=\"og:url\" content=\"https:\/\/www.sonnenseite.com\/de\/politik\/evakuierungszone-30-km-um-fukushima-soll-aufgehoben-werden\/\" \/>\n<meta property=\"og:site_name\" content=\"Sonnenseite\" \/>\n<meta property=\"article:publisher\" content=\"https:\/\/www.facebook.com\/pages\/Franz-Alt-SONNENSEITECOM\/221072987903953?fref=ts\" \/>\n<meta property=\"article:published_time\" content=\"2011-08-06T22:00:00+00:00\" \/>\n<meta property=\"og:image\" content=\"https:\/\/www.sonnenseite.com\/wp-content\/uploads\/2020\/06\/archiv_artikel.jpg\" \/>\n\t<meta property=\"og:image:width\" content=\"770\" \/>\n\t<meta property=\"og:image:height\" content=\"420\" \/>\n\t<meta property=\"og:image:type\" content=\"image\/jpeg\" \/>\n<meta name=\"author\" content=\"sbade\" \/>\n<meta name=\"twitter:card\" content=\"summary_large_image\" \/>\n<meta name=\"twitter:creator\" content=\"@franzalt\" \/>\n<meta name=\"twitter:site\" content=\"@franzalt\" \/>\n<meta name=\"twitter:label1\" content=\"Verfasst von\" \/>\n\t<meta name=\"twitter:data1\" content=\"sbade\" \/>\n\t<meta name=\"twitter:label2\" content=\"Gesch\u00e4tzte Lesezeit\" \/>\n\t<meta name=\"twitter:data2\" content=\"3\u00a0Minuten\" \/>\n<script type=\"application\/ld+json\" class=\"yoast-schema-graph\">{\"@context\":\"https:\/\/schema.org\",\"@graph\":[{\"@type\":\"Article\",\"@id\":\"https:\/\/www.sonnenseite.com\/de\/politik\/evakuierungszone-30-km-um-fukushima-soll-aufgehoben-werden\/#article\",\"isPartOf\":{\"@id\":\"https:\/\/www.sonnenseite.com\/de\/politik\/evakuierungszone-30-km-um-fukushima-soll-aufgehoben-werden\/\"},\"author\":{\"name\":\"sbade\",\"@id\":\"https:\/\/www.sonnenseite.com\/de\/#\/schema\/person\/6df44691cd9a70d99e140e1116ee8771\"},\"headline\":\"Evakuierungszone 30 km um Fukushima soll aufgehoben werden\",\"datePublished\":\"2011-08-06T22:00:00+00:00\",\"mainEntityOfPage\":{\"@id\":\"https:\/\/www.sonnenseite.com\/de\/politik\/evakuierungszone-30-km-um-fukushima-soll-aufgehoben-werden\/\"},\"wordCount\":603,\"publisher\":{\"@id\":\"https:\/\/www.sonnenseite.com\/de\/#organization\"},\"image\":{\"@id\":\"https:\/\/www.sonnenseite.com\/de\/politik\/evakuierungszone-30-km-um-fukushima-soll-aufgehoben-werden\/#primaryimage\"},\"thumbnailUrl\":\"https:\/\/www.sonnenseite.com\/wp-content\/uploads\/2020\/06\/archiv_artikel.jpg\",\"articleSection\":[\"Politik\"],\"inLanguage\":\"de\"},{\"@type\":\"WebPage\",\"@id\":\"https:\/\/www.sonnenseite.com\/de\/politik\/evakuierungszone-30-km-um-fukushima-soll-aufgehoben-werden\/\",\"url\":\"https:\/\/www.sonnenseite.com\/de\/politik\/evakuierungszone-30-km-um-fukushima-soll-aufgehoben-werden\/\",\"name\":\"Evakuierungszone 30 km um Fukushima soll aufgehoben werden - Sonnenseite - \u00d6kologische Kommunikation mit Franz Alt\",\"isPartOf\":{\"@id\":\"https:\/\/www.sonnenseite.com\/de\/#website\"},\"primaryImageOfPage\":{\"@id\":\"https:\/\/www.sonnenseite.com\/de\/politik\/evakuierungszone-30-km-um-fukushima-soll-aufgehoben-werden\/#primaryimage\"},\"image\":{\"@id\":\"https:\/\/www.sonnenseite.com\/de\/politik\/evakuierungszone-30-km-um-fukushima-soll-aufgehoben-werden\/#primaryimage\"},\"thumbnailUrl\":\"https:\/\/www.sonnenseite.com\/wp-content\/uploads\/2020\/06\/archiv_artikel.jpg\",\"datePublished\":\"2011-08-06T22:00:00+00:00\",\"description\":\"GLOBAL 2000 warnt: Aus wirtschaftlichen \u00dcberlegungen werden Strahlungsrisiken verharmlost und Kinder zu Versuchskaninchen. Vor fast genau f\u00fcnf Monaten kam\",\"breadcrumb\":{\"@id\":\"https:\/\/www.sonnenseite.com\/de\/politik\/evakuierungszone-30-km-um-fukushima-soll-aufgehoben-werden\/#breadcrumb\"},\"inLanguage\":\"de\",\"potentialAction\":[{\"@type\":\"ReadAction\",\"target\":[\"https:\/\/www.sonnenseite.com\/de\/politik\/evakuierungszone-30-km-um-fukushima-soll-aufgehoben-werden\/\"]}]},{\"@type\":\"ImageObject\",\"inLanguage\":\"de\",\"@id\":\"https:\/\/www.sonnenseite.com\/de\/politik\/evakuierungszone-30-km-um-fukushima-soll-aufgehoben-werden\/#primaryimage\",\"url\":\"https:\/\/www.sonnenseite.com\/wp-content\/uploads\/2020\/06\/archiv_artikel.jpg\",\"contentUrl\":\"https:\/\/www.sonnenseite.com\/wp-content\/uploads\/2020\/06\/archiv_artikel.jpg\",\"width\":770,\"height\":420,\"caption\":\"Sonnenseite\"},{\"@type\":\"BreadcrumbList\",\"@id\":\"https:\/\/www.sonnenseite.com\/de\/politik\/evakuierungszone-30-km-um-fukushima-soll-aufgehoben-werden\/#breadcrumb\",\"itemListElement\":[{\"@type\":\"ListItem\",\"position\":1,\"name\":\"Startseite\",\"item\":\"https:\/\/www.sonnenseite.com\/de\/\"},{\"@type\":\"ListItem\",\"position\":2,\"name\":\"Evakuierungszone 30 km um Fukushima soll aufgehoben werden\"}]},{\"@type\":\"WebSite\",\"@id\":\"https:\/\/www.sonnenseite.com\/de\/#website\",\"url\":\"https:\/\/www.sonnenseite.com\/de\/\",\"name\":\"Sonnenseite\",\"description\":\"\u00d6kologische Kommunikation mit Franz Alt\",\"publisher\":{\"@id\":\"https:\/\/www.sonnenseite.com\/de\/#organization\"},\"potentialAction\":[{\"@type\":\"SearchAction\",\"target\":{\"@type\":\"EntryPoint\",\"urlTemplate\":\"https:\/\/www.sonnenseite.com\/de\/?s={search_term_string}\"},\"query-input\":{\"@type\":\"PropertyValueSpecification\",\"valueRequired\":true,\"valueName\":\"search_term_string\"}}],\"inLanguage\":\"de\"},{\"@type\":\"Organization\",\"@id\":\"https:\/\/www.sonnenseite.com\/de\/#organization\",\"name\":\"Sonnenseite\",\"url\":\"https:\/\/www.sonnenseite.com\/de\/\",\"logo\":{\"@type\":\"ImageObject\",\"inLanguage\":\"de\",\"@id\":\"https:\/\/www.sonnenseite.com\/de\/#\/schema\/logo\/image\/\",\"url\":\"https:\/\/www.sonnenseite.com\/wp-content\/uploads\/2020\/05\/Sonnenseite_Logo.png\",\"contentUrl\":\"https:\/\/www.sonnenseite.com\/wp-content\/uploads\/2020\/05\/Sonnenseite_Logo.png\",\"width\":377,\"height\":90,\"caption\":\"Sonnenseite\"},\"image\":{\"@id\":\"https:\/\/www.sonnenseite.com\/de\/#\/schema\/logo\/image\/\"},\"sameAs\":[\"https:\/\/www.facebook.com\/pages\/Franz-Alt-SONNENSEITECOM\/221072987903953?fref=ts\",\"https:\/\/x.com\/franzalt\",\"http:\/\/www.youtube.com\/results?search_query&amp;amp;quot;franz_alt&amp;amp;quot;&amp;amp;amp;amp;search_type&amp;amp;amp;amp;aq=f\"]},{\"@type\":\"Person\",\"@id\":\"https:\/\/www.sonnenseite.com\/de\/#\/schema\/person\/6df44691cd9a70d99e140e1116ee8771\",\"name\":\"sbade\",\"sameAs\":[\"https:\/\/www.sonnenseite.com\"]}]}<\/script>\n<!-- \/ Yoast SEO plugin. -->","yoast_head_json":{"title":"Evakuierungszone 30 km um Fukushima soll aufgehoben werden - Sonnenseite - \u00d6kologische Kommunikation mit Franz Alt","description":"GLOBAL 2000 warnt: Aus wirtschaftlichen \u00dcberlegungen werden Strahlungsrisiken verharmlost und Kinder zu Versuchskaninchen. Vor fast genau f\u00fcnf Monaten kam","robots":{"index":"index","follow":"follow","max-snippet":"max-snippet:-1","max-image-preview":"max-image-preview:large","max-video-preview":"max-video-preview:-1"},"canonical":"https:\/\/www.sonnenseite.com\/de\/politik\/evakuierungszone-30-km-um-fukushima-soll-aufgehoben-werden\/","og_locale":"de_DE","og_type":"article","og_title":"Evakuierungszone 30 km um Fukushima soll aufgehoben werden - Sonnenseite - \u00d6kologische Kommunikation mit Franz Alt","og_description":"GLOBAL 2000 warnt: Aus wirtschaftlichen \u00dcberlegungen werden Strahlungsrisiken verharmlost und Kinder zu Versuchskaninchen. Vor fast genau f\u00fcnf Monaten kam","og_url":"https:\/\/www.sonnenseite.com\/de\/politik\/evakuierungszone-30-km-um-fukushima-soll-aufgehoben-werden\/","og_site_name":"Sonnenseite","article_publisher":"https:\/\/www.facebook.com\/pages\/Franz-Alt-SONNENSEITECOM\/221072987903953?fref=ts","article_published_time":"2011-08-06T22:00:00+00:00","og_image":[{"width":770,"height":420,"url":"https:\/\/www.sonnenseite.com\/wp-content\/uploads\/2020\/06\/archiv_artikel.jpg","type":"image\/jpeg"}],"author":"sbade","twitter_card":"summary_large_image","twitter_creator":"@franzalt","twitter_site":"@franzalt","twitter_misc":{"Verfasst von":"sbade","Gesch\u00e4tzte Lesezeit":"3\u00a0Minuten"},"schema":{"@context":"https:\/\/schema.org","@graph":[{"@type":"Article","@id":"https:\/\/www.sonnenseite.com\/de\/politik\/evakuierungszone-30-km-um-fukushima-soll-aufgehoben-werden\/#article","isPartOf":{"@id":"https:\/\/www.sonnenseite.com\/de\/politik\/evakuierungszone-30-km-um-fukushima-soll-aufgehoben-werden\/"},"author":{"name":"sbade","@id":"https:\/\/www.sonnenseite.com\/de\/#\/schema\/person\/6df44691cd9a70d99e140e1116ee8771"},"headline":"Evakuierungszone 30 km um Fukushima soll aufgehoben werden","datePublished":"2011-08-06T22:00:00+00:00","mainEntityOfPage":{"@id":"https:\/\/www.sonnenseite.com\/de\/politik\/evakuierungszone-30-km-um-fukushima-soll-aufgehoben-werden\/"},"wordCount":603,"publisher":{"@id":"https:\/\/www.sonnenseite.com\/de\/#organization"},"image":{"@id":"https:\/\/www.sonnenseite.com\/de\/politik\/evakuierungszone-30-km-um-fukushima-soll-aufgehoben-werden\/#primaryimage"},"thumbnailUrl":"https:\/\/www.sonnenseite.com\/wp-content\/uploads\/2020\/06\/archiv_artikel.jpg","articleSection":["Politik"],"inLanguage":"de"},{"@type":"WebPage","@id":"https:\/\/www.sonnenseite.com\/de\/politik\/evakuierungszone-30-km-um-fukushima-soll-aufgehoben-werden\/","url":"https:\/\/www.sonnenseite.com\/de\/politik\/evakuierungszone-30-km-um-fukushima-soll-aufgehoben-werden\/","name":"Evakuierungszone 30 km um Fukushima soll aufgehoben werden - Sonnenseite - \u00d6kologische Kommunikation mit Franz Alt","isPartOf":{"@id":"https:\/\/www.sonnenseite.com\/de\/#website"},"primaryImageOfPage":{"@id":"https:\/\/www.sonnenseite.com\/de\/politik\/evakuierungszone-30-km-um-fukushima-soll-aufgehoben-werden\/#primaryimage"},"image":{"@id":"https:\/\/www.sonnenseite.com\/de\/politik\/evakuierungszone-30-km-um-fukushima-soll-aufgehoben-werden\/#primaryimage"},"thumbnailUrl":"https:\/\/www.sonnenseite.com\/wp-content\/uploads\/2020\/06\/archiv_artikel.jpg","datePublished":"2011-08-06T22:00:00+00:00","description":"GLOBAL 2000 warnt: Aus wirtschaftlichen \u00dcberlegungen werden Strahlungsrisiken verharmlost und Kinder zu Versuchskaninchen. Vor fast genau f\u00fcnf Monaten kam","breadcrumb":{"@id":"https:\/\/www.sonnenseite.com\/de\/politik\/evakuierungszone-30-km-um-fukushima-soll-aufgehoben-werden\/#breadcrumb"},"inLanguage":"de","potentialAction":[{"@type":"ReadAction","target":["https:\/\/www.sonnenseite.com\/de\/politik\/evakuierungszone-30-km-um-fukushima-soll-aufgehoben-werden\/"]}]},{"@type":"ImageObject","inLanguage":"de","@id":"https:\/\/www.sonnenseite.com\/de\/politik\/evakuierungszone-30-km-um-fukushima-soll-aufgehoben-werden\/#primaryimage","url":"https:\/\/www.sonnenseite.com\/wp-content\/uploads\/2020\/06\/archiv_artikel.jpg","contentUrl":"https:\/\/www.sonnenseite.com\/wp-content\/uploads\/2020\/06\/archiv_artikel.jpg","width":770,"height":420,"caption":"Sonnenseite"},{"@type":"BreadcrumbList","@id":"https:\/\/www.sonnenseite.com\/de\/politik\/evakuierungszone-30-km-um-fukushima-soll-aufgehoben-werden\/#breadcrumb","itemListElement":[{"@type":"ListItem","position":1,"name":"Startseite","item":"https:\/\/www.sonnenseite.com\/de\/"},{"@type":"ListItem","position":2,"name":"Evakuierungszone 30 km um Fukushima soll aufgehoben werden"}]},{"@type":"WebSite","@id":"https:\/\/www.sonnenseite.com\/de\/#website","url":"https:\/\/www.sonnenseite.com\/de\/","name":"Sonnenseite","description":"\u00d6kologische Kommunikation mit Franz Alt","publisher":{"@id":"https:\/\/www.sonnenseite.com\/de\/#organization"},"potentialAction":[{"@type":"SearchAction","target":{"@type":"EntryPoint","urlTemplate":"https:\/\/www.sonnenseite.com\/de\/?s={search_term_string}"},"query-input":{"@type":"PropertyValueSpecification","valueRequired":true,"valueName":"search_term_string"}}],"inLanguage":"de"},{"@type":"Organization","@id":"https:\/\/www.sonnenseite.com\/de\/#organization","name":"Sonnenseite","url":"https:\/\/www.sonnenseite.com\/de\/","logo":{"@type":"ImageObject","inLanguage":"de","@id":"https:\/\/www.sonnenseite.com\/de\/#\/schema\/logo\/image\/","url":"https:\/\/www.sonnenseite.com\/wp-content\/uploads\/2020\/05\/Sonnenseite_Logo.png","contentUrl":"https:\/\/www.sonnenseite.com\/wp-content\/uploads\/2020\/05\/Sonnenseite_Logo.png","width":377,"height":90,"caption":"Sonnenseite"},"image":{"@id":"https:\/\/www.sonnenseite.com\/de\/#\/schema\/logo\/image\/"},"sameAs":["https:\/\/www.facebook.com\/pages\/Franz-Alt-SONNENSEITECOM\/221072987903953?fref=ts","https:\/\/x.com\/franzalt","http:\/\/www.youtube.com\/results?search_query&amp;amp;quot;franz_alt&amp;amp;quot;&amp;amp;amp;amp;search_type&amp;amp;amp;amp;aq=f"]},{"@type":"Person","@id":"https:\/\/www.sonnenseite.com\/de\/#\/schema\/person\/6df44691cd9a70d99e140e1116ee8771","name":"sbade","sameAs":["https:\/\/www.sonnenseite.com"]}]}},"_links":{"self":[{"href":"https:\/\/www.sonnenseite.com\/de\/wp-json\/wp\/v2\/posts\/58368","targetHints":{"allow":["GET"]}}],"collection":[{"href":"https:\/\/www.sonnenseite.com\/de\/wp-json\/wp\/v2\/posts"}],"about":[{"href":"https:\/\/www.sonnenseite.com\/de\/wp-json\/wp\/v2\/types\/post"}],"author":[{"embeddable":true,"href":"https:\/\/www.sonnenseite.com\/de\/wp-json\/wp\/v2\/users\/1"}],"replies":[{"embeddable":true,"href":"https:\/\/www.sonnenseite.com\/de\/wp-json\/wp\/v2\/comments?post=58368"}],"version-history":[{"count":0,"href":"https:\/\/www.sonnenseite.com\/de\/wp-json\/wp\/v2\/posts\/58368\/revisions"}],"wp:featuredmedia":[{"embeddable":true,"href":"https:\/\/www.sonnenseite.com\/de\/wp-json\/wp\/v2\/media\/50987"}],"wp:attachment":[{"href":"https:\/\/www.sonnenseite.com\/de\/wp-json\/wp\/v2\/media?parent=58368"}],"wp:term":[{"taxonomy":"category","embeddable":true,"href":"https:\/\/www.sonnenseite.com\/de\/wp-json\/wp\/v2\/categories?post=58368"},{"taxonomy":"post_tag","embeddable":true,"href":"https:\/\/www.sonnenseite.com\/de\/wp-json\/wp\/v2\/tags?post=58368"}],"curies":[{"name":"wp","href":"https:\/\/api.w.org\/{rel}","templated":true}]}}