{"id":58391,"date":"2011-08-03T00:00:00","date_gmt":"2011-08-02T22:00:00","guid":{"rendered":"https:\/\/www.sonnenseite.com\/politik\/kernschmelze-schon-durch-erdbeben.html"},"modified":"2011-08-03T00:00:00","modified_gmt":"2011-08-02T22:00:00","slug":"kernschmelze-schon-durch-erdbeben","status":"publish","type":"post","link":"https:\/\/www.sonnenseite.com\/de\/politik\/kernschmelze-schon-durch-erdbeben\/","title":{"rendered":"\u201eKernschmelze schon durch Erdbeben\u201c"},"content":{"rendered":"<p>Mycle Schneider, Berater f\u00fcr Energie- und Atompolitik, \u00fcber den  dreifachen Super-GAU in Fukushima, die Hilflosigkeit der Experten und  die Legende vom b\u00f6sen Tsunami. Interview: Armin Simon <!--more--> <\/p>\n<p><strong>Herr Schneider, die Katastrophe von Fukushima zieht sich seit mehr als vier Monaten hin. Ist ein Ende abzusehen?<\/strong><\/p>\n<p><strong>Mycle Schneider: <\/strong>\u201eEnde\u201c  w\u00fcrde ja zun\u00e4chst einmal hei\u00dfen, dass sich die Situation stabilisiert,  dass also keine Radioaktivit\u00e4t mehr abgegeben wird. Schon das ist nicht  abzusehen.<\/p>\n<p><strong>Was ist in Fukushima tats\u00e4chlich passiert?<\/strong><\/p>\n<p>Sicher scheint nun,  dass in drei der sechs Reaktoren des AKW Fukushima-Daiichi die  Reaktorkerne zum gro\u00dfen Teil geschmolzen sind. Dass auch abgebrannte  Brennelemente in den Abklingbecken besch\u00e4digt wurden. Und dass drei zum  Teil undichte Becken mit ihrem hochradioaktiven Inhalt seit den  Explosionen der Reaktorgeb\u00e4ude unter freiem Himmel liegen. Der  Betreiber, TEPCO, r\u00e4umt inzwischen ein, dass die drei Reaktorkerne sogar  komplett geschmolzen und Druckbeh\u00e4lter durchbrochen sein k\u00f6nnten. Ob  das alles wirklich so ist, wird sich erst herausstellen, wenn Kameras  auch innerhalb der Druckbeh\u00e4lter eine Bestandsaufnahme machen k\u00f6nnen.  Das kann noch Jahre dauern.<\/p>\n<p><strong>Erste Bilder gibt es aber auch aus Fukushima schon.<\/strong><\/p>\n<p>Man hat Roboter in die  zerst\u00f6rten Reaktorgeb\u00e4ude geschickt, ja. Sonderlich weit kamen sie nicht  \u2013 alles voller Schutt. Kurioserweise hat das Roboterland Nr. 1 der Welt  ja nie Roboter gebaut, die f\u00fcr einen solchen Einsatz ausger\u00fcstet sind.  Das geh\u00f6rt zu den klassischen Merkmalen der unerwarteten Katastrophe.<\/p>\n<p><strong>Was zeigen die Bilder der Roboter?<\/strong><\/p>\n<p>Dass dort gro\u00dfe Sch\u00e4den  entstanden sind, die ganz offensichtlich auf das Erdbeben  zur\u00fcckzuf\u00fchren sind. Das ist ein ganz wesentlicher Punkt.<\/p>\n<p><strong>Warum? <\/strong><\/p>\n<p>Die Atomindustrie hat  sich sofort nach dem 11. M\u00e4rz \u00f6ffentlich hingestellt und behauptet, es  habe sich wieder einmal gezeigt, dass die Atomkraftwerke hervorragend  funktionierten, denn sie h\u00e4tten sich aufgrund der Erdst\u00f6\u00dfe selbst  schnellabgeschaltet. Und weil es nun mal mitten in Europa und in den  meisten anderen Gegenden keine Tsunamis gebe, k\u00f6nne man die Situation in  Fukushima hierher nicht \u00fcbertragen. Das war eine ganz klare  Propagandaposition der Reaktorbetreiber, und zwar weltweit.<\/p>\n<p><strong>Und die ist jetzt nicht mehr haltbar? <\/strong><\/p>\n<p>Sie war es noch nie.  Seit es die Aufnahmen aus dem Innern der Reaktorgeb\u00e4ude gibt, ist sie es  erst recht nicht mehr. Diese Sch\u00e4den k\u00f6nnen kaum durch Tsunamis oder  Wasserstoffexplosionen in den oberen Stockwerken entstanden sein.<\/p>\n<p><strong>Hat die Propaganda denn gefruchtet?<\/strong><\/p>\n<p>Selbst die  Reaktorsicherheitskommission ist bei ihrer Sicherheits\u00fcberpr\u00fcfung der  deutschen AKW davon ausgegangen, dass die Sch\u00e4den in Fukushima durch den  Tsunami verursacht wurden. Und sie hat auf dieser Annahme dann ihre  Aussagen zu den deutschen AKW gemacht.<\/p>\n<p><strong>Auch die Kernschmelze in Fukushima war lange umstritten.<\/strong><\/p>\n<p>Die stand im Prinzip  schon in der ersten Woche fest. Man hat gro\u00dfe Mengen der Spaltprodukte  Jod und C\u00e4sium in der Umgebung des AKW gemessen. Damit war klar, dass  die Brennelemente erheblich besch\u00e4digt sind.<\/p>\n<p><strong>Wieso dauerte es dann drei Monate, bis Regierung und Betreiber das offiziell einr\u00e4umten? <\/strong><\/p>\n<p>Es gab offensichtlich den Willen, der \u00d6ffentlichkeit  bestimmte Informationen nicht zur Verf\u00fcgung zu stellen \u2013 und zwar vom  ersten Tag an. Es sind Auseinandersetzungen zwischen Premierminister und  Betreiber bekannt geworden, die eindeutig darauf hinweisen, dass TEPCO  bestimmte Angaben bereits sehr fr\u00fch hatte, aber nicht herausgeben  wollte.<\/p>\n<p><strong>Warum?<\/strong><\/p>\n<p>Man hatte Angst vor Panik und vor der Reaktion der \u00d6ffentlichkeit.<\/p>\n<p><strong>Bundeskanzlerin Merkel \u2013 Physikerin und  Ex-Ministerin f\u00fcr Reaktorsicherheit! \u2013 hat gesagt, erst durch die Bilder  aus Fukushima sei ihr klar geworden, dass das sogenannte Restrisiko  doch ein reales Risiko ist. War Fukushima so unvorstellbar<\/strong>?<\/p>\n<p><a target=\"_blank\" rel=\"noopener noreferrer\">Nein.  Es gab durchaus Leute, die solche Szenarien erwogen haben. Auch die  Japaner sind ja keineswegs blind in die Katastrophe gerannt. Es gibt  dort seit Jahren eine Auseinandersetzung um die Erdbebengef\u00e4hrdung von  AKW. TEPCO selbst musste 2007 nach einem Beben alle sieben Reaktoren des  AKW Kashiwazaki-Kariwa vom Netz nehmen. Bis heute sind nur vier wieder  in Betrieb. Und der AKW-Betreiber Chubu legte die \u00e4ltesten beiden  Reaktoren des AKW Hamaoka 2009 endg\u00fcltig still, weil eine Nachr\u00fcstung zu  teuer geworden w\u00e4re.<\/p>\n<p><strong>Die Erdbebengefahr war also bekannt. <\/strong><\/p>\n<p>Ja. Und die Kombination aus Erdbeben und Tsunami ist besonders in dieser Region der Erde auch nichts Neues.<\/p>\n<p><strong>Waren einfach die Schutzma\u00dfnahmen nicht ausreichend? Oder kann man AKW nicht wirklich gegen solche Einwirkungen sch\u00fctzen? <\/strong><\/p>\n<p>Schutzma\u00dfnahmen, die \u00fcber einen gewissen Grad hinausgehen, sind irgendwann nicht mehr zu finanzieren.<\/p>\n<p><strong>Japan ist ein technisch hoch entwickeltes  Land, das seit Jahrzehnten auf Atomkraft setzt und zuletzt offiziell 54  Reaktoren in Betrieb hatte. War es gut vorbereitet auf eine solche  Katastrophe?<\/strong><\/p>\n<p>\u00dcberhaupt nicht. Das Vertrauen in die Technologie  war so gro\u00df, dass man sich einfach nicht vorstellen konnte, dass etwas  versagt. Und dass die Techniker auf der ganzen Linie versagen. Die  besten Erdbeben-Spezialisten sitzen in Japan \u2013 die haben alle versagt.  Die Leute, die technische Anlagen f\u00fcr Erdbeben auslegen, haben versagt.  Die Katastrophenschutz-Planer haben versagt. Und die Leute, die mit dem  Unfall dann umgehen sollten, auch.<\/p>\n<p><strong>W\u00e4re das hierzulande denn anders?<\/strong><\/p>\n<p>Das Vertrauen der Bev\u00f6lkerung in die Atomtechnik ist  in Deutschland wesentlich geringer. Aber das bedeutet keineswegs, dass  man im Katastrophenfall besser vorbereitet w\u00e4re.<\/p>\n<p><strong>Woran machen Sie das Versagen nach dem Unfall fest?<\/strong><\/p>\n<p>Zum Beispiel hat die Einspeisung von Meerwasser in  die Reaktorkerne viel zu sp\u00e4t begonnen \u2013 man hoffte anfangs noch, die  Anlagen retten zu k\u00f6nnen; Salzwasser macht sie unbrauchbar. Dann dauerte  sie viel zu lange an, so dass sich dicke Salzkrusten bildeten, die die  K\u00fchlung behindern. Ein anderes Beispiel: TEPCO verk\u00fcndete Ende Mai, nun  alle Arbeiter einzeln mit Dosimetern auszustatten. Das hei\u00dft ja im  Umkehrschluss, dass das davor nicht der Fall war. Unter  Strahlenschutzgesichtspunkten ist das Wahnsinn. Und die japanische  Regierung hat nach dem Unfall einfach die Grenzwerte hochgesetzt \u2013 nicht  nur f\u00fcr Arbeiter, sondern auch f\u00fcr Kinder, im letzteren Fall gar um das  Zwanzigfache.<\/p>\n<p><strong>Immerhin haben die Evakuierungen schnell begonnen. <\/strong><\/p>\n<p>Aber man hat viel zu fr\u00fch wieder aufgeh\u00f6rt damit!  Und man h\u00e4tte vor allem Schwangere viel weitr\u00e4umiger evakuieren m\u00fcssen.  Ein F\u00f6tus ist hundertmal strahlenempfindlicher als ein Erwachsener.<\/p>\n<p>Tschernobyl ist gerade 25 Jahre her. Fukushima  wirkte erstmal nicht so schlimm \u2013 ob Super-GAU oder nicht, wurde  hierzulande wochenlang diskutiert.<\/p>\n<p>Dabei ist die Situation in Fukushima nicht einmal  mit Tschernobyl zu vergleichen. Dort ist ein Reaktor explodiert, die  umstehenden Reaktoren wurden nicht wesentlich besch\u00e4digt. In Fukushima  sind an vier Reaktoren erhebliche Sch\u00e4den entstanden, und das mitten in  einem Katastrophengebiet. Nur gab es keinen Graphitbrand, der die  radioaktiven Stoffe kilometerweit nach oben trieb und \u00fcber den ganzen  Kontinent ausbreitete.<\/p>\n<p><strong>Es fehlte die Wolke. <\/strong><\/p>\n<p>Das zeigt die Begrenzung des menschlichen Gehirns:  Man erwartet die Katastrophe immer nur so, wie sie das letzte Mal  passiert ist. Im \u00dcbrigen gab es auch in Fukushima Detonationen, es gab  mehrere Wasserstoffexplosionen. Und in Block 3 war es vielleicht sogar  eine atomare Verpuffung: Die Ausbreitung der Druckwelle schien \u00fcberhaupt  nicht typisch f\u00fcr eine Wasserstoffexplosion. Die Strahlenmesswerte  schnellten nach jeder Explosion in die H\u00f6he. Es gab also schon so etwas  wie radioaktive Wolken. Nur war der Kamineffekt in Fukushima erheblich  geringer als das in Tschernobyl der Fall war.<\/p>\n<p><strong>Ist das eine gute oder eine schlechte Nachricht?<\/strong><\/p>\n<p>Eine gute Nachricht f\u00fcr die umliegenden L\u00e4nder, aber eine schlechte f\u00fcr die Japaner.<\/p>\n<p><strong>Warum?<\/strong><\/p>\n<p>Weil die Radioaktivit\u00e4t \u2013 Modellrechnungen gehen von  20 bis 50 Prozent von Tschernobyl aus \u2013 auf einer viel kleineren Fl\u00e4che  mit einer viel h\u00f6heren Bev\u00f6lkerungsdichte runterkommt. Die  Strahlenwerte um Fukushima gehen zum Teil auch weit \u00fcber die um  Tschernobyl hinaus. Die Auswirkungen auf Mensch und Umwelt werden daher  insgesamt vermutlich schlimmer sein.<\/p>\n<p><strong>Was bedeutet das f\u00fcr die Bev\u00f6lkerung?<\/strong><\/p>\n<p>Da wird jetzt rumexperimentiert. Die Entscheidung  der Beh\u00f6rden, Zehntausende von Schulkindern mit Dosimetern auszustatten,  spricht doch f\u00fcr sich.<\/p>\n<p><strong>Sch\u00fctzen diese Dosimeter denn?<\/strong><\/p>\n<p>Nat\u00fcrlich nicht. Daran kann man nur ablesen, wie  hoch die \u00e4u\u00dfere Strahlenbelastung ist. Langfristig sind das gr\u00f6\u00dfte  Problem aber die kontaminierten Nahrungsmittel, \u00fcber die radioaktive  Substanzen in den K\u00f6rper gelangen. Auch wenn ein Teil wieder  ausgeschieden wird: Sch\u00e4den richten sie trotzdem an. Andere Radioisotope  bleiben im K\u00f6rper. Und das alles kumuliert sich. Diese innere  Strahlenbelastung wird von den Dosimetern gar nicht erfasst. Man m\u00fcsste  alle Nahrungsmittel auf Radioaktivit\u00e4t messen. Aber daf\u00fcr fehlen die  Labors.<\/p>\n<h5 class=\"green\">Quelle<\/h5>\n<p>Interview: Armin Simon.ausgestrahlt-Rundbrief 13, Sommer 2011<\/p>\n<div class=\"shariff shariff-align-flex-start shariff-widget-align-flex-start\"><div class=\"ShariffHeadline\">Diese Meldung teilen<\/div><ul class=\"shariff-buttons theme-round orientation-horizontal buttonsize-medium\"><li class=\"shariff-button facebook shariff-nocustomcolor\" style=\"background-color:#4273c8;border-radius:1%\"><a href=\"https:\/\/www.facebook.com\/sharer\/sharer.php?u=https%3A%2F%2Fwww.sonnenseite.com%2Fde%2Fpolitik%2Fkernschmelze-schon-durch-erdbeben%2F\" title=\"Bei Facebook teilen\" aria-label=\"Bei Facebook teilen\" role=\"button\" rel=\"nofollow\" class=\"shariff-link\" style=\";border-radius:1%; background-color:#3b5998; color:#fff\" target=\"_blank\"><span class=\"shariff-icon\" style=\"\"><svg width=\"32px\" height=\"20px\" xmlns=\"http:\/\/www.w3.org\/2000\/svg\" viewBox=\"0 0 18 32\"><path fill=\"#3b5998\" d=\"M17.1 0.2v4.7h-2.8q-1.5 0-2.1 0.6t-0.5 1.9v3.4h5.2l-0.7 5.3h-4.5v13.6h-5.5v-13.6h-4.5v-5.3h4.5v-3.9q0-3.3 1.9-5.2t5-1.8q2.6 0 4.1 0.2z\"\/><\/svg><\/span><\/a><\/li><li class=\"shariff-button twitter shariff-nocustomcolor\" style=\"background-color:#595959;border-radius:1%\"><a href=\"https:\/\/twitter.com\/share?url=https%3A%2F%2Fwww.sonnenseite.com%2Fde%2Fpolitik%2Fkernschmelze-schon-durch-erdbeben%2F&text=%E2%80%9EKernschmelze%20schon%20durch%20Erdbeben%E2%80%9C\" title=\"Bei X teilen\" aria-label=\"Bei X teilen\" role=\"button\" rel=\"noopener nofollow\" class=\"shariff-link\" style=\";border-radius:1%; background-color:#000; color:#fff\" target=\"_blank\"><span class=\"shariff-icon\" style=\"\"><svg width=\"32px\" height=\"20px\" xmlns=\"http:\/\/www.w3.org\/2000\/svg\" viewBox=\"0 0 24 24\"><path fill=\"#000\" d=\"M14.258 10.152L23.176 0h-2.113l-7.747 8.813L7.133 0H0l9.352 13.328L0 23.973h2.113l8.176-9.309 6.531 9.309h7.133zm-2.895 3.293l-.949-1.328L2.875 1.56h3.246l6.086 8.523.945 1.328 7.91 11.078h-3.246zm0 0\"\/><\/svg><\/span><\/a><\/li><li class=\"shariff-button xing shariff-nocustomcolor\" style=\"background-color:#29888a;border-radius:1%\"><a href=\"https:\/\/www.xing.com\/spi\/shares\/new?url=https%3A%2F%2Fwww.sonnenseite.com%2Fde%2Fpolitik%2Fkernschmelze-schon-durch-erdbeben%2F\" title=\"Bei XING teilen\" aria-label=\"Bei XING teilen\" role=\"button\" rel=\"noopener nofollow\" class=\"shariff-link\" style=\";border-radius:1%; background-color:#126567; color:#fff\" target=\"_blank\"><span class=\"shariff-icon\" style=\"\"><svg width=\"32px\" height=\"20px\" xmlns=\"http:\/\/www.w3.org\/2000\/svg\" viewBox=\"0 0 25 32\"><path fill=\"#126567\" d=\"M10.7 11.9q-0.2 0.3-4.6 8.2-0.5 0.8-1.2 0.8h-4.3q-0.4 0-0.5-0.3t0-0.6l4.5-8q0 0 0 0l-2.9-5q-0.2-0.4 0-0.7 0.2-0.3 0.5-0.3h4.3q0.7 0 1.2 0.8zM25.1 0.4q0.2 0.3 0 0.7l-9.4 16.7 6 11q0.2 0.4 0 0.6-0.2 0.3-0.6 0.3h-4.3q-0.7 0-1.2-0.8l-6-11.1q0.3-0.6 9.5-16.8 0.4-0.8 1.2-0.8h4.3q0.4 0 0.5 0.3z\"\/><\/svg><\/span><\/a><\/li><li class=\"shariff-button linkedin shariff-nocustomcolor\" style=\"background-color:#1488bf;border-radius:1%\"><a href=\"https:\/\/www.linkedin.com\/sharing\/share-offsite\/?url=https%3A%2F%2Fwww.sonnenseite.com%2Fde%2Fpolitik%2Fkernschmelze-schon-durch-erdbeben%2F\" title=\"Bei LinkedIn teilen\" aria-label=\"Bei LinkedIn teilen\" role=\"button\" rel=\"noopener nofollow\" class=\"shariff-link\" style=\";border-radius:1%; background-color:#0077b5; color:#fff\" target=\"_blank\"><span class=\"shariff-icon\" style=\"\"><svg width=\"32px\" height=\"20px\" xmlns=\"http:\/\/www.w3.org\/2000\/svg\" viewBox=\"0 0 27 32\"><path fill=\"#0077b5\" d=\"M6.2 11.2v17.7h-5.9v-17.7h5.9zM6.6 5.7q0 1.3-0.9 2.2t-2.4 0.9h0q-1.5 0-2.4-0.9t-0.9-2.2 0.9-2.2 2.4-0.9 2.4 0.9 0.9 2.2zM27.4 18.7v10.1h-5.9v-9.5q0-1.9-0.7-2.9t-2.3-1.1q-1.1 0-1.9 0.6t-1.2 1.5q-0.2 0.5-0.2 1.4v9.9h-5.9q0-7.1 0-11.6t0-5.3l0-0.9h5.9v2.6h0q0.4-0.6 0.7-1t1-0.9 1.6-0.8 2-0.3q3 0 4.9 2t1.9 6z\"\/><\/svg><\/span><\/a><\/li><li class=\"shariff-button printer shariff-nocustomcolor\" style=\"background-color:#a8a8a8;border-radius:1%\"><a href=\"javascript:window.print()\" title=\"drucken\" aria-label=\"drucken\" role=\"button\" rel=\"noopener nofollow\" class=\"shariff-link\" style=\";border-radius:1%; background-color:#999; color:#fff\"><span class=\"shariff-icon\" style=\"\"><svg width=\"32px\" height=\"20px\" xmlns=\"http:\/\/www.w3.org\/2000\/svg\" viewBox=\"0 0 30 32\"><path fill=\"#999\" d=\"M6.8 27.4h16v-4.6h-16v4.6zM6.8 16h16v-6.8h-2.8q-0.7 0-1.2-0.5t-0.5-1.2v-2.8h-11.4v11.4zM27.4 17.2q0-0.5-0.3-0.8t-0.8-0.4-0.8 0.4-0.3 0.8 0.3 0.8 0.8 0.3 0.8-0.3 0.3-0.8zM29.7 17.2v7.4q0 0.2-0.2 0.4t-0.4 0.2h-4v2.8q0 0.7-0.5 1.2t-1.2 0.5h-17.2q-0.7 0-1.2-0.5t-0.5-1.2v-2.8h-4q-0.2 0-0.4-0.2t-0.2-0.4v-7.4q0-1.4 1-2.4t2.4-1h1.2v-9.7q0-0.7 0.5-1.2t1.2-0.5h12q0.7 0 1.6 0.4t1.3 0.8l2.7 2.7q0.5 0.5 0.9 1.4t0.4 1.6v4.6h1.1q1.4 0 2.4 1t1 2.4z\"\/><\/svg><\/span><\/a><\/li><li class=\"shariff-button mailto shariff-nocustomcolor\" style=\"background-color:#a8a8a8;border-radius:1%\"><a href=\"mailto:?body=https%3A%2F%2Fwww.sonnenseite.com%2Fde%2Fpolitik%2Fkernschmelze-schon-durch-erdbeben%2F&subject=%E2%80%9EKernschmelze%20schon%20durch%20Erdbeben%E2%80%9C\" title=\"Per E-Mail versenden\" aria-label=\"Per E-Mail versenden\" role=\"button\" rel=\"noopener nofollow\" class=\"shariff-link\" style=\";border-radius:1%; background-color:#999; color:#fff\"><span class=\"shariff-icon\" style=\"\"><svg width=\"32px\" height=\"20px\" xmlns=\"http:\/\/www.w3.org\/2000\/svg\" viewBox=\"0 0 32 32\"><path fill=\"#999\" d=\"M32 12.7v14.2q0 1.2-0.8 2t-2 0.9h-26.3q-1.2 0-2-0.9t-0.8-2v-14.2q0.8 0.9 1.8 1.6 6.5 4.4 8.9 6.1 1 0.8 1.6 1.2t1.7 0.9 2 0.4h0.1q0.9 0 2-0.4t1.7-0.9 1.6-1.2q3-2.2 8.9-6.1 1-0.7 1.8-1.6zM32 7.4q0 1.4-0.9 2.7t-2.2 2.2q-6.7 4.7-8.4 5.8-0.2 0.1-0.7 0.5t-1 0.7-0.9 0.6-1.1 0.5-0.9 0.2h-0.1q-0.4 0-0.9-0.2t-1.1-0.5-0.9-0.6-1-0.7-0.7-0.5q-1.6-1.1-4.7-3.2t-3.6-2.6q-1.1-0.7-2.1-2t-1-2.5q0-1.4 0.7-2.3t2.1-0.9h26.3q1.2 0 2 0.8t0.9 2z\"\/><\/svg><\/span><\/a><\/li><\/ul><\/div>","protected":false},"excerpt":{"rendered":"<p>Mycle Schneider, Berater f\u00fcr Energie- und Atompolitik, \u00fcber den dreifachen Super-GAU in Fukushima, die Hilflosigkeit der [&hellip;]<\/p>\n","protected":false},"author":1,"featured_media":50987,"comment_status":"closed","ping_status":"closed","sticky":false,"template":"","format":"standard","meta":{"inline_featured_image":false,"footnotes":""},"categories":[21],"tags":[],"class_list":["post-58391","post","type-post","status-publish","format-standard","has-post-thumbnail","hentry","category-politik"],"yoast_head":"<!-- This site is optimized with the Yoast SEO plugin v26.5 - https:\/\/yoast.com\/wordpress\/plugins\/seo\/ -->\n<title>\u201eKernschmelze schon durch Erdbeben\u201c - Sonnenseite - \u00d6kologische Kommunikation mit Franz Alt<\/title>\n<meta name=\"description\" content=\"Mycle Schneider, Berater f\u00fcr Energie- und Atompolitik, \u00fcber den dreifachen Super-GAU in Fukushima, die Hilflosigkeit der Experten und die Legende vom\" \/>\n<meta name=\"robots\" content=\"index, follow, max-snippet:-1, max-image-preview:large, max-video-preview:-1\" \/>\n<link rel=\"canonical\" href=\"https:\/\/www.sonnenseite.com\/de\/politik\/kernschmelze-schon-durch-erdbeben\/\" \/>\n<meta property=\"og:locale\" content=\"de_DE\" \/>\n<meta property=\"og:type\" content=\"article\" \/>\n<meta property=\"og:title\" content=\"\u201eKernschmelze schon durch Erdbeben\u201c - Sonnenseite - \u00d6kologische Kommunikation mit Franz Alt\" \/>\n<meta property=\"og:description\" content=\"Mycle Schneider, Berater f\u00fcr Energie- und Atompolitik, \u00fcber den dreifachen Super-GAU in Fukushima, die Hilflosigkeit der Experten und die Legende vom\" \/>\n<meta property=\"og:url\" content=\"https:\/\/www.sonnenseite.com\/de\/politik\/kernschmelze-schon-durch-erdbeben\/\" \/>\n<meta property=\"og:site_name\" content=\"Sonnenseite\" \/>\n<meta property=\"article:publisher\" content=\"https:\/\/www.facebook.com\/pages\/Franz-Alt-SONNENSEITECOM\/221072987903953?fref=ts\" \/>\n<meta property=\"article:published_time\" content=\"2011-08-02T22:00:00+00:00\" \/>\n<meta property=\"og:image\" content=\"https:\/\/www.sonnenseite.com\/wp-content\/uploads\/2020\/06\/archiv_artikel.jpg\" \/>\n\t<meta property=\"og:image:width\" content=\"770\" \/>\n\t<meta property=\"og:image:height\" content=\"420\" \/>\n\t<meta property=\"og:image:type\" content=\"image\/jpeg\" \/>\n<meta name=\"author\" content=\"sbade\" \/>\n<meta name=\"twitter:card\" content=\"summary_large_image\" \/>\n<meta name=\"twitter:creator\" content=\"@franzalt\" \/>\n<meta name=\"twitter:site\" content=\"@franzalt\" \/>\n<meta name=\"twitter:label1\" content=\"Verfasst von\" \/>\n\t<meta name=\"twitter:data1\" content=\"sbade\" \/>\n\t<meta name=\"twitter:label2\" content=\"Gesch\u00e4tzte Lesezeit\" \/>\n\t<meta name=\"twitter:data2\" content=\"7\u00a0Minuten\" \/>\n<script type=\"application\/ld+json\" class=\"yoast-schema-graph\">{\"@context\":\"https:\/\/schema.org\",\"@graph\":[{\"@type\":\"Article\",\"@id\":\"https:\/\/www.sonnenseite.com\/de\/politik\/kernschmelze-schon-durch-erdbeben\/#article\",\"isPartOf\":{\"@id\":\"https:\/\/www.sonnenseite.com\/de\/politik\/kernschmelze-schon-durch-erdbeben\/\"},\"author\":{\"name\":\"sbade\",\"@id\":\"https:\/\/www.sonnenseite.com\/de\/#\/schema\/person\/6df44691cd9a70d99e140e1116ee8771\"},\"headline\":\"\u201eKernschmelze schon durch Erdbeben\u201c\",\"datePublished\":\"2011-08-02T22:00:00+00:00\",\"mainEntityOfPage\":{\"@id\":\"https:\/\/www.sonnenseite.com\/de\/politik\/kernschmelze-schon-durch-erdbeben\/\"},\"wordCount\":1375,\"publisher\":{\"@id\":\"https:\/\/www.sonnenseite.com\/de\/#organization\"},\"image\":{\"@id\":\"https:\/\/www.sonnenseite.com\/de\/politik\/kernschmelze-schon-durch-erdbeben\/#primaryimage\"},\"thumbnailUrl\":\"https:\/\/www.sonnenseite.com\/wp-content\/uploads\/2020\/06\/archiv_artikel.jpg\",\"articleSection\":[\"Politik\"],\"inLanguage\":\"de\"},{\"@type\":\"WebPage\",\"@id\":\"https:\/\/www.sonnenseite.com\/de\/politik\/kernschmelze-schon-durch-erdbeben\/\",\"url\":\"https:\/\/www.sonnenseite.com\/de\/politik\/kernschmelze-schon-durch-erdbeben\/\",\"name\":\"\u201eKernschmelze schon durch Erdbeben\u201c - Sonnenseite - \u00d6kologische Kommunikation mit Franz Alt\",\"isPartOf\":{\"@id\":\"https:\/\/www.sonnenseite.com\/de\/#website\"},\"primaryImageOfPage\":{\"@id\":\"https:\/\/www.sonnenseite.com\/de\/politik\/kernschmelze-schon-durch-erdbeben\/#primaryimage\"},\"image\":{\"@id\":\"https:\/\/www.sonnenseite.com\/de\/politik\/kernschmelze-schon-durch-erdbeben\/#primaryimage\"},\"thumbnailUrl\":\"https:\/\/www.sonnenseite.com\/wp-content\/uploads\/2020\/06\/archiv_artikel.jpg\",\"datePublished\":\"2011-08-02T22:00:00+00:00\",\"description\":\"Mycle Schneider, Berater f\u00fcr Energie- und Atompolitik, \u00fcber den dreifachen Super-GAU in Fukushima, die Hilflosigkeit der Experten und die Legende vom\",\"breadcrumb\":{\"@id\":\"https:\/\/www.sonnenseite.com\/de\/politik\/kernschmelze-schon-durch-erdbeben\/#breadcrumb\"},\"inLanguage\":\"de\",\"potentialAction\":[{\"@type\":\"ReadAction\",\"target\":[\"https:\/\/www.sonnenseite.com\/de\/politik\/kernschmelze-schon-durch-erdbeben\/\"]}]},{\"@type\":\"ImageObject\",\"inLanguage\":\"de\",\"@id\":\"https:\/\/www.sonnenseite.com\/de\/politik\/kernschmelze-schon-durch-erdbeben\/#primaryimage\",\"url\":\"https:\/\/www.sonnenseite.com\/wp-content\/uploads\/2020\/06\/archiv_artikel.jpg\",\"contentUrl\":\"https:\/\/www.sonnenseite.com\/wp-content\/uploads\/2020\/06\/archiv_artikel.jpg\",\"width\":770,\"height\":420,\"caption\":\"Sonnenseite\"},{\"@type\":\"BreadcrumbList\",\"@id\":\"https:\/\/www.sonnenseite.com\/de\/politik\/kernschmelze-schon-durch-erdbeben\/#breadcrumb\",\"itemListElement\":[{\"@type\":\"ListItem\",\"position\":1,\"name\":\"Startseite\",\"item\":\"https:\/\/www.sonnenseite.com\/de\/\"},{\"@type\":\"ListItem\",\"position\":2,\"name\":\"\u201eKernschmelze schon durch Erdbeben\u201c\"}]},{\"@type\":\"WebSite\",\"@id\":\"https:\/\/www.sonnenseite.com\/de\/#website\",\"url\":\"https:\/\/www.sonnenseite.com\/de\/\",\"name\":\"Sonnenseite\",\"description\":\"\u00d6kologische Kommunikation mit Franz Alt\",\"publisher\":{\"@id\":\"https:\/\/www.sonnenseite.com\/de\/#organization\"},\"potentialAction\":[{\"@type\":\"SearchAction\",\"target\":{\"@type\":\"EntryPoint\",\"urlTemplate\":\"https:\/\/www.sonnenseite.com\/de\/?s={search_term_string}\"},\"query-input\":{\"@type\":\"PropertyValueSpecification\",\"valueRequired\":true,\"valueName\":\"search_term_string\"}}],\"inLanguage\":\"de\"},{\"@type\":\"Organization\",\"@id\":\"https:\/\/www.sonnenseite.com\/de\/#organization\",\"name\":\"Sonnenseite\",\"url\":\"https:\/\/www.sonnenseite.com\/de\/\",\"logo\":{\"@type\":\"ImageObject\",\"inLanguage\":\"de\",\"@id\":\"https:\/\/www.sonnenseite.com\/de\/#\/schema\/logo\/image\/\",\"url\":\"https:\/\/www.sonnenseite.com\/wp-content\/uploads\/2020\/05\/Sonnenseite_Logo.png\",\"contentUrl\":\"https:\/\/www.sonnenseite.com\/wp-content\/uploads\/2020\/05\/Sonnenseite_Logo.png\",\"width\":377,\"height\":90,\"caption\":\"Sonnenseite\"},\"image\":{\"@id\":\"https:\/\/www.sonnenseite.com\/de\/#\/schema\/logo\/image\/\"},\"sameAs\":[\"https:\/\/www.facebook.com\/pages\/Franz-Alt-SONNENSEITECOM\/221072987903953?fref=ts\",\"https:\/\/x.com\/franzalt\",\"http:\/\/www.youtube.com\/results?search_query&amp;amp;quot;franz_alt&amp;amp;quot;&amp;amp;amp;amp;search_type&amp;amp;amp;amp;aq=f\"]},{\"@type\":\"Person\",\"@id\":\"https:\/\/www.sonnenseite.com\/de\/#\/schema\/person\/6df44691cd9a70d99e140e1116ee8771\",\"name\":\"sbade\",\"sameAs\":[\"https:\/\/www.sonnenseite.com\"]}]}<\/script>\n<!-- \/ Yoast SEO plugin. -->","yoast_head_json":{"title":"\u201eKernschmelze schon durch Erdbeben\u201c - Sonnenseite - \u00d6kologische Kommunikation mit Franz Alt","description":"Mycle Schneider, Berater f\u00fcr Energie- und Atompolitik, \u00fcber den dreifachen Super-GAU in Fukushima, die Hilflosigkeit der Experten und die Legende vom","robots":{"index":"index","follow":"follow","max-snippet":"max-snippet:-1","max-image-preview":"max-image-preview:large","max-video-preview":"max-video-preview:-1"},"canonical":"https:\/\/www.sonnenseite.com\/de\/politik\/kernschmelze-schon-durch-erdbeben\/","og_locale":"de_DE","og_type":"article","og_title":"\u201eKernschmelze schon durch Erdbeben\u201c - Sonnenseite - \u00d6kologische Kommunikation mit Franz Alt","og_description":"Mycle Schneider, Berater f\u00fcr Energie- und Atompolitik, \u00fcber den dreifachen Super-GAU in Fukushima, die Hilflosigkeit der Experten und die Legende vom","og_url":"https:\/\/www.sonnenseite.com\/de\/politik\/kernschmelze-schon-durch-erdbeben\/","og_site_name":"Sonnenseite","article_publisher":"https:\/\/www.facebook.com\/pages\/Franz-Alt-SONNENSEITECOM\/221072987903953?fref=ts","article_published_time":"2011-08-02T22:00:00+00:00","og_image":[{"width":770,"height":420,"url":"https:\/\/www.sonnenseite.com\/wp-content\/uploads\/2020\/06\/archiv_artikel.jpg","type":"image\/jpeg"}],"author":"sbade","twitter_card":"summary_large_image","twitter_creator":"@franzalt","twitter_site":"@franzalt","twitter_misc":{"Verfasst von":"sbade","Gesch\u00e4tzte Lesezeit":"7\u00a0Minuten"},"schema":{"@context":"https:\/\/schema.org","@graph":[{"@type":"Article","@id":"https:\/\/www.sonnenseite.com\/de\/politik\/kernschmelze-schon-durch-erdbeben\/#article","isPartOf":{"@id":"https:\/\/www.sonnenseite.com\/de\/politik\/kernschmelze-schon-durch-erdbeben\/"},"author":{"name":"sbade","@id":"https:\/\/www.sonnenseite.com\/de\/#\/schema\/person\/6df44691cd9a70d99e140e1116ee8771"},"headline":"\u201eKernschmelze schon durch Erdbeben\u201c","datePublished":"2011-08-02T22:00:00+00:00","mainEntityOfPage":{"@id":"https:\/\/www.sonnenseite.com\/de\/politik\/kernschmelze-schon-durch-erdbeben\/"},"wordCount":1375,"publisher":{"@id":"https:\/\/www.sonnenseite.com\/de\/#organization"},"image":{"@id":"https:\/\/www.sonnenseite.com\/de\/politik\/kernschmelze-schon-durch-erdbeben\/#primaryimage"},"thumbnailUrl":"https:\/\/www.sonnenseite.com\/wp-content\/uploads\/2020\/06\/archiv_artikel.jpg","articleSection":["Politik"],"inLanguage":"de"},{"@type":"WebPage","@id":"https:\/\/www.sonnenseite.com\/de\/politik\/kernschmelze-schon-durch-erdbeben\/","url":"https:\/\/www.sonnenseite.com\/de\/politik\/kernschmelze-schon-durch-erdbeben\/","name":"\u201eKernschmelze schon durch Erdbeben\u201c - Sonnenseite - \u00d6kologische Kommunikation mit Franz Alt","isPartOf":{"@id":"https:\/\/www.sonnenseite.com\/de\/#website"},"primaryImageOfPage":{"@id":"https:\/\/www.sonnenseite.com\/de\/politik\/kernschmelze-schon-durch-erdbeben\/#primaryimage"},"image":{"@id":"https:\/\/www.sonnenseite.com\/de\/politik\/kernschmelze-schon-durch-erdbeben\/#primaryimage"},"thumbnailUrl":"https:\/\/www.sonnenseite.com\/wp-content\/uploads\/2020\/06\/archiv_artikel.jpg","datePublished":"2011-08-02T22:00:00+00:00","description":"Mycle Schneider, Berater f\u00fcr Energie- und Atompolitik, \u00fcber den dreifachen Super-GAU in Fukushima, die Hilflosigkeit der Experten und die Legende vom","breadcrumb":{"@id":"https:\/\/www.sonnenseite.com\/de\/politik\/kernschmelze-schon-durch-erdbeben\/#breadcrumb"},"inLanguage":"de","potentialAction":[{"@type":"ReadAction","target":["https:\/\/www.sonnenseite.com\/de\/politik\/kernschmelze-schon-durch-erdbeben\/"]}]},{"@type":"ImageObject","inLanguage":"de","@id":"https:\/\/www.sonnenseite.com\/de\/politik\/kernschmelze-schon-durch-erdbeben\/#primaryimage","url":"https:\/\/www.sonnenseite.com\/wp-content\/uploads\/2020\/06\/archiv_artikel.jpg","contentUrl":"https:\/\/www.sonnenseite.com\/wp-content\/uploads\/2020\/06\/archiv_artikel.jpg","width":770,"height":420,"caption":"Sonnenseite"},{"@type":"BreadcrumbList","@id":"https:\/\/www.sonnenseite.com\/de\/politik\/kernschmelze-schon-durch-erdbeben\/#breadcrumb","itemListElement":[{"@type":"ListItem","position":1,"name":"Startseite","item":"https:\/\/www.sonnenseite.com\/de\/"},{"@type":"ListItem","position":2,"name":"\u201eKernschmelze schon durch Erdbeben\u201c"}]},{"@type":"WebSite","@id":"https:\/\/www.sonnenseite.com\/de\/#website","url":"https:\/\/www.sonnenseite.com\/de\/","name":"Sonnenseite","description":"\u00d6kologische Kommunikation mit Franz Alt","publisher":{"@id":"https:\/\/www.sonnenseite.com\/de\/#organization"},"potentialAction":[{"@type":"SearchAction","target":{"@type":"EntryPoint","urlTemplate":"https:\/\/www.sonnenseite.com\/de\/?s={search_term_string}"},"query-input":{"@type":"PropertyValueSpecification","valueRequired":true,"valueName":"search_term_string"}}],"inLanguage":"de"},{"@type":"Organization","@id":"https:\/\/www.sonnenseite.com\/de\/#organization","name":"Sonnenseite","url":"https:\/\/www.sonnenseite.com\/de\/","logo":{"@type":"ImageObject","inLanguage":"de","@id":"https:\/\/www.sonnenseite.com\/de\/#\/schema\/logo\/image\/","url":"https:\/\/www.sonnenseite.com\/wp-content\/uploads\/2020\/05\/Sonnenseite_Logo.png","contentUrl":"https:\/\/www.sonnenseite.com\/wp-content\/uploads\/2020\/05\/Sonnenseite_Logo.png","width":377,"height":90,"caption":"Sonnenseite"},"image":{"@id":"https:\/\/www.sonnenseite.com\/de\/#\/schema\/logo\/image\/"},"sameAs":["https:\/\/www.facebook.com\/pages\/Franz-Alt-SONNENSEITECOM\/221072987903953?fref=ts","https:\/\/x.com\/franzalt","http:\/\/www.youtube.com\/results?search_query&amp;amp;quot;franz_alt&amp;amp;quot;&amp;amp;amp;amp;search_type&amp;amp;amp;amp;aq=f"]},{"@type":"Person","@id":"https:\/\/www.sonnenseite.com\/de\/#\/schema\/person\/6df44691cd9a70d99e140e1116ee8771","name":"sbade","sameAs":["https:\/\/www.sonnenseite.com"]}]}},"_links":{"self":[{"href":"https:\/\/www.sonnenseite.com\/de\/wp-json\/wp\/v2\/posts\/58391","targetHints":{"allow":["GET"]}}],"collection":[{"href":"https:\/\/www.sonnenseite.com\/de\/wp-json\/wp\/v2\/posts"}],"about":[{"href":"https:\/\/www.sonnenseite.com\/de\/wp-json\/wp\/v2\/types\/post"}],"author":[{"embeddable":true,"href":"https:\/\/www.sonnenseite.com\/de\/wp-json\/wp\/v2\/users\/1"}],"replies":[{"embeddable":true,"href":"https:\/\/www.sonnenseite.com\/de\/wp-json\/wp\/v2\/comments?post=58391"}],"version-history":[{"count":0,"href":"https:\/\/www.sonnenseite.com\/de\/wp-json\/wp\/v2\/posts\/58391\/revisions"}],"wp:featuredmedia":[{"embeddable":true,"href":"https:\/\/www.sonnenseite.com\/de\/wp-json\/wp\/v2\/media\/50987"}],"wp:attachment":[{"href":"https:\/\/www.sonnenseite.com\/de\/wp-json\/wp\/v2\/media?parent=58391"}],"wp:term":[{"taxonomy":"category","embeddable":true,"href":"https:\/\/www.sonnenseite.com\/de\/wp-json\/wp\/v2\/categories?post=58391"},{"taxonomy":"post_tag","embeddable":true,"href":"https:\/\/www.sonnenseite.com\/de\/wp-json\/wp\/v2\/tags?post=58391"}],"curies":[{"name":"wp","href":"https:\/\/api.w.org\/{rel}","templated":true}]}}