{"id":59529,"date":"2020-08-01T05:16:00","date_gmt":"2020-08-01T03:16:00","guid":{"rendered":"https:\/\/www.sonnenseite.com\/?p=59529"},"modified":"2020-08-12T16:01:45","modified_gmt":"2020-08-12T14:01:45","slug":"der-mahnruf-des-missachteten-gewissens","status":"publish","type":"post","link":"https:\/\/www.sonnenseite.com\/de\/franz-alt\/kommentare-interviews\/der-mahnruf-des-missachteten-gewissens\/","title":{"rendered":"Der Mahnruf des missachteten Gewissens"},"content":{"rendered":"<p>Vor 75 Jahren warfen US-Soldaten erstmals in der Menschheitsgeschichte eine Atombombe auf bewohntes Gebiet ab. Ihr Ziel am 6. August, morgens um 8.15 Uhr, war die s\u00fcdjapanische Stadt Hiroshima. Nur drei Tage sp\u00e4ter fiel die zweite Atombombe auf Nagasaki. Am 6.August 1945 starben in Hiroshima 140.000 Menschen und kurz danach in Nagasaki 73.000. Von Franz Alt<\/p>\n<p><!--more--><\/p>\n<p>Die US-Regierung rechtfertigt ihren brutalen Einsatz bis heute mit dem Argument, dass nur durch die beiden Atombomben der Zweite Weltkrieg im Fernen Osten rasch beendet werden konnte. Nicht nur japanische, auch US-Historiker bestreiten diese These und weisen darauf hin, dass die japanische Regierung schon vorher Friedens-Signale gesendet habe und Zeichen von \u201eKriegsm\u00fcdigkeit\u201c.<\/p>\n<p>Bis zum Jahr 2020 sind jedoch noch einmal mehr als doppelt so viele Menschen an den Sp\u00e4tfolgen nuklearer Verstrahlung gestorben \u2013 insgesamt \u00fcber 400.000. Und das Sterben geht bis heute weiter &#8211; noch 75 Jahre nach den Atombomben.<\/p>\n<p>Vor einigen Jahren hatten mich die B\u00fcrgermeister&nbsp; von Hiroshima und Nagasaki zu Vortr\u00e4gen eingeladen. Mein Thema hie\u00df \u201eVom Atomzeitalter ins Solarzeitalter\u201c. Wichtigere Orte zu diesem Thema gibt es wohl nicht. Ich habe dabei erfahren, dass auch in Japan die B\u00fcrgerinnen und B\u00fcrger mehrheitlich sowohl gegen Atomenergie als auch gegen Atombomben eingestellt sind.<\/p>\n<p>Wer in Hiroshima und Nagasaki mit Strahlungsopfern spricht oder die beiden eindrucksvollen Gedenkst\u00e4tten besucht, dem \u00f6ffnet sich das Tor zur H\u00f6lle auf Erden. Im August 1945 geschah ein Massenmord wie ihn sich die Welt bis dahin nicht vorstellen konnte. Innerhalb von Sekunden haben sich Zehntausende von Menschen in Nichts aufgel\u00f6st, waren allenfalls ein H\u00e4ufchen Asche oder f\u00fcr den Rest ihres Lebens verstrahlt und verkr\u00fcppelt.<\/p>\n<p>Am meisten ersch\u00fcttert hat mich jedoch eine Zahl, die der Oberb\u00fcrgermeister von Hiroshima nannte: Jedes Jahr sterben heute noch in Japan \u00fcber 3.000 Menschen an den Folgen atomarer Verstrahlung aus dem Jahr 1945. Kurz vor meinem Vortrag in Nagasaki schob mir der stellvertretende Oberb\u00fcrgermeister noch einen handgeschriebenem Zettel zu, auf den er die aktuelle Zahl der in seiner Stadt bisher durch atomare Verstrahlung get\u00f6teten Menschen geschrieben hatte: 140.144! (siehe Foto im Anhang)<\/p>\n<p><strong>75 Jahre danach liegen Hiroshima und Nagasaki nicht hinter uns, sondern noch immer vor uns. Es wir weiter gestorben.<\/strong><\/p>\n<p>Wir wissen durch die jahrelangen Diskussionen um die Atombombe f\u00fcr Nordkorea und den Iran um den engen Zusammenhang zwischen der so genannten friedlichen Nutzung der Atomkraft und dem Bau von Atombomben. In AKWs wird auch der Stoff f\u00fcr die Bombe produziert. Ohne Atomkraftwerke gibt es &#8211; auch f\u00fcr den Iran und f\u00fcr Nordkorea &#8211; keine Atombombe. Die weltweiten St\u00f6rf\u00e4lle in vielen Atomanlagen m\u00fcssten auch die gr\u00f6\u00dften Atomfreunde nachdenklich machen! Solange auf der Welt aber circa 400 AKWs laufen, werden skrupellose Machtpolitiker weiterhin versuchen, Atombomben zu bauen. 400 AKW sind 400 m\u00f6gliche Atomunf\u00e4lle. Es gibt kein einziges AKW auf der Welt, das zu 100% sicher ist.<\/p>\n<p>Wir m\u00fcssen zudem damit rechnen, dass Atombomben eines Tages auch in die H\u00e4nde von Terroristen gelangen, wenn wir das Atomzeitalter nicht hinter uns lassen. Das aber hei\u00dft: M\u00f6glichst rasch alle AKWs schlie\u00dfen und die Energie k\u00fcnftig aus erneuerbaren Energiequellen gewinnen \u2013 aus Sonne, Wind, Bioenergie, Erdw\u00e4rme, Wasserkraft und Meeresenergie. Bei entsprechendem politischem Willen ist die solare Energiewende in 15 Jahren zu 100 Prozent m\u00f6glich.<\/p>\n<p>Die Oberb\u00fcrgermeister von Hiroshima und Nagasaki haben sich schon vor 35 Jahren geschworen, dass der atomare Massenmord in ihren St\u00e4dten von der Menschheit niemals vergessen oder verdr\u00e4ngt werden darf und gr\u00fcndeten die weltweite Organisation \u201eB\u00fcrgermeister f\u00fcr den Frieden\u201c, der sich inzwischen&nbsp;<a href=\"http:\/\/www.mayorsforpeace.org\/english\/membercity\/map.html\" target=\"_blank\" rel=\"noopener noreferrer\">7.909&nbsp;B\u00fcrgermeister<\/a> aus 164 L\u00e4ndern angeschlossen haben \u2013 darunter auch die B\u00fcrgermeister von 683 deutschen St\u00e4dten und Gemeinden, unter anderen auch Berlin, M\u00fcnchen, Hamburg und K\u00f6ln, aber auch kleinere St\u00e4dte wie Heidelberg oder Baden-Baden oder Trier und Mainz. &nbsp;Nach einer FORSA-Umfrage sprechen sich 93% der Deutschen f\u00fcr ein v\u00f6lkerrechtliches Verbot von Atomwaffen aus und 85% bef\u00fcrworten einen Abzug der noch immer auf deutschem Boden gelagerten 25 Atomwaffen der USA.<\/p>\n<p><strong>Das Ziel der \u201eB\u00fcrgermeister f\u00fcr den Frieden\u201c, die inzwischen \u00fcber 300 Millionen Menschen vertreten: Eine atomwaffenfreie Welt!<\/strong><\/p>\n<p>Der Oberb\u00fcrgermeister von Hiroshima, Tatadoshi Akiba, optimistisch: \u201eDa es m\u00f6glich war, weltweit die Bio- und Chemiewaffen abzuschaffen, ist es nat\u00fcrlich auch m\u00f6glich, die gef\u00e4hrlichsten Waffen, die Atomwaffen, abzuschaffen. Keine andere Stadt der Welt soll jemals das Schicksal von Hiroshima oder Nagasaki erleiden. Um dieses&nbsp; Ziel zu erreichen, m\u00fcssen aber noch viel mehr St\u00e4dte und D\u00f6rfer unserem B\u00fcndnis beitreten. Bitte helfen Sie uns auch in Deutschland dabei. Denn nur durch viel Druck auf die m\u00e4chtigen nationalen Politiker der Atombombenbesitzer k\u00f6nnen wir erreichen, dass die heute weltweit \u00fcber 15.000 Atomsprengk\u00f6pfe vernichtet werden. Damit kann die gesamte Menschheit mindestens 20mal ausgel\u00f6scht werden.\u201c (Mehr \u00fcber die Friedensb\u00fcrgermeister:&nbsp;<a href=\"http:\/\/www.mayorsforpeace.de\/\" target=\"_blank\" rel=\"noopener noreferrer\">www.mayorsforpeace.de<\/a>)<\/p>\n<p>\u201eEs gibt\u201c, sagt mir der stellvertretende B\u00fcrgermeister von Nagasaki zum Abschied, \u201enicht die geringste Rechtfertigung f\u00fcr die atomare Geiselnahme von St\u00e4dten und D\u00f6rfern. Niemals mehr darf eine Stadt zur Zielscheibe von Atomwaffen werden.\u201c Mir geht dabei die Frage durch den Kopf, ob wir dieses Engagement f\u00fcr eine atomwaffenfreie Welt nicht auch unseren Kindern und Enkeln schuldig sind?<\/p>\n<p>Atomwaffen sind Terrorwaffen, von denen auch noch heute 25 in Deutschland lagern \u2013 mit der Zerst\u00f6rungskraft von jeweils 5 Hiroshimabomben! Es ist wohl die gr\u00f6\u00dfte und gef\u00e4hrlichste Illusion der Menschheitsgeschichte, dass wir mit Atomwaffen auf Dauer Frieden sichern k\u00f6nnen.<\/p>\n<p>2007 starb der Bomber-Pilot von Hiroshima, der US-Soldat Paul Tibbets. Noch kurz vor seinem Tod sagte er: \u201eJa, ich w\u00fcrde es wieder tun. Ich hatte deshalb keine schlaflose Nacht\u201c. Bis heute hat sich kein US-Pr\u00e4sident in Japan f\u00fcr die Atombomben auf Hiroshima und Nagasaki und f\u00fcr den Massenmord entschuldigt.<\/p>\n<p>Vor kurzem hatte mich der B\u00fcrgermeister von Fukushima zu einem Vortrag vor 400 japanischen B\u00fcrgermeistern eingeladen. Mein Thema hie\u00df \u2013 wie zuvor in Hiroshima und Nagaski \u2013 \u201eVom Atomzeitalter ins Solarzeitalter\u201c. Dabei fragte ich den Fukushima-B\u00fcrgermeister, der soeben vom havarierten AKW gekommen war, was passieren w\u00fcrde, wenn er das Reaktorinnere betreten w\u00fcrde. Seine Antwort: \u201eNach Sekunden w\u00e4re ich Asche\u201c.<\/p>\n<p>Zurzeit sucht die ganz Welt nach einem Impfstoff gegen die Corona-Pandemie. Den Impfstoff gegen die atomare Pandemie und gegen die fossile Pandemie haben wir bereits: Erneuerbare Energien.<\/p>\n<p>Kriege sind ein Verbrechen an der Menschheit. Ein Atomkrieg w\u00e4re wohl der letzte Krieg, denn danach g\u00e4be es wahrscheinlich keine Menschen mehr, die noch einen Krieg f\u00fchren k\u00f6nnten. Der Mahnruf des bisher missachteten Gewissens hei\u00dft: Vergesst nicht die Lehren der vier gro\u00dfen Atomkatastrophen in Hiroshima, Nagasaki, Tschernobyl und Fukushima.<\/p>\n<p>Die B\u00fcrgermeister von Hiroshima, Nagasaki und Fukushima sagten mir, dass sie allein eine atomwaffenfreie Welt und eine Welt ohne AKWs nicht schaffen. Dazu brauchen sie die Unterst\u00fctzung vieler Kollegen und Kolleginnen in der ganzen Welt. Immerhin haben 2017&nbsp; 122 UNO-Staaten die Abschaffung aller Atomwaffen gefordert. Aber alle neun Atombomben-Regierungen haben dagegen gestimmt. Leider auch die deutsche Bundesregierung in der UNO. Es war bisher in Deutschland allein der fr\u00fchere FDP-Au\u00dfenminister Guido Westerwelle, der sich als Regierungsmitglied 2012 f\u00fcr den Abzug der US-Atomwaffen aus Deutschland aussprach. Wahrscheinlich m\u00fcssen sich noch viel mehr deutsche B\u00fcrgermeister daf\u00fcr einsetzen bis auch die Bundesregierung in Berlin sich daf\u00fcr ausspricht. Damit k\u00f6nnte Deutschland zeigen, dass es aus seiner Geschichte nach 1945 tats\u00e4chlich etwas gelernt hat.<\/p>\n<p>Seit 2000 Jahren gilt der altr\u00f6mische Grundsatz \u201eWer Frieden will, muss den Krieg vorbereiten\u201c. Das Ergebnis dieser Politik: 2000 Jahre lang Kriege, Massenmord und unendliches Leid. Auf Grund dieser Erfahrungen m\u00fcssen wir endlich diese Philosophie entwickeln: \u201eWer Frieden will, muss den Frieden vorbereiten\u201c. Also Abr\u00fcsten und nicht aufr\u00fcsten, wie es auch die derzeitige Bundesregierung tut, indem sie immer mehr Geld in die&nbsp; R\u00fcstung steckt, vor allem, um den US-Pr\u00e4sidenten zu beruhigen. Von einer CDU\/CSU-gef\u00fchrten Bundesregierung kann man erwarten, dass sie sich eher an einer Politik der Bergpredigt orientiert als an den W\u00fcnschen eines gef\u00e4hrlichen US-Pr\u00e4sidenten, der jeden moralischen Kompass verloren hat.<\/p>\n<p>Die USA geben mehr als achtmal mehr Geld f\u00fcr R\u00fcstung und Milit\u00e4r aus als Russland und dreimal so viel wie China. Wer bedroht hier eigentlich wen? Mit einem Zehntel der weltweiten Milit\u00e4rausgaben k\u00f6nnten wir daf\u00fcr sorgen, dass kein Kind mehr verhungern muss. Und mit einem weiteren Zehntel k\u00f6nnten wir daf\u00fcr sorgen, dass alle Kinder zur Schule k\u00f6nnen. W\u00e4ren dies nicht lohnendere Ziele als ein neues Wettr\u00fcsten zu beginnen, wie es die USA, China und Russland, aber auch Deutschland gerade wieder tun? Wann endlich lernen wir, dass nicht Hass und wettr\u00fcsten der Sinn unseres Hierseins ist, sondern Liebe und Frieden?<\/p>\n<p>Wir m\u00fcssen Frieden und Sicherheit neu denken so wie es Jesus in der Bergpredigt gefordert hat.<\/p>\n<h5 class=\"green\">Quelle<\/h5>\n<p><a href=\"mailto:franz_alt@web.de\" target=\"_blank\" rel=\"noopener noreferrer\">Franz Alt 2020<\/a><\/p>\n<div class=\"shariff shariff-align-flex-start shariff-widget-align-flex-start\"><div class=\"ShariffHeadline\">Diese Meldung teilen<\/div><ul class=\"shariff-buttons theme-round orientation-horizontal buttonsize-medium\"><li class=\"shariff-button facebook shariff-nocustomcolor\" style=\"background-color:#4273c8;border-radius:1%\"><a href=\"https:\/\/www.facebook.com\/sharer\/sharer.php?u=https%3A%2F%2Fwww.sonnenseite.com%2Fde%2Ffranz-alt%2Fkommentare-interviews%2Fder-mahnruf-des-missachteten-gewissens%2F\" title=\"Bei Facebook teilen\" aria-label=\"Bei Facebook teilen\" role=\"button\" rel=\"nofollow\" class=\"shariff-link\" style=\";border-radius:1%; background-color:#3b5998; color:#fff\" target=\"_blank\"><span class=\"shariff-icon\" style=\"\"><svg width=\"32px\" height=\"20px\" xmlns=\"http:\/\/www.w3.org\/2000\/svg\" viewBox=\"0 0 18 32\"><path fill=\"#3b5998\" d=\"M17.1 0.2v4.7h-2.8q-1.5 0-2.1 0.6t-0.5 1.9v3.4h5.2l-0.7 5.3h-4.5v13.6h-5.5v-13.6h-4.5v-5.3h4.5v-3.9q0-3.3 1.9-5.2t5-1.8q2.6 0 4.1 0.2z\"\/><\/svg><\/span><\/a><\/li><li class=\"shariff-button twitter shariff-nocustomcolor\" style=\"background-color:#595959;border-radius:1%\"><a href=\"https:\/\/twitter.com\/share?url=https%3A%2F%2Fwww.sonnenseite.com%2Fde%2Ffranz-alt%2Fkommentare-interviews%2Fder-mahnruf-des-missachteten-gewissens%2F&text=Der%20Mahnruf%20des%20missachteten%20Gewissens\" title=\"Bei X teilen\" aria-label=\"Bei X teilen\" role=\"button\" rel=\"noopener nofollow\" class=\"shariff-link\" style=\";border-radius:1%; background-color:#000; color:#fff\" target=\"_blank\"><span class=\"shariff-icon\" style=\"\"><svg width=\"32px\" height=\"20px\" xmlns=\"http:\/\/www.w3.org\/2000\/svg\" viewBox=\"0 0 24 24\"><path fill=\"#000\" d=\"M14.258 10.152L23.176 0h-2.113l-7.747 8.813L7.133 0H0l9.352 13.328L0 23.973h2.113l8.176-9.309 6.531 9.309h7.133zm-2.895 3.293l-.949-1.328L2.875 1.56h3.246l6.086 8.523.945 1.328 7.91 11.078h-3.246zm0 0\"\/><\/svg><\/span><\/a><\/li><li class=\"shariff-button xing shariff-nocustomcolor\" style=\"background-color:#29888a;border-radius:1%\"><a href=\"https:\/\/www.xing.com\/spi\/shares\/new?url=https%3A%2F%2Fwww.sonnenseite.com%2Fde%2Ffranz-alt%2Fkommentare-interviews%2Fder-mahnruf-des-missachteten-gewissens%2F\" title=\"Bei XING teilen\" aria-label=\"Bei XING teilen\" role=\"button\" rel=\"noopener nofollow\" class=\"shariff-link\" style=\";border-radius:1%; background-color:#126567; color:#fff\" target=\"_blank\"><span class=\"shariff-icon\" style=\"\"><svg width=\"32px\" height=\"20px\" xmlns=\"http:\/\/www.w3.org\/2000\/svg\" viewBox=\"0 0 25 32\"><path fill=\"#126567\" d=\"M10.7 11.9q-0.2 0.3-4.6 8.2-0.5 0.8-1.2 0.8h-4.3q-0.4 0-0.5-0.3t0-0.6l4.5-8q0 0 0 0l-2.9-5q-0.2-0.4 0-0.7 0.2-0.3 0.5-0.3h4.3q0.7 0 1.2 0.8zM25.1 0.4q0.2 0.3 0 0.7l-9.4 16.7 6 11q0.2 0.4 0 0.6-0.2 0.3-0.6 0.3h-4.3q-0.7 0-1.2-0.8l-6-11.1q0.3-0.6 9.5-16.8 0.4-0.8 1.2-0.8h4.3q0.4 0 0.5 0.3z\"\/><\/svg><\/span><\/a><\/li><li class=\"shariff-button linkedin shariff-nocustomcolor\" style=\"background-color:#1488bf;border-radius:1%\"><a href=\"https:\/\/www.linkedin.com\/sharing\/share-offsite\/?url=https%3A%2F%2Fwww.sonnenseite.com%2Fde%2Ffranz-alt%2Fkommentare-interviews%2Fder-mahnruf-des-missachteten-gewissens%2F\" title=\"Bei LinkedIn teilen\" aria-label=\"Bei LinkedIn teilen\" role=\"button\" rel=\"noopener nofollow\" class=\"shariff-link\" style=\";border-radius:1%; background-color:#0077b5; color:#fff\" target=\"_blank\"><span class=\"shariff-icon\" style=\"\"><svg width=\"32px\" height=\"20px\" xmlns=\"http:\/\/www.w3.org\/2000\/svg\" viewBox=\"0 0 27 32\"><path fill=\"#0077b5\" d=\"M6.2 11.2v17.7h-5.9v-17.7h5.9zM6.6 5.7q0 1.3-0.9 2.2t-2.4 0.9h0q-1.5 0-2.4-0.9t-0.9-2.2 0.9-2.2 2.4-0.9 2.4 0.9 0.9 2.2zM27.4 18.7v10.1h-5.9v-9.5q0-1.9-0.7-2.9t-2.3-1.1q-1.1 0-1.9 0.6t-1.2 1.5q-0.2 0.5-0.2 1.4v9.9h-5.9q0-7.1 0-11.6t0-5.3l0-0.9h5.9v2.6h0q0.4-0.6 0.7-1t1-0.9 1.6-0.8 2-0.3q3 0 4.9 2t1.9 6z\"\/><\/svg><\/span><\/a><\/li><li class=\"shariff-button printer shariff-nocustomcolor\" style=\"background-color:#a8a8a8;border-radius:1%\"><a href=\"javascript:window.print()\" title=\"drucken\" aria-label=\"drucken\" role=\"button\" rel=\"noopener nofollow\" class=\"shariff-link\" style=\";border-radius:1%; background-color:#999; color:#fff\"><span class=\"shariff-icon\" style=\"\"><svg width=\"32px\" height=\"20px\" xmlns=\"http:\/\/www.w3.org\/2000\/svg\" viewBox=\"0 0 30 32\"><path fill=\"#999\" d=\"M6.8 27.4h16v-4.6h-16v4.6zM6.8 16h16v-6.8h-2.8q-0.7 0-1.2-0.5t-0.5-1.2v-2.8h-11.4v11.4zM27.4 17.2q0-0.5-0.3-0.8t-0.8-0.4-0.8 0.4-0.3 0.8 0.3 0.8 0.8 0.3 0.8-0.3 0.3-0.8zM29.7 17.2v7.4q0 0.2-0.2 0.4t-0.4 0.2h-4v2.8q0 0.7-0.5 1.2t-1.2 0.5h-17.2q-0.7 0-1.2-0.5t-0.5-1.2v-2.8h-4q-0.2 0-0.4-0.2t-0.2-0.4v-7.4q0-1.4 1-2.4t2.4-1h1.2v-9.7q0-0.7 0.5-1.2t1.2-0.5h12q0.7 0 1.6 0.4t1.3 0.8l2.7 2.7q0.5 0.5 0.9 1.4t0.4 1.6v4.6h1.1q1.4 0 2.4 1t1 2.4z\"\/><\/svg><\/span><\/a><\/li><li class=\"shariff-button mailto shariff-nocustomcolor\" style=\"background-color:#a8a8a8;border-radius:1%\"><a href=\"mailto:?body=https%3A%2F%2Fwww.sonnenseite.com%2Fde%2Ffranz-alt%2Fkommentare-interviews%2Fder-mahnruf-des-missachteten-gewissens%2F&subject=Der%20Mahnruf%20des%20missachteten%20Gewissens\" title=\"Per E-Mail versenden\" aria-label=\"Per E-Mail versenden\" role=\"button\" rel=\"noopener nofollow\" class=\"shariff-link\" style=\";border-radius:1%; background-color:#999; color:#fff\"><span class=\"shariff-icon\" style=\"\"><svg width=\"32px\" height=\"20px\" xmlns=\"http:\/\/www.w3.org\/2000\/svg\" viewBox=\"0 0 32 32\"><path fill=\"#999\" d=\"M32 12.7v14.2q0 1.2-0.8 2t-2 0.9h-26.3q-1.2 0-2-0.9t-0.8-2v-14.2q0.8 0.9 1.8 1.6 6.5 4.4 8.9 6.1 1 0.8 1.6 1.2t1.7 0.9 2 0.4h0.1q0.9 0 2-0.4t1.7-0.9 1.6-1.2q3-2.2 8.9-6.1 1-0.7 1.8-1.6zM32 7.4q0 1.4-0.9 2.7t-2.2 2.2q-6.7 4.7-8.4 5.8-0.2 0.1-0.7 0.5t-1 0.7-0.9 0.6-1.1 0.5-0.9 0.2h-0.1q-0.4 0-0.9-0.2t-1.1-0.5-0.9-0.6-1-0.7-0.7-0.5q-1.6-1.1-4.7-3.2t-3.6-2.6q-1.1-0.7-2.1-2t-1-2.5q0-1.4 0.7-2.3t2.1-0.9h26.3q1.2 0 2 0.8t0.9 2z\"\/><\/svg><\/span><\/a><\/li><\/ul><\/div>","protected":false},"excerpt":{"rendered":"<p>Vor 75 Jahren warfen US-Soldaten erstmals in der Menschheitsgeschichte eine Atombombe auf bewohntes Gebiet ab. Ihr [&hellip;]<\/p>\n","protected":false},"author":1,"featured_media":59527,"comment_status":"closed","ping_status":"closed","sticky":false,"template":"","format":"standard","meta":{"inline_featured_image":false,"footnotes":""},"categories":[29],"tags":[],"class_list":["post-59529","post","type-post","status-publish","format-standard","has-post-thumbnail","hentry","category-kommentare-interviews"],"yoast_head":"<!-- This site is optimized with the Yoast SEO plugin v26.5 - https:\/\/yoast.com\/wordpress\/plugins\/seo\/ -->\n<title>Der Mahnruf des missachteten Gewissens - Sonnenseite - \u00d6kologische Kommunikation mit Franz Alt<\/title>\n<meta name=\"description\" content=\"Vor 75 Jahren warfen US-Soldaten erstmals in der Menschheitsgeschichte eine Atombombe auf bewohntes Gebiet ab. Ihr Ziel am 6. August, morgens um 8.15 Uhr,\" \/>\n<meta name=\"robots\" content=\"index, follow, max-snippet:-1, max-image-preview:large, max-video-preview:-1\" \/>\n<link rel=\"canonical\" href=\"https:\/\/www.sonnenseite.com\/de\/franz-alt\/kommentare-interviews\/der-mahnruf-des-missachteten-gewissens\/\" \/>\n<meta property=\"og:locale\" content=\"de_DE\" \/>\n<meta property=\"og:type\" content=\"article\" \/>\n<meta property=\"og:title\" content=\"Der Mahnruf des missachteten Gewissens - Sonnenseite - \u00d6kologische Kommunikation mit Franz Alt\" \/>\n<meta property=\"og:description\" content=\"Vor 75 Jahren warfen US-Soldaten erstmals in der Menschheitsgeschichte eine Atombombe auf bewohntes Gebiet ab. Ihr Ziel am 6. August, morgens um 8.15 Uhr,\" \/>\n<meta property=\"og:url\" content=\"https:\/\/www.sonnenseite.com\/de\/franz-alt\/kommentare-interviews\/der-mahnruf-des-missachteten-gewissens\/\" \/>\n<meta property=\"og:site_name\" content=\"Sonnenseite\" \/>\n<meta property=\"article:publisher\" content=\"https:\/\/www.facebook.com\/pages\/Franz-Alt-SONNENSEITECOM\/221072987903953?fref=ts\" \/>\n<meta property=\"article:published_time\" content=\"2020-08-01T03:16:00+00:00\" \/>\n<meta property=\"article:modified_time\" content=\"2020-08-12T14:01:45+00:00\" \/>\n<meta property=\"og:image\" content=\"https:\/\/www.sonnenseite.com\/wp-content\/uploads\/2020\/08\/hiroshima_dom01.jpg\" \/>\n\t<meta property=\"og:image:width\" content=\"770\" \/>\n\t<meta property=\"og:image:height\" content=\"420\" \/>\n\t<meta property=\"og:image:type\" content=\"image\/jpeg\" \/>\n<meta name=\"author\" content=\"sbade\" \/>\n<meta name=\"twitter:card\" content=\"summary_large_image\" \/>\n<meta name=\"twitter:creator\" content=\"@franzalt\" \/>\n<meta name=\"twitter:site\" content=\"@franzalt\" \/>\n<meta name=\"twitter:label1\" content=\"Verfasst von\" \/>\n\t<meta name=\"twitter:data1\" content=\"sbade\" \/>\n\t<meta name=\"twitter:label2\" content=\"Gesch\u00e4tzte Lesezeit\" \/>\n\t<meta name=\"twitter:data2\" content=\"7\u00a0Minuten\" \/>\n<script type=\"application\/ld+json\" class=\"yoast-schema-graph\">{\"@context\":\"https:\/\/schema.org\",\"@graph\":[{\"@type\":\"Article\",\"@id\":\"https:\/\/www.sonnenseite.com\/de\/franz-alt\/kommentare-interviews\/der-mahnruf-des-missachteten-gewissens\/#article\",\"isPartOf\":{\"@id\":\"https:\/\/www.sonnenseite.com\/de\/franz-alt\/kommentare-interviews\/der-mahnruf-des-missachteten-gewissens\/\"},\"author\":{\"name\":\"sbade\",\"@id\":\"https:\/\/www.sonnenseite.com\/de\/#\/schema\/person\/6df44691cd9a70d99e140e1116ee8771\"},\"headline\":\"Der Mahnruf des missachteten Gewissens\",\"datePublished\":\"2020-08-01T03:16:00+00:00\",\"dateModified\":\"2020-08-12T14:01:45+00:00\",\"mainEntityOfPage\":{\"@id\":\"https:\/\/www.sonnenseite.com\/de\/franz-alt\/kommentare-interviews\/der-mahnruf-des-missachteten-gewissens\/\"},\"wordCount\":1468,\"publisher\":{\"@id\":\"https:\/\/www.sonnenseite.com\/de\/#organization\"},\"image\":{\"@id\":\"https:\/\/www.sonnenseite.com\/de\/franz-alt\/kommentare-interviews\/der-mahnruf-des-missachteten-gewissens\/#primaryimage\"},\"thumbnailUrl\":\"https:\/\/www.sonnenseite.com\/wp-content\/uploads\/2020\/08\/hiroshima_dom01.jpg\",\"articleSection\":[\"Kommentare &amp; Interviews\"],\"inLanguage\":\"de\"},{\"@type\":\"WebPage\",\"@id\":\"https:\/\/www.sonnenseite.com\/de\/franz-alt\/kommentare-interviews\/der-mahnruf-des-missachteten-gewissens\/\",\"url\":\"https:\/\/www.sonnenseite.com\/de\/franz-alt\/kommentare-interviews\/der-mahnruf-des-missachteten-gewissens\/\",\"name\":\"Der Mahnruf des missachteten Gewissens - Sonnenseite - \u00d6kologische Kommunikation mit Franz Alt\",\"isPartOf\":{\"@id\":\"https:\/\/www.sonnenseite.com\/de\/#website\"},\"primaryImageOfPage\":{\"@id\":\"https:\/\/www.sonnenseite.com\/de\/franz-alt\/kommentare-interviews\/der-mahnruf-des-missachteten-gewissens\/#primaryimage\"},\"image\":{\"@id\":\"https:\/\/www.sonnenseite.com\/de\/franz-alt\/kommentare-interviews\/der-mahnruf-des-missachteten-gewissens\/#primaryimage\"},\"thumbnailUrl\":\"https:\/\/www.sonnenseite.com\/wp-content\/uploads\/2020\/08\/hiroshima_dom01.jpg\",\"datePublished\":\"2020-08-01T03:16:00+00:00\",\"dateModified\":\"2020-08-12T14:01:45+00:00\",\"description\":\"Vor 75 Jahren warfen US-Soldaten erstmals in der Menschheitsgeschichte eine Atombombe auf bewohntes Gebiet ab. Ihr Ziel am 6. August, morgens um 8.15 Uhr,\",\"breadcrumb\":{\"@id\":\"https:\/\/www.sonnenseite.com\/de\/franz-alt\/kommentare-interviews\/der-mahnruf-des-missachteten-gewissens\/#breadcrumb\"},\"inLanguage\":\"de\",\"potentialAction\":[{\"@type\":\"ReadAction\",\"target\":[\"https:\/\/www.sonnenseite.com\/de\/franz-alt\/kommentare-interviews\/der-mahnruf-des-missachteten-gewissens\/\"]}]},{\"@type\":\"ImageObject\",\"inLanguage\":\"de\",\"@id\":\"https:\/\/www.sonnenseite.com\/de\/franz-alt\/kommentare-interviews\/der-mahnruf-des-missachteten-gewissens\/#primaryimage\",\"url\":\"https:\/\/www.sonnenseite.com\/wp-content\/uploads\/2020\/08\/hiroshima_dom01.jpg\",\"contentUrl\":\"https:\/\/www.sonnenseite.com\/wp-content\/uploads\/2020\/08\/hiroshima_dom01.jpg\",\"width\":770,\"height\":420,\"caption\":\"Bigi Alt | Friedensdenkmal in Hiroshima\"},{\"@type\":\"BreadcrumbList\",\"@id\":\"https:\/\/www.sonnenseite.com\/de\/franz-alt\/kommentare-interviews\/der-mahnruf-des-missachteten-gewissens\/#breadcrumb\",\"itemListElement\":[{\"@type\":\"ListItem\",\"position\":1,\"name\":\"Startseite\",\"item\":\"https:\/\/www.sonnenseite.com\/de\/\"},{\"@type\":\"ListItem\",\"position\":2,\"name\":\"Der Mahnruf des missachteten Gewissens\"}]},{\"@type\":\"WebSite\",\"@id\":\"https:\/\/www.sonnenseite.com\/de\/#website\",\"url\":\"https:\/\/www.sonnenseite.com\/de\/\",\"name\":\"Sonnenseite\",\"description\":\"\u00d6kologische Kommunikation mit Franz Alt\",\"publisher\":{\"@id\":\"https:\/\/www.sonnenseite.com\/de\/#organization\"},\"potentialAction\":[{\"@type\":\"SearchAction\",\"target\":{\"@type\":\"EntryPoint\",\"urlTemplate\":\"https:\/\/www.sonnenseite.com\/de\/?s={search_term_string}\"},\"query-input\":{\"@type\":\"PropertyValueSpecification\",\"valueRequired\":true,\"valueName\":\"search_term_string\"}}],\"inLanguage\":\"de\"},{\"@type\":\"Organization\",\"@id\":\"https:\/\/www.sonnenseite.com\/de\/#organization\",\"name\":\"Sonnenseite\",\"url\":\"https:\/\/www.sonnenseite.com\/de\/\",\"logo\":{\"@type\":\"ImageObject\",\"inLanguage\":\"de\",\"@id\":\"https:\/\/www.sonnenseite.com\/de\/#\/schema\/logo\/image\/\",\"url\":\"https:\/\/www.sonnenseite.com\/wp-content\/uploads\/2020\/05\/Sonnenseite_Logo.png\",\"contentUrl\":\"https:\/\/www.sonnenseite.com\/wp-content\/uploads\/2020\/05\/Sonnenseite_Logo.png\",\"width\":377,\"height\":90,\"caption\":\"Sonnenseite\"},\"image\":{\"@id\":\"https:\/\/www.sonnenseite.com\/de\/#\/schema\/logo\/image\/\"},\"sameAs\":[\"https:\/\/www.facebook.com\/pages\/Franz-Alt-SONNENSEITECOM\/221072987903953?fref=ts\",\"https:\/\/x.com\/franzalt\",\"http:\/\/www.youtube.com\/results?search_query&amp;amp;quot;franz_alt&amp;amp;quot;&amp;amp;amp;amp;search_type&amp;amp;amp;amp;aq=f\"]},{\"@type\":\"Person\",\"@id\":\"https:\/\/www.sonnenseite.com\/de\/#\/schema\/person\/6df44691cd9a70d99e140e1116ee8771\",\"name\":\"sbade\",\"sameAs\":[\"https:\/\/www.sonnenseite.com\"]}]}<\/script>\n<!-- \/ Yoast SEO plugin. -->","yoast_head_json":{"title":"Der Mahnruf des missachteten Gewissens - Sonnenseite - \u00d6kologische Kommunikation mit Franz Alt","description":"Vor 75 Jahren warfen US-Soldaten erstmals in der Menschheitsgeschichte eine Atombombe auf bewohntes Gebiet ab. Ihr Ziel am 6. August, morgens um 8.15 Uhr,","robots":{"index":"index","follow":"follow","max-snippet":"max-snippet:-1","max-image-preview":"max-image-preview:large","max-video-preview":"max-video-preview:-1"},"canonical":"https:\/\/www.sonnenseite.com\/de\/franz-alt\/kommentare-interviews\/der-mahnruf-des-missachteten-gewissens\/","og_locale":"de_DE","og_type":"article","og_title":"Der Mahnruf des missachteten Gewissens - Sonnenseite - \u00d6kologische Kommunikation mit Franz Alt","og_description":"Vor 75 Jahren warfen US-Soldaten erstmals in der Menschheitsgeschichte eine Atombombe auf bewohntes Gebiet ab. Ihr Ziel am 6. August, morgens um 8.15 Uhr,","og_url":"https:\/\/www.sonnenseite.com\/de\/franz-alt\/kommentare-interviews\/der-mahnruf-des-missachteten-gewissens\/","og_site_name":"Sonnenseite","article_publisher":"https:\/\/www.facebook.com\/pages\/Franz-Alt-SONNENSEITECOM\/221072987903953?fref=ts","article_published_time":"2020-08-01T03:16:00+00:00","article_modified_time":"2020-08-12T14:01:45+00:00","og_image":[{"width":770,"height":420,"url":"https:\/\/www.sonnenseite.com\/wp-content\/uploads\/2020\/08\/hiroshima_dom01.jpg","type":"image\/jpeg"}],"author":"sbade","twitter_card":"summary_large_image","twitter_creator":"@franzalt","twitter_site":"@franzalt","twitter_misc":{"Verfasst von":"sbade","Gesch\u00e4tzte Lesezeit":"7\u00a0Minuten"},"schema":{"@context":"https:\/\/schema.org","@graph":[{"@type":"Article","@id":"https:\/\/www.sonnenseite.com\/de\/franz-alt\/kommentare-interviews\/der-mahnruf-des-missachteten-gewissens\/#article","isPartOf":{"@id":"https:\/\/www.sonnenseite.com\/de\/franz-alt\/kommentare-interviews\/der-mahnruf-des-missachteten-gewissens\/"},"author":{"name":"sbade","@id":"https:\/\/www.sonnenseite.com\/de\/#\/schema\/person\/6df44691cd9a70d99e140e1116ee8771"},"headline":"Der Mahnruf des missachteten Gewissens","datePublished":"2020-08-01T03:16:00+00:00","dateModified":"2020-08-12T14:01:45+00:00","mainEntityOfPage":{"@id":"https:\/\/www.sonnenseite.com\/de\/franz-alt\/kommentare-interviews\/der-mahnruf-des-missachteten-gewissens\/"},"wordCount":1468,"publisher":{"@id":"https:\/\/www.sonnenseite.com\/de\/#organization"},"image":{"@id":"https:\/\/www.sonnenseite.com\/de\/franz-alt\/kommentare-interviews\/der-mahnruf-des-missachteten-gewissens\/#primaryimage"},"thumbnailUrl":"https:\/\/www.sonnenseite.com\/wp-content\/uploads\/2020\/08\/hiroshima_dom01.jpg","articleSection":["Kommentare &amp; Interviews"],"inLanguage":"de"},{"@type":"WebPage","@id":"https:\/\/www.sonnenseite.com\/de\/franz-alt\/kommentare-interviews\/der-mahnruf-des-missachteten-gewissens\/","url":"https:\/\/www.sonnenseite.com\/de\/franz-alt\/kommentare-interviews\/der-mahnruf-des-missachteten-gewissens\/","name":"Der Mahnruf des missachteten Gewissens - Sonnenseite - \u00d6kologische Kommunikation mit Franz Alt","isPartOf":{"@id":"https:\/\/www.sonnenseite.com\/de\/#website"},"primaryImageOfPage":{"@id":"https:\/\/www.sonnenseite.com\/de\/franz-alt\/kommentare-interviews\/der-mahnruf-des-missachteten-gewissens\/#primaryimage"},"image":{"@id":"https:\/\/www.sonnenseite.com\/de\/franz-alt\/kommentare-interviews\/der-mahnruf-des-missachteten-gewissens\/#primaryimage"},"thumbnailUrl":"https:\/\/www.sonnenseite.com\/wp-content\/uploads\/2020\/08\/hiroshima_dom01.jpg","datePublished":"2020-08-01T03:16:00+00:00","dateModified":"2020-08-12T14:01:45+00:00","description":"Vor 75 Jahren warfen US-Soldaten erstmals in der Menschheitsgeschichte eine Atombombe auf bewohntes Gebiet ab. Ihr Ziel am 6. August, morgens um 8.15 Uhr,","breadcrumb":{"@id":"https:\/\/www.sonnenseite.com\/de\/franz-alt\/kommentare-interviews\/der-mahnruf-des-missachteten-gewissens\/#breadcrumb"},"inLanguage":"de","potentialAction":[{"@type":"ReadAction","target":["https:\/\/www.sonnenseite.com\/de\/franz-alt\/kommentare-interviews\/der-mahnruf-des-missachteten-gewissens\/"]}]},{"@type":"ImageObject","inLanguage":"de","@id":"https:\/\/www.sonnenseite.com\/de\/franz-alt\/kommentare-interviews\/der-mahnruf-des-missachteten-gewissens\/#primaryimage","url":"https:\/\/www.sonnenseite.com\/wp-content\/uploads\/2020\/08\/hiroshima_dom01.jpg","contentUrl":"https:\/\/www.sonnenseite.com\/wp-content\/uploads\/2020\/08\/hiroshima_dom01.jpg","width":770,"height":420,"caption":"Bigi Alt | Friedensdenkmal in Hiroshima"},{"@type":"BreadcrumbList","@id":"https:\/\/www.sonnenseite.com\/de\/franz-alt\/kommentare-interviews\/der-mahnruf-des-missachteten-gewissens\/#breadcrumb","itemListElement":[{"@type":"ListItem","position":1,"name":"Startseite","item":"https:\/\/www.sonnenseite.com\/de\/"},{"@type":"ListItem","position":2,"name":"Der Mahnruf des missachteten Gewissens"}]},{"@type":"WebSite","@id":"https:\/\/www.sonnenseite.com\/de\/#website","url":"https:\/\/www.sonnenseite.com\/de\/","name":"Sonnenseite","description":"\u00d6kologische Kommunikation mit Franz Alt","publisher":{"@id":"https:\/\/www.sonnenseite.com\/de\/#organization"},"potentialAction":[{"@type":"SearchAction","target":{"@type":"EntryPoint","urlTemplate":"https:\/\/www.sonnenseite.com\/de\/?s={search_term_string}"},"query-input":{"@type":"PropertyValueSpecification","valueRequired":true,"valueName":"search_term_string"}}],"inLanguage":"de"},{"@type":"Organization","@id":"https:\/\/www.sonnenseite.com\/de\/#organization","name":"Sonnenseite","url":"https:\/\/www.sonnenseite.com\/de\/","logo":{"@type":"ImageObject","inLanguage":"de","@id":"https:\/\/www.sonnenseite.com\/de\/#\/schema\/logo\/image\/","url":"https:\/\/www.sonnenseite.com\/wp-content\/uploads\/2020\/05\/Sonnenseite_Logo.png","contentUrl":"https:\/\/www.sonnenseite.com\/wp-content\/uploads\/2020\/05\/Sonnenseite_Logo.png","width":377,"height":90,"caption":"Sonnenseite"},"image":{"@id":"https:\/\/www.sonnenseite.com\/de\/#\/schema\/logo\/image\/"},"sameAs":["https:\/\/www.facebook.com\/pages\/Franz-Alt-SONNENSEITECOM\/221072987903953?fref=ts","https:\/\/x.com\/franzalt","http:\/\/www.youtube.com\/results?search_query&amp;amp;quot;franz_alt&amp;amp;quot;&amp;amp;amp;amp;search_type&amp;amp;amp;amp;aq=f"]},{"@type":"Person","@id":"https:\/\/www.sonnenseite.com\/de\/#\/schema\/person\/6df44691cd9a70d99e140e1116ee8771","name":"sbade","sameAs":["https:\/\/www.sonnenseite.com"]}]}},"_links":{"self":[{"href":"https:\/\/www.sonnenseite.com\/de\/wp-json\/wp\/v2\/posts\/59529","targetHints":{"allow":["GET"]}}],"collection":[{"href":"https:\/\/www.sonnenseite.com\/de\/wp-json\/wp\/v2\/posts"}],"about":[{"href":"https:\/\/www.sonnenseite.com\/de\/wp-json\/wp\/v2\/types\/post"}],"author":[{"embeddable":true,"href":"https:\/\/www.sonnenseite.com\/de\/wp-json\/wp\/v2\/users\/1"}],"replies":[{"embeddable":true,"href":"https:\/\/www.sonnenseite.com\/de\/wp-json\/wp\/v2\/comments?post=59529"}],"version-history":[{"count":1,"href":"https:\/\/www.sonnenseite.com\/de\/wp-json\/wp\/v2\/posts\/59529\/revisions"}],"predecessor-version":[{"id":60832,"href":"https:\/\/www.sonnenseite.com\/de\/wp-json\/wp\/v2\/posts\/59529\/revisions\/60832"}],"wp:featuredmedia":[{"embeddable":true,"href":"https:\/\/www.sonnenseite.com\/de\/wp-json\/wp\/v2\/media\/59527"}],"wp:attachment":[{"href":"https:\/\/www.sonnenseite.com\/de\/wp-json\/wp\/v2\/media?parent=59529"}],"wp:term":[{"taxonomy":"category","embeddable":true,"href":"https:\/\/www.sonnenseite.com\/de\/wp-json\/wp\/v2\/categories?post=59529"},{"taxonomy":"post_tag","embeddable":true,"href":"https:\/\/www.sonnenseite.com\/de\/wp-json\/wp\/v2\/tags?post=59529"}],"curies":[{"name":"wp","href":"https:\/\/api.w.org\/{rel}","templated":true}]}}