{"id":60515,"date":"2020-06-12T00:45:00","date_gmt":"2020-06-11T22:45:00","guid":{"rendered":"https:\/\/www.sonnenseite.com\/umwelt\/die-zukunft-des-waldes-wird-karger\/"},"modified":"2020-06-12T00:45:00","modified_gmt":"2020-06-11T22:45:00","slug":"die-zukunft-des-waldes-wird-karger","status":"publish","type":"post","link":"https:\/\/www.sonnenseite.com\/de\/umwelt\/die-zukunft-des-waldes-wird-karger\/","title":{"rendered":"Die Zukunft des Waldes wird karger"},"content":{"rendered":"<p>Der Klimawandel k&ouml;nnte in einigen Regionen der Erde den Waldwuchs sogar bef&ouml;rdern. Doch negative Aspekte der globalen Erw&auml;rmung, wie D&uuml;rre, &uuml;berwiegen. B&auml;ume werden in Zukunft kleiner und W&auml;lder offener. Das heizt den Klimawandel zus&auml;tzlich an.<\/p>\n<p> <!--more--> <\/p>\n<p>Satellitendaten und Modellrechnungen zeigen in manchen Regionen  dieser Erde tats&auml;chlich ein Ergr&uuml;nen des Planeten. Und dies nicht trotz,  sondern wegen dem Klimawandel und steigender CO<sub>2<\/sub>-Emissionen.  Vor allem in n&ouml;rdlicheren Breitengraden, wie in Mitteleuropa, f&ouml;rdern  k&uuml;rzere Winter das Wachstum von B&auml;umen. Auch der steigende CO<sub>2<\/sub>-Gehalt  in der Atmosph&auml;re gibt den B&auml;umen zus&auml;tzlich Nahrung. Doch diesen  positiven stehen viele negative Aspekte gegen&uuml;ber, die in der  Gesamtsumme &uuml;berwiegen, wie eine neue internationale Studie unter  Beteiligung der Technischen Universit&auml;t M&uuml;nchen deutlich macht.<\/p>\n<p>Denn  statt einem Zuwachs von B&auml;umen in Mitteleuropa kam es allein in  Deutschland in den letzten beiden Jahren zu einem massiven Waldsterben.  200.000 Hektar gingen verloren &ndash; das entspricht ann&auml;hernd der Fl&auml;che des  Saarlandes. Hauptgr&uuml;nde des hiesigen Waldsterbens sind Hitze und D&uuml;rre.  Neben der steigenden Durchschnittstemperatur sorgt der Klimawandel <a href=\"https:\/\/www.energiezukunft.eu\/klimawandel\/klimaforscher-erklaeren-woher-die-hitze-kommt\/\">f&uuml;r einen schw&auml;chelnden Jetstream<\/a>  &ndash; eine wellenf&ouml;rmige Luftstr&ouml;mung, die die Erde umrundet. Stagnierende  Wellenmuster sorgten bereits 2018 und 2019 zu langanhaltenden  Hitzeperioden ohne ausreichenden Regen. Und in diesem Jahr setzen sich  die D&uuml;rreperioden fort. Der April 2020 war so trocken wie selten zuvor.  Erholung der B&ouml;den ist nicht in Sicht.<\/p>\n<p>Zus&auml;tzlich f&ouml;rdert die  Trockenheit den Sch&auml;dlingsbefall. Besonders die heimische Fichte ist  durch den Borkenk&auml;fer gef&auml;hrdet. Im gesunden Zustand kann die Fichte  Harz zur Abwehr der Borkenk&auml;fer produzieren. Unter Trockenstress leidend  ist die Fichte daf&uuml;r zu schwach und den Sch&auml;dlingen schutzlos  ausgeliefert. Des Weiteren haben es vor allem gro&szlig;e B&auml;ume im  geschw&auml;chten Zustand schwer. Bei St&uuml;rmen &ndash; <a href=\"https:\/\/www.energiezukunft.eu\/klimawandel\/extreme-wetteraussichten\/\">die infolge des Klimawandels ebenfalls zunehmen und heftiger werden<\/a> &ndash; k&ouml;nnen sie leichter umknicken. Auch ist es f&uuml;r gro&szlig;e B&auml;ume schwerer ihre Bl&auml;tter mit Wasser aus dem Boden zu versorgen.<\/p>\n<p><strong><span class=\"centeredQuote\">Kleinere B&auml;ume und offenere Best&auml;nde<\/span><\/strong><\/p>\n<p>Die Zukunft des Waldes gehe also in Richtung &bdquo;kleinere B&auml;ume und offenere Best&auml;nde&ldquo;, wie die TU M&uuml;nchen in einer <a href=\"https:\/\/www.tum.de\/nc\/die-tum\/aktuelles\/pressemitteilungen\/details\/36048\/\" target=\"_blank\" rel=\"noopener noreferrer\">Pressemitteilung<\/a>  schreibt. Dies f&uuml;hrt zu einer geringeren Biomasse, die geringere Mengen  an Kohlenstoff aus der Atmosph&auml;re im Wald speichern kann. Das heizt den  Klimawandel weiter an. Auch die Biodiversit&auml;t leidet.<\/p>\n<p>Wie in  Deutschland und anderswo auf der Welt die Zukunft des Waldes gestaltet  werden kann, dar&uuml;ber wird heftig diskutiert. Experten sind sich einig,  dass der Wald ver&auml;nderten klimatischen Bedingungen in den Regionen  angepasst werden muss. Auch gilt es die vielerorts bestehende Monokultur  aufzubrechen.<\/p>\n<p>Noch dominiert in Deutschland die Fichte den  Baumbestand &ndash; mit 25 Prozent der Waldfl&auml;che. Sie ist wichtigster  Holzlieferant der verarbeitenden Industrie. Doch Klimawandel und  Borkenk&auml;fer k&ouml;nnten diesen Wirtschaftszweig bald zunichte machen, wenn  nicht aktiv gegengesteuert wird. So k&ouml;nnte auch die Holzwirtschaft von  einer st&auml;rkeren Hinwendung zu Mischw&auml;ldern und dem Fokus auf andere  Baumarten profitieren.<\/p>\n<p>&#8222;Wir sollten Forstwirtschaft als  Reisebegleitung ansehen&#8220;, sagte etwa Andreas Bolte, Leiter des  Th&uuml;nen-Instituts f&uuml;r Wald&ouml;kosysteme gegen&uuml;ber dem <a href=\"https:\/\/www.ndr.de\/ratgeber\/klimawandel\/CO2-Speicher-Wie-wird-der-Wald-fit-fuer-den-Klimawandel,wald994.html\" target=\"_blank\" rel=\"noopener noreferrer\">NDR<\/a>.  &#8222;Wir sollten beobachten, welche Baumarten aus ihrem Verbreitungsgebiet  herauswandern &#8211; wie etwa Fichte und m&ouml;glicherweise auch Buche &#8211; und  welche heimischen und neuen Arten sich unter den ver&auml;nderten  klimatischen Bedingungen wohl f&uuml;hlen&ldquo;, so Bolte weiter. Dar&uuml;ber hinaus  gilt es Schutzgebiete zu erhalten und &nbsp;auszuweiten, <a href=\"https:\/\/www.energiezukunft.eu\/umweltschutz\/ein-duesteres-bild-unseres-planeten\/\">wie auch der Weltbiodiversit&auml;tsrat im letzten Jahr deutlich machte<\/a>.<\/p>\n<div class=\"article-images\"><img loading=\"lazy\" decoding=\"async\" width=\"400\" height=\"532\" src=\"https:\/\/www.sonnenseite.com\/wp-content\/uploads\/2020\/06\/energiezukunft_28-2020.jpg\" class=\"alignleft\" alt=\"energiezukunft.eu\" srcset=\"https:\/\/www.sonnenseite.com\/wp-content\/uploads\/2020\/06\/energiezukunft_28-2020.jpg 400w, https:\/\/www.sonnenseite.com\/wp-content\/uploads\/2020\/06\/energiezukunft_28-2020-226x300.jpg 226w\" sizes=\"auto, (max-width: 400px) 100vw, 400px\" \/><\/div>\n<h5 class=\"green\">Quelle<\/h5>\n<p>Der Bericht wurde von<br \/>\nder&nbsp;<a href=\"https:\/\/www.energiezukunft.eu\/umweltschutz\/die-zukunft-des-waldes-wird-karger\/\" target=\"_blank\" rel=\"noopener noreferrer\">Redaktion &ldquo;energiezukunft&ldquo; (mf) 2020<\/a>&nbsp;verfasst &ndash; der Artikel darf&nbsp;<a href=\"mailto:portal@energiezukunft.eu\" target=\"_blank\" rel=\"noopener noreferrer\">nicht<br \/>\nohne Genehmigung<\/a>&nbsp;weiterverbreitet<br \/>\nwerden! |&nbsp;<strong>energiezukunft<\/strong>&nbsp;|<br \/>\nHeft 28 \/ 2019 | &#8222;Urbane Energiewende&#8220;&nbsp;|&nbsp; <a href=\"https:\/\/www.energiezukunft.eu\/service\/magazine\/\">Jetzt<br \/>\nlesen<\/a>&nbsp;|&nbsp;<a href=\"https:\/\/www.energiezukunft.eu\/fileadmin\/user_upload\/Magazin-PDFs\/energiezukunft\/energiezukunft_2020-28.pdf\">Download<\/a><\/p>\n<div class=\"shariff shariff-align-flex-start shariff-widget-align-flex-start\"><div class=\"ShariffHeadline\">Diese Meldung teilen<\/div><ul class=\"shariff-buttons theme-round orientation-horizontal buttonsize-medium\"><li class=\"shariff-button facebook shariff-nocustomcolor\" style=\"background-color:#4273c8;border-radius:1%\"><a href=\"https:\/\/www.facebook.com\/sharer\/sharer.php?u=https%3A%2F%2Fwww.sonnenseite.com%2Fde%2Fumwelt%2Fdie-zukunft-des-waldes-wird-karger%2F\" title=\"Bei Facebook teilen\" aria-label=\"Bei Facebook teilen\" role=\"button\" rel=\"nofollow\" class=\"shariff-link\" style=\";border-radius:1%; background-color:#3b5998; color:#fff\" target=\"_blank\"><span class=\"shariff-icon\" style=\"\"><svg width=\"32px\" height=\"20px\" xmlns=\"http:\/\/www.w3.org\/2000\/svg\" viewBox=\"0 0 18 32\"><path fill=\"#3b5998\" d=\"M17.1 0.2v4.7h-2.8q-1.5 0-2.1 0.6t-0.5 1.9v3.4h5.2l-0.7 5.3h-4.5v13.6h-5.5v-13.6h-4.5v-5.3h4.5v-3.9q0-3.3 1.9-5.2t5-1.8q2.6 0 4.1 0.2z\"\/><\/svg><\/span><\/a><\/li><li class=\"shariff-button twitter shariff-nocustomcolor\" style=\"background-color:#595959;border-radius:1%\"><a href=\"https:\/\/twitter.com\/share?url=https%3A%2F%2Fwww.sonnenseite.com%2Fde%2Fumwelt%2Fdie-zukunft-des-waldes-wird-karger%2F&text=Die%20Zukunft%20des%20Waldes%20wird%20karger\" title=\"Bei X teilen\" aria-label=\"Bei X teilen\" role=\"button\" rel=\"noopener nofollow\" class=\"shariff-link\" style=\";border-radius:1%; background-color:#000; color:#fff\" target=\"_blank\"><span class=\"shariff-icon\" style=\"\"><svg width=\"32px\" height=\"20px\" xmlns=\"http:\/\/www.w3.org\/2000\/svg\" viewBox=\"0 0 24 24\"><path fill=\"#000\" d=\"M14.258 10.152L23.176 0h-2.113l-7.747 8.813L7.133 0H0l9.352 13.328L0 23.973h2.113l8.176-9.309 6.531 9.309h7.133zm-2.895 3.293l-.949-1.328L2.875 1.56h3.246l6.086 8.523.945 1.328 7.91 11.078h-3.246zm0 0\"\/><\/svg><\/span><\/a><\/li><li class=\"shariff-button xing shariff-nocustomcolor\" style=\"background-color:#29888a;border-radius:1%\"><a href=\"https:\/\/www.xing.com\/spi\/shares\/new?url=https%3A%2F%2Fwww.sonnenseite.com%2Fde%2Fumwelt%2Fdie-zukunft-des-waldes-wird-karger%2F\" title=\"Bei XING teilen\" aria-label=\"Bei XING teilen\" role=\"button\" rel=\"noopener nofollow\" class=\"shariff-link\" style=\";border-radius:1%; background-color:#126567; color:#fff\" target=\"_blank\"><span class=\"shariff-icon\" style=\"\"><svg width=\"32px\" height=\"20px\" xmlns=\"http:\/\/www.w3.org\/2000\/svg\" viewBox=\"0 0 25 32\"><path fill=\"#126567\" d=\"M10.7 11.9q-0.2 0.3-4.6 8.2-0.5 0.8-1.2 0.8h-4.3q-0.4 0-0.5-0.3t0-0.6l4.5-8q0 0 0 0l-2.9-5q-0.2-0.4 0-0.7 0.2-0.3 0.5-0.3h4.3q0.7 0 1.2 0.8zM25.1 0.4q0.2 0.3 0 0.7l-9.4 16.7 6 11q0.2 0.4 0 0.6-0.2 0.3-0.6 0.3h-4.3q-0.7 0-1.2-0.8l-6-11.1q0.3-0.6 9.5-16.8 0.4-0.8 1.2-0.8h4.3q0.4 0 0.5 0.3z\"\/><\/svg><\/span><\/a><\/li><li class=\"shariff-button linkedin shariff-nocustomcolor\" style=\"background-color:#1488bf;border-radius:1%\"><a href=\"https:\/\/www.linkedin.com\/sharing\/share-offsite\/?url=https%3A%2F%2Fwww.sonnenseite.com%2Fde%2Fumwelt%2Fdie-zukunft-des-waldes-wird-karger%2F\" title=\"Bei LinkedIn teilen\" aria-label=\"Bei LinkedIn teilen\" role=\"button\" rel=\"noopener nofollow\" class=\"shariff-link\" style=\";border-radius:1%; background-color:#0077b5; color:#fff\" target=\"_blank\"><span class=\"shariff-icon\" style=\"\"><svg width=\"32px\" height=\"20px\" xmlns=\"http:\/\/www.w3.org\/2000\/svg\" viewBox=\"0 0 27 32\"><path fill=\"#0077b5\" d=\"M6.2 11.2v17.7h-5.9v-17.7h5.9zM6.6 5.7q0 1.3-0.9 2.2t-2.4 0.9h0q-1.5 0-2.4-0.9t-0.9-2.2 0.9-2.2 2.4-0.9 2.4 0.9 0.9 2.2zM27.4 18.7v10.1h-5.9v-9.5q0-1.9-0.7-2.9t-2.3-1.1q-1.1 0-1.9 0.6t-1.2 1.5q-0.2 0.5-0.2 1.4v9.9h-5.9q0-7.1 0-11.6t0-5.3l0-0.9h5.9v2.6h0q0.4-0.6 0.7-1t1-0.9 1.6-0.8 2-0.3q3 0 4.9 2t1.9 6z\"\/><\/svg><\/span><\/a><\/li><li class=\"shariff-button printer shariff-nocustomcolor\" style=\"background-color:#a8a8a8;border-radius:1%\"><a href=\"javascript:window.print()\" title=\"drucken\" aria-label=\"drucken\" role=\"button\" rel=\"noopener nofollow\" class=\"shariff-link\" style=\";border-radius:1%; background-color:#999; color:#fff\"><span class=\"shariff-icon\" style=\"\"><svg width=\"32px\" height=\"20px\" xmlns=\"http:\/\/www.w3.org\/2000\/svg\" viewBox=\"0 0 30 32\"><path fill=\"#999\" d=\"M6.8 27.4h16v-4.6h-16v4.6zM6.8 16h16v-6.8h-2.8q-0.7 0-1.2-0.5t-0.5-1.2v-2.8h-11.4v11.4zM27.4 17.2q0-0.5-0.3-0.8t-0.8-0.4-0.8 0.4-0.3 0.8 0.3 0.8 0.8 0.3 0.8-0.3 0.3-0.8zM29.7 17.2v7.4q0 0.2-0.2 0.4t-0.4 0.2h-4v2.8q0 0.7-0.5 1.2t-1.2 0.5h-17.2q-0.7 0-1.2-0.5t-0.5-1.2v-2.8h-4q-0.2 0-0.4-0.2t-0.2-0.4v-7.4q0-1.4 1-2.4t2.4-1h1.2v-9.7q0-0.7 0.5-1.2t1.2-0.5h12q0.7 0 1.6 0.4t1.3 0.8l2.7 2.7q0.5 0.5 0.9 1.4t0.4 1.6v4.6h1.1q1.4 0 2.4 1t1 2.4z\"\/><\/svg><\/span><\/a><\/li><li class=\"shariff-button mailto shariff-nocustomcolor\" style=\"background-color:#a8a8a8;border-radius:1%\"><a href=\"mailto:?body=https%3A%2F%2Fwww.sonnenseite.com%2Fde%2Fumwelt%2Fdie-zukunft-des-waldes-wird-karger%2F&subject=Die%20Zukunft%20des%20Waldes%20wird%20karger\" title=\"Per E-Mail versenden\" aria-label=\"Per E-Mail versenden\" role=\"button\" rel=\"noopener nofollow\" class=\"shariff-link\" style=\";border-radius:1%; background-color:#999; color:#fff\"><span class=\"shariff-icon\" style=\"\"><svg width=\"32px\" height=\"20px\" xmlns=\"http:\/\/www.w3.org\/2000\/svg\" viewBox=\"0 0 32 32\"><path fill=\"#999\" d=\"M32 12.7v14.2q0 1.2-0.8 2t-2 0.9h-26.3q-1.2 0-2-0.9t-0.8-2v-14.2q0.8 0.9 1.8 1.6 6.5 4.4 8.9 6.1 1 0.8 1.6 1.2t1.7 0.9 2 0.4h0.1q0.9 0 2-0.4t1.7-0.9 1.6-1.2q3-2.2 8.9-6.1 1-0.7 1.8-1.6zM32 7.4q0 1.4-0.9 2.7t-2.2 2.2q-6.7 4.7-8.4 5.8-0.2 0.1-0.7 0.5t-1 0.7-0.9 0.6-1.1 0.5-0.9 0.2h-0.1q-0.4 0-0.9-0.2t-1.1-0.5-0.9-0.6-1-0.7-0.7-0.5q-1.6-1.1-4.7-3.2t-3.6-2.6q-1.1-0.7-2.1-2t-1-2.5q0-1.4 0.7-2.3t2.1-0.9h26.3q1.2 0 2 0.8t0.9 2z\"\/><\/svg><\/span><\/a><\/li><\/ul><\/div>","protected":false},"excerpt":{"rendered":"<p>Der Klimawandel k&ouml;nnte in einigen Regionen der Erde den Waldwuchs sogar bef&ouml;rdern. Doch negative Aspekte der [&hellip;]<\/p>\n","protected":false},"author":1,"featured_media":60511,"comment_status":"closed","ping_status":"closed","sticky":false,"template":"","format":"standard","meta":{"inline_featured_image":false,"footnotes":""},"categories":[23],"tags":[],"class_list":["post-60515","post","type-post","status-publish","format-standard","has-post-thumbnail","hentry","category-umwelt"],"yoast_head":"<!-- This site is optimized with the Yoast SEO plugin v26.5 - https:\/\/yoast.com\/wordpress\/plugins\/seo\/ -->\n<title>Die Zukunft des Waldes wird karger - Sonnenseite - \u00d6kologische Kommunikation mit Franz Alt<\/title>\n<meta name=\"description\" content=\"Der Klimawandel k&ouml;nnte in einigen Regionen der Erde den Waldwuchs sogar bef&ouml;rdern. Doch negative Aspekte der globalen Erw&auml;rmung, wie\" \/>\n<meta name=\"robots\" content=\"index, follow, max-snippet:-1, max-image-preview:large, max-video-preview:-1\" \/>\n<link rel=\"canonical\" href=\"https:\/\/www.sonnenseite.com\/de\/umwelt\/die-zukunft-des-waldes-wird-karger\/\" \/>\n<meta property=\"og:locale\" content=\"de_DE\" \/>\n<meta property=\"og:type\" content=\"article\" \/>\n<meta property=\"og:title\" content=\"Die Zukunft des Waldes wird karger - Sonnenseite - \u00d6kologische Kommunikation mit Franz Alt\" \/>\n<meta property=\"og:description\" content=\"Der Klimawandel k&ouml;nnte in einigen Regionen der Erde den Waldwuchs sogar bef&ouml;rdern. Doch negative Aspekte der globalen Erw&auml;rmung, wie\" \/>\n<meta property=\"og:url\" content=\"https:\/\/www.sonnenseite.com\/de\/umwelt\/die-zukunft-des-waldes-wird-karger\/\" \/>\n<meta property=\"og:site_name\" content=\"Sonnenseite\" \/>\n<meta property=\"article:publisher\" content=\"https:\/\/www.facebook.com\/pages\/Franz-Alt-SONNENSEITECOM\/221072987903953?fref=ts\" \/>\n<meta property=\"article:published_time\" content=\"2020-06-11T22:45:00+00:00\" \/>\n<meta property=\"og:image\" content=\"https:\/\/www.sonnenseite.com\/wp-content\/uploads\/2020\/06\/Wald_PublicDomainPictures.jpg\" \/>\n\t<meta property=\"og:image:width\" content=\"770\" \/>\n\t<meta property=\"og:image:height\" content=\"420\" \/>\n\t<meta property=\"og:image:type\" content=\"image\/jpeg\" \/>\n<meta name=\"author\" content=\"sbade\" \/>\n<meta name=\"twitter:card\" content=\"summary_large_image\" \/>\n<meta name=\"twitter:creator\" content=\"@franzalt\" \/>\n<meta name=\"twitter:site\" content=\"@franzalt\" \/>\n<meta name=\"twitter:label1\" content=\"Verfasst von\" \/>\n\t<meta name=\"twitter:data1\" content=\"sbade\" \/>\n\t<meta name=\"twitter:label2\" content=\"Gesch\u00e4tzte Lesezeit\" \/>\n\t<meta name=\"twitter:data2\" content=\"4\u00a0Minuten\" \/>\n<script type=\"application\/ld+json\" class=\"yoast-schema-graph\">{\"@context\":\"https:\/\/schema.org\",\"@graph\":[{\"@type\":\"Article\",\"@id\":\"https:\/\/www.sonnenseite.com\/de\/umwelt\/die-zukunft-des-waldes-wird-karger\/#article\",\"isPartOf\":{\"@id\":\"https:\/\/www.sonnenseite.com\/de\/umwelt\/die-zukunft-des-waldes-wird-karger\/\"},\"author\":{\"name\":\"sbade\",\"@id\":\"https:\/\/www.sonnenseite.com\/de\/#\/schema\/person\/6df44691cd9a70d99e140e1116ee8771\"},\"headline\":\"Die Zukunft des Waldes wird karger\",\"datePublished\":\"2020-06-11T22:45:00+00:00\",\"mainEntityOfPage\":{\"@id\":\"https:\/\/www.sonnenseite.com\/de\/umwelt\/die-zukunft-des-waldes-wird-karger\/\"},\"wordCount\":711,\"publisher\":{\"@id\":\"https:\/\/www.sonnenseite.com\/de\/#organization\"},\"image\":{\"@id\":\"https:\/\/www.sonnenseite.com\/de\/umwelt\/die-zukunft-des-waldes-wird-karger\/#primaryimage\"},\"thumbnailUrl\":\"https:\/\/www.sonnenseite.com\/wp-content\/uploads\/2020\/06\/Wald_PublicDomainPictures.jpg\",\"articleSection\":[\"Umwelt\"],\"inLanguage\":\"de\"},{\"@type\":\"WebPage\",\"@id\":\"https:\/\/www.sonnenseite.com\/de\/umwelt\/die-zukunft-des-waldes-wird-karger\/\",\"url\":\"https:\/\/www.sonnenseite.com\/de\/umwelt\/die-zukunft-des-waldes-wird-karger\/\",\"name\":\"Die Zukunft des Waldes wird karger - Sonnenseite - \u00d6kologische Kommunikation mit Franz Alt\",\"isPartOf\":{\"@id\":\"https:\/\/www.sonnenseite.com\/de\/#website\"},\"primaryImageOfPage\":{\"@id\":\"https:\/\/www.sonnenseite.com\/de\/umwelt\/die-zukunft-des-waldes-wird-karger\/#primaryimage\"},\"image\":{\"@id\":\"https:\/\/www.sonnenseite.com\/de\/umwelt\/die-zukunft-des-waldes-wird-karger\/#primaryimage\"},\"thumbnailUrl\":\"https:\/\/www.sonnenseite.com\/wp-content\/uploads\/2020\/06\/Wald_PublicDomainPictures.jpg\",\"datePublished\":\"2020-06-11T22:45:00+00:00\",\"description\":\"Der Klimawandel k&ouml;nnte in einigen Regionen der Erde den Waldwuchs sogar bef&ouml;rdern. Doch negative Aspekte der globalen Erw&auml;rmung, wie\",\"breadcrumb\":{\"@id\":\"https:\/\/www.sonnenseite.com\/de\/umwelt\/die-zukunft-des-waldes-wird-karger\/#breadcrumb\"},\"inLanguage\":\"de\",\"potentialAction\":[{\"@type\":\"ReadAction\",\"target\":[\"https:\/\/www.sonnenseite.com\/de\/umwelt\/die-zukunft-des-waldes-wird-karger\/\"]}]},{\"@type\":\"ImageObject\",\"inLanguage\":\"de\",\"@id\":\"https:\/\/www.sonnenseite.com\/de\/umwelt\/die-zukunft-des-waldes-wird-karger\/#primaryimage\",\"url\":\"https:\/\/www.sonnenseite.com\/wp-content\/uploads\/2020\/06\/Wald_PublicDomainPictures.jpg\",\"contentUrl\":\"https:\/\/www.sonnenseite.com\/wp-content\/uploads\/2020\/06\/Wald_PublicDomainPictures.jpg\",\"width\":770,\"height\":420,\"caption\":\"pixabay.com | PublicDomainPictures | Fichten zeigen eine deutliche Reaktion auf Wassermangel im Boden. 2019 starben erstmals fl\u00e4chenhaft Best\u00e4nde ab. Dieser Trend hat sich 2020 weiter fortgesetzt. Der Borkenk\u00e4fer hat die vorgesch\u00e4digten Fichtenbest\u00e4nde besonders stark befallen.\"},{\"@type\":\"BreadcrumbList\",\"@id\":\"https:\/\/www.sonnenseite.com\/de\/umwelt\/die-zukunft-des-waldes-wird-karger\/#breadcrumb\",\"itemListElement\":[{\"@type\":\"ListItem\",\"position\":1,\"name\":\"Startseite\",\"item\":\"https:\/\/www.sonnenseite.com\/de\/\"},{\"@type\":\"ListItem\",\"position\":2,\"name\":\"Die Zukunft des Waldes wird karger\"}]},{\"@type\":\"WebSite\",\"@id\":\"https:\/\/www.sonnenseite.com\/de\/#website\",\"url\":\"https:\/\/www.sonnenseite.com\/de\/\",\"name\":\"Sonnenseite\",\"description\":\"\u00d6kologische Kommunikation mit Franz Alt\",\"publisher\":{\"@id\":\"https:\/\/www.sonnenseite.com\/de\/#organization\"},\"potentialAction\":[{\"@type\":\"SearchAction\",\"target\":{\"@type\":\"EntryPoint\",\"urlTemplate\":\"https:\/\/www.sonnenseite.com\/de\/?s={search_term_string}\"},\"query-input\":{\"@type\":\"PropertyValueSpecification\",\"valueRequired\":true,\"valueName\":\"search_term_string\"}}],\"inLanguage\":\"de\"},{\"@type\":\"Organization\",\"@id\":\"https:\/\/www.sonnenseite.com\/de\/#organization\",\"name\":\"Sonnenseite\",\"url\":\"https:\/\/www.sonnenseite.com\/de\/\",\"logo\":{\"@type\":\"ImageObject\",\"inLanguage\":\"de\",\"@id\":\"https:\/\/www.sonnenseite.com\/de\/#\/schema\/logo\/image\/\",\"url\":\"https:\/\/www.sonnenseite.com\/wp-content\/uploads\/2020\/05\/Sonnenseite_Logo.png\",\"contentUrl\":\"https:\/\/www.sonnenseite.com\/wp-content\/uploads\/2020\/05\/Sonnenseite_Logo.png\",\"width\":377,\"height\":90,\"caption\":\"Sonnenseite\"},\"image\":{\"@id\":\"https:\/\/www.sonnenseite.com\/de\/#\/schema\/logo\/image\/\"},\"sameAs\":[\"https:\/\/www.facebook.com\/pages\/Franz-Alt-SONNENSEITECOM\/221072987903953?fref=ts\",\"https:\/\/x.com\/franzalt\",\"http:\/\/www.youtube.com\/results?search_query&amp;amp;quot;franz_alt&amp;amp;quot;&amp;amp;amp;amp;search_type&amp;amp;amp;amp;aq=f\"]},{\"@type\":\"Person\",\"@id\":\"https:\/\/www.sonnenseite.com\/de\/#\/schema\/person\/6df44691cd9a70d99e140e1116ee8771\",\"name\":\"sbade\",\"sameAs\":[\"https:\/\/www.sonnenseite.com\"]}]}<\/script>\n<!-- \/ Yoast SEO plugin. -->","yoast_head_json":{"title":"Die Zukunft des Waldes wird karger - Sonnenseite - \u00d6kologische Kommunikation mit Franz Alt","description":"Der Klimawandel k&ouml;nnte in einigen Regionen der Erde den Waldwuchs sogar bef&ouml;rdern. Doch negative Aspekte der globalen Erw&auml;rmung, wie","robots":{"index":"index","follow":"follow","max-snippet":"max-snippet:-1","max-image-preview":"max-image-preview:large","max-video-preview":"max-video-preview:-1"},"canonical":"https:\/\/www.sonnenseite.com\/de\/umwelt\/die-zukunft-des-waldes-wird-karger\/","og_locale":"de_DE","og_type":"article","og_title":"Die Zukunft des Waldes wird karger - Sonnenseite - \u00d6kologische Kommunikation mit Franz Alt","og_description":"Der Klimawandel k&ouml;nnte in einigen Regionen der Erde den Waldwuchs sogar bef&ouml;rdern. Doch negative Aspekte der globalen Erw&auml;rmung, wie","og_url":"https:\/\/www.sonnenseite.com\/de\/umwelt\/die-zukunft-des-waldes-wird-karger\/","og_site_name":"Sonnenseite","article_publisher":"https:\/\/www.facebook.com\/pages\/Franz-Alt-SONNENSEITECOM\/221072987903953?fref=ts","article_published_time":"2020-06-11T22:45:00+00:00","og_image":[{"width":770,"height":420,"url":"https:\/\/www.sonnenseite.com\/wp-content\/uploads\/2020\/06\/Wald_PublicDomainPictures.jpg","type":"image\/jpeg"}],"author":"sbade","twitter_card":"summary_large_image","twitter_creator":"@franzalt","twitter_site":"@franzalt","twitter_misc":{"Verfasst von":"sbade","Gesch\u00e4tzte Lesezeit":"4\u00a0Minuten"},"schema":{"@context":"https:\/\/schema.org","@graph":[{"@type":"Article","@id":"https:\/\/www.sonnenseite.com\/de\/umwelt\/die-zukunft-des-waldes-wird-karger\/#article","isPartOf":{"@id":"https:\/\/www.sonnenseite.com\/de\/umwelt\/die-zukunft-des-waldes-wird-karger\/"},"author":{"name":"sbade","@id":"https:\/\/www.sonnenseite.com\/de\/#\/schema\/person\/6df44691cd9a70d99e140e1116ee8771"},"headline":"Die Zukunft des Waldes wird karger","datePublished":"2020-06-11T22:45:00+00:00","mainEntityOfPage":{"@id":"https:\/\/www.sonnenseite.com\/de\/umwelt\/die-zukunft-des-waldes-wird-karger\/"},"wordCount":711,"publisher":{"@id":"https:\/\/www.sonnenseite.com\/de\/#organization"},"image":{"@id":"https:\/\/www.sonnenseite.com\/de\/umwelt\/die-zukunft-des-waldes-wird-karger\/#primaryimage"},"thumbnailUrl":"https:\/\/www.sonnenseite.com\/wp-content\/uploads\/2020\/06\/Wald_PublicDomainPictures.jpg","articleSection":["Umwelt"],"inLanguage":"de"},{"@type":"WebPage","@id":"https:\/\/www.sonnenseite.com\/de\/umwelt\/die-zukunft-des-waldes-wird-karger\/","url":"https:\/\/www.sonnenseite.com\/de\/umwelt\/die-zukunft-des-waldes-wird-karger\/","name":"Die Zukunft des Waldes wird karger - Sonnenseite - \u00d6kologische Kommunikation mit Franz Alt","isPartOf":{"@id":"https:\/\/www.sonnenseite.com\/de\/#website"},"primaryImageOfPage":{"@id":"https:\/\/www.sonnenseite.com\/de\/umwelt\/die-zukunft-des-waldes-wird-karger\/#primaryimage"},"image":{"@id":"https:\/\/www.sonnenseite.com\/de\/umwelt\/die-zukunft-des-waldes-wird-karger\/#primaryimage"},"thumbnailUrl":"https:\/\/www.sonnenseite.com\/wp-content\/uploads\/2020\/06\/Wald_PublicDomainPictures.jpg","datePublished":"2020-06-11T22:45:00+00:00","description":"Der Klimawandel k&ouml;nnte in einigen Regionen der Erde den Waldwuchs sogar bef&ouml;rdern. Doch negative Aspekte der globalen Erw&auml;rmung, wie","breadcrumb":{"@id":"https:\/\/www.sonnenseite.com\/de\/umwelt\/die-zukunft-des-waldes-wird-karger\/#breadcrumb"},"inLanguage":"de","potentialAction":[{"@type":"ReadAction","target":["https:\/\/www.sonnenseite.com\/de\/umwelt\/die-zukunft-des-waldes-wird-karger\/"]}]},{"@type":"ImageObject","inLanguage":"de","@id":"https:\/\/www.sonnenseite.com\/de\/umwelt\/die-zukunft-des-waldes-wird-karger\/#primaryimage","url":"https:\/\/www.sonnenseite.com\/wp-content\/uploads\/2020\/06\/Wald_PublicDomainPictures.jpg","contentUrl":"https:\/\/www.sonnenseite.com\/wp-content\/uploads\/2020\/06\/Wald_PublicDomainPictures.jpg","width":770,"height":420,"caption":"pixabay.com | PublicDomainPictures | Fichten zeigen eine deutliche Reaktion auf Wassermangel im Boden. 2019 starben erstmals fl\u00e4chenhaft Best\u00e4nde ab. Dieser Trend hat sich 2020 weiter fortgesetzt. Der Borkenk\u00e4fer hat die vorgesch\u00e4digten Fichtenbest\u00e4nde besonders stark befallen."},{"@type":"BreadcrumbList","@id":"https:\/\/www.sonnenseite.com\/de\/umwelt\/die-zukunft-des-waldes-wird-karger\/#breadcrumb","itemListElement":[{"@type":"ListItem","position":1,"name":"Startseite","item":"https:\/\/www.sonnenseite.com\/de\/"},{"@type":"ListItem","position":2,"name":"Die Zukunft des Waldes wird karger"}]},{"@type":"WebSite","@id":"https:\/\/www.sonnenseite.com\/de\/#website","url":"https:\/\/www.sonnenseite.com\/de\/","name":"Sonnenseite","description":"\u00d6kologische Kommunikation mit Franz Alt","publisher":{"@id":"https:\/\/www.sonnenseite.com\/de\/#organization"},"potentialAction":[{"@type":"SearchAction","target":{"@type":"EntryPoint","urlTemplate":"https:\/\/www.sonnenseite.com\/de\/?s={search_term_string}"},"query-input":{"@type":"PropertyValueSpecification","valueRequired":true,"valueName":"search_term_string"}}],"inLanguage":"de"},{"@type":"Organization","@id":"https:\/\/www.sonnenseite.com\/de\/#organization","name":"Sonnenseite","url":"https:\/\/www.sonnenseite.com\/de\/","logo":{"@type":"ImageObject","inLanguage":"de","@id":"https:\/\/www.sonnenseite.com\/de\/#\/schema\/logo\/image\/","url":"https:\/\/www.sonnenseite.com\/wp-content\/uploads\/2020\/05\/Sonnenseite_Logo.png","contentUrl":"https:\/\/www.sonnenseite.com\/wp-content\/uploads\/2020\/05\/Sonnenseite_Logo.png","width":377,"height":90,"caption":"Sonnenseite"},"image":{"@id":"https:\/\/www.sonnenseite.com\/de\/#\/schema\/logo\/image\/"},"sameAs":["https:\/\/www.facebook.com\/pages\/Franz-Alt-SONNENSEITECOM\/221072987903953?fref=ts","https:\/\/x.com\/franzalt","http:\/\/www.youtube.com\/results?search_query&amp;amp;quot;franz_alt&amp;amp;quot;&amp;amp;amp;amp;search_type&amp;amp;amp;amp;aq=f"]},{"@type":"Person","@id":"https:\/\/www.sonnenseite.com\/de\/#\/schema\/person\/6df44691cd9a70d99e140e1116ee8771","name":"sbade","sameAs":["https:\/\/www.sonnenseite.com"]}]}},"_links":{"self":[{"href":"https:\/\/www.sonnenseite.com\/de\/wp-json\/wp\/v2\/posts\/60515","targetHints":{"allow":["GET"]}}],"collection":[{"href":"https:\/\/www.sonnenseite.com\/de\/wp-json\/wp\/v2\/posts"}],"about":[{"href":"https:\/\/www.sonnenseite.com\/de\/wp-json\/wp\/v2\/types\/post"}],"author":[{"embeddable":true,"href":"https:\/\/www.sonnenseite.com\/de\/wp-json\/wp\/v2\/users\/1"}],"replies":[{"embeddable":true,"href":"https:\/\/www.sonnenseite.com\/de\/wp-json\/wp\/v2\/comments?post=60515"}],"version-history":[{"count":0,"href":"https:\/\/www.sonnenseite.com\/de\/wp-json\/wp\/v2\/posts\/60515\/revisions"}],"wp:featuredmedia":[{"embeddable":true,"href":"https:\/\/www.sonnenseite.com\/de\/wp-json\/wp\/v2\/media\/60511"}],"wp:attachment":[{"href":"https:\/\/www.sonnenseite.com\/de\/wp-json\/wp\/v2\/media?parent=60515"}],"wp:term":[{"taxonomy":"category","embeddable":true,"href":"https:\/\/www.sonnenseite.com\/de\/wp-json\/wp\/v2\/categories?post=60515"},{"taxonomy":"post_tag","embeddable":true,"href":"https:\/\/www.sonnenseite.com\/de\/wp-json\/wp\/v2\/tags?post=60515"}],"curies":[{"name":"wp","href":"https:\/\/api.w.org\/{rel}","templated":true}]}}