{"id":61087,"date":"2020-07-31T00:46:00","date_gmt":"2020-07-30T22:46:00","guid":{"rendered":"https:\/\/www.sonnenseite.com\/?p=61087"},"modified":"2020-07-31T07:15:33","modified_gmt":"2020-07-31T05:15:33","slug":"landwirtschaft-und-klimawandel-belasten-bodentiere","status":"publish","type":"post","link":"https:\/\/www.sonnenseite.com\/de\/wissenschaft\/landwirtschaft-und-klimawandel-belasten-bodentiere\/","title":{"rendered":"Landwirtschaft und Klimawandel belasten Bodentiere"},"content":{"rendered":"\n<p>Durch den Klimawandel werden Bodentiere kleiner, durch eine intensive Landnutzung weniger<\/p>\n\n\n\n<p>Das Leben im Erdreich hat heutzutage gleich mit mehreren Problemen zu k\u00e4mpfen. Die Biomasse der kleinen Tiere, die dort Pflanzen zersetzen und damit die Fruchtbarkeit des Bodens erhalten, nimmt sowohl durch den Klimawandel als auch durch eine zu intensive Bewirtschaftung ab. Zu ihrer \u00dcberraschung haben Wissenschaftler des Helmholtz-Zentrums f\u00fcr Umweltforschung (UFZ) und des Deutschen Zentrums f\u00fcr integrative Biodiversit\u00e4tsforschung (iDiv) Halle-Jena-Leipzig allerdings festgestellt, dass dieser Effekt auf zwei unterschiedlichen Wegen zustande kommt: W\u00e4hrend das ver\u00e4nderte Klima die K\u00f6rpergr\u00f6\u00dfe der Organismen reduziert, verringert die Bewirtschaftung ihre H\u00e4ufigkeit. Selbst mit Biolandwirtschaft lassen sich demnach nicht alle negativen Folgen des Klimawandels abpuffern, warnen die Forscher im Fachjournal eLIFE.&nbsp;<\/p>\n\n\n\n<p>Weitgehend unbeachtet und im Verborgenen arbeitet unter unseren F\u00fc\u00dfen ein Heer von winzigen Dienstleistern. Unz\u00e4hlige kleine Insekten, Spinnentiere und andere Bodenbewohner sind unerm\u00fcdlich damit besch\u00e4ftigt, abgestorbene Pflanzen und anderes organisches Material zu zersetzen und die darin enthaltenen N\u00e4hrstoffe zu recyceln. Schon lange aber bef\u00fcrchten Fachleute, dass diese f\u00fcr die Bodenfruchtbarkeit und die Funktionsf\u00e4higkeit der \u00d6kosysteme so wichtigen Organismen zunehmend unter Stress geraten.&nbsp;<\/p>\n\n\n\n<p>Denn zum einen sind sie mit den Folgen des Klimawandels konfrontiert, der ihnen hohe Temperaturen und ungewohnte Niederschlagsverh\u00e4ltnisse mit h\u00e4ufigeren D\u00fcrren beschert. Zum anderen leiden sie auch unter einer zu intensiven Landnutzung. Wenn beispielsweise eine Wiese in einen Acker umgewandelt wird, finden die Bodentierchen dort weniger Lebensr\u00e4ume und Nahrungsquellen. Und auch intensives Pfl\u00fcgen, M\u00e4hen oder Beweiden sowie der Einsatz von Pestiziden und gro\u00dfen Mengen D\u00fcnger wirken sich negativ aus. Was aber passiert, wenn das Bodenleben gleichzeitig mit beiden Herausforderungen konfrontiert ist? &#8222;Dar\u00fcber wusste man bisher so gut wie nichts&#8220;, sagt Dr. Martin Sch\u00e4dler vom UFZ. Er und seine Kollegen von UFZ und iDiv aber haben sehr gute M\u00f6glichkeiten, solchen komplexen Fragen nachzugehen. Denn der \u00d6kologe koordiniert die Freiland-Versuchsanlage &#8222;Global Change Experimental Facility&#8220; (GCEF) in Bad Lauchst\u00e4dt bei Halle. Dort k\u00f6nnen die Forscher auf unterschiedlich intensiv genutzten Acker- und Gr\u00fcnland-Parzellen das Klima der Zukunft simulieren. In gro\u00dfen Stahlkonstruktionen, die an Gew\u00e4chsh\u00e4user ohne Dach und W\u00e4nde erinnern, schaffen sie dazu ein Szenario, wie es in den Jahren 2070 bis 2100 f\u00fcr die Region typisch sein k\u00f6nnte: Es ist etwa 0,6 Grad w\u00e4rmer als heute, im Fr\u00fchjahr und Herbst fallen je zehn Prozent mehr Niederschlag und die Sommer sind etwa 20 Prozent trockener. Ein Team um Martin Sch\u00e4dler und den Doktoranden Rui Yin hat nun untersucht, wie sich diese Verh\u00e4ltnisse auf Milben und die zu den Insekten geh\u00f6renden Springschw\u00e4nze auswirken. Beide Gruppen haben viele Zersetzer in ihren Reihen, die f\u00fcr die N\u00e4hrstoffkreisl\u00e4ufe im Boden eine wichtige Rolle spielen.&nbsp;<\/p>\n\n\n\n<p>Die Ergebnisse zeigen, dass diese Bodentiere durch den Klimawandel noch weiter schrumpfen d\u00fcrften. &#8222;Vermutlich werden sich nicht nur kleinere Arten durchsetzen, sondern auch kleinere Individuen innerhalb derselben Art&#8220;, sagt Martin Sch\u00e4dler. Jedenfalls waren die untersuchten Exemplare auf den Fl\u00e4chen mit h\u00f6heren Temperaturen und ver\u00e4nderten Niederschl\u00e4gen im Durchschnitt um etwa zehn Prozent kleiner als auf den Vergleichsfl\u00e4chen mit heutigem Klima. Solche Zusammenh\u00e4nge zwischen K\u00f6rpergr\u00f6\u00dfe und Klima kennen Biologen bisher vor allem bei gr\u00f6\u00dferen Tieren. So sind zum Beispiel die B\u00e4renarten in den warmen Regionen der Erde deutlich kleiner als der Eisb\u00e4r in der Arktis. Das liegt daran, dass ein kleiner K\u00f6rper eine vergleichsweise gro\u00dfe Oberfl\u00e4che hat, \u00fcber die er W\u00e4rme abgeben kann &#8211; was in den Tropen ein Vorteil ist, in den Polarregionen aber leicht zum Ausk\u00fchlen f\u00fchrt. Bei wechselwarmen Tieren wie Insekten kurbeln hohe Temperaturen zudem den Stoffwechsel und die Entwicklungsgeschwindigkeit an. &#8222;Dadurch entstehen schneller neue Generationen, die dann aber kleiner bleiben&#8220;, erkl\u00e4rt Martin Sch\u00e4dler. Legt man die Milben und Springschw\u00e4nze aus den Parzellen mit ver\u00e4ndertem Klima auf die Waage, kommt man daher auf weniger Gesamtgewicht als bei den unbeeinflussten Fl\u00e4chen. Das aber ist keine gute Nachricht. Denn von dieser Biomasse h\u00e4ngt auch die Zersetzungsleistung der Tierchen ab. Weniger Gesamtgewicht bedeutet also auch ein gebremstes N\u00e4hrstoffrecycling. Einen ganz \u00e4hnlichen Effekt kann dem Experiment zufolge auch eine zu intensive Landnutzung ausl\u00f6sen. Denn auch dadurch geht die Biomasse im Boden zur\u00fcck. &#8222;Interessanterweise steckt dahinter aber ein anderer Vorgang&#8220;, fasst Martin Sch\u00e4dler das wichtigste Ergebnis der Studie zusammen. &#8222;Anders als das Klima verringert die Nutzung nicht die Gr\u00f6\u00dfe der Tiere, sondern ihre Dichte.&#8220; So lebten auf den GCEF-Fl\u00e4chen mit konventioneller Landwirtschaft rund 47 Prozent weniger Milben und Springschw\u00e4nze als auf der extensiv genutzten Wiese.&nbsp;<\/p>\n\n\n\n<p>&#8222;Das Spannende und Ern\u00fcchternde daran ist, dass sich die Effekte von Klima und Nutzung kaum gegenseitig beeinflussen&#8220;, sagt der \u00d6kologe. Bisher hatten viele Experten n\u00e4mlich gehofft, dass eine naturvertr\u00e4gliche Landwirtschaft eine Art Versicherung gegen die negativen Folgen des Klimawandels bieten k\u00f6nnte. Schlie\u00dflich f\u00fchrt Biolandbau in der Regel zu einer vielf\u00e4ltigeren Lebensgemeinschaft auf \u00c4ckern und Gr\u00fcnland. Das aber mache solche \u00d6kosysteme weniger anf\u00e4llig f\u00fcr klimatische St\u00f6rungen als konventionell genutzte Fl\u00e4chen, so die \u00dcberlegung.&nbsp;<\/p>\n\n\n\n<p>Wenn es darum geht, die Leistungsf\u00e4higkeit der Bodentiere zu erhalten, scheint diese Strategie allerdings nicht aufzugehen: Die ver\u00e4nderten Temperaturen und Niederschl\u00e4ge reduzieren deren Biomasse unabh\u00e4ngig von der Bewirtschaftung. &#8222;Nicht alles, was durch die Erw\u00e4rmung kaputtzugehen droht, l\u00e4sst sich also durch eine umweltvertr\u00e4gliche Landnutzung retten&#8220;, res\u00fcmiert Martin Sch\u00e4dler. Um die Folgen des Klimawandels abzumildern, m\u00fcsse man daher direkt bei den Treibhausgasen ansetzen &#8211; und zwar so schnell wie m\u00f6glich. &#8222;Wir k\u00f6nnen uns nicht darauf verlassen, dass uns schon noch etwas anderes einfallen wird.&#8220;<\/p>\n\n\n\n<ul class=\"wp-block-list\"><li><a href=\"http:\/\/dx.doi.org\/10.7554\/eLife.54749\">Rui Yin, Julia Siebert, Nico Eisenhauer, Martin Sch\u00e4dler: &#8222;Climate change and intensive land use reduce soil animal biomass via dissimilar pathways&#8220; &#8211;  eLife <\/a><\/li><\/ul>\n\n\n<h5 class=\"green\">Quelle<\/h5>\r\n\n\n\n<p><a href=\"https:\/\/www.ufz.de\/index.php?de=36336&amp;webc_pm=39\/2020\">Helmholtz-Zentrum f\u00fcr Umweltforschung GmbH &#8211; UFZ 2020<\/a><\/p>\n<div class=\"shariff shariff-align-flex-start shariff-widget-align-flex-start\"><div class=\"ShariffHeadline\">Diese Meldung teilen<\/div><ul class=\"shariff-buttons theme-round orientation-horizontal buttonsize-medium\"><li class=\"shariff-button facebook shariff-nocustomcolor\" style=\"background-color:#4273c8;border-radius:1%\"><a href=\"https:\/\/www.facebook.com\/sharer\/sharer.php?u=https%3A%2F%2Fwww.sonnenseite.com%2Fde%2Fwissenschaft%2Flandwirtschaft-und-klimawandel-belasten-bodentiere%2F\" title=\"Bei Facebook teilen\" aria-label=\"Bei Facebook teilen\" role=\"button\" rel=\"nofollow\" class=\"shariff-link\" style=\";border-radius:1%; background-color:#3b5998; color:#fff\" target=\"_blank\"><span class=\"shariff-icon\" style=\"\"><svg width=\"32px\" height=\"20px\" xmlns=\"http:\/\/www.w3.org\/2000\/svg\" viewBox=\"0 0 18 32\"><path fill=\"#3b5998\" d=\"M17.1 0.2v4.7h-2.8q-1.5 0-2.1 0.6t-0.5 1.9v3.4h5.2l-0.7 5.3h-4.5v13.6h-5.5v-13.6h-4.5v-5.3h4.5v-3.9q0-3.3 1.9-5.2t5-1.8q2.6 0 4.1 0.2z\"\/><\/svg><\/span><\/a><\/li><li class=\"shariff-button twitter shariff-nocustomcolor\" style=\"background-color:#595959;border-radius:1%\"><a href=\"https:\/\/twitter.com\/share?url=https%3A%2F%2Fwww.sonnenseite.com%2Fde%2Fwissenschaft%2Flandwirtschaft-und-klimawandel-belasten-bodentiere%2F&text=Landwirtschaft%20und%20Klimawandel%20belasten%20Bodentiere\" title=\"Bei X teilen\" aria-label=\"Bei X teilen\" role=\"button\" rel=\"noopener nofollow\" class=\"shariff-link\" style=\";border-radius:1%; background-color:#000; color:#fff\" target=\"_blank\"><span class=\"shariff-icon\" style=\"\"><svg width=\"32px\" height=\"20px\" xmlns=\"http:\/\/www.w3.org\/2000\/svg\" viewBox=\"0 0 24 24\"><path fill=\"#000\" d=\"M14.258 10.152L23.176 0h-2.113l-7.747 8.813L7.133 0H0l9.352 13.328L0 23.973h2.113l8.176-9.309 6.531 9.309h7.133zm-2.895 3.293l-.949-1.328L2.875 1.56h3.246l6.086 8.523.945 1.328 7.91 11.078h-3.246zm0 0\"\/><\/svg><\/span><\/a><\/li><li class=\"shariff-button xing shariff-nocustomcolor\" style=\"background-color:#29888a;border-radius:1%\"><a href=\"https:\/\/www.xing.com\/spi\/shares\/new?url=https%3A%2F%2Fwww.sonnenseite.com%2Fde%2Fwissenschaft%2Flandwirtschaft-und-klimawandel-belasten-bodentiere%2F\" title=\"Bei XING teilen\" aria-label=\"Bei XING teilen\" role=\"button\" rel=\"noopener nofollow\" class=\"shariff-link\" style=\";border-radius:1%; background-color:#126567; color:#fff\" target=\"_blank\"><span class=\"shariff-icon\" style=\"\"><svg width=\"32px\" height=\"20px\" xmlns=\"http:\/\/www.w3.org\/2000\/svg\" viewBox=\"0 0 25 32\"><path fill=\"#126567\" d=\"M10.7 11.9q-0.2 0.3-4.6 8.2-0.5 0.8-1.2 0.8h-4.3q-0.4 0-0.5-0.3t0-0.6l4.5-8q0 0 0 0l-2.9-5q-0.2-0.4 0-0.7 0.2-0.3 0.5-0.3h4.3q0.7 0 1.2 0.8zM25.1 0.4q0.2 0.3 0 0.7l-9.4 16.7 6 11q0.2 0.4 0 0.6-0.2 0.3-0.6 0.3h-4.3q-0.7 0-1.2-0.8l-6-11.1q0.3-0.6 9.5-16.8 0.4-0.8 1.2-0.8h4.3q0.4 0 0.5 0.3z\"\/><\/svg><\/span><\/a><\/li><li class=\"shariff-button linkedin shariff-nocustomcolor\" style=\"background-color:#1488bf;border-radius:1%\"><a href=\"https:\/\/www.linkedin.com\/sharing\/share-offsite\/?url=https%3A%2F%2Fwww.sonnenseite.com%2Fde%2Fwissenschaft%2Flandwirtschaft-und-klimawandel-belasten-bodentiere%2F\" title=\"Bei LinkedIn teilen\" aria-label=\"Bei LinkedIn teilen\" role=\"button\" rel=\"noopener nofollow\" class=\"shariff-link\" style=\";border-radius:1%; background-color:#0077b5; color:#fff\" target=\"_blank\"><span class=\"shariff-icon\" style=\"\"><svg width=\"32px\" height=\"20px\" xmlns=\"http:\/\/www.w3.org\/2000\/svg\" viewBox=\"0 0 27 32\"><path fill=\"#0077b5\" d=\"M6.2 11.2v17.7h-5.9v-17.7h5.9zM6.6 5.7q0 1.3-0.9 2.2t-2.4 0.9h0q-1.5 0-2.4-0.9t-0.9-2.2 0.9-2.2 2.4-0.9 2.4 0.9 0.9 2.2zM27.4 18.7v10.1h-5.9v-9.5q0-1.9-0.7-2.9t-2.3-1.1q-1.1 0-1.9 0.6t-1.2 1.5q-0.2 0.5-0.2 1.4v9.9h-5.9q0-7.1 0-11.6t0-5.3l0-0.9h5.9v2.6h0q0.4-0.6 0.7-1t1-0.9 1.6-0.8 2-0.3q3 0 4.9 2t1.9 6z\"\/><\/svg><\/span><\/a><\/li><li class=\"shariff-button printer shariff-nocustomcolor\" style=\"background-color:#a8a8a8;border-radius:1%\"><a href=\"javascript:window.print()\" title=\"drucken\" aria-label=\"drucken\" role=\"button\" rel=\"noopener nofollow\" class=\"shariff-link\" style=\";border-radius:1%; background-color:#999; color:#fff\"><span class=\"shariff-icon\" style=\"\"><svg width=\"32px\" height=\"20px\" xmlns=\"http:\/\/www.w3.org\/2000\/svg\" viewBox=\"0 0 30 32\"><path fill=\"#999\" d=\"M6.8 27.4h16v-4.6h-16v4.6zM6.8 16h16v-6.8h-2.8q-0.7 0-1.2-0.5t-0.5-1.2v-2.8h-11.4v11.4zM27.4 17.2q0-0.5-0.3-0.8t-0.8-0.4-0.8 0.4-0.3 0.8 0.3 0.8 0.8 0.3 0.8-0.3 0.3-0.8zM29.7 17.2v7.4q0 0.2-0.2 0.4t-0.4 0.2h-4v2.8q0 0.7-0.5 1.2t-1.2 0.5h-17.2q-0.7 0-1.2-0.5t-0.5-1.2v-2.8h-4q-0.2 0-0.4-0.2t-0.2-0.4v-7.4q0-1.4 1-2.4t2.4-1h1.2v-9.7q0-0.7 0.5-1.2t1.2-0.5h12q0.7 0 1.6 0.4t1.3 0.8l2.7 2.7q0.5 0.5 0.9 1.4t0.4 1.6v4.6h1.1q1.4 0 2.4 1t1 2.4z\"\/><\/svg><\/span><\/a><\/li><li class=\"shariff-button mailto shariff-nocustomcolor\" style=\"background-color:#a8a8a8;border-radius:1%\"><a href=\"mailto:?body=https%3A%2F%2Fwww.sonnenseite.com%2Fde%2Fwissenschaft%2Flandwirtschaft-und-klimawandel-belasten-bodentiere%2F&subject=Landwirtschaft%20und%20Klimawandel%20belasten%20Bodentiere\" title=\"Per E-Mail versenden\" aria-label=\"Per E-Mail versenden\" role=\"button\" rel=\"noopener nofollow\" class=\"shariff-link\" style=\";border-radius:1%; background-color:#999; color:#fff\"><span class=\"shariff-icon\" style=\"\"><svg width=\"32px\" height=\"20px\" xmlns=\"http:\/\/www.w3.org\/2000\/svg\" viewBox=\"0 0 32 32\"><path fill=\"#999\" d=\"M32 12.7v14.2q0 1.2-0.8 2t-2 0.9h-26.3q-1.2 0-2-0.9t-0.8-2v-14.2q0.8 0.9 1.8 1.6 6.5 4.4 8.9 6.1 1 0.8 1.6 1.2t1.7 0.9 2 0.4h0.1q0.9 0 2-0.4t1.7-0.9 1.6-1.2q3-2.2 8.9-6.1 1-0.7 1.8-1.6zM32 7.4q0 1.4-0.9 2.7t-2.2 2.2q-6.7 4.7-8.4 5.8-0.2 0.1-0.7 0.5t-1 0.7-0.9 0.6-1.1 0.5-0.9 0.2h-0.1q-0.4 0-0.9-0.2t-1.1-0.5-0.9-0.6-1-0.7-0.7-0.5q-1.6-1.1-4.7-3.2t-3.6-2.6q-1.1-0.7-2.1-2t-1-2.5q0-1.4 0.7-2.3t2.1-0.9h26.3q1.2 0 2 0.8t0.9 2z\"\/><\/svg><\/span><\/a><\/li><\/ul><\/div>","protected":false},"excerpt":{"rendered":"<p>Durch den Klimawandel werden Bodentiere kleiner, durch eine intensive Landnutzung weniger Das Leben im Erdreich hat [&hellip;]<\/p>\n","protected":false},"author":3,"featured_media":61089,"comment_status":"closed","ping_status":"closed","sticky":false,"template":"","format":"standard","meta":{"inline_featured_image":false,"footnotes":""},"categories":[26],"tags":[],"class_list":["post-61087","post","type-post","status-publish","format-standard","has-post-thumbnail","hentry","category-wissenschaft"],"yoast_head":"<!-- This site is optimized with the Yoast SEO plugin v26.5 - https:\/\/yoast.com\/wordpress\/plugins\/seo\/ -->\n<title>Landwirtschaft und Klimawandel belasten Bodentiere - Sonnenseite - \u00d6kologische Kommunikation mit Franz Alt<\/title>\n<meta name=\"description\" content=\"Durch den Klimawandel werden Bodentiere kleiner, durch eine intensive Landnutzung weniger Das Leben im Erdreich hat heutzutage gleich mit mehreren\" \/>\n<meta name=\"robots\" content=\"index, follow, max-snippet:-1, max-image-preview:large, max-video-preview:-1\" \/>\n<link rel=\"canonical\" href=\"https:\/\/www.sonnenseite.com\/de\/wissenschaft\/landwirtschaft-und-klimawandel-belasten-bodentiere\/\" \/>\n<meta property=\"og:locale\" content=\"de_DE\" \/>\n<meta property=\"og:type\" content=\"article\" \/>\n<meta property=\"og:title\" content=\"Landwirtschaft und Klimawandel belasten Bodentiere - Sonnenseite - \u00d6kologische Kommunikation mit Franz Alt\" \/>\n<meta property=\"og:description\" content=\"Durch den Klimawandel werden Bodentiere kleiner, durch eine intensive Landnutzung weniger Das Leben im Erdreich hat heutzutage gleich mit mehreren\" \/>\n<meta property=\"og:url\" content=\"https:\/\/www.sonnenseite.com\/de\/wissenschaft\/landwirtschaft-und-klimawandel-belasten-bodentiere\/\" \/>\n<meta property=\"og:site_name\" content=\"Sonnenseite\" \/>\n<meta property=\"article:publisher\" content=\"https:\/\/www.facebook.com\/pages\/Franz-Alt-SONNENSEITECOM\/221072987903953?fref=ts\" \/>\n<meta property=\"article:published_time\" content=\"2020-07-30T22:46:00+00:00\" \/>\n<meta property=\"article:modified_time\" content=\"2020-07-31T05:15:33+00:00\" \/>\n<meta property=\"og:image\" content=\"https:\/\/www.sonnenseite.com\/wp-content\/uploads\/2020\/07\/UFZ_Bodentiere.jpg\" \/>\n\t<meta property=\"og:image:width\" content=\"770\" \/>\n\t<meta property=\"og:image:height\" content=\"420\" \/>\n\t<meta property=\"og:image:type\" content=\"image\/jpeg\" \/>\n<meta name=\"author\" content=\"Bigi Alt\" \/>\n<meta name=\"twitter:card\" content=\"summary_large_image\" \/>\n<meta name=\"twitter:creator\" content=\"@franzalt\" \/>\n<meta name=\"twitter:site\" content=\"@franzalt\" \/>\n<meta name=\"twitter:label1\" content=\"Verfasst von\" \/>\n\t<meta name=\"twitter:data1\" content=\"Bigi Alt\" \/>\n\t<meta name=\"twitter:label2\" content=\"Gesch\u00e4tzte Lesezeit\" \/>\n\t<meta name=\"twitter:data2\" content=\"5\u00a0Minuten\" \/>\n<script type=\"application\/ld+json\" class=\"yoast-schema-graph\">{\"@context\":\"https:\/\/schema.org\",\"@graph\":[{\"@type\":\"Article\",\"@id\":\"https:\/\/www.sonnenseite.com\/de\/wissenschaft\/landwirtschaft-und-klimawandel-belasten-bodentiere\/#article\",\"isPartOf\":{\"@id\":\"https:\/\/www.sonnenseite.com\/de\/wissenschaft\/landwirtschaft-und-klimawandel-belasten-bodentiere\/\"},\"author\":{\"name\":\"Bigi Alt\",\"@id\":\"https:\/\/www.sonnenseite.com\/de\/#\/schema\/person\/50fda0e926597684c7cc6695238a4eb9\"},\"headline\":\"Landwirtschaft und Klimawandel belasten Bodentiere\",\"datePublished\":\"2020-07-30T22:46:00+00:00\",\"dateModified\":\"2020-07-31T05:15:33+00:00\",\"mainEntityOfPage\":{\"@id\":\"https:\/\/www.sonnenseite.com\/de\/wissenschaft\/landwirtschaft-und-klimawandel-belasten-bodentiere\/\"},\"wordCount\":995,\"publisher\":{\"@id\":\"https:\/\/www.sonnenseite.com\/de\/#organization\"},\"image\":{\"@id\":\"https:\/\/www.sonnenseite.com\/de\/wissenschaft\/landwirtschaft-und-klimawandel-belasten-bodentiere\/#primaryimage\"},\"thumbnailUrl\":\"https:\/\/www.sonnenseite.com\/wp-content\/uploads\/2020\/07\/UFZ_Bodentiere.jpg\",\"articleSection\":[\"Wissenschaft\"],\"inLanguage\":\"de\"},{\"@type\":\"WebPage\",\"@id\":\"https:\/\/www.sonnenseite.com\/de\/wissenschaft\/landwirtschaft-und-klimawandel-belasten-bodentiere\/\",\"url\":\"https:\/\/www.sonnenseite.com\/de\/wissenschaft\/landwirtschaft-und-klimawandel-belasten-bodentiere\/\",\"name\":\"Landwirtschaft und Klimawandel belasten Bodentiere - Sonnenseite - \u00d6kologische Kommunikation mit Franz Alt\",\"isPartOf\":{\"@id\":\"https:\/\/www.sonnenseite.com\/de\/#website\"},\"primaryImageOfPage\":{\"@id\":\"https:\/\/www.sonnenseite.com\/de\/wissenschaft\/landwirtschaft-und-klimawandel-belasten-bodentiere\/#primaryimage\"},\"image\":{\"@id\":\"https:\/\/www.sonnenseite.com\/de\/wissenschaft\/landwirtschaft-und-klimawandel-belasten-bodentiere\/#primaryimage\"},\"thumbnailUrl\":\"https:\/\/www.sonnenseite.com\/wp-content\/uploads\/2020\/07\/UFZ_Bodentiere.jpg\",\"datePublished\":\"2020-07-30T22:46:00+00:00\",\"dateModified\":\"2020-07-31T05:15:33+00:00\",\"description\":\"Durch den Klimawandel werden Bodentiere kleiner, durch eine intensive Landnutzung weniger Das Leben im Erdreich hat heutzutage gleich mit mehreren\",\"breadcrumb\":{\"@id\":\"https:\/\/www.sonnenseite.com\/de\/wissenschaft\/landwirtschaft-und-klimawandel-belasten-bodentiere\/#breadcrumb\"},\"inLanguage\":\"de\",\"potentialAction\":[{\"@type\":\"ReadAction\",\"target\":[\"https:\/\/www.sonnenseite.com\/de\/wissenschaft\/landwirtschaft-und-klimawandel-belasten-bodentiere\/\"]}]},{\"@type\":\"ImageObject\",\"inLanguage\":\"de\",\"@id\":\"https:\/\/www.sonnenseite.com\/de\/wissenschaft\/landwirtschaft-und-klimawandel-belasten-bodentiere\/#primaryimage\",\"url\":\"https:\/\/www.sonnenseite.com\/wp-content\/uploads\/2020\/07\/UFZ_Bodentiere.jpg\",\"contentUrl\":\"https:\/\/www.sonnenseite.com\/wp-content\/uploads\/2020\/07\/UFZ_Bodentiere.jpg\",\"width\":770,\"height\":420,\"caption\":\"UFZ | Lisa Vogel | Klimawandel und Landnutzung reduzieren die Biomasse der Bodentiere \u00fcber unterschiedliche Pfade: Das ver\u00e4nderte Klima reduziert die K\u00f6rpergr\u00f6\u00dfe und die Bewirtschaftung die H\u00e4ufigkeit.\"},{\"@type\":\"BreadcrumbList\",\"@id\":\"https:\/\/www.sonnenseite.com\/de\/wissenschaft\/landwirtschaft-und-klimawandel-belasten-bodentiere\/#breadcrumb\",\"itemListElement\":[{\"@type\":\"ListItem\",\"position\":1,\"name\":\"Startseite\",\"item\":\"https:\/\/www.sonnenseite.com\/de\/\"},{\"@type\":\"ListItem\",\"position\":2,\"name\":\"Landwirtschaft und Klimawandel belasten Bodentiere\"}]},{\"@type\":\"WebSite\",\"@id\":\"https:\/\/www.sonnenseite.com\/de\/#website\",\"url\":\"https:\/\/www.sonnenseite.com\/de\/\",\"name\":\"Sonnenseite\",\"description\":\"\u00d6kologische Kommunikation mit Franz Alt\",\"publisher\":{\"@id\":\"https:\/\/www.sonnenseite.com\/de\/#organization\"},\"potentialAction\":[{\"@type\":\"SearchAction\",\"target\":{\"@type\":\"EntryPoint\",\"urlTemplate\":\"https:\/\/www.sonnenseite.com\/de\/?s={search_term_string}\"},\"query-input\":{\"@type\":\"PropertyValueSpecification\",\"valueRequired\":true,\"valueName\":\"search_term_string\"}}],\"inLanguage\":\"de\"},{\"@type\":\"Organization\",\"@id\":\"https:\/\/www.sonnenseite.com\/de\/#organization\",\"name\":\"Sonnenseite\",\"url\":\"https:\/\/www.sonnenseite.com\/de\/\",\"logo\":{\"@type\":\"ImageObject\",\"inLanguage\":\"de\",\"@id\":\"https:\/\/www.sonnenseite.com\/de\/#\/schema\/logo\/image\/\",\"url\":\"https:\/\/www.sonnenseite.com\/wp-content\/uploads\/2020\/05\/Sonnenseite_Logo.png\",\"contentUrl\":\"https:\/\/www.sonnenseite.com\/wp-content\/uploads\/2020\/05\/Sonnenseite_Logo.png\",\"width\":377,\"height\":90,\"caption\":\"Sonnenseite\"},\"image\":{\"@id\":\"https:\/\/www.sonnenseite.com\/de\/#\/schema\/logo\/image\/\"},\"sameAs\":[\"https:\/\/www.facebook.com\/pages\/Franz-Alt-SONNENSEITECOM\/221072987903953?fref=ts\",\"https:\/\/x.com\/franzalt\",\"http:\/\/www.youtube.com\/results?search_query&amp;amp;quot;franz_alt&amp;amp;quot;&amp;amp;amp;amp;search_type&amp;amp;amp;amp;aq=f\"]},{\"@type\":\"Person\",\"@id\":\"https:\/\/www.sonnenseite.com\/de\/#\/schema\/person\/50fda0e926597684c7cc6695238a4eb9\",\"name\":\"Bigi Alt\"}]}<\/script>\n<!-- \/ Yoast SEO plugin. -->","yoast_head_json":{"title":"Landwirtschaft und Klimawandel belasten Bodentiere - Sonnenseite - \u00d6kologische Kommunikation mit Franz Alt","description":"Durch den Klimawandel werden Bodentiere kleiner, durch eine intensive Landnutzung weniger Das Leben im Erdreich hat heutzutage gleich mit mehreren","robots":{"index":"index","follow":"follow","max-snippet":"max-snippet:-1","max-image-preview":"max-image-preview:large","max-video-preview":"max-video-preview:-1"},"canonical":"https:\/\/www.sonnenseite.com\/de\/wissenschaft\/landwirtschaft-und-klimawandel-belasten-bodentiere\/","og_locale":"de_DE","og_type":"article","og_title":"Landwirtschaft und Klimawandel belasten Bodentiere - Sonnenseite - \u00d6kologische Kommunikation mit Franz Alt","og_description":"Durch den Klimawandel werden Bodentiere kleiner, durch eine intensive Landnutzung weniger Das Leben im Erdreich hat heutzutage gleich mit mehreren","og_url":"https:\/\/www.sonnenseite.com\/de\/wissenschaft\/landwirtschaft-und-klimawandel-belasten-bodentiere\/","og_site_name":"Sonnenseite","article_publisher":"https:\/\/www.facebook.com\/pages\/Franz-Alt-SONNENSEITECOM\/221072987903953?fref=ts","article_published_time":"2020-07-30T22:46:00+00:00","article_modified_time":"2020-07-31T05:15:33+00:00","og_image":[{"width":770,"height":420,"url":"https:\/\/www.sonnenseite.com\/wp-content\/uploads\/2020\/07\/UFZ_Bodentiere.jpg","type":"image\/jpeg"}],"author":"Bigi Alt","twitter_card":"summary_large_image","twitter_creator":"@franzalt","twitter_site":"@franzalt","twitter_misc":{"Verfasst von":"Bigi Alt","Gesch\u00e4tzte Lesezeit":"5\u00a0Minuten"},"schema":{"@context":"https:\/\/schema.org","@graph":[{"@type":"Article","@id":"https:\/\/www.sonnenseite.com\/de\/wissenschaft\/landwirtschaft-und-klimawandel-belasten-bodentiere\/#article","isPartOf":{"@id":"https:\/\/www.sonnenseite.com\/de\/wissenschaft\/landwirtschaft-und-klimawandel-belasten-bodentiere\/"},"author":{"name":"Bigi Alt","@id":"https:\/\/www.sonnenseite.com\/de\/#\/schema\/person\/50fda0e926597684c7cc6695238a4eb9"},"headline":"Landwirtschaft und Klimawandel belasten Bodentiere","datePublished":"2020-07-30T22:46:00+00:00","dateModified":"2020-07-31T05:15:33+00:00","mainEntityOfPage":{"@id":"https:\/\/www.sonnenseite.com\/de\/wissenschaft\/landwirtschaft-und-klimawandel-belasten-bodentiere\/"},"wordCount":995,"publisher":{"@id":"https:\/\/www.sonnenseite.com\/de\/#organization"},"image":{"@id":"https:\/\/www.sonnenseite.com\/de\/wissenschaft\/landwirtschaft-und-klimawandel-belasten-bodentiere\/#primaryimage"},"thumbnailUrl":"https:\/\/www.sonnenseite.com\/wp-content\/uploads\/2020\/07\/UFZ_Bodentiere.jpg","articleSection":["Wissenschaft"],"inLanguage":"de"},{"@type":"WebPage","@id":"https:\/\/www.sonnenseite.com\/de\/wissenschaft\/landwirtschaft-und-klimawandel-belasten-bodentiere\/","url":"https:\/\/www.sonnenseite.com\/de\/wissenschaft\/landwirtschaft-und-klimawandel-belasten-bodentiere\/","name":"Landwirtschaft und Klimawandel belasten Bodentiere - Sonnenseite - \u00d6kologische Kommunikation mit Franz Alt","isPartOf":{"@id":"https:\/\/www.sonnenseite.com\/de\/#website"},"primaryImageOfPage":{"@id":"https:\/\/www.sonnenseite.com\/de\/wissenschaft\/landwirtschaft-und-klimawandel-belasten-bodentiere\/#primaryimage"},"image":{"@id":"https:\/\/www.sonnenseite.com\/de\/wissenschaft\/landwirtschaft-und-klimawandel-belasten-bodentiere\/#primaryimage"},"thumbnailUrl":"https:\/\/www.sonnenseite.com\/wp-content\/uploads\/2020\/07\/UFZ_Bodentiere.jpg","datePublished":"2020-07-30T22:46:00+00:00","dateModified":"2020-07-31T05:15:33+00:00","description":"Durch den Klimawandel werden Bodentiere kleiner, durch eine intensive Landnutzung weniger Das Leben im Erdreich hat heutzutage gleich mit mehreren","breadcrumb":{"@id":"https:\/\/www.sonnenseite.com\/de\/wissenschaft\/landwirtschaft-und-klimawandel-belasten-bodentiere\/#breadcrumb"},"inLanguage":"de","potentialAction":[{"@type":"ReadAction","target":["https:\/\/www.sonnenseite.com\/de\/wissenschaft\/landwirtschaft-und-klimawandel-belasten-bodentiere\/"]}]},{"@type":"ImageObject","inLanguage":"de","@id":"https:\/\/www.sonnenseite.com\/de\/wissenschaft\/landwirtschaft-und-klimawandel-belasten-bodentiere\/#primaryimage","url":"https:\/\/www.sonnenseite.com\/wp-content\/uploads\/2020\/07\/UFZ_Bodentiere.jpg","contentUrl":"https:\/\/www.sonnenseite.com\/wp-content\/uploads\/2020\/07\/UFZ_Bodentiere.jpg","width":770,"height":420,"caption":"UFZ | Lisa Vogel | Klimawandel und Landnutzung reduzieren die Biomasse der Bodentiere \u00fcber unterschiedliche Pfade: Das ver\u00e4nderte Klima reduziert die K\u00f6rpergr\u00f6\u00dfe und die Bewirtschaftung die H\u00e4ufigkeit."},{"@type":"BreadcrumbList","@id":"https:\/\/www.sonnenseite.com\/de\/wissenschaft\/landwirtschaft-und-klimawandel-belasten-bodentiere\/#breadcrumb","itemListElement":[{"@type":"ListItem","position":1,"name":"Startseite","item":"https:\/\/www.sonnenseite.com\/de\/"},{"@type":"ListItem","position":2,"name":"Landwirtschaft und Klimawandel belasten Bodentiere"}]},{"@type":"WebSite","@id":"https:\/\/www.sonnenseite.com\/de\/#website","url":"https:\/\/www.sonnenseite.com\/de\/","name":"Sonnenseite","description":"\u00d6kologische Kommunikation mit Franz Alt","publisher":{"@id":"https:\/\/www.sonnenseite.com\/de\/#organization"},"potentialAction":[{"@type":"SearchAction","target":{"@type":"EntryPoint","urlTemplate":"https:\/\/www.sonnenseite.com\/de\/?s={search_term_string}"},"query-input":{"@type":"PropertyValueSpecification","valueRequired":true,"valueName":"search_term_string"}}],"inLanguage":"de"},{"@type":"Organization","@id":"https:\/\/www.sonnenseite.com\/de\/#organization","name":"Sonnenseite","url":"https:\/\/www.sonnenseite.com\/de\/","logo":{"@type":"ImageObject","inLanguage":"de","@id":"https:\/\/www.sonnenseite.com\/de\/#\/schema\/logo\/image\/","url":"https:\/\/www.sonnenseite.com\/wp-content\/uploads\/2020\/05\/Sonnenseite_Logo.png","contentUrl":"https:\/\/www.sonnenseite.com\/wp-content\/uploads\/2020\/05\/Sonnenseite_Logo.png","width":377,"height":90,"caption":"Sonnenseite"},"image":{"@id":"https:\/\/www.sonnenseite.com\/de\/#\/schema\/logo\/image\/"},"sameAs":["https:\/\/www.facebook.com\/pages\/Franz-Alt-SONNENSEITECOM\/221072987903953?fref=ts","https:\/\/x.com\/franzalt","http:\/\/www.youtube.com\/results?search_query&amp;amp;quot;franz_alt&amp;amp;quot;&amp;amp;amp;amp;search_type&amp;amp;amp;amp;aq=f"]},{"@type":"Person","@id":"https:\/\/www.sonnenseite.com\/de\/#\/schema\/person\/50fda0e926597684c7cc6695238a4eb9","name":"Bigi Alt"}]}},"_links":{"self":[{"href":"https:\/\/www.sonnenseite.com\/de\/wp-json\/wp\/v2\/posts\/61087","targetHints":{"allow":["GET"]}}],"collection":[{"href":"https:\/\/www.sonnenseite.com\/de\/wp-json\/wp\/v2\/posts"}],"about":[{"href":"https:\/\/www.sonnenseite.com\/de\/wp-json\/wp\/v2\/types\/post"}],"author":[{"embeddable":true,"href":"https:\/\/www.sonnenseite.com\/de\/wp-json\/wp\/v2\/users\/3"}],"replies":[{"embeddable":true,"href":"https:\/\/www.sonnenseite.com\/de\/wp-json\/wp\/v2\/comments?post=61087"}],"version-history":[{"count":2,"href":"https:\/\/www.sonnenseite.com\/de\/wp-json\/wp\/v2\/posts\/61087\/revisions"}],"predecessor-version":[{"id":61094,"href":"https:\/\/www.sonnenseite.com\/de\/wp-json\/wp\/v2\/posts\/61087\/revisions\/61094"}],"wp:featuredmedia":[{"embeddable":true,"href":"https:\/\/www.sonnenseite.com\/de\/wp-json\/wp\/v2\/media\/61089"}],"wp:attachment":[{"href":"https:\/\/www.sonnenseite.com\/de\/wp-json\/wp\/v2\/media?parent=61087"}],"wp:term":[{"taxonomy":"category","embeddable":true,"href":"https:\/\/www.sonnenseite.com\/de\/wp-json\/wp\/v2\/categories?post=61087"},{"taxonomy":"post_tag","embeddable":true,"href":"https:\/\/www.sonnenseite.com\/de\/wp-json\/wp\/v2\/tags?post=61087"}],"curies":[{"name":"wp","href":"https:\/\/api.w.org\/{rel}","templated":true}]}}