{"id":61537,"date":"2020-08-13T04:50:00","date_gmt":"2020-08-13T02:50:00","guid":{"rendered":"https:\/\/www.sonnenseite.com\/?p=61537"},"modified":"2020-08-12T14:50:56","modified_gmt":"2020-08-12T12:50:56","slug":"corona-und-die-folgen-2","status":"publish","type":"post","link":"https:\/\/www.sonnenseite.com\/de\/politik\/corona-und-die-folgen-2\/","title":{"rendered":"Corona und die Folgen"},"content":{"rendered":"\n<h5 class=\"wp-block-heading\">Gr\u00fcner Aufschwung kann 0,3 Grad Erw\u00e4rmung ersparen<\/h5>\n\n\n\n<p>Mit dem Corona-Lockdown ging der globale Treibhausgas-Aussto\u00df kurzfristig zur\u00fcck. Der Klimaeffekt ist vernachl\u00e4ssigbar, zeigen neue Berechnungen. Mit gr\u00fcnen Investitionen k\u00f6nnten die Emissionen hingegen langfristig um die H\u00e4lfte sinken.<\/p>\n\n\n\n<p>Im Fr\u00fchjahr, w\u00e4hrend des Corona-Lockdowns, sa\u00df der britische Klimaforscher <a href=\"https:\/\/environment.leeds.ac.uk\/see\/staff\/1267\/professor-piers-forster\" target=\"_blank\" rel=\"noreferrer noopener\">Piers Forster<\/a> mit seiner 18-j\u00e4hrigen Tochter Harriet zu Hause. Beide hatten pl\u00f6tzlich unverhofft viel Freizeit. Bei ihr waren die Schulpr\u00fcfungen verschoben worden, er und seine Kolleg:innen hatten Zoom noch nicht entdeckt.<\/p>\n\n\n\n<p>Als eine Art Home-Schooling-Projekt entschlossen sich die beiden, gemeinsam herauszufinden, ob und wie sich der Lockdown auf die globalen CO<sub>2<\/sub>-Emissionen auswirkt und damit auch auf den Klimawandel.<\/p>\n\n\n\n<p>So erz\u00e4hlt Forster es in <a href=\"https:\/\/theconversation.com\/coronavirus-lockdown-will-have-negligible-impact-on-the-climate-new-study-143503\" target=\"_blank\" rel=\"noreferrer noopener\">einem Beitrag<\/a> f\u00fcr das Akademiejournal <em>The Conversation<\/em>, nachdem letzte Woche in der Fachzeitschrift <em>Nature Climate Change<\/em> die <a href=\"https:\/\/www.nature.com\/articles\/s41558-020-0883-0\" target=\"_blank\" rel=\"noreferrer noopener\">Studie<\/a> erschienen ist, die er mit seiner Tochter sowie zw\u00f6lf weiteren Forscher:innen in den vergangenen Monaten erarbeitet hat.<\/p>\n\n\n\n<p>Mithilfe von neuerdings zug\u00e4nglichen globalen Mobilit\u00e4tsdaten der IT-Riesen Google und Apple sah sich das Team an, was beim G\u00fcterverkehr passierte, bei Stromerzeugern und bei anderen Industrien und Unternehmen. So konnten sie ausrechnen, wie stark der Aussto\u00df von CO<sub>2<\/sub> in 123 L\u00e4ndern zur\u00fcckgegangen war, die zusammen f\u00fcr 99 Prozent der Emissionen verantwortlich sind.<\/p>\n\n\n\n<p>Dasselbe war auch f\u00fcr Luftschadstoffe wie Stickoxide oder Schwefeldioxid aus Kraftwerken m\u00f6glich. Deren w\u00e4rmende oder k\u00fchlende Wirkung f\u00fcrs Klima wurde jeweils ber\u00fccksichtigt.<\/p>\n\n\n\n<p>Ergebnis: Selbst wenn die Lockdown-Ma\u00dfnahmen teilweise bis Ende 2021 andauern sollten, w\u00e4re der Klimaeffekt &#8222;vernachl\u00e4ssigbar&#8220;. Die globalen Temperaturen w\u00fcrden nur um 0,01 Grad niedriger liegen, als wenn es die Pandemie nicht gegeben h\u00e4tte.<\/p>\n\n\n\n<h5 class=\"wp-block-heading\">Mittel gezielt einsetzen<\/h5>\n\n\n\n<p>F\u00fcr Piers Forster zeigt das: &#8222;Selbst wenn wir in einer Welt leben w\u00fcrden, in der die sozialen und \u00f6konomischen Folgen eines Lockdowns akzeptabel w\u00e4ren, w\u00fcrden wir immer noch sehr viel ernsthaftere Ma\u00dfnahmen brauchen, um etwas zu bewirken.&#8220;<\/p>\n\n\n\n<p>Mit anderen Worten, ein kurzfristiger R\u00fcckgang der Emissionen bringt wenig. N\u00f6tig sind vielmehr strukturelle \u00c4nderungen, die langfristig und anhaltend eine klimafreundlichere Entwicklung unterst\u00fctzen.<\/p>\n\n\n\n<p>Wie die Regierungen ihre Corona-Aufbaupl\u00e4ne ausgestalten, ist deshalb entscheidend, sagt Forster. Wie viel Geld wird in gr\u00fcne Investitionen gelenkt? Wie viel flie\u00dft in die blo\u00dfe Wiederherstellung des business as usual?<\/p>\n\n\n\n<p>Wie sich diese Entscheidungen auswirken w\u00fcrden, haben die Forscher:innen um Forster ebenfalls kalkuliert. Die Unterschiede sind demnach erheblich, je nachdem wie gr\u00fcn die Wiederaufbaupl\u00e4ne sind.<\/p>\n\n\n\n<p>Stecken die Regierungen viel Geld in die Rettung der bisherigen fossilen Strukturen, k\u00f6nnte der weltweite CO<sub>2<\/sub>-Aussto\u00df 2030 um zehn Prozent h\u00f6her liegen als bislang prognostiziert. &#8222;Unsere Chance, einen gef\u00e4hrlichen Klimawandel zu verhindern, w\u00e4re dann noch geringer&#8220;, sagt Forster.<\/p>\n\n\n\n<p>Gr\u00fcne Aufbauprogramme hingegen k\u00f6nnten die Emissionen bis 2050 um die H\u00e4lfte senken und der Welt 0,3 Grad an Erw\u00e4rmung ersparen, so die Studie.<\/p>\n\n\n\n<p><strong>Fossile Energien bevorzugt<\/strong><\/p>\n\n\n\n<ul class=\"wp-block-list\"><li>Seit Beginn der Corona-Pandemie haben die G20-Staaten deutlich mehr Geld f\u00fcr fossile Energietr\u00e4ger bereitgestellt als f\u00fcr gr\u00fcne Investitionen, <a href=\"https:\/\/www.klimareporter.de\/finanzen-wirtschaft\/konjunkturprogramme-bevorzugen-fossile-energien\" target=\"_blank\" rel=\"noreferrer noopener\">zeigt eine aktuelle Analyse<\/a>.<\/li><\/ul>\n\n\n\n<h5 class=\"wp-block-heading\">Chance zur Weichenstellung<\/h5>\n\n\n\n<p>Daf\u00fcr m\u00fcssten 1,2 Prozent der globalen Wirtschaftsleistung in Klimaschutzma\u00dfnahmen investiert werden, wie erneuerbare Energien und Energieeffizienz. Die Forscher:innen nennen das &#8222;<em>strong green stimulus<\/em>&#8222;. Das w\u00fcrde 1,7 Billionen US-Dollar entsprechen. Zugleich m\u00fcssten fossile Energien 0,4 Prozentpunkte weniger erhalten.<\/p>\n\n\n\n<p>Werden nur 0,8 Prozent der Wirtschaftsleistung in gr\u00fcne Aufbaupl\u00e4ne investiert und 0,3 Prozentpunkte weniger in fossile Energien gesteckt (&#8222;<em>moderate green stimulus<\/em>&#8222;), ergibt sich immer noch eine Emissionsreduktion um 35 Prozent sowie 0,2 Grad weniger Erw\u00e4rmung bis zum Jahr 2050. Die <a href=\"https:\/\/www.klimareporter.de\/klimakonferenzen\/so-geht-klimaschutz-im-21-jahrhundert\" target=\"_blank\" rel=\"noreferrer noopener\">Pariser Klimaziele<\/a> w\u00e4ren damit in Reichweite.<\/p>\n\n\n\n<p>&#8222;Sogar ein lang anhaltender Lockdown hat einen \u00fcberraschend kleinen Effekt auf das Klima&#8220;, schreibt Forster. &#8222;Doch Covid-19 hat uns auch die Gelegenheit gegeben, innezuhalten und nachzudenken.&#8220;<\/p>\n\n\n\n<p>Die Pandemie biete damit die Chance, die Weichen so zu stellen, dass die schlimmsten Folgen der Klimakrise begrenzt werden k\u00f6nnen, sagt der Klimawissenschaftler \u2013 <a href=\"https:\/\/www.klimareporter.de\/international\/die-menschheit-wird-nicht-vergessen\" target=\"_blank\" rel=\"noreferrer noopener\">falls die Regierungen<\/a> diese M\u00f6glichkeit nutzen.<\/p>\n\n\n\n<p>Auf Twitter hat Forster <a href=\"https:\/\/twitter.com\/piersforster\/status\/1292719869260177408\" target=\"_blank\" rel=\"noreferrer noopener\">ein kurzes Video<\/a> mit seiner Tochter Harriet ver\u00f6ffentlicht, in dem sie die Studie vorstellt und zu gr\u00fcnen Aufbaupl\u00e4nen aufruft. Die weitere Erw\u00e4rmung k\u00f6nne bis zum Jahr 2050 damit nicht 0,6 Grad betragen, wie es derzeit erwartet wird, sondern lediglich die H\u00e4lfte.<\/p>\n\n\n\n<p>&#8222;Es ist Harriets Generation, die die guten Jobs und das ges\u00fcndere Klima braucht, das gr\u00fcner Wiederaufbau bringen kann&#8220;, schreibt Piers Forster.<\/p>\n\n\n<h5 class=\"green\">Quelle<\/h5>\r\n\n\n\n<p>Der Bericht wurde von der&nbsp;<a href=\"https:\/\/www.klimareporter.de\/erdsystem\/gruener-aufschwung-kann-0-3-grad-erwaermung-ersparen\" target=\"_blank\" rel=\"noreferrer noopener\">Redaktion \u201eklimareporter.de\u201c (Verena Kern) 2020<\/a>&nbsp;verfasst &#8211; der Artikel darf nicht ohne Genehmigung&nbsp;(<a href=\"mailto:post@klimareporter.de\">post@klimareporter.de<\/a>) weiterverbreitet werden!&nbsp;<\/p>\n<div class=\"shariff shariff-align-flex-start shariff-widget-align-flex-start\"><div class=\"ShariffHeadline\">Diese Meldung teilen<\/div><ul class=\"shariff-buttons theme-round orientation-horizontal buttonsize-medium\"><li class=\"shariff-button facebook shariff-nocustomcolor\" style=\"background-color:#4273c8;border-radius:1%\"><a href=\"https:\/\/www.facebook.com\/sharer\/sharer.php?u=https%3A%2F%2Fwww.sonnenseite.com%2Fde%2Fpolitik%2Fcorona-und-die-folgen-2%2F\" title=\"Bei Facebook teilen\" aria-label=\"Bei Facebook teilen\" role=\"button\" rel=\"nofollow\" class=\"shariff-link\" style=\";border-radius:1%; background-color:#3b5998; color:#fff\" target=\"_blank\"><span class=\"shariff-icon\" style=\"\"><svg width=\"32px\" height=\"20px\" xmlns=\"http:\/\/www.w3.org\/2000\/svg\" viewBox=\"0 0 18 32\"><path fill=\"#3b5998\" d=\"M17.1 0.2v4.7h-2.8q-1.5 0-2.1 0.6t-0.5 1.9v3.4h5.2l-0.7 5.3h-4.5v13.6h-5.5v-13.6h-4.5v-5.3h4.5v-3.9q0-3.3 1.9-5.2t5-1.8q2.6 0 4.1 0.2z\"\/><\/svg><\/span><\/a><\/li><li class=\"shariff-button twitter shariff-nocustomcolor\" style=\"background-color:#595959;border-radius:1%\"><a href=\"https:\/\/twitter.com\/share?url=https%3A%2F%2Fwww.sonnenseite.com%2Fde%2Fpolitik%2Fcorona-und-die-folgen-2%2F&text=Corona%20und%20die%20Folgen\" title=\"Bei X teilen\" aria-label=\"Bei X teilen\" role=\"button\" rel=\"noopener nofollow\" class=\"shariff-link\" style=\";border-radius:1%; background-color:#000; color:#fff\" target=\"_blank\"><span class=\"shariff-icon\" style=\"\"><svg width=\"32px\" height=\"20px\" xmlns=\"http:\/\/www.w3.org\/2000\/svg\" viewBox=\"0 0 24 24\"><path fill=\"#000\" d=\"M14.258 10.152L23.176 0h-2.113l-7.747 8.813L7.133 0H0l9.352 13.328L0 23.973h2.113l8.176-9.309 6.531 9.309h7.133zm-2.895 3.293l-.949-1.328L2.875 1.56h3.246l6.086 8.523.945 1.328 7.91 11.078h-3.246zm0 0\"\/><\/svg><\/span><\/a><\/li><li class=\"shariff-button xing shariff-nocustomcolor\" style=\"background-color:#29888a;border-radius:1%\"><a href=\"https:\/\/www.xing.com\/spi\/shares\/new?url=https%3A%2F%2Fwww.sonnenseite.com%2Fde%2Fpolitik%2Fcorona-und-die-folgen-2%2F\" title=\"Bei XING teilen\" aria-label=\"Bei XING teilen\" role=\"button\" rel=\"noopener nofollow\" class=\"shariff-link\" style=\";border-radius:1%; background-color:#126567; color:#fff\" target=\"_blank\"><span class=\"shariff-icon\" style=\"\"><svg width=\"32px\" height=\"20px\" xmlns=\"http:\/\/www.w3.org\/2000\/svg\" viewBox=\"0 0 25 32\"><path fill=\"#126567\" d=\"M10.7 11.9q-0.2 0.3-4.6 8.2-0.5 0.8-1.2 0.8h-4.3q-0.4 0-0.5-0.3t0-0.6l4.5-8q0 0 0 0l-2.9-5q-0.2-0.4 0-0.7 0.2-0.3 0.5-0.3h4.3q0.7 0 1.2 0.8zM25.1 0.4q0.2 0.3 0 0.7l-9.4 16.7 6 11q0.2 0.4 0 0.6-0.2 0.3-0.6 0.3h-4.3q-0.7 0-1.2-0.8l-6-11.1q0.3-0.6 9.5-16.8 0.4-0.8 1.2-0.8h4.3q0.4 0 0.5 0.3z\"\/><\/svg><\/span><\/a><\/li><li class=\"shariff-button linkedin shariff-nocustomcolor\" style=\"background-color:#1488bf;border-radius:1%\"><a href=\"https:\/\/www.linkedin.com\/sharing\/share-offsite\/?url=https%3A%2F%2Fwww.sonnenseite.com%2Fde%2Fpolitik%2Fcorona-und-die-folgen-2%2F\" title=\"Bei LinkedIn teilen\" aria-label=\"Bei LinkedIn teilen\" role=\"button\" rel=\"noopener nofollow\" class=\"shariff-link\" style=\";border-radius:1%; background-color:#0077b5; color:#fff\" target=\"_blank\"><span class=\"shariff-icon\" style=\"\"><svg width=\"32px\" height=\"20px\" xmlns=\"http:\/\/www.w3.org\/2000\/svg\" viewBox=\"0 0 27 32\"><path fill=\"#0077b5\" d=\"M6.2 11.2v17.7h-5.9v-17.7h5.9zM6.6 5.7q0 1.3-0.9 2.2t-2.4 0.9h0q-1.5 0-2.4-0.9t-0.9-2.2 0.9-2.2 2.4-0.9 2.4 0.9 0.9 2.2zM27.4 18.7v10.1h-5.9v-9.5q0-1.9-0.7-2.9t-2.3-1.1q-1.1 0-1.9 0.6t-1.2 1.5q-0.2 0.5-0.2 1.4v9.9h-5.9q0-7.1 0-11.6t0-5.3l0-0.9h5.9v2.6h0q0.4-0.6 0.7-1t1-0.9 1.6-0.8 2-0.3q3 0 4.9 2t1.9 6z\"\/><\/svg><\/span><\/a><\/li><li class=\"shariff-button printer shariff-nocustomcolor\" style=\"background-color:#a8a8a8;border-radius:1%\"><a href=\"javascript:window.print()\" title=\"drucken\" aria-label=\"drucken\" role=\"button\" rel=\"noopener nofollow\" class=\"shariff-link\" style=\";border-radius:1%; background-color:#999; color:#fff\"><span class=\"shariff-icon\" style=\"\"><svg width=\"32px\" height=\"20px\" xmlns=\"http:\/\/www.w3.org\/2000\/svg\" viewBox=\"0 0 30 32\"><path fill=\"#999\" d=\"M6.8 27.4h16v-4.6h-16v4.6zM6.8 16h16v-6.8h-2.8q-0.7 0-1.2-0.5t-0.5-1.2v-2.8h-11.4v11.4zM27.4 17.2q0-0.5-0.3-0.8t-0.8-0.4-0.8 0.4-0.3 0.8 0.3 0.8 0.8 0.3 0.8-0.3 0.3-0.8zM29.7 17.2v7.4q0 0.2-0.2 0.4t-0.4 0.2h-4v2.8q0 0.7-0.5 1.2t-1.2 0.5h-17.2q-0.7 0-1.2-0.5t-0.5-1.2v-2.8h-4q-0.2 0-0.4-0.2t-0.2-0.4v-7.4q0-1.4 1-2.4t2.4-1h1.2v-9.7q0-0.7 0.5-1.2t1.2-0.5h12q0.7 0 1.6 0.4t1.3 0.8l2.7 2.7q0.5 0.5 0.9 1.4t0.4 1.6v4.6h1.1q1.4 0 2.4 1t1 2.4z\"\/><\/svg><\/span><\/a><\/li><li class=\"shariff-button mailto shariff-nocustomcolor\" style=\"background-color:#a8a8a8;border-radius:1%\"><a href=\"mailto:?body=https%3A%2F%2Fwww.sonnenseite.com%2Fde%2Fpolitik%2Fcorona-und-die-folgen-2%2F&subject=Corona%20und%20die%20Folgen\" title=\"Per E-Mail versenden\" aria-label=\"Per E-Mail versenden\" role=\"button\" rel=\"noopener nofollow\" class=\"shariff-link\" style=\";border-radius:1%; background-color:#999; color:#fff\"><span class=\"shariff-icon\" style=\"\"><svg width=\"32px\" height=\"20px\" xmlns=\"http:\/\/www.w3.org\/2000\/svg\" viewBox=\"0 0 32 32\"><path fill=\"#999\" d=\"M32 12.7v14.2q0 1.2-0.8 2t-2 0.9h-26.3q-1.2 0-2-0.9t-0.8-2v-14.2q0.8 0.9 1.8 1.6 6.5 4.4 8.9 6.1 1 0.8 1.6 1.2t1.7 0.9 2 0.4h0.1q0.9 0 2-0.4t1.7-0.9 1.6-1.2q3-2.2 8.9-6.1 1-0.7 1.8-1.6zM32 7.4q0 1.4-0.9 2.7t-2.2 2.2q-6.7 4.7-8.4 5.8-0.2 0.1-0.7 0.5t-1 0.7-0.9 0.6-1.1 0.5-0.9 0.2h-0.1q-0.4 0-0.9-0.2t-1.1-0.5-0.9-0.6-1-0.7-0.7-0.5q-1.6-1.1-4.7-3.2t-3.6-2.6q-1.1-0.7-2.1-2t-1-2.5q0-1.4 0.7-2.3t2.1-0.9h26.3q1.2 0 2 0.8t0.9 2z\"\/><\/svg><\/span><\/a><\/li><\/ul><\/div>","protected":false},"excerpt":{"rendered":"<p>Gr\u00fcner Aufschwung kann 0,3 Grad Erw\u00e4rmung ersparen Mit dem Corona-Lockdown ging der globale Treibhausgas-Aussto\u00df kurzfristig zur\u00fcck. [&hellip;]<\/p>\n","protected":false},"author":3,"featured_media":8284,"comment_status":"closed","ping_status":"closed","sticky":false,"template":"","format":"standard","meta":{"inline_featured_image":false,"footnotes":""},"categories":[21],"tags":[],"class_list":["post-61537","post","type-post","status-publish","format-standard","has-post-thumbnail","hentry","category-politik"],"yoast_head":"<!-- This site is optimized with the Yoast SEO plugin v26.5 - https:\/\/yoast.com\/wordpress\/plugins\/seo\/ -->\n<title>Corona und die Folgen - Sonnenseite - \u00d6kologische Kommunikation mit Franz Alt<\/title>\n<meta name=\"description\" content=\"Gr\u00fcner Aufschwung kann 0,3 Grad Erw\u00e4rmung ersparen Mit dem Corona-Lockdown ging der globale Treibhausgas-Aussto\u00df kurzfristig zur\u00fcck. Der Klimaeffekt ist\" \/>\n<meta name=\"robots\" content=\"index, follow, max-snippet:-1, max-image-preview:large, max-video-preview:-1\" \/>\n<link rel=\"canonical\" href=\"https:\/\/www.sonnenseite.com\/de\/politik\/corona-und-die-folgen-2\/\" \/>\n<meta property=\"og:locale\" content=\"de_DE\" \/>\n<meta property=\"og:type\" content=\"article\" \/>\n<meta property=\"og:title\" content=\"Corona und die Folgen - Sonnenseite - \u00d6kologische Kommunikation mit Franz Alt\" \/>\n<meta property=\"og:description\" content=\"Gr\u00fcner Aufschwung kann 0,3 Grad Erw\u00e4rmung ersparen Mit dem Corona-Lockdown ging der globale Treibhausgas-Aussto\u00df kurzfristig zur\u00fcck. Der Klimaeffekt ist\" \/>\n<meta property=\"og:url\" content=\"https:\/\/www.sonnenseite.com\/de\/politik\/corona-und-die-folgen-2\/\" \/>\n<meta property=\"og:site_name\" content=\"Sonnenseite\" \/>\n<meta property=\"article:publisher\" content=\"https:\/\/www.facebook.com\/pages\/Franz-Alt-SONNENSEITECOM\/221072987903953?fref=ts\" \/>\n<meta property=\"article:published_time\" content=\"2020-08-13T02:50:00+00:00\" \/>\n<meta property=\"og:image\" content=\"https:\/\/www.sonnenseite.com\/wp-content\/uploads\/2019\/07\/Lufthansa_Airbus_PitKarges-.jpg\" \/>\n\t<meta property=\"og:image:width\" content=\"770\" \/>\n\t<meta property=\"og:image:height\" content=\"420\" \/>\n\t<meta property=\"og:image:type\" content=\"image\/jpeg\" \/>\n<meta name=\"author\" content=\"Bigi Alt\" \/>\n<meta name=\"twitter:card\" content=\"summary_large_image\" \/>\n<meta name=\"twitter:creator\" content=\"@franzalt\" \/>\n<meta name=\"twitter:site\" content=\"@franzalt\" \/>\n<meta name=\"twitter:label1\" content=\"Verfasst von\" \/>\n\t<meta name=\"twitter:data1\" content=\"Bigi Alt\" \/>\n\t<meta name=\"twitter:label2\" content=\"Gesch\u00e4tzte Lesezeit\" \/>\n\t<meta name=\"twitter:data2\" content=\"4\u00a0Minuten\" \/>\n<script type=\"application\/ld+json\" class=\"yoast-schema-graph\">{\"@context\":\"https:\/\/schema.org\",\"@graph\":[{\"@type\":\"Article\",\"@id\":\"https:\/\/www.sonnenseite.com\/de\/politik\/corona-und-die-folgen-2\/#article\",\"isPartOf\":{\"@id\":\"https:\/\/www.sonnenseite.com\/de\/politik\/corona-und-die-folgen-2\/\"},\"author\":{\"name\":\"Bigi Alt\",\"@id\":\"https:\/\/www.sonnenseite.com\/de\/#\/schema\/person\/50fda0e926597684c7cc6695238a4eb9\"},\"headline\":\"Corona und die Folgen\",\"datePublished\":\"2020-08-13T02:50:00+00:00\",\"mainEntityOfPage\":{\"@id\":\"https:\/\/www.sonnenseite.com\/de\/politik\/corona-und-die-folgen-2\/\"},\"wordCount\":758,\"publisher\":{\"@id\":\"https:\/\/www.sonnenseite.com\/de\/#organization\"},\"image\":{\"@id\":\"https:\/\/www.sonnenseite.com\/de\/politik\/corona-und-die-folgen-2\/#primaryimage\"},\"thumbnailUrl\":\"https:\/\/www.sonnenseite.com\/wp-content\/uploads\/2019\/07\/Lufthansa_Airbus_PitKarges-.jpg\",\"articleSection\":[\"Politik\"],\"inLanguage\":\"de\"},{\"@type\":\"WebPage\",\"@id\":\"https:\/\/www.sonnenseite.com\/de\/politik\/corona-und-die-folgen-2\/\",\"url\":\"https:\/\/www.sonnenseite.com\/de\/politik\/corona-und-die-folgen-2\/\",\"name\":\"Corona und die Folgen - Sonnenseite - \u00d6kologische Kommunikation mit Franz Alt\",\"isPartOf\":{\"@id\":\"https:\/\/www.sonnenseite.com\/de\/#website\"},\"primaryImageOfPage\":{\"@id\":\"https:\/\/www.sonnenseite.com\/de\/politik\/corona-und-die-folgen-2\/#primaryimage\"},\"image\":{\"@id\":\"https:\/\/www.sonnenseite.com\/de\/politik\/corona-und-die-folgen-2\/#primaryimage\"},\"thumbnailUrl\":\"https:\/\/www.sonnenseite.com\/wp-content\/uploads\/2019\/07\/Lufthansa_Airbus_PitKarges-.jpg\",\"datePublished\":\"2020-08-13T02:50:00+00:00\",\"description\":\"Gr\u00fcner Aufschwung kann 0,3 Grad Erw\u00e4rmung ersparen Mit dem Corona-Lockdown ging der globale Treibhausgas-Aussto\u00df kurzfristig zur\u00fcck. Der Klimaeffekt ist\",\"breadcrumb\":{\"@id\":\"https:\/\/www.sonnenseite.com\/de\/politik\/corona-und-die-folgen-2\/#breadcrumb\"},\"inLanguage\":\"de\",\"potentialAction\":[{\"@type\":\"ReadAction\",\"target\":[\"https:\/\/www.sonnenseite.com\/de\/politik\/corona-und-die-folgen-2\/\"]}]},{\"@type\":\"ImageObject\",\"inLanguage\":\"de\",\"@id\":\"https:\/\/www.sonnenseite.com\/de\/politik\/corona-und-die-folgen-2\/#primaryimage\",\"url\":\"https:\/\/www.sonnenseite.com\/wp-content\/uploads\/2019\/07\/Lufthansa_Airbus_PitKarges-.jpg\",\"contentUrl\":\"https:\/\/www.sonnenseite.com\/wp-content\/uploads\/2019\/07\/Lufthansa_Airbus_PitKarges-.jpg\",\"width\":770,\"height\":420,\"caption\":\"pixabay.com | PitKarges\"},{\"@type\":\"BreadcrumbList\",\"@id\":\"https:\/\/www.sonnenseite.com\/de\/politik\/corona-und-die-folgen-2\/#breadcrumb\",\"itemListElement\":[{\"@type\":\"ListItem\",\"position\":1,\"name\":\"Startseite\",\"item\":\"https:\/\/www.sonnenseite.com\/de\/\"},{\"@type\":\"ListItem\",\"position\":2,\"name\":\"Corona und die Folgen\"}]},{\"@type\":\"WebSite\",\"@id\":\"https:\/\/www.sonnenseite.com\/de\/#website\",\"url\":\"https:\/\/www.sonnenseite.com\/de\/\",\"name\":\"Sonnenseite\",\"description\":\"\u00d6kologische Kommunikation mit Franz Alt\",\"publisher\":{\"@id\":\"https:\/\/www.sonnenseite.com\/de\/#organization\"},\"potentialAction\":[{\"@type\":\"SearchAction\",\"target\":{\"@type\":\"EntryPoint\",\"urlTemplate\":\"https:\/\/www.sonnenseite.com\/de\/?s={search_term_string}\"},\"query-input\":{\"@type\":\"PropertyValueSpecification\",\"valueRequired\":true,\"valueName\":\"search_term_string\"}}],\"inLanguage\":\"de\"},{\"@type\":\"Organization\",\"@id\":\"https:\/\/www.sonnenseite.com\/de\/#organization\",\"name\":\"Sonnenseite\",\"url\":\"https:\/\/www.sonnenseite.com\/de\/\",\"logo\":{\"@type\":\"ImageObject\",\"inLanguage\":\"de\",\"@id\":\"https:\/\/www.sonnenseite.com\/de\/#\/schema\/logo\/image\/\",\"url\":\"https:\/\/www.sonnenseite.com\/wp-content\/uploads\/2020\/05\/Sonnenseite_Logo.png\",\"contentUrl\":\"https:\/\/www.sonnenseite.com\/wp-content\/uploads\/2020\/05\/Sonnenseite_Logo.png\",\"width\":377,\"height\":90,\"caption\":\"Sonnenseite\"},\"image\":{\"@id\":\"https:\/\/www.sonnenseite.com\/de\/#\/schema\/logo\/image\/\"},\"sameAs\":[\"https:\/\/www.facebook.com\/pages\/Franz-Alt-SONNENSEITECOM\/221072987903953?fref=ts\",\"https:\/\/x.com\/franzalt\",\"http:\/\/www.youtube.com\/results?search_query&amp;amp;quot;franz_alt&amp;amp;quot;&amp;amp;amp;amp;search_type&amp;amp;amp;amp;aq=f\"]},{\"@type\":\"Person\",\"@id\":\"https:\/\/www.sonnenseite.com\/de\/#\/schema\/person\/50fda0e926597684c7cc6695238a4eb9\",\"name\":\"Bigi Alt\"}]}<\/script>\n<!-- \/ Yoast SEO plugin. -->","yoast_head_json":{"title":"Corona und die Folgen - Sonnenseite - \u00d6kologische Kommunikation mit Franz Alt","description":"Gr\u00fcner Aufschwung kann 0,3 Grad Erw\u00e4rmung ersparen Mit dem Corona-Lockdown ging der globale Treibhausgas-Aussto\u00df kurzfristig zur\u00fcck. Der Klimaeffekt ist","robots":{"index":"index","follow":"follow","max-snippet":"max-snippet:-1","max-image-preview":"max-image-preview:large","max-video-preview":"max-video-preview:-1"},"canonical":"https:\/\/www.sonnenseite.com\/de\/politik\/corona-und-die-folgen-2\/","og_locale":"de_DE","og_type":"article","og_title":"Corona und die Folgen - Sonnenseite - \u00d6kologische Kommunikation mit Franz Alt","og_description":"Gr\u00fcner Aufschwung kann 0,3 Grad Erw\u00e4rmung ersparen Mit dem Corona-Lockdown ging der globale Treibhausgas-Aussto\u00df kurzfristig zur\u00fcck. Der Klimaeffekt ist","og_url":"https:\/\/www.sonnenseite.com\/de\/politik\/corona-und-die-folgen-2\/","og_site_name":"Sonnenseite","article_publisher":"https:\/\/www.facebook.com\/pages\/Franz-Alt-SONNENSEITECOM\/221072987903953?fref=ts","article_published_time":"2020-08-13T02:50:00+00:00","og_image":[{"width":770,"height":420,"url":"https:\/\/www.sonnenseite.com\/wp-content\/uploads\/2019\/07\/Lufthansa_Airbus_PitKarges-.jpg","type":"image\/jpeg"}],"author":"Bigi Alt","twitter_card":"summary_large_image","twitter_creator":"@franzalt","twitter_site":"@franzalt","twitter_misc":{"Verfasst von":"Bigi Alt","Gesch\u00e4tzte Lesezeit":"4\u00a0Minuten"},"schema":{"@context":"https:\/\/schema.org","@graph":[{"@type":"Article","@id":"https:\/\/www.sonnenseite.com\/de\/politik\/corona-und-die-folgen-2\/#article","isPartOf":{"@id":"https:\/\/www.sonnenseite.com\/de\/politik\/corona-und-die-folgen-2\/"},"author":{"name":"Bigi Alt","@id":"https:\/\/www.sonnenseite.com\/de\/#\/schema\/person\/50fda0e926597684c7cc6695238a4eb9"},"headline":"Corona und die Folgen","datePublished":"2020-08-13T02:50:00+00:00","mainEntityOfPage":{"@id":"https:\/\/www.sonnenseite.com\/de\/politik\/corona-und-die-folgen-2\/"},"wordCount":758,"publisher":{"@id":"https:\/\/www.sonnenseite.com\/de\/#organization"},"image":{"@id":"https:\/\/www.sonnenseite.com\/de\/politik\/corona-und-die-folgen-2\/#primaryimage"},"thumbnailUrl":"https:\/\/www.sonnenseite.com\/wp-content\/uploads\/2019\/07\/Lufthansa_Airbus_PitKarges-.jpg","articleSection":["Politik"],"inLanguage":"de"},{"@type":"WebPage","@id":"https:\/\/www.sonnenseite.com\/de\/politik\/corona-und-die-folgen-2\/","url":"https:\/\/www.sonnenseite.com\/de\/politik\/corona-und-die-folgen-2\/","name":"Corona und die Folgen - Sonnenseite - \u00d6kologische Kommunikation mit Franz Alt","isPartOf":{"@id":"https:\/\/www.sonnenseite.com\/de\/#website"},"primaryImageOfPage":{"@id":"https:\/\/www.sonnenseite.com\/de\/politik\/corona-und-die-folgen-2\/#primaryimage"},"image":{"@id":"https:\/\/www.sonnenseite.com\/de\/politik\/corona-und-die-folgen-2\/#primaryimage"},"thumbnailUrl":"https:\/\/www.sonnenseite.com\/wp-content\/uploads\/2019\/07\/Lufthansa_Airbus_PitKarges-.jpg","datePublished":"2020-08-13T02:50:00+00:00","description":"Gr\u00fcner Aufschwung kann 0,3 Grad Erw\u00e4rmung ersparen Mit dem Corona-Lockdown ging der globale Treibhausgas-Aussto\u00df kurzfristig zur\u00fcck. Der Klimaeffekt ist","breadcrumb":{"@id":"https:\/\/www.sonnenseite.com\/de\/politik\/corona-und-die-folgen-2\/#breadcrumb"},"inLanguage":"de","potentialAction":[{"@type":"ReadAction","target":["https:\/\/www.sonnenseite.com\/de\/politik\/corona-und-die-folgen-2\/"]}]},{"@type":"ImageObject","inLanguage":"de","@id":"https:\/\/www.sonnenseite.com\/de\/politik\/corona-und-die-folgen-2\/#primaryimage","url":"https:\/\/www.sonnenseite.com\/wp-content\/uploads\/2019\/07\/Lufthansa_Airbus_PitKarges-.jpg","contentUrl":"https:\/\/www.sonnenseite.com\/wp-content\/uploads\/2019\/07\/Lufthansa_Airbus_PitKarges-.jpg","width":770,"height":420,"caption":"pixabay.com | PitKarges"},{"@type":"BreadcrumbList","@id":"https:\/\/www.sonnenseite.com\/de\/politik\/corona-und-die-folgen-2\/#breadcrumb","itemListElement":[{"@type":"ListItem","position":1,"name":"Startseite","item":"https:\/\/www.sonnenseite.com\/de\/"},{"@type":"ListItem","position":2,"name":"Corona und die Folgen"}]},{"@type":"WebSite","@id":"https:\/\/www.sonnenseite.com\/de\/#website","url":"https:\/\/www.sonnenseite.com\/de\/","name":"Sonnenseite","description":"\u00d6kologische Kommunikation mit Franz Alt","publisher":{"@id":"https:\/\/www.sonnenseite.com\/de\/#organization"},"potentialAction":[{"@type":"SearchAction","target":{"@type":"EntryPoint","urlTemplate":"https:\/\/www.sonnenseite.com\/de\/?s={search_term_string}"},"query-input":{"@type":"PropertyValueSpecification","valueRequired":true,"valueName":"search_term_string"}}],"inLanguage":"de"},{"@type":"Organization","@id":"https:\/\/www.sonnenseite.com\/de\/#organization","name":"Sonnenseite","url":"https:\/\/www.sonnenseite.com\/de\/","logo":{"@type":"ImageObject","inLanguage":"de","@id":"https:\/\/www.sonnenseite.com\/de\/#\/schema\/logo\/image\/","url":"https:\/\/www.sonnenseite.com\/wp-content\/uploads\/2020\/05\/Sonnenseite_Logo.png","contentUrl":"https:\/\/www.sonnenseite.com\/wp-content\/uploads\/2020\/05\/Sonnenseite_Logo.png","width":377,"height":90,"caption":"Sonnenseite"},"image":{"@id":"https:\/\/www.sonnenseite.com\/de\/#\/schema\/logo\/image\/"},"sameAs":["https:\/\/www.facebook.com\/pages\/Franz-Alt-SONNENSEITECOM\/221072987903953?fref=ts","https:\/\/x.com\/franzalt","http:\/\/www.youtube.com\/results?search_query&amp;amp;quot;franz_alt&amp;amp;quot;&amp;amp;amp;amp;search_type&amp;amp;amp;amp;aq=f"]},{"@type":"Person","@id":"https:\/\/www.sonnenseite.com\/de\/#\/schema\/person\/50fda0e926597684c7cc6695238a4eb9","name":"Bigi Alt"}]}},"_links":{"self":[{"href":"https:\/\/www.sonnenseite.com\/de\/wp-json\/wp\/v2\/posts\/61537","targetHints":{"allow":["GET"]}}],"collection":[{"href":"https:\/\/www.sonnenseite.com\/de\/wp-json\/wp\/v2\/posts"}],"about":[{"href":"https:\/\/www.sonnenseite.com\/de\/wp-json\/wp\/v2\/types\/post"}],"author":[{"embeddable":true,"href":"https:\/\/www.sonnenseite.com\/de\/wp-json\/wp\/v2\/users\/3"}],"replies":[{"embeddable":true,"href":"https:\/\/www.sonnenseite.com\/de\/wp-json\/wp\/v2\/comments?post=61537"}],"version-history":[{"count":7,"href":"https:\/\/www.sonnenseite.com\/de\/wp-json\/wp\/v2\/posts\/61537\/revisions"}],"predecessor-version":[{"id":61544,"href":"https:\/\/www.sonnenseite.com\/de\/wp-json\/wp\/v2\/posts\/61537\/revisions\/61544"}],"wp:featuredmedia":[{"embeddable":true,"href":"https:\/\/www.sonnenseite.com\/de\/wp-json\/wp\/v2\/media\/8284"}],"wp:attachment":[{"href":"https:\/\/www.sonnenseite.com\/de\/wp-json\/wp\/v2\/media?parent=61537"}],"wp:term":[{"taxonomy":"category","embeddable":true,"href":"https:\/\/www.sonnenseite.com\/de\/wp-json\/wp\/v2\/categories?post=61537"},{"taxonomy":"post_tag","embeddable":true,"href":"https:\/\/www.sonnenseite.com\/de\/wp-json\/wp\/v2\/tags?post=61537"}],"curies":[{"name":"wp","href":"https:\/\/api.w.org\/{rel}","templated":true}]}}