{"id":61583,"date":"2020-08-13T15:33:02","date_gmt":"2020-08-13T13:33:02","guid":{"rendered":"https:\/\/www.sonnenseite.com\/?p=61583"},"modified":"2020-08-22T10:20:12","modified_gmt":"2020-08-22T08:20:12","slug":"autonomes-fahren-bringt-verkehrswende-nicht-automatisch-voran","status":"publish","type":"post","link":"https:\/\/www.sonnenseite.com\/de\/mobilitaet\/autonomes-fahren-bringt-verkehrswende-nicht-automatisch-voran\/","title":{"rendered":"Autonomes Fahren bringt Verkehrswende nicht automatisch voran"},"content":{"rendered":"\n<p>Analyse von Agora Verkehrswende beleuchtet Chancen und Risiken selbstfahrender Fahrzeuge aus klimapolitischer Sicht.<\/p>\n\n\n\n<p>Automatisierte Fahrzeuge sollten vor allem gemeinschaftlich genutzt und gut in den \u00f6ffentlichen Verkehr integriert werden. Darauf verweist der Thinktank Agora Verkehrswende in einer Analyse der Entwicklungsperspektiven. Bisher k\u00e4men die Aspekte Klimaschutz und nachhaltige Stadtentwicklung zu kurz in der Debatte \u00fcber autonomes Fahren in Deutschland. Ohne gezielte politische Steuerung drohe eine zunehmende Motorisierung mit weiterem Anstieg des Energie- und Fl\u00e4chenverbrauchs.<\/p>\n\n\n\n<p>\u201eAutonomes Fahren birgt Potenzial f\u00fcr die Verkehrswende, aber daf\u00fcr m\u00fcssen die Weichen jetzt gestellt werden, auch wenn es bis zum Durchbruch noch dauern wird\u201c, sagt Christian Hochfeld, Direktor von Agora Verkehrswende. \u201eIm Gesetz f\u00fcr autonomes Fahren, das die Bundesregierung vorbereitet, geht es bisher vor allem um rechtliche, technische und sicherheitsrelevante Fragen. Digitalisierung im Verkehr ist aber auch eine Frage von Klimaschutz und Lebensqualit\u00e4t. Das sollte sich auch in der Gesetzgebung niederschlagen. Sonst kann autonomes Fahren den Zielen der Verkehrswende zuwiderlaufen.\u201c<\/p>\n\n\n\n<h5 class=\"wp-block-heading\"><strong>Risiken: mehr Individualverkehr, mehr Energieverbrauch, mehr Zersiedelung<\/strong><\/h5>\n\n\n\n<p>Die Analyse, die das Institut f\u00fcr Verkehrsforschung am Deutschen Zentrum f\u00fcr Luft- und Raumfahrt (DLR) f\u00fcr Agora Verkehrswende erstellt hat, gibt eine \u00dcbersicht \u00fcber die Chancen und Risiken des automatisierten Fahrens f\u00fcr nachhaltige Mobilit\u00e4t. Das Hauptrisiko bestehe darin, dass der motorisierte Individualverkehr attraktiver werden und die Fahrleistung steigen k\u00f6nnte. Denn die Digitalisierung erleichtere das Autofahren und mache es auch f\u00fcr Zielgruppen zug\u00e4nglich, die bisher nicht dazu in der Lage waren.<\/p>\n\n\n\n<p>Zudem sei es m\u00f6glich, dass automatisierte Fahrzeuge vermehrt leer herumfahren und Pendlerinnen und Pendler bereit sind, l\u00e4ngere Strecken in Kauf zu nehmen, weil sie die Fahrzeit zum Arbeiten oder Ausruhen nutzen k\u00f6nnen. In der Regional- und Stadtentwicklung w\u00fcrde das zu noch gr\u00f6\u00dferer Zersiedelung f\u00fchren. Im schlimmsten Fall entstehe auch eine separate Infrastruktur f\u00fcr automatisierte Fahrzeuge, die andere Verkehrsarten wie Radfahren und Zufu\u00dfgehen einschr\u00e4nkt und den \u00f6ffentlichen Raum zus\u00e4tzlich verknappt.<\/p>\n\n\n\n<p>Die Analyse zeigt aber auch, dass die Automatisierung dazu genutzt werden kann, die Fahrleistung zu reduzieren und den Verkehr sicherer und effizienter zu gestalten. Sch\u00e4tzungen zufolge k\u00f6nnte ein \u00f6ffentlich genutztes automatisiertes Fahrzeug an einem Tag die Fahrten von bis zu elf Privatfahrzeugen \u00fcbernehmen. Voraussetzung daf\u00fcr sei jedoch die Bereitschaft, vom eigenen Auto umzusteigen. Effizienzvorteile wie das Fahren mit einheitlichem Tempo und geringen Abst\u00e4nden lie\u00dfen sich erst bei einem hohen Anteil automatisierter Fahrzeuge realisieren. Mischverkehr mit anderen Verkehrstr\u00e4gern k\u00f6nne hingegen zu mehr Aufwand und Gefahrensituationen f\u00fchren.<\/p>\n\n\n\n<h5 class=\"wp-block-heading\">Empfehlungen: Effizienzvorteile nutzen und gesellschaftliche Diskussion st\u00e4rken<\/h5>\n\n\n\n<p>Agora Verkehrswende empfiehlt daher als Leitlinie f\u00fcr die Politik, das automatisierte und vernetzte Fahren gezielt als Beitrag f\u00fcr die Verkehrswende zu gestalten. Zun\u00e4chst gehe es weiterhin darum, Verkehr zu vermeiden und auf nachhaltige Verkehrstr\u00e4ger zu verlagern. Das Grundprinzip der Daseinsvorsorge durch den \u00f6ffentlichen Verkehr m\u00fcsse im Personenbef\u00f6rderungsgesetz aufrechterhalten werden. Automatisierte Mobilit\u00e4tsangebote d\u00fcrften nicht mit dem klassischen \u00f6ffentlichen Verkehr konkurrieren, sondern sollten als Erg\u00e4nzung dienen, insbesondere dort, wo sie Effizienzvorteile bieten. In diesem Rahmen gelte es, automatisierte Fahrzeuge m\u00f6glichst effizient zu betreiben, gemeinschaftlich zu nutzen und in den \u00f6ffentlichen Verkehr zu integrieren.<\/p>\n\n\n\n<p>Dar\u00fcber hinaus empfiehlt Agora Verkehrswende auf Basis der Analyse, bei Mischverkehren mit automatisierten Fahrzeugen die Frage der Verkehrssicherheit besonders zu ber\u00fccksichtigen und bei der Planung der Infrastruktur dem Leitbild der nachhaltigen Raumordnung und Stadtentwicklung zu folgen. Eine durch Absperrungen abgetrennte Infrastruktur nur f\u00fcr automatisierte Fahrzeuge gelte es zu vermeiden. Regeln und Standards m\u00fcssten sowohl einen reibungslosen als auch sicheren Austausch von Daten erm\u00f6glichen.<\/p>\n\n\n\n<p>\u201eAutonomes Fahren kann die Mobilit\u00e4t f\u00fcr alle grunds\u00e4tzlich ver\u00e4ndern\u201c, sagt Agora-Projektmanagerin Marena P\u00fctzschler. \u201eDeshalb ist es notwendig, die gesellschaftliche Diskussion \u00fcber die Automatisierung im Verkehr zu st\u00e4rken und mit den Fragen des Klimaschutzes und der nachhaltigen Entwicklung zu verbinden.\u201c<\/p>\n\n\n\n<ul class=\"wp-block-list\"><li><a href=\"https:\/\/www.agora-verkehrswende.de\/fileadmin\/Projekte\/2020\/Automatisierung_des_Automobils\/Agora_Verkehrswende_Automatisierung_des_Automobils_und_ihre_Folgen.pdf\">Die Automatisierung des Automobils und ihre Folgen &#8211; Chancen und Risiken selbstfahrender Fahrzeuge f\u00fcr nachhaltige Mobilit\u00e4t<\/a> (pd)<\/li><\/ul>\n\n\n<h5 class=\"green\">Quelle<\/h5>\r\n\n\n\n<p><a href=\"https:\/\/www.agora-verkehrswende.de\/presse\/newsuebersicht\/?tx_news_pi1%5Bnews%5D=1628&amp;cHash=19c454b63a6e83e2ec69e3751bee3ddf\">Agora-Verkehrswende 2020<\/a><\/p>\n<div class=\"shariff shariff-align-flex-start shariff-widget-align-flex-start\"><div class=\"ShariffHeadline\">Diese Meldung teilen<\/div><ul class=\"shariff-buttons theme-round orientation-horizontal buttonsize-medium\"><li class=\"shariff-button facebook shariff-nocustomcolor\" style=\"background-color:#4273c8;border-radius:1%\"><a href=\"https:\/\/www.facebook.com\/sharer\/sharer.php?u=https%3A%2F%2Fwww.sonnenseite.com%2Fde%2Fmobilitaet%2Fautonomes-fahren-bringt-verkehrswende-nicht-automatisch-voran%2F\" title=\"Bei Facebook teilen\" aria-label=\"Bei Facebook teilen\" role=\"button\" rel=\"nofollow\" class=\"shariff-link\" style=\";border-radius:1%; background-color:#3b5998; color:#fff\" target=\"_blank\"><span class=\"shariff-icon\" style=\"\"><svg width=\"32px\" height=\"20px\" xmlns=\"http:\/\/www.w3.org\/2000\/svg\" viewBox=\"0 0 18 32\"><path fill=\"#3b5998\" d=\"M17.1 0.2v4.7h-2.8q-1.5 0-2.1 0.6t-0.5 1.9v3.4h5.2l-0.7 5.3h-4.5v13.6h-5.5v-13.6h-4.5v-5.3h4.5v-3.9q0-3.3 1.9-5.2t5-1.8q2.6 0 4.1 0.2z\"\/><\/svg><\/span><\/a><\/li><li class=\"shariff-button twitter shariff-nocustomcolor\" style=\"background-color:#595959;border-radius:1%\"><a href=\"https:\/\/twitter.com\/share?url=https%3A%2F%2Fwww.sonnenseite.com%2Fde%2Fmobilitaet%2Fautonomes-fahren-bringt-verkehrswende-nicht-automatisch-voran%2F&text=Autonomes%20Fahren%20bringt%20Verkehrswende%20nicht%20automatisch%20voran\" title=\"Bei X teilen\" aria-label=\"Bei X teilen\" role=\"button\" rel=\"noopener nofollow\" class=\"shariff-link\" style=\";border-radius:1%; background-color:#000; color:#fff\" target=\"_blank\"><span class=\"shariff-icon\" style=\"\"><svg width=\"32px\" height=\"20px\" xmlns=\"http:\/\/www.w3.org\/2000\/svg\" viewBox=\"0 0 24 24\"><path fill=\"#000\" d=\"M14.258 10.152L23.176 0h-2.113l-7.747 8.813L7.133 0H0l9.352 13.328L0 23.973h2.113l8.176-9.309 6.531 9.309h7.133zm-2.895 3.293l-.949-1.328L2.875 1.56h3.246l6.086 8.523.945 1.328 7.91 11.078h-3.246zm0 0\"\/><\/svg><\/span><\/a><\/li><li class=\"shariff-button xing shariff-nocustomcolor\" style=\"background-color:#29888a;border-radius:1%\"><a href=\"https:\/\/www.xing.com\/spi\/shares\/new?url=https%3A%2F%2Fwww.sonnenseite.com%2Fde%2Fmobilitaet%2Fautonomes-fahren-bringt-verkehrswende-nicht-automatisch-voran%2F\" title=\"Bei XING teilen\" aria-label=\"Bei XING teilen\" role=\"button\" rel=\"noopener nofollow\" class=\"shariff-link\" style=\";border-radius:1%; background-color:#126567; color:#fff\" target=\"_blank\"><span class=\"shariff-icon\" style=\"\"><svg width=\"32px\" height=\"20px\" xmlns=\"http:\/\/www.w3.org\/2000\/svg\" viewBox=\"0 0 25 32\"><path fill=\"#126567\" d=\"M10.7 11.9q-0.2 0.3-4.6 8.2-0.5 0.8-1.2 0.8h-4.3q-0.4 0-0.5-0.3t0-0.6l4.5-8q0 0 0 0l-2.9-5q-0.2-0.4 0-0.7 0.2-0.3 0.5-0.3h4.3q0.7 0 1.2 0.8zM25.1 0.4q0.2 0.3 0 0.7l-9.4 16.7 6 11q0.2 0.4 0 0.6-0.2 0.3-0.6 0.3h-4.3q-0.7 0-1.2-0.8l-6-11.1q0.3-0.6 9.5-16.8 0.4-0.8 1.2-0.8h4.3q0.4 0 0.5 0.3z\"\/><\/svg><\/span><\/a><\/li><li class=\"shariff-button linkedin shariff-nocustomcolor\" style=\"background-color:#1488bf;border-radius:1%\"><a href=\"https:\/\/www.linkedin.com\/sharing\/share-offsite\/?url=https%3A%2F%2Fwww.sonnenseite.com%2Fde%2Fmobilitaet%2Fautonomes-fahren-bringt-verkehrswende-nicht-automatisch-voran%2F\" title=\"Bei LinkedIn teilen\" aria-label=\"Bei LinkedIn teilen\" role=\"button\" rel=\"noopener nofollow\" class=\"shariff-link\" style=\";border-radius:1%; background-color:#0077b5; color:#fff\" target=\"_blank\"><span class=\"shariff-icon\" style=\"\"><svg width=\"32px\" height=\"20px\" xmlns=\"http:\/\/www.w3.org\/2000\/svg\" viewBox=\"0 0 27 32\"><path fill=\"#0077b5\" d=\"M6.2 11.2v17.7h-5.9v-17.7h5.9zM6.6 5.7q0 1.3-0.9 2.2t-2.4 0.9h0q-1.5 0-2.4-0.9t-0.9-2.2 0.9-2.2 2.4-0.9 2.4 0.9 0.9 2.2zM27.4 18.7v10.1h-5.9v-9.5q0-1.9-0.7-2.9t-2.3-1.1q-1.1 0-1.9 0.6t-1.2 1.5q-0.2 0.5-0.2 1.4v9.9h-5.9q0-7.1 0-11.6t0-5.3l0-0.9h5.9v2.6h0q0.4-0.6 0.7-1t1-0.9 1.6-0.8 2-0.3q3 0 4.9 2t1.9 6z\"\/><\/svg><\/span><\/a><\/li><li class=\"shariff-button printer shariff-nocustomcolor\" style=\"background-color:#a8a8a8;border-radius:1%\"><a href=\"javascript:window.print()\" title=\"drucken\" aria-label=\"drucken\" role=\"button\" rel=\"noopener nofollow\" class=\"shariff-link\" style=\";border-radius:1%; background-color:#999; color:#fff\"><span class=\"shariff-icon\" style=\"\"><svg width=\"32px\" height=\"20px\" xmlns=\"http:\/\/www.w3.org\/2000\/svg\" viewBox=\"0 0 30 32\"><path fill=\"#999\" d=\"M6.8 27.4h16v-4.6h-16v4.6zM6.8 16h16v-6.8h-2.8q-0.7 0-1.2-0.5t-0.5-1.2v-2.8h-11.4v11.4zM27.4 17.2q0-0.5-0.3-0.8t-0.8-0.4-0.8 0.4-0.3 0.8 0.3 0.8 0.8 0.3 0.8-0.3 0.3-0.8zM29.7 17.2v7.4q0 0.2-0.2 0.4t-0.4 0.2h-4v2.8q0 0.7-0.5 1.2t-1.2 0.5h-17.2q-0.7 0-1.2-0.5t-0.5-1.2v-2.8h-4q-0.2 0-0.4-0.2t-0.2-0.4v-7.4q0-1.4 1-2.4t2.4-1h1.2v-9.7q0-0.7 0.5-1.2t1.2-0.5h12q0.7 0 1.6 0.4t1.3 0.8l2.7 2.7q0.5 0.5 0.9 1.4t0.4 1.6v4.6h1.1q1.4 0 2.4 1t1 2.4z\"\/><\/svg><\/span><\/a><\/li><li class=\"shariff-button mailto shariff-nocustomcolor\" style=\"background-color:#a8a8a8;border-radius:1%\"><a href=\"mailto:?body=https%3A%2F%2Fwww.sonnenseite.com%2Fde%2Fmobilitaet%2Fautonomes-fahren-bringt-verkehrswende-nicht-automatisch-voran%2F&subject=Autonomes%20Fahren%20bringt%20Verkehrswende%20nicht%20automatisch%20voran\" title=\"Per E-Mail versenden\" aria-label=\"Per E-Mail versenden\" role=\"button\" rel=\"noopener nofollow\" class=\"shariff-link\" style=\";border-radius:1%; background-color:#999; color:#fff\"><span class=\"shariff-icon\" style=\"\"><svg width=\"32px\" height=\"20px\" xmlns=\"http:\/\/www.w3.org\/2000\/svg\" viewBox=\"0 0 32 32\"><path fill=\"#999\" d=\"M32 12.7v14.2q0 1.2-0.8 2t-2 0.9h-26.3q-1.2 0-2-0.9t-0.8-2v-14.2q0.8 0.9 1.8 1.6 6.5 4.4 8.9 6.1 1 0.8 1.6 1.2t1.7 0.9 2 0.4h0.1q0.9 0 2-0.4t1.7-0.9 1.6-1.2q3-2.2 8.9-6.1 1-0.7 1.8-1.6zM32 7.4q0 1.4-0.9 2.7t-2.2 2.2q-6.7 4.7-8.4 5.8-0.2 0.1-0.7 0.5t-1 0.7-0.9 0.6-1.1 0.5-0.9 0.2h-0.1q-0.4 0-0.9-0.2t-1.1-0.5-0.9-0.6-1-0.7-0.7-0.5q-1.6-1.1-4.7-3.2t-3.6-2.6q-1.1-0.7-2.1-2t-1-2.5q0-1.4 0.7-2.3t2.1-0.9h26.3q1.2 0 2 0.8t0.9 2z\"\/><\/svg><\/span><\/a><\/li><\/ul><\/div>","protected":false},"excerpt":{"rendered":"<p>Analyse von Agora Verkehrswende beleuchtet Chancen und Risiken selbstfahrender Fahrzeuge aus klimapolitischer Sicht. Automatisierte Fahrzeuge sollten [&hellip;]<\/p>\n","protected":false},"author":3,"featured_media":21511,"comment_status":"closed","ping_status":"closed","sticky":false,"template":"","format":"standard","meta":{"inline_featured_image":false,"footnotes":""},"categories":[25],"tags":[],"class_list":["post-61583","post","type-post","status-publish","format-standard","has-post-thumbnail","hentry","category-mobilitaet"],"yoast_head":"<!-- This site is optimized with the Yoast SEO plugin v26.5 - https:\/\/yoast.com\/wordpress\/plugins\/seo\/ -->\n<title>Autonomes Fahren bringt Verkehrswende nicht automatisch voran - Sonnenseite - \u00d6kologische Kommunikation mit Franz Alt<\/title>\n<meta name=\"description\" content=\"Analyse von Agora Verkehrswende beleuchtet Chancen und Risiken selbstfahrender Fahrzeuge aus klimapolitischer Sicht. Automatisierte Fahrzeuge sollten vor\" \/>\n<meta name=\"robots\" content=\"index, follow, max-snippet:-1, max-image-preview:large, max-video-preview:-1\" \/>\n<link rel=\"canonical\" href=\"https:\/\/www.sonnenseite.com\/de\/mobilitaet\/autonomes-fahren-bringt-verkehrswende-nicht-automatisch-voran\/\" \/>\n<meta property=\"og:locale\" content=\"de_DE\" \/>\n<meta property=\"og:type\" content=\"article\" \/>\n<meta property=\"og:title\" content=\"Autonomes Fahren bringt Verkehrswende nicht automatisch voran - Sonnenseite - \u00d6kologische Kommunikation mit Franz Alt\" \/>\n<meta property=\"og:description\" content=\"Analyse von Agora Verkehrswende beleuchtet Chancen und Risiken selbstfahrender Fahrzeuge aus klimapolitischer Sicht. Automatisierte Fahrzeuge sollten vor\" \/>\n<meta property=\"og:url\" content=\"https:\/\/www.sonnenseite.com\/de\/mobilitaet\/autonomes-fahren-bringt-verkehrswende-nicht-automatisch-voran\/\" \/>\n<meta property=\"og:site_name\" content=\"Sonnenseite\" \/>\n<meta property=\"article:publisher\" content=\"https:\/\/www.facebook.com\/pages\/Franz-Alt-SONNENSEITECOM\/221072987903953?fref=ts\" \/>\n<meta property=\"article:published_time\" content=\"2020-08-13T13:33:02+00:00\" \/>\n<meta property=\"article:modified_time\" content=\"2020-08-22T08:20:12+00:00\" \/>\n<meta property=\"og:image\" content=\"https:\/\/www.sonnenseite.com\/wp-content\/uploads\/2018\/01\/Auto_cockpit_chombosan.jpg\" \/>\n\t<meta property=\"og:image:width\" content=\"770\" \/>\n\t<meta property=\"og:image:height\" content=\"420\" \/>\n\t<meta property=\"og:image:type\" content=\"image\/jpeg\" \/>\n<meta name=\"author\" content=\"Bigi Alt\" \/>\n<meta name=\"twitter:card\" content=\"summary_large_image\" \/>\n<meta name=\"twitter:creator\" content=\"@franzalt\" \/>\n<meta name=\"twitter:site\" content=\"@franzalt\" \/>\n<meta name=\"twitter:label1\" content=\"Verfasst von\" \/>\n\t<meta name=\"twitter:data1\" content=\"Bigi Alt\" \/>\n\t<meta name=\"twitter:label2\" content=\"Gesch\u00e4tzte Lesezeit\" \/>\n\t<meta name=\"twitter:data2\" content=\"3\u00a0Minuten\" \/>\n<script type=\"application\/ld+json\" class=\"yoast-schema-graph\">{\"@context\":\"https:\/\/schema.org\",\"@graph\":[{\"@type\":\"Article\",\"@id\":\"https:\/\/www.sonnenseite.com\/de\/mobilitaet\/autonomes-fahren-bringt-verkehrswende-nicht-automatisch-voran\/#article\",\"isPartOf\":{\"@id\":\"https:\/\/www.sonnenseite.com\/de\/mobilitaet\/autonomes-fahren-bringt-verkehrswende-nicht-automatisch-voran\/\"},\"author\":{\"name\":\"Bigi Alt\",\"@id\":\"https:\/\/www.sonnenseite.com\/de\/#\/schema\/person\/50fda0e926597684c7cc6695238a4eb9\"},\"headline\":\"Autonomes Fahren bringt Verkehrswende nicht automatisch voran\",\"datePublished\":\"2020-08-13T13:33:02+00:00\",\"dateModified\":\"2020-08-22T08:20:12+00:00\",\"mainEntityOfPage\":{\"@id\":\"https:\/\/www.sonnenseite.com\/de\/mobilitaet\/autonomes-fahren-bringt-verkehrswende-nicht-automatisch-voran\/\"},\"wordCount\":665,\"publisher\":{\"@id\":\"https:\/\/www.sonnenseite.com\/de\/#organization\"},\"image\":{\"@id\":\"https:\/\/www.sonnenseite.com\/de\/mobilitaet\/autonomes-fahren-bringt-verkehrswende-nicht-automatisch-voran\/#primaryimage\"},\"thumbnailUrl\":\"https:\/\/www.sonnenseite.com\/wp-content\/uploads\/2018\/01\/Auto_cockpit_chombosan.jpg\",\"articleSection\":[\"Mobilit\u00e4t\"],\"inLanguage\":\"de\"},{\"@type\":\"WebPage\",\"@id\":\"https:\/\/www.sonnenseite.com\/de\/mobilitaet\/autonomes-fahren-bringt-verkehrswende-nicht-automatisch-voran\/\",\"url\":\"https:\/\/www.sonnenseite.com\/de\/mobilitaet\/autonomes-fahren-bringt-verkehrswende-nicht-automatisch-voran\/\",\"name\":\"Autonomes Fahren bringt Verkehrswende nicht automatisch voran - Sonnenseite - \u00d6kologische Kommunikation mit Franz Alt\",\"isPartOf\":{\"@id\":\"https:\/\/www.sonnenseite.com\/de\/#website\"},\"primaryImageOfPage\":{\"@id\":\"https:\/\/www.sonnenseite.com\/de\/mobilitaet\/autonomes-fahren-bringt-verkehrswende-nicht-automatisch-voran\/#primaryimage\"},\"image\":{\"@id\":\"https:\/\/www.sonnenseite.com\/de\/mobilitaet\/autonomes-fahren-bringt-verkehrswende-nicht-automatisch-voran\/#primaryimage\"},\"thumbnailUrl\":\"https:\/\/www.sonnenseite.com\/wp-content\/uploads\/2018\/01\/Auto_cockpit_chombosan.jpg\",\"datePublished\":\"2020-08-13T13:33:02+00:00\",\"dateModified\":\"2020-08-22T08:20:12+00:00\",\"description\":\"Analyse von Agora Verkehrswende beleuchtet Chancen und Risiken selbstfahrender Fahrzeuge aus klimapolitischer Sicht. Automatisierte Fahrzeuge sollten vor\",\"breadcrumb\":{\"@id\":\"https:\/\/www.sonnenseite.com\/de\/mobilitaet\/autonomes-fahren-bringt-verkehrswende-nicht-automatisch-voran\/#breadcrumb\"},\"inLanguage\":\"de\",\"potentialAction\":[{\"@type\":\"ReadAction\",\"target\":[\"https:\/\/www.sonnenseite.com\/de\/mobilitaet\/autonomes-fahren-bringt-verkehrswende-nicht-automatisch-voran\/\"]}]},{\"@type\":\"ImageObject\",\"inLanguage\":\"de\",\"@id\":\"https:\/\/www.sonnenseite.com\/de\/mobilitaet\/autonomes-fahren-bringt-verkehrswende-nicht-automatisch-voran\/#primaryimage\",\"url\":\"https:\/\/www.sonnenseite.com\/wp-content\/uploads\/2018\/01\/Auto_cockpit_chombosan.jpg\",\"contentUrl\":\"https:\/\/www.sonnenseite.com\/wp-content\/uploads\/2018\/01\/Auto_cockpit_chombosan.jpg\",\"width\":770,\"height\":420,\"caption\":\"Fotolia.com | chombosan | Der Nutzen der Automatisierung f\u00fcr den \u00f6ffentlichen und den Wirtschaftsverkehr ist weitestgehend unstrittig. Die Automatisierung des motorisierten Individualverkehrs ist dagegen auch mit gr\u00f6\u00dferen Risiken f\u00fcr die nachhaltige Mobilit\u00e4t verbunden.\"},{\"@type\":\"BreadcrumbList\",\"@id\":\"https:\/\/www.sonnenseite.com\/de\/mobilitaet\/autonomes-fahren-bringt-verkehrswende-nicht-automatisch-voran\/#breadcrumb\",\"itemListElement\":[{\"@type\":\"ListItem\",\"position\":1,\"name\":\"Startseite\",\"item\":\"https:\/\/www.sonnenseite.com\/de\/\"},{\"@type\":\"ListItem\",\"position\":2,\"name\":\"Autonomes Fahren bringt Verkehrswende nicht automatisch voran\"}]},{\"@type\":\"WebSite\",\"@id\":\"https:\/\/www.sonnenseite.com\/de\/#website\",\"url\":\"https:\/\/www.sonnenseite.com\/de\/\",\"name\":\"Sonnenseite\",\"description\":\"\u00d6kologische Kommunikation mit Franz Alt\",\"publisher\":{\"@id\":\"https:\/\/www.sonnenseite.com\/de\/#organization\"},\"potentialAction\":[{\"@type\":\"SearchAction\",\"target\":{\"@type\":\"EntryPoint\",\"urlTemplate\":\"https:\/\/www.sonnenseite.com\/de\/?s={search_term_string}\"},\"query-input\":{\"@type\":\"PropertyValueSpecification\",\"valueRequired\":true,\"valueName\":\"search_term_string\"}}],\"inLanguage\":\"de\"},{\"@type\":\"Organization\",\"@id\":\"https:\/\/www.sonnenseite.com\/de\/#organization\",\"name\":\"Sonnenseite\",\"url\":\"https:\/\/www.sonnenseite.com\/de\/\",\"logo\":{\"@type\":\"ImageObject\",\"inLanguage\":\"de\",\"@id\":\"https:\/\/www.sonnenseite.com\/de\/#\/schema\/logo\/image\/\",\"url\":\"https:\/\/www.sonnenseite.com\/wp-content\/uploads\/2020\/05\/Sonnenseite_Logo.png\",\"contentUrl\":\"https:\/\/www.sonnenseite.com\/wp-content\/uploads\/2020\/05\/Sonnenseite_Logo.png\",\"width\":377,\"height\":90,\"caption\":\"Sonnenseite\"},\"image\":{\"@id\":\"https:\/\/www.sonnenseite.com\/de\/#\/schema\/logo\/image\/\"},\"sameAs\":[\"https:\/\/www.facebook.com\/pages\/Franz-Alt-SONNENSEITECOM\/221072987903953?fref=ts\",\"https:\/\/x.com\/franzalt\",\"http:\/\/www.youtube.com\/results?search_query&amp;amp;quot;franz_alt&amp;amp;quot;&amp;amp;amp;amp;search_type&amp;amp;amp;amp;aq=f\"]},{\"@type\":\"Person\",\"@id\":\"https:\/\/www.sonnenseite.com\/de\/#\/schema\/person\/50fda0e926597684c7cc6695238a4eb9\",\"name\":\"Bigi Alt\"}]}<\/script>\n<!-- \/ Yoast SEO plugin. -->","yoast_head_json":{"title":"Autonomes Fahren bringt Verkehrswende nicht automatisch voran - Sonnenseite - \u00d6kologische Kommunikation mit Franz Alt","description":"Analyse von Agora Verkehrswende beleuchtet Chancen und Risiken selbstfahrender Fahrzeuge aus klimapolitischer Sicht. Automatisierte Fahrzeuge sollten vor","robots":{"index":"index","follow":"follow","max-snippet":"max-snippet:-1","max-image-preview":"max-image-preview:large","max-video-preview":"max-video-preview:-1"},"canonical":"https:\/\/www.sonnenseite.com\/de\/mobilitaet\/autonomes-fahren-bringt-verkehrswende-nicht-automatisch-voran\/","og_locale":"de_DE","og_type":"article","og_title":"Autonomes Fahren bringt Verkehrswende nicht automatisch voran - Sonnenseite - \u00d6kologische Kommunikation mit Franz Alt","og_description":"Analyse von Agora Verkehrswende beleuchtet Chancen und Risiken selbstfahrender Fahrzeuge aus klimapolitischer Sicht. Automatisierte Fahrzeuge sollten vor","og_url":"https:\/\/www.sonnenseite.com\/de\/mobilitaet\/autonomes-fahren-bringt-verkehrswende-nicht-automatisch-voran\/","og_site_name":"Sonnenseite","article_publisher":"https:\/\/www.facebook.com\/pages\/Franz-Alt-SONNENSEITECOM\/221072987903953?fref=ts","article_published_time":"2020-08-13T13:33:02+00:00","article_modified_time":"2020-08-22T08:20:12+00:00","og_image":[{"width":770,"height":420,"url":"https:\/\/www.sonnenseite.com\/wp-content\/uploads\/2018\/01\/Auto_cockpit_chombosan.jpg","type":"image\/jpeg"}],"author":"Bigi Alt","twitter_card":"summary_large_image","twitter_creator":"@franzalt","twitter_site":"@franzalt","twitter_misc":{"Verfasst von":"Bigi Alt","Gesch\u00e4tzte Lesezeit":"3\u00a0Minuten"},"schema":{"@context":"https:\/\/schema.org","@graph":[{"@type":"Article","@id":"https:\/\/www.sonnenseite.com\/de\/mobilitaet\/autonomes-fahren-bringt-verkehrswende-nicht-automatisch-voran\/#article","isPartOf":{"@id":"https:\/\/www.sonnenseite.com\/de\/mobilitaet\/autonomes-fahren-bringt-verkehrswende-nicht-automatisch-voran\/"},"author":{"name":"Bigi Alt","@id":"https:\/\/www.sonnenseite.com\/de\/#\/schema\/person\/50fda0e926597684c7cc6695238a4eb9"},"headline":"Autonomes Fahren bringt Verkehrswende nicht automatisch voran","datePublished":"2020-08-13T13:33:02+00:00","dateModified":"2020-08-22T08:20:12+00:00","mainEntityOfPage":{"@id":"https:\/\/www.sonnenseite.com\/de\/mobilitaet\/autonomes-fahren-bringt-verkehrswende-nicht-automatisch-voran\/"},"wordCount":665,"publisher":{"@id":"https:\/\/www.sonnenseite.com\/de\/#organization"},"image":{"@id":"https:\/\/www.sonnenseite.com\/de\/mobilitaet\/autonomes-fahren-bringt-verkehrswende-nicht-automatisch-voran\/#primaryimage"},"thumbnailUrl":"https:\/\/www.sonnenseite.com\/wp-content\/uploads\/2018\/01\/Auto_cockpit_chombosan.jpg","articleSection":["Mobilit\u00e4t"],"inLanguage":"de"},{"@type":"WebPage","@id":"https:\/\/www.sonnenseite.com\/de\/mobilitaet\/autonomes-fahren-bringt-verkehrswende-nicht-automatisch-voran\/","url":"https:\/\/www.sonnenseite.com\/de\/mobilitaet\/autonomes-fahren-bringt-verkehrswende-nicht-automatisch-voran\/","name":"Autonomes Fahren bringt Verkehrswende nicht automatisch voran - Sonnenseite - \u00d6kologische Kommunikation mit Franz Alt","isPartOf":{"@id":"https:\/\/www.sonnenseite.com\/de\/#website"},"primaryImageOfPage":{"@id":"https:\/\/www.sonnenseite.com\/de\/mobilitaet\/autonomes-fahren-bringt-verkehrswende-nicht-automatisch-voran\/#primaryimage"},"image":{"@id":"https:\/\/www.sonnenseite.com\/de\/mobilitaet\/autonomes-fahren-bringt-verkehrswende-nicht-automatisch-voran\/#primaryimage"},"thumbnailUrl":"https:\/\/www.sonnenseite.com\/wp-content\/uploads\/2018\/01\/Auto_cockpit_chombosan.jpg","datePublished":"2020-08-13T13:33:02+00:00","dateModified":"2020-08-22T08:20:12+00:00","description":"Analyse von Agora Verkehrswende beleuchtet Chancen und Risiken selbstfahrender Fahrzeuge aus klimapolitischer Sicht. Automatisierte Fahrzeuge sollten vor","breadcrumb":{"@id":"https:\/\/www.sonnenseite.com\/de\/mobilitaet\/autonomes-fahren-bringt-verkehrswende-nicht-automatisch-voran\/#breadcrumb"},"inLanguage":"de","potentialAction":[{"@type":"ReadAction","target":["https:\/\/www.sonnenseite.com\/de\/mobilitaet\/autonomes-fahren-bringt-verkehrswende-nicht-automatisch-voran\/"]}]},{"@type":"ImageObject","inLanguage":"de","@id":"https:\/\/www.sonnenseite.com\/de\/mobilitaet\/autonomes-fahren-bringt-verkehrswende-nicht-automatisch-voran\/#primaryimage","url":"https:\/\/www.sonnenseite.com\/wp-content\/uploads\/2018\/01\/Auto_cockpit_chombosan.jpg","contentUrl":"https:\/\/www.sonnenseite.com\/wp-content\/uploads\/2018\/01\/Auto_cockpit_chombosan.jpg","width":770,"height":420,"caption":"Fotolia.com | chombosan | Der Nutzen der Automatisierung f\u00fcr den \u00f6ffentlichen und den Wirtschaftsverkehr ist weitestgehend unstrittig. Die Automatisierung des motorisierten Individualverkehrs ist dagegen auch mit gr\u00f6\u00dferen Risiken f\u00fcr die nachhaltige Mobilit\u00e4t verbunden."},{"@type":"BreadcrumbList","@id":"https:\/\/www.sonnenseite.com\/de\/mobilitaet\/autonomes-fahren-bringt-verkehrswende-nicht-automatisch-voran\/#breadcrumb","itemListElement":[{"@type":"ListItem","position":1,"name":"Startseite","item":"https:\/\/www.sonnenseite.com\/de\/"},{"@type":"ListItem","position":2,"name":"Autonomes Fahren bringt Verkehrswende nicht automatisch voran"}]},{"@type":"WebSite","@id":"https:\/\/www.sonnenseite.com\/de\/#website","url":"https:\/\/www.sonnenseite.com\/de\/","name":"Sonnenseite","description":"\u00d6kologische Kommunikation mit Franz Alt","publisher":{"@id":"https:\/\/www.sonnenseite.com\/de\/#organization"},"potentialAction":[{"@type":"SearchAction","target":{"@type":"EntryPoint","urlTemplate":"https:\/\/www.sonnenseite.com\/de\/?s={search_term_string}"},"query-input":{"@type":"PropertyValueSpecification","valueRequired":true,"valueName":"search_term_string"}}],"inLanguage":"de"},{"@type":"Organization","@id":"https:\/\/www.sonnenseite.com\/de\/#organization","name":"Sonnenseite","url":"https:\/\/www.sonnenseite.com\/de\/","logo":{"@type":"ImageObject","inLanguage":"de","@id":"https:\/\/www.sonnenseite.com\/de\/#\/schema\/logo\/image\/","url":"https:\/\/www.sonnenseite.com\/wp-content\/uploads\/2020\/05\/Sonnenseite_Logo.png","contentUrl":"https:\/\/www.sonnenseite.com\/wp-content\/uploads\/2020\/05\/Sonnenseite_Logo.png","width":377,"height":90,"caption":"Sonnenseite"},"image":{"@id":"https:\/\/www.sonnenseite.com\/de\/#\/schema\/logo\/image\/"},"sameAs":["https:\/\/www.facebook.com\/pages\/Franz-Alt-SONNENSEITECOM\/221072987903953?fref=ts","https:\/\/x.com\/franzalt","http:\/\/www.youtube.com\/results?search_query&amp;amp;quot;franz_alt&amp;amp;quot;&amp;amp;amp;amp;search_type&amp;amp;amp;amp;aq=f"]},{"@type":"Person","@id":"https:\/\/www.sonnenseite.com\/de\/#\/schema\/person\/50fda0e926597684c7cc6695238a4eb9","name":"Bigi Alt"}]}},"_links":{"self":[{"href":"https:\/\/www.sonnenseite.com\/de\/wp-json\/wp\/v2\/posts\/61583","targetHints":{"allow":["GET"]}}],"collection":[{"href":"https:\/\/www.sonnenseite.com\/de\/wp-json\/wp\/v2\/posts"}],"about":[{"href":"https:\/\/www.sonnenseite.com\/de\/wp-json\/wp\/v2\/types\/post"}],"author":[{"embeddable":true,"href":"https:\/\/www.sonnenseite.com\/de\/wp-json\/wp\/v2\/users\/3"}],"replies":[{"embeddable":true,"href":"https:\/\/www.sonnenseite.com\/de\/wp-json\/wp\/v2\/comments?post=61583"}],"version-history":[{"count":2,"href":"https:\/\/www.sonnenseite.com\/de\/wp-json\/wp\/v2\/posts\/61583\/revisions"}],"predecessor-version":[{"id":61585,"href":"https:\/\/www.sonnenseite.com\/de\/wp-json\/wp\/v2\/posts\/61583\/revisions\/61585"}],"wp:featuredmedia":[{"embeddable":true,"href":"https:\/\/www.sonnenseite.com\/de\/wp-json\/wp\/v2\/media\/21511"}],"wp:attachment":[{"href":"https:\/\/www.sonnenseite.com\/de\/wp-json\/wp\/v2\/media?parent=61583"}],"wp:term":[{"taxonomy":"category","embeddable":true,"href":"https:\/\/www.sonnenseite.com\/de\/wp-json\/wp\/v2\/categories?post=61583"},{"taxonomy":"post_tag","embeddable":true,"href":"https:\/\/www.sonnenseite.com\/de\/wp-json\/wp\/v2\/tags?post=61583"}],"curies":[{"name":"wp","href":"https:\/\/api.w.org\/{rel}","templated":true}]}}