{"id":61752,"date":"2020-08-17T16:02:29","date_gmt":"2020-08-17T14:02:29","guid":{"rendered":"https:\/\/www.sonnenseite.com\/?p=61752"},"modified":"2020-08-17T16:12:44","modified_gmt":"2020-08-17T14:12:44","slug":"atomenergie-ist-kein-heilsbringer-fuer-den-klimaschutz","status":"publish","type":"post","link":"https:\/\/www.sonnenseite.com\/de\/energie\/atomenergie-ist-kein-heilsbringer-fuer-den-klimaschutz\/","title":{"rendered":"Atomenergie ist kein Heilsbringer f\u00fcr den Klimaschutz"},"content":{"rendered":"\n<p>Sp\u00e4testens seit diesem Sommer ist die <a href=\"https:\/\/hans-josef-fell.de\/atomrenaissance-weltweit-keine-chance-trotz-aller-propaganda\/\" target=\"_blank\" rel=\"noreferrer noopener\">Diskussion um eventuelle Laufzeitverl\u00e4ngerung<\/a> der deutschen Atomkraftwerke wieder in vollem Gange.<\/p>\n\n\n\n<p>Es ist der Versuch den politisch bereits beschlossenen vollst\u00e4ndigen Atomausstieg bis Ende 2022 wieder aus der Versenkung zu holen, aber selbstverst\u00e4ndlich wird alles und ausschlie\u00dflich im Sinne des Klimaschutzes gefordert.<\/p>\n\n\n\n<p>Die Bef\u00fcrworter*innen der Atomkraft berufen sich hierbei h\u00e4ufig auf den angeblich enormen Effekt, den ein Weiterbetrieb der Kraftwerke auf die Reduzierung der deutschen CO<sub>2<\/sub>-Emissionen h\u00e4tte. Demnach sind beispielsweise Annahmen im Umlauf, nach denen eben jener Weiterbetrieb bis zu 10% der deutschen CO<sub>2<\/sub>-Emissionen j\u00e4hrlich einsparen k\u00f6nnte, einfach weil durch die am Netz bleibenden Atomkraftwerke automatisch Kohlekraftwerke vom Netz genommen werden w\u00fcrden. Wir m\u00fcssen also einfach nur die sechs noch im Betrieb befindlichen Atomkraftwerke, <span style=\"color:#ff6900\" class=\"color\">die sogenannten Ger6,<\/span> weiterhin betreiben und schon h\u00e4tten wir dem Klima einen riesigen Gefallen getan. Doch so einfach, wie sich das so manche Nuklear-Fans vorstellen, ist es nicht.<\/p>\n\n\n\n<p>Die Bef\u00fcrworter einer Laufzeitverl\u00e4ngerung ignorieren offensichtlich die nuklearen Gefahren, die von den Kraftwerken selbst ausgehen und das Risiko der Proliferation, ebenso, wie die Tatsache, dass nahezu kein Kernkraftwerk der Welt rentabel betrieben werden kann, sondern \u2013 nach den <a href=\"https:\/\/www.diw.de\/de\/diw_01.c.670481.de\/publikationen\/wochenberichte\/2019_30_1\/zu_teuer_und_gefaehrlich__atomkraft_ist_keine_option_fuer_eine_klimafreundliche_energieversorgung.html#section2\" target=\"_blank\" rel=\"noreferrer noopener\">Zahlen des Deutschen Instituts f\u00fcr Wirtschaftsforschung (DIW)<\/a> \u2013 bestenfalls \u201enur\u201c 1,5 Milliarden Euro Verluste pro Gigawatt macht.<\/p>\n\n\n\n<p>Dazu kommen die hohen externen Kosten, die entlang der Wertsch\u00f6pfungskette entstehen, Strahlen-Emissionen bei Uranbergbau, m\u00f6gliche Strahlen-Emissionen beim Betrieb, den langwierigen und technisch anspruchsvollen R\u00fcckbau, die ungekl\u00e4rte Frage der langfristigen Lagerung von Atomabf\u00e4llen.<\/p>\n\n\n\n<p>Und gerade die gesundheitlichen Auswirkungen der durch die Kernenergie verursachten radioaktiven Belastungen wurden und werden von Beh\u00f6rden, Regierungen und anderen Institutionen vertuscht, verschwiegen, kleingeredet und in wichtigen Entscheidungen pro Atom ignoriert. In einer sehenswerten <a href=\"https:\/\/www.arte.tv\/de\/videos\/087958-000-A\/unser-freund-das-atom\/\" target=\"_blank\" rel=\"noreferrer noopener\">Dokumentation von Arte<\/a> aus dem letzten Jahr wurde hervorragend zusammengetragen, wie Atomlobby, Regierungen, Beh\u00f6rden und Forschungseinrichtungen zusammenarbeiten, um das wahre Ausma\u00df der radioaktiven Folgen nicht offensichtlich werden zu lassen. Die Dokumentation liefert eine umfassende historische Untersuchung von hundert Jahren Radioaktivit\u00e4t, erinnert an ihre Opfer, von den Eheleuten Curie bis Fukushima, und deckt die L\u00fcgen der Atomindustrie auf.<\/p>\n\n\n\n<p>Die Dokumentation wird am kommenden Sonntag, <a href=\"https:\/\/www.arte.tv\/de\/videos\/087958-000-A\/unser-freund-das-atom\/\" target=\"_blank\" rel=\"noreferrer noopener\">23. August, &nbsp;um 12:25 Uhr<\/a> erneut gesendet. Sie ist f\u00fcr alle zu empfehlen, die immer noch glauben, Atomenergie sei ein kleineres \u00dcbel gegen\u00fcber der Klimakatastrophe.<\/p>\n\n\n\n<p>Doch auch wenn man alle diese schlimmen Auswirkungen der Radioaktivit\u00e4t ignoriert, w\u00fcrde ein Weiterbetrieb der Ger6 nicht einmal dem Klima helfen.<\/p>\n\n\n\n<p><strong>Das CO<sub>2<\/sub>-Einsparpotential der Ger6 wird massiv \u00fcbersch\u00e4tzt<\/strong><\/p>\n\n\n\n<p>Selbst unter g\u00fcnstigsten (unrealistischen) Bedingungen, also nahezu durchgehend unter Volllast laufenden Kraftwerken, w\u00e4ren die Ger6 lediglich dazu in der Lage ca. 32 Millionen Tonnen CO<sub>2<\/sub> einzusparen. Gemessen an den j\u00e4hrlichen deutschen gesamten CO<sub>2<\/sub>-Emissionen (751 Millionen Tonnen), sind das also nur ca. 4% und nicht die vielfach behaupteten 10 %. Dieser Anteil 4% ist etwas h\u00f6her, wenn man das Einsparpotential ausschlie\u00dflich auf den Stromsektor bezieht (223 Millionen Tonnen).<\/p>\n\n\n\n<p><strong>Das CO<sub>2<\/sub>-Einsparpotential der Ger6 ist nur von kurzer Dauer<\/strong><\/p>\n\n\n\n<p>Die derzeit noch laufenden Atomkraftwerke gingen zwischen 1985 und 1988 ans Netz und f\u00fcr alle ist ein Betrieb von rund 40 Jahren vorgesehen, ob mit oder ohne Atomausstieg. Das hei\u00dft, laut Hersteller sollten diese Kraftwerke ohnehin zwischen 2025 und 2028 vom Netz gehen. Selbst davon ausgehend, dass alle Kraftwerke bis 2028 am Netz bleiben, w\u00fcrde sich das j\u00e4hrliche Einsparpotential von 32 Millionen Tonnen CO<sub>2<\/sub> nur \u00fcber 6-7 Jahre erstrecken. Denn jede weitere Laufzeitverl\u00e4ngerung w\u00e4re mit enormen Kosten und Risiken verbunden, um den (nie ganz) sicheren Betrieb zu gew\u00e4hrleisten, die Kraftwerke zu warten und Instand zu halten. Die Reaktoren \u00fcber das Jahr 2028 (bzw. 2025) weiterhin zu betreiben, w\u00fcrde erhebliche zus\u00e4tzliche Kosten f\u00fcr die technische Ert\u00fcchtigung bedeuten, die schnell die Kosten f\u00fcr neue Wind- und Solarkraftwerke \u00fcbersteigen w\u00fcrden und anderweitig investiert, wesentlich effektiver CO<sub>2<\/sub> einsparen k\u00f6nnten.<\/p>\n\n\n\n<p><strong>Das CO<sub>2<\/sub>-Einsparpotential der Ger6 nimmt mit der Zeit ab<\/strong><\/p>\n\n\n\n<p>Es ist noch einmal wichtig hervorzuheben, dass die oben erw\u00e4hnten 4% nur zustande kommen, wenn alle sechs Reaktoren \u00fcber das ganze Jahr hinweg unter nahezu Vollauslastung (90%) laufen. Doch schon allein diese Annahme ist im Vorhinein bereits fraglich. Denn die Ger6 werden derzeit nicht darauf vorbereitet ab 2022\/23 weiterhin unter Volllast zu laufen, obwohl dies \u2013 im Falle einer Laufzeitverl\u00e4ngerung \u2013 geschehen m\u00fcsste.<\/p>\n\n\n\n<p>Dar\u00fcber hinaus l\u00e4sst sich die Rechnung, 1MWh Atomstrom ersetzt 1MWh Kohlestrom, nicht so einfach aufstellen. Es ist vielmehr so, dass der Atomstrom mit steigendem Anteil der Erneuerbaren Energien zunehmend auch eben jene aus dem Netz verdr\u00e4ngen w\u00fcrde oder umgekehrt. Das CO<sub>2<\/sub>-Einparpotential sinkt demnach sukzessive ab, je mehr Erneuerbare ans Netz kommen, denn auch die Leistung der AKW wird in Wind- und Solar-Volllastzeiten gedrosselt. Innerhalb der kommenden 10 Jahre wird dies massive Auswirkungen haben. Das Einsparpotential wird sich also mehr in Richtung 1-2% der gesamten CO<sub>2<\/sub>-Emissionen bewegen.<\/p>\n\n\n\n<p><strong>M\u00f6glicher CO<sub>2<\/sub>-Effekt der Ger6 ist nicht begrenzt auf Deutschland<\/strong><\/p>\n\n\n\n<p>Es gibt noch einen weiteren entscheidenden Grund, warum 1MWh deutschen Atomstroms nicht einfach 1MWh deutschen Kohlestroms einfach ersetzt: Den Stromhandel. Um n\u00e4mlich im Stromhandel Kohlekraftwerke zu ersetzen, m\u00fcssen die Atomkraftwerke, die Kohlekraftwerke unterbieten, was wiederum zu niedrigeren Strompreisen im Gro\u00dfhandel f\u00fchrt. Insgesamt ist es wahrscheinlich, dass dabei weniger die neueren deutschen, sondern eher alte polnische Kohlekraftwerke ersetzt werden, da diese im Betrieb teurer sind. Deswegen w\u00fcrde der deutsche Atomstrom viel wahrscheinlicher auch polnischen Kohlestrom ersetzen.<\/p>\n\n\n\n<p>Ein CO<sub>2<\/sub>-Einspareffekt w\u00fcrde sich somit auf den ganzen europ\u00e4ischen Strommarkt beziehen und nicht ausschlie\u00dflich in Deutschland wirksam werden. Das ist f\u00fcr den Klimaschutz zwar irrelevant, schlie\u00dflich ist es egal, an welcher Stelle Emissionen eingespart werden, aber es ist ein weiterer Faktor, der das deutsche CO<sub>2<\/sub>-Einsparpotential erheblich verringert. Zus\u00e4tzlich wird durch niedrigere Strom-Preise der gesamte Verbrauch an Strom absehbar steigen, so dass auch auf europ\u00e4ischer Ebene nicht nur Kohlekraft ersetzt w\u00fcrde, sondern auch zus\u00e4tzlicher emissionstr\u00e4chtiger Verbrauch entstehen k\u00f6nnte.<\/p>\n\n\n\n<p><strong>Wer finanziert die Laufzeitverl\u00e4ngerung der Ger6?<\/strong><\/p>\n\n\n\n<p>Der Atomausstieg ist seit nun neun Jahren beschlossen und mittlerweile haben sich alle drei betroffenen Energiekonzerne (RWE, EnBW und PreussenElektra bzw. E.ON) damit arrangiert und darauf eingestellt, die letzten Kraftwerke am 31.12.2022 vom Netz zu nehmen. Darauf sind alle Kosten- und Betriebspl\u00e4ne der Konzerne ausgelegt. Aufgrund der notwendigen Kosten f\u00fcr einen Weiterbetrieb (s.o.), der zus\u00e4tzlich notwendigen R\u00fccklagenbildung f\u00fcr die Lagerung des zus\u00e4tzlichen Atomm\u00fclls und der nur geringf\u00fcgig l\u00e4ngeren Laufzeit (4-6 Jahre) kann keine der Betreiberfirmen an einem Weiterbetrieb interessiert sein.<\/p>\n\n\n\n<p>Hinzu kommt die in Deutschland unsichere politische Situation, nach der eine jetzt get\u00e4tigte Laufzeitverl\u00e4ngerung in der darauffolgenden Legislaturperiode wieder gekippt werden kann. Aufgrund all der bereits genannten Faktoren ist Deutschland auch kein Standort f\u00fcr internationale Investitionen in Atomenergie.<\/p>\n\n\n\n<p>Da ein Weiterbetrieb privatwirtschaftlich h\u00f6chst unwahrscheinlich ist, g\u00e4be es nur eine Alternative: Ein Staatlicher Atomkonzern. Demnach m\u00fcsste der Staat finanzielle Sicherheiten in Milliardenh\u00f6he bereitstellen und alle Wartungs- und \u00dcberholungsarbeiten (n\u00f6tig f\u00fcr den Weiterbetrieb ab 2022\/23, geschweige denn \u00fcber 2028 hinaus) ebenfalls mit Steuergeldern bezahlen, zus\u00e4tzlich zu den Kosten f\u00fcr die Lagerung des anfallenden Atomm\u00fclls. Eine derartiger Weiterbetrieb durch eine staatliche Betreibergesellschaft steht also auch vor enormen H\u00fcrden. Und das alles nur, um mit Milliarden-Ausgaben \u00fcber eine kurze Zeitspanne j\u00e4hrlich ca. 2% CO<sub>2<\/sub>-Emissionen einzusparen (wenn \u00fcberhaupt). Mit Erneuerbare Energien geht das viel kosteneffizienter.<\/p>\n\n\n\n<p>Es bleibt zu hoffen, dass sich die Advokat*innen der Kernenergie nicht durchsetzen werden und der Ausstieg aus der Kernenergie wie geplant bis zum 31.12.2022 vollst\u00e4ndig vollzogen wird. Denn ein Weiterbetrieb w\u00e4re lediglich ein Sieg f\u00fcr die Atom-Lobby, aber keiner f\u00fcr den Klimaschutz.<\/p>\n\n\n<h5 class=\"green\">Quelle<\/h5>\r\n\n\n\n<p><a href=\"http:\/\/www.hans-josef-fell.de\/\" target=\"_blank\" rel=\"noreferrer noopener\">Hans-Josef Fell 2020<\/a> |&nbsp;<a href=\"http:\/\/energywatchgroup.org\/\" target=\"_blank\" rel=\"noreferrer noopener\">Pr\u00e4sident der Energy Watch Group (EWG) und Autor des EEG<\/a><\/p>\n<div class=\"shariff shariff-align-flex-start shariff-widget-align-flex-start\"><div class=\"ShariffHeadline\">Diese Meldung teilen<\/div><ul class=\"shariff-buttons theme-round orientation-horizontal buttonsize-medium\"><li class=\"shariff-button facebook shariff-nocustomcolor\" style=\"background-color:#4273c8;border-radius:1%\"><a href=\"https:\/\/www.facebook.com\/sharer\/sharer.php?u=https%3A%2F%2Fwww.sonnenseite.com%2Fde%2Fenergie%2Fatomenergie-ist-kein-heilsbringer-fuer-den-klimaschutz%2F\" title=\"Bei Facebook teilen\" aria-label=\"Bei Facebook teilen\" role=\"button\" rel=\"nofollow\" class=\"shariff-link\" style=\";border-radius:1%; background-color:#3b5998; color:#fff\" target=\"_blank\"><span class=\"shariff-icon\" style=\"\"><svg width=\"32px\" height=\"20px\" xmlns=\"http:\/\/www.w3.org\/2000\/svg\" viewBox=\"0 0 18 32\"><path fill=\"#3b5998\" d=\"M17.1 0.2v4.7h-2.8q-1.5 0-2.1 0.6t-0.5 1.9v3.4h5.2l-0.7 5.3h-4.5v13.6h-5.5v-13.6h-4.5v-5.3h4.5v-3.9q0-3.3 1.9-5.2t5-1.8q2.6 0 4.1 0.2z\"\/><\/svg><\/span><\/a><\/li><li class=\"shariff-button twitter shariff-nocustomcolor\" style=\"background-color:#595959;border-radius:1%\"><a href=\"https:\/\/twitter.com\/share?url=https%3A%2F%2Fwww.sonnenseite.com%2Fde%2Fenergie%2Fatomenergie-ist-kein-heilsbringer-fuer-den-klimaschutz%2F&text=Atomenergie%20ist%20kein%20Heilsbringer%20f%C3%BCr%20den%20Klimaschutz\" title=\"Bei X teilen\" aria-label=\"Bei X teilen\" role=\"button\" rel=\"noopener nofollow\" class=\"shariff-link\" style=\";border-radius:1%; background-color:#000; color:#fff\" target=\"_blank\"><span class=\"shariff-icon\" style=\"\"><svg width=\"32px\" height=\"20px\" xmlns=\"http:\/\/www.w3.org\/2000\/svg\" viewBox=\"0 0 24 24\"><path fill=\"#000\" d=\"M14.258 10.152L23.176 0h-2.113l-7.747 8.813L7.133 0H0l9.352 13.328L0 23.973h2.113l8.176-9.309 6.531 9.309h7.133zm-2.895 3.293l-.949-1.328L2.875 1.56h3.246l6.086 8.523.945 1.328 7.91 11.078h-3.246zm0 0\"\/><\/svg><\/span><\/a><\/li><li class=\"shariff-button xing shariff-nocustomcolor\" style=\"background-color:#29888a;border-radius:1%\"><a href=\"https:\/\/www.xing.com\/spi\/shares\/new?url=https%3A%2F%2Fwww.sonnenseite.com%2Fde%2Fenergie%2Fatomenergie-ist-kein-heilsbringer-fuer-den-klimaschutz%2F\" title=\"Bei XING teilen\" aria-label=\"Bei XING teilen\" role=\"button\" rel=\"noopener nofollow\" class=\"shariff-link\" style=\";border-radius:1%; background-color:#126567; color:#fff\" target=\"_blank\"><span class=\"shariff-icon\" style=\"\"><svg width=\"32px\" height=\"20px\" xmlns=\"http:\/\/www.w3.org\/2000\/svg\" viewBox=\"0 0 25 32\"><path fill=\"#126567\" d=\"M10.7 11.9q-0.2 0.3-4.6 8.2-0.5 0.8-1.2 0.8h-4.3q-0.4 0-0.5-0.3t0-0.6l4.5-8q0 0 0 0l-2.9-5q-0.2-0.4 0-0.7 0.2-0.3 0.5-0.3h4.3q0.7 0 1.2 0.8zM25.1 0.4q0.2 0.3 0 0.7l-9.4 16.7 6 11q0.2 0.4 0 0.6-0.2 0.3-0.6 0.3h-4.3q-0.7 0-1.2-0.8l-6-11.1q0.3-0.6 9.5-16.8 0.4-0.8 1.2-0.8h4.3q0.4 0 0.5 0.3z\"\/><\/svg><\/span><\/a><\/li><li class=\"shariff-button linkedin shariff-nocustomcolor\" style=\"background-color:#1488bf;border-radius:1%\"><a href=\"https:\/\/www.linkedin.com\/sharing\/share-offsite\/?url=https%3A%2F%2Fwww.sonnenseite.com%2Fde%2Fenergie%2Fatomenergie-ist-kein-heilsbringer-fuer-den-klimaschutz%2F\" title=\"Bei LinkedIn teilen\" aria-label=\"Bei LinkedIn teilen\" role=\"button\" rel=\"noopener nofollow\" class=\"shariff-link\" style=\";border-radius:1%; background-color:#0077b5; color:#fff\" target=\"_blank\"><span class=\"shariff-icon\" style=\"\"><svg width=\"32px\" height=\"20px\" xmlns=\"http:\/\/www.w3.org\/2000\/svg\" viewBox=\"0 0 27 32\"><path fill=\"#0077b5\" d=\"M6.2 11.2v17.7h-5.9v-17.7h5.9zM6.6 5.7q0 1.3-0.9 2.2t-2.4 0.9h0q-1.5 0-2.4-0.9t-0.9-2.2 0.9-2.2 2.4-0.9 2.4 0.9 0.9 2.2zM27.4 18.7v10.1h-5.9v-9.5q0-1.9-0.7-2.9t-2.3-1.1q-1.1 0-1.9 0.6t-1.2 1.5q-0.2 0.5-0.2 1.4v9.9h-5.9q0-7.1 0-11.6t0-5.3l0-0.9h5.9v2.6h0q0.4-0.6 0.7-1t1-0.9 1.6-0.8 2-0.3q3 0 4.9 2t1.9 6z\"\/><\/svg><\/span><\/a><\/li><li class=\"shariff-button printer shariff-nocustomcolor\" style=\"background-color:#a8a8a8;border-radius:1%\"><a href=\"javascript:window.print()\" title=\"drucken\" aria-label=\"drucken\" role=\"button\" rel=\"noopener nofollow\" class=\"shariff-link\" style=\";border-radius:1%; background-color:#999; color:#fff\"><span class=\"shariff-icon\" style=\"\"><svg width=\"32px\" height=\"20px\" xmlns=\"http:\/\/www.w3.org\/2000\/svg\" viewBox=\"0 0 30 32\"><path fill=\"#999\" d=\"M6.8 27.4h16v-4.6h-16v4.6zM6.8 16h16v-6.8h-2.8q-0.7 0-1.2-0.5t-0.5-1.2v-2.8h-11.4v11.4zM27.4 17.2q0-0.5-0.3-0.8t-0.8-0.4-0.8 0.4-0.3 0.8 0.3 0.8 0.8 0.3 0.8-0.3 0.3-0.8zM29.7 17.2v7.4q0 0.2-0.2 0.4t-0.4 0.2h-4v2.8q0 0.7-0.5 1.2t-1.2 0.5h-17.2q-0.7 0-1.2-0.5t-0.5-1.2v-2.8h-4q-0.2 0-0.4-0.2t-0.2-0.4v-7.4q0-1.4 1-2.4t2.4-1h1.2v-9.7q0-0.7 0.5-1.2t1.2-0.5h12q0.7 0 1.6 0.4t1.3 0.8l2.7 2.7q0.5 0.5 0.9 1.4t0.4 1.6v4.6h1.1q1.4 0 2.4 1t1 2.4z\"\/><\/svg><\/span><\/a><\/li><li class=\"shariff-button mailto shariff-nocustomcolor\" style=\"background-color:#a8a8a8;border-radius:1%\"><a href=\"mailto:?body=https%3A%2F%2Fwww.sonnenseite.com%2Fde%2Fenergie%2Fatomenergie-ist-kein-heilsbringer-fuer-den-klimaschutz%2F&subject=Atomenergie%20ist%20kein%20Heilsbringer%20f%C3%BCr%20den%20Klimaschutz\" title=\"Per E-Mail versenden\" aria-label=\"Per E-Mail versenden\" role=\"button\" rel=\"noopener nofollow\" class=\"shariff-link\" style=\";border-radius:1%; background-color:#999; color:#fff\"><span class=\"shariff-icon\" style=\"\"><svg width=\"32px\" height=\"20px\" xmlns=\"http:\/\/www.w3.org\/2000\/svg\" viewBox=\"0 0 32 32\"><path fill=\"#999\" d=\"M32 12.7v14.2q0 1.2-0.8 2t-2 0.9h-26.3q-1.2 0-2-0.9t-0.8-2v-14.2q0.8 0.9 1.8 1.6 6.5 4.4 8.9 6.1 1 0.8 1.6 1.2t1.7 0.9 2 0.4h0.1q0.9 0 2-0.4t1.7-0.9 1.6-1.2q3-2.2 8.9-6.1 1-0.7 1.8-1.6zM32 7.4q0 1.4-0.9 2.7t-2.2 2.2q-6.7 4.7-8.4 5.8-0.2 0.1-0.7 0.5t-1 0.7-0.9 0.6-1.1 0.5-0.9 0.2h-0.1q-0.4 0-0.9-0.2t-1.1-0.5-0.9-0.6-1-0.7-0.7-0.5q-1.6-1.1-4.7-3.2t-3.6-2.6q-1.1-0.7-2.1-2t-1-2.5q0-1.4 0.7-2.3t2.1-0.9h26.3q1.2 0 2 0.8t0.9 2z\"\/><\/svg><\/span><\/a><\/li><\/ul><\/div>","protected":false},"excerpt":{"rendered":"<p>Sp\u00e4testens seit diesem Sommer ist die Diskussion um eventuelle Laufzeitverl\u00e4ngerung der deutschen Atomkraftwerke wieder in vollem [&hellip;]<\/p>\n","protected":false},"author":3,"featured_media":61754,"comment_status":"closed","ping_status":"closed","sticky":false,"template":"","format":"standard","meta":{"inline_featured_image":false,"footnotes":""},"categories":[22],"tags":[],"class_list":["post-61752","post","type-post","status-publish","format-standard","has-post-thumbnail","hentry","category-energie"],"yoast_head":"<!-- This site is optimized with the Yoast SEO plugin v26.5 - https:\/\/yoast.com\/wordpress\/plugins\/seo\/ -->\n<title>Atomenergie ist kein Heilsbringer f\u00fcr den Klimaschutz - Sonnenseite - \u00d6kologische Kommunikation mit Franz Alt<\/title>\n<meta name=\"description\" content=\"Sp\u00e4testens seit diesem Sommer ist die Diskussion um eventuelle Laufzeitverl\u00e4ngerung der deutschen Atomkraftwerke wieder in vollem Gange. Es ist der\" \/>\n<meta name=\"robots\" content=\"index, follow, max-snippet:-1, max-image-preview:large, max-video-preview:-1\" \/>\n<link rel=\"canonical\" href=\"https:\/\/www.sonnenseite.com\/de\/energie\/atomenergie-ist-kein-heilsbringer-fuer-den-klimaschutz\/\" \/>\n<meta property=\"og:locale\" content=\"de_DE\" \/>\n<meta property=\"og:type\" content=\"article\" \/>\n<meta property=\"og:title\" content=\"Atomenergie ist kein Heilsbringer f\u00fcr den Klimaschutz - Sonnenseite - \u00d6kologische Kommunikation mit Franz Alt\" \/>\n<meta property=\"og:description\" content=\"Sp\u00e4testens seit diesem Sommer ist die Diskussion um eventuelle Laufzeitverl\u00e4ngerung der deutschen Atomkraftwerke wieder in vollem Gange. Es ist der\" \/>\n<meta property=\"og:url\" content=\"https:\/\/www.sonnenseite.com\/de\/energie\/atomenergie-ist-kein-heilsbringer-fuer-den-klimaschutz\/\" \/>\n<meta property=\"og:site_name\" content=\"Sonnenseite\" \/>\n<meta property=\"article:publisher\" content=\"https:\/\/www.facebook.com\/pages\/Franz-Alt-SONNENSEITECOM\/221072987903953?fref=ts\" \/>\n<meta property=\"article:published_time\" content=\"2020-08-17T14:02:29+00:00\" \/>\n<meta property=\"article:modified_time\" content=\"2020-08-17T14:12:44+00:00\" \/>\n<meta property=\"og:image\" content=\"https:\/\/www.sonnenseite.com\/wp-content\/uploads\/2020\/08\/Atomkraftwerk_MarkusDistelrath.jpg\" \/>\n\t<meta property=\"og:image:width\" content=\"770\" \/>\n\t<meta property=\"og:image:height\" content=\"420\" \/>\n\t<meta property=\"og:image:type\" content=\"image\/jpeg\" \/>\n<meta name=\"author\" content=\"Bigi Alt\" \/>\n<meta name=\"twitter:card\" content=\"summary_large_image\" \/>\n<meta name=\"twitter:creator\" content=\"@franzalt\" \/>\n<meta name=\"twitter:site\" content=\"@franzalt\" \/>\n<meta name=\"twitter:label1\" content=\"Verfasst von\" \/>\n\t<meta name=\"twitter:data1\" content=\"Bigi Alt\" \/>\n\t<meta name=\"twitter:label2\" content=\"Gesch\u00e4tzte Lesezeit\" \/>\n\t<meta name=\"twitter:data2\" content=\"6\u00a0Minuten\" \/>\n<script type=\"application\/ld+json\" class=\"yoast-schema-graph\">{\"@context\":\"https:\/\/schema.org\",\"@graph\":[{\"@type\":\"Article\",\"@id\":\"https:\/\/www.sonnenseite.com\/de\/energie\/atomenergie-ist-kein-heilsbringer-fuer-den-klimaschutz\/#article\",\"isPartOf\":{\"@id\":\"https:\/\/www.sonnenseite.com\/de\/energie\/atomenergie-ist-kein-heilsbringer-fuer-den-klimaschutz\/\"},\"author\":{\"name\":\"Bigi Alt\",\"@id\":\"https:\/\/www.sonnenseite.com\/de\/#\/schema\/person\/50fda0e926597684c7cc6695238a4eb9\"},\"headline\":\"Atomenergie ist kein Heilsbringer f\u00fcr den Klimaschutz\",\"datePublished\":\"2020-08-17T14:02:29+00:00\",\"dateModified\":\"2020-08-17T14:12:44+00:00\",\"mainEntityOfPage\":{\"@id\":\"https:\/\/www.sonnenseite.com\/de\/energie\/atomenergie-ist-kein-heilsbringer-fuer-den-klimaschutz\/\"},\"wordCount\":1278,\"publisher\":{\"@id\":\"https:\/\/www.sonnenseite.com\/de\/#organization\"},\"image\":{\"@id\":\"https:\/\/www.sonnenseite.com\/de\/energie\/atomenergie-ist-kein-heilsbringer-fuer-den-klimaschutz\/#primaryimage\"},\"thumbnailUrl\":\"https:\/\/www.sonnenseite.com\/wp-content\/uploads\/2020\/08\/Atomkraftwerk_MarkusDistelrath.jpg\",\"articleSection\":[\"Energie\"],\"inLanguage\":\"de\"},{\"@type\":\"WebPage\",\"@id\":\"https:\/\/www.sonnenseite.com\/de\/energie\/atomenergie-ist-kein-heilsbringer-fuer-den-klimaschutz\/\",\"url\":\"https:\/\/www.sonnenseite.com\/de\/energie\/atomenergie-ist-kein-heilsbringer-fuer-den-klimaschutz\/\",\"name\":\"Atomenergie ist kein Heilsbringer f\u00fcr den Klimaschutz - Sonnenseite - \u00d6kologische Kommunikation mit Franz Alt\",\"isPartOf\":{\"@id\":\"https:\/\/www.sonnenseite.com\/de\/#website\"},\"primaryImageOfPage\":{\"@id\":\"https:\/\/www.sonnenseite.com\/de\/energie\/atomenergie-ist-kein-heilsbringer-fuer-den-klimaschutz\/#primaryimage\"},\"image\":{\"@id\":\"https:\/\/www.sonnenseite.com\/de\/energie\/atomenergie-ist-kein-heilsbringer-fuer-den-klimaschutz\/#primaryimage\"},\"thumbnailUrl\":\"https:\/\/www.sonnenseite.com\/wp-content\/uploads\/2020\/08\/Atomkraftwerk_MarkusDistelrath.jpg\",\"datePublished\":\"2020-08-17T14:02:29+00:00\",\"dateModified\":\"2020-08-17T14:12:44+00:00\",\"description\":\"Sp\u00e4testens seit diesem Sommer ist die Diskussion um eventuelle Laufzeitverl\u00e4ngerung der deutschen Atomkraftwerke wieder in vollem Gange. Es ist der\",\"breadcrumb\":{\"@id\":\"https:\/\/www.sonnenseite.com\/de\/energie\/atomenergie-ist-kein-heilsbringer-fuer-den-klimaschutz\/#breadcrumb\"},\"inLanguage\":\"de\",\"potentialAction\":[{\"@type\":\"ReadAction\",\"target\":[\"https:\/\/www.sonnenseite.com\/de\/energie\/atomenergie-ist-kein-heilsbringer-fuer-den-klimaschutz\/\"]}]},{\"@type\":\"ImageObject\",\"inLanguage\":\"de\",\"@id\":\"https:\/\/www.sonnenseite.com\/de\/energie\/atomenergie-ist-kein-heilsbringer-fuer-den-klimaschutz\/#primaryimage\",\"url\":\"https:\/\/www.sonnenseite.com\/wp-content\/uploads\/2020\/08\/Atomkraftwerk_MarkusDistelrath.jpg\",\"contentUrl\":\"https:\/\/www.sonnenseite.com\/wp-content\/uploads\/2020\/08\/Atomkraftwerk_MarkusDistelrath.jpg\",\"width\":770,\"height\":420,\"caption\":\"pixabay.com |Markus Distelrath\"},{\"@type\":\"BreadcrumbList\",\"@id\":\"https:\/\/www.sonnenseite.com\/de\/energie\/atomenergie-ist-kein-heilsbringer-fuer-den-klimaschutz\/#breadcrumb\",\"itemListElement\":[{\"@type\":\"ListItem\",\"position\":1,\"name\":\"Startseite\",\"item\":\"https:\/\/www.sonnenseite.com\/de\/\"},{\"@type\":\"ListItem\",\"position\":2,\"name\":\"Atomenergie ist kein Heilsbringer f\u00fcr den Klimaschutz\"}]},{\"@type\":\"WebSite\",\"@id\":\"https:\/\/www.sonnenseite.com\/de\/#website\",\"url\":\"https:\/\/www.sonnenseite.com\/de\/\",\"name\":\"Sonnenseite\",\"description\":\"\u00d6kologische Kommunikation mit Franz Alt\",\"publisher\":{\"@id\":\"https:\/\/www.sonnenseite.com\/de\/#organization\"},\"potentialAction\":[{\"@type\":\"SearchAction\",\"target\":{\"@type\":\"EntryPoint\",\"urlTemplate\":\"https:\/\/www.sonnenseite.com\/de\/?s={search_term_string}\"},\"query-input\":{\"@type\":\"PropertyValueSpecification\",\"valueRequired\":true,\"valueName\":\"search_term_string\"}}],\"inLanguage\":\"de\"},{\"@type\":\"Organization\",\"@id\":\"https:\/\/www.sonnenseite.com\/de\/#organization\",\"name\":\"Sonnenseite\",\"url\":\"https:\/\/www.sonnenseite.com\/de\/\",\"logo\":{\"@type\":\"ImageObject\",\"inLanguage\":\"de\",\"@id\":\"https:\/\/www.sonnenseite.com\/de\/#\/schema\/logo\/image\/\",\"url\":\"https:\/\/www.sonnenseite.com\/wp-content\/uploads\/2020\/05\/Sonnenseite_Logo.png\",\"contentUrl\":\"https:\/\/www.sonnenseite.com\/wp-content\/uploads\/2020\/05\/Sonnenseite_Logo.png\",\"width\":377,\"height\":90,\"caption\":\"Sonnenseite\"},\"image\":{\"@id\":\"https:\/\/www.sonnenseite.com\/de\/#\/schema\/logo\/image\/\"},\"sameAs\":[\"https:\/\/www.facebook.com\/pages\/Franz-Alt-SONNENSEITECOM\/221072987903953?fref=ts\",\"https:\/\/x.com\/franzalt\",\"http:\/\/www.youtube.com\/results?search_query&amp;amp;quot;franz_alt&amp;amp;quot;&amp;amp;amp;amp;search_type&amp;amp;amp;amp;aq=f\"]},{\"@type\":\"Person\",\"@id\":\"https:\/\/www.sonnenseite.com\/de\/#\/schema\/person\/50fda0e926597684c7cc6695238a4eb9\",\"name\":\"Bigi Alt\"}]}<\/script>\n<!-- \/ Yoast SEO plugin. -->","yoast_head_json":{"title":"Atomenergie ist kein Heilsbringer f\u00fcr den Klimaschutz - Sonnenseite - \u00d6kologische Kommunikation mit Franz Alt","description":"Sp\u00e4testens seit diesem Sommer ist die Diskussion um eventuelle Laufzeitverl\u00e4ngerung der deutschen Atomkraftwerke wieder in vollem Gange. Es ist der","robots":{"index":"index","follow":"follow","max-snippet":"max-snippet:-1","max-image-preview":"max-image-preview:large","max-video-preview":"max-video-preview:-1"},"canonical":"https:\/\/www.sonnenseite.com\/de\/energie\/atomenergie-ist-kein-heilsbringer-fuer-den-klimaschutz\/","og_locale":"de_DE","og_type":"article","og_title":"Atomenergie ist kein Heilsbringer f\u00fcr den Klimaschutz - Sonnenseite - \u00d6kologische Kommunikation mit Franz Alt","og_description":"Sp\u00e4testens seit diesem Sommer ist die Diskussion um eventuelle Laufzeitverl\u00e4ngerung der deutschen Atomkraftwerke wieder in vollem Gange. Es ist der","og_url":"https:\/\/www.sonnenseite.com\/de\/energie\/atomenergie-ist-kein-heilsbringer-fuer-den-klimaschutz\/","og_site_name":"Sonnenseite","article_publisher":"https:\/\/www.facebook.com\/pages\/Franz-Alt-SONNENSEITECOM\/221072987903953?fref=ts","article_published_time":"2020-08-17T14:02:29+00:00","article_modified_time":"2020-08-17T14:12:44+00:00","og_image":[{"width":770,"height":420,"url":"https:\/\/www.sonnenseite.com\/wp-content\/uploads\/2020\/08\/Atomkraftwerk_MarkusDistelrath.jpg","type":"image\/jpeg"}],"author":"Bigi Alt","twitter_card":"summary_large_image","twitter_creator":"@franzalt","twitter_site":"@franzalt","twitter_misc":{"Verfasst von":"Bigi Alt","Gesch\u00e4tzte Lesezeit":"6\u00a0Minuten"},"schema":{"@context":"https:\/\/schema.org","@graph":[{"@type":"Article","@id":"https:\/\/www.sonnenseite.com\/de\/energie\/atomenergie-ist-kein-heilsbringer-fuer-den-klimaschutz\/#article","isPartOf":{"@id":"https:\/\/www.sonnenseite.com\/de\/energie\/atomenergie-ist-kein-heilsbringer-fuer-den-klimaschutz\/"},"author":{"name":"Bigi Alt","@id":"https:\/\/www.sonnenseite.com\/de\/#\/schema\/person\/50fda0e926597684c7cc6695238a4eb9"},"headline":"Atomenergie ist kein Heilsbringer f\u00fcr den Klimaschutz","datePublished":"2020-08-17T14:02:29+00:00","dateModified":"2020-08-17T14:12:44+00:00","mainEntityOfPage":{"@id":"https:\/\/www.sonnenseite.com\/de\/energie\/atomenergie-ist-kein-heilsbringer-fuer-den-klimaschutz\/"},"wordCount":1278,"publisher":{"@id":"https:\/\/www.sonnenseite.com\/de\/#organization"},"image":{"@id":"https:\/\/www.sonnenseite.com\/de\/energie\/atomenergie-ist-kein-heilsbringer-fuer-den-klimaschutz\/#primaryimage"},"thumbnailUrl":"https:\/\/www.sonnenseite.com\/wp-content\/uploads\/2020\/08\/Atomkraftwerk_MarkusDistelrath.jpg","articleSection":["Energie"],"inLanguage":"de"},{"@type":"WebPage","@id":"https:\/\/www.sonnenseite.com\/de\/energie\/atomenergie-ist-kein-heilsbringer-fuer-den-klimaschutz\/","url":"https:\/\/www.sonnenseite.com\/de\/energie\/atomenergie-ist-kein-heilsbringer-fuer-den-klimaschutz\/","name":"Atomenergie ist kein Heilsbringer f\u00fcr den Klimaschutz - Sonnenseite - \u00d6kologische Kommunikation mit Franz Alt","isPartOf":{"@id":"https:\/\/www.sonnenseite.com\/de\/#website"},"primaryImageOfPage":{"@id":"https:\/\/www.sonnenseite.com\/de\/energie\/atomenergie-ist-kein-heilsbringer-fuer-den-klimaschutz\/#primaryimage"},"image":{"@id":"https:\/\/www.sonnenseite.com\/de\/energie\/atomenergie-ist-kein-heilsbringer-fuer-den-klimaschutz\/#primaryimage"},"thumbnailUrl":"https:\/\/www.sonnenseite.com\/wp-content\/uploads\/2020\/08\/Atomkraftwerk_MarkusDistelrath.jpg","datePublished":"2020-08-17T14:02:29+00:00","dateModified":"2020-08-17T14:12:44+00:00","description":"Sp\u00e4testens seit diesem Sommer ist die Diskussion um eventuelle Laufzeitverl\u00e4ngerung der deutschen Atomkraftwerke wieder in vollem Gange. Es ist der","breadcrumb":{"@id":"https:\/\/www.sonnenseite.com\/de\/energie\/atomenergie-ist-kein-heilsbringer-fuer-den-klimaschutz\/#breadcrumb"},"inLanguage":"de","potentialAction":[{"@type":"ReadAction","target":["https:\/\/www.sonnenseite.com\/de\/energie\/atomenergie-ist-kein-heilsbringer-fuer-den-klimaschutz\/"]}]},{"@type":"ImageObject","inLanguage":"de","@id":"https:\/\/www.sonnenseite.com\/de\/energie\/atomenergie-ist-kein-heilsbringer-fuer-den-klimaschutz\/#primaryimage","url":"https:\/\/www.sonnenseite.com\/wp-content\/uploads\/2020\/08\/Atomkraftwerk_MarkusDistelrath.jpg","contentUrl":"https:\/\/www.sonnenseite.com\/wp-content\/uploads\/2020\/08\/Atomkraftwerk_MarkusDistelrath.jpg","width":770,"height":420,"caption":"pixabay.com |Markus Distelrath"},{"@type":"BreadcrumbList","@id":"https:\/\/www.sonnenseite.com\/de\/energie\/atomenergie-ist-kein-heilsbringer-fuer-den-klimaschutz\/#breadcrumb","itemListElement":[{"@type":"ListItem","position":1,"name":"Startseite","item":"https:\/\/www.sonnenseite.com\/de\/"},{"@type":"ListItem","position":2,"name":"Atomenergie ist kein Heilsbringer f\u00fcr den Klimaschutz"}]},{"@type":"WebSite","@id":"https:\/\/www.sonnenseite.com\/de\/#website","url":"https:\/\/www.sonnenseite.com\/de\/","name":"Sonnenseite","description":"\u00d6kologische Kommunikation mit Franz Alt","publisher":{"@id":"https:\/\/www.sonnenseite.com\/de\/#organization"},"potentialAction":[{"@type":"SearchAction","target":{"@type":"EntryPoint","urlTemplate":"https:\/\/www.sonnenseite.com\/de\/?s={search_term_string}"},"query-input":{"@type":"PropertyValueSpecification","valueRequired":true,"valueName":"search_term_string"}}],"inLanguage":"de"},{"@type":"Organization","@id":"https:\/\/www.sonnenseite.com\/de\/#organization","name":"Sonnenseite","url":"https:\/\/www.sonnenseite.com\/de\/","logo":{"@type":"ImageObject","inLanguage":"de","@id":"https:\/\/www.sonnenseite.com\/de\/#\/schema\/logo\/image\/","url":"https:\/\/www.sonnenseite.com\/wp-content\/uploads\/2020\/05\/Sonnenseite_Logo.png","contentUrl":"https:\/\/www.sonnenseite.com\/wp-content\/uploads\/2020\/05\/Sonnenseite_Logo.png","width":377,"height":90,"caption":"Sonnenseite"},"image":{"@id":"https:\/\/www.sonnenseite.com\/de\/#\/schema\/logo\/image\/"},"sameAs":["https:\/\/www.facebook.com\/pages\/Franz-Alt-SONNENSEITECOM\/221072987903953?fref=ts","https:\/\/x.com\/franzalt","http:\/\/www.youtube.com\/results?search_query&amp;amp;quot;franz_alt&amp;amp;quot;&amp;amp;amp;amp;search_type&amp;amp;amp;amp;aq=f"]},{"@type":"Person","@id":"https:\/\/www.sonnenseite.com\/de\/#\/schema\/person\/50fda0e926597684c7cc6695238a4eb9","name":"Bigi Alt"}]}},"_links":{"self":[{"href":"https:\/\/www.sonnenseite.com\/de\/wp-json\/wp\/v2\/posts\/61752","targetHints":{"allow":["GET"]}}],"collection":[{"href":"https:\/\/www.sonnenseite.com\/de\/wp-json\/wp\/v2\/posts"}],"about":[{"href":"https:\/\/www.sonnenseite.com\/de\/wp-json\/wp\/v2\/types\/post"}],"author":[{"embeddable":true,"href":"https:\/\/www.sonnenseite.com\/de\/wp-json\/wp\/v2\/users\/3"}],"replies":[{"embeddable":true,"href":"https:\/\/www.sonnenseite.com\/de\/wp-json\/wp\/v2\/comments?post=61752"}],"version-history":[{"count":4,"href":"https:\/\/www.sonnenseite.com\/de\/wp-json\/wp\/v2\/posts\/61752\/revisions"}],"predecessor-version":[{"id":61758,"href":"https:\/\/www.sonnenseite.com\/de\/wp-json\/wp\/v2\/posts\/61752\/revisions\/61758"}],"wp:featuredmedia":[{"embeddable":true,"href":"https:\/\/www.sonnenseite.com\/de\/wp-json\/wp\/v2\/media\/61754"}],"wp:attachment":[{"href":"https:\/\/www.sonnenseite.com\/de\/wp-json\/wp\/v2\/media?parent=61752"}],"wp:term":[{"taxonomy":"category","embeddable":true,"href":"https:\/\/www.sonnenseite.com\/de\/wp-json\/wp\/v2\/categories?post=61752"},{"taxonomy":"post_tag","embeddable":true,"href":"https:\/\/www.sonnenseite.com\/de\/wp-json\/wp\/v2\/tags?post=61752"}],"curies":[{"name":"wp","href":"https:\/\/api.w.org\/{rel}","templated":true}]}}