{"id":61804,"date":"2020-08-19T16:53:10","date_gmt":"2020-08-19T14:53:10","guid":{"rendered":"https:\/\/www.sonnenseite.com\/?p=61804"},"modified":"2020-08-19T16:53:11","modified_gmt":"2020-08-19T14:53:11","slug":"klimaschutzbericht-2019-und-das-erreichen-der-klimaziele-2020-und-2030","status":"publish","type":"post","link":"https:\/\/www.sonnenseite.com\/de\/politik\/klimaschutzbericht-2019-und-das-erreichen-der-klimaziele-2020-und-2030\/","title":{"rendered":"Klimaschutzbericht 2019 und das Erreichen der Klimaziele 2020 und 2030"},"content":{"rendered":"\n<p>Zur heutigen Verabschiedung des <a href=\"https:\/\/www.bundesregierung.de\/breg-de\/aktuelles\/klimaschutzbericht-2019-1777846\">Klimaschutzberichts 2019<\/a> durch die Bundesregierung von CDU\/CSU und SPD und zur <a href=\"https:\/\/co2abgabe.de\/wp-content\/uploads\/2020\/08\/Klimaschutz-Jetzt-Erst-Recht.pdf\">gemeinsamen Forderung von Klima-Allianz Deutschland, deutschem Naturschutzring und anderen<\/a> erkl\u00e4rt Dr. J\u00f6rg Lange, gesch\u00e4ftsf\u00fchrender Vorstand des CO<sub>2<\/sub> Abgabe e.V.:<\/p>\n\n\n\n<p>\u201eDas mutma\u00dfliche Erreichen des Klimaziels 2020 ist kein Grund, die H\u00e4nde in den Scho\u00df zu legen. Denn den gr\u00f6\u00dften Beitrag zum Klimaschutz in Deutschland haben der Zusammenbruch der DDR-Industrie 1990 und seit 2000 das Erneuerbare-Energien-Gesetz geleistet. Dass jetzt erneut ein Einbruch der Industrieproduktion durch die Corona-Krise statt wirksamer Klimaschutzma\u00dfnahmen dazu beitragen muss, die CO<sub>2<\/sub>-Ziele zu erreichen, ist ein Armutszeugnis f\u00fcr die von CDU und CSU gef\u00fchrte Bundesregierung. Das im September 2019 beschlossene Klimaschutzprogramm 2030 muss daher umgehend nachgebessert werden.<\/p>\n\n\n\n<p>Der im Bundesklimaschutzgesetz verankerten Mechanismus, wonach das Klimakabinett erst im Sommer 2021 bei den Zielverfehlungen in den Sektoren nachsteuern soll, greift angesichts des dritten D\u00fcrrejahres in Folge, der schlechten Ernten, fl\u00e4chendeckend sterbender W\u00e4lder und des zunehmenden Wassermangels viel zu sp\u00e4t. Stattdessen sollte Deutschland auf nationaler und europ\u00e4ischer Ebene schnellst m\u00f6glich nachsteuern. Mit einem CO<sub>2<\/sub>-Mindestpreis im EU-Emissionshandel nach dem Vorbild Gro\u00dfbritanniens und einer Energiesteuerreform lassen sich bis 2030 bis zu 200 Millionen Tonnen CO<sub>2<\/sub> einsparen.* Neben der Klimazielversch\u00e4rfung sollte Deutschland zudem die Rolle als EU-Ratspr\u00e4sidentschaft nutzen, die Ma\u00dfnahmen eines CO<sub>2<\/sub>-Mindestpreises und einen einheitlichen CO<sub>2<\/sub>-Preis \u00fcber alle Sektoren auf europ\u00e4ischer Ebene voranzubringen.\u201c<\/p>\n\n\n\n<p><strong>Hintergrund: <\/strong>Deutschland droht weiterhin eine gewaltige Klimaschutzl\u00fccke (Umsetzungs- und Ambitionsl\u00fccke). Denn auch wenn Corona-bedingt das Klimaziel f\u00fcr 2020 erreicht wird, m\u00fcsste die Bundesregierung bei konsequenter Anwendung des 2\u00b0 C-Ziels bzw. 1,5\u00b0 C-Ziels des Pariser Klimaabkommens und einem CO<sub>2<\/sub>-Restbudget von 6,7 Gigatonnen bis sp\u00e4testens 2038 klimaneutral werden. [<a href=\"https:\/\/www.umweltrat.de\/SharedDocs\/Downloads\/DE\/01_Umweltgutachten\/2016_2020\/2020_Umweltgutachten_Entschlossene_Umweltpolitik.html\">Umweltrat 2020<\/a>] Eine ma\u00dfnahmenbedingte Reduzierung der Treibhausgase ist unausweichlich. Doch schon jetzt ist absehbar, dass die Sektoren Heizen und Verkehr hinter den Zielen des Bundesklimaschutzgesetzes zur\u00fcckbleiben und damit ein Sofortprogramm nach \u00a7 8 Abs. 1 KSG verankerte Mechanismus hier nachzusteuern greift allerdings zu sp\u00e4t. [<a href=\"https:\/\/www.gesetze-im-internet.de\/ksg\/BJNR251310019.html\">KSG 2019<\/a>] Gro\u00dfbritannien hat ab 2013\/14 vorgemacht, wie mit einem CO<sub>2<\/sub>-Mindestpreis (Carbon Price Floor) fossile Energietr\u00e4ger wie die Kohle durch klimafreundlichere Energietr\u00e4ger in der Energieerzeugung ersetzt werden k\u00f6nnen [<a href=\"https:\/\/co2abgabe.de\/wp-content\/uploads\/2020\/06\/20200617_Positionspapier-EU-Ratspraesidentschaft-Emissionshandel.pdf\">CO<sub>2<\/sub> Abgabe 06\/2020<\/a>] und hat damit den gr\u00f6\u00dften Beitrag zur Reduktion von Treibhausgasemissionen im EU-Emissionshandel geleistet. Im Gegensatz stagniert die Emissionsreduktion in der Industrie im EU-ETS. [<a href=\"https:\/\/co2abgabe.de\/wp-content\/uploads\/2020\/06\/20200617_Positionspapier-EU-Ratspraesidentschaft-Emissionshandel.pdf\">CO<sub>2<\/sub> Abgabe 06\/2020<\/a>] Die Behauptung im <a href=\"https:\/\/www.bundesregierung.de\/breg-de\/aktuelles\/klimaschutzbericht-2019-1777846\">Klimaschutzbericht 2019 der Bundesregierung<\/a>, der EU-Emissionshandel wirkt, stimmt also nur begrenzt.<\/p>\n\n\n\n<p>*bezogen auf die Emissionen von 2018.<\/p>\n\n\n\n<p><strong>Weiterf\u00fchrende Informationen<\/strong>:<\/p>\n\n\n\n<ul class=\"wp-block-list\"><li>Forderungspapier des CO<sub>2<\/sub> Abgabe e.V., der Klima-Allianz Deutschland, dem Deutschen Naturschutzring u.a. zum \u201e<a href=\"https:\/\/co2abgabe.de\/wp-content\/uploads\/2020\/08\/Klimaschutz-Jetzt-Erst-Recht.pdf\">Klimaschutz \u2013 jetzt erst recht: Massnahmen zur Schliessung der CO<sub>2<\/sub>-L\u00fccke beim Klimaschutzziel 2030<\/a>\u201c (08\/2020)<\/li><li>Positionspapier \u201e<a href=\"https:\/\/co2abgabe.de\/wp-content\/uploads\/2020\/06\/20200617_Positionspapier-EU-Ratspraesidentschaft-Emissionshandel.pdf\">Die deutsche EU-Ratspr\u00e4sidentschaft zum Treiber f\u00fcr gleiche Wettbewerbsbedingungen und Klimaschutz in Europa machen<\/a>\u201c (06\/2020)<\/li><li>Studie \u201e<a href=\"https:\/\/co2abgabe.de\/wp-content\/uploads\/2019\/08\/Wirkung_CO2_Preis_Klimaziele_August_2019.pdf\">Beitrag eines gut ausgestalteten CO<sub>2<\/sub>-Preises zum Erreichen der Klimaschutzziele 2030<\/a>\u201c (07\/2019)<\/li><li><a href=\"http:\/\/www.co2abgabe.de\">co2abgabe.de<\/a><\/li><\/ul>\n\n\n\n<ul class=\"wp-block-list\"><li>Bundesumweltministerium: <a href=\"https:\/\/www.bmu.de\/pressemitteilung\/kabinett-beschliesst-klimaschutzbericht-2019\/\">&#8222;Kabinett beschlie\u00dft Klimaschutzbericht 2019&#8220; | Treibhausgasemissionen seit 1990 um 35,7 Prozent gesunken\/ Corona-Effekte noch nicht ber\u00fccksichtigt<\/a><\/li><\/ul>\n\n\n<h5 class=\"green\">Quelle<\/h5>\r\n\n\n\n<p><a href=\"https:\/\/co2abgabe.de\/klimaschutzbericht-2019-und-das-erreichen-der-klimaziele-2020-und-2030\/\">CO<sub>2 <\/sub>Abgabe e.V. 2020<\/a><\/p>\n<div class=\"shariff shariff-align-flex-start shariff-widget-align-flex-start\"><div class=\"ShariffHeadline\">Diese Meldung teilen<\/div><ul class=\"shariff-buttons theme-round orientation-horizontal buttonsize-medium\"><li class=\"shariff-button facebook shariff-nocustomcolor\" style=\"background-color:#4273c8;border-radius:1%\"><a href=\"https:\/\/www.facebook.com\/sharer\/sharer.php?u=https%3A%2F%2Fwww.sonnenseite.com%2Fde%2Fpolitik%2Fklimaschutzbericht-2019-und-das-erreichen-der-klimaziele-2020-und-2030%2F\" title=\"Bei Facebook teilen\" aria-label=\"Bei Facebook teilen\" role=\"button\" rel=\"nofollow\" class=\"shariff-link\" style=\";border-radius:1%; background-color:#3b5998; color:#fff\" target=\"_blank\"><span class=\"shariff-icon\" style=\"\"><svg width=\"32px\" height=\"20px\" xmlns=\"http:\/\/www.w3.org\/2000\/svg\" viewBox=\"0 0 18 32\"><path fill=\"#3b5998\" d=\"M17.1 0.2v4.7h-2.8q-1.5 0-2.1 0.6t-0.5 1.9v3.4h5.2l-0.7 5.3h-4.5v13.6h-5.5v-13.6h-4.5v-5.3h4.5v-3.9q0-3.3 1.9-5.2t5-1.8q2.6 0 4.1 0.2z\"\/><\/svg><\/span><\/a><\/li><li class=\"shariff-button twitter shariff-nocustomcolor\" style=\"background-color:#595959;border-radius:1%\"><a href=\"https:\/\/twitter.com\/share?url=https%3A%2F%2Fwww.sonnenseite.com%2Fde%2Fpolitik%2Fklimaschutzbericht-2019-und-das-erreichen-der-klimaziele-2020-und-2030%2F&text=Klimaschutzbericht%202019%20und%20das%20Erreichen%20der%20Klimaziele%202020%20und%202030\" title=\"Bei X teilen\" aria-label=\"Bei X teilen\" role=\"button\" rel=\"noopener nofollow\" class=\"shariff-link\" style=\";border-radius:1%; background-color:#000; color:#fff\" target=\"_blank\"><span class=\"shariff-icon\" style=\"\"><svg width=\"32px\" height=\"20px\" xmlns=\"http:\/\/www.w3.org\/2000\/svg\" viewBox=\"0 0 24 24\"><path fill=\"#000\" d=\"M14.258 10.152L23.176 0h-2.113l-7.747 8.813L7.133 0H0l9.352 13.328L0 23.973h2.113l8.176-9.309 6.531 9.309h7.133zm-2.895 3.293l-.949-1.328L2.875 1.56h3.246l6.086 8.523.945 1.328 7.91 11.078h-3.246zm0 0\"\/><\/svg><\/span><\/a><\/li><li class=\"shariff-button xing shariff-nocustomcolor\" style=\"background-color:#29888a;border-radius:1%\"><a href=\"https:\/\/www.xing.com\/spi\/shares\/new?url=https%3A%2F%2Fwww.sonnenseite.com%2Fde%2Fpolitik%2Fklimaschutzbericht-2019-und-das-erreichen-der-klimaziele-2020-und-2030%2F\" title=\"Bei XING teilen\" aria-label=\"Bei XING teilen\" role=\"button\" rel=\"noopener nofollow\" class=\"shariff-link\" style=\";border-radius:1%; background-color:#126567; color:#fff\" target=\"_blank\"><span class=\"shariff-icon\" style=\"\"><svg width=\"32px\" height=\"20px\" xmlns=\"http:\/\/www.w3.org\/2000\/svg\" viewBox=\"0 0 25 32\"><path fill=\"#126567\" d=\"M10.7 11.9q-0.2 0.3-4.6 8.2-0.5 0.8-1.2 0.8h-4.3q-0.4 0-0.5-0.3t0-0.6l4.5-8q0 0 0 0l-2.9-5q-0.2-0.4 0-0.7 0.2-0.3 0.5-0.3h4.3q0.7 0 1.2 0.8zM25.1 0.4q0.2 0.3 0 0.7l-9.4 16.7 6 11q0.2 0.4 0 0.6-0.2 0.3-0.6 0.3h-4.3q-0.7 0-1.2-0.8l-6-11.1q0.3-0.6 9.5-16.8 0.4-0.8 1.2-0.8h4.3q0.4 0 0.5 0.3z\"\/><\/svg><\/span><\/a><\/li><li class=\"shariff-button linkedin shariff-nocustomcolor\" style=\"background-color:#1488bf;border-radius:1%\"><a href=\"https:\/\/www.linkedin.com\/sharing\/share-offsite\/?url=https%3A%2F%2Fwww.sonnenseite.com%2Fde%2Fpolitik%2Fklimaschutzbericht-2019-und-das-erreichen-der-klimaziele-2020-und-2030%2F\" title=\"Bei LinkedIn teilen\" aria-label=\"Bei LinkedIn teilen\" role=\"button\" rel=\"noopener nofollow\" class=\"shariff-link\" style=\";border-radius:1%; background-color:#0077b5; color:#fff\" target=\"_blank\"><span class=\"shariff-icon\" style=\"\"><svg width=\"32px\" height=\"20px\" xmlns=\"http:\/\/www.w3.org\/2000\/svg\" viewBox=\"0 0 27 32\"><path fill=\"#0077b5\" d=\"M6.2 11.2v17.7h-5.9v-17.7h5.9zM6.6 5.7q0 1.3-0.9 2.2t-2.4 0.9h0q-1.5 0-2.4-0.9t-0.9-2.2 0.9-2.2 2.4-0.9 2.4 0.9 0.9 2.2zM27.4 18.7v10.1h-5.9v-9.5q0-1.9-0.7-2.9t-2.3-1.1q-1.1 0-1.9 0.6t-1.2 1.5q-0.2 0.5-0.2 1.4v9.9h-5.9q0-7.1 0-11.6t0-5.3l0-0.9h5.9v2.6h0q0.4-0.6 0.7-1t1-0.9 1.6-0.8 2-0.3q3 0 4.9 2t1.9 6z\"\/><\/svg><\/span><\/a><\/li><li class=\"shariff-button printer shariff-nocustomcolor\" style=\"background-color:#a8a8a8;border-radius:1%\"><a href=\"javascript:window.print()\" title=\"drucken\" aria-label=\"drucken\" role=\"button\" rel=\"noopener nofollow\" class=\"shariff-link\" style=\";border-radius:1%; background-color:#999; color:#fff\"><span class=\"shariff-icon\" style=\"\"><svg width=\"32px\" height=\"20px\" xmlns=\"http:\/\/www.w3.org\/2000\/svg\" viewBox=\"0 0 30 32\"><path fill=\"#999\" d=\"M6.8 27.4h16v-4.6h-16v4.6zM6.8 16h16v-6.8h-2.8q-0.7 0-1.2-0.5t-0.5-1.2v-2.8h-11.4v11.4zM27.4 17.2q0-0.5-0.3-0.8t-0.8-0.4-0.8 0.4-0.3 0.8 0.3 0.8 0.8 0.3 0.8-0.3 0.3-0.8zM29.7 17.2v7.4q0 0.2-0.2 0.4t-0.4 0.2h-4v2.8q0 0.7-0.5 1.2t-1.2 0.5h-17.2q-0.7 0-1.2-0.5t-0.5-1.2v-2.8h-4q-0.2 0-0.4-0.2t-0.2-0.4v-7.4q0-1.4 1-2.4t2.4-1h1.2v-9.7q0-0.7 0.5-1.2t1.2-0.5h12q0.7 0 1.6 0.4t1.3 0.8l2.7 2.7q0.5 0.5 0.9 1.4t0.4 1.6v4.6h1.1q1.4 0 2.4 1t1 2.4z\"\/><\/svg><\/span><\/a><\/li><li class=\"shariff-button mailto shariff-nocustomcolor\" style=\"background-color:#a8a8a8;border-radius:1%\"><a href=\"mailto:?body=https%3A%2F%2Fwww.sonnenseite.com%2Fde%2Fpolitik%2Fklimaschutzbericht-2019-und-das-erreichen-der-klimaziele-2020-und-2030%2F&subject=Klimaschutzbericht%202019%20und%20das%20Erreichen%20der%20Klimaziele%202020%20und%202030\" title=\"Per E-Mail versenden\" aria-label=\"Per E-Mail versenden\" role=\"button\" rel=\"noopener nofollow\" class=\"shariff-link\" style=\";border-radius:1%; background-color:#999; color:#fff\"><span class=\"shariff-icon\" style=\"\"><svg width=\"32px\" height=\"20px\" xmlns=\"http:\/\/www.w3.org\/2000\/svg\" viewBox=\"0 0 32 32\"><path fill=\"#999\" d=\"M32 12.7v14.2q0 1.2-0.8 2t-2 0.9h-26.3q-1.2 0-2-0.9t-0.8-2v-14.2q0.8 0.9 1.8 1.6 6.5 4.4 8.9 6.1 1 0.8 1.6 1.2t1.7 0.9 2 0.4h0.1q0.9 0 2-0.4t1.7-0.9 1.6-1.2q3-2.2 8.9-6.1 1-0.7 1.8-1.6zM32 7.4q0 1.4-0.9 2.7t-2.2 2.2q-6.7 4.7-8.4 5.8-0.2 0.1-0.7 0.5t-1 0.7-0.9 0.6-1.1 0.5-0.9 0.2h-0.1q-0.4 0-0.9-0.2t-1.1-0.5-0.9-0.6-1-0.7-0.7-0.5q-1.6-1.1-4.7-3.2t-3.6-2.6q-1.1-0.7-2.1-2t-1-2.5q0-1.4 0.7-2.3t2.1-0.9h26.3q1.2 0 2 0.8t0.9 2z\"\/><\/svg><\/span><\/a><\/li><\/ul><\/div>","protected":false},"excerpt":{"rendered":"<p>Zur heutigen Verabschiedung des Klimaschutzberichts 2019 durch die Bundesregierung von CDU\/CSU und SPD und zur gemeinsamen [&hellip;]<\/p>\n","protected":false},"author":3,"featured_media":13535,"comment_status":"closed","ping_status":"closed","sticky":false,"template":"","format":"standard","meta":{"inline_featured_image":false,"footnotes":""},"categories":[21],"tags":[],"class_list":["post-61804","post","type-post","status-publish","format-standard","has-post-thumbnail","hentry","category-politik"],"yoast_head":"<!-- This site is optimized with the Yoast SEO plugin v26.5 - https:\/\/yoast.com\/wordpress\/plugins\/seo\/ -->\n<title>Klimaschutzbericht 2019 und das Erreichen der Klimaziele 2020 und 2030 - Sonnenseite - \u00d6kologische Kommunikation mit Franz Alt<\/title>\n<meta name=\"description\" content=\"Zur heutigen Verabschiedung des Klimaschutzberichts 2019 durch die Bundesregierung von CDU\/CSU und SPD und zur gemeinsamen Forderung von Klima-Allianz\" \/>\n<meta name=\"robots\" content=\"index, follow, max-snippet:-1, max-image-preview:large, max-video-preview:-1\" \/>\n<link rel=\"canonical\" href=\"https:\/\/www.sonnenseite.com\/de\/politik\/klimaschutzbericht-2019-und-das-erreichen-der-klimaziele-2020-und-2030\/\" \/>\n<meta property=\"og:locale\" content=\"de_DE\" \/>\n<meta property=\"og:type\" content=\"article\" \/>\n<meta property=\"og:title\" content=\"Klimaschutzbericht 2019 und das Erreichen der Klimaziele 2020 und 2030 - Sonnenseite - \u00d6kologische Kommunikation mit Franz Alt\" \/>\n<meta property=\"og:description\" content=\"Zur heutigen Verabschiedung des Klimaschutzberichts 2019 durch die Bundesregierung von CDU\/CSU und SPD und zur gemeinsamen Forderung von Klima-Allianz\" \/>\n<meta property=\"og:url\" content=\"https:\/\/www.sonnenseite.com\/de\/politik\/klimaschutzbericht-2019-und-das-erreichen-der-klimaziele-2020-und-2030\/\" \/>\n<meta property=\"og:site_name\" content=\"Sonnenseite\" \/>\n<meta property=\"article:publisher\" content=\"https:\/\/www.facebook.com\/pages\/Franz-Alt-SONNENSEITECOM\/221072987903953?fref=ts\" \/>\n<meta property=\"article:published_time\" content=\"2020-08-19T14:53:10+00:00\" \/>\n<meta property=\"article:modified_time\" content=\"2020-08-19T14:53:11+00:00\" \/>\n<meta property=\"og:image\" content=\"https:\/\/www.sonnenseite.com\/wp-content\/uploads\/2018\/11\/co2abgabe_CO2_Preis.jpg\" \/>\n\t<meta property=\"og:image:width\" content=\"770\" \/>\n\t<meta property=\"og:image:height\" content=\"420\" \/>\n\t<meta property=\"og:image:type\" content=\"image\/jpeg\" \/>\n<meta name=\"author\" content=\"Bigi Alt\" \/>\n<meta name=\"twitter:card\" content=\"summary_large_image\" \/>\n<meta name=\"twitter:creator\" content=\"@franzalt\" \/>\n<meta name=\"twitter:site\" content=\"@franzalt\" \/>\n<meta name=\"twitter:label1\" content=\"Verfasst von\" \/>\n\t<meta name=\"twitter:data1\" content=\"Bigi Alt\" \/>\n\t<meta name=\"twitter:label2\" content=\"Gesch\u00e4tzte Lesezeit\" \/>\n\t<meta name=\"twitter:data2\" content=\"2\u00a0Minuten\" \/>\n<script type=\"application\/ld+json\" class=\"yoast-schema-graph\">{\"@context\":\"https:\/\/schema.org\",\"@graph\":[{\"@type\":\"Article\",\"@id\":\"https:\/\/www.sonnenseite.com\/de\/politik\/klimaschutzbericht-2019-und-das-erreichen-der-klimaziele-2020-und-2030\/#article\",\"isPartOf\":{\"@id\":\"https:\/\/www.sonnenseite.com\/de\/politik\/klimaschutzbericht-2019-und-das-erreichen-der-klimaziele-2020-und-2030\/\"},\"author\":{\"name\":\"Bigi Alt\",\"@id\":\"https:\/\/www.sonnenseite.com\/de\/#\/schema\/person\/50fda0e926597684c7cc6695238a4eb9\"},\"headline\":\"Klimaschutzbericht 2019 und das Erreichen der Klimaziele 2020 und 2030\",\"datePublished\":\"2020-08-19T14:53:10+00:00\",\"dateModified\":\"2020-08-19T14:53:11+00:00\",\"mainEntityOfPage\":{\"@id\":\"https:\/\/www.sonnenseite.com\/de\/politik\/klimaschutzbericht-2019-und-das-erreichen-der-klimaziele-2020-und-2030\/\"},\"wordCount\":485,\"publisher\":{\"@id\":\"https:\/\/www.sonnenseite.com\/de\/#organization\"},\"image\":{\"@id\":\"https:\/\/www.sonnenseite.com\/de\/politik\/klimaschutzbericht-2019-und-das-erreichen-der-klimaziele-2020-und-2030\/#primaryimage\"},\"thumbnailUrl\":\"https:\/\/www.sonnenseite.com\/wp-content\/uploads\/2018\/11\/co2abgabe_CO2_Preis.jpg\",\"articleSection\":[\"Politik\"],\"inLanguage\":\"de\"},{\"@type\":\"WebPage\",\"@id\":\"https:\/\/www.sonnenseite.com\/de\/politik\/klimaschutzbericht-2019-und-das-erreichen-der-klimaziele-2020-und-2030\/\",\"url\":\"https:\/\/www.sonnenseite.com\/de\/politik\/klimaschutzbericht-2019-und-das-erreichen-der-klimaziele-2020-und-2030\/\",\"name\":\"Klimaschutzbericht 2019 und das Erreichen der Klimaziele 2020 und 2030 - Sonnenseite - \u00d6kologische Kommunikation mit Franz Alt\",\"isPartOf\":{\"@id\":\"https:\/\/www.sonnenseite.com\/de\/#website\"},\"primaryImageOfPage\":{\"@id\":\"https:\/\/www.sonnenseite.com\/de\/politik\/klimaschutzbericht-2019-und-das-erreichen-der-klimaziele-2020-und-2030\/#primaryimage\"},\"image\":{\"@id\":\"https:\/\/www.sonnenseite.com\/de\/politik\/klimaschutzbericht-2019-und-das-erreichen-der-klimaziele-2020-und-2030\/#primaryimage\"},\"thumbnailUrl\":\"https:\/\/www.sonnenseite.com\/wp-content\/uploads\/2018\/11\/co2abgabe_CO2_Preis.jpg\",\"datePublished\":\"2020-08-19T14:53:10+00:00\",\"dateModified\":\"2020-08-19T14:53:11+00:00\",\"description\":\"Zur heutigen Verabschiedung des Klimaschutzberichts 2019 durch die Bundesregierung von CDU\/CSU und SPD und zur gemeinsamen Forderung von Klima-Allianz\",\"breadcrumb\":{\"@id\":\"https:\/\/www.sonnenseite.com\/de\/politik\/klimaschutzbericht-2019-und-das-erreichen-der-klimaziele-2020-und-2030\/#breadcrumb\"},\"inLanguage\":\"de\",\"potentialAction\":[{\"@type\":\"ReadAction\",\"target\":[\"https:\/\/www.sonnenseite.com\/de\/politik\/klimaschutzbericht-2019-und-das-erreichen-der-klimaziele-2020-und-2030\/\"]}]},{\"@type\":\"ImageObject\",\"inLanguage\":\"de\",\"@id\":\"https:\/\/www.sonnenseite.com\/de\/politik\/klimaschutzbericht-2019-und-das-erreichen-der-klimaziele-2020-und-2030\/#primaryimage\",\"url\":\"https:\/\/www.sonnenseite.com\/wp-content\/uploads\/2018\/11\/co2abgabe_CO2_Preis.jpg\",\"contentUrl\":\"https:\/\/www.sonnenseite.com\/wp-content\/uploads\/2018\/11\/co2abgabe_CO2_Preis.jpg\",\"width\":770,\"height\":420,\"caption\":\"co2abgabe.de | Neben der Klimazielversch\u00e4rfung sollte Deutschland zudem die Rolle als EU-Ratspr\u00e4sidentschaft nutzen, die Ma\u00dfnahmen eines CO2-Mindestpreises und einen einheitlichen CO2-Preis \u00fcber alle Sektoren auf europ\u00e4ischer Ebene voranzubringen.\u201c\"},{\"@type\":\"BreadcrumbList\",\"@id\":\"https:\/\/www.sonnenseite.com\/de\/politik\/klimaschutzbericht-2019-und-das-erreichen-der-klimaziele-2020-und-2030\/#breadcrumb\",\"itemListElement\":[{\"@type\":\"ListItem\",\"position\":1,\"name\":\"Startseite\",\"item\":\"https:\/\/www.sonnenseite.com\/de\/\"},{\"@type\":\"ListItem\",\"position\":2,\"name\":\"Klimaschutzbericht 2019 und das Erreichen der Klimaziele 2020 und 2030\"}]},{\"@type\":\"WebSite\",\"@id\":\"https:\/\/www.sonnenseite.com\/de\/#website\",\"url\":\"https:\/\/www.sonnenseite.com\/de\/\",\"name\":\"Sonnenseite\",\"description\":\"\u00d6kologische Kommunikation mit Franz Alt\",\"publisher\":{\"@id\":\"https:\/\/www.sonnenseite.com\/de\/#organization\"},\"potentialAction\":[{\"@type\":\"SearchAction\",\"target\":{\"@type\":\"EntryPoint\",\"urlTemplate\":\"https:\/\/www.sonnenseite.com\/de\/?s={search_term_string}\"},\"query-input\":{\"@type\":\"PropertyValueSpecification\",\"valueRequired\":true,\"valueName\":\"search_term_string\"}}],\"inLanguage\":\"de\"},{\"@type\":\"Organization\",\"@id\":\"https:\/\/www.sonnenseite.com\/de\/#organization\",\"name\":\"Sonnenseite\",\"url\":\"https:\/\/www.sonnenseite.com\/de\/\",\"logo\":{\"@type\":\"ImageObject\",\"inLanguage\":\"de\",\"@id\":\"https:\/\/www.sonnenseite.com\/de\/#\/schema\/logo\/image\/\",\"url\":\"https:\/\/www.sonnenseite.com\/wp-content\/uploads\/2020\/05\/Sonnenseite_Logo.png\",\"contentUrl\":\"https:\/\/www.sonnenseite.com\/wp-content\/uploads\/2020\/05\/Sonnenseite_Logo.png\",\"width\":377,\"height\":90,\"caption\":\"Sonnenseite\"},\"image\":{\"@id\":\"https:\/\/www.sonnenseite.com\/de\/#\/schema\/logo\/image\/\"},\"sameAs\":[\"https:\/\/www.facebook.com\/pages\/Franz-Alt-SONNENSEITECOM\/221072987903953?fref=ts\",\"https:\/\/x.com\/franzalt\",\"http:\/\/www.youtube.com\/results?search_query&amp;amp;quot;franz_alt&amp;amp;quot;&amp;amp;amp;amp;search_type&amp;amp;amp;amp;aq=f\"]},{\"@type\":\"Person\",\"@id\":\"https:\/\/www.sonnenseite.com\/de\/#\/schema\/person\/50fda0e926597684c7cc6695238a4eb9\",\"name\":\"Bigi Alt\"}]}<\/script>\n<!-- \/ Yoast SEO plugin. -->","yoast_head_json":{"title":"Klimaschutzbericht 2019 und das Erreichen der Klimaziele 2020 und 2030 - Sonnenseite - \u00d6kologische Kommunikation mit Franz Alt","description":"Zur heutigen Verabschiedung des Klimaschutzberichts 2019 durch die Bundesregierung von CDU\/CSU und SPD und zur gemeinsamen Forderung von Klima-Allianz","robots":{"index":"index","follow":"follow","max-snippet":"max-snippet:-1","max-image-preview":"max-image-preview:large","max-video-preview":"max-video-preview:-1"},"canonical":"https:\/\/www.sonnenseite.com\/de\/politik\/klimaschutzbericht-2019-und-das-erreichen-der-klimaziele-2020-und-2030\/","og_locale":"de_DE","og_type":"article","og_title":"Klimaschutzbericht 2019 und das Erreichen der Klimaziele 2020 und 2030 - Sonnenseite - \u00d6kologische Kommunikation mit Franz Alt","og_description":"Zur heutigen Verabschiedung des Klimaschutzberichts 2019 durch die Bundesregierung von CDU\/CSU und SPD und zur gemeinsamen Forderung von Klima-Allianz","og_url":"https:\/\/www.sonnenseite.com\/de\/politik\/klimaschutzbericht-2019-und-das-erreichen-der-klimaziele-2020-und-2030\/","og_site_name":"Sonnenseite","article_publisher":"https:\/\/www.facebook.com\/pages\/Franz-Alt-SONNENSEITECOM\/221072987903953?fref=ts","article_published_time":"2020-08-19T14:53:10+00:00","article_modified_time":"2020-08-19T14:53:11+00:00","og_image":[{"width":770,"height":420,"url":"https:\/\/www.sonnenseite.com\/wp-content\/uploads\/2018\/11\/co2abgabe_CO2_Preis.jpg","type":"image\/jpeg"}],"author":"Bigi Alt","twitter_card":"summary_large_image","twitter_creator":"@franzalt","twitter_site":"@franzalt","twitter_misc":{"Verfasst von":"Bigi Alt","Gesch\u00e4tzte Lesezeit":"2\u00a0Minuten"},"schema":{"@context":"https:\/\/schema.org","@graph":[{"@type":"Article","@id":"https:\/\/www.sonnenseite.com\/de\/politik\/klimaschutzbericht-2019-und-das-erreichen-der-klimaziele-2020-und-2030\/#article","isPartOf":{"@id":"https:\/\/www.sonnenseite.com\/de\/politik\/klimaschutzbericht-2019-und-das-erreichen-der-klimaziele-2020-und-2030\/"},"author":{"name":"Bigi Alt","@id":"https:\/\/www.sonnenseite.com\/de\/#\/schema\/person\/50fda0e926597684c7cc6695238a4eb9"},"headline":"Klimaschutzbericht 2019 und das Erreichen der Klimaziele 2020 und 2030","datePublished":"2020-08-19T14:53:10+00:00","dateModified":"2020-08-19T14:53:11+00:00","mainEntityOfPage":{"@id":"https:\/\/www.sonnenseite.com\/de\/politik\/klimaschutzbericht-2019-und-das-erreichen-der-klimaziele-2020-und-2030\/"},"wordCount":485,"publisher":{"@id":"https:\/\/www.sonnenseite.com\/de\/#organization"},"image":{"@id":"https:\/\/www.sonnenseite.com\/de\/politik\/klimaschutzbericht-2019-und-das-erreichen-der-klimaziele-2020-und-2030\/#primaryimage"},"thumbnailUrl":"https:\/\/www.sonnenseite.com\/wp-content\/uploads\/2018\/11\/co2abgabe_CO2_Preis.jpg","articleSection":["Politik"],"inLanguage":"de"},{"@type":"WebPage","@id":"https:\/\/www.sonnenseite.com\/de\/politik\/klimaschutzbericht-2019-und-das-erreichen-der-klimaziele-2020-und-2030\/","url":"https:\/\/www.sonnenseite.com\/de\/politik\/klimaschutzbericht-2019-und-das-erreichen-der-klimaziele-2020-und-2030\/","name":"Klimaschutzbericht 2019 und das Erreichen der Klimaziele 2020 und 2030 - Sonnenseite - \u00d6kologische Kommunikation mit Franz Alt","isPartOf":{"@id":"https:\/\/www.sonnenseite.com\/de\/#website"},"primaryImageOfPage":{"@id":"https:\/\/www.sonnenseite.com\/de\/politik\/klimaschutzbericht-2019-und-das-erreichen-der-klimaziele-2020-und-2030\/#primaryimage"},"image":{"@id":"https:\/\/www.sonnenseite.com\/de\/politik\/klimaschutzbericht-2019-und-das-erreichen-der-klimaziele-2020-und-2030\/#primaryimage"},"thumbnailUrl":"https:\/\/www.sonnenseite.com\/wp-content\/uploads\/2018\/11\/co2abgabe_CO2_Preis.jpg","datePublished":"2020-08-19T14:53:10+00:00","dateModified":"2020-08-19T14:53:11+00:00","description":"Zur heutigen Verabschiedung des Klimaschutzberichts 2019 durch die Bundesregierung von CDU\/CSU und SPD und zur gemeinsamen Forderung von Klima-Allianz","breadcrumb":{"@id":"https:\/\/www.sonnenseite.com\/de\/politik\/klimaschutzbericht-2019-und-das-erreichen-der-klimaziele-2020-und-2030\/#breadcrumb"},"inLanguage":"de","potentialAction":[{"@type":"ReadAction","target":["https:\/\/www.sonnenseite.com\/de\/politik\/klimaschutzbericht-2019-und-das-erreichen-der-klimaziele-2020-und-2030\/"]}]},{"@type":"ImageObject","inLanguage":"de","@id":"https:\/\/www.sonnenseite.com\/de\/politik\/klimaschutzbericht-2019-und-das-erreichen-der-klimaziele-2020-und-2030\/#primaryimage","url":"https:\/\/www.sonnenseite.com\/wp-content\/uploads\/2018\/11\/co2abgabe_CO2_Preis.jpg","contentUrl":"https:\/\/www.sonnenseite.com\/wp-content\/uploads\/2018\/11\/co2abgabe_CO2_Preis.jpg","width":770,"height":420,"caption":"co2abgabe.de | Neben der Klimazielversch\u00e4rfung sollte Deutschland zudem die Rolle als EU-Ratspr\u00e4sidentschaft nutzen, die Ma\u00dfnahmen eines CO2-Mindestpreises und einen einheitlichen CO2-Preis \u00fcber alle Sektoren auf europ\u00e4ischer Ebene voranzubringen.\u201c"},{"@type":"BreadcrumbList","@id":"https:\/\/www.sonnenseite.com\/de\/politik\/klimaschutzbericht-2019-und-das-erreichen-der-klimaziele-2020-und-2030\/#breadcrumb","itemListElement":[{"@type":"ListItem","position":1,"name":"Startseite","item":"https:\/\/www.sonnenseite.com\/de\/"},{"@type":"ListItem","position":2,"name":"Klimaschutzbericht 2019 und das Erreichen der Klimaziele 2020 und 2030"}]},{"@type":"WebSite","@id":"https:\/\/www.sonnenseite.com\/de\/#website","url":"https:\/\/www.sonnenseite.com\/de\/","name":"Sonnenseite","description":"\u00d6kologische Kommunikation mit Franz Alt","publisher":{"@id":"https:\/\/www.sonnenseite.com\/de\/#organization"},"potentialAction":[{"@type":"SearchAction","target":{"@type":"EntryPoint","urlTemplate":"https:\/\/www.sonnenseite.com\/de\/?s={search_term_string}"},"query-input":{"@type":"PropertyValueSpecification","valueRequired":true,"valueName":"search_term_string"}}],"inLanguage":"de"},{"@type":"Organization","@id":"https:\/\/www.sonnenseite.com\/de\/#organization","name":"Sonnenseite","url":"https:\/\/www.sonnenseite.com\/de\/","logo":{"@type":"ImageObject","inLanguage":"de","@id":"https:\/\/www.sonnenseite.com\/de\/#\/schema\/logo\/image\/","url":"https:\/\/www.sonnenseite.com\/wp-content\/uploads\/2020\/05\/Sonnenseite_Logo.png","contentUrl":"https:\/\/www.sonnenseite.com\/wp-content\/uploads\/2020\/05\/Sonnenseite_Logo.png","width":377,"height":90,"caption":"Sonnenseite"},"image":{"@id":"https:\/\/www.sonnenseite.com\/de\/#\/schema\/logo\/image\/"},"sameAs":["https:\/\/www.facebook.com\/pages\/Franz-Alt-SONNENSEITECOM\/221072987903953?fref=ts","https:\/\/x.com\/franzalt","http:\/\/www.youtube.com\/results?search_query&amp;amp;quot;franz_alt&amp;amp;quot;&amp;amp;amp;amp;search_type&amp;amp;amp;amp;aq=f"]},{"@type":"Person","@id":"https:\/\/www.sonnenseite.com\/de\/#\/schema\/person\/50fda0e926597684c7cc6695238a4eb9","name":"Bigi Alt"}]}},"_links":{"self":[{"href":"https:\/\/www.sonnenseite.com\/de\/wp-json\/wp\/v2\/posts\/61804","targetHints":{"allow":["GET"]}}],"collection":[{"href":"https:\/\/www.sonnenseite.com\/de\/wp-json\/wp\/v2\/posts"}],"about":[{"href":"https:\/\/www.sonnenseite.com\/de\/wp-json\/wp\/v2\/types\/post"}],"author":[{"embeddable":true,"href":"https:\/\/www.sonnenseite.com\/de\/wp-json\/wp\/v2\/users\/3"}],"replies":[{"embeddable":true,"href":"https:\/\/www.sonnenseite.com\/de\/wp-json\/wp\/v2\/comments?post=61804"}],"version-history":[{"count":1,"href":"https:\/\/www.sonnenseite.com\/de\/wp-json\/wp\/v2\/posts\/61804\/revisions"}],"predecessor-version":[{"id":61805,"href":"https:\/\/www.sonnenseite.com\/de\/wp-json\/wp\/v2\/posts\/61804\/revisions\/61805"}],"wp:featuredmedia":[{"embeddable":true,"href":"https:\/\/www.sonnenseite.com\/de\/wp-json\/wp\/v2\/media\/13535"}],"wp:attachment":[{"href":"https:\/\/www.sonnenseite.com\/de\/wp-json\/wp\/v2\/media?parent=61804"}],"wp:term":[{"taxonomy":"category","embeddable":true,"href":"https:\/\/www.sonnenseite.com\/de\/wp-json\/wp\/v2\/categories?post=61804"},{"taxonomy":"post_tag","embeddable":true,"href":"https:\/\/www.sonnenseite.com\/de\/wp-json\/wp\/v2\/tags?post=61804"}],"curies":[{"name":"wp","href":"https:\/\/api.w.org\/{rel}","templated":true}]}}