{"id":61972,"date":"2020-08-24T15:06:00","date_gmt":"2020-08-24T13:06:00","guid":{"rendered":"https:\/\/www.sonnenseite.com\/?p=61972"},"modified":"2020-08-24T15:06:55","modified_gmt":"2020-08-24T13:06:55","slug":"wie-die-eu-ein-klimaziel-von-55-prozent-im-jahr-2030-erreichen-kann","status":"publish","type":"post","link":"https:\/\/www.sonnenseite.com\/de\/politik\/wie-die-eu-ein-klimaziel-von-55-prozent-im-jahr-2030-erreichen-kann\/","title":{"rendered":"Wie die EU ein Klimaziel von -55 Prozent im Jahr 2030 erreichen kann"},"content":{"rendered":"\n<p>Agora Energiewende legt eine Handreichung f\u00fcr die deutsche EU-Ratspr\u00e4sidentschaft vor.<\/p>\n\n\n\n<p>Die Studie macht Vorschl\u00e4ge f\u00fcr eine Weiterentwicklung der EU-Klimaschutzarchitektur und dekliniert die Herausforderungen Punkt f\u00fcr Punkt durch.<\/p>\n\n\n\n<p>Die Europ\u00e4ische Union kann ihr Klimaschutzziel f\u00fcr 2030 deutlich versch\u00e4rfen: Technisch und wirtschaftlich sei es f\u00fcr die EU-L\u00e4nder m\u00f6glich, ihre Treibhausgasemissionen bis 2030 um 55 Prozent gegen\u00fcber 1990 zu verringern, so das zentrale Ergebnis einer Studie im Auftrag von Agora Energiewende. Aktuell liegt das EU-Klimaziel 2030 bei einer Treibhausgasminderung um 40 Prozent im Vergleich zu 1990. Die Verst\u00e4rkung der Klimaschutzanstrengungen ist n\u00f6tig, um den Anstieg der globalen Durchschnittstemperaturen auf deutlich weniger als 2 Grad Celsius zu begrenzen, wie es im Klimaschutzabkommen von Paris 2015 beschlossen wurde.<\/p>\n\n\n\n<p>F\u00fcr die Emissionen von Industrie und Energiewirtschaft, die \u00fcber den Emissionszertifikatehandel EU-ETS geregelt werden, schl\u00e4gt die Studie eine Treibhausgasminderung um 59 bis 63 Prozent gegen\u00fcber 2005 vor \u2013 das entspricht einer Versch\u00e4rfung um 16 bis 20 Prozentpunkten. Die Emissionen in den \u00fcbrigen Bereichen \u2013 vor allem in den Sektoren Verkehr, Geb\u00e4ude und Landwirtschaft \u2013 k\u00f6nnten um 45 bis 49 Prozent gegen\u00fcber 2005 gesenkt werden \u2013 15 bis 19 Prozentpunkte mehr als bislang vorgesehen.<\/p>\n\n\n\n<p>Die Studie wurde vor dem Hintergrund der Debatte in der EU um die Erh\u00f6hung des Klimaschutzziels f\u00fcr 2030 erstellt. Das neue Ziel soll unter deutscher Ratspr\u00e4sidentschaft bis Ende des Jahres beschlossen werden, um im Jahr 2021 zur Klimakonferenz COP26 in Glasgow der internationalen Staatengemeinschaft vorgelegt zu werden. Bis dahin will die EU-Kommission ebenfalls Vorschl\u00e4ge f\u00fcr die entsprechenden \u00c4nderungen der Klimaschutzarchitektur vorlegen.<\/p>\n\n\n\n<p>\u201eDamit die Klimakonferenz in Glasgow erfolgreich werden kann, muss die Europ\u00e4ische Union dort ein deutlich erh\u00f6htes Klimaziel vorlegen\u201c, sagt Dr. Patrick Graichen, Direktor von Agora Energiewende. \u201eDas Ziel muss mit Ma\u00dfnahmen unterlegt sein, mit denen es erreicht werden kann. Unsere Studie zeigt, dass die bestehende Klimaschutzarchitektur in der EU daf\u00fcr prinzipiell geeignet ist. Die EU-Klimaschutzinstrumente m\u00fcssen allerdings deutlich angesch\u00e4rft werden, um die Emissionsminderungen auch tats\u00e4chlich zu erreichen.\u201c<\/p>\n\n\n\n<p>Die vom \u00d6ko-Institut f\u00fcr Agora Energiewende erstellte Studie hat das Zusammenspiel der beiden zentralen europ\u00e4ischen Klimaschutzmechanismen EU-ETS und die so genannte Effort Sharing Regulation (ESR) untersucht. F\u00fcr jeden Bereich wurde eine Vielzahl von Optionen und Flexibilit\u00e4tsmechanismen betrachtet, mit denen die EU-Mitgliedsstaaten zu den EU-weiten Emissionsminderungen beitragen k\u00f6nnen. Dazu z\u00e4hlen beispielsweise eine Versch\u00e4rfung der Emissionsnormen f\u00fcr Kraftfahrzeuge, ein neuer Markt f\u00fcr die nationale Emissionsberechtigungen (AEA-Markt) in den Bereichen Verkehr, Geb\u00e4ude und Landwirtschaft oder die Etablierung eines eigenen europaweiten Emissionshandels f\u00fcr diese Sektoren.<\/p>\n\n\n\n<p>Herausgearbeitet haben die Autorinnen und Autoren der Studie auch, in welcher Gr\u00f6\u00dfenordnung die Minderungsbeitr\u00e4ge der einzelnen EU-Mitgliedsstaaten ausfallen m\u00fcssten, damit die Treibhausgasemissionen europaweit um 55 Prozent gegen\u00fcber 1990 sinken k\u00f6nnen. Hierbei zeigte sich, dass insbesondere die skandinavischen L\u00e4nder mit ihren bereits beschlossenen Zielen und Ma\u00dfnahmen auf einem guten Kurs sind, um ihre Beitr\u00e4ge f\u00fcr ein versch\u00e4rftes EU-Klimaziel zu erreichen. \u201eDas ist ein Beleg daf\u00fcr, dass eine durchdachte Klimaschutzpolitik nicht zu Lasten von Wohlstand und Lebensqualit\u00e4t geht \u2013 ganz im Gegenteil\u201c, sagt Graichen.<\/p>\n\n\n\n<p>Deutlich wurde jedoch auch, dass die bisher von ambitionierten Klimaschutzanstrengungen weitgehend ausgenommenen \u00e4rmeren EU-Staaten in Ost- und S\u00fcdosteuropa k\u00fcnftig deutlich mehr f\u00fcr Klimaschutz tun m\u00fcssen. Um die daf\u00fcr anfallenden Kosten gerecht zu verteilen, schl\u00e4gt die Studie mehrere Kompensationsmechanismen vor &#8211; beispielsweise, indem Erl\u00f6se eines AEA-Markts teilweise an \u00e4rmere EU-Staaten ausgesch\u00fcttet werden.<\/p>\n\n\n\n<p>\u201eEs ist wichtig, dass die EU-Mitglieder m\u00f6glichst rasch anfangen, ihre Wirtschaft in Richtung Klimaneutralit\u00e4t umzubauen. Die dadurch erzielten Emissionsminderungen summieren sich \u00fcber die Jahre auf und erleichtern das Erreichen von Klimaschutzzielen f\u00fcr 2030 und auch f\u00fcr 2050. Sp\u00e4tere Emissionsminderungen m\u00fcssten hingegen \u00e4u\u00dferst drastisch ausfallen, um einen \u00e4hnlichen Effekt zu erzielen und sind daher viel schwerer politisch und wirtschaftlich umsetzbar\u201c, betont Graichen.<\/p>\n\n\n\n<p>Die Studie \u201eHow to Raise Europe\u2018s Climate Ambitions for 2030\u201d ist in englischer Sprache erschienen. Sie strukturiert die Herausforderungen in acht Kapiteln durch, unterscheidet detailliert zwischen Ma\u00dfnahmen auf EU- und nationaler Ebene und skizziert das Zusammenspiel der unterschiedlichen Klimaschutzinstrumente. <\/p>\n\n\n\n<p>Die Studie steht zum Download unter <a href=\"http:\/\/www.agora-energiewende.de\" target=\"_blank\" rel=\"noreferrer noopener\">www.agora-energiewende.de<\/a> bereit. Am 10.September 2020 wird die Studie im Rahmen eines \u00f6ffentlichen Webinars von den Autoren vorgestellt. Anmeldungen dazu sind ebenfalls auf der Webseite von Agora Energiewende m\u00f6glich.<\/p>\n\n\n\n<ul class=\"wp-block-list\"><li>Publikation: <a href=\"https:\/\/www.agora-energiewende.de\/en\/publications\/how-to-raise-europes-climate-ambitions-for-2030\/\">How to Raise Europe\u2019s Climate Ambitions for 2030<\/a> (EN)<\/li><\/ul>\n\n\n<h5 class=\"green\">Quelle<\/h5>\r\n\n\n\n<p><a href=\"https:\/\/www.agora-energiewende.de\/presse\/pressemitteilungen\/wie-die-eu-ein-klimaziel-von-55-prozent-im-jahr-2030-erreichen-kann-1\/\">AGORA ENERGIEWENDE 2020<\/a><\/p>\n<div class=\"shariff shariff-align-flex-start shariff-widget-align-flex-start\"><div class=\"ShariffHeadline\">Diese Meldung teilen<\/div><ul class=\"shariff-buttons theme-round orientation-horizontal buttonsize-medium\"><li class=\"shariff-button facebook shariff-nocustomcolor\" style=\"background-color:#4273c8;border-radius:1%\"><a href=\"https:\/\/www.facebook.com\/sharer\/sharer.php?u=https%3A%2F%2Fwww.sonnenseite.com%2Fde%2Fpolitik%2Fwie-die-eu-ein-klimaziel-von-55-prozent-im-jahr-2030-erreichen-kann%2F\" title=\"Bei Facebook teilen\" aria-label=\"Bei Facebook teilen\" role=\"button\" rel=\"nofollow\" class=\"shariff-link\" style=\";border-radius:1%; background-color:#3b5998; color:#fff\" target=\"_blank\"><span class=\"shariff-icon\" style=\"\"><svg width=\"32px\" height=\"20px\" xmlns=\"http:\/\/www.w3.org\/2000\/svg\" viewBox=\"0 0 18 32\"><path fill=\"#3b5998\" d=\"M17.1 0.2v4.7h-2.8q-1.5 0-2.1 0.6t-0.5 1.9v3.4h5.2l-0.7 5.3h-4.5v13.6h-5.5v-13.6h-4.5v-5.3h4.5v-3.9q0-3.3 1.9-5.2t5-1.8q2.6 0 4.1 0.2z\"\/><\/svg><\/span><\/a><\/li><li class=\"shariff-button twitter shariff-nocustomcolor\" style=\"background-color:#595959;border-radius:1%\"><a href=\"https:\/\/twitter.com\/share?url=https%3A%2F%2Fwww.sonnenseite.com%2Fde%2Fpolitik%2Fwie-die-eu-ein-klimaziel-von-55-prozent-im-jahr-2030-erreichen-kann%2F&text=Wie%20die%20EU%20ein%20Klimaziel%20von%20-55%20Prozent%20im%20Jahr%202030%20erreichen%20kann\" title=\"Bei X teilen\" aria-label=\"Bei X teilen\" role=\"button\" rel=\"noopener nofollow\" class=\"shariff-link\" style=\";border-radius:1%; background-color:#000; color:#fff\" target=\"_blank\"><span class=\"shariff-icon\" style=\"\"><svg width=\"32px\" height=\"20px\" xmlns=\"http:\/\/www.w3.org\/2000\/svg\" viewBox=\"0 0 24 24\"><path fill=\"#000\" d=\"M14.258 10.152L23.176 0h-2.113l-7.747 8.813L7.133 0H0l9.352 13.328L0 23.973h2.113l8.176-9.309 6.531 9.309h7.133zm-2.895 3.293l-.949-1.328L2.875 1.56h3.246l6.086 8.523.945 1.328 7.91 11.078h-3.246zm0 0\"\/><\/svg><\/span><\/a><\/li><li class=\"shariff-button xing shariff-nocustomcolor\" style=\"background-color:#29888a;border-radius:1%\"><a href=\"https:\/\/www.xing.com\/spi\/shares\/new?url=https%3A%2F%2Fwww.sonnenseite.com%2Fde%2Fpolitik%2Fwie-die-eu-ein-klimaziel-von-55-prozent-im-jahr-2030-erreichen-kann%2F\" title=\"Bei XING teilen\" aria-label=\"Bei XING teilen\" role=\"button\" rel=\"noopener nofollow\" class=\"shariff-link\" style=\";border-radius:1%; background-color:#126567; color:#fff\" target=\"_blank\"><span class=\"shariff-icon\" style=\"\"><svg width=\"32px\" height=\"20px\" xmlns=\"http:\/\/www.w3.org\/2000\/svg\" viewBox=\"0 0 25 32\"><path fill=\"#126567\" d=\"M10.7 11.9q-0.2 0.3-4.6 8.2-0.5 0.8-1.2 0.8h-4.3q-0.4 0-0.5-0.3t0-0.6l4.5-8q0 0 0 0l-2.9-5q-0.2-0.4 0-0.7 0.2-0.3 0.5-0.3h4.3q0.7 0 1.2 0.8zM25.1 0.4q0.2 0.3 0 0.7l-9.4 16.7 6 11q0.2 0.4 0 0.6-0.2 0.3-0.6 0.3h-4.3q-0.7 0-1.2-0.8l-6-11.1q0.3-0.6 9.5-16.8 0.4-0.8 1.2-0.8h4.3q0.4 0 0.5 0.3z\"\/><\/svg><\/span><\/a><\/li><li class=\"shariff-button linkedin shariff-nocustomcolor\" style=\"background-color:#1488bf;border-radius:1%\"><a href=\"https:\/\/www.linkedin.com\/sharing\/share-offsite\/?url=https%3A%2F%2Fwww.sonnenseite.com%2Fde%2Fpolitik%2Fwie-die-eu-ein-klimaziel-von-55-prozent-im-jahr-2030-erreichen-kann%2F\" title=\"Bei LinkedIn teilen\" aria-label=\"Bei LinkedIn teilen\" role=\"button\" rel=\"noopener nofollow\" class=\"shariff-link\" style=\";border-radius:1%; background-color:#0077b5; color:#fff\" target=\"_blank\"><span class=\"shariff-icon\" style=\"\"><svg width=\"32px\" height=\"20px\" xmlns=\"http:\/\/www.w3.org\/2000\/svg\" viewBox=\"0 0 27 32\"><path fill=\"#0077b5\" d=\"M6.2 11.2v17.7h-5.9v-17.7h5.9zM6.6 5.7q0 1.3-0.9 2.2t-2.4 0.9h0q-1.5 0-2.4-0.9t-0.9-2.2 0.9-2.2 2.4-0.9 2.4 0.9 0.9 2.2zM27.4 18.7v10.1h-5.9v-9.5q0-1.9-0.7-2.9t-2.3-1.1q-1.1 0-1.9 0.6t-1.2 1.5q-0.2 0.5-0.2 1.4v9.9h-5.9q0-7.1 0-11.6t0-5.3l0-0.9h5.9v2.6h0q0.4-0.6 0.7-1t1-0.9 1.6-0.8 2-0.3q3 0 4.9 2t1.9 6z\"\/><\/svg><\/span><\/a><\/li><li class=\"shariff-button printer shariff-nocustomcolor\" style=\"background-color:#a8a8a8;border-radius:1%\"><a href=\"javascript:window.print()\" title=\"drucken\" aria-label=\"drucken\" role=\"button\" rel=\"noopener nofollow\" class=\"shariff-link\" style=\";border-radius:1%; background-color:#999; color:#fff\"><span class=\"shariff-icon\" style=\"\"><svg width=\"32px\" height=\"20px\" xmlns=\"http:\/\/www.w3.org\/2000\/svg\" viewBox=\"0 0 30 32\"><path fill=\"#999\" d=\"M6.8 27.4h16v-4.6h-16v4.6zM6.8 16h16v-6.8h-2.8q-0.7 0-1.2-0.5t-0.5-1.2v-2.8h-11.4v11.4zM27.4 17.2q0-0.5-0.3-0.8t-0.8-0.4-0.8 0.4-0.3 0.8 0.3 0.8 0.8 0.3 0.8-0.3 0.3-0.8zM29.7 17.2v7.4q0 0.2-0.2 0.4t-0.4 0.2h-4v2.8q0 0.7-0.5 1.2t-1.2 0.5h-17.2q-0.7 0-1.2-0.5t-0.5-1.2v-2.8h-4q-0.2 0-0.4-0.2t-0.2-0.4v-7.4q0-1.4 1-2.4t2.4-1h1.2v-9.7q0-0.7 0.5-1.2t1.2-0.5h12q0.7 0 1.6 0.4t1.3 0.8l2.7 2.7q0.5 0.5 0.9 1.4t0.4 1.6v4.6h1.1q1.4 0 2.4 1t1 2.4z\"\/><\/svg><\/span><\/a><\/li><li class=\"shariff-button mailto shariff-nocustomcolor\" style=\"background-color:#a8a8a8;border-radius:1%\"><a href=\"mailto:?body=https%3A%2F%2Fwww.sonnenseite.com%2Fde%2Fpolitik%2Fwie-die-eu-ein-klimaziel-von-55-prozent-im-jahr-2030-erreichen-kann%2F&subject=Wie%20die%20EU%20ein%20Klimaziel%20von%20-55%20Prozent%20im%20Jahr%202030%20erreichen%20kann\" title=\"Per E-Mail versenden\" aria-label=\"Per E-Mail versenden\" role=\"button\" rel=\"noopener nofollow\" class=\"shariff-link\" style=\";border-radius:1%; background-color:#999; color:#fff\"><span class=\"shariff-icon\" style=\"\"><svg width=\"32px\" height=\"20px\" xmlns=\"http:\/\/www.w3.org\/2000\/svg\" viewBox=\"0 0 32 32\"><path fill=\"#999\" d=\"M32 12.7v14.2q0 1.2-0.8 2t-2 0.9h-26.3q-1.2 0-2-0.9t-0.8-2v-14.2q0.8 0.9 1.8 1.6 6.5 4.4 8.9 6.1 1 0.8 1.6 1.2t1.7 0.9 2 0.4h0.1q0.9 0 2-0.4t1.7-0.9 1.6-1.2q3-2.2 8.9-6.1 1-0.7 1.8-1.6zM32 7.4q0 1.4-0.9 2.7t-2.2 2.2q-6.7 4.7-8.4 5.8-0.2 0.1-0.7 0.5t-1 0.7-0.9 0.6-1.1 0.5-0.9 0.2h-0.1q-0.4 0-0.9-0.2t-1.1-0.5-0.9-0.6-1-0.7-0.7-0.5q-1.6-1.1-4.7-3.2t-3.6-2.6q-1.1-0.7-2.1-2t-1-2.5q0-1.4 0.7-2.3t2.1-0.9h26.3q1.2 0 2 0.8t0.9 2z\"\/><\/svg><\/span><\/a><\/li><\/ul><\/div>","protected":false},"excerpt":{"rendered":"<p>Agora Energiewende legt eine Handreichung f\u00fcr die deutsche EU-Ratspr\u00e4sidentschaft vor. Die Studie macht Vorschl\u00e4ge f\u00fcr eine [&hellip;]<\/p>\n","protected":false},"author":3,"featured_media":61974,"comment_status":"closed","ping_status":"closed","sticky":false,"template":"","format":"standard","meta":{"inline_featured_image":false,"footnotes":""},"categories":[21],"tags":[],"class_list":["post-61972","post","type-post","status-publish","format-standard","has-post-thumbnail","hentry","category-politik"],"yoast_head":"<!-- This site is optimized with the Yoast SEO plugin v26.5 - https:\/\/yoast.com\/wordpress\/plugins\/seo\/ -->\n<title>Wie die EU ein Klimaziel von -55 Prozent im Jahr 2030 erreichen kann - Sonnenseite - \u00d6kologische Kommunikation mit Franz Alt<\/title>\n<meta name=\"description\" content=\"Agora Energiewende legt eine Handreichung f\u00fcr die deutsche EU-Ratspr\u00e4sidentschaft vor. Die Studie macht Vorschl\u00e4ge f\u00fcr eine Weiterentwicklung der\" \/>\n<meta name=\"robots\" content=\"index, follow, max-snippet:-1, max-image-preview:large, max-video-preview:-1\" \/>\n<link rel=\"canonical\" href=\"https:\/\/www.sonnenseite.com\/de\/politik\/wie-die-eu-ein-klimaziel-von-55-prozent-im-jahr-2030-erreichen-kann\/\" \/>\n<meta property=\"og:locale\" content=\"de_DE\" \/>\n<meta property=\"og:type\" content=\"article\" \/>\n<meta property=\"og:title\" content=\"Wie die EU ein Klimaziel von -55 Prozent im Jahr 2030 erreichen kann - Sonnenseite - \u00d6kologische Kommunikation mit Franz Alt\" \/>\n<meta property=\"og:description\" content=\"Agora Energiewende legt eine Handreichung f\u00fcr die deutsche EU-Ratspr\u00e4sidentschaft vor. Die Studie macht Vorschl\u00e4ge f\u00fcr eine Weiterentwicklung der\" \/>\n<meta property=\"og:url\" content=\"https:\/\/www.sonnenseite.com\/de\/politik\/wie-die-eu-ein-klimaziel-von-55-prozent-im-jahr-2030-erreichen-kann\/\" \/>\n<meta property=\"og:site_name\" content=\"Sonnenseite\" \/>\n<meta property=\"article:publisher\" content=\"https:\/\/www.facebook.com\/pages\/Franz-Alt-SONNENSEITECOM\/221072987903953?fref=ts\" \/>\n<meta property=\"article:published_time\" content=\"2020-08-24T13:06:00+00:00\" \/>\n<meta property=\"article:modified_time\" content=\"2020-08-24T13:06:55+00:00\" \/>\n<meta property=\"og:image\" content=\"https:\/\/www.sonnenseite.com\/wp-content\/uploads\/2020\/08\/Bergsteiger_Anton-Muryginh.jpg\" \/>\n\t<meta property=\"og:image:width\" content=\"770\" \/>\n\t<meta property=\"og:image:height\" content=\"420\" \/>\n\t<meta property=\"og:image:type\" content=\"image\/jpeg\" \/>\n<meta name=\"author\" content=\"Bigi Alt\" \/>\n<meta name=\"twitter:card\" content=\"summary_large_image\" \/>\n<meta name=\"twitter:creator\" content=\"@franzalt\" \/>\n<meta name=\"twitter:site\" content=\"@franzalt\" \/>\n<meta name=\"twitter:label1\" content=\"Verfasst von\" \/>\n\t<meta name=\"twitter:data1\" content=\"Bigi Alt\" \/>\n\t<meta name=\"twitter:label2\" content=\"Gesch\u00e4tzte Lesezeit\" \/>\n\t<meta name=\"twitter:data2\" content=\"4\u00a0Minuten\" \/>\n<script type=\"application\/ld+json\" class=\"yoast-schema-graph\">{\"@context\":\"https:\/\/schema.org\",\"@graph\":[{\"@type\":\"Article\",\"@id\":\"https:\/\/www.sonnenseite.com\/de\/politik\/wie-die-eu-ein-klimaziel-von-55-prozent-im-jahr-2030-erreichen-kann\/#article\",\"isPartOf\":{\"@id\":\"https:\/\/www.sonnenseite.com\/de\/politik\/wie-die-eu-ein-klimaziel-von-55-prozent-im-jahr-2030-erreichen-kann\/\"},\"author\":{\"name\":\"Bigi Alt\",\"@id\":\"https:\/\/www.sonnenseite.com\/de\/#\/schema\/person\/50fda0e926597684c7cc6695238a4eb9\"},\"headline\":\"Wie die EU ein Klimaziel von -55 Prozent im Jahr 2030 erreichen kann\",\"datePublished\":\"2020-08-24T13:06:00+00:00\",\"dateModified\":\"2020-08-24T13:06:55+00:00\",\"mainEntityOfPage\":{\"@id\":\"https:\/\/www.sonnenseite.com\/de\/politik\/wie-die-eu-ein-klimaziel-von-55-prozent-im-jahr-2030-erreichen-kann\/\"},\"wordCount\":730,\"publisher\":{\"@id\":\"https:\/\/www.sonnenseite.com\/de\/#organization\"},\"image\":{\"@id\":\"https:\/\/www.sonnenseite.com\/de\/politik\/wie-die-eu-ein-klimaziel-von-55-prozent-im-jahr-2030-erreichen-kann\/#primaryimage\"},\"thumbnailUrl\":\"https:\/\/www.sonnenseite.com\/wp-content\/uploads\/2020\/08\/Bergsteiger_Anton-Muryginh.jpg\",\"articleSection\":[\"Politik\"],\"inLanguage\":\"de\"},{\"@type\":\"WebPage\",\"@id\":\"https:\/\/www.sonnenseite.com\/de\/politik\/wie-die-eu-ein-klimaziel-von-55-prozent-im-jahr-2030-erreichen-kann\/\",\"url\":\"https:\/\/www.sonnenseite.com\/de\/politik\/wie-die-eu-ein-klimaziel-von-55-prozent-im-jahr-2030-erreichen-kann\/\",\"name\":\"Wie die EU ein Klimaziel von -55 Prozent im Jahr 2030 erreichen kann - Sonnenseite - \u00d6kologische Kommunikation mit Franz Alt\",\"isPartOf\":{\"@id\":\"https:\/\/www.sonnenseite.com\/de\/#website\"},\"primaryImageOfPage\":{\"@id\":\"https:\/\/www.sonnenseite.com\/de\/politik\/wie-die-eu-ein-klimaziel-von-55-prozent-im-jahr-2030-erreichen-kann\/#primaryimage\"},\"image\":{\"@id\":\"https:\/\/www.sonnenseite.com\/de\/politik\/wie-die-eu-ein-klimaziel-von-55-prozent-im-jahr-2030-erreichen-kann\/#primaryimage\"},\"thumbnailUrl\":\"https:\/\/www.sonnenseite.com\/wp-content\/uploads\/2020\/08\/Bergsteiger_Anton-Muryginh.jpg\",\"datePublished\":\"2020-08-24T13:06:00+00:00\",\"dateModified\":\"2020-08-24T13:06:55+00:00\",\"description\":\"Agora Energiewende legt eine Handreichung f\u00fcr die deutsche EU-Ratspr\u00e4sidentschaft vor. Die Studie macht Vorschl\u00e4ge f\u00fcr eine Weiterentwicklung der\",\"breadcrumb\":{\"@id\":\"https:\/\/www.sonnenseite.com\/de\/politik\/wie-die-eu-ein-klimaziel-von-55-prozent-im-jahr-2030-erreichen-kann\/#breadcrumb\"},\"inLanguage\":\"de\",\"potentialAction\":[{\"@type\":\"ReadAction\",\"target\":[\"https:\/\/www.sonnenseite.com\/de\/politik\/wie-die-eu-ein-klimaziel-von-55-prozent-im-jahr-2030-erreichen-kann\/\"]}]},{\"@type\":\"ImageObject\",\"inLanguage\":\"de\",\"@id\":\"https:\/\/www.sonnenseite.com\/de\/politik\/wie-die-eu-ein-klimaziel-von-55-prozent-im-jahr-2030-erreichen-kann\/#primaryimage\",\"url\":\"https:\/\/www.sonnenseite.com\/wp-content\/uploads\/2020\/08\/Bergsteiger_Anton-Muryginh.jpg\",\"contentUrl\":\"https:\/\/www.sonnenseite.com\/wp-content\/uploads\/2020\/08\/Bergsteiger_Anton-Muryginh.jpg\",\"width\":770,\"height\":420,\"caption\":\"nsplash.com | Anton-Muryginh | Die Studie \u201eHow to Raise Europe\u2018s Climate Ambitions for 2030\u201d ist in englischer Sprache erschienen. Sie strukturiert die Herausforderungen in acht Kapiteln durch, unterscheidet detailliert zwischen Ma\u00dfnahmen auf EU- und nationaler Ebene und skizziert das Zusammenspiel der unterschiedlichen Klimaschutzinstrumente.\"},{\"@type\":\"BreadcrumbList\",\"@id\":\"https:\/\/www.sonnenseite.com\/de\/politik\/wie-die-eu-ein-klimaziel-von-55-prozent-im-jahr-2030-erreichen-kann\/#breadcrumb\",\"itemListElement\":[{\"@type\":\"ListItem\",\"position\":1,\"name\":\"Startseite\",\"item\":\"https:\/\/www.sonnenseite.com\/de\/\"},{\"@type\":\"ListItem\",\"position\":2,\"name\":\"Wie die EU ein Klimaziel von -55 Prozent im Jahr 2030 erreichen kann\"}]},{\"@type\":\"WebSite\",\"@id\":\"https:\/\/www.sonnenseite.com\/de\/#website\",\"url\":\"https:\/\/www.sonnenseite.com\/de\/\",\"name\":\"Sonnenseite\",\"description\":\"\u00d6kologische Kommunikation mit Franz Alt\",\"publisher\":{\"@id\":\"https:\/\/www.sonnenseite.com\/de\/#organization\"},\"potentialAction\":[{\"@type\":\"SearchAction\",\"target\":{\"@type\":\"EntryPoint\",\"urlTemplate\":\"https:\/\/www.sonnenseite.com\/de\/?s={search_term_string}\"},\"query-input\":{\"@type\":\"PropertyValueSpecification\",\"valueRequired\":true,\"valueName\":\"search_term_string\"}}],\"inLanguage\":\"de\"},{\"@type\":\"Organization\",\"@id\":\"https:\/\/www.sonnenseite.com\/de\/#organization\",\"name\":\"Sonnenseite\",\"url\":\"https:\/\/www.sonnenseite.com\/de\/\",\"logo\":{\"@type\":\"ImageObject\",\"inLanguage\":\"de\",\"@id\":\"https:\/\/www.sonnenseite.com\/de\/#\/schema\/logo\/image\/\",\"url\":\"https:\/\/www.sonnenseite.com\/wp-content\/uploads\/2020\/05\/Sonnenseite_Logo.png\",\"contentUrl\":\"https:\/\/www.sonnenseite.com\/wp-content\/uploads\/2020\/05\/Sonnenseite_Logo.png\",\"width\":377,\"height\":90,\"caption\":\"Sonnenseite\"},\"image\":{\"@id\":\"https:\/\/www.sonnenseite.com\/de\/#\/schema\/logo\/image\/\"},\"sameAs\":[\"https:\/\/www.facebook.com\/pages\/Franz-Alt-SONNENSEITECOM\/221072987903953?fref=ts\",\"https:\/\/x.com\/franzalt\",\"http:\/\/www.youtube.com\/results?search_query&amp;amp;quot;franz_alt&amp;amp;quot;&amp;amp;amp;amp;search_type&amp;amp;amp;amp;aq=f\"]},{\"@type\":\"Person\",\"@id\":\"https:\/\/www.sonnenseite.com\/de\/#\/schema\/person\/50fda0e926597684c7cc6695238a4eb9\",\"name\":\"Bigi Alt\"}]}<\/script>\n<!-- \/ Yoast SEO plugin. -->","yoast_head_json":{"title":"Wie die EU ein Klimaziel von -55 Prozent im Jahr 2030 erreichen kann - Sonnenseite - \u00d6kologische Kommunikation mit Franz Alt","description":"Agora Energiewende legt eine Handreichung f\u00fcr die deutsche EU-Ratspr\u00e4sidentschaft vor. Die Studie macht Vorschl\u00e4ge f\u00fcr eine Weiterentwicklung der","robots":{"index":"index","follow":"follow","max-snippet":"max-snippet:-1","max-image-preview":"max-image-preview:large","max-video-preview":"max-video-preview:-1"},"canonical":"https:\/\/www.sonnenseite.com\/de\/politik\/wie-die-eu-ein-klimaziel-von-55-prozent-im-jahr-2030-erreichen-kann\/","og_locale":"de_DE","og_type":"article","og_title":"Wie die EU ein Klimaziel von -55 Prozent im Jahr 2030 erreichen kann - Sonnenseite - \u00d6kologische Kommunikation mit Franz Alt","og_description":"Agora Energiewende legt eine Handreichung f\u00fcr die deutsche EU-Ratspr\u00e4sidentschaft vor. Die Studie macht Vorschl\u00e4ge f\u00fcr eine Weiterentwicklung der","og_url":"https:\/\/www.sonnenseite.com\/de\/politik\/wie-die-eu-ein-klimaziel-von-55-prozent-im-jahr-2030-erreichen-kann\/","og_site_name":"Sonnenseite","article_publisher":"https:\/\/www.facebook.com\/pages\/Franz-Alt-SONNENSEITECOM\/221072987903953?fref=ts","article_published_time":"2020-08-24T13:06:00+00:00","article_modified_time":"2020-08-24T13:06:55+00:00","og_image":[{"width":770,"height":420,"url":"https:\/\/www.sonnenseite.com\/wp-content\/uploads\/2020\/08\/Bergsteiger_Anton-Muryginh.jpg","type":"image\/jpeg"}],"author":"Bigi Alt","twitter_card":"summary_large_image","twitter_creator":"@franzalt","twitter_site":"@franzalt","twitter_misc":{"Verfasst von":"Bigi Alt","Gesch\u00e4tzte Lesezeit":"4\u00a0Minuten"},"schema":{"@context":"https:\/\/schema.org","@graph":[{"@type":"Article","@id":"https:\/\/www.sonnenseite.com\/de\/politik\/wie-die-eu-ein-klimaziel-von-55-prozent-im-jahr-2030-erreichen-kann\/#article","isPartOf":{"@id":"https:\/\/www.sonnenseite.com\/de\/politik\/wie-die-eu-ein-klimaziel-von-55-prozent-im-jahr-2030-erreichen-kann\/"},"author":{"name":"Bigi Alt","@id":"https:\/\/www.sonnenseite.com\/de\/#\/schema\/person\/50fda0e926597684c7cc6695238a4eb9"},"headline":"Wie die EU ein Klimaziel von -55 Prozent im Jahr 2030 erreichen kann","datePublished":"2020-08-24T13:06:00+00:00","dateModified":"2020-08-24T13:06:55+00:00","mainEntityOfPage":{"@id":"https:\/\/www.sonnenseite.com\/de\/politik\/wie-die-eu-ein-klimaziel-von-55-prozent-im-jahr-2030-erreichen-kann\/"},"wordCount":730,"publisher":{"@id":"https:\/\/www.sonnenseite.com\/de\/#organization"},"image":{"@id":"https:\/\/www.sonnenseite.com\/de\/politik\/wie-die-eu-ein-klimaziel-von-55-prozent-im-jahr-2030-erreichen-kann\/#primaryimage"},"thumbnailUrl":"https:\/\/www.sonnenseite.com\/wp-content\/uploads\/2020\/08\/Bergsteiger_Anton-Muryginh.jpg","articleSection":["Politik"],"inLanguage":"de"},{"@type":"WebPage","@id":"https:\/\/www.sonnenseite.com\/de\/politik\/wie-die-eu-ein-klimaziel-von-55-prozent-im-jahr-2030-erreichen-kann\/","url":"https:\/\/www.sonnenseite.com\/de\/politik\/wie-die-eu-ein-klimaziel-von-55-prozent-im-jahr-2030-erreichen-kann\/","name":"Wie die EU ein Klimaziel von -55 Prozent im Jahr 2030 erreichen kann - Sonnenseite - \u00d6kologische Kommunikation mit Franz Alt","isPartOf":{"@id":"https:\/\/www.sonnenseite.com\/de\/#website"},"primaryImageOfPage":{"@id":"https:\/\/www.sonnenseite.com\/de\/politik\/wie-die-eu-ein-klimaziel-von-55-prozent-im-jahr-2030-erreichen-kann\/#primaryimage"},"image":{"@id":"https:\/\/www.sonnenseite.com\/de\/politik\/wie-die-eu-ein-klimaziel-von-55-prozent-im-jahr-2030-erreichen-kann\/#primaryimage"},"thumbnailUrl":"https:\/\/www.sonnenseite.com\/wp-content\/uploads\/2020\/08\/Bergsteiger_Anton-Muryginh.jpg","datePublished":"2020-08-24T13:06:00+00:00","dateModified":"2020-08-24T13:06:55+00:00","description":"Agora Energiewende legt eine Handreichung f\u00fcr die deutsche EU-Ratspr\u00e4sidentschaft vor. Die Studie macht Vorschl\u00e4ge f\u00fcr eine Weiterentwicklung der","breadcrumb":{"@id":"https:\/\/www.sonnenseite.com\/de\/politik\/wie-die-eu-ein-klimaziel-von-55-prozent-im-jahr-2030-erreichen-kann\/#breadcrumb"},"inLanguage":"de","potentialAction":[{"@type":"ReadAction","target":["https:\/\/www.sonnenseite.com\/de\/politik\/wie-die-eu-ein-klimaziel-von-55-prozent-im-jahr-2030-erreichen-kann\/"]}]},{"@type":"ImageObject","inLanguage":"de","@id":"https:\/\/www.sonnenseite.com\/de\/politik\/wie-die-eu-ein-klimaziel-von-55-prozent-im-jahr-2030-erreichen-kann\/#primaryimage","url":"https:\/\/www.sonnenseite.com\/wp-content\/uploads\/2020\/08\/Bergsteiger_Anton-Muryginh.jpg","contentUrl":"https:\/\/www.sonnenseite.com\/wp-content\/uploads\/2020\/08\/Bergsteiger_Anton-Muryginh.jpg","width":770,"height":420,"caption":"nsplash.com | Anton-Muryginh | Die Studie \u201eHow to Raise Europe\u2018s Climate Ambitions for 2030\u201d ist in englischer Sprache erschienen. Sie strukturiert die Herausforderungen in acht Kapiteln durch, unterscheidet detailliert zwischen Ma\u00dfnahmen auf EU- und nationaler Ebene und skizziert das Zusammenspiel der unterschiedlichen Klimaschutzinstrumente."},{"@type":"BreadcrumbList","@id":"https:\/\/www.sonnenseite.com\/de\/politik\/wie-die-eu-ein-klimaziel-von-55-prozent-im-jahr-2030-erreichen-kann\/#breadcrumb","itemListElement":[{"@type":"ListItem","position":1,"name":"Startseite","item":"https:\/\/www.sonnenseite.com\/de\/"},{"@type":"ListItem","position":2,"name":"Wie die EU ein Klimaziel von -55 Prozent im Jahr 2030 erreichen kann"}]},{"@type":"WebSite","@id":"https:\/\/www.sonnenseite.com\/de\/#website","url":"https:\/\/www.sonnenseite.com\/de\/","name":"Sonnenseite","description":"\u00d6kologische Kommunikation mit Franz Alt","publisher":{"@id":"https:\/\/www.sonnenseite.com\/de\/#organization"},"potentialAction":[{"@type":"SearchAction","target":{"@type":"EntryPoint","urlTemplate":"https:\/\/www.sonnenseite.com\/de\/?s={search_term_string}"},"query-input":{"@type":"PropertyValueSpecification","valueRequired":true,"valueName":"search_term_string"}}],"inLanguage":"de"},{"@type":"Organization","@id":"https:\/\/www.sonnenseite.com\/de\/#organization","name":"Sonnenseite","url":"https:\/\/www.sonnenseite.com\/de\/","logo":{"@type":"ImageObject","inLanguage":"de","@id":"https:\/\/www.sonnenseite.com\/de\/#\/schema\/logo\/image\/","url":"https:\/\/www.sonnenseite.com\/wp-content\/uploads\/2020\/05\/Sonnenseite_Logo.png","contentUrl":"https:\/\/www.sonnenseite.com\/wp-content\/uploads\/2020\/05\/Sonnenseite_Logo.png","width":377,"height":90,"caption":"Sonnenseite"},"image":{"@id":"https:\/\/www.sonnenseite.com\/de\/#\/schema\/logo\/image\/"},"sameAs":["https:\/\/www.facebook.com\/pages\/Franz-Alt-SONNENSEITECOM\/221072987903953?fref=ts","https:\/\/x.com\/franzalt","http:\/\/www.youtube.com\/results?search_query&amp;amp;quot;franz_alt&amp;amp;quot;&amp;amp;amp;amp;search_type&amp;amp;amp;amp;aq=f"]},{"@type":"Person","@id":"https:\/\/www.sonnenseite.com\/de\/#\/schema\/person\/50fda0e926597684c7cc6695238a4eb9","name":"Bigi Alt"}]}},"_links":{"self":[{"href":"https:\/\/www.sonnenseite.com\/de\/wp-json\/wp\/v2\/posts\/61972","targetHints":{"allow":["GET"]}}],"collection":[{"href":"https:\/\/www.sonnenseite.com\/de\/wp-json\/wp\/v2\/posts"}],"about":[{"href":"https:\/\/www.sonnenseite.com\/de\/wp-json\/wp\/v2\/types\/post"}],"author":[{"embeddable":true,"href":"https:\/\/www.sonnenseite.com\/de\/wp-json\/wp\/v2\/users\/3"}],"replies":[{"embeddable":true,"href":"https:\/\/www.sonnenseite.com\/de\/wp-json\/wp\/v2\/comments?post=61972"}],"version-history":[{"count":1,"href":"https:\/\/www.sonnenseite.com\/de\/wp-json\/wp\/v2\/posts\/61972\/revisions"}],"predecessor-version":[{"id":61973,"href":"https:\/\/www.sonnenseite.com\/de\/wp-json\/wp\/v2\/posts\/61972\/revisions\/61973"}],"wp:featuredmedia":[{"embeddable":true,"href":"https:\/\/www.sonnenseite.com\/de\/wp-json\/wp\/v2\/media\/61974"}],"wp:attachment":[{"href":"https:\/\/www.sonnenseite.com\/de\/wp-json\/wp\/v2\/media?parent=61972"}],"wp:term":[{"taxonomy":"category","embeddable":true,"href":"https:\/\/www.sonnenseite.com\/de\/wp-json\/wp\/v2\/categories?post=61972"},{"taxonomy":"post_tag","embeddable":true,"href":"https:\/\/www.sonnenseite.com\/de\/wp-json\/wp\/v2\/tags?post=61972"}],"curies":[{"name":"wp","href":"https:\/\/api.w.org\/{rel}","templated":true}]}}