{"id":62019,"date":"2020-08-26T03:06:00","date_gmt":"2020-08-26T01:06:00","guid":{"rendered":"https:\/\/www.sonnenseite.com\/?p=62019"},"modified":"2020-08-25T16:09:38","modified_gmt":"2020-08-25T14:09:38","slug":"hitze-trockenheit-versiegelte-staedte","status":"publish","type":"post","link":"https:\/\/www.sonnenseite.com\/de\/umwelt\/hitze-trockenheit-versiegelte-staedte\/","title":{"rendered":"Hitze, Trockenheit, versiegelte St\u00e4dte"},"content":{"rendered":"\n<p>Ein Grund f\u00fcr die extreme Hitze ist der hohe Versiegelungsgrad in unseren St\u00e4dten. Durchgr\u00fcnte St\u00e4dte sind widerstandsf\u00e4higer gegen die Folgen der Erderhitzung.<\/p>\n\n\n\n<p>In den St\u00e4dten sind die durch den Klimawandel auftretenden Hitzetage und sogenannten Tropenn\u00e4chte besonders stark sp\u00fcrbar und haben negative Auswirkungen auf Bewohnerinnen und Bewohner und die Natur in der Stadt. <\/p>\n\n\n\n<p>Durchgr\u00fcnte St\u00e4dte sind widerstandsf\u00e4higer gegen die Folgen der Erderhitzung. Aus Sicht des Bund f\u00fcr Umwelt und Naturschutz Deutschland (BUND) m\u00fcssen die Kommunen angesichts der Klimakrise dringend umdenken und den Stadtumbau hin zu mehr Gr\u00fcn in der Stadt vorantreiben. Hierzu erkl\u00e4rt Afra Heil, BUND-Expertin f\u00fcr den Stadtnaturschutz: &#8222;Die Versiegelung unserer St\u00e4dte hat ein bedenkliches Ausma\u00df angenommen, immer mehr Gr\u00fcnfl\u00e4chen verschwinden, Hitzetage werden unertr\u00e4glich. Es fehlt Schatten, Verdunstungsk\u00e4lte und die Abk\u00fchlung der Luft. Unsere St\u00e4dte und die Menschen, die in ihnen leben, stehen vor dem Hitzekoller.&#8220;<\/p>\n\n\n\n<p>Laut Umweltbundesamt sind mit Stand dieses Jahres etwa 46 Prozent der Siedlungs- und Verkehrsfl\u00e4che in Deutschland versiegelt und t\u00e4glich werden etwa 56 Hektar Fl\u00e4che f\u00fcr Siedlung und Verkehr neu verbraucht, also zus\u00e4tzlich versiegelt. &#8222;Um den Hitzewellen langfristig zu begegnen, braucht es Ma\u00dfnahmen, die St\u00e4dte gr\u00fcner und resilienter machen&#8220;, so Heil. &#8222;Das kann eine Kombination aus Wasserr\u00fcckhalt durch st\u00e4rkere Begr\u00fcnung, Entsiegelung von zum Beispiel Schulh\u00f6fen und das Anlegen von Versickerungsmulden sein. \u00dcbergreifende Ans\u00e4tze wie Schwammstadtkonzepte schaffen langfristige Klimawandelanpassungen und sorgen f\u00fcr ein gesundes Stadtklima f\u00fcr alle.&#8220;<\/p>\n\n\n\n<p>F\u00fcr den Wasserhaushalt in St\u00e4dten gibt es durch die Versiegelung vorrangig zwei unmittelbare Auswirkungen: Einerseits kann Regenwasser weniger gut versickern und die Grundwasservorr\u00e4te auff\u00fcllen, zum anderen steigt das Risiko, dass es bei starken Regenereignissen zu \u00f6rtlichen \u00dcberschwemmungen kommt, da die Kanalisation die oberfl\u00e4chlich abflie\u00dfenden Wassermassen nicht fassen kann. Heil weiter: &#8222;Wir begr\u00fc\u00dfen die Initiative von Bundesumweltministerin Schulze, im n\u00e4chsten Jahr eine nationale Wasserstrategie vorzulegen. Der Umgang mit Regenwasser muss darin eine zentrale Rolle spielen. Wir brauchen in den St\u00e4dten mehr nat\u00fcrlichen Speicherraum f\u00fcr Wasser, das wertvolle Regenwasser einfach in die Kanalisation abzuleiten ist nicht mehr zeitgem\u00e4\u00df. Durch die Anreicherung des Grundwassers mit Regenwasser wird der nat\u00fcrliche Wasserhaushalt unterst\u00fctzt und das anfallende Wasser kann von den Stadtb\u00e4umen genutzt werden.&#8220;<\/p>\n\n\n\n<p>Auch fallen siedlungsnahe Erholungslandschaften, wie Gr\u00fcnanlagen, aber auch Kleing\u00e4rten der Versiegelung zum Opfer. In der Folge m\u00fcssen Stadtbewohnerinnen und Stadtbewohner f\u00fcr das Naturerleben immer weitere Strecken zur\u00fccklegen. &#8222;Urbane gr\u00fcne und blaue Infrastruktur, wie Gr\u00fcnanlagen oder Gew\u00e4sser sind nicht optional, sondern zwingend notwendig f\u00fcr den Menschen, besonders in Zeiten des Klimawandels&#8220;, sagt Heil. &#8222;Wir brauchen mehr gr\u00fcne Freir\u00e4ume in den St\u00e4dten. Wasser, Natur, Pl\u00e4tze und Parks sind eine notwendige Infrastruktur in der Stadt der Zukunft, um ein lebenswertes Umfeld f\u00fcr die Menschen zu sichern. Besonders einkommensschwache Menschen leiden unter dem Verschwinden von Gr\u00fcnfl\u00e4chen in der Stadt, mit negativen Auswirkungen auf die menschliche Gesundheit.&#8220;<\/p>\n\n\n\n<p>Der BUND kritisiert weiter, dass mit der Versiegelung die Lebensraumfunktion und die Fruchtbarkeit des Bodens verloren gehen. Das hat wiederum negative Effekte auf die Bodenfauna und die Artenvielfalt im Allgemeinen. &#8222;Biodiversit\u00e4t ist f\u00fcr Menschen \u00fcberlebenswichtig und tr\u00e4gt zu einer hohen Lebensqualit\u00e4t bei&#8220;, so die Naturschutzexpertin weiter. &#8222;Das Motto muss lauten: Gr\u00fcnfl\u00e4che statt Parkplatz.&#8220;<\/p>\n\n\n\n<p>Zudem weist der BUND darauf hin, dass Bodenversiegelungen nur schwer und mit hohen Kosten wieder zu beseitigen sind. Heil abschlie\u00dfend: &#8222;Der erste Ansatzpunkt ist daher, eine nachhaltige Siedlungsentwicklung zu betreiben, um eine Neuversiegelung zu vermeiden. Dabei muss das Konzept der &#8218;Doppelten Innenentwicklung&#8216;&nbsp;angewendet werden. Das hei\u00dft, Fl\u00e4chenreserven im Siedlungsbestand nicht nur baulich, sondern auch mit Blick auf urbanes Gr\u00fcn zu entwickeln.&#8220;&nbsp;Dabei soll eine weitere Fl\u00e4cheninanspruchnahme verhindert werden und gleichzeitig die \u00f6kologischen Funktionen des urbanen Gr\u00fcns gesch\u00fctzt und qualifiziert werden. Stadtnatur muss integrativer Bestandteil von Stadtplanung werden.<\/p>\n\n\n\n<ul class=\"wp-block-list\"><li><a href=\"https:\/\/www.bund.net\/themen\/naturschutz\/stadtnatur-gruene-freiraeume-schaffen\/\">Freir\u00e4ume f\u00fcr Stadtnatur<\/a><\/li><li><a href=\"https:\/\/www.bund.net\/lebensraeume\/flaechenverbrauch\/\">Fl\u00e4chenverbrauch<\/a><\/li><li><a href=\"https:\/\/www.bund.net\/klimawandel\/\">Auswirkungen der Klimakrise<\/a><\/li><\/ul>\n\n\n<h5 class=\"green\">Quelle<\/h5>\r\n\n\n\n<p><a href=\"https:\/\/www.bund.net\/service\/presse\/pressemitteilungen\/detail\/news\/hitze-trockenheit-versiegelte-staedte-bund-fordert-gesundes-stadtklima-fuer-alle\/\">BUND 2020<\/a><\/p>\n<div class=\"shariff shariff-align-flex-start shariff-widget-align-flex-start\"><div class=\"ShariffHeadline\">Diese Meldung teilen<\/div><ul class=\"shariff-buttons theme-round orientation-horizontal buttonsize-medium\"><li class=\"shariff-button facebook shariff-nocustomcolor\" style=\"background-color:#4273c8;border-radius:1%\"><a href=\"https:\/\/www.facebook.com\/sharer\/sharer.php?u=https%3A%2F%2Fwww.sonnenseite.com%2Fde%2Fumwelt%2Fhitze-trockenheit-versiegelte-staedte%2F\" title=\"Bei Facebook teilen\" aria-label=\"Bei Facebook teilen\" role=\"button\" rel=\"nofollow\" class=\"shariff-link\" style=\";border-radius:1%; background-color:#3b5998; color:#fff\" target=\"_blank\"><span class=\"shariff-icon\" style=\"\"><svg width=\"32px\" height=\"20px\" xmlns=\"http:\/\/www.w3.org\/2000\/svg\" viewBox=\"0 0 18 32\"><path fill=\"#3b5998\" d=\"M17.1 0.2v4.7h-2.8q-1.5 0-2.1 0.6t-0.5 1.9v3.4h5.2l-0.7 5.3h-4.5v13.6h-5.5v-13.6h-4.5v-5.3h4.5v-3.9q0-3.3 1.9-5.2t5-1.8q2.6 0 4.1 0.2z\"\/><\/svg><\/span><\/a><\/li><li class=\"shariff-button twitter shariff-nocustomcolor\" style=\"background-color:#595959;border-radius:1%\"><a href=\"https:\/\/twitter.com\/share?url=https%3A%2F%2Fwww.sonnenseite.com%2Fde%2Fumwelt%2Fhitze-trockenheit-versiegelte-staedte%2F&text=Hitze%2C%20Trockenheit%2C%20versiegelte%20St%C3%A4dte\" title=\"Bei X teilen\" aria-label=\"Bei X teilen\" role=\"button\" rel=\"noopener nofollow\" class=\"shariff-link\" style=\";border-radius:1%; background-color:#000; color:#fff\" target=\"_blank\"><span class=\"shariff-icon\" style=\"\"><svg width=\"32px\" height=\"20px\" xmlns=\"http:\/\/www.w3.org\/2000\/svg\" viewBox=\"0 0 24 24\"><path fill=\"#000\" d=\"M14.258 10.152L23.176 0h-2.113l-7.747 8.813L7.133 0H0l9.352 13.328L0 23.973h2.113l8.176-9.309 6.531 9.309h7.133zm-2.895 3.293l-.949-1.328L2.875 1.56h3.246l6.086 8.523.945 1.328 7.91 11.078h-3.246zm0 0\"\/><\/svg><\/span><\/a><\/li><li class=\"shariff-button xing shariff-nocustomcolor\" style=\"background-color:#29888a;border-radius:1%\"><a href=\"https:\/\/www.xing.com\/spi\/shares\/new?url=https%3A%2F%2Fwww.sonnenseite.com%2Fde%2Fumwelt%2Fhitze-trockenheit-versiegelte-staedte%2F\" title=\"Bei XING teilen\" aria-label=\"Bei XING teilen\" role=\"button\" rel=\"noopener nofollow\" class=\"shariff-link\" style=\";border-radius:1%; background-color:#126567; color:#fff\" target=\"_blank\"><span class=\"shariff-icon\" style=\"\"><svg width=\"32px\" height=\"20px\" xmlns=\"http:\/\/www.w3.org\/2000\/svg\" viewBox=\"0 0 25 32\"><path fill=\"#126567\" d=\"M10.7 11.9q-0.2 0.3-4.6 8.2-0.5 0.8-1.2 0.8h-4.3q-0.4 0-0.5-0.3t0-0.6l4.5-8q0 0 0 0l-2.9-5q-0.2-0.4 0-0.7 0.2-0.3 0.5-0.3h4.3q0.7 0 1.2 0.8zM25.1 0.4q0.2 0.3 0 0.7l-9.4 16.7 6 11q0.2 0.4 0 0.6-0.2 0.3-0.6 0.3h-4.3q-0.7 0-1.2-0.8l-6-11.1q0.3-0.6 9.5-16.8 0.4-0.8 1.2-0.8h4.3q0.4 0 0.5 0.3z\"\/><\/svg><\/span><\/a><\/li><li class=\"shariff-button linkedin shariff-nocustomcolor\" style=\"background-color:#1488bf;border-radius:1%\"><a href=\"https:\/\/www.linkedin.com\/sharing\/share-offsite\/?url=https%3A%2F%2Fwww.sonnenseite.com%2Fde%2Fumwelt%2Fhitze-trockenheit-versiegelte-staedte%2F\" title=\"Bei LinkedIn teilen\" aria-label=\"Bei LinkedIn teilen\" role=\"button\" rel=\"noopener nofollow\" class=\"shariff-link\" style=\";border-radius:1%; background-color:#0077b5; color:#fff\" target=\"_blank\"><span class=\"shariff-icon\" style=\"\"><svg width=\"32px\" height=\"20px\" xmlns=\"http:\/\/www.w3.org\/2000\/svg\" viewBox=\"0 0 27 32\"><path fill=\"#0077b5\" d=\"M6.2 11.2v17.7h-5.9v-17.7h5.9zM6.6 5.7q0 1.3-0.9 2.2t-2.4 0.9h0q-1.5 0-2.4-0.9t-0.9-2.2 0.9-2.2 2.4-0.9 2.4 0.9 0.9 2.2zM27.4 18.7v10.1h-5.9v-9.5q0-1.9-0.7-2.9t-2.3-1.1q-1.1 0-1.9 0.6t-1.2 1.5q-0.2 0.5-0.2 1.4v9.9h-5.9q0-7.1 0-11.6t0-5.3l0-0.9h5.9v2.6h0q0.4-0.6 0.7-1t1-0.9 1.6-0.8 2-0.3q3 0 4.9 2t1.9 6z\"\/><\/svg><\/span><\/a><\/li><li class=\"shariff-button printer shariff-nocustomcolor\" style=\"background-color:#a8a8a8;border-radius:1%\"><a href=\"javascript:window.print()\" title=\"drucken\" aria-label=\"drucken\" role=\"button\" rel=\"noopener nofollow\" class=\"shariff-link\" style=\";border-radius:1%; background-color:#999; color:#fff\"><span class=\"shariff-icon\" style=\"\"><svg width=\"32px\" height=\"20px\" xmlns=\"http:\/\/www.w3.org\/2000\/svg\" viewBox=\"0 0 30 32\"><path fill=\"#999\" d=\"M6.8 27.4h16v-4.6h-16v4.6zM6.8 16h16v-6.8h-2.8q-0.7 0-1.2-0.5t-0.5-1.2v-2.8h-11.4v11.4zM27.4 17.2q0-0.5-0.3-0.8t-0.8-0.4-0.8 0.4-0.3 0.8 0.3 0.8 0.8 0.3 0.8-0.3 0.3-0.8zM29.7 17.2v7.4q0 0.2-0.2 0.4t-0.4 0.2h-4v2.8q0 0.7-0.5 1.2t-1.2 0.5h-17.2q-0.7 0-1.2-0.5t-0.5-1.2v-2.8h-4q-0.2 0-0.4-0.2t-0.2-0.4v-7.4q0-1.4 1-2.4t2.4-1h1.2v-9.7q0-0.7 0.5-1.2t1.2-0.5h12q0.7 0 1.6 0.4t1.3 0.8l2.7 2.7q0.5 0.5 0.9 1.4t0.4 1.6v4.6h1.1q1.4 0 2.4 1t1 2.4z\"\/><\/svg><\/span><\/a><\/li><li class=\"shariff-button mailto shariff-nocustomcolor\" style=\"background-color:#a8a8a8;border-radius:1%\"><a href=\"mailto:?body=https%3A%2F%2Fwww.sonnenseite.com%2Fde%2Fumwelt%2Fhitze-trockenheit-versiegelte-staedte%2F&subject=Hitze%2C%20Trockenheit%2C%20versiegelte%20St%C3%A4dte\" title=\"Per E-Mail versenden\" aria-label=\"Per E-Mail versenden\" role=\"button\" rel=\"noopener nofollow\" class=\"shariff-link\" style=\";border-radius:1%; background-color:#999; color:#fff\"><span class=\"shariff-icon\" style=\"\"><svg width=\"32px\" height=\"20px\" xmlns=\"http:\/\/www.w3.org\/2000\/svg\" viewBox=\"0 0 32 32\"><path fill=\"#999\" d=\"M32 12.7v14.2q0 1.2-0.8 2t-2 0.9h-26.3q-1.2 0-2-0.9t-0.8-2v-14.2q0.8 0.9 1.8 1.6 6.5 4.4 8.9 6.1 1 0.8 1.6 1.2t1.7 0.9 2 0.4h0.1q0.9 0 2-0.4t1.7-0.9 1.6-1.2q3-2.2 8.9-6.1 1-0.7 1.8-1.6zM32 7.4q0 1.4-0.9 2.7t-2.2 2.2q-6.7 4.7-8.4 5.8-0.2 0.1-0.7 0.5t-1 0.7-0.9 0.6-1.1 0.5-0.9 0.2h-0.1q-0.4 0-0.9-0.2t-1.1-0.5-0.9-0.6-1-0.7-0.7-0.5q-1.6-1.1-4.7-3.2t-3.6-2.6q-1.1-0.7-2.1-2t-1-2.5q0-1.4 0.7-2.3t2.1-0.9h26.3q1.2 0 2 0.8t0.9 2z\"\/><\/svg><\/span><\/a><\/li><\/ul><\/div>","protected":false},"excerpt":{"rendered":"<p>Ein Grund f\u00fcr die extreme Hitze ist der hohe Versiegelungsgrad in unseren St\u00e4dten. Durchgr\u00fcnte St\u00e4dte sind [&hellip;]<\/p>\n","protected":false},"author":3,"featured_media":42651,"comment_status":"closed","ping_status":"closed","sticky":false,"template":"","format":"standard","meta":{"inline_featured_image":false,"footnotes":""},"categories":[23],"tags":[],"class_list":["post-62019","post","type-post","status-publish","format-standard","has-post-thumbnail","hentry","category-umwelt"],"yoast_head":"<!-- This site is optimized with the Yoast SEO plugin v26.5 - https:\/\/yoast.com\/wordpress\/plugins\/seo\/ -->\n<title>Hitze, Trockenheit, versiegelte St\u00e4dte - Sonnenseite - \u00d6kologische Kommunikation mit Franz Alt<\/title>\n<meta name=\"description\" content=\"Ein Grund f\u00fcr die extreme Hitze ist der hohe Versiegelungsgrad in unseren St\u00e4dten. Durchgr\u00fcnte St\u00e4dte sind widerstandsf\u00e4higer gegen die Folgen der\" \/>\n<meta name=\"robots\" content=\"index, follow, max-snippet:-1, max-image-preview:large, max-video-preview:-1\" \/>\n<link rel=\"canonical\" href=\"https:\/\/www.sonnenseite.com\/de\/umwelt\/hitze-trockenheit-versiegelte-staedte\/\" \/>\n<meta property=\"og:locale\" content=\"de_DE\" \/>\n<meta property=\"og:type\" content=\"article\" \/>\n<meta property=\"og:title\" content=\"Hitze, Trockenheit, versiegelte St\u00e4dte - Sonnenseite - \u00d6kologische Kommunikation mit Franz Alt\" \/>\n<meta property=\"og:description\" content=\"Ein Grund f\u00fcr die extreme Hitze ist der hohe Versiegelungsgrad in unseren St\u00e4dten. Durchgr\u00fcnte St\u00e4dte sind widerstandsf\u00e4higer gegen die Folgen der\" \/>\n<meta property=\"og:url\" content=\"https:\/\/www.sonnenseite.com\/de\/umwelt\/hitze-trockenheit-versiegelte-staedte\/\" \/>\n<meta property=\"og:site_name\" content=\"Sonnenseite\" \/>\n<meta property=\"article:publisher\" content=\"https:\/\/www.facebook.com\/pages\/Franz-Alt-SONNENSEITECOM\/221072987903953?fref=ts\" \/>\n<meta property=\"article:published_time\" content=\"2020-08-26T01:06:00+00:00\" \/>\n<meta property=\"og:image\" content=\"https:\/\/www.sonnenseite.com\/wp-content\/uploads\/2015\/09\/Stadt_gruen_geralt.jpg\" \/>\n\t<meta property=\"og:image:width\" content=\"770\" \/>\n\t<meta property=\"og:image:height\" content=\"420\" \/>\n\t<meta property=\"og:image:type\" content=\"image\/jpeg\" \/>\n<meta name=\"author\" content=\"Bigi Alt\" \/>\n<meta name=\"twitter:card\" content=\"summary_large_image\" \/>\n<meta name=\"twitter:creator\" content=\"@franzalt\" \/>\n<meta name=\"twitter:site\" content=\"@franzalt\" \/>\n<meta name=\"twitter:label1\" content=\"Verfasst von\" \/>\n\t<meta name=\"twitter:data1\" content=\"Bigi Alt\" \/>\n\t<meta name=\"twitter:label2\" content=\"Gesch\u00e4tzte Lesezeit\" \/>\n\t<meta name=\"twitter:data2\" content=\"3\u00a0Minuten\" \/>\n<script type=\"application\/ld+json\" class=\"yoast-schema-graph\">{\"@context\":\"https:\/\/schema.org\",\"@graph\":[{\"@type\":\"Article\",\"@id\":\"https:\/\/www.sonnenseite.com\/de\/umwelt\/hitze-trockenheit-versiegelte-staedte\/#article\",\"isPartOf\":{\"@id\":\"https:\/\/www.sonnenseite.com\/de\/umwelt\/hitze-trockenheit-versiegelte-staedte\/\"},\"author\":{\"name\":\"Bigi Alt\",\"@id\":\"https:\/\/www.sonnenseite.com\/de\/#\/schema\/person\/50fda0e926597684c7cc6695238a4eb9\"},\"headline\":\"Hitze, Trockenheit, versiegelte St\u00e4dte\",\"datePublished\":\"2020-08-26T01:06:00+00:00\",\"mainEntityOfPage\":{\"@id\":\"https:\/\/www.sonnenseite.com\/de\/umwelt\/hitze-trockenheit-versiegelte-staedte\/\"},\"wordCount\":678,\"publisher\":{\"@id\":\"https:\/\/www.sonnenseite.com\/de\/#organization\"},\"image\":{\"@id\":\"https:\/\/www.sonnenseite.com\/de\/umwelt\/hitze-trockenheit-versiegelte-staedte\/#primaryimage\"},\"thumbnailUrl\":\"https:\/\/www.sonnenseite.com\/wp-content\/uploads\/2015\/09\/Stadt_gruen_geralt.jpg\",\"articleSection\":[\"Umwelt\"],\"inLanguage\":\"de\"},{\"@type\":\"WebPage\",\"@id\":\"https:\/\/www.sonnenseite.com\/de\/umwelt\/hitze-trockenheit-versiegelte-staedte\/\",\"url\":\"https:\/\/www.sonnenseite.com\/de\/umwelt\/hitze-trockenheit-versiegelte-staedte\/\",\"name\":\"Hitze, Trockenheit, versiegelte St\u00e4dte - Sonnenseite - \u00d6kologische Kommunikation mit Franz Alt\",\"isPartOf\":{\"@id\":\"https:\/\/www.sonnenseite.com\/de\/#website\"},\"primaryImageOfPage\":{\"@id\":\"https:\/\/www.sonnenseite.com\/de\/umwelt\/hitze-trockenheit-versiegelte-staedte\/#primaryimage\"},\"image\":{\"@id\":\"https:\/\/www.sonnenseite.com\/de\/umwelt\/hitze-trockenheit-versiegelte-staedte\/#primaryimage\"},\"thumbnailUrl\":\"https:\/\/www.sonnenseite.com\/wp-content\/uploads\/2015\/09\/Stadt_gruen_geralt.jpg\",\"datePublished\":\"2020-08-26T01:06:00+00:00\",\"description\":\"Ein Grund f\u00fcr die extreme Hitze ist der hohe Versiegelungsgrad in unseren St\u00e4dten. Durchgr\u00fcnte St\u00e4dte sind widerstandsf\u00e4higer gegen die Folgen der\",\"breadcrumb\":{\"@id\":\"https:\/\/www.sonnenseite.com\/de\/umwelt\/hitze-trockenheit-versiegelte-staedte\/#breadcrumb\"},\"inLanguage\":\"de\",\"potentialAction\":[{\"@type\":\"ReadAction\",\"target\":[\"https:\/\/www.sonnenseite.com\/de\/umwelt\/hitze-trockenheit-versiegelte-staedte\/\"]}]},{\"@type\":\"ImageObject\",\"inLanguage\":\"de\",\"@id\":\"https:\/\/www.sonnenseite.com\/de\/umwelt\/hitze-trockenheit-versiegelte-staedte\/#primaryimage\",\"url\":\"https:\/\/www.sonnenseite.com\/wp-content\/uploads\/2015\/09\/Stadt_gruen_geralt.jpg\",\"contentUrl\":\"https:\/\/www.sonnenseite.com\/wp-content\/uploads\/2015\/09\/Stadt_gruen_geralt.jpg\",\"width\":770,\"height\":420,\"caption\":\"pixabay.com | geralt | Laut Umweltbundesamt sind mit Stand dieses Jahres etwa 46 Prozent der Siedlungs- und Verkehrsfl\u00e4che in Deutschland versiegelt und t\u00e4glich werden etwa 56 Hektar Fl\u00e4che f\u00fcr Siedlung und Verkehr neu verbraucht, also zus\u00e4tzlich versiegelt.\"},{\"@type\":\"BreadcrumbList\",\"@id\":\"https:\/\/www.sonnenseite.com\/de\/umwelt\/hitze-trockenheit-versiegelte-staedte\/#breadcrumb\",\"itemListElement\":[{\"@type\":\"ListItem\",\"position\":1,\"name\":\"Startseite\",\"item\":\"https:\/\/www.sonnenseite.com\/de\/\"},{\"@type\":\"ListItem\",\"position\":2,\"name\":\"Hitze, Trockenheit, versiegelte St\u00e4dte\"}]},{\"@type\":\"WebSite\",\"@id\":\"https:\/\/www.sonnenseite.com\/de\/#website\",\"url\":\"https:\/\/www.sonnenseite.com\/de\/\",\"name\":\"Sonnenseite\",\"description\":\"\u00d6kologische Kommunikation mit Franz Alt\",\"publisher\":{\"@id\":\"https:\/\/www.sonnenseite.com\/de\/#organization\"},\"potentialAction\":[{\"@type\":\"SearchAction\",\"target\":{\"@type\":\"EntryPoint\",\"urlTemplate\":\"https:\/\/www.sonnenseite.com\/de\/?s={search_term_string}\"},\"query-input\":{\"@type\":\"PropertyValueSpecification\",\"valueRequired\":true,\"valueName\":\"search_term_string\"}}],\"inLanguage\":\"de\"},{\"@type\":\"Organization\",\"@id\":\"https:\/\/www.sonnenseite.com\/de\/#organization\",\"name\":\"Sonnenseite\",\"url\":\"https:\/\/www.sonnenseite.com\/de\/\",\"logo\":{\"@type\":\"ImageObject\",\"inLanguage\":\"de\",\"@id\":\"https:\/\/www.sonnenseite.com\/de\/#\/schema\/logo\/image\/\",\"url\":\"https:\/\/www.sonnenseite.com\/wp-content\/uploads\/2020\/05\/Sonnenseite_Logo.png\",\"contentUrl\":\"https:\/\/www.sonnenseite.com\/wp-content\/uploads\/2020\/05\/Sonnenseite_Logo.png\",\"width\":377,\"height\":90,\"caption\":\"Sonnenseite\"},\"image\":{\"@id\":\"https:\/\/www.sonnenseite.com\/de\/#\/schema\/logo\/image\/\"},\"sameAs\":[\"https:\/\/www.facebook.com\/pages\/Franz-Alt-SONNENSEITECOM\/221072987903953?fref=ts\",\"https:\/\/x.com\/franzalt\",\"http:\/\/www.youtube.com\/results?search_query&amp;amp;quot;franz_alt&amp;amp;quot;&amp;amp;amp;amp;search_type&amp;amp;amp;amp;aq=f\"]},{\"@type\":\"Person\",\"@id\":\"https:\/\/www.sonnenseite.com\/de\/#\/schema\/person\/50fda0e926597684c7cc6695238a4eb9\",\"name\":\"Bigi Alt\"}]}<\/script>\n<!-- \/ Yoast SEO plugin. -->","yoast_head_json":{"title":"Hitze, Trockenheit, versiegelte St\u00e4dte - Sonnenseite - \u00d6kologische Kommunikation mit Franz Alt","description":"Ein Grund f\u00fcr die extreme Hitze ist der hohe Versiegelungsgrad in unseren St\u00e4dten. Durchgr\u00fcnte St\u00e4dte sind widerstandsf\u00e4higer gegen die Folgen der","robots":{"index":"index","follow":"follow","max-snippet":"max-snippet:-1","max-image-preview":"max-image-preview:large","max-video-preview":"max-video-preview:-1"},"canonical":"https:\/\/www.sonnenseite.com\/de\/umwelt\/hitze-trockenheit-versiegelte-staedte\/","og_locale":"de_DE","og_type":"article","og_title":"Hitze, Trockenheit, versiegelte St\u00e4dte - Sonnenseite - \u00d6kologische Kommunikation mit Franz Alt","og_description":"Ein Grund f\u00fcr die extreme Hitze ist der hohe Versiegelungsgrad in unseren St\u00e4dten. Durchgr\u00fcnte St\u00e4dte sind widerstandsf\u00e4higer gegen die Folgen der","og_url":"https:\/\/www.sonnenseite.com\/de\/umwelt\/hitze-trockenheit-versiegelte-staedte\/","og_site_name":"Sonnenseite","article_publisher":"https:\/\/www.facebook.com\/pages\/Franz-Alt-SONNENSEITECOM\/221072987903953?fref=ts","article_published_time":"2020-08-26T01:06:00+00:00","og_image":[{"width":770,"height":420,"url":"https:\/\/www.sonnenseite.com\/wp-content\/uploads\/2015\/09\/Stadt_gruen_geralt.jpg","type":"image\/jpeg"}],"author":"Bigi Alt","twitter_card":"summary_large_image","twitter_creator":"@franzalt","twitter_site":"@franzalt","twitter_misc":{"Verfasst von":"Bigi Alt","Gesch\u00e4tzte Lesezeit":"3\u00a0Minuten"},"schema":{"@context":"https:\/\/schema.org","@graph":[{"@type":"Article","@id":"https:\/\/www.sonnenseite.com\/de\/umwelt\/hitze-trockenheit-versiegelte-staedte\/#article","isPartOf":{"@id":"https:\/\/www.sonnenseite.com\/de\/umwelt\/hitze-trockenheit-versiegelte-staedte\/"},"author":{"name":"Bigi Alt","@id":"https:\/\/www.sonnenseite.com\/de\/#\/schema\/person\/50fda0e926597684c7cc6695238a4eb9"},"headline":"Hitze, Trockenheit, versiegelte St\u00e4dte","datePublished":"2020-08-26T01:06:00+00:00","mainEntityOfPage":{"@id":"https:\/\/www.sonnenseite.com\/de\/umwelt\/hitze-trockenheit-versiegelte-staedte\/"},"wordCount":678,"publisher":{"@id":"https:\/\/www.sonnenseite.com\/de\/#organization"},"image":{"@id":"https:\/\/www.sonnenseite.com\/de\/umwelt\/hitze-trockenheit-versiegelte-staedte\/#primaryimage"},"thumbnailUrl":"https:\/\/www.sonnenseite.com\/wp-content\/uploads\/2015\/09\/Stadt_gruen_geralt.jpg","articleSection":["Umwelt"],"inLanguage":"de"},{"@type":"WebPage","@id":"https:\/\/www.sonnenseite.com\/de\/umwelt\/hitze-trockenheit-versiegelte-staedte\/","url":"https:\/\/www.sonnenseite.com\/de\/umwelt\/hitze-trockenheit-versiegelte-staedte\/","name":"Hitze, Trockenheit, versiegelte St\u00e4dte - Sonnenseite - \u00d6kologische Kommunikation mit Franz Alt","isPartOf":{"@id":"https:\/\/www.sonnenseite.com\/de\/#website"},"primaryImageOfPage":{"@id":"https:\/\/www.sonnenseite.com\/de\/umwelt\/hitze-trockenheit-versiegelte-staedte\/#primaryimage"},"image":{"@id":"https:\/\/www.sonnenseite.com\/de\/umwelt\/hitze-trockenheit-versiegelte-staedte\/#primaryimage"},"thumbnailUrl":"https:\/\/www.sonnenseite.com\/wp-content\/uploads\/2015\/09\/Stadt_gruen_geralt.jpg","datePublished":"2020-08-26T01:06:00+00:00","description":"Ein Grund f\u00fcr die extreme Hitze ist der hohe Versiegelungsgrad in unseren St\u00e4dten. Durchgr\u00fcnte St\u00e4dte sind widerstandsf\u00e4higer gegen die Folgen der","breadcrumb":{"@id":"https:\/\/www.sonnenseite.com\/de\/umwelt\/hitze-trockenheit-versiegelte-staedte\/#breadcrumb"},"inLanguage":"de","potentialAction":[{"@type":"ReadAction","target":["https:\/\/www.sonnenseite.com\/de\/umwelt\/hitze-trockenheit-versiegelte-staedte\/"]}]},{"@type":"ImageObject","inLanguage":"de","@id":"https:\/\/www.sonnenseite.com\/de\/umwelt\/hitze-trockenheit-versiegelte-staedte\/#primaryimage","url":"https:\/\/www.sonnenseite.com\/wp-content\/uploads\/2015\/09\/Stadt_gruen_geralt.jpg","contentUrl":"https:\/\/www.sonnenseite.com\/wp-content\/uploads\/2015\/09\/Stadt_gruen_geralt.jpg","width":770,"height":420,"caption":"pixabay.com | geralt | Laut Umweltbundesamt sind mit Stand dieses Jahres etwa 46 Prozent der Siedlungs- und Verkehrsfl\u00e4che in Deutschland versiegelt und t\u00e4glich werden etwa 56 Hektar Fl\u00e4che f\u00fcr Siedlung und Verkehr neu verbraucht, also zus\u00e4tzlich versiegelt."},{"@type":"BreadcrumbList","@id":"https:\/\/www.sonnenseite.com\/de\/umwelt\/hitze-trockenheit-versiegelte-staedte\/#breadcrumb","itemListElement":[{"@type":"ListItem","position":1,"name":"Startseite","item":"https:\/\/www.sonnenseite.com\/de\/"},{"@type":"ListItem","position":2,"name":"Hitze, Trockenheit, versiegelte St\u00e4dte"}]},{"@type":"WebSite","@id":"https:\/\/www.sonnenseite.com\/de\/#website","url":"https:\/\/www.sonnenseite.com\/de\/","name":"Sonnenseite","description":"\u00d6kologische Kommunikation mit Franz Alt","publisher":{"@id":"https:\/\/www.sonnenseite.com\/de\/#organization"},"potentialAction":[{"@type":"SearchAction","target":{"@type":"EntryPoint","urlTemplate":"https:\/\/www.sonnenseite.com\/de\/?s={search_term_string}"},"query-input":{"@type":"PropertyValueSpecification","valueRequired":true,"valueName":"search_term_string"}}],"inLanguage":"de"},{"@type":"Organization","@id":"https:\/\/www.sonnenseite.com\/de\/#organization","name":"Sonnenseite","url":"https:\/\/www.sonnenseite.com\/de\/","logo":{"@type":"ImageObject","inLanguage":"de","@id":"https:\/\/www.sonnenseite.com\/de\/#\/schema\/logo\/image\/","url":"https:\/\/www.sonnenseite.com\/wp-content\/uploads\/2020\/05\/Sonnenseite_Logo.png","contentUrl":"https:\/\/www.sonnenseite.com\/wp-content\/uploads\/2020\/05\/Sonnenseite_Logo.png","width":377,"height":90,"caption":"Sonnenseite"},"image":{"@id":"https:\/\/www.sonnenseite.com\/de\/#\/schema\/logo\/image\/"},"sameAs":["https:\/\/www.facebook.com\/pages\/Franz-Alt-SONNENSEITECOM\/221072987903953?fref=ts","https:\/\/x.com\/franzalt","http:\/\/www.youtube.com\/results?search_query&amp;amp;quot;franz_alt&amp;amp;quot;&amp;amp;amp;amp;search_type&amp;amp;amp;amp;aq=f"]},{"@type":"Person","@id":"https:\/\/www.sonnenseite.com\/de\/#\/schema\/person\/50fda0e926597684c7cc6695238a4eb9","name":"Bigi Alt"}]}},"_links":{"self":[{"href":"https:\/\/www.sonnenseite.com\/de\/wp-json\/wp\/v2\/posts\/62019","targetHints":{"allow":["GET"]}}],"collection":[{"href":"https:\/\/www.sonnenseite.com\/de\/wp-json\/wp\/v2\/posts"}],"about":[{"href":"https:\/\/www.sonnenseite.com\/de\/wp-json\/wp\/v2\/types\/post"}],"author":[{"embeddable":true,"href":"https:\/\/www.sonnenseite.com\/de\/wp-json\/wp\/v2\/users\/3"}],"replies":[{"embeddable":true,"href":"https:\/\/www.sonnenseite.com\/de\/wp-json\/wp\/v2\/comments?post=62019"}],"version-history":[{"count":1,"href":"https:\/\/www.sonnenseite.com\/de\/wp-json\/wp\/v2\/posts\/62019\/revisions"}],"predecessor-version":[{"id":62020,"href":"https:\/\/www.sonnenseite.com\/de\/wp-json\/wp\/v2\/posts\/62019\/revisions\/62020"}],"wp:featuredmedia":[{"embeddable":true,"href":"https:\/\/www.sonnenseite.com\/de\/wp-json\/wp\/v2\/media\/42651"}],"wp:attachment":[{"href":"https:\/\/www.sonnenseite.com\/de\/wp-json\/wp\/v2\/media?parent=62019"}],"wp:term":[{"taxonomy":"category","embeddable":true,"href":"https:\/\/www.sonnenseite.com\/de\/wp-json\/wp\/v2\/categories?post=62019"},{"taxonomy":"post_tag","embeddable":true,"href":"https:\/\/www.sonnenseite.com\/de\/wp-json\/wp\/v2\/tags?post=62019"}],"curies":[{"name":"wp","href":"https:\/\/api.w.org\/{rel}","templated":true}]}}