{"id":62360,"date":"2020-09-04T16:34:00","date_gmt":"2020-09-04T14:34:00","guid":{"rendered":"https:\/\/www.sonnenseite.com\/?p=62360"},"modified":"2020-09-12T15:42:04","modified_gmt":"2020-09-12T13:42:04","slug":"krieg-um-gas-und-oel-oder-frieden-durch-sonne-und-wind","status":"publish","type":"post","link":"https:\/\/www.sonnenseite.com\/de\/franz-alt\/kommentare-interviews\/krieg-um-gas-und-oel-oder-frieden-durch-sonne-und-wind\/","title":{"rendered":"Krieg um Gas und \u00d6l oder Frieden durch Sonne und Wind?"},"content":{"rendered":"\n<p>Energie-Politik ist Friedenspolitik oder Kriegspolitik. Wir haben die Wahl. Wollen wir vollends abh\u00e4ngig bleiben von <a href=\"https:\/\/www.sonnenseite.com\/de\/politik\/nord-stream-2-raus-aus-der-abhaengigkeit-von-putins-gas\/\">Putins klimazerst\u00f6rendem Erdgas<\/a> oder abh\u00e4ngig werden von Trumps klimazerst\u00f6rendem Fracking-Gas? Ein Kommentar von Franz Alt<\/p>\n\n\n\n<h5 class=\"wp-block-heading\">Erdgas oder Fracking-Gas oder Erneuerbare?<\/h5>\n\n\n\n<p>Zudem: Im \u00f6stlichem Mittelmeer droht ein Krieg um Gas zwischen den NATO-Staaten T\u00fcrkei und Griechenland. Putin und Trump k\u00e4mpfen um die Vorherrschaft von Gaslieferungen nach Mittel- und Westeuropa. Des einen Erdgas ist des anderen Fracking-Gas. Beides ist Gift f\u00fcr das Klima und beides macht uns abh\u00e4ngig. F\u00fcr Putin ist die Erdgasleitung Nord Stream 2 schon zu 95% fertiggebaut und Trump droht mit wirtschaftlichen Sanktionen, sollte Nord Stream 2 fertiggebaut werden. Die Unf\u00e4lle in Tschernobyl und Fukushima haben die Gefahr von Nuklear-Katastrophen deutlich gemacht. Doch es gibt l\u00e4ngst sanfte und friedliche Alternativen zur fossil-atomaren Energieabh\u00e4ngigkeit.<\/p>\n\n\n\n<h5 class=\"wp-block-heading\">Deutschland ist erneuerbar, Europa und die Welt sind erneuerbar<\/h5>\n\n\n\n<p>Allein die Sonne schickt uns theoretisch 15.000 mal mehr Energie als die Menschheit heute verbraucht. Hinzu kommt die Windkraft, die uns theoretisch 308 mal mehr Energie zur Verf\u00fcgung stellt als wir heute ben\u00f6tigen. Au\u00dferdem gibt es die speicherbaren Energiequellen Wasserkraft, Bioenergie, Geothermie sowie Wellen- und Str\u00f6mungsenergie der Ozeane. <\/p>\n\n\n\n<p><strong>Das hei\u00dft:<\/strong> auch praktisch haben wir alle Energie, um in wenigen Jahren zu hundert Prozent auf erneuerbare Quellen umzusteigen. Deutschland produziert im Sommer 2020 bereits 55% seines Stroms regenerativ. <\/p>\n\n\n\n<p><strong>Das hei\u00dft:<\/strong> umweltfreundlich, preiswert und aus Energiequellen, die nahezu unendlich vorhanden sind und um die keine Kriege gef\u00fchrt werden m\u00fcssen. Ein weiterer unschlagbarer Vorteil: Sonne und Wind schicken keine Rechnung. Sie sind Geschenke des Himmels. Nicht nur \u00f6kologisch, auch \u00f6konomisch werden die alten Energietr\u00e4ger immer problematischer und unattraktiver.<\/p>\n\n\n\n<h5 class=\"wp-block-heading\">Sonne und Wind geh\u00f6ren allen<\/h5>\n\n\n\n<p>Es sind demokratische Energiequellen, die lokal und regional genutzt werden k\u00f6nnen. F\u00fcr eine saubere und komplette Energieversorgung brauchen wir weder Russland noch die USA. Die Energieunabh\u00e4ngigkeit ist ein hohes politisches Gut.<\/p>\n\n\n\n<p>Die fast fertig gebaute Gasleitung Nord Stream 2, aber auch die Sanktionsdrohungen Trumps zeigen uns deutlich die Falle, in der wir durch die fossil-atomare Energieversorgung stecken. Aber Deutschland \u2013 wie auch jedes andere Land der Welt \u2013 hat alles, was es f\u00fcr eine hundertprozentige erneuerbare Energieversorgung braucht. <\/p>\n\n\n\n<p>Um Erd\u00f6l werden seit \u00fcber 100 Jahren Kriege gef\u00fchrt. Jetzt drohen Kriege um Gas. Deshalb hei\u00dft die politische Frage hinter der \u00f6kologischen: Kriege um \u00d6l und Gas oder Frieden durch Sonne und Wind?<\/p>\n\n\n\n<h5 class=\"wp-block-heading\">Die solare Weltwirtschaft<\/h5>\n\n\n\n<p><a href=\"https:\/\/www.sonnenseite.com\/de\/politik\/nord-stream-2-raus-aus-der-abhaengigkeit-von-putins-gas\/\">Thomas Waitz, Ko-Vorsitzender der Gr\u00fcnen Partei Europas und gr\u00fcner Europa-Abgeordneter fordert zurecht<\/a>: &#8222;Raus aus Nord Stream 2. Der H\u00f6hepunkt der fossilen Energietr\u00e4ger ist vorbei &#8211; erneuerbare Energien sind die Zukunft. Mitten in der Klimakrise sind Investitionen in eine Gaspipeline nicht nur unrentabel, sondern auch kurzsichtig und au\u00dfenpolitisch problematisch. Statt Milliarden in Infrastrukturprojekte zu versenken, nur um sie in naher Zukunft wegen der Energiewende wieder abzubauen, ist \u00f6konomischer Unsinn. Europ\u00e4ische Firmen sollten Weitblick beweisen und in Erneuerbare investieren.&#8220;<\/p>\n\n\n\n<p><a href=\"https:\/\/www.faz.net\/aktuell\/politik\/inland\/roettgen-putin-versteht-nur-eine-sprache-geld-und-gas-16936642.html\">Norbert R\u00f6ttgen von der CDU<\/a> und <a href=\"https:\/\/www.spiegel.de\/politik\/deutschland\/manfred-weber-evp-das-ende-von-nord-stream-2-darf-nicht-mehr-ausgeschlossen-sein-a-00000000-0002-0001-0000-000172863222\">Manfred Weber von der CSU<\/a> stimmen Thomas Waitz bereits zu. Die Kanzlerin schwankt noch. Denn bisher stand sie stets zu Nord Stream 2. Wollen wir uns aber tats\u00e4chlich von der Politik Putins abh\u00e4ngig machen oder von den Erpressungsversuchen des US-Pr\u00e4sidenten? <\/p>\n\n\n\n<p>CSU-Weber, Fraktionschef der europ\u00e4ischen Volkspartei im SPIEGEL: \u201eEine neue schwerwiegende Entwicklung ist die Vergiftung von Alexej Nawalny. Und wenn Putin in Belarus tats\u00e4chlich eingreifen sollte, muss Europa reagieren. Das Ende von Nord Stream 2 darf nicht ausgeschlossen werden.\u201c<\/p>\n\n\n\n<p>Die Vergiftung des russischen Oppositionellen Nawalny wie schon zuvor mehrere Giftanschl\u00e4ge auf andersdenkende Russen sollte die letzte Episode in Putins t\u00f6dlichem Umgang mit Oppositionellen sein.<\/p>\n\n\n\n<p>Wir haben bereits alle Technologien, um innerhalb der n\u00e4chsten zehn Jahre in eine solare Weltwirtschaft umzusteigen. Das macht unabh\u00e4ngig, f\u00f6rdert die Demokratie und st\u00e4rkt die Freiheit.<\/p>\n\n\n<h5 class=\"green\">Quelle<\/h5>\r\n\n\n\n<p><a href=\"franz_alt@web.de\">Franz Alt 2020<\/a><\/p>\n<div class=\"shariff shariff-align-flex-start shariff-widget-align-flex-start\"><div class=\"ShariffHeadline\">Diese Meldung teilen<\/div><ul class=\"shariff-buttons theme-round orientation-horizontal buttonsize-medium\"><li class=\"shariff-button facebook shariff-nocustomcolor\" style=\"background-color:#4273c8;border-radius:1%\"><a href=\"https:\/\/www.facebook.com\/sharer\/sharer.php?u=https%3A%2F%2Fwww.sonnenseite.com%2Fde%2Ffranz-alt%2Fkommentare-interviews%2Fkrieg-um-gas-und-oel-oder-frieden-durch-sonne-und-wind%2F\" title=\"Bei Facebook teilen\" aria-label=\"Bei Facebook teilen\" role=\"button\" rel=\"nofollow\" class=\"shariff-link\" style=\";border-radius:1%; background-color:#3b5998; color:#fff\" target=\"_blank\"><span class=\"shariff-icon\" style=\"\"><svg width=\"32px\" height=\"20px\" xmlns=\"http:\/\/www.w3.org\/2000\/svg\" viewBox=\"0 0 18 32\"><path fill=\"#3b5998\" d=\"M17.1 0.2v4.7h-2.8q-1.5 0-2.1 0.6t-0.5 1.9v3.4h5.2l-0.7 5.3h-4.5v13.6h-5.5v-13.6h-4.5v-5.3h4.5v-3.9q0-3.3 1.9-5.2t5-1.8q2.6 0 4.1 0.2z\"\/><\/svg><\/span><\/a><\/li><li class=\"shariff-button twitter shariff-nocustomcolor\" style=\"background-color:#595959;border-radius:1%\"><a href=\"https:\/\/twitter.com\/share?url=https%3A%2F%2Fwww.sonnenseite.com%2Fde%2Ffranz-alt%2Fkommentare-interviews%2Fkrieg-um-gas-und-oel-oder-frieden-durch-sonne-und-wind%2F&text=Krieg%20um%20Gas%20und%20%C3%96l%20oder%20Frieden%20durch%20Sonne%20und%20Wind%3F\" title=\"Bei X teilen\" aria-label=\"Bei X teilen\" role=\"button\" rel=\"noopener nofollow\" class=\"shariff-link\" style=\";border-radius:1%; background-color:#000; color:#fff\" target=\"_blank\"><span class=\"shariff-icon\" style=\"\"><svg width=\"32px\" height=\"20px\" xmlns=\"http:\/\/www.w3.org\/2000\/svg\" viewBox=\"0 0 24 24\"><path fill=\"#000\" d=\"M14.258 10.152L23.176 0h-2.113l-7.747 8.813L7.133 0H0l9.352 13.328L0 23.973h2.113l8.176-9.309 6.531 9.309h7.133zm-2.895 3.293l-.949-1.328L2.875 1.56h3.246l6.086 8.523.945 1.328 7.91 11.078h-3.246zm0 0\"\/><\/svg><\/span><\/a><\/li><li class=\"shariff-button xing shariff-nocustomcolor\" style=\"background-color:#29888a;border-radius:1%\"><a href=\"https:\/\/www.xing.com\/spi\/shares\/new?url=https%3A%2F%2Fwww.sonnenseite.com%2Fde%2Ffranz-alt%2Fkommentare-interviews%2Fkrieg-um-gas-und-oel-oder-frieden-durch-sonne-und-wind%2F\" title=\"Bei XING teilen\" aria-label=\"Bei XING teilen\" role=\"button\" rel=\"noopener nofollow\" class=\"shariff-link\" style=\";border-radius:1%; background-color:#126567; color:#fff\" target=\"_blank\"><span class=\"shariff-icon\" style=\"\"><svg width=\"32px\" height=\"20px\" xmlns=\"http:\/\/www.w3.org\/2000\/svg\" viewBox=\"0 0 25 32\"><path fill=\"#126567\" d=\"M10.7 11.9q-0.2 0.3-4.6 8.2-0.5 0.8-1.2 0.8h-4.3q-0.4 0-0.5-0.3t0-0.6l4.5-8q0 0 0 0l-2.9-5q-0.2-0.4 0-0.7 0.2-0.3 0.5-0.3h4.3q0.7 0 1.2 0.8zM25.1 0.4q0.2 0.3 0 0.7l-9.4 16.7 6 11q0.2 0.4 0 0.6-0.2 0.3-0.6 0.3h-4.3q-0.7 0-1.2-0.8l-6-11.1q0.3-0.6 9.5-16.8 0.4-0.8 1.2-0.8h4.3q0.4 0 0.5 0.3z\"\/><\/svg><\/span><\/a><\/li><li class=\"shariff-button linkedin shariff-nocustomcolor\" style=\"background-color:#1488bf;border-radius:1%\"><a href=\"https:\/\/www.linkedin.com\/sharing\/share-offsite\/?url=https%3A%2F%2Fwww.sonnenseite.com%2Fde%2Ffranz-alt%2Fkommentare-interviews%2Fkrieg-um-gas-und-oel-oder-frieden-durch-sonne-und-wind%2F\" title=\"Bei LinkedIn teilen\" aria-label=\"Bei LinkedIn teilen\" role=\"button\" rel=\"noopener nofollow\" class=\"shariff-link\" style=\";border-radius:1%; background-color:#0077b5; color:#fff\" target=\"_blank\"><span class=\"shariff-icon\" style=\"\"><svg width=\"32px\" height=\"20px\" xmlns=\"http:\/\/www.w3.org\/2000\/svg\" viewBox=\"0 0 27 32\"><path fill=\"#0077b5\" d=\"M6.2 11.2v17.7h-5.9v-17.7h5.9zM6.6 5.7q0 1.3-0.9 2.2t-2.4 0.9h0q-1.5 0-2.4-0.9t-0.9-2.2 0.9-2.2 2.4-0.9 2.4 0.9 0.9 2.2zM27.4 18.7v10.1h-5.9v-9.5q0-1.9-0.7-2.9t-2.3-1.1q-1.1 0-1.9 0.6t-1.2 1.5q-0.2 0.5-0.2 1.4v9.9h-5.9q0-7.1 0-11.6t0-5.3l0-0.9h5.9v2.6h0q0.4-0.6 0.7-1t1-0.9 1.6-0.8 2-0.3q3 0 4.9 2t1.9 6z\"\/><\/svg><\/span><\/a><\/li><li class=\"shariff-button printer shariff-nocustomcolor\" style=\"background-color:#a8a8a8;border-radius:1%\"><a href=\"javascript:window.print()\" title=\"drucken\" aria-label=\"drucken\" role=\"button\" rel=\"noopener nofollow\" class=\"shariff-link\" style=\";border-radius:1%; background-color:#999; color:#fff\"><span class=\"shariff-icon\" style=\"\"><svg width=\"32px\" height=\"20px\" xmlns=\"http:\/\/www.w3.org\/2000\/svg\" viewBox=\"0 0 30 32\"><path fill=\"#999\" d=\"M6.8 27.4h16v-4.6h-16v4.6zM6.8 16h16v-6.8h-2.8q-0.7 0-1.2-0.5t-0.5-1.2v-2.8h-11.4v11.4zM27.4 17.2q0-0.5-0.3-0.8t-0.8-0.4-0.8 0.4-0.3 0.8 0.3 0.8 0.8 0.3 0.8-0.3 0.3-0.8zM29.7 17.2v7.4q0 0.2-0.2 0.4t-0.4 0.2h-4v2.8q0 0.7-0.5 1.2t-1.2 0.5h-17.2q-0.7 0-1.2-0.5t-0.5-1.2v-2.8h-4q-0.2 0-0.4-0.2t-0.2-0.4v-7.4q0-1.4 1-2.4t2.4-1h1.2v-9.7q0-0.7 0.5-1.2t1.2-0.5h12q0.7 0 1.6 0.4t1.3 0.8l2.7 2.7q0.5 0.5 0.9 1.4t0.4 1.6v4.6h1.1q1.4 0 2.4 1t1 2.4z\"\/><\/svg><\/span><\/a><\/li><li class=\"shariff-button mailto shariff-nocustomcolor\" style=\"background-color:#a8a8a8;border-radius:1%\"><a href=\"mailto:?body=https%3A%2F%2Fwww.sonnenseite.com%2Fde%2Ffranz-alt%2Fkommentare-interviews%2Fkrieg-um-gas-und-oel-oder-frieden-durch-sonne-und-wind%2F&subject=Krieg%20um%20Gas%20und%20%C3%96l%20oder%20Frieden%20durch%20Sonne%20und%20Wind%3F\" title=\"Per E-Mail versenden\" aria-label=\"Per E-Mail versenden\" role=\"button\" rel=\"noopener nofollow\" class=\"shariff-link\" style=\";border-radius:1%; background-color:#999; color:#fff\"><span class=\"shariff-icon\" style=\"\"><svg width=\"32px\" height=\"20px\" xmlns=\"http:\/\/www.w3.org\/2000\/svg\" viewBox=\"0 0 32 32\"><path fill=\"#999\" d=\"M32 12.7v14.2q0 1.2-0.8 2t-2 0.9h-26.3q-1.2 0-2-0.9t-0.8-2v-14.2q0.8 0.9 1.8 1.6 6.5 4.4 8.9 6.1 1 0.8 1.6 1.2t1.7 0.9 2 0.4h0.1q0.9 0 2-0.4t1.7-0.9 1.6-1.2q3-2.2 8.9-6.1 1-0.7 1.8-1.6zM32 7.4q0 1.4-0.9 2.7t-2.2 2.2q-6.7 4.7-8.4 5.8-0.2 0.1-0.7 0.5t-1 0.7-0.9 0.6-1.1 0.5-0.9 0.2h-0.1q-0.4 0-0.9-0.2t-1.1-0.5-0.9-0.6-1-0.7-0.7-0.5q-1.6-1.1-4.7-3.2t-3.6-2.6q-1.1-0.7-2.1-2t-1-2.5q0-1.4 0.7-2.3t2.1-0.9h26.3q1.2 0 2 0.8t0.9 2z\"\/><\/svg><\/span><\/a><\/li><\/ul><\/div>","protected":false},"excerpt":{"rendered":"<p>Energie-Politik ist Friedenspolitik oder Kriegspolitik. Wir haben die Wahl. Wollen wir vollends abh\u00e4ngig bleiben von Putins [&hellip;]<\/p>\n","protected":false},"author":3,"featured_media":62361,"comment_status":"closed","ping_status":"closed","sticky":false,"template":"","format":"standard","meta":{"inline_featured_image":false,"footnotes":""},"categories":[29],"tags":[],"class_list":["post-62360","post","type-post","status-publish","format-standard","has-post-thumbnail","hentry","category-kommentare-interviews"],"yoast_head":"<!-- This site is optimized with the Yoast SEO plugin v26.5 - https:\/\/yoast.com\/wordpress\/plugins\/seo\/ -->\n<title>Krieg um Gas und \u00d6l oder Frieden durch Sonne und Wind? - Sonnenseite - \u00d6kologische Kommunikation mit Franz Alt<\/title>\n<meta name=\"description\" content=\"Energie-Politik ist Friedenspolitik oder Kriegspolitik. Wir haben die Wahl. Wollen wir vollends abh\u00e4ngig bleiben von Putins klimazerst\u00f6rendem Erdgas oder\" \/>\n<meta name=\"robots\" content=\"index, follow, max-snippet:-1, max-image-preview:large, max-video-preview:-1\" \/>\n<link rel=\"canonical\" href=\"https:\/\/www.sonnenseite.com\/de\/franz-alt\/kommentare-interviews\/krieg-um-gas-und-oel-oder-frieden-durch-sonne-und-wind\/\" \/>\n<meta property=\"og:locale\" content=\"de_DE\" \/>\n<meta property=\"og:type\" content=\"article\" \/>\n<meta property=\"og:title\" content=\"Krieg um Gas und \u00d6l oder Frieden durch Sonne und Wind? - Sonnenseite - \u00d6kologische Kommunikation mit Franz Alt\" \/>\n<meta property=\"og:description\" content=\"Energie-Politik ist Friedenspolitik oder Kriegspolitik. Wir haben die Wahl. Wollen wir vollends abh\u00e4ngig bleiben von Putins klimazerst\u00f6rendem Erdgas oder\" \/>\n<meta property=\"og:url\" content=\"https:\/\/www.sonnenseite.com\/de\/franz-alt\/kommentare-interviews\/krieg-um-gas-und-oel-oder-frieden-durch-sonne-und-wind\/\" \/>\n<meta property=\"og:site_name\" content=\"Sonnenseite\" \/>\n<meta property=\"article:publisher\" content=\"https:\/\/www.facebook.com\/pages\/Franz-Alt-SONNENSEITECOM\/221072987903953?fref=ts\" \/>\n<meta property=\"article:published_time\" content=\"2020-09-04T14:34:00+00:00\" \/>\n<meta property=\"article:modified_time\" content=\"2020-09-12T13:42:04+00:00\" \/>\n<meta property=\"og:image\" content=\"https:\/\/www.sonnenseite.com\/wp-content\/uploads\/2020\/09\/EE-Energiewuerfel_EurecAgency_Eurosolar.jpg\" \/>\n\t<meta property=\"og:image:width\" content=\"770\" \/>\n\t<meta property=\"og:image:height\" content=\"420\" \/>\n\t<meta property=\"og:image:type\" content=\"image\/jpeg\" \/>\n<meta name=\"author\" content=\"Bigi Alt\" \/>\n<meta name=\"twitter:card\" content=\"summary_large_image\" \/>\n<meta name=\"twitter:creator\" content=\"@franzalt\" \/>\n<meta name=\"twitter:site\" content=\"@franzalt\" \/>\n<meta name=\"twitter:label1\" content=\"Verfasst von\" \/>\n\t<meta name=\"twitter:data1\" content=\"Bigi Alt\" \/>\n\t<meta name=\"twitter:label2\" content=\"Gesch\u00e4tzte Lesezeit\" \/>\n\t<meta name=\"twitter:data2\" content=\"3\u00a0Minuten\" \/>\n<script type=\"application\/ld+json\" class=\"yoast-schema-graph\">{\"@context\":\"https:\/\/schema.org\",\"@graph\":[{\"@type\":\"Article\",\"@id\":\"https:\/\/www.sonnenseite.com\/de\/franz-alt\/kommentare-interviews\/krieg-um-gas-und-oel-oder-frieden-durch-sonne-und-wind\/#article\",\"isPartOf\":{\"@id\":\"https:\/\/www.sonnenseite.com\/de\/franz-alt\/kommentare-interviews\/krieg-um-gas-und-oel-oder-frieden-durch-sonne-und-wind\/\"},\"author\":{\"name\":\"Bigi Alt\",\"@id\":\"https:\/\/www.sonnenseite.com\/de\/#\/schema\/person\/50fda0e926597684c7cc6695238a4eb9\"},\"headline\":\"Krieg um Gas und \u00d6l oder Frieden durch Sonne und Wind?\",\"datePublished\":\"2020-09-04T14:34:00+00:00\",\"dateModified\":\"2020-09-12T13:42:04+00:00\",\"mainEntityOfPage\":{\"@id\":\"https:\/\/www.sonnenseite.com\/de\/franz-alt\/kommentare-interviews\/krieg-um-gas-und-oel-oder-frieden-durch-sonne-und-wind\/\"},\"wordCount\":640,\"publisher\":{\"@id\":\"https:\/\/www.sonnenseite.com\/de\/#organization\"},\"image\":{\"@id\":\"https:\/\/www.sonnenseite.com\/de\/franz-alt\/kommentare-interviews\/krieg-um-gas-und-oel-oder-frieden-durch-sonne-und-wind\/#primaryimage\"},\"thumbnailUrl\":\"https:\/\/www.sonnenseite.com\/wp-content\/uploads\/2020\/09\/EE-Energiewuerfel_EurecAgency_Eurosolar.jpg\",\"articleSection\":[\"Kommentare &amp; Interviews\"],\"inLanguage\":\"de\"},{\"@type\":\"WebPage\",\"@id\":\"https:\/\/www.sonnenseite.com\/de\/franz-alt\/kommentare-interviews\/krieg-um-gas-und-oel-oder-frieden-durch-sonne-und-wind\/\",\"url\":\"https:\/\/www.sonnenseite.com\/de\/franz-alt\/kommentare-interviews\/krieg-um-gas-und-oel-oder-frieden-durch-sonne-und-wind\/\",\"name\":\"Krieg um Gas und \u00d6l oder Frieden durch Sonne und Wind? - Sonnenseite - \u00d6kologische Kommunikation mit Franz Alt\",\"isPartOf\":{\"@id\":\"https:\/\/www.sonnenseite.com\/de\/#website\"},\"primaryImageOfPage\":{\"@id\":\"https:\/\/www.sonnenseite.com\/de\/franz-alt\/kommentare-interviews\/krieg-um-gas-und-oel-oder-frieden-durch-sonne-und-wind\/#primaryimage\"},\"image\":{\"@id\":\"https:\/\/www.sonnenseite.com\/de\/franz-alt\/kommentare-interviews\/krieg-um-gas-und-oel-oder-frieden-durch-sonne-und-wind\/#primaryimage\"},\"thumbnailUrl\":\"https:\/\/www.sonnenseite.com\/wp-content\/uploads\/2020\/09\/EE-Energiewuerfel_EurecAgency_Eurosolar.jpg\",\"datePublished\":\"2020-09-04T14:34:00+00:00\",\"dateModified\":\"2020-09-12T13:42:04+00:00\",\"description\":\"Energie-Politik ist Friedenspolitik oder Kriegspolitik. Wir haben die Wahl. Wollen wir vollends abh\u00e4ngig bleiben von Putins klimazerst\u00f6rendem Erdgas oder\",\"breadcrumb\":{\"@id\":\"https:\/\/www.sonnenseite.com\/de\/franz-alt\/kommentare-interviews\/krieg-um-gas-und-oel-oder-frieden-durch-sonne-und-wind\/#breadcrumb\"},\"inLanguage\":\"de\",\"potentialAction\":[{\"@type\":\"ReadAction\",\"target\":[\"https:\/\/www.sonnenseite.com\/de\/franz-alt\/kommentare-interviews\/krieg-um-gas-und-oel-oder-frieden-durch-sonne-und-wind\/\"]}]},{\"@type\":\"ImageObject\",\"inLanguage\":\"de\",\"@id\":\"https:\/\/www.sonnenseite.com\/de\/franz-alt\/kommentare-interviews\/krieg-um-gas-und-oel-oder-frieden-durch-sonne-und-wind\/#primaryimage\",\"url\":\"https:\/\/www.sonnenseite.com\/wp-content\/uploads\/2020\/09\/EE-Energiewuerfel_EurecAgency_Eurosolar.jpg\",\"contentUrl\":\"https:\/\/www.sonnenseite.com\/wp-content\/uploads\/2020\/09\/EE-Energiewuerfel_EurecAgency_Eurosolar.jpg\",\"width\":770,\"height\":420,\"caption\":\"Eurec Agency | Eurosolar | WIP | Es sind demokratische Energiequellen, die lokal und regional genutzt werden k\u00f6nnen. F\u00fcr eine saubere und komplette Energieversorgung brauchen wir weder Russland noch die USA. Die Energieunabh\u00e4ngigkeit ist ein hohes politisches Gut.\"},{\"@type\":\"BreadcrumbList\",\"@id\":\"https:\/\/www.sonnenseite.com\/de\/franz-alt\/kommentare-interviews\/krieg-um-gas-und-oel-oder-frieden-durch-sonne-und-wind\/#breadcrumb\",\"itemListElement\":[{\"@type\":\"ListItem\",\"position\":1,\"name\":\"Startseite\",\"item\":\"https:\/\/www.sonnenseite.com\/de\/\"},{\"@type\":\"ListItem\",\"position\":2,\"name\":\"Krieg um Gas und \u00d6l oder Frieden durch Sonne und Wind?\"}]},{\"@type\":\"WebSite\",\"@id\":\"https:\/\/www.sonnenseite.com\/de\/#website\",\"url\":\"https:\/\/www.sonnenseite.com\/de\/\",\"name\":\"Sonnenseite\",\"description\":\"\u00d6kologische Kommunikation mit Franz Alt\",\"publisher\":{\"@id\":\"https:\/\/www.sonnenseite.com\/de\/#organization\"},\"potentialAction\":[{\"@type\":\"SearchAction\",\"target\":{\"@type\":\"EntryPoint\",\"urlTemplate\":\"https:\/\/www.sonnenseite.com\/de\/?s={search_term_string}\"},\"query-input\":{\"@type\":\"PropertyValueSpecification\",\"valueRequired\":true,\"valueName\":\"search_term_string\"}}],\"inLanguage\":\"de\"},{\"@type\":\"Organization\",\"@id\":\"https:\/\/www.sonnenseite.com\/de\/#organization\",\"name\":\"Sonnenseite\",\"url\":\"https:\/\/www.sonnenseite.com\/de\/\",\"logo\":{\"@type\":\"ImageObject\",\"inLanguage\":\"de\",\"@id\":\"https:\/\/www.sonnenseite.com\/de\/#\/schema\/logo\/image\/\",\"url\":\"https:\/\/www.sonnenseite.com\/wp-content\/uploads\/2020\/05\/Sonnenseite_Logo.png\",\"contentUrl\":\"https:\/\/www.sonnenseite.com\/wp-content\/uploads\/2020\/05\/Sonnenseite_Logo.png\",\"width\":377,\"height\":90,\"caption\":\"Sonnenseite\"},\"image\":{\"@id\":\"https:\/\/www.sonnenseite.com\/de\/#\/schema\/logo\/image\/\"},\"sameAs\":[\"https:\/\/www.facebook.com\/pages\/Franz-Alt-SONNENSEITECOM\/221072987903953?fref=ts\",\"https:\/\/x.com\/franzalt\",\"http:\/\/www.youtube.com\/results?search_query&amp;amp;quot;franz_alt&amp;amp;quot;&amp;amp;amp;amp;search_type&amp;amp;amp;amp;aq=f\"]},{\"@type\":\"Person\",\"@id\":\"https:\/\/www.sonnenseite.com\/de\/#\/schema\/person\/50fda0e926597684c7cc6695238a4eb9\",\"name\":\"Bigi Alt\"}]}<\/script>\n<!-- \/ Yoast SEO plugin. -->","yoast_head_json":{"title":"Krieg um Gas und \u00d6l oder Frieden durch Sonne und Wind? - Sonnenseite - \u00d6kologische Kommunikation mit Franz Alt","description":"Energie-Politik ist Friedenspolitik oder Kriegspolitik. Wir haben die Wahl. Wollen wir vollends abh\u00e4ngig bleiben von Putins klimazerst\u00f6rendem Erdgas oder","robots":{"index":"index","follow":"follow","max-snippet":"max-snippet:-1","max-image-preview":"max-image-preview:large","max-video-preview":"max-video-preview:-1"},"canonical":"https:\/\/www.sonnenseite.com\/de\/franz-alt\/kommentare-interviews\/krieg-um-gas-und-oel-oder-frieden-durch-sonne-und-wind\/","og_locale":"de_DE","og_type":"article","og_title":"Krieg um Gas und \u00d6l oder Frieden durch Sonne und Wind? - Sonnenseite - \u00d6kologische Kommunikation mit Franz Alt","og_description":"Energie-Politik ist Friedenspolitik oder Kriegspolitik. Wir haben die Wahl. Wollen wir vollends abh\u00e4ngig bleiben von Putins klimazerst\u00f6rendem Erdgas oder","og_url":"https:\/\/www.sonnenseite.com\/de\/franz-alt\/kommentare-interviews\/krieg-um-gas-und-oel-oder-frieden-durch-sonne-und-wind\/","og_site_name":"Sonnenseite","article_publisher":"https:\/\/www.facebook.com\/pages\/Franz-Alt-SONNENSEITECOM\/221072987903953?fref=ts","article_published_time":"2020-09-04T14:34:00+00:00","article_modified_time":"2020-09-12T13:42:04+00:00","og_image":[{"width":770,"height":420,"url":"https:\/\/www.sonnenseite.com\/wp-content\/uploads\/2020\/09\/EE-Energiewuerfel_EurecAgency_Eurosolar.jpg","type":"image\/jpeg"}],"author":"Bigi Alt","twitter_card":"summary_large_image","twitter_creator":"@franzalt","twitter_site":"@franzalt","twitter_misc":{"Verfasst von":"Bigi Alt","Gesch\u00e4tzte Lesezeit":"3\u00a0Minuten"},"schema":{"@context":"https:\/\/schema.org","@graph":[{"@type":"Article","@id":"https:\/\/www.sonnenseite.com\/de\/franz-alt\/kommentare-interviews\/krieg-um-gas-und-oel-oder-frieden-durch-sonne-und-wind\/#article","isPartOf":{"@id":"https:\/\/www.sonnenseite.com\/de\/franz-alt\/kommentare-interviews\/krieg-um-gas-und-oel-oder-frieden-durch-sonne-und-wind\/"},"author":{"name":"Bigi Alt","@id":"https:\/\/www.sonnenseite.com\/de\/#\/schema\/person\/50fda0e926597684c7cc6695238a4eb9"},"headline":"Krieg um Gas und \u00d6l oder Frieden durch Sonne und Wind?","datePublished":"2020-09-04T14:34:00+00:00","dateModified":"2020-09-12T13:42:04+00:00","mainEntityOfPage":{"@id":"https:\/\/www.sonnenseite.com\/de\/franz-alt\/kommentare-interviews\/krieg-um-gas-und-oel-oder-frieden-durch-sonne-und-wind\/"},"wordCount":640,"publisher":{"@id":"https:\/\/www.sonnenseite.com\/de\/#organization"},"image":{"@id":"https:\/\/www.sonnenseite.com\/de\/franz-alt\/kommentare-interviews\/krieg-um-gas-und-oel-oder-frieden-durch-sonne-und-wind\/#primaryimage"},"thumbnailUrl":"https:\/\/www.sonnenseite.com\/wp-content\/uploads\/2020\/09\/EE-Energiewuerfel_EurecAgency_Eurosolar.jpg","articleSection":["Kommentare &amp; Interviews"],"inLanguage":"de"},{"@type":"WebPage","@id":"https:\/\/www.sonnenseite.com\/de\/franz-alt\/kommentare-interviews\/krieg-um-gas-und-oel-oder-frieden-durch-sonne-und-wind\/","url":"https:\/\/www.sonnenseite.com\/de\/franz-alt\/kommentare-interviews\/krieg-um-gas-und-oel-oder-frieden-durch-sonne-und-wind\/","name":"Krieg um Gas und \u00d6l oder Frieden durch Sonne und Wind? - Sonnenseite - \u00d6kologische Kommunikation mit Franz Alt","isPartOf":{"@id":"https:\/\/www.sonnenseite.com\/de\/#website"},"primaryImageOfPage":{"@id":"https:\/\/www.sonnenseite.com\/de\/franz-alt\/kommentare-interviews\/krieg-um-gas-und-oel-oder-frieden-durch-sonne-und-wind\/#primaryimage"},"image":{"@id":"https:\/\/www.sonnenseite.com\/de\/franz-alt\/kommentare-interviews\/krieg-um-gas-und-oel-oder-frieden-durch-sonne-und-wind\/#primaryimage"},"thumbnailUrl":"https:\/\/www.sonnenseite.com\/wp-content\/uploads\/2020\/09\/EE-Energiewuerfel_EurecAgency_Eurosolar.jpg","datePublished":"2020-09-04T14:34:00+00:00","dateModified":"2020-09-12T13:42:04+00:00","description":"Energie-Politik ist Friedenspolitik oder Kriegspolitik. Wir haben die Wahl. Wollen wir vollends abh\u00e4ngig bleiben von Putins klimazerst\u00f6rendem Erdgas oder","breadcrumb":{"@id":"https:\/\/www.sonnenseite.com\/de\/franz-alt\/kommentare-interviews\/krieg-um-gas-und-oel-oder-frieden-durch-sonne-und-wind\/#breadcrumb"},"inLanguage":"de","potentialAction":[{"@type":"ReadAction","target":["https:\/\/www.sonnenseite.com\/de\/franz-alt\/kommentare-interviews\/krieg-um-gas-und-oel-oder-frieden-durch-sonne-und-wind\/"]}]},{"@type":"ImageObject","inLanguage":"de","@id":"https:\/\/www.sonnenseite.com\/de\/franz-alt\/kommentare-interviews\/krieg-um-gas-und-oel-oder-frieden-durch-sonne-und-wind\/#primaryimage","url":"https:\/\/www.sonnenseite.com\/wp-content\/uploads\/2020\/09\/EE-Energiewuerfel_EurecAgency_Eurosolar.jpg","contentUrl":"https:\/\/www.sonnenseite.com\/wp-content\/uploads\/2020\/09\/EE-Energiewuerfel_EurecAgency_Eurosolar.jpg","width":770,"height":420,"caption":"Eurec Agency | Eurosolar | WIP | Es sind demokratische Energiequellen, die lokal und regional genutzt werden k\u00f6nnen. F\u00fcr eine saubere und komplette Energieversorgung brauchen wir weder Russland noch die USA. Die Energieunabh\u00e4ngigkeit ist ein hohes politisches Gut."},{"@type":"BreadcrumbList","@id":"https:\/\/www.sonnenseite.com\/de\/franz-alt\/kommentare-interviews\/krieg-um-gas-und-oel-oder-frieden-durch-sonne-und-wind\/#breadcrumb","itemListElement":[{"@type":"ListItem","position":1,"name":"Startseite","item":"https:\/\/www.sonnenseite.com\/de\/"},{"@type":"ListItem","position":2,"name":"Krieg um Gas und \u00d6l oder Frieden durch Sonne und Wind?"}]},{"@type":"WebSite","@id":"https:\/\/www.sonnenseite.com\/de\/#website","url":"https:\/\/www.sonnenseite.com\/de\/","name":"Sonnenseite","description":"\u00d6kologische Kommunikation mit Franz Alt","publisher":{"@id":"https:\/\/www.sonnenseite.com\/de\/#organization"},"potentialAction":[{"@type":"SearchAction","target":{"@type":"EntryPoint","urlTemplate":"https:\/\/www.sonnenseite.com\/de\/?s={search_term_string}"},"query-input":{"@type":"PropertyValueSpecification","valueRequired":true,"valueName":"search_term_string"}}],"inLanguage":"de"},{"@type":"Organization","@id":"https:\/\/www.sonnenseite.com\/de\/#organization","name":"Sonnenseite","url":"https:\/\/www.sonnenseite.com\/de\/","logo":{"@type":"ImageObject","inLanguage":"de","@id":"https:\/\/www.sonnenseite.com\/de\/#\/schema\/logo\/image\/","url":"https:\/\/www.sonnenseite.com\/wp-content\/uploads\/2020\/05\/Sonnenseite_Logo.png","contentUrl":"https:\/\/www.sonnenseite.com\/wp-content\/uploads\/2020\/05\/Sonnenseite_Logo.png","width":377,"height":90,"caption":"Sonnenseite"},"image":{"@id":"https:\/\/www.sonnenseite.com\/de\/#\/schema\/logo\/image\/"},"sameAs":["https:\/\/www.facebook.com\/pages\/Franz-Alt-SONNENSEITECOM\/221072987903953?fref=ts","https:\/\/x.com\/franzalt","http:\/\/www.youtube.com\/results?search_query&amp;amp;quot;franz_alt&amp;amp;quot;&amp;amp;amp;amp;search_type&amp;amp;amp;amp;aq=f"]},{"@type":"Person","@id":"https:\/\/www.sonnenseite.com\/de\/#\/schema\/person\/50fda0e926597684c7cc6695238a4eb9","name":"Bigi Alt"}]}},"_links":{"self":[{"href":"https:\/\/www.sonnenseite.com\/de\/wp-json\/wp\/v2\/posts\/62360","targetHints":{"allow":["GET"]}}],"collection":[{"href":"https:\/\/www.sonnenseite.com\/de\/wp-json\/wp\/v2\/posts"}],"about":[{"href":"https:\/\/www.sonnenseite.com\/de\/wp-json\/wp\/v2\/types\/post"}],"author":[{"embeddable":true,"href":"https:\/\/www.sonnenseite.com\/de\/wp-json\/wp\/v2\/users\/3"}],"replies":[{"embeddable":true,"href":"https:\/\/www.sonnenseite.com\/de\/wp-json\/wp\/v2\/comments?post=62360"}],"version-history":[{"count":1,"href":"https:\/\/www.sonnenseite.com\/de\/wp-json\/wp\/v2\/posts\/62360\/revisions"}],"predecessor-version":[{"id":62363,"href":"https:\/\/www.sonnenseite.com\/de\/wp-json\/wp\/v2\/posts\/62360\/revisions\/62363"}],"wp:featuredmedia":[{"embeddable":true,"href":"https:\/\/www.sonnenseite.com\/de\/wp-json\/wp\/v2\/media\/62361"}],"wp:attachment":[{"href":"https:\/\/www.sonnenseite.com\/de\/wp-json\/wp\/v2\/media?parent=62360"}],"wp:term":[{"taxonomy":"category","embeddable":true,"href":"https:\/\/www.sonnenseite.com\/de\/wp-json\/wp\/v2\/categories?post=62360"},{"taxonomy":"post_tag","embeddable":true,"href":"https:\/\/www.sonnenseite.com\/de\/wp-json\/wp\/v2\/tags?post=62360"}],"curies":[{"name":"wp","href":"https:\/\/api.w.org\/{rel}","templated":true}]}}