{"id":62575,"date":"2020-09-12T03:50:00","date_gmt":"2020-09-12T01:50:00","guid":{"rendered":"https:\/\/www.sonnenseite.com\/?p=62575"},"modified":"2020-09-14T08:26:18","modified_gmt":"2020-09-14T06:26:18","slug":"rettung-der-biodiversitaet-forscher-stellen-ehrgeizigen-plan-vor","status":"publish","type":"post","link":"https:\/\/www.sonnenseite.com\/de\/umwelt\/rettung-der-biodiversitaet-forscher-stellen-ehrgeizigen-plan-vor\/","title":{"rendered":"Rettung der Biodiversit\u00e4t: Forscher stellen ehrgeizigen Plan vor"},"content":{"rendered":"\n<p>Dem Aussterben von Tier- und Pflanzenarten k\u00f6nnte bis 2050 Einhalt geboten werden \u2013 indem man zwei Dinge tut: in besseres Landnutzungsmanagement investieren und die Transformation der Landwirtschaft und der Lebensmittelindustrie vorantreiben.<\/p>\n\n\n\n<p>Eine neue Studie eines internationalen Wissenschaftlerteams mit unter anderem Hermann Lotze-Campen, Alexander Popp und Florian Humpen\u00f6der vom Potsdam-Institut f\u00fcr Klimafolgenforschung (PIK) zeigt, was erforderlich ist, um den alarmierenden Trend des Verlusts an Biodiversit\u00e4t umzukehren \u2013 ohne dabei die anderen UN-Ziele f\u00fcr eine nachhaltige Entwicklung zu gef\u00e4hrden.<\/p>\n\n\n\n<div class=\"wp-block-image\"><figure class=\"alignright size-large is-resized\"><img loading=\"lazy\" decoding=\"async\" src=\"https:\/\/www.sonnenseite.com\/wp-content\/uploads\/2020\/09\/WWF_LivingPlanetReport2020.jpg\" alt=\"\" class=\"wp-image-62579\" width=\"296\" height=\"399\" srcset=\"https:\/\/www.sonnenseite.com\/wp-content\/uploads\/2020\/09\/WWF_LivingPlanetReport2020.jpg 400w, https:\/\/www.sonnenseite.com\/wp-content\/uploads\/2020\/09\/WWF_LivingPlanetReport2020-222x300.jpg 222w\" sizes=\"auto, (max-width: 296px) 100vw, 296px\" \/><figcaption>\u00a9  <a href=\"http:\/\/wwf.panda.org\">wwf.panda.org<\/a> | W\u00e4lder brennen, Feuchtgebiete trocknen aus, Eismassen schmelzen und der Meeresspiegel steigt. Wir kennen diese Bilder und empfinden instinktiv: Da l\u00e4uft was falsch. Das darf nicht sein. Unsere Eindr\u00fccke und die Bilder aus den Medien decken sich mit dem, was die Wissenschaft konstatiert. Auch die 13. Ausgabe des WWF Living Planet Reports belegt dies: Der Verlust setzt sich fort. Alles expandiert, nur die biologische Vielfalt nimmt ab.<\/figcaption><\/figure><\/div>\n\n\n\n<p>\u201eAuf der UN-Biodiversit\u00e4tskonferenz in Sharm El-Sheikh im Jahr 2018 hat sich die internationale Gemeinschaft darauf geeinigt, die globale Zerst\u00f6rung der Natur und den Verlust der Biodiversit\u00e4t aufzuhalten. Dennoch sind die Aussichten d\u00fcster: \u00dcber eine Million Pflanzen- und Tierarten sind derzeit vom Aussterben bedroht, und viele Arten sind bereits aufgrund des menschlichen Einflusses auf den Planeten verschwunden. Um den Biodiversit\u00e4tsverlust bis zum Jahr 2050 tats\u00e4chlich aufzuhalten, bedarf es enormer Anstrengungen\u201c, so Lotze-Campen, der am PIK die Forschungsabteilung Klima-Resilienz leitet. Ein konkreter Plan, wie das gelingen kann, wird nun erstmals in der neuesten Ausgabe von <em>Nature<\/em> pr\u00e4sentiert, die im Rahmen des <em><a href=\"https:\/\/www.wwf.de\/living-planet-report\">Living Planet Report<\/a><\/em> des World Wide Fund for Nature (WWF) erscheint.<\/p>\n\n\n\n<p><strong>Das Land sch\u00fctzen und die Landwirtschaft transformieren<br><br><\/strong>Auf der Grundlage mehrerer Modelle und Szenarien stellten die Forscher unter der Leitung von David Lecl\u00e8re vom International Institute for Applied Systems Analysis fest, dass der globale Anteil der Schutzgebiete an der Gesamtfl\u00e4che von 15,5 Prozent im Jahr 2010 auf 40 Prozent im Jahr 2050 ansteigen m\u00fcsste. Gleichzeitig m\u00fcssten degradierte B\u00f6den wiederhergestellt werden, so dass diese schlie\u00dflich acht Prozent der gesamten Landfl\u00e4che ausmachen.<\/p>\n\n\n\n<p>Ambitionierte Anstrengungen f\u00fcr Schutz und Wiederherstellung reichen jedoch allein nicht aus, um den Verlust an Biodiversit\u00e4t umzukehren. Ko-Autor Florian Humpen\u00f6der vom PIK erl\u00e4utert: \u201eEs m\u00fcsste dar\u00fcber hinaus eine umfassende Reform des gesamten Nahrungsmittelsystems stattfinden \u2013 einschlie\u00dflich einer deutlichen Verringerung unserer Lebensmittelabf\u00e4lle, einer nachhaltigeren Intensivierung der Landwirtschaft und einer Verringerung des Anteils tierischer Produkte auf unserem Speiseplan.\u201c<\/p>\n\n\n\n<p>Diese Ergebnisse werden wahrscheinlich auch in den post-2020 \u201eGlobal Biodiversity Framework\u201c der UN einflie\u00dfen, deren Vision es ist, dass Menschen bis 2050 in \u201eHarmonie mit der Natur\u201c leben. \u201eBiodiversit\u00e4t wird nach wie vor durch den Klimawandel, invasive Tier- und Pflanzenarten sowie nicht nachhaltige Jagdpraktiken bedroht\u201c, sagt Ko-Autor Alexander Popp, Leiter der Land-use Management Group am PIK. \u201eAber die Landnutzung und eine Reform unseres Ern\u00e4hrungssystems sind Schl\u00fcsselbedingungen f\u00fcr einen wirksamen Weg zur Erholung.\u201c<\/p>\n\n\n\n<ul class=\"wp-block-list\" id=\"block-3360e446-f039-4d41-bdc0-a9180b8125a8\"><li><strong>Article:<\/strong>&nbsp;Leclere D, Obersteiner M, Barrett M, Butchart SHM, Chaudhary A, De Palma A, DeClerck FAJ, Di Marco M, et al. (2020). Bending the curve of terrestrial biodiversity needs an integrated strategy.&nbsp;<a href=\"https:\/\/www.nature.com\/articles\/s41586-020-2705-y\"><em>Nature.<\/em>&nbsp;DOI: 10.1038\/s41586-020-2705-y<\/a><\/li><\/ul>\n\n\n<h5 class=\"green\">Quelle<\/h5>\r\n\n\n\n<p><a href=\"https:\/\/www.pik-potsdam.de\/de\/aktuelles\/nachrichten\/rettung-der-biodiversitaet-forscher-stellen-ehrgeizigen-plan-vor\">Potsdam-Institut f\u00fcr Klimafolgenforschung 2020<\/a><\/p>\n<div class=\"shariff shariff-align-flex-start shariff-widget-align-flex-start\"><div class=\"ShariffHeadline\">Diese Meldung teilen<\/div><ul class=\"shariff-buttons theme-round orientation-horizontal buttonsize-medium\"><li class=\"shariff-button facebook shariff-nocustomcolor\" style=\"background-color:#4273c8;border-radius:1%\"><a href=\"https:\/\/www.facebook.com\/sharer\/sharer.php?u=https%3A%2F%2Fwww.sonnenseite.com%2Fde%2Fumwelt%2Frettung-der-biodiversitaet-forscher-stellen-ehrgeizigen-plan-vor%2F\" title=\"Bei Facebook teilen\" aria-label=\"Bei Facebook teilen\" role=\"button\" rel=\"nofollow\" class=\"shariff-link\" style=\";border-radius:1%; background-color:#3b5998; color:#fff\" target=\"_blank\"><span class=\"shariff-icon\" style=\"\"><svg width=\"32px\" height=\"20px\" xmlns=\"http:\/\/www.w3.org\/2000\/svg\" viewBox=\"0 0 18 32\"><path fill=\"#3b5998\" d=\"M17.1 0.2v4.7h-2.8q-1.5 0-2.1 0.6t-0.5 1.9v3.4h5.2l-0.7 5.3h-4.5v13.6h-5.5v-13.6h-4.5v-5.3h4.5v-3.9q0-3.3 1.9-5.2t5-1.8q2.6 0 4.1 0.2z\"\/><\/svg><\/span><\/a><\/li><li class=\"shariff-button twitter shariff-nocustomcolor\" style=\"background-color:#595959;border-radius:1%\"><a href=\"https:\/\/twitter.com\/share?url=https%3A%2F%2Fwww.sonnenseite.com%2Fde%2Fumwelt%2Frettung-der-biodiversitaet-forscher-stellen-ehrgeizigen-plan-vor%2F&text=Rettung%20der%20Biodiversit%C3%A4t%3A%20Forscher%20stellen%20ehrgeizigen%20Plan%20vor\" title=\"Bei X teilen\" aria-label=\"Bei X teilen\" role=\"button\" rel=\"noopener nofollow\" class=\"shariff-link\" style=\";border-radius:1%; background-color:#000; color:#fff\" target=\"_blank\"><span class=\"shariff-icon\" style=\"\"><svg width=\"32px\" height=\"20px\" xmlns=\"http:\/\/www.w3.org\/2000\/svg\" viewBox=\"0 0 24 24\"><path fill=\"#000\" d=\"M14.258 10.152L23.176 0h-2.113l-7.747 8.813L7.133 0H0l9.352 13.328L0 23.973h2.113l8.176-9.309 6.531 9.309h7.133zm-2.895 3.293l-.949-1.328L2.875 1.56h3.246l6.086 8.523.945 1.328 7.91 11.078h-3.246zm0 0\"\/><\/svg><\/span><\/a><\/li><li class=\"shariff-button xing shariff-nocustomcolor\" style=\"background-color:#29888a;border-radius:1%\"><a href=\"https:\/\/www.xing.com\/spi\/shares\/new?url=https%3A%2F%2Fwww.sonnenseite.com%2Fde%2Fumwelt%2Frettung-der-biodiversitaet-forscher-stellen-ehrgeizigen-plan-vor%2F\" title=\"Bei XING teilen\" aria-label=\"Bei XING teilen\" role=\"button\" rel=\"noopener nofollow\" class=\"shariff-link\" style=\";border-radius:1%; background-color:#126567; color:#fff\" target=\"_blank\"><span class=\"shariff-icon\" style=\"\"><svg width=\"32px\" height=\"20px\" xmlns=\"http:\/\/www.w3.org\/2000\/svg\" viewBox=\"0 0 25 32\"><path fill=\"#126567\" d=\"M10.7 11.9q-0.2 0.3-4.6 8.2-0.5 0.8-1.2 0.8h-4.3q-0.4 0-0.5-0.3t0-0.6l4.5-8q0 0 0 0l-2.9-5q-0.2-0.4 0-0.7 0.2-0.3 0.5-0.3h4.3q0.7 0 1.2 0.8zM25.1 0.4q0.2 0.3 0 0.7l-9.4 16.7 6 11q0.2 0.4 0 0.6-0.2 0.3-0.6 0.3h-4.3q-0.7 0-1.2-0.8l-6-11.1q0.3-0.6 9.5-16.8 0.4-0.8 1.2-0.8h4.3q0.4 0 0.5 0.3z\"\/><\/svg><\/span><\/a><\/li><li class=\"shariff-button linkedin shariff-nocustomcolor\" style=\"background-color:#1488bf;border-radius:1%\"><a href=\"https:\/\/www.linkedin.com\/sharing\/share-offsite\/?url=https%3A%2F%2Fwww.sonnenseite.com%2Fde%2Fumwelt%2Frettung-der-biodiversitaet-forscher-stellen-ehrgeizigen-plan-vor%2F\" title=\"Bei LinkedIn teilen\" aria-label=\"Bei LinkedIn teilen\" role=\"button\" rel=\"noopener nofollow\" class=\"shariff-link\" style=\";border-radius:1%; background-color:#0077b5; color:#fff\" target=\"_blank\"><span class=\"shariff-icon\" style=\"\"><svg width=\"32px\" height=\"20px\" xmlns=\"http:\/\/www.w3.org\/2000\/svg\" viewBox=\"0 0 27 32\"><path fill=\"#0077b5\" d=\"M6.2 11.2v17.7h-5.9v-17.7h5.9zM6.6 5.7q0 1.3-0.9 2.2t-2.4 0.9h0q-1.5 0-2.4-0.9t-0.9-2.2 0.9-2.2 2.4-0.9 2.4 0.9 0.9 2.2zM27.4 18.7v10.1h-5.9v-9.5q0-1.9-0.7-2.9t-2.3-1.1q-1.1 0-1.9 0.6t-1.2 1.5q-0.2 0.5-0.2 1.4v9.9h-5.9q0-7.1 0-11.6t0-5.3l0-0.9h5.9v2.6h0q0.4-0.6 0.7-1t1-0.9 1.6-0.8 2-0.3q3 0 4.9 2t1.9 6z\"\/><\/svg><\/span><\/a><\/li><li class=\"shariff-button printer shariff-nocustomcolor\" style=\"background-color:#a8a8a8;border-radius:1%\"><a href=\"javascript:window.print()\" title=\"drucken\" aria-label=\"drucken\" role=\"button\" rel=\"noopener nofollow\" class=\"shariff-link\" style=\";border-radius:1%; background-color:#999; color:#fff\"><span class=\"shariff-icon\" style=\"\"><svg width=\"32px\" height=\"20px\" xmlns=\"http:\/\/www.w3.org\/2000\/svg\" viewBox=\"0 0 30 32\"><path fill=\"#999\" d=\"M6.8 27.4h16v-4.6h-16v4.6zM6.8 16h16v-6.8h-2.8q-0.7 0-1.2-0.5t-0.5-1.2v-2.8h-11.4v11.4zM27.4 17.2q0-0.5-0.3-0.8t-0.8-0.4-0.8 0.4-0.3 0.8 0.3 0.8 0.8 0.3 0.8-0.3 0.3-0.8zM29.7 17.2v7.4q0 0.2-0.2 0.4t-0.4 0.2h-4v2.8q0 0.7-0.5 1.2t-1.2 0.5h-17.2q-0.7 0-1.2-0.5t-0.5-1.2v-2.8h-4q-0.2 0-0.4-0.2t-0.2-0.4v-7.4q0-1.4 1-2.4t2.4-1h1.2v-9.7q0-0.7 0.5-1.2t1.2-0.5h12q0.7 0 1.6 0.4t1.3 0.8l2.7 2.7q0.5 0.5 0.9 1.4t0.4 1.6v4.6h1.1q1.4 0 2.4 1t1 2.4z\"\/><\/svg><\/span><\/a><\/li><li class=\"shariff-button mailto shariff-nocustomcolor\" style=\"background-color:#a8a8a8;border-radius:1%\"><a href=\"mailto:?body=https%3A%2F%2Fwww.sonnenseite.com%2Fde%2Fumwelt%2Frettung-der-biodiversitaet-forscher-stellen-ehrgeizigen-plan-vor%2F&subject=Rettung%20der%20Biodiversit%C3%A4t%3A%20Forscher%20stellen%20ehrgeizigen%20Plan%20vor\" title=\"Per E-Mail versenden\" aria-label=\"Per E-Mail versenden\" role=\"button\" rel=\"noopener nofollow\" class=\"shariff-link\" style=\";border-radius:1%; background-color:#999; color:#fff\"><span class=\"shariff-icon\" style=\"\"><svg width=\"32px\" height=\"20px\" xmlns=\"http:\/\/www.w3.org\/2000\/svg\" viewBox=\"0 0 32 32\"><path fill=\"#999\" d=\"M32 12.7v14.2q0 1.2-0.8 2t-2 0.9h-26.3q-1.2 0-2-0.9t-0.8-2v-14.2q0.8 0.9 1.8 1.6 6.5 4.4 8.9 6.1 1 0.8 1.6 1.2t1.7 0.9 2 0.4h0.1q0.9 0 2-0.4t1.7-0.9 1.6-1.2q3-2.2 8.9-6.1 1-0.7 1.8-1.6zM32 7.4q0 1.4-0.9 2.7t-2.2 2.2q-6.7 4.7-8.4 5.8-0.2 0.1-0.7 0.5t-1 0.7-0.9 0.6-1.1 0.5-0.9 0.2h-0.1q-0.4 0-0.9-0.2t-1.1-0.5-0.9-0.6-1-0.7-0.7-0.5q-1.6-1.1-4.7-3.2t-3.6-2.6q-1.1-0.7-2.1-2t-1-2.5q0-1.4 0.7-2.3t2.1-0.9h26.3q1.2 0 2 0.8t0.9 2z\"\/><\/svg><\/span><\/a><\/li><\/ul><\/div>","protected":false},"excerpt":{"rendered":"<p>Dem Aussterben von Tier- und Pflanzenarten k\u00f6nnte bis 2050 Einhalt geboten werden \u2013 indem man zwei [&hellip;]<\/p>\n","protected":false},"author":3,"featured_media":62577,"comment_status":"closed","ping_status":"closed","sticky":false,"template":"","format":"standard","meta":{"inline_featured_image":false,"footnotes":""},"categories":[23],"tags":[],"class_list":["post-62575","post","type-post","status-publish","format-standard","has-post-thumbnail","hentry","category-umwelt"],"yoast_head":"<!-- This site is optimized with the Yoast SEO plugin v26.5 - https:\/\/yoast.com\/wordpress\/plugins\/seo\/ -->\n<title>Rettung der Biodiversit\u00e4t: Forscher stellen ehrgeizigen Plan vor - Sonnenseite - \u00d6kologische Kommunikation mit Franz Alt<\/title>\n<meta name=\"description\" content=\"Dem Aussterben von Tier- und Pflanzenarten k\u00f6nnte bis 2050 Einhalt geboten werden \u2013 indem man zwei Dinge tut: in besseres Landnutzungsmanagement\" \/>\n<meta name=\"robots\" content=\"index, follow, max-snippet:-1, max-image-preview:large, max-video-preview:-1\" \/>\n<link rel=\"canonical\" href=\"https:\/\/www.sonnenseite.com\/de\/umwelt\/rettung-der-biodiversitaet-forscher-stellen-ehrgeizigen-plan-vor\/\" \/>\n<meta property=\"og:locale\" content=\"de_DE\" \/>\n<meta property=\"og:type\" content=\"article\" \/>\n<meta property=\"og:title\" content=\"Rettung der Biodiversit\u00e4t: Forscher stellen ehrgeizigen Plan vor - Sonnenseite - \u00d6kologische Kommunikation mit Franz Alt\" \/>\n<meta property=\"og:description\" content=\"Dem Aussterben von Tier- und Pflanzenarten k\u00f6nnte bis 2050 Einhalt geboten werden \u2013 indem man zwei Dinge tut: in besseres Landnutzungsmanagement\" \/>\n<meta property=\"og:url\" content=\"https:\/\/www.sonnenseite.com\/de\/umwelt\/rettung-der-biodiversitaet-forscher-stellen-ehrgeizigen-plan-vor\/\" \/>\n<meta property=\"og:site_name\" content=\"Sonnenseite\" \/>\n<meta property=\"article:publisher\" content=\"https:\/\/www.facebook.com\/pages\/Franz-Alt-SONNENSEITECOM\/221072987903953?fref=ts\" \/>\n<meta property=\"article:published_time\" content=\"2020-09-12T01:50:00+00:00\" \/>\n<meta property=\"article:modified_time\" content=\"2020-09-14T06:26:18+00:00\" \/>\n<meta property=\"og:image\" content=\"https:\/\/www.sonnenseite.com\/wp-content\/uploads\/2020\/09\/Kamelion_PeterKraayvanger.jpg\" \/>\n\t<meta property=\"og:image:width\" content=\"770\" \/>\n\t<meta property=\"og:image:height\" content=\"420\" \/>\n\t<meta property=\"og:image:type\" content=\"image\/jpeg\" \/>\n<meta name=\"author\" content=\"Bigi Alt\" \/>\n<meta name=\"twitter:card\" content=\"summary_large_image\" \/>\n<meta name=\"twitter:creator\" content=\"@franzalt\" \/>\n<meta name=\"twitter:site\" content=\"@franzalt\" \/>\n<meta name=\"twitter:label1\" content=\"Verfasst von\" \/>\n\t<meta name=\"twitter:data1\" content=\"Bigi Alt\" \/>\n\t<meta name=\"twitter:label2\" content=\"Gesch\u00e4tzte Lesezeit\" \/>\n\t<meta name=\"twitter:data2\" content=\"3\u00a0Minuten\" \/>\n<script type=\"application\/ld+json\" class=\"yoast-schema-graph\">{\"@context\":\"https:\/\/schema.org\",\"@graph\":[{\"@type\":\"Article\",\"@id\":\"https:\/\/www.sonnenseite.com\/de\/umwelt\/rettung-der-biodiversitaet-forscher-stellen-ehrgeizigen-plan-vor\/#article\",\"isPartOf\":{\"@id\":\"https:\/\/www.sonnenseite.com\/de\/umwelt\/rettung-der-biodiversitaet-forscher-stellen-ehrgeizigen-plan-vor\/\"},\"author\":{\"name\":\"Bigi Alt\",\"@id\":\"https:\/\/www.sonnenseite.com\/de\/#\/schema\/person\/50fda0e926597684c7cc6695238a4eb9\"},\"headline\":\"Rettung der Biodiversit\u00e4t: Forscher stellen ehrgeizigen Plan vor\",\"datePublished\":\"2020-09-12T01:50:00+00:00\",\"dateModified\":\"2020-09-14T06:26:18+00:00\",\"mainEntityOfPage\":{\"@id\":\"https:\/\/www.sonnenseite.com\/de\/umwelt\/rettung-der-biodiversitaet-forscher-stellen-ehrgeizigen-plan-vor\/\"},\"wordCount\":532,\"publisher\":{\"@id\":\"https:\/\/www.sonnenseite.com\/de\/#organization\"},\"image\":{\"@id\":\"https:\/\/www.sonnenseite.com\/de\/umwelt\/rettung-der-biodiversitaet-forscher-stellen-ehrgeizigen-plan-vor\/#primaryimage\"},\"thumbnailUrl\":\"https:\/\/www.sonnenseite.com\/wp-content\/uploads\/2020\/09\/Kamelion_PeterKraayvanger.jpg\",\"articleSection\":[\"Umwelt\"],\"inLanguage\":\"de\"},{\"@type\":\"WebPage\",\"@id\":\"https:\/\/www.sonnenseite.com\/de\/umwelt\/rettung-der-biodiversitaet-forscher-stellen-ehrgeizigen-plan-vor\/\",\"url\":\"https:\/\/www.sonnenseite.com\/de\/umwelt\/rettung-der-biodiversitaet-forscher-stellen-ehrgeizigen-plan-vor\/\",\"name\":\"Rettung der Biodiversit\u00e4t: Forscher stellen ehrgeizigen Plan vor - Sonnenseite - \u00d6kologische Kommunikation mit Franz Alt\",\"isPartOf\":{\"@id\":\"https:\/\/www.sonnenseite.com\/de\/#website\"},\"primaryImageOfPage\":{\"@id\":\"https:\/\/www.sonnenseite.com\/de\/umwelt\/rettung-der-biodiversitaet-forscher-stellen-ehrgeizigen-plan-vor\/#primaryimage\"},\"image\":{\"@id\":\"https:\/\/www.sonnenseite.com\/de\/umwelt\/rettung-der-biodiversitaet-forscher-stellen-ehrgeizigen-plan-vor\/#primaryimage\"},\"thumbnailUrl\":\"https:\/\/www.sonnenseite.com\/wp-content\/uploads\/2020\/09\/Kamelion_PeterKraayvanger.jpg\",\"datePublished\":\"2020-09-12T01:50:00+00:00\",\"dateModified\":\"2020-09-14T06:26:18+00:00\",\"description\":\"Dem Aussterben von Tier- und Pflanzenarten k\u00f6nnte bis 2050 Einhalt geboten werden \u2013 indem man zwei Dinge tut: in besseres Landnutzungsmanagement\",\"breadcrumb\":{\"@id\":\"https:\/\/www.sonnenseite.com\/de\/umwelt\/rettung-der-biodiversitaet-forscher-stellen-ehrgeizigen-plan-vor\/#breadcrumb\"},\"inLanguage\":\"de\",\"potentialAction\":[{\"@type\":\"ReadAction\",\"target\":[\"https:\/\/www.sonnenseite.com\/de\/umwelt\/rettung-der-biodiversitaet-forscher-stellen-ehrgeizigen-plan-vor\/\"]}]},{\"@type\":\"ImageObject\",\"inLanguage\":\"de\",\"@id\":\"https:\/\/www.sonnenseite.com\/de\/umwelt\/rettung-der-biodiversitaet-forscher-stellen-ehrgeizigen-plan-vor\/#primaryimage\",\"url\":\"https:\/\/www.sonnenseite.com\/wp-content\/uploads\/2020\/09\/Kamelion_PeterKraayvanger.jpg\",\"contentUrl\":\"https:\/\/www.sonnenseite.com\/wp-content\/uploads\/2020\/09\/Kamelion_PeterKraayvanger.jpg\",\"width\":770,\"height\":420,\"caption\":\"pixabay.com |Peter Kraayvanger | Kamelion\"},{\"@type\":\"BreadcrumbList\",\"@id\":\"https:\/\/www.sonnenseite.com\/de\/umwelt\/rettung-der-biodiversitaet-forscher-stellen-ehrgeizigen-plan-vor\/#breadcrumb\",\"itemListElement\":[{\"@type\":\"ListItem\",\"position\":1,\"name\":\"Startseite\",\"item\":\"https:\/\/www.sonnenseite.com\/de\/\"},{\"@type\":\"ListItem\",\"position\":2,\"name\":\"Rettung der Biodiversit\u00e4t: Forscher stellen ehrgeizigen Plan vor\"}]},{\"@type\":\"WebSite\",\"@id\":\"https:\/\/www.sonnenseite.com\/de\/#website\",\"url\":\"https:\/\/www.sonnenseite.com\/de\/\",\"name\":\"Sonnenseite\",\"description\":\"\u00d6kologische Kommunikation mit Franz Alt\",\"publisher\":{\"@id\":\"https:\/\/www.sonnenseite.com\/de\/#organization\"},\"potentialAction\":[{\"@type\":\"SearchAction\",\"target\":{\"@type\":\"EntryPoint\",\"urlTemplate\":\"https:\/\/www.sonnenseite.com\/de\/?s={search_term_string}\"},\"query-input\":{\"@type\":\"PropertyValueSpecification\",\"valueRequired\":true,\"valueName\":\"search_term_string\"}}],\"inLanguage\":\"de\"},{\"@type\":\"Organization\",\"@id\":\"https:\/\/www.sonnenseite.com\/de\/#organization\",\"name\":\"Sonnenseite\",\"url\":\"https:\/\/www.sonnenseite.com\/de\/\",\"logo\":{\"@type\":\"ImageObject\",\"inLanguage\":\"de\",\"@id\":\"https:\/\/www.sonnenseite.com\/de\/#\/schema\/logo\/image\/\",\"url\":\"https:\/\/www.sonnenseite.com\/wp-content\/uploads\/2020\/05\/Sonnenseite_Logo.png\",\"contentUrl\":\"https:\/\/www.sonnenseite.com\/wp-content\/uploads\/2020\/05\/Sonnenseite_Logo.png\",\"width\":377,\"height\":90,\"caption\":\"Sonnenseite\"},\"image\":{\"@id\":\"https:\/\/www.sonnenseite.com\/de\/#\/schema\/logo\/image\/\"},\"sameAs\":[\"https:\/\/www.facebook.com\/pages\/Franz-Alt-SONNENSEITECOM\/221072987903953?fref=ts\",\"https:\/\/x.com\/franzalt\",\"http:\/\/www.youtube.com\/results?search_query&amp;amp;quot;franz_alt&amp;amp;quot;&amp;amp;amp;amp;search_type&amp;amp;amp;amp;aq=f\"]},{\"@type\":\"Person\",\"@id\":\"https:\/\/www.sonnenseite.com\/de\/#\/schema\/person\/50fda0e926597684c7cc6695238a4eb9\",\"name\":\"Bigi Alt\"}]}<\/script>\n<!-- \/ Yoast SEO plugin. -->","yoast_head_json":{"title":"Rettung der Biodiversit\u00e4t: Forscher stellen ehrgeizigen Plan vor - Sonnenseite - \u00d6kologische Kommunikation mit Franz Alt","description":"Dem Aussterben von Tier- und Pflanzenarten k\u00f6nnte bis 2050 Einhalt geboten werden \u2013 indem man zwei Dinge tut: in besseres Landnutzungsmanagement","robots":{"index":"index","follow":"follow","max-snippet":"max-snippet:-1","max-image-preview":"max-image-preview:large","max-video-preview":"max-video-preview:-1"},"canonical":"https:\/\/www.sonnenseite.com\/de\/umwelt\/rettung-der-biodiversitaet-forscher-stellen-ehrgeizigen-plan-vor\/","og_locale":"de_DE","og_type":"article","og_title":"Rettung der Biodiversit\u00e4t: Forscher stellen ehrgeizigen Plan vor - Sonnenseite - \u00d6kologische Kommunikation mit Franz Alt","og_description":"Dem Aussterben von Tier- und Pflanzenarten k\u00f6nnte bis 2050 Einhalt geboten werden \u2013 indem man zwei Dinge tut: in besseres Landnutzungsmanagement","og_url":"https:\/\/www.sonnenseite.com\/de\/umwelt\/rettung-der-biodiversitaet-forscher-stellen-ehrgeizigen-plan-vor\/","og_site_name":"Sonnenseite","article_publisher":"https:\/\/www.facebook.com\/pages\/Franz-Alt-SONNENSEITECOM\/221072987903953?fref=ts","article_published_time":"2020-09-12T01:50:00+00:00","article_modified_time":"2020-09-14T06:26:18+00:00","og_image":[{"width":770,"height":420,"url":"https:\/\/www.sonnenseite.com\/wp-content\/uploads\/2020\/09\/Kamelion_PeterKraayvanger.jpg","type":"image\/jpeg"}],"author":"Bigi Alt","twitter_card":"summary_large_image","twitter_creator":"@franzalt","twitter_site":"@franzalt","twitter_misc":{"Verfasst von":"Bigi Alt","Gesch\u00e4tzte Lesezeit":"3\u00a0Minuten"},"schema":{"@context":"https:\/\/schema.org","@graph":[{"@type":"Article","@id":"https:\/\/www.sonnenseite.com\/de\/umwelt\/rettung-der-biodiversitaet-forscher-stellen-ehrgeizigen-plan-vor\/#article","isPartOf":{"@id":"https:\/\/www.sonnenseite.com\/de\/umwelt\/rettung-der-biodiversitaet-forscher-stellen-ehrgeizigen-plan-vor\/"},"author":{"name":"Bigi Alt","@id":"https:\/\/www.sonnenseite.com\/de\/#\/schema\/person\/50fda0e926597684c7cc6695238a4eb9"},"headline":"Rettung der Biodiversit\u00e4t: Forscher stellen ehrgeizigen Plan vor","datePublished":"2020-09-12T01:50:00+00:00","dateModified":"2020-09-14T06:26:18+00:00","mainEntityOfPage":{"@id":"https:\/\/www.sonnenseite.com\/de\/umwelt\/rettung-der-biodiversitaet-forscher-stellen-ehrgeizigen-plan-vor\/"},"wordCount":532,"publisher":{"@id":"https:\/\/www.sonnenseite.com\/de\/#organization"},"image":{"@id":"https:\/\/www.sonnenseite.com\/de\/umwelt\/rettung-der-biodiversitaet-forscher-stellen-ehrgeizigen-plan-vor\/#primaryimage"},"thumbnailUrl":"https:\/\/www.sonnenseite.com\/wp-content\/uploads\/2020\/09\/Kamelion_PeterKraayvanger.jpg","articleSection":["Umwelt"],"inLanguage":"de"},{"@type":"WebPage","@id":"https:\/\/www.sonnenseite.com\/de\/umwelt\/rettung-der-biodiversitaet-forscher-stellen-ehrgeizigen-plan-vor\/","url":"https:\/\/www.sonnenseite.com\/de\/umwelt\/rettung-der-biodiversitaet-forscher-stellen-ehrgeizigen-plan-vor\/","name":"Rettung der Biodiversit\u00e4t: Forscher stellen ehrgeizigen Plan vor - Sonnenseite - \u00d6kologische Kommunikation mit Franz Alt","isPartOf":{"@id":"https:\/\/www.sonnenseite.com\/de\/#website"},"primaryImageOfPage":{"@id":"https:\/\/www.sonnenseite.com\/de\/umwelt\/rettung-der-biodiversitaet-forscher-stellen-ehrgeizigen-plan-vor\/#primaryimage"},"image":{"@id":"https:\/\/www.sonnenseite.com\/de\/umwelt\/rettung-der-biodiversitaet-forscher-stellen-ehrgeizigen-plan-vor\/#primaryimage"},"thumbnailUrl":"https:\/\/www.sonnenseite.com\/wp-content\/uploads\/2020\/09\/Kamelion_PeterKraayvanger.jpg","datePublished":"2020-09-12T01:50:00+00:00","dateModified":"2020-09-14T06:26:18+00:00","description":"Dem Aussterben von Tier- und Pflanzenarten k\u00f6nnte bis 2050 Einhalt geboten werden \u2013 indem man zwei Dinge tut: in besseres Landnutzungsmanagement","breadcrumb":{"@id":"https:\/\/www.sonnenseite.com\/de\/umwelt\/rettung-der-biodiversitaet-forscher-stellen-ehrgeizigen-plan-vor\/#breadcrumb"},"inLanguage":"de","potentialAction":[{"@type":"ReadAction","target":["https:\/\/www.sonnenseite.com\/de\/umwelt\/rettung-der-biodiversitaet-forscher-stellen-ehrgeizigen-plan-vor\/"]}]},{"@type":"ImageObject","inLanguage":"de","@id":"https:\/\/www.sonnenseite.com\/de\/umwelt\/rettung-der-biodiversitaet-forscher-stellen-ehrgeizigen-plan-vor\/#primaryimage","url":"https:\/\/www.sonnenseite.com\/wp-content\/uploads\/2020\/09\/Kamelion_PeterKraayvanger.jpg","contentUrl":"https:\/\/www.sonnenseite.com\/wp-content\/uploads\/2020\/09\/Kamelion_PeterKraayvanger.jpg","width":770,"height":420,"caption":"pixabay.com |Peter Kraayvanger | Kamelion"},{"@type":"BreadcrumbList","@id":"https:\/\/www.sonnenseite.com\/de\/umwelt\/rettung-der-biodiversitaet-forscher-stellen-ehrgeizigen-plan-vor\/#breadcrumb","itemListElement":[{"@type":"ListItem","position":1,"name":"Startseite","item":"https:\/\/www.sonnenseite.com\/de\/"},{"@type":"ListItem","position":2,"name":"Rettung der Biodiversit\u00e4t: Forscher stellen ehrgeizigen Plan vor"}]},{"@type":"WebSite","@id":"https:\/\/www.sonnenseite.com\/de\/#website","url":"https:\/\/www.sonnenseite.com\/de\/","name":"Sonnenseite","description":"\u00d6kologische Kommunikation mit Franz Alt","publisher":{"@id":"https:\/\/www.sonnenseite.com\/de\/#organization"},"potentialAction":[{"@type":"SearchAction","target":{"@type":"EntryPoint","urlTemplate":"https:\/\/www.sonnenseite.com\/de\/?s={search_term_string}"},"query-input":{"@type":"PropertyValueSpecification","valueRequired":true,"valueName":"search_term_string"}}],"inLanguage":"de"},{"@type":"Organization","@id":"https:\/\/www.sonnenseite.com\/de\/#organization","name":"Sonnenseite","url":"https:\/\/www.sonnenseite.com\/de\/","logo":{"@type":"ImageObject","inLanguage":"de","@id":"https:\/\/www.sonnenseite.com\/de\/#\/schema\/logo\/image\/","url":"https:\/\/www.sonnenseite.com\/wp-content\/uploads\/2020\/05\/Sonnenseite_Logo.png","contentUrl":"https:\/\/www.sonnenseite.com\/wp-content\/uploads\/2020\/05\/Sonnenseite_Logo.png","width":377,"height":90,"caption":"Sonnenseite"},"image":{"@id":"https:\/\/www.sonnenseite.com\/de\/#\/schema\/logo\/image\/"},"sameAs":["https:\/\/www.facebook.com\/pages\/Franz-Alt-SONNENSEITECOM\/221072987903953?fref=ts","https:\/\/x.com\/franzalt","http:\/\/www.youtube.com\/results?search_query&amp;amp;quot;franz_alt&amp;amp;quot;&amp;amp;amp;amp;search_type&amp;amp;amp;amp;aq=f"]},{"@type":"Person","@id":"https:\/\/www.sonnenseite.com\/de\/#\/schema\/person\/50fda0e926597684c7cc6695238a4eb9","name":"Bigi Alt"}]}},"_links":{"self":[{"href":"https:\/\/www.sonnenseite.com\/de\/wp-json\/wp\/v2\/posts\/62575","targetHints":{"allow":["GET"]}}],"collection":[{"href":"https:\/\/www.sonnenseite.com\/de\/wp-json\/wp\/v2\/posts"}],"about":[{"href":"https:\/\/www.sonnenseite.com\/de\/wp-json\/wp\/v2\/types\/post"}],"author":[{"embeddable":true,"href":"https:\/\/www.sonnenseite.com\/de\/wp-json\/wp\/v2\/users\/3"}],"replies":[{"embeddable":true,"href":"https:\/\/www.sonnenseite.com\/de\/wp-json\/wp\/v2\/comments?post=62575"}],"version-history":[{"count":7,"href":"https:\/\/www.sonnenseite.com\/de\/wp-json\/wp\/v2\/posts\/62575\/revisions"}],"predecessor-version":[{"id":62594,"href":"https:\/\/www.sonnenseite.com\/de\/wp-json\/wp\/v2\/posts\/62575\/revisions\/62594"}],"wp:featuredmedia":[{"embeddable":true,"href":"https:\/\/www.sonnenseite.com\/de\/wp-json\/wp\/v2\/media\/62577"}],"wp:attachment":[{"href":"https:\/\/www.sonnenseite.com\/de\/wp-json\/wp\/v2\/media?parent=62575"}],"wp:term":[{"taxonomy":"category","embeddable":true,"href":"https:\/\/www.sonnenseite.com\/de\/wp-json\/wp\/v2\/categories?post=62575"},{"taxonomy":"post_tag","embeddable":true,"href":"https:\/\/www.sonnenseite.com\/de\/wp-json\/wp\/v2\/tags?post=62575"}],"curies":[{"name":"wp","href":"https:\/\/api.w.org\/{rel}","templated":true}]}}